{"id":123425,"date":"2025-03-20T15:15:15","date_gmt":"2025-03-20T12:15:15","guid":{"rendered":"https:\/\/buletin.de\/bucuresti\/?p=123425"},"modified":"2025-03-20T16:03:33","modified_gmt":"2025-03-20T13:03:33","slug":"primarul-sectorului-6-atacat-de-candidatul-pnl-psd-la-prezidentiale-eu-cred-ca-domnul-ciucu-minte","status":"publish","type":"post","link":"https:\/\/buletin.de\/bucuresti\/primarul-sectorului-6-atacat-de-candidatul-pnl-psd-la-prezidentiale-eu-cred-ca-domnul-ciucu-minte\/","title":{"rendered":"Primarul Sectorului 6, atacat de candidatul PNL-PSD la preziden\u021biale: \u201eEu cred c\u0103 domnul Ciucu minte\u201d"},"content":{"rendered":"\n<p><strong>Candidatul PNL-PSD la preziden\u021biale, Crin Antonescu, a afirmat joi c\u0103 Ilie Bolojan i-a propus s\u0103 intre \u00een aceast\u0103 curs\u0103 din partea coali\u0163iei \u0219i l-a acuzat pe primarul Sectorului 6, Ciprian Ciucu,<\/strong> <strong>c\u0103 a min\u021bit \u00een leg\u0103tur\u0103 cu motivul pentru care pre\u0219edintele interimar nu candideaz\u0103 la alegerile din mai, scrie <a href=\"https:\/\/agerpres.ro\/2025\/03\/20\/prezidentiale2025-antonescu-eu-cred-ca-ciprian-ciucu-minte-nu-a-cerut-ilie-bolojan-sa-candideze-nu-a--1432745\">Agerpres<\/a>. \u00cen urm\u0103 cu dou\u0103 zile, Ciucu a declarat, pe Facebook, c\u0103 Bolojan nu a candidat pentru c\u0103 s-ar fi opus liderul PSD, Marcel Ciolacu.<\/strong><\/p>\n\n\n\n<p><em>\u201eOri domnul Ciucu minte, ori domnul Bolojan minte. Eu cred c\u0103 domnul Ciucu minte. Nu a cerut domnul Bolojan s\u0103 candideze, nu a respins domnul Ciolacu chestiunea asta, nici nu era \u00een m\u0103sur\u0103 s-o fac\u0103\u201d<\/em>, a declarat Antonescu joi, \u00eentr-o conferin\u021b\u0103 de pres\u0103.<\/p>\n\n\n\n<p><em>\u201eDeci, s\u0103 se l\u0103mureasc\u0103 cine minte. Cere\u021bi-i p\u0103rerea domnului Bolojan, eu asta v\u0103 spun. Eu \u0219tiu doar c\u0103 domnul Bolojan este cel care a venit \u0219i \u00een numele celorlal\u021bi colegi, dup\u0103 aceea \u00eempreun\u0103 cu ei a propus aceast\u0103 candidatur\u0103 a mea\u201d<\/em>, a ad\u0103ugat candidatul.<\/p>\n\n\n\n<p>\u00centrebat dac\u0103 se va destr\u0103ma coali\u021bia de guvernare \u00een cazul \u00een care pierde alegerile, Crin Antonescu a spus c\u0103 acest scenariu este posibil, dar c\u0103 nu e \u201etema\u201d lui: <em>\u201eEu cred c\u0103 da, dar nu asta este problema mea. Sunt de acord \u00een principiu cu analiza politic\u0103, dar nu e asta tema mea, eu nu candidez pentru o coali\u021bie de guvernare, candidez pentru Rom\u00e2nia\u201d<\/em>.<\/p>\n\n\n\n<p>\u00centrebat de jurnali\u0219ti cine ar trebui s\u0103 deconteze un posibil e\u015fec al s\u0103u, candidatul PNL-PSD a r\u0103spuns: \u201eDar un posibil e\u015fec al lui Nicu\u015for Dan cine \u00eel deconteaz\u0103? La un posibil e\u015fec al doamnei Lasconi cine deconteaz\u0103? La un posibil e\u015fec al domnului Simion cine deconteaz\u0103? Verifica\u0163i-le pe astea \u015fi dup\u0103 m\u0103 mai \u00eentreba\u0163i\u201d.<\/p>\n\n\n\n<p><strong>Cite\u0219te mai multe pe <a href=\"https:\/\/agerpres.ro\/2025\/03\/20\/prezidentiale2025-antonescu-eu-cred-ca-ciprian-ciucu-minte-nu-a-cerut-ilie-bolojan-sa-candideze-nu-a--1432745\">Agerpres<\/a>.<\/strong><\/p>\n\n\n\n<p><strong>CITE\u0218TE \u0218I:<\/strong> <strong><a href=\"https:\/\/buletin.de\/bucuresti\/perchezitii-in-bucuresti-si-alte-noua-judete-intr-un-dosar-de-coruperea-alegatorilor-sunt-vizati-influenceri-precum-bogpr-si-makaveli\/\">Perchezi\u0163ii \u00een Bucure\u015fti \u015fi alte nou\u0103 jude\u0163e, \u00eentr-un dosar de coruperea aleg\u0103torilor. Sunt viza\u0163i influenceri precum bogpr \u015fi Makaveli<\/a><\/strong><\/p>\n\n\n\n<h2 class=\"wp-block-heading\" id=\"h-ciolacu-nu-m-am-opus-niciodata\">Ciolacu: \u201eNu m-am opus niciodat\u0103\u201d<\/h2>\n\n\n\n<p>Marcel Ciolacu a negat c\u0103 s-ar fi opus candidaturii lui Ilie Bolojan pentru preziden\u021biale. Liderul PSD a declarat c\u0103, \u00een timpul negocierilor nu s-a discutat un astfel de scenariu, a\u0219a cum a precizat Ciprian Ciucu.<\/p>\n\n\n\n<p><em>\u201eNu m-am opus niciodat\u0103. Mie nu mi-a spus niciodat\u0103 c\u0103 vrea s\u0103 candideze. Eu vorbesc cu dumnealui, nu al\u021bii. Nu mi-a cerut niciodat\u0103 schimbarea acordului\u201d<\/em>, a declarat Ciolacu \u00eentr-o conferin\u021b\u0103 de pres\u0103, citat de <a href=\"https:\/\/www.digi24.ro\/alegeri-prezidentiale-2025\/marcel-ciolacu-neaga-ca-s-ar-fi-opus-candidaturii-lui-ilie-bolojan-la-prezidentiale-reactia-lui-crin-antonescu-3165179\">Digi24<\/a>.<\/p>\n\n\n\n<figure class=\"wp-block-image size-full\"><a href=\"https:\/\/buletin.de\/bucuresti\/wp-content\/uploads\/2025\/03\/comentariu-ciucu.jpeg\"><img fetchpriority=\"high\" decoding=\"async\" width=\"739\" height=\"431\" src=\"data:image\/gif;base64,R0lGODlhAQABAAAAACH5BAEKAAEALAAAAAABAAEAAAICTAEAOw==\" data-src=\"https:\/\/buletin.de\/bucuresti\/wp-content\/uploads\/2025\/03\/comentariu-ciucu.jpeg\" alt=\"Primarul Sectorului 6, atacat\" class=\"wp-image-123428 lazyload\" data-sizes=\"auto\" data-srcset=\"https:\/\/buletin.de\/bucuresti\/wp-content\/uploads\/2025\/03\/comentariu-ciucu.jpeg 739w, https:\/\/buletin.de\/bucuresti\/wp-content\/uploads\/2025\/03\/comentariu-ciucu-300x175.jpeg 300w, https:\/\/buletin.de\/bucuresti\/wp-content\/uploads\/2025\/03\/comentariu-ciucu-600x350.jpeg 600w, https:\/\/buletin.de\/bucuresti\/wp-content\/uploads\/2025\/03\/comentariu-ciucu-20x12.jpeg 20w\" sizes=\"(max-width: 739px) 100vw, 739px\" \/><\/a><\/figure>\n\n\n\n<p><em>\u201ePrin refuzul lui Ilie Bolojan de a candida pentru a nu arunca coali\u021bia \u00een aer \u0219i a aduce instabilitate guvernamental\u0103 \u00eenainte de alegeri, \u00een acest context interna\u021bional dificil. Ciolacu nu a fost de acord, deci nu a riscat aceast\u0103 aventur\u0103\u201d<\/em>, i-a r\u0103spuns Ciucu, pe Facebook, unui utilizator care a \u00eentrebat cum \u00ee\u0219i explic\u0103 <em>\u201ealegerea candidatului PNL, scos din dulapul plin de molii USL, \u00een detrimentul domnului Bolojan\u201d<\/em>.<\/p>\n\n\n\n<div class=\"wp-block-buttons is-content-justification-center is-layout-flex wp-container-core-buttons-is-layout-16018d1d wp-block-buttons-is-layout-flex\">\n<div class=\"wp-block-button has-custom-width wp-block-button__width-100\"><a class=\"wp-block-button__link wp-element-button\" href=\"https:\/\/www.patreon.com\/BuletinDeBucuresti\"><strong>Sus\u021bine Buletin de Bucure\u0219ti pentru investiga\u021bii, reportaje \u0219i \u0219tiri Locale<\/strong><\/a><\/div>\n<\/div>\n\n\n\n<p><strong>CITE\u0218TE \u0218I:<\/strong> <strong><a href=\"https:\/\/buletin.de\/bucuresti\/de-unde-atata-rea-vointa-din-partea-unor-ong-uri-ce-spun-locuitorii-din-greenfield-despre-drumul-prin-padurea-baneasa\/\">\u201eDe unde at\u00e2ta rea-voin\u021b\u0103 din partea unor ONG-uri?\u201d. Ce spun locuitorii din Greenfield despre drumul prin P\u0103durea B\u0103neasa<\/a><\/strong><\/p>\n","protected":false},"excerpt":{"rendered":"<p>Candidatul PNL-PSD la preziden\u021biale, Crin Antonescu, a afirmat joi c\u0103 Ilie Bolojan i-a propus s\u0103 intre \u00een aceast\u0103 curs\u0103 din partea coali\u0163iei \u0219i l-a acuzat pe primarul Sectorului 6, Ciprian Ciucu, c\u0103 a min\u021bit \u00een leg\u0103tur\u0103 cu motivul pentru care pre\u0219edintele interimar nu candideaz\u0103 la alegerile din mai, scrie Agerpres. \u00cen urm\u0103 cu dou\u0103 zile, [&hellip;]<\/p>\n","protected":false},"author":1,"featured_media":123435,"comment_status":"closed","ping_status":"open","sticky":false,"template":"","format":"standard","meta":{"_acf_changed":false,"inline_featured_image":false,"ngg_post_thumbnail":0,"footnotes":""},"categories":[6994,9025,62],"tags":[19716,9,224,2054,18207,17747,2608,762,14373,65],"ppma_author":[22583],"class_list":["post-123425","post","type-post","status-publish","format-standard","has-post-thumbnail","hentry","category-stiri-2","category-politic","category-stiri","tag-alegerile-prezidentiale","tag-bucuresti","tag-candidat","tag-capitala","tag-crin-antonescu","tag-ilie-bolojan","tag-marcel-ciolacu","tag-pnl","tag-primarul-sectorului-6","tag-psd"],"acf":[],"yoast_head":"<!-- This site is optimized with the Yoast SEO Premium plugin v25.3 (Yoast SEO v27.4) - https:\/\/yoast.com\/product\/yoast-seo-premium-wordpress\/ -->\n<title>Primarul Sectorului 6, atacat de candidatul PNL-PSD la preziden\u021biale: \u201eEu cred c\u0103 domnul Ciucu minte\u201d - Buletin de Bucure\u0219ti<\/title>\n<meta name=\"description\" content=\"Primarul Sectorului 6, atacat de candidatul PNL-PSD la preziden\u021biale, Crin Antonescu: \u201eEu cred c\u0103 domnul Ciucu minte\u201d\" \/>\n<meta name=\"robots\" content=\"index, follow, max-snippet:-1, max-image-preview:large, max-video-preview:-1\" \/>\n<link rel=\"canonical\" href=\"https:\/\/buletin.de\/bucuresti\/primarul-sectorului-6-atacat-de-candidatul-pnl-psd-la-prezidentiale-eu-cred-ca-domnul-ciucu-minte\/\" \/>\n<meta property=\"og:locale\" content=\"en_GB\" \/>\n<meta property=\"og:type\" content=\"article\" \/>\n<meta property=\"og:title\" content=\"Primarul Sectorului 6, atacat de candidatul PNL-PSD la preziden\u021biale: \u201eEu cred c\u0103 domnul Ciucu minte\u201d\" \/>\n<meta property=\"og:description\" content=\"Primarul Sectorului 6, atacat de candidatul PNL-PSD la preziden\u021biale, Crin Antonescu: \u201eEu cred c\u0103 domnul Ciucu minte\u201d\" \/>\n<meta property=\"og:url\" content=\"https:\/\/buletin.de\/bucuresti\/primarul-sectorului-6-atacat-de-candidatul-pnl-psd-la-prezidentiale-eu-cred-ca-domnul-ciucu-minte\/\" \/>\n<meta property=\"og:site_name\" content=\"Buletin de Bucure\u0219ti\" \/>\n<meta property=\"article:publisher\" content=\"https:\/\/www.facebook.com\/buletin.de.buc\" \/>\n<meta property=\"article:published_time\" content=\"2025-03-20T12:15:15+00:00\" \/>\n<meta property=\"article:modified_time\" content=\"2025-03-20T13:03:33+00:00\" \/>\n<meta property=\"og:image\" content=\"https:\/\/buletin.de\/bucuresti\/wp-content\/uploads\/2025\/03\/Untitled-design-14.png\" \/>\n\t<meta property=\"og:image:width\" content=\"1400\" \/>\n\t<meta property=\"og:image:height\" content=\"900\" \/>\n\t<meta property=\"og:image:type\" content=\"image\/png\" \/>\n<meta name=\"author\" content=\"Redac\u021bia Buletin de Bucure\u0219ti\" \/>\n<meta name=\"twitter:card\" content=\"summary_large_image\" \/>\n<meta name=\"twitter:label1\" content=\"Written by\" \/>\n\t<meta name=\"twitter:data1\" content=\"Redac\u021bia Buletin de Bucure\u0219ti\" \/>\n\t<meta name=\"twitter:label2\" content=\"Estimated reading time\" \/>\n\t<meta name=\"twitter:data2\" content=\"3 minutes\" \/>\n<script type=\"application\/ld+json\" class=\"yoast-schema-graph\">{\"@context\":\"https:\\\/\\\/schema.org\",\"@graph\":[{\"@type\":\"Article\",\"@id\":\"https:\\\/\\\/buletin.de\\\/bucuresti\\\/primarul-sectorului-6-atacat-de-candidatul-pnl-psd-la-prezidentiale-eu-cred-ca-domnul-ciucu-minte\\\/#article\",\"isPartOf\":{\"@id\":\"https:\\\/\\\/buletin.de\\\/bucuresti\\\/primarul-sectorului-6-atacat-de-candidatul-pnl-psd-la-prezidentiale-eu-cred-ca-domnul-ciucu-minte\\\/\"},\"author\":{\"name\":\"Redac\u021bia Buletin de Bucure\u0219ti\",\"@id\":\"https:\\\/\\\/buletin.de\\\/bucuresti\\\/#\\\/schema\\\/person\\\/2bbcf854e5f2419a13804af574d06ab1\"},\"headline\":\"Primarul Sectorului 6, atacat de candidatul PNL-PSD la preziden\u021biale: \u201eEu cred c\u0103 domnul Ciucu minte\u201d\",\"datePublished\":\"2025-03-20T12:15:15+00:00\",\"dateModified\":\"2025-03-20T13:03:33+00:00\",\"mainEntityOfPage\":{\"@id\":\"https:\\\/\\\/buletin.de\\\/bucuresti\\\/primarul-sectorului-6-atacat-de-candidatul-pnl-psd-la-prezidentiale-eu-cred-ca-domnul-ciucu-minte\\\/\"},\"wordCount\":536,\"publisher\":{\"@id\":\"https:\\\/\\\/buletin.de\\\/bucuresti\\\/#organization\"},\"image\":{\"@id\":\"https:\\\/\\\/buletin.de\\\/bucuresti\\\/primarul-sectorului-6-atacat-de-candidatul-pnl-psd-la-prezidentiale-eu-cred-ca-domnul-ciucu-minte\\\/#primaryimage\"},\"thumbnailUrl\":\"https:\\\/\\\/buletin.de\\\/bucuresti\\\/wp-content\\\/uploads\\\/2025\\\/03\\\/Untitled-design-14.png\",\"keywords\":[\"alegerile prezidentiale\",\"bucuresti\",\"candidat\",\"Capitala\",\"crin antonescu\",\"ilie bolojan\",\"marcel ciolacu\",\"PNL\",\"primarul sectorului 6\",\"psd\"],\"articleSection\":[\"Articole\",\"Politic\",\"\u0218tiri\"],\"inLanguage\":\"en-GB\",\"copyrightYear\":\"2025\",\"copyrightHolder\":{\"@id\":\"https:\\\/\\\/buletin.de\\\/bucuresti\\\/#organization\"}},{\"@type\":\"WebPage\",\"@id\":\"https:\\\/\\\/buletin.de\\\/bucuresti\\\/primarul-sectorului-6-atacat-de-candidatul-pnl-psd-la-prezidentiale-eu-cred-ca-domnul-ciucu-minte\\\/\",\"url\":\"https:\\\/\\\/buletin.de\\\/bucuresti\\\/primarul-sectorului-6-atacat-de-candidatul-pnl-psd-la-prezidentiale-eu-cred-ca-domnul-ciucu-minte\\\/\",\"name\":\"Primarul Sectorului 6, atacat de candidatul PNL-PSD la preziden\u021biale: \u201eEu cred c\u0103 domnul Ciucu minte\u201d - Buletin de Bucure\u0219ti\",\"isPartOf\":{\"@id\":\"https:\\\/\\\/buletin.de\\\/bucuresti\\\/#website\"},\"primaryImageOfPage\":{\"@id\":\"https:\\\/\\\/buletin.de\\\/bucuresti\\\/primarul-sectorului-6-atacat-de-candidatul-pnl-psd-la-prezidentiale-eu-cred-ca-domnul-ciucu-minte\\\/#primaryimage\"},\"image\":{\"@id\":\"https:\\\/\\\/buletin.de\\\/bucuresti\\\/primarul-sectorului-6-atacat-de-candidatul-pnl-psd-la-prezidentiale-eu-cred-ca-domnul-ciucu-minte\\\/#primaryimage\"},\"thumbnailUrl\":\"https:\\\/\\\/buletin.de\\\/bucuresti\\\/wp-content\\\/uploads\\\/2025\\\/03\\\/Untitled-design-14.png\",\"datePublished\":\"2025-03-20T12:15:15+00:00\",\"dateModified\":\"2025-03-20T13:03:33+00:00\",\"description\":\"Primarul Sectorului 6, atacat de candidatul PNL-PSD la preziden\u021biale, Crin Antonescu: \u201eEu cred c\u0103 domnul Ciucu minte\u201d\",\"breadcrumb\":{\"@id\":\"https:\\\/\\\/buletin.de\\\/bucuresti\\\/primarul-sectorului-6-atacat-de-candidatul-pnl-psd-la-prezidentiale-eu-cred-ca-domnul-ciucu-minte\\\/#breadcrumb\"},\"inLanguage\":\"en-GB\",\"potentialAction\":[{\"@type\":\"ReadAction\",\"target\":[\"https:\\\/\\\/buletin.de\\\/bucuresti\\\/primarul-sectorului-6-atacat-de-candidatul-pnl-psd-la-prezidentiale-eu-cred-ca-domnul-ciucu-minte\\\/\"]}]},{\"@type\":\"ImageObject\",\"inLanguage\":\"en-GB\",\"@id\":\"https:\\\/\\\/buletin.de\\\/bucuresti\\\/primarul-sectorului-6-atacat-de-candidatul-pnl-psd-la-prezidentiale-eu-cred-ca-domnul-ciucu-minte\\\/#primaryimage\",\"url\":\"https:\\\/\\\/buletin.de\\\/bucuresti\\\/wp-content\\\/uploads\\\/2025\\\/03\\\/Untitled-design-14.png\",\"contentUrl\":\"https:\\\/\\\/buletin.de\\\/bucuresti\\\/wp-content\\\/uploads\\\/2025\\\/03\\\/Untitled-design-14.png\",\"width\":1400,\"height\":900,\"caption\":\"Primarul Sectorului 6, atacat de candidatul PNL-PSD la preziden\u021biale: \u201eEu cred c\u0103 domnul Ciucu minte\u201d. Colaj BdB: Inquam Photos \\\/ Sabin C\u00eerstoveanu\"},{\"@type\":\"BreadcrumbList\",\"@id\":\"https:\\\/\\\/buletin.de\\\/bucuresti\\\/primarul-sectorului-6-atacat-de-candidatul-pnl-psd-la-prezidentiale-eu-cred-ca-domnul-ciucu-minte\\\/#breadcrumb\",\"itemListElement\":[{\"@type\":\"ListItem\",\"position\":1,\"name\":\"Acas\u0103\",\"item\":\"https:\\\/\\\/buletin.de\\\/bucuresti\\\/\"},{\"@type\":\"ListItem\",\"position\":2,\"name\":\"Primarul Sectorului 6, atacat de candidatul PNL-PSD la preziden\u021biale: \u201eEu cred c\u0103 domnul Ciucu minte\u201d\"}]},{\"@type\":\"WebSite\",\"@id\":\"https:\\\/\\\/buletin.de\\\/bucuresti\\\/#website\",\"url\":\"https:\\\/\\\/buletin.de\\\/bucuresti\\\/\",\"name\":\"Buletin de Bucure\u0219ti\",\"description\":\"\u0218tiri \u0219i investiga\u021bii esen\u021biale din capital\u0103\",\"publisher\":{\"@id\":\"https:\\\/\\\/buletin.de\\\/bucuresti\\\/#organization\"},\"potentialAction\":[{\"@type\":\"SearchAction\",\"target\":{\"@type\":\"EntryPoint\",\"urlTemplate\":\"https:\\\/\\\/buletin.de\\\/bucuresti\\\/?s={search_term_string}\"},\"query-input\":{\"@type\":\"PropertyValueSpecification\",\"valueRequired\":true,\"valueName\":\"search_term_string\"}}],\"inLanguage\":\"en-GB\"},{\"@type\":\"Organization\",\"@id\":\"https:\\\/\\\/buletin.de\\\/bucuresti\\\/#organization\",\"name\":\"Buletin de Bucure\u0219ti\",\"url\":\"https:\\\/\\\/buletin.de\\\/bucuresti\\\/\",\"logo\":{\"@type\":\"ImageObject\",\"inLanguage\":\"en-GB\",\"@id\":\"https:\\\/\\\/buletin.de\\\/bucuresti\\\/#\\\/schema\\\/logo\\\/image\\\/\",\"url\":\"https:\\\/\\\/buletin.de\\\/bucuresti\\\/wp-content\\\/uploads\\\/logo-bdb-full-wide-vernil-transparent.png\",\"contentUrl\":\"https:\\\/\\\/buletin.de\\\/bucuresti\\\/wp-content\\\/uploads\\\/logo-bdb-full-wide-vernil-transparent.png\",\"width\":1782,\"height\":626,\"caption\":\"Buletin de Bucure\u0219ti\"},\"image\":{\"@id\":\"https:\\\/\\\/buletin.de\\\/bucuresti\\\/#\\\/schema\\\/logo\\\/image\\\/\"},\"sameAs\":[\"https:\\\/\\\/www.facebook.com\\\/buletin.de.buc\",\"https:\\\/\\\/www.instagram.com\\\/buletinde.bucuresti\\\/\"]},{\"@type\":\"Person\",\"@id\":\"https:\\\/\\\/buletin.de\\\/bucuresti\\\/#\\\/schema\\\/person\\\/2bbcf854e5f2419a13804af574d06ab1\",\"name\":\"Redac\u021bia Buletin de Bucure\u0219ti\",\"image\":{\"@type\":\"ImageObject\",\"inLanguage\":\"en-GB\",\"@id\":\"https:\\\/\\\/secure.gravatar.com\\\/avatar\\\/18c5342381ed1a08620e6280424e3e5efc958618f5d67c522c9e44c1bc6f9226?s=96&d=monsterid&r=g60c7cd0ad92c68c049fcd4bb3504d609\",\"url\":\"https:\\\/\\\/secure.gravatar.com\\\/avatar\\\/18c5342381ed1a08620e6280424e3e5efc958618f5d67c522c9e44c1bc6f9226?s=96&d=monsterid&r=g\",\"contentUrl\":\"https:\\\/\\\/secure.gravatar.com\\\/avatar\\\/18c5342381ed1a08620e6280424e3e5efc958618f5d67c522c9e44c1bc6f9226?s=96&d=monsterid&r=g\",\"caption\":\"Redac\u021bia Buletin de Bucure\u0219ti\"},\"description\":\"Buletin de Bucure\u0219ti exist\u0103 din vara anului 2019.\",\"url\":\"https:\\\/\\\/buletin.de\\\/bucuresti\\\/author\\\/adminbuletin\\\/\"}]}<\/script>\n<!-- \/ Yoast SEO Premium plugin. -->","yoast_head_json":{"title":"Primarul Sectorului 6, atacat de candidatul PNL-PSD la preziden\u021biale: \u201eEu cred c\u0103 domnul Ciucu minte\u201d - Buletin de Bucure\u0219ti","description":"Primarul Sectorului 6, atacat de candidatul PNL-PSD la preziden\u021biale, Crin Antonescu: \u201eEu cred c\u0103 domnul Ciucu minte\u201d","robots":{"index":"index","follow":"follow","max-snippet":"max-snippet:-1","max-image-preview":"max-image-preview:large","max-video-preview":"max-video-preview:-1"},"canonical":"https:\/\/buletin.de\/bucuresti\/primarul-sectorului-6-atacat-de-candidatul-pnl-psd-la-prezidentiale-eu-cred-ca-domnul-ciucu-minte\/","og_locale":"en_GB","og_type":"article","og_title":"Primarul Sectorului 6, atacat de candidatul PNL-PSD la preziden\u021biale: \u201eEu cred c\u0103 domnul Ciucu minte\u201d","og_description":"Primarul Sectorului 6, atacat de candidatul PNL-PSD la preziden\u021biale, Crin Antonescu: \u201eEu cred c\u0103 domnul Ciucu minte\u201d","og_url":"https:\/\/buletin.de\/bucuresti\/primarul-sectorului-6-atacat-de-candidatul-pnl-psd-la-prezidentiale-eu-cred-ca-domnul-ciucu-minte\/","og_site_name":"Buletin de Bucure\u0219ti","article_publisher":"https:\/\/www.facebook.com\/buletin.de.buc","article_published_time":"2025-03-20T12:15:15+00:00","article_modified_time":"2025-03-20T13:03:33+00:00","og_image":[{"width":1400,"height":900,"url":"https:\/\/buletin.de\/bucuresti\/wp-content\/uploads\/2025\/03\/Untitled-design-14.png","type":"image\/png"}],"author":"Redac\u021bia Buletin de Bucure\u0219ti","twitter_card":"summary_large_image","twitter_misc":{"Written by":"Redac\u021bia Buletin de Bucure\u0219ti","Estimated reading time":"3 minutes"},"schema":{"@context":"https:\/\/schema.org","@graph":[{"@type":"Article","@id":"https:\/\/buletin.de\/bucuresti\/primarul-sectorului-6-atacat-de-candidatul-pnl-psd-la-prezidentiale-eu-cred-ca-domnul-ciucu-minte\/#article","isPartOf":{"@id":"https:\/\/buletin.de\/bucuresti\/primarul-sectorului-6-atacat-de-candidatul-pnl-psd-la-prezidentiale-eu-cred-ca-domnul-ciucu-minte\/"},"author":{"name":"Redac\u021bia Buletin de Bucure\u0219ti","@id":"https:\/\/buletin.de\/bucuresti\/#\/schema\/person\/2bbcf854e5f2419a13804af574d06ab1"},"headline":"Primarul Sectorului 6, atacat de candidatul PNL-PSD la preziden\u021biale: \u201eEu cred c\u0103 domnul Ciucu minte\u201d","datePublished":"2025-03-20T12:15:15+00:00","dateModified":"2025-03-20T13:03:33+00:00","mainEntityOfPage":{"@id":"https:\/\/buletin.de\/bucuresti\/primarul-sectorului-6-atacat-de-candidatul-pnl-psd-la-prezidentiale-eu-cred-ca-domnul-ciucu-minte\/"},"wordCount":536,"publisher":{"@id":"https:\/\/buletin.de\/bucuresti\/#organization"},"image":{"@id":"https:\/\/buletin.de\/bucuresti\/primarul-sectorului-6-atacat-de-candidatul-pnl-psd-la-prezidentiale-eu-cred-ca-domnul-ciucu-minte\/#primaryimage"},"thumbnailUrl":"https:\/\/buletin.de\/bucuresti\/wp-content\/uploads\/2025\/03\/Untitled-design-14.png","keywords":["alegerile prezidentiale","bucuresti","candidat","Capitala","crin antonescu","ilie bolojan","marcel ciolacu","PNL","primarul sectorului 6","psd"],"articleSection":["Articole","Politic","\u0218tiri"],"inLanguage":"en-GB","copyrightYear":"2025","copyrightHolder":{"@id":"https:\/\/buletin.de\/bucuresti\/#organization"}},{"@type":"WebPage","@id":"https:\/\/buletin.de\/bucuresti\/primarul-sectorului-6-atacat-de-candidatul-pnl-psd-la-prezidentiale-eu-cred-ca-domnul-ciucu-minte\/","url":"https:\/\/buletin.de\/bucuresti\/primarul-sectorului-6-atacat-de-candidatul-pnl-psd-la-prezidentiale-eu-cred-ca-domnul-ciucu-minte\/","name":"Primarul Sectorului 6, atacat de candidatul PNL-PSD la preziden\u021biale: \u201eEu cred c\u0103 domnul Ciucu minte\u201d - Buletin de Bucure\u0219ti","isPartOf":{"@id":"https:\/\/buletin.de\/bucuresti\/#website"},"primaryImageOfPage":{"@id":"https:\/\/buletin.de\/bucuresti\/primarul-sectorului-6-atacat-de-candidatul-pnl-psd-la-prezidentiale-eu-cred-ca-domnul-ciucu-minte\/#primaryimage"},"image":{"@id":"https:\/\/buletin.de\/bucuresti\/primarul-sectorului-6-atacat-de-candidatul-pnl-psd-la-prezidentiale-eu-cred-ca-domnul-ciucu-minte\/#primaryimage"},"thumbnailUrl":"https:\/\/buletin.de\/bucuresti\/wp-content\/uploads\/2025\/03\/Untitled-design-14.png","datePublished":"2025-03-20T12:15:15+00:00","dateModified":"2025-03-20T13:03:33+00:00","description":"Primarul Sectorului 6, atacat de candidatul PNL-PSD la preziden\u021biale, Crin Antonescu: \u201eEu cred c\u0103 domnul Ciucu minte\u201d","breadcrumb":{"@id":"https:\/\/buletin.de\/bucuresti\/primarul-sectorului-6-atacat-de-candidatul-pnl-psd-la-prezidentiale-eu-cred-ca-domnul-ciucu-minte\/#breadcrumb"},"inLanguage":"en-GB","potentialAction":[{"@type":"ReadAction","target":["https:\/\/buletin.de\/bucuresti\/primarul-sectorului-6-atacat-de-candidatul-pnl-psd-la-prezidentiale-eu-cred-ca-domnul-ciucu-minte\/"]}]},{"@type":"ImageObject","inLanguage":"en-GB","@id":"https:\/\/buletin.de\/bucuresti\/primarul-sectorului-6-atacat-de-candidatul-pnl-psd-la-prezidentiale-eu-cred-ca-domnul-ciucu-minte\/#primaryimage","url":"https:\/\/buletin.de\/bucuresti\/wp-content\/uploads\/2025\/03\/Untitled-design-14.png","contentUrl":"https:\/\/buletin.de\/bucuresti\/wp-content\/uploads\/2025\/03\/Untitled-design-14.png","width":1400,"height":900,"caption":"Primarul Sectorului 6, atacat de candidatul PNL-PSD la preziden\u021biale: \u201eEu cred c\u0103 domnul Ciucu minte\u201d. Colaj BdB: Inquam Photos \/ Sabin C\u00eerstoveanu"},{"@type":"BreadcrumbList","@id":"https:\/\/buletin.de\/bucuresti\/primarul-sectorului-6-atacat-de-candidatul-pnl-psd-la-prezidentiale-eu-cred-ca-domnul-ciucu-minte\/#breadcrumb","itemListElement":[{"@type":"ListItem","position":1,"name":"Acas\u0103","item":"https:\/\/buletin.de\/bucuresti\/"},{"@type":"ListItem","position":2,"name":"Primarul Sectorului 6, atacat de candidatul PNL-PSD la preziden\u021biale: \u201eEu cred c\u0103 domnul Ciucu minte\u201d"}]},{"@type":"WebSite","@id":"https:\/\/buletin.de\/bucuresti\/#website","url":"https:\/\/buletin.de\/bucuresti\/","name":"Buletin de Bucure\u0219ti","description":"\u0218tiri \u0219i investiga\u021bii esen\u021biale din capital\u0103","publisher":{"@id":"https:\/\/buletin.de\/bucuresti\/#organization"},"potentialAction":[{"@type":"SearchAction","target":{"@type":"EntryPoint","urlTemplate":"https:\/\/buletin.de\/bucuresti\/?s={search_term_string}"},"query-input":{"@type":"PropertyValueSpecification","valueRequired":true,"valueName":"search_term_string"}}],"inLanguage":"en-GB"},{"@type":"Organization","@id":"https:\/\/buletin.de\/bucuresti\/#organization","name":"Buletin de Bucure\u0219ti","url":"https:\/\/buletin.de\/bucuresti\/","logo":{"@type":"ImageObject","inLanguage":"en-GB","@id":"https:\/\/buletin.de\/bucuresti\/#\/schema\/logo\/image\/","url":"https:\/\/buletin.de\/bucuresti\/wp-content\/uploads\/logo-bdb-full-wide-vernil-transparent.png","contentUrl":"https:\/\/buletin.de\/bucuresti\/wp-content\/uploads\/logo-bdb-full-wide-vernil-transparent.png","width":1782,"height":626,"caption":"Buletin de Bucure\u0219ti"},"image":{"@id":"https:\/\/buletin.de\/bucuresti\/#\/schema\/logo\/image\/"},"sameAs":["https:\/\/www.facebook.com\/buletin.de.buc","https:\/\/www.instagram.com\/buletinde.bucuresti\/"]},{"@type":"Person","@id":"https:\/\/buletin.de\/bucuresti\/#\/schema\/person\/2bbcf854e5f2419a13804af574d06ab1","name":"Redac\u021bia Buletin de Bucure\u0219ti","image":{"@type":"ImageObject","inLanguage":"en-GB","@id":"https:\/\/secure.gravatar.com\/avatar\/18c5342381ed1a08620e6280424e3e5efc958618f5d67c522c9e44c1bc6f9226?s=96&d=monsterid&r=g60c7cd0ad92c68c049fcd4bb3504d609","url":"https:\/\/secure.gravatar.com\/avatar\/18c5342381ed1a08620e6280424e3e5efc958618f5d67c522c9e44c1bc6f9226?s=96&d=monsterid&r=g","contentUrl":"https:\/\/secure.gravatar.com\/avatar\/18c5342381ed1a08620e6280424e3e5efc958618f5d67c522c9e44c1bc6f9226?s=96&d=monsterid&r=g","caption":"Redac\u021bia Buletin de Bucure\u0219ti"},"description":"Buletin de Bucure\u0219ti exist\u0103 din vara anului 2019.","url":"https:\/\/buletin.de\/bucuresti\/author\/adminbuletin\/"}]}},"authors":[{"term_id":22583,"user_id":1,"is_guest":0,"slug":"adminbuletin","display_name":"Redac\u021bia Buletin de Bucure\u0219ti","avatar_url":"https:\/\/secure.gravatar.com\/avatar\/18c5342381ed1a08620e6280424e3e5efc958618f5d67c522c9e44c1bc6f9226?s=96&d=monsterid&r=g","0":null,"1":"","2":"","3":"","4":"","5":"","6":"","7":"","8":""}],"_links":{"self":[{"href":"https:\/\/buletin.de\/bucuresti\/wp-json\/wp\/v2\/posts\/123425","targetHints":{"allow":["GET"]}}],"collection":[{"href":"https:\/\/buletin.de\/bucuresti\/wp-json\/wp\/v2\/posts"}],"about":[{"href":"https:\/\/buletin.de\/bucuresti\/wp-json\/wp\/v2\/types\/post"}],"author":[{"embeddable":true,"href":"https:\/\/buletin.de\/bucuresti\/wp-json\/wp\/v2\/users\/1"}],"replies":[{"embeddable":true,"href":"https:\/\/buletin.de\/bucuresti\/wp-json\/wp\/v2\/comments?post=123425"}],"version-history":[{"count":1,"href":"https:\/\/buletin.de\/bucuresti\/wp-json\/wp\/v2\/posts\/123425\/revisions"}],"predecessor-version":[{"id":123436,"href":"https:\/\/buletin.de\/bucuresti\/wp-json\/wp\/v2\/posts\/123425\/revisions\/123436"}],"wp:featuredmedia":[{"embeddable":true,"href":"https:\/\/buletin.de\/bucuresti\/wp-json\/wp\/v2\/media\/123435"}],"wp:attachment":[{"href":"https:\/\/buletin.de\/bucuresti\/wp-json\/wp\/v2\/media?parent=123425"}],"wp:term":[{"taxonomy":"category","embeddable":true,"href":"https:\/\/buletin.de\/bucuresti\/wp-json\/wp\/v2\/categories?post=123425"},{"taxonomy":"post_tag","embeddable":true,"href":"https:\/\/buletin.de\/bucuresti\/wp-json\/wp\/v2\/tags?post=123425"},{"taxonomy":"author","embeddable":true,"href":"https:\/\/buletin.de\/bucuresti\/wp-json\/wp\/v2\/ppma_author?post=123425"}],"curies":[{"name":"wp","href":"https:\/\/api.w.org\/{rel}","templated":true}]}}