{"id":123284,"date":"2025-03-19T15:53:04","date_gmt":"2025-03-19T12:53:04","guid":{"rendered":"https:\/\/buletin.de\/bucuresti\/?p=123284"},"modified":"2025-03-19T15:54:37","modified_gmt":"2025-03-19T12:54:37","slug":"marian-vanghelie-scapa-de-dosarul-in-care-era-acuzat-de-o-mita-de-30-de-milioane-de-euro-faptele-s-au-prescris","status":"publish","type":"post","link":"https:\/\/buletin.de\/bucuresti\/marian-vanghelie-scapa-de-dosarul-in-care-era-acuzat-de-o-mita-de-30-de-milioane-de-euro-faptele-s-au-prescris\/","title":{"rendered":"Marian Vanghelie scap\u0103 de dosarul \u00een care era acuzat de o mit\u0103 de 30 de milioane de euro. Faptele s-au prescris"},"content":{"rendered":"\n<p><strong>Marian Vanghelie scap\u0103 de condamnarea de 11 ani \u015fi opt luni de \u00eenchisoare pe care o primise \u00een prim\u0103 instan\u0163\u0103 \u00een dosarul \u00een care era acuzat de luare de mit\u0103, abuz \u00een serviciu \u015fi sp\u0103lare de bani, atrag aten\u0163ia jurnali\u015ftii <a href=\"https:\/\/agerpres.ro\/justitie\/2025\/03\/19\/dupa-zece-ani-de-procese-marian-vanghelie-scapa-de-condamnarea-de-11-ani-in-dosarul-mitei-de-30-mili--1432399\">Agerpres<\/a>. Curtea de Apel Bucure\u015fti a dispus achitarea sa pentru c\u0103 faptele \u00een acest dosar s-au prescris.<\/strong><\/p>\n\n\n\n<p>Mai exact, instan\u0163a l-a achitat pe fostul primar al Sectorului 5 pentru faptele de abuz \u00een serviciu \u015fi sp\u0103lare de bani. \u00cen ceea ce prive\u015fte luarea de mit\u0103, judec\u0103torii nu au spus c\u0103 aceasta nu s-a \u00eent\u00e2mplat, \u00eens\u0103 au constatat c\u0103 faptele s-au prescris. Asta dup\u0103 deciziile Cur\u0163ii Constitu\u0163ionale \u015fi Instan\u0163ei supreme, care au avut ca afect \u00eenchiderea a peste 10.000 de dosare penale, scriu jurnali\u015ftii cita\u0163i.<\/p>\n\n\n\n<p>Trimis \u00een judecat\u0103 \u00een 2015 de c\u0103tre DNA sub acuza\u0163ia c\u0103 a primit mit\u0103 \u00een valoare de 30 milioane euro, procesul lui Vanghelie a durat aproape zece ani, perioad\u0103 \u00een care \u00een dosar s-au perindat 10 judec\u0103tori.<\/p>\n\n\n\n<p><strong>CITE\u015eTE \u015eI:<\/strong> <a href=\"https:\/\/buletin.de\/bucuresti\/dosarul-spagilor-luate-de-marian-vanghelie-se-prescrie-oficial\/\">Dosarul \u0219p\u0103gilor luate de Marian Vanghelie se prescrie oficial la finalul lui februarie. Fostul primar al Sectorului 5 este acuzat c\u0103 a primit mit\u0103 30 de milioane de euro<\/a><\/p>\n\n\n\n<p>Vanghelie a beneficiat de decizia Cur\u0163ii Constitu\u0163ionale din mai 2022 privind prescrierea faptelor, dar \u015fi de hot\u0103r\u00e2rile \u00cenaltei Cur\u0163i de Casa\u0163ie \u015fi Justi\u0163ie, care a stabilit mai \u00eent\u00e2i c\u0103 decizia CCR se aplic\u0103 retroactiv p\u00e2n\u0103 \u00een anul 2014, dup\u0103 care a dispus c\u0103, \u00een cazul faptelor de corup\u0163ie, termenul de prescrip\u0163ie curge nu de la data primirii mitei, ci de la data pretinderii acesteia.<\/p>\n\n\n\n<p>De condamn\u0103ri au sc\u0103pat \u015fi ceilal\u0163i inculpa\u0163i din acest dosar, \u015fi anume Mircea-Sorin Niculae (v\u0103rul lui Vanghelie, care primise la instan\u0163a de fond 8 ani \u00eenchisoare), omul de afaceri Marin Dumitru (4 ani \u00eenchisoare cu executare) \u015fi Sorin \u015etefan Ciocan (3 ani cu suspendare).<\/p>\n\n\n\n<p>Instan\u0163a a respins ac\u0163iunea civil\u0103 formulat\u0103 de Prim\u0103ria Sectorului 5, \u00eens\u0103 judec\u0103torii au dispus confiscarea special\u0103 a sumei de 13.731.094 lei de la Marian Vanghelie.<\/p>\n\n\n\n<p>Potrivit DNA, \u00een perioada 2006 \u2013 2014, Marian Vanghelie, \u00een calitate de primar al Sectorului 5 din Bucure\u015fti, ajutat de Mircea-Sorin Niculae \u015fi par\u0163ial de Laura Ciocan, a solicitat \u015fi primit de la omul de afaceri Marin Dumitru foloase materiale necuvenite \u00een cuantum de aproximativ 30.403.000 de euro (reprezent\u00e2nd un \u201ecomision\u201d de 20% din \u00eencas\u0103ri).<\/p>\n\n\n\n<p>Aceste foloase au fost pretinse \u015fi primite de Vanghelie pentru atribuirea de c\u0103tre Prim\u0103ria Sectorului 5 \u015fi serviciile publice de interes local din subordinea Consiliului Local al Sectorului 5, cu nerespectarea prevederilor legale, de contracte de achizi\u0163ii publice firmelor controlate de omul de afaceri Marin Dumitru, dar \u015fi pentru a dispune efectuarea pl\u0103\u0163ii lucr\u0103rilor aferente acestor contracte (valoarea total\u0103 este de aproximativ 738.019.000 de lei).<\/p>\n\n\n\n<p>Procurorii DNA stabiliser\u0103 un prejudiciu de peste 295 de milioane de lei \u00een acest dosar. <\/p>\n\n\n\n<p><strong>CITE\u015eTE <\/strong>\u00ceNTREGUL ARTICOL PE <a href=\"https:\/\/agerpres.ro\/justitie\/2025\/03\/19\/dupa-zece-ani-de-procese-marian-vanghelie-scapa-de-condamnarea-de-11-ani-in-dosarul-mitei-de-30-mili--1432399\">Agerpres<\/a>. <\/p>\n\n\n\n<p><\/p>\n\n\n\n<p><\/p>\n\n\n\n<p><\/p>\n\n\n\n<p><\/p>\n","protected":false},"excerpt":{"rendered":"<p>Marian Vanghelie scap\u0103 de condamnarea de 11 ani \u015fi opt luni de \u00eenchisoare pe care o primise \u00een prim\u0103 instan\u0163\u0103 \u00een dosarul \u00een care era acuzat de luare de mit\u0103, abuz \u00een serviciu \u015fi sp\u0103lare de bani, atrag aten\u0163ia jurnali\u015ftii Agerpres. Curtea de Apel Bucure\u015fti a dispus achitarea sa pentru c\u0103 faptele \u00een acest dosar [&hellip;]<\/p>\n","protected":false},"author":1,"featured_media":123285,"comment_status":"closed","ping_status":"open","sticky":false,"template":"","format":"standard","meta":{"_acf_changed":false,"inline_featured_image":false,"ngg_post_thumbnail":0,"footnotes":""},"categories":[6994,9026,5762],"tags":[19964,19965,1572,19966],"ppma_author":[22583],"class_list":["post-123284","post","type-post","status-publish","format-standard","has-post-thumbnail","hentry","category-stiri-2","category-eveniment","category-main","tag-achitat-dosar-mita-vanghelie","tag-dosar-prescris-mita","tag-marian-vanghelie","tag-vanghelie-sector-5"],"acf":[],"yoast_head":"<!-- This site is optimized with the Yoast SEO Premium plugin v25.3 (Yoast SEO v27.4) - https:\/\/yoast.com\/product\/yoast-seo-premium-wordpress\/ -->\n<title>Marian Vanghelie scap\u0103 de dosarul \u00een care era acuzat de o mit\u0103 de 30 de milioane de euro. Faptele s-au prescris - Buletin de Bucure\u0219ti<\/title>\n<meta name=\"robots\" content=\"index, follow, max-snippet:-1, max-image-preview:large, max-video-preview:-1\" \/>\n<link rel=\"canonical\" href=\"https:\/\/buletin.de\/bucuresti\/marian-vanghelie-scapa-de-dosarul-in-care-era-acuzat-de-o-mita-de-30-de-milioane-de-euro-faptele-s-au-prescris\/\" \/>\n<meta property=\"og:locale\" content=\"en_GB\" \/>\n<meta property=\"og:type\" content=\"article\" \/>\n<meta property=\"og:title\" content=\"Marian Vanghelie scap\u0103 de dosarul \u00een care era acuzat de o mit\u0103 de 30 de milioane de euro. Faptele s-au prescris\" \/>\n<meta property=\"og:description\" content=\"Marian Vanghelie scap\u0103 de condamnarea de 11 ani \u015fi opt luni de \u00eenchisoare pe care o primise \u00een prim\u0103 instan\u0163\u0103 \u00een dosarul \u00een care era acuzat de luare de mit\u0103, abuz \u00een serviciu \u015fi sp\u0103lare de bani, atrag aten\u0163ia jurnali\u015ftii Agerpres. Curtea de Apel Bucure\u015fti a dispus achitarea sa pentru c\u0103 faptele \u00een acest dosar [&hellip;]\" \/>\n<meta property=\"og:url\" content=\"https:\/\/buletin.de\/bucuresti\/marian-vanghelie-scapa-de-dosarul-in-care-era-acuzat-de-o-mita-de-30-de-milioane-de-euro-faptele-s-au-prescris\/\" \/>\n<meta property=\"og:site_name\" content=\"Buletin de Bucure\u0219ti\" \/>\n<meta property=\"article:publisher\" content=\"https:\/\/www.facebook.com\/buletin.de.buc\" \/>\n<meta property=\"article:published_time\" content=\"2025-03-19T12:53:04+00:00\" \/>\n<meta property=\"article:modified_time\" content=\"2025-03-19T12:54:37+00:00\" \/>\n<meta property=\"og:image\" content=\"https:\/\/buletin.de\/bucuresti\/wp-content\/uploads\/2025\/03\/Marian-Vanghelie-razand-INQUAM_Photos_Octav_Ganea-scaled.jpg\" \/>\n\t<meta property=\"og:image:width\" content=\"2560\" \/>\n\t<meta property=\"og:image:height\" content=\"1706\" \/>\n\t<meta property=\"og:image:type\" content=\"image\/jpeg\" \/>\n<meta name=\"author\" content=\"Redac\u021bia Buletin de Bucure\u0219ti\" \/>\n<meta name=\"twitter:card\" content=\"summary_large_image\" \/>\n<meta name=\"twitter:label1\" content=\"Written by\" \/>\n\t<meta name=\"twitter:data1\" content=\"Redac\u021bia Buletin de Bucure\u0219ti\" \/>\n\t<meta name=\"twitter:label2\" content=\"Estimated reading time\" \/>\n\t<meta name=\"twitter:data2\" content=\"3 minutes\" \/>\n<script type=\"application\/ld+json\" class=\"yoast-schema-graph\">{\"@context\":\"https:\\\/\\\/schema.org\",\"@graph\":[{\"@type\":\"Article\",\"@id\":\"https:\\\/\\\/buletin.de\\\/bucuresti\\\/marian-vanghelie-scapa-de-dosarul-in-care-era-acuzat-de-o-mita-de-30-de-milioane-de-euro-faptele-s-au-prescris\\\/#article\",\"isPartOf\":{\"@id\":\"https:\\\/\\\/buletin.de\\\/bucuresti\\\/marian-vanghelie-scapa-de-dosarul-in-care-era-acuzat-de-o-mita-de-30-de-milioane-de-euro-faptele-s-au-prescris\\\/\"},\"author\":{\"name\":\"Redac\u021bia Buletin de Bucure\u0219ti\",\"@id\":\"https:\\\/\\\/buletin.de\\\/bucuresti\\\/#\\\/schema\\\/person\\\/2bbcf854e5f2419a13804af574d06ab1\"},\"headline\":\"Marian Vanghelie scap\u0103 de dosarul \u00een care era acuzat de o mit\u0103 de 30 de milioane de euro. Faptele s-au prescris\",\"datePublished\":\"2025-03-19T12:53:04+00:00\",\"dateModified\":\"2025-03-19T12:54:37+00:00\",\"mainEntityOfPage\":{\"@id\":\"https:\\\/\\\/buletin.de\\\/bucuresti\\\/marian-vanghelie-scapa-de-dosarul-in-care-era-acuzat-de-o-mita-de-30-de-milioane-de-euro-faptele-s-au-prescris\\\/\"},\"wordCount\":510,\"publisher\":{\"@id\":\"https:\\\/\\\/buletin.de\\\/bucuresti\\\/#organization\"},\"image\":{\"@id\":\"https:\\\/\\\/buletin.de\\\/bucuresti\\\/marian-vanghelie-scapa-de-dosarul-in-care-era-acuzat-de-o-mita-de-30-de-milioane-de-euro-faptele-s-au-prescris\\\/#primaryimage\"},\"thumbnailUrl\":\"https:\\\/\\\/buletin.de\\\/bucuresti\\\/wp-content\\\/uploads\\\/2025\\\/03\\\/Marian-Vanghelie-razand-INQUAM_Photos_Octav_Ganea-scaled.jpg\",\"keywords\":[\"achitat dosar mita vanghelie\",\"dosar prescris mita\",\"marian vanghelie\",\"vanghelie sector 5\"],\"articleSection\":[\"Articole\",\"Eveniment\",\"Main\"],\"inLanguage\":\"en-GB\",\"copyrightYear\":\"2025\",\"copyrightHolder\":{\"@id\":\"https:\\\/\\\/buletin.de\\\/bucuresti\\\/#organization\"}},{\"@type\":\"WebPage\",\"@id\":\"https:\\\/\\\/buletin.de\\\/bucuresti\\\/marian-vanghelie-scapa-de-dosarul-in-care-era-acuzat-de-o-mita-de-30-de-milioane-de-euro-faptele-s-au-prescris\\\/\",\"url\":\"https:\\\/\\\/buletin.de\\\/bucuresti\\\/marian-vanghelie-scapa-de-dosarul-in-care-era-acuzat-de-o-mita-de-30-de-milioane-de-euro-faptele-s-au-prescris\\\/\",\"name\":\"Marian Vanghelie scap\u0103 de dosarul \u00een care era acuzat de o mit\u0103 de 30 de milioane de euro. Faptele s-au prescris - Buletin de Bucure\u0219ti\",\"isPartOf\":{\"@id\":\"https:\\\/\\\/buletin.de\\\/bucuresti\\\/#website\"},\"primaryImageOfPage\":{\"@id\":\"https:\\\/\\\/buletin.de\\\/bucuresti\\\/marian-vanghelie-scapa-de-dosarul-in-care-era-acuzat-de-o-mita-de-30-de-milioane-de-euro-faptele-s-au-prescris\\\/#primaryimage\"},\"image\":{\"@id\":\"https:\\\/\\\/buletin.de\\\/bucuresti\\\/marian-vanghelie-scapa-de-dosarul-in-care-era-acuzat-de-o-mita-de-30-de-milioane-de-euro-faptele-s-au-prescris\\\/#primaryimage\"},\"thumbnailUrl\":\"https:\\\/\\\/buletin.de\\\/bucuresti\\\/wp-content\\\/uploads\\\/2025\\\/03\\\/Marian-Vanghelie-razand-INQUAM_Photos_Octav_Ganea-scaled.jpg\",\"datePublished\":\"2025-03-19T12:53:04+00:00\",\"dateModified\":\"2025-03-19T12:54:37+00:00\",\"breadcrumb\":{\"@id\":\"https:\\\/\\\/buletin.de\\\/bucuresti\\\/marian-vanghelie-scapa-de-dosarul-in-care-era-acuzat-de-o-mita-de-30-de-milioane-de-euro-faptele-s-au-prescris\\\/#breadcrumb\"},\"inLanguage\":\"en-GB\",\"potentialAction\":[{\"@type\":\"ReadAction\",\"target\":[\"https:\\\/\\\/buletin.de\\\/bucuresti\\\/marian-vanghelie-scapa-de-dosarul-in-care-era-acuzat-de-o-mita-de-30-de-milioane-de-euro-faptele-s-au-prescris\\\/\"]}]},{\"@type\":\"ImageObject\",\"inLanguage\":\"en-GB\",\"@id\":\"https:\\\/\\\/buletin.de\\\/bucuresti\\\/marian-vanghelie-scapa-de-dosarul-in-care-era-acuzat-de-o-mita-de-30-de-milioane-de-euro-faptele-s-au-prescris\\\/#primaryimage\",\"url\":\"https:\\\/\\\/buletin.de\\\/bucuresti\\\/wp-content\\\/uploads\\\/2025\\\/03\\\/Marian-Vanghelie-razand-INQUAM_Photos_Octav_Ganea-scaled.jpg\",\"contentUrl\":\"https:\\\/\\\/buletin.de\\\/bucuresti\\\/wp-content\\\/uploads\\\/2025\\\/03\\\/Marian-Vanghelie-razand-INQUAM_Photos_Octav_Ganea-scaled.jpg\",\"width\":2251,\"height\":1500,\"caption\":\"Marian Vanghelie. FOTO: INQUAM \\\/ Octav Ganea\"},{\"@type\":\"BreadcrumbList\",\"@id\":\"https:\\\/\\\/buletin.de\\\/bucuresti\\\/marian-vanghelie-scapa-de-dosarul-in-care-era-acuzat-de-o-mita-de-30-de-milioane-de-euro-faptele-s-au-prescris\\\/#breadcrumb\",\"itemListElement\":[{\"@type\":\"ListItem\",\"position\":1,\"name\":\"Acas\u0103\",\"item\":\"https:\\\/\\\/buletin.de\\\/bucuresti\\\/\"},{\"@type\":\"ListItem\",\"position\":2,\"name\":\"Marian Vanghelie scap\u0103 de dosarul \u00een care era acuzat de o mit\u0103 de 30 de milioane de euro. Faptele s-au prescris\"}]},{\"@type\":\"WebSite\",\"@id\":\"https:\\\/\\\/buletin.de\\\/bucuresti\\\/#website\",\"url\":\"https:\\\/\\\/buletin.de\\\/bucuresti\\\/\",\"name\":\"Buletin de Bucure\u0219ti\",\"description\":\"\u0218tiri \u0219i investiga\u021bii esen\u021biale din capital\u0103\",\"publisher\":{\"@id\":\"https:\\\/\\\/buletin.de\\\/bucuresti\\\/#organization\"},\"potentialAction\":[{\"@type\":\"SearchAction\",\"target\":{\"@type\":\"EntryPoint\",\"urlTemplate\":\"https:\\\/\\\/buletin.de\\\/bucuresti\\\/?s={search_term_string}\"},\"query-input\":{\"@type\":\"PropertyValueSpecification\",\"valueRequired\":true,\"valueName\":\"search_term_string\"}}],\"inLanguage\":\"en-GB\"},{\"@type\":\"Organization\",\"@id\":\"https:\\\/\\\/buletin.de\\\/bucuresti\\\/#organization\",\"name\":\"Buletin de Bucure\u0219ti\",\"url\":\"https:\\\/\\\/buletin.de\\\/bucuresti\\\/\",\"logo\":{\"@type\":\"ImageObject\",\"inLanguage\":\"en-GB\",\"@id\":\"https:\\\/\\\/buletin.de\\\/bucuresti\\\/#\\\/schema\\\/logo\\\/image\\\/\",\"url\":\"https:\\\/\\\/buletin.de\\\/bucuresti\\\/wp-content\\\/uploads\\\/logo-bdb-full-wide-vernil-transparent.png\",\"contentUrl\":\"https:\\\/\\\/buletin.de\\\/bucuresti\\\/wp-content\\\/uploads\\\/logo-bdb-full-wide-vernil-transparent.png\",\"width\":1782,\"height\":626,\"caption\":\"Buletin de Bucure\u0219ti\"},\"image\":{\"@id\":\"https:\\\/\\\/buletin.de\\\/bucuresti\\\/#\\\/schema\\\/logo\\\/image\\\/\"},\"sameAs\":[\"https:\\\/\\\/www.facebook.com\\\/buletin.de.buc\",\"https:\\\/\\\/www.instagram.com\\\/buletinde.bucuresti\\\/\"]},{\"@type\":\"Person\",\"@id\":\"https:\\\/\\\/buletin.de\\\/bucuresti\\\/#\\\/schema\\\/person\\\/2bbcf854e5f2419a13804af574d06ab1\",\"name\":\"Redac\u021bia Buletin de Bucure\u0219ti\",\"image\":{\"@type\":\"ImageObject\",\"inLanguage\":\"en-GB\",\"@id\":\"https:\\\/\\\/secure.gravatar.com\\\/avatar\\\/18c5342381ed1a08620e6280424e3e5efc958618f5d67c522c9e44c1bc6f9226?s=96&d=monsterid&r=g60c7cd0ad92c68c049fcd4bb3504d609\",\"url\":\"https:\\\/\\\/secure.gravatar.com\\\/avatar\\\/18c5342381ed1a08620e6280424e3e5efc958618f5d67c522c9e44c1bc6f9226?s=96&d=monsterid&r=g\",\"contentUrl\":\"https:\\\/\\\/secure.gravatar.com\\\/avatar\\\/18c5342381ed1a08620e6280424e3e5efc958618f5d67c522c9e44c1bc6f9226?s=96&d=monsterid&r=g\",\"caption\":\"Redac\u021bia Buletin de Bucure\u0219ti\"},\"description\":\"Buletin de Bucure\u0219ti exist\u0103 din vara anului 2019.\",\"url\":\"https:\\\/\\\/buletin.de\\\/bucuresti\\\/author\\\/adminbuletin\\\/\"}]}<\/script>\n<!-- \/ Yoast SEO Premium plugin. -->","yoast_head_json":{"title":"Marian Vanghelie scap\u0103 de dosarul \u00een care era acuzat de o mit\u0103 de 30 de milioane de euro. Faptele s-au prescris - Buletin de Bucure\u0219ti","robots":{"index":"index","follow":"follow","max-snippet":"max-snippet:-1","max-image-preview":"max-image-preview:large","max-video-preview":"max-video-preview:-1"},"canonical":"https:\/\/buletin.de\/bucuresti\/marian-vanghelie-scapa-de-dosarul-in-care-era-acuzat-de-o-mita-de-30-de-milioane-de-euro-faptele-s-au-prescris\/","og_locale":"en_GB","og_type":"article","og_title":"Marian Vanghelie scap\u0103 de dosarul \u00een care era acuzat de o mit\u0103 de 30 de milioane de euro. Faptele s-au prescris","og_description":"Marian Vanghelie scap\u0103 de condamnarea de 11 ani \u015fi opt luni de \u00eenchisoare pe care o primise \u00een prim\u0103 instan\u0163\u0103 \u00een dosarul \u00een care era acuzat de luare de mit\u0103, abuz \u00een serviciu \u015fi sp\u0103lare de bani, atrag aten\u0163ia jurnali\u015ftii Agerpres. Curtea de Apel Bucure\u015fti a dispus achitarea sa pentru c\u0103 faptele \u00een acest dosar [&hellip;]","og_url":"https:\/\/buletin.de\/bucuresti\/marian-vanghelie-scapa-de-dosarul-in-care-era-acuzat-de-o-mita-de-30-de-milioane-de-euro-faptele-s-au-prescris\/","og_site_name":"Buletin de Bucure\u0219ti","article_publisher":"https:\/\/www.facebook.com\/buletin.de.buc","article_published_time":"2025-03-19T12:53:04+00:00","article_modified_time":"2025-03-19T12:54:37+00:00","og_image":[{"width":2560,"height":1706,"url":"https:\/\/buletin.de\/bucuresti\/wp-content\/uploads\/2025\/03\/Marian-Vanghelie-razand-INQUAM_Photos_Octav_Ganea-scaled.jpg","type":"image\/jpeg"}],"author":"Redac\u021bia Buletin de Bucure\u0219ti","twitter_card":"summary_large_image","twitter_misc":{"Written by":"Redac\u021bia Buletin de Bucure\u0219ti","Estimated reading time":"3 minutes"},"schema":{"@context":"https:\/\/schema.org","@graph":[{"@type":"Article","@id":"https:\/\/buletin.de\/bucuresti\/marian-vanghelie-scapa-de-dosarul-in-care-era-acuzat-de-o-mita-de-30-de-milioane-de-euro-faptele-s-au-prescris\/#article","isPartOf":{"@id":"https:\/\/buletin.de\/bucuresti\/marian-vanghelie-scapa-de-dosarul-in-care-era-acuzat-de-o-mita-de-30-de-milioane-de-euro-faptele-s-au-prescris\/"},"author":{"name":"Redac\u021bia Buletin de Bucure\u0219ti","@id":"https:\/\/buletin.de\/bucuresti\/#\/schema\/person\/2bbcf854e5f2419a13804af574d06ab1"},"headline":"Marian Vanghelie scap\u0103 de dosarul \u00een care era acuzat de o mit\u0103 de 30 de milioane de euro. Faptele s-au prescris","datePublished":"2025-03-19T12:53:04+00:00","dateModified":"2025-03-19T12:54:37+00:00","mainEntityOfPage":{"@id":"https:\/\/buletin.de\/bucuresti\/marian-vanghelie-scapa-de-dosarul-in-care-era-acuzat-de-o-mita-de-30-de-milioane-de-euro-faptele-s-au-prescris\/"},"wordCount":510,"publisher":{"@id":"https:\/\/buletin.de\/bucuresti\/#organization"},"image":{"@id":"https:\/\/buletin.de\/bucuresti\/marian-vanghelie-scapa-de-dosarul-in-care-era-acuzat-de-o-mita-de-30-de-milioane-de-euro-faptele-s-au-prescris\/#primaryimage"},"thumbnailUrl":"https:\/\/buletin.de\/bucuresti\/wp-content\/uploads\/2025\/03\/Marian-Vanghelie-razand-INQUAM_Photos_Octav_Ganea-scaled.jpg","keywords":["achitat dosar mita vanghelie","dosar prescris mita","marian vanghelie","vanghelie sector 5"],"articleSection":["Articole","Eveniment","Main"],"inLanguage":"en-GB","copyrightYear":"2025","copyrightHolder":{"@id":"https:\/\/buletin.de\/bucuresti\/#organization"}},{"@type":"WebPage","@id":"https:\/\/buletin.de\/bucuresti\/marian-vanghelie-scapa-de-dosarul-in-care-era-acuzat-de-o-mita-de-30-de-milioane-de-euro-faptele-s-au-prescris\/","url":"https:\/\/buletin.de\/bucuresti\/marian-vanghelie-scapa-de-dosarul-in-care-era-acuzat-de-o-mita-de-30-de-milioane-de-euro-faptele-s-au-prescris\/","name":"Marian Vanghelie scap\u0103 de dosarul \u00een care era acuzat de o mit\u0103 de 30 de milioane de euro. Faptele s-au prescris - Buletin de Bucure\u0219ti","isPartOf":{"@id":"https:\/\/buletin.de\/bucuresti\/#website"},"primaryImageOfPage":{"@id":"https:\/\/buletin.de\/bucuresti\/marian-vanghelie-scapa-de-dosarul-in-care-era-acuzat-de-o-mita-de-30-de-milioane-de-euro-faptele-s-au-prescris\/#primaryimage"},"image":{"@id":"https:\/\/buletin.de\/bucuresti\/marian-vanghelie-scapa-de-dosarul-in-care-era-acuzat-de-o-mita-de-30-de-milioane-de-euro-faptele-s-au-prescris\/#primaryimage"},"thumbnailUrl":"https:\/\/buletin.de\/bucuresti\/wp-content\/uploads\/2025\/03\/Marian-Vanghelie-razand-INQUAM_Photos_Octav_Ganea-scaled.jpg","datePublished":"2025-03-19T12:53:04+00:00","dateModified":"2025-03-19T12:54:37+00:00","breadcrumb":{"@id":"https:\/\/buletin.de\/bucuresti\/marian-vanghelie-scapa-de-dosarul-in-care-era-acuzat-de-o-mita-de-30-de-milioane-de-euro-faptele-s-au-prescris\/#breadcrumb"},"inLanguage":"en-GB","potentialAction":[{"@type":"ReadAction","target":["https:\/\/buletin.de\/bucuresti\/marian-vanghelie-scapa-de-dosarul-in-care-era-acuzat-de-o-mita-de-30-de-milioane-de-euro-faptele-s-au-prescris\/"]}]},{"@type":"ImageObject","inLanguage":"en-GB","@id":"https:\/\/buletin.de\/bucuresti\/marian-vanghelie-scapa-de-dosarul-in-care-era-acuzat-de-o-mita-de-30-de-milioane-de-euro-faptele-s-au-prescris\/#primaryimage","url":"https:\/\/buletin.de\/bucuresti\/wp-content\/uploads\/2025\/03\/Marian-Vanghelie-razand-INQUAM_Photos_Octav_Ganea-scaled.jpg","contentUrl":"https:\/\/buletin.de\/bucuresti\/wp-content\/uploads\/2025\/03\/Marian-Vanghelie-razand-INQUAM_Photos_Octav_Ganea-scaled.jpg","width":2251,"height":1500,"caption":"Marian Vanghelie. FOTO: INQUAM \/ Octav Ganea"},{"@type":"BreadcrumbList","@id":"https:\/\/buletin.de\/bucuresti\/marian-vanghelie-scapa-de-dosarul-in-care-era-acuzat-de-o-mita-de-30-de-milioane-de-euro-faptele-s-au-prescris\/#breadcrumb","itemListElement":[{"@type":"ListItem","position":1,"name":"Acas\u0103","item":"https:\/\/buletin.de\/bucuresti\/"},{"@type":"ListItem","position":2,"name":"Marian Vanghelie scap\u0103 de dosarul \u00een care era acuzat de o mit\u0103 de 30 de milioane de euro. Faptele s-au prescris"}]},{"@type":"WebSite","@id":"https:\/\/buletin.de\/bucuresti\/#website","url":"https:\/\/buletin.de\/bucuresti\/","name":"Buletin de Bucure\u0219ti","description":"\u0218tiri \u0219i investiga\u021bii esen\u021biale din capital\u0103","publisher":{"@id":"https:\/\/buletin.de\/bucuresti\/#organization"},"potentialAction":[{"@type":"SearchAction","target":{"@type":"EntryPoint","urlTemplate":"https:\/\/buletin.de\/bucuresti\/?s={search_term_string}"},"query-input":{"@type":"PropertyValueSpecification","valueRequired":true,"valueName":"search_term_string"}}],"inLanguage":"en-GB"},{"@type":"Organization","@id":"https:\/\/buletin.de\/bucuresti\/#organization","name":"Buletin de Bucure\u0219ti","url":"https:\/\/buletin.de\/bucuresti\/","logo":{"@type":"ImageObject","inLanguage":"en-GB","@id":"https:\/\/buletin.de\/bucuresti\/#\/schema\/logo\/image\/","url":"https:\/\/buletin.de\/bucuresti\/wp-content\/uploads\/logo-bdb-full-wide-vernil-transparent.png","contentUrl":"https:\/\/buletin.de\/bucuresti\/wp-content\/uploads\/logo-bdb-full-wide-vernil-transparent.png","width":1782,"height":626,"caption":"Buletin de Bucure\u0219ti"},"image":{"@id":"https:\/\/buletin.de\/bucuresti\/#\/schema\/logo\/image\/"},"sameAs":["https:\/\/www.facebook.com\/buletin.de.buc","https:\/\/www.instagram.com\/buletinde.bucuresti\/"]},{"@type":"Person","@id":"https:\/\/buletin.de\/bucuresti\/#\/schema\/person\/2bbcf854e5f2419a13804af574d06ab1","name":"Redac\u021bia Buletin de Bucure\u0219ti","image":{"@type":"ImageObject","inLanguage":"en-GB","@id":"https:\/\/secure.gravatar.com\/avatar\/18c5342381ed1a08620e6280424e3e5efc958618f5d67c522c9e44c1bc6f9226?s=96&d=monsterid&r=g60c7cd0ad92c68c049fcd4bb3504d609","url":"https:\/\/secure.gravatar.com\/avatar\/18c5342381ed1a08620e6280424e3e5efc958618f5d67c522c9e44c1bc6f9226?s=96&d=monsterid&r=g","contentUrl":"https:\/\/secure.gravatar.com\/avatar\/18c5342381ed1a08620e6280424e3e5efc958618f5d67c522c9e44c1bc6f9226?s=96&d=monsterid&r=g","caption":"Redac\u021bia Buletin de Bucure\u0219ti"},"description":"Buletin de Bucure\u0219ti exist\u0103 din vara anului 2019.","url":"https:\/\/buletin.de\/bucuresti\/author\/adminbuletin\/"}]}},"authors":[{"term_id":22583,"user_id":1,"is_guest":0,"slug":"adminbuletin","display_name":"Redac\u021bia Buletin de Bucure\u0219ti","avatar_url":"https:\/\/secure.gravatar.com\/avatar\/18c5342381ed1a08620e6280424e3e5efc958618f5d67c522c9e44c1bc6f9226?s=96&d=monsterid&r=g","0":null,"1":"","2":"","3":"","4":"","5":"","6":"","7":"","8":""}],"_links":{"self":[{"href":"https:\/\/buletin.de\/bucuresti\/wp-json\/wp\/v2\/posts\/123284","targetHints":{"allow":["GET"]}}],"collection":[{"href":"https:\/\/buletin.de\/bucuresti\/wp-json\/wp\/v2\/posts"}],"about":[{"href":"https:\/\/buletin.de\/bucuresti\/wp-json\/wp\/v2\/types\/post"}],"author":[{"embeddable":true,"href":"https:\/\/buletin.de\/bucuresti\/wp-json\/wp\/v2\/users\/1"}],"replies":[{"embeddable":true,"href":"https:\/\/buletin.de\/bucuresti\/wp-json\/wp\/v2\/comments?post=123284"}],"version-history":[{"count":1,"href":"https:\/\/buletin.de\/bucuresti\/wp-json\/wp\/v2\/posts\/123284\/revisions"}],"predecessor-version":[{"id":123288,"href":"https:\/\/buletin.de\/bucuresti\/wp-json\/wp\/v2\/posts\/123284\/revisions\/123288"}],"wp:featuredmedia":[{"embeddable":true,"href":"https:\/\/buletin.de\/bucuresti\/wp-json\/wp\/v2\/media\/123285"}],"wp:attachment":[{"href":"https:\/\/buletin.de\/bucuresti\/wp-json\/wp\/v2\/media?parent=123284"}],"wp:term":[{"taxonomy":"category","embeddable":true,"href":"https:\/\/buletin.de\/bucuresti\/wp-json\/wp\/v2\/categories?post=123284"},{"taxonomy":"post_tag","embeddable":true,"href":"https:\/\/buletin.de\/bucuresti\/wp-json\/wp\/v2\/tags?post=123284"},{"taxonomy":"author","embeddable":true,"href":"https:\/\/buletin.de\/bucuresti\/wp-json\/wp\/v2\/ppma_author?post=123284"}],"curies":[{"name":"wp","href":"https:\/\/api.w.org\/{rel}","templated":true}]}}