{"id":123240,"date":"2025-03-19T13:38:27","date_gmt":"2025-03-19T10:38:27","guid":{"rendered":"https:\/\/buletin.de\/bucuresti\/?p=123240"},"modified":"2025-03-19T18:50:25","modified_gmt":"2025-03-19T15:50:25","slug":"amenda-de-300-000-de-lei-pentru-un-dezvoltator-imobiliar-de-pe-bulevardul-timisoara-dupa-ce-a-taiat-mai-multi-copaci","status":"publish","type":"post","link":"https:\/\/buletin.de\/bucuresti\/amenda-de-300-000-de-lei-pentru-un-dezvoltator-imobiliar-de-pe-bulevardul-timisoara-dupa-ce-a-taiat-mai-multi-copaci\/","title":{"rendered":"Amend\u0103 de 300.000 de lei pentru un dezvoltator imobiliar de pe bulevardul Timi\u015foara, dup\u0103 ce a t\u0103iat mai mul\u0163i copaci"},"content":{"rendered":"\n<p><strong>O amend\u0103 de 300.000 de lei (aproximativ 60.000 de euro) a fost dat\u0103 unui dezvoltator care ridic\u0103 un complex imobiliar pe bulevardul Timi\u015foara, din Sectorul 6 al Capitalei. Poli\u0163ia Local\u0103 i-a dat aceast\u0103 amend\u0103 pentru c\u0103 a defri\u015fat, f\u0103r\u0103 aviz, 30 de copaci de pe teritoriul \u015fantierului. <\/strong><\/p>\n\n\n\n<p>Conform Hot\u0103r\u00e2rii de Consiliu General al Municipiului Bucure\u015fti num\u0103rul 304 din 2009, amenda de 10.000 de lei \/ copac este amenda maxim\u0103 prev\u0103zut\u0103 pentru persoanele juridice. <\/p>\n\n\n\n<figure class=\"wp-block-gallery has-nested-images columns-default is-cropped wp-block-gallery-1 is-layout-flex wp-block-gallery-is-layout-flex\">\n<figure class=\"wp-block-image size-large\"><a href=\"https:\/\/buletin.de\/bucuresti\/wp-content\/uploads\/2025\/03\/defrisari-bd-timisoara-pol-locala-1.jpg\"><img fetchpriority=\"high\" decoding=\"async\" width=\"921\" height=\"1000\" data-id=\"123262\" src=\"data:image\/gif;base64,R0lGODlhAQABAAAAACH5BAEKAAEALAAAAAABAAEAAAICTAEAOw==\" data-src=\"https:\/\/buletin.de\/bucuresti\/wp-content\/uploads\/2025\/03\/defrisari-bd-timisoara-pol-locala-1-921x1000.jpg\" alt=\"\" class=\"wp-image-123262 lazyload\" data-sizes=\"auto\" data-srcset=\"https:\/\/buletin.de\/bucuresti\/wp-content\/uploads\/2025\/03\/defrisari-bd-timisoara-pol-locala-1-921x1000.jpg 921w, https:\/\/buletin.de\/bucuresti\/wp-content\/uploads\/2025\/03\/defrisari-bd-timisoara-pol-locala-1-276x300.jpg 276w, https:\/\/buletin.de\/bucuresti\/wp-content\/uploads\/2025\/03\/defrisari-bd-timisoara-pol-locala-1-768x834.jpg 768w, https:\/\/buletin.de\/bucuresti\/wp-content\/uploads\/2025\/03\/defrisari-bd-timisoara-pol-locala-1-1100x1194.jpg 1100w, https:\/\/buletin.de\/bucuresti\/wp-content\/uploads\/2025\/03\/defrisari-bd-timisoara-pol-locala-1-600x651.jpg 600w, https:\/\/buletin.de\/bucuresti\/wp-content\/uploads\/2025\/03\/defrisari-bd-timisoara-pol-locala-1-20x22.jpg 20w, https:\/\/buletin.de\/bucuresti\/wp-content\/uploads\/2025\/03\/defrisari-bd-timisoara-pol-locala-1.jpg 1169w\" sizes=\"(max-width: 921px) 100vw, 921px\" \/><\/a><\/figure>\n\n\n\n<figure class=\"wp-block-image size-large\"><a href=\"https:\/\/buletin.de\/bucuresti\/wp-content\/uploads\/2025\/03\/defrisari-bd-timisoara-pol-locala-2.jpg\"><img decoding=\"async\" width=\"955\" height=\"1000\" data-id=\"123260\" src=\"data:image\/gif;base64,R0lGODlhAQABAAAAACH5BAEKAAEALAAAAAABAAEAAAICTAEAOw==\" data-src=\"https:\/\/buletin.de\/bucuresti\/wp-content\/uploads\/2025\/03\/defrisari-bd-timisoara-pol-locala-2-955x1000.jpg\" alt=\"\" class=\"wp-image-123260 lazyload\" data-sizes=\"auto\" data-srcset=\"https:\/\/buletin.de\/bucuresti\/wp-content\/uploads\/2025\/03\/defrisari-bd-timisoara-pol-locala-2-955x1000.jpg 955w, https:\/\/buletin.de\/bucuresti\/wp-content\/uploads\/2025\/03\/defrisari-bd-timisoara-pol-locala-2-287x300.jpg 287w, https:\/\/buletin.de\/bucuresti\/wp-content\/uploads\/2025\/03\/defrisari-bd-timisoara-pol-locala-2-768x804.jpg 768w, https:\/\/buletin.de\/bucuresti\/wp-content\/uploads\/2025\/03\/defrisari-bd-timisoara-pol-locala-2-24x24.jpg 24w, https:\/\/buletin.de\/bucuresti\/wp-content\/uploads\/2025\/03\/defrisari-bd-timisoara-pol-locala-2-1100x1152.jpg 1100w, https:\/\/buletin.de\/bucuresti\/wp-content\/uploads\/2025\/03\/defrisari-bd-timisoara-pol-locala-2-600x628.jpg 600w, https:\/\/buletin.de\/bucuresti\/wp-content\/uploads\/2025\/03\/defrisari-bd-timisoara-pol-locala-2-20x21.jpg 20w, https:\/\/buletin.de\/bucuresti\/wp-content\/uploads\/2025\/03\/defrisari-bd-timisoara-pol-locala-2.jpg 1170w\" sizes=\"(max-width: 955px) 100vw, 955px\" \/><\/a><\/figure>\n\n\n\n<figure class=\"wp-block-image size-large\"><a href=\"https:\/\/buletin.de\/bucuresti\/wp-content\/uploads\/2025\/03\/defrisari-bd-timisoara-pol-locala-5.jpg\"><img decoding=\"async\" width=\"775\" height=\"1000\" data-id=\"123261\" src=\"data:image\/gif;base64,R0lGODlhAQABAAAAACH5BAEKAAEALAAAAAABAAEAAAICTAEAOw==\" data-src=\"https:\/\/buletin.de\/bucuresti\/wp-content\/uploads\/2025\/03\/defrisari-bd-timisoara-pol-locala-5-775x1000.jpg\" alt=\"\" class=\"wp-image-123261 lazyload\" data-sizes=\"auto\" data-srcset=\"https:\/\/buletin.de\/bucuresti\/wp-content\/uploads\/2025\/03\/defrisari-bd-timisoara-pol-locala-5-775x1000.jpg 775w, https:\/\/buletin.de\/bucuresti\/wp-content\/uploads\/2025\/03\/defrisari-bd-timisoara-pol-locala-5-232x300.jpg 232w, https:\/\/buletin.de\/bucuresti\/wp-content\/uploads\/2025\/03\/defrisari-bd-timisoara-pol-locala-5-768x991.jpg 768w, https:\/\/buletin.de\/bucuresti\/wp-content\/uploads\/2025\/03\/defrisari-bd-timisoara-pol-locala-5-1100x1420.jpg 1100w, https:\/\/buletin.de\/bucuresti\/wp-content\/uploads\/2025\/03\/defrisari-bd-timisoara-pol-locala-5-600x774.jpg 600w, https:\/\/buletin.de\/bucuresti\/wp-content\/uploads\/2025\/03\/defrisari-bd-timisoara-pol-locala-5-20x26.jpg 20w, https:\/\/buletin.de\/bucuresti\/wp-content\/uploads\/2025\/03\/defrisari-bd-timisoara-pol-locala-5.jpg 1170w\" sizes=\"(max-width: 775px) 100vw, 775px\" \/><\/a><\/figure>\n<figcaption class=\"blocks-gallery-caption wp-element-caption\">foto: FB \/ Poli\u0163ia Local\u0103 Sector 6<\/figcaption><\/figure>\n\n\n\n<p>Poli\u021bi\u0219tii locali de la Protec\u021bia Mediului s-au autosesizat \u0219i au f\u0103cut verific\u0103ri al\u0103turi de colegii de la Disciplina \u00een Construc\u021bii.<\/p>\n\n\n\n<div class=\"wp-block-buttons is-content-justification-center is-layout-flex wp-container-core-buttons-is-layout-16018d1d wp-block-buttons-is-layout-flex\">\n<div class=\"wp-block-button has-custom-width wp-block-button__width-100\"><a class=\"wp-block-button__link wp-element-button\" href=\"https:\/\/www.patreon.com\/BuletinDeBucuresti\"><strong>Sus\u021bine Buletin de Bucure\u0219ti pentru investiga\u021bii, reportaje \u0219i \u0219tiri Locale<\/strong><\/a><\/div>\n<\/div>\n\n\n\n<p>Pe l\u00e2ng\u0103 sanc\u021biunea de 300.000 de lei pentru defri\u0219are ilegal\u0103, conform HCGMB 304\/2009, agen\u021bii au inventariat \u015fi restul copacilor care se afl\u0103 \u00een loca\u021bie \u015fi vor face reverific\u0103ri.<\/p>\n\n\n\n<p>Firmei i s-a pus \u00een vedere faptul c\u0103 trebuie s\u0103 replanteze \u00een compensare tot at\u00e2\u021bia arbori c\u00e2\u021bi au fost t\u0103ia\u021bi.<\/p>\n\n\n\n<p>Poli\u0163ia Local\u0103 spune c\u0103 vor urma \u201eample controale\u201d pe \u015fantierele din Sectorul 6. Pentru neregulile g\u0103site pot fi date amenzi sau chiar poate fi oprit\u0103 activitatea. <\/p>\n\n\n\n<figure class=\"wp-block-gallery has-nested-images columns-default is-cropped wp-block-gallery-2 is-layout-flex wp-block-gallery-is-layout-flex\">\n<figure class=\"wp-block-image size-large\"><a href=\"https:\/\/buletin.de\/bucuresti\/wp-content\/uploads\/2025\/03\/defrisari-bd-timisoara-pol-locala-3.jpg\"><img loading=\"lazy\" decoding=\"async\" width=\"1000\" height=\"684\" data-id=\"123263\" src=\"data:image\/gif;base64,R0lGODlhAQABAAAAACH5BAEKAAEALAAAAAABAAEAAAICTAEAOw==\" data-src=\"https:\/\/buletin.de\/bucuresti\/wp-content\/uploads\/2025\/03\/defrisari-bd-timisoara-pol-locala-3-1000x684.jpg\" alt=\"\" class=\"wp-image-123263 lazyload\" data-sizes=\"auto\" data-srcset=\"https:\/\/buletin.de\/bucuresti\/wp-content\/uploads\/2025\/03\/defrisari-bd-timisoara-pol-locala-3-1000x684.jpg 1000w, https:\/\/buletin.de\/bucuresti\/wp-content\/uploads\/2025\/03\/defrisari-bd-timisoara-pol-locala-3-300x205.jpg 300w, https:\/\/buletin.de\/bucuresti\/wp-content\/uploads\/2025\/03\/defrisari-bd-timisoara-pol-locala-3-768x525.jpg 768w, https:\/\/buletin.de\/bucuresti\/wp-content\/uploads\/2025\/03\/defrisari-bd-timisoara-pol-locala-3-1536x1051.jpg 1536w, https:\/\/buletin.de\/bucuresti\/wp-content\/uploads\/2025\/03\/defrisari-bd-timisoara-pol-locala-3-1100x753.jpg 1100w, https:\/\/buletin.de\/bucuresti\/wp-content\/uploads\/2025\/03\/defrisari-bd-timisoara-pol-locala-3-600x411.jpg 600w, https:\/\/buletin.de\/bucuresti\/wp-content\/uploads\/2025\/03\/defrisari-bd-timisoara-pol-locala-3-20x14.jpg 20w, https:\/\/buletin.de\/bucuresti\/wp-content\/uploads\/2025\/03\/defrisari-bd-timisoara-pol-locala-3.jpg 1599w\" sizes=\"(max-width: 1000px) 100vw, 1000px\" \/><\/a><\/figure>\n\n\n\n<figure class=\"wp-block-image size-large\"><a href=\"https:\/\/buletin.de\/bucuresti\/wp-content\/uploads\/2025\/03\/defrisari-bd-timisoara-pol-locala-6.jpg\"><img loading=\"lazy\" decoding=\"async\" width=\"1000\" height=\"695\" data-id=\"123265\" src=\"data:image\/gif;base64,R0lGODlhAQABAAAAACH5BAEKAAEALAAAAAABAAEAAAICTAEAOw==\" data-src=\"https:\/\/buletin.de\/bucuresti\/wp-content\/uploads\/2025\/03\/defrisari-bd-timisoara-pol-locala-6-1000x695.jpg\" alt=\"\" class=\"wp-image-123265 lazyload\" data-sizes=\"auto\" data-srcset=\"https:\/\/buletin.de\/bucuresti\/wp-content\/uploads\/2025\/03\/defrisari-bd-timisoara-pol-locala-6-1000x695.jpg 1000w, https:\/\/buletin.de\/bucuresti\/wp-content\/uploads\/2025\/03\/defrisari-bd-timisoara-pol-locala-6-300x208.jpg 300w, https:\/\/buletin.de\/bucuresti\/wp-content\/uploads\/2025\/03\/defrisari-bd-timisoara-pol-locala-6-768x534.jpg 768w, https:\/\/buletin.de\/bucuresti\/wp-content\/uploads\/2025\/03\/defrisari-bd-timisoara-pol-locala-6-1536x1067.jpg 1536w, https:\/\/buletin.de\/bucuresti\/wp-content\/uploads\/2025\/03\/defrisari-bd-timisoara-pol-locala-6-1100x764.jpg 1100w, https:\/\/buletin.de\/bucuresti\/wp-content\/uploads\/2025\/03\/defrisari-bd-timisoara-pol-locala-6-600x417.jpg 600w, https:\/\/buletin.de\/bucuresti\/wp-content\/uploads\/2025\/03\/defrisari-bd-timisoara-pol-locala-6-20x14.jpg 20w, https:\/\/buletin.de\/bucuresti\/wp-content\/uploads\/2025\/03\/defrisari-bd-timisoara-pol-locala-6.jpg 1599w\" sizes=\"(max-width: 1000px) 100vw, 1000px\" \/><\/a><\/figure>\n\n\n\n<figure class=\"wp-block-image size-large\"><a href=\"https:\/\/buletin.de\/bucuresti\/wp-content\/uploads\/2025\/03\/defrisari-bd-timisoara-pol-locala-7.jpg\"><img loading=\"lazy\" decoding=\"async\" width=\"1000\" height=\"738\" data-id=\"123264\" src=\"data:image\/gif;base64,R0lGODlhAQABAAAAACH5BAEKAAEALAAAAAABAAEAAAICTAEAOw==\" data-src=\"https:\/\/buletin.de\/bucuresti\/wp-content\/uploads\/2025\/03\/defrisari-bd-timisoara-pol-locala-7-1000x738.jpg\" alt=\"\" class=\"wp-image-123264 lazyload\" data-sizes=\"auto\" data-srcset=\"https:\/\/buletin.de\/bucuresti\/wp-content\/uploads\/2025\/03\/defrisari-bd-timisoara-pol-locala-7-1000x738.jpg 1000w, https:\/\/buletin.de\/bucuresti\/wp-content\/uploads\/2025\/03\/defrisari-bd-timisoara-pol-locala-7-300x221.jpg 300w, https:\/\/buletin.de\/bucuresti\/wp-content\/uploads\/2025\/03\/defrisari-bd-timisoara-pol-locala-7-768x567.jpg 768w, https:\/\/buletin.de\/bucuresti\/wp-content\/uploads\/2025\/03\/defrisari-bd-timisoara-pol-locala-7-1536x1134.jpg 1536w, https:\/\/buletin.de\/bucuresti\/wp-content\/uploads\/2025\/03\/defrisari-bd-timisoara-pol-locala-7-1100x812.jpg 1100w, https:\/\/buletin.de\/bucuresti\/wp-content\/uploads\/2025\/03\/defrisari-bd-timisoara-pol-locala-7-600x443.jpg 600w, https:\/\/buletin.de\/bucuresti\/wp-content\/uploads\/2025\/03\/defrisari-bd-timisoara-pol-locala-7-20x15.jpg 20w, https:\/\/buletin.de\/bucuresti\/wp-content\/uploads\/2025\/03\/defrisari-bd-timisoara-pol-locala-7.jpg 1599w\" sizes=\"(max-width: 1000px) 100vw, 1000px\" \/><\/a><\/figure>\n<figcaption class=\"blocks-gallery-caption wp-element-caption\">foto: FB \/ Poli\u0163ia Local\u0103 Sector 6<\/figcaption><\/figure>\n\n\n\n<h2 class=\"wp-block-heading\" id=\"h-amenda-pentru-un-dezvoltator-si-in-august-2024\">Amend\u0103 pentru un dezvoltator \u015fi \u00een august 2024<\/h2>\n\n\n\n<p>Un caz similar, tot pe bulevardul Timi\u015foara, a fost \u00een august 2024. Atunci, fuseser\u0103 pu\u015fi la p\u0103m\u00e2nt 20 de copaci, drept urmare a fost dat\u0103 o amend\u0103 de 200.000 de lei. <\/p>\n\n\n\n<p>Dezvoltatorul imobiliar fusese somat de autorit\u0103\u021bi pentru a-\u015fi cur\u0103\u021ba terenul de gunoaie, precum \u015fi de vegeta\u021bia \u00een plus (inclusiv ambrozie), motiv pentru care a contractat o firm\u0103 \u00een acest sens.<\/p>\n\n\n\n<p>Totu\u0219i, vegeta\u021bia a fost t\u0103iat\u0103 haotic, \u00een acest proces fiind m\u0103cel\u0103ri\u021bi \u0219i 20 copaci, transmitea Prim\u0103ria Sectorului 6 printr-<a href=\"https:\/\/www.facebook.com\/politia6\/posts\/pfbid02Wnzsiec38SR3veFnyzTJMw3qmbtvywaMYx6T27RUsxY9V5PT5nsSeQMfu9G4ihogl?__cft__[0]=AZUWeT0wM-ZSf8OTI9eVgZvbQhPv9o6eXMj1FYAwEl76lY3miRiMAZUivBXnsieTJ3wcek5PxzM-rrbc16Vo3O81e6-Z3xZBDJFZ8RkvmTUVaqLfkc_uMCSftW-Rft0C_APgvDcXJzgWW_LvRnhoKVA_aXpU2rz6JVh2hOL0pH31bhP_BibmTzk9JoPGHPhbFtA&amp;__tn__=%2CO%2CP-R\">o postare de Facebook<\/a>.<\/p>\n\n\n\n<p>Locuitorii din zon\u0103 au sesizat autorit\u0103\u021bile cu privire la defri\u0219\u0103rile ilegale de pe Bulevardul Timi\u0219oara, iar dezvoltatorul imobiliar a fost amendat cu 200.000 lei de c\u0103tre Poli\u021bia Local\u0103.<\/p>\n\n\n\n<p><strong>CITE\u015eTE \u015eI:<\/strong> <a href=\"https:\/\/buletin.de\/bucuresti\/sector-6-defrisari-ilegale-pe-bulevardul-timisoara-amenda-de-200-000-lei-pentru-un-dezvoltator-imobiliar\/\">Sector 6 |\u00a0Defri\u0219\u0103ri ilegale pe Bulevardul Timi\u0219oara. Amend\u0103 de 200.000 lei pentru un dezvoltator imobiliar<\/a><br><\/p>\n\n\n\n<p><\/p>\n","protected":false},"excerpt":{"rendered":"<p>O amend\u0103 de 300.000 de lei (aproximativ 60.000 de euro) a fost dat\u0103 unui dezvoltator care ridic\u0103 un complex imobiliar pe bulevardul Timi\u015foara, din Sectorul 6 al Capitalei. Poli\u0163ia Local\u0103 i-a dat aceast\u0103 amend\u0103 pentru c\u0103 a defri\u015fat, f\u0103r\u0103 aviz, 30 de copaci de pe teritoriul \u015fantierului. Conform Hot\u0103r\u00e2rii de Consiliu General al Municipiului Bucure\u015fti [&hellip;]<\/p>\n","protected":false},"author":8,"featured_media":123253,"comment_status":"closed","ping_status":"open","sticky":false,"template":"","format":"standard","meta":{"_acf_changed":false,"inline_featured_image":false,"ngg_post_thumbnail":0,"footnotes":""},"categories":[6994,9026,109,24,62],"tags":[11171,19952,6770,3513,523,19951],"ppma_author":[22586],"class_list":["post-123240","post","type-post","status-publish","format-standard","has-post-thumbnail","hentry","category-stiri-2","category-eveniment","category-mediu","category-primarie","category-stiri","tag-defrisari-ilegale","tag-dezvoltator-imobiliar-amendat-sector-6","tag-politia-locala-sector-6","tag-primaria-sectorului-6","tag-sector-6","tag-taieri-copaci-bulevardul-timisoara"],"acf":[],"yoast_head":"<!-- This site is optimized with the Yoast SEO Premium plugin v25.3 (Yoast SEO v27.4) - https:\/\/yoast.com\/product\/yoast-seo-premium-wordpress\/ -->\n<title>Amend\u0103 de 300.000 de lei pentru un dezvoltator imobiliar de pe bulevardul Timi\u015foara, dup\u0103 ce a t\u0103iat mai mul\u0163i copaci - Buletin de Bucure\u0219ti<\/title>\n<meta name=\"description\" content=\"O amend\u0103 de 300.000 de lei (aproximativ 60.000 de euro) a fost dat\u0103 unui dezvoltator care ridic\u0103 un complex imobiliar\" \/>\n<meta name=\"robots\" content=\"index, follow, max-snippet:-1, max-image-preview:large, max-video-preview:-1\" \/>\n<link rel=\"canonical\" href=\"https:\/\/buletin.de\/bucuresti\/amenda-de-300-000-de-lei-pentru-un-dezvoltator-imobiliar-de-pe-bulevardul-timisoara-dupa-ce-a-taiat-mai-multi-copaci\/\" \/>\n<meta property=\"og:locale\" content=\"en_GB\" \/>\n<meta property=\"og:type\" content=\"article\" \/>\n<meta property=\"og:title\" content=\"Amend\u0103 de 300.000 de lei pentru un dezvoltator imobiliar de pe bulevardul Timi\u015foara, dup\u0103 ce a t\u0103iat mai mul\u0163i copaci\" \/>\n<meta property=\"og:description\" content=\"O amend\u0103 de 300.000 de lei (aproximativ 60.000 de euro) a fost dat\u0103 unui dezvoltator care ridic\u0103 un complex imobiliar\" \/>\n<meta property=\"og:url\" content=\"https:\/\/buletin.de\/bucuresti\/amenda-de-300-000-de-lei-pentru-un-dezvoltator-imobiliar-de-pe-bulevardul-timisoara-dupa-ce-a-taiat-mai-multi-copaci\/\" \/>\n<meta property=\"og:site_name\" content=\"Buletin de Bucure\u0219ti\" \/>\n<meta property=\"article:publisher\" content=\"https:\/\/www.facebook.com\/buletin.de.buc\" \/>\n<meta property=\"article:published_time\" content=\"2025-03-19T10:38:27+00:00\" \/>\n<meta property=\"article:modified_time\" content=\"2025-03-19T15:50:25+00:00\" \/>\n<meta property=\"og:image\" content=\"https:\/\/buletin.de\/bucuresti\/wp-content\/uploads\/2025\/03\/defrisari-bd-timisoara-pol-locala-4.jpg\" \/>\n\t<meta property=\"og:image:width\" content=\"1599\" \/>\n\t<meta property=\"og:image:height\" content=\"1133\" \/>\n\t<meta property=\"og:image:type\" content=\"image\/jpeg\" \/>\n<meta name=\"author\" content=\"Ionu\u021b Lepa\" \/>\n<meta name=\"twitter:card\" content=\"summary_large_image\" \/>\n<meta name=\"twitter:label1\" content=\"Written by\" \/>\n\t<meta name=\"twitter:data1\" content=\"Ionu\u021b Lepa\" \/>\n\t<meta name=\"twitter:label2\" content=\"Estimated reading time\" \/>\n\t<meta name=\"twitter:data2\" content=\"3 minutes\" \/>\n<script type=\"application\/ld+json\" class=\"yoast-schema-graph\">{\"@context\":\"https:\\\/\\\/schema.org\",\"@graph\":[{\"@type\":\"Article\",\"@id\":\"https:\\\/\\\/buletin.de\\\/bucuresti\\\/amenda-de-300-000-de-lei-pentru-un-dezvoltator-imobiliar-de-pe-bulevardul-timisoara-dupa-ce-a-taiat-mai-multi-copaci\\\/#article\",\"isPartOf\":{\"@id\":\"https:\\\/\\\/buletin.de\\\/bucuresti\\\/amenda-de-300-000-de-lei-pentru-un-dezvoltator-imobiliar-de-pe-bulevardul-timisoara-dupa-ce-a-taiat-mai-multi-copaci\\\/\"},\"author\":{\"name\":\"Ionu\u021b Lepa\",\"@id\":\"https:\\\/\\\/buletin.de\\\/bucuresti\\\/#\\\/schema\\\/person\\\/5272b8a057b33890940b57b837fc4ce6\"},\"headline\":\"Amend\u0103 de 300.000 de lei pentru un dezvoltator imobiliar de pe bulevardul Timi\u015foara, dup\u0103 ce a t\u0103iat mai mul\u0163i copaci\",\"datePublished\":\"2025-03-19T10:38:27+00:00\",\"dateModified\":\"2025-03-19T15:50:25+00:00\",\"mainEntityOfPage\":{\"@id\":\"https:\\\/\\\/buletin.de\\\/bucuresti\\\/amenda-de-300-000-de-lei-pentru-un-dezvoltator-imobiliar-de-pe-bulevardul-timisoara-dupa-ce-a-taiat-mai-multi-copaci\\\/\"},\"wordCount\":381,\"publisher\":{\"@id\":\"https:\\\/\\\/buletin.de\\\/bucuresti\\\/#organization\"},\"image\":{\"@id\":\"https:\\\/\\\/buletin.de\\\/bucuresti\\\/amenda-de-300-000-de-lei-pentru-un-dezvoltator-imobiliar-de-pe-bulevardul-timisoara-dupa-ce-a-taiat-mai-multi-copaci\\\/#primaryimage\"},\"thumbnailUrl\":\"https:\\\/\\\/buletin.de\\\/bucuresti\\\/wp-content\\\/uploads\\\/2025\\\/03\\\/defrisari-bd-timisoara-pol-locala-4.jpg\",\"keywords\":[\"defrisari ilegale\",\"dezvoltator imobiliar amendat sector 6\",\"politia locala sector 6\",\"primaria sectorului 6\",\"Sector 6\",\"taieri copaci bulevardul timisoara\"],\"articleSection\":[\"Articole\",\"Eveniment\",\"Mediu\",\"Prim\u0103rie\",\"\u0218tiri\"],\"inLanguage\":\"en-GB\",\"copyrightYear\":\"2025\",\"copyrightHolder\":{\"@id\":\"https:\\\/\\\/buletin.de\\\/bucuresti\\\/#organization\"}},{\"@type\":\"WebPage\",\"@id\":\"https:\\\/\\\/buletin.de\\\/bucuresti\\\/amenda-de-300-000-de-lei-pentru-un-dezvoltator-imobiliar-de-pe-bulevardul-timisoara-dupa-ce-a-taiat-mai-multi-copaci\\\/\",\"url\":\"https:\\\/\\\/buletin.de\\\/bucuresti\\\/amenda-de-300-000-de-lei-pentru-un-dezvoltator-imobiliar-de-pe-bulevardul-timisoara-dupa-ce-a-taiat-mai-multi-copaci\\\/\",\"name\":\"Amend\u0103 de 300.000 de lei pentru un dezvoltator imobiliar de pe bulevardul Timi\u015foara, dup\u0103 ce a t\u0103iat mai mul\u0163i copaci - Buletin de Bucure\u0219ti\",\"isPartOf\":{\"@id\":\"https:\\\/\\\/buletin.de\\\/bucuresti\\\/#website\"},\"primaryImageOfPage\":{\"@id\":\"https:\\\/\\\/buletin.de\\\/bucuresti\\\/amenda-de-300-000-de-lei-pentru-un-dezvoltator-imobiliar-de-pe-bulevardul-timisoara-dupa-ce-a-taiat-mai-multi-copaci\\\/#primaryimage\"},\"image\":{\"@id\":\"https:\\\/\\\/buletin.de\\\/bucuresti\\\/amenda-de-300-000-de-lei-pentru-un-dezvoltator-imobiliar-de-pe-bulevardul-timisoara-dupa-ce-a-taiat-mai-multi-copaci\\\/#primaryimage\"},\"thumbnailUrl\":\"https:\\\/\\\/buletin.de\\\/bucuresti\\\/wp-content\\\/uploads\\\/2025\\\/03\\\/defrisari-bd-timisoara-pol-locala-4.jpg\",\"datePublished\":\"2025-03-19T10:38:27+00:00\",\"dateModified\":\"2025-03-19T15:50:25+00:00\",\"description\":\"O amend\u0103 de 300.000 de lei (aproximativ 60.000 de euro) a fost dat\u0103 unui dezvoltator care ridic\u0103 un complex imobiliar\",\"breadcrumb\":{\"@id\":\"https:\\\/\\\/buletin.de\\\/bucuresti\\\/amenda-de-300-000-de-lei-pentru-un-dezvoltator-imobiliar-de-pe-bulevardul-timisoara-dupa-ce-a-taiat-mai-multi-copaci\\\/#breadcrumb\"},\"inLanguage\":\"en-GB\",\"potentialAction\":[{\"@type\":\"ReadAction\",\"target\":[\"https:\\\/\\\/buletin.de\\\/bucuresti\\\/amenda-de-300-000-de-lei-pentru-un-dezvoltator-imobiliar-de-pe-bulevardul-timisoara-dupa-ce-a-taiat-mai-multi-copaci\\\/\"]}]},{\"@type\":\"ImageObject\",\"inLanguage\":\"en-GB\",\"@id\":\"https:\\\/\\\/buletin.de\\\/bucuresti\\\/amenda-de-300-000-de-lei-pentru-un-dezvoltator-imobiliar-de-pe-bulevardul-timisoara-dupa-ce-a-taiat-mai-multi-copaci\\\/#primaryimage\",\"url\":\"https:\\\/\\\/buletin.de\\\/bucuresti\\\/wp-content\\\/uploads\\\/2025\\\/03\\\/defrisari-bd-timisoara-pol-locala-4.jpg\",\"contentUrl\":\"https:\\\/\\\/buletin.de\\\/bucuresti\\\/wp-content\\\/uploads\\\/2025\\\/03\\\/defrisari-bd-timisoara-pol-locala-4.jpg\",\"width\":1599,\"height\":1133,\"caption\":\"Amend\u0103 pentru un dezvoltator care a t\u0103iat ilegal 30 de copaci. FOTO: FB \\\/ Poli\u0163ia Local\u0103 Sector 6\"},{\"@type\":\"BreadcrumbList\",\"@id\":\"https:\\\/\\\/buletin.de\\\/bucuresti\\\/amenda-de-300-000-de-lei-pentru-un-dezvoltator-imobiliar-de-pe-bulevardul-timisoara-dupa-ce-a-taiat-mai-multi-copaci\\\/#breadcrumb\",\"itemListElement\":[{\"@type\":\"ListItem\",\"position\":1,\"name\":\"Acas\u0103\",\"item\":\"https:\\\/\\\/buletin.de\\\/bucuresti\\\/\"},{\"@type\":\"ListItem\",\"position\":2,\"name\":\"Amend\u0103 de 300.000 de lei pentru un dezvoltator imobiliar de pe bulevardul Timi\u015foara, dup\u0103 ce a t\u0103iat mai mul\u0163i copaci\"}]},{\"@type\":\"WebSite\",\"@id\":\"https:\\\/\\\/buletin.de\\\/bucuresti\\\/#website\",\"url\":\"https:\\\/\\\/buletin.de\\\/bucuresti\\\/\",\"name\":\"Buletin de Bucure\u0219ti\",\"description\":\"\u0218tiri \u0219i investiga\u021bii esen\u021biale din capital\u0103\",\"publisher\":{\"@id\":\"https:\\\/\\\/buletin.de\\\/bucuresti\\\/#organization\"},\"potentialAction\":[{\"@type\":\"SearchAction\",\"target\":{\"@type\":\"EntryPoint\",\"urlTemplate\":\"https:\\\/\\\/buletin.de\\\/bucuresti\\\/?s={search_term_string}\"},\"query-input\":{\"@type\":\"PropertyValueSpecification\",\"valueRequired\":true,\"valueName\":\"search_term_string\"}}],\"inLanguage\":\"en-GB\"},{\"@type\":\"Organization\",\"@id\":\"https:\\\/\\\/buletin.de\\\/bucuresti\\\/#organization\",\"name\":\"Buletin de Bucure\u0219ti\",\"url\":\"https:\\\/\\\/buletin.de\\\/bucuresti\\\/\",\"logo\":{\"@type\":\"ImageObject\",\"inLanguage\":\"en-GB\",\"@id\":\"https:\\\/\\\/buletin.de\\\/bucuresti\\\/#\\\/schema\\\/logo\\\/image\\\/\",\"url\":\"https:\\\/\\\/buletin.de\\\/bucuresti\\\/wp-content\\\/uploads\\\/logo-bdb-full-wide-vernil-transparent.png\",\"contentUrl\":\"https:\\\/\\\/buletin.de\\\/bucuresti\\\/wp-content\\\/uploads\\\/logo-bdb-full-wide-vernil-transparent.png\",\"width\":1782,\"height\":626,\"caption\":\"Buletin de Bucure\u0219ti\"},\"image\":{\"@id\":\"https:\\\/\\\/buletin.de\\\/bucuresti\\\/#\\\/schema\\\/logo\\\/image\\\/\"},\"sameAs\":[\"https:\\\/\\\/www.facebook.com\\\/buletin.de.buc\",\"https:\\\/\\\/www.instagram.com\\\/buletinde.bucuresti\\\/\"]},{\"@type\":\"Person\",\"@id\":\"https:\\\/\\\/buletin.de\\\/bucuresti\\\/#\\\/schema\\\/person\\\/5272b8a057b33890940b57b837fc4ce6\",\"name\":\"Ionu\u021b Lepa\",\"image\":{\"@type\":\"ImageObject\",\"inLanguage\":\"en-GB\",\"@id\":\"https:\\\/\\\/buletin.de\\\/bucuresti\\\/wp-content\\\/uploads\\\/Ionut-Lepa-96x96.jpg5c4e4d9e049808799a8821652d2410a4\",\"url\":\"https:\\\/\\\/buletin.de\\\/bucuresti\\\/wp-content\\\/uploads\\\/Ionut-Lepa-96x96.jpg\",\"contentUrl\":\"https:\\\/\\\/buletin.de\\\/bucuresti\\\/wp-content\\\/uploads\\\/Ionut-Lepa-96x96.jpg\",\"caption\":\"Ionu\u021b Lepa\"},\"url\":\"https:\\\/\\\/buletin.de\\\/bucuresti\\\/author\\\/ionutlepa\\\/\"}]}<\/script>\n<!-- \/ Yoast SEO Premium plugin. -->","yoast_head_json":{"title":"Amend\u0103 de 300.000 de lei pentru un dezvoltator imobiliar de pe bulevardul Timi\u015foara, dup\u0103 ce a t\u0103iat mai mul\u0163i copaci - Buletin de Bucure\u0219ti","description":"O amend\u0103 de 300.000 de lei (aproximativ 60.000 de euro) a fost dat\u0103 unui dezvoltator care ridic\u0103 un complex imobiliar","robots":{"index":"index","follow":"follow","max-snippet":"max-snippet:-1","max-image-preview":"max-image-preview:large","max-video-preview":"max-video-preview:-1"},"canonical":"https:\/\/buletin.de\/bucuresti\/amenda-de-300-000-de-lei-pentru-un-dezvoltator-imobiliar-de-pe-bulevardul-timisoara-dupa-ce-a-taiat-mai-multi-copaci\/","og_locale":"en_GB","og_type":"article","og_title":"Amend\u0103 de 300.000 de lei pentru un dezvoltator imobiliar de pe bulevardul Timi\u015foara, dup\u0103 ce a t\u0103iat mai mul\u0163i copaci","og_description":"O amend\u0103 de 300.000 de lei (aproximativ 60.000 de euro) a fost dat\u0103 unui dezvoltator care ridic\u0103 un complex imobiliar","og_url":"https:\/\/buletin.de\/bucuresti\/amenda-de-300-000-de-lei-pentru-un-dezvoltator-imobiliar-de-pe-bulevardul-timisoara-dupa-ce-a-taiat-mai-multi-copaci\/","og_site_name":"Buletin de Bucure\u0219ti","article_publisher":"https:\/\/www.facebook.com\/buletin.de.buc","article_published_time":"2025-03-19T10:38:27+00:00","article_modified_time":"2025-03-19T15:50:25+00:00","og_image":[{"width":1599,"height":1133,"url":"https:\/\/buletin.de\/bucuresti\/wp-content\/uploads\/2025\/03\/defrisari-bd-timisoara-pol-locala-4.jpg","type":"image\/jpeg"}],"author":"Ionu\u021b Lepa","twitter_card":"summary_large_image","twitter_misc":{"Written by":"Ionu\u021b Lepa","Estimated reading time":"3 minutes"},"schema":{"@context":"https:\/\/schema.org","@graph":[{"@type":"Article","@id":"https:\/\/buletin.de\/bucuresti\/amenda-de-300-000-de-lei-pentru-un-dezvoltator-imobiliar-de-pe-bulevardul-timisoara-dupa-ce-a-taiat-mai-multi-copaci\/#article","isPartOf":{"@id":"https:\/\/buletin.de\/bucuresti\/amenda-de-300-000-de-lei-pentru-un-dezvoltator-imobiliar-de-pe-bulevardul-timisoara-dupa-ce-a-taiat-mai-multi-copaci\/"},"author":{"name":"Ionu\u021b Lepa","@id":"https:\/\/buletin.de\/bucuresti\/#\/schema\/person\/5272b8a057b33890940b57b837fc4ce6"},"headline":"Amend\u0103 de 300.000 de lei pentru un dezvoltator imobiliar de pe bulevardul Timi\u015foara, dup\u0103 ce a t\u0103iat mai mul\u0163i copaci","datePublished":"2025-03-19T10:38:27+00:00","dateModified":"2025-03-19T15:50:25+00:00","mainEntityOfPage":{"@id":"https:\/\/buletin.de\/bucuresti\/amenda-de-300-000-de-lei-pentru-un-dezvoltator-imobiliar-de-pe-bulevardul-timisoara-dupa-ce-a-taiat-mai-multi-copaci\/"},"wordCount":381,"publisher":{"@id":"https:\/\/buletin.de\/bucuresti\/#organization"},"image":{"@id":"https:\/\/buletin.de\/bucuresti\/amenda-de-300-000-de-lei-pentru-un-dezvoltator-imobiliar-de-pe-bulevardul-timisoara-dupa-ce-a-taiat-mai-multi-copaci\/#primaryimage"},"thumbnailUrl":"https:\/\/buletin.de\/bucuresti\/wp-content\/uploads\/2025\/03\/defrisari-bd-timisoara-pol-locala-4.jpg","keywords":["defrisari ilegale","dezvoltator imobiliar amendat sector 6","politia locala sector 6","primaria sectorului 6","Sector 6","taieri copaci bulevardul timisoara"],"articleSection":["Articole","Eveniment","Mediu","Prim\u0103rie","\u0218tiri"],"inLanguage":"en-GB","copyrightYear":"2025","copyrightHolder":{"@id":"https:\/\/buletin.de\/bucuresti\/#organization"}},{"@type":"WebPage","@id":"https:\/\/buletin.de\/bucuresti\/amenda-de-300-000-de-lei-pentru-un-dezvoltator-imobiliar-de-pe-bulevardul-timisoara-dupa-ce-a-taiat-mai-multi-copaci\/","url":"https:\/\/buletin.de\/bucuresti\/amenda-de-300-000-de-lei-pentru-un-dezvoltator-imobiliar-de-pe-bulevardul-timisoara-dupa-ce-a-taiat-mai-multi-copaci\/","name":"Amend\u0103 de 300.000 de lei pentru un dezvoltator imobiliar de pe bulevardul Timi\u015foara, dup\u0103 ce a t\u0103iat mai mul\u0163i copaci - Buletin de Bucure\u0219ti","isPartOf":{"@id":"https:\/\/buletin.de\/bucuresti\/#website"},"primaryImageOfPage":{"@id":"https:\/\/buletin.de\/bucuresti\/amenda-de-300-000-de-lei-pentru-un-dezvoltator-imobiliar-de-pe-bulevardul-timisoara-dupa-ce-a-taiat-mai-multi-copaci\/#primaryimage"},"image":{"@id":"https:\/\/buletin.de\/bucuresti\/amenda-de-300-000-de-lei-pentru-un-dezvoltator-imobiliar-de-pe-bulevardul-timisoara-dupa-ce-a-taiat-mai-multi-copaci\/#primaryimage"},"thumbnailUrl":"https:\/\/buletin.de\/bucuresti\/wp-content\/uploads\/2025\/03\/defrisari-bd-timisoara-pol-locala-4.jpg","datePublished":"2025-03-19T10:38:27+00:00","dateModified":"2025-03-19T15:50:25+00:00","description":"O amend\u0103 de 300.000 de lei (aproximativ 60.000 de euro) a fost dat\u0103 unui dezvoltator care ridic\u0103 un complex imobiliar","breadcrumb":{"@id":"https:\/\/buletin.de\/bucuresti\/amenda-de-300-000-de-lei-pentru-un-dezvoltator-imobiliar-de-pe-bulevardul-timisoara-dupa-ce-a-taiat-mai-multi-copaci\/#breadcrumb"},"inLanguage":"en-GB","potentialAction":[{"@type":"ReadAction","target":["https:\/\/buletin.de\/bucuresti\/amenda-de-300-000-de-lei-pentru-un-dezvoltator-imobiliar-de-pe-bulevardul-timisoara-dupa-ce-a-taiat-mai-multi-copaci\/"]}]},{"@type":"ImageObject","inLanguage":"en-GB","@id":"https:\/\/buletin.de\/bucuresti\/amenda-de-300-000-de-lei-pentru-un-dezvoltator-imobiliar-de-pe-bulevardul-timisoara-dupa-ce-a-taiat-mai-multi-copaci\/#primaryimage","url":"https:\/\/buletin.de\/bucuresti\/wp-content\/uploads\/2025\/03\/defrisari-bd-timisoara-pol-locala-4.jpg","contentUrl":"https:\/\/buletin.de\/bucuresti\/wp-content\/uploads\/2025\/03\/defrisari-bd-timisoara-pol-locala-4.jpg","width":1599,"height":1133,"caption":"Amend\u0103 pentru un dezvoltator care a t\u0103iat ilegal 30 de copaci. FOTO: FB \/ Poli\u0163ia Local\u0103 Sector 6"},{"@type":"BreadcrumbList","@id":"https:\/\/buletin.de\/bucuresti\/amenda-de-300-000-de-lei-pentru-un-dezvoltator-imobiliar-de-pe-bulevardul-timisoara-dupa-ce-a-taiat-mai-multi-copaci\/#breadcrumb","itemListElement":[{"@type":"ListItem","position":1,"name":"Acas\u0103","item":"https:\/\/buletin.de\/bucuresti\/"},{"@type":"ListItem","position":2,"name":"Amend\u0103 de 300.000 de lei pentru un dezvoltator imobiliar de pe bulevardul Timi\u015foara, dup\u0103 ce a t\u0103iat mai mul\u0163i copaci"}]},{"@type":"WebSite","@id":"https:\/\/buletin.de\/bucuresti\/#website","url":"https:\/\/buletin.de\/bucuresti\/","name":"Buletin de Bucure\u0219ti","description":"\u0218tiri \u0219i investiga\u021bii esen\u021biale din capital\u0103","publisher":{"@id":"https:\/\/buletin.de\/bucuresti\/#organization"},"potentialAction":[{"@type":"SearchAction","target":{"@type":"EntryPoint","urlTemplate":"https:\/\/buletin.de\/bucuresti\/?s={search_term_string}"},"query-input":{"@type":"PropertyValueSpecification","valueRequired":true,"valueName":"search_term_string"}}],"inLanguage":"en-GB"},{"@type":"Organization","@id":"https:\/\/buletin.de\/bucuresti\/#organization","name":"Buletin de Bucure\u0219ti","url":"https:\/\/buletin.de\/bucuresti\/","logo":{"@type":"ImageObject","inLanguage":"en-GB","@id":"https:\/\/buletin.de\/bucuresti\/#\/schema\/logo\/image\/","url":"https:\/\/buletin.de\/bucuresti\/wp-content\/uploads\/logo-bdb-full-wide-vernil-transparent.png","contentUrl":"https:\/\/buletin.de\/bucuresti\/wp-content\/uploads\/logo-bdb-full-wide-vernil-transparent.png","width":1782,"height":626,"caption":"Buletin de Bucure\u0219ti"},"image":{"@id":"https:\/\/buletin.de\/bucuresti\/#\/schema\/logo\/image\/"},"sameAs":["https:\/\/www.facebook.com\/buletin.de.buc","https:\/\/www.instagram.com\/buletinde.bucuresti\/"]},{"@type":"Person","@id":"https:\/\/buletin.de\/bucuresti\/#\/schema\/person\/5272b8a057b33890940b57b837fc4ce6","name":"Ionu\u021b Lepa","image":{"@type":"ImageObject","inLanguage":"en-GB","@id":"https:\/\/buletin.de\/bucuresti\/wp-content\/uploads\/Ionut-Lepa-96x96.jpg5c4e4d9e049808799a8821652d2410a4","url":"https:\/\/buletin.de\/bucuresti\/wp-content\/uploads\/Ionut-Lepa-96x96.jpg","contentUrl":"https:\/\/buletin.de\/bucuresti\/wp-content\/uploads\/Ionut-Lepa-96x96.jpg","caption":"Ionu\u021b Lepa"},"url":"https:\/\/buletin.de\/bucuresti\/author\/ionutlepa\/"}]}},"authors":[{"term_id":22586,"user_id":8,"is_guest":0,"slug":"ionutlepa","display_name":"Ionu\u021b Lepa","avatar_url":"https:\/\/buletin.de\/bucuresti\/wp-content\/uploads\/Ionut-Lepa-96x96.jpg","0":null,"1":"","2":"","3":"","4":"","5":"","6":"","7":"","8":""}],"_links":{"self":[{"href":"https:\/\/buletin.de\/bucuresti\/wp-json\/wp\/v2\/posts\/123240","targetHints":{"allow":["GET"]}}],"collection":[{"href":"https:\/\/buletin.de\/bucuresti\/wp-json\/wp\/v2\/posts"}],"about":[{"href":"https:\/\/buletin.de\/bucuresti\/wp-json\/wp\/v2\/types\/post"}],"author":[{"embeddable":true,"href":"https:\/\/buletin.de\/bucuresti\/wp-json\/wp\/v2\/users\/8"}],"replies":[{"embeddable":true,"href":"https:\/\/buletin.de\/bucuresti\/wp-json\/wp\/v2\/comments?post=123240"}],"version-history":[{"count":2,"href":"https:\/\/buletin.de\/bucuresti\/wp-json\/wp\/v2\/posts\/123240\/revisions"}],"predecessor-version":[{"id":123266,"href":"https:\/\/buletin.de\/bucuresti\/wp-json\/wp\/v2\/posts\/123240\/revisions\/123266"}],"wp:featuredmedia":[{"embeddable":true,"href":"https:\/\/buletin.de\/bucuresti\/wp-json\/wp\/v2\/media\/123253"}],"wp:attachment":[{"href":"https:\/\/buletin.de\/bucuresti\/wp-json\/wp\/v2\/media?parent=123240"}],"wp:term":[{"taxonomy":"category","embeddable":true,"href":"https:\/\/buletin.de\/bucuresti\/wp-json\/wp\/v2\/categories?post=123240"},{"taxonomy":"post_tag","embeddable":true,"href":"https:\/\/buletin.de\/bucuresti\/wp-json\/wp\/v2\/tags?post=123240"},{"taxonomy":"author","embeddable":true,"href":"https:\/\/buletin.de\/bucuresti\/wp-json\/wp\/v2\/ppma_author?post=123240"}],"curies":[{"name":"wp","href":"https:\/\/api.w.org\/{rel}","templated":true}]}}