{"id":123205,"date":"2025-03-18T21:04:27","date_gmt":"2025-03-18T18:04:27","guid":{"rendered":"https:\/\/buletin.de\/bucuresti\/?p=123205"},"modified":"2025-03-18T21:08:27","modified_gmt":"2025-03-18T18:08:27","slug":"fosta-contabila-a-teatrului-bulandra-trimisa-in-judecata-pentru-ca-a-inventat-actori-prejudiciu-800-000-de-euro","status":"publish","type":"post","link":"https:\/\/buletin.de\/bucuresti\/fosta-contabila-a-teatrului-bulandra-trimisa-in-judecata-pentru-ca-a-inventat-actori-prejudiciu-800-000-de-euro\/","title":{"rendered":"Fosta contabil\u0103 a Teatrului Bulandra, trimis\u0103 \u00een judecat\u0103 pentru c\u0103 a inventat actori. Prejudiciu: 800.000 de euro"},"content":{"rendered":"\n<p><strong>Fosta contabil\u0103 a Teatrului Bulandra din Bucure\u0219ti \u0219i o coleg\u0103 de-a sa din cadrul institu\u021biei au fost trimise \u00een judecat\u0103 pentru s\u0103v\u00e2r\u0219irea infrac\u021biunilor de delapidare cu consecin\u021be deosebit de grave \u0219i complicitate la delapidare cu consecin\u021be deosebit de grave, potrivit unui <a href=\"https:\/\/www.mpublic.ro\/ro\/content\/comunicate-de-presa\" target=\"_blank\" rel=\"noreferrer noopener\">comunicat<\/a> transmis mar\u021bi de Parchetul de pe l\u00e2ng\u0103 Tribunalul Bucure\u0219ti. <\/strong><\/p>\n\n\n\n<p><strong>Cele dou\u0103 femei sunt acuzate c\u0103 ar fi furat din caseria teatrului aproape 800.000 de euro \u00eentr-un an \u0219i jum\u0103tate.<\/strong><\/p>\n\n\n\n<h2 class=\"wp-block-heading\" id=\"h-fosta-contabila-a-teatrului-bulandra-a-inventat-contracte-cu-actori\">Fosta contabil\u0103 a Teatrului Bulandra a inventat contracte cu actori<\/h2>\n\n\n\n<p>Procurorii men\u021bioneaz\u0103 c\u0103, \u00een perioada februarie 2018 \u2013 august 2019, una dintre inculpate, \u00een calitate de contabil-\u0219ef \u00een cadrul Teatrului Municipal \u201eLucia Sturdza-Bulandra\u201d, \u0219i-a \u00eensu\u0219it suma total\u0103 de <strong><mark style=\"background-color:rgba(0, 0, 0, 0)\" class=\"has-inline-color has-vivid-red-color\">3.914.570 lei din casieria institu\u021biei<\/mark><\/strong>, prin efectuarea a 160 pl\u0103\u021bi numerar c\u0103tre 33 colaboratori persoane fizice, beneficiari ai veniturilor din drepturi de autor, f\u0103r\u0103 ca ace\u0219tia din urm\u0103 s\u0103 fi primit \u00een realitate sumele de bani, ori au primit sume de bani considerabil mai mici dec\u00e2t cele men\u021bionate \u00een statele de plat\u0103.<\/p>\n\n\n\n<p>Sumele de bani nereale presupus pl\u0103tite c\u0103tre diver\u0219i colaboratori erau justificate prin \u00eentocmirea unor state de plat\u0103 falsificate de c\u0103tre contabil\u0103 \u0219ef\u0103 a teatrului \u0219i erau semnate de c\u0103tre aceasta \u0219i de c\u0103tre directorul teatrului, din acea perioad\u0103 (Ducu Darie, decedat la 18 septembrie 2019, noteaz\u0103 <a href=\"https:\/\/culturaladuba.ro\/fosta-contabila-a-teatrului-bulandra-si-inca-o-angajata-trimise-in-judecata-pentru-delapidarea-a-800-000-de-euro\/?fbclid=IwY2xjawJGkxpleHRuA2FlbQIxMQABHWbhYGXwE7xISgTTMbuaaIJcyfPVC0KOMRJnQp-Ohe1vQ8k7-GDwT5Qj8g_aem_uJl1Z-bTXp7IFhD3kLz7Ug\">Cultura la dub\u0103<\/a>).<\/p>\n\n\n\n<p>Totodat\u0103, \u00een sarcina celeilalte inculpate s-a re\u021binut c\u0103 a contribuit activ la recrutarea unor persoane fizice care au figurat ca fiind pl\u0103tite \u00een calitate de colaboratori ce beneficiaz\u0103 de venituri din drepturi de autor \u0219i a efectuat pl\u0103\u021bi \u00een numele institu\u021biei cu sume de bani provenite din casieria institu\u021biei.<\/p>\n\n\n\n<p>\u201e<strong>\u00cen cauz\u0103, au fost dispuse m\u0103suri asigur\u0103torii asupra tuturor bunurilor prezente \u0219i viitoare apar\u021bin\u00e2nd inculpatelor p\u00e2n\u0103 la concuren\u021ba sumei de 3.914.570 lei. <\/strong><\/p>\n\n\n\n<p>M\u0103sura sechestrului asigur\u0103tor a fost instituit\u0103 efectiv asupra a trei imobile (apartamente), un autovehicul \u0219i asupra mai multor bijuterii apar\u021bin\u00e2nd inculpatelor, evaluate la aproximativ 3.500.000 lei.<\/p>\n\n\n\n<p>Dosarul de urm\u0103rire penal\u0103 a fost trimis spre judecare la Tribunalul Bucure\u0219ti cu propunere de a se men\u021bine m\u0103surile preventive \u0219i m\u0103surile asigur\u0103torii instituite \u00een cauz\u0103\u201d, se arat\u0103 \u00een comunicatul procurorilor.<\/p>\n\n\n\n<div class=\"wp-block-buttons is-content-justification-center is-layout-flex wp-container-core-buttons-is-layout-16018d1d wp-block-buttons-is-layout-flex\">\n<div class=\"wp-block-button has-custom-width wp-block-button__width-100\"><a class=\"wp-block-button__link wp-element-button\" href=\"https:\/\/www.patreon.com\/BuletinDeBucuresti\"><strong>Sus\u021bine Buletin de Bucure\u0219ti pentru investiga\u021bii, reportaje \u0219i \u0219tiri Locale<\/strong><\/a><\/div>\n<\/div>\n\n\n\n<h2 class=\"wp-block-heading\" id=\"h-cine-sunt-cele-trei-femei-implicate-in-dosar\">Cine sunt cele trei femei implicate \u00een dosar<\/h2>\n\n\n\n<p>Buletin de Bucure\u0219ti a scris c\u0103 <strong>cele trei angajate suspectate sunt, potrivit surselor, Mihaela Nagie Ilie. <\/strong> Lenu\u021ba Late\u0219, casier\u0103 la acela\u0219i teatru, ar fi ajutat-o pe prima femeie s\u0103-\u0219i \u00eensu\u0219easc\u0103 suma din casieria institu\u021biei, prin \u00eentopcmirea a 10 registre de cas\u0103.<\/p>\n\n\n\n<p>\u00cen fine, Oana-Elena Turbatu ar fi ajutat-o, la r\u00e2ndul s\u0103u, pe Mihaela Naghie, tot din caserie, \u00een contul acelor actori \u201efal\u0219i\u201d la Teatrul Bulanda.<\/p>\n\n\n\n<p><strong>CITE\u0218TE \u0218I: <a href=\"https:\/\/buletin.de\/bucuresti\/actori-falsi-la-teatrul-bulandra-prejudiciul-este-pe-politisti-se-ridica-la-peste-800-000-de-euro\/\" target=\"_blank\" rel=\"noreferrer noopener\">Actori \u201efal\u0219i\u201d la Teatrul Bulandra. Prejudiciul se ridic\u0103 la peste 800.000 de euro<\/a><\/strong><\/p>\n","protected":false},"excerpt":{"rendered":"<p>Fosta contabil\u0103 a Teatrului Bulandra din Bucure\u0219ti \u0219i o coleg\u0103 de-a sa din cadrul institu\u021biei au fost trimise \u00een judecat\u0103 pentru s\u0103v\u00e2r\u0219irea infrac\u021biunilor de delapidare cu consecin\u021be deosebit de grave \u0219i complicitate la delapidare cu consecin\u021be deosebit de grave, potrivit unui comunicat transmis mar\u021bi de Parchetul de pe l\u00e2ng\u0103 Tribunalul Bucure\u0219ti. Cele dou\u0103 femei sunt [&hellip;]<\/p>\n","protected":false},"author":1,"featured_media":71800,"comment_status":"closed","ping_status":"open","sticky":false,"template":"","format":"standard","meta":{"_acf_changed":false,"inline_featured_image":false,"ngg_post_thumbnail":0,"footnotes":""},"categories":[6994,9026,5762],"tags":[7881,15838,8275],"ppma_author":[22583],"class_list":["post-123205","post","type-post","status-publish","format-standard","has-post-thumbnail","hentry","category-stiri-2","category-eveniment","category-main","tag-bulandra","tag-delapidare-bulandra","tag-teatrul-bulandra"],"acf":[],"yoast_head":"<!-- This site is optimized with the Yoast SEO Premium plugin v25.3 (Yoast SEO v27.5) - https:\/\/yoast.com\/product\/yoast-seo-premium-wordpress\/ -->\n<title>Fosta contabil\u0103 a Teatrului Bulandra, trimis\u0103 \u00een judecat\u0103 pentru c\u0103 a inventat actori. Prejudiciu: 800.000 de euro - Buletin de Bucure\u0219ti<\/title>\n<meta name=\"description\" content=\"Fosta contabil\u0103 a Teatrului Bulandra din Bucure\u0219ti \u0219i o coleg\u0103 de-a sa din cadrul institu\u021biei au fost trimise \u00een judecat\u0103.\" \/>\n<meta name=\"robots\" content=\"index, follow, max-snippet:-1, max-image-preview:large, max-video-preview:-1\" \/>\n<link rel=\"canonical\" href=\"https:\/\/buletin.de\/bucuresti\/fosta-contabila-a-teatrului-bulandra-trimisa-in-judecata-pentru-ca-a-inventat-actori-prejudiciu-800-000-de-euro\/\" \/>\n<meta property=\"og:locale\" content=\"en_GB\" \/>\n<meta property=\"og:type\" content=\"article\" \/>\n<meta property=\"og:title\" content=\"Fosta contabil\u0103 a Teatrului Bulandra, trimis\u0103 \u00een judecat\u0103 pentru c\u0103 a inventat actori. Prejudiciu: 800.000 de euro\" \/>\n<meta property=\"og:description\" content=\"Fosta contabil\u0103 a Teatrului Bulandra din Bucure\u0219ti \u0219i o coleg\u0103 de-a sa din cadrul institu\u021biei au fost trimise \u00een judecat\u0103.\" \/>\n<meta property=\"og:url\" content=\"https:\/\/buletin.de\/bucuresti\/fosta-contabila-a-teatrului-bulandra-trimisa-in-judecata-pentru-ca-a-inventat-actori-prejudiciu-800-000-de-euro\/\" \/>\n<meta property=\"og:site_name\" content=\"Buletin de Bucure\u0219ti\" \/>\n<meta property=\"article:publisher\" content=\"https:\/\/www.facebook.com\/buletin.de.buc\" \/>\n<meta property=\"article:published_time\" content=\"2025-03-18T18:04:27+00:00\" \/>\n<meta property=\"article:modified_time\" content=\"2025-03-18T18:08:27+00:00\" \/>\n<meta property=\"og:image\" content=\"https:\/\/buletin.de\/bucuresti\/wp-content\/uploads\/Teatrul-Bulandra.jpg\" \/>\n\t<meta property=\"og:image:width\" content=\"1024\" \/>\n\t<meta property=\"og:image:height\" content=\"1189\" \/>\n\t<meta property=\"og:image:type\" content=\"image\/jpeg\" \/>\n<meta name=\"author\" content=\"Redac\u021bia Buletin de Bucure\u0219ti\" \/>\n<meta name=\"twitter:card\" content=\"summary_large_image\" \/>\n<meta name=\"twitter:label1\" content=\"Written by\" \/>\n\t<meta name=\"twitter:data1\" content=\"Redac\u021bia Buletin de Bucure\u0219ti\" \/>\n\t<meta name=\"twitter:label2\" content=\"Estimated reading time\" \/>\n\t<meta name=\"twitter:data2\" content=\"3 minutes\" \/>\n<script type=\"application\/ld+json\" class=\"yoast-schema-graph\">{\"@context\":\"https:\\\/\\\/schema.org\",\"@graph\":[{\"@type\":\"Article\",\"@id\":\"https:\\\/\\\/buletin.de\\\/bucuresti\\\/fosta-contabila-a-teatrului-bulandra-trimisa-in-judecata-pentru-ca-a-inventat-actori-prejudiciu-800-000-de-euro\\\/#article\",\"isPartOf\":{\"@id\":\"https:\\\/\\\/buletin.de\\\/bucuresti\\\/fosta-contabila-a-teatrului-bulandra-trimisa-in-judecata-pentru-ca-a-inventat-actori-prejudiciu-800-000-de-euro\\\/\"},\"author\":{\"name\":\"Redac\u021bia Buletin de Bucure\u0219ti\",\"@id\":\"https:\\\/\\\/buletin.de\\\/bucuresti\\\/#\\\/schema\\\/person\\\/2bbcf854e5f2419a13804af574d06ab1\"},\"headline\":\"Fosta contabil\u0103 a Teatrului Bulandra, trimis\u0103 \u00een judecat\u0103 pentru c\u0103 a inventat actori. Prejudiciu: 800.000 de euro\",\"datePublished\":\"2025-03-18T18:04:27+00:00\",\"dateModified\":\"2025-03-18T18:08:27+00:00\",\"mainEntityOfPage\":{\"@id\":\"https:\\\/\\\/buletin.de\\\/bucuresti\\\/fosta-contabila-a-teatrului-bulandra-trimisa-in-judecata-pentru-ca-a-inventat-actori-prejudiciu-800-000-de-euro\\\/\"},\"wordCount\":503,\"publisher\":{\"@id\":\"https:\\\/\\\/buletin.de\\\/bucuresti\\\/#organization\"},\"image\":{\"@id\":\"https:\\\/\\\/buletin.de\\\/bucuresti\\\/fosta-contabila-a-teatrului-bulandra-trimisa-in-judecata-pentru-ca-a-inventat-actori-prejudiciu-800-000-de-euro\\\/#primaryimage\"},\"thumbnailUrl\":\"https:\\\/\\\/buletin.de\\\/bucuresti\\\/wp-content\\\/uploads\\\/Teatrul-Bulandra.jpg\",\"keywords\":[\"bulandra\",\"delapidare bulandra\",\"Teatrul Bulandra\"],\"articleSection\":[\"Articole\",\"Eveniment\",\"Main\"],\"inLanguage\":\"en-GB\",\"copyrightYear\":\"2025\",\"copyrightHolder\":{\"@id\":\"https:\\\/\\\/buletin.de\\\/bucuresti\\\/#organization\"}},{\"@type\":\"WebPage\",\"@id\":\"https:\\\/\\\/buletin.de\\\/bucuresti\\\/fosta-contabila-a-teatrului-bulandra-trimisa-in-judecata-pentru-ca-a-inventat-actori-prejudiciu-800-000-de-euro\\\/\",\"url\":\"https:\\\/\\\/buletin.de\\\/bucuresti\\\/fosta-contabila-a-teatrului-bulandra-trimisa-in-judecata-pentru-ca-a-inventat-actori-prejudiciu-800-000-de-euro\\\/\",\"name\":\"Fosta contabil\u0103 a Teatrului Bulandra, trimis\u0103 \u00een judecat\u0103 pentru c\u0103 a inventat actori. Prejudiciu: 800.000 de euro - Buletin de Bucure\u0219ti\",\"isPartOf\":{\"@id\":\"https:\\\/\\\/buletin.de\\\/bucuresti\\\/#website\"},\"primaryImageOfPage\":{\"@id\":\"https:\\\/\\\/buletin.de\\\/bucuresti\\\/fosta-contabila-a-teatrului-bulandra-trimisa-in-judecata-pentru-ca-a-inventat-actori-prejudiciu-800-000-de-euro\\\/#primaryimage\"},\"image\":{\"@id\":\"https:\\\/\\\/buletin.de\\\/bucuresti\\\/fosta-contabila-a-teatrului-bulandra-trimisa-in-judecata-pentru-ca-a-inventat-actori-prejudiciu-800-000-de-euro\\\/#primaryimage\"},\"thumbnailUrl\":\"https:\\\/\\\/buletin.de\\\/bucuresti\\\/wp-content\\\/uploads\\\/Teatrul-Bulandra.jpg\",\"datePublished\":\"2025-03-18T18:04:27+00:00\",\"dateModified\":\"2025-03-18T18:08:27+00:00\",\"description\":\"Fosta contabil\u0103 a Teatrului Bulandra din Bucure\u0219ti \u0219i o coleg\u0103 de-a sa din cadrul institu\u021biei au fost trimise \u00een judecat\u0103.\",\"breadcrumb\":{\"@id\":\"https:\\\/\\\/buletin.de\\\/bucuresti\\\/fosta-contabila-a-teatrului-bulandra-trimisa-in-judecata-pentru-ca-a-inventat-actori-prejudiciu-800-000-de-euro\\\/#breadcrumb\"},\"inLanguage\":\"en-GB\",\"potentialAction\":[{\"@type\":\"ReadAction\",\"target\":[\"https:\\\/\\\/buletin.de\\\/bucuresti\\\/fosta-contabila-a-teatrului-bulandra-trimisa-in-judecata-pentru-ca-a-inventat-actori-prejudiciu-800-000-de-euro\\\/\"]}]},{\"@type\":\"ImageObject\",\"inLanguage\":\"en-GB\",\"@id\":\"https:\\\/\\\/buletin.de\\\/bucuresti\\\/fosta-contabila-a-teatrului-bulandra-trimisa-in-judecata-pentru-ca-a-inventat-actori-prejudiciu-800-000-de-euro\\\/#primaryimage\",\"url\":\"https:\\\/\\\/buletin.de\\\/bucuresti\\\/wp-content\\\/uploads\\\/Teatrul-Bulandra.jpg\",\"contentUrl\":\"https:\\\/\\\/buletin.de\\\/bucuresti\\\/wp-content\\\/uploads\\\/Teatrul-Bulandra.jpg\",\"width\":1024,\"height\":1189,\"caption\":\"Actori \u201efal\u0219i\\\" la Teatrul Bulandra.\"},{\"@type\":\"BreadcrumbList\",\"@id\":\"https:\\\/\\\/buletin.de\\\/bucuresti\\\/fosta-contabila-a-teatrului-bulandra-trimisa-in-judecata-pentru-ca-a-inventat-actori-prejudiciu-800-000-de-euro\\\/#breadcrumb\",\"itemListElement\":[{\"@type\":\"ListItem\",\"position\":1,\"name\":\"Acas\u0103\",\"item\":\"https:\\\/\\\/buletin.de\\\/bucuresti\\\/\"},{\"@type\":\"ListItem\",\"position\":2,\"name\":\"Fosta contabil\u0103 a Teatrului Bulandra, trimis\u0103 \u00een judecat\u0103 pentru c\u0103 a inventat actori. Prejudiciu: 800.000 de euro\"}]},{\"@type\":\"WebSite\",\"@id\":\"https:\\\/\\\/buletin.de\\\/bucuresti\\\/#website\",\"url\":\"https:\\\/\\\/buletin.de\\\/bucuresti\\\/\",\"name\":\"Buletin de Bucure\u0219ti\",\"description\":\"\u0218tiri \u0219i investiga\u021bii esen\u021biale din capital\u0103\",\"publisher\":{\"@id\":\"https:\\\/\\\/buletin.de\\\/bucuresti\\\/#organization\"},\"potentialAction\":[{\"@type\":\"SearchAction\",\"target\":{\"@type\":\"EntryPoint\",\"urlTemplate\":\"https:\\\/\\\/buletin.de\\\/bucuresti\\\/?s={search_term_string}\"},\"query-input\":{\"@type\":\"PropertyValueSpecification\",\"valueRequired\":true,\"valueName\":\"search_term_string\"}}],\"inLanguage\":\"en-GB\"},{\"@type\":\"Organization\",\"@id\":\"https:\\\/\\\/buletin.de\\\/bucuresti\\\/#organization\",\"name\":\"Buletin de Bucure\u0219ti\",\"url\":\"https:\\\/\\\/buletin.de\\\/bucuresti\\\/\",\"logo\":{\"@type\":\"ImageObject\",\"inLanguage\":\"en-GB\",\"@id\":\"https:\\\/\\\/buletin.de\\\/bucuresti\\\/#\\\/schema\\\/logo\\\/image\\\/\",\"url\":\"https:\\\/\\\/buletin.de\\\/bucuresti\\\/wp-content\\\/uploads\\\/logo-bdb-full-wide-vernil-transparent.png\",\"contentUrl\":\"https:\\\/\\\/buletin.de\\\/bucuresti\\\/wp-content\\\/uploads\\\/logo-bdb-full-wide-vernil-transparent.png\",\"width\":1782,\"height\":626,\"caption\":\"Buletin de Bucure\u0219ti\"},\"image\":{\"@id\":\"https:\\\/\\\/buletin.de\\\/bucuresti\\\/#\\\/schema\\\/logo\\\/image\\\/\"},\"sameAs\":[\"https:\\\/\\\/www.facebook.com\\\/buletin.de.buc\",\"https:\\\/\\\/www.instagram.com\\\/buletinde.bucuresti\\\/\"]},{\"@type\":\"Person\",\"@id\":\"https:\\\/\\\/buletin.de\\\/bucuresti\\\/#\\\/schema\\\/person\\\/2bbcf854e5f2419a13804af574d06ab1\",\"name\":\"Redac\u021bia Buletin de Bucure\u0219ti\",\"image\":{\"@type\":\"ImageObject\",\"inLanguage\":\"en-GB\",\"@id\":\"https:\\\/\\\/secure.gravatar.com\\\/avatar\\\/18c5342381ed1a08620e6280424e3e5efc958618f5d67c522c9e44c1bc6f9226?s=96&d=monsterid&r=g60c7cd0ad92c68c049fcd4bb3504d609\",\"url\":\"https:\\\/\\\/secure.gravatar.com\\\/avatar\\\/18c5342381ed1a08620e6280424e3e5efc958618f5d67c522c9e44c1bc6f9226?s=96&d=monsterid&r=g\",\"contentUrl\":\"https:\\\/\\\/secure.gravatar.com\\\/avatar\\\/18c5342381ed1a08620e6280424e3e5efc958618f5d67c522c9e44c1bc6f9226?s=96&d=monsterid&r=g\",\"caption\":\"Redac\u021bia Buletin de Bucure\u0219ti\"},\"description\":\"Buletin de Bucure\u0219ti exist\u0103 din vara anului 2019.\",\"url\":\"https:\\\/\\\/buletin.de\\\/bucuresti\\\/author\\\/adminbuletin\\\/\"}]}<\/script>\n<!-- \/ Yoast SEO Premium plugin. -->","yoast_head_json":{"title":"Fosta contabil\u0103 a Teatrului Bulandra, trimis\u0103 \u00een judecat\u0103 pentru c\u0103 a inventat actori. Prejudiciu: 800.000 de euro - Buletin de Bucure\u0219ti","description":"Fosta contabil\u0103 a Teatrului Bulandra din Bucure\u0219ti \u0219i o coleg\u0103 de-a sa din cadrul institu\u021biei au fost trimise \u00een judecat\u0103.","robots":{"index":"index","follow":"follow","max-snippet":"max-snippet:-1","max-image-preview":"max-image-preview:large","max-video-preview":"max-video-preview:-1"},"canonical":"https:\/\/buletin.de\/bucuresti\/fosta-contabila-a-teatrului-bulandra-trimisa-in-judecata-pentru-ca-a-inventat-actori-prejudiciu-800-000-de-euro\/","og_locale":"en_GB","og_type":"article","og_title":"Fosta contabil\u0103 a Teatrului Bulandra, trimis\u0103 \u00een judecat\u0103 pentru c\u0103 a inventat actori. Prejudiciu: 800.000 de euro","og_description":"Fosta contabil\u0103 a Teatrului Bulandra din Bucure\u0219ti \u0219i o coleg\u0103 de-a sa din cadrul institu\u021biei au fost trimise \u00een judecat\u0103.","og_url":"https:\/\/buletin.de\/bucuresti\/fosta-contabila-a-teatrului-bulandra-trimisa-in-judecata-pentru-ca-a-inventat-actori-prejudiciu-800-000-de-euro\/","og_site_name":"Buletin de Bucure\u0219ti","article_publisher":"https:\/\/www.facebook.com\/buletin.de.buc","article_published_time":"2025-03-18T18:04:27+00:00","article_modified_time":"2025-03-18T18:08:27+00:00","og_image":[{"width":1024,"height":1189,"url":"https:\/\/buletin.de\/bucuresti\/wp-content\/uploads\/Teatrul-Bulandra.jpg","type":"image\/jpeg"}],"author":"Redac\u021bia Buletin de Bucure\u0219ti","twitter_card":"summary_large_image","twitter_misc":{"Written by":"Redac\u021bia Buletin de Bucure\u0219ti","Estimated reading time":"3 minutes"},"schema":{"@context":"https:\/\/schema.org","@graph":[{"@type":"Article","@id":"https:\/\/buletin.de\/bucuresti\/fosta-contabila-a-teatrului-bulandra-trimisa-in-judecata-pentru-ca-a-inventat-actori-prejudiciu-800-000-de-euro\/#article","isPartOf":{"@id":"https:\/\/buletin.de\/bucuresti\/fosta-contabila-a-teatrului-bulandra-trimisa-in-judecata-pentru-ca-a-inventat-actori-prejudiciu-800-000-de-euro\/"},"author":{"name":"Redac\u021bia Buletin de Bucure\u0219ti","@id":"https:\/\/buletin.de\/bucuresti\/#\/schema\/person\/2bbcf854e5f2419a13804af574d06ab1"},"headline":"Fosta contabil\u0103 a Teatrului Bulandra, trimis\u0103 \u00een judecat\u0103 pentru c\u0103 a inventat actori. Prejudiciu: 800.000 de euro","datePublished":"2025-03-18T18:04:27+00:00","dateModified":"2025-03-18T18:08:27+00:00","mainEntityOfPage":{"@id":"https:\/\/buletin.de\/bucuresti\/fosta-contabila-a-teatrului-bulandra-trimisa-in-judecata-pentru-ca-a-inventat-actori-prejudiciu-800-000-de-euro\/"},"wordCount":503,"publisher":{"@id":"https:\/\/buletin.de\/bucuresti\/#organization"},"image":{"@id":"https:\/\/buletin.de\/bucuresti\/fosta-contabila-a-teatrului-bulandra-trimisa-in-judecata-pentru-ca-a-inventat-actori-prejudiciu-800-000-de-euro\/#primaryimage"},"thumbnailUrl":"https:\/\/buletin.de\/bucuresti\/wp-content\/uploads\/Teatrul-Bulandra.jpg","keywords":["bulandra","delapidare bulandra","Teatrul Bulandra"],"articleSection":["Articole","Eveniment","Main"],"inLanguage":"en-GB","copyrightYear":"2025","copyrightHolder":{"@id":"https:\/\/buletin.de\/bucuresti\/#organization"}},{"@type":"WebPage","@id":"https:\/\/buletin.de\/bucuresti\/fosta-contabila-a-teatrului-bulandra-trimisa-in-judecata-pentru-ca-a-inventat-actori-prejudiciu-800-000-de-euro\/","url":"https:\/\/buletin.de\/bucuresti\/fosta-contabila-a-teatrului-bulandra-trimisa-in-judecata-pentru-ca-a-inventat-actori-prejudiciu-800-000-de-euro\/","name":"Fosta contabil\u0103 a Teatrului Bulandra, trimis\u0103 \u00een judecat\u0103 pentru c\u0103 a inventat actori. Prejudiciu: 800.000 de euro - Buletin de Bucure\u0219ti","isPartOf":{"@id":"https:\/\/buletin.de\/bucuresti\/#website"},"primaryImageOfPage":{"@id":"https:\/\/buletin.de\/bucuresti\/fosta-contabila-a-teatrului-bulandra-trimisa-in-judecata-pentru-ca-a-inventat-actori-prejudiciu-800-000-de-euro\/#primaryimage"},"image":{"@id":"https:\/\/buletin.de\/bucuresti\/fosta-contabila-a-teatrului-bulandra-trimisa-in-judecata-pentru-ca-a-inventat-actori-prejudiciu-800-000-de-euro\/#primaryimage"},"thumbnailUrl":"https:\/\/buletin.de\/bucuresti\/wp-content\/uploads\/Teatrul-Bulandra.jpg","datePublished":"2025-03-18T18:04:27+00:00","dateModified":"2025-03-18T18:08:27+00:00","description":"Fosta contabil\u0103 a Teatrului Bulandra din Bucure\u0219ti \u0219i o coleg\u0103 de-a sa din cadrul institu\u021biei au fost trimise \u00een judecat\u0103.","breadcrumb":{"@id":"https:\/\/buletin.de\/bucuresti\/fosta-contabila-a-teatrului-bulandra-trimisa-in-judecata-pentru-ca-a-inventat-actori-prejudiciu-800-000-de-euro\/#breadcrumb"},"inLanguage":"en-GB","potentialAction":[{"@type":"ReadAction","target":["https:\/\/buletin.de\/bucuresti\/fosta-contabila-a-teatrului-bulandra-trimisa-in-judecata-pentru-ca-a-inventat-actori-prejudiciu-800-000-de-euro\/"]}]},{"@type":"ImageObject","inLanguage":"en-GB","@id":"https:\/\/buletin.de\/bucuresti\/fosta-contabila-a-teatrului-bulandra-trimisa-in-judecata-pentru-ca-a-inventat-actori-prejudiciu-800-000-de-euro\/#primaryimage","url":"https:\/\/buletin.de\/bucuresti\/wp-content\/uploads\/Teatrul-Bulandra.jpg","contentUrl":"https:\/\/buletin.de\/bucuresti\/wp-content\/uploads\/Teatrul-Bulandra.jpg","width":1024,"height":1189,"caption":"Actori \u201efal\u0219i\" la Teatrul Bulandra."},{"@type":"BreadcrumbList","@id":"https:\/\/buletin.de\/bucuresti\/fosta-contabila-a-teatrului-bulandra-trimisa-in-judecata-pentru-ca-a-inventat-actori-prejudiciu-800-000-de-euro\/#breadcrumb","itemListElement":[{"@type":"ListItem","position":1,"name":"Acas\u0103","item":"https:\/\/buletin.de\/bucuresti\/"},{"@type":"ListItem","position":2,"name":"Fosta contabil\u0103 a Teatrului Bulandra, trimis\u0103 \u00een judecat\u0103 pentru c\u0103 a inventat actori. Prejudiciu: 800.000 de euro"}]},{"@type":"WebSite","@id":"https:\/\/buletin.de\/bucuresti\/#website","url":"https:\/\/buletin.de\/bucuresti\/","name":"Buletin de Bucure\u0219ti","description":"\u0218tiri \u0219i investiga\u021bii esen\u021biale din capital\u0103","publisher":{"@id":"https:\/\/buletin.de\/bucuresti\/#organization"},"potentialAction":[{"@type":"SearchAction","target":{"@type":"EntryPoint","urlTemplate":"https:\/\/buletin.de\/bucuresti\/?s={search_term_string}"},"query-input":{"@type":"PropertyValueSpecification","valueRequired":true,"valueName":"search_term_string"}}],"inLanguage":"en-GB"},{"@type":"Organization","@id":"https:\/\/buletin.de\/bucuresti\/#organization","name":"Buletin de Bucure\u0219ti","url":"https:\/\/buletin.de\/bucuresti\/","logo":{"@type":"ImageObject","inLanguage":"en-GB","@id":"https:\/\/buletin.de\/bucuresti\/#\/schema\/logo\/image\/","url":"https:\/\/buletin.de\/bucuresti\/wp-content\/uploads\/logo-bdb-full-wide-vernil-transparent.png","contentUrl":"https:\/\/buletin.de\/bucuresti\/wp-content\/uploads\/logo-bdb-full-wide-vernil-transparent.png","width":1782,"height":626,"caption":"Buletin de Bucure\u0219ti"},"image":{"@id":"https:\/\/buletin.de\/bucuresti\/#\/schema\/logo\/image\/"},"sameAs":["https:\/\/www.facebook.com\/buletin.de.buc","https:\/\/www.instagram.com\/buletinde.bucuresti\/"]},{"@type":"Person","@id":"https:\/\/buletin.de\/bucuresti\/#\/schema\/person\/2bbcf854e5f2419a13804af574d06ab1","name":"Redac\u021bia Buletin de Bucure\u0219ti","image":{"@type":"ImageObject","inLanguage":"en-GB","@id":"https:\/\/secure.gravatar.com\/avatar\/18c5342381ed1a08620e6280424e3e5efc958618f5d67c522c9e44c1bc6f9226?s=96&d=monsterid&r=g60c7cd0ad92c68c049fcd4bb3504d609","url":"https:\/\/secure.gravatar.com\/avatar\/18c5342381ed1a08620e6280424e3e5efc958618f5d67c522c9e44c1bc6f9226?s=96&d=monsterid&r=g","contentUrl":"https:\/\/secure.gravatar.com\/avatar\/18c5342381ed1a08620e6280424e3e5efc958618f5d67c522c9e44c1bc6f9226?s=96&d=monsterid&r=g","caption":"Redac\u021bia Buletin de Bucure\u0219ti"},"description":"Buletin de Bucure\u0219ti exist\u0103 din vara anului 2019.","url":"https:\/\/buletin.de\/bucuresti\/author\/adminbuletin\/"}]}},"authors":[{"term_id":22583,"user_id":1,"is_guest":0,"slug":"adminbuletin","display_name":"Redac\u021bia Buletin de Bucure\u0219ti","avatar_url":"https:\/\/secure.gravatar.com\/avatar\/18c5342381ed1a08620e6280424e3e5efc958618f5d67c522c9e44c1bc6f9226?s=96&d=monsterid&r=g","0":null,"1":"","2":"","3":"","4":"","5":"","6":"","7":"","8":""}],"_links":{"self":[{"href":"https:\/\/buletin.de\/bucuresti\/wp-json\/wp\/v2\/posts\/123205","targetHints":{"allow":["GET"]}}],"collection":[{"href":"https:\/\/buletin.de\/bucuresti\/wp-json\/wp\/v2\/posts"}],"about":[{"href":"https:\/\/buletin.de\/bucuresti\/wp-json\/wp\/v2\/types\/post"}],"author":[{"embeddable":true,"href":"https:\/\/buletin.de\/bucuresti\/wp-json\/wp\/v2\/users\/1"}],"replies":[{"embeddable":true,"href":"https:\/\/buletin.de\/bucuresti\/wp-json\/wp\/v2\/comments?post=123205"}],"version-history":[{"count":4,"href":"https:\/\/buletin.de\/bucuresti\/wp-json\/wp\/v2\/posts\/123205\/revisions"}],"predecessor-version":[{"id":123211,"href":"https:\/\/buletin.de\/bucuresti\/wp-json\/wp\/v2\/posts\/123205\/revisions\/123211"}],"wp:featuredmedia":[{"embeddable":true,"href":"https:\/\/buletin.de\/bucuresti\/wp-json\/wp\/v2\/media\/71800"}],"wp:attachment":[{"href":"https:\/\/buletin.de\/bucuresti\/wp-json\/wp\/v2\/media?parent=123205"}],"wp:term":[{"taxonomy":"category","embeddable":true,"href":"https:\/\/buletin.de\/bucuresti\/wp-json\/wp\/v2\/categories?post=123205"},{"taxonomy":"post_tag","embeddable":true,"href":"https:\/\/buletin.de\/bucuresti\/wp-json\/wp\/v2\/tags?post=123205"},{"taxonomy":"author","embeddable":true,"href":"https:\/\/buletin.de\/bucuresti\/wp-json\/wp\/v2\/ppma_author?post=123205"}],"curies":[{"name":"wp","href":"https:\/\/api.w.org\/{rel}","templated":true}]}}