{"id":123005,"date":"2025-03-17T17:29:22","date_gmt":"2025-03-17T14:29:22","guid":{"rendered":"https:\/\/buletin.de\/bucuresti\/?p=123005"},"modified":"2025-03-17T19:34:59","modified_gmt":"2025-03-17T16:34:59","slug":"accident-in-lant-pe-soseaua-chitilei-6-autovehicule-s-au-ciocnit","status":"publish","type":"post","link":"https:\/\/buletin.de\/bucuresti\/accident-in-lant-pe-soseaua-chitilei-6-autovehicule-s-au-ciocnit\/","title":{"rendered":"Accident \u00een lan\u021b pe \u0218oseaua Chitilei. 6 autovehicule s-au ciocnit"},"content":{"rendered":"\n<p><strong>UPDATE 1: La ora 18.22 traficul rutier a fost reluat \u00een totalitate.<\/strong><\/p>\n\n\n\n<p><strong>UPDATE: 12 persoane au fort transportate, la spital.<\/strong><\/p>\n\n\n\n<p><strong>Un accident \u00een lan\u021b s-a produs pe \u0218oseaua Chitilei, la intersec\u021bie cu Bulevardul Laminorului. \u0218ase autoturisme s-au ciocnit.<\/strong><\/p>\n\n\n\n<p>Poli\u021bi\u0219tii rutieri, ajun\u0219i la fa\u021ba locului, au constatat c\u0103 \u00een accident au fost implicate \u0219ase autovehicule: cinci autoturisme \u0219i un microbuz de transport persoane.<\/p>\n\n\n\n<p>Mai multe persoane au fost evaluate medical, la fa\u021ba locului. Patru persoane au fost transportate la spital \u00een vederea pentru \u00eengrijiri medicale. Conduc\u0103torii auto au fost testa\u021bi cu aparatul alcooltest, iar rezultatul a fost  zero.<\/p>\n\n\n\n<p>Poli\u021bia Rutier\u0103 a instituit restric\u021bii de circula\u021bie pe \u0218os. Chitilei, sensul dinspre DNCB c\u0103tre Mun. Bucure\u0219ti, iar pe \u0218os. Chitilei, sensul c\u0103tre DNCB, se circul\u0103 pe o singur\u0103 band\u0103.<\/p>\n\n\n\n<p>Brigada Rutiera face, \u00een continuare, cercet\u0103ri pentru a stabili cauzele din care s-a produs accidentul rutier.<\/p>\n\n\n\n<p><strong><em>\u0218tire \u00een curs de actualizare.<\/em><\/strong><\/p>\n\n\n\n<p><\/p>\n","protected":false},"excerpt":{"rendered":"<p>UPDATE 1: La ora 18.22 traficul rutier a fost reluat \u00een totalitate. UPDATE: 12 persoane au fort transportate, la spital. Un accident \u00een lan\u021b s-a produs pe \u0218oseaua Chitilei, la intersec\u021bie cu Bulevardul Laminorului. \u0218ase autoturisme s-au ciocnit. Poli\u021bi\u0219tii rutieri, ajun\u0219i la fa\u021ba locului, au constatat c\u0103 \u00een accident au fost implicate \u0219ase autovehicule: cinci [&hellip;]<\/p>\n","protected":false},"author":49,"featured_media":118043,"comment_status":"closed","ping_status":"open","sticky":false,"template":"","format":"standard","meta":{"_acf_changed":false,"inline_featured_image":false,"ngg_post_thumbnail":0,"footnotes":""},"categories":[6994,62,650],"tags":[19911,19912,7361],"ppma_author":[22574],"class_list":["post-123005","post","type-post","status-publish","format-standard","has-post-thumbnail","hentry","category-stiri-2","category-stiri","category-transport","tag-accident-de-circulatiei","tag-bd-laminorului","tag-soseaua-chitilei"],"acf":[],"yoast_head":"<!-- This site is optimized with the Yoast SEO Premium plugin v25.3 (Yoast SEO v27.5) - https:\/\/yoast.com\/product\/yoast-seo-premium-wordpress\/ -->\n<title>Accident \u00een lan\u021b pe \u0218oseaua Chitilei. 6 autovehicule s-au ciocnit - Buletin de Bucure\u0219ti<\/title>\n<meta name=\"description\" content=\"Un accident \u00een lan\u021b s-a produs pe \u0218oseaua Chitilei, la intersec\u021bie cu Bulevardul Laminorului. \u0218ase autoturisme s-au ciocnit.\" \/>\n<meta name=\"robots\" content=\"index, follow, max-snippet:-1, max-image-preview:large, max-video-preview:-1\" \/>\n<link rel=\"canonical\" href=\"https:\/\/buletin.de\/bucuresti\/accident-in-lant-pe-soseaua-chitilei-6-autovehicule-s-au-ciocnit\/\" \/>\n<meta property=\"og:locale\" content=\"en_GB\" \/>\n<meta property=\"og:type\" content=\"article\" \/>\n<meta property=\"og:title\" content=\"Accident \u00een lan\u021b pe \u0218oseaua Chitilei. 6 autovehicule s-au ciocnit\" \/>\n<meta property=\"og:description\" content=\"Un accident \u00een lan\u021b s-a produs pe \u0218oseaua Chitilei, la intersec\u021bie cu Bulevardul Laminorului. \u0218ase autoturisme s-au ciocnit.\" \/>\n<meta property=\"og:url\" content=\"https:\/\/buletin.de\/bucuresti\/accident-in-lant-pe-soseaua-chitilei-6-autovehicule-s-au-ciocnit\/\" \/>\n<meta property=\"og:site_name\" content=\"Buletin de Bucure\u0219ti\" \/>\n<meta property=\"article:publisher\" content=\"https:\/\/www.facebook.com\/buletin.de.buc\" \/>\n<meta property=\"article:published_time\" content=\"2025-03-17T14:29:22+00:00\" \/>\n<meta property=\"article:modified_time\" content=\"2025-03-17T16:34:59+00:00\" \/>\n<meta property=\"og:image\" content=\"https:\/\/buletin.de\/bucuresti\/wp-content\/uploads\/accidentramvai.jpeg\" \/>\n\t<meta property=\"og:image:width\" content=\"2040\" \/>\n\t<meta property=\"og:image:height\" content=\"1148\" \/>\n\t<meta property=\"og:image:type\" content=\"image\/jpeg\" \/>\n<meta name=\"author\" content=\"Diana Matei\" \/>\n<meta name=\"twitter:card\" content=\"summary_large_image\" \/>\n<meta name=\"twitter:label1\" content=\"Written by\" \/>\n\t<meta name=\"twitter:data1\" content=\"Diana Matei\" \/>\n\t<meta name=\"twitter:label2\" content=\"Estimated reading time\" \/>\n\t<meta name=\"twitter:data2\" content=\"1 minute\" \/>\n<script type=\"application\/ld+json\" class=\"yoast-schema-graph\">{\"@context\":\"https:\\\/\\\/schema.org\",\"@graph\":[{\"@type\":\"Article\",\"@id\":\"https:\\\/\\\/buletin.de\\\/bucuresti\\\/accident-in-lant-pe-soseaua-chitilei-6-autovehicule-s-au-ciocnit\\\/#article\",\"isPartOf\":{\"@id\":\"https:\\\/\\\/buletin.de\\\/bucuresti\\\/accident-in-lant-pe-soseaua-chitilei-6-autovehicule-s-au-ciocnit\\\/\"},\"author\":{\"name\":\"Diana Matei\",\"@id\":\"https:\\\/\\\/buletin.de\\\/bucuresti\\\/#\\\/schema\\\/person\\\/7e46040573290777280a0835d81ea4ea\"},\"headline\":\"Accident \u00een lan\u021b pe \u0218oseaua Chitilei. 6 autovehicule s-au ciocnit\",\"datePublished\":\"2025-03-17T14:29:22+00:00\",\"dateModified\":\"2025-03-17T16:34:59+00:00\",\"mainEntityOfPage\":{\"@id\":\"https:\\\/\\\/buletin.de\\\/bucuresti\\\/accident-in-lant-pe-soseaua-chitilei-6-autovehicule-s-au-ciocnit\\\/\"},\"wordCount\":168,\"publisher\":{\"@id\":\"https:\\\/\\\/buletin.de\\\/bucuresti\\\/#organization\"},\"image\":{\"@id\":\"https:\\\/\\\/buletin.de\\\/bucuresti\\\/accident-in-lant-pe-soseaua-chitilei-6-autovehicule-s-au-ciocnit\\\/#primaryimage\"},\"thumbnailUrl\":\"https:\\\/\\\/buletin.de\\\/bucuresti\\\/wp-content\\\/uploads\\\/accidentramvai.jpeg\",\"keywords\":[\"accident de circulatiei\",\"Bd. Laminorului\",\"Soseaua Chitilei\"],\"articleSection\":[\"Articole\",\"\u0218tiri\",\"Transport\"],\"inLanguage\":\"en-GB\",\"copyrightYear\":\"2025\",\"copyrightHolder\":{\"@id\":\"https:\\\/\\\/buletin.de\\\/bucuresti\\\/#organization\"}},{\"@type\":\"WebPage\",\"@id\":\"https:\\\/\\\/buletin.de\\\/bucuresti\\\/accident-in-lant-pe-soseaua-chitilei-6-autovehicule-s-au-ciocnit\\\/\",\"url\":\"https:\\\/\\\/buletin.de\\\/bucuresti\\\/accident-in-lant-pe-soseaua-chitilei-6-autovehicule-s-au-ciocnit\\\/\",\"name\":\"Accident \u00een lan\u021b pe \u0218oseaua Chitilei. 6 autovehicule s-au ciocnit - Buletin de Bucure\u0219ti\",\"isPartOf\":{\"@id\":\"https:\\\/\\\/buletin.de\\\/bucuresti\\\/#website\"},\"primaryImageOfPage\":{\"@id\":\"https:\\\/\\\/buletin.de\\\/bucuresti\\\/accident-in-lant-pe-soseaua-chitilei-6-autovehicule-s-au-ciocnit\\\/#primaryimage\"},\"image\":{\"@id\":\"https:\\\/\\\/buletin.de\\\/bucuresti\\\/accident-in-lant-pe-soseaua-chitilei-6-autovehicule-s-au-ciocnit\\\/#primaryimage\"},\"thumbnailUrl\":\"https:\\\/\\\/buletin.de\\\/bucuresti\\\/wp-content\\\/uploads\\\/accidentramvai.jpeg\",\"datePublished\":\"2025-03-17T14:29:22+00:00\",\"dateModified\":\"2025-03-17T16:34:59+00:00\",\"description\":\"Un accident \u00een lan\u021b s-a produs pe \u0218oseaua Chitilei, la intersec\u021bie cu Bulevardul Laminorului. \u0218ase autoturisme s-au ciocnit.\",\"breadcrumb\":{\"@id\":\"https:\\\/\\\/buletin.de\\\/bucuresti\\\/accident-in-lant-pe-soseaua-chitilei-6-autovehicule-s-au-ciocnit\\\/#breadcrumb\"},\"inLanguage\":\"en-GB\",\"potentialAction\":[{\"@type\":\"ReadAction\",\"target\":[\"https:\\\/\\\/buletin.de\\\/bucuresti\\\/accident-in-lant-pe-soseaua-chitilei-6-autovehicule-s-au-ciocnit\\\/\"]}]},{\"@type\":\"ImageObject\",\"inLanguage\":\"en-GB\",\"@id\":\"https:\\\/\\\/buletin.de\\\/bucuresti\\\/accident-in-lant-pe-soseaua-chitilei-6-autovehicule-s-au-ciocnit\\\/#primaryimage\",\"url\":\"https:\\\/\\\/buletin.de\\\/bucuresti\\\/wp-content\\\/uploads\\\/accidentramvai.jpeg\",\"contentUrl\":\"https:\\\/\\\/buletin.de\\\/bucuresti\\\/wp-content\\\/uploads\\\/accidentramvai.jpeg\",\"width\":2040,\"height\":1148,\"caption\":\"Restric\u021bii de circula\u021bie pe \u0218oseaua Chitilei. \u0218ase autovehicule s-au ciocnit. FOTO: Arhiva\"},{\"@type\":\"BreadcrumbList\",\"@id\":\"https:\\\/\\\/buletin.de\\\/bucuresti\\\/accident-in-lant-pe-soseaua-chitilei-6-autovehicule-s-au-ciocnit\\\/#breadcrumb\",\"itemListElement\":[{\"@type\":\"ListItem\",\"position\":1,\"name\":\"Acas\u0103\",\"item\":\"https:\\\/\\\/buletin.de\\\/bucuresti\\\/\"},{\"@type\":\"ListItem\",\"position\":2,\"name\":\"Accident \u00een lan\u021b pe \u0218oseaua Chitilei. 6 autovehicule s-au ciocnit\"}]},{\"@type\":\"WebSite\",\"@id\":\"https:\\\/\\\/buletin.de\\\/bucuresti\\\/#website\",\"url\":\"https:\\\/\\\/buletin.de\\\/bucuresti\\\/\",\"name\":\"Buletin de Bucure\u0219ti\",\"description\":\"\u0218tiri \u0219i investiga\u021bii esen\u021biale din capital\u0103\",\"publisher\":{\"@id\":\"https:\\\/\\\/buletin.de\\\/bucuresti\\\/#organization\"},\"potentialAction\":[{\"@type\":\"SearchAction\",\"target\":{\"@type\":\"EntryPoint\",\"urlTemplate\":\"https:\\\/\\\/buletin.de\\\/bucuresti\\\/?s={search_term_string}\"},\"query-input\":{\"@type\":\"PropertyValueSpecification\",\"valueRequired\":true,\"valueName\":\"search_term_string\"}}],\"inLanguage\":\"en-GB\"},{\"@type\":\"Organization\",\"@id\":\"https:\\\/\\\/buletin.de\\\/bucuresti\\\/#organization\",\"name\":\"Buletin de Bucure\u0219ti\",\"url\":\"https:\\\/\\\/buletin.de\\\/bucuresti\\\/\",\"logo\":{\"@type\":\"ImageObject\",\"inLanguage\":\"en-GB\",\"@id\":\"https:\\\/\\\/buletin.de\\\/bucuresti\\\/#\\\/schema\\\/logo\\\/image\\\/\",\"url\":\"https:\\\/\\\/buletin.de\\\/bucuresti\\\/wp-content\\\/uploads\\\/logo-bdb-full-wide-vernil-transparent.png\",\"contentUrl\":\"https:\\\/\\\/buletin.de\\\/bucuresti\\\/wp-content\\\/uploads\\\/logo-bdb-full-wide-vernil-transparent.png\",\"width\":1782,\"height\":626,\"caption\":\"Buletin de Bucure\u0219ti\"},\"image\":{\"@id\":\"https:\\\/\\\/buletin.de\\\/bucuresti\\\/#\\\/schema\\\/logo\\\/image\\\/\"},\"sameAs\":[\"https:\\\/\\\/www.facebook.com\\\/buletin.de.buc\",\"https:\\\/\\\/www.instagram.com\\\/buletinde.bucuresti\\\/\"]},{\"@type\":\"Person\",\"@id\":\"https:\\\/\\\/buletin.de\\\/bucuresti\\\/#\\\/schema\\\/person\\\/7e46040573290777280a0835d81ea4ea\",\"name\":\"Diana Matei\",\"image\":{\"@type\":\"ImageObject\",\"inLanguage\":\"en-GB\",\"@id\":\"https:\\\/\\\/buletin.de\\\/bucuresti\\\/wp-content\\\/uploads\\\/9-2-96x96.jpg1e8590b30871d70e62ebcdaf2eff570c\",\"url\":\"https:\\\/\\\/buletin.de\\\/bucuresti\\\/wp-content\\\/uploads\\\/9-2-96x96.jpg\",\"contentUrl\":\"https:\\\/\\\/buletin.de\\\/bucuresti\\\/wp-content\\\/uploads\\\/9-2-96x96.jpg\",\"caption\":\"Diana Matei\"},\"url\":\"https:\\\/\\\/buletin.de\\\/bucuresti\\\/author\\\/dianamatei\\\/\"}]}<\/script>\n<!-- \/ Yoast SEO Premium plugin. -->","yoast_head_json":{"title":"Accident \u00een lan\u021b pe \u0218oseaua Chitilei. 6 autovehicule s-au ciocnit - Buletin de Bucure\u0219ti","description":"Un accident \u00een lan\u021b s-a produs pe \u0218oseaua Chitilei, la intersec\u021bie cu Bulevardul Laminorului. \u0218ase autoturisme s-au ciocnit.","robots":{"index":"index","follow":"follow","max-snippet":"max-snippet:-1","max-image-preview":"max-image-preview:large","max-video-preview":"max-video-preview:-1"},"canonical":"https:\/\/buletin.de\/bucuresti\/accident-in-lant-pe-soseaua-chitilei-6-autovehicule-s-au-ciocnit\/","og_locale":"en_GB","og_type":"article","og_title":"Accident \u00een lan\u021b pe \u0218oseaua Chitilei. 6 autovehicule s-au ciocnit","og_description":"Un accident \u00een lan\u021b s-a produs pe \u0218oseaua Chitilei, la intersec\u021bie cu Bulevardul Laminorului. \u0218ase autoturisme s-au ciocnit.","og_url":"https:\/\/buletin.de\/bucuresti\/accident-in-lant-pe-soseaua-chitilei-6-autovehicule-s-au-ciocnit\/","og_site_name":"Buletin de Bucure\u0219ti","article_publisher":"https:\/\/www.facebook.com\/buletin.de.buc","article_published_time":"2025-03-17T14:29:22+00:00","article_modified_time":"2025-03-17T16:34:59+00:00","og_image":[{"width":2040,"height":1148,"url":"https:\/\/buletin.de\/bucuresti\/wp-content\/uploads\/accidentramvai.jpeg","type":"image\/jpeg"}],"author":"Diana Matei","twitter_card":"summary_large_image","twitter_misc":{"Written by":"Diana Matei","Estimated reading time":"1 minute"},"schema":{"@context":"https:\/\/schema.org","@graph":[{"@type":"Article","@id":"https:\/\/buletin.de\/bucuresti\/accident-in-lant-pe-soseaua-chitilei-6-autovehicule-s-au-ciocnit\/#article","isPartOf":{"@id":"https:\/\/buletin.de\/bucuresti\/accident-in-lant-pe-soseaua-chitilei-6-autovehicule-s-au-ciocnit\/"},"author":{"name":"Diana Matei","@id":"https:\/\/buletin.de\/bucuresti\/#\/schema\/person\/7e46040573290777280a0835d81ea4ea"},"headline":"Accident \u00een lan\u021b pe \u0218oseaua Chitilei. 6 autovehicule s-au ciocnit","datePublished":"2025-03-17T14:29:22+00:00","dateModified":"2025-03-17T16:34:59+00:00","mainEntityOfPage":{"@id":"https:\/\/buletin.de\/bucuresti\/accident-in-lant-pe-soseaua-chitilei-6-autovehicule-s-au-ciocnit\/"},"wordCount":168,"publisher":{"@id":"https:\/\/buletin.de\/bucuresti\/#organization"},"image":{"@id":"https:\/\/buletin.de\/bucuresti\/accident-in-lant-pe-soseaua-chitilei-6-autovehicule-s-au-ciocnit\/#primaryimage"},"thumbnailUrl":"https:\/\/buletin.de\/bucuresti\/wp-content\/uploads\/accidentramvai.jpeg","keywords":["accident de circulatiei","Bd. Laminorului","Soseaua Chitilei"],"articleSection":["Articole","\u0218tiri","Transport"],"inLanguage":"en-GB","copyrightYear":"2025","copyrightHolder":{"@id":"https:\/\/buletin.de\/bucuresti\/#organization"}},{"@type":"WebPage","@id":"https:\/\/buletin.de\/bucuresti\/accident-in-lant-pe-soseaua-chitilei-6-autovehicule-s-au-ciocnit\/","url":"https:\/\/buletin.de\/bucuresti\/accident-in-lant-pe-soseaua-chitilei-6-autovehicule-s-au-ciocnit\/","name":"Accident \u00een lan\u021b pe \u0218oseaua Chitilei. 6 autovehicule s-au ciocnit - Buletin de Bucure\u0219ti","isPartOf":{"@id":"https:\/\/buletin.de\/bucuresti\/#website"},"primaryImageOfPage":{"@id":"https:\/\/buletin.de\/bucuresti\/accident-in-lant-pe-soseaua-chitilei-6-autovehicule-s-au-ciocnit\/#primaryimage"},"image":{"@id":"https:\/\/buletin.de\/bucuresti\/accident-in-lant-pe-soseaua-chitilei-6-autovehicule-s-au-ciocnit\/#primaryimage"},"thumbnailUrl":"https:\/\/buletin.de\/bucuresti\/wp-content\/uploads\/accidentramvai.jpeg","datePublished":"2025-03-17T14:29:22+00:00","dateModified":"2025-03-17T16:34:59+00:00","description":"Un accident \u00een lan\u021b s-a produs pe \u0218oseaua Chitilei, la intersec\u021bie cu Bulevardul Laminorului. \u0218ase autoturisme s-au ciocnit.","breadcrumb":{"@id":"https:\/\/buletin.de\/bucuresti\/accident-in-lant-pe-soseaua-chitilei-6-autovehicule-s-au-ciocnit\/#breadcrumb"},"inLanguage":"en-GB","potentialAction":[{"@type":"ReadAction","target":["https:\/\/buletin.de\/bucuresti\/accident-in-lant-pe-soseaua-chitilei-6-autovehicule-s-au-ciocnit\/"]}]},{"@type":"ImageObject","inLanguage":"en-GB","@id":"https:\/\/buletin.de\/bucuresti\/accident-in-lant-pe-soseaua-chitilei-6-autovehicule-s-au-ciocnit\/#primaryimage","url":"https:\/\/buletin.de\/bucuresti\/wp-content\/uploads\/accidentramvai.jpeg","contentUrl":"https:\/\/buletin.de\/bucuresti\/wp-content\/uploads\/accidentramvai.jpeg","width":2040,"height":1148,"caption":"Restric\u021bii de circula\u021bie pe \u0218oseaua Chitilei. \u0218ase autovehicule s-au ciocnit. FOTO: Arhiva"},{"@type":"BreadcrumbList","@id":"https:\/\/buletin.de\/bucuresti\/accident-in-lant-pe-soseaua-chitilei-6-autovehicule-s-au-ciocnit\/#breadcrumb","itemListElement":[{"@type":"ListItem","position":1,"name":"Acas\u0103","item":"https:\/\/buletin.de\/bucuresti\/"},{"@type":"ListItem","position":2,"name":"Accident \u00een lan\u021b pe \u0218oseaua Chitilei. 6 autovehicule s-au ciocnit"}]},{"@type":"WebSite","@id":"https:\/\/buletin.de\/bucuresti\/#website","url":"https:\/\/buletin.de\/bucuresti\/","name":"Buletin de Bucure\u0219ti","description":"\u0218tiri \u0219i investiga\u021bii esen\u021biale din capital\u0103","publisher":{"@id":"https:\/\/buletin.de\/bucuresti\/#organization"},"potentialAction":[{"@type":"SearchAction","target":{"@type":"EntryPoint","urlTemplate":"https:\/\/buletin.de\/bucuresti\/?s={search_term_string}"},"query-input":{"@type":"PropertyValueSpecification","valueRequired":true,"valueName":"search_term_string"}}],"inLanguage":"en-GB"},{"@type":"Organization","@id":"https:\/\/buletin.de\/bucuresti\/#organization","name":"Buletin de Bucure\u0219ti","url":"https:\/\/buletin.de\/bucuresti\/","logo":{"@type":"ImageObject","inLanguage":"en-GB","@id":"https:\/\/buletin.de\/bucuresti\/#\/schema\/logo\/image\/","url":"https:\/\/buletin.de\/bucuresti\/wp-content\/uploads\/logo-bdb-full-wide-vernil-transparent.png","contentUrl":"https:\/\/buletin.de\/bucuresti\/wp-content\/uploads\/logo-bdb-full-wide-vernil-transparent.png","width":1782,"height":626,"caption":"Buletin de Bucure\u0219ti"},"image":{"@id":"https:\/\/buletin.de\/bucuresti\/#\/schema\/logo\/image\/"},"sameAs":["https:\/\/www.facebook.com\/buletin.de.buc","https:\/\/www.instagram.com\/buletinde.bucuresti\/"]},{"@type":"Person","@id":"https:\/\/buletin.de\/bucuresti\/#\/schema\/person\/7e46040573290777280a0835d81ea4ea","name":"Diana Matei","image":{"@type":"ImageObject","inLanguage":"en-GB","@id":"https:\/\/buletin.de\/bucuresti\/wp-content\/uploads\/9-2-96x96.jpg1e8590b30871d70e62ebcdaf2eff570c","url":"https:\/\/buletin.de\/bucuresti\/wp-content\/uploads\/9-2-96x96.jpg","contentUrl":"https:\/\/buletin.de\/bucuresti\/wp-content\/uploads\/9-2-96x96.jpg","caption":"Diana Matei"},"url":"https:\/\/buletin.de\/bucuresti\/author\/dianamatei\/"}]}},"authors":[{"term_id":22574,"user_id":49,"is_guest":0,"slug":"dianamatei","display_name":"Diana Matei","avatar_url":"https:\/\/buletin.de\/bucuresti\/wp-content\/uploads\/9-2-96x96.jpg","0":null,"1":"","2":"","3":"","4":"","5":"","6":"","7":"","8":""}],"_links":{"self":[{"href":"https:\/\/buletin.de\/bucuresti\/wp-json\/wp\/v2\/posts\/123005","targetHints":{"allow":["GET"]}}],"collection":[{"href":"https:\/\/buletin.de\/bucuresti\/wp-json\/wp\/v2\/posts"}],"about":[{"href":"https:\/\/buletin.de\/bucuresti\/wp-json\/wp\/v2\/types\/post"}],"author":[{"embeddable":true,"href":"https:\/\/buletin.de\/bucuresti\/wp-json\/wp\/v2\/users\/49"}],"replies":[{"embeddable":true,"href":"https:\/\/buletin.de\/bucuresti\/wp-json\/wp\/v2\/comments?post=123005"}],"version-history":[{"count":5,"href":"https:\/\/buletin.de\/bucuresti\/wp-json\/wp\/v2\/posts\/123005\/revisions"}],"predecessor-version":[{"id":123039,"href":"https:\/\/buletin.de\/bucuresti\/wp-json\/wp\/v2\/posts\/123005\/revisions\/123039"}],"wp:featuredmedia":[{"embeddable":true,"href":"https:\/\/buletin.de\/bucuresti\/wp-json\/wp\/v2\/media\/118043"}],"wp:attachment":[{"href":"https:\/\/buletin.de\/bucuresti\/wp-json\/wp\/v2\/media?parent=123005"}],"wp:term":[{"taxonomy":"category","embeddable":true,"href":"https:\/\/buletin.de\/bucuresti\/wp-json\/wp\/v2\/categories?post=123005"},{"taxonomy":"post_tag","embeddable":true,"href":"https:\/\/buletin.de\/bucuresti\/wp-json\/wp\/v2\/tags?post=123005"},{"taxonomy":"author","embeddable":true,"href":"https:\/\/buletin.de\/bucuresti\/wp-json\/wp\/v2\/ppma_author?post=123005"}],"curies":[{"name":"wp","href":"https:\/\/api.w.org\/{rel}","templated":true}]}}