{"id":122924,"date":"2025-03-17T14:34:44","date_gmt":"2025-03-17T11:34:44","guid":{"rendered":"https:\/\/buletin.de\/bucuresti\/?p=122924"},"modified":"2025-03-17T20:23:55","modified_gmt":"2025-03-17T17:23:55","slug":"inca-un-incendiu-la-scoala-de-meserii-ciocanul-in-ultimii-doi-ani-complexul-a-luat-foc-de-15-ori","status":"publish","type":"post","link":"https:\/\/buletin.de\/bucuresti\/inca-un-incendiu-la-scoala-de-meserii-ciocanul-in-ultimii-doi-ani-complexul-a-luat-foc-de-15-ori\/","title":{"rendered":"\u00cenc\u0103 un incendiu la \u0218coala de Meserii \u201eCiocanul\u201d. \u00cen ultimii doi ani, ansamblul a luat foc de peste 15 ori"},"content":{"rendered":"\n<p><strong>Un nou incendiu are loc luni la \u0218coala de Meserii \u201eCiocanul\u201d, la doar dou\u0103 zile distan\u021b\u0103 de la penultimul eveniment de acest fel, transmit locuitorii zonei pentru Buletin de Bucure\u0219ti.<\/strong><\/p>\n\n\n\n<p><strong>Cunoscut\u0103 \u0219i drept Liceul Industrial \u201eTimpuri Noi\u201d, fosta \u0219coal\u0103 zace \u00een paragin\u0103 de ani de zile, cu toate c\u0103 este declarat\u0103 monument istoric \u0219i, potrivit legii, ar trebui protejat\u0103, chiar dac\u0103 nu mai este \u00een proprietatea statului.<\/strong><\/p>\n\n\n\n<p><strong>Buletin de Bucure\u0219ti <\/strong>scria \u00een ianuarie c\u0103, \u00een ultimii doi ani, <strong>s-au \u00eenregistrat 14 incendii<\/strong>. Ulterior, s-au mai ad\u0103ugat \u0219i alte incidente.<\/p>\n\n\n\n<div class=\"wp-block-buttons is-content-justification-center is-layout-flex wp-container-core-buttons-is-layout-16018d1d wp-block-buttons-is-layout-flex\">\n<div class=\"wp-block-button has-custom-width wp-block-button__width-100\"><a class=\"wp-block-button__link wp-element-button\" href=\"https:\/\/www.patreon.com\/BuletinDeBucuresti\"><strong>Sus\u021bine Buletin de Bucure\u0219ti pentru investiga\u021bii, reportaje \u0219i \u0219tiri Locale<\/strong><\/a><\/div>\n<\/div>\n\n\n\n<figure class=\"wp-block-gallery has-nested-images columns-default is-cropped wp-block-gallery-1 is-layout-flex wp-block-gallery-is-layout-flex\">\n<figure class=\"wp-block-image size-large\"><img fetchpriority=\"high\" decoding=\"async\" width=\"750\" height=\"1000\" data-id=\"122929\" src=\"data:image\/gif;base64,R0lGODlhAQABAAAAACH5BAEKAAEALAAAAAABAAEAAAICTAEAOw==\" data-src=\"https:\/\/buletin.de\/bucuresti\/wp-content\/uploads\/2025\/03\/incendiu-3-750x1000.jpg\" alt=\"incendiu la \u0219coala de meserii\" class=\"wp-image-122929 lazyload\" data-sizes=\"auto\" data-srcset=\"https:\/\/buletin.de\/bucuresti\/wp-content\/uploads\/2025\/03\/incendiu-3-750x1000.jpg 750w, https:\/\/buletin.de\/bucuresti\/wp-content\/uploads\/2025\/03\/incendiu-3-225x300.jpg 225w, https:\/\/buletin.de\/bucuresti\/wp-content\/uploads\/2025\/03\/incendiu-3-768x1024.jpg 768w, https:\/\/buletin.de\/bucuresti\/wp-content\/uploads\/2025\/03\/incendiu-3-1152x1536.jpg 1152w, https:\/\/buletin.de\/bucuresti\/wp-content\/uploads\/2025\/03\/incendiu-3-1100x1467.jpg 1100w, https:\/\/buletin.de\/bucuresti\/wp-content\/uploads\/2025\/03\/incendiu-3-600x800.jpg 600w, https:\/\/buletin.de\/bucuresti\/wp-content\/uploads\/2025\/03\/incendiu-3-20x27.jpg 20w, https:\/\/buletin.de\/bucuresti\/wp-content\/uploads\/2025\/03\/incendiu-3.jpg 1200w\" sizes=\"(max-width: 750px) 100vw, 750px\" \/><\/figure>\n\n\n\n<figure class=\"wp-block-image size-large\"><img decoding=\"async\" width=\"750\" height=\"1000\" data-id=\"122928\" src=\"data:image\/gif;base64,R0lGODlhAQABAAAAACH5BAEKAAEALAAAAAABAAEAAAICTAEAOw==\" data-src=\"https:\/\/buletin.de\/bucuresti\/wp-content\/uploads\/2025\/03\/Incendiu-2-750x1000.jpg\" alt=\"incendiu la \u0219coala de meserii\" class=\"wp-image-122928 lazyload\" data-sizes=\"auto\" data-srcset=\"https:\/\/buletin.de\/bucuresti\/wp-content\/uploads\/2025\/03\/Incendiu-2-750x1000.jpg 750w, https:\/\/buletin.de\/bucuresti\/wp-content\/uploads\/2025\/03\/Incendiu-2-225x300.jpg 225w, https:\/\/buletin.de\/bucuresti\/wp-content\/uploads\/2025\/03\/Incendiu-2-768x1024.jpg 768w, https:\/\/buletin.de\/bucuresti\/wp-content\/uploads\/2025\/03\/Incendiu-2-1152x1536.jpg 1152w, https:\/\/buletin.de\/bucuresti\/wp-content\/uploads\/2025\/03\/Incendiu-2-1100x1467.jpg 1100w, https:\/\/buletin.de\/bucuresti\/wp-content\/uploads\/2025\/03\/Incendiu-2-600x800.jpg 600w, https:\/\/buletin.de\/bucuresti\/wp-content\/uploads\/2025\/03\/Incendiu-2-20x27.jpg 20w, https:\/\/buletin.de\/bucuresti\/wp-content\/uploads\/2025\/03\/Incendiu-2.jpg 1200w\" sizes=\"(max-width: 750px) 100vw, 750px\" \/><\/figure>\n<\/figure>\n\n\n\n<h2 class=\"wp-block-heading\" id=\"h-incendiu-la-\u0219coala-de-meserii-ciocanul-nu-s-au-inregistrat-victime\">Incendiu la \u201e\u0218coala de Meserii Ciocanul\u201d. Nu s-au \u00eenregistrat victime<\/h2>\n\n\n\n<p>Pompierii transmit c\u0103 incendiul se manifest\u0103 cu degaj\u0103ri de fum la etajul 2 \u0219i la acoperi\u015ful cl\u0103dirii dezafectate. La fa\u021ba locului intervin cinci autospeciale de stingere, o autospecial\u0103 de interven\u021bie \u0219i salvare de la \u00een\u0103l\u021bime, o autospecial\u0103 de descarcerare \u0219i o ambulan\u021b\u0103 SMURD.<\/p>\n\n\n\n<p>Nu au fost \u00eenregistrate victime p\u00e2n\u0103 la momentul redact\u0103rii acestui articol.<\/p>\n\n\n\n<figure class=\"wp-block-image size-large\"><img decoding=\"async\" width=\"1000\" height=\"563\" src=\"data:image\/gif;base64,R0lGODlhAQABAAAAACH5BAEKAAEALAAAAAABAAEAAAICTAEAOw==\" data-src=\"https:\/\/buletin.de\/bucuresti\/wp-content\/uploads\/2025\/03\/5bb4e1f3-c0ed-4c7f-bc3d-af2ae13f6864-1000x563.jpg\" alt=\"\" class=\"wp-image-122926 lazyload\" data-sizes=\"auto\" data-srcset=\"https:\/\/buletin.de\/bucuresti\/wp-content\/uploads\/2025\/03\/5bb4e1f3-c0ed-4c7f-bc3d-af2ae13f6864-1000x563.jpg 1000w, https:\/\/buletin.de\/bucuresti\/wp-content\/uploads\/2025\/03\/5bb4e1f3-c0ed-4c7f-bc3d-af2ae13f6864-300x169.jpg 300w, https:\/\/buletin.de\/bucuresti\/wp-content\/uploads\/2025\/03\/5bb4e1f3-c0ed-4c7f-bc3d-af2ae13f6864-768x432.jpg 768w, https:\/\/buletin.de\/bucuresti\/wp-content\/uploads\/2025\/03\/5bb4e1f3-c0ed-4c7f-bc3d-af2ae13f6864-1536x864.jpg 1536w, https:\/\/buletin.de\/bucuresti\/wp-content\/uploads\/2025\/03\/5bb4e1f3-c0ed-4c7f-bc3d-af2ae13f6864-1600x900.jpg 1600w, https:\/\/buletin.de\/bucuresti\/wp-content\/uploads\/2025\/03\/5bb4e1f3-c0ed-4c7f-bc3d-af2ae13f6864-1100x619.jpg 1100w, https:\/\/buletin.de\/bucuresti\/wp-content\/uploads\/2025\/03\/5bb4e1f3-c0ed-4c7f-bc3d-af2ae13f6864-600x338.jpg 600w, https:\/\/buletin.de\/bucuresti\/wp-content\/uploads\/2025\/03\/5bb4e1f3-c0ed-4c7f-bc3d-af2ae13f6864-20x11.jpg 20w, https:\/\/buletin.de\/bucuresti\/wp-content\/uploads\/2025\/03\/5bb4e1f3-c0ed-4c7f-bc3d-af2ae13f6864.jpg 2048w\" sizes=\"(max-width: 1000px) 100vw, 1000px\" \/><figcaption class=\"wp-element-caption\">Un nou incendiu a avut loc la incendiu la \u0219coala de meserii de pe Calea Dude\u0219ti. Cl\u0103direa, monument istoric, este distrus\u0103<\/figcaption><\/figure>\n\n\n\n<h2 class=\"wp-block-heading\" id=\"h-monumentul-istoric-cunoscut-pentru-incendiile-recurente\">Monumentul istoric cunoscut pentru incendiile recurente<\/h2>\n\n\n\n<p>Incendiul de la \u201e\u0218coala de Meserii Ciocanul\u201d are loc la doar dou\u0103 zile distan\u021b\u0103 de penultimul eveniment de acest fel, \u00eenregistrat s\u00e2mb\u0103t\u0103, 15 martie. De altfel, monumentul istoric aparent abandonat a devenit notoriu pentru incendiile dese.<\/p>\n\n\n\n<figure class=\"wp-block-embed is-type-video is-provider-youtube wp-block-embed-youtube wp-embed-aspect-16-9 wp-has-aspect-ratio\"><div class=\"wp-block-embed__wrapper\">\n<div class=\"jlvid_container\"><iframe title=\"\u00cenc\u0103 un incendiu la \u0218coala de Meserii \u201eCiocanul\u201d\" width=\"1200\" height=\"675\" src=\"https:\/\/www.youtube.com\/embed\/gmmSwjHL_Io?feature=oembed\" frameborder=\"0\" allow=\"accelerometer; autoplay; clipboard-write; encrypted-media; gyroscope; picture-in-picture; web-share\" referrerpolicy=\"strict-origin-when-cross-origin\" allowfullscreen><\/iframe><\/div>\n<\/div><\/figure>\n\n\n\n<p>\u00cen ianuarie 2025, Buletinul de Bucure\u0219ti a scris cum, doar \u00een ultimii doi ani, 14 incendii. Mai precis, anul a \u00eenceput cu dou\u0103 incendii, iar alte 12 incendii au avut loc \u00een intervalul 1 ianuarie 2023-31 decembrie 2024. <\/p>\n\n\n\n<p>De cele mai multe ori, sursa probabil\u0103 de aprindere stabilit\u0103 de echipajele de pompieri a fost <strong><mark style=\"background-color:rgba(0, 0, 0, 0)\" class=\"has-inline-color has-vivid-red-color\">\u201eFumatul \u00een locuri nepermise\u201d<\/mark><\/strong>. Vecinii au explicat cum&nbsp;cl\u0103dirile istorice au devenit refugiu pentru persoanele f\u0103r\u0103 ad\u0103post, dar \u0219i pentru consumatorii de droguri. \u00cen timpul sezonului rece, ace\u0219tia aprind focul pentru a se \u00eenc\u0103lzi.<\/p>\n\n\n\n<p>Totu\u0219i,&nbsp;\u00een trei situa\u021bii s-a stabilit c\u0103, <strong><mark style=\"background-color:rgba(0, 0, 0, 0)\" class=\"has-inline-color has-vivid-red-color\">cel mai probabil, focul a fost pus inten\u021bionat<\/mark><\/strong>.<\/p>\n\n\n\n<p>De altfel, \u00een spa\u021biul public se vehiculeaz\u0103 c\u0103 ar fi interese imobiliare la mijloc, av\u00e2nd \u00een vedere c\u0103 monumentul istoric este situat chiar vis-a-vis de Bucure\u0219ti Mall.<\/p>\n\n\n\n<p><strong>CITE\u0218TE \u0218I:<\/strong> <strong><a href=\"https:\/\/buletin.de\/bucuresti\/14-incendii-la-scoala-de-meserii-ciocanul-in-ultimii-2-ani-cladirea-istorica-cu-statut-juridic-incert-azil-pentru-oamenii-strazii\/\">14 incendii la \u0219coala de meserii \u201eCiocanul\u201d, \u00een ultimii doi ani. Cl\u0103direa istoric\u0103, cu statut juridic incert, \u201eazil\u201d pentru oamenii str\u0103zii<\/a><\/strong><\/p>\n\n\n\n<h2 class=\"wp-block-heading\" id=\"h-avertismentul-ordinului-arhitec\u021bilor\">Avertismentul Ordinului Arhitec\u021bilor<\/h2>\n\n\n\n<p>Tot la \u00eenceputul anului, Ordinul Arhitec\u021bilor din Rom\u00e2nia, filiala Bucure\u0219ti, a avertizat cum monumentul istoric, simbol al cartierului evreiesc, este \u00een pericol de dispari\u021bie. <\/p>\n\n\n\n<p>Organiza\u021bia a transmis c\u0103 ansamblul ar putea fi l\u0103sat inten\u021bionat \u00een paragin\u0103, practic\u0103 des \u00eent\u00e2lnit\u0103 at\u00e2t \u00een Capital\u0103, c\u00e2t \u0219i \u00een restul \u021b\u0103rii:<\/p>\n\n\n\n<p>\u201e\u00cen acest sens, Ordinul Arhitec\u021bilor avertizeaz\u0103 asupra pericolului dispari\u021biei unui ansamblu de patrimoniu specific Bucure\u0219tiului Interbelic, care ar fi trebuit restaurat \u0219i refolosit \u0219i nu abandonat sau l\u0103sat, posibil inten\u021bionat, \u00een paragin\u0103.&nbsp;<\/p>\n\n\n\n<p>Din p\u0103cate, \u00een Bucure\u0219ti, dar \u0219i \u00een alte ora\u0219e din \u021bar\u0103, soarta unor monumente\u00a0 aflate \u00een zone centrale urbane\u00a0 este pecetluit\u0103\u00a0 prin diferite accidente sau practici mai mult sau mai pu\u021bin fortuite, care implic\u0103 sabotarea constant\u0103 a fondului construit \u0219i de patrimoniu p\u00e2n\u0103 la degradarea total\u0103 a acestuia\u201d,\u00a0<a href=\"https:\/\/www.oar-bucuresti.ro\/anunturi\/2025\/01\/06\/a\/\" target=\"_blank\" rel=\"noreferrer noopener\">noteaz\u0103 OAR Bucure\u0219ti<\/a>.<\/p>\n\n\n\n<p><strong>CITE\u0218TE \u0218I: <a href=\"https:\/\/buletin.de\/bucuresti\/ordinul-arhitectilor-avertizeaza-asupra-distrugerii-unui-monument-din-bucuresti-prin-incendieri-repetate-si-abandonare\/\">Ordinul Arhitec\u021bilor avertizeaz\u0103 asupra distrugerii unui monument din Bucure\u0219ti, prin incendieri repetate \u0219i abandonare<\/a><\/strong><\/p>\n\n\n\n<p><br><\/p>\n\n\n\n<p><\/p>\n","protected":false},"excerpt":{"rendered":"<p>Un nou incendiu are loc luni la \u0218coala de Meserii \u201eCiocanul\u201d, la doar dou\u0103 zile distan\u021b\u0103 de la penultimul eveniment de acest fel, transmit locuitorii zonei pentru Buletin de Bucure\u0219ti. Cunoscut\u0103 \u0219i drept Liceul Industrial \u201eTimpuri Noi\u201d, fosta \u0219coal\u0103 zace \u00een paragin\u0103 de ani de zile, cu toate c\u0103 este declarat\u0103 monument istoric \u0219i, potrivit [&hellip;]<\/p>\n","protected":false},"author":55,"featured_media":122931,"comment_status":"closed","ping_status":"open","sticky":false,"template":"","format":"standard","meta":{"_acf_changed":false,"inline_featured_image":false,"ngg_post_thumbnail":0,"footnotes":""},"categories":[6994,9026,5762],"tags":[19902,341,840,9358,3954,18282,440],"ppma_author":[22573],"class_list":["post-122924","post","type-post","status-publish","format-standard","has-post-thumbnail","hentry","category-stiri-2","category-eveniment","category-main","tag-cartierul-evreiesc","tag-incendiu","tag-isu","tag-liceul-timpuri-noi","tag-monument-istoric","tag-scoala-de-meserii-ciocanul","tag-sector-3"],"acf":[],"yoast_head":"<!-- This site is optimized with the Yoast SEO Premium plugin v25.3 (Yoast SEO v27.5) - https:\/\/yoast.com\/product\/yoast-seo-premium-wordpress\/ -->\n<title>\u00cenc\u0103 un incendiu la \u0218coala de Meserii \u201eCiocanul\u201d. \u00cen ultimii doi ani, ansamblul a luat foc de peste 15 ori - Buletin de Bucure\u0219ti<\/title>\n<meta name=\"description\" content=\"Un nou incendiu are loc la \u0218coala de Meserii \u201eCiocanul\u201d, la doar dou\u0103 zile distan\u021b\u0103 de penultimul eveniment de acest fel.\" \/>\n<meta name=\"robots\" content=\"index, follow, max-snippet:-1, max-image-preview:large, max-video-preview:-1\" \/>\n<link rel=\"canonical\" href=\"https:\/\/buletin.de\/bucuresti\/inca-un-incendiu-la-scoala-de-meserii-ciocanul-in-ultimii-doi-ani-complexul-a-luat-foc-de-15-ori\/\" \/>\n<meta property=\"og:locale\" content=\"en_GB\" \/>\n<meta property=\"og:type\" content=\"article\" \/>\n<meta property=\"og:title\" content=\"\u00cenc\u0103 un incendiu la \u0218coala de Meserii \u201eCiocanul\u201d. \u00cen ultimii doi ani, ansamblul a luat foc de peste 15 ori\" \/>\n<meta property=\"og:description\" content=\"Un nou incendiu are loc la \u0218coala de Meserii \u201eCiocanul\u201d, la doar dou\u0103 zile distan\u021b\u0103 de penultimul eveniment de acest fel.\" \/>\n<meta property=\"og:url\" content=\"https:\/\/buletin.de\/bucuresti\/inca-un-incendiu-la-scoala-de-meserii-ciocanul-in-ultimii-doi-ani-complexul-a-luat-foc-de-15-ori\/\" \/>\n<meta property=\"og:site_name\" content=\"Buletin de Bucure\u0219ti\" \/>\n<meta property=\"article:publisher\" content=\"https:\/\/www.facebook.com\/buletin.de.buc\" \/>\n<meta property=\"article:published_time\" content=\"2025-03-17T11:34:44+00:00\" \/>\n<meta property=\"article:modified_time\" content=\"2025-03-17T17:23:55+00:00\" \/>\n<meta property=\"og:image\" content=\"https:\/\/buletin.de\/bucuresti\/wp-content\/uploads\/2025\/03\/FEATURED.jpg\" \/>\n\t<meta property=\"og:image:width\" content=\"1600\" \/>\n\t<meta property=\"og:image:height\" content=\"1200\" \/>\n\t<meta property=\"og:image:type\" content=\"image\/jpeg\" \/>\n<meta name=\"author\" content=\"Andreea Tudor\" \/>\n<meta name=\"twitter:card\" content=\"summary_large_image\" \/>\n<meta name=\"twitter:label1\" content=\"Written by\" \/>\n\t<meta name=\"twitter:data1\" content=\"Andreea Tudor\" \/>\n\t<meta name=\"twitter:label2\" content=\"Estimated reading time\" \/>\n\t<meta name=\"twitter:data2\" content=\"4 minutes\" \/>\n<script type=\"application\/ld+json\" class=\"yoast-schema-graph\">{\"@context\":\"https:\\\/\\\/schema.org\",\"@graph\":[{\"@type\":\"Article\",\"@id\":\"https:\\\/\\\/buletin.de\\\/bucuresti\\\/inca-un-incendiu-la-scoala-de-meserii-ciocanul-in-ultimii-doi-ani-complexul-a-luat-foc-de-15-ori\\\/#article\",\"isPartOf\":{\"@id\":\"https:\\\/\\\/buletin.de\\\/bucuresti\\\/inca-un-incendiu-la-scoala-de-meserii-ciocanul-in-ultimii-doi-ani-complexul-a-luat-foc-de-15-ori\\\/\"},\"author\":{\"name\":\"Andreea Tudor\",\"@id\":\"https:\\\/\\\/buletin.de\\\/bucuresti\\\/#\\\/schema\\\/person\\\/150590659efde715459d159da012f501\"},\"headline\":\"\u00cenc\u0103 un incendiu la \u0218coala de Meserii \u201eCiocanul\u201d. \u00cen ultimii doi ani, ansamblul a luat foc de peste 15 ori\",\"datePublished\":\"2025-03-17T11:34:44+00:00\",\"dateModified\":\"2025-03-17T17:23:55+00:00\",\"mainEntityOfPage\":{\"@id\":\"https:\\\/\\\/buletin.de\\\/bucuresti\\\/inca-un-incendiu-la-scoala-de-meserii-ciocanul-in-ultimii-doi-ani-complexul-a-luat-foc-de-15-ori\\\/\"},\"wordCount\":606,\"publisher\":{\"@id\":\"https:\\\/\\\/buletin.de\\\/bucuresti\\\/#organization\"},\"image\":{\"@id\":\"https:\\\/\\\/buletin.de\\\/bucuresti\\\/inca-un-incendiu-la-scoala-de-meserii-ciocanul-in-ultimii-doi-ani-complexul-a-luat-foc-de-15-ori\\\/#primaryimage\"},\"thumbnailUrl\":\"https:\\\/\\\/buletin.de\\\/bucuresti\\\/wp-content\\\/uploads\\\/2025\\\/03\\\/FEATURED.jpg\",\"keywords\":[\"cartierul evreiesc\",\"incendiu\",\"isu\",\"Liceul Timpuri Noi\",\"monument istoric\",\"Scoala de meserii Ciocanul\",\"Sector 3\"],\"articleSection\":[\"Articole\",\"Eveniment\",\"Main\"],\"inLanguage\":\"en-GB\",\"copyrightYear\":\"2025\",\"copyrightHolder\":{\"@id\":\"https:\\\/\\\/buletin.de\\\/bucuresti\\\/#organization\"}},{\"@type\":\"WebPage\",\"@id\":\"https:\\\/\\\/buletin.de\\\/bucuresti\\\/inca-un-incendiu-la-scoala-de-meserii-ciocanul-in-ultimii-doi-ani-complexul-a-luat-foc-de-15-ori\\\/\",\"url\":\"https:\\\/\\\/buletin.de\\\/bucuresti\\\/inca-un-incendiu-la-scoala-de-meserii-ciocanul-in-ultimii-doi-ani-complexul-a-luat-foc-de-15-ori\\\/\",\"name\":\"\u00cenc\u0103 un incendiu la \u0218coala de Meserii \u201eCiocanul\u201d. \u00cen ultimii doi ani, ansamblul a luat foc de peste 15 ori - Buletin de Bucure\u0219ti\",\"isPartOf\":{\"@id\":\"https:\\\/\\\/buletin.de\\\/bucuresti\\\/#website\"},\"primaryImageOfPage\":{\"@id\":\"https:\\\/\\\/buletin.de\\\/bucuresti\\\/inca-un-incendiu-la-scoala-de-meserii-ciocanul-in-ultimii-doi-ani-complexul-a-luat-foc-de-15-ori\\\/#primaryimage\"},\"image\":{\"@id\":\"https:\\\/\\\/buletin.de\\\/bucuresti\\\/inca-un-incendiu-la-scoala-de-meserii-ciocanul-in-ultimii-doi-ani-complexul-a-luat-foc-de-15-ori\\\/#primaryimage\"},\"thumbnailUrl\":\"https:\\\/\\\/buletin.de\\\/bucuresti\\\/wp-content\\\/uploads\\\/2025\\\/03\\\/FEATURED.jpg\",\"datePublished\":\"2025-03-17T11:34:44+00:00\",\"dateModified\":\"2025-03-17T17:23:55+00:00\",\"description\":\"Un nou incendiu are loc la \u0218coala de Meserii \u201eCiocanul\u201d, la doar dou\u0103 zile distan\u021b\u0103 de penultimul eveniment de acest fel.\",\"breadcrumb\":{\"@id\":\"https:\\\/\\\/buletin.de\\\/bucuresti\\\/inca-un-incendiu-la-scoala-de-meserii-ciocanul-in-ultimii-doi-ani-complexul-a-luat-foc-de-15-ori\\\/#breadcrumb\"},\"inLanguage\":\"en-GB\",\"potentialAction\":[{\"@type\":\"ReadAction\",\"target\":[\"https:\\\/\\\/buletin.de\\\/bucuresti\\\/inca-un-incendiu-la-scoala-de-meserii-ciocanul-in-ultimii-doi-ani-complexul-a-luat-foc-de-15-ori\\\/\"]}]},{\"@type\":\"ImageObject\",\"inLanguage\":\"en-GB\",\"@id\":\"https:\\\/\\\/buletin.de\\\/bucuresti\\\/inca-un-incendiu-la-scoala-de-meserii-ciocanul-in-ultimii-doi-ani-complexul-a-luat-foc-de-15-ori\\\/#primaryimage\",\"url\":\"https:\\\/\\\/buletin.de\\\/bucuresti\\\/wp-content\\\/uploads\\\/2025\\\/03\\\/FEATURED.jpg\",\"contentUrl\":\"https:\\\/\\\/buletin.de\\\/bucuresti\\\/wp-content\\\/uploads\\\/2025\\\/03\\\/FEATURED.jpg\",\"width\":1600,\"height\":1200,\"caption\":\"\u00cenc\u0103 un incendiu la \u0218coala de Meserii \u201eCiocanul\u201d. Pompierii intervin cu cinci autospeciale de stingere\"},{\"@type\":\"BreadcrumbList\",\"@id\":\"https:\\\/\\\/buletin.de\\\/bucuresti\\\/inca-un-incendiu-la-scoala-de-meserii-ciocanul-in-ultimii-doi-ani-complexul-a-luat-foc-de-15-ori\\\/#breadcrumb\",\"itemListElement\":[{\"@type\":\"ListItem\",\"position\":1,\"name\":\"Acas\u0103\",\"item\":\"https:\\\/\\\/buletin.de\\\/bucuresti\\\/\"},{\"@type\":\"ListItem\",\"position\":2,\"name\":\"\u00cenc\u0103 un incendiu la \u0218coala de Meserii \u201eCiocanul\u201d. \u00cen ultimii doi ani, ansamblul a luat foc de peste 15 ori\"}]},{\"@type\":\"WebSite\",\"@id\":\"https:\\\/\\\/buletin.de\\\/bucuresti\\\/#website\",\"url\":\"https:\\\/\\\/buletin.de\\\/bucuresti\\\/\",\"name\":\"Buletin de Bucure\u0219ti\",\"description\":\"\u0218tiri \u0219i investiga\u021bii esen\u021biale din capital\u0103\",\"publisher\":{\"@id\":\"https:\\\/\\\/buletin.de\\\/bucuresti\\\/#organization\"},\"potentialAction\":[{\"@type\":\"SearchAction\",\"target\":{\"@type\":\"EntryPoint\",\"urlTemplate\":\"https:\\\/\\\/buletin.de\\\/bucuresti\\\/?s={search_term_string}\"},\"query-input\":{\"@type\":\"PropertyValueSpecification\",\"valueRequired\":true,\"valueName\":\"search_term_string\"}}],\"inLanguage\":\"en-GB\"},{\"@type\":\"Organization\",\"@id\":\"https:\\\/\\\/buletin.de\\\/bucuresti\\\/#organization\",\"name\":\"Buletin de Bucure\u0219ti\",\"url\":\"https:\\\/\\\/buletin.de\\\/bucuresti\\\/\",\"logo\":{\"@type\":\"ImageObject\",\"inLanguage\":\"en-GB\",\"@id\":\"https:\\\/\\\/buletin.de\\\/bucuresti\\\/#\\\/schema\\\/logo\\\/image\\\/\",\"url\":\"https:\\\/\\\/buletin.de\\\/bucuresti\\\/wp-content\\\/uploads\\\/logo-bdb-full-wide-vernil-transparent.png\",\"contentUrl\":\"https:\\\/\\\/buletin.de\\\/bucuresti\\\/wp-content\\\/uploads\\\/logo-bdb-full-wide-vernil-transparent.png\",\"width\":1782,\"height\":626,\"caption\":\"Buletin de Bucure\u0219ti\"},\"image\":{\"@id\":\"https:\\\/\\\/buletin.de\\\/bucuresti\\\/#\\\/schema\\\/logo\\\/image\\\/\"},\"sameAs\":[\"https:\\\/\\\/www.facebook.com\\\/buletin.de.buc\",\"https:\\\/\\\/www.instagram.com\\\/buletinde.bucuresti\\\/\"]},{\"@type\":\"Person\",\"@id\":\"https:\\\/\\\/buletin.de\\\/bucuresti\\\/#\\\/schema\\\/person\\\/150590659efde715459d159da012f501\",\"name\":\"Andreea Tudor\",\"image\":{\"@type\":\"ImageObject\",\"inLanguage\":\"en-GB\",\"@id\":\"https:\\\/\\\/secure.gravatar.com\\\/avatar\\\/a88705a186ab0b67f3349bcbced506c09e37256fbaad0e7f3bd1a79b4599f589?s=96&d=monsterid&r=g79290610aa1a65c2b86eebc2ca5aee8f\",\"url\":\"https:\\\/\\\/secure.gravatar.com\\\/avatar\\\/a88705a186ab0b67f3349bcbced506c09e37256fbaad0e7f3bd1a79b4599f589?s=96&d=monsterid&r=g\",\"contentUrl\":\"https:\\\/\\\/secure.gravatar.com\\\/avatar\\\/a88705a186ab0b67f3349bcbced506c09e37256fbaad0e7f3bd1a79b4599f589?s=96&d=monsterid&r=g\",\"caption\":\"Andreea Tudor\"},\"description\":\"N\u0103scut\u0103 \u0219i crescut\u0103 \u00een Bucure\u0219ti, sus\u021bin\u0103toare a presei independente. A\u0219a am ajuns redactor la Buletin de Bucure\u0219ti. Fiind eu, \u00eens\u0103mi, parte a sistemului de \u00eenv\u0103\u021b\u0103m\u00e2nt rom\u00e2nesc \u0219i pasionat\u0103 de domeniul social, pun sub lup\u0103 tot ceea ce se \u00eent\u00e2mpl\u0103 \u00een sfera educa\u021biei. Cred cu t\u0103rie c\u0103 presa \u201epentru cet\u0103\u021beni\u201d este presa independent\u0103. Oamenii au nevoie de o informare corect\u0103 pentru a \u00een\u021belege pe deplin ce se \u00eent\u00e2mpl\u0103 \u00een jurul lor \u0219i pentru a lua ac\u021biune \u00eempotriva nedrept\u0103\u021bilor.\",\"url\":\"https:\\\/\\\/buletin.de\\\/bucuresti\\\/author\\\/andreeatudor\\\/\"}]}<\/script>\n<!-- \/ Yoast SEO Premium plugin. -->","yoast_head_json":{"title":"\u00cenc\u0103 un incendiu la \u0218coala de Meserii \u201eCiocanul\u201d. \u00cen ultimii doi ani, ansamblul a luat foc de peste 15 ori - Buletin de Bucure\u0219ti","description":"Un nou incendiu are loc la \u0218coala de Meserii \u201eCiocanul\u201d, la doar dou\u0103 zile distan\u021b\u0103 de penultimul eveniment de acest fel.","robots":{"index":"index","follow":"follow","max-snippet":"max-snippet:-1","max-image-preview":"max-image-preview:large","max-video-preview":"max-video-preview:-1"},"canonical":"https:\/\/buletin.de\/bucuresti\/inca-un-incendiu-la-scoala-de-meserii-ciocanul-in-ultimii-doi-ani-complexul-a-luat-foc-de-15-ori\/","og_locale":"en_GB","og_type":"article","og_title":"\u00cenc\u0103 un incendiu la \u0218coala de Meserii \u201eCiocanul\u201d. \u00cen ultimii doi ani, ansamblul a luat foc de peste 15 ori","og_description":"Un nou incendiu are loc la \u0218coala de Meserii \u201eCiocanul\u201d, la doar dou\u0103 zile distan\u021b\u0103 de penultimul eveniment de acest fel.","og_url":"https:\/\/buletin.de\/bucuresti\/inca-un-incendiu-la-scoala-de-meserii-ciocanul-in-ultimii-doi-ani-complexul-a-luat-foc-de-15-ori\/","og_site_name":"Buletin de Bucure\u0219ti","article_publisher":"https:\/\/www.facebook.com\/buletin.de.buc","article_published_time":"2025-03-17T11:34:44+00:00","article_modified_time":"2025-03-17T17:23:55+00:00","og_image":[{"width":1600,"height":1200,"url":"https:\/\/buletin.de\/bucuresti\/wp-content\/uploads\/2025\/03\/FEATURED.jpg","type":"image\/jpeg"}],"author":"Andreea Tudor","twitter_card":"summary_large_image","twitter_misc":{"Written by":"Andreea Tudor","Estimated reading time":"4 minutes"},"schema":{"@context":"https:\/\/schema.org","@graph":[{"@type":"Article","@id":"https:\/\/buletin.de\/bucuresti\/inca-un-incendiu-la-scoala-de-meserii-ciocanul-in-ultimii-doi-ani-complexul-a-luat-foc-de-15-ori\/#article","isPartOf":{"@id":"https:\/\/buletin.de\/bucuresti\/inca-un-incendiu-la-scoala-de-meserii-ciocanul-in-ultimii-doi-ani-complexul-a-luat-foc-de-15-ori\/"},"author":{"name":"Andreea Tudor","@id":"https:\/\/buletin.de\/bucuresti\/#\/schema\/person\/150590659efde715459d159da012f501"},"headline":"\u00cenc\u0103 un incendiu la \u0218coala de Meserii \u201eCiocanul\u201d. \u00cen ultimii doi ani, ansamblul a luat foc de peste 15 ori","datePublished":"2025-03-17T11:34:44+00:00","dateModified":"2025-03-17T17:23:55+00:00","mainEntityOfPage":{"@id":"https:\/\/buletin.de\/bucuresti\/inca-un-incendiu-la-scoala-de-meserii-ciocanul-in-ultimii-doi-ani-complexul-a-luat-foc-de-15-ori\/"},"wordCount":606,"publisher":{"@id":"https:\/\/buletin.de\/bucuresti\/#organization"},"image":{"@id":"https:\/\/buletin.de\/bucuresti\/inca-un-incendiu-la-scoala-de-meserii-ciocanul-in-ultimii-doi-ani-complexul-a-luat-foc-de-15-ori\/#primaryimage"},"thumbnailUrl":"https:\/\/buletin.de\/bucuresti\/wp-content\/uploads\/2025\/03\/FEATURED.jpg","keywords":["cartierul evreiesc","incendiu","isu","Liceul Timpuri Noi","monument istoric","Scoala de meserii Ciocanul","Sector 3"],"articleSection":["Articole","Eveniment","Main"],"inLanguage":"en-GB","copyrightYear":"2025","copyrightHolder":{"@id":"https:\/\/buletin.de\/bucuresti\/#organization"}},{"@type":"WebPage","@id":"https:\/\/buletin.de\/bucuresti\/inca-un-incendiu-la-scoala-de-meserii-ciocanul-in-ultimii-doi-ani-complexul-a-luat-foc-de-15-ori\/","url":"https:\/\/buletin.de\/bucuresti\/inca-un-incendiu-la-scoala-de-meserii-ciocanul-in-ultimii-doi-ani-complexul-a-luat-foc-de-15-ori\/","name":"\u00cenc\u0103 un incendiu la \u0218coala de Meserii \u201eCiocanul\u201d. \u00cen ultimii doi ani, ansamblul a luat foc de peste 15 ori - Buletin de Bucure\u0219ti","isPartOf":{"@id":"https:\/\/buletin.de\/bucuresti\/#website"},"primaryImageOfPage":{"@id":"https:\/\/buletin.de\/bucuresti\/inca-un-incendiu-la-scoala-de-meserii-ciocanul-in-ultimii-doi-ani-complexul-a-luat-foc-de-15-ori\/#primaryimage"},"image":{"@id":"https:\/\/buletin.de\/bucuresti\/inca-un-incendiu-la-scoala-de-meserii-ciocanul-in-ultimii-doi-ani-complexul-a-luat-foc-de-15-ori\/#primaryimage"},"thumbnailUrl":"https:\/\/buletin.de\/bucuresti\/wp-content\/uploads\/2025\/03\/FEATURED.jpg","datePublished":"2025-03-17T11:34:44+00:00","dateModified":"2025-03-17T17:23:55+00:00","description":"Un nou incendiu are loc la \u0218coala de Meserii \u201eCiocanul\u201d, la doar dou\u0103 zile distan\u021b\u0103 de penultimul eveniment de acest fel.","breadcrumb":{"@id":"https:\/\/buletin.de\/bucuresti\/inca-un-incendiu-la-scoala-de-meserii-ciocanul-in-ultimii-doi-ani-complexul-a-luat-foc-de-15-ori\/#breadcrumb"},"inLanguage":"en-GB","potentialAction":[{"@type":"ReadAction","target":["https:\/\/buletin.de\/bucuresti\/inca-un-incendiu-la-scoala-de-meserii-ciocanul-in-ultimii-doi-ani-complexul-a-luat-foc-de-15-ori\/"]}]},{"@type":"ImageObject","inLanguage":"en-GB","@id":"https:\/\/buletin.de\/bucuresti\/inca-un-incendiu-la-scoala-de-meserii-ciocanul-in-ultimii-doi-ani-complexul-a-luat-foc-de-15-ori\/#primaryimage","url":"https:\/\/buletin.de\/bucuresti\/wp-content\/uploads\/2025\/03\/FEATURED.jpg","contentUrl":"https:\/\/buletin.de\/bucuresti\/wp-content\/uploads\/2025\/03\/FEATURED.jpg","width":1600,"height":1200,"caption":"\u00cenc\u0103 un incendiu la \u0218coala de Meserii \u201eCiocanul\u201d. Pompierii intervin cu cinci autospeciale de stingere"},{"@type":"BreadcrumbList","@id":"https:\/\/buletin.de\/bucuresti\/inca-un-incendiu-la-scoala-de-meserii-ciocanul-in-ultimii-doi-ani-complexul-a-luat-foc-de-15-ori\/#breadcrumb","itemListElement":[{"@type":"ListItem","position":1,"name":"Acas\u0103","item":"https:\/\/buletin.de\/bucuresti\/"},{"@type":"ListItem","position":2,"name":"\u00cenc\u0103 un incendiu la \u0218coala de Meserii \u201eCiocanul\u201d. \u00cen ultimii doi ani, ansamblul a luat foc de peste 15 ori"}]},{"@type":"WebSite","@id":"https:\/\/buletin.de\/bucuresti\/#website","url":"https:\/\/buletin.de\/bucuresti\/","name":"Buletin de Bucure\u0219ti","description":"\u0218tiri \u0219i investiga\u021bii esen\u021biale din capital\u0103","publisher":{"@id":"https:\/\/buletin.de\/bucuresti\/#organization"},"potentialAction":[{"@type":"SearchAction","target":{"@type":"EntryPoint","urlTemplate":"https:\/\/buletin.de\/bucuresti\/?s={search_term_string}"},"query-input":{"@type":"PropertyValueSpecification","valueRequired":true,"valueName":"search_term_string"}}],"inLanguage":"en-GB"},{"@type":"Organization","@id":"https:\/\/buletin.de\/bucuresti\/#organization","name":"Buletin de Bucure\u0219ti","url":"https:\/\/buletin.de\/bucuresti\/","logo":{"@type":"ImageObject","inLanguage":"en-GB","@id":"https:\/\/buletin.de\/bucuresti\/#\/schema\/logo\/image\/","url":"https:\/\/buletin.de\/bucuresti\/wp-content\/uploads\/logo-bdb-full-wide-vernil-transparent.png","contentUrl":"https:\/\/buletin.de\/bucuresti\/wp-content\/uploads\/logo-bdb-full-wide-vernil-transparent.png","width":1782,"height":626,"caption":"Buletin de Bucure\u0219ti"},"image":{"@id":"https:\/\/buletin.de\/bucuresti\/#\/schema\/logo\/image\/"},"sameAs":["https:\/\/www.facebook.com\/buletin.de.buc","https:\/\/www.instagram.com\/buletinde.bucuresti\/"]},{"@type":"Person","@id":"https:\/\/buletin.de\/bucuresti\/#\/schema\/person\/150590659efde715459d159da012f501","name":"Andreea Tudor","image":{"@type":"ImageObject","inLanguage":"en-GB","@id":"https:\/\/secure.gravatar.com\/avatar\/a88705a186ab0b67f3349bcbced506c09e37256fbaad0e7f3bd1a79b4599f589?s=96&d=monsterid&r=g79290610aa1a65c2b86eebc2ca5aee8f","url":"https:\/\/secure.gravatar.com\/avatar\/a88705a186ab0b67f3349bcbced506c09e37256fbaad0e7f3bd1a79b4599f589?s=96&d=monsterid&r=g","contentUrl":"https:\/\/secure.gravatar.com\/avatar\/a88705a186ab0b67f3349bcbced506c09e37256fbaad0e7f3bd1a79b4599f589?s=96&d=monsterid&r=g","caption":"Andreea Tudor"},"description":"N\u0103scut\u0103 \u0219i crescut\u0103 \u00een Bucure\u0219ti, sus\u021bin\u0103toare a presei independente. A\u0219a am ajuns redactor la Buletin de Bucure\u0219ti. Fiind eu, \u00eens\u0103mi, parte a sistemului de \u00eenv\u0103\u021b\u0103m\u00e2nt rom\u00e2nesc \u0219i pasionat\u0103 de domeniul social, pun sub lup\u0103 tot ceea ce se \u00eent\u00e2mpl\u0103 \u00een sfera educa\u021biei. Cred cu t\u0103rie c\u0103 presa \u201epentru cet\u0103\u021beni\u201d este presa independent\u0103. Oamenii au nevoie de o informare corect\u0103 pentru a \u00een\u021belege pe deplin ce se \u00eent\u00e2mpl\u0103 \u00een jurul lor \u0219i pentru a lua ac\u021biune \u00eempotriva nedrept\u0103\u021bilor.","url":"https:\/\/buletin.de\/bucuresti\/author\/andreeatudor\/"}]}},"authors":[{"term_id":22573,"user_id":55,"is_guest":0,"slug":"andreeatudor","display_name":"Andreea Tudor","avatar_url":"https:\/\/secure.gravatar.com\/avatar\/a88705a186ab0b67f3349bcbced506c09e37256fbaad0e7f3bd1a79b4599f589?s=96&d=monsterid&r=g","0":null,"1":"","2":"","3":"","4":"","5":"","6":"","7":"","8":""}],"_links":{"self":[{"href":"https:\/\/buletin.de\/bucuresti\/wp-json\/wp\/v2\/posts\/122924","targetHints":{"allow":["GET"]}}],"collection":[{"href":"https:\/\/buletin.de\/bucuresti\/wp-json\/wp\/v2\/posts"}],"about":[{"href":"https:\/\/buletin.de\/bucuresti\/wp-json\/wp\/v2\/types\/post"}],"author":[{"embeddable":true,"href":"https:\/\/buletin.de\/bucuresti\/wp-json\/wp\/v2\/users\/55"}],"replies":[{"embeddable":true,"href":"https:\/\/buletin.de\/bucuresti\/wp-json\/wp\/v2\/comments?post=122924"}],"version-history":[{"count":11,"href":"https:\/\/buletin.de\/bucuresti\/wp-json\/wp\/v2\/posts\/122924\/revisions"}],"predecessor-version":[{"id":123040,"href":"https:\/\/buletin.de\/bucuresti\/wp-json\/wp\/v2\/posts\/122924\/revisions\/123040"}],"wp:featuredmedia":[{"embeddable":true,"href":"https:\/\/buletin.de\/bucuresti\/wp-json\/wp\/v2\/media\/122931"}],"wp:attachment":[{"href":"https:\/\/buletin.de\/bucuresti\/wp-json\/wp\/v2\/media?parent=122924"}],"wp:term":[{"taxonomy":"category","embeddable":true,"href":"https:\/\/buletin.de\/bucuresti\/wp-json\/wp\/v2\/categories?post=122924"},{"taxonomy":"post_tag","embeddable":true,"href":"https:\/\/buletin.de\/bucuresti\/wp-json\/wp\/v2\/tags?post=122924"},{"taxonomy":"author","embeddable":true,"href":"https:\/\/buletin.de\/bucuresti\/wp-json\/wp\/v2\/ppma_author?post=122924"}],"curies":[{"name":"wp","href":"https:\/\/api.w.org\/{rel}","templated":true}]}}