{"id":122825,"date":"2025-03-16T19:22:15","date_gmt":"2025-03-16T16:22:15","guid":{"rendered":"https:\/\/buletin.de\/bucuresti\/?p=122825"},"modified":"2025-03-17T01:00:17","modified_gmt":"2025-03-16T22:00:17","slug":"curatenia-de-primavara-2","status":"publish","type":"post","link":"https:\/\/buletin.de\/bucuresti\/curatenia-de-primavara-2\/","title":{"rendered":"Sector 6 | \u00cencepe cur\u0103\u021benia de prim\u0103var\u0103. \u0218oferii sunt soma\u021bi s\u0103 \u00ee\u0219i mute ma\u0219inile din zonele \u00een care intervine salubrizarea"},"content":{"rendered":"\n<p><strong>Cur\u0103\u021benia de prim\u0103var\u0103 debuteaz\u0103 luni \u00een Sectorul 6. \u00cen acest context, autoritatea local\u0103 cere \u0219oferilor s\u0103 mute ma\u0219inile din zonele \u0219i \u00een zilele \u00een care se face cur\u0103\u021benie.<\/strong><\/p>\n\n\n\n<p>Anul acesta, campania, aflat\u0103 la cea de-a cincea edi\u021bie, \u00eencepe din cartierul Militari.<\/p>\n\n\n\n<p>Cur\u0103\u021benia de prim\u0103var\u0103 se va face, etapizat, pe microzone. Prima este Microzona 21 din Militari, delimitat\u0103 de: Bulevardul Iuliu Maniu \u2013 Strada Dezrobirii \u2013 Bulevardul Uverturii \u2013 \u0218oseaua Virtu\u021bii.<\/p>\n\n\n\n<p>Timp de dou\u0103 zile, 17 \u0219i 18 martie, 15 utilaje \u0219i 40 de muncitori stradali vor lucra intens aceast\u0103 microzon\u0103, at\u00e2t pe arterele principale, c\u00e2t \u0219i pe cele secundare.<\/p>\n\n\n\n<p>Pe str\u0103zile principale (Iuliu Maniu, Uverturii, Virtu\u021bii):<\/p>\n\n\n\n<p>\u2022 se cur\u0103\u021b\u0103 rigolele pentru a \u00eendep\u0103rta mizeria, praful \u0219i noroiul acumulate \u00een lunile reci;<\/p>\n\n\n\n<p>\u2022 se perie \u0219i se spal\u0103  mecanizat carosabilul \u0219i trotuarele;<\/p>\n\n\n\n<p>\u2022 se igienizeaz\u0103 sta\u021biile STB, mobilierul urban, semnele de circula\u021bie, bolarzii \u0219i st\u00e2lpi\u0219orii stradali.<\/p>\n\n\n\n<figure class=\"wp-block-gallery has-nested-images columns-default is-cropped wp-block-gallery-1 is-layout-flex wp-block-gallery-is-layout-flex\">\n<figure class=\"wp-block-image size-large\"><img fetchpriority=\"high\" decoding=\"async\" width=\"1000\" height=\"950\" data-id=\"122828\" src=\"data:image\/gif;base64,R0lGODlhAQABAAAAACH5BAEKAAEALAAAAAABAAEAAAICTAEAOw==\" data-src=\"https:\/\/buletin.de\/bucuresti\/wp-content\/uploads\/2025\/03\/484114698_1060185092806094_2487394197278597850_n-1000x950.jpg\" alt=\"Cur\u0103\u021benia de prim\u0103var\u0103\" class=\"wp-image-122828 lazyload\" data-sizes=\"auto\" data-srcset=\"https:\/\/buletin.de\/bucuresti\/wp-content\/uploads\/2025\/03\/484114698_1060185092806094_2487394197278597850_n-1000x950.jpg 1000w, https:\/\/buletin.de\/bucuresti\/wp-content\/uploads\/2025\/03\/484114698_1060185092806094_2487394197278597850_n-300x285.jpg 300w, https:\/\/buletin.de\/bucuresti\/wp-content\/uploads\/2025\/03\/484114698_1060185092806094_2487394197278597850_n-768x730.jpg 768w, https:\/\/buletin.de\/bucuresti\/wp-content\/uploads\/2025\/03\/484114698_1060185092806094_2487394197278597850_n-24x24.jpg 24w, https:\/\/buletin.de\/bucuresti\/wp-content\/uploads\/2025\/03\/484114698_1060185092806094_2487394197278597850_n-600x570.jpg 600w, https:\/\/buletin.de\/bucuresti\/wp-content\/uploads\/2025\/03\/484114698_1060185092806094_2487394197278597850_n-20x19.jpg 20w, https:\/\/buletin.de\/bucuresti\/wp-content\/uploads\/2025\/03\/484114698_1060185092806094_2487394197278597850_n.jpg 1080w\" sizes=\"(max-width: 1000px) 100vw, 1000px\" \/><\/figure>\n\n\n\n<figure class=\"wp-block-image size-large\"><img decoding=\"async\" width=\"750\" height=\"1000\" data-id=\"122827\" src=\"data:image\/gif;base64,R0lGODlhAQABAAAAACH5BAEKAAEALAAAAAABAAEAAAICTAEAOw==\" data-src=\"https:\/\/buletin.de\/bucuresti\/wp-content\/uploads\/2025\/03\/484225400_1060184852806118_6359540817151013681_n-750x1000.jpg\" alt=\"\" class=\"wp-image-122827 lazyload\" data-sizes=\"auto\" data-srcset=\"https:\/\/buletin.de\/bucuresti\/wp-content\/uploads\/2025\/03\/484225400_1060184852806118_6359540817151013681_n-750x1000.jpg 750w, https:\/\/buletin.de\/bucuresti\/wp-content\/uploads\/2025\/03\/484225400_1060184852806118_6359540817151013681_n-225x300.jpg 225w, https:\/\/buletin.de\/bucuresti\/wp-content\/uploads\/2025\/03\/484225400_1060184852806118_6359540817151013681_n-768x1024.jpg 768w, https:\/\/buletin.de\/bucuresti\/wp-content\/uploads\/2025\/03\/484225400_1060184852806118_6359540817151013681_n-600x800.jpg 600w, https:\/\/buletin.de\/bucuresti\/wp-content\/uploads\/2025\/03\/484225400_1060184852806118_6359540817151013681_n-20x27.jpg 20w, https:\/\/buletin.de\/bucuresti\/wp-content\/uploads\/2025\/03\/484225400_1060184852806118_6359540817151013681_n.jpg 960w\" sizes=\"(max-width: 750px) 100vw, 750px\" \/><\/figure>\n\n\n\n<figure class=\"wp-block-image size-large\"><img decoding=\"async\" width=\"924\" height=\"1000\" data-id=\"122826\" src=\"data:image\/gif;base64,R0lGODlhAQABAAAAACH5BAEKAAEALAAAAAABAAEAAAICTAEAOw==\" data-src=\"https:\/\/buletin.de\/bucuresti\/wp-content\/uploads\/2025\/03\/484140374_1060185386139398_8002222838708925010_n-924x1000.jpg\" alt=\"Cur\u0103\u021benia de prim\u0103var\u0103\" class=\"wp-image-122826 lazyload\" data-sizes=\"auto\" data-srcset=\"https:\/\/buletin.de\/bucuresti\/wp-content\/uploads\/2025\/03\/484140374_1060185386139398_8002222838708925010_n-924x1000.jpg 924w, https:\/\/buletin.de\/bucuresti\/wp-content\/uploads\/2025\/03\/484140374_1060185386139398_8002222838708925010_n-277x300.jpg 277w, https:\/\/buletin.de\/bucuresti\/wp-content\/uploads\/2025\/03\/484140374_1060185386139398_8002222838708925010_n-768x831.jpg 768w, https:\/\/buletin.de\/bucuresti\/wp-content\/uploads\/2025\/03\/484140374_1060185386139398_8002222838708925010_n-1100x1190.jpg 1100w, https:\/\/buletin.de\/bucuresti\/wp-content\/uploads\/2025\/03\/484140374_1060185386139398_8002222838708925010_n-600x649.jpg 600w, https:\/\/buletin.de\/bucuresti\/wp-content\/uploads\/2025\/03\/484140374_1060185386139398_8002222838708925010_n-20x22.jpg 20w, https:\/\/buletin.de\/bucuresti\/wp-content\/uploads\/2025\/03\/484140374_1060185386139398_8002222838708925010_n.jpg 1200w\" sizes=\"(max-width: 924px) 100vw, 924px\" \/><\/figure>\n<\/figure>\n\n\n\n<p>Pe str\u0103zile secundare:<\/p>\n\n\n\n<p>\u2022 se m\u0103tur\u0103 mecanizat \u0219i manual;<\/p>\n\n\n\n<p>\u2022 se spal\u0103 carosabilul \u0219i trotuarele;<\/p>\n\n\n\n<p>\u2022 se aspir\u0103 parc\u0103rile de l\u00e2ng\u0103 blocuri.<\/p>\n\n\n\n<figure class=\"wp-block-gallery has-nested-images columns-default is-cropped wp-block-gallery-2 is-layout-flex wp-block-gallery-is-layout-flex\">\n<figure class=\"wp-block-image size-large\"><img loading=\"lazy\" decoding=\"async\" width=\"750\" height=\"1000\" data-id=\"122829\" src=\"data:image\/gif;base64,R0lGODlhAQABAAAAACH5BAEKAAEALAAAAAABAAEAAAICTAEAOw==\" data-src=\"https:\/\/buletin.de\/bucuresti\/wp-content\/uploads\/2025\/03\/484342524_1060184699472800_5544468370919799279_n-750x1000.jpg\" alt=\"Cur\u0103\u021benia de prim\u0103var\u0103\" class=\"wp-image-122829 lazyload\" data-sizes=\"auto\" data-srcset=\"https:\/\/buletin.de\/bucuresti\/wp-content\/uploads\/2025\/03\/484342524_1060184699472800_5544468370919799279_n-750x1000.jpg 750w, https:\/\/buletin.de\/bucuresti\/wp-content\/uploads\/2025\/03\/484342524_1060184699472800_5544468370919799279_n-225x300.jpg 225w, https:\/\/buletin.de\/bucuresti\/wp-content\/uploads\/2025\/03\/484342524_1060184699472800_5544468370919799279_n-768x1024.jpg 768w, https:\/\/buletin.de\/bucuresti\/wp-content\/uploads\/2025\/03\/484342524_1060184699472800_5544468370919799279_n-600x800.jpg 600w, https:\/\/buletin.de\/bucuresti\/wp-content\/uploads\/2025\/03\/484342524_1060184699472800_5544468370919799279_n-20x27.jpg 20w, https:\/\/buletin.de\/bucuresti\/wp-content\/uploads\/2025\/03\/484342524_1060184699472800_5544468370919799279_n.jpg 960w\" sizes=\"(max-width: 750px) 100vw, 750px\" \/><\/figure>\n\n\n\n<figure class=\"wp-block-image size-large\"><img loading=\"lazy\" decoding=\"async\" width=\"1000\" height=\"797\" data-id=\"122831\" src=\"data:image\/gif;base64,R0lGODlhAQABAAAAACH5BAEKAAEALAAAAAABAAEAAAICTAEAOw==\" data-src=\"https:\/\/buletin.de\/bucuresti\/wp-content\/uploads\/2025\/03\/484083458_1060184522806151_5032284072146882313_n-1000x797.jpg\" alt=\"\" class=\"wp-image-122831 lazyload\" data-sizes=\"auto\" data-srcset=\"https:\/\/buletin.de\/bucuresti\/wp-content\/uploads\/2025\/03\/484083458_1060184522806151_5032284072146882313_n-1000x797.jpg 1000w, https:\/\/buletin.de\/bucuresti\/wp-content\/uploads\/2025\/03\/484083458_1060184522806151_5032284072146882313_n-300x239.jpg 300w, https:\/\/buletin.de\/bucuresti\/wp-content\/uploads\/2025\/03\/484083458_1060184522806151_5032284072146882313_n-768x612.jpg 768w, https:\/\/buletin.de\/bucuresti\/wp-content\/uploads\/2025\/03\/484083458_1060184522806151_5032284072146882313_n-600x478.jpg 600w, https:\/\/buletin.de\/bucuresti\/wp-content\/uploads\/2025\/03\/484083458_1060184522806151_5032284072146882313_n-20x16.jpg 20w, https:\/\/buletin.de\/bucuresti\/wp-content\/uploads\/2025\/03\/484083458_1060184522806151_5032284072146882313_n.jpg 1080w\" sizes=\"(max-width: 1000px) 100vw, 1000px\" \/><\/figure>\n\n\n\n<figure class=\"wp-block-image size-large\"><img loading=\"lazy\" decoding=\"async\" width=\"1000\" height=\"698\" data-id=\"122830\" src=\"data:image\/gif;base64,R0lGODlhAQABAAAAACH5BAEKAAEALAAAAAABAAEAAAICTAEAOw==\" data-src=\"https:\/\/buletin.de\/bucuresti\/wp-content\/uploads\/2025\/03\/484341150_1060184436139493_6573978934071449557_n-1000x698.jpg\" alt=\"Cur\u0103\u021benia de prim\u0103var\u0103\" class=\"wp-image-122830 lazyload\" data-sizes=\"auto\" data-srcset=\"https:\/\/buletin.de\/bucuresti\/wp-content\/uploads\/2025\/03\/484341150_1060184436139493_6573978934071449557_n-1000x698.jpg 1000w, https:\/\/buletin.de\/bucuresti\/wp-content\/uploads\/2025\/03\/484341150_1060184436139493_6573978934071449557_n-300x209.jpg 300w, https:\/\/buletin.de\/bucuresti\/wp-content\/uploads\/2025\/03\/484341150_1060184436139493_6573978934071449557_n-768x536.jpg 768w, https:\/\/buletin.de\/bucuresti\/wp-content\/uploads\/2025\/03\/484341150_1060184436139493_6573978934071449557_n-600x419.jpg 600w, https:\/\/buletin.de\/bucuresti\/wp-content\/uploads\/2025\/03\/484341150_1060184436139493_6573978934071449557_n-20x14.jpg 20w, https:\/\/buletin.de\/bucuresti\/wp-content\/uploads\/2025\/03\/484341150_1060184436139493_6573978934071449557_n.jpg 1080w\" sizes=\"(max-width: 1000px) 100vw, 1000px\" \/><\/figure>\n<\/figure>\n\n\n\n<p>Echipele de cur\u0103\u021benie vor ac\u021biona mecanizat cu:<\/p>\n\n\n\n<ul class=\"wp-block-list\">\n<li> o autom\u0103tur\u0103toare mare \u0219i una medie \u2013 pentru cur\u0103\u021barea eficient\u0103 a carosabilului;<\/li>\n\n\n\n<li>dou\u0103 cisterne \u2013 pentru sp\u0103larea str\u0103zilor;<\/li>\n\n\n\n<li>patru perii mici pentru trotuare.<\/li>\n\n\n\n<li>muncitorii stradali vor completa interven\u021bia prin m\u0103turare \u0219i sp\u0103lare manual\u0103.<\/li>\n<\/ul>\n\n\n\n<p><strong>CITE\u0218TE \u0218I: <a href=\"https:\/\/buletin.de\/bucuresti\/valorile-termice\/\" target=\"_blank\" rel=\"noreferrer noopener\">METEO BUCURE\u015eTI | Temperaturile scad, de s\u0103pt\u0103m\u00e2na viitoare. Valorile termice nu mai trec de 7-8 grade \u0219i vor fi ploi \u0219i lapovi\u021b\u0103<\/a><\/strong><\/p>\n\n\n\n<div class=\"wp-block-buttons is-content-justification-center is-layout-flex wp-container-core-buttons-is-layout-16018d1d wp-block-buttons-is-layout-flex\">\n<div class=\"wp-block-button has-custom-width wp-block-button__width-100\"><a class=\"wp-block-button__link wp-element-button\" href=\"https:\/\/www.patreon.com\/BuletinDeBucuresti\"><strong>Sus\u021bine Buletin de Bucure\u0219ti pentru investiga\u021bii, reportaje \u0219i \u0219tiri Locale<\/strong><\/a><\/div>\n<\/div>\n\n\n\n<h2 class=\"wp-block-heading\" id=\"h-\u0219oferii-sunt-soma\u021bi-sa-\u0219i-mute-ma\u0219inile\">\u0218oferii sunt soma\u021bi s\u0103-\u0219i mute ma\u0219inile<\/h2>\n\n\n\n<p>Pentru a interveni eficient, \u0219oferii trebuie s\u0103 elibera\u021bi carosabilul de pe urm\u0103toarele artere:<\/p>\n\n\n\n<ul class=\"wp-block-list\">\n<li>Bd. Iuliu Maniu (\u00eentre str. Drept\u0103\u021bii \u0219i \u0218os. Virtu\u021bii);<\/li>\n\n\n\n<li>Bd. Uverturii;<\/li>\n\n\n\n<li>\u0218os. Virtu\u021bii;<\/li>\n\n\n\n<li>str. Veteranilor;<\/li>\n\n\n\n<li>str. Dealul \u021augulea.<\/li>\n<\/ul>\n\n\n\n<p>Poli\u021bia Local\u0103 Sector 6 notific\u0103 deja proprietarii de autoturisme s\u0103 \u00ee\u0219i mute ma\u0219inile. De asemenea, au fost montate panouri informative \u0219i puse afi\u0219e la sc\u0103rile de bloc din proximitate. Cei care nu se conformeaz\u0103 vor avea vehiculele relocate temporar, astfel \u00eenc\u00e2t s\u0103 se poat\u0103 cur\u0103\u021ba \u00een profunzime.<\/p>\n\n\n\n<p><strong>CITE\u0218TE \u0218I:<\/strong> <a href=\"https:\/\/buletin.de\/bucuresti\/catedrala-mantuirii-neamului-una-dintre-cele-mai-scumpe-cladiri-din-romania-costurile-pentru-intregul-ansamblu\/\">Catedrala M\u00e2ntuirii Neamului, una dintre cele mai scumpe cl\u0103diri din Rom\u00e2nia. Costurile pentru \u00eentregul ansamblu<\/a><\/p>\n\n\n\n<h2 class=\"wp-block-heading\" id=\"h-programul-cura\u021beniei-de-primavara-in-luna-martie\">Programul cur\u0103\u021beniei de primavar\u0103 \u00een luna martie<\/h2>\n\n\n\n<p><strong>19 \u0219i 20 martie<\/strong> &#8211; Microzona 22 (Sos. Virtu\u021bii \u2013 Bd. Uverturii \u2013 Str. Cetatea de Balt\u0103 \u2013 Aleea Lacul Morii)<\/p>\n\n\n\n<p><strong>21 \u0219i 22 martie<\/strong>&#8211; Microzona 23 (Bd. Uverturii \u2013 Str. Cetatea de Balt\u0103 \u2013 Aleea Lacul Morii)<\/p>\n\n\n\n<p><strong>23 \u0219i 24 martie<\/strong>&#8211; Microzona 20 (Bd. Iuliu Maniu \u2013 Str. Dezrobirii \u2013 Bd. Uverturii \u2013 Str. Apusului)<\/p>\n\n\n\n<p><strong>25 \u0219i 26 martie-<\/strong> Microzona 19 (Bd. Iuliu Maniu \u2013 Str. Apusului \u2013 Bd. Uverturii \u2013 Str. Emil Giurgea \u2013 Str. Tineretului &#8211; Drumul Ro\u021bii)<\/p>\n\n\n\n<p><strong>28 \u0219i 28 martie<\/strong>&#8211; Microzona 18 (Str. Preciziei \u2013 Str. Valea Cascadelor \u2013 Bd. Iuliu Maniu)<\/p>\n\n\n\n<p><strong>29 \u0219i 30 martie <\/strong>&#8211; Microzona 15 (Bd. Iuliu Maniu \u2013 Str. Valea Cascadelor \u2013 Str. Liniei \u2013 Str. Moine\u0219ti).<\/p>\n\n\n\n<p><a href=\"https:\/\/www.facebook.com\/PrimariaSectorului6\">Prim\u0103ria local\u0103 <\/a>precizeaz\u0103 c\u0103, p\u00e2n\u0103 pe 21 mai, cur\u0103\u021benia de prim\u0103var\u0103 de va face \u00een tot Sectorul 6.<\/p>\n\n\n\n<p><strong>CITE\u0218TE \u0218I: <a href=\"https:\/\/buletin.de\/bucuresti\/cafeneaua-bdb-creator-de-continut-pe-bicicleta-bucharestbiketraffic-n-as-invita-pe-nimeni-sa-pedaleze-in-bucuresti\/\" target=\"_blank\" rel=\"noreferrer noopener\">Cafeneaua BdB | Creator de con\u021binut pe biciclet\u0103. bucharestBIKEtraffic: \u201eN-a\u0219 invita pe nimeni s\u0103 pedaleze \u00een Bucure\u0219ti\u201d<\/a><\/strong><\/p>\n","protected":false},"excerpt":{"rendered":"<p>Cur\u0103\u021benia de prim\u0103var\u0103 debuteaz\u0103 luni \u00een Sectorul 6. \u00cen acest context, autoritatea local\u0103 cere \u0219oferilor s\u0103 mute ma\u0219inile din zonele \u0219i \u00een zilele \u00een care se face cur\u0103\u021benie. Anul acesta, campania, aflat\u0103 la cea de-a cincea edi\u021bie, \u00eencepe din cartierul Militari. Cur\u0103\u021benia de prim\u0103var\u0103 se va face, etapizat, pe microzone. Prima este Microzona 21 din [&hellip;]<\/p>\n","protected":false},"author":49,"featured_media":122832,"comment_status":"closed","ping_status":"open","sticky":false,"template":"","format":"standard","meta":{"_acf_changed":false,"inline_featured_image":false,"ngg_post_thumbnail":0,"footnotes":""},"categories":[6994,24,62],"tags":[19884,10895,4849,523,6601,19885],"ppma_author":[22574],"class_list":["post-122825","post","type-post","status-publish","format-standard","has-post-thumbnail","hentry","category-stiri-2","category-primarie","category-stiri","tag-cartierul-militari","tag-curatenia-de-primavara","tag-iuliu-maniu","tag-sector-6","tag-strada-dezrobirii","tag-virtutii-2"],"acf":[],"yoast_head":"<!-- This site is optimized with the Yoast SEO Premium plugin v25.3 (Yoast SEO v27.4) - https:\/\/yoast.com\/product\/yoast-seo-premium-wordpress\/ -->\n<title>Sector 6 | \u00cencepe cur\u0103\u021benia de prim\u0103var\u0103. \u0218oferii sunt soma\u021bi s\u0103 \u00ee\u0219i mute ma\u0219inile din zonele \u00een care intervine salubrizarea - Buletin de Bucure\u0219ti<\/title>\n<meta name=\"description\" content=\"Cur\u0103\u021benia de prim\u0103var\u0103 debuteaz\u0103 m\u00e2ine, 17 martie, \u00een Sectorul 6. \u0218oferil trebuie s\u0103-si mute ma\u0219inile din zonele afectate.\" \/>\n<meta name=\"robots\" content=\"index, follow, max-snippet:-1, max-image-preview:large, max-video-preview:-1\" \/>\n<link rel=\"canonical\" href=\"https:\/\/buletin.de\/bucuresti\/curatenia-de-primavara-2\/\" \/>\n<meta property=\"og:locale\" content=\"en_GB\" \/>\n<meta property=\"og:type\" content=\"article\" \/>\n<meta property=\"og:title\" content=\"Sector 6 | \u00cencepe cur\u0103\u021benia de prim\u0103var\u0103. \u0218oferii sunt soma\u021bi s\u0103 \u00ee\u0219i mute ma\u0219inile din zonele \u00een care intervine salubrizarea\" \/>\n<meta property=\"og:description\" content=\"Cur\u0103\u021benia de prim\u0103var\u0103 debuteaz\u0103 m\u00e2ine, 17 martie, \u00een Sectorul 6. \u0218oferil trebuie s\u0103-si mute ma\u0219inile din zonele afectate.\" \/>\n<meta property=\"og:url\" content=\"https:\/\/buletin.de\/bucuresti\/curatenia-de-primavara-2\/\" \/>\n<meta property=\"og:site_name\" content=\"Buletin de Bucure\u0219ti\" \/>\n<meta property=\"article:publisher\" content=\"https:\/\/www.facebook.com\/buletin.de.buc\" \/>\n<meta property=\"article:published_time\" content=\"2025-03-16T16:22:15+00:00\" \/>\n<meta property=\"article:modified_time\" content=\"2025-03-16T22:00:17+00:00\" \/>\n<meta property=\"og:image\" content=\"https:\/\/buletin.de\/bucuresti\/wp-content\/uploads\/2025\/03\/484649836_1060184992806104_5607276731478379720_n-e1742162400522.jpg\" \/>\n\t<meta property=\"og:image:width\" content=\"1536\" \/>\n\t<meta property=\"og:image:height\" content=\"1054\" \/>\n\t<meta property=\"og:image:type\" content=\"image\/jpeg\" \/>\n<meta name=\"author\" content=\"Diana Matei\" \/>\n<meta name=\"twitter:card\" content=\"summary_large_image\" \/>\n<meta name=\"twitter:label1\" content=\"Written by\" \/>\n\t<meta name=\"twitter:data1\" content=\"Diana Matei\" \/>\n\t<meta name=\"twitter:label2\" content=\"Estimated reading time\" \/>\n\t<meta name=\"twitter:data2\" content=\"4 minutes\" \/>\n<script type=\"application\/ld+json\" class=\"yoast-schema-graph\">{\"@context\":\"https:\\\/\\\/schema.org\",\"@graph\":[{\"@type\":\"Article\",\"@id\":\"https:\\\/\\\/buletin.de\\\/bucuresti\\\/curatenia-de-primavara-2\\\/#article\",\"isPartOf\":{\"@id\":\"https:\\\/\\\/buletin.de\\\/bucuresti\\\/curatenia-de-primavara-2\\\/\"},\"author\":{\"name\":\"Diana Matei\",\"@id\":\"https:\\\/\\\/buletin.de\\\/bucuresti\\\/#\\\/schema\\\/person\\\/7e46040573290777280a0835d81ea4ea\"},\"headline\":\"Sector 6 | \u00cencepe cur\u0103\u021benia de prim\u0103var\u0103. \u0218oferii sunt soma\u021bi s\u0103 \u00ee\u0219i mute ma\u0219inile din zonele \u00een care intervine salubrizarea\",\"datePublished\":\"2025-03-16T16:22:15+00:00\",\"dateModified\":\"2025-03-16T22:00:17+00:00\",\"mainEntityOfPage\":{\"@id\":\"https:\\\/\\\/buletin.de\\\/bucuresti\\\/curatenia-de-primavara-2\\\/\"},\"wordCount\":537,\"publisher\":{\"@id\":\"https:\\\/\\\/buletin.de\\\/bucuresti\\\/#organization\"},\"image\":{\"@id\":\"https:\\\/\\\/buletin.de\\\/bucuresti\\\/curatenia-de-primavara-2\\\/#primaryimage\"},\"thumbnailUrl\":\"https:\\\/\\\/buletin.de\\\/bucuresti\\\/wp-content\\\/uploads\\\/2025\\\/03\\\/484649836_1060184992806104_5607276731478379720_n-e1742162400522.jpg\",\"keywords\":[\"Cartierul Militari\",\"curatenia de primavara\",\"Iuliu Maniu\",\"Sector 6\",\"strada dezrobirii\",\"Virtu\u021bii\"],\"articleSection\":[\"Articole\",\"Prim\u0103rie\",\"\u0218tiri\"],\"inLanguage\":\"en-GB\",\"copyrightYear\":\"2025\",\"copyrightHolder\":{\"@id\":\"https:\\\/\\\/buletin.de\\\/bucuresti\\\/#organization\"}},{\"@type\":\"WebPage\",\"@id\":\"https:\\\/\\\/buletin.de\\\/bucuresti\\\/curatenia-de-primavara-2\\\/\",\"url\":\"https:\\\/\\\/buletin.de\\\/bucuresti\\\/curatenia-de-primavara-2\\\/\",\"name\":\"Sector 6 | \u00cencepe cur\u0103\u021benia de prim\u0103var\u0103. \u0218oferii sunt soma\u021bi s\u0103 \u00ee\u0219i mute ma\u0219inile din zonele \u00een care intervine salubrizarea - Buletin de Bucure\u0219ti\",\"isPartOf\":{\"@id\":\"https:\\\/\\\/buletin.de\\\/bucuresti\\\/#website\"},\"primaryImageOfPage\":{\"@id\":\"https:\\\/\\\/buletin.de\\\/bucuresti\\\/curatenia-de-primavara-2\\\/#primaryimage\"},\"image\":{\"@id\":\"https:\\\/\\\/buletin.de\\\/bucuresti\\\/curatenia-de-primavara-2\\\/#primaryimage\"},\"thumbnailUrl\":\"https:\\\/\\\/buletin.de\\\/bucuresti\\\/wp-content\\\/uploads\\\/2025\\\/03\\\/484649836_1060184992806104_5607276731478379720_n-e1742162400522.jpg\",\"datePublished\":\"2025-03-16T16:22:15+00:00\",\"dateModified\":\"2025-03-16T22:00:17+00:00\",\"description\":\"Cur\u0103\u021benia de prim\u0103var\u0103 debuteaz\u0103 m\u00e2ine, 17 martie, \u00een Sectorul 6. \u0218oferil trebuie s\u0103-si mute ma\u0219inile din zonele afectate.\",\"breadcrumb\":{\"@id\":\"https:\\\/\\\/buletin.de\\\/bucuresti\\\/curatenia-de-primavara-2\\\/#breadcrumb\"},\"inLanguage\":\"en-GB\",\"potentialAction\":[{\"@type\":\"ReadAction\",\"target\":[\"https:\\\/\\\/buletin.de\\\/bucuresti\\\/curatenia-de-primavara-2\\\/\"]}]},{\"@type\":\"ImageObject\",\"inLanguage\":\"en-GB\",\"@id\":\"https:\\\/\\\/buletin.de\\\/bucuresti\\\/curatenia-de-primavara-2\\\/#primaryimage\",\"url\":\"https:\\\/\\\/buletin.de\\\/bucuresti\\\/wp-content\\\/uploads\\\/2025\\\/03\\\/484649836_1060184992806104_5607276731478379720_n-e1742162400522.jpg\",\"contentUrl\":\"https:\\\/\\\/buletin.de\\\/bucuresti\\\/wp-content\\\/uploads\\\/2025\\\/03\\\/484649836_1060184992806104_5607276731478379720_n-e1742162400522.jpg\",\"width\":1536,\"height\":1054,\"caption\":\"Sector 6 | \u00cencepe cur\u0103\u021benia de prim\u0103var\u0103. \u0218oferii sunt soma\u021bi s\u0103 \u00ee\u0219i mute ma\u0219inile din zonele \u00een care intervin echipele de la salubrizare. FOTO: PS6\"},{\"@type\":\"BreadcrumbList\",\"@id\":\"https:\\\/\\\/buletin.de\\\/bucuresti\\\/curatenia-de-primavara-2\\\/#breadcrumb\",\"itemListElement\":[{\"@type\":\"ListItem\",\"position\":1,\"name\":\"Acas\u0103\",\"item\":\"https:\\\/\\\/buletin.de\\\/bucuresti\\\/\"},{\"@type\":\"ListItem\",\"position\":2,\"name\":\"Sector 6 | \u00cencepe cur\u0103\u021benia de prim\u0103var\u0103. \u0218oferii sunt soma\u021bi s\u0103 \u00ee\u0219i mute ma\u0219inile din zonele \u00een care intervine salubrizarea\"}]},{\"@type\":\"WebSite\",\"@id\":\"https:\\\/\\\/buletin.de\\\/bucuresti\\\/#website\",\"url\":\"https:\\\/\\\/buletin.de\\\/bucuresti\\\/\",\"name\":\"Buletin de Bucure\u0219ti\",\"description\":\"\u0218tiri \u0219i investiga\u021bii esen\u021biale din capital\u0103\",\"publisher\":{\"@id\":\"https:\\\/\\\/buletin.de\\\/bucuresti\\\/#organization\"},\"potentialAction\":[{\"@type\":\"SearchAction\",\"target\":{\"@type\":\"EntryPoint\",\"urlTemplate\":\"https:\\\/\\\/buletin.de\\\/bucuresti\\\/?s={search_term_string}\"},\"query-input\":{\"@type\":\"PropertyValueSpecification\",\"valueRequired\":true,\"valueName\":\"search_term_string\"}}],\"inLanguage\":\"en-GB\"},{\"@type\":\"Organization\",\"@id\":\"https:\\\/\\\/buletin.de\\\/bucuresti\\\/#organization\",\"name\":\"Buletin de Bucure\u0219ti\",\"url\":\"https:\\\/\\\/buletin.de\\\/bucuresti\\\/\",\"logo\":{\"@type\":\"ImageObject\",\"inLanguage\":\"en-GB\",\"@id\":\"https:\\\/\\\/buletin.de\\\/bucuresti\\\/#\\\/schema\\\/logo\\\/image\\\/\",\"url\":\"https:\\\/\\\/buletin.de\\\/bucuresti\\\/wp-content\\\/uploads\\\/logo-bdb-full-wide-vernil-transparent.png\",\"contentUrl\":\"https:\\\/\\\/buletin.de\\\/bucuresti\\\/wp-content\\\/uploads\\\/logo-bdb-full-wide-vernil-transparent.png\",\"width\":1782,\"height\":626,\"caption\":\"Buletin de Bucure\u0219ti\"},\"image\":{\"@id\":\"https:\\\/\\\/buletin.de\\\/bucuresti\\\/#\\\/schema\\\/logo\\\/image\\\/\"},\"sameAs\":[\"https:\\\/\\\/www.facebook.com\\\/buletin.de.buc\",\"https:\\\/\\\/www.instagram.com\\\/buletinde.bucuresti\\\/\"]},{\"@type\":\"Person\",\"@id\":\"https:\\\/\\\/buletin.de\\\/bucuresti\\\/#\\\/schema\\\/person\\\/7e46040573290777280a0835d81ea4ea\",\"name\":\"Diana Matei\",\"image\":{\"@type\":\"ImageObject\",\"inLanguage\":\"en-GB\",\"@id\":\"https:\\\/\\\/buletin.de\\\/bucuresti\\\/wp-content\\\/uploads\\\/9-2-96x96.jpg1e8590b30871d70e62ebcdaf2eff570c\",\"url\":\"https:\\\/\\\/buletin.de\\\/bucuresti\\\/wp-content\\\/uploads\\\/9-2-96x96.jpg\",\"contentUrl\":\"https:\\\/\\\/buletin.de\\\/bucuresti\\\/wp-content\\\/uploads\\\/9-2-96x96.jpg\",\"caption\":\"Diana Matei\"},\"url\":\"https:\\\/\\\/buletin.de\\\/bucuresti\\\/author\\\/dianamatei\\\/\"}]}<\/script>\n<!-- \/ Yoast SEO Premium plugin. -->","yoast_head_json":{"title":"Sector 6 | \u00cencepe cur\u0103\u021benia de prim\u0103var\u0103. \u0218oferii sunt soma\u021bi s\u0103 \u00ee\u0219i mute ma\u0219inile din zonele \u00een care intervine salubrizarea - Buletin de Bucure\u0219ti","description":"Cur\u0103\u021benia de prim\u0103var\u0103 debuteaz\u0103 m\u00e2ine, 17 martie, \u00een Sectorul 6. \u0218oferil trebuie s\u0103-si mute ma\u0219inile din zonele afectate.","robots":{"index":"index","follow":"follow","max-snippet":"max-snippet:-1","max-image-preview":"max-image-preview:large","max-video-preview":"max-video-preview:-1"},"canonical":"https:\/\/buletin.de\/bucuresti\/curatenia-de-primavara-2\/","og_locale":"en_GB","og_type":"article","og_title":"Sector 6 | \u00cencepe cur\u0103\u021benia de prim\u0103var\u0103. \u0218oferii sunt soma\u021bi s\u0103 \u00ee\u0219i mute ma\u0219inile din zonele \u00een care intervine salubrizarea","og_description":"Cur\u0103\u021benia de prim\u0103var\u0103 debuteaz\u0103 m\u00e2ine, 17 martie, \u00een Sectorul 6. \u0218oferil trebuie s\u0103-si mute ma\u0219inile din zonele afectate.","og_url":"https:\/\/buletin.de\/bucuresti\/curatenia-de-primavara-2\/","og_site_name":"Buletin de Bucure\u0219ti","article_publisher":"https:\/\/www.facebook.com\/buletin.de.buc","article_published_time":"2025-03-16T16:22:15+00:00","article_modified_time":"2025-03-16T22:00:17+00:00","og_image":[{"width":1536,"height":1054,"url":"https:\/\/buletin.de\/bucuresti\/wp-content\/uploads\/2025\/03\/484649836_1060184992806104_5607276731478379720_n-e1742162400522.jpg","type":"image\/jpeg"}],"author":"Diana Matei","twitter_card":"summary_large_image","twitter_misc":{"Written by":"Diana Matei","Estimated reading time":"4 minutes"},"schema":{"@context":"https:\/\/schema.org","@graph":[{"@type":"Article","@id":"https:\/\/buletin.de\/bucuresti\/curatenia-de-primavara-2\/#article","isPartOf":{"@id":"https:\/\/buletin.de\/bucuresti\/curatenia-de-primavara-2\/"},"author":{"name":"Diana Matei","@id":"https:\/\/buletin.de\/bucuresti\/#\/schema\/person\/7e46040573290777280a0835d81ea4ea"},"headline":"Sector 6 | \u00cencepe cur\u0103\u021benia de prim\u0103var\u0103. \u0218oferii sunt soma\u021bi s\u0103 \u00ee\u0219i mute ma\u0219inile din zonele \u00een care intervine salubrizarea","datePublished":"2025-03-16T16:22:15+00:00","dateModified":"2025-03-16T22:00:17+00:00","mainEntityOfPage":{"@id":"https:\/\/buletin.de\/bucuresti\/curatenia-de-primavara-2\/"},"wordCount":537,"publisher":{"@id":"https:\/\/buletin.de\/bucuresti\/#organization"},"image":{"@id":"https:\/\/buletin.de\/bucuresti\/curatenia-de-primavara-2\/#primaryimage"},"thumbnailUrl":"https:\/\/buletin.de\/bucuresti\/wp-content\/uploads\/2025\/03\/484649836_1060184992806104_5607276731478379720_n-e1742162400522.jpg","keywords":["Cartierul Militari","curatenia de primavara","Iuliu Maniu","Sector 6","strada dezrobirii","Virtu\u021bii"],"articleSection":["Articole","Prim\u0103rie","\u0218tiri"],"inLanguage":"en-GB","copyrightYear":"2025","copyrightHolder":{"@id":"https:\/\/buletin.de\/bucuresti\/#organization"}},{"@type":"WebPage","@id":"https:\/\/buletin.de\/bucuresti\/curatenia-de-primavara-2\/","url":"https:\/\/buletin.de\/bucuresti\/curatenia-de-primavara-2\/","name":"Sector 6 | \u00cencepe cur\u0103\u021benia de prim\u0103var\u0103. \u0218oferii sunt soma\u021bi s\u0103 \u00ee\u0219i mute ma\u0219inile din zonele \u00een care intervine salubrizarea - Buletin de Bucure\u0219ti","isPartOf":{"@id":"https:\/\/buletin.de\/bucuresti\/#website"},"primaryImageOfPage":{"@id":"https:\/\/buletin.de\/bucuresti\/curatenia-de-primavara-2\/#primaryimage"},"image":{"@id":"https:\/\/buletin.de\/bucuresti\/curatenia-de-primavara-2\/#primaryimage"},"thumbnailUrl":"https:\/\/buletin.de\/bucuresti\/wp-content\/uploads\/2025\/03\/484649836_1060184992806104_5607276731478379720_n-e1742162400522.jpg","datePublished":"2025-03-16T16:22:15+00:00","dateModified":"2025-03-16T22:00:17+00:00","description":"Cur\u0103\u021benia de prim\u0103var\u0103 debuteaz\u0103 m\u00e2ine, 17 martie, \u00een Sectorul 6. \u0218oferil trebuie s\u0103-si mute ma\u0219inile din zonele afectate.","breadcrumb":{"@id":"https:\/\/buletin.de\/bucuresti\/curatenia-de-primavara-2\/#breadcrumb"},"inLanguage":"en-GB","potentialAction":[{"@type":"ReadAction","target":["https:\/\/buletin.de\/bucuresti\/curatenia-de-primavara-2\/"]}]},{"@type":"ImageObject","inLanguage":"en-GB","@id":"https:\/\/buletin.de\/bucuresti\/curatenia-de-primavara-2\/#primaryimage","url":"https:\/\/buletin.de\/bucuresti\/wp-content\/uploads\/2025\/03\/484649836_1060184992806104_5607276731478379720_n-e1742162400522.jpg","contentUrl":"https:\/\/buletin.de\/bucuresti\/wp-content\/uploads\/2025\/03\/484649836_1060184992806104_5607276731478379720_n-e1742162400522.jpg","width":1536,"height":1054,"caption":"Sector 6 | \u00cencepe cur\u0103\u021benia de prim\u0103var\u0103. \u0218oferii sunt soma\u021bi s\u0103 \u00ee\u0219i mute ma\u0219inile din zonele \u00een care intervin echipele de la salubrizare. FOTO: PS6"},{"@type":"BreadcrumbList","@id":"https:\/\/buletin.de\/bucuresti\/curatenia-de-primavara-2\/#breadcrumb","itemListElement":[{"@type":"ListItem","position":1,"name":"Acas\u0103","item":"https:\/\/buletin.de\/bucuresti\/"},{"@type":"ListItem","position":2,"name":"Sector 6 | \u00cencepe cur\u0103\u021benia de prim\u0103var\u0103. \u0218oferii sunt soma\u021bi s\u0103 \u00ee\u0219i mute ma\u0219inile din zonele \u00een care intervine salubrizarea"}]},{"@type":"WebSite","@id":"https:\/\/buletin.de\/bucuresti\/#website","url":"https:\/\/buletin.de\/bucuresti\/","name":"Buletin de Bucure\u0219ti","description":"\u0218tiri \u0219i investiga\u021bii esen\u021biale din capital\u0103","publisher":{"@id":"https:\/\/buletin.de\/bucuresti\/#organization"},"potentialAction":[{"@type":"SearchAction","target":{"@type":"EntryPoint","urlTemplate":"https:\/\/buletin.de\/bucuresti\/?s={search_term_string}"},"query-input":{"@type":"PropertyValueSpecification","valueRequired":true,"valueName":"search_term_string"}}],"inLanguage":"en-GB"},{"@type":"Organization","@id":"https:\/\/buletin.de\/bucuresti\/#organization","name":"Buletin de Bucure\u0219ti","url":"https:\/\/buletin.de\/bucuresti\/","logo":{"@type":"ImageObject","inLanguage":"en-GB","@id":"https:\/\/buletin.de\/bucuresti\/#\/schema\/logo\/image\/","url":"https:\/\/buletin.de\/bucuresti\/wp-content\/uploads\/logo-bdb-full-wide-vernil-transparent.png","contentUrl":"https:\/\/buletin.de\/bucuresti\/wp-content\/uploads\/logo-bdb-full-wide-vernil-transparent.png","width":1782,"height":626,"caption":"Buletin de Bucure\u0219ti"},"image":{"@id":"https:\/\/buletin.de\/bucuresti\/#\/schema\/logo\/image\/"},"sameAs":["https:\/\/www.facebook.com\/buletin.de.buc","https:\/\/www.instagram.com\/buletinde.bucuresti\/"]},{"@type":"Person","@id":"https:\/\/buletin.de\/bucuresti\/#\/schema\/person\/7e46040573290777280a0835d81ea4ea","name":"Diana Matei","image":{"@type":"ImageObject","inLanguage":"en-GB","@id":"https:\/\/buletin.de\/bucuresti\/wp-content\/uploads\/9-2-96x96.jpg1e8590b30871d70e62ebcdaf2eff570c","url":"https:\/\/buletin.de\/bucuresti\/wp-content\/uploads\/9-2-96x96.jpg","contentUrl":"https:\/\/buletin.de\/bucuresti\/wp-content\/uploads\/9-2-96x96.jpg","caption":"Diana Matei"},"url":"https:\/\/buletin.de\/bucuresti\/author\/dianamatei\/"}]}},"authors":[{"term_id":22574,"user_id":49,"is_guest":0,"slug":"dianamatei","display_name":"Diana Matei","avatar_url":"https:\/\/buletin.de\/bucuresti\/wp-content\/uploads\/9-2-96x96.jpg","0":null,"1":"","2":"","3":"","4":"","5":"","6":"","7":"","8":""}],"_links":{"self":[{"href":"https:\/\/buletin.de\/bucuresti\/wp-json\/wp\/v2\/posts\/122825","targetHints":{"allow":["GET"]}}],"collection":[{"href":"https:\/\/buletin.de\/bucuresti\/wp-json\/wp\/v2\/posts"}],"about":[{"href":"https:\/\/buletin.de\/bucuresti\/wp-json\/wp\/v2\/types\/post"}],"author":[{"embeddable":true,"href":"https:\/\/buletin.de\/bucuresti\/wp-json\/wp\/v2\/users\/49"}],"replies":[{"embeddable":true,"href":"https:\/\/buletin.de\/bucuresti\/wp-json\/wp\/v2\/comments?post=122825"}],"version-history":[{"count":3,"href":"https:\/\/buletin.de\/bucuresti\/wp-json\/wp\/v2\/posts\/122825\/revisions"}],"predecessor-version":[{"id":122893,"href":"https:\/\/buletin.de\/bucuresti\/wp-json\/wp\/v2\/posts\/122825\/revisions\/122893"}],"wp:featuredmedia":[{"embeddable":true,"href":"https:\/\/buletin.de\/bucuresti\/wp-json\/wp\/v2\/media\/122832"}],"wp:attachment":[{"href":"https:\/\/buletin.de\/bucuresti\/wp-json\/wp\/v2\/media?parent=122825"}],"wp:term":[{"taxonomy":"category","embeddable":true,"href":"https:\/\/buletin.de\/bucuresti\/wp-json\/wp\/v2\/categories?post=122825"},{"taxonomy":"post_tag","embeddable":true,"href":"https:\/\/buletin.de\/bucuresti\/wp-json\/wp\/v2\/tags?post=122825"},{"taxonomy":"author","embeddable":true,"href":"https:\/\/buletin.de\/bucuresti\/wp-json\/wp\/v2\/ppma_author?post=122825"}],"curies":[{"name":"wp","href":"https:\/\/api.w.org\/{rel}","templated":true}]}}