{"id":122796,"date":"2025-03-16T10:52:10","date_gmt":"2025-03-16T07:52:10","guid":{"rendered":"https:\/\/buletin.de\/bucuresti\/?p=122796"},"modified":"2025-03-16T12:24:22","modified_gmt":"2025-03-16T09:24:22","slug":"circulatia-trenurilor-afectata-in-gara-de-nord-din-cauza-unor-caderi-de-tensiune","status":"publish","type":"post","link":"https:\/\/buletin.de\/bucuresti\/circulatia-trenurilor-afectata-in-gara-de-nord-din-cauza-unor-caderi-de-tensiune\/","title":{"rendered":"Circula\u0163ia trenurilor \u00een Gara de Nord, afectat\u0103 din cauza unor c\u0103deri de tensiune"},"content":{"rendered":"\n<p><strong>Circula\u0163ia trenurilor \u00een Gara de Nord a fost afectat\u0103 de pene de curent, dup\u0103 ce linia de contact a c\u0103zut pe locomotiva unui tren interna\u0163ional. <\/strong><\/p>\n\n\n\n<p>Cei de la CFR anun\u0163\u0103 c\u0103 au remediat deja situa\u0163ia pe anumite linii \u015fi c\u0103 lucreaz\u0103 s\u0103 rezolve problema \u00een totalitate. Avaria a avut loc la ora 08:17, potrivit comunicatului CFR, \u00een diminea\u0163a de duminic\u0103, 16 martie. <\/p>\n\n\n\n<p>\u201e\u00cencep\u00e2nd cu ora respectiv\u0103 au fost afectate toate liniile din Gara de Nord Bucure\u0219ti, liniile 1-3 aferente distan\u021bei Bucure\u0219ti Nord \u2013 Grivi\u021ba \u0219i zona Depoului Bucure\u0219ti C\u0103l\u0103tori\u201d, scriu reprezentan\u0163ii companiei de stat.<\/p>\n\n\n\n<h2 class=\"wp-block-heading\" id=\"h-circulatia-trenurilor-in-gara-de-nord-a-fost-restabilita-dupa-o-ora\">Circula\u0163ia trenurilor \u00een Gara de Nord a fost restabilit\u0103 dup\u0103 o or\u0103<\/h2>\n\n\n\n<p>La 08:25, a fost repus\u0103 tensiunea pe liniile 1-8, iar chestiunea a fost rezolvat\u0103 la liniile 9-14 de la ora 08:55. Urmeaz\u0103 ca problema s\u0103 fie rezolvat\u0103 \u201e\u00een cel mai scurt timp\u201d \u015fi \u00een celelalte zone afectate, transmite CFR.<\/p>\n\n\n\n<p>Totodat\u0103, pentru remediere, s-a solicitat drezin\u0103 pantograf, iar pentru dirijarea trenurilor se utilizeaz\u0103 <strong>trac\u021biune diesel<\/strong>. A fost afectat\u0103 circula\u021bia unor trenuri de c\u0103l\u0103tori.<\/p>\n\n\n\n<p>Acest deranjament a fost cauzat de linia de contact c\u0103zut\u0103 pe locomotiva trenului IRN 401.<\/p>\n\n\n\n<div class=\"wp-block-buttons is-content-justification-center is-layout-flex wp-container-core-buttons-is-layout-16018d1d wp-block-buttons-is-layout-flex\">\n<div class=\"wp-block-button has-custom-width wp-block-button__width-100\"><a class=\"wp-block-button__link wp-element-button\" href=\"https:\/\/www.patreon.com\/BuletinDeBucuresti\"><strong>Sus\u021bine Buletin de Bucure\u0219ti pentru investiga\u021bii, reportaje \u0219i \u0219tiri Locale<\/strong><\/a><\/div>\n<\/div>\n\n\n\n<h2 class=\"wp-block-heading\" id=\"h-comunicatul-cfr-au-fost-afectate-toate-liniile-din-gara-de-nord-bucure\u0219ti\">Comunicatul CFR: Au fost afectate toate liniile din Gara de Nord Bucure\u0219ti<\/h2>\n\n\n\n<p><strong>Personalul SRCF Bucure\u0219ti ac\u021bioneaz\u0103 pentru repunerea sub tensiune a liniei de contact, \u00een zona G\u0103rii de Nord Bucure\u0219ti.<\/strong><\/p>\n\n\n\n<p>Compania Na\u0163ional\u0103 de C\u0103i Ferate \u201cCFR\u201d SA v\u0103 informeaz\u0103 c\u0103, \u00eencep\u00e2nd cu ora 08:17 s-a constatat lips\u0103 de tensiune \u00een linia de contact \u00een mai multe zone din perimetrul G\u0103rii de Nord Bucure\u0219ti.<\/p>\n\n\n\n<p>\u00cencep\u00e2nd cu ora respectiv\u0103 au fost afectate toate liniile din Gara de Nord Bucure\u0219ti, liniile 1-3 aferente distan\u021bei Bucure\u0219ti Nord \u2013 Grivi\u021ba \u0219i zona Depoului Bucure\u0219ti C\u0103l\u0103tori.<\/p>\n\n\n\n<p><strong>Ca urmare a ac\u021biunilor de remediere desf\u0103\u0219urate de echipele de specialitate ale Sucursalei Regionale de C\u0103i Ferate Bucure\u0219ti, a fost repus\u0103 tensiunea \u00een liniile 1-8, din Gara de Nord Bucure\u0219ti, \u00eencep\u00e2nd cu ora 08:25, iar \u00een liniile 9-14 \u00eencep\u00e2nd cu ora 08:55.<\/strong><\/p>\n\n\n\n<p>Preciz\u0103m faptul c\u0103 tensiunea va fi repus\u0103 \u0219i \u00een celelalte zone afectate, \u00een cel mai scurt timp.<\/p>\n\n\n\n<p>Totodat\u0103, pentru remediere, s-a solicitat drezin\u0103 pantograf, iar pentru dirijarea trenurilor se utilizeaz\u0103 trac\u021biune diesel.<\/p>\n\n\n\n<p>Astfel, \u021bin\u00e2nd cont de natura situa\u021biei \u00een desf\u0103\u0219urare, a fost afectat\u0103 circula\u021bia unor trenuri de c\u0103l\u0103tori.<\/p>\n\n\n\n<p>Preciz\u0103m faptul c\u0103, acest deranjament a fost cauzat de linia de contact c\u0103zut\u0103 pe locomotiva trenului IRN 401.<\/p>\n\n\n\n<p>Regret\u0103m disconfortul creat \u0219i facem precizarea c\u0103 personalul responsabil ac\u021bioneaz\u0103 \u00een zon\u0103 pentru reluarea circula\u021biei feroviare cu trac\u021biune electric\u0103 \u00een condi\u021bii optime.<\/p>\n\n\n\n<p><strong>CITE\u015eTE \u015eI:<\/strong> <a href=\"https:\/\/buletin.de\/bucuresti\/editorial-cum-mi-am-recuperat-banii-pe-un-bilet-cfr-dupa-ce-am-fost-uitat-in-gara-de-nord\/\">EDITORIAL | Cum mi-am recuperat banii pe un bilet CFR dup\u0103 ce am fost \u201euitat\u201d \u00een Gara de Nord<\/a><br><\/p>\n","protected":false},"excerpt":{"rendered":"<p>Circula\u0163ia trenurilor \u00een Gara de Nord a fost afectat\u0103 de pene de curent, dup\u0103 ce linia de contact a c\u0103zut pe locomotiva unui tren interna\u0163ional. Cei de la CFR anun\u0163\u0103 c\u0103 au remediat deja situa\u0163ia pe anumite linii \u015fi c\u0103 lucreaz\u0103 s\u0103 rezolve problema \u00een totalitate. Avaria a avut loc la ora 08:17, potrivit comunicatului [&hellip;]<\/p>\n","protected":false},"author":8,"featured_media":122798,"comment_status":"closed","ping_status":"open","sticky":false,"template":"","format":"standard","meta":{"_acf_changed":false,"inline_featured_image":false,"ngg_post_thumbnail":0,"footnotes":""},"categories":[6994,9026,5762,650],"tags":[19879,599,1941,19880,19878,19877],"ppma_author":[22586],"class_list":["post-122796","post","type-post","status-publish","format-standard","has-post-thumbnail","hentry","category-stiri-2","category-eveniment","category-main","category-transport","tag-cadere-tensiune-gara","tag-cfr","tag-gara-de-nord","tag-mersul-trenurilor-bucuresti","tag-pana-de-curent-gara-de-nord","tag-trenuri-afectate-gara-de-nord"],"acf":[],"yoast_head":"<!-- This site is optimized with the Yoast SEO Premium plugin v25.3 (Yoast SEO v27.4) - https:\/\/yoast.com\/product\/yoast-seo-premium-wordpress\/ -->\n<title>Circula\u0163ia trenurilor \u00een Gara de Nord, afectat\u0103 din cauza unor c\u0103deri de tensiune - Buletin de Bucure\u0219ti<\/title>\n<meta name=\"description\" content=\"Circula\u0163ia trenurilor \u00een Gara de Nord a fost afectat\u0103, dup\u0103 ce linia de contact a c\u0103zut pe locomotiva unui tren interna\u0163ional.\" \/>\n<meta name=\"robots\" content=\"index, follow, max-snippet:-1, max-image-preview:large, max-video-preview:-1\" \/>\n<link rel=\"canonical\" href=\"https:\/\/buletin.de\/bucuresti\/circulatia-trenurilor-afectata-in-gara-de-nord-din-cauza-unor-caderi-de-tensiune\/\" \/>\n<meta property=\"og:locale\" content=\"en_GB\" \/>\n<meta property=\"og:type\" content=\"article\" \/>\n<meta property=\"og:title\" content=\"Circula\u0163ia trenurilor \u00een Gara de Nord, afectat\u0103 din cauza unor c\u0103deri de tensiune\" \/>\n<meta property=\"og:description\" content=\"Circula\u0163ia trenurilor \u00een Gara de Nord a fost afectat\u0103, dup\u0103 ce linia de contact a c\u0103zut pe locomotiva unui tren interna\u0163ional.\" \/>\n<meta property=\"og:url\" content=\"https:\/\/buletin.de\/bucuresti\/circulatia-trenurilor-afectata-in-gara-de-nord-din-cauza-unor-caderi-de-tensiune\/\" \/>\n<meta property=\"og:site_name\" content=\"Buletin de Bucure\u0219ti\" \/>\n<meta property=\"article:publisher\" content=\"https:\/\/www.facebook.com\/buletin.de.buc\" \/>\n<meta property=\"article:published_time\" content=\"2025-03-16T07:52:10+00:00\" \/>\n<meta property=\"article:modified_time\" content=\"2025-03-16T09:24:22+00:00\" \/>\n<meta property=\"og:image\" content=\"https:\/\/buletin.de\/bucuresti\/wp-content\/uploads\/2025\/03\/TABELA-WEB-GARA-DE-NORD.png\" \/>\n\t<meta property=\"og:image:width\" content=\"1285\" \/>\n\t<meta property=\"og:image:height\" content=\"504\" \/>\n\t<meta property=\"og:image:type\" content=\"image\/png\" \/>\n<meta name=\"author\" content=\"Ionu\u021b Lepa\" \/>\n<meta name=\"twitter:card\" content=\"summary_large_image\" \/>\n<meta name=\"twitter:label1\" content=\"Written by\" \/>\n\t<meta name=\"twitter:data1\" content=\"Ionu\u021b Lepa\" \/>\n\t<meta name=\"twitter:label2\" content=\"Estimated reading time\" \/>\n\t<meta name=\"twitter:data2\" content=\"3 minutes\" \/>\n<script type=\"application\/ld+json\" class=\"yoast-schema-graph\">{\"@context\":\"https:\\\/\\\/schema.org\",\"@graph\":[{\"@type\":\"Article\",\"@id\":\"https:\\\/\\\/buletin.de\\\/bucuresti\\\/circulatia-trenurilor-afectata-in-gara-de-nord-din-cauza-unor-caderi-de-tensiune\\\/#article\",\"isPartOf\":{\"@id\":\"https:\\\/\\\/buletin.de\\\/bucuresti\\\/circulatia-trenurilor-afectata-in-gara-de-nord-din-cauza-unor-caderi-de-tensiune\\\/\"},\"author\":{\"name\":\"Ionu\u021b Lepa\",\"@id\":\"https:\\\/\\\/buletin.de\\\/bucuresti\\\/#\\\/schema\\\/person\\\/5272b8a057b33890940b57b837fc4ce6\"},\"headline\":\"Circula\u0163ia trenurilor \u00een Gara de Nord, afectat\u0103 din cauza unor c\u0103deri de tensiune\",\"datePublished\":\"2025-03-16T07:52:10+00:00\",\"dateModified\":\"2025-03-16T09:24:22+00:00\",\"mainEntityOfPage\":{\"@id\":\"https:\\\/\\\/buletin.de\\\/bucuresti\\\/circulatia-trenurilor-afectata-in-gara-de-nord-din-cauza-unor-caderi-de-tensiune\\\/\"},\"wordCount\":501,\"publisher\":{\"@id\":\"https:\\\/\\\/buletin.de\\\/bucuresti\\\/#organization\"},\"image\":{\"@id\":\"https:\\\/\\\/buletin.de\\\/bucuresti\\\/circulatia-trenurilor-afectata-in-gara-de-nord-din-cauza-unor-caderi-de-tensiune\\\/#primaryimage\"},\"thumbnailUrl\":\"https:\\\/\\\/buletin.de\\\/bucuresti\\\/wp-content\\\/uploads\\\/2025\\\/03\\\/TABELA-WEB-GARA-DE-NORD.png\",\"keywords\":[\"cadere tensiune gara\",\"cfr\",\"gara de nord\",\"mersul trenurilor bucuresti\",\"pana de curent gara de nord\",\"trenuri afectate gara de nord\"],\"articleSection\":[\"Articole\",\"Eveniment\",\"Main\",\"Transport\"],\"inLanguage\":\"en-GB\",\"copyrightYear\":\"2025\",\"copyrightHolder\":{\"@id\":\"https:\\\/\\\/buletin.de\\\/bucuresti\\\/#organization\"}},{\"@type\":\"WebPage\",\"@id\":\"https:\\\/\\\/buletin.de\\\/bucuresti\\\/circulatia-trenurilor-afectata-in-gara-de-nord-din-cauza-unor-caderi-de-tensiune\\\/\",\"url\":\"https:\\\/\\\/buletin.de\\\/bucuresti\\\/circulatia-trenurilor-afectata-in-gara-de-nord-din-cauza-unor-caderi-de-tensiune\\\/\",\"name\":\"Circula\u0163ia trenurilor \u00een Gara de Nord, afectat\u0103 din cauza unor c\u0103deri de tensiune - Buletin de Bucure\u0219ti\",\"isPartOf\":{\"@id\":\"https:\\\/\\\/buletin.de\\\/bucuresti\\\/#website\"},\"primaryImageOfPage\":{\"@id\":\"https:\\\/\\\/buletin.de\\\/bucuresti\\\/circulatia-trenurilor-afectata-in-gara-de-nord-din-cauza-unor-caderi-de-tensiune\\\/#primaryimage\"},\"image\":{\"@id\":\"https:\\\/\\\/buletin.de\\\/bucuresti\\\/circulatia-trenurilor-afectata-in-gara-de-nord-din-cauza-unor-caderi-de-tensiune\\\/#primaryimage\"},\"thumbnailUrl\":\"https:\\\/\\\/buletin.de\\\/bucuresti\\\/wp-content\\\/uploads\\\/2025\\\/03\\\/TABELA-WEB-GARA-DE-NORD.png\",\"datePublished\":\"2025-03-16T07:52:10+00:00\",\"dateModified\":\"2025-03-16T09:24:22+00:00\",\"description\":\"Circula\u0163ia trenurilor \u00een Gara de Nord a fost afectat\u0103, dup\u0103 ce linia de contact a c\u0103zut pe locomotiva unui tren interna\u0163ional.\",\"breadcrumb\":{\"@id\":\"https:\\\/\\\/buletin.de\\\/bucuresti\\\/circulatia-trenurilor-afectata-in-gara-de-nord-din-cauza-unor-caderi-de-tensiune\\\/#breadcrumb\"},\"inLanguage\":\"en-GB\",\"potentialAction\":[{\"@type\":\"ReadAction\",\"target\":[\"https:\\\/\\\/buletin.de\\\/bucuresti\\\/circulatia-trenurilor-afectata-in-gara-de-nord-din-cauza-unor-caderi-de-tensiune\\\/\"]}]},{\"@type\":\"ImageObject\",\"inLanguage\":\"en-GB\",\"@id\":\"https:\\\/\\\/buletin.de\\\/bucuresti\\\/circulatia-trenurilor-afectata-in-gara-de-nord-din-cauza-unor-caderi-de-tensiune\\\/#primaryimage\",\"url\":\"https:\\\/\\\/buletin.de\\\/bucuresti\\\/wp-content\\\/uploads\\\/2025\\\/03\\\/TABELA-WEB-GARA-DE-NORD.png\",\"contentUrl\":\"https:\\\/\\\/buletin.de\\\/bucuresti\\\/wp-content\\\/uploads\\\/2025\\\/03\\\/TABELA-WEB-GARA-DE-NORD.png\",\"width\":1285,\"height\":504,\"caption\":\"Circula\u0163ia trenurilor, afectat\u0103 de pene de curent. FOTO: cfr.ro\"},{\"@type\":\"BreadcrumbList\",\"@id\":\"https:\\\/\\\/buletin.de\\\/bucuresti\\\/circulatia-trenurilor-afectata-in-gara-de-nord-din-cauza-unor-caderi-de-tensiune\\\/#breadcrumb\",\"itemListElement\":[{\"@type\":\"ListItem\",\"position\":1,\"name\":\"Acas\u0103\",\"item\":\"https:\\\/\\\/buletin.de\\\/bucuresti\\\/\"},{\"@type\":\"ListItem\",\"position\":2,\"name\":\"Circula\u0163ia trenurilor \u00een Gara de Nord, afectat\u0103 din cauza unor c\u0103deri de tensiune\"}]},{\"@type\":\"WebSite\",\"@id\":\"https:\\\/\\\/buletin.de\\\/bucuresti\\\/#website\",\"url\":\"https:\\\/\\\/buletin.de\\\/bucuresti\\\/\",\"name\":\"Buletin de Bucure\u0219ti\",\"description\":\"\u0218tiri \u0219i investiga\u021bii esen\u021biale din capital\u0103\",\"publisher\":{\"@id\":\"https:\\\/\\\/buletin.de\\\/bucuresti\\\/#organization\"},\"potentialAction\":[{\"@type\":\"SearchAction\",\"target\":{\"@type\":\"EntryPoint\",\"urlTemplate\":\"https:\\\/\\\/buletin.de\\\/bucuresti\\\/?s={search_term_string}\"},\"query-input\":{\"@type\":\"PropertyValueSpecification\",\"valueRequired\":true,\"valueName\":\"search_term_string\"}}],\"inLanguage\":\"en-GB\"},{\"@type\":\"Organization\",\"@id\":\"https:\\\/\\\/buletin.de\\\/bucuresti\\\/#organization\",\"name\":\"Buletin de Bucure\u0219ti\",\"url\":\"https:\\\/\\\/buletin.de\\\/bucuresti\\\/\",\"logo\":{\"@type\":\"ImageObject\",\"inLanguage\":\"en-GB\",\"@id\":\"https:\\\/\\\/buletin.de\\\/bucuresti\\\/#\\\/schema\\\/logo\\\/image\\\/\",\"url\":\"https:\\\/\\\/buletin.de\\\/bucuresti\\\/wp-content\\\/uploads\\\/logo-bdb-full-wide-vernil-transparent.png\",\"contentUrl\":\"https:\\\/\\\/buletin.de\\\/bucuresti\\\/wp-content\\\/uploads\\\/logo-bdb-full-wide-vernil-transparent.png\",\"width\":1782,\"height\":626,\"caption\":\"Buletin de Bucure\u0219ti\"},\"image\":{\"@id\":\"https:\\\/\\\/buletin.de\\\/bucuresti\\\/#\\\/schema\\\/logo\\\/image\\\/\"},\"sameAs\":[\"https:\\\/\\\/www.facebook.com\\\/buletin.de.buc\",\"https:\\\/\\\/www.instagram.com\\\/buletinde.bucuresti\\\/\"]},{\"@type\":\"Person\",\"@id\":\"https:\\\/\\\/buletin.de\\\/bucuresti\\\/#\\\/schema\\\/person\\\/5272b8a057b33890940b57b837fc4ce6\",\"name\":\"Ionu\u021b Lepa\",\"image\":{\"@type\":\"ImageObject\",\"inLanguage\":\"en-GB\",\"@id\":\"https:\\\/\\\/buletin.de\\\/bucuresti\\\/wp-content\\\/uploads\\\/Ionut-Lepa-96x96.jpg5c4e4d9e049808799a8821652d2410a4\",\"url\":\"https:\\\/\\\/buletin.de\\\/bucuresti\\\/wp-content\\\/uploads\\\/Ionut-Lepa-96x96.jpg\",\"contentUrl\":\"https:\\\/\\\/buletin.de\\\/bucuresti\\\/wp-content\\\/uploads\\\/Ionut-Lepa-96x96.jpg\",\"caption\":\"Ionu\u021b Lepa\"},\"url\":\"https:\\\/\\\/buletin.de\\\/bucuresti\\\/author\\\/ionutlepa\\\/\"}]}<\/script>\n<!-- \/ Yoast SEO Premium plugin. -->","yoast_head_json":{"title":"Circula\u0163ia trenurilor \u00een Gara de Nord, afectat\u0103 din cauza unor c\u0103deri de tensiune - Buletin de Bucure\u0219ti","description":"Circula\u0163ia trenurilor \u00een Gara de Nord a fost afectat\u0103, dup\u0103 ce linia de contact a c\u0103zut pe locomotiva unui tren interna\u0163ional.","robots":{"index":"index","follow":"follow","max-snippet":"max-snippet:-1","max-image-preview":"max-image-preview:large","max-video-preview":"max-video-preview:-1"},"canonical":"https:\/\/buletin.de\/bucuresti\/circulatia-trenurilor-afectata-in-gara-de-nord-din-cauza-unor-caderi-de-tensiune\/","og_locale":"en_GB","og_type":"article","og_title":"Circula\u0163ia trenurilor \u00een Gara de Nord, afectat\u0103 din cauza unor c\u0103deri de tensiune","og_description":"Circula\u0163ia trenurilor \u00een Gara de Nord a fost afectat\u0103, dup\u0103 ce linia de contact a c\u0103zut pe locomotiva unui tren interna\u0163ional.","og_url":"https:\/\/buletin.de\/bucuresti\/circulatia-trenurilor-afectata-in-gara-de-nord-din-cauza-unor-caderi-de-tensiune\/","og_site_name":"Buletin de Bucure\u0219ti","article_publisher":"https:\/\/www.facebook.com\/buletin.de.buc","article_published_time":"2025-03-16T07:52:10+00:00","article_modified_time":"2025-03-16T09:24:22+00:00","og_image":[{"width":1285,"height":504,"url":"https:\/\/buletin.de\/bucuresti\/wp-content\/uploads\/2025\/03\/TABELA-WEB-GARA-DE-NORD.png","type":"image\/png"}],"author":"Ionu\u021b Lepa","twitter_card":"summary_large_image","twitter_misc":{"Written by":"Ionu\u021b Lepa","Estimated reading time":"3 minutes"},"schema":{"@context":"https:\/\/schema.org","@graph":[{"@type":"Article","@id":"https:\/\/buletin.de\/bucuresti\/circulatia-trenurilor-afectata-in-gara-de-nord-din-cauza-unor-caderi-de-tensiune\/#article","isPartOf":{"@id":"https:\/\/buletin.de\/bucuresti\/circulatia-trenurilor-afectata-in-gara-de-nord-din-cauza-unor-caderi-de-tensiune\/"},"author":{"name":"Ionu\u021b Lepa","@id":"https:\/\/buletin.de\/bucuresti\/#\/schema\/person\/5272b8a057b33890940b57b837fc4ce6"},"headline":"Circula\u0163ia trenurilor \u00een Gara de Nord, afectat\u0103 din cauza unor c\u0103deri de tensiune","datePublished":"2025-03-16T07:52:10+00:00","dateModified":"2025-03-16T09:24:22+00:00","mainEntityOfPage":{"@id":"https:\/\/buletin.de\/bucuresti\/circulatia-trenurilor-afectata-in-gara-de-nord-din-cauza-unor-caderi-de-tensiune\/"},"wordCount":501,"publisher":{"@id":"https:\/\/buletin.de\/bucuresti\/#organization"},"image":{"@id":"https:\/\/buletin.de\/bucuresti\/circulatia-trenurilor-afectata-in-gara-de-nord-din-cauza-unor-caderi-de-tensiune\/#primaryimage"},"thumbnailUrl":"https:\/\/buletin.de\/bucuresti\/wp-content\/uploads\/2025\/03\/TABELA-WEB-GARA-DE-NORD.png","keywords":["cadere tensiune gara","cfr","gara de nord","mersul trenurilor bucuresti","pana de curent gara de nord","trenuri afectate gara de nord"],"articleSection":["Articole","Eveniment","Main","Transport"],"inLanguage":"en-GB","copyrightYear":"2025","copyrightHolder":{"@id":"https:\/\/buletin.de\/bucuresti\/#organization"}},{"@type":"WebPage","@id":"https:\/\/buletin.de\/bucuresti\/circulatia-trenurilor-afectata-in-gara-de-nord-din-cauza-unor-caderi-de-tensiune\/","url":"https:\/\/buletin.de\/bucuresti\/circulatia-trenurilor-afectata-in-gara-de-nord-din-cauza-unor-caderi-de-tensiune\/","name":"Circula\u0163ia trenurilor \u00een Gara de Nord, afectat\u0103 din cauza unor c\u0103deri de tensiune - Buletin de Bucure\u0219ti","isPartOf":{"@id":"https:\/\/buletin.de\/bucuresti\/#website"},"primaryImageOfPage":{"@id":"https:\/\/buletin.de\/bucuresti\/circulatia-trenurilor-afectata-in-gara-de-nord-din-cauza-unor-caderi-de-tensiune\/#primaryimage"},"image":{"@id":"https:\/\/buletin.de\/bucuresti\/circulatia-trenurilor-afectata-in-gara-de-nord-din-cauza-unor-caderi-de-tensiune\/#primaryimage"},"thumbnailUrl":"https:\/\/buletin.de\/bucuresti\/wp-content\/uploads\/2025\/03\/TABELA-WEB-GARA-DE-NORD.png","datePublished":"2025-03-16T07:52:10+00:00","dateModified":"2025-03-16T09:24:22+00:00","description":"Circula\u0163ia trenurilor \u00een Gara de Nord a fost afectat\u0103, dup\u0103 ce linia de contact a c\u0103zut pe locomotiva unui tren interna\u0163ional.","breadcrumb":{"@id":"https:\/\/buletin.de\/bucuresti\/circulatia-trenurilor-afectata-in-gara-de-nord-din-cauza-unor-caderi-de-tensiune\/#breadcrumb"},"inLanguage":"en-GB","potentialAction":[{"@type":"ReadAction","target":["https:\/\/buletin.de\/bucuresti\/circulatia-trenurilor-afectata-in-gara-de-nord-din-cauza-unor-caderi-de-tensiune\/"]}]},{"@type":"ImageObject","inLanguage":"en-GB","@id":"https:\/\/buletin.de\/bucuresti\/circulatia-trenurilor-afectata-in-gara-de-nord-din-cauza-unor-caderi-de-tensiune\/#primaryimage","url":"https:\/\/buletin.de\/bucuresti\/wp-content\/uploads\/2025\/03\/TABELA-WEB-GARA-DE-NORD.png","contentUrl":"https:\/\/buletin.de\/bucuresti\/wp-content\/uploads\/2025\/03\/TABELA-WEB-GARA-DE-NORD.png","width":1285,"height":504,"caption":"Circula\u0163ia trenurilor, afectat\u0103 de pene de curent. FOTO: cfr.ro"},{"@type":"BreadcrumbList","@id":"https:\/\/buletin.de\/bucuresti\/circulatia-trenurilor-afectata-in-gara-de-nord-din-cauza-unor-caderi-de-tensiune\/#breadcrumb","itemListElement":[{"@type":"ListItem","position":1,"name":"Acas\u0103","item":"https:\/\/buletin.de\/bucuresti\/"},{"@type":"ListItem","position":2,"name":"Circula\u0163ia trenurilor \u00een Gara de Nord, afectat\u0103 din cauza unor c\u0103deri de tensiune"}]},{"@type":"WebSite","@id":"https:\/\/buletin.de\/bucuresti\/#website","url":"https:\/\/buletin.de\/bucuresti\/","name":"Buletin de Bucure\u0219ti","description":"\u0218tiri \u0219i investiga\u021bii esen\u021biale din capital\u0103","publisher":{"@id":"https:\/\/buletin.de\/bucuresti\/#organization"},"potentialAction":[{"@type":"SearchAction","target":{"@type":"EntryPoint","urlTemplate":"https:\/\/buletin.de\/bucuresti\/?s={search_term_string}"},"query-input":{"@type":"PropertyValueSpecification","valueRequired":true,"valueName":"search_term_string"}}],"inLanguage":"en-GB"},{"@type":"Organization","@id":"https:\/\/buletin.de\/bucuresti\/#organization","name":"Buletin de Bucure\u0219ti","url":"https:\/\/buletin.de\/bucuresti\/","logo":{"@type":"ImageObject","inLanguage":"en-GB","@id":"https:\/\/buletin.de\/bucuresti\/#\/schema\/logo\/image\/","url":"https:\/\/buletin.de\/bucuresti\/wp-content\/uploads\/logo-bdb-full-wide-vernil-transparent.png","contentUrl":"https:\/\/buletin.de\/bucuresti\/wp-content\/uploads\/logo-bdb-full-wide-vernil-transparent.png","width":1782,"height":626,"caption":"Buletin de Bucure\u0219ti"},"image":{"@id":"https:\/\/buletin.de\/bucuresti\/#\/schema\/logo\/image\/"},"sameAs":["https:\/\/www.facebook.com\/buletin.de.buc","https:\/\/www.instagram.com\/buletinde.bucuresti\/"]},{"@type":"Person","@id":"https:\/\/buletin.de\/bucuresti\/#\/schema\/person\/5272b8a057b33890940b57b837fc4ce6","name":"Ionu\u021b Lepa","image":{"@type":"ImageObject","inLanguage":"en-GB","@id":"https:\/\/buletin.de\/bucuresti\/wp-content\/uploads\/Ionut-Lepa-96x96.jpg5c4e4d9e049808799a8821652d2410a4","url":"https:\/\/buletin.de\/bucuresti\/wp-content\/uploads\/Ionut-Lepa-96x96.jpg","contentUrl":"https:\/\/buletin.de\/bucuresti\/wp-content\/uploads\/Ionut-Lepa-96x96.jpg","caption":"Ionu\u021b Lepa"},"url":"https:\/\/buletin.de\/bucuresti\/author\/ionutlepa\/"}]}},"authors":[{"term_id":22586,"user_id":8,"is_guest":0,"slug":"ionutlepa","display_name":"Ionu\u021b Lepa","avatar_url":"https:\/\/buletin.de\/bucuresti\/wp-content\/uploads\/Ionut-Lepa-96x96.jpg","0":null,"1":"","2":"","3":"","4":"","5":"","6":"","7":"","8":""}],"_links":{"self":[{"href":"https:\/\/buletin.de\/bucuresti\/wp-json\/wp\/v2\/posts\/122796","targetHints":{"allow":["GET"]}}],"collection":[{"href":"https:\/\/buletin.de\/bucuresti\/wp-json\/wp\/v2\/posts"}],"about":[{"href":"https:\/\/buletin.de\/bucuresti\/wp-json\/wp\/v2\/types\/post"}],"author":[{"embeddable":true,"href":"https:\/\/buletin.de\/bucuresti\/wp-json\/wp\/v2\/users\/8"}],"replies":[{"embeddable":true,"href":"https:\/\/buletin.de\/bucuresti\/wp-json\/wp\/v2\/comments?post=122796"}],"version-history":[{"count":6,"href":"https:\/\/buletin.de\/bucuresti\/wp-json\/wp\/v2\/posts\/122796\/revisions"}],"predecessor-version":[{"id":122815,"href":"https:\/\/buletin.de\/bucuresti\/wp-json\/wp\/v2\/posts\/122796\/revisions\/122815"}],"wp:featuredmedia":[{"embeddable":true,"href":"https:\/\/buletin.de\/bucuresti\/wp-json\/wp\/v2\/media\/122798"}],"wp:attachment":[{"href":"https:\/\/buletin.de\/bucuresti\/wp-json\/wp\/v2\/media?parent=122796"}],"wp:term":[{"taxonomy":"category","embeddable":true,"href":"https:\/\/buletin.de\/bucuresti\/wp-json\/wp\/v2\/categories?post=122796"},{"taxonomy":"post_tag","embeddable":true,"href":"https:\/\/buletin.de\/bucuresti\/wp-json\/wp\/v2\/tags?post=122796"},{"taxonomy":"author","embeddable":true,"href":"https:\/\/buletin.de\/bucuresti\/wp-json\/wp\/v2\/ppma_author?post=122796"}],"curies":[{"name":"wp","href":"https:\/\/api.w.org\/{rel}","templated":true}]}}