{"id":122740,"date":"2025-03-15T11:13:07","date_gmt":"2025-03-15T08:13:07","guid":{"rendered":"https:\/\/buletin.de\/bucuresti\/?p=122740"},"modified":"2025-03-16T12:39:24","modified_gmt":"2025-03-16T09:39:24","slug":"sistemul-e-sigur-a-ajuns-in-bucuresti-radare-amplasate-pe-doua-sosele-importante-ale-capitalei","status":"publish","type":"post","link":"https:\/\/buletin.de\/bucuresti\/sistemul-e-sigur-a-ajuns-in-bucuresti-radare-amplasate-pe-doua-sosele-importante-ale-capitalei\/","title":{"rendered":"Sistemul e-SIGUR a ajuns \u00een Bucure\u015fti. Radare amplasate pe dou\u0103 \u015fosele importante ale Capitalei"},"content":{"rendered":"\n<p><strong>Sistemul e-SIGUR a ajuns \u00een Bucure\u015fti. Brigada Rutier\u0103 a anun\u021bat c\u0103 agen\u0163ii au ie\u015fit \u00een trafic cu adare montate pe trepiede mobile, amplasate, momentan, pe <mark style=\"background-color:rgba(0, 0, 0, 0)\" class=\"has-inline-color has-vivid-red-color\">Splaiul Unirii \u015fi \u015eoseaua Antiaerian\u0103<\/mark>, dou\u0103 dintre arterele cunoscute pentru faptul c\u0103 \u015foferii calc\u0103 prea mult pedala de accelera\u0163ie.<\/strong><\/p>\n\n\n\n<p>\u201ePoli\u021bi\u0219tii ac\u021bioneaz\u0103 ast\u0103zi, 15 martie, cu sistemul de monitorizare a traficului e-SIGUR, pentru a depista posibile \u00eenc\u0103lc\u0103ri ale normelor de circula\u021bie pe drumurile publice, \u00een zonele cu risc rutier din municipiul Bucure\u0219ti.<\/p>\n\n\n\n<p>Reamintim c\u0103 acest sistem de monitorizare a traficului utilizeaz\u0103 dispozitive radar, montate pe trepiede mobile. Acestea surprind \u00een timp real vehiculele care dep\u0103\u0219esc limita legal\u0103 de vitez\u0103 sau care comit alte abateri de la legisla\u021bia rutier\u0103, contribuind astfel la prevenirea \u0219i sanc\u021bionarea comportamentelor care pun \u00een pericol siguran\u021ba participan\u021bilor la trafic.<\/p>\n\n\n\n<p>Nerespectarea regimului legal de vitez\u0103 reprezint\u0103 una dintre principalele cauze ale accidentelor rutiere, iar scopul implement\u0103rii acestui sistem \u0219i al tuturor ac\u021biunilor desf\u0103\u0219urate \u00een teren de poli\u021bi\u0219ti este prevenirea evenimentelor rutiere \u0219i protejarea tuturor participan\u021bilor la trafic\u201d, se arat\u0103 \u00eentr-un comunicat al Poli\u021biei Rutiere a Capitalei.<\/p>\n\n\n\n<div class=\"wp-block-buttons is-content-justification-center is-layout-flex wp-container-core-buttons-is-layout-16018d1d wp-block-buttons-is-layout-flex\">\n<div class=\"wp-block-button has-custom-width wp-block-button__width-100\"><a class=\"wp-block-button__link wp-element-button\" href=\"https:\/\/www.patreon.com\/BuletinDeBucuresti\"><strong>Sus\u021bine Buletin de Bucure\u0219ti pentru investiga\u021bii, reportaje \u0219i \u0219tiri Locale<\/strong><\/a><\/div>\n<\/div>\n\n\n\n<h2 class=\"wp-block-heading\" id=\"h-e-sigur-a-ajuns-in-bucuresti-dar-si-in-ilfov\">e-SIGUR a ajuns \u00een Bucure\u015fti, dar \u015fi \u00een Ilfov<\/h2>\n\n\n\n<p><strong>Buletin de Bucure\u015fti scria de pe 10 martie c\u0103 <a href=\"https:\/\/buletin.de\/bucuresti\/sistemul-e-sigur-activ-si-in-judetul-ilfov-unde-au-fost-amplasate-radarele\/\" target=\"_blank\" rel=\"noreferrer noopener\">sistemul a fost folosit pe \u015foselele din jude\u0163 \u00eenc\u0103 de la \u00eenceputul lunii<\/a>. IPJ Ilfov transmitea c\u0103 radarele au fost amplasate pe DN1 \u015fi pe DN2.<\/strong><\/p>\n\n\n\n<p>Radarele sunt trecute pe modul automat \u015fi \u00eenregistreaz\u0103 p\u00e2n\u0103 \u00een momentul \u00een care \u00ee\u015fi ating capacitatea de stocare. <\/p>\n\n\n\n<p><strong>Ulterior, echipajele desemnate s\u0103 se ocupe de ele vizioneaz\u0103 imaginile, le proceseaz\u0103, afl\u0103 cine a fost la volan \u015fi trimit amenzile, prin po\u015ft\u0103, vitezomanilor.<\/strong><\/p>\n\n\n\n<p>De altfel, exist\u0103 nemul\u0163umiri \u015fi ironii \u00een spa\u0163iul public cu privire la aceast\u0103 \u201esemiautomatizare\u201d. Oamenii spun c\u0103 sistemul ar fi putut fi complet automatizat, f\u0103r\u0103 s\u0103 mai fie implica\u0163i oameni \u00een proces. Un argument ar fi accelerarea procesului, de la constatare, la trimiterea amenzii. <\/p>\n\n\n\n<p><strong>Un alt argument este c\u0103 poli\u0163i\u015ftii ar putea da amenzile \u201eselectiv\u201d, spun oamenii, \u00een func\u0163ie de oamenii proteja\u0163i de \u201epile politice\u201d sau de alt\u0103 natur\u0103.<\/strong><\/p>\n\n\n\n<p>Sistemul e-SIGUR de radare fixe este jalon \u00een PNRR, pentru c\u0103 Rom\u00e2nia este \u0163ara cu cele mai multe decese \u00een accidente rutiere per milion de locuitori.<\/p>\n\n\n\n<p><strong>CITE\u015eTE \u015eI:\u00a0<a href=\"https:\/\/buletin.de\/bucuresti\/radare-fixe-de-pe-autostrazile-a1-si-a2-programul-premergator-al-sistemului-e-sigur-a-inceput-pe-3-ianuarie\/\">\u201eRadare fixe\u201d pe autostr\u0103zile A1 \u015fi A2. Programul premerg\u0103tor al sistemului e-SIGUR a \u00eenceput pe 1 ianuarie<\/a><\/strong><\/p>\n","protected":false},"excerpt":{"rendered":"<p>Sistemul e-SIGUR a ajuns \u00een Bucure\u015fti. Brigada Rutier\u0103 a anun\u021bat c\u0103 agen\u0163ii au ie\u015fit \u00een trafic cu adare montate pe trepiede mobile, amplasate, momentan, pe Splaiul Unirii \u015fi \u015eoseaua Antiaerian\u0103, dou\u0103 dintre arterele cunoscute pentru faptul c\u0103 \u015foferii calc\u0103 prea mult pedala de accelera\u0163ie. \u201ePoli\u021bi\u0219tii ac\u021bioneaz\u0103 ast\u0103zi, 15 martie, cu sistemul de monitorizare a traficului [&hellip;]<\/p>\n","protected":false},"author":8,"featured_media":122741,"comment_status":"closed","ping_status":"open","sticky":false,"template":"","format":"standard","meta":{"_acf_changed":false,"inline_featured_image":false,"ngg_post_thumbnail":0,"footnotes":""},"categories":[6994,9026,62,650],"tags":[19860,19861,19859,19862,19858],"ppma_author":[22586],"class_list":["post-122740","post","type-post","status-publish","format-standard","has-post-thumbnail","hentry","category-stiri-2","category-eveniment","category-stiri","category-transport","tag-radar-antiaeriana","tag-radar-splaiul-unirii","tag-radare-in-bucuresti","tag-radare-trafic-bucuresti","tag-sistemul-e-sigur"],"acf":[],"yoast_head":"<!-- This site is optimized with the Yoast SEO Premium plugin v25.3 (Yoast SEO v27.5) - https:\/\/yoast.com\/product\/yoast-seo-premium-wordpress\/ -->\n<title>Sistemul e-SIGUR a ajuns \u00een Bucure\u015fti. Radare amplasate pe dou\u0103 \u015fosele importante ale Capitalei - Buletin de Bucure\u0219ti<\/title>\n<meta name=\"description\" content=\"Sistemul e-SIGUR a ajuns \u00een Bucure\u015fti. Brigada Rutier\u0103 a anun\u021bat c\u0103 agen\u0163ii au ie\u015fit \u00een trafic cu radare montate pe trepiede mobile.\" \/>\n<meta name=\"robots\" content=\"index, follow, max-snippet:-1, max-image-preview:large, max-video-preview:-1\" \/>\n<link rel=\"canonical\" href=\"https:\/\/buletin.de\/bucuresti\/sistemul-e-sigur-a-ajuns-in-bucuresti-radare-amplasate-pe-doua-sosele-importante-ale-capitalei\/\" \/>\n<meta property=\"og:locale\" content=\"en_GB\" \/>\n<meta property=\"og:type\" content=\"article\" \/>\n<meta property=\"og:title\" content=\"Sistemul e-SIGUR a ajuns \u00een Bucure\u015fti. Radare amplasate pe dou\u0103 \u015fosele importante ale Capitalei\" \/>\n<meta property=\"og:description\" content=\"Sistemul e-SIGUR a ajuns \u00een Bucure\u015fti. Brigada Rutier\u0103 a anun\u021bat c\u0103 agen\u0163ii au ie\u015fit \u00een trafic cu radare montate pe trepiede mobile.\" \/>\n<meta property=\"og:url\" content=\"https:\/\/buletin.de\/bucuresti\/sistemul-e-sigur-a-ajuns-in-bucuresti-radare-amplasate-pe-doua-sosele-importante-ale-capitalei\/\" \/>\n<meta property=\"og:site_name\" content=\"Buletin de Bucure\u0219ti\" \/>\n<meta property=\"article:publisher\" content=\"https:\/\/www.facebook.com\/buletin.de.buc\" \/>\n<meta property=\"article:published_time\" content=\"2025-03-15T08:13:07+00:00\" \/>\n<meta property=\"article:modified_time\" content=\"2025-03-16T09:39:24+00:00\" \/>\n<meta property=\"og:image\" content=\"https:\/\/buletin.de\/bucuresti\/wp-content\/uploads\/2025\/03\/WhatsApp-Image-2025-03-15-at-10.09.04-e1742026297474.jpeg\" \/>\n\t<meta property=\"og:image:width\" content=\"1152\" \/>\n\t<meta property=\"og:image:height\" content=\"1133\" \/>\n\t<meta property=\"og:image:type\" content=\"image\/jpeg\" \/>\n<meta name=\"author\" content=\"Ionu\u021b Lepa\" \/>\n<meta name=\"twitter:card\" content=\"summary_large_image\" \/>\n<meta name=\"twitter:label1\" content=\"Written by\" \/>\n\t<meta name=\"twitter:data1\" content=\"Ionu\u021b Lepa\" \/>\n\t<meta name=\"twitter:label2\" content=\"Estimated reading time\" \/>\n\t<meta name=\"twitter:data2\" content=\"2 minutes\" \/>\n<script type=\"application\/ld+json\" class=\"yoast-schema-graph\">{\"@context\":\"https:\\\/\\\/schema.org\",\"@graph\":[{\"@type\":\"Article\",\"@id\":\"https:\\\/\\\/buletin.de\\\/bucuresti\\\/sistemul-e-sigur-a-ajuns-in-bucuresti-radare-amplasate-pe-doua-sosele-importante-ale-capitalei\\\/#article\",\"isPartOf\":{\"@id\":\"https:\\\/\\\/buletin.de\\\/bucuresti\\\/sistemul-e-sigur-a-ajuns-in-bucuresti-radare-amplasate-pe-doua-sosele-importante-ale-capitalei\\\/\"},\"author\":{\"name\":\"Ionu\u021b Lepa\",\"@id\":\"https:\\\/\\\/buletin.de\\\/bucuresti\\\/#\\\/schema\\\/person\\\/5272b8a057b33890940b57b837fc4ce6\"},\"headline\":\"Sistemul e-SIGUR a ajuns \u00een Bucure\u015fti. Radare amplasate pe dou\u0103 \u015fosele importante ale Capitalei\",\"datePublished\":\"2025-03-15T08:13:07+00:00\",\"dateModified\":\"2025-03-16T09:39:24+00:00\",\"mainEntityOfPage\":{\"@id\":\"https:\\\/\\\/buletin.de\\\/bucuresti\\\/sistemul-e-sigur-a-ajuns-in-bucuresti-radare-amplasate-pe-doua-sosele-importante-ale-capitalei\\\/\"},\"wordCount\":439,\"publisher\":{\"@id\":\"https:\\\/\\\/buletin.de\\\/bucuresti\\\/#organization\"},\"image\":{\"@id\":\"https:\\\/\\\/buletin.de\\\/bucuresti\\\/sistemul-e-sigur-a-ajuns-in-bucuresti-radare-amplasate-pe-doua-sosele-importante-ale-capitalei\\\/#primaryimage\"},\"thumbnailUrl\":\"https:\\\/\\\/buletin.de\\\/bucuresti\\\/wp-content\\\/uploads\\\/2025\\\/03\\\/WhatsApp-Image-2025-03-15-at-10.09.04-e1742026297474.jpeg\",\"keywords\":[\"radar antiaeriana\",\"radar splaiul unirii\",\"radare in bucuresti\",\"radare trafic bucuresti\",\"sistemul e-sigur\"],\"articleSection\":[\"Articole\",\"Eveniment\",\"\u0218tiri\",\"Transport\"],\"inLanguage\":\"en-GB\",\"copyrightYear\":\"2025\",\"copyrightHolder\":{\"@id\":\"https:\\\/\\\/buletin.de\\\/bucuresti\\\/#organization\"}},{\"@type\":\"WebPage\",\"@id\":\"https:\\\/\\\/buletin.de\\\/bucuresti\\\/sistemul-e-sigur-a-ajuns-in-bucuresti-radare-amplasate-pe-doua-sosele-importante-ale-capitalei\\\/\",\"url\":\"https:\\\/\\\/buletin.de\\\/bucuresti\\\/sistemul-e-sigur-a-ajuns-in-bucuresti-radare-amplasate-pe-doua-sosele-importante-ale-capitalei\\\/\",\"name\":\"Sistemul e-SIGUR a ajuns \u00een Bucure\u015fti. Radare amplasate pe dou\u0103 \u015fosele importante ale Capitalei - Buletin de Bucure\u0219ti\",\"isPartOf\":{\"@id\":\"https:\\\/\\\/buletin.de\\\/bucuresti\\\/#website\"},\"primaryImageOfPage\":{\"@id\":\"https:\\\/\\\/buletin.de\\\/bucuresti\\\/sistemul-e-sigur-a-ajuns-in-bucuresti-radare-amplasate-pe-doua-sosele-importante-ale-capitalei\\\/#primaryimage\"},\"image\":{\"@id\":\"https:\\\/\\\/buletin.de\\\/bucuresti\\\/sistemul-e-sigur-a-ajuns-in-bucuresti-radare-amplasate-pe-doua-sosele-importante-ale-capitalei\\\/#primaryimage\"},\"thumbnailUrl\":\"https:\\\/\\\/buletin.de\\\/bucuresti\\\/wp-content\\\/uploads\\\/2025\\\/03\\\/WhatsApp-Image-2025-03-15-at-10.09.04-e1742026297474.jpeg\",\"datePublished\":\"2025-03-15T08:13:07+00:00\",\"dateModified\":\"2025-03-16T09:39:24+00:00\",\"description\":\"Sistemul e-SIGUR a ajuns \u00een Bucure\u015fti. Brigada Rutier\u0103 a anun\u021bat c\u0103 agen\u0163ii au ie\u015fit \u00een trafic cu radare montate pe trepiede mobile.\",\"breadcrumb\":{\"@id\":\"https:\\\/\\\/buletin.de\\\/bucuresti\\\/sistemul-e-sigur-a-ajuns-in-bucuresti-radare-amplasate-pe-doua-sosele-importante-ale-capitalei\\\/#breadcrumb\"},\"inLanguage\":\"en-GB\",\"potentialAction\":[{\"@type\":\"ReadAction\",\"target\":[\"https:\\\/\\\/buletin.de\\\/bucuresti\\\/sistemul-e-sigur-a-ajuns-in-bucuresti-radare-amplasate-pe-doua-sosele-importante-ale-capitalei\\\/\"]}]},{\"@type\":\"ImageObject\",\"inLanguage\":\"en-GB\",\"@id\":\"https:\\\/\\\/buletin.de\\\/bucuresti\\\/sistemul-e-sigur-a-ajuns-in-bucuresti-radare-amplasate-pe-doua-sosele-importante-ale-capitalei\\\/#primaryimage\",\"url\":\"https:\\\/\\\/buletin.de\\\/bucuresti\\\/wp-content\\\/uploads\\\/2025\\\/03\\\/WhatsApp-Image-2025-03-15-at-10.09.04-e1742026297474.jpeg\",\"contentUrl\":\"https:\\\/\\\/buletin.de\\\/bucuresti\\\/wp-content\\\/uploads\\\/2025\\\/03\\\/WhatsApp-Image-2025-03-15-at-10.09.04-e1742026297474.jpeg\",\"width\":1152,\"height\":1133,\"caption\":\"Sistemul e-SIGUR, pe Antiaerian\u0103 \u015fi pe Splaiul Unirii.\"},{\"@type\":\"BreadcrumbList\",\"@id\":\"https:\\\/\\\/buletin.de\\\/bucuresti\\\/sistemul-e-sigur-a-ajuns-in-bucuresti-radare-amplasate-pe-doua-sosele-importante-ale-capitalei\\\/#breadcrumb\",\"itemListElement\":[{\"@type\":\"ListItem\",\"position\":1,\"name\":\"Acas\u0103\",\"item\":\"https:\\\/\\\/buletin.de\\\/bucuresti\\\/\"},{\"@type\":\"ListItem\",\"position\":2,\"name\":\"Sistemul e-SIGUR a ajuns \u00een Bucure\u015fti. Radare amplasate pe dou\u0103 \u015fosele importante ale Capitalei\"}]},{\"@type\":\"WebSite\",\"@id\":\"https:\\\/\\\/buletin.de\\\/bucuresti\\\/#website\",\"url\":\"https:\\\/\\\/buletin.de\\\/bucuresti\\\/\",\"name\":\"Buletin de Bucure\u0219ti\",\"description\":\"\u0218tiri \u0219i investiga\u021bii esen\u021biale din capital\u0103\",\"publisher\":{\"@id\":\"https:\\\/\\\/buletin.de\\\/bucuresti\\\/#organization\"},\"potentialAction\":[{\"@type\":\"SearchAction\",\"target\":{\"@type\":\"EntryPoint\",\"urlTemplate\":\"https:\\\/\\\/buletin.de\\\/bucuresti\\\/?s={search_term_string}\"},\"query-input\":{\"@type\":\"PropertyValueSpecification\",\"valueRequired\":true,\"valueName\":\"search_term_string\"}}],\"inLanguage\":\"en-GB\"},{\"@type\":\"Organization\",\"@id\":\"https:\\\/\\\/buletin.de\\\/bucuresti\\\/#organization\",\"name\":\"Buletin de Bucure\u0219ti\",\"url\":\"https:\\\/\\\/buletin.de\\\/bucuresti\\\/\",\"logo\":{\"@type\":\"ImageObject\",\"inLanguage\":\"en-GB\",\"@id\":\"https:\\\/\\\/buletin.de\\\/bucuresti\\\/#\\\/schema\\\/logo\\\/image\\\/\",\"url\":\"https:\\\/\\\/buletin.de\\\/bucuresti\\\/wp-content\\\/uploads\\\/logo-bdb-full-wide-vernil-transparent.png\",\"contentUrl\":\"https:\\\/\\\/buletin.de\\\/bucuresti\\\/wp-content\\\/uploads\\\/logo-bdb-full-wide-vernil-transparent.png\",\"width\":1782,\"height\":626,\"caption\":\"Buletin de Bucure\u0219ti\"},\"image\":{\"@id\":\"https:\\\/\\\/buletin.de\\\/bucuresti\\\/#\\\/schema\\\/logo\\\/image\\\/\"},\"sameAs\":[\"https:\\\/\\\/www.facebook.com\\\/buletin.de.buc\",\"https:\\\/\\\/www.instagram.com\\\/buletinde.bucuresti\\\/\"]},{\"@type\":\"Person\",\"@id\":\"https:\\\/\\\/buletin.de\\\/bucuresti\\\/#\\\/schema\\\/person\\\/5272b8a057b33890940b57b837fc4ce6\",\"name\":\"Ionu\u021b Lepa\",\"image\":{\"@type\":\"ImageObject\",\"inLanguage\":\"en-GB\",\"@id\":\"https:\\\/\\\/buletin.de\\\/bucuresti\\\/wp-content\\\/uploads\\\/Ionut-Lepa-96x96.jpg5c4e4d9e049808799a8821652d2410a4\",\"url\":\"https:\\\/\\\/buletin.de\\\/bucuresti\\\/wp-content\\\/uploads\\\/Ionut-Lepa-96x96.jpg\",\"contentUrl\":\"https:\\\/\\\/buletin.de\\\/bucuresti\\\/wp-content\\\/uploads\\\/Ionut-Lepa-96x96.jpg\",\"caption\":\"Ionu\u021b Lepa\"},\"url\":\"https:\\\/\\\/buletin.de\\\/bucuresti\\\/author\\\/ionutlepa\\\/\"}]}<\/script>\n<!-- \/ Yoast SEO Premium plugin. -->","yoast_head_json":{"title":"Sistemul e-SIGUR a ajuns \u00een Bucure\u015fti. Radare amplasate pe dou\u0103 \u015fosele importante ale Capitalei - Buletin de Bucure\u0219ti","description":"Sistemul e-SIGUR a ajuns \u00een Bucure\u015fti. Brigada Rutier\u0103 a anun\u021bat c\u0103 agen\u0163ii au ie\u015fit \u00een trafic cu radare montate pe trepiede mobile.","robots":{"index":"index","follow":"follow","max-snippet":"max-snippet:-1","max-image-preview":"max-image-preview:large","max-video-preview":"max-video-preview:-1"},"canonical":"https:\/\/buletin.de\/bucuresti\/sistemul-e-sigur-a-ajuns-in-bucuresti-radare-amplasate-pe-doua-sosele-importante-ale-capitalei\/","og_locale":"en_GB","og_type":"article","og_title":"Sistemul e-SIGUR a ajuns \u00een Bucure\u015fti. Radare amplasate pe dou\u0103 \u015fosele importante ale Capitalei","og_description":"Sistemul e-SIGUR a ajuns \u00een Bucure\u015fti. Brigada Rutier\u0103 a anun\u021bat c\u0103 agen\u0163ii au ie\u015fit \u00een trafic cu radare montate pe trepiede mobile.","og_url":"https:\/\/buletin.de\/bucuresti\/sistemul-e-sigur-a-ajuns-in-bucuresti-radare-amplasate-pe-doua-sosele-importante-ale-capitalei\/","og_site_name":"Buletin de Bucure\u0219ti","article_publisher":"https:\/\/www.facebook.com\/buletin.de.buc","article_published_time":"2025-03-15T08:13:07+00:00","article_modified_time":"2025-03-16T09:39:24+00:00","og_image":[{"width":1152,"height":1133,"url":"https:\/\/buletin.de\/bucuresti\/wp-content\/uploads\/2025\/03\/WhatsApp-Image-2025-03-15-at-10.09.04-e1742026297474.jpeg","type":"image\/jpeg"}],"author":"Ionu\u021b Lepa","twitter_card":"summary_large_image","twitter_misc":{"Written by":"Ionu\u021b Lepa","Estimated reading time":"2 minutes"},"schema":{"@context":"https:\/\/schema.org","@graph":[{"@type":"Article","@id":"https:\/\/buletin.de\/bucuresti\/sistemul-e-sigur-a-ajuns-in-bucuresti-radare-amplasate-pe-doua-sosele-importante-ale-capitalei\/#article","isPartOf":{"@id":"https:\/\/buletin.de\/bucuresti\/sistemul-e-sigur-a-ajuns-in-bucuresti-radare-amplasate-pe-doua-sosele-importante-ale-capitalei\/"},"author":{"name":"Ionu\u021b Lepa","@id":"https:\/\/buletin.de\/bucuresti\/#\/schema\/person\/5272b8a057b33890940b57b837fc4ce6"},"headline":"Sistemul e-SIGUR a ajuns \u00een Bucure\u015fti. Radare amplasate pe dou\u0103 \u015fosele importante ale Capitalei","datePublished":"2025-03-15T08:13:07+00:00","dateModified":"2025-03-16T09:39:24+00:00","mainEntityOfPage":{"@id":"https:\/\/buletin.de\/bucuresti\/sistemul-e-sigur-a-ajuns-in-bucuresti-radare-amplasate-pe-doua-sosele-importante-ale-capitalei\/"},"wordCount":439,"publisher":{"@id":"https:\/\/buletin.de\/bucuresti\/#organization"},"image":{"@id":"https:\/\/buletin.de\/bucuresti\/sistemul-e-sigur-a-ajuns-in-bucuresti-radare-amplasate-pe-doua-sosele-importante-ale-capitalei\/#primaryimage"},"thumbnailUrl":"https:\/\/buletin.de\/bucuresti\/wp-content\/uploads\/2025\/03\/WhatsApp-Image-2025-03-15-at-10.09.04-e1742026297474.jpeg","keywords":["radar antiaeriana","radar splaiul unirii","radare in bucuresti","radare trafic bucuresti","sistemul e-sigur"],"articleSection":["Articole","Eveniment","\u0218tiri","Transport"],"inLanguage":"en-GB","copyrightYear":"2025","copyrightHolder":{"@id":"https:\/\/buletin.de\/bucuresti\/#organization"}},{"@type":"WebPage","@id":"https:\/\/buletin.de\/bucuresti\/sistemul-e-sigur-a-ajuns-in-bucuresti-radare-amplasate-pe-doua-sosele-importante-ale-capitalei\/","url":"https:\/\/buletin.de\/bucuresti\/sistemul-e-sigur-a-ajuns-in-bucuresti-radare-amplasate-pe-doua-sosele-importante-ale-capitalei\/","name":"Sistemul e-SIGUR a ajuns \u00een Bucure\u015fti. Radare amplasate pe dou\u0103 \u015fosele importante ale Capitalei - Buletin de Bucure\u0219ti","isPartOf":{"@id":"https:\/\/buletin.de\/bucuresti\/#website"},"primaryImageOfPage":{"@id":"https:\/\/buletin.de\/bucuresti\/sistemul-e-sigur-a-ajuns-in-bucuresti-radare-amplasate-pe-doua-sosele-importante-ale-capitalei\/#primaryimage"},"image":{"@id":"https:\/\/buletin.de\/bucuresti\/sistemul-e-sigur-a-ajuns-in-bucuresti-radare-amplasate-pe-doua-sosele-importante-ale-capitalei\/#primaryimage"},"thumbnailUrl":"https:\/\/buletin.de\/bucuresti\/wp-content\/uploads\/2025\/03\/WhatsApp-Image-2025-03-15-at-10.09.04-e1742026297474.jpeg","datePublished":"2025-03-15T08:13:07+00:00","dateModified":"2025-03-16T09:39:24+00:00","description":"Sistemul e-SIGUR a ajuns \u00een Bucure\u015fti. Brigada Rutier\u0103 a anun\u021bat c\u0103 agen\u0163ii au ie\u015fit \u00een trafic cu radare montate pe trepiede mobile.","breadcrumb":{"@id":"https:\/\/buletin.de\/bucuresti\/sistemul-e-sigur-a-ajuns-in-bucuresti-radare-amplasate-pe-doua-sosele-importante-ale-capitalei\/#breadcrumb"},"inLanguage":"en-GB","potentialAction":[{"@type":"ReadAction","target":["https:\/\/buletin.de\/bucuresti\/sistemul-e-sigur-a-ajuns-in-bucuresti-radare-amplasate-pe-doua-sosele-importante-ale-capitalei\/"]}]},{"@type":"ImageObject","inLanguage":"en-GB","@id":"https:\/\/buletin.de\/bucuresti\/sistemul-e-sigur-a-ajuns-in-bucuresti-radare-amplasate-pe-doua-sosele-importante-ale-capitalei\/#primaryimage","url":"https:\/\/buletin.de\/bucuresti\/wp-content\/uploads\/2025\/03\/WhatsApp-Image-2025-03-15-at-10.09.04-e1742026297474.jpeg","contentUrl":"https:\/\/buletin.de\/bucuresti\/wp-content\/uploads\/2025\/03\/WhatsApp-Image-2025-03-15-at-10.09.04-e1742026297474.jpeg","width":1152,"height":1133,"caption":"Sistemul e-SIGUR, pe Antiaerian\u0103 \u015fi pe Splaiul Unirii."},{"@type":"BreadcrumbList","@id":"https:\/\/buletin.de\/bucuresti\/sistemul-e-sigur-a-ajuns-in-bucuresti-radare-amplasate-pe-doua-sosele-importante-ale-capitalei\/#breadcrumb","itemListElement":[{"@type":"ListItem","position":1,"name":"Acas\u0103","item":"https:\/\/buletin.de\/bucuresti\/"},{"@type":"ListItem","position":2,"name":"Sistemul e-SIGUR a ajuns \u00een Bucure\u015fti. Radare amplasate pe dou\u0103 \u015fosele importante ale Capitalei"}]},{"@type":"WebSite","@id":"https:\/\/buletin.de\/bucuresti\/#website","url":"https:\/\/buletin.de\/bucuresti\/","name":"Buletin de Bucure\u0219ti","description":"\u0218tiri \u0219i investiga\u021bii esen\u021biale din capital\u0103","publisher":{"@id":"https:\/\/buletin.de\/bucuresti\/#organization"},"potentialAction":[{"@type":"SearchAction","target":{"@type":"EntryPoint","urlTemplate":"https:\/\/buletin.de\/bucuresti\/?s={search_term_string}"},"query-input":{"@type":"PropertyValueSpecification","valueRequired":true,"valueName":"search_term_string"}}],"inLanguage":"en-GB"},{"@type":"Organization","@id":"https:\/\/buletin.de\/bucuresti\/#organization","name":"Buletin de Bucure\u0219ti","url":"https:\/\/buletin.de\/bucuresti\/","logo":{"@type":"ImageObject","inLanguage":"en-GB","@id":"https:\/\/buletin.de\/bucuresti\/#\/schema\/logo\/image\/","url":"https:\/\/buletin.de\/bucuresti\/wp-content\/uploads\/logo-bdb-full-wide-vernil-transparent.png","contentUrl":"https:\/\/buletin.de\/bucuresti\/wp-content\/uploads\/logo-bdb-full-wide-vernil-transparent.png","width":1782,"height":626,"caption":"Buletin de Bucure\u0219ti"},"image":{"@id":"https:\/\/buletin.de\/bucuresti\/#\/schema\/logo\/image\/"},"sameAs":["https:\/\/www.facebook.com\/buletin.de.buc","https:\/\/www.instagram.com\/buletinde.bucuresti\/"]},{"@type":"Person","@id":"https:\/\/buletin.de\/bucuresti\/#\/schema\/person\/5272b8a057b33890940b57b837fc4ce6","name":"Ionu\u021b Lepa","image":{"@type":"ImageObject","inLanguage":"en-GB","@id":"https:\/\/buletin.de\/bucuresti\/wp-content\/uploads\/Ionut-Lepa-96x96.jpg5c4e4d9e049808799a8821652d2410a4","url":"https:\/\/buletin.de\/bucuresti\/wp-content\/uploads\/Ionut-Lepa-96x96.jpg","contentUrl":"https:\/\/buletin.de\/bucuresti\/wp-content\/uploads\/Ionut-Lepa-96x96.jpg","caption":"Ionu\u021b Lepa"},"url":"https:\/\/buletin.de\/bucuresti\/author\/ionutlepa\/"}]}},"authors":[{"term_id":22586,"user_id":8,"is_guest":0,"slug":"ionutlepa","display_name":"Ionu\u021b Lepa","avatar_url":"https:\/\/buletin.de\/bucuresti\/wp-content\/uploads\/Ionut-Lepa-96x96.jpg","0":null,"1":"","2":"","3":"","4":"","5":"","6":"","7":"","8":""}],"_links":{"self":[{"href":"https:\/\/buletin.de\/bucuresti\/wp-json\/wp\/v2\/posts\/122740","targetHints":{"allow":["GET"]}}],"collection":[{"href":"https:\/\/buletin.de\/bucuresti\/wp-json\/wp\/v2\/posts"}],"about":[{"href":"https:\/\/buletin.de\/bucuresti\/wp-json\/wp\/v2\/types\/post"}],"author":[{"embeddable":true,"href":"https:\/\/buletin.de\/bucuresti\/wp-json\/wp\/v2\/users\/8"}],"replies":[{"embeddable":true,"href":"https:\/\/buletin.de\/bucuresti\/wp-json\/wp\/v2\/comments?post=122740"}],"version-history":[{"count":3,"href":"https:\/\/buletin.de\/bucuresti\/wp-json\/wp\/v2\/posts\/122740\/revisions"}],"predecessor-version":[{"id":122820,"href":"https:\/\/buletin.de\/bucuresti\/wp-json\/wp\/v2\/posts\/122740\/revisions\/122820"}],"wp:featuredmedia":[{"embeddable":true,"href":"https:\/\/buletin.de\/bucuresti\/wp-json\/wp\/v2\/media\/122741"}],"wp:attachment":[{"href":"https:\/\/buletin.de\/bucuresti\/wp-json\/wp\/v2\/media?parent=122740"}],"wp:term":[{"taxonomy":"category","embeddable":true,"href":"https:\/\/buletin.de\/bucuresti\/wp-json\/wp\/v2\/categories?post=122740"},{"taxonomy":"post_tag","embeddable":true,"href":"https:\/\/buletin.de\/bucuresti\/wp-json\/wp\/v2\/tags?post=122740"},{"taxonomy":"author","embeddable":true,"href":"https:\/\/buletin.de\/bucuresti\/wp-json\/wp\/v2\/ppma_author?post=122740"}],"curies":[{"name":"wp","href":"https:\/\/api.w.org\/{rel}","templated":true}]}}