{"id":122450,"date":"2025-03-13T14:37:34","date_gmt":"2025-03-13T11:37:34","guid":{"rendered":"https:\/\/buletin.de\/bucuresti\/?p=122450"},"modified":"2025-03-13T16:03:43","modified_gmt":"2025-03-13T13:03:43","slug":"fara-drum-prin-padurea-baneasa-30-de-organizatii-si-grupuri-civice-au-lansat-un-apel-impotriva-solutiei-gasite-pentru-greenfield","status":"publish","type":"post","link":"https:\/\/buletin.de\/bucuresti\/fara-drum-prin-padurea-baneasa-30-de-organizatii-si-grupuri-civice-au-lansat-un-apel-impotriva-solutiei-gasite-pentru-greenfield\/","title":{"rendered":"F\u0103r\u0103 drum prin P\u0103durea B\u0103neasa. 30 de organiza\u021bii \u0219i grupuri civice au lansat un apel \u00eempotriva solu\u021biei g\u0103site pentru Greenfield"},"content":{"rendered":"\n<p><strong>30 de organiza\u021bii \u0219i grupuri civice au lansat un apel prin care se opun deschiderii unui drum forestier prin P\u0103durea B\u0103neasa, care ar urma s\u0103 fie folosit de locuitorii cartierului Greenfield.<\/strong><\/p>\n\n\n\n<p>Deschiderea circula\u021biei auto prin p\u0103dure va avea consecin\u021be grave asupra celei mai mari zone naturale a Bucure\u0219tiului. Riscul de fragmentare a p\u0103durii persist\u0103, \u00een condi\u021biile \u00een care decizia <a href=\"https:\/\/ilfov.rosilva.ro\/\" target=\"_blank\" rel=\"noreferrer noopener\">Direc\u021biei Silvice Ilfov<\/a> de a permite accesul ma\u0219inilor \u00een P\u0103durea B\u0103neasa a fost doar am\u00e2nat\u0103, arat\u0103 cele 30 de organiza\u021bii \u0219i grupuri civice \u00eentr-un apel public. <\/p>\n\n\n\n<div class=\"wp-block-buttons is-content-justification-center is-layout-flex wp-container-core-buttons-is-layout-16018d1d wp-block-buttons-is-layout-flex\">\n<div class=\"wp-block-button has-custom-width wp-block-button__width-100\"><a class=\"wp-block-button__link wp-element-button\" href=\"https:\/\/www.patreon.com\/BuletinDeBucuresti\"><strong>Sus\u021bine Buletin de Bucure\u0219ti pentru investiga\u021bii, reportaje \u0219i \u0219tiri Locale<\/strong><\/a><\/div>\n<\/div>\n\n\n\n<h2 class=\"wp-block-heading\" id=\"h-drum-prin-padurea-baneasa-realizat-printr-un-protocol-secret\">Drum prin P\u0103durea B\u0103neasa, realizat printr-un protocol secret<\/h2>\n\n\n\n<p>Direc\u021bia Silvic\u0103 Ilfov \u0219i Federa\u021bia Greenfield B\u0103neasa au semnat un contract prin care deschid circula\u021biei auto un alt drum forestier din P\u0103durea B\u0103neasa, \u00een schimbul unei taxe de trecere asumat\u0103 de Funda\u021bia Avenor, o organiza\u021bie cu interese private \u00een zon\u0103. <\/p>\n\n\n\n<p>Este vorba de drumul forestier care traverseaz\u0103 p\u0103durea \u00eentre Consolight \u0219i Aleea Padina (num\u0103r cadastral 278048), arat\u0103 organiza\u021biile. <\/p>\n\n\n\n<p><strong>CITE\u0218TE \u0218I: <a href=\"https:\/\/buletin.de\/bucuresti\/g4-media-drum-amenajat-in-secret-pentru-locuitorii-din-greenfield-prin-padurea-baneasa-amenajarea-platita-de-romsilva\/\" target=\"_blank\" rel=\"noreferrer noopener\">Drum amenajat \u00een secret pentru locuitorii din Greenfield prin p\u0103durea B\u0103neasa. Amenajarea, pl\u0103tit\u0103 de Romsilva<\/a><\/strong><\/p>\n\n\n\n<p><strong>Drumul forestier a fost l\u0103rgit, pietruit \u0219i dotat cu semne rutiere \u0219i urma s\u0103 fie deschis circula\u021biei rutiere pe 12 martie. <\/strong><\/p>\n\n\n\n<p>\u201e\u00cen urma discu\u021biilor de la Prim\u0103ria Sectorului 1. Conform Federa\u021biei Greenfield, decizia a fost am\u00e2nat\u0103 temporar, p\u00e2n\u0103 la instalarea unor bariere cu sisteme video de recunoa\u0219tere a numerelor de \u00eenmatriculare, care va permite accesul reziden\u021bilor \u0219i celor care vor pl\u0103ti taxa de trecere.<\/p>\n\n\n\n<p>Necesitatea accesului auto corespunz\u0103tor densit\u0103\u021bii locuirii din cartierul Greenfield este de necontestat. Totu\u0219i, deschiderea drumului forestier nu este o solu\u021bie, deoarece nu va rezolva problema traficului, ci doar o va muta la marginea cealalt\u0103 a p\u0103durii. <\/p>\n\n\n\n<p>\u00cen Planul Urbanistic Zonal aprobat prin HCGMB nr. 705\/2019 exist\u0103 propuneri de c\u0103i de acces pe care dezvoltatorul imobiliar \u0219i-a asumat s\u0103 le amenajeze. Acestea urmau s\u0103 lege cartierul Greenfield de \u0218oseaua de Centur\u0103 \u0219i, p\u00e2n\u0103 \u00een prezent, niciuna dintre acestea nu a fost realizat\u0103\u201d, se arat\u0103 \u00een apel.<\/p>\n\n\n\n<h2 class=\"wp-block-heading\" id=\"h-interpretare-incorecta-a-codului-silvic\">Interpretare incorect\u0103 a Codului Silvic<\/h2>\n\n\n\n<p>Organiza\u021biile civice men\u021bioneaz\u0103 c\u0103 Direc\u021bia Silvic\u0103 Ilfov \u0219i Federa\u021bia Greenfield au agreat s\u0103 deschid\u0103 circula\u021bia auto pe un drum forestier baz\u00e2ndu-se pe o interpretare incorect\u0103 a art. 113, alin (2) din Codul Silvic (care permite folosirea drumurilor forestiere de c\u0103tre proprietarii de p\u0103dure pentru acces la propriile terenuri, \u00een cazul \u00een care nu exist\u0103 un acces public), nerespect\u00e2nd scopul normei legislative, care transform\u0103 ac\u021biunea \u00een una ilegal\u0103.<\/p>\n\n\n\n<p>\u201eLa \u00eent\u00e2lnirea din 11 martie a.c., desf\u0103\u0219urat\u0103 la sediul Prim\u0103riei Sectorului 1, la care au participat \u0219i reprezentan\u021bi ai dezvoltatorului imobiliar, ai Federa\u021biei Greenfield, ai Ministerului Mediului, ai Regiei Na\u021bional a P\u0103durilor &#8211; Romsilva, ai Direc\u021biei Silvice Ilfov, ai Prim\u0103riei Generale a Municipiului Bucure\u0219ti, organiza\u021biile civice \u0219i-au exprimat ferm dezacordul fa\u021b\u0103 de aceast\u0103 decizie, sus\u021bin\u00e2nd implementarea unor solu\u021bii de acces pe termen lung, cum ar fi drumuri de leg\u0103tur\u0103 cu \u0219oseaua de centur\u0103 sau cu rondul din Otopeni, pasaje pietonale \u0219i de biciclet\u0103 care s\u0103 uneasc\u0103 Otopeniul, Tunariul, Greenfield \u0219i B\u0103neasa \u0219i \u00eembun\u0103t\u0103\u021birea transportului \u00een comun.<\/p>\n\n\n\n<p>Deschiderea circula\u021biei auto pe un drum forestier \u00eenseamn\u0103 fragmentarea p\u0103durii, care duce, \u00een timp, la degradarea ireversibil\u0103 a ecosistemului natural. Mai mult, creeaz\u0103 un precedent periculos de sacrificare a unui bun public \u00een favoarea intereselor private ale dezvoltatorilor imobiliari.<\/p>\n\n\n\n<p>De asemenea, deschiderea circula\u021biei auto a drumului forestier intr\u0103 \u00een contradic\u021bie cu decizia Consiliului Sectorului 1 \u0219i a Prim\u0103riei Sectorului 1 de a men\u021bine integritatea \u0219i s\u0103n\u0103tatea P\u0103durii B\u0103neasa prin desemnarea acesteia ca arie natural\u0103 protejat\u0103 de interes local\u201d, se mai arat\u0103 \u00een apelul public al celor 30 de organiza\u021bii \u0219i grupuri civice.<\/p>\n\n\n\n<p><strong>CITE\u0218TE \u0218I:\u00a0<a href=\"https:\/\/buletin.de\/bucuresti\/remus-vasile-span-un-fost-sef-de-serviciu-secret-anchetat-de-dna-in-corpul-de-control-al-lui-rares-hopinca\/\">INVESTIGA\u021aIE | Transferuri \u201eincerte\u201d: Un fost \u0219ef de serviciu secret, anchetat de DNA, \u00een Corpul de Control al lui Rare\u0219 Hopinc\u0103, al\u0103turi de finul unui \u201ebaron\u201d PSD. Fostul ofi\u021ber a lucrat \u0219i la Prim\u0103ria Volunta<\/a>ri<\/strong><\/p>\n\n\n\n<h2 class=\"wp-block-heading\" id=\"h-se-solicita-interven\u021bia-ministerului-mediului\">Se solicit\u0103 interven\u021bia Ministerului Mediului<\/h2>\n\n\n\n<p>Acestea au semnat solicitarea de a nu deschide circula\u021bia auto \u0219i de a pune \u00een practic\u0103 solu\u021bii durabile de acces, f\u0103r\u0103 impact negativ asupra p\u0103durii.<\/p>\n\n\n\n<p>\u201eInteresul public \u0219i protec\u021bia naturii trebuie s\u0103 fie prioritare \u00een orice decizie administrativ\u0103. \u00cen acest context, organiza\u021biile civice \u00ee\u0219i exprim\u0103 \u00eencrederea c\u0103 Ministerul Mediului va cerceta baza legal\u0103 pentru \u00eencheierea contractului dintre Romsilva\/ Direc\u021bia Silvic\u0103 Ilfov \u0219i Federa\u021bia Greenfield \u0219i va proteja P\u0103durea B\u0103neasa, respect\u00e2nd principiul interesului public\u201d, este precizat \u00een document.<\/p>\n\n\n\n<p>Printre ONG-urile semnatare se num\u0103r\u0103: <\/p>\n\n\n\n<ul class=\"wp-block-list\">\n<li>Dan Trifu, Funda\u021bia ECO-CIVICA<\/li>\n\n\n\n<li>Dan B\u0103rbulescu, Asocia\u021bia Parcul Natural V\u0103c\u0103re\u0219ti<\/li>\n\n\n\n<li>Daniel S\u0103rdan, Grupul de ini\u021biativ\u0103 civic\u0103 \u201dSalva\u021bi Codrii Vl\u0103siei\u201d\/Centura Verde<\/li>\n\n\n\n<li>Alex G\u0103van, Platforma Civic\u0103 \u00cempreun\u0103 pentru Centura Verde<\/li>\n\n\n\n<li>Florin Stoican, Re\u021beaua pentru Natur\u0103 Urban\u0103\/Centura Verde<\/li>\n\n\n\n<li>Ciprian G\u0103lu\u0219c\u0103, Greenpeace Rom\u00e2nia<\/li>\n\n\n\n<li>Alina Kasprovschi, Funda\u021bia Comunitar\u0103 Bucure\u0219ti &#8211; Platforma de mediu pentru Bucure\u0219ti<\/li>\n\n\n\n<li>Lucian Almarii, Asocia\u021bia Sport la Orice V\u00e2rst\u0103<\/li>\n\n\n\n<li>Oana Turturica, Asocia\u021bia Hai cu Bicla<\/li>\n\n\n\n<li>Elena Tudorache, Initia\u021biva Civic\u0103 Bucure\u0219tii Noi<\/li>\n\n\n\n<li>Alex Opri\u021ba, Grupul de Ini\u021biativ\u0103 Civic\u0103 Ci\u0219migiu<\/li>\n\n\n\n<li>Ionut Maftei, Asociatia Popasuri<\/li>\n<\/ul>\n","protected":false},"excerpt":{"rendered":"<p>30 de organiza\u021bii \u0219i grupuri civice au lansat un apel prin care se opun deschiderii unui drum forestier prin P\u0103durea B\u0103neasa, care ar urma s\u0103 fie folosit de locuitorii cartierului Greenfield. Deschiderea circula\u021biei auto prin p\u0103dure va avea consecin\u021be grave asupra celei mai mari zone naturale a Bucure\u0219tiului. Riscul de fragmentare a p\u0103durii persist\u0103, \u00een [&hellip;]<\/p>\n","protected":false},"author":60,"featured_media":122452,"comment_status":"closed","ping_status":"open","sticky":false,"template":"","format":"standard","meta":{"_acf_changed":false,"inline_featured_image":false,"ngg_post_thumbnail":0,"footnotes":""},"categories":[6994,5762,109],"tags":[11542,12116,11583,10898,10896,308],"ppma_author":[22582],"class_list":["post-122450","post","type-post","status-publish","format-standard","has-post-thumbnail","hentry","category-stiri-2","category-main","category-mediu","tag-cai-acces-greenfield","tag-cartier-greenfield","tag-drum-greenfield","tag-drum-temporar-prin-padure-greenfield","tag-greenfield-scandal-drum-acces","tag-sector-1"],"acf":[],"yoast_head":"<!-- This site is optimized with the Yoast SEO Premium plugin v25.3 (Yoast SEO v27.5) - https:\/\/yoast.com\/product\/yoast-seo-premium-wordpress\/ -->\n<title>F\u0103r\u0103 drum prin P\u0103durea B\u0103neasa. 30 de organiza\u021bii \u0219i grupuri civice au lansat un apel \u00eempotriva solu\u021biei g\u0103site pentru Greenfield - Buletin de Bucure\u0219ti<\/title>\n<meta name=\"description\" content=\"30 de organiza\u021bii \u0219i grupuri civice au lansat un apel prin care se opun deschiderii unui drum forestier prin P\u0103durea B\u0103neasa.\" \/>\n<meta name=\"robots\" content=\"index, follow, max-snippet:-1, max-image-preview:large, max-video-preview:-1\" \/>\n<link rel=\"canonical\" href=\"https:\/\/buletin.de\/bucuresti\/fara-drum-prin-padurea-baneasa-30-de-organizatii-si-grupuri-civice-au-lansat-un-apel-impotriva-solutiei-gasite-pentru-greenfield\/\" \/>\n<meta property=\"og:locale\" content=\"en_GB\" \/>\n<meta property=\"og:type\" content=\"article\" \/>\n<meta property=\"og:title\" content=\"F\u0103r\u0103 drum prin P\u0103durea B\u0103neasa. 30 de organiza\u021bii \u0219i grupuri civice au lansat un apel \u00eempotriva solu\u021biei g\u0103site pentru Greenfield\" \/>\n<meta property=\"og:description\" content=\"30 de organiza\u021bii \u0219i grupuri civice au lansat un apel prin care se opun deschiderii unui drum forestier prin P\u0103durea B\u0103neasa.\" \/>\n<meta property=\"og:url\" content=\"https:\/\/buletin.de\/bucuresti\/fara-drum-prin-padurea-baneasa-30-de-organizatii-si-grupuri-civice-au-lansat-un-apel-impotriva-solutiei-gasite-pentru-greenfield\/\" \/>\n<meta property=\"og:site_name\" content=\"Buletin de Bucure\u0219ti\" \/>\n<meta property=\"article:publisher\" content=\"https:\/\/www.facebook.com\/buletin.de.buc\" \/>\n<meta property=\"article:published_time\" content=\"2025-03-13T11:37:34+00:00\" \/>\n<meta property=\"article:modified_time\" content=\"2025-03-13T13:03:43+00:00\" \/>\n<meta property=\"og:image\" content=\"https:\/\/buletin.de\/bucuresti\/wp-content\/uploads\/2025\/03\/drumpadureabaneasa_-Denisa-Antonescu-ANPV.jpg.jpg\" \/>\n\t<meta property=\"og:image:width\" content=\"1200\" \/>\n\t<meta property=\"og:image:height\" content=\"900\" \/>\n\t<meta property=\"og:image:type\" content=\"image\/jpeg\" \/>\n<meta name=\"author\" content=\"R\u0103zvan Chiru\u021b\u0103\" \/>\n<meta name=\"twitter:card\" content=\"summary_large_image\" \/>\n<meta name=\"twitter:label1\" content=\"Written by\" \/>\n\t<meta name=\"twitter:data1\" content=\"R\u0103zvan Chiru\u021b\u0103\" \/>\n\t<meta name=\"twitter:label2\" content=\"Estimated reading time\" \/>\n\t<meta name=\"twitter:data2\" content=\"4 minutes\" \/>\n<script type=\"application\/ld+json\" class=\"yoast-schema-graph\">{\"@context\":\"https:\\\/\\\/schema.org\",\"@graph\":[{\"@type\":\"Article\",\"@id\":\"https:\\\/\\\/buletin.de\\\/bucuresti\\\/fara-drum-prin-padurea-baneasa-30-de-organizatii-si-grupuri-civice-au-lansat-un-apel-impotriva-solutiei-gasite-pentru-greenfield\\\/#article\",\"isPartOf\":{\"@id\":\"https:\\\/\\\/buletin.de\\\/bucuresti\\\/fara-drum-prin-padurea-baneasa-30-de-organizatii-si-grupuri-civice-au-lansat-un-apel-impotriva-solutiei-gasite-pentru-greenfield\\\/\"},\"author\":{\"name\":\"R\u0103zvan Chiru\u021b\u0103\",\"@id\":\"https:\\\/\\\/buletin.de\\\/bucuresti\\\/#\\\/schema\\\/person\\\/a76df728dfc913795a9d90e346b253bb\"},\"headline\":\"F\u0103r\u0103 drum prin P\u0103durea B\u0103neasa. 30 de organiza\u021bii \u0219i grupuri civice au lansat un apel \u00eempotriva solu\u021biei g\u0103site pentru Greenfield\",\"datePublished\":\"2025-03-13T11:37:34+00:00\",\"dateModified\":\"2025-03-13T13:03:43+00:00\",\"mainEntityOfPage\":{\"@id\":\"https:\\\/\\\/buletin.de\\\/bucuresti\\\/fara-drum-prin-padurea-baneasa-30-de-organizatii-si-grupuri-civice-au-lansat-un-apel-impotriva-solutiei-gasite-pentru-greenfield\\\/\"},\"wordCount\":940,\"publisher\":{\"@id\":\"https:\\\/\\\/buletin.de\\\/bucuresti\\\/#organization\"},\"image\":{\"@id\":\"https:\\\/\\\/buletin.de\\\/bucuresti\\\/fara-drum-prin-padurea-baneasa-30-de-organizatii-si-grupuri-civice-au-lansat-un-apel-impotriva-solutiei-gasite-pentru-greenfield\\\/#primaryimage\"},\"thumbnailUrl\":\"https:\\\/\\\/buletin.de\\\/bucuresti\\\/wp-content\\\/uploads\\\/2025\\\/03\\\/drumpadureabaneasa_-Denisa-Antonescu-ANPV.jpg.jpg\",\"keywords\":[\"cai acces greenfield\",\"Cartier Greenfield\",\"drum greenfield\",\"drum temporar prin padure greenfield\",\"greenfield scandal drum acces\",\"Sector 1\"],\"articleSection\":[\"Articole\",\"Main\",\"Mediu\"],\"inLanguage\":\"en-GB\",\"copyrightYear\":\"2025\",\"copyrightHolder\":{\"@id\":\"https:\\\/\\\/buletin.de\\\/bucuresti\\\/#organization\"}},{\"@type\":\"WebPage\",\"@id\":\"https:\\\/\\\/buletin.de\\\/bucuresti\\\/fara-drum-prin-padurea-baneasa-30-de-organizatii-si-grupuri-civice-au-lansat-un-apel-impotriva-solutiei-gasite-pentru-greenfield\\\/\",\"url\":\"https:\\\/\\\/buletin.de\\\/bucuresti\\\/fara-drum-prin-padurea-baneasa-30-de-organizatii-si-grupuri-civice-au-lansat-un-apel-impotriva-solutiei-gasite-pentru-greenfield\\\/\",\"name\":\"F\u0103r\u0103 drum prin P\u0103durea B\u0103neasa. 30 de organiza\u021bii \u0219i grupuri civice au lansat un apel \u00eempotriva solu\u021biei g\u0103site pentru Greenfield - Buletin de Bucure\u0219ti\",\"isPartOf\":{\"@id\":\"https:\\\/\\\/buletin.de\\\/bucuresti\\\/#website\"},\"primaryImageOfPage\":{\"@id\":\"https:\\\/\\\/buletin.de\\\/bucuresti\\\/fara-drum-prin-padurea-baneasa-30-de-organizatii-si-grupuri-civice-au-lansat-un-apel-impotriva-solutiei-gasite-pentru-greenfield\\\/#primaryimage\"},\"image\":{\"@id\":\"https:\\\/\\\/buletin.de\\\/bucuresti\\\/fara-drum-prin-padurea-baneasa-30-de-organizatii-si-grupuri-civice-au-lansat-un-apel-impotriva-solutiei-gasite-pentru-greenfield\\\/#primaryimage\"},\"thumbnailUrl\":\"https:\\\/\\\/buletin.de\\\/bucuresti\\\/wp-content\\\/uploads\\\/2025\\\/03\\\/drumpadureabaneasa_-Denisa-Antonescu-ANPV.jpg.jpg\",\"datePublished\":\"2025-03-13T11:37:34+00:00\",\"dateModified\":\"2025-03-13T13:03:43+00:00\",\"description\":\"30 de organiza\u021bii \u0219i grupuri civice au lansat un apel prin care se opun deschiderii unui drum forestier prin P\u0103durea B\u0103neasa.\",\"breadcrumb\":{\"@id\":\"https:\\\/\\\/buletin.de\\\/bucuresti\\\/fara-drum-prin-padurea-baneasa-30-de-organizatii-si-grupuri-civice-au-lansat-un-apel-impotriva-solutiei-gasite-pentru-greenfield\\\/#breadcrumb\"},\"inLanguage\":\"en-GB\",\"potentialAction\":[{\"@type\":\"ReadAction\",\"target\":[\"https:\\\/\\\/buletin.de\\\/bucuresti\\\/fara-drum-prin-padurea-baneasa-30-de-organizatii-si-grupuri-civice-au-lansat-un-apel-impotriva-solutiei-gasite-pentru-greenfield\\\/\"]}]},{\"@type\":\"ImageObject\",\"inLanguage\":\"en-GB\",\"@id\":\"https:\\\/\\\/buletin.de\\\/bucuresti\\\/fara-drum-prin-padurea-baneasa-30-de-organizatii-si-grupuri-civice-au-lansat-un-apel-impotriva-solutiei-gasite-pentru-greenfield\\\/#primaryimage\",\"url\":\"https:\\\/\\\/buletin.de\\\/bucuresti\\\/wp-content\\\/uploads\\\/2025\\\/03\\\/drumpadureabaneasa_-Denisa-Antonescu-ANPV.jpg.jpg\",\"contentUrl\":\"https:\\\/\\\/buletin.de\\\/bucuresti\\\/wp-content\\\/uploads\\\/2025\\\/03\\\/drumpadureabaneasa_-Denisa-Antonescu-ANPV.jpg.jpg\",\"width\":1200,\"height\":900,\"caption\":\"Noul drum prin P\u0103durea B\u0103neasa. Foto: Denisa Antonescu\"},{\"@type\":\"BreadcrumbList\",\"@id\":\"https:\\\/\\\/buletin.de\\\/bucuresti\\\/fara-drum-prin-padurea-baneasa-30-de-organizatii-si-grupuri-civice-au-lansat-un-apel-impotriva-solutiei-gasite-pentru-greenfield\\\/#breadcrumb\",\"itemListElement\":[{\"@type\":\"ListItem\",\"position\":1,\"name\":\"Acas\u0103\",\"item\":\"https:\\\/\\\/buletin.de\\\/bucuresti\\\/\"},{\"@type\":\"ListItem\",\"position\":2,\"name\":\"F\u0103r\u0103 drum prin P\u0103durea B\u0103neasa. 30 de organiza\u021bii \u0219i grupuri civice au lansat un apel \u00eempotriva solu\u021biei g\u0103site pentru Greenfield\"}]},{\"@type\":\"WebSite\",\"@id\":\"https:\\\/\\\/buletin.de\\\/bucuresti\\\/#website\",\"url\":\"https:\\\/\\\/buletin.de\\\/bucuresti\\\/\",\"name\":\"Buletin de Bucure\u0219ti\",\"description\":\"\u0218tiri \u0219i investiga\u021bii esen\u021biale din capital\u0103\",\"publisher\":{\"@id\":\"https:\\\/\\\/buletin.de\\\/bucuresti\\\/#organization\"},\"potentialAction\":[{\"@type\":\"SearchAction\",\"target\":{\"@type\":\"EntryPoint\",\"urlTemplate\":\"https:\\\/\\\/buletin.de\\\/bucuresti\\\/?s={search_term_string}\"},\"query-input\":{\"@type\":\"PropertyValueSpecification\",\"valueRequired\":true,\"valueName\":\"search_term_string\"}}],\"inLanguage\":\"en-GB\"},{\"@type\":\"Organization\",\"@id\":\"https:\\\/\\\/buletin.de\\\/bucuresti\\\/#organization\",\"name\":\"Buletin de Bucure\u0219ti\",\"url\":\"https:\\\/\\\/buletin.de\\\/bucuresti\\\/\",\"logo\":{\"@type\":\"ImageObject\",\"inLanguage\":\"en-GB\",\"@id\":\"https:\\\/\\\/buletin.de\\\/bucuresti\\\/#\\\/schema\\\/logo\\\/image\\\/\",\"url\":\"https:\\\/\\\/buletin.de\\\/bucuresti\\\/wp-content\\\/uploads\\\/logo-bdb-full-wide-vernil-transparent.png\",\"contentUrl\":\"https:\\\/\\\/buletin.de\\\/bucuresti\\\/wp-content\\\/uploads\\\/logo-bdb-full-wide-vernil-transparent.png\",\"width\":1782,\"height\":626,\"caption\":\"Buletin de Bucure\u0219ti\"},\"image\":{\"@id\":\"https:\\\/\\\/buletin.de\\\/bucuresti\\\/#\\\/schema\\\/logo\\\/image\\\/\"},\"sameAs\":[\"https:\\\/\\\/www.facebook.com\\\/buletin.de.buc\",\"https:\\\/\\\/www.instagram.com\\\/buletinde.bucuresti\\\/\"]},{\"@type\":\"Person\",\"@id\":\"https:\\\/\\\/buletin.de\\\/bucuresti\\\/#\\\/schema\\\/person\\\/a76df728dfc913795a9d90e346b253bb\",\"name\":\"R\u0103zvan Chiru\u021b\u0103\",\"image\":{\"@type\":\"ImageObject\",\"inLanguage\":\"en-GB\",\"@id\":\"https:\\\/\\\/buletin.de\\\/bucuresti\\\/wp-content\\\/uploads\\\/Razvan-Chiruta-96x96.jpge7143b996fd4241fbd6ee1f6b6b7b267\",\"url\":\"https:\\\/\\\/buletin.de\\\/bucuresti\\\/wp-content\\\/uploads\\\/Razvan-Chiruta-96x96.jpg\",\"contentUrl\":\"https:\\\/\\\/buletin.de\\\/bucuresti\\\/wp-content\\\/uploads\\\/Razvan-Chiruta-96x96.jpg\",\"caption\":\"R\u0103zvan Chiru\u021b\u0103\"},\"description\":\"R\u0103zvan Chiru\u021b\u0103 este redactor-\u0219ef adjunct din iulie 2024. A fost redactor-\u0219ef al PRESShub \u00eentre 2022 \u0219i iunie 2024. Anterior, a fost redactor-\u0219ef al Newsweek Rom\u00e2nia, din 2018 p\u00e2n\u0103 \u00een 2021, \u0219i al cotidianului Rom\u00e2nia liber\u0103, \u00eentre 2015 \u0219i 2017. Este absolvent de Jurnalism, \u00een cadrul Universit\u0103\u021bii \u201eAl.I.Cuza\u201d din Ia\u0219i, \u0219i a urmat un master \u00een Managementul institu\u021biilor mass-media (f\u0103r\u0103 diserta\u021bie) la Facultatea de Jurnalism \u0219i \u0218tiin\u021bele Comunic\u0103rii din cadrul Universit\u0103\u021bii din Bucure\u0219ti. \u0218i-a \u00eenceput cariera la Opinia studen\u021beasc\u0103, cunoscuta \u0219coal\u0103 de pres\u0103 din Ia\u0219i. A lucrat \u00een presa local\u0103, apoi a devenit corespondent pentru Ia\u0219i al cotidianului Evenimentul Zilei. Din 2004, a coordonat pentru \u0219ase luni sec\u021bia de coresponden\u021bi a Evenimentului Zilei. A mai lucrat la s\u0103pt\u0103m\u00e2nalul Prezent \u0219i a colaborat cu revistele Dilema Veche \u0219i Suplimentul de Cultur\u0103. Este co-autor \u00een volumele \u201eMass-media \u0219i democra\u021bia \u00een Rom\u00e2nia post-comunist\u0103\u201d (ed. a II-a), Ed. Institutul European, Ia\u0219i, 2013, \u0219i \u201eCOVID - 19. Dimensiuni ale gestionarii pandemiei\u201d, Editura Junimea, Ia\u0219i, 2020.\",\"url\":\"https:\\\/\\\/buletin.de\\\/bucuresti\\\/author\\\/razvan-chiruta\\\/\"}]}<\/script>\n<!-- \/ Yoast SEO Premium plugin. -->","yoast_head_json":{"title":"F\u0103r\u0103 drum prin P\u0103durea B\u0103neasa. 30 de organiza\u021bii \u0219i grupuri civice au lansat un apel \u00eempotriva solu\u021biei g\u0103site pentru Greenfield - Buletin de Bucure\u0219ti","description":"30 de organiza\u021bii \u0219i grupuri civice au lansat un apel prin care se opun deschiderii unui drum forestier prin P\u0103durea B\u0103neasa.","robots":{"index":"index","follow":"follow","max-snippet":"max-snippet:-1","max-image-preview":"max-image-preview:large","max-video-preview":"max-video-preview:-1"},"canonical":"https:\/\/buletin.de\/bucuresti\/fara-drum-prin-padurea-baneasa-30-de-organizatii-si-grupuri-civice-au-lansat-un-apel-impotriva-solutiei-gasite-pentru-greenfield\/","og_locale":"en_GB","og_type":"article","og_title":"F\u0103r\u0103 drum prin P\u0103durea B\u0103neasa. 30 de organiza\u021bii \u0219i grupuri civice au lansat un apel \u00eempotriva solu\u021biei g\u0103site pentru Greenfield","og_description":"30 de organiza\u021bii \u0219i grupuri civice au lansat un apel prin care se opun deschiderii unui drum forestier prin P\u0103durea B\u0103neasa.","og_url":"https:\/\/buletin.de\/bucuresti\/fara-drum-prin-padurea-baneasa-30-de-organizatii-si-grupuri-civice-au-lansat-un-apel-impotriva-solutiei-gasite-pentru-greenfield\/","og_site_name":"Buletin de Bucure\u0219ti","article_publisher":"https:\/\/www.facebook.com\/buletin.de.buc","article_published_time":"2025-03-13T11:37:34+00:00","article_modified_time":"2025-03-13T13:03:43+00:00","og_image":[{"width":1200,"height":900,"url":"https:\/\/buletin.de\/bucuresti\/wp-content\/uploads\/2025\/03\/drumpadureabaneasa_-Denisa-Antonescu-ANPV.jpg.jpg","type":"image\/jpeg"}],"author":"R\u0103zvan Chiru\u021b\u0103","twitter_card":"summary_large_image","twitter_misc":{"Written by":"R\u0103zvan Chiru\u021b\u0103","Estimated reading time":"4 minutes"},"schema":{"@context":"https:\/\/schema.org","@graph":[{"@type":"Article","@id":"https:\/\/buletin.de\/bucuresti\/fara-drum-prin-padurea-baneasa-30-de-organizatii-si-grupuri-civice-au-lansat-un-apel-impotriva-solutiei-gasite-pentru-greenfield\/#article","isPartOf":{"@id":"https:\/\/buletin.de\/bucuresti\/fara-drum-prin-padurea-baneasa-30-de-organizatii-si-grupuri-civice-au-lansat-un-apel-impotriva-solutiei-gasite-pentru-greenfield\/"},"author":{"name":"R\u0103zvan Chiru\u021b\u0103","@id":"https:\/\/buletin.de\/bucuresti\/#\/schema\/person\/a76df728dfc913795a9d90e346b253bb"},"headline":"F\u0103r\u0103 drum prin P\u0103durea B\u0103neasa. 30 de organiza\u021bii \u0219i grupuri civice au lansat un apel \u00eempotriva solu\u021biei g\u0103site pentru Greenfield","datePublished":"2025-03-13T11:37:34+00:00","dateModified":"2025-03-13T13:03:43+00:00","mainEntityOfPage":{"@id":"https:\/\/buletin.de\/bucuresti\/fara-drum-prin-padurea-baneasa-30-de-organizatii-si-grupuri-civice-au-lansat-un-apel-impotriva-solutiei-gasite-pentru-greenfield\/"},"wordCount":940,"publisher":{"@id":"https:\/\/buletin.de\/bucuresti\/#organization"},"image":{"@id":"https:\/\/buletin.de\/bucuresti\/fara-drum-prin-padurea-baneasa-30-de-organizatii-si-grupuri-civice-au-lansat-un-apel-impotriva-solutiei-gasite-pentru-greenfield\/#primaryimage"},"thumbnailUrl":"https:\/\/buletin.de\/bucuresti\/wp-content\/uploads\/2025\/03\/drumpadureabaneasa_-Denisa-Antonescu-ANPV.jpg.jpg","keywords":["cai acces greenfield","Cartier Greenfield","drum greenfield","drum temporar prin padure greenfield","greenfield scandal drum acces","Sector 1"],"articleSection":["Articole","Main","Mediu"],"inLanguage":"en-GB","copyrightYear":"2025","copyrightHolder":{"@id":"https:\/\/buletin.de\/bucuresti\/#organization"}},{"@type":"WebPage","@id":"https:\/\/buletin.de\/bucuresti\/fara-drum-prin-padurea-baneasa-30-de-organizatii-si-grupuri-civice-au-lansat-un-apel-impotriva-solutiei-gasite-pentru-greenfield\/","url":"https:\/\/buletin.de\/bucuresti\/fara-drum-prin-padurea-baneasa-30-de-organizatii-si-grupuri-civice-au-lansat-un-apel-impotriva-solutiei-gasite-pentru-greenfield\/","name":"F\u0103r\u0103 drum prin P\u0103durea B\u0103neasa. 30 de organiza\u021bii \u0219i grupuri civice au lansat un apel \u00eempotriva solu\u021biei g\u0103site pentru Greenfield - Buletin de Bucure\u0219ti","isPartOf":{"@id":"https:\/\/buletin.de\/bucuresti\/#website"},"primaryImageOfPage":{"@id":"https:\/\/buletin.de\/bucuresti\/fara-drum-prin-padurea-baneasa-30-de-organizatii-si-grupuri-civice-au-lansat-un-apel-impotriva-solutiei-gasite-pentru-greenfield\/#primaryimage"},"image":{"@id":"https:\/\/buletin.de\/bucuresti\/fara-drum-prin-padurea-baneasa-30-de-organizatii-si-grupuri-civice-au-lansat-un-apel-impotriva-solutiei-gasite-pentru-greenfield\/#primaryimage"},"thumbnailUrl":"https:\/\/buletin.de\/bucuresti\/wp-content\/uploads\/2025\/03\/drumpadureabaneasa_-Denisa-Antonescu-ANPV.jpg.jpg","datePublished":"2025-03-13T11:37:34+00:00","dateModified":"2025-03-13T13:03:43+00:00","description":"30 de organiza\u021bii \u0219i grupuri civice au lansat un apel prin care se opun deschiderii unui drum forestier prin P\u0103durea B\u0103neasa.","breadcrumb":{"@id":"https:\/\/buletin.de\/bucuresti\/fara-drum-prin-padurea-baneasa-30-de-organizatii-si-grupuri-civice-au-lansat-un-apel-impotriva-solutiei-gasite-pentru-greenfield\/#breadcrumb"},"inLanguage":"en-GB","potentialAction":[{"@type":"ReadAction","target":["https:\/\/buletin.de\/bucuresti\/fara-drum-prin-padurea-baneasa-30-de-organizatii-si-grupuri-civice-au-lansat-un-apel-impotriva-solutiei-gasite-pentru-greenfield\/"]}]},{"@type":"ImageObject","inLanguage":"en-GB","@id":"https:\/\/buletin.de\/bucuresti\/fara-drum-prin-padurea-baneasa-30-de-organizatii-si-grupuri-civice-au-lansat-un-apel-impotriva-solutiei-gasite-pentru-greenfield\/#primaryimage","url":"https:\/\/buletin.de\/bucuresti\/wp-content\/uploads\/2025\/03\/drumpadureabaneasa_-Denisa-Antonescu-ANPV.jpg.jpg","contentUrl":"https:\/\/buletin.de\/bucuresti\/wp-content\/uploads\/2025\/03\/drumpadureabaneasa_-Denisa-Antonescu-ANPV.jpg.jpg","width":1200,"height":900,"caption":"Noul drum prin P\u0103durea B\u0103neasa. Foto: Denisa Antonescu"},{"@type":"BreadcrumbList","@id":"https:\/\/buletin.de\/bucuresti\/fara-drum-prin-padurea-baneasa-30-de-organizatii-si-grupuri-civice-au-lansat-un-apel-impotriva-solutiei-gasite-pentru-greenfield\/#breadcrumb","itemListElement":[{"@type":"ListItem","position":1,"name":"Acas\u0103","item":"https:\/\/buletin.de\/bucuresti\/"},{"@type":"ListItem","position":2,"name":"F\u0103r\u0103 drum prin P\u0103durea B\u0103neasa. 30 de organiza\u021bii \u0219i grupuri civice au lansat un apel \u00eempotriva solu\u021biei g\u0103site pentru Greenfield"}]},{"@type":"WebSite","@id":"https:\/\/buletin.de\/bucuresti\/#website","url":"https:\/\/buletin.de\/bucuresti\/","name":"Buletin de Bucure\u0219ti","description":"\u0218tiri \u0219i investiga\u021bii esen\u021biale din capital\u0103","publisher":{"@id":"https:\/\/buletin.de\/bucuresti\/#organization"},"potentialAction":[{"@type":"SearchAction","target":{"@type":"EntryPoint","urlTemplate":"https:\/\/buletin.de\/bucuresti\/?s={search_term_string}"},"query-input":{"@type":"PropertyValueSpecification","valueRequired":true,"valueName":"search_term_string"}}],"inLanguage":"en-GB"},{"@type":"Organization","@id":"https:\/\/buletin.de\/bucuresti\/#organization","name":"Buletin de Bucure\u0219ti","url":"https:\/\/buletin.de\/bucuresti\/","logo":{"@type":"ImageObject","inLanguage":"en-GB","@id":"https:\/\/buletin.de\/bucuresti\/#\/schema\/logo\/image\/","url":"https:\/\/buletin.de\/bucuresti\/wp-content\/uploads\/logo-bdb-full-wide-vernil-transparent.png","contentUrl":"https:\/\/buletin.de\/bucuresti\/wp-content\/uploads\/logo-bdb-full-wide-vernil-transparent.png","width":1782,"height":626,"caption":"Buletin de Bucure\u0219ti"},"image":{"@id":"https:\/\/buletin.de\/bucuresti\/#\/schema\/logo\/image\/"},"sameAs":["https:\/\/www.facebook.com\/buletin.de.buc","https:\/\/www.instagram.com\/buletinde.bucuresti\/"]},{"@type":"Person","@id":"https:\/\/buletin.de\/bucuresti\/#\/schema\/person\/a76df728dfc913795a9d90e346b253bb","name":"R\u0103zvan Chiru\u021b\u0103","image":{"@type":"ImageObject","inLanguage":"en-GB","@id":"https:\/\/buletin.de\/bucuresti\/wp-content\/uploads\/Razvan-Chiruta-96x96.jpge7143b996fd4241fbd6ee1f6b6b7b267","url":"https:\/\/buletin.de\/bucuresti\/wp-content\/uploads\/Razvan-Chiruta-96x96.jpg","contentUrl":"https:\/\/buletin.de\/bucuresti\/wp-content\/uploads\/Razvan-Chiruta-96x96.jpg","caption":"R\u0103zvan Chiru\u021b\u0103"},"description":"R\u0103zvan Chiru\u021b\u0103 este redactor-\u0219ef adjunct din iulie 2024. A fost redactor-\u0219ef al PRESShub \u00eentre 2022 \u0219i iunie 2024. Anterior, a fost redactor-\u0219ef al Newsweek Rom\u00e2nia, din 2018 p\u00e2n\u0103 \u00een 2021, \u0219i al cotidianului Rom\u00e2nia liber\u0103, \u00eentre 2015 \u0219i 2017. Este absolvent de Jurnalism, \u00een cadrul Universit\u0103\u021bii \u201eAl.I.Cuza\u201d din Ia\u0219i, \u0219i a urmat un master \u00een Managementul institu\u021biilor mass-media (f\u0103r\u0103 diserta\u021bie) la Facultatea de Jurnalism \u0219i \u0218tiin\u021bele Comunic\u0103rii din cadrul Universit\u0103\u021bii din Bucure\u0219ti. \u0218i-a \u00eenceput cariera la Opinia studen\u021beasc\u0103, cunoscuta \u0219coal\u0103 de pres\u0103 din Ia\u0219i. A lucrat \u00een presa local\u0103, apoi a devenit corespondent pentru Ia\u0219i al cotidianului Evenimentul Zilei. Din 2004, a coordonat pentru \u0219ase luni sec\u021bia de coresponden\u021bi a Evenimentului Zilei. A mai lucrat la s\u0103pt\u0103m\u00e2nalul Prezent \u0219i a colaborat cu revistele Dilema Veche \u0219i Suplimentul de Cultur\u0103. Este co-autor \u00een volumele \u201eMass-media \u0219i democra\u021bia \u00een Rom\u00e2nia post-comunist\u0103\u201d (ed. a II-a), Ed. Institutul European, Ia\u0219i, 2013, \u0219i \u201eCOVID - 19. Dimensiuni ale gestionarii pandemiei\u201d, Editura Junimea, Ia\u0219i, 2020.","url":"https:\/\/buletin.de\/bucuresti\/author\/razvan-chiruta\/"}]}},"authors":[{"term_id":22582,"user_id":60,"is_guest":0,"slug":"razvan-chiruta","display_name":"R\u0103zvan Chiru\u021b\u0103","avatar_url":"https:\/\/buletin.de\/bucuresti\/wp-content\/uploads\/Razvan-Chiruta-96x96.jpg","0":null,"1":"","2":"","3":"","4":"","5":"","6":"","7":"","8":""}],"_links":{"self":[{"href":"https:\/\/buletin.de\/bucuresti\/wp-json\/wp\/v2\/posts\/122450","targetHints":{"allow":["GET"]}}],"collection":[{"href":"https:\/\/buletin.de\/bucuresti\/wp-json\/wp\/v2\/posts"}],"about":[{"href":"https:\/\/buletin.de\/bucuresti\/wp-json\/wp\/v2\/types\/post"}],"author":[{"embeddable":true,"href":"https:\/\/buletin.de\/bucuresti\/wp-json\/wp\/v2\/users\/60"}],"replies":[{"embeddable":true,"href":"https:\/\/buletin.de\/bucuresti\/wp-json\/wp\/v2\/comments?post=122450"}],"version-history":[{"count":4,"href":"https:\/\/buletin.de\/bucuresti\/wp-json\/wp\/v2\/posts\/122450\/revisions"}],"predecessor-version":[{"id":122459,"href":"https:\/\/buletin.de\/bucuresti\/wp-json\/wp\/v2\/posts\/122450\/revisions\/122459"}],"wp:featuredmedia":[{"embeddable":true,"href":"https:\/\/buletin.de\/bucuresti\/wp-json\/wp\/v2\/media\/122452"}],"wp:attachment":[{"href":"https:\/\/buletin.de\/bucuresti\/wp-json\/wp\/v2\/media?parent=122450"}],"wp:term":[{"taxonomy":"category","embeddable":true,"href":"https:\/\/buletin.de\/bucuresti\/wp-json\/wp\/v2\/categories?post=122450"},{"taxonomy":"post_tag","embeddable":true,"href":"https:\/\/buletin.de\/bucuresti\/wp-json\/wp\/v2\/tags?post=122450"},{"taxonomy":"author","embeddable":true,"href":"https:\/\/buletin.de\/bucuresti\/wp-json\/wp\/v2\/ppma_author?post=122450"}],"curies":[{"name":"wp","href":"https:\/\/api.w.org\/{rel}","templated":true}]}}