{"id":122337,"date":"2025-03-12T15:30:34","date_gmt":"2025-03-12T12:30:34","guid":{"rendered":"https:\/\/buletin.de\/bucuresti\/?p=122337"},"modified":"2025-03-12T16:52:47","modified_gmt":"2025-03-12T13:52:47","slug":"petexpo-targul-animalelor-de-companie","status":"publish","type":"post","link":"https:\/\/buletin.de\/bucuresti\/petexpo-targul-animalelor-de-companie\/","title":{"rendered":"PetExpo, t\u00e2rgul animalelor de companie, \u00een weekend, la ROMEXPO"},"content":{"rendered":"\n<p><strong>PetExpo, cel mai mare t\u00e2rg din Rom\u00e2nia dedicat animalelor de companie, \u00ee\u0219i deschide por\u021bile pentru vizitatori, s\u00e2mb\u0103t\u0103 22 martie, \u00eencep\u00e2nd cu ora 10:00, \u00een cadrul ROMEXPO, Pavilion Central. Evenimentul a ajuns la edi\u021bia cu num\u0103rul 14.<\/strong><\/p>\n\n\n\n<p>Ce pot g\u0103si vizitatorii la <strong>PetExpo<\/strong><\/p>\n\n\n\n<ul class=\"wp-block-list\">\n<li>C\u0103su\u021be inteligente pentru c\u00e2ini \u0219i pisici dotate cu sistem de climatizare, supraveghere audio-video, automate de hran\u0103 \u0219i ap\u0103 \u00eenc\u0103lzite, controlabile de pe telefon;<\/li>\n\n\n\n<li>Lans\u0103ri de dispozitive inteligente pentru hr\u0103nirea \u0219i \u00eengrijirea anim\u0103lu\u021belor, de ultim\u0103 genera\u021bie, controlabile de pe telefon;<\/li>\n\n\n\n<li>Cabina foto cu inteligen\u021b\u0103 artificial\u0103 care va transforma pe loc anim\u0103lu\u021bele \u00een Supereroi;<\/li>\n\n\n\n<li>Sp\u0103l\u0103torie self wash gratuit\u0103 pentru c\u0103\u021bei &#8211; echipament 100% rom\u00e2nesc;<\/li>\n\n\n\n<li>Pensiuni, piscine \u0219i vacan\u021be pentru patrupede;&nbsp;<\/li>\n\n\n\n<li>Joy, c\u0103\u021belu\u0219a metis care c\u0103l\u0103tore\u0219te \u00een jurul lumii, va fi la PetExpo \u00een ambele zile de eveniment.&nbsp;<\/li>\n\n\n\n<li>Solu\u021bii de \u00eenfrumuse\u021bare pentru animale;<\/li>\n\n\n\n<li>Nout\u0103\u021bi pe pia\u021ba din Rom\u00e2nia \u00een materie de transport al anim\u0103lu\u021belor;&nbsp;<\/li>\n\n\n\n<li>Zon\u0103 dedicat\u0103 ONG-urilor, \u00eempreun\u0103 cu ASPA \u0219i Protec\u021bia Animalelor Sector 1;<\/li>\n\n\n\n<li>Sfaturi veterinare, \u0219edin\u021be foto profesionale \u0219i toalet\u0103ri, toate GRATUITE pe perioada expozi\u021biei.<\/li>\n<\/ul>\n\n\n\n<p><strong>CITE\u0218TE \u0218I:<\/strong> <a href=\"https:\/\/buletin.de\/bucuresti\/nou-cod-galben-de-vant-in-capitala\/\">METEO | Nou cod galben de v\u00e2nt \u00een Capital\u0103. Temperaturile se p\u0103streaz\u0103 crescute<\/a><\/p>\n\n\n\n<div class=\"wp-block-buttons is-content-justification-center is-layout-flex wp-container-core-buttons-is-layout-16018d1d wp-block-buttons-is-layout-flex\">\n<div class=\"wp-block-button has-custom-width wp-block-button__width-100\"><a class=\"wp-block-button__link wp-element-button\" href=\"https:\/\/www.patreon.com\/BuletinDeBucuresti\"><strong>Sus\u021bine Buletin de Bucure\u0219ti pentru investiga\u021bii, reportaje \u0219i \u0219tiri Locale<\/strong><\/a><\/div>\n<\/div>\n\n\n\n<p>Evenimentele din weekend includ:<\/p>\n\n\n\n<p><strong>S\u00e2mb\u0103t\u0103<\/strong><\/p>\n\n\n\n<ul class=\"wp-block-list\">\n<li>ora 11:00, <strong>Parada C\u0103\u021beilor Veseli<\/strong>&nbsp;\u2013 peste 50 exemplare canine de diverse rase, v\u00e2rste \u0219i dimensiuni.<br>ora 12:00, &nbsp;<strong>Educa\u021bie Veterinar\u0103 cu dr. Andreea Guda<\/strong>;<\/li>\n\n\n\n<li>ora 12:30, <strong>Prezentarea c\u0103\u021beilor spre adop\u021bie de la ASPA, Protec\u021bia Animalelor \u0219i Naturii Sector 1<\/strong>&nbsp;\u0219i alte asocia\u021bii pentru protec\u021bia animalelor;<\/li>\n\n\n\n<li>ora 13:00, <strong>Fresh Scissors \u2013 News Talents &amp; Styles<\/strong>, competi\u021bie de pet grooming cu juriu interna\u021bional;<\/li>\n\n\n\n<li>ora 16:00, <strong>Caniche sau Poodle?<\/strong>&nbsp;\u2013 prezentare cu peste 20 exemplare din rasa Poodle.<\/li>\n<\/ul>\n\n\n\n<p><strong>Duminic\u0103<\/strong><\/p>\n\n\n\n<ul class=\"wp-block-list\">\n<li>ora 11:00, <strong>Parada Raselor Rom\u00e2ne\u0219ti<\/strong>&nbsp;\u2013 singurele patru rase rom\u00e2ne\u0219ti recunoscute interna\u021bional: Ciob\u0103ne\u0219tii (Carpatin, Mioritic, de Bucovina \u0219i Corb);<\/li>\n\n\n\n<li>ora 13:00, &nbsp;<strong>Oh, My Cat!<\/strong>&nbsp;\u2013 prezentare de rase feline, inclusiv campioane interna\u021bionale;<\/li>\n\n\n\n<li>ora 14:00, <strong>Dog Fashion Show<\/strong>&nbsp;\u2013 prezentare de mod\u0103 canin\u0103;<\/li>\n\n\n\n<li>ora 15:00, <strong>Demonstra\u021bie de dresaj de agilitate \u0219i paz\u0103<\/strong>.<\/li>\n<\/ul>\n\n\n\n<p><strong>CITE\u0218TE \u0218I: <a href=\"https:\/\/buletin.de\/bucuresti\/minori-supusi-la-munca-fortata\/\">DIICOT | Minori supu\u0219i la munc\u0103 for\u021bat\u0103 \u00een Bucure\u0219ti, Ilfov \u0219i Prahova. Trei persoane re\u021binute<\/a><\/strong><\/p>\n\n\n\n<h2 class=\"wp-block-heading\" id=\"h-targ-de-adop\u021bii-de-ca\u021bei-la-final-de-martie\">T\u00e2rg de adop\u021bii de c\u0103\u021bei, la final de martie<\/h2>\n\n\n\n<p><strong>ASPA organizeaz\u0103 un nou t\u00e2rg de adop\u021bii de c\u0103\u021bei<\/strong>&nbsp;<strong>\u00een cadrul<\/strong> <strong>PetExpo<\/strong>, <strong>s\u00e2mb\u0103t\u0103 22 \u0219i duminic\u0103 23 martie, \u00een Pavilionul Central al Romexpo, la standul 15B. Zece c\u0103\u021bei vor fi adu\u015fi, pentru adop\u021bie, \u00een cele dou\u0103 zile.<\/strong><\/p>\n\n\n\n<p>C\u0103\u021beii, prezenta\u021bi la urm\u0103torul t\u00e2rg de adop\u021bii<strong>&nbsp;<\/strong>de c\u0103\u021bei au toate formele legale \u00eendeplinite.<\/p>\n\n\n\n<p>Voluntarii ASPA \u0219i voluntarii&nbsp;<a href=\"https:\/\/www.facebook.com\/proeduspmb?__cft__[0]=AZWXmNKnjqyUYcVrtHsibllfDpEl04rdn9WblxR6qcsQDt8w6ZFeU_UonKK75hEHEkBSYY8FL4Wdad8L70eMNzbhWH0uBpgHGGONZQxA8R_Ye67Wx8qdFTiK7NGE6N7Ra2lMvWTqgbmH9A3HUe8GI_2xnXfU7f_YGG4CRkjqT6DyswE9Cm_yhtWNunG_LTYjR-E&amp;__tn__=-]K-R\">PROEDUS<\/a>&nbsp;vor fi \u0219i ei preg\u0103ti\u021bi cu toate informa\u021biile iar sponsorii campaniei, au preg\u0103tit o mul\u021bime de cadouri adoptatorilor:<\/p>\n\n\n\n<ul class=\"wp-block-list\">\n<li>pachete care con\u021bin hran\u0103 uscat\u0103 \u0219i umed\u0103, juc\u0103rie \u0219i castron;<\/li>\n\n\n\n<li>recompense;<\/li>\n\n\n\n<li>medalioane inteligente cu cod QR;<\/li>\n\n\n\n<li>un sac de 7,5 kg sau 12,5 kg cu hran\u0103 uscat\u0103 OptiLife.<\/li>\n<\/ul>\n\n\n\n<p>T\u00e2rgul de adop\u021bii de c\u0103\u021bei se desf\u0103\u0219oar\u0103 dup\u0103 urm\u0103torul program:<\/p>\n\n\n\n<p>S\u00e2mbat\u0103 (22.03.2025) 10:00 \u2013 19:00;<\/p>\n\n\n\n<p>Duminic\u0103 (23.03.2025) 10:00 \u2013 18:00.<\/p>\n\n\n\n<p><strong>T\u00e2rg de adop\u021bii de c\u0103\u021bei<\/strong>. Biletele cost\u0103 20 de lei pentru adul\u021bi, 10 lei pentru elevi, pensionari \u0219i studen\u021bi p\u00e2n\u0103 \u00een 23 ani. Intr\u0103 gratuit medicii veterinari \u0219i studen\u021bii la Medicin\u0103 Veterinar\u0103.<\/p>\n\n\n\n<p><strong>CITE\u0218TE \u0218I:<\/strong> <a href=\"https:\/\/buletin.de\/bucuresti\/lucrarile-la-blocul-de-locuinte-sociale-din-prelungirea-ghencea-inca-blocate-este-necesar-un-nou-proiect-tehnic\/\">Lucr\u0103rile la blocul de locuin\u021be sociale din Prelungirea Ghencea, \u00eenc\u0103 blocate: \u201eEste necesar un nou proiect tehnic\u201d<\/a><\/p>\n\n\n\n<p><\/p>\n","protected":false},"excerpt":{"rendered":"<p>PetExpo, cel mai mare t\u00e2rg din Rom\u00e2nia dedicat animalelor de companie, \u00ee\u0219i deschide por\u021bile pentru vizitatori, s\u00e2mb\u0103t\u0103 22 martie, \u00eencep\u00e2nd cu ora 10:00, \u00een cadrul ROMEXPO, Pavilion Central. Evenimentul a ajuns la edi\u021bia cu num\u0103rul 14. Ce pot g\u0103si vizitatorii la PetExpo CITE\u0218TE \u0218I: METEO | Nou cod galben de v\u00e2nt \u00een Capital\u0103. Temperaturile se [&hellip;]<\/p>\n","protected":false},"author":49,"featured_media":122355,"comment_status":"closed","ping_status":"open","sticky":false,"template":"","format":"standard","meta":{"_acf_changed":false,"inline_featured_image":false,"ngg_post_thumbnail":0,"footnotes":""},"categories":[6994,1,62],"tags":[16636,3229,19795,2824],"ppma_author":[22574],"class_list":["post-122337","post","type-post","status-publish","format-standard","has-post-thumbnail","hentry","category-stiri-2","category-diverse","category-stiri","tag-animale-de-companie","tag-aspa","tag-petexpo","tag-romexpo"],"acf":[],"yoast_head":"<!-- This site is optimized with the Yoast SEO Premium plugin v25.3 (Yoast SEO v27.5) - https:\/\/yoast.com\/product\/yoast-seo-premium-wordpress\/ -->\n<title>PetExpo, t\u00e2rgul animalelor de companie<\/title>\n<meta name=\"description\" content=\"PetExpo, cel mai mare t\u00e2rg din Rom\u00e2nia dedicat animalelor de companie, \u00ee\u0219i deschide por\u021bile, s\u00e2mb\u0103t\u0103 22 martie, la ora 10:00, la ROMEXPO.\" \/>\n<meta name=\"robots\" content=\"index, follow, max-snippet:-1, max-image-preview:large, max-video-preview:-1\" \/>\n<link rel=\"canonical\" href=\"https:\/\/buletin.de\/bucuresti\/petexpo-targul-animalelor-de-companie\/\" \/>\n<meta property=\"og:locale\" content=\"en_GB\" \/>\n<meta property=\"og:type\" content=\"article\" \/>\n<meta property=\"og:title\" content=\"PetExpo, t\u00e2rgul animalelor de companie, \u00een weekend, la ROMEXPO\" \/>\n<meta property=\"og:description\" content=\"PetExpo, cel mai mare t\u00e2rg din Rom\u00e2nia dedicat animalelor de companie, \u00ee\u0219i deschide por\u021bile, s\u00e2mb\u0103t\u0103 22 martie, la ora 10:00, la ROMEXPO.\" \/>\n<meta property=\"og:url\" content=\"https:\/\/buletin.de\/bucuresti\/petexpo-targul-animalelor-de-companie\/\" \/>\n<meta property=\"og:site_name\" content=\"Buletin de Bucure\u0219ti\" \/>\n<meta property=\"article:publisher\" content=\"https:\/\/www.facebook.com\/buletin.de.buc\" \/>\n<meta property=\"article:published_time\" content=\"2025-03-12T12:30:34+00:00\" \/>\n<meta property=\"article:modified_time\" content=\"2025-03-12T13:52:47+00:00\" \/>\n<meta property=\"og:image\" content=\"https:\/\/buletin.de\/bucuresti\/wp-content\/uploads\/2025\/03\/canisa-caucaz-oryzont-poza-r2k3njzlhj1a4drf9jqlifrlifecwd2ol0hfk6w7rs.jpg\" \/>\n\t<meta property=\"og:image:width\" content=\"1320\" \/>\n\t<meta property=\"og:image:height\" content=\"700\" \/>\n\t<meta property=\"og:image:type\" content=\"image\/jpeg\" \/>\n<meta name=\"author\" content=\"Diana Matei\" \/>\n<meta name=\"twitter:card\" content=\"summary_large_image\" \/>\n<meta name=\"twitter:label1\" content=\"Written by\" \/>\n\t<meta name=\"twitter:data1\" content=\"Diana Matei\" \/>\n\t<meta name=\"twitter:label2\" content=\"Estimated reading time\" \/>\n\t<meta name=\"twitter:data2\" content=\"3 minutes\" \/>\n<script type=\"application\/ld+json\" class=\"yoast-schema-graph\">{\"@context\":\"https:\\\/\\\/schema.org\",\"@graph\":[{\"@type\":\"Article\",\"@id\":\"https:\\\/\\\/buletin.de\\\/bucuresti\\\/petexpo-targul-animalelor-de-companie\\\/#article\",\"isPartOf\":{\"@id\":\"https:\\\/\\\/buletin.de\\\/bucuresti\\\/petexpo-targul-animalelor-de-companie\\\/\"},\"author\":{\"name\":\"Diana Matei\",\"@id\":\"https:\\\/\\\/buletin.de\\\/bucuresti\\\/#\\\/schema\\\/person\\\/7e46040573290777280a0835d81ea4ea\"},\"headline\":\"PetExpo, t\u00e2rgul animalelor de companie, \u00een weekend, la ROMEXPO\",\"datePublished\":\"2025-03-12T12:30:34+00:00\",\"dateModified\":\"2025-03-12T13:52:47+00:00\",\"mainEntityOfPage\":{\"@id\":\"https:\\\/\\\/buletin.de\\\/bucuresti\\\/petexpo-targul-animalelor-de-companie\\\/\"},\"wordCount\":620,\"publisher\":{\"@id\":\"https:\\\/\\\/buletin.de\\\/bucuresti\\\/#organization\"},\"image\":{\"@id\":\"https:\\\/\\\/buletin.de\\\/bucuresti\\\/petexpo-targul-animalelor-de-companie\\\/#primaryimage\"},\"thumbnailUrl\":\"https:\\\/\\\/buletin.de\\\/bucuresti\\\/wp-content\\\/uploads\\\/2025\\\/03\\\/canisa-caucaz-oryzont-poza-r2k3njzlhj1a4drf9jqlifrlifecwd2ol0hfk6w7rs.jpg\",\"keywords\":[\"animale de companie\",\"aspa\",\"PetExpo\",\"romexpo\"],\"articleSection\":[\"Articole\",\"Diverse\",\"\u0218tiri\"],\"inLanguage\":\"en-GB\",\"copyrightYear\":\"2025\",\"copyrightHolder\":{\"@id\":\"https:\\\/\\\/buletin.de\\\/bucuresti\\\/#organization\"}},{\"@type\":\"WebPage\",\"@id\":\"https:\\\/\\\/buletin.de\\\/bucuresti\\\/petexpo-targul-animalelor-de-companie\\\/\",\"url\":\"https:\\\/\\\/buletin.de\\\/bucuresti\\\/petexpo-targul-animalelor-de-companie\\\/\",\"name\":\"PetExpo, t\u00e2rgul animalelor de companie\",\"isPartOf\":{\"@id\":\"https:\\\/\\\/buletin.de\\\/bucuresti\\\/#website\"},\"primaryImageOfPage\":{\"@id\":\"https:\\\/\\\/buletin.de\\\/bucuresti\\\/petexpo-targul-animalelor-de-companie\\\/#primaryimage\"},\"image\":{\"@id\":\"https:\\\/\\\/buletin.de\\\/bucuresti\\\/petexpo-targul-animalelor-de-companie\\\/#primaryimage\"},\"thumbnailUrl\":\"https:\\\/\\\/buletin.de\\\/bucuresti\\\/wp-content\\\/uploads\\\/2025\\\/03\\\/canisa-caucaz-oryzont-poza-r2k3njzlhj1a4drf9jqlifrlifecwd2ol0hfk6w7rs.jpg\",\"datePublished\":\"2025-03-12T12:30:34+00:00\",\"dateModified\":\"2025-03-12T13:52:47+00:00\",\"description\":\"PetExpo, cel mai mare t\u00e2rg din Rom\u00e2nia dedicat animalelor de companie, \u00ee\u0219i deschide por\u021bile, s\u00e2mb\u0103t\u0103 22 martie, la ora 10:00, la ROMEXPO.\",\"breadcrumb\":{\"@id\":\"https:\\\/\\\/buletin.de\\\/bucuresti\\\/petexpo-targul-animalelor-de-companie\\\/#breadcrumb\"},\"inLanguage\":\"en-GB\",\"potentialAction\":[{\"@type\":\"ReadAction\",\"target\":[\"https:\\\/\\\/buletin.de\\\/bucuresti\\\/petexpo-targul-animalelor-de-companie\\\/\"]}]},{\"@type\":\"ImageObject\",\"inLanguage\":\"en-GB\",\"@id\":\"https:\\\/\\\/buletin.de\\\/bucuresti\\\/petexpo-targul-animalelor-de-companie\\\/#primaryimage\",\"url\":\"https:\\\/\\\/buletin.de\\\/bucuresti\\\/wp-content\\\/uploads\\\/2025\\\/03\\\/canisa-caucaz-oryzont-poza-r2k3njzlhj1a4drf9jqlifrlifecwd2ol0hfk6w7rs.jpg\",\"contentUrl\":\"https:\\\/\\\/buletin.de\\\/bucuresti\\\/wp-content\\\/uploads\\\/2025\\\/03\\\/canisa-caucaz-oryzont-poza-r2k3njzlhj1a4drf9jqlifrlifecwd2ol0hfk6w7rs.jpg\",\"width\":1320,\"height\":700,\"caption\":\"PetExpo, t\u00e2rgul animalelor de companie, \u00een weekend, la ROMEXPO. FOTO: petexpo.ro\"},{\"@type\":\"BreadcrumbList\",\"@id\":\"https:\\\/\\\/buletin.de\\\/bucuresti\\\/petexpo-targul-animalelor-de-companie\\\/#breadcrumb\",\"itemListElement\":[{\"@type\":\"ListItem\",\"position\":1,\"name\":\"Acas\u0103\",\"item\":\"https:\\\/\\\/buletin.de\\\/bucuresti\\\/\"},{\"@type\":\"ListItem\",\"position\":2,\"name\":\"PetExpo, t\u00e2rgul animalelor de companie, \u00een weekend, la ROMEXPO\"}]},{\"@type\":\"WebSite\",\"@id\":\"https:\\\/\\\/buletin.de\\\/bucuresti\\\/#website\",\"url\":\"https:\\\/\\\/buletin.de\\\/bucuresti\\\/\",\"name\":\"Buletin de Bucure\u0219ti\",\"description\":\"\u0218tiri \u0219i investiga\u021bii esen\u021biale din capital\u0103\",\"publisher\":{\"@id\":\"https:\\\/\\\/buletin.de\\\/bucuresti\\\/#organization\"},\"potentialAction\":[{\"@type\":\"SearchAction\",\"target\":{\"@type\":\"EntryPoint\",\"urlTemplate\":\"https:\\\/\\\/buletin.de\\\/bucuresti\\\/?s={search_term_string}\"},\"query-input\":{\"@type\":\"PropertyValueSpecification\",\"valueRequired\":true,\"valueName\":\"search_term_string\"}}],\"inLanguage\":\"en-GB\"},{\"@type\":\"Organization\",\"@id\":\"https:\\\/\\\/buletin.de\\\/bucuresti\\\/#organization\",\"name\":\"Buletin de Bucure\u0219ti\",\"url\":\"https:\\\/\\\/buletin.de\\\/bucuresti\\\/\",\"logo\":{\"@type\":\"ImageObject\",\"inLanguage\":\"en-GB\",\"@id\":\"https:\\\/\\\/buletin.de\\\/bucuresti\\\/#\\\/schema\\\/logo\\\/image\\\/\",\"url\":\"https:\\\/\\\/buletin.de\\\/bucuresti\\\/wp-content\\\/uploads\\\/logo-bdb-full-wide-vernil-transparent.png\",\"contentUrl\":\"https:\\\/\\\/buletin.de\\\/bucuresti\\\/wp-content\\\/uploads\\\/logo-bdb-full-wide-vernil-transparent.png\",\"width\":1782,\"height\":626,\"caption\":\"Buletin de Bucure\u0219ti\"},\"image\":{\"@id\":\"https:\\\/\\\/buletin.de\\\/bucuresti\\\/#\\\/schema\\\/logo\\\/image\\\/\"},\"sameAs\":[\"https:\\\/\\\/www.facebook.com\\\/buletin.de.buc\",\"https:\\\/\\\/www.instagram.com\\\/buletinde.bucuresti\\\/\"]},{\"@type\":\"Person\",\"@id\":\"https:\\\/\\\/buletin.de\\\/bucuresti\\\/#\\\/schema\\\/person\\\/7e46040573290777280a0835d81ea4ea\",\"name\":\"Diana Matei\",\"image\":{\"@type\":\"ImageObject\",\"inLanguage\":\"en-GB\",\"@id\":\"https:\\\/\\\/buletin.de\\\/bucuresti\\\/wp-content\\\/uploads\\\/9-2-96x96.jpg1e8590b30871d70e62ebcdaf2eff570c\",\"url\":\"https:\\\/\\\/buletin.de\\\/bucuresti\\\/wp-content\\\/uploads\\\/9-2-96x96.jpg\",\"contentUrl\":\"https:\\\/\\\/buletin.de\\\/bucuresti\\\/wp-content\\\/uploads\\\/9-2-96x96.jpg\",\"caption\":\"Diana Matei\"},\"url\":\"https:\\\/\\\/buletin.de\\\/bucuresti\\\/author\\\/dianamatei\\\/\"}]}<\/script>\n<!-- \/ Yoast SEO Premium plugin. -->","yoast_head_json":{"title":"PetExpo, t\u00e2rgul animalelor de companie","description":"PetExpo, cel mai mare t\u00e2rg din Rom\u00e2nia dedicat animalelor de companie, \u00ee\u0219i deschide por\u021bile, s\u00e2mb\u0103t\u0103 22 martie, la ora 10:00, la ROMEXPO.","robots":{"index":"index","follow":"follow","max-snippet":"max-snippet:-1","max-image-preview":"max-image-preview:large","max-video-preview":"max-video-preview:-1"},"canonical":"https:\/\/buletin.de\/bucuresti\/petexpo-targul-animalelor-de-companie\/","og_locale":"en_GB","og_type":"article","og_title":"PetExpo, t\u00e2rgul animalelor de companie, \u00een weekend, la ROMEXPO","og_description":"PetExpo, cel mai mare t\u00e2rg din Rom\u00e2nia dedicat animalelor de companie, \u00ee\u0219i deschide por\u021bile, s\u00e2mb\u0103t\u0103 22 martie, la ora 10:00, la ROMEXPO.","og_url":"https:\/\/buletin.de\/bucuresti\/petexpo-targul-animalelor-de-companie\/","og_site_name":"Buletin de Bucure\u0219ti","article_publisher":"https:\/\/www.facebook.com\/buletin.de.buc","article_published_time":"2025-03-12T12:30:34+00:00","article_modified_time":"2025-03-12T13:52:47+00:00","og_image":[{"width":1320,"height":700,"url":"https:\/\/buletin.de\/bucuresti\/wp-content\/uploads\/2025\/03\/canisa-caucaz-oryzont-poza-r2k3njzlhj1a4drf9jqlifrlifecwd2ol0hfk6w7rs.jpg","type":"image\/jpeg"}],"author":"Diana Matei","twitter_card":"summary_large_image","twitter_misc":{"Written by":"Diana Matei","Estimated reading time":"3 minutes"},"schema":{"@context":"https:\/\/schema.org","@graph":[{"@type":"Article","@id":"https:\/\/buletin.de\/bucuresti\/petexpo-targul-animalelor-de-companie\/#article","isPartOf":{"@id":"https:\/\/buletin.de\/bucuresti\/petexpo-targul-animalelor-de-companie\/"},"author":{"name":"Diana Matei","@id":"https:\/\/buletin.de\/bucuresti\/#\/schema\/person\/7e46040573290777280a0835d81ea4ea"},"headline":"PetExpo, t\u00e2rgul animalelor de companie, \u00een weekend, la ROMEXPO","datePublished":"2025-03-12T12:30:34+00:00","dateModified":"2025-03-12T13:52:47+00:00","mainEntityOfPage":{"@id":"https:\/\/buletin.de\/bucuresti\/petexpo-targul-animalelor-de-companie\/"},"wordCount":620,"publisher":{"@id":"https:\/\/buletin.de\/bucuresti\/#organization"},"image":{"@id":"https:\/\/buletin.de\/bucuresti\/petexpo-targul-animalelor-de-companie\/#primaryimage"},"thumbnailUrl":"https:\/\/buletin.de\/bucuresti\/wp-content\/uploads\/2025\/03\/canisa-caucaz-oryzont-poza-r2k3njzlhj1a4drf9jqlifrlifecwd2ol0hfk6w7rs.jpg","keywords":["animale de companie","aspa","PetExpo","romexpo"],"articleSection":["Articole","Diverse","\u0218tiri"],"inLanguage":"en-GB","copyrightYear":"2025","copyrightHolder":{"@id":"https:\/\/buletin.de\/bucuresti\/#organization"}},{"@type":"WebPage","@id":"https:\/\/buletin.de\/bucuresti\/petexpo-targul-animalelor-de-companie\/","url":"https:\/\/buletin.de\/bucuresti\/petexpo-targul-animalelor-de-companie\/","name":"PetExpo, t\u00e2rgul animalelor de companie","isPartOf":{"@id":"https:\/\/buletin.de\/bucuresti\/#website"},"primaryImageOfPage":{"@id":"https:\/\/buletin.de\/bucuresti\/petexpo-targul-animalelor-de-companie\/#primaryimage"},"image":{"@id":"https:\/\/buletin.de\/bucuresti\/petexpo-targul-animalelor-de-companie\/#primaryimage"},"thumbnailUrl":"https:\/\/buletin.de\/bucuresti\/wp-content\/uploads\/2025\/03\/canisa-caucaz-oryzont-poza-r2k3njzlhj1a4drf9jqlifrlifecwd2ol0hfk6w7rs.jpg","datePublished":"2025-03-12T12:30:34+00:00","dateModified":"2025-03-12T13:52:47+00:00","description":"PetExpo, cel mai mare t\u00e2rg din Rom\u00e2nia dedicat animalelor de companie, \u00ee\u0219i deschide por\u021bile, s\u00e2mb\u0103t\u0103 22 martie, la ora 10:00, la ROMEXPO.","breadcrumb":{"@id":"https:\/\/buletin.de\/bucuresti\/petexpo-targul-animalelor-de-companie\/#breadcrumb"},"inLanguage":"en-GB","potentialAction":[{"@type":"ReadAction","target":["https:\/\/buletin.de\/bucuresti\/petexpo-targul-animalelor-de-companie\/"]}]},{"@type":"ImageObject","inLanguage":"en-GB","@id":"https:\/\/buletin.de\/bucuresti\/petexpo-targul-animalelor-de-companie\/#primaryimage","url":"https:\/\/buletin.de\/bucuresti\/wp-content\/uploads\/2025\/03\/canisa-caucaz-oryzont-poza-r2k3njzlhj1a4drf9jqlifrlifecwd2ol0hfk6w7rs.jpg","contentUrl":"https:\/\/buletin.de\/bucuresti\/wp-content\/uploads\/2025\/03\/canisa-caucaz-oryzont-poza-r2k3njzlhj1a4drf9jqlifrlifecwd2ol0hfk6w7rs.jpg","width":1320,"height":700,"caption":"PetExpo, t\u00e2rgul animalelor de companie, \u00een weekend, la ROMEXPO. FOTO: petexpo.ro"},{"@type":"BreadcrumbList","@id":"https:\/\/buletin.de\/bucuresti\/petexpo-targul-animalelor-de-companie\/#breadcrumb","itemListElement":[{"@type":"ListItem","position":1,"name":"Acas\u0103","item":"https:\/\/buletin.de\/bucuresti\/"},{"@type":"ListItem","position":2,"name":"PetExpo, t\u00e2rgul animalelor de companie, \u00een weekend, la ROMEXPO"}]},{"@type":"WebSite","@id":"https:\/\/buletin.de\/bucuresti\/#website","url":"https:\/\/buletin.de\/bucuresti\/","name":"Buletin de Bucure\u0219ti","description":"\u0218tiri \u0219i investiga\u021bii esen\u021biale din capital\u0103","publisher":{"@id":"https:\/\/buletin.de\/bucuresti\/#organization"},"potentialAction":[{"@type":"SearchAction","target":{"@type":"EntryPoint","urlTemplate":"https:\/\/buletin.de\/bucuresti\/?s={search_term_string}"},"query-input":{"@type":"PropertyValueSpecification","valueRequired":true,"valueName":"search_term_string"}}],"inLanguage":"en-GB"},{"@type":"Organization","@id":"https:\/\/buletin.de\/bucuresti\/#organization","name":"Buletin de Bucure\u0219ti","url":"https:\/\/buletin.de\/bucuresti\/","logo":{"@type":"ImageObject","inLanguage":"en-GB","@id":"https:\/\/buletin.de\/bucuresti\/#\/schema\/logo\/image\/","url":"https:\/\/buletin.de\/bucuresti\/wp-content\/uploads\/logo-bdb-full-wide-vernil-transparent.png","contentUrl":"https:\/\/buletin.de\/bucuresti\/wp-content\/uploads\/logo-bdb-full-wide-vernil-transparent.png","width":1782,"height":626,"caption":"Buletin de Bucure\u0219ti"},"image":{"@id":"https:\/\/buletin.de\/bucuresti\/#\/schema\/logo\/image\/"},"sameAs":["https:\/\/www.facebook.com\/buletin.de.buc","https:\/\/www.instagram.com\/buletinde.bucuresti\/"]},{"@type":"Person","@id":"https:\/\/buletin.de\/bucuresti\/#\/schema\/person\/7e46040573290777280a0835d81ea4ea","name":"Diana Matei","image":{"@type":"ImageObject","inLanguage":"en-GB","@id":"https:\/\/buletin.de\/bucuresti\/wp-content\/uploads\/9-2-96x96.jpg1e8590b30871d70e62ebcdaf2eff570c","url":"https:\/\/buletin.de\/bucuresti\/wp-content\/uploads\/9-2-96x96.jpg","contentUrl":"https:\/\/buletin.de\/bucuresti\/wp-content\/uploads\/9-2-96x96.jpg","caption":"Diana Matei"},"url":"https:\/\/buletin.de\/bucuresti\/author\/dianamatei\/"}]}},"authors":[{"term_id":22574,"user_id":49,"is_guest":0,"slug":"dianamatei","display_name":"Diana Matei","avatar_url":"https:\/\/buletin.de\/bucuresti\/wp-content\/uploads\/9-2-96x96.jpg","0":null,"1":"","2":"","3":"","4":"","5":"","6":"","7":"","8":""}],"_links":{"self":[{"href":"https:\/\/buletin.de\/bucuresti\/wp-json\/wp\/v2\/posts\/122337","targetHints":{"allow":["GET"]}}],"collection":[{"href":"https:\/\/buletin.de\/bucuresti\/wp-json\/wp\/v2\/posts"}],"about":[{"href":"https:\/\/buletin.de\/bucuresti\/wp-json\/wp\/v2\/types\/post"}],"author":[{"embeddable":true,"href":"https:\/\/buletin.de\/bucuresti\/wp-json\/wp\/v2\/users\/49"}],"replies":[{"embeddable":true,"href":"https:\/\/buletin.de\/bucuresti\/wp-json\/wp\/v2\/comments?post=122337"}],"version-history":[{"count":2,"href":"https:\/\/buletin.de\/bucuresti\/wp-json\/wp\/v2\/posts\/122337\/revisions"}],"predecessor-version":[{"id":122354,"href":"https:\/\/buletin.de\/bucuresti\/wp-json\/wp\/v2\/posts\/122337\/revisions\/122354"}],"wp:featuredmedia":[{"embeddable":true,"href":"https:\/\/buletin.de\/bucuresti\/wp-json\/wp\/v2\/media\/122355"}],"wp:attachment":[{"href":"https:\/\/buletin.de\/bucuresti\/wp-json\/wp\/v2\/media?parent=122337"}],"wp:term":[{"taxonomy":"category","embeddable":true,"href":"https:\/\/buletin.de\/bucuresti\/wp-json\/wp\/v2\/categories?post=122337"},{"taxonomy":"post_tag","embeddable":true,"href":"https:\/\/buletin.de\/bucuresti\/wp-json\/wp\/v2\/tags?post=122337"},{"taxonomy":"author","embeddable":true,"href":"https:\/\/buletin.de\/bucuresti\/wp-json\/wp\/v2\/ppma_author?post=122337"}],"curies":[{"name":"wp","href":"https:\/\/api.w.org\/{rel}","templated":true}]}}