{"id":122325,"date":"2025-03-12T13:59:50","date_gmt":"2025-03-12T10:59:50","guid":{"rendered":"https:\/\/buletin.de\/bucuresti\/?p=122325"},"modified":"2025-03-12T14:00:29","modified_gmt":"2025-03-12T11:00:29","slug":"nou-cod-galben-de-vant-in-capitala","status":"publish","type":"post","link":"https:\/\/buletin.de\/bucuresti\/nou-cod-galben-de-vant-in-capitala\/","title":{"rendered":"METEO | Nou cod galben de v\u00e2nt \u00een Capital\u0103. Temperaturile se p\u0103streaz\u0103 crescute"},"content":{"rendered":"\n<p><strong>Capitala se va afla sub un nou cod galben de v\u00e2nt, pe 13 martie, \u00eentre orele 06:00\u201122:00. Administra\u021bia Na\u021bional\u0103 de Meteorologie anun\u021b\u0103 intensific\u0103ri ale v\u00e2ntului cu viteze \u00a0de 50&#8230;60 km\/h.<\/strong><\/p>\n\n\n\n<figure class=\"wp-block-image size-large is-resized\"><img fetchpriority=\"high\" decoding=\"async\" width=\"315\" height=\"224\" src=\"data:image\/gif;base64,R0lGODlhAQABAAAAACH5BAEKAAEALAAAAAABAAEAAAICTAEAOw==\" data-src=\"https:\/\/buletin.de\/bucuresti\/wp-content\/uploads\/2025\/03\/harta.svg-16.svg\" alt=\"\" class=\"wp-image-122326 lazyload\" style=\"width:840px;height:auto\"\/><\/figure>\n\n\n\n<p>Pe parcursul zilei de joi, 13 martie, este cod galben de v\u00e2nt,  care va avea intensific\u0103ri \u00een toat\u0103 \u0163ara, cu viteze de 50&#8230;60 km\/h, iar local de 65&#8230;70 km\/h. Pe alocuri se vor semnala vijelii. \u00cen zona montan\u0103 \u00eenalt\u0103, \u00een general la altitudini mai mari de 1700 m, rafalele vor dep\u00e3\u015fi 90&#8230;110 km\/h, potrivit <a href=\"http:\/\/anm.meteoromania.ro\/meteoinfo\/prognoze.aspx\">ANM.<\/a><\/p>\n\n\n\n<p>\u00cen Bucure\u0219ti, vremea va fi mai cald\u0103 dec\u00e2t valorile normale pentru aceast\u0103 perioad\u0103. Cerul va fi noros, v\u00e2ntul va sufla slab \u2013 moderat, iar temperaturile maxime vor cre\u0219te constant, de la 21 de grade joi, la 27 de grade s\u00e2mb\u0103t\u0103.<\/p>\n\n\n\n<p><strong>CITE\u0218TE \u0218I:<\/strong> <a href=\"https:\/\/buletin.de\/bucuresti\/sector-3-spalarea-locurilor-de-parcare-continua-primaria-sustine-ca-82-dintre-cetateni-sunt-de-acord\/\">Sector 3 | Sp\u0103larea locurilor de parcare continu\u0103. Prim\u0103ria arat\u0103 c\u0103 82% dintre cet\u0103\u021beni sunt de acord<\/a><\/p>\n\n\n\n<div class=\"wp-block-buttons is-content-justification-center is-layout-flex wp-container-core-buttons-is-layout-16018d1d wp-block-buttons-is-layout-flex\">\n<div class=\"wp-block-button has-custom-width wp-block-button__width-100\"><a class=\"wp-block-button__link wp-element-button\" href=\"https:\/\/www.patreon.com\/BuletinDeBucuresti\"><strong>Sus\u021bine Buletin de Bucure\u0219ti pentru investiga\u021bii, reportaje \u0219i \u0219tiri Locale<\/strong><\/a><\/div>\n<\/div>\n\n\n\n<h2 class=\"wp-block-heading\" id=\"h-nou-cod-galben-de-vant-\u0219i-ploi-in-toata-\u021bara\">Nou cod galben de v\u00e2nt \u0219i ploi, \u00een toat\u0103 \u021bara<\/h2>\n\n\n\n<p>\u00cen perioada <strong>13 martie 2025, ora 02:00-15 matie 2025, ora 18:00<\/strong>, vor fi averse \u00een cea mai mare parte a \u0163\u0103rii, pe alocuri \u00eenso\u0163ite de desc\u00e3rc\u00e3ri electrice, iar \u00eendeosebi \u00een Carpa\u0163ii Occidentali, nordul Carpa\u0163ilor Orientali, vestul Carpa\u0163ilor Meridionali \u015fi \u00een nordul Olteniei, \u00een intervale scurte de timp sau prin acumulare, vor fi cantit\u0103\u0163i de ap\u0103 de 15&#8230;25 l\/mp \u015fi local de peste 40 l\/mp. <\/p>\n\n\n\n<p>Izolat va c\u0103dea grindin\u0103. Vor fi intensific\u0103ri ale v\u00e2ntului, joi \u00een toate regiunile, cu viteze mai mari \u00een vest, est \u015fi sud-est, precum \u015fi la munte, iar vineri \u015fi s\u00e2mb\u0103t\u0103, \u00een special \u00een zonele de munte \u015fi \u00een vestul \u015fi centrul teritoriului.<\/p>\n\n\n\n<p><strong>CITE\u0218TE \u0218I: <a href=\"https:\/\/buletin.de\/bucuresti\/sector-6-bazinul-de-inot-al-scolii-311-va-fi-folosit-pentru-activitati-extrascolare\/\">Sector 6 | Bazinul de \u00eenot al \u0218colii 311 va fi folosit pentru activit\u0103\u021bi extra\u0219colare<\/a><\/strong><\/p>\n\n\n\n<p>\u00cen perioada 13 martie 2025, ora 10:00-13 martie 2025, ora 18:00, jude\u0163ele Constan\u0163a, Tulcea, estul jude\u0163elor C\u0103l\u0103ra\u015fi \u015fi Ialomi\u0163a, Br\u0103ila, Gala\u0163i Vaslui, Cara\u015f-Severin, Timi\u015f, Arad, Bihor, Hunedoara, Alba \u015fi zona montan\u0103 a jude\u0163ului Cluj vor fi intervale cu intensific\u0103ri puternice ale v\u00e2ntului. \u00cen general, rafalele vor fi de 70&#8230;85 km\/h, iar \u00een zona montan\u0103 \u00eenalt\u0103, de peste 120 km\/h.<\/p>\n\n\n\n<p><strong>CITE\u0218TE \u0218I: <a href=\"https:\/\/buletin.de\/bucuresti\/gerul-a-scos-la-iveala-scheletele-din-garajele-stb-zeci-de-mii-de-euro-arsi-pe-timp-de-noapte-si-raspunsuri-incomplete-la-intrebarile-bdb\/\">Gerul a scos la iveal\u0103 \u201escheletele\u201d din garajele STB. Zeci de mii de euro \u201ear\u0219i\u201d pe timp de noapte \u0219i r\u0103spunsuri incomplete la \u00eentreb\u0103rile BdB<\/a><\/strong><\/p>\n","protected":false},"excerpt":{"rendered":"<p>Capitala se va afla sub un nou cod galben de v\u00e2nt, pe 13 martie, \u00eentre orele 06:00\u201122:00. Administra\u021bia Na\u021bional\u0103 de Meteorologie anun\u021b\u0103 intensific\u0103ri ale v\u00e2ntului cu viteze \u00a0de 50&#8230;60 km\/h. Pe parcursul zilei de joi, 13 martie, este cod galben de v\u00e2nt, care va avea intensific\u0103ri \u00een toat\u0103 \u0163ara, cu viteze de 50&#8230;60 km\/h, iar [&hellip;]<\/p>\n","protected":false},"author":49,"featured_media":81691,"comment_status":"closed","ping_status":"open","sticky":false,"template":"","format":"standard","meta":{"_acf_changed":false,"inline_featured_image":false,"ngg_post_thumbnail":0,"footnotes":""},"categories":[6994,1,62],"tags":[6554,13962,4571],"ppma_author":[22574],"class_list":["post-122325","post","type-post","status-publish","format-standard","has-post-thumbnail","hentry","category-stiri-2","category-diverse","category-stiri","tag-cod-galben","tag-cod-galben-de-vant","tag-vant-puternic"],"acf":[],"yoast_head":"<!-- This site is optimized with the Yoast SEO Premium plugin v25.3 (Yoast SEO v27.5) - https:\/\/yoast.com\/product\/yoast-seo-premium-wordpress\/ -->\n<title>METEO | Nou cod galben de v\u00e2nt \u00een Capital\u0103. Temperaturile se p\u0103streaz\u0103 crescute - Buletin de Bucure\u0219ti<\/title>\n<meta name=\"description\" content=\"Capitala se va afla sub un nou cod galben de v\u00e2nt, pe 13 martie, \u00eentre orele 06:00\u201122:00. Viteza v\u00e2ntului va fi\u00a0de 50...60 km\/h.\" \/>\n<meta name=\"robots\" content=\"index, follow, max-snippet:-1, max-image-preview:large, max-video-preview:-1\" \/>\n<link rel=\"canonical\" href=\"https:\/\/buletin.de\/bucuresti\/nou-cod-galben-de-vant-in-capitala\/\" \/>\n<meta property=\"og:locale\" content=\"en_GB\" \/>\n<meta property=\"og:type\" content=\"article\" \/>\n<meta property=\"og:title\" content=\"METEO | Nou cod galben de v\u00e2nt \u00een Capital\u0103. Temperaturile se p\u0103streaz\u0103 crescute\" \/>\n<meta property=\"og:description\" content=\"Capitala se va afla sub un nou cod galben de v\u00e2nt, pe 13 martie, \u00eentre orele 06:00\u201122:00. Viteza v\u00e2ntului va fi\u00a0de 50...60 km\/h.\" \/>\n<meta property=\"og:url\" content=\"https:\/\/buletin.de\/bucuresti\/nou-cod-galben-de-vant-in-capitala\/\" \/>\n<meta property=\"og:site_name\" content=\"Buletin de Bucure\u0219ti\" \/>\n<meta property=\"article:publisher\" content=\"https:\/\/www.facebook.com\/buletin.de.buc\" \/>\n<meta property=\"article:published_time\" content=\"2025-03-12T10:59:50+00:00\" \/>\n<meta property=\"article:modified_time\" content=\"2025-03-12T11:00:29+00:00\" \/>\n<meta property=\"og:image\" content=\"https:\/\/buletin.de\/bucuresti\/wp-content\/uploads\/ODAmaD00NDAmaGFzaD1jZTI5NmMzZTYzYTE3NGJlYTNkNWZlNzQ0NjUyNjY4ZQ.thumb_.jpg\" \/>\n\t<meta property=\"og:image:width\" content=\"780\" \/>\n\t<meta property=\"og:image:height\" content=\"440\" \/>\n\t<meta property=\"og:image:type\" content=\"image\/jpeg\" \/>\n<meta name=\"author\" content=\"Diana Matei\" \/>\n<meta name=\"twitter:card\" content=\"summary_large_image\" \/>\n<meta name=\"twitter:label1\" content=\"Written by\" \/>\n\t<meta name=\"twitter:data1\" content=\"Diana Matei\" \/>\n\t<meta name=\"twitter:label2\" content=\"Estimated reading time\" \/>\n\t<meta name=\"twitter:data2\" content=\"3 minutes\" \/>\n<script type=\"application\/ld+json\" class=\"yoast-schema-graph\">{\"@context\":\"https:\\\/\\\/schema.org\",\"@graph\":[{\"@type\":\"Article\",\"@id\":\"https:\\\/\\\/buletin.de\\\/bucuresti\\\/nou-cod-galben-de-vant-in-capitala\\\/#article\",\"isPartOf\":{\"@id\":\"https:\\\/\\\/buletin.de\\\/bucuresti\\\/nou-cod-galben-de-vant-in-capitala\\\/\"},\"author\":{\"name\":\"Diana Matei\",\"@id\":\"https:\\\/\\\/buletin.de\\\/bucuresti\\\/#\\\/schema\\\/person\\\/7e46040573290777280a0835d81ea4ea\"},\"headline\":\"METEO | Nou cod galben de v\u00e2nt \u00een Capital\u0103. Temperaturile se p\u0103streaz\u0103 crescute\",\"datePublished\":\"2025-03-12T10:59:50+00:00\",\"dateModified\":\"2025-03-12T11:00:29+00:00\",\"mainEntityOfPage\":{\"@id\":\"https:\\\/\\\/buletin.de\\\/bucuresti\\\/nou-cod-galben-de-vant-in-capitala\\\/\"},\"wordCount\":420,\"publisher\":{\"@id\":\"https:\\\/\\\/buletin.de\\\/bucuresti\\\/#organization\"},\"image\":{\"@id\":\"https:\\\/\\\/buletin.de\\\/bucuresti\\\/nou-cod-galben-de-vant-in-capitala\\\/#primaryimage\"},\"thumbnailUrl\":\"https:\\\/\\\/buletin.de\\\/bucuresti\\\/wp-content\\\/uploads\\\/ODAmaD00NDAmaGFzaD1jZTI5NmMzZTYzYTE3NGJlYTNkNWZlNzQ0NjUyNjY4ZQ.thumb_.jpg\",\"keywords\":[\"cod galben\",\"cod galben de vant\",\"vant puternic\"],\"articleSection\":[\"Articole\",\"Diverse\",\"\u0218tiri\"],\"inLanguage\":\"en-GB\",\"copyrightYear\":\"2025\",\"copyrightHolder\":{\"@id\":\"https:\\\/\\\/buletin.de\\\/bucuresti\\\/#organization\"}},{\"@type\":\"WebPage\",\"@id\":\"https:\\\/\\\/buletin.de\\\/bucuresti\\\/nou-cod-galben-de-vant-in-capitala\\\/\",\"url\":\"https:\\\/\\\/buletin.de\\\/bucuresti\\\/nou-cod-galben-de-vant-in-capitala\\\/\",\"name\":\"METEO | Nou cod galben de v\u00e2nt \u00een Capital\u0103. Temperaturile se p\u0103streaz\u0103 crescute - Buletin de Bucure\u0219ti\",\"isPartOf\":{\"@id\":\"https:\\\/\\\/buletin.de\\\/bucuresti\\\/#website\"},\"primaryImageOfPage\":{\"@id\":\"https:\\\/\\\/buletin.de\\\/bucuresti\\\/nou-cod-galben-de-vant-in-capitala\\\/#primaryimage\"},\"image\":{\"@id\":\"https:\\\/\\\/buletin.de\\\/bucuresti\\\/nou-cod-galben-de-vant-in-capitala\\\/#primaryimage\"},\"thumbnailUrl\":\"https:\\\/\\\/buletin.de\\\/bucuresti\\\/wp-content\\\/uploads\\\/ODAmaD00NDAmaGFzaD1jZTI5NmMzZTYzYTE3NGJlYTNkNWZlNzQ0NjUyNjY4ZQ.thumb_.jpg\",\"datePublished\":\"2025-03-12T10:59:50+00:00\",\"dateModified\":\"2025-03-12T11:00:29+00:00\",\"description\":\"Capitala se va afla sub un nou cod galben de v\u00e2nt, pe 13 martie, \u00eentre orele 06:00\u201122:00. Viteza v\u00e2ntului va fi\u00a0de 50...60 km\\\/h.\",\"breadcrumb\":{\"@id\":\"https:\\\/\\\/buletin.de\\\/bucuresti\\\/nou-cod-galben-de-vant-in-capitala\\\/#breadcrumb\"},\"inLanguage\":\"en-GB\",\"potentialAction\":[{\"@type\":\"ReadAction\",\"target\":[\"https:\\\/\\\/buletin.de\\\/bucuresti\\\/nou-cod-galben-de-vant-in-capitala\\\/\"]}]},{\"@type\":\"ImageObject\",\"inLanguage\":\"en-GB\",\"@id\":\"https:\\\/\\\/buletin.de\\\/bucuresti\\\/nou-cod-galben-de-vant-in-capitala\\\/#primaryimage\",\"url\":\"https:\\\/\\\/buletin.de\\\/bucuresti\\\/wp-content\\\/uploads\\\/ODAmaD00NDAmaGFzaD1jZTI5NmMzZTYzYTE3NGJlYTNkNWZlNzQ0NjUyNjY4ZQ.thumb_.jpg\",\"contentUrl\":\"https:\\\/\\\/buletin.de\\\/bucuresti\\\/wp-content\\\/uploads\\\/ODAmaD00NDAmaGFzaD1jZTI5NmMzZTYzYTE3NGJlYTNkNWZlNzQ0NjUyNjY4ZQ.thumb_.jpg\",\"width\":780,\"height\":440,\"caption\":\"Cod portocaliu de vijelie \u00een Bucure\u0219ti. Prim\u0103ria ia m\u0103suri de siguran\u021b\u0103. FOTO: Arhiva\"},{\"@type\":\"BreadcrumbList\",\"@id\":\"https:\\\/\\\/buletin.de\\\/bucuresti\\\/nou-cod-galben-de-vant-in-capitala\\\/#breadcrumb\",\"itemListElement\":[{\"@type\":\"ListItem\",\"position\":1,\"name\":\"Acas\u0103\",\"item\":\"https:\\\/\\\/buletin.de\\\/bucuresti\\\/\"},{\"@type\":\"ListItem\",\"position\":2,\"name\":\"METEO | Nou cod galben de v\u00e2nt \u00een Capital\u0103. Temperaturile se p\u0103streaz\u0103 crescute\"}]},{\"@type\":\"WebSite\",\"@id\":\"https:\\\/\\\/buletin.de\\\/bucuresti\\\/#website\",\"url\":\"https:\\\/\\\/buletin.de\\\/bucuresti\\\/\",\"name\":\"Buletin de Bucure\u0219ti\",\"description\":\"\u0218tiri \u0219i investiga\u021bii esen\u021biale din capital\u0103\",\"publisher\":{\"@id\":\"https:\\\/\\\/buletin.de\\\/bucuresti\\\/#organization\"},\"potentialAction\":[{\"@type\":\"SearchAction\",\"target\":{\"@type\":\"EntryPoint\",\"urlTemplate\":\"https:\\\/\\\/buletin.de\\\/bucuresti\\\/?s={search_term_string}\"},\"query-input\":{\"@type\":\"PropertyValueSpecification\",\"valueRequired\":true,\"valueName\":\"search_term_string\"}}],\"inLanguage\":\"en-GB\"},{\"@type\":\"Organization\",\"@id\":\"https:\\\/\\\/buletin.de\\\/bucuresti\\\/#organization\",\"name\":\"Buletin de Bucure\u0219ti\",\"url\":\"https:\\\/\\\/buletin.de\\\/bucuresti\\\/\",\"logo\":{\"@type\":\"ImageObject\",\"inLanguage\":\"en-GB\",\"@id\":\"https:\\\/\\\/buletin.de\\\/bucuresti\\\/#\\\/schema\\\/logo\\\/image\\\/\",\"url\":\"https:\\\/\\\/buletin.de\\\/bucuresti\\\/wp-content\\\/uploads\\\/logo-bdb-full-wide-vernil-transparent.png\",\"contentUrl\":\"https:\\\/\\\/buletin.de\\\/bucuresti\\\/wp-content\\\/uploads\\\/logo-bdb-full-wide-vernil-transparent.png\",\"width\":1782,\"height\":626,\"caption\":\"Buletin de Bucure\u0219ti\"},\"image\":{\"@id\":\"https:\\\/\\\/buletin.de\\\/bucuresti\\\/#\\\/schema\\\/logo\\\/image\\\/\"},\"sameAs\":[\"https:\\\/\\\/www.facebook.com\\\/buletin.de.buc\",\"https:\\\/\\\/www.instagram.com\\\/buletinde.bucuresti\\\/\"]},{\"@type\":\"Person\",\"@id\":\"https:\\\/\\\/buletin.de\\\/bucuresti\\\/#\\\/schema\\\/person\\\/7e46040573290777280a0835d81ea4ea\",\"name\":\"Diana Matei\",\"image\":{\"@type\":\"ImageObject\",\"inLanguage\":\"en-GB\",\"@id\":\"https:\\\/\\\/buletin.de\\\/bucuresti\\\/wp-content\\\/uploads\\\/9-2-96x96.jpg1e8590b30871d70e62ebcdaf2eff570c\",\"url\":\"https:\\\/\\\/buletin.de\\\/bucuresti\\\/wp-content\\\/uploads\\\/9-2-96x96.jpg\",\"contentUrl\":\"https:\\\/\\\/buletin.de\\\/bucuresti\\\/wp-content\\\/uploads\\\/9-2-96x96.jpg\",\"caption\":\"Diana Matei\"},\"url\":\"https:\\\/\\\/buletin.de\\\/bucuresti\\\/author\\\/dianamatei\\\/\"}]}<\/script>\n<!-- \/ Yoast SEO Premium plugin. -->","yoast_head_json":{"title":"METEO | Nou cod galben de v\u00e2nt \u00een Capital\u0103. Temperaturile se p\u0103streaz\u0103 crescute - Buletin de Bucure\u0219ti","description":"Capitala se va afla sub un nou cod galben de v\u00e2nt, pe 13 martie, \u00eentre orele 06:00\u201122:00. Viteza v\u00e2ntului va fi\u00a0de 50...60 km\/h.","robots":{"index":"index","follow":"follow","max-snippet":"max-snippet:-1","max-image-preview":"max-image-preview:large","max-video-preview":"max-video-preview:-1"},"canonical":"https:\/\/buletin.de\/bucuresti\/nou-cod-galben-de-vant-in-capitala\/","og_locale":"en_GB","og_type":"article","og_title":"METEO | Nou cod galben de v\u00e2nt \u00een Capital\u0103. Temperaturile se p\u0103streaz\u0103 crescute","og_description":"Capitala se va afla sub un nou cod galben de v\u00e2nt, pe 13 martie, \u00eentre orele 06:00\u201122:00. Viteza v\u00e2ntului va fi\u00a0de 50...60 km\/h.","og_url":"https:\/\/buletin.de\/bucuresti\/nou-cod-galben-de-vant-in-capitala\/","og_site_name":"Buletin de Bucure\u0219ti","article_publisher":"https:\/\/www.facebook.com\/buletin.de.buc","article_published_time":"2025-03-12T10:59:50+00:00","article_modified_time":"2025-03-12T11:00:29+00:00","og_image":[{"width":780,"height":440,"url":"https:\/\/buletin.de\/bucuresti\/wp-content\/uploads\/ODAmaD00NDAmaGFzaD1jZTI5NmMzZTYzYTE3NGJlYTNkNWZlNzQ0NjUyNjY4ZQ.thumb_.jpg","type":"image\/jpeg"}],"author":"Diana Matei","twitter_card":"summary_large_image","twitter_misc":{"Written by":"Diana Matei","Estimated reading time":"3 minutes"},"schema":{"@context":"https:\/\/schema.org","@graph":[{"@type":"Article","@id":"https:\/\/buletin.de\/bucuresti\/nou-cod-galben-de-vant-in-capitala\/#article","isPartOf":{"@id":"https:\/\/buletin.de\/bucuresti\/nou-cod-galben-de-vant-in-capitala\/"},"author":{"name":"Diana Matei","@id":"https:\/\/buletin.de\/bucuresti\/#\/schema\/person\/7e46040573290777280a0835d81ea4ea"},"headline":"METEO | Nou cod galben de v\u00e2nt \u00een Capital\u0103. Temperaturile se p\u0103streaz\u0103 crescute","datePublished":"2025-03-12T10:59:50+00:00","dateModified":"2025-03-12T11:00:29+00:00","mainEntityOfPage":{"@id":"https:\/\/buletin.de\/bucuresti\/nou-cod-galben-de-vant-in-capitala\/"},"wordCount":420,"publisher":{"@id":"https:\/\/buletin.de\/bucuresti\/#organization"},"image":{"@id":"https:\/\/buletin.de\/bucuresti\/nou-cod-galben-de-vant-in-capitala\/#primaryimage"},"thumbnailUrl":"https:\/\/buletin.de\/bucuresti\/wp-content\/uploads\/ODAmaD00NDAmaGFzaD1jZTI5NmMzZTYzYTE3NGJlYTNkNWZlNzQ0NjUyNjY4ZQ.thumb_.jpg","keywords":["cod galben","cod galben de vant","vant puternic"],"articleSection":["Articole","Diverse","\u0218tiri"],"inLanguage":"en-GB","copyrightYear":"2025","copyrightHolder":{"@id":"https:\/\/buletin.de\/bucuresti\/#organization"}},{"@type":"WebPage","@id":"https:\/\/buletin.de\/bucuresti\/nou-cod-galben-de-vant-in-capitala\/","url":"https:\/\/buletin.de\/bucuresti\/nou-cod-galben-de-vant-in-capitala\/","name":"METEO | Nou cod galben de v\u00e2nt \u00een Capital\u0103. Temperaturile se p\u0103streaz\u0103 crescute - Buletin de Bucure\u0219ti","isPartOf":{"@id":"https:\/\/buletin.de\/bucuresti\/#website"},"primaryImageOfPage":{"@id":"https:\/\/buletin.de\/bucuresti\/nou-cod-galben-de-vant-in-capitala\/#primaryimage"},"image":{"@id":"https:\/\/buletin.de\/bucuresti\/nou-cod-galben-de-vant-in-capitala\/#primaryimage"},"thumbnailUrl":"https:\/\/buletin.de\/bucuresti\/wp-content\/uploads\/ODAmaD00NDAmaGFzaD1jZTI5NmMzZTYzYTE3NGJlYTNkNWZlNzQ0NjUyNjY4ZQ.thumb_.jpg","datePublished":"2025-03-12T10:59:50+00:00","dateModified":"2025-03-12T11:00:29+00:00","description":"Capitala se va afla sub un nou cod galben de v\u00e2nt, pe 13 martie, \u00eentre orele 06:00\u201122:00. Viteza v\u00e2ntului va fi\u00a0de 50...60 km\/h.","breadcrumb":{"@id":"https:\/\/buletin.de\/bucuresti\/nou-cod-galben-de-vant-in-capitala\/#breadcrumb"},"inLanguage":"en-GB","potentialAction":[{"@type":"ReadAction","target":["https:\/\/buletin.de\/bucuresti\/nou-cod-galben-de-vant-in-capitala\/"]}]},{"@type":"ImageObject","inLanguage":"en-GB","@id":"https:\/\/buletin.de\/bucuresti\/nou-cod-galben-de-vant-in-capitala\/#primaryimage","url":"https:\/\/buletin.de\/bucuresti\/wp-content\/uploads\/ODAmaD00NDAmaGFzaD1jZTI5NmMzZTYzYTE3NGJlYTNkNWZlNzQ0NjUyNjY4ZQ.thumb_.jpg","contentUrl":"https:\/\/buletin.de\/bucuresti\/wp-content\/uploads\/ODAmaD00NDAmaGFzaD1jZTI5NmMzZTYzYTE3NGJlYTNkNWZlNzQ0NjUyNjY4ZQ.thumb_.jpg","width":780,"height":440,"caption":"Cod portocaliu de vijelie \u00een Bucure\u0219ti. Prim\u0103ria ia m\u0103suri de siguran\u021b\u0103. FOTO: Arhiva"},{"@type":"BreadcrumbList","@id":"https:\/\/buletin.de\/bucuresti\/nou-cod-galben-de-vant-in-capitala\/#breadcrumb","itemListElement":[{"@type":"ListItem","position":1,"name":"Acas\u0103","item":"https:\/\/buletin.de\/bucuresti\/"},{"@type":"ListItem","position":2,"name":"METEO | Nou cod galben de v\u00e2nt \u00een Capital\u0103. Temperaturile se p\u0103streaz\u0103 crescute"}]},{"@type":"WebSite","@id":"https:\/\/buletin.de\/bucuresti\/#website","url":"https:\/\/buletin.de\/bucuresti\/","name":"Buletin de Bucure\u0219ti","description":"\u0218tiri \u0219i investiga\u021bii esen\u021biale din capital\u0103","publisher":{"@id":"https:\/\/buletin.de\/bucuresti\/#organization"},"potentialAction":[{"@type":"SearchAction","target":{"@type":"EntryPoint","urlTemplate":"https:\/\/buletin.de\/bucuresti\/?s={search_term_string}"},"query-input":{"@type":"PropertyValueSpecification","valueRequired":true,"valueName":"search_term_string"}}],"inLanguage":"en-GB"},{"@type":"Organization","@id":"https:\/\/buletin.de\/bucuresti\/#organization","name":"Buletin de Bucure\u0219ti","url":"https:\/\/buletin.de\/bucuresti\/","logo":{"@type":"ImageObject","inLanguage":"en-GB","@id":"https:\/\/buletin.de\/bucuresti\/#\/schema\/logo\/image\/","url":"https:\/\/buletin.de\/bucuresti\/wp-content\/uploads\/logo-bdb-full-wide-vernil-transparent.png","contentUrl":"https:\/\/buletin.de\/bucuresti\/wp-content\/uploads\/logo-bdb-full-wide-vernil-transparent.png","width":1782,"height":626,"caption":"Buletin de Bucure\u0219ti"},"image":{"@id":"https:\/\/buletin.de\/bucuresti\/#\/schema\/logo\/image\/"},"sameAs":["https:\/\/www.facebook.com\/buletin.de.buc","https:\/\/www.instagram.com\/buletinde.bucuresti\/"]},{"@type":"Person","@id":"https:\/\/buletin.de\/bucuresti\/#\/schema\/person\/7e46040573290777280a0835d81ea4ea","name":"Diana Matei","image":{"@type":"ImageObject","inLanguage":"en-GB","@id":"https:\/\/buletin.de\/bucuresti\/wp-content\/uploads\/9-2-96x96.jpg1e8590b30871d70e62ebcdaf2eff570c","url":"https:\/\/buletin.de\/bucuresti\/wp-content\/uploads\/9-2-96x96.jpg","contentUrl":"https:\/\/buletin.de\/bucuresti\/wp-content\/uploads\/9-2-96x96.jpg","caption":"Diana Matei"},"url":"https:\/\/buletin.de\/bucuresti\/author\/dianamatei\/"}]}},"authors":[{"term_id":22574,"user_id":49,"is_guest":0,"slug":"dianamatei","display_name":"Diana Matei","avatar_url":"https:\/\/buletin.de\/bucuresti\/wp-content\/uploads\/9-2-96x96.jpg","0":null,"1":"","2":"","3":"","4":"","5":"","6":"","7":"","8":""}],"_links":{"self":[{"href":"https:\/\/buletin.de\/bucuresti\/wp-json\/wp\/v2\/posts\/122325","targetHints":{"allow":["GET"]}}],"collection":[{"href":"https:\/\/buletin.de\/bucuresti\/wp-json\/wp\/v2\/posts"}],"about":[{"href":"https:\/\/buletin.de\/bucuresti\/wp-json\/wp\/v2\/types\/post"}],"author":[{"embeddable":true,"href":"https:\/\/buletin.de\/bucuresti\/wp-json\/wp\/v2\/users\/49"}],"replies":[{"embeddable":true,"href":"https:\/\/buletin.de\/bucuresti\/wp-json\/wp\/v2\/comments?post=122325"}],"version-history":[{"count":2,"href":"https:\/\/buletin.de\/bucuresti\/wp-json\/wp\/v2\/posts\/122325\/revisions"}],"predecessor-version":[{"id":122333,"href":"https:\/\/buletin.de\/bucuresti\/wp-json\/wp\/v2\/posts\/122325\/revisions\/122333"}],"wp:featuredmedia":[{"embeddable":true,"href":"https:\/\/buletin.de\/bucuresti\/wp-json\/wp\/v2\/media\/81691"}],"wp:attachment":[{"href":"https:\/\/buletin.de\/bucuresti\/wp-json\/wp\/v2\/media?parent=122325"}],"wp:term":[{"taxonomy":"category","embeddable":true,"href":"https:\/\/buletin.de\/bucuresti\/wp-json\/wp\/v2\/categories?post=122325"},{"taxonomy":"post_tag","embeddable":true,"href":"https:\/\/buletin.de\/bucuresti\/wp-json\/wp\/v2\/tags?post=122325"},{"taxonomy":"author","embeddable":true,"href":"https:\/\/buletin.de\/bucuresti\/wp-json\/wp\/v2\/ppma_author?post=122325"}],"curies":[{"name":"wp","href":"https:\/\/api.w.org\/{rel}","templated":true}]}}