{"id":122236,"date":"2025-03-12T06:03:00","date_gmt":"2025-03-12T03:03:00","guid":{"rendered":"https:\/\/buletin.de\/bucuresti\/?p=122236"},"modified":"2025-03-13T17:06:25","modified_gmt":"2025-03-13T14:06:25","slug":"sector-6-bazinul-de-inot-al-scolii-311-va-fi-folosit-pentru-activitati-extrascolare","status":"publish","type":"post","link":"https:\/\/buletin.de\/bucuresti\/sector-6-bazinul-de-inot-al-scolii-311-va-fi-folosit-pentru-activitati-extrascolare\/","title":{"rendered":"Sector 6 | Bazinul de \u00eenot al \u0218colii 311 va fi folosit pentru activit\u0103\u021bi extra\u0219colare"},"content":{"rendered":"\n<p><strong>Consiliul Local al Sectorului 6 va vota \u00een \u0219edin\u021ba de joi, 13 martie, un proiect de hot\u0103r\u00e2re privind schimbarea destina\u021biei pentru bazinul de \u00eenot al \u0218colii Gimnaziale 311, de pe strada G\u00e2rleni nr. 10. Acesta va fi utilizat pentru activit\u0103\u021bi extra\u0219colare destinate tuturor elevilor \u0219i tinerilor din \u00eenv\u0103\u021b\u0103m\u00e2ntul preuniversitar al Sectorului 6.<\/strong><\/p>\n\n\n\n<h4 class=\"wp-block-heading\" id=\"h-update-proiectul-a-fost-aprobat\">UPDATE: Proiectul a fost aprobat<\/h4>\n\n\n\n<p>Proiectul de hot\u0103r\u00e2re pentru schimbarea destina\u021biei bazinului de \u00eenot al \u0218colii Gimnaziale 311 din Sectorul 6 a fost aprobat de consilierii locali \u00een \u0219edin\u021ba de joi, 13 martie.<\/p>\n\n\n\n<p><strong>Hot\u0103r\u00e2rea a primit 14 voturi pentru, 3 ab\u021bineri \u0219i 9 voturi \u00eempotriv\u0103.<\/strong><\/p>\n\n\n\n<hr class=\"wp-block-separator has-alpha-channel-opacity is-style-wide\"\/>\n\n\n\n<p>Contractul de \u00eenchiriere dintre Administra\u021bia \u0218colilor Sector 6 \u0219i Asocia\u021bia Club Sportiv Aqua Sport Citius Bucure\u0219ti a expirat, conform <a href=\"https:\/\/www.primarie6.ro\/primarie_sector6\/sites\/default\/files\/2025-03\/1.%20Hotarare%20schimbare%20destinatie%20bazin%20scoala%20311.pdf\">proiectului de hot\u0103r\u00e2re<\/a>.&nbsp;<\/p>\n\n\n\n<p><em>\u201eDe\u0219i am f\u0103cut toate demersurile care \u021bin de noi cu privire la continuarea activit\u0103\u021bii, din p\u0103cate, din motive birocratice, nu a fost momentan g\u0103sit\u0103 o solu\u021bie pentru prelungirea contractului. Aceast\u0103 veste ne-a fost comunicat\u0103 de autorit\u0103\u021bile contractante \u00een seara de 27 februarie, acesta fiind contextul \u00een care aducem aceste preciz\u0103ri ast\u0103zi, 28 februarie\u201d<\/em>, a transmis <a href=\"https:\/\/aqua-sport.ro\/s6\/\">Asocia\u021bia Aqua Sport<\/a>, printr-un comunicat emis luna trecut\u0103.<\/p>\n\n\n\n<p>Noua administrare va fi asigurat\u0103 de Direc\u021bia General\u0103 de Asisten\u021b\u0103 Social\u0103 \u0219i Protec\u021bia Copilului (DGASPC) Sector 6, prin Centrul de Recreere \u0219i Dezvoltare Personal\u0103 \u201eConacul Golescu Grant\u201d.<\/p>\n\n\n\n<p>Bazinul de \u00eenot al \u0218colii 311 va fi utilizat pentru \u201eprograme de educa\u021bie fizic\u0103 armonioas\u0103 prin \u00eenot, activit\u0103\u021bi sportive \u0219i de recreere \u0219i proiecte dedicate copiilor \u0219i tinerilor care urmeaz\u0103 cursurile \u00eenv\u0103\u021b\u0103m\u00e2ntului preuniversitar din Sectorul 6\u201d, se mai arat\u0103 \u00een proiect.<\/p>\n\n\n\n<p>Utilizarea bazinului va avea loc f\u0103r\u0103 a afecta activitatea didactic\u0103 a \u0219colii \u0219i va fi valabil\u0103 pe o perioad\u0103 de 10 ani. Pentru ca acest lucru s\u0103 devin\u0103 realitate, este nevoie \u0219i de un aviz al Ministerului Educa\u021biei.<\/p>\n\n\n\n<p>Programul vizeaz\u0103 promovarea activit\u0103\u021bii fizice \u00een r\u00e2ndul copiilor, \u00een condi\u021biile \u00een care statisticile arat\u0103 o cre\u0219tere a obezit\u0103\u021bii infantile.<\/p>\n\n\n\n<div class=\"wp-block-buttons is-content-justification-center is-layout-flex wp-container-core-buttons-is-layout-16018d1d wp-block-buttons-is-layout-flex\">\n<div class=\"wp-block-button has-custom-width wp-block-button__width-100\"><a class=\"wp-block-button__link wp-element-button\" href=\"https:\/\/www.patreon.com\/BuletinDeBucuresti\"><strong>Sus\u021bine Buletin de Bucure\u0219ti pentru investiga\u021bii, reportaje \u0219i \u0219tiri Locale<\/strong><\/a><\/div>\n<\/div>\n\n\n\n<p><strong>CITE\u0218TE \u0218I: <\/strong><a href=\"https:\/\/buletin.de\/bucuresti\/lucrarile-la-blocul-de-locuinte-sociale-din-prelungirea-ghencea-inca-blocate-este-necesar-un-nou-proiect-tehnic\/\"><strong>Lucr\u0103rile la blocul de locuin\u021be sociale din Prelungirea Ghencea, \u00eenc\u0103 blocate: \u201eEste necesar un nou proiect tehnic\u201d<\/strong><\/a><\/p>\n\n\n\n<h2 class=\"wp-block-heading\" id=\"h-\u0219trandul-giule\u0219ti-din-sectorul-6-ar-putea-fi-modernizat-cu-peste-4-milioane-de-euro\"><strong>\u0218trandul Giule\u0219ti din Sectorul 6 ar putea fi modernizat cu peste 4 milioane de euro<\/strong><\/h2>\n\n\n\n<p><strong>Buletin de Bucure\u0219ti <\/strong>scria anul trecut c\u0103 <a href=\"https:\/\/buletin.de\/bucuresti\/sector-6-strandul-giulesti-ar-putea-fi-modernizat-investitia-va-costa-peste-4-milioane-de-euro\/\">\u0218trandul Giule\u0219ti va fi modernizat<\/a> \u00een urma unui proiect aprobat de Consiliul Local al Sectorului 6 pe 28 august. Investi\u021bia se ridic\u0103 la peste 4 milioane de euro, iar durata estimat\u0103 a lucr\u0103rilor este de doi ani.<\/p>\n\n\n\n<p>Terenul are o suprafa\u021b\u0103 de aproape 4.000 de metri p\u0103tra\u021bi, este de\u021binut de Prim\u0103ria General\u0103 \u0219i se afl\u0103 \u00een administrarea Consiliului Local Sector 6.<\/p>\n\n\n\n<p>Pe terenul complexului, care se \u00eentinde pe 3.821 mp, vor fi demolate cl\u0103dirile existente. \u00cen locul lor vor fi construite noi facilit\u0103\u021bi, precum s\u0103li de sport, o cafenea, s\u0103li de recuperare \u0219i kinetoterapie, un punct de prim ajutor, \u0219i zone de activit\u0103\u021bi pentru copii.<\/p>\n\n\n\n<p>Bazinul de \u00eenot, cu o suprafa\u021b\u0103 de 636 metri p\u0103tra\u021bi, va fi acoperit \u0219i modernizat, <a href=\"https:\/\/www.primarie6.ro\/primarie_sector6\/strandul-si-baia-giulesti-vor-fi-reabilitate-si-modernizate-cum-vor-arata-si-cat-va-costa-investitia\">conform Prim\u0103riei Sectorului 6<\/a>. El va fi recondi\u021bionat cu pl\u0103ci de ceramic\u0103 antiderapant\u0103 \u0219i va fi aplicat\u0103 vopsea antimucegai.<\/p>\n\n\n\n<p><strong>De asemenea, structurile metalice vor fi tratate anticoroziv pentru a asigura durabilitatea \u00een mediul umed.<\/strong><\/p>\n\n\n\n<p>Baia public\u0103 va fi extins\u0103 cu un nou corp cu etaj, unde vor fi amenajate s\u0103li de fitness, spa\u021bii de recuperare, du\u0219uri \u0219i grupuri sanitare.<\/p>\n\n\n\n<p>Toate aceste spa\u021bii vor fi echipate cu pardoseli din pl\u0103ci ceramice antiderapante \u0219i pardoseal\u0103 de cauciuc fonoabsorbant\u0103, iar t\u00e2mpl\u0103ria va fi tratat\u0103 anticoroziv.<\/p>\n\n\n\n<p><strong>CITE\u0218TE \u0218I: <\/strong><a href=\"https:\/\/buletin.de\/bucuresti\/sector-6-strandul-giulesti-ar-putea-fi-modernizat-investitia-va-costa-peste-4-milioane-de-euro\/\"><strong>Sector 6 | \u0218trandul Giule\u0219ti ar putea fi modernizat. Investi\u021bia va costa peste 4 milioane de euro<\/strong><\/a><\/p>\n","protected":false},"excerpt":{"rendered":"<p>Consiliul Local al Sectorului 6 va vota \u00een \u0219edin\u021ba de joi, 13 martie, un proiect de hot\u0103r\u00e2re privind schimbarea destina\u021biei pentru bazinul de \u00eenot al \u0218colii Gimnaziale 311, de pe strada G\u00e2rleni nr. 10. Acesta va fi utilizat pentru activit\u0103\u021bi extra\u0219colare destinate tuturor elevilor \u0219i tinerilor din \u00eenv\u0103\u021b\u0103m\u00e2ntul preuniversitar al Sectorului 6. UPDATE: Proiectul a [&hellip;]<\/p>\n","protected":false},"author":59,"featured_media":122237,"comment_status":"closed","ping_status":"open","sticky":false,"template":"","format":"standard","meta":{"_acf_changed":false,"inline_featured_image":false,"ngg_post_thumbnail":0,"footnotes":""},"categories":[6994,24,62],"tags":[19786,9,2054,481,160,523,369],"ppma_author":[22572],"class_list":["post-122236","post","type-post","status-publish","format-standard","has-post-thumbnail","hentry","category-stiri-2","category-primarie","category-stiri","tag-bazin-inot-scoala-311","tag-bucuresti","tag-capitala","tag-educatie","tag-scoli","tag-sector-6","tag-sport"],"acf":[],"yoast_head":"<!-- This site is optimized with the Yoast SEO Premium plugin v25.3 (Yoast SEO v27.5) - https:\/\/yoast.com\/product\/yoast-seo-premium-wordpress\/ -->\n<title>Sector 6 | Bazinul de \u00eenot al \u0218colii 311 va fi folosit pentru activit\u0103\u021bi extra\u0219colare - Buletin de Bucure\u0219ti<\/title>\n<meta name=\"description\" content=\"Bazinul de \u00eenot al \u0219colii 311 va fi folosit pentru activit\u0103\u021bi extra\u0219colare de c\u0103tre to\u021bi elevii din Sectorul 6.\" \/>\n<meta name=\"robots\" content=\"index, follow, max-snippet:-1, max-image-preview:large, max-video-preview:-1\" \/>\n<link rel=\"canonical\" href=\"https:\/\/buletin.de\/bucuresti\/sector-6-bazinul-de-inot-al-scolii-311-va-fi-folosit-pentru-activitati-extrascolare\/\" \/>\n<meta property=\"og:locale\" content=\"en_GB\" \/>\n<meta property=\"og:type\" content=\"article\" \/>\n<meta property=\"og:title\" content=\"Sector 6 | Bazinul de \u00eenot al \u0218colii 311 va fi folosit pentru activit\u0103\u021bi extra\u0219colare\" \/>\n<meta property=\"og:description\" content=\"Bazinul de \u00eenot al \u0219colii 311 va fi folosit pentru activit\u0103\u021bi extra\u0219colare de c\u0103tre to\u021bi elevii din Sectorul 6.\" \/>\n<meta property=\"og:url\" content=\"https:\/\/buletin.de\/bucuresti\/sector-6-bazinul-de-inot-al-scolii-311-va-fi-folosit-pentru-activitati-extrascolare\/\" \/>\n<meta property=\"og:site_name\" content=\"Buletin de Bucure\u0219ti\" \/>\n<meta property=\"article:publisher\" content=\"https:\/\/www.facebook.com\/buletin.de.buc\" \/>\n<meta property=\"article:published_time\" content=\"2025-03-12T03:03:00+00:00\" \/>\n<meta property=\"article:modified_time\" content=\"2025-03-13T14:06:25+00:00\" \/>\n<meta property=\"og:image\" content=\"https:\/\/buletin.de\/bucuresti\/wp-content\/uploads\/2025\/03\/unnamed.jpg\" \/>\n\t<meta property=\"og:image:width\" content=\"1360\" \/>\n\t<meta property=\"og:image:height\" content=\"584\" \/>\n\t<meta property=\"og:image:type\" content=\"image\/jpeg\" \/>\n<meta name=\"author\" content=\"C\u0103t\u0103lin Anghel-Dimache\" \/>\n<meta name=\"twitter:card\" content=\"summary_large_image\" \/>\n<meta name=\"twitter:label1\" content=\"Written by\" \/>\n\t<meta name=\"twitter:data1\" content=\"C\u0103t\u0103lin Anghel-Dimache\" \/>\n\t<meta name=\"twitter:label2\" content=\"Estimated reading time\" \/>\n\t<meta name=\"twitter:data2\" content=\"3 minutes\" \/>\n<script type=\"application\/ld+json\" class=\"yoast-schema-graph\">{\"@context\":\"https:\\\/\\\/schema.org\",\"@graph\":[{\"@type\":\"Article\",\"@id\":\"https:\\\/\\\/buletin.de\\\/bucuresti\\\/sector-6-bazinul-de-inot-al-scolii-311-va-fi-folosit-pentru-activitati-extrascolare\\\/#article\",\"isPartOf\":{\"@id\":\"https:\\\/\\\/buletin.de\\\/bucuresti\\\/sector-6-bazinul-de-inot-al-scolii-311-va-fi-folosit-pentru-activitati-extrascolare\\\/\"},\"author\":{\"name\":\"C\u0103t\u0103lin Anghel-Dimache\",\"@id\":\"https:\\\/\\\/buletin.de\\\/bucuresti\\\/#\\\/schema\\\/person\\\/0ac9db30080482be87c7386a30f98796\"},\"headline\":\"Sector 6 | Bazinul de \u00eenot al \u0218colii 311 va fi folosit pentru activit\u0103\u021bi extra\u0219colare\",\"datePublished\":\"2025-03-12T03:03:00+00:00\",\"dateModified\":\"2025-03-13T14:06:25+00:00\",\"mainEntityOfPage\":{\"@id\":\"https:\\\/\\\/buletin.de\\\/bucuresti\\\/sector-6-bazinul-de-inot-al-scolii-311-va-fi-folosit-pentru-activitati-extrascolare\\\/\"},\"wordCount\":642,\"publisher\":{\"@id\":\"https:\\\/\\\/buletin.de\\\/bucuresti\\\/#organization\"},\"image\":{\"@id\":\"https:\\\/\\\/buletin.de\\\/bucuresti\\\/sector-6-bazinul-de-inot-al-scolii-311-va-fi-folosit-pentru-activitati-extrascolare\\\/#primaryimage\"},\"thumbnailUrl\":\"https:\\\/\\\/buletin.de\\\/bucuresti\\\/wp-content\\\/uploads\\\/2025\\\/03\\\/unnamed.jpg\",\"keywords\":[\"bazin inot scoala 311\",\"bucuresti\",\"Capitala\",\"educatie\",\"scoli\",\"Sector 6\",\"sport\"],\"articleSection\":[\"Articole\",\"Prim\u0103rie\",\"\u0218tiri\"],\"inLanguage\":\"en-GB\",\"copyrightYear\":\"2025\",\"copyrightHolder\":{\"@id\":\"https:\\\/\\\/buletin.de\\\/bucuresti\\\/#organization\"}},{\"@type\":\"WebPage\",\"@id\":\"https:\\\/\\\/buletin.de\\\/bucuresti\\\/sector-6-bazinul-de-inot-al-scolii-311-va-fi-folosit-pentru-activitati-extrascolare\\\/\",\"url\":\"https:\\\/\\\/buletin.de\\\/bucuresti\\\/sector-6-bazinul-de-inot-al-scolii-311-va-fi-folosit-pentru-activitati-extrascolare\\\/\",\"name\":\"Sector 6 | Bazinul de \u00eenot al \u0218colii 311 va fi folosit pentru activit\u0103\u021bi extra\u0219colare - Buletin de Bucure\u0219ti\",\"isPartOf\":{\"@id\":\"https:\\\/\\\/buletin.de\\\/bucuresti\\\/#website\"},\"primaryImageOfPage\":{\"@id\":\"https:\\\/\\\/buletin.de\\\/bucuresti\\\/sector-6-bazinul-de-inot-al-scolii-311-va-fi-folosit-pentru-activitati-extrascolare\\\/#primaryimage\"},\"image\":{\"@id\":\"https:\\\/\\\/buletin.de\\\/bucuresti\\\/sector-6-bazinul-de-inot-al-scolii-311-va-fi-folosit-pentru-activitati-extrascolare\\\/#primaryimage\"},\"thumbnailUrl\":\"https:\\\/\\\/buletin.de\\\/bucuresti\\\/wp-content\\\/uploads\\\/2025\\\/03\\\/unnamed.jpg\",\"datePublished\":\"2025-03-12T03:03:00+00:00\",\"dateModified\":\"2025-03-13T14:06:25+00:00\",\"description\":\"Bazinul de \u00eenot al \u0219colii 311 va fi folosit pentru activit\u0103\u021bi extra\u0219colare de c\u0103tre to\u021bi elevii din Sectorul 6.\",\"breadcrumb\":{\"@id\":\"https:\\\/\\\/buletin.de\\\/bucuresti\\\/sector-6-bazinul-de-inot-al-scolii-311-va-fi-folosit-pentru-activitati-extrascolare\\\/#breadcrumb\"},\"inLanguage\":\"en-GB\",\"potentialAction\":[{\"@type\":\"ReadAction\",\"target\":[\"https:\\\/\\\/buletin.de\\\/bucuresti\\\/sector-6-bazinul-de-inot-al-scolii-311-va-fi-folosit-pentru-activitati-extrascolare\\\/\"]}]},{\"@type\":\"ImageObject\",\"inLanguage\":\"en-GB\",\"@id\":\"https:\\\/\\\/buletin.de\\\/bucuresti\\\/sector-6-bazinul-de-inot-al-scolii-311-va-fi-folosit-pentru-activitati-extrascolare\\\/#primaryimage\",\"url\":\"https:\\\/\\\/buletin.de\\\/bucuresti\\\/wp-content\\\/uploads\\\/2025\\\/03\\\/unnamed.jpg\",\"contentUrl\":\"https:\\\/\\\/buletin.de\\\/bucuresti\\\/wp-content\\\/uploads\\\/2025\\\/03\\\/unnamed.jpg\",\"width\":1360,\"height\":584,\"caption\":\"Bazinul de \u00eenot al \u0218colii 311 va fi folosit pentru activit\u0103\u021bi extra\u0219colare. Foto: aqua-sport.ro\"},{\"@type\":\"BreadcrumbList\",\"@id\":\"https:\\\/\\\/buletin.de\\\/bucuresti\\\/sector-6-bazinul-de-inot-al-scolii-311-va-fi-folosit-pentru-activitati-extrascolare\\\/#breadcrumb\",\"itemListElement\":[{\"@type\":\"ListItem\",\"position\":1,\"name\":\"Acas\u0103\",\"item\":\"https:\\\/\\\/buletin.de\\\/bucuresti\\\/\"},{\"@type\":\"ListItem\",\"position\":2,\"name\":\"Sector 6 | Bazinul de \u00eenot al \u0218colii 311 va fi folosit pentru activit\u0103\u021bi extra\u0219colare\"}]},{\"@type\":\"WebSite\",\"@id\":\"https:\\\/\\\/buletin.de\\\/bucuresti\\\/#website\",\"url\":\"https:\\\/\\\/buletin.de\\\/bucuresti\\\/\",\"name\":\"Buletin de Bucure\u0219ti\",\"description\":\"\u0218tiri \u0219i investiga\u021bii esen\u021biale din capital\u0103\",\"publisher\":{\"@id\":\"https:\\\/\\\/buletin.de\\\/bucuresti\\\/#organization\"},\"potentialAction\":[{\"@type\":\"SearchAction\",\"target\":{\"@type\":\"EntryPoint\",\"urlTemplate\":\"https:\\\/\\\/buletin.de\\\/bucuresti\\\/?s={search_term_string}\"},\"query-input\":{\"@type\":\"PropertyValueSpecification\",\"valueRequired\":true,\"valueName\":\"search_term_string\"}}],\"inLanguage\":\"en-GB\"},{\"@type\":\"Organization\",\"@id\":\"https:\\\/\\\/buletin.de\\\/bucuresti\\\/#organization\",\"name\":\"Buletin de Bucure\u0219ti\",\"url\":\"https:\\\/\\\/buletin.de\\\/bucuresti\\\/\",\"logo\":{\"@type\":\"ImageObject\",\"inLanguage\":\"en-GB\",\"@id\":\"https:\\\/\\\/buletin.de\\\/bucuresti\\\/#\\\/schema\\\/logo\\\/image\\\/\",\"url\":\"https:\\\/\\\/buletin.de\\\/bucuresti\\\/wp-content\\\/uploads\\\/logo-bdb-full-wide-vernil-transparent.png\",\"contentUrl\":\"https:\\\/\\\/buletin.de\\\/bucuresti\\\/wp-content\\\/uploads\\\/logo-bdb-full-wide-vernil-transparent.png\",\"width\":1782,\"height\":626,\"caption\":\"Buletin de Bucure\u0219ti\"},\"image\":{\"@id\":\"https:\\\/\\\/buletin.de\\\/bucuresti\\\/#\\\/schema\\\/logo\\\/image\\\/\"},\"sameAs\":[\"https:\\\/\\\/www.facebook.com\\\/buletin.de.buc\",\"https:\\\/\\\/www.instagram.com\\\/buletinde.bucuresti\\\/\"]},{\"@type\":\"Person\",\"@id\":\"https:\\\/\\\/buletin.de\\\/bucuresti\\\/#\\\/schema\\\/person\\\/0ac9db30080482be87c7386a30f98796\",\"name\":\"C\u0103t\u0103lin Anghel-Dimache\",\"image\":{\"@type\":\"ImageObject\",\"inLanguage\":\"en-GB\",\"@id\":\"https:\\\/\\\/buletin.de\\\/bucuresti\\\/wp-content\\\/uploads\\\/Catalin-Anghel-Dimache-96x96.jpgbd9e43c5b25186d5b8e917ac61ad86c4\",\"url\":\"https:\\\/\\\/buletin.de\\\/bucuresti\\\/wp-content\\\/uploads\\\/Catalin-Anghel-Dimache-96x96.jpg\",\"contentUrl\":\"https:\\\/\\\/buletin.de\\\/bucuresti\\\/wp-content\\\/uploads\\\/Catalin-Anghel-Dimache-96x96.jpg\",\"caption\":\"C\u0103t\u0103lin Anghel-Dimache\"},\"description\":\"A absolvit Facultatea de Jurnalism \u0219i \u0218tiin\u021bele Comunic\u0103rii a Universit\u0103\u021bii din Bucure\u0219ti \u00een 2024. Scrie despre mediu \u0219i teme sociale, dar \u0219i despre cum se reflect\u0103 ele \u00een via\u021ba cotidian\u0103 a bucure\u0219tenilor, cu un ochi atent la pove\u0219tile personale din spatele titlurilor. N\u0103scut \u0219i crescut \u00een Bucure\u0219ti, a f\u0103cut un pas c\u0103tre presa local\u0103, din pasiune pentru ora\u0219ul s\u0103u \u0219i oamenii din el.\",\"url\":\"https:\\\/\\\/buletin.de\\\/bucuresti\\\/author\\\/catalin-anghel-dimache\\\/\"}]}<\/script>\n<!-- \/ Yoast SEO Premium plugin. -->","yoast_head_json":{"title":"Sector 6 | Bazinul de \u00eenot al \u0218colii 311 va fi folosit pentru activit\u0103\u021bi extra\u0219colare - Buletin de Bucure\u0219ti","description":"Bazinul de \u00eenot al \u0219colii 311 va fi folosit pentru activit\u0103\u021bi extra\u0219colare de c\u0103tre to\u021bi elevii din Sectorul 6.","robots":{"index":"index","follow":"follow","max-snippet":"max-snippet:-1","max-image-preview":"max-image-preview:large","max-video-preview":"max-video-preview:-1"},"canonical":"https:\/\/buletin.de\/bucuresti\/sector-6-bazinul-de-inot-al-scolii-311-va-fi-folosit-pentru-activitati-extrascolare\/","og_locale":"en_GB","og_type":"article","og_title":"Sector 6 | Bazinul de \u00eenot al \u0218colii 311 va fi folosit pentru activit\u0103\u021bi extra\u0219colare","og_description":"Bazinul de \u00eenot al \u0219colii 311 va fi folosit pentru activit\u0103\u021bi extra\u0219colare de c\u0103tre to\u021bi elevii din Sectorul 6.","og_url":"https:\/\/buletin.de\/bucuresti\/sector-6-bazinul-de-inot-al-scolii-311-va-fi-folosit-pentru-activitati-extrascolare\/","og_site_name":"Buletin de Bucure\u0219ti","article_publisher":"https:\/\/www.facebook.com\/buletin.de.buc","article_published_time":"2025-03-12T03:03:00+00:00","article_modified_time":"2025-03-13T14:06:25+00:00","og_image":[{"width":1360,"height":584,"url":"https:\/\/buletin.de\/bucuresti\/wp-content\/uploads\/2025\/03\/unnamed.jpg","type":"image\/jpeg"}],"author":"C\u0103t\u0103lin Anghel-Dimache","twitter_card":"summary_large_image","twitter_misc":{"Written by":"C\u0103t\u0103lin Anghel-Dimache","Estimated reading time":"3 minutes"},"schema":{"@context":"https:\/\/schema.org","@graph":[{"@type":"Article","@id":"https:\/\/buletin.de\/bucuresti\/sector-6-bazinul-de-inot-al-scolii-311-va-fi-folosit-pentru-activitati-extrascolare\/#article","isPartOf":{"@id":"https:\/\/buletin.de\/bucuresti\/sector-6-bazinul-de-inot-al-scolii-311-va-fi-folosit-pentru-activitati-extrascolare\/"},"author":{"name":"C\u0103t\u0103lin Anghel-Dimache","@id":"https:\/\/buletin.de\/bucuresti\/#\/schema\/person\/0ac9db30080482be87c7386a30f98796"},"headline":"Sector 6 | Bazinul de \u00eenot al \u0218colii 311 va fi folosit pentru activit\u0103\u021bi extra\u0219colare","datePublished":"2025-03-12T03:03:00+00:00","dateModified":"2025-03-13T14:06:25+00:00","mainEntityOfPage":{"@id":"https:\/\/buletin.de\/bucuresti\/sector-6-bazinul-de-inot-al-scolii-311-va-fi-folosit-pentru-activitati-extrascolare\/"},"wordCount":642,"publisher":{"@id":"https:\/\/buletin.de\/bucuresti\/#organization"},"image":{"@id":"https:\/\/buletin.de\/bucuresti\/sector-6-bazinul-de-inot-al-scolii-311-va-fi-folosit-pentru-activitati-extrascolare\/#primaryimage"},"thumbnailUrl":"https:\/\/buletin.de\/bucuresti\/wp-content\/uploads\/2025\/03\/unnamed.jpg","keywords":["bazin inot scoala 311","bucuresti","Capitala","educatie","scoli","Sector 6","sport"],"articleSection":["Articole","Prim\u0103rie","\u0218tiri"],"inLanguage":"en-GB","copyrightYear":"2025","copyrightHolder":{"@id":"https:\/\/buletin.de\/bucuresti\/#organization"}},{"@type":"WebPage","@id":"https:\/\/buletin.de\/bucuresti\/sector-6-bazinul-de-inot-al-scolii-311-va-fi-folosit-pentru-activitati-extrascolare\/","url":"https:\/\/buletin.de\/bucuresti\/sector-6-bazinul-de-inot-al-scolii-311-va-fi-folosit-pentru-activitati-extrascolare\/","name":"Sector 6 | Bazinul de \u00eenot al \u0218colii 311 va fi folosit pentru activit\u0103\u021bi extra\u0219colare - Buletin de Bucure\u0219ti","isPartOf":{"@id":"https:\/\/buletin.de\/bucuresti\/#website"},"primaryImageOfPage":{"@id":"https:\/\/buletin.de\/bucuresti\/sector-6-bazinul-de-inot-al-scolii-311-va-fi-folosit-pentru-activitati-extrascolare\/#primaryimage"},"image":{"@id":"https:\/\/buletin.de\/bucuresti\/sector-6-bazinul-de-inot-al-scolii-311-va-fi-folosit-pentru-activitati-extrascolare\/#primaryimage"},"thumbnailUrl":"https:\/\/buletin.de\/bucuresti\/wp-content\/uploads\/2025\/03\/unnamed.jpg","datePublished":"2025-03-12T03:03:00+00:00","dateModified":"2025-03-13T14:06:25+00:00","description":"Bazinul de \u00eenot al \u0219colii 311 va fi folosit pentru activit\u0103\u021bi extra\u0219colare de c\u0103tre to\u021bi elevii din Sectorul 6.","breadcrumb":{"@id":"https:\/\/buletin.de\/bucuresti\/sector-6-bazinul-de-inot-al-scolii-311-va-fi-folosit-pentru-activitati-extrascolare\/#breadcrumb"},"inLanguage":"en-GB","potentialAction":[{"@type":"ReadAction","target":["https:\/\/buletin.de\/bucuresti\/sector-6-bazinul-de-inot-al-scolii-311-va-fi-folosit-pentru-activitati-extrascolare\/"]}]},{"@type":"ImageObject","inLanguage":"en-GB","@id":"https:\/\/buletin.de\/bucuresti\/sector-6-bazinul-de-inot-al-scolii-311-va-fi-folosit-pentru-activitati-extrascolare\/#primaryimage","url":"https:\/\/buletin.de\/bucuresti\/wp-content\/uploads\/2025\/03\/unnamed.jpg","contentUrl":"https:\/\/buletin.de\/bucuresti\/wp-content\/uploads\/2025\/03\/unnamed.jpg","width":1360,"height":584,"caption":"Bazinul de \u00eenot al \u0218colii 311 va fi folosit pentru activit\u0103\u021bi extra\u0219colare. Foto: aqua-sport.ro"},{"@type":"BreadcrumbList","@id":"https:\/\/buletin.de\/bucuresti\/sector-6-bazinul-de-inot-al-scolii-311-va-fi-folosit-pentru-activitati-extrascolare\/#breadcrumb","itemListElement":[{"@type":"ListItem","position":1,"name":"Acas\u0103","item":"https:\/\/buletin.de\/bucuresti\/"},{"@type":"ListItem","position":2,"name":"Sector 6 | Bazinul de \u00eenot al \u0218colii 311 va fi folosit pentru activit\u0103\u021bi extra\u0219colare"}]},{"@type":"WebSite","@id":"https:\/\/buletin.de\/bucuresti\/#website","url":"https:\/\/buletin.de\/bucuresti\/","name":"Buletin de Bucure\u0219ti","description":"\u0218tiri \u0219i investiga\u021bii esen\u021biale din capital\u0103","publisher":{"@id":"https:\/\/buletin.de\/bucuresti\/#organization"},"potentialAction":[{"@type":"SearchAction","target":{"@type":"EntryPoint","urlTemplate":"https:\/\/buletin.de\/bucuresti\/?s={search_term_string}"},"query-input":{"@type":"PropertyValueSpecification","valueRequired":true,"valueName":"search_term_string"}}],"inLanguage":"en-GB"},{"@type":"Organization","@id":"https:\/\/buletin.de\/bucuresti\/#organization","name":"Buletin de Bucure\u0219ti","url":"https:\/\/buletin.de\/bucuresti\/","logo":{"@type":"ImageObject","inLanguage":"en-GB","@id":"https:\/\/buletin.de\/bucuresti\/#\/schema\/logo\/image\/","url":"https:\/\/buletin.de\/bucuresti\/wp-content\/uploads\/logo-bdb-full-wide-vernil-transparent.png","contentUrl":"https:\/\/buletin.de\/bucuresti\/wp-content\/uploads\/logo-bdb-full-wide-vernil-transparent.png","width":1782,"height":626,"caption":"Buletin de Bucure\u0219ti"},"image":{"@id":"https:\/\/buletin.de\/bucuresti\/#\/schema\/logo\/image\/"},"sameAs":["https:\/\/www.facebook.com\/buletin.de.buc","https:\/\/www.instagram.com\/buletinde.bucuresti\/"]},{"@type":"Person","@id":"https:\/\/buletin.de\/bucuresti\/#\/schema\/person\/0ac9db30080482be87c7386a30f98796","name":"C\u0103t\u0103lin Anghel-Dimache","image":{"@type":"ImageObject","inLanguage":"en-GB","@id":"https:\/\/buletin.de\/bucuresti\/wp-content\/uploads\/Catalin-Anghel-Dimache-96x96.jpgbd9e43c5b25186d5b8e917ac61ad86c4","url":"https:\/\/buletin.de\/bucuresti\/wp-content\/uploads\/Catalin-Anghel-Dimache-96x96.jpg","contentUrl":"https:\/\/buletin.de\/bucuresti\/wp-content\/uploads\/Catalin-Anghel-Dimache-96x96.jpg","caption":"C\u0103t\u0103lin Anghel-Dimache"},"description":"A absolvit Facultatea de Jurnalism \u0219i \u0218tiin\u021bele Comunic\u0103rii a Universit\u0103\u021bii din Bucure\u0219ti \u00een 2024. Scrie despre mediu \u0219i teme sociale, dar \u0219i despre cum se reflect\u0103 ele \u00een via\u021ba cotidian\u0103 a bucure\u0219tenilor, cu un ochi atent la pove\u0219tile personale din spatele titlurilor. N\u0103scut \u0219i crescut \u00een Bucure\u0219ti, a f\u0103cut un pas c\u0103tre presa local\u0103, din pasiune pentru ora\u0219ul s\u0103u \u0219i oamenii din el.","url":"https:\/\/buletin.de\/bucuresti\/author\/catalin-anghel-dimache\/"}]}},"authors":[{"term_id":22572,"user_id":59,"is_guest":0,"slug":"catalin-anghel-dimache","display_name":"C\u0103t\u0103lin Anghel-Dimache","avatar_url":"https:\/\/buletin.de\/bucuresti\/wp-content\/uploads\/Catalin-Anghel-Dimache-96x96.jpg","0":null,"1":"","2":"","3":"","4":"","5":"","6":"","7":"","8":""}],"_links":{"self":[{"href":"https:\/\/buletin.de\/bucuresti\/wp-json\/wp\/v2\/posts\/122236","targetHints":{"allow":["GET"]}}],"collection":[{"href":"https:\/\/buletin.de\/bucuresti\/wp-json\/wp\/v2\/posts"}],"about":[{"href":"https:\/\/buletin.de\/bucuresti\/wp-json\/wp\/v2\/types\/post"}],"author":[{"embeddable":true,"href":"https:\/\/buletin.de\/bucuresti\/wp-json\/wp\/v2\/users\/59"}],"replies":[{"embeddable":true,"href":"https:\/\/buletin.de\/bucuresti\/wp-json\/wp\/v2\/comments?post=122236"}],"version-history":[{"count":6,"href":"https:\/\/buletin.de\/bucuresti\/wp-json\/wp\/v2\/posts\/122236\/revisions"}],"predecessor-version":[{"id":122486,"href":"https:\/\/buletin.de\/bucuresti\/wp-json\/wp\/v2\/posts\/122236\/revisions\/122486"}],"wp:featuredmedia":[{"embeddable":true,"href":"https:\/\/buletin.de\/bucuresti\/wp-json\/wp\/v2\/media\/122237"}],"wp:attachment":[{"href":"https:\/\/buletin.de\/bucuresti\/wp-json\/wp\/v2\/media?parent=122236"}],"wp:term":[{"taxonomy":"category","embeddable":true,"href":"https:\/\/buletin.de\/bucuresti\/wp-json\/wp\/v2\/categories?post=122236"},{"taxonomy":"post_tag","embeddable":true,"href":"https:\/\/buletin.de\/bucuresti\/wp-json\/wp\/v2\/tags?post=122236"},{"taxonomy":"author","embeddable":true,"href":"https:\/\/buletin.de\/bucuresti\/wp-json\/wp\/v2\/ppma_author?post=122236"}],"curies":[{"name":"wp","href":"https:\/\/api.w.org\/{rel}","templated":true}]}}