{"id":122008,"date":"2025-03-10T09:58:16","date_gmt":"2025-03-10T06:58:16","guid":{"rendered":"https:\/\/buletin.de\/bucuresti\/?p=122008"},"modified":"2025-03-10T10:48:19","modified_gmt":"2025-03-10T07:48:19","slug":"cursa-tarom-operata-de-un-echipaj-integral-feminin-de-8-martie","status":"publish","type":"post","link":"https:\/\/buletin.de\/bucuresti\/cursa-tarom-operata-de-un-echipaj-integral-feminin-de-8-martie\/","title":{"rendered":"Curs\u0103 TAROM operat\u0103 de un echipaj integral feminin, de 8 martie"},"content":{"rendered":"\n<p><strong>O curs\u0103 TAROM a fost operat\u0103 de un echipaj integral feminin, de Ziua Interna\u0163ional\u0103 a Femeii. Este vorba de zborul RO203\/4 pe rela\u021bia Bucure\u0219ti-Chi\u0219in\u0103u-Bucure\u0219ti, pe data de 8 martie.<\/strong><\/p>\n\n\n\n<p>Potrivit operatorului de stat, cursa aerian\u0103 a fost efectuat\u0103 de c\u0103tre un echipaj compus din patru femei. La man\u0219a avionului s-au aflat comandant instructorul Cristina Carp, al\u0103turi de Ramona Dumitru, care i-a fost copilot. Zborul a plecat de la Bucure\u0219ti la ora 12:35, ca dup\u0103 aproximativ o or\u0103 s\u0103 ajung\u0103 la destina\u021bie, \u00een capitala Republicii Moldova.<\/p>\n\n\n\n<p>\u201e<em>Suntem m\u00e2ndri c\u0103 am putut marca \u00eempreun\u0103 Ziua Interna\u021bional\u0103 a Femeii demonstr\u00e2nd, \u00eenc\u0103 o dat\u0103, for\u021ba \u0219i inspira\u021bia pe care femeile le aduc \u00een fiecare domeniu\u201d,<\/em> au scris cei de la TAROM, \u00eentr-o <a href=\"https:\/\/www.facebook.com\/tarom.ro\/posts\/1016179000558144?ref=embed_post\">postare<\/a> pe Facebook<\/p>\n\n\n\n<p>La finalul cursei, echipajul feminin a fost a\u0219teptat cu buchete de flori, pe Aeroportul Interna\u021bional Chi\u0219in\u0103u.<\/p>\n\n\n\n<div class=\"wp-block-buttons is-content-justification-center is-layout-flex wp-container-core-buttons-is-layout-16018d1d wp-block-buttons-is-layout-flex\">\n<div class=\"wp-block-button has-custom-width wp-block-button__width-100\"><a class=\"wp-block-button__link wp-element-button\" href=\"https:\/\/www.patreon.com\/BuletinDeBucuresti\"><strong>Sus\u021bine Buletin de Bucure\u0219ti pentru investiga\u021bii, reportaje \u0219i \u0219tiri Locale<\/strong><\/a><\/div>\n<\/div>\n\n\n\n<figure class=\"wp-block-image size-large\"><img fetchpriority=\"high\" decoding=\"async\" width=\"987\" height=\"1000\" src=\"data:image\/gif;base64,R0lGODlhAQABAAAAACH5BAEKAAEALAAAAAABAAEAAAICTAEAOw==\" data-src=\"https:\/\/buletin.de\/bucuresti\/wp-content\/uploads\/2025\/03\/483843473_18472448815065828_3316075419440197007_n-1-987x1000.jpg\" alt=\"\" class=\"wp-image-122010 lazyload\" data-sizes=\"auto\" data-srcset=\"https:\/\/buletin.de\/bucuresti\/wp-content\/uploads\/2025\/03\/483843473_18472448815065828_3316075419440197007_n-1-987x1000.jpg 987w, https:\/\/buletin.de\/bucuresti\/wp-content\/uploads\/2025\/03\/483843473_18472448815065828_3316075419440197007_n-1-296x300.jpg 296w, https:\/\/buletin.de\/bucuresti\/wp-content\/uploads\/2025\/03\/483843473_18472448815065828_3316075419440197007_n-1-768x778.jpg 768w, https:\/\/buletin.de\/bucuresti\/wp-content\/uploads\/2025\/03\/483843473_18472448815065828_3316075419440197007_n-1-24x24.jpg 24w, https:\/\/buletin.de\/bucuresti\/wp-content\/uploads\/2025\/03\/483843473_18472448815065828_3316075419440197007_n-1-48x48.jpg 48w, https:\/\/buletin.de\/bucuresti\/wp-content\/uploads\/2025\/03\/483843473_18472448815065828_3316075419440197007_n-1-96x96.jpg 96w, https:\/\/buletin.de\/bucuresti\/wp-content\/uploads\/2025\/03\/483843473_18472448815065828_3316075419440197007_n-1-1100x1115.jpg 1100w, https:\/\/buletin.de\/bucuresti\/wp-content\/uploads\/2025\/03\/483843473_18472448815065828_3316075419440197007_n-1-600x608.jpg 600w, https:\/\/buletin.de\/bucuresti\/wp-content\/uploads\/2025\/03\/483843473_18472448815065828_3316075419440197007_n-1-20x20.jpg 20w, https:\/\/buletin.de\/bucuresti\/wp-content\/uploads\/2025\/03\/483843473_18472448815065828_3316075419440197007_n-1.jpg 1440w\" sizes=\"(max-width: 987px) 100vw, 987px\" \/><figcaption class=\"wp-element-caption\">Echipaj integral feminin, a\u0219teptat cu flori pe Aeroportul Interna\u021bional Chi\u0219in\u0103u FOTO: TAROM<\/figcaption><\/figure>\n\n\n\n<p><strong>CITE\u0218TE \u0218I: <a href=\"https:\/\/buletin.de\/bucuresti\/tren-alstom-retras-din-circulatie-dupa-ce-a-fost-atacat-cu-pietre-in-zona-chitila-mai-multe-curse-au-fost-suspendate\/\">Tren Alstom retras din circula\u0163ie dup\u0103 ce a fost atacat cu pietre, \u00een zona Chitila. Mai multe curse au fost suspendate<\/a><\/strong><\/p>\n\n\n\n<h2 class=\"wp-block-heading\" id=\"h-o-noua-ruta-bucure\u0219ti-chi\u0219inau-va-fi-operata-de-la-finalul-lunii-martie-pe-langa-cele-ale-tarom\">O nou\u0103 rut\u0103 Bucure\u0219ti-Chi\u0219in\u0103u va fi operat\u0103 de la finalul lunii martie, pe l\u00e2ng\u0103 cele ale TAROM<\/h2>\n\n\n\n<p><strong>O nou\u0103 rut\u0103&nbsp;c\u0103tre Chi\u0219in\u0103u va fi lansat\u0103 la finalul lunii martie. Compania aerian\u0103 Wizz Air v\u0103 introduce zborul Bucure\u0219ti-Chi\u0219in\u0103u, din 30 martie 2025. <\/strong>Pe aceast\u0103 nou\u0103 rut\u0103 Bucure\u0219ti-Chi\u0219in\u0103u va fi introdus\u0103 o alt\u0103 aeronav\u0103 Airbus A321neo, de ultim\u0103 genera\u021bie.<\/p>\n\n\n\n<p>Cu acest avion, flota Wizz Air Bucure\u015fti va ajunge la 19 aeronave Airbus, dup\u0103 cum Buletin de Bucure\u0219ti scria \u00eenc\u0103 de la \u00eenceputul lunii noiembrie a anului trecut.<\/p>\n\n\n\n<p>Pre\u021bul curselor porne\u0219te de la 159 de lei, iar timpul de zbor va fi de o or\u0103 \u0219i zece minute, respectiv o or\u0103 \u0219i 15 minute pentru zborul de \u00eentoarcere. <\/p>\n\n\n\n<p>De asemenea, compania va cre\u0219te frecven\u021bele pe 11 rute existente din Bucure\u0219ti. Dup\u0103 cum reiese chiar din calculele companiei se vor ad\u0103uga 700.000 de locuri noi puse \u00een v\u00e2nzare pentru pasagerii care c\u0103l\u0103toresc spre \u0219i dinspre Bucure\u0219ti, din vara anului viitor.<\/p>\n\n\n\n<p>\u00cen prezent, compania opereaz\u0103 o flot\u0103 de 224 de aeronave Airbus A320 \u015fi A32. Mai mult, 62 de milioane de pasageri au ales Wizz Air \u00een anul financiar 2024.<\/p>\n\n\n\n<p><strong>CITE\u0218TE \u0218I: <a href=\"https:\/\/buletin.de\/bucuresti\/o-noua-ruta\/\">O nou\u0103 rut\u0103 Wizz Air. Zborul Bucure\u0219ti-Chi\u0219in\u0103u va fi opera\u021bional din 2025<\/a><\/strong><\/p>\n","protected":false},"excerpt":{"rendered":"<p>O curs\u0103 TAROM a fost operat\u0103 de un echipaj integral feminin, de Ziua Interna\u0163ional\u0103 a Femeii. Este vorba de zborul RO203\/4 pe rela\u021bia Bucure\u0219ti-Chi\u0219in\u0103u-Bucure\u0219ti, pe data de 8 martie. Potrivit operatorului de stat, cursa aerian\u0103 a fost efectuat\u0103 de c\u0103tre un echipaj compus din patru femei. La man\u0219a avionului s-au aflat comandant instructorul Cristina Carp, [&hellip;]<\/p>\n","protected":false},"author":61,"featured_media":122011,"comment_status":"closed","ping_status":"open","sticky":false,"template":"","format":"standard","meta":{"_acf_changed":false,"inline_featured_image":false,"ngg_post_thumbnail":0,"footnotes":""},"categories":[6994,1,62],"tags":[19728,19725,19726,19727],"ppma_author":[22577],"class_list":["post-122008","post","type-post","status-publish","format-standard","has-post-thumbnail","hentry","category-stiri-2","category-diverse","category-stiri","tag-avion-operat-de-femei","tag-cursa-tarom","tag-echipaj-feminim-de-8-martie","tag-echipaj-integral-feminin-tarom"],"acf":[],"yoast_head":"<!-- This site is optimized with the Yoast SEO Premium plugin v25.3 (Yoast SEO v27.5) - https:\/\/yoast.com\/product\/yoast-seo-premium-wordpress\/ -->\n<title>Curs\u0103 TAROM operat\u0103 de un echipaj integral feminin, de 8 martie - Buletin de Bucure\u0219ti<\/title>\n<meta name=\"description\" content=\"Curs\u0103 TAROM operat\u0103 de un echipaj integral feminin, de 8 martie. Acesta, a decolat de Ziua Interna\u021bional\u0103 a Femeii \u00eenso\u021bind zborul RO203\/4.\" \/>\n<meta name=\"robots\" content=\"index, follow, max-snippet:-1, max-image-preview:large, max-video-preview:-1\" \/>\n<link rel=\"canonical\" href=\"https:\/\/buletin.de\/bucuresti\/cursa-tarom-operata-de-un-echipaj-integral-feminin-de-8-martie\/\" \/>\n<meta property=\"og:locale\" content=\"en_GB\" \/>\n<meta property=\"og:type\" content=\"article\" \/>\n<meta property=\"og:title\" content=\"Curs\u0103 TAROM operat\u0103 de un echipaj integral feminin, de 8 martie\" \/>\n<meta property=\"og:description\" content=\"Curs\u0103 TAROM operat\u0103 de un echipaj integral feminin, de 8 martie. Acesta, a decolat de Ziua Interna\u021bional\u0103 a Femeii \u00eenso\u021bind zborul RO203\/4.\" \/>\n<meta property=\"og:url\" content=\"https:\/\/buletin.de\/bucuresti\/cursa-tarom-operata-de-un-echipaj-integral-feminin-de-8-martie\/\" \/>\n<meta property=\"og:site_name\" content=\"Buletin de Bucure\u0219ti\" \/>\n<meta property=\"article:publisher\" content=\"https:\/\/www.facebook.com\/buletin.de.buc\" \/>\n<meta property=\"article:published_time\" content=\"2025-03-10T06:58:16+00:00\" \/>\n<meta property=\"article:modified_time\" content=\"2025-03-10T07:48:19+00:00\" \/>\n<meta property=\"og:image\" content=\"https:\/\/buletin.de\/bucuresti\/wp-content\/uploads\/2025\/03\/483212056_18472448824065828_7566100643095330746_n.jpg\" \/>\n\t<meta property=\"og:image:width\" content=\"1056\" \/>\n\t<meta property=\"og:image:height\" content=\"1070\" \/>\n\t<meta property=\"og:image:type\" content=\"image\/jpeg\" \/>\n<meta name=\"author\" content=\"Alexandru Stan\" \/>\n<meta name=\"twitter:card\" content=\"summary_large_image\" \/>\n<meta name=\"twitter:label1\" content=\"Written by\" \/>\n\t<meta name=\"twitter:data1\" content=\"Alexandru Stan\" \/>\n\t<meta name=\"twitter:label2\" content=\"Estimated reading time\" \/>\n\t<meta name=\"twitter:data2\" content=\"3 minutes\" \/>\n<script type=\"application\/ld+json\" class=\"yoast-schema-graph\">{\"@context\":\"https:\\\/\\\/schema.org\",\"@graph\":[{\"@type\":\"Article\",\"@id\":\"https:\\\/\\\/buletin.de\\\/bucuresti\\\/cursa-tarom-operata-de-un-echipaj-integral-feminin-de-8-martie\\\/#article\",\"isPartOf\":{\"@id\":\"https:\\\/\\\/buletin.de\\\/bucuresti\\\/cursa-tarom-operata-de-un-echipaj-integral-feminin-de-8-martie\\\/\"},\"author\":{\"name\":\"Alexandru Stan\",\"@id\":\"https:\\\/\\\/buletin.de\\\/bucuresti\\\/#\\\/schema\\\/person\\\/104a46bbe8be6e336fecf63974383951\"},\"headline\":\"Curs\u0103 TAROM operat\u0103 de un echipaj integral feminin, de 8 martie\",\"datePublished\":\"2025-03-10T06:58:16+00:00\",\"dateModified\":\"2025-03-10T07:48:19+00:00\",\"mainEntityOfPage\":{\"@id\":\"https:\\\/\\\/buletin.de\\\/bucuresti\\\/cursa-tarom-operata-de-un-echipaj-integral-feminin-de-8-martie\\\/\"},\"wordCount\":440,\"publisher\":{\"@id\":\"https:\\\/\\\/buletin.de\\\/bucuresti\\\/#organization\"},\"image\":{\"@id\":\"https:\\\/\\\/buletin.de\\\/bucuresti\\\/cursa-tarom-operata-de-un-echipaj-integral-feminin-de-8-martie\\\/#primaryimage\"},\"thumbnailUrl\":\"https:\\\/\\\/buletin.de\\\/bucuresti\\\/wp-content\\\/uploads\\\/2025\\\/03\\\/483212056_18472448824065828_7566100643095330746_n.jpg\",\"keywords\":[\"avion operat de femei\",\"cursa tarom\",\"echipaj feminim de 8 martie\",\"echipaj integral feminin TAROM\"],\"articleSection\":[\"Articole\",\"Diverse\",\"\u0218tiri\"],\"inLanguage\":\"en-GB\",\"copyrightYear\":\"2025\",\"copyrightHolder\":{\"@id\":\"https:\\\/\\\/buletin.de\\\/bucuresti\\\/#organization\"}},{\"@type\":\"WebPage\",\"@id\":\"https:\\\/\\\/buletin.de\\\/bucuresti\\\/cursa-tarom-operata-de-un-echipaj-integral-feminin-de-8-martie\\\/\",\"url\":\"https:\\\/\\\/buletin.de\\\/bucuresti\\\/cursa-tarom-operata-de-un-echipaj-integral-feminin-de-8-martie\\\/\",\"name\":\"Curs\u0103 TAROM operat\u0103 de un echipaj integral feminin, de 8 martie - Buletin de Bucure\u0219ti\",\"isPartOf\":{\"@id\":\"https:\\\/\\\/buletin.de\\\/bucuresti\\\/#website\"},\"primaryImageOfPage\":{\"@id\":\"https:\\\/\\\/buletin.de\\\/bucuresti\\\/cursa-tarom-operata-de-un-echipaj-integral-feminin-de-8-martie\\\/#primaryimage\"},\"image\":{\"@id\":\"https:\\\/\\\/buletin.de\\\/bucuresti\\\/cursa-tarom-operata-de-un-echipaj-integral-feminin-de-8-martie\\\/#primaryimage\"},\"thumbnailUrl\":\"https:\\\/\\\/buletin.de\\\/bucuresti\\\/wp-content\\\/uploads\\\/2025\\\/03\\\/483212056_18472448824065828_7566100643095330746_n.jpg\",\"datePublished\":\"2025-03-10T06:58:16+00:00\",\"dateModified\":\"2025-03-10T07:48:19+00:00\",\"description\":\"Curs\u0103 TAROM operat\u0103 de un echipaj integral feminin, de 8 martie. Acesta, a decolat de Ziua Interna\u021bional\u0103 a Femeii \u00eenso\u021bind zborul RO203\\\/4.\",\"breadcrumb\":{\"@id\":\"https:\\\/\\\/buletin.de\\\/bucuresti\\\/cursa-tarom-operata-de-un-echipaj-integral-feminin-de-8-martie\\\/#breadcrumb\"},\"inLanguage\":\"en-GB\",\"potentialAction\":[{\"@type\":\"ReadAction\",\"target\":[\"https:\\\/\\\/buletin.de\\\/bucuresti\\\/cursa-tarom-operata-de-un-echipaj-integral-feminin-de-8-martie\\\/\"]}]},{\"@type\":\"ImageObject\",\"inLanguage\":\"en-GB\",\"@id\":\"https:\\\/\\\/buletin.de\\\/bucuresti\\\/cursa-tarom-operata-de-un-echipaj-integral-feminin-de-8-martie\\\/#primaryimage\",\"url\":\"https:\\\/\\\/buletin.de\\\/bucuresti\\\/wp-content\\\/uploads\\\/2025\\\/03\\\/483212056_18472448824065828_7566100643095330746_n.jpg\",\"contentUrl\":\"https:\\\/\\\/buletin.de\\\/bucuresti\\\/wp-content\\\/uploads\\\/2025\\\/03\\\/483212056_18472448824065828_7566100643095330746_n.jpg\",\"width\":1056,\"height\":1070,\"caption\":\"Curs\u0103 TAROM operat\u0103 de un echipaj integral feminin, de 8 martie | FOTO: TAROM\"},{\"@type\":\"BreadcrumbList\",\"@id\":\"https:\\\/\\\/buletin.de\\\/bucuresti\\\/cursa-tarom-operata-de-un-echipaj-integral-feminin-de-8-martie\\\/#breadcrumb\",\"itemListElement\":[{\"@type\":\"ListItem\",\"position\":1,\"name\":\"Acas\u0103\",\"item\":\"https:\\\/\\\/buletin.de\\\/bucuresti\\\/\"},{\"@type\":\"ListItem\",\"position\":2,\"name\":\"Curs\u0103 TAROM operat\u0103 de un echipaj integral feminin, de 8 martie\"}]},{\"@type\":\"WebSite\",\"@id\":\"https:\\\/\\\/buletin.de\\\/bucuresti\\\/#website\",\"url\":\"https:\\\/\\\/buletin.de\\\/bucuresti\\\/\",\"name\":\"Buletin de Bucure\u0219ti\",\"description\":\"\u0218tiri \u0219i investiga\u021bii esen\u021biale din capital\u0103\",\"publisher\":{\"@id\":\"https:\\\/\\\/buletin.de\\\/bucuresti\\\/#organization\"},\"potentialAction\":[{\"@type\":\"SearchAction\",\"target\":{\"@type\":\"EntryPoint\",\"urlTemplate\":\"https:\\\/\\\/buletin.de\\\/bucuresti\\\/?s={search_term_string}\"},\"query-input\":{\"@type\":\"PropertyValueSpecification\",\"valueRequired\":true,\"valueName\":\"search_term_string\"}}],\"inLanguage\":\"en-GB\"},{\"@type\":\"Organization\",\"@id\":\"https:\\\/\\\/buletin.de\\\/bucuresti\\\/#organization\",\"name\":\"Buletin de Bucure\u0219ti\",\"url\":\"https:\\\/\\\/buletin.de\\\/bucuresti\\\/\",\"logo\":{\"@type\":\"ImageObject\",\"inLanguage\":\"en-GB\",\"@id\":\"https:\\\/\\\/buletin.de\\\/bucuresti\\\/#\\\/schema\\\/logo\\\/image\\\/\",\"url\":\"https:\\\/\\\/buletin.de\\\/bucuresti\\\/wp-content\\\/uploads\\\/logo-bdb-full-wide-vernil-transparent.png\",\"contentUrl\":\"https:\\\/\\\/buletin.de\\\/bucuresti\\\/wp-content\\\/uploads\\\/logo-bdb-full-wide-vernil-transparent.png\",\"width\":1782,\"height\":626,\"caption\":\"Buletin de Bucure\u0219ti\"},\"image\":{\"@id\":\"https:\\\/\\\/buletin.de\\\/bucuresti\\\/#\\\/schema\\\/logo\\\/image\\\/\"},\"sameAs\":[\"https:\\\/\\\/www.facebook.com\\\/buletin.de.buc\",\"https:\\\/\\\/www.instagram.com\\\/buletinde.bucuresti\\\/\"]},{\"@type\":\"Person\",\"@id\":\"https:\\\/\\\/buletin.de\\\/bucuresti\\\/#\\\/schema\\\/person\\\/104a46bbe8be6e336fecf63974383951\",\"name\":\"Alexandru Stan\",\"image\":{\"@type\":\"ImageObject\",\"inLanguage\":\"en-GB\",\"@id\":\"https:\\\/\\\/buletin.de\\\/bucuresti\\\/wp-content\\\/uploads\\\/2025\\\/12\\\/IMG-20251216-WA0045-e1766134343668-96x96.jpgd0ca12809ae3e1d27116a2afe8926544\",\"url\":\"https:\\\/\\\/buletin.de\\\/bucuresti\\\/wp-content\\\/uploads\\\/2025\\\/12\\\/IMG-20251216-WA0045-e1766134343668-96x96.jpg\",\"contentUrl\":\"https:\\\/\\\/buletin.de\\\/bucuresti\\\/wp-content\\\/uploads\\\/2025\\\/12\\\/IMG-20251216-WA0045-e1766134343668-96x96.jpg\",\"caption\":\"Alexandru Stan\"},\"description\":\"Sunt elev la un colegiu de prestigiu din Capital\u0103 \u0219i reporter la Buletin de Bucure\u0219ti. M-am n\u0103scut \u0219i am crescut cu m\u00e2ndrie \u00een Capital\u0103, ora\u0219 al pove\u0219tilor, al tramvaiului tras de cai \u0219i al c\u0103su\u021belor cu porti\u021b\u0103 \u0219i ci\u0219mea. Prin articolele mele, m\u0103 str\u0103duiesc s\u0103 descriu cu acurate\u021be via\u021ba din Bucure\u0219ti pe ecranele cititorilor no\u0219tri \u0219i \u00eencerc totodat\u0103 s\u0103 fac accesibile subiecte de interes general tuturor, de la mic la mare.\",\"url\":\"https:\\\/\\\/buletin.de\\\/bucuresti\\\/author\\\/alexandru-stan\\\/\"}]}<\/script>\n<!-- \/ Yoast SEO Premium plugin. -->","yoast_head_json":{"title":"Curs\u0103 TAROM operat\u0103 de un echipaj integral feminin, de 8 martie - Buletin de Bucure\u0219ti","description":"Curs\u0103 TAROM operat\u0103 de un echipaj integral feminin, de 8 martie. Acesta, a decolat de Ziua Interna\u021bional\u0103 a Femeii \u00eenso\u021bind zborul RO203\/4.","robots":{"index":"index","follow":"follow","max-snippet":"max-snippet:-1","max-image-preview":"max-image-preview:large","max-video-preview":"max-video-preview:-1"},"canonical":"https:\/\/buletin.de\/bucuresti\/cursa-tarom-operata-de-un-echipaj-integral-feminin-de-8-martie\/","og_locale":"en_GB","og_type":"article","og_title":"Curs\u0103 TAROM operat\u0103 de un echipaj integral feminin, de 8 martie","og_description":"Curs\u0103 TAROM operat\u0103 de un echipaj integral feminin, de 8 martie. Acesta, a decolat de Ziua Interna\u021bional\u0103 a Femeii \u00eenso\u021bind zborul RO203\/4.","og_url":"https:\/\/buletin.de\/bucuresti\/cursa-tarom-operata-de-un-echipaj-integral-feminin-de-8-martie\/","og_site_name":"Buletin de Bucure\u0219ti","article_publisher":"https:\/\/www.facebook.com\/buletin.de.buc","article_published_time":"2025-03-10T06:58:16+00:00","article_modified_time":"2025-03-10T07:48:19+00:00","og_image":[{"width":1056,"height":1070,"url":"https:\/\/buletin.de\/bucuresti\/wp-content\/uploads\/2025\/03\/483212056_18472448824065828_7566100643095330746_n.jpg","type":"image\/jpeg"}],"author":"Alexandru Stan","twitter_card":"summary_large_image","twitter_misc":{"Written by":"Alexandru Stan","Estimated reading time":"3 minutes"},"schema":{"@context":"https:\/\/schema.org","@graph":[{"@type":"Article","@id":"https:\/\/buletin.de\/bucuresti\/cursa-tarom-operata-de-un-echipaj-integral-feminin-de-8-martie\/#article","isPartOf":{"@id":"https:\/\/buletin.de\/bucuresti\/cursa-tarom-operata-de-un-echipaj-integral-feminin-de-8-martie\/"},"author":{"name":"Alexandru Stan","@id":"https:\/\/buletin.de\/bucuresti\/#\/schema\/person\/104a46bbe8be6e336fecf63974383951"},"headline":"Curs\u0103 TAROM operat\u0103 de un echipaj integral feminin, de 8 martie","datePublished":"2025-03-10T06:58:16+00:00","dateModified":"2025-03-10T07:48:19+00:00","mainEntityOfPage":{"@id":"https:\/\/buletin.de\/bucuresti\/cursa-tarom-operata-de-un-echipaj-integral-feminin-de-8-martie\/"},"wordCount":440,"publisher":{"@id":"https:\/\/buletin.de\/bucuresti\/#organization"},"image":{"@id":"https:\/\/buletin.de\/bucuresti\/cursa-tarom-operata-de-un-echipaj-integral-feminin-de-8-martie\/#primaryimage"},"thumbnailUrl":"https:\/\/buletin.de\/bucuresti\/wp-content\/uploads\/2025\/03\/483212056_18472448824065828_7566100643095330746_n.jpg","keywords":["avion operat de femei","cursa tarom","echipaj feminim de 8 martie","echipaj integral feminin TAROM"],"articleSection":["Articole","Diverse","\u0218tiri"],"inLanguage":"en-GB","copyrightYear":"2025","copyrightHolder":{"@id":"https:\/\/buletin.de\/bucuresti\/#organization"}},{"@type":"WebPage","@id":"https:\/\/buletin.de\/bucuresti\/cursa-tarom-operata-de-un-echipaj-integral-feminin-de-8-martie\/","url":"https:\/\/buletin.de\/bucuresti\/cursa-tarom-operata-de-un-echipaj-integral-feminin-de-8-martie\/","name":"Curs\u0103 TAROM operat\u0103 de un echipaj integral feminin, de 8 martie - Buletin de Bucure\u0219ti","isPartOf":{"@id":"https:\/\/buletin.de\/bucuresti\/#website"},"primaryImageOfPage":{"@id":"https:\/\/buletin.de\/bucuresti\/cursa-tarom-operata-de-un-echipaj-integral-feminin-de-8-martie\/#primaryimage"},"image":{"@id":"https:\/\/buletin.de\/bucuresti\/cursa-tarom-operata-de-un-echipaj-integral-feminin-de-8-martie\/#primaryimage"},"thumbnailUrl":"https:\/\/buletin.de\/bucuresti\/wp-content\/uploads\/2025\/03\/483212056_18472448824065828_7566100643095330746_n.jpg","datePublished":"2025-03-10T06:58:16+00:00","dateModified":"2025-03-10T07:48:19+00:00","description":"Curs\u0103 TAROM operat\u0103 de un echipaj integral feminin, de 8 martie. Acesta, a decolat de Ziua Interna\u021bional\u0103 a Femeii \u00eenso\u021bind zborul RO203\/4.","breadcrumb":{"@id":"https:\/\/buletin.de\/bucuresti\/cursa-tarom-operata-de-un-echipaj-integral-feminin-de-8-martie\/#breadcrumb"},"inLanguage":"en-GB","potentialAction":[{"@type":"ReadAction","target":["https:\/\/buletin.de\/bucuresti\/cursa-tarom-operata-de-un-echipaj-integral-feminin-de-8-martie\/"]}]},{"@type":"ImageObject","inLanguage":"en-GB","@id":"https:\/\/buletin.de\/bucuresti\/cursa-tarom-operata-de-un-echipaj-integral-feminin-de-8-martie\/#primaryimage","url":"https:\/\/buletin.de\/bucuresti\/wp-content\/uploads\/2025\/03\/483212056_18472448824065828_7566100643095330746_n.jpg","contentUrl":"https:\/\/buletin.de\/bucuresti\/wp-content\/uploads\/2025\/03\/483212056_18472448824065828_7566100643095330746_n.jpg","width":1056,"height":1070,"caption":"Curs\u0103 TAROM operat\u0103 de un echipaj integral feminin, de 8 martie | FOTO: TAROM"},{"@type":"BreadcrumbList","@id":"https:\/\/buletin.de\/bucuresti\/cursa-tarom-operata-de-un-echipaj-integral-feminin-de-8-martie\/#breadcrumb","itemListElement":[{"@type":"ListItem","position":1,"name":"Acas\u0103","item":"https:\/\/buletin.de\/bucuresti\/"},{"@type":"ListItem","position":2,"name":"Curs\u0103 TAROM operat\u0103 de un echipaj integral feminin, de 8 martie"}]},{"@type":"WebSite","@id":"https:\/\/buletin.de\/bucuresti\/#website","url":"https:\/\/buletin.de\/bucuresti\/","name":"Buletin de Bucure\u0219ti","description":"\u0218tiri \u0219i investiga\u021bii esen\u021biale din capital\u0103","publisher":{"@id":"https:\/\/buletin.de\/bucuresti\/#organization"},"potentialAction":[{"@type":"SearchAction","target":{"@type":"EntryPoint","urlTemplate":"https:\/\/buletin.de\/bucuresti\/?s={search_term_string}"},"query-input":{"@type":"PropertyValueSpecification","valueRequired":true,"valueName":"search_term_string"}}],"inLanguage":"en-GB"},{"@type":"Organization","@id":"https:\/\/buletin.de\/bucuresti\/#organization","name":"Buletin de Bucure\u0219ti","url":"https:\/\/buletin.de\/bucuresti\/","logo":{"@type":"ImageObject","inLanguage":"en-GB","@id":"https:\/\/buletin.de\/bucuresti\/#\/schema\/logo\/image\/","url":"https:\/\/buletin.de\/bucuresti\/wp-content\/uploads\/logo-bdb-full-wide-vernil-transparent.png","contentUrl":"https:\/\/buletin.de\/bucuresti\/wp-content\/uploads\/logo-bdb-full-wide-vernil-transparent.png","width":1782,"height":626,"caption":"Buletin de Bucure\u0219ti"},"image":{"@id":"https:\/\/buletin.de\/bucuresti\/#\/schema\/logo\/image\/"},"sameAs":["https:\/\/www.facebook.com\/buletin.de.buc","https:\/\/www.instagram.com\/buletinde.bucuresti\/"]},{"@type":"Person","@id":"https:\/\/buletin.de\/bucuresti\/#\/schema\/person\/104a46bbe8be6e336fecf63974383951","name":"Alexandru Stan","image":{"@type":"ImageObject","inLanguage":"en-GB","@id":"https:\/\/buletin.de\/bucuresti\/wp-content\/uploads\/2025\/12\/IMG-20251216-WA0045-e1766134343668-96x96.jpgd0ca12809ae3e1d27116a2afe8926544","url":"https:\/\/buletin.de\/bucuresti\/wp-content\/uploads\/2025\/12\/IMG-20251216-WA0045-e1766134343668-96x96.jpg","contentUrl":"https:\/\/buletin.de\/bucuresti\/wp-content\/uploads\/2025\/12\/IMG-20251216-WA0045-e1766134343668-96x96.jpg","caption":"Alexandru Stan"},"description":"Sunt elev la un colegiu de prestigiu din Capital\u0103 \u0219i reporter la Buletin de Bucure\u0219ti. M-am n\u0103scut \u0219i am crescut cu m\u00e2ndrie \u00een Capital\u0103, ora\u0219 al pove\u0219tilor, al tramvaiului tras de cai \u0219i al c\u0103su\u021belor cu porti\u021b\u0103 \u0219i ci\u0219mea. Prin articolele mele, m\u0103 str\u0103duiesc s\u0103 descriu cu acurate\u021be via\u021ba din Bucure\u0219ti pe ecranele cititorilor no\u0219tri \u0219i \u00eencerc totodat\u0103 s\u0103 fac accesibile subiecte de interes general tuturor, de la mic la mare.","url":"https:\/\/buletin.de\/bucuresti\/author\/alexandru-stan\/"}]}},"authors":[{"term_id":22577,"user_id":61,"is_guest":0,"slug":"alexandru-stan","display_name":"Alexandru Stan","avatar_url":"https:\/\/buletin.de\/bucuresti\/wp-content\/uploads\/2025\/12\/IMG-20251216-WA0045-e1766134343668-96x96.jpg","0":null,"1":"","2":"","3":"","4":"","5":"","6":"","7":"","8":""}],"_links":{"self":[{"href":"https:\/\/buletin.de\/bucuresti\/wp-json\/wp\/v2\/posts\/122008","targetHints":{"allow":["GET"]}}],"collection":[{"href":"https:\/\/buletin.de\/bucuresti\/wp-json\/wp\/v2\/posts"}],"about":[{"href":"https:\/\/buletin.de\/bucuresti\/wp-json\/wp\/v2\/types\/post"}],"author":[{"embeddable":true,"href":"https:\/\/buletin.de\/bucuresti\/wp-json\/wp\/v2\/users\/61"}],"replies":[{"embeddable":true,"href":"https:\/\/buletin.de\/bucuresti\/wp-json\/wp\/v2\/comments?post=122008"}],"version-history":[{"count":4,"href":"https:\/\/buletin.de\/bucuresti\/wp-json\/wp\/v2\/posts\/122008\/revisions"}],"predecessor-version":[{"id":122027,"href":"https:\/\/buletin.de\/bucuresti\/wp-json\/wp\/v2\/posts\/122008\/revisions\/122027"}],"wp:featuredmedia":[{"embeddable":true,"href":"https:\/\/buletin.de\/bucuresti\/wp-json\/wp\/v2\/media\/122011"}],"wp:attachment":[{"href":"https:\/\/buletin.de\/bucuresti\/wp-json\/wp\/v2\/media?parent=122008"}],"wp:term":[{"taxonomy":"category","embeddable":true,"href":"https:\/\/buletin.de\/bucuresti\/wp-json\/wp\/v2\/categories?post=122008"},{"taxonomy":"post_tag","embeddable":true,"href":"https:\/\/buletin.de\/bucuresti\/wp-json\/wp\/v2\/tags?post=122008"},{"taxonomy":"author","embeddable":true,"href":"https:\/\/buletin.de\/bucuresti\/wp-json\/wp\/v2\/ppma_author?post=122008"}],"curies":[{"name":"wp","href":"https:\/\/api.w.org\/{rel}","templated":true}]}}