{"id":122002,"date":"2025-03-10T10:00:00","date_gmt":"2025-03-10T07:00:00","guid":{"rendered":"https:\/\/buletin.de\/bucuresti\/?p=122002"},"modified":"2025-03-10T19:19:37","modified_gmt":"2025-03-10T16:19:37","slug":"tren-alstom-retras-din-circulatie-dupa-ce-a-fost-atacat-cu-pietre-in-zona-chitila-mai-multe-curse-au-fost-suspendate","status":"publish","type":"post","link":"https:\/\/buletin.de\/bucuresti\/tren-alstom-retras-din-circulatie-dupa-ce-a-fost-atacat-cu-pietre-in-zona-chitila-mai-multe-curse-au-fost-suspendate\/","title":{"rendered":"Tren Alstom retras din circula\u0163ie dup\u0103 ce a fost atacat cu pietre, \u00een zona Chitila. Mai multe curse au fost suspendate"},"content":{"rendered":"\n<p>UPDATE 2: <\/p>\n\n\n\n<p>Trenurile  IR 16001,16002,16003 \u0219i 16008 \u00een rela\u021bia Bucure\u0219ti Nord -Bra\u0219ov \u0219i retur, se repun \u00een circula\u021bie \u00eencep\u00e2nd cu data de 11 martie, transmite CFR C\u0103l\u0103tori. Geamul spart a fost \u00eenlocuit. <\/p>\n\n\n\n<p>Ramele Alstom Coradia vor circula de m\u00e2ine diminea\u021b\u0103 pe orarul care le-a fost atribuit \u00een Mersul Trenurilor 2024-2025.<\/p>\n\n\n\n<p>UPDATE:<\/p>\n\n\n\n<p>Ministrul Transporturilor, Sorin Grindeanu, a scris pe Facebook despre acest incident despre care consider\u0103 c\u0103 nu este izolat:<\/p>\n\n\n\n<p>\u201eModernizarea Rom\u00e2niei depinde foarte mult de cre\u0219terea gradului de responsabilitate al fiec\u0103rui rom\u00e2n!<\/p>\n\n\n\n<p>Din p\u0103cate, pagubele aduse trenului nou care deserve\u0219te CFR C\u0103l\u0103tori, pus \u00een circula\u021bie anul trecut, demonstreaz\u0103 c\u0103 \u00eenc\u0103 mai sunt, printre noi, persoane care nu au \u00een\u021beles cum trebuie s\u0103 se comporte \u00een societate.<\/p>\n\n\n\n<p>Mai mult, aruncarea cu pietre \u00een trenurile aflate \u00een deplasare este cu at\u00e2t mai grav\u0103 cu c\u00e2t pot fi puse \u00een pericol vie\u021bile c\u0103l\u0103torilor!<\/p>\n\n\n\n<p>De aceea, solicit <a><\/a>institu\u021biilor abilitate s\u0103 ia m\u0103suri urgente pentru identificarea \u0219i sanc\u021bionarea celor care au aruncat recent cu pietre \u00een noul tren Coradia Stream.<\/p>\n\n\n\n<p>Atrag aten\u021bia c\u0103 astfel de evenimente nu sunt izolate! Un motiv \u00een plus pentru care institu\u021biile abilitate trebuie s\u0103 ia urgent m\u0103suri\u201d.<\/p>\n\n\n<p><iframe src=\"https:\/\/www.facebook.com\/plugins\/post.php?href=https%3A%2F%2Fwww.facebook.com%2Fgrindeanusorin%2Fposts%2Fpfbid02JgnkUQRmRT6EoqPYeh8FZEACeMyMpKSFQqJpKfE5taPuoMsTFLq1h4nDPeqAbZL8l&#038;show_text=true&#038;width=500\" width=\"500\" height=\"858\" style=\"border:none;overflow:hidden\" scrolling=\"no\" frameborder=\"0\" allowfullscreen=\"true\" allow=\"autoplay; clipboard-write; encrypted-media; picture-in-picture; web-share\"><\/iframe><\/p>\n\n\n\n<figure class=\"wp-block-gallery has-nested-images columns-default is-cropped wp-block-gallery-1 is-layout-flex wp-block-gallery-is-layout-flex\">\n<figure class=\"wp-block-image size-large\"><a href=\"https:\/\/buletin.de\/bucuresti\/wp-content\/uploads\/2025\/03\/geam-spart-alstom-coradia-1.jpg\"><img fetchpriority=\"high\" decoding=\"async\" width=\"720\" height=\"960\" data-id=\"122146\" src=\"data:image\/gif;base64,R0lGODlhAQABAAAAACH5BAEKAAEALAAAAAABAAEAAAICTAEAOw==\" data-src=\"https:\/\/buletin.de\/bucuresti\/wp-content\/uploads\/2025\/03\/geam-spart-alstom-coradia-1.jpg\" alt=\"\" class=\"wp-image-122146 lazyload\" data-sizes=\"auto\" data-srcset=\"https:\/\/buletin.de\/bucuresti\/wp-content\/uploads\/2025\/03\/geam-spart-alstom-coradia-1.jpg 720w, https:\/\/buletin.de\/bucuresti\/wp-content\/uploads\/2025\/03\/geam-spart-alstom-coradia-1-225x300.jpg 225w, https:\/\/buletin.de\/bucuresti\/wp-content\/uploads\/2025\/03\/geam-spart-alstom-coradia-1-600x800.jpg 600w, https:\/\/buletin.de\/bucuresti\/wp-content\/uploads\/2025\/03\/geam-spart-alstom-coradia-1-20x27.jpg 20w\" sizes=\"(max-width: 720px) 100vw, 720px\" \/><\/a><\/figure>\n\n\n\n<figure class=\"wp-block-image size-large\"><a href=\"https:\/\/buletin.de\/bucuresti\/wp-content\/uploads\/2025\/03\/geam-spart-alstom-coradia-2.jpg\"><img decoding=\"async\" width=\"720\" height=\"960\" data-id=\"122147\" src=\"data:image\/gif;base64,R0lGODlhAQABAAAAACH5BAEKAAEALAAAAAABAAEAAAICTAEAOw==\" data-src=\"https:\/\/buletin.de\/bucuresti\/wp-content\/uploads\/2025\/03\/geam-spart-alstom-coradia-2.jpg\" alt=\"\" class=\"wp-image-122147 lazyload\" data-sizes=\"auto\" data-srcset=\"https:\/\/buletin.de\/bucuresti\/wp-content\/uploads\/2025\/03\/geam-spart-alstom-coradia-2.jpg 720w, https:\/\/buletin.de\/bucuresti\/wp-content\/uploads\/2025\/03\/geam-spart-alstom-coradia-2-225x300.jpg 225w, https:\/\/buletin.de\/bucuresti\/wp-content\/uploads\/2025\/03\/geam-spart-alstom-coradia-2-600x800.jpg 600w, https:\/\/buletin.de\/bucuresti\/wp-content\/uploads\/2025\/03\/geam-spart-alstom-coradia-2-20x27.jpg 20w\" sizes=\"(max-width: 720px) 100vw, 720px\" \/><\/a><\/figure>\n<figcaption class=\"blocks-gallery-caption wp-element-caption\">foto via FB \/ Sorin Grindeanu<\/figcaption><\/figure>\n\n\n\n<p>\u015eTIREA INI\u0162IAL\u0102:<\/p>\n\n\n\n<p><strong>Un tren Alstom care circul\u0103 pe rela\u0163ia Bra\u015fov &#8211; Bucure\u015fti Nord a fost atacat cu pietre c\u00e2nd ajunsese \u00een dreptul localit\u0103\u0163ii Chitila. Un geam lateral al unui vagon a fost spart, iar decizia autorit\u0103\u0163ilor a fost ca rama s\u0103 fie retras\u0103 din circula\u0163ie, p\u00e2n\u0103 c\u00e2nd vor fi f\u0103cute repara\u0163iile necesare.<\/strong><\/p>\n\n\n\n<p>Incidentul a avut loc pe data de 9 martie, iar CFR C\u0103l\u0103tori a dat un comunicat \u00een seara zilei, \u00een care a anun\u0163at situa\u0163ia. CFR anun\u0163\u0103 c\u0103 decizia Alstom a fost s\u0103 scoat\u0103 rama din circula\u0163ie, p\u00e2n\u0103 la remedierea problemei. Drept urmare, de luni, 10 martie, trenurile IR 16001 \u0219i 16003 \u00een rela\u021bia Bucure\u0219ti Nord -Bra\u0219ov \u0219i respectiv IR 16002 \u0219i IR 16008 \u00een rela\u021bia Bra\u0219ov-Bucure\u0219ti Nord vor fi anulate. Asta p\u00e2n\u0103 c\u00e2nd vor fi f\u0103cute repara\u0163iile necesare, iar Alstom va da und\u0103 verde pentru reintrarea \u00een circula\u0163ie a ramei electrice.<\/p>\n\n\n\n<p><br><strong>Tren Alstom atacat cu pietre<\/strong>. C\u0103l\u0103torii vor fi prelua\u021bi de cealalalte trenuri operate de CFR C\u0103l\u0103tori aflate \u00een programul zilnic de circula\u021bie, trenuri care circul\u0103 la intervale orare apropiate de cele ale trenurilor Alstom Coradia temporar anulate, anun\u0163\u0103 CFR C\u0103l\u0103tori.<\/p>\n\n\n\n<div class=\"wp-block-buttons is-content-justification-center is-layout-flex wp-container-core-buttons-is-layout-16018d1d wp-block-buttons-is-layout-flex\">\n<div class=\"wp-block-button has-custom-width wp-block-button__width-100\"><a class=\"wp-block-button__link wp-element-button\" href=\"https:\/\/www.patreon.com\/BuletinDeBucuresti\"><strong>Sus\u021bine Buletin de Bucure\u0219ti pentru investiga\u021bii, reportaje \u0219i \u0219tiri Locale<\/strong><\/a><\/div>\n<\/div>\n\n\n\n<p>Informa\u021bii despre circula\u021bia trenurilor:<\/p>\n\n\n\n<ul class=\"wp-block-list\">\n<li>la telefon 0219521 \u2013 INFO CFR (trafic intern).<\/li>\n\n\n\n<li>la numerele de telefon din sta\u021biile CFR publicate pe&nbsp;<a href=\"http:\/\/www.cfrcalatori.ro\/\">www.cfrcalatori.ro<\/a>&nbsp;la sec\u021biunea INFORMA\u021aII TELEFONICE \u2013&nbsp;<a href=\"https:\/\/www.cfrcalatori.ro\/informatii-telefonice\/\">https:\/\/www.cfrcalatori.ro\/informatii-telefonice\/<\/a><\/li>\n\n\n\n<li>\u00een aplica\u021bia TRENUL MEU (<a href=\"https:\/\/bilete.cfrcalatori.ro\/ro-RO\/Itineraries\">https:\/\/bilete.cfrcalatori.ro\/ro-RO\/Itineraries<\/a>), se introduce num\u0103rul exact al trenului \u00een c\u0103su\u0163a indicat\u0103 \u015fi click pe Informa\u021bii tren. Se ob\u021bin informa\u0163ii \u00een timp real despre opriri, \u00eent\u00e2rzieri, minutele de sta\u0163ionare \u00een urm\u0103toarea gar\u0103 \u015fi timpul estimat de sosire.<\/li>\n\n\n\n<li>pe site-ul companiei&nbsp;<a href=\"http:\/\/www.cfr.ro\/\">www.cfr.ro<\/a>&nbsp;sunt func\u021bionale \u0219i actualizate permanent camerele web din g\u0103rile Bucure\u0219ti Nord, Aeroport Henri Coand\u0103, Timi\u0219oara, Craiova, Bra\u0219ov, Ia\u0219i, Cluj Napoca \u0219i Constan\u021ba care indic\u0103 ora de sosire\/de plecare a trenurilor.<\/li>\n\n\n\n<li>pe site-ul&nbsp;<a href=\"http:\/\/www.cfrcalatori.ro\/\">www.cfrcalatori.ro<\/a>&nbsp;la Mers tren trafic intern.<\/li>\n\n\n\n<li>de la personalul din sta\u0163ii.<\/li>\n<\/ul>\n\n\n\n<p><strong>CITE\u015eTE \u015eI:<\/strong> <a href=\"https:\/\/buletin.de\/bucuresti\/dosar-penal-dupa-ce-masina-digi24-a-fost-rasturnata-de-sustinatorii-lui-georgescu\/\">Dosar penal dup\u0103 ce ma\u0219ina Digi24 a fost r\u0103sturnat\u0103 de sus\u021bin\u0103torii lui Georgescu<\/a><br><\/p>\n","protected":false},"excerpt":{"rendered":"<p>UPDATE 2: Trenurile IR 16001,16002,16003 \u0219i 16008 \u00een rela\u021bia Bucure\u0219ti Nord -Bra\u0219ov \u0219i retur, se repun \u00een circula\u021bie \u00eencep\u00e2nd cu data de 11 martie, transmite CFR C\u0103l\u0103tori. Geamul spart a fost \u00eenlocuit. Ramele Alstom Coradia vor circula de m\u00e2ine diminea\u021b\u0103 pe orarul care le-a fost atribuit \u00een Mersul Trenurilor 2024-2025. UPDATE: Ministrul Transporturilor, Sorin Grindeanu, [&hellip;]<\/p>\n","protected":false},"author":8,"featured_media":122003,"comment_status":"closed","ping_status":"open","sticky":false,"template":"","format":"standard","meta":{"_acf_changed":false,"inline_featured_image":false,"ngg_post_thumbnail":0,"footnotes":""},"categories":[6994,1432,9026,62],"tags":[1264,5871,19723,19721,19722,19724],"ppma_author":[22586],"class_list":["post-122002","post","type-post","status-publish","format-standard","has-post-thumbnail","hentry","category-stiri-2","category-buletin-de-ilfov","category-eveniment","category-stiri","tag-alstom","tag-cfr-calatori-2","tag-curse-bucuresti-brasov-si-retur-anulate","tag-tren-alstom-pietre","tag-tren-chitila","tag-tren-electric-geam-spart"],"acf":[],"yoast_head":"<!-- This site is optimized with the Yoast SEO Premium plugin v25.3 (Yoast SEO v27.4) - https:\/\/yoast.com\/product\/yoast-seo-premium-wordpress\/ -->\n<title>Tren Alstom retras din circula\u0163ie dup\u0103 ce a fost atacat cu pietre, \u00een zona Chitila. Mai multe curse au fost suspendate - Buletin de Bucure\u0219ti<\/title>\n<meta name=\"description\" content=\"Un tren Alstom care circul\u0103 pe rela\u0163ia Bra\u015fov - Bucure\u015fti Nord a fost atacat cu pietre c\u00e2nd ajunsese \u00een dreptul localit\u0103\u0163ii Chitila\" \/>\n<meta name=\"robots\" content=\"index, follow, max-snippet:-1, max-image-preview:large, max-video-preview:-1\" \/>\n<link rel=\"canonical\" href=\"https:\/\/buletin.de\/bucuresti\/tren-alstom-retras-din-circulatie-dupa-ce-a-fost-atacat-cu-pietre-in-zona-chitila-mai-multe-curse-au-fost-suspendate\/\" \/>\n<meta property=\"og:locale\" content=\"en_GB\" \/>\n<meta property=\"og:type\" content=\"article\" \/>\n<meta property=\"og:title\" content=\"Tren Alstom retras din circula\u0163ie dup\u0103 ce a fost atacat cu pietre, \u00een zona Chitila. Mai multe curse au fost suspendate\" \/>\n<meta property=\"og:description\" content=\"Un tren Alstom care circul\u0103 pe rela\u0163ia Bra\u015fov - Bucure\u015fti Nord a fost atacat cu pietre c\u00e2nd ajunsese \u00een dreptul localit\u0103\u0163ii Chitila\" \/>\n<meta property=\"og:url\" content=\"https:\/\/buletin.de\/bucuresti\/tren-alstom-retras-din-circulatie-dupa-ce-a-fost-atacat-cu-pietre-in-zona-chitila-mai-multe-curse-au-fost-suspendate\/\" \/>\n<meta property=\"og:site_name\" content=\"Buletin de Bucure\u0219ti\" \/>\n<meta property=\"article:publisher\" content=\"https:\/\/www.facebook.com\/buletin.de.buc\" \/>\n<meta property=\"article:published_time\" content=\"2025-03-10T07:00:00+00:00\" \/>\n<meta property=\"article:modified_time\" content=\"2025-03-10T16:19:37+00:00\" \/>\n<meta property=\"og:image\" content=\"https:\/\/buletin.de\/bucuresti\/wp-content\/uploads\/2025\/03\/alstom-coradia-fb-ionut-savoiu.jpg\" \/>\n\t<meta property=\"og:image:width\" content=\"2048\" \/>\n\t<meta property=\"og:image:height\" content=\"1536\" \/>\n\t<meta property=\"og:image:type\" content=\"image\/jpeg\" \/>\n<meta name=\"author\" content=\"Ionu\u021b Lepa\" \/>\n<meta name=\"twitter:card\" content=\"summary_large_image\" \/>\n<meta name=\"twitter:label1\" content=\"Written by\" \/>\n\t<meta name=\"twitter:data1\" content=\"Ionu\u021b Lepa\" \/>\n\t<meta name=\"twitter:label2\" content=\"Estimated reading time\" \/>\n\t<meta name=\"twitter:data2\" content=\"3 minutes\" \/>\n<script type=\"application\/ld+json\" class=\"yoast-schema-graph\">{\"@context\":\"https:\\\/\\\/schema.org\",\"@graph\":[{\"@type\":\"Article\",\"@id\":\"https:\\\/\\\/buletin.de\\\/bucuresti\\\/tren-alstom-retras-din-circulatie-dupa-ce-a-fost-atacat-cu-pietre-in-zona-chitila-mai-multe-curse-au-fost-suspendate\\\/#article\",\"isPartOf\":{\"@id\":\"https:\\\/\\\/buletin.de\\\/bucuresti\\\/tren-alstom-retras-din-circulatie-dupa-ce-a-fost-atacat-cu-pietre-in-zona-chitila-mai-multe-curse-au-fost-suspendate\\\/\"},\"author\":{\"name\":\"Ionu\u021b Lepa\",\"@id\":\"https:\\\/\\\/buletin.de\\\/bucuresti\\\/#\\\/schema\\\/person\\\/5272b8a057b33890940b57b837fc4ce6\"},\"headline\":\"Tren Alstom retras din circula\u0163ie dup\u0103 ce a fost atacat cu pietre, \u00een zona Chitila. Mai multe curse au fost suspendate\",\"datePublished\":\"2025-03-10T07:00:00+00:00\",\"dateModified\":\"2025-03-10T16:19:37+00:00\",\"mainEntityOfPage\":{\"@id\":\"https:\\\/\\\/buletin.de\\\/bucuresti\\\/tren-alstom-retras-din-circulatie-dupa-ce-a-fost-atacat-cu-pietre-in-zona-chitila-mai-multe-curse-au-fost-suspendate\\\/\"},\"wordCount\":643,\"publisher\":{\"@id\":\"https:\\\/\\\/buletin.de\\\/bucuresti\\\/#organization\"},\"image\":{\"@id\":\"https:\\\/\\\/buletin.de\\\/bucuresti\\\/tren-alstom-retras-din-circulatie-dupa-ce-a-fost-atacat-cu-pietre-in-zona-chitila-mai-multe-curse-au-fost-suspendate\\\/#primaryimage\"},\"thumbnailUrl\":\"https:\\\/\\\/buletin.de\\\/bucuresti\\\/wp-content\\\/uploads\\\/2025\\\/03\\\/alstom-coradia-fb-ionut-savoiu.jpg\",\"keywords\":[\"alstom\",\"CFR Calatori\",\"curse bucuresti - brasov si retur anulate\",\"tren alstom pietre\",\"tren chitila\",\"tren electric geam spart\"],\"articleSection\":[\"Articole\",\"Buletin de Ilfov\",\"Eveniment\",\"\u0218tiri\"],\"inLanguage\":\"en-GB\",\"copyrightYear\":\"2025\",\"copyrightHolder\":{\"@id\":\"https:\\\/\\\/buletin.de\\\/bucuresti\\\/#organization\"}},{\"@type\":\"WebPage\",\"@id\":\"https:\\\/\\\/buletin.de\\\/bucuresti\\\/tren-alstom-retras-din-circulatie-dupa-ce-a-fost-atacat-cu-pietre-in-zona-chitila-mai-multe-curse-au-fost-suspendate\\\/\",\"url\":\"https:\\\/\\\/buletin.de\\\/bucuresti\\\/tren-alstom-retras-din-circulatie-dupa-ce-a-fost-atacat-cu-pietre-in-zona-chitila-mai-multe-curse-au-fost-suspendate\\\/\",\"name\":\"Tren Alstom retras din circula\u0163ie dup\u0103 ce a fost atacat cu pietre, \u00een zona Chitila. Mai multe curse au fost suspendate - Buletin de Bucure\u0219ti\",\"isPartOf\":{\"@id\":\"https:\\\/\\\/buletin.de\\\/bucuresti\\\/#website\"},\"primaryImageOfPage\":{\"@id\":\"https:\\\/\\\/buletin.de\\\/bucuresti\\\/tren-alstom-retras-din-circulatie-dupa-ce-a-fost-atacat-cu-pietre-in-zona-chitila-mai-multe-curse-au-fost-suspendate\\\/#primaryimage\"},\"image\":{\"@id\":\"https:\\\/\\\/buletin.de\\\/bucuresti\\\/tren-alstom-retras-din-circulatie-dupa-ce-a-fost-atacat-cu-pietre-in-zona-chitila-mai-multe-curse-au-fost-suspendate\\\/#primaryimage\"},\"thumbnailUrl\":\"https:\\\/\\\/buletin.de\\\/bucuresti\\\/wp-content\\\/uploads\\\/2025\\\/03\\\/alstom-coradia-fb-ionut-savoiu.jpg\",\"datePublished\":\"2025-03-10T07:00:00+00:00\",\"dateModified\":\"2025-03-10T16:19:37+00:00\",\"description\":\"Un tren Alstom care circul\u0103 pe rela\u0163ia Bra\u015fov - Bucure\u015fti Nord a fost atacat cu pietre c\u00e2nd ajunsese \u00een dreptul localit\u0103\u0163ii Chitila\",\"breadcrumb\":{\"@id\":\"https:\\\/\\\/buletin.de\\\/bucuresti\\\/tren-alstom-retras-din-circulatie-dupa-ce-a-fost-atacat-cu-pietre-in-zona-chitila-mai-multe-curse-au-fost-suspendate\\\/#breadcrumb\"},\"inLanguage\":\"en-GB\",\"potentialAction\":[{\"@type\":\"ReadAction\",\"target\":[\"https:\\\/\\\/buletin.de\\\/bucuresti\\\/tren-alstom-retras-din-circulatie-dupa-ce-a-fost-atacat-cu-pietre-in-zona-chitila-mai-multe-curse-au-fost-suspendate\\\/\"]}]},{\"@type\":\"ImageObject\",\"inLanguage\":\"en-GB\",\"@id\":\"https:\\\/\\\/buletin.de\\\/bucuresti\\\/tren-alstom-retras-din-circulatie-dupa-ce-a-fost-atacat-cu-pietre-in-zona-chitila-mai-multe-curse-au-fost-suspendate\\\/#primaryimage\",\"url\":\"https:\\\/\\\/buletin.de\\\/bucuresti\\\/wp-content\\\/uploads\\\/2025\\\/03\\\/alstom-coradia-fb-ionut-savoiu.jpg\",\"contentUrl\":\"https:\\\/\\\/buletin.de\\\/bucuresti\\\/wp-content\\\/uploads\\\/2025\\\/03\\\/alstom-coradia-fb-ionut-savoiu.jpg\",\"width\":2048,\"height\":1536,\"caption\":\"Contractele vizeaz\u0103 perioada 2025-2028 \u0219i acoper\u0103 rutele principale care leag\u0103 Capitala de marile ora\u0219e. FOTO: FB \\\/ Ionu\u0163 S\u0103voiu\"},{\"@type\":\"BreadcrumbList\",\"@id\":\"https:\\\/\\\/buletin.de\\\/bucuresti\\\/tren-alstom-retras-din-circulatie-dupa-ce-a-fost-atacat-cu-pietre-in-zona-chitila-mai-multe-curse-au-fost-suspendate\\\/#breadcrumb\",\"itemListElement\":[{\"@type\":\"ListItem\",\"position\":1,\"name\":\"Acas\u0103\",\"item\":\"https:\\\/\\\/buletin.de\\\/bucuresti\\\/\"},{\"@type\":\"ListItem\",\"position\":2,\"name\":\"Tren Alstom retras din circula\u0163ie dup\u0103 ce a fost atacat cu pietre, \u00een zona Chitila. Mai multe curse au fost suspendate\"}]},{\"@type\":\"WebSite\",\"@id\":\"https:\\\/\\\/buletin.de\\\/bucuresti\\\/#website\",\"url\":\"https:\\\/\\\/buletin.de\\\/bucuresti\\\/\",\"name\":\"Buletin de Bucure\u0219ti\",\"description\":\"\u0218tiri \u0219i investiga\u021bii esen\u021biale din capital\u0103\",\"publisher\":{\"@id\":\"https:\\\/\\\/buletin.de\\\/bucuresti\\\/#organization\"},\"potentialAction\":[{\"@type\":\"SearchAction\",\"target\":{\"@type\":\"EntryPoint\",\"urlTemplate\":\"https:\\\/\\\/buletin.de\\\/bucuresti\\\/?s={search_term_string}\"},\"query-input\":{\"@type\":\"PropertyValueSpecification\",\"valueRequired\":true,\"valueName\":\"search_term_string\"}}],\"inLanguage\":\"en-GB\"},{\"@type\":\"Organization\",\"@id\":\"https:\\\/\\\/buletin.de\\\/bucuresti\\\/#organization\",\"name\":\"Buletin de Bucure\u0219ti\",\"url\":\"https:\\\/\\\/buletin.de\\\/bucuresti\\\/\",\"logo\":{\"@type\":\"ImageObject\",\"inLanguage\":\"en-GB\",\"@id\":\"https:\\\/\\\/buletin.de\\\/bucuresti\\\/#\\\/schema\\\/logo\\\/image\\\/\",\"url\":\"https:\\\/\\\/buletin.de\\\/bucuresti\\\/wp-content\\\/uploads\\\/logo-bdb-full-wide-vernil-transparent.png\",\"contentUrl\":\"https:\\\/\\\/buletin.de\\\/bucuresti\\\/wp-content\\\/uploads\\\/logo-bdb-full-wide-vernil-transparent.png\",\"width\":1782,\"height\":626,\"caption\":\"Buletin de Bucure\u0219ti\"},\"image\":{\"@id\":\"https:\\\/\\\/buletin.de\\\/bucuresti\\\/#\\\/schema\\\/logo\\\/image\\\/\"},\"sameAs\":[\"https:\\\/\\\/www.facebook.com\\\/buletin.de.buc\",\"https:\\\/\\\/www.instagram.com\\\/buletinde.bucuresti\\\/\"]},{\"@type\":\"Person\",\"@id\":\"https:\\\/\\\/buletin.de\\\/bucuresti\\\/#\\\/schema\\\/person\\\/5272b8a057b33890940b57b837fc4ce6\",\"name\":\"Ionu\u021b Lepa\",\"image\":{\"@type\":\"ImageObject\",\"inLanguage\":\"en-GB\",\"@id\":\"https:\\\/\\\/buletin.de\\\/bucuresti\\\/wp-content\\\/uploads\\\/Ionut-Lepa-96x96.jpg5c4e4d9e049808799a8821652d2410a4\",\"url\":\"https:\\\/\\\/buletin.de\\\/bucuresti\\\/wp-content\\\/uploads\\\/Ionut-Lepa-96x96.jpg\",\"contentUrl\":\"https:\\\/\\\/buletin.de\\\/bucuresti\\\/wp-content\\\/uploads\\\/Ionut-Lepa-96x96.jpg\",\"caption\":\"Ionu\u021b Lepa\"},\"url\":\"https:\\\/\\\/buletin.de\\\/bucuresti\\\/author\\\/ionutlepa\\\/\"}]}<\/script>\n<!-- \/ Yoast SEO Premium plugin. -->","yoast_head_json":{"title":"Tren Alstom retras din circula\u0163ie dup\u0103 ce a fost atacat cu pietre, \u00een zona Chitila. Mai multe curse au fost suspendate - Buletin de Bucure\u0219ti","description":"Un tren Alstom care circul\u0103 pe rela\u0163ia Bra\u015fov - Bucure\u015fti Nord a fost atacat cu pietre c\u00e2nd ajunsese \u00een dreptul localit\u0103\u0163ii Chitila","robots":{"index":"index","follow":"follow","max-snippet":"max-snippet:-1","max-image-preview":"max-image-preview:large","max-video-preview":"max-video-preview:-1"},"canonical":"https:\/\/buletin.de\/bucuresti\/tren-alstom-retras-din-circulatie-dupa-ce-a-fost-atacat-cu-pietre-in-zona-chitila-mai-multe-curse-au-fost-suspendate\/","og_locale":"en_GB","og_type":"article","og_title":"Tren Alstom retras din circula\u0163ie dup\u0103 ce a fost atacat cu pietre, \u00een zona Chitila. Mai multe curse au fost suspendate","og_description":"Un tren Alstom care circul\u0103 pe rela\u0163ia Bra\u015fov - Bucure\u015fti Nord a fost atacat cu pietre c\u00e2nd ajunsese \u00een dreptul localit\u0103\u0163ii Chitila","og_url":"https:\/\/buletin.de\/bucuresti\/tren-alstom-retras-din-circulatie-dupa-ce-a-fost-atacat-cu-pietre-in-zona-chitila-mai-multe-curse-au-fost-suspendate\/","og_site_name":"Buletin de Bucure\u0219ti","article_publisher":"https:\/\/www.facebook.com\/buletin.de.buc","article_published_time":"2025-03-10T07:00:00+00:00","article_modified_time":"2025-03-10T16:19:37+00:00","og_image":[{"width":2048,"height":1536,"url":"https:\/\/buletin.de\/bucuresti\/wp-content\/uploads\/2025\/03\/alstom-coradia-fb-ionut-savoiu.jpg","type":"image\/jpeg"}],"author":"Ionu\u021b Lepa","twitter_card":"summary_large_image","twitter_misc":{"Written by":"Ionu\u021b Lepa","Estimated reading time":"3 minutes"},"schema":{"@context":"https:\/\/schema.org","@graph":[{"@type":"Article","@id":"https:\/\/buletin.de\/bucuresti\/tren-alstom-retras-din-circulatie-dupa-ce-a-fost-atacat-cu-pietre-in-zona-chitila-mai-multe-curse-au-fost-suspendate\/#article","isPartOf":{"@id":"https:\/\/buletin.de\/bucuresti\/tren-alstom-retras-din-circulatie-dupa-ce-a-fost-atacat-cu-pietre-in-zona-chitila-mai-multe-curse-au-fost-suspendate\/"},"author":{"name":"Ionu\u021b Lepa","@id":"https:\/\/buletin.de\/bucuresti\/#\/schema\/person\/5272b8a057b33890940b57b837fc4ce6"},"headline":"Tren Alstom retras din circula\u0163ie dup\u0103 ce a fost atacat cu pietre, \u00een zona Chitila. Mai multe curse au fost suspendate","datePublished":"2025-03-10T07:00:00+00:00","dateModified":"2025-03-10T16:19:37+00:00","mainEntityOfPage":{"@id":"https:\/\/buletin.de\/bucuresti\/tren-alstom-retras-din-circulatie-dupa-ce-a-fost-atacat-cu-pietre-in-zona-chitila-mai-multe-curse-au-fost-suspendate\/"},"wordCount":643,"publisher":{"@id":"https:\/\/buletin.de\/bucuresti\/#organization"},"image":{"@id":"https:\/\/buletin.de\/bucuresti\/tren-alstom-retras-din-circulatie-dupa-ce-a-fost-atacat-cu-pietre-in-zona-chitila-mai-multe-curse-au-fost-suspendate\/#primaryimage"},"thumbnailUrl":"https:\/\/buletin.de\/bucuresti\/wp-content\/uploads\/2025\/03\/alstom-coradia-fb-ionut-savoiu.jpg","keywords":["alstom","CFR Calatori","curse bucuresti - brasov si retur anulate","tren alstom pietre","tren chitila","tren electric geam spart"],"articleSection":["Articole","Buletin de Ilfov","Eveniment","\u0218tiri"],"inLanguage":"en-GB","copyrightYear":"2025","copyrightHolder":{"@id":"https:\/\/buletin.de\/bucuresti\/#organization"}},{"@type":"WebPage","@id":"https:\/\/buletin.de\/bucuresti\/tren-alstom-retras-din-circulatie-dupa-ce-a-fost-atacat-cu-pietre-in-zona-chitila-mai-multe-curse-au-fost-suspendate\/","url":"https:\/\/buletin.de\/bucuresti\/tren-alstom-retras-din-circulatie-dupa-ce-a-fost-atacat-cu-pietre-in-zona-chitila-mai-multe-curse-au-fost-suspendate\/","name":"Tren Alstom retras din circula\u0163ie dup\u0103 ce a fost atacat cu pietre, \u00een zona Chitila. Mai multe curse au fost suspendate - Buletin de Bucure\u0219ti","isPartOf":{"@id":"https:\/\/buletin.de\/bucuresti\/#website"},"primaryImageOfPage":{"@id":"https:\/\/buletin.de\/bucuresti\/tren-alstom-retras-din-circulatie-dupa-ce-a-fost-atacat-cu-pietre-in-zona-chitila-mai-multe-curse-au-fost-suspendate\/#primaryimage"},"image":{"@id":"https:\/\/buletin.de\/bucuresti\/tren-alstom-retras-din-circulatie-dupa-ce-a-fost-atacat-cu-pietre-in-zona-chitila-mai-multe-curse-au-fost-suspendate\/#primaryimage"},"thumbnailUrl":"https:\/\/buletin.de\/bucuresti\/wp-content\/uploads\/2025\/03\/alstom-coradia-fb-ionut-savoiu.jpg","datePublished":"2025-03-10T07:00:00+00:00","dateModified":"2025-03-10T16:19:37+00:00","description":"Un tren Alstom care circul\u0103 pe rela\u0163ia Bra\u015fov - Bucure\u015fti Nord a fost atacat cu pietre c\u00e2nd ajunsese \u00een dreptul localit\u0103\u0163ii Chitila","breadcrumb":{"@id":"https:\/\/buletin.de\/bucuresti\/tren-alstom-retras-din-circulatie-dupa-ce-a-fost-atacat-cu-pietre-in-zona-chitila-mai-multe-curse-au-fost-suspendate\/#breadcrumb"},"inLanguage":"en-GB","potentialAction":[{"@type":"ReadAction","target":["https:\/\/buletin.de\/bucuresti\/tren-alstom-retras-din-circulatie-dupa-ce-a-fost-atacat-cu-pietre-in-zona-chitila-mai-multe-curse-au-fost-suspendate\/"]}]},{"@type":"ImageObject","inLanguage":"en-GB","@id":"https:\/\/buletin.de\/bucuresti\/tren-alstom-retras-din-circulatie-dupa-ce-a-fost-atacat-cu-pietre-in-zona-chitila-mai-multe-curse-au-fost-suspendate\/#primaryimage","url":"https:\/\/buletin.de\/bucuresti\/wp-content\/uploads\/2025\/03\/alstom-coradia-fb-ionut-savoiu.jpg","contentUrl":"https:\/\/buletin.de\/bucuresti\/wp-content\/uploads\/2025\/03\/alstom-coradia-fb-ionut-savoiu.jpg","width":2048,"height":1536,"caption":"Contractele vizeaz\u0103 perioada 2025-2028 \u0219i acoper\u0103 rutele principale care leag\u0103 Capitala de marile ora\u0219e. FOTO: FB \/ Ionu\u0163 S\u0103voiu"},{"@type":"BreadcrumbList","@id":"https:\/\/buletin.de\/bucuresti\/tren-alstom-retras-din-circulatie-dupa-ce-a-fost-atacat-cu-pietre-in-zona-chitila-mai-multe-curse-au-fost-suspendate\/#breadcrumb","itemListElement":[{"@type":"ListItem","position":1,"name":"Acas\u0103","item":"https:\/\/buletin.de\/bucuresti\/"},{"@type":"ListItem","position":2,"name":"Tren Alstom retras din circula\u0163ie dup\u0103 ce a fost atacat cu pietre, \u00een zona Chitila. Mai multe curse au fost suspendate"}]},{"@type":"WebSite","@id":"https:\/\/buletin.de\/bucuresti\/#website","url":"https:\/\/buletin.de\/bucuresti\/","name":"Buletin de Bucure\u0219ti","description":"\u0218tiri \u0219i investiga\u021bii esen\u021biale din capital\u0103","publisher":{"@id":"https:\/\/buletin.de\/bucuresti\/#organization"},"potentialAction":[{"@type":"SearchAction","target":{"@type":"EntryPoint","urlTemplate":"https:\/\/buletin.de\/bucuresti\/?s={search_term_string}"},"query-input":{"@type":"PropertyValueSpecification","valueRequired":true,"valueName":"search_term_string"}}],"inLanguage":"en-GB"},{"@type":"Organization","@id":"https:\/\/buletin.de\/bucuresti\/#organization","name":"Buletin de Bucure\u0219ti","url":"https:\/\/buletin.de\/bucuresti\/","logo":{"@type":"ImageObject","inLanguage":"en-GB","@id":"https:\/\/buletin.de\/bucuresti\/#\/schema\/logo\/image\/","url":"https:\/\/buletin.de\/bucuresti\/wp-content\/uploads\/logo-bdb-full-wide-vernil-transparent.png","contentUrl":"https:\/\/buletin.de\/bucuresti\/wp-content\/uploads\/logo-bdb-full-wide-vernil-transparent.png","width":1782,"height":626,"caption":"Buletin de Bucure\u0219ti"},"image":{"@id":"https:\/\/buletin.de\/bucuresti\/#\/schema\/logo\/image\/"},"sameAs":["https:\/\/www.facebook.com\/buletin.de.buc","https:\/\/www.instagram.com\/buletinde.bucuresti\/"]},{"@type":"Person","@id":"https:\/\/buletin.de\/bucuresti\/#\/schema\/person\/5272b8a057b33890940b57b837fc4ce6","name":"Ionu\u021b Lepa","image":{"@type":"ImageObject","inLanguage":"en-GB","@id":"https:\/\/buletin.de\/bucuresti\/wp-content\/uploads\/Ionut-Lepa-96x96.jpg5c4e4d9e049808799a8821652d2410a4","url":"https:\/\/buletin.de\/bucuresti\/wp-content\/uploads\/Ionut-Lepa-96x96.jpg","contentUrl":"https:\/\/buletin.de\/bucuresti\/wp-content\/uploads\/Ionut-Lepa-96x96.jpg","caption":"Ionu\u021b Lepa"},"url":"https:\/\/buletin.de\/bucuresti\/author\/ionutlepa\/"}]}},"authors":[{"term_id":22586,"user_id":8,"is_guest":0,"slug":"ionutlepa","display_name":"Ionu\u021b Lepa","avatar_url":"https:\/\/buletin.de\/bucuresti\/wp-content\/uploads\/Ionut-Lepa-96x96.jpg","0":null,"1":"","2":"","3":"","4":"","5":"","6":"","7":"","8":""}],"_links":{"self":[{"href":"https:\/\/buletin.de\/bucuresti\/wp-json\/wp\/v2\/posts\/122002","targetHints":{"allow":["GET"]}}],"collection":[{"href":"https:\/\/buletin.de\/bucuresti\/wp-json\/wp\/v2\/posts"}],"about":[{"href":"https:\/\/buletin.de\/bucuresti\/wp-json\/wp\/v2\/types\/post"}],"author":[{"embeddable":true,"href":"https:\/\/buletin.de\/bucuresti\/wp-json\/wp\/v2\/users\/8"}],"replies":[{"embeddable":true,"href":"https:\/\/buletin.de\/bucuresti\/wp-json\/wp\/v2\/comments?post=122002"}],"version-history":[{"count":3,"href":"https:\/\/buletin.de\/bucuresti\/wp-json\/wp\/v2\/posts\/122002\/revisions"}],"predecessor-version":[{"id":122154,"href":"https:\/\/buletin.de\/bucuresti\/wp-json\/wp\/v2\/posts\/122002\/revisions\/122154"}],"wp:featuredmedia":[{"embeddable":true,"href":"https:\/\/buletin.de\/bucuresti\/wp-json\/wp\/v2\/media\/122003"}],"wp:attachment":[{"href":"https:\/\/buletin.de\/bucuresti\/wp-json\/wp\/v2\/media?parent=122002"}],"wp:term":[{"taxonomy":"category","embeddable":true,"href":"https:\/\/buletin.de\/bucuresti\/wp-json\/wp\/v2\/categories?post=122002"},{"taxonomy":"post_tag","embeddable":true,"href":"https:\/\/buletin.de\/bucuresti\/wp-json\/wp\/v2\/tags?post=122002"},{"taxonomy":"author","embeddable":true,"href":"https:\/\/buletin.de\/bucuresti\/wp-json\/wp\/v2\/ppma_author?post=122002"}],"curies":[{"name":"wp","href":"https:\/\/api.w.org\/{rel}","templated":true}]}}