{"id":121862,"date":"2025-03-09T19:45:11","date_gmt":"2025-03-09T16:45:11","guid":{"rendered":"https:\/\/buletin.de\/bucuresti\/?p=121862"},"modified":"2025-03-10T00:50:10","modified_gmt":"2025-03-09T21:50:10","slug":"candidatura-lui-calin-georgescu-si-cea-a-lui-nicusor-dan-analizate-de-biroul-electoral-central","status":"publish","type":"post","link":"https:\/\/buletin.de\/bucuresti\/candidatura-lui-calin-georgescu-si-cea-a-lui-nicusor-dan-analizate-de-biroul-electoral-central\/","title":{"rendered":"Candidatura lui C\u0103lin Georgescu a fost respins\u0103 de Biroul Electoral Central. Nicu\u0219or Dan poate candida"},"content":{"rendered":"\n<p><strong>Candidatura lui C\u0103lin Georgescu a fost respins\u0103 de Biroul Electoral Central (BEC). Acesta poate contesta decizia, \u00een 24 de ore, la Curtea Constitu\u021bional\u0103 a Rom\u00e2niei.<\/strong><\/p>\n\n\n\n<h2 class=\"wp-block-heading\" id=\"h-update-23-00-bec-a-facut-o-analiza-de-fond-nu-doar-a-corectitudinii-documentelor\">UPDATE 23.00: BEC a f\u0103cut o analiz\u0103 de fond, nu doar a corectitudinii documentelor<\/h2>\n\n\n\n<p><strong>Biroul Electoral Central a analizat conduita, declara\u021biile \u0219i problemele politice, pentru a decide invalidarea candidaturii lui C\u0103lin Georgescu, se arat\u0103 \u00een motivarea deciziei de duminic\u0103 seara.<\/strong><\/p>\n\n\n\n<p><strong>BEC a invocat hot\u0103r\u00e2rea Cur\u021bii Constitu\u021bionale din decembrie 2024 de a anula alegerile preziden\u021biale, dar \u0219i faptul c\u0103 Georgescu nu ar respecta \u0219i ap\u0103ra Constitu\u021bia.<\/strong><\/p>\n\n\n\n<p>BEC a constat, potrivit motiv\u0103rii deciziei sale de duminic\u0103 seara, c\u0103 Georgescu \u201enu \u00eentrune\u0219te condi\u0163iile de legalitate \u00eentruc\u00e2t candidatul, prin nerespectarea regulilor procedurii electorale, a \u00eenc\u0103lcat \u00eens\u0103\u0219i obliga\u021bia (expressis verbis prev\u0103zut\u0103 \u00een Hot\u0103r\u00e2rea Cur\u0163ii Constitu\u0163ionale nr. 2 din 5 octombrie 2024) de a ap\u0103ra democra\u0163ia, care se \u00eentemeiaz\u0103 tocmai pe sufragii corecte, integre \u0219i impar\u0163iale, \u00een conformitate cu legea, \u00een lipsa c\u0103rora este alterat \u00eensu\u015fi fundamentul ordinii constitu\u021bionale actuale.\u201d<\/p>\n\n\n\n<p><strong>CITE\u0218TE \u0218I: <a href=\"https:\/\/buletin.de\/bucuresti\/document-de-ce-a-decis-bec-invalidarea-candidaturii-lui-calin-georgescu\/\" target=\"_blank\" rel=\"noreferrer noopener\">DOCUMENT | De ce a decis BEC invalidarea candidaturii lui C\u0103lin Georgescu<\/a><\/strong><\/p>\n\n\n\n<hr class=\"wp-block-separator has-alpha-channel-opacity\"\/>\n\n\n\n<h2 class=\"wp-block-heading\" id=\"h-update-usr-a-votat-in-bec-pentru-acceptarea-candidaturii-lui-calin-georgescu\">UPDATE: USR a votat \u00een BEC pentru acceptarea candidaturii lui C\u0103lin Georgescu<\/h2>\n\n\n\n<p><strong>USR a votat \u00een Biroul Electoral Central pentru validarea candidaturii lui C\u0103lin Georgescu, a declarat pre\u0219edinta partidului, Elena Lasconi. Reprezentantul USR a considerat c\u0103 BEC nu avea motive s\u0103-i resping\u0103 dosarul \u00een aceast\u0103 etap\u0103.<\/strong><\/p>\n\n\n\n<p>\u201eReprezentatul USR \u00een Biroul Electoral Central a votat pentru candidatura lui C\u0103lin Georgescu, adic\u0103 ca acesta s\u0103 poat\u0103 candida \u0219i democratic rom\u00e2nii s\u0103-l voteze sau nu, deoarece a considerat c\u0103 nu erau suficiente date pentru respingere.<\/p>\n\n\n\n<p>Acea declara\u021bie de avere men\u021bionat\u0103 ar fi venit cu o not\u0103 explicativ\u0103 care a fost acceptat\u0103 de c\u0103tre BEC, \u00een care a explicat de unde veneau diferen\u021be de bani fa\u021b\u0103 de declara\u021bia de avere de anul trecut\u201d,&nbsp;<a href=\"https:\/\/www.facebook.com\/USRUniuneaSalvatiRomania\/videos\/1022252489763999\" target=\"_blank\" rel=\"noreferrer noopener\">a declarat Elena Lasconi, la B1 TV<\/a>.<\/p>\n\n\n\n<p><strong><a href=\"https:\/\/buletin.de\/bucuresti\/usr-a-votat-in-bec-pentru-acceptarea-candidaturii-lui-calin-georgescu\/\" target=\"_blank\" rel=\"noreferrer noopener\">CITE\u0218TE MAI MULTE DECLARA\u021aII ALE ELENEI LASCONI, AICI.<\/a><\/strong><\/p>\n\n\n\n<hr class=\"wp-block-separator has-alpha-channel-opacity\"\/>\n\n\n\n<h2 class=\"wp-block-heading\" id=\"h-update-calin-georgescu-a-reac\u021bionat-dupa-decizia-bec-daca-democra\u021bia-din-romania-cade-intreaga-lume-democratica-va-cadea\">UPDATE: C\u0103lin Georgescu a reac\u021bionat dup\u0103 decizia BEC: Dac\u0103 democra\u021bia din Rom\u00e2nia cade, \u00eentreaga lume democratic\u0103 va c\u0103dea<\/h2>\n\n\n\n<p>\u201eO lovitur\u0103 direct\u0103 \u00een inima democra\u021biei mondiale! Mai am un singur mesaj! Dac\u0103 democra\u021bia din Rom\u00e2nia cade, \u00eentreaga lume democratic\u0103 va c\u0103dea! Acesta este doar \u00eenceputul. Este at\u00e2t de simplu!<\/p>\n\n\n\n<p>Europa este acum o dictatur\u0103, Rom\u00e2nia este sub tiranie!\u201d, a sus\u021binut C\u0103lin Georgescu, \u00eentr-un <a href=\"https:\/\/x.com\/CG_Romania\/status\/1898802251558232526\">mesaj pe X<\/a>.<\/p>\n\n\n\n<hr class=\"wp-block-separator has-alpha-channel-opacity\"\/>\n\n\n\n<p><strong>UPDATE<\/strong>: Pentru validarea candidaturii lui C\u0103lin Georgescu au votat reprezentan\u021bii din Biroul Electoral Central ai AUR, POT, SOS \u0219i USR.<\/p>\n\n\n\n<p>\u201eSuntem \u00een dictatur\u0103. 10 oameni la 4 au votat \u00eempotriva dosarului lui CG la BEC de\u0219i dosarul era ok\u201d, a scris Ana Maria Gavril\u0103, \u0219efa POT, pe Facebook.<\/p>\n\n\n\n<hr class=\"wp-block-separator has-alpha-channel-opacity\"\/>\n\n\n\n<h2 class=\"wp-block-heading\" id=\"h-update-jandarmeria-a-folosit-gaze-lacrimogene\">UPDATE: Jandarmeria a folosit gaze lacrimogene<\/h2>\n\n\n\n<p><strong>Jandarmeria precizeaz\u0103 c\u0103 oamenii aduna\u021bi \u00een fa\u021ba BEC au for\u021bat cordonul de jandarmi, cu scopul de a intra \u00een sediul institu\u021biei.<\/strong> Potrivit unor surse, unul dintre oamenii din for\u021bele de ordine ar fi fost lovit \u00een cap cu o piatr\u0103.<\/p>\n\n\n\n<p>\u201e\u00cen acest context, pentru aplanarea situa\u021biei, jandarmii au folosit un pulverizator de m\u00e2n\u0103 cu substan\u021b\u0103 iritant-lacrimogen\u0103.<\/p>\n\n\n\n<p>Facem apel c\u0103tre participan\u021bi s\u0103 evite orice \u00eenc\u0103lc\u0103ri ale legii, s\u0103 \u00ee\u0219i p\u0103streze calmul, s\u0103 manifesteze pa\u0219nic \u0219i civilizat \u0219i s\u0103 dea curs dialogului cu echipele de jandarmi specializate\u201d, se arat\u0103 \u00een comunicatul Jandarmeriei.<\/p>\n\n\n\n<hr class=\"wp-block-separator has-alpha-channel-opacity\"\/>\n\n\n\n<h2 class=\"wp-block-heading\" id=\"h-update-calin-georgescu-poate-contesta-decizia-doar-la-ccr\">UPDATE: C\u0103lin Georgescu poate contesta decizia doar la CCR<\/h2>\n\n\n\n<p>C\u0103lin Georgescu nu poate ataca decizia \u00een instan\u021b\u0103, a\u0219a cum sus\u021bin unii dintre sus\u021bin\u0103torii s\u0103i, afirm\u0103 fostul judec\u0103tor <a href=\"https:\/\/www.facebook.com\/share\/p\/1GiJNnUzpb\/\" target=\"_blank\" rel=\"noreferrer noopener\">Cristi Danile\u021b<\/a>. Singura contesta\u021bie o poate face la CCR, iar sentin\u021ba Cur\u021bii Constitu\u021bionale este definitiv\u0103 \u0219i nu mai poate fi schimbat\u0103. <\/p>\n\n\n\n<p>\u201eCurtea Constitu\u021bional\u0103 solu\u021bioneaz\u0103 contesta\u021biile \u00een termen de cel mult dou\u0103 zile de la \u00eenregistrare. Hot\u0103r\u00e2rile sunt definitive, se comunic\u0103 de \u00eendat\u0103 Biroului Electoral Central \u0219i se public\u0103 \u00een Monitorul Oficial al Rom\u00e2niei, Partea I\u201d, se arat\u0103 \u00een Legea 370\/2004 pentru alegerea pre\u0219edintelui Rom\u00e2niei. <\/p>\n\n\n\n<hr class=\"wp-block-separator has-alpha-channel-opacity\"\/>\n\n\n\n<h2 class=\"wp-block-heading\" id=\"h-update-george-simion-acuza-un-nou-abuz\">UPDATE: George Simion acuz\u0103 \u201eun nou abuz\u201d<\/h2>\n\n\n\n<p>\u201eRespingerea dosarului de candidat a lui C\u0103lin Georgescu e un nou abuz \u0219i o continuare a loviturii de stat dat\u0103 pe 6 decembrie. Jos Ciolacu, jos dictatorii!\u201d, a reac\u021bionat liderul AUR, George Simion, la scurt timp dup\u0103 invalidarea candidaturii lui C\u0103lin Georgescu.<\/p>\n\n\n\n<p>Politicianul a anun\u021bat c\u0103 nu va organiza un protest \u00eempotriva deciziei BEC, deoarece nu mai crede \u201ec\u0103 mai are rost\u201d.<\/p>\n\n\n\n<hr class=\"wp-block-separator has-alpha-channel-opacity\"\/>\n\n\n\n<h2 class=\"wp-block-heading\" id=\"h-candidatura-lui-calin-georgescu-a-fost-respinsa-cu-10-voturi\">Candidatura lui C\u0103lin Georgescu a fost respins\u0103 cu 10 voturi<\/h2>\n\n\n\n<p><strong>Candidatura lui C\u0103lin Georgescu a fost respins\u0103 duminic\u0103 de Biroul Electoral Central. Decizia a fost luat\u0103 cu 10 voturi pentru invalidare \u0219i 4 \u00eempotriva invalid\u0103rii. <\/strong><\/p>\n\n\n\n<p><strong>S-au opus invalid\u0103rii reprezentan\u021bii AUR, POT, SOS \u0219i USR.<\/strong><\/p>\n\n\n\n<p>\u00cen discu\u021biile privind dosarul lui C\u0103lin Georgescu au fost invocate at\u00e2t condi\u021biile de form\u0103, privind unele nereguli \u00een completarea acestuia, dar \u0219i de fond, privind pozi\u021bion\u0103rile candidatului, potrivit unor surse<\/p>\n\n\n\n<p>Alte surse sus\u021bin c\u0103 decizia ar avea leg\u0103tur\u0103 \u0219i cu declara\u021bia de avere depus\u0103 de C\u0103lin Georgescu, \u00een care apar diferen\u021be fa\u021b\u0103 de cea de la alegerile din noiembrie 2024.<\/p>\n\n\n\n<p>Sus\u021bin\u0103torii acestuia au \u00eencercat s\u0103 rup\u0103 gardurile din fa\u021ba Biroului Electoral Central \u00een momentul anun\u021bului invalid\u0103rii. Au existat mici ciocniri cu jandarmii.<\/p>\n\n\n\n<figure class=\"wp-block-image size-large\"><img fetchpriority=\"high\" decoding=\"async\" width=\"1000\" height=\"540\" src=\"data:image\/gif;base64,R0lGODlhAQABAAAAACH5BAEKAAEALAAAAAABAAEAAAICTAEAOw==\" data-src=\"https:\/\/buletin.de\/bucuresti\/wp-content\/uploads\/2025\/03\/calingeorgescu-1000x540.png\" alt=\"\" class=\"wp-image-121894 lazyload\" data-sizes=\"auto\" data-srcset=\"https:\/\/buletin.de\/bucuresti\/wp-content\/uploads\/2025\/03\/calingeorgescu-1000x540.png 1000w, https:\/\/buletin.de\/bucuresti\/wp-content\/uploads\/2025\/03\/calingeorgescu-300x162.png 300w, https:\/\/buletin.de\/bucuresti\/wp-content\/uploads\/2025\/03\/calingeorgescu-768x415.png 768w, https:\/\/buletin.de\/bucuresti\/wp-content\/uploads\/2025\/03\/calingeorgescu-1100x594.png 1100w, https:\/\/buletin.de\/bucuresti\/wp-content\/uploads\/2025\/03\/calingeorgescu-600x324.png 600w, https:\/\/buletin.de\/bucuresti\/wp-content\/uploads\/2025\/03\/calingeorgescu-20x11.png 20w, https:\/\/buletin.de\/bucuresti\/wp-content\/uploads\/2025\/03\/calingeorgescu.png 1200w\" sizes=\"(max-width: 1000px) 100vw, 1000px\" \/><figcaption class=\"wp-element-caption\">Sus\u021bin\u0103torii lui C\u0103lin Georgescu s-au confruntat cu jandarmii la BEC<\/figcaption><\/figure>\n\n\n\n<figure class=\"wp-block-image size-large\"><img decoding=\"async\" width=\"1000\" height=\"439\" src=\"data:image\/gif;base64,R0lGODlhAQABAAAAACH5BAEKAAEALAAAAAABAAEAAAICTAEAOw==\" data-src=\"https:\/\/buletin.de\/bucuresti\/wp-content\/uploads\/2025\/03\/jandarmiibec-1000x439.png\" alt=\"\" class=\"wp-image-121896 lazyload\" data-sizes=\"auto\" data-srcset=\"https:\/\/buletin.de\/bucuresti\/wp-content\/uploads\/2025\/03\/jandarmiibec-1000x439.png 1000w, https:\/\/buletin.de\/bucuresti\/wp-content\/uploads\/2025\/03\/jandarmiibec-300x132.png 300w, https:\/\/buletin.de\/bucuresti\/wp-content\/uploads\/2025\/03\/jandarmiibec-768x337.png 768w, https:\/\/buletin.de\/bucuresti\/wp-content\/uploads\/2025\/03\/jandarmiibec-1100x483.png 1100w, https:\/\/buletin.de\/bucuresti\/wp-content\/uploads\/2025\/03\/jandarmiibec-600x264.png 600w, https:\/\/buletin.de\/bucuresti\/wp-content\/uploads\/2025\/03\/jandarmiibec-20x9.png 20w, https:\/\/buletin.de\/bucuresti\/wp-content\/uploads\/2025\/03\/jandarmiibec.png 1200w\" sizes=\"(max-width: 1000px) 100vw, 1000px\" \/><\/figure>\n\n\n\n<hr class=\"wp-block-separator has-alpha-channel-opacity\"\/>\n\n\n\n<p><strong>UPDATE<\/strong>: C\u0103lin Georgescu a depus la dosarul de candidatur\u0103 \u0219i o adres\u0103 prin care explic\u0103 diferen\u021be de venituri fa\u021b\u0103 de 2024. Adresa nu este semnat\u0103, iar PNL a cerut s\u0103 fie l\u0103murit dac\u0103 face parte din dosarul de candidatur\u0103 sau nu. \u0218edin\u021ba Biroului Electoral Central a fost&nbsp; suspendat\u0103 10 minute.<\/p>\n\n\n\n<hr class=\"wp-block-separator has-alpha-channel-opacity\"\/>\n\n\n\n<p><strong>UPDATE<\/strong>: Candidatura lui Nicu\u0219or Dan a fost validat\u0103 de c\u0103tre BEC.<\/p>\n\n\n\n<hr class=\"wp-block-separator has-alpha-channel-opacity\"\/>\n\n\n\n<p>Acest organism face, \u00een primul r\u00e2nd, o verificare de form\u0103 a candidaturii: num\u0103rul \u0219i valabilitatea semn\u0103turilor de sus\u021binere (minimum 200.000), corectitudinea documentelor depuse, dac\u0103 persoana care candideaz\u0103 \u00eendepline\u0219te condi\u021biile prev\u0103zute de Constitu\u021bia Rom\u00e2niei, conformitatea cu Legea Partidelor \u0219i a Finan\u021b\u0103rii Electorale. <\/p>\n\n\n\n<p>Totu\u0219i, BEC poate analiza dac\u0103 programul electoral sau declara\u021biile candidatului \u00eencalc\u0103&nbsp;principiile constitu\u021bionale, promov\u00e2nd: discurs extremist, fascist sau rasist, negarea ordinii democratice sau a statului de drept, mesaje care incit\u0103 la ur\u0103 sau la violen\u021b\u0103 \u00eempotriva unor grupuri sociale.<\/p>\n\n\n\n<p>De\u0219i Biroul Electoral Central nu are competen\u021ba direct\u0103 de a cenzura discursul politic, poate respinge candidatura \u00een baza&nbsp;art. 37 din Constitu\u021bie, care interzice candidaturile persoanelor care submineaz\u0103 valorile democratice.<\/p>\n\n\n\n<p><strong>Decizia BEC este de validare sau invalidare a candidaturii. <\/strong>Dup\u0103 verdictul dat de Biroul Electoral Central, timp de 24 de ore pot s\u0103 fie depuse \u00een mod oficial contesta\u021bii la Curtea Constitu\u021bional\u0103, care are la dispozi\u021bie alte 48 de ore s\u0103 vin\u0103 cu o solu\u021bionare.<\/p>\n\n\n\n<p>Decizia CCR este definitiv\u0103, iar judec\u0103torii constitu\u021bionali pot valida sau invalida candidatura.<\/p>\n\n\n\n<h2 class=\"wp-block-heading\" id=\"h-1-200-de-contesta\u021bii-dupa-candidatura-lui-calin-georgescu-300-contra-lui-nicu\u0219or-dan\">1.200 de contesta\u021bii, dup\u0103 candidatura lui C\u0103lin Georgescu. 300 contra lui Nicu\u0219or Dan<\/h2>\n\n\n\n<p>Dup\u0103 ce primarul general al Bucure\u0219tiului \u0219i candidatul suveranist \u0219i-au \u00eenregistrat dosarele, a urmat un val de sesiz\u0103ri la BEC. Potrivit surselor <a href=\"https:\/\/www.digi24.ro\/alegeri-prezidentiale-2025\/biroul-electoral-central-decide-astazi-in-privinta-candidaturii-lui-calin-georgescu-la-alegerile-prezidentiale-3150259\" target=\"_blank\" rel=\"noreferrer noopener\">Digi 24<\/a>, au fost 1200 depuse pe numele lui C\u0103lin Georgescu \u0219i 300 pe numele lui Nicu\u0219or Dan. <\/p>\n\n\n\n<p>Toate au fost discutate \u00een \u0219edin\u021ba de duminic\u0103 a Biroului Electoral Central.<\/p>\n\n\n\n<p><strong>Pe de alt\u0103 parte, potrivit surselor <a href=\"https:\/\/www.g4media.ro\/surse-unii-membrii-ai-bec-inclinati-sa-respinga-contestatiile-privind-candidatura-pro-rusului-calin-georgescu-la-presedintie-din-pricina-unei-decizii-a-ccr-din-2019-referitoare-la-candidatura-lui-vi.html\" target=\"_blank\" rel=\"noreferrer noopener\">G4 Media,<\/a> mai mul\u021bi membri ai BEC ar \u00eenclina s\u0103 resping\u0103 contesta\u021biile \u0219i s\u0103 valideze candidatura lui Georgescu, raport\u00e2ndu-se la o mai veche decizie a Cur\u021bii Constitu\u021bionale a Rom\u00e2niei (CCR), din 2019, referitoare la candidatura la pre\u0219edin\u021bie a omului de afaceri Viorel Cataram\u0103. <\/strong><\/p>\n\n\n\n<p>Pe de alt\u0103 parte, contesta\u021bia depus\u0103 de rectorul SNSPA, Remus Pricopie, invoc\u0103 tot o decizie a CCR, din 2024, privind candidatura extremistei Diana \u0218o\u0219oac\u0103, decizie prin care se recomanda BEC-ului s\u0103 aib\u0103 \u00een vedere \u0219i \u201econdi\u021biile de constitu\u021bionalitate\u201d&nbsp; \u00een procedura de validare\/invalidare a candidaturilor.<\/p>\n\n\n\n<h2 class=\"wp-block-heading\" id=\"h-primarul-bucure\u0219tiului-nu-ne-dorim-o-intoarcere-la-anii-1990\">Primarul Bucure\u0219tiului: \u201eNu ne dorim o \u00eentoarcere la anii 1990\u201d<\/h2>\n\n\n\n<p><strong><a href=\"https:\/\/www.facebook.com\/NicusorDan.ro\" target=\"_blank\" rel=\"noreferrer noopener\">Nicu\u0219or Dan<\/a> \u0219i-a depus candidatura pentru alegerile preziden\u021biale vineri. Acesta a str\u00e2ns peste 240.000 de semn\u0103turi, pe care le-a depus vineri la Biroul Electoral Central (BEC).<\/strong><\/p>\n\n\n\n<p><strong>\u201eCampania electoral\u0103 va fi vorba despre o larg\u0103 categorie de rom\u00e2ni care sunt one\u0219ti, care muncesc, care-\u0219i pl\u0103tesc taxele, care au bun sim\u021b \u0219i care cer foarte pu\u021bine lucruri: ca vocea lor s\u0103 fie auzit\u0103, iar autorit\u0103\u021bile statului, pe care le pl\u0103tesc, s\u0103 munceasc\u0103 pentru ei.<\/strong><\/p>\n\n\n\n<p>Se vor auzi mai mult cet\u0103\u021benii \u00een aceast\u0103 campanie electoral\u0103 dec\u00e2t policienii\u201d, a declarat Nicu\u0219or Dan.<\/p>\n\n\n\n<p><strong>Primarul general a men\u021bionat c\u0103, la alegerile de anul trecut, rom\u00e2nii au transmis c\u0103 a\u0219a nu se mai poate.<\/strong><\/p>\n\n\n\n<p>\u201eOamenii doresc o schimbare. Este rolul nostru ca aceast\u0103 schimbare s\u0103 aib\u0103 loc, dar astfel \u00eenc\u00e2t institu\u021biile s\u0103 func\u021bioneze dup\u0103 repere occidentale, nu ca o \u00eentoarcere \u00een anii 1990.<\/p>\n\n\n\n<p>Este rolul pre\u0219edintele s\u0103 foloseasc\u0103 toate iner\u021biile pe care Rom\u00e2nia le are, pentru a o face o \u021bar\u0103 puternic\u0103, care s\u0103 conteze la nivel european\u201d, a men\u021bionat Nicu\u0219or Dan.<\/p>\n\n\n\n<p><strong>CITE\u0218TE \u0218I: <a href=\"https:\/\/buletin.de\/bucuresti\/video-nicusor-dan-si-a-depus-candidatura-pentru-prezidentiale\/\" target=\"_blank\" rel=\"noreferrer noopener\">VIDEO Nicu\u0219or Dan \u0219i-a depus candidatura pentru preziden\u021biale<\/a><\/strong><\/p>\n\n\n\n<h2 class=\"wp-block-heading\" id=\"h-georgescu-contestat-la-nici-o-ora-de-la-depunerea-candidaturii\">Georgescu, contestat la nici o or\u0103 de la depunerea candidaturii<\/h2>\n\n\n\n<p><strong>C\u0103lin Georgescu \u0219i-a depus tot vineri candidatura pentru alegerile preziden\u021biale programate pentru luna mai. Ini\u021bial, acesta declarase c\u0103 nu va mai face acest pas, pentru c\u0103 ar legimita noul scrutin.<\/strong><\/p>\n\n\n\n<p>\u201eAm depus dosarul de candidatur\u0103. Dar, pe 6 decembrie 2024 a fost ucis\u0103 democra\u021bia. Iar pe 7 martie 2025, poporul rom\u00e2n a \u00eenviat-o.<\/p>\n\n\n\n<p><strong>Am depus peste 324.000 de semn\u0103turi. L\u00e2ng\u0103 poporul rom\u00e2n au fost AUR \u0219i POT, care sunt aici al\u0103turi de mine.<\/strong><\/p>\n\n\n\n<p>\u00cen toat\u0103 aceast\u0103 perioad\u0103 am trecut prin foc \u0219i sabie \u0219i este bine, c\u0103ci prin suferin\u021b\u0103 am \u00een\u021beles to\u021bi valorile fundamentale legate de pace, democra\u021bie \u0219i libertate\u201d. a declarat C\u0103lin Georgescu, la depunerea dosarului de candidatur\u0103.<\/p>\n\n\n\n<p>Candidatul independent a men\u021bionat c\u0103 are un mesaj pentru sistemul corupt, respectiv c\u0103 tot globul se uit\u0103 la Rom\u00e2nia \u0219i la \u201emodul ingrat \u0219i ilegal \u00een care a ac\u021bionat clasa politic\u0103\u201d.<\/p>\n\n\n\n<p>\u201ePrima dat\u0103 c\u00e2nd au anulat alegerile a fost culp\u0103, acum este premeditare\u201d, a sus\u021binut C\u0103lin Georgescu.<\/p>\n\n\n\n<p><strong>CITE\u0218TE \u0218I: <a href=\"https:\/\/buletin.de\/bucuresti\/calin-georgescu-si-a-depus-candidatura-pentru-alegerile-prezidentiale-financial-times-candidatura-va-fi-invalidata\/\" target=\"_blank\" rel=\"noreferrer noopener\">VIDEO | C\u0103lin Georgescu \u0219i-a depus candidatura pentru alegerile preziden\u021biale. Financial Times: Candidatura va fi invalidat\u0103<\/a><\/strong><\/p>\n\n\n\n<p><strong>Candidatura lui C\u0103lin Georgescu a fost contestat\u0103 la mai pu\u021bin de o or\u0103 de c\u00e2nd acesta a depus dosarul cu semn\u0103turi la Biroul Electoral Central (BEC). Contesta\u021bia a fost f\u0103cut\u0103 de c\u0103tre rectorul SNSPA.<\/strong><\/p>\n\n\n\n<p><strong>CITE\u0218TE \u0218I: <a href=\"https:\/\/buletin.de\/bucuresti\/candidatura-lui-calin-georgescu-a-fost-deja-contestata-am-considerat-necesar-sa-recurg-la-acest-demers\/\" target=\"_blank\" rel=\"noreferrer noopener\">Candidatura lui C\u0103lin Georgescu a fost deja contestat\u0103. \u201eAm considerat necesar s\u0103 recurg la acest demers\u201d<\/a><br><\/strong><br><\/p>\n","protected":false},"excerpt":{"rendered":"<p>Candidatura lui C\u0103lin Georgescu a fost respins\u0103 de Biroul Electoral Central (BEC). Acesta poate contesta decizia, \u00een 24 de ore, la Curtea Constitu\u021bional\u0103 a Rom\u00e2niei. UPDATE 23.00: BEC a f\u0103cut o analiz\u0103 de fond, nu doar a corectitudinii documentelor Biroul Electoral Central a analizat conduita, declara\u021biile \u0219i problemele politice, pentru a decide invalidarea candidaturii lui [&hellip;]<\/p>\n","protected":false},"author":60,"featured_media":121865,"comment_status":"closed","ping_status":"open","sticky":false,"template":"","format":"standard","meta":{"_acf_changed":false,"inline_featured_image":false,"ngg_post_thumbnail":0,"footnotes":""},"categories":[6994,5762,9025],"tags":[19716,2100,1461,17130,19717,19718],"ppma_author":[22582],"class_list":["post-121862","post","type-post","status-publish","format-standard","has-post-thumbnail","hentry","category-stiri-2","category-main","category-politic","tag-alegerile-prezidentiale","tag-calin-georgescu","tag-candidatura","tag-georgescu","tag-georgescu-invalidat","tag-georgescu-respins"],"acf":[],"yoast_head":"<!-- This site is optimized with the Yoast SEO Premium plugin v25.3 (Yoast SEO v27.4) - https:\/\/yoast.com\/product\/yoast-seo-premium-wordpress\/ -->\n<title>Candidatura lui C\u0103lin Georgescu a fost respins\u0103 de Biroul Electoral Central. Nicu\u0219or Dan poate candida - Buletin de Bucure\u0219ti<\/title>\n<meta name=\"description\" content=\"Candidatura lui C\u0103lin Georgescu a fost respins\u0103 de Biroul Electoral Central. Acesta poate contesta decizia, \u00een 24 de ore.\" \/>\n<meta name=\"robots\" content=\"index, follow, max-snippet:-1, max-image-preview:large, max-video-preview:-1\" \/>\n<link rel=\"canonical\" href=\"https:\/\/buletin.de\/bucuresti\/candidatura-lui-calin-georgescu-si-cea-a-lui-nicusor-dan-analizate-de-biroul-electoral-central\/\" \/>\n<meta property=\"og:locale\" content=\"en_GB\" \/>\n<meta property=\"og:type\" content=\"article\" \/>\n<meta property=\"og:title\" content=\"Candidatura lui C\u0103lin Georgescu a fost respins\u0103 de Biroul Electoral Central. Nicu\u0219or Dan poate candida\" \/>\n<meta property=\"og:description\" content=\"Candidatura lui C\u0103lin Georgescu a fost respins\u0103 de Biroul Electoral Central. Acesta poate contesta decizia, \u00een 24 de ore.\" \/>\n<meta property=\"og:url\" content=\"https:\/\/buletin.de\/bucuresti\/candidatura-lui-calin-georgescu-si-cea-a-lui-nicusor-dan-analizate-de-biroul-electoral-central\/\" \/>\n<meta property=\"og:site_name\" content=\"Buletin de Bucure\u0219ti\" \/>\n<meta property=\"article:publisher\" content=\"https:\/\/www.facebook.com\/buletin.de.buc\" \/>\n<meta property=\"article:published_time\" content=\"2025-03-09T16:45:11+00:00\" \/>\n<meta property=\"article:modified_time\" content=\"2025-03-09T21:50:10+00:00\" \/>\n<meta property=\"og:image\" content=\"https:\/\/buletin.de\/bucuresti\/wp-content\/uploads\/2025\/03\/calingeorgescu_INQUAM_Photos_George_Calin.jpg\" \/>\n\t<meta property=\"og:image:width\" content=\"1200\" \/>\n\t<meta property=\"og:image:height\" content=\"800\" \/>\n\t<meta property=\"og:image:type\" content=\"image\/jpeg\" \/>\n<meta name=\"author\" content=\"R\u0103zvan Chiru\u021b\u0103\" \/>\n<meta name=\"twitter:card\" content=\"summary_large_image\" \/>\n<meta name=\"twitter:label1\" content=\"Written by\" \/>\n\t<meta name=\"twitter:data1\" content=\"R\u0103zvan Chiru\u021b\u0103\" \/>\n\t<meta name=\"twitter:label2\" content=\"Estimated reading time\" \/>\n\t<meta name=\"twitter:data2\" content=\"8 minutes\" \/>\n<script type=\"application\/ld+json\" class=\"yoast-schema-graph\">{\"@context\":\"https:\\\/\\\/schema.org\",\"@graph\":[{\"@type\":\"Article\",\"@id\":\"https:\\\/\\\/buletin.de\\\/bucuresti\\\/candidatura-lui-calin-georgescu-si-cea-a-lui-nicusor-dan-analizate-de-biroul-electoral-central\\\/#article\",\"isPartOf\":{\"@id\":\"https:\\\/\\\/buletin.de\\\/bucuresti\\\/candidatura-lui-calin-georgescu-si-cea-a-lui-nicusor-dan-analizate-de-biroul-electoral-central\\\/\"},\"author\":{\"name\":\"R\u0103zvan Chiru\u021b\u0103\",\"@id\":\"https:\\\/\\\/buletin.de\\\/bucuresti\\\/#\\\/schema\\\/person\\\/a76df728dfc913795a9d90e346b253bb\"},\"headline\":\"Candidatura lui C\u0103lin Georgescu a fost respins\u0103 de Biroul Electoral Central. Nicu\u0219or Dan poate candida\",\"datePublished\":\"2025-03-09T16:45:11+00:00\",\"dateModified\":\"2025-03-09T21:50:10+00:00\",\"mainEntityOfPage\":{\"@id\":\"https:\\\/\\\/buletin.de\\\/bucuresti\\\/candidatura-lui-calin-georgescu-si-cea-a-lui-nicusor-dan-analizate-de-biroul-electoral-central\\\/\"},\"wordCount\":1839,\"publisher\":{\"@id\":\"https:\\\/\\\/buletin.de\\\/bucuresti\\\/#organization\"},\"image\":{\"@id\":\"https:\\\/\\\/buletin.de\\\/bucuresti\\\/candidatura-lui-calin-georgescu-si-cea-a-lui-nicusor-dan-analizate-de-biroul-electoral-central\\\/#primaryimage\"},\"thumbnailUrl\":\"https:\\\/\\\/buletin.de\\\/bucuresti\\\/wp-content\\\/uploads\\\/2025\\\/03\\\/calingeorgescu_INQUAM_Photos_George_Calin.jpg\",\"keywords\":[\"alegerile prezidentiale\",\"calin georgescu\",\"candidatura\",\"georgescu\",\"georgescu invalidat\",\"georgescu respins\"],\"articleSection\":[\"Articole\",\"Main\",\"Politic\"],\"inLanguage\":\"en-GB\",\"copyrightYear\":\"2025\",\"copyrightHolder\":{\"@id\":\"https:\\\/\\\/buletin.de\\\/bucuresti\\\/#organization\"}},{\"@type\":\"WebPage\",\"@id\":\"https:\\\/\\\/buletin.de\\\/bucuresti\\\/candidatura-lui-calin-georgescu-si-cea-a-lui-nicusor-dan-analizate-de-biroul-electoral-central\\\/\",\"url\":\"https:\\\/\\\/buletin.de\\\/bucuresti\\\/candidatura-lui-calin-georgescu-si-cea-a-lui-nicusor-dan-analizate-de-biroul-electoral-central\\\/\",\"name\":\"Candidatura lui C\u0103lin Georgescu a fost respins\u0103 de Biroul Electoral Central. Nicu\u0219or Dan poate candida - Buletin de Bucure\u0219ti\",\"isPartOf\":{\"@id\":\"https:\\\/\\\/buletin.de\\\/bucuresti\\\/#website\"},\"primaryImageOfPage\":{\"@id\":\"https:\\\/\\\/buletin.de\\\/bucuresti\\\/candidatura-lui-calin-georgescu-si-cea-a-lui-nicusor-dan-analizate-de-biroul-electoral-central\\\/#primaryimage\"},\"image\":{\"@id\":\"https:\\\/\\\/buletin.de\\\/bucuresti\\\/candidatura-lui-calin-georgescu-si-cea-a-lui-nicusor-dan-analizate-de-biroul-electoral-central\\\/#primaryimage\"},\"thumbnailUrl\":\"https:\\\/\\\/buletin.de\\\/bucuresti\\\/wp-content\\\/uploads\\\/2025\\\/03\\\/calingeorgescu_INQUAM_Photos_George_Calin.jpg\",\"datePublished\":\"2025-03-09T16:45:11+00:00\",\"dateModified\":\"2025-03-09T21:50:10+00:00\",\"description\":\"Candidatura lui C\u0103lin Georgescu a fost respins\u0103 de Biroul Electoral Central. Acesta poate contesta decizia, \u00een 24 de ore.\",\"breadcrumb\":{\"@id\":\"https:\\\/\\\/buletin.de\\\/bucuresti\\\/candidatura-lui-calin-georgescu-si-cea-a-lui-nicusor-dan-analizate-de-biroul-electoral-central\\\/#breadcrumb\"},\"inLanguage\":\"en-GB\",\"potentialAction\":[{\"@type\":\"ReadAction\",\"target\":[\"https:\\\/\\\/buletin.de\\\/bucuresti\\\/candidatura-lui-calin-georgescu-si-cea-a-lui-nicusor-dan-analizate-de-biroul-electoral-central\\\/\"]}]},{\"@type\":\"ImageObject\",\"inLanguage\":\"en-GB\",\"@id\":\"https:\\\/\\\/buletin.de\\\/bucuresti\\\/candidatura-lui-calin-georgescu-si-cea-a-lui-nicusor-dan-analizate-de-biroul-electoral-central\\\/#primaryimage\",\"url\":\"https:\\\/\\\/buletin.de\\\/bucuresti\\\/wp-content\\\/uploads\\\/2025\\\/03\\\/calingeorgescu_INQUAM_Photos_George_Calin.jpg\",\"contentUrl\":\"https:\\\/\\\/buletin.de\\\/bucuresti\\\/wp-content\\\/uploads\\\/2025\\\/03\\\/calingeorgescu_INQUAM_Photos_George_Calin.jpg\",\"width\":1200,\"height\":800,\"caption\":\"Candidatura lui C\u0103lin Georgescu a fost validat\u0103 de BEC. Foto: Inquam Photos \\\/ George Calin\"},{\"@type\":\"BreadcrumbList\",\"@id\":\"https:\\\/\\\/buletin.de\\\/bucuresti\\\/candidatura-lui-calin-georgescu-si-cea-a-lui-nicusor-dan-analizate-de-biroul-electoral-central\\\/#breadcrumb\",\"itemListElement\":[{\"@type\":\"ListItem\",\"position\":1,\"name\":\"Acas\u0103\",\"item\":\"https:\\\/\\\/buletin.de\\\/bucuresti\\\/\"},{\"@type\":\"ListItem\",\"position\":2,\"name\":\"Candidatura lui C\u0103lin Georgescu a fost respins\u0103 de Biroul Electoral Central. Nicu\u0219or Dan poate candida\"}]},{\"@type\":\"WebSite\",\"@id\":\"https:\\\/\\\/buletin.de\\\/bucuresti\\\/#website\",\"url\":\"https:\\\/\\\/buletin.de\\\/bucuresti\\\/\",\"name\":\"Buletin de Bucure\u0219ti\",\"description\":\"\u0218tiri \u0219i investiga\u021bii esen\u021biale din capital\u0103\",\"publisher\":{\"@id\":\"https:\\\/\\\/buletin.de\\\/bucuresti\\\/#organization\"},\"potentialAction\":[{\"@type\":\"SearchAction\",\"target\":{\"@type\":\"EntryPoint\",\"urlTemplate\":\"https:\\\/\\\/buletin.de\\\/bucuresti\\\/?s={search_term_string}\"},\"query-input\":{\"@type\":\"PropertyValueSpecification\",\"valueRequired\":true,\"valueName\":\"search_term_string\"}}],\"inLanguage\":\"en-GB\"},{\"@type\":\"Organization\",\"@id\":\"https:\\\/\\\/buletin.de\\\/bucuresti\\\/#organization\",\"name\":\"Buletin de Bucure\u0219ti\",\"url\":\"https:\\\/\\\/buletin.de\\\/bucuresti\\\/\",\"logo\":{\"@type\":\"ImageObject\",\"inLanguage\":\"en-GB\",\"@id\":\"https:\\\/\\\/buletin.de\\\/bucuresti\\\/#\\\/schema\\\/logo\\\/image\\\/\",\"url\":\"https:\\\/\\\/buletin.de\\\/bucuresti\\\/wp-content\\\/uploads\\\/logo-bdb-full-wide-vernil-transparent.png\",\"contentUrl\":\"https:\\\/\\\/buletin.de\\\/bucuresti\\\/wp-content\\\/uploads\\\/logo-bdb-full-wide-vernil-transparent.png\",\"width\":1782,\"height\":626,\"caption\":\"Buletin de Bucure\u0219ti\"},\"image\":{\"@id\":\"https:\\\/\\\/buletin.de\\\/bucuresti\\\/#\\\/schema\\\/logo\\\/image\\\/\"},\"sameAs\":[\"https:\\\/\\\/www.facebook.com\\\/buletin.de.buc\",\"https:\\\/\\\/www.instagram.com\\\/buletinde.bucuresti\\\/\"]},{\"@type\":\"Person\",\"@id\":\"https:\\\/\\\/buletin.de\\\/bucuresti\\\/#\\\/schema\\\/person\\\/a76df728dfc913795a9d90e346b253bb\",\"name\":\"R\u0103zvan Chiru\u021b\u0103\",\"image\":{\"@type\":\"ImageObject\",\"inLanguage\":\"en-GB\",\"@id\":\"https:\\\/\\\/buletin.de\\\/bucuresti\\\/wp-content\\\/uploads\\\/Razvan-Chiruta-96x96.jpge7143b996fd4241fbd6ee1f6b6b7b267\",\"url\":\"https:\\\/\\\/buletin.de\\\/bucuresti\\\/wp-content\\\/uploads\\\/Razvan-Chiruta-96x96.jpg\",\"contentUrl\":\"https:\\\/\\\/buletin.de\\\/bucuresti\\\/wp-content\\\/uploads\\\/Razvan-Chiruta-96x96.jpg\",\"caption\":\"R\u0103zvan Chiru\u021b\u0103\"},\"description\":\"R\u0103zvan Chiru\u021b\u0103 este redactor-\u0219ef adjunct din iulie 2024. A fost redactor-\u0219ef al PRESShub \u00eentre 2022 \u0219i iunie 2024. Anterior, a fost redactor-\u0219ef al Newsweek Rom\u00e2nia, din 2018 p\u00e2n\u0103 \u00een 2021, \u0219i al cotidianului Rom\u00e2nia liber\u0103, \u00eentre 2015 \u0219i 2017. Este absolvent de Jurnalism, \u00een cadrul Universit\u0103\u021bii \u201eAl.I.Cuza\u201d din Ia\u0219i, \u0219i a urmat un master \u00een Managementul institu\u021biilor mass-media (f\u0103r\u0103 diserta\u021bie) la Facultatea de Jurnalism \u0219i \u0218tiin\u021bele Comunic\u0103rii din cadrul Universit\u0103\u021bii din Bucure\u0219ti. \u0218i-a \u00eenceput cariera la Opinia studen\u021beasc\u0103, cunoscuta \u0219coal\u0103 de pres\u0103 din Ia\u0219i. A lucrat \u00een presa local\u0103, apoi a devenit corespondent pentru Ia\u0219i al cotidianului Evenimentul Zilei. Din 2004, a coordonat pentru \u0219ase luni sec\u021bia de coresponden\u021bi a Evenimentului Zilei. A mai lucrat la s\u0103pt\u0103m\u00e2nalul Prezent \u0219i a colaborat cu revistele Dilema Veche \u0219i Suplimentul de Cultur\u0103. Este co-autor \u00een volumele \u201eMass-media \u0219i democra\u021bia \u00een Rom\u00e2nia post-comunist\u0103\u201d (ed. a II-a), Ed. Institutul European, Ia\u0219i, 2013, \u0219i \u201eCOVID - 19. Dimensiuni ale gestionarii pandemiei\u201d, Editura Junimea, Ia\u0219i, 2020.\",\"url\":\"https:\\\/\\\/buletin.de\\\/bucuresti\\\/author\\\/razvan-chiruta\\\/\"}]}<\/script>\n<!-- \/ Yoast SEO Premium plugin. -->","yoast_head_json":{"title":"Candidatura lui C\u0103lin Georgescu a fost respins\u0103 de Biroul Electoral Central. Nicu\u0219or Dan poate candida - Buletin de Bucure\u0219ti","description":"Candidatura lui C\u0103lin Georgescu a fost respins\u0103 de Biroul Electoral Central. Acesta poate contesta decizia, \u00een 24 de ore.","robots":{"index":"index","follow":"follow","max-snippet":"max-snippet:-1","max-image-preview":"max-image-preview:large","max-video-preview":"max-video-preview:-1"},"canonical":"https:\/\/buletin.de\/bucuresti\/candidatura-lui-calin-georgescu-si-cea-a-lui-nicusor-dan-analizate-de-biroul-electoral-central\/","og_locale":"en_GB","og_type":"article","og_title":"Candidatura lui C\u0103lin Georgescu a fost respins\u0103 de Biroul Electoral Central. Nicu\u0219or Dan poate candida","og_description":"Candidatura lui C\u0103lin Georgescu a fost respins\u0103 de Biroul Electoral Central. Acesta poate contesta decizia, \u00een 24 de ore.","og_url":"https:\/\/buletin.de\/bucuresti\/candidatura-lui-calin-georgescu-si-cea-a-lui-nicusor-dan-analizate-de-biroul-electoral-central\/","og_site_name":"Buletin de Bucure\u0219ti","article_publisher":"https:\/\/www.facebook.com\/buletin.de.buc","article_published_time":"2025-03-09T16:45:11+00:00","article_modified_time":"2025-03-09T21:50:10+00:00","og_image":[{"width":1200,"height":800,"url":"https:\/\/buletin.de\/bucuresti\/wp-content\/uploads\/2025\/03\/calingeorgescu_INQUAM_Photos_George_Calin.jpg","type":"image\/jpeg"}],"author":"R\u0103zvan Chiru\u021b\u0103","twitter_card":"summary_large_image","twitter_misc":{"Written by":"R\u0103zvan Chiru\u021b\u0103","Estimated reading time":"8 minutes"},"schema":{"@context":"https:\/\/schema.org","@graph":[{"@type":"Article","@id":"https:\/\/buletin.de\/bucuresti\/candidatura-lui-calin-georgescu-si-cea-a-lui-nicusor-dan-analizate-de-biroul-electoral-central\/#article","isPartOf":{"@id":"https:\/\/buletin.de\/bucuresti\/candidatura-lui-calin-georgescu-si-cea-a-lui-nicusor-dan-analizate-de-biroul-electoral-central\/"},"author":{"name":"R\u0103zvan Chiru\u021b\u0103","@id":"https:\/\/buletin.de\/bucuresti\/#\/schema\/person\/a76df728dfc913795a9d90e346b253bb"},"headline":"Candidatura lui C\u0103lin Georgescu a fost respins\u0103 de Biroul Electoral Central. Nicu\u0219or Dan poate candida","datePublished":"2025-03-09T16:45:11+00:00","dateModified":"2025-03-09T21:50:10+00:00","mainEntityOfPage":{"@id":"https:\/\/buletin.de\/bucuresti\/candidatura-lui-calin-georgescu-si-cea-a-lui-nicusor-dan-analizate-de-biroul-electoral-central\/"},"wordCount":1839,"publisher":{"@id":"https:\/\/buletin.de\/bucuresti\/#organization"},"image":{"@id":"https:\/\/buletin.de\/bucuresti\/candidatura-lui-calin-georgescu-si-cea-a-lui-nicusor-dan-analizate-de-biroul-electoral-central\/#primaryimage"},"thumbnailUrl":"https:\/\/buletin.de\/bucuresti\/wp-content\/uploads\/2025\/03\/calingeorgescu_INQUAM_Photos_George_Calin.jpg","keywords":["alegerile prezidentiale","calin georgescu","candidatura","georgescu","georgescu invalidat","georgescu respins"],"articleSection":["Articole","Main","Politic"],"inLanguage":"en-GB","copyrightYear":"2025","copyrightHolder":{"@id":"https:\/\/buletin.de\/bucuresti\/#organization"}},{"@type":"WebPage","@id":"https:\/\/buletin.de\/bucuresti\/candidatura-lui-calin-georgescu-si-cea-a-lui-nicusor-dan-analizate-de-biroul-electoral-central\/","url":"https:\/\/buletin.de\/bucuresti\/candidatura-lui-calin-georgescu-si-cea-a-lui-nicusor-dan-analizate-de-biroul-electoral-central\/","name":"Candidatura lui C\u0103lin Georgescu a fost respins\u0103 de Biroul Electoral Central. Nicu\u0219or Dan poate candida - Buletin de Bucure\u0219ti","isPartOf":{"@id":"https:\/\/buletin.de\/bucuresti\/#website"},"primaryImageOfPage":{"@id":"https:\/\/buletin.de\/bucuresti\/candidatura-lui-calin-georgescu-si-cea-a-lui-nicusor-dan-analizate-de-biroul-electoral-central\/#primaryimage"},"image":{"@id":"https:\/\/buletin.de\/bucuresti\/candidatura-lui-calin-georgescu-si-cea-a-lui-nicusor-dan-analizate-de-biroul-electoral-central\/#primaryimage"},"thumbnailUrl":"https:\/\/buletin.de\/bucuresti\/wp-content\/uploads\/2025\/03\/calingeorgescu_INQUAM_Photos_George_Calin.jpg","datePublished":"2025-03-09T16:45:11+00:00","dateModified":"2025-03-09T21:50:10+00:00","description":"Candidatura lui C\u0103lin Georgescu a fost respins\u0103 de Biroul Electoral Central. Acesta poate contesta decizia, \u00een 24 de ore.","breadcrumb":{"@id":"https:\/\/buletin.de\/bucuresti\/candidatura-lui-calin-georgescu-si-cea-a-lui-nicusor-dan-analizate-de-biroul-electoral-central\/#breadcrumb"},"inLanguage":"en-GB","potentialAction":[{"@type":"ReadAction","target":["https:\/\/buletin.de\/bucuresti\/candidatura-lui-calin-georgescu-si-cea-a-lui-nicusor-dan-analizate-de-biroul-electoral-central\/"]}]},{"@type":"ImageObject","inLanguage":"en-GB","@id":"https:\/\/buletin.de\/bucuresti\/candidatura-lui-calin-georgescu-si-cea-a-lui-nicusor-dan-analizate-de-biroul-electoral-central\/#primaryimage","url":"https:\/\/buletin.de\/bucuresti\/wp-content\/uploads\/2025\/03\/calingeorgescu_INQUAM_Photos_George_Calin.jpg","contentUrl":"https:\/\/buletin.de\/bucuresti\/wp-content\/uploads\/2025\/03\/calingeorgescu_INQUAM_Photos_George_Calin.jpg","width":1200,"height":800,"caption":"Candidatura lui C\u0103lin Georgescu a fost validat\u0103 de BEC. Foto: Inquam Photos \/ George Calin"},{"@type":"BreadcrumbList","@id":"https:\/\/buletin.de\/bucuresti\/candidatura-lui-calin-georgescu-si-cea-a-lui-nicusor-dan-analizate-de-biroul-electoral-central\/#breadcrumb","itemListElement":[{"@type":"ListItem","position":1,"name":"Acas\u0103","item":"https:\/\/buletin.de\/bucuresti\/"},{"@type":"ListItem","position":2,"name":"Candidatura lui C\u0103lin Georgescu a fost respins\u0103 de Biroul Electoral Central. Nicu\u0219or Dan poate candida"}]},{"@type":"WebSite","@id":"https:\/\/buletin.de\/bucuresti\/#website","url":"https:\/\/buletin.de\/bucuresti\/","name":"Buletin de Bucure\u0219ti","description":"\u0218tiri \u0219i investiga\u021bii esen\u021biale din capital\u0103","publisher":{"@id":"https:\/\/buletin.de\/bucuresti\/#organization"},"potentialAction":[{"@type":"SearchAction","target":{"@type":"EntryPoint","urlTemplate":"https:\/\/buletin.de\/bucuresti\/?s={search_term_string}"},"query-input":{"@type":"PropertyValueSpecification","valueRequired":true,"valueName":"search_term_string"}}],"inLanguage":"en-GB"},{"@type":"Organization","@id":"https:\/\/buletin.de\/bucuresti\/#organization","name":"Buletin de Bucure\u0219ti","url":"https:\/\/buletin.de\/bucuresti\/","logo":{"@type":"ImageObject","inLanguage":"en-GB","@id":"https:\/\/buletin.de\/bucuresti\/#\/schema\/logo\/image\/","url":"https:\/\/buletin.de\/bucuresti\/wp-content\/uploads\/logo-bdb-full-wide-vernil-transparent.png","contentUrl":"https:\/\/buletin.de\/bucuresti\/wp-content\/uploads\/logo-bdb-full-wide-vernil-transparent.png","width":1782,"height":626,"caption":"Buletin de Bucure\u0219ti"},"image":{"@id":"https:\/\/buletin.de\/bucuresti\/#\/schema\/logo\/image\/"},"sameAs":["https:\/\/www.facebook.com\/buletin.de.buc","https:\/\/www.instagram.com\/buletinde.bucuresti\/"]},{"@type":"Person","@id":"https:\/\/buletin.de\/bucuresti\/#\/schema\/person\/a76df728dfc913795a9d90e346b253bb","name":"R\u0103zvan Chiru\u021b\u0103","image":{"@type":"ImageObject","inLanguage":"en-GB","@id":"https:\/\/buletin.de\/bucuresti\/wp-content\/uploads\/Razvan-Chiruta-96x96.jpge7143b996fd4241fbd6ee1f6b6b7b267","url":"https:\/\/buletin.de\/bucuresti\/wp-content\/uploads\/Razvan-Chiruta-96x96.jpg","contentUrl":"https:\/\/buletin.de\/bucuresti\/wp-content\/uploads\/Razvan-Chiruta-96x96.jpg","caption":"R\u0103zvan Chiru\u021b\u0103"},"description":"R\u0103zvan Chiru\u021b\u0103 este redactor-\u0219ef adjunct din iulie 2024. A fost redactor-\u0219ef al PRESShub \u00eentre 2022 \u0219i iunie 2024. Anterior, a fost redactor-\u0219ef al Newsweek Rom\u00e2nia, din 2018 p\u00e2n\u0103 \u00een 2021, \u0219i al cotidianului Rom\u00e2nia liber\u0103, \u00eentre 2015 \u0219i 2017. Este absolvent de Jurnalism, \u00een cadrul Universit\u0103\u021bii \u201eAl.I.Cuza\u201d din Ia\u0219i, \u0219i a urmat un master \u00een Managementul institu\u021biilor mass-media (f\u0103r\u0103 diserta\u021bie) la Facultatea de Jurnalism \u0219i \u0218tiin\u021bele Comunic\u0103rii din cadrul Universit\u0103\u021bii din Bucure\u0219ti. \u0218i-a \u00eenceput cariera la Opinia studen\u021beasc\u0103, cunoscuta \u0219coal\u0103 de pres\u0103 din Ia\u0219i. A lucrat \u00een presa local\u0103, apoi a devenit corespondent pentru Ia\u0219i al cotidianului Evenimentul Zilei. Din 2004, a coordonat pentru \u0219ase luni sec\u021bia de coresponden\u021bi a Evenimentului Zilei. A mai lucrat la s\u0103pt\u0103m\u00e2nalul Prezent \u0219i a colaborat cu revistele Dilema Veche \u0219i Suplimentul de Cultur\u0103. Este co-autor \u00een volumele \u201eMass-media \u0219i democra\u021bia \u00een Rom\u00e2nia post-comunist\u0103\u201d (ed. a II-a), Ed. Institutul European, Ia\u0219i, 2013, \u0219i \u201eCOVID - 19. Dimensiuni ale gestionarii pandemiei\u201d, Editura Junimea, Ia\u0219i, 2020.","url":"https:\/\/buletin.de\/bucuresti\/author\/razvan-chiruta\/"}]}},"authors":[{"term_id":22582,"user_id":60,"is_guest":0,"slug":"razvan-chiruta","display_name":"R\u0103zvan Chiru\u021b\u0103","avatar_url":"https:\/\/buletin.de\/bucuresti\/wp-content\/uploads\/Razvan-Chiruta-96x96.jpg","0":null,"1":"","2":"","3":"","4":"","5":"","6":"","7":"","8":""}],"_links":{"self":[{"href":"https:\/\/buletin.de\/bucuresti\/wp-json\/wp\/v2\/posts\/121862","targetHints":{"allow":["GET"]}}],"collection":[{"href":"https:\/\/buletin.de\/bucuresti\/wp-json\/wp\/v2\/posts"}],"about":[{"href":"https:\/\/buletin.de\/bucuresti\/wp-json\/wp\/v2\/types\/post"}],"author":[{"embeddable":true,"href":"https:\/\/buletin.de\/bucuresti\/wp-json\/wp\/v2\/users\/60"}],"replies":[{"embeddable":true,"href":"https:\/\/buletin.de\/bucuresti\/wp-json\/wp\/v2\/comments?post=121862"}],"version-history":[{"count":37,"href":"https:\/\/buletin.de\/bucuresti\/wp-json\/wp\/v2\/posts\/121862\/revisions"}],"predecessor-version":[{"id":121993,"href":"https:\/\/buletin.de\/bucuresti\/wp-json\/wp\/v2\/posts\/121862\/revisions\/121993"}],"wp:featuredmedia":[{"embeddable":true,"href":"https:\/\/buletin.de\/bucuresti\/wp-json\/wp\/v2\/media\/121865"}],"wp:attachment":[{"href":"https:\/\/buletin.de\/bucuresti\/wp-json\/wp\/v2\/media?parent=121862"}],"wp:term":[{"taxonomy":"category","embeddable":true,"href":"https:\/\/buletin.de\/bucuresti\/wp-json\/wp\/v2\/categories?post=121862"},{"taxonomy":"post_tag","embeddable":true,"href":"https:\/\/buletin.de\/bucuresti\/wp-json\/wp\/v2\/tags?post=121862"},{"taxonomy":"author","embeddable":true,"href":"https:\/\/buletin.de\/bucuresti\/wp-json\/wp\/v2\/ppma_author?post=121862"}],"curies":[{"name":"wp","href":"https:\/\/api.w.org\/{rel}","templated":true}]}}