{"id":121756,"date":"2025-03-08T23:06:50","date_gmt":"2025-03-08T20:06:50","guid":{"rendered":"https:\/\/buletin.de\/bucuresti\/?p=121756"},"modified":"2025-03-08T23:07:29","modified_gmt":"2025-03-08T20:07:29","slug":"nicusor-dan-propune-ca-ccr-sa-nu-mai-aiba-dreptul-de-a-bloca-candidati-ce-spune-despre-georgescu-si-sosoaca","status":"publish","type":"post","link":"https:\/\/buletin.de\/bucuresti\/nicusor-dan-propune-ca-ccr-sa-nu-mai-aiba-dreptul-de-a-bloca-candidati-ce-spune-despre-georgescu-si-sosoaca\/","title":{"rendered":"Nicu\u0219or Dan propune ca CCR s\u0103 nu mai aib\u0103 dreptul de a bloca candida\u021bi. Ce spune despre Georgescu \u0219i \u0218o\u0219oac\u0103"},"content":{"rendered":"\n<p><strong>Nicu\u0219or Dan, candidat independent pentru pre\u0219edin\u021bia Rom\u00e2nia, consider\u0103 c\u0103 CCR ar trebui s\u0103 nu mai aib\u0103 \u00een viitor dreptul de a bloca candida\u021bi. Totu\u0219i, afirm\u0103 c\u0103 judec\u0103torii au interpretat corect legea \u00een cazul interdic\u021biei impuse Dianei \u0218o\u0219oac\u0103.<\/strong><\/p>\n\n\n\n<p>\u00centrebat s\u00e2mb\u0103t\u0103, la Cluj, dac\u0103 CCR va valida canndidatura lui C\u0103lin Georgescu, Nicu\u0219or Dan a r\u0103spuns c\u0103, \u00een opinia sa nu este \u201ecorect democratic\u201d c\u0103 legea permite Cur\u0163ii constitu\u0163ionale s\u0103 ia o astfel de decizie.<\/p>\n\n\n\n<p>\u201eNu vreau s\u0103 anticipez (n. red. &#8211; o decizie a CCR \u00een privin\u0163a candidaturii lui C\u0103lin Georgescu la Pre\u015fedin\u0163ie), nu mai avem dec\u00e2t c\u00e2teva zile. E o interpretare juridic\u0103. Punctul meu de vedere dar care evident nu se va aplica pentru aceste alegeri este ca oricine, mai pu\u0163in dac\u0103 propune ni\u015fte chestii absolut inacceptabile, s\u0103 poat\u0103 candida. <\/p>\n\n\n\n<p>Am avut cazul <strong>\u015eo\u015foac\u0103, CCR corect a interpretat legea \u015fi a respins candidatura<\/strong>, problema este c\u0103 faptul c\u0103 <strong>legea permite CCR s\u0103 ia o astfel de decizie nu cred c\u0103 este corect democratic<\/strong>, deci cred c\u0103 trebuie s\u0103 ne uit\u0103m la mecanism pentru alegerile viitoare\u201d, a <a href=\"https:\/\/www.news.ro\/politic-intern\/nicusor-dan-intrebat-candidatura-georgescu-faptul-legea-permite-ccr-ia-astfel-decizie-cred-corect-democratic-ne-uitam-mecanism-viitor-spune-respingerea-candidaturii-dianei-sosoaca-1922403408112025031821959107\" target=\"_blank\" rel=\"noreferrer noopener\">declarat<\/a>, s\u00e2mb\u0103t\u0103, Nicu\u0219or Dan, citat de <a href=\"https:\/\/www.news.ro\/politic-intern\/nicusor-dan-intrebat-candidatura-georgescu-faptul-legea-permite-ccr-ia-astfel-decizie-cred-corect-democratic-ne-uitam-mecanism-viitor-spune-respingerea-candidaturii-dianei-sosoaca-1922403408112025031821959107\" target=\"_blank\" rel=\"noreferrer noopener\">News.ro<\/a>.<\/p>\n\n\n\n<p><strong>CITE\u0218TE \u0218I: <a href=\"https:\/\/buletin.de\/bucuresti\/de-ce-a-respins-ccr-contestatiile-impotriva-candidaturii-lui-calin-georgescu\/\" target=\"_blank\" rel=\"noreferrer noopener\">De ce a respins CCR contesta\u021biile \u00eempotriva candidaturii lui C\u0103lin Georgescu<\/a><\/strong><\/p>\n\n\n\n<div class=\"wp-block-buttons is-content-justification-center is-layout-flex wp-container-core-buttons-is-layout-16018d1d wp-block-buttons-is-layout-flex\">\n<div class=\"wp-block-button has-custom-width wp-block-button__width-100\"><a class=\"wp-block-button__link wp-element-button\" href=\"https:\/\/www.patreon.com\/BuletinDeBucuresti\"><strong>Sus\u021bine Buletin de Bucure\u0219ti pentru investiga\u021bii, reportaje \u0219i \u0219tiri Locale<\/strong><\/a><\/div>\n<\/div>\n\n\n\n<h2 class=\"wp-block-heading\" id=\"h-dreptul-de-a-bloca-candida\u021bi-\u0219i-schimbarea-a\u0219teptata-de-romani\">Dreptul de a bloca candida\u021bi \u0219i schimbarea a\u0219teptat\u0103 de rom\u00e2ni<\/h2>\n\n\n\n<p><strong>Despre campania electoral\u0103, Nicu\u015for Dan afirm\u0103 c\u0103 lucrurile au devenit foarte simple.<br><\/strong><br>\u201eExist\u0103 o direc\u0163ie care se nume\u015fte \u00een multe feluri, dar \u00een esen\u0163\u0103 se nume\u015fte Rusia, exist\u0103 o direc\u0163ie care \u00eenseamn\u0103 \u00abl\u0103s\u0103m lucrurile a\u015fa cum au fost\u00bb \u015fi exist\u0103 o mare a\u015fteptare a rom\u00e2nilor pentru schimbare cu p\u0103strarea direc\u0163iei occidentale\u201d, a declarat Nicu\u015for Dan, ad\u0103ug\u00e2nd c\u0103 a treia este direc\u0163ia pe care ar trebui s\u0103 mearg\u0103 Rom\u00e2nia.<br><br><strong>Potrivit actualului primar al Bucure\u0219tiului, va fi o campanie electoral\u0103 care, pe fondul \u201ene\u00eencrederii \u00een \u00eentreaga clas\u0103 politic\u0103\u201d, va conta mai mult \u201evocea oamenilor simpli\u201d dec\u00e2t \u201evocea politicienilor\u201d.<br><\/strong><br>Primarul general al Capitalei, Nicu\u015for Dan, \u015fi-a depus, vineri la pr\u00e2nz, la Biroul Electoral Central, candidatura la alegerile preziden\u0163iale. El a declarat c\u0103 este rolul pre\u015fedintelui s\u0103 adune toate energiile pentru a face Rom\u00e2nia acea \u0163ar\u0103 care s\u0103 conteze \u00een Europa \u015fi \u00een lume. <\/p>\n\n\n\n<p>Nicu\u015for Dan a men\u0163ionat c\u0103 240.000 de persoane au semnat pentru candidatura sa. Biroul Electoral Central urmeaz\u0103 s\u0103 analizeze \u015fi s\u0103 se pronun\u0163e cu privire la \u00eendeplinirea condi\u0163iilor de legalitate pentru \u00eenregistrarea candidaturii \u015fi a semnului electoral.<\/p>\n\n\n\n<p><strong>CITE\u0218TE \u0218I:&nbsp;<a href=\"https:\/\/buletin.de\/bucuresti\/calin-georgescu-si-a-depus-candidatura-pentru-alegerile-prezidentiale-financial-times-candidatura-va-fi-invalidata\/\" target=\"_blank\" rel=\"noreferrer noopener\">C\u0103lin Georgescu \u0219i-a depus candidatura pentru alegerile preziden\u021biale. Financial Times: Candidatura va fi invalidat\u0103<\/a><\/strong><\/p>\n","protected":false},"excerpt":{"rendered":"<p>Nicu\u0219or Dan, candidat independent pentru pre\u0219edin\u021bia Rom\u00e2nia, consider\u0103 c\u0103 CCR ar trebui s\u0103 nu mai aib\u0103 \u00een viitor dreptul de a bloca candida\u021bi. Totu\u0219i, afirm\u0103 c\u0103 judec\u0103torii au interpretat corect legea \u00een cazul interdic\u021biei impuse Dianei \u0218o\u0219oac\u0103. \u00centrebat s\u00e2mb\u0103t\u0103, la Cluj, dac\u0103 CCR va valida canndidatura lui C\u0103lin Georgescu, Nicu\u0219or Dan a r\u0103spuns c\u0103, \u00een [&hellip;]<\/p>\n","protected":false},"author":1,"featured_media":121760,"comment_status":"closed","ping_status":"open","sticky":false,"template":"","format":"standard","meta":{"_acf_changed":false,"inline_featured_image":false,"ngg_post_thumbnail":0,"footnotes":""},"categories":[6994,9025,62],"tags":[222,17531,17392,17130,19683,1179],"ppma_author":[22583],"class_list":["post-121756","post","type-post","status-publish","format-standard","has-post-thumbnail","hentry","category-stiri-2","category-politic","category-stiri","tag-alegeri-prezidentiale","tag-candidat-la-prezidentiale","tag-candidat-prezidentiale","tag-georgescu","tag-remus-pricopie","tag-snspa"],"acf":[],"yoast_head":"<!-- This site is optimized with the Yoast SEO Premium plugin v25.3 (Yoast SEO v27.4) - https:\/\/yoast.com\/product\/yoast-seo-premium-wordpress\/ -->\n<title>Nicu\u0219or Dan propune ca CCR s\u0103 nu mai aib\u0103 dreptul de a bloca candida\u021bi. Ce spune despre Georgescu \u0219i \u0218o\u0219oac\u0103 - Buletin de Bucure\u0219ti<\/title>\n<meta name=\"description\" content=\"Nicu\u0219or Dan propune ca CCR s\u0103 nu mai aib\u0103 dreptul de a bloca candida\u021bi. Ce spune despre Georgescu \u0219i \u0218o\u0219oac\u0103.\" \/>\n<meta name=\"robots\" content=\"index, follow, max-snippet:-1, max-image-preview:large, max-video-preview:-1\" \/>\n<link rel=\"canonical\" href=\"https:\/\/buletin.de\/bucuresti\/nicusor-dan-propune-ca-ccr-sa-nu-mai-aiba-dreptul-de-a-bloca-candidati-ce-spune-despre-georgescu-si-sosoaca\/\" \/>\n<meta property=\"og:locale\" content=\"en_GB\" \/>\n<meta property=\"og:type\" content=\"article\" \/>\n<meta property=\"og:title\" content=\"Nicu\u0219or Dan propune ca CCR s\u0103 nu mai aib\u0103 dreptul de a bloca candida\u021bi. Ce spune despre Georgescu \u0219i \u0218o\u0219oac\u0103\" \/>\n<meta property=\"og:description\" content=\"Nicu\u0219or Dan propune ca CCR s\u0103 nu mai aib\u0103 dreptul de a bloca candida\u021bi. Ce spune despre Georgescu \u0219i \u0218o\u0219oac\u0103.\" \/>\n<meta property=\"og:url\" content=\"https:\/\/buletin.de\/bucuresti\/nicusor-dan-propune-ca-ccr-sa-nu-mai-aiba-dreptul-de-a-bloca-candidati-ce-spune-despre-georgescu-si-sosoaca\/\" \/>\n<meta property=\"og:site_name\" content=\"Buletin de Bucure\u0219ti\" \/>\n<meta property=\"article:publisher\" content=\"https:\/\/www.facebook.com\/buletin.de.buc\" \/>\n<meta property=\"article:published_time\" content=\"2025-03-08T20:06:50+00:00\" \/>\n<meta property=\"article:modified_time\" content=\"2025-03-08T20:07:29+00:00\" \/>\n<meta property=\"og:image\" content=\"https:\/\/buletin.de\/bucuresti\/wp-content\/uploads\/2025\/03\/nicusordan.jpg\" \/>\n\t<meta property=\"og:image:width\" content=\"1003\" \/>\n\t<meta property=\"og:image:height\" content=\"783\" \/>\n\t<meta property=\"og:image:type\" content=\"image\/jpeg\" \/>\n<meta name=\"author\" content=\"Redac\u021bia Buletin de Bucure\u0219ti\" \/>\n<meta name=\"twitter:card\" content=\"summary_large_image\" \/>\n<meta name=\"twitter:label1\" content=\"Written by\" \/>\n\t<meta name=\"twitter:data1\" content=\"Redac\u021bia Buletin de Bucure\u0219ti\" \/>\n\t<meta name=\"twitter:label2\" content=\"Estimated reading time\" \/>\n\t<meta name=\"twitter:data2\" content=\"2 minutes\" \/>\n<script type=\"application\/ld+json\" class=\"yoast-schema-graph\">{\"@context\":\"https:\\\/\\\/schema.org\",\"@graph\":[{\"@type\":\"Article\",\"@id\":\"https:\\\/\\\/buletin.de\\\/bucuresti\\\/nicusor-dan-propune-ca-ccr-sa-nu-mai-aiba-dreptul-de-a-bloca-candidati-ce-spune-despre-georgescu-si-sosoaca\\\/#article\",\"isPartOf\":{\"@id\":\"https:\\\/\\\/buletin.de\\\/bucuresti\\\/nicusor-dan-propune-ca-ccr-sa-nu-mai-aiba-dreptul-de-a-bloca-candidati-ce-spune-despre-georgescu-si-sosoaca\\\/\"},\"author\":{\"name\":\"Redac\u021bia Buletin de Bucure\u0219ti\",\"@id\":\"https:\\\/\\\/buletin.de\\\/bucuresti\\\/#\\\/schema\\\/person\\\/2bbcf854e5f2419a13804af574d06ab1\"},\"headline\":\"Nicu\u0219or Dan propune ca CCR s\u0103 nu mai aib\u0103 dreptul de a bloca candida\u021bi. Ce spune despre Georgescu \u0219i \u0218o\u0219oac\u0103\",\"datePublished\":\"2025-03-08T20:06:50+00:00\",\"dateModified\":\"2025-03-08T20:07:29+00:00\",\"mainEntityOfPage\":{\"@id\":\"https:\\\/\\\/buletin.de\\\/bucuresti\\\/nicusor-dan-propune-ca-ccr-sa-nu-mai-aiba-dreptul-de-a-bloca-candidati-ce-spune-despre-georgescu-si-sosoaca\\\/\"},\"wordCount\":502,\"publisher\":{\"@id\":\"https:\\\/\\\/buletin.de\\\/bucuresti\\\/#organization\"},\"image\":{\"@id\":\"https:\\\/\\\/buletin.de\\\/bucuresti\\\/nicusor-dan-propune-ca-ccr-sa-nu-mai-aiba-dreptul-de-a-bloca-candidati-ce-spune-despre-georgescu-si-sosoaca\\\/#primaryimage\"},\"thumbnailUrl\":\"https:\\\/\\\/buletin.de\\\/bucuresti\\\/wp-content\\\/uploads\\\/2025\\\/03\\\/nicusordan.jpg\",\"keywords\":[\"alegeri prezidentiale\",\"candidat la prezidentiale\",\"candidat prezidentiale\",\"georgescu\",\"remus pricopie\",\"snspa\"],\"articleSection\":[\"Articole\",\"Politic\",\"\u0218tiri\"],\"inLanguage\":\"en-GB\",\"copyrightYear\":\"2025\",\"copyrightHolder\":{\"@id\":\"https:\\\/\\\/buletin.de\\\/bucuresti\\\/#organization\"}},{\"@type\":\"WebPage\",\"@id\":\"https:\\\/\\\/buletin.de\\\/bucuresti\\\/nicusor-dan-propune-ca-ccr-sa-nu-mai-aiba-dreptul-de-a-bloca-candidati-ce-spune-despre-georgescu-si-sosoaca\\\/\",\"url\":\"https:\\\/\\\/buletin.de\\\/bucuresti\\\/nicusor-dan-propune-ca-ccr-sa-nu-mai-aiba-dreptul-de-a-bloca-candidati-ce-spune-despre-georgescu-si-sosoaca\\\/\",\"name\":\"Nicu\u0219or Dan propune ca CCR s\u0103 nu mai aib\u0103 dreptul de a bloca candida\u021bi. Ce spune despre Georgescu \u0219i \u0218o\u0219oac\u0103 - Buletin de Bucure\u0219ti\",\"isPartOf\":{\"@id\":\"https:\\\/\\\/buletin.de\\\/bucuresti\\\/#website\"},\"primaryImageOfPage\":{\"@id\":\"https:\\\/\\\/buletin.de\\\/bucuresti\\\/nicusor-dan-propune-ca-ccr-sa-nu-mai-aiba-dreptul-de-a-bloca-candidati-ce-spune-despre-georgescu-si-sosoaca\\\/#primaryimage\"},\"image\":{\"@id\":\"https:\\\/\\\/buletin.de\\\/bucuresti\\\/nicusor-dan-propune-ca-ccr-sa-nu-mai-aiba-dreptul-de-a-bloca-candidati-ce-spune-despre-georgescu-si-sosoaca\\\/#primaryimage\"},\"thumbnailUrl\":\"https:\\\/\\\/buletin.de\\\/bucuresti\\\/wp-content\\\/uploads\\\/2025\\\/03\\\/nicusordan.jpg\",\"datePublished\":\"2025-03-08T20:06:50+00:00\",\"dateModified\":\"2025-03-08T20:07:29+00:00\",\"description\":\"Nicu\u0219or Dan propune ca CCR s\u0103 nu mai aib\u0103 dreptul de a bloca candida\u021bi. Ce spune despre Georgescu \u0219i \u0218o\u0219oac\u0103.\",\"breadcrumb\":{\"@id\":\"https:\\\/\\\/buletin.de\\\/bucuresti\\\/nicusor-dan-propune-ca-ccr-sa-nu-mai-aiba-dreptul-de-a-bloca-candidati-ce-spune-despre-georgescu-si-sosoaca\\\/#breadcrumb\"},\"inLanguage\":\"en-GB\",\"potentialAction\":[{\"@type\":\"ReadAction\",\"target\":[\"https:\\\/\\\/buletin.de\\\/bucuresti\\\/nicusor-dan-propune-ca-ccr-sa-nu-mai-aiba-dreptul-de-a-bloca-candidati-ce-spune-despre-georgescu-si-sosoaca\\\/\"]}]},{\"@type\":\"ImageObject\",\"inLanguage\":\"en-GB\",\"@id\":\"https:\\\/\\\/buletin.de\\\/bucuresti\\\/nicusor-dan-propune-ca-ccr-sa-nu-mai-aiba-dreptul-de-a-bloca-candidati-ce-spune-despre-georgescu-si-sosoaca\\\/#primaryimage\",\"url\":\"https:\\\/\\\/buletin.de\\\/bucuresti\\\/wp-content\\\/uploads\\\/2025\\\/03\\\/nicusordan.jpg\",\"contentUrl\":\"https:\\\/\\\/buletin.de\\\/bucuresti\\\/wp-content\\\/uploads\\\/2025\\\/03\\\/nicusordan.jpg\",\"width\":1003,\"height\":783,\"caption\":\"Nicu\u0219or Dan a \u00eemp\u0103r\u021bit flori, la Cluj. Foto Nicu\u0219or Dan\"},{\"@type\":\"BreadcrumbList\",\"@id\":\"https:\\\/\\\/buletin.de\\\/bucuresti\\\/nicusor-dan-propune-ca-ccr-sa-nu-mai-aiba-dreptul-de-a-bloca-candidati-ce-spune-despre-georgescu-si-sosoaca\\\/#breadcrumb\",\"itemListElement\":[{\"@type\":\"ListItem\",\"position\":1,\"name\":\"Acas\u0103\",\"item\":\"https:\\\/\\\/buletin.de\\\/bucuresti\\\/\"},{\"@type\":\"ListItem\",\"position\":2,\"name\":\"Nicu\u0219or Dan propune ca CCR s\u0103 nu mai aib\u0103 dreptul de a bloca candida\u021bi. Ce spune despre Georgescu \u0219i \u0218o\u0219oac\u0103\"}]},{\"@type\":\"WebSite\",\"@id\":\"https:\\\/\\\/buletin.de\\\/bucuresti\\\/#website\",\"url\":\"https:\\\/\\\/buletin.de\\\/bucuresti\\\/\",\"name\":\"Buletin de Bucure\u0219ti\",\"description\":\"\u0218tiri \u0219i investiga\u021bii esen\u021biale din capital\u0103\",\"publisher\":{\"@id\":\"https:\\\/\\\/buletin.de\\\/bucuresti\\\/#organization\"},\"potentialAction\":[{\"@type\":\"SearchAction\",\"target\":{\"@type\":\"EntryPoint\",\"urlTemplate\":\"https:\\\/\\\/buletin.de\\\/bucuresti\\\/?s={search_term_string}\"},\"query-input\":{\"@type\":\"PropertyValueSpecification\",\"valueRequired\":true,\"valueName\":\"search_term_string\"}}],\"inLanguage\":\"en-GB\"},{\"@type\":\"Organization\",\"@id\":\"https:\\\/\\\/buletin.de\\\/bucuresti\\\/#organization\",\"name\":\"Buletin de Bucure\u0219ti\",\"url\":\"https:\\\/\\\/buletin.de\\\/bucuresti\\\/\",\"logo\":{\"@type\":\"ImageObject\",\"inLanguage\":\"en-GB\",\"@id\":\"https:\\\/\\\/buletin.de\\\/bucuresti\\\/#\\\/schema\\\/logo\\\/image\\\/\",\"url\":\"https:\\\/\\\/buletin.de\\\/bucuresti\\\/wp-content\\\/uploads\\\/logo-bdb-full-wide-vernil-transparent.png\",\"contentUrl\":\"https:\\\/\\\/buletin.de\\\/bucuresti\\\/wp-content\\\/uploads\\\/logo-bdb-full-wide-vernil-transparent.png\",\"width\":1782,\"height\":626,\"caption\":\"Buletin de Bucure\u0219ti\"},\"image\":{\"@id\":\"https:\\\/\\\/buletin.de\\\/bucuresti\\\/#\\\/schema\\\/logo\\\/image\\\/\"},\"sameAs\":[\"https:\\\/\\\/www.facebook.com\\\/buletin.de.buc\",\"https:\\\/\\\/www.instagram.com\\\/buletinde.bucuresti\\\/\"]},{\"@type\":\"Person\",\"@id\":\"https:\\\/\\\/buletin.de\\\/bucuresti\\\/#\\\/schema\\\/person\\\/2bbcf854e5f2419a13804af574d06ab1\",\"name\":\"Redac\u021bia Buletin de Bucure\u0219ti\",\"image\":{\"@type\":\"ImageObject\",\"inLanguage\":\"en-GB\",\"@id\":\"https:\\\/\\\/secure.gravatar.com\\\/avatar\\\/18c5342381ed1a08620e6280424e3e5efc958618f5d67c522c9e44c1bc6f9226?s=96&d=monsterid&r=g60c7cd0ad92c68c049fcd4bb3504d609\",\"url\":\"https:\\\/\\\/secure.gravatar.com\\\/avatar\\\/18c5342381ed1a08620e6280424e3e5efc958618f5d67c522c9e44c1bc6f9226?s=96&d=monsterid&r=g\",\"contentUrl\":\"https:\\\/\\\/secure.gravatar.com\\\/avatar\\\/18c5342381ed1a08620e6280424e3e5efc958618f5d67c522c9e44c1bc6f9226?s=96&d=monsterid&r=g\",\"caption\":\"Redac\u021bia Buletin de Bucure\u0219ti\"},\"description\":\"Buletin de Bucure\u0219ti exist\u0103 din vara anului 2019.\",\"url\":\"https:\\\/\\\/buletin.de\\\/bucuresti\\\/author\\\/adminbuletin\\\/\"}]}<\/script>\n<!-- \/ Yoast SEO Premium plugin. -->","yoast_head_json":{"title":"Nicu\u0219or Dan propune ca CCR s\u0103 nu mai aib\u0103 dreptul de a bloca candida\u021bi. Ce spune despre Georgescu \u0219i \u0218o\u0219oac\u0103 - Buletin de Bucure\u0219ti","description":"Nicu\u0219or Dan propune ca CCR s\u0103 nu mai aib\u0103 dreptul de a bloca candida\u021bi. Ce spune despre Georgescu \u0219i \u0218o\u0219oac\u0103.","robots":{"index":"index","follow":"follow","max-snippet":"max-snippet:-1","max-image-preview":"max-image-preview:large","max-video-preview":"max-video-preview:-1"},"canonical":"https:\/\/buletin.de\/bucuresti\/nicusor-dan-propune-ca-ccr-sa-nu-mai-aiba-dreptul-de-a-bloca-candidati-ce-spune-despre-georgescu-si-sosoaca\/","og_locale":"en_GB","og_type":"article","og_title":"Nicu\u0219or Dan propune ca CCR s\u0103 nu mai aib\u0103 dreptul de a bloca candida\u021bi. Ce spune despre Georgescu \u0219i \u0218o\u0219oac\u0103","og_description":"Nicu\u0219or Dan propune ca CCR s\u0103 nu mai aib\u0103 dreptul de a bloca candida\u021bi. Ce spune despre Georgescu \u0219i \u0218o\u0219oac\u0103.","og_url":"https:\/\/buletin.de\/bucuresti\/nicusor-dan-propune-ca-ccr-sa-nu-mai-aiba-dreptul-de-a-bloca-candidati-ce-spune-despre-georgescu-si-sosoaca\/","og_site_name":"Buletin de Bucure\u0219ti","article_publisher":"https:\/\/www.facebook.com\/buletin.de.buc","article_published_time":"2025-03-08T20:06:50+00:00","article_modified_time":"2025-03-08T20:07:29+00:00","og_image":[{"width":1003,"height":783,"url":"https:\/\/buletin.de\/bucuresti\/wp-content\/uploads\/2025\/03\/nicusordan.jpg","type":"image\/jpeg"}],"author":"Redac\u021bia Buletin de Bucure\u0219ti","twitter_card":"summary_large_image","twitter_misc":{"Written by":"Redac\u021bia Buletin de Bucure\u0219ti","Estimated reading time":"2 minutes"},"schema":{"@context":"https:\/\/schema.org","@graph":[{"@type":"Article","@id":"https:\/\/buletin.de\/bucuresti\/nicusor-dan-propune-ca-ccr-sa-nu-mai-aiba-dreptul-de-a-bloca-candidati-ce-spune-despre-georgescu-si-sosoaca\/#article","isPartOf":{"@id":"https:\/\/buletin.de\/bucuresti\/nicusor-dan-propune-ca-ccr-sa-nu-mai-aiba-dreptul-de-a-bloca-candidati-ce-spune-despre-georgescu-si-sosoaca\/"},"author":{"name":"Redac\u021bia Buletin de Bucure\u0219ti","@id":"https:\/\/buletin.de\/bucuresti\/#\/schema\/person\/2bbcf854e5f2419a13804af574d06ab1"},"headline":"Nicu\u0219or Dan propune ca CCR s\u0103 nu mai aib\u0103 dreptul de a bloca candida\u021bi. Ce spune despre Georgescu \u0219i \u0218o\u0219oac\u0103","datePublished":"2025-03-08T20:06:50+00:00","dateModified":"2025-03-08T20:07:29+00:00","mainEntityOfPage":{"@id":"https:\/\/buletin.de\/bucuresti\/nicusor-dan-propune-ca-ccr-sa-nu-mai-aiba-dreptul-de-a-bloca-candidati-ce-spune-despre-georgescu-si-sosoaca\/"},"wordCount":502,"publisher":{"@id":"https:\/\/buletin.de\/bucuresti\/#organization"},"image":{"@id":"https:\/\/buletin.de\/bucuresti\/nicusor-dan-propune-ca-ccr-sa-nu-mai-aiba-dreptul-de-a-bloca-candidati-ce-spune-despre-georgescu-si-sosoaca\/#primaryimage"},"thumbnailUrl":"https:\/\/buletin.de\/bucuresti\/wp-content\/uploads\/2025\/03\/nicusordan.jpg","keywords":["alegeri prezidentiale","candidat la prezidentiale","candidat prezidentiale","georgescu","remus pricopie","snspa"],"articleSection":["Articole","Politic","\u0218tiri"],"inLanguage":"en-GB","copyrightYear":"2025","copyrightHolder":{"@id":"https:\/\/buletin.de\/bucuresti\/#organization"}},{"@type":"WebPage","@id":"https:\/\/buletin.de\/bucuresti\/nicusor-dan-propune-ca-ccr-sa-nu-mai-aiba-dreptul-de-a-bloca-candidati-ce-spune-despre-georgescu-si-sosoaca\/","url":"https:\/\/buletin.de\/bucuresti\/nicusor-dan-propune-ca-ccr-sa-nu-mai-aiba-dreptul-de-a-bloca-candidati-ce-spune-despre-georgescu-si-sosoaca\/","name":"Nicu\u0219or Dan propune ca CCR s\u0103 nu mai aib\u0103 dreptul de a bloca candida\u021bi. Ce spune despre Georgescu \u0219i \u0218o\u0219oac\u0103 - Buletin de Bucure\u0219ti","isPartOf":{"@id":"https:\/\/buletin.de\/bucuresti\/#website"},"primaryImageOfPage":{"@id":"https:\/\/buletin.de\/bucuresti\/nicusor-dan-propune-ca-ccr-sa-nu-mai-aiba-dreptul-de-a-bloca-candidati-ce-spune-despre-georgescu-si-sosoaca\/#primaryimage"},"image":{"@id":"https:\/\/buletin.de\/bucuresti\/nicusor-dan-propune-ca-ccr-sa-nu-mai-aiba-dreptul-de-a-bloca-candidati-ce-spune-despre-georgescu-si-sosoaca\/#primaryimage"},"thumbnailUrl":"https:\/\/buletin.de\/bucuresti\/wp-content\/uploads\/2025\/03\/nicusordan.jpg","datePublished":"2025-03-08T20:06:50+00:00","dateModified":"2025-03-08T20:07:29+00:00","description":"Nicu\u0219or Dan propune ca CCR s\u0103 nu mai aib\u0103 dreptul de a bloca candida\u021bi. Ce spune despre Georgescu \u0219i \u0218o\u0219oac\u0103.","breadcrumb":{"@id":"https:\/\/buletin.de\/bucuresti\/nicusor-dan-propune-ca-ccr-sa-nu-mai-aiba-dreptul-de-a-bloca-candidati-ce-spune-despre-georgescu-si-sosoaca\/#breadcrumb"},"inLanguage":"en-GB","potentialAction":[{"@type":"ReadAction","target":["https:\/\/buletin.de\/bucuresti\/nicusor-dan-propune-ca-ccr-sa-nu-mai-aiba-dreptul-de-a-bloca-candidati-ce-spune-despre-georgescu-si-sosoaca\/"]}]},{"@type":"ImageObject","inLanguage":"en-GB","@id":"https:\/\/buletin.de\/bucuresti\/nicusor-dan-propune-ca-ccr-sa-nu-mai-aiba-dreptul-de-a-bloca-candidati-ce-spune-despre-georgescu-si-sosoaca\/#primaryimage","url":"https:\/\/buletin.de\/bucuresti\/wp-content\/uploads\/2025\/03\/nicusordan.jpg","contentUrl":"https:\/\/buletin.de\/bucuresti\/wp-content\/uploads\/2025\/03\/nicusordan.jpg","width":1003,"height":783,"caption":"Nicu\u0219or Dan a \u00eemp\u0103r\u021bit flori, la Cluj. Foto Nicu\u0219or Dan"},{"@type":"BreadcrumbList","@id":"https:\/\/buletin.de\/bucuresti\/nicusor-dan-propune-ca-ccr-sa-nu-mai-aiba-dreptul-de-a-bloca-candidati-ce-spune-despre-georgescu-si-sosoaca\/#breadcrumb","itemListElement":[{"@type":"ListItem","position":1,"name":"Acas\u0103","item":"https:\/\/buletin.de\/bucuresti\/"},{"@type":"ListItem","position":2,"name":"Nicu\u0219or Dan propune ca CCR s\u0103 nu mai aib\u0103 dreptul de a bloca candida\u021bi. Ce spune despre Georgescu \u0219i \u0218o\u0219oac\u0103"}]},{"@type":"WebSite","@id":"https:\/\/buletin.de\/bucuresti\/#website","url":"https:\/\/buletin.de\/bucuresti\/","name":"Buletin de Bucure\u0219ti","description":"\u0218tiri \u0219i investiga\u021bii esen\u021biale din capital\u0103","publisher":{"@id":"https:\/\/buletin.de\/bucuresti\/#organization"},"potentialAction":[{"@type":"SearchAction","target":{"@type":"EntryPoint","urlTemplate":"https:\/\/buletin.de\/bucuresti\/?s={search_term_string}"},"query-input":{"@type":"PropertyValueSpecification","valueRequired":true,"valueName":"search_term_string"}}],"inLanguage":"en-GB"},{"@type":"Organization","@id":"https:\/\/buletin.de\/bucuresti\/#organization","name":"Buletin de Bucure\u0219ti","url":"https:\/\/buletin.de\/bucuresti\/","logo":{"@type":"ImageObject","inLanguage":"en-GB","@id":"https:\/\/buletin.de\/bucuresti\/#\/schema\/logo\/image\/","url":"https:\/\/buletin.de\/bucuresti\/wp-content\/uploads\/logo-bdb-full-wide-vernil-transparent.png","contentUrl":"https:\/\/buletin.de\/bucuresti\/wp-content\/uploads\/logo-bdb-full-wide-vernil-transparent.png","width":1782,"height":626,"caption":"Buletin de Bucure\u0219ti"},"image":{"@id":"https:\/\/buletin.de\/bucuresti\/#\/schema\/logo\/image\/"},"sameAs":["https:\/\/www.facebook.com\/buletin.de.buc","https:\/\/www.instagram.com\/buletinde.bucuresti\/"]},{"@type":"Person","@id":"https:\/\/buletin.de\/bucuresti\/#\/schema\/person\/2bbcf854e5f2419a13804af574d06ab1","name":"Redac\u021bia Buletin de Bucure\u0219ti","image":{"@type":"ImageObject","inLanguage":"en-GB","@id":"https:\/\/secure.gravatar.com\/avatar\/18c5342381ed1a08620e6280424e3e5efc958618f5d67c522c9e44c1bc6f9226?s=96&d=monsterid&r=g60c7cd0ad92c68c049fcd4bb3504d609","url":"https:\/\/secure.gravatar.com\/avatar\/18c5342381ed1a08620e6280424e3e5efc958618f5d67c522c9e44c1bc6f9226?s=96&d=monsterid&r=g","contentUrl":"https:\/\/secure.gravatar.com\/avatar\/18c5342381ed1a08620e6280424e3e5efc958618f5d67c522c9e44c1bc6f9226?s=96&d=monsterid&r=g","caption":"Redac\u021bia Buletin de Bucure\u0219ti"},"description":"Buletin de Bucure\u0219ti exist\u0103 din vara anului 2019.","url":"https:\/\/buletin.de\/bucuresti\/author\/adminbuletin\/"}]}},"authors":[{"term_id":22583,"user_id":1,"is_guest":0,"slug":"adminbuletin","display_name":"Redac\u021bia Buletin de Bucure\u0219ti","avatar_url":"https:\/\/secure.gravatar.com\/avatar\/18c5342381ed1a08620e6280424e3e5efc958618f5d67c522c9e44c1bc6f9226?s=96&d=monsterid&r=g","0":null,"1":"","2":"","3":"","4":"","5":"","6":"","7":"","8":""}],"_links":{"self":[{"href":"https:\/\/buletin.de\/bucuresti\/wp-json\/wp\/v2\/posts\/121756","targetHints":{"allow":["GET"]}}],"collection":[{"href":"https:\/\/buletin.de\/bucuresti\/wp-json\/wp\/v2\/posts"}],"about":[{"href":"https:\/\/buletin.de\/bucuresti\/wp-json\/wp\/v2\/types\/post"}],"author":[{"embeddable":true,"href":"https:\/\/buletin.de\/bucuresti\/wp-json\/wp\/v2\/users\/1"}],"replies":[{"embeddable":true,"href":"https:\/\/buletin.de\/bucuresti\/wp-json\/wp\/v2\/comments?post=121756"}],"version-history":[{"count":4,"href":"https:\/\/buletin.de\/bucuresti\/wp-json\/wp\/v2\/posts\/121756\/revisions"}],"predecessor-version":[{"id":121761,"href":"https:\/\/buletin.de\/bucuresti\/wp-json\/wp\/v2\/posts\/121756\/revisions\/121761"}],"wp:featuredmedia":[{"embeddable":true,"href":"https:\/\/buletin.de\/bucuresti\/wp-json\/wp\/v2\/media\/121760"}],"wp:attachment":[{"href":"https:\/\/buletin.de\/bucuresti\/wp-json\/wp\/v2\/media?parent=121756"}],"wp:term":[{"taxonomy":"category","embeddable":true,"href":"https:\/\/buletin.de\/bucuresti\/wp-json\/wp\/v2\/categories?post=121756"},{"taxonomy":"post_tag","embeddable":true,"href":"https:\/\/buletin.de\/bucuresti\/wp-json\/wp\/v2\/tags?post=121756"},{"taxonomy":"author","embeddable":true,"href":"https:\/\/buletin.de\/bucuresti\/wp-json\/wp\/v2\/ppma_author?post=121756"}],"curies":[{"name":"wp","href":"https:\/\/api.w.org\/{rel}","templated":true}]}}