{"id":121747,"date":"2025-03-08T19:59:31","date_gmt":"2025-03-08T16:59:31","guid":{"rendered":"https:\/\/buletin.de\/bucuresti\/?p=121747"},"modified":"2025-03-08T20:01:20","modified_gmt":"2025-03-08T17:01:20","slug":"de-ce-a-respins-ccr-contestatiile-impotriva-candidaturii-lui-calin-georgescu","status":"publish","type":"post","link":"https:\/\/buletin.de\/bucuresti\/de-ce-a-respins-ccr-contestatiile-impotriva-candidaturii-lui-calin-georgescu\/","title":{"rendered":"De ce a respins CCR contesta\u021biile \u00eempotriva candidaturii lui C\u0103lin Georgescu"},"content":{"rendered":"\n<p><strong>Curtea Constitu\u021bional\u0103 a Rom\u00e2niei (CCR) a respins, s\u00e2mb\u0103t\u0103, patru contesta\u021bii depuse la adresa ca dou\u0103 candidatori. Dou\u0103 l-au vizat pe un necunoscut, Petru M\u00e2ndru. Alte dou\u0103 contesta\u021bii au fost depuse \u00eempotriva candidaturii lui C\u0103lin Georgescu.<\/strong><\/p>\n\n\n\n<p>CCR a considerat ca inadmisibile contesta\u021biile formulate, \u00eentruc\u00e2t acestea nu \u00eendeplineau condi\u021biile procedurale prev\u0103zute de lege.<\/p>\n\n\n\n<p>\u201e\u00cen urma deliber\u0103rilor, cu unanimitate de voturi, Curtea Constitu\u0163ional\u0103 a respins ca inadmisibile contesta\u021biile formulate, \u00eentruc\u00e2t acestea nu \u00eendeplineau condi\u021biile procedurale prev\u0103zute de lege\u201d, se arat\u0103 \u00een comunicatul dat s\u00e2mb\u0103t\u0103 de Curtea Constitu\u021bional\u0103. <\/p>\n\n\n\n<p><strong>CITE\u0218TE \u0218I:&nbsp;<a href=\"https:\/\/buletin.de\/bucuresti\/calin-georgescu-si-a-depus-candidatura-pentru-alegerile-prezidentiale-financial-times-candidatura-va-fi-invalidata\/\" target=\"_blank\" rel=\"noreferrer noopener\">C\u0103lin Georgescu \u0219i-a depus candidatura pentru alegerile preziden\u021biale. Financial Times: Candidatura va fi invalidat\u0103<\/a><\/strong><\/p>\n\n\n\n<h2 class=\"wp-block-heading\" id=\"h-de-ce-sunt-respinse-contesta\u021biile-impotriva-candidaturii-lui-calin-georgescu\">De ce sunt respinse contesta\u021biile \u00eempotriva candidaturii lui C\u0103lin Georgescu<\/h2>\n\n\n\n<p>Ovidiu Voicu, director executiv al Centrului pentru Inovare Public\u0103, <a href=\"https:\/\/www.facebook.com\/share\/p\/193UHBMSim\/\" target=\"_blank\" rel=\"noreferrer noopener\">a explicat<\/a> de ce contesta\u021biile depuse \u00een acest moment sunt premature \u0219i vor fi respinse de BEC sau de Curtea Constitu\u021bional\u0103. Exist\u0103 mai mul\u021bi pa\u0219i legali care ar trebui urma\u021bi:<\/p>\n\n\n\n<p><strong>1. Candidatul depune dosarul la Biroul Electoral Central \u0219i prime\u0219te un num\u0103r de \u00eenregistrare.<\/strong><\/p>\n\n\n\n<p>\u201eNu e nimic de contestat, e doar o formalitate administrativ\u0103. A depus ni\u0219te h\u00e2rtii, a primit un num\u0103r \u00eentr-un registru\u201d, arat\u0103 Ovidiu Voicu.<\/p>\n\n\n\n<p><strong>2. BEC decide dac\u0103 \u00eenregistreaz\u0103 sau nu candidatura \u0219i anun\u021b\u0103 decizia.<\/strong><\/p>\n\n\n\n<p>\u201eDecizia BEC poate fi contestat\u0103, \u00een scris, la Curtea Constitu\u021bional\u0103. Dac\u0103 decizia BEC e s\u0103 refuze \u00eenregistrarea, contesta\u021bia o poate face candidatul. Dac\u0103 decizia BEC e s\u0103 admit\u0103 \u00eenregistrarea, contesta\u021bia o poate face orice cet\u0103\u021bean\u201d, a men\u021bionat directorul executiv al Centrului pentru Inovare Public\u0103.<\/p>\n\n\n\n<p><strong>3. CCR decide dac\u0103 admite sau nu contesta\u021bia.<\/strong><\/p>\n\n\n\n<p>\u201eDac\u0103 decizia BEC a fost refuz, CCR poate obliga BEC s\u0103 \u00eenregistreze candidatura. Invers, dac\u0103 decizia BEC a fost admitere, CCR poate exclude candidatul. Sau CCR poate s\u0103 resping\u0103 contesta\u021biile. Decizia CCR e final\u0103.<\/p>\n\n\n\n<p>Acum suntem la pasul 1, candidatul a depus h\u00e2rtiile. Nu se poate face nicio contesta\u021bie, c\u0103 nu am ajuns la pasul 3\u201d, <a href=\"https:\/\/www.facebook.com\/share\/p\/193UHBMSim\/\" target=\"_blank\" rel=\"noreferrer noopener\">a precizat<\/a> Ovidiu Voicu.<\/p>\n\n\n\n<div class=\"wp-block-buttons is-content-justification-center is-layout-flex wp-container-core-buttons-is-layout-16018d1d wp-block-buttons-is-layout-flex\">\n<div class=\"wp-block-button has-custom-width wp-block-button__width-100\"><a class=\"wp-block-button__link wp-element-button\" href=\"https:\/\/www.patreon.com\/BuletinDeBucuresti\"><strong>Sus\u021bine Buletin de Bucure\u0219ti pentru investiga\u021bii, reportaje \u0219i \u0219tiri Locale<\/strong><\/a><\/div>\n<\/div>\n\n\n\n<h2 class=\"wp-block-heading\" id=\"h-contesta\u021bia-depusa-de-remus-pricopie-nu-respecta-procedura\">Contesta\u021bia depus\u0103 de Remus Pricopie nu respect\u0103 procedura<\/h2>\n\n\n\n<p><strong>Remus Pricopie&nbsp;<a href=\"https:\/\/snspa.ro\/rectorul-snspa-remus-pricopie-a-depus-o-contestatie-la-inregistrarea-candidaturii-lui-calin-georgescu-pentru-functia-de-presedinte-al-romaniei-din-anul-2025\/?fbclid=IwY2xjawI35ldleHRuA2FlbQIxMQABHX3Bz_EpychYm7_2cNJWi24Zxjsmh4DhbjilI_ZI6xPr7KpUlyHfbTrnMQ_aem_DWcZzIGy73n7uWxyZV7H4Q\" target=\"_blank\" rel=\"noreferrer noopener\">a anun\u021bat&nbsp;<\/a>vineri c\u0103 a depus, \u00een scris, la BEC, o contesta\u021bie prin care contest\u0103 candidatura lui C\u0103lin Georgescu la func\u021bia de pre\u0219edinte al Rom\u00e2niei.<\/strong><\/p>\n\n\n\n<p>\u201eContesta\u021bia se bazeaz\u0103 pe argumente solide de natur\u0103 constitu\u021bional\u0103 \u0219i juridic\u0103, care eviden\u021biaz\u0103 incompatibilitatea discursului \u0219i comportamentului candidatului cu valorile democratice \u0219i constitu\u021bionale ale statului rom\u00e2n\u201d, sus\u021bine rectorul SNSPA.<\/p>\n\n\n\n<p><strong>Acesta cere Biroului Electoral Central verificarea \u00eendeplinirii condi\u021biilor de fond \u0219i de form\u0103 prev\u0103zute de lege pentru candidatura la func\u021bia de pre\u0219edinte al Rom\u00e2niei din anul 2025 \u0219i respingerea candidaturii<\/strong>, \u201econstat\u00e2nd c\u0103 se \u00eencalc\u0103 condi\u021biile de eligibilitate prev\u0103zute de dispozi\u021biile constitu\u021bionale ale art.1 alin.(3) \u0219i (5), ale art.82 alin.(2), corelate cu cele ale art.148 \u0219i 149, cu referire la valorile democra\u021biei, la statul de drept, la respectarea Constitu\u021biei corelate cu garan\u021bia politico-militar\u0103 a acestora, respectiv apartenen\u021ba Rom\u00e2niei la UE \u0219i NATO\u201d.<\/p>\n\n\n\n<p><strong>CITE\u0218TE \u0218I: <a href=\"https:\/\/buletin.de\/bucuresti\/candidatura-lui-calin-georgescu-a-fost-deja-contestata-am-considerat-necesar-sa-recurg-la-acest-demers\/\" target=\"_blank\" rel=\"noreferrer noopener\">Candidatura lui C\u0103lin Georgescu a fost deja contestat\u0103. \u201eAm considerat necesar s\u0103 recurg la acest demers\u201d<\/a><\/strong><\/p>\n","protected":false},"excerpt":{"rendered":"<p>Curtea Constitu\u021bional\u0103 a Rom\u00e2niei (CCR) a respins, s\u00e2mb\u0103t\u0103, patru contesta\u021bii depuse la adresa ca dou\u0103 candidatori. Dou\u0103 l-au vizat pe un necunoscut, Petru M\u00e2ndru. Alte dou\u0103 contesta\u021bii au fost depuse \u00eempotriva candidaturii lui C\u0103lin Georgescu. CCR a considerat ca inadmisibile contesta\u021biile formulate, \u00eentruc\u00e2t acestea nu \u00eendeplineau condi\u021biile procedurale prev\u0103zute de lege. \u201e\u00cen urma deliber\u0103rilor, cu [&hellip;]<\/p>\n","protected":false},"author":60,"featured_media":121750,"comment_status":"closed","ping_status":"open","sticky":false,"template":"","format":"standard","meta":{"_acf_changed":false,"inline_featured_image":false,"ngg_post_thumbnail":0,"footnotes":""},"categories":[6994,5762,9025],"tags":[222,17531,17392,17130,19683,1179],"ppma_author":[22582],"class_list":["post-121747","post","type-post","status-publish","format-standard","has-post-thumbnail","hentry","category-stiri-2","category-main","category-politic","tag-alegeri-prezidentiale","tag-candidat-la-prezidentiale","tag-candidat-prezidentiale","tag-georgescu","tag-remus-pricopie","tag-snspa"],"acf":[],"yoast_head":"<!-- This site is optimized with the Yoast SEO Premium plugin v25.3 (Yoast SEO v27.4) - https:\/\/yoast.com\/product\/yoast-seo-premium-wordpress\/ -->\n<title>De ce a respins CCR contesta\u021biile \u00eempotriva candidaturii lui C\u0103lin Georgescu - Buletin de Bucure\u0219ti<\/title>\n<meta name=\"description\" content=\"Curtea Constitu\u021bional\u0103 a Rom\u00e2niei (CCR) a respins, s\u00e2mb\u0103t\u0103, dou\u0103 contesta\u021bii depuse \u00eempotriva candidaturii lui C\u0103lin Georgescu.\" \/>\n<meta name=\"robots\" content=\"index, follow, max-snippet:-1, max-image-preview:large, max-video-preview:-1\" \/>\n<link rel=\"canonical\" href=\"https:\/\/buletin.de\/bucuresti\/de-ce-a-respins-ccr-contestatiile-impotriva-candidaturii-lui-calin-georgescu\/\" \/>\n<meta property=\"og:locale\" content=\"en_GB\" \/>\n<meta property=\"og:type\" content=\"article\" \/>\n<meta property=\"og:title\" content=\"De ce a respins CCR contesta\u021biile \u00eempotriva candidaturii lui C\u0103lin Georgescu\" \/>\n<meta property=\"og:description\" content=\"Curtea Constitu\u021bional\u0103 a Rom\u00e2niei (CCR) a respins, s\u00e2mb\u0103t\u0103, dou\u0103 contesta\u021bii depuse \u00eempotriva candidaturii lui C\u0103lin Georgescu.\" \/>\n<meta property=\"og:url\" content=\"https:\/\/buletin.de\/bucuresti\/de-ce-a-respins-ccr-contestatiile-impotriva-candidaturii-lui-calin-georgescu\/\" \/>\n<meta property=\"og:site_name\" content=\"Buletin de Bucure\u0219ti\" \/>\n<meta property=\"article:publisher\" content=\"https:\/\/www.facebook.com\/buletin.de.buc\" \/>\n<meta property=\"article:published_time\" content=\"2025-03-08T16:59:31+00:00\" \/>\n<meta property=\"article:modified_time\" content=\"2025-03-08T17:01:20+00:00\" \/>\n<meta property=\"og:image\" content=\"https:\/\/buletin.de\/bucuresti\/wp-content\/uploads\/2025\/03\/calin-georgescu_INQUAM_Photos_Eduard_Vinatoru-scaled.jpg\" \/>\n\t<meta property=\"og:image:width\" content=\"2560\" \/>\n\t<meta property=\"og:image:height\" content=\"1707\" \/>\n\t<meta property=\"og:image:type\" content=\"image\/jpeg\" \/>\n<meta name=\"author\" content=\"R\u0103zvan Chiru\u021b\u0103\" \/>\n<meta name=\"twitter:card\" content=\"summary_large_image\" \/>\n<meta name=\"twitter:label1\" content=\"Written by\" \/>\n\t<meta name=\"twitter:data1\" content=\"R\u0103zvan Chiru\u021b\u0103\" \/>\n\t<meta name=\"twitter:label2\" content=\"Estimated reading time\" \/>\n\t<meta name=\"twitter:data2\" content=\"1 minute\" \/>\n<script type=\"application\/ld+json\" class=\"yoast-schema-graph\">{\"@context\":\"https:\\\/\\\/schema.org\",\"@graph\":[{\"@type\":\"Article\",\"@id\":\"https:\\\/\\\/buletin.de\\\/bucuresti\\\/de-ce-a-respins-ccr-contestatiile-impotriva-candidaturii-lui-calin-georgescu\\\/#article\",\"isPartOf\":{\"@id\":\"https:\\\/\\\/buletin.de\\\/bucuresti\\\/de-ce-a-respins-ccr-contestatiile-impotriva-candidaturii-lui-calin-georgescu\\\/\"},\"author\":{\"name\":\"R\u0103zvan Chiru\u021b\u0103\",\"@id\":\"https:\\\/\\\/buletin.de\\\/bucuresti\\\/#\\\/schema\\\/person\\\/a76df728dfc913795a9d90e346b253bb\"},\"headline\":\"De ce a respins CCR contesta\u021biile \u00eempotriva candidaturii lui C\u0103lin Georgescu\",\"datePublished\":\"2025-03-08T16:59:31+00:00\",\"dateModified\":\"2025-03-08T17:01:20+00:00\",\"mainEntityOfPage\":{\"@id\":\"https:\\\/\\\/buletin.de\\\/bucuresti\\\/de-ce-a-respins-ccr-contestatiile-impotriva-candidaturii-lui-calin-georgescu\\\/\"},\"wordCount\":568,\"publisher\":{\"@id\":\"https:\\\/\\\/buletin.de\\\/bucuresti\\\/#organization\"},\"image\":{\"@id\":\"https:\\\/\\\/buletin.de\\\/bucuresti\\\/de-ce-a-respins-ccr-contestatiile-impotriva-candidaturii-lui-calin-georgescu\\\/#primaryimage\"},\"thumbnailUrl\":\"https:\\\/\\\/buletin.de\\\/bucuresti\\\/wp-content\\\/uploads\\\/2025\\\/03\\\/calin-georgescu_INQUAM_Photos_Eduard_Vinatoru-scaled.jpg\",\"keywords\":[\"alegeri prezidentiale\",\"candidat la prezidentiale\",\"candidat prezidentiale\",\"georgescu\",\"remus pricopie\",\"snspa\"],\"articleSection\":[\"Articole\",\"Main\",\"Politic\"],\"inLanguage\":\"en-GB\",\"copyrightYear\":\"2025\",\"copyrightHolder\":{\"@id\":\"https:\\\/\\\/buletin.de\\\/bucuresti\\\/#organization\"}},{\"@type\":\"WebPage\",\"@id\":\"https:\\\/\\\/buletin.de\\\/bucuresti\\\/de-ce-a-respins-ccr-contestatiile-impotriva-candidaturii-lui-calin-georgescu\\\/\",\"url\":\"https:\\\/\\\/buletin.de\\\/bucuresti\\\/de-ce-a-respins-ccr-contestatiile-impotriva-candidaturii-lui-calin-georgescu\\\/\",\"name\":\"De ce a respins CCR contesta\u021biile \u00eempotriva candidaturii lui C\u0103lin Georgescu - Buletin de Bucure\u0219ti\",\"isPartOf\":{\"@id\":\"https:\\\/\\\/buletin.de\\\/bucuresti\\\/#website\"},\"primaryImageOfPage\":{\"@id\":\"https:\\\/\\\/buletin.de\\\/bucuresti\\\/de-ce-a-respins-ccr-contestatiile-impotriva-candidaturii-lui-calin-georgescu\\\/#primaryimage\"},\"image\":{\"@id\":\"https:\\\/\\\/buletin.de\\\/bucuresti\\\/de-ce-a-respins-ccr-contestatiile-impotriva-candidaturii-lui-calin-georgescu\\\/#primaryimage\"},\"thumbnailUrl\":\"https:\\\/\\\/buletin.de\\\/bucuresti\\\/wp-content\\\/uploads\\\/2025\\\/03\\\/calin-georgescu_INQUAM_Photos_Eduard_Vinatoru-scaled.jpg\",\"datePublished\":\"2025-03-08T16:59:31+00:00\",\"dateModified\":\"2025-03-08T17:01:20+00:00\",\"description\":\"Curtea Constitu\u021bional\u0103 a Rom\u00e2niei (CCR) a respins, s\u00e2mb\u0103t\u0103, dou\u0103 contesta\u021bii depuse \u00eempotriva candidaturii lui C\u0103lin Georgescu.\",\"breadcrumb\":{\"@id\":\"https:\\\/\\\/buletin.de\\\/bucuresti\\\/de-ce-a-respins-ccr-contestatiile-impotriva-candidaturii-lui-calin-georgescu\\\/#breadcrumb\"},\"inLanguage\":\"en-GB\",\"potentialAction\":[{\"@type\":\"ReadAction\",\"target\":[\"https:\\\/\\\/buletin.de\\\/bucuresti\\\/de-ce-a-respins-ccr-contestatiile-impotriva-candidaturii-lui-calin-georgescu\\\/\"]}]},{\"@type\":\"ImageObject\",\"inLanguage\":\"en-GB\",\"@id\":\"https:\\\/\\\/buletin.de\\\/bucuresti\\\/de-ce-a-respins-ccr-contestatiile-impotriva-candidaturii-lui-calin-georgescu\\\/#primaryimage\",\"url\":\"https:\\\/\\\/buletin.de\\\/bucuresti\\\/wp-content\\\/uploads\\\/2025\\\/03\\\/calin-georgescu_INQUAM_Photos_Eduard_Vinatoru-scaled.jpg\",\"contentUrl\":\"https:\\\/\\\/buletin.de\\\/bucuresti\\\/wp-content\\\/uploads\\\/2025\\\/03\\\/calin-georgescu_INQUAM_Photos_Eduard_Vinatoru-scaled.jpg\",\"width\":2560,\"height\":1707,\"caption\":\"C\u0103lin Georgescu \u0219i-a depus candidatura pe 7 martie. Foto: INQUAM_Photos_Eduard_Vinatoru\"},{\"@type\":\"BreadcrumbList\",\"@id\":\"https:\\\/\\\/buletin.de\\\/bucuresti\\\/de-ce-a-respins-ccr-contestatiile-impotriva-candidaturii-lui-calin-georgescu\\\/#breadcrumb\",\"itemListElement\":[{\"@type\":\"ListItem\",\"position\":1,\"name\":\"Acas\u0103\",\"item\":\"https:\\\/\\\/buletin.de\\\/bucuresti\\\/\"},{\"@type\":\"ListItem\",\"position\":2,\"name\":\"De ce a respins CCR contesta\u021biile \u00eempotriva candidaturii lui C\u0103lin Georgescu\"}]},{\"@type\":\"WebSite\",\"@id\":\"https:\\\/\\\/buletin.de\\\/bucuresti\\\/#website\",\"url\":\"https:\\\/\\\/buletin.de\\\/bucuresti\\\/\",\"name\":\"Buletin de Bucure\u0219ti\",\"description\":\"\u0218tiri \u0219i investiga\u021bii esen\u021biale din capital\u0103\",\"publisher\":{\"@id\":\"https:\\\/\\\/buletin.de\\\/bucuresti\\\/#organization\"},\"potentialAction\":[{\"@type\":\"SearchAction\",\"target\":{\"@type\":\"EntryPoint\",\"urlTemplate\":\"https:\\\/\\\/buletin.de\\\/bucuresti\\\/?s={search_term_string}\"},\"query-input\":{\"@type\":\"PropertyValueSpecification\",\"valueRequired\":true,\"valueName\":\"search_term_string\"}}],\"inLanguage\":\"en-GB\"},{\"@type\":\"Organization\",\"@id\":\"https:\\\/\\\/buletin.de\\\/bucuresti\\\/#organization\",\"name\":\"Buletin de Bucure\u0219ti\",\"url\":\"https:\\\/\\\/buletin.de\\\/bucuresti\\\/\",\"logo\":{\"@type\":\"ImageObject\",\"inLanguage\":\"en-GB\",\"@id\":\"https:\\\/\\\/buletin.de\\\/bucuresti\\\/#\\\/schema\\\/logo\\\/image\\\/\",\"url\":\"https:\\\/\\\/buletin.de\\\/bucuresti\\\/wp-content\\\/uploads\\\/logo-bdb-full-wide-vernil-transparent.png\",\"contentUrl\":\"https:\\\/\\\/buletin.de\\\/bucuresti\\\/wp-content\\\/uploads\\\/logo-bdb-full-wide-vernil-transparent.png\",\"width\":1782,\"height\":626,\"caption\":\"Buletin de Bucure\u0219ti\"},\"image\":{\"@id\":\"https:\\\/\\\/buletin.de\\\/bucuresti\\\/#\\\/schema\\\/logo\\\/image\\\/\"},\"sameAs\":[\"https:\\\/\\\/www.facebook.com\\\/buletin.de.buc\",\"https:\\\/\\\/www.instagram.com\\\/buletinde.bucuresti\\\/\"]},{\"@type\":\"Person\",\"@id\":\"https:\\\/\\\/buletin.de\\\/bucuresti\\\/#\\\/schema\\\/person\\\/a76df728dfc913795a9d90e346b253bb\",\"name\":\"R\u0103zvan Chiru\u021b\u0103\",\"image\":{\"@type\":\"ImageObject\",\"inLanguage\":\"en-GB\",\"@id\":\"https:\\\/\\\/buletin.de\\\/bucuresti\\\/wp-content\\\/uploads\\\/Razvan-Chiruta-96x96.jpge7143b996fd4241fbd6ee1f6b6b7b267\",\"url\":\"https:\\\/\\\/buletin.de\\\/bucuresti\\\/wp-content\\\/uploads\\\/Razvan-Chiruta-96x96.jpg\",\"contentUrl\":\"https:\\\/\\\/buletin.de\\\/bucuresti\\\/wp-content\\\/uploads\\\/Razvan-Chiruta-96x96.jpg\",\"caption\":\"R\u0103zvan Chiru\u021b\u0103\"},\"description\":\"R\u0103zvan Chiru\u021b\u0103 este redactor-\u0219ef adjunct din iulie 2024. A fost redactor-\u0219ef al PRESShub \u00eentre 2022 \u0219i iunie 2024. Anterior, a fost redactor-\u0219ef al Newsweek Rom\u00e2nia, din 2018 p\u00e2n\u0103 \u00een 2021, \u0219i al cotidianului Rom\u00e2nia liber\u0103, \u00eentre 2015 \u0219i 2017. Este absolvent de Jurnalism, \u00een cadrul Universit\u0103\u021bii \u201eAl.I.Cuza\u201d din Ia\u0219i, \u0219i a urmat un master \u00een Managementul institu\u021biilor mass-media (f\u0103r\u0103 diserta\u021bie) la Facultatea de Jurnalism \u0219i \u0218tiin\u021bele Comunic\u0103rii din cadrul Universit\u0103\u021bii din Bucure\u0219ti. \u0218i-a \u00eenceput cariera la Opinia studen\u021beasc\u0103, cunoscuta \u0219coal\u0103 de pres\u0103 din Ia\u0219i. A lucrat \u00een presa local\u0103, apoi a devenit corespondent pentru Ia\u0219i al cotidianului Evenimentul Zilei. Din 2004, a coordonat pentru \u0219ase luni sec\u021bia de coresponden\u021bi a Evenimentului Zilei. A mai lucrat la s\u0103pt\u0103m\u00e2nalul Prezent \u0219i a colaborat cu revistele Dilema Veche \u0219i Suplimentul de Cultur\u0103. Este co-autor \u00een volumele \u201eMass-media \u0219i democra\u021bia \u00een Rom\u00e2nia post-comunist\u0103\u201d (ed. a II-a), Ed. Institutul European, Ia\u0219i, 2013, \u0219i \u201eCOVID - 19. Dimensiuni ale gestionarii pandemiei\u201d, Editura Junimea, Ia\u0219i, 2020.\",\"url\":\"https:\\\/\\\/buletin.de\\\/bucuresti\\\/author\\\/razvan-chiruta\\\/\"}]}<\/script>\n<!-- \/ Yoast SEO Premium plugin. -->","yoast_head_json":{"title":"De ce a respins CCR contesta\u021biile \u00eempotriva candidaturii lui C\u0103lin Georgescu - Buletin de Bucure\u0219ti","description":"Curtea Constitu\u021bional\u0103 a Rom\u00e2niei (CCR) a respins, s\u00e2mb\u0103t\u0103, dou\u0103 contesta\u021bii depuse \u00eempotriva candidaturii lui C\u0103lin Georgescu.","robots":{"index":"index","follow":"follow","max-snippet":"max-snippet:-1","max-image-preview":"max-image-preview:large","max-video-preview":"max-video-preview:-1"},"canonical":"https:\/\/buletin.de\/bucuresti\/de-ce-a-respins-ccr-contestatiile-impotriva-candidaturii-lui-calin-georgescu\/","og_locale":"en_GB","og_type":"article","og_title":"De ce a respins CCR contesta\u021biile \u00eempotriva candidaturii lui C\u0103lin Georgescu","og_description":"Curtea Constitu\u021bional\u0103 a Rom\u00e2niei (CCR) a respins, s\u00e2mb\u0103t\u0103, dou\u0103 contesta\u021bii depuse \u00eempotriva candidaturii lui C\u0103lin Georgescu.","og_url":"https:\/\/buletin.de\/bucuresti\/de-ce-a-respins-ccr-contestatiile-impotriva-candidaturii-lui-calin-georgescu\/","og_site_name":"Buletin de Bucure\u0219ti","article_publisher":"https:\/\/www.facebook.com\/buletin.de.buc","article_published_time":"2025-03-08T16:59:31+00:00","article_modified_time":"2025-03-08T17:01:20+00:00","og_image":[{"width":2560,"height":1707,"url":"https:\/\/buletin.de\/bucuresti\/wp-content\/uploads\/2025\/03\/calin-georgescu_INQUAM_Photos_Eduard_Vinatoru-scaled.jpg","type":"image\/jpeg"}],"author":"R\u0103zvan Chiru\u021b\u0103","twitter_card":"summary_large_image","twitter_misc":{"Written by":"R\u0103zvan Chiru\u021b\u0103","Estimated reading time":"1 minute"},"schema":{"@context":"https:\/\/schema.org","@graph":[{"@type":"Article","@id":"https:\/\/buletin.de\/bucuresti\/de-ce-a-respins-ccr-contestatiile-impotriva-candidaturii-lui-calin-georgescu\/#article","isPartOf":{"@id":"https:\/\/buletin.de\/bucuresti\/de-ce-a-respins-ccr-contestatiile-impotriva-candidaturii-lui-calin-georgescu\/"},"author":{"name":"R\u0103zvan Chiru\u021b\u0103","@id":"https:\/\/buletin.de\/bucuresti\/#\/schema\/person\/a76df728dfc913795a9d90e346b253bb"},"headline":"De ce a respins CCR contesta\u021biile \u00eempotriva candidaturii lui C\u0103lin Georgescu","datePublished":"2025-03-08T16:59:31+00:00","dateModified":"2025-03-08T17:01:20+00:00","mainEntityOfPage":{"@id":"https:\/\/buletin.de\/bucuresti\/de-ce-a-respins-ccr-contestatiile-impotriva-candidaturii-lui-calin-georgescu\/"},"wordCount":568,"publisher":{"@id":"https:\/\/buletin.de\/bucuresti\/#organization"},"image":{"@id":"https:\/\/buletin.de\/bucuresti\/de-ce-a-respins-ccr-contestatiile-impotriva-candidaturii-lui-calin-georgescu\/#primaryimage"},"thumbnailUrl":"https:\/\/buletin.de\/bucuresti\/wp-content\/uploads\/2025\/03\/calin-georgescu_INQUAM_Photos_Eduard_Vinatoru-scaled.jpg","keywords":["alegeri prezidentiale","candidat la prezidentiale","candidat prezidentiale","georgescu","remus pricopie","snspa"],"articleSection":["Articole","Main","Politic"],"inLanguage":"en-GB","copyrightYear":"2025","copyrightHolder":{"@id":"https:\/\/buletin.de\/bucuresti\/#organization"}},{"@type":"WebPage","@id":"https:\/\/buletin.de\/bucuresti\/de-ce-a-respins-ccr-contestatiile-impotriva-candidaturii-lui-calin-georgescu\/","url":"https:\/\/buletin.de\/bucuresti\/de-ce-a-respins-ccr-contestatiile-impotriva-candidaturii-lui-calin-georgescu\/","name":"De ce a respins CCR contesta\u021biile \u00eempotriva candidaturii lui C\u0103lin Georgescu - Buletin de Bucure\u0219ti","isPartOf":{"@id":"https:\/\/buletin.de\/bucuresti\/#website"},"primaryImageOfPage":{"@id":"https:\/\/buletin.de\/bucuresti\/de-ce-a-respins-ccr-contestatiile-impotriva-candidaturii-lui-calin-georgescu\/#primaryimage"},"image":{"@id":"https:\/\/buletin.de\/bucuresti\/de-ce-a-respins-ccr-contestatiile-impotriva-candidaturii-lui-calin-georgescu\/#primaryimage"},"thumbnailUrl":"https:\/\/buletin.de\/bucuresti\/wp-content\/uploads\/2025\/03\/calin-georgescu_INQUAM_Photos_Eduard_Vinatoru-scaled.jpg","datePublished":"2025-03-08T16:59:31+00:00","dateModified":"2025-03-08T17:01:20+00:00","description":"Curtea Constitu\u021bional\u0103 a Rom\u00e2niei (CCR) a respins, s\u00e2mb\u0103t\u0103, dou\u0103 contesta\u021bii depuse \u00eempotriva candidaturii lui C\u0103lin Georgescu.","breadcrumb":{"@id":"https:\/\/buletin.de\/bucuresti\/de-ce-a-respins-ccr-contestatiile-impotriva-candidaturii-lui-calin-georgescu\/#breadcrumb"},"inLanguage":"en-GB","potentialAction":[{"@type":"ReadAction","target":["https:\/\/buletin.de\/bucuresti\/de-ce-a-respins-ccr-contestatiile-impotriva-candidaturii-lui-calin-georgescu\/"]}]},{"@type":"ImageObject","inLanguage":"en-GB","@id":"https:\/\/buletin.de\/bucuresti\/de-ce-a-respins-ccr-contestatiile-impotriva-candidaturii-lui-calin-georgescu\/#primaryimage","url":"https:\/\/buletin.de\/bucuresti\/wp-content\/uploads\/2025\/03\/calin-georgescu_INQUAM_Photos_Eduard_Vinatoru-scaled.jpg","contentUrl":"https:\/\/buletin.de\/bucuresti\/wp-content\/uploads\/2025\/03\/calin-georgescu_INQUAM_Photos_Eduard_Vinatoru-scaled.jpg","width":2560,"height":1707,"caption":"C\u0103lin Georgescu \u0219i-a depus candidatura pe 7 martie. Foto: INQUAM_Photos_Eduard_Vinatoru"},{"@type":"BreadcrumbList","@id":"https:\/\/buletin.de\/bucuresti\/de-ce-a-respins-ccr-contestatiile-impotriva-candidaturii-lui-calin-georgescu\/#breadcrumb","itemListElement":[{"@type":"ListItem","position":1,"name":"Acas\u0103","item":"https:\/\/buletin.de\/bucuresti\/"},{"@type":"ListItem","position":2,"name":"De ce a respins CCR contesta\u021biile \u00eempotriva candidaturii lui C\u0103lin Georgescu"}]},{"@type":"WebSite","@id":"https:\/\/buletin.de\/bucuresti\/#website","url":"https:\/\/buletin.de\/bucuresti\/","name":"Buletin de Bucure\u0219ti","description":"\u0218tiri \u0219i investiga\u021bii esen\u021biale din capital\u0103","publisher":{"@id":"https:\/\/buletin.de\/bucuresti\/#organization"},"potentialAction":[{"@type":"SearchAction","target":{"@type":"EntryPoint","urlTemplate":"https:\/\/buletin.de\/bucuresti\/?s={search_term_string}"},"query-input":{"@type":"PropertyValueSpecification","valueRequired":true,"valueName":"search_term_string"}}],"inLanguage":"en-GB"},{"@type":"Organization","@id":"https:\/\/buletin.de\/bucuresti\/#organization","name":"Buletin de Bucure\u0219ti","url":"https:\/\/buletin.de\/bucuresti\/","logo":{"@type":"ImageObject","inLanguage":"en-GB","@id":"https:\/\/buletin.de\/bucuresti\/#\/schema\/logo\/image\/","url":"https:\/\/buletin.de\/bucuresti\/wp-content\/uploads\/logo-bdb-full-wide-vernil-transparent.png","contentUrl":"https:\/\/buletin.de\/bucuresti\/wp-content\/uploads\/logo-bdb-full-wide-vernil-transparent.png","width":1782,"height":626,"caption":"Buletin de Bucure\u0219ti"},"image":{"@id":"https:\/\/buletin.de\/bucuresti\/#\/schema\/logo\/image\/"},"sameAs":["https:\/\/www.facebook.com\/buletin.de.buc","https:\/\/www.instagram.com\/buletinde.bucuresti\/"]},{"@type":"Person","@id":"https:\/\/buletin.de\/bucuresti\/#\/schema\/person\/a76df728dfc913795a9d90e346b253bb","name":"R\u0103zvan Chiru\u021b\u0103","image":{"@type":"ImageObject","inLanguage":"en-GB","@id":"https:\/\/buletin.de\/bucuresti\/wp-content\/uploads\/Razvan-Chiruta-96x96.jpge7143b996fd4241fbd6ee1f6b6b7b267","url":"https:\/\/buletin.de\/bucuresti\/wp-content\/uploads\/Razvan-Chiruta-96x96.jpg","contentUrl":"https:\/\/buletin.de\/bucuresti\/wp-content\/uploads\/Razvan-Chiruta-96x96.jpg","caption":"R\u0103zvan Chiru\u021b\u0103"},"description":"R\u0103zvan Chiru\u021b\u0103 este redactor-\u0219ef adjunct din iulie 2024. A fost redactor-\u0219ef al PRESShub \u00eentre 2022 \u0219i iunie 2024. Anterior, a fost redactor-\u0219ef al Newsweek Rom\u00e2nia, din 2018 p\u00e2n\u0103 \u00een 2021, \u0219i al cotidianului Rom\u00e2nia liber\u0103, \u00eentre 2015 \u0219i 2017. Este absolvent de Jurnalism, \u00een cadrul Universit\u0103\u021bii \u201eAl.I.Cuza\u201d din Ia\u0219i, \u0219i a urmat un master \u00een Managementul institu\u021biilor mass-media (f\u0103r\u0103 diserta\u021bie) la Facultatea de Jurnalism \u0219i \u0218tiin\u021bele Comunic\u0103rii din cadrul Universit\u0103\u021bii din Bucure\u0219ti. \u0218i-a \u00eenceput cariera la Opinia studen\u021beasc\u0103, cunoscuta \u0219coal\u0103 de pres\u0103 din Ia\u0219i. A lucrat \u00een presa local\u0103, apoi a devenit corespondent pentru Ia\u0219i al cotidianului Evenimentul Zilei. Din 2004, a coordonat pentru \u0219ase luni sec\u021bia de coresponden\u021bi a Evenimentului Zilei. A mai lucrat la s\u0103pt\u0103m\u00e2nalul Prezent \u0219i a colaborat cu revistele Dilema Veche \u0219i Suplimentul de Cultur\u0103. Este co-autor \u00een volumele \u201eMass-media \u0219i democra\u021bia \u00een Rom\u00e2nia post-comunist\u0103\u201d (ed. a II-a), Ed. Institutul European, Ia\u0219i, 2013, \u0219i \u201eCOVID - 19. Dimensiuni ale gestionarii pandemiei\u201d, Editura Junimea, Ia\u0219i, 2020.","url":"https:\/\/buletin.de\/bucuresti\/author\/razvan-chiruta\/"}]}},"authors":[{"term_id":22582,"user_id":60,"is_guest":0,"slug":"razvan-chiruta","display_name":"R\u0103zvan Chiru\u021b\u0103","avatar_url":"https:\/\/buletin.de\/bucuresti\/wp-content\/uploads\/Razvan-Chiruta-96x96.jpg","0":null,"1":"","2":"","3":"","4":"","5":"","6":"","7":"","8":""}],"_links":{"self":[{"href":"https:\/\/buletin.de\/bucuresti\/wp-json\/wp\/v2\/posts\/121747","targetHints":{"allow":["GET"]}}],"collection":[{"href":"https:\/\/buletin.de\/bucuresti\/wp-json\/wp\/v2\/posts"}],"about":[{"href":"https:\/\/buletin.de\/bucuresti\/wp-json\/wp\/v2\/types\/post"}],"author":[{"embeddable":true,"href":"https:\/\/buletin.de\/bucuresti\/wp-json\/wp\/v2\/users\/60"}],"replies":[{"embeddable":true,"href":"https:\/\/buletin.de\/bucuresti\/wp-json\/wp\/v2\/comments?post=121747"}],"version-history":[{"count":4,"href":"https:\/\/buletin.de\/bucuresti\/wp-json\/wp\/v2\/posts\/121747\/revisions"}],"predecessor-version":[{"id":121755,"href":"https:\/\/buletin.de\/bucuresti\/wp-json\/wp\/v2\/posts\/121747\/revisions\/121755"}],"wp:featuredmedia":[{"embeddable":true,"href":"https:\/\/buletin.de\/bucuresti\/wp-json\/wp\/v2\/media\/121750"}],"wp:attachment":[{"href":"https:\/\/buletin.de\/bucuresti\/wp-json\/wp\/v2\/media?parent=121747"}],"wp:term":[{"taxonomy":"category","embeddable":true,"href":"https:\/\/buletin.de\/bucuresti\/wp-json\/wp\/v2\/categories?post=121747"},{"taxonomy":"post_tag","embeddable":true,"href":"https:\/\/buletin.de\/bucuresti\/wp-json\/wp\/v2\/tags?post=121747"},{"taxonomy":"author","embeddable":true,"href":"https:\/\/buletin.de\/bucuresti\/wp-json\/wp\/v2\/ppma_author?post=121747"}],"curies":[{"name":"wp","href":"https:\/\/api.w.org\/{rel}","templated":true}]}}