{"id":121732,"date":"2025-03-08T17:59:45","date_gmt":"2025-03-08T14:59:45","guid":{"rendered":"https:\/\/buletin.de\/bucuresti\/?p=121732"},"modified":"2025-03-08T18:26:47","modified_gmt":"2025-03-08T15:26:47","slug":"cercetat-pentru-ca-l-ar-fi-protejat-pe-georgescu","status":"publish","type":"post","link":"https:\/\/buletin.de\/bucuresti\/cercetat-pentru-ca-l-ar-fi-protejat-pe-georgescu\/","title":{"rendered":"Un poli\u021bist din Bucure\u0219ti este cercetat pentru c\u0103 l-ar fi protejat pe Georgescu la mitingul din 1 martie"},"content":{"rendered":"\n<p><strong>Un poli\u021bist din Bucure\u0219ti este cercetat disciplinar pentru c\u0103 a participat, ca civil, pe 1 martie, la mitingul organizat de AUR \u0219i POT \u0219i ar fi f\u0103cut parte din dispozivitul care l-ar fi protejat pe C\u0103lin Georgescu..<\/strong><\/p>\n\n\n\n<p>\u201e\u00cen urma verific\u0103rilor efectuate s-a constatat faptul c\u0103, la protestul organizat la data de 1 martie, a participat \u0219i un agent de poli\u021bie, \u00een \u021binut\u0103 civil\u0103, \u00eenc\u0103lc\u00e2nd astfel prevederile art. 45 lit. E, cu inciden\u021ba art. 10 din Legea 360\/2002, respectiv poli\u021bistului \u00eei este interzis s\u0103 participe la greve, precum \u0219i la mitinguri, demonstra\u021bii, procesiuni sau orice alte \u00eentruniri cu caracter politic\u201d, se arat\u0103 \u00eentr-un comunicat al Direc\u021biei Generale de Poli\u021biei a Municipiului Bucure\u0219ti (DGPMB) transmis, s\u00e2mb\u0103t\u0103, <a href=\"https:\/\/agerpres.ro\/justitie\/2025\/03\/08\/agent-de-la-politia-capitalei-cercetat-diciplinar-dupa-ce-ar-fi-participat-la-un-miting-pro-georgesc--1429041\">Agerpres<\/a>.<\/p>\n\n\n\n<p><strong>CITE\u0218TE \u0218I: <a href=\"https:\/\/buletin.de\/bucuresti\/cafeneaua-bdb-pete-tanarul-care-face-experimente-sociale-in-bucuresti-sa-fie-ridicate-toate-masinile-parcate-ilegal\/\" target=\"_blank\" rel=\"noreferrer noopener\">Cafeneaua BdB | Pete, t\u00e2n\u0103rul care face experimente sociale \u00een Bucure\u0219ti: \u201eS\u0103 fie ridicate toate ma\u0219inile parcate ilegal\u201d<\/a><\/strong><\/p>\n\n\n\n<div class=\"wp-block-buttons is-content-justification-center is-layout-flex wp-container-core-buttons-is-layout-16018d1d wp-block-buttons-is-layout-flex\">\n<div class=\"wp-block-button has-custom-width wp-block-button__width-100\"><a class=\"wp-block-button__link wp-element-button\" href=\"https:\/\/www.patreon.com\/BuletinDeBucuresti\"><strong>Sus\u021bine Buletin de Bucure\u0219ti pentru investiga\u021bii, reportaje \u0219i \u0219tiri Locale<\/strong><\/a><\/div>\n<\/div>\n\n\n\n<h2 class=\"wp-block-heading\" id=\"h-a-refuzat-controlul-psihologic-dar-l-ar-fi-protejat-pe-georgescu\">A refuzat controlul psihologic, dar l-ar fi protejat pe Georgescu<\/h2>\n\n\n\n<p><strong>Poli\u021bia Capitalei verific\u0103 dac\u0103 se poate stabili existen\u021ba\/inexisten\u021ba abaterii disciplinare prev\u0103zute de art. 57 lit. K din Legea 360\/2002 privind Statutul poli\u021bistului.<\/strong><\/p>\n\n\n\n<p>\u201eFacem precizarea c\u0103 anterior acestui eveniment, poli\u021bistul \u00een cauz\u0103 a refuzat s\u0103 se supun\u0103 evalu\u0103rii psihologice, invoc\u00e2nd diverse motive, conform\u00e2ndu-se \u00een cele din urm\u0103 \u0219i a refuzat s\u0103 fie expertizat \u0219i din punct de vedere medico militar, context \u00een care, \u00een scop preventiv \u0219i \u00een baza rezultatelor evalu\u0103rii, i-a fost retras dreptul de a purta \u0219i folosi armamentul din dotare, nu i-a mai fost prelungit\u0103 autoriza\u021bia de acces la informa\u021bii clasificate, fiind totodat\u0103 pus la dispozi\u021bia Serviciului Logistic&#8217;, arat\u0103 institu\u021bia.<\/p>\n\n\n\n<p>Potrivit comunicatului, Poli\u021bia Capitalei se delimiteaz\u0103 ferm de orice comportamente ilegale, care aduc atingere Statutului poli\u021bistului \u0219i, indiferent de calitatea persoanei care \u00eencalc\u0103 prevederile legale, se vor lua toate m\u0103surile prev\u0103zute de lege.<\/p>\n\n\n\n<p><a href=\"https:\/\/adevarul.ro\/stiri-interne\/evenimente\/politist-din-trupele-speciale-racolat-pentru-2427186.html\" target=\"_blank\" rel=\"noreferrer noopener\">Adev\u0103rul<\/a> sus\u021bine c\u0103 poli\u021bistul respectiv ar fi fost recrutat de Hora\u021biu Potra pentru dispozitivul de protec\u021bie a lui C\u0103lin Georgescu \u0219i l-ar fi p\u0103zit pe candidat la mitingul din 1 martie.<\/p>\n\n\n\n<p><strong>CITE\u0218TE \u0218I: <a href=\"https:\/\/buletin.de\/bucuresti\/video-lotul-din-autostrada-de-centura-care-face-legatura-intre-a1-si-a2-nu-este-gata-pe-15-aprilie-amanare-de-trei-luni-pe-tronsonul-de-sud\/\" target=\"_blank\" rel=\"noreferrer noopener\">VIDEO | Lotul din Autostrada de Centur\u0103 care face leg\u0103tura \u00eentre A1 \u0219i A2 nu este gata pe 15 aprilie. Am\u00e2nare de trei luni pe tronsonul de sud<\/a><\/strong><\/p>\n\n\n\n<p><br><\/p>\n","protected":false},"excerpt":{"rendered":"<p>Un poli\u021bist din Bucure\u0219ti este cercetat disciplinar pentru c\u0103 a participat, ca civil, pe 1 martie, la mitingul organizat de AUR \u0219i POT \u0219i ar fi f\u0103cut parte din dispozivitul care l-ar fi protejat pe C\u0103lin Georgescu.. \u201e\u00cen urma verific\u0103rilor efectuate s-a constatat faptul c\u0103, la protestul organizat la data de 1 martie, a participat [&hellip;]<\/p>\n","protected":false},"author":1,"featured_media":121734,"comment_status":"closed","ping_status":"open","sticky":false,"template":"","format":"standard","meta":{"_acf_changed":false,"inline_featured_image":false,"ngg_post_thumbnail":0,"footnotes":""},"categories":[6994,9026,62],"tags":[2100,17130,14261,19700],"ppma_author":[22583],"class_list":["post-121732","post","type-post","status-publish","format-standard","has-post-thumbnail","hentry","category-stiri-2","category-eveniment","category-stiri","tag-calin-georgescu","tag-georgescu","tag-politisti-anchetati","tag-politisti-cercetat"],"acf":[],"yoast_head":"<!-- This site is optimized with the Yoast SEO Premium plugin v25.3 (Yoast SEO v27.4) - https:\/\/yoast.com\/product\/yoast-seo-premium-wordpress\/ -->\n<title>Un poli\u021bist din Bucure\u0219ti este cercetat pentru c\u0103 l-ar fi protejat pe Georgescu la mitingul din 1 martie - Buletin de Bucure\u0219ti<\/title>\n<meta name=\"description\" content=\"Un poli\u021bist din Bucure\u0219ti este cercetat disciplinar pentru c\u0103 ar fi f\u0103cut parte din dispozivitul care l-ar fi protejat pe C\u0103lin Georgescu..\" \/>\n<meta name=\"robots\" content=\"index, follow, max-snippet:-1, max-image-preview:large, max-video-preview:-1\" \/>\n<link rel=\"canonical\" href=\"https:\/\/buletin.de\/bucuresti\/cercetat-pentru-ca-l-ar-fi-protejat-pe-georgescu\/\" \/>\n<meta property=\"og:locale\" content=\"en_GB\" \/>\n<meta property=\"og:type\" content=\"article\" \/>\n<meta property=\"og:title\" content=\"Un poli\u021bist din Bucure\u0219ti este cercetat pentru c\u0103 l-ar fi protejat pe Georgescu la mitingul din 1 martie\" \/>\n<meta property=\"og:description\" content=\"Un poli\u021bist din Bucure\u0219ti este cercetat disciplinar pentru c\u0103 ar fi f\u0103cut parte din dispozivitul care l-ar fi protejat pe C\u0103lin Georgescu..\" \/>\n<meta property=\"og:url\" content=\"https:\/\/buletin.de\/bucuresti\/cercetat-pentru-ca-l-ar-fi-protejat-pe-georgescu\/\" \/>\n<meta property=\"og:site_name\" content=\"Buletin de Bucure\u0219ti\" \/>\n<meta property=\"article:publisher\" content=\"https:\/\/www.facebook.com\/buletin.de.buc\" \/>\n<meta property=\"article:published_time\" content=\"2025-03-08T14:59:45+00:00\" \/>\n<meta property=\"article:modified_time\" content=\"2025-03-08T15:26:47+00:00\" \/>\n<meta property=\"og:image\" content=\"https:\/\/buletin.de\/bucuresti\/wp-content\/uploads\/2025\/03\/mitinggeorgescu_INQUAM_Photos_Adriana_Neagoe.jpg\" \/>\n\t<meta property=\"og:image:width\" content=\"1200\" \/>\n\t<meta property=\"og:image:height\" content=\"800\" \/>\n\t<meta property=\"og:image:type\" content=\"image\/jpeg\" \/>\n<meta name=\"author\" content=\"Redac\u021bia Buletin de Bucure\u0219ti\" \/>\n<meta name=\"twitter:card\" content=\"summary_large_image\" \/>\n<meta name=\"twitter:label1\" content=\"Written by\" \/>\n\t<meta name=\"twitter:data1\" content=\"Redac\u021bia Buletin de Bucure\u0219ti\" \/>\n\t<meta name=\"twitter:label2\" content=\"Estimated reading time\" \/>\n\t<meta name=\"twitter:data2\" content=\"2 minutes\" \/>\n<script type=\"application\/ld+json\" class=\"yoast-schema-graph\">{\"@context\":\"https:\\\/\\\/schema.org\",\"@graph\":[{\"@type\":\"Article\",\"@id\":\"https:\\\/\\\/buletin.de\\\/bucuresti\\\/cercetat-pentru-ca-l-ar-fi-protejat-pe-georgescu\\\/#article\",\"isPartOf\":{\"@id\":\"https:\\\/\\\/buletin.de\\\/bucuresti\\\/cercetat-pentru-ca-l-ar-fi-protejat-pe-georgescu\\\/\"},\"author\":{\"name\":\"Redac\u021bia Buletin de Bucure\u0219ti\",\"@id\":\"https:\\\/\\\/buletin.de\\\/bucuresti\\\/#\\\/schema\\\/person\\\/2bbcf854e5f2419a13804af574d06ab1\"},\"headline\":\"Un poli\u021bist din Bucure\u0219ti este cercetat pentru c\u0103 l-ar fi protejat pe Georgescu la mitingul din 1 martie\",\"datePublished\":\"2025-03-08T14:59:45+00:00\",\"dateModified\":\"2025-03-08T15:26:47+00:00\",\"mainEntityOfPage\":{\"@id\":\"https:\\\/\\\/buletin.de\\\/bucuresti\\\/cercetat-pentru-ca-l-ar-fi-protejat-pe-georgescu\\\/\"},\"wordCount\":412,\"publisher\":{\"@id\":\"https:\\\/\\\/buletin.de\\\/bucuresti\\\/#organization\"},\"image\":{\"@id\":\"https:\\\/\\\/buletin.de\\\/bucuresti\\\/cercetat-pentru-ca-l-ar-fi-protejat-pe-georgescu\\\/#primaryimage\"},\"thumbnailUrl\":\"https:\\\/\\\/buletin.de\\\/bucuresti\\\/wp-content\\\/uploads\\\/2025\\\/03\\\/mitinggeorgescu_INQUAM_Photos_Adriana_Neagoe.jpg\",\"keywords\":[\"calin georgescu\",\"georgescu\",\"politisti anchetati\",\"politisti cercetat\"],\"articleSection\":[\"Articole\",\"Eveniment\",\"\u0218tiri\"],\"inLanguage\":\"en-GB\",\"copyrightYear\":\"2025\",\"copyrightHolder\":{\"@id\":\"https:\\\/\\\/buletin.de\\\/bucuresti\\\/#organization\"}},{\"@type\":\"WebPage\",\"@id\":\"https:\\\/\\\/buletin.de\\\/bucuresti\\\/cercetat-pentru-ca-l-ar-fi-protejat-pe-georgescu\\\/\",\"url\":\"https:\\\/\\\/buletin.de\\\/bucuresti\\\/cercetat-pentru-ca-l-ar-fi-protejat-pe-georgescu\\\/\",\"name\":\"Un poli\u021bist din Bucure\u0219ti este cercetat pentru c\u0103 l-ar fi protejat pe Georgescu la mitingul din 1 martie - Buletin de Bucure\u0219ti\",\"isPartOf\":{\"@id\":\"https:\\\/\\\/buletin.de\\\/bucuresti\\\/#website\"},\"primaryImageOfPage\":{\"@id\":\"https:\\\/\\\/buletin.de\\\/bucuresti\\\/cercetat-pentru-ca-l-ar-fi-protejat-pe-georgescu\\\/#primaryimage\"},\"image\":{\"@id\":\"https:\\\/\\\/buletin.de\\\/bucuresti\\\/cercetat-pentru-ca-l-ar-fi-protejat-pe-georgescu\\\/#primaryimage\"},\"thumbnailUrl\":\"https:\\\/\\\/buletin.de\\\/bucuresti\\\/wp-content\\\/uploads\\\/2025\\\/03\\\/mitinggeorgescu_INQUAM_Photos_Adriana_Neagoe.jpg\",\"datePublished\":\"2025-03-08T14:59:45+00:00\",\"dateModified\":\"2025-03-08T15:26:47+00:00\",\"description\":\"Un poli\u021bist din Bucure\u0219ti este cercetat disciplinar pentru c\u0103 ar fi f\u0103cut parte din dispozivitul care l-ar fi protejat pe C\u0103lin Georgescu..\",\"breadcrumb\":{\"@id\":\"https:\\\/\\\/buletin.de\\\/bucuresti\\\/cercetat-pentru-ca-l-ar-fi-protejat-pe-georgescu\\\/#breadcrumb\"},\"inLanguage\":\"en-GB\",\"potentialAction\":[{\"@type\":\"ReadAction\",\"target\":[\"https:\\\/\\\/buletin.de\\\/bucuresti\\\/cercetat-pentru-ca-l-ar-fi-protejat-pe-georgescu\\\/\"]}]},{\"@type\":\"ImageObject\",\"inLanguage\":\"en-GB\",\"@id\":\"https:\\\/\\\/buletin.de\\\/bucuresti\\\/cercetat-pentru-ca-l-ar-fi-protejat-pe-georgescu\\\/#primaryimage\",\"url\":\"https:\\\/\\\/buletin.de\\\/bucuresti\\\/wp-content\\\/uploads\\\/2025\\\/03\\\/mitinggeorgescu_INQUAM_Photos_Adriana_Neagoe.jpg\",\"contentUrl\":\"https:\\\/\\\/buletin.de\\\/bucuresti\\\/wp-content\\\/uploads\\\/2025\\\/03\\\/mitinggeorgescu_INQUAM_Photos_Adriana_Neagoe.jpg\",\"width\":1200,\"height\":800,\"caption\":\"A participat, acum este cercetat. Foto: INQUAM_Photos_Adriana_Neagoe\"},{\"@type\":\"BreadcrumbList\",\"@id\":\"https:\\\/\\\/buletin.de\\\/bucuresti\\\/cercetat-pentru-ca-l-ar-fi-protejat-pe-georgescu\\\/#breadcrumb\",\"itemListElement\":[{\"@type\":\"ListItem\",\"position\":1,\"name\":\"Acas\u0103\",\"item\":\"https:\\\/\\\/buletin.de\\\/bucuresti\\\/\"},{\"@type\":\"ListItem\",\"position\":2,\"name\":\"Un poli\u021bist din Bucure\u0219ti este cercetat pentru c\u0103 l-ar fi protejat pe Georgescu la mitingul din 1 martie\"}]},{\"@type\":\"WebSite\",\"@id\":\"https:\\\/\\\/buletin.de\\\/bucuresti\\\/#website\",\"url\":\"https:\\\/\\\/buletin.de\\\/bucuresti\\\/\",\"name\":\"Buletin de Bucure\u0219ti\",\"description\":\"\u0218tiri \u0219i investiga\u021bii esen\u021biale din capital\u0103\",\"publisher\":{\"@id\":\"https:\\\/\\\/buletin.de\\\/bucuresti\\\/#organization\"},\"potentialAction\":[{\"@type\":\"SearchAction\",\"target\":{\"@type\":\"EntryPoint\",\"urlTemplate\":\"https:\\\/\\\/buletin.de\\\/bucuresti\\\/?s={search_term_string}\"},\"query-input\":{\"@type\":\"PropertyValueSpecification\",\"valueRequired\":true,\"valueName\":\"search_term_string\"}}],\"inLanguage\":\"en-GB\"},{\"@type\":\"Organization\",\"@id\":\"https:\\\/\\\/buletin.de\\\/bucuresti\\\/#organization\",\"name\":\"Buletin de Bucure\u0219ti\",\"url\":\"https:\\\/\\\/buletin.de\\\/bucuresti\\\/\",\"logo\":{\"@type\":\"ImageObject\",\"inLanguage\":\"en-GB\",\"@id\":\"https:\\\/\\\/buletin.de\\\/bucuresti\\\/#\\\/schema\\\/logo\\\/image\\\/\",\"url\":\"https:\\\/\\\/buletin.de\\\/bucuresti\\\/wp-content\\\/uploads\\\/logo-bdb-full-wide-vernil-transparent.png\",\"contentUrl\":\"https:\\\/\\\/buletin.de\\\/bucuresti\\\/wp-content\\\/uploads\\\/logo-bdb-full-wide-vernil-transparent.png\",\"width\":1782,\"height\":626,\"caption\":\"Buletin de Bucure\u0219ti\"},\"image\":{\"@id\":\"https:\\\/\\\/buletin.de\\\/bucuresti\\\/#\\\/schema\\\/logo\\\/image\\\/\"},\"sameAs\":[\"https:\\\/\\\/www.facebook.com\\\/buletin.de.buc\",\"https:\\\/\\\/www.instagram.com\\\/buletinde.bucuresti\\\/\"]},{\"@type\":\"Person\",\"@id\":\"https:\\\/\\\/buletin.de\\\/bucuresti\\\/#\\\/schema\\\/person\\\/2bbcf854e5f2419a13804af574d06ab1\",\"name\":\"Redac\u021bia Buletin de Bucure\u0219ti\",\"image\":{\"@type\":\"ImageObject\",\"inLanguage\":\"en-GB\",\"@id\":\"https:\\\/\\\/secure.gravatar.com\\\/avatar\\\/18c5342381ed1a08620e6280424e3e5efc958618f5d67c522c9e44c1bc6f9226?s=96&d=monsterid&r=g60c7cd0ad92c68c049fcd4bb3504d609\",\"url\":\"https:\\\/\\\/secure.gravatar.com\\\/avatar\\\/18c5342381ed1a08620e6280424e3e5efc958618f5d67c522c9e44c1bc6f9226?s=96&d=monsterid&r=g\",\"contentUrl\":\"https:\\\/\\\/secure.gravatar.com\\\/avatar\\\/18c5342381ed1a08620e6280424e3e5efc958618f5d67c522c9e44c1bc6f9226?s=96&d=monsterid&r=g\",\"caption\":\"Redac\u021bia Buletin de Bucure\u0219ti\"},\"description\":\"Buletin de Bucure\u0219ti exist\u0103 din vara anului 2019.\",\"url\":\"https:\\\/\\\/buletin.de\\\/bucuresti\\\/author\\\/adminbuletin\\\/\"}]}<\/script>\n<!-- \/ Yoast SEO Premium plugin. -->","yoast_head_json":{"title":"Un poli\u021bist din Bucure\u0219ti este cercetat pentru c\u0103 l-ar fi protejat pe Georgescu la mitingul din 1 martie - Buletin de Bucure\u0219ti","description":"Un poli\u021bist din Bucure\u0219ti este cercetat disciplinar pentru c\u0103 ar fi f\u0103cut parte din dispozivitul care l-ar fi protejat pe C\u0103lin Georgescu..","robots":{"index":"index","follow":"follow","max-snippet":"max-snippet:-1","max-image-preview":"max-image-preview:large","max-video-preview":"max-video-preview:-1"},"canonical":"https:\/\/buletin.de\/bucuresti\/cercetat-pentru-ca-l-ar-fi-protejat-pe-georgescu\/","og_locale":"en_GB","og_type":"article","og_title":"Un poli\u021bist din Bucure\u0219ti este cercetat pentru c\u0103 l-ar fi protejat pe Georgescu la mitingul din 1 martie","og_description":"Un poli\u021bist din Bucure\u0219ti este cercetat disciplinar pentru c\u0103 ar fi f\u0103cut parte din dispozivitul care l-ar fi protejat pe C\u0103lin Georgescu..","og_url":"https:\/\/buletin.de\/bucuresti\/cercetat-pentru-ca-l-ar-fi-protejat-pe-georgescu\/","og_site_name":"Buletin de Bucure\u0219ti","article_publisher":"https:\/\/www.facebook.com\/buletin.de.buc","article_published_time":"2025-03-08T14:59:45+00:00","article_modified_time":"2025-03-08T15:26:47+00:00","og_image":[{"width":1200,"height":800,"url":"https:\/\/buletin.de\/bucuresti\/wp-content\/uploads\/2025\/03\/mitinggeorgescu_INQUAM_Photos_Adriana_Neagoe.jpg","type":"image\/jpeg"}],"author":"Redac\u021bia Buletin de Bucure\u0219ti","twitter_card":"summary_large_image","twitter_misc":{"Written by":"Redac\u021bia Buletin de Bucure\u0219ti","Estimated reading time":"2 minutes"},"schema":{"@context":"https:\/\/schema.org","@graph":[{"@type":"Article","@id":"https:\/\/buletin.de\/bucuresti\/cercetat-pentru-ca-l-ar-fi-protejat-pe-georgescu\/#article","isPartOf":{"@id":"https:\/\/buletin.de\/bucuresti\/cercetat-pentru-ca-l-ar-fi-protejat-pe-georgescu\/"},"author":{"name":"Redac\u021bia Buletin de Bucure\u0219ti","@id":"https:\/\/buletin.de\/bucuresti\/#\/schema\/person\/2bbcf854e5f2419a13804af574d06ab1"},"headline":"Un poli\u021bist din Bucure\u0219ti este cercetat pentru c\u0103 l-ar fi protejat pe Georgescu la mitingul din 1 martie","datePublished":"2025-03-08T14:59:45+00:00","dateModified":"2025-03-08T15:26:47+00:00","mainEntityOfPage":{"@id":"https:\/\/buletin.de\/bucuresti\/cercetat-pentru-ca-l-ar-fi-protejat-pe-georgescu\/"},"wordCount":412,"publisher":{"@id":"https:\/\/buletin.de\/bucuresti\/#organization"},"image":{"@id":"https:\/\/buletin.de\/bucuresti\/cercetat-pentru-ca-l-ar-fi-protejat-pe-georgescu\/#primaryimage"},"thumbnailUrl":"https:\/\/buletin.de\/bucuresti\/wp-content\/uploads\/2025\/03\/mitinggeorgescu_INQUAM_Photos_Adriana_Neagoe.jpg","keywords":["calin georgescu","georgescu","politisti anchetati","politisti cercetat"],"articleSection":["Articole","Eveniment","\u0218tiri"],"inLanguage":"en-GB","copyrightYear":"2025","copyrightHolder":{"@id":"https:\/\/buletin.de\/bucuresti\/#organization"}},{"@type":"WebPage","@id":"https:\/\/buletin.de\/bucuresti\/cercetat-pentru-ca-l-ar-fi-protejat-pe-georgescu\/","url":"https:\/\/buletin.de\/bucuresti\/cercetat-pentru-ca-l-ar-fi-protejat-pe-georgescu\/","name":"Un poli\u021bist din Bucure\u0219ti este cercetat pentru c\u0103 l-ar fi protejat pe Georgescu la mitingul din 1 martie - Buletin de Bucure\u0219ti","isPartOf":{"@id":"https:\/\/buletin.de\/bucuresti\/#website"},"primaryImageOfPage":{"@id":"https:\/\/buletin.de\/bucuresti\/cercetat-pentru-ca-l-ar-fi-protejat-pe-georgescu\/#primaryimage"},"image":{"@id":"https:\/\/buletin.de\/bucuresti\/cercetat-pentru-ca-l-ar-fi-protejat-pe-georgescu\/#primaryimage"},"thumbnailUrl":"https:\/\/buletin.de\/bucuresti\/wp-content\/uploads\/2025\/03\/mitinggeorgescu_INQUAM_Photos_Adriana_Neagoe.jpg","datePublished":"2025-03-08T14:59:45+00:00","dateModified":"2025-03-08T15:26:47+00:00","description":"Un poli\u021bist din Bucure\u0219ti este cercetat disciplinar pentru c\u0103 ar fi f\u0103cut parte din dispozivitul care l-ar fi protejat pe C\u0103lin Georgescu..","breadcrumb":{"@id":"https:\/\/buletin.de\/bucuresti\/cercetat-pentru-ca-l-ar-fi-protejat-pe-georgescu\/#breadcrumb"},"inLanguage":"en-GB","potentialAction":[{"@type":"ReadAction","target":["https:\/\/buletin.de\/bucuresti\/cercetat-pentru-ca-l-ar-fi-protejat-pe-georgescu\/"]}]},{"@type":"ImageObject","inLanguage":"en-GB","@id":"https:\/\/buletin.de\/bucuresti\/cercetat-pentru-ca-l-ar-fi-protejat-pe-georgescu\/#primaryimage","url":"https:\/\/buletin.de\/bucuresti\/wp-content\/uploads\/2025\/03\/mitinggeorgescu_INQUAM_Photos_Adriana_Neagoe.jpg","contentUrl":"https:\/\/buletin.de\/bucuresti\/wp-content\/uploads\/2025\/03\/mitinggeorgescu_INQUAM_Photos_Adriana_Neagoe.jpg","width":1200,"height":800,"caption":"A participat, acum este cercetat. Foto: INQUAM_Photos_Adriana_Neagoe"},{"@type":"BreadcrumbList","@id":"https:\/\/buletin.de\/bucuresti\/cercetat-pentru-ca-l-ar-fi-protejat-pe-georgescu\/#breadcrumb","itemListElement":[{"@type":"ListItem","position":1,"name":"Acas\u0103","item":"https:\/\/buletin.de\/bucuresti\/"},{"@type":"ListItem","position":2,"name":"Un poli\u021bist din Bucure\u0219ti este cercetat pentru c\u0103 l-ar fi protejat pe Georgescu la mitingul din 1 martie"}]},{"@type":"WebSite","@id":"https:\/\/buletin.de\/bucuresti\/#website","url":"https:\/\/buletin.de\/bucuresti\/","name":"Buletin de Bucure\u0219ti","description":"\u0218tiri \u0219i investiga\u021bii esen\u021biale din capital\u0103","publisher":{"@id":"https:\/\/buletin.de\/bucuresti\/#organization"},"potentialAction":[{"@type":"SearchAction","target":{"@type":"EntryPoint","urlTemplate":"https:\/\/buletin.de\/bucuresti\/?s={search_term_string}"},"query-input":{"@type":"PropertyValueSpecification","valueRequired":true,"valueName":"search_term_string"}}],"inLanguage":"en-GB"},{"@type":"Organization","@id":"https:\/\/buletin.de\/bucuresti\/#organization","name":"Buletin de Bucure\u0219ti","url":"https:\/\/buletin.de\/bucuresti\/","logo":{"@type":"ImageObject","inLanguage":"en-GB","@id":"https:\/\/buletin.de\/bucuresti\/#\/schema\/logo\/image\/","url":"https:\/\/buletin.de\/bucuresti\/wp-content\/uploads\/logo-bdb-full-wide-vernil-transparent.png","contentUrl":"https:\/\/buletin.de\/bucuresti\/wp-content\/uploads\/logo-bdb-full-wide-vernil-transparent.png","width":1782,"height":626,"caption":"Buletin de Bucure\u0219ti"},"image":{"@id":"https:\/\/buletin.de\/bucuresti\/#\/schema\/logo\/image\/"},"sameAs":["https:\/\/www.facebook.com\/buletin.de.buc","https:\/\/www.instagram.com\/buletinde.bucuresti\/"]},{"@type":"Person","@id":"https:\/\/buletin.de\/bucuresti\/#\/schema\/person\/2bbcf854e5f2419a13804af574d06ab1","name":"Redac\u021bia Buletin de Bucure\u0219ti","image":{"@type":"ImageObject","inLanguage":"en-GB","@id":"https:\/\/secure.gravatar.com\/avatar\/18c5342381ed1a08620e6280424e3e5efc958618f5d67c522c9e44c1bc6f9226?s=96&d=monsterid&r=g60c7cd0ad92c68c049fcd4bb3504d609","url":"https:\/\/secure.gravatar.com\/avatar\/18c5342381ed1a08620e6280424e3e5efc958618f5d67c522c9e44c1bc6f9226?s=96&d=monsterid&r=g","contentUrl":"https:\/\/secure.gravatar.com\/avatar\/18c5342381ed1a08620e6280424e3e5efc958618f5d67c522c9e44c1bc6f9226?s=96&d=monsterid&r=g","caption":"Redac\u021bia Buletin de Bucure\u0219ti"},"description":"Buletin de Bucure\u0219ti exist\u0103 din vara anului 2019.","url":"https:\/\/buletin.de\/bucuresti\/author\/adminbuletin\/"}]}},"authors":[{"term_id":22583,"user_id":1,"is_guest":0,"slug":"adminbuletin","display_name":"Redac\u021bia Buletin de Bucure\u0219ti","avatar_url":"https:\/\/secure.gravatar.com\/avatar\/18c5342381ed1a08620e6280424e3e5efc958618f5d67c522c9e44c1bc6f9226?s=96&d=monsterid&r=g","0":null,"1":"","2":"","3":"","4":"","5":"","6":"","7":"","8":""}],"_links":{"self":[{"href":"https:\/\/buletin.de\/bucuresti\/wp-json\/wp\/v2\/posts\/121732","targetHints":{"allow":["GET"]}}],"collection":[{"href":"https:\/\/buletin.de\/bucuresti\/wp-json\/wp\/v2\/posts"}],"about":[{"href":"https:\/\/buletin.de\/bucuresti\/wp-json\/wp\/v2\/types\/post"}],"author":[{"embeddable":true,"href":"https:\/\/buletin.de\/bucuresti\/wp-json\/wp\/v2\/users\/1"}],"replies":[{"embeddable":true,"href":"https:\/\/buletin.de\/bucuresti\/wp-json\/wp\/v2\/comments?post=121732"}],"version-history":[{"count":5,"href":"https:\/\/buletin.de\/bucuresti\/wp-json\/wp\/v2\/posts\/121732\/revisions"}],"predecessor-version":[{"id":121741,"href":"https:\/\/buletin.de\/bucuresti\/wp-json\/wp\/v2\/posts\/121732\/revisions\/121741"}],"wp:featuredmedia":[{"embeddable":true,"href":"https:\/\/buletin.de\/bucuresti\/wp-json\/wp\/v2\/media\/121734"}],"wp:attachment":[{"href":"https:\/\/buletin.de\/bucuresti\/wp-json\/wp\/v2\/media?parent=121732"}],"wp:term":[{"taxonomy":"category","embeddable":true,"href":"https:\/\/buletin.de\/bucuresti\/wp-json\/wp\/v2\/categories?post=121732"},{"taxonomy":"post_tag","embeddable":true,"href":"https:\/\/buletin.de\/bucuresti\/wp-json\/wp\/v2\/tags?post=121732"},{"taxonomy":"author","embeddable":true,"href":"https:\/\/buletin.de\/bucuresti\/wp-json\/wp\/v2\/ppma_author?post=121732"}],"curies":[{"name":"wp","href":"https:\/\/api.w.org\/{rel}","templated":true}]}}