{"id":12170,"date":"2020-09-20T09:18:51","date_gmt":"2020-09-20T06:18:51","guid":{"rendered":"https:\/\/buletin.de\/bucuresti\/?p=12170"},"modified":"2020-09-20T09:21:46","modified_gmt":"2020-09-20T06:21:46","slug":"scolile-din-capitala-care-gazduiesc-sectii-de-votare-vor-face-cursurile-online-in-perioada-24-29-septembrie","status":"publish","type":"post","link":"https:\/\/buletin.de\/bucuresti\/scolile-din-capitala-care-gazduiesc-sectii-de-votare-vor-face-cursurile-online-in-perioada-24-29-septembrie\/","title":{"rendered":"\u0218colile din Capital\u0103 care g\u0103zduiesc sec\u021bii de votare vor face cursurile online \u00een perioada 24 &#8211; 29 septembrie"},"content":{"rendered":"\n<p>Comitetul Municipiului Bucure\u0219ti pentru Situa\u021bii de Urgen\u021b\u0103 a anun\u021bat vineri c\u0103 timp de 4 zile, \u00een perioada 24-29 septembrie, \u0219colile care g\u0103zduiesc sec\u021bii de votare vor face cursurile integral online. Aceste m\u0103suri vin pentru a preveni \u0219i combate r\u0103sp\u00e2ndirea COVID19. <\/p>\n\n\n\n<blockquote class=\"wp-block-quote is-layout-flow wp-block-quote-is-layout-flow\"><p>\u021ain\u00e2nd cont de situa\u021bia special\u0103 \u00een care se desf\u0103\u0219oar\u0103 alegerile locale din anul 2020, c\u00e2t \u0219i prevederile din Legea nr. 55\/2020 privind m\u0103surile stabilite pentru prevenirea \u0219i combaterea efectelor pandemiei de COVID-19, Comitetul Municipiului Bucure\u0219ti pentru Situa\u021bii de Urgen\u021b\u0103 a aprobat suspendarea cursurilor \u00een zilele de 24.09.2020, 25.09.2020, 26.09.2020 respectiv, 28.09.2020, 29.09.2020, pentru unit\u0103\u021bile de \u00eenv\u0103\u021b\u0103m\u00e2nt din Municipiului Bucure\u0219ti ce g\u0103zduiesc sec\u021bii de votare.<\/p><cite>Se arat\u0103 \u00een comunicatul de pres\u0103 al Prefecturii Bucure\u0219ti <\/cite><\/blockquote>\n\n\n\n<p>Surs\u0103 Foto: Dan Tudorache\/Facebook<\/p>\n","protected":false},"excerpt":{"rendered":"<p>Comitetul Municipiului Bucure\u0219ti pentru Situa\u021bii de Urgen\u021b\u0103 a anun\u021bat vineri c\u0103 timp de 4 zile, \u00een perioada 24-29 septembrie, \u0219colile care g\u0103zduiesc sec\u021bii de votare vor face cursurile integral online. Aceste m\u0103suri vin pentru a preveni \u0219i combate r\u0103sp\u00e2ndirea COVID19. \u021ain\u00e2nd cont de situa\u021bia special\u0103 \u00een care se desf\u0103\u0219oar\u0103 alegerile locale din anul 2020, c\u00e2t [&hellip;]<\/p>\n","protected":false},"author":17,"featured_media":12171,"comment_status":"closed","ping_status":"open","sticky":false,"template":"","format":"standard","meta":{"_acf_changed":false,"inline_featured_image":false,"ngg_post_thumbnail":0,"footnotes":""},"categories":[996,1113],"tags":[1356,1008],"ppma_author":[22576],"class_list":["post-12170","post","type-post","status-publish","format-standard","has-post-thumbnail","hentry","category-covid-19","category-locale-2020","tag-locale-2020","tag-scoala-online"],"acf":[],"yoast_head":"<!-- This site is optimized with the Yoast SEO Premium plugin v25.3 (Yoast SEO v27.4) - https:\/\/yoast.com\/product\/yoast-seo-premium-wordpress\/ -->\n<title>\u0218colile din Capital\u0103 care g\u0103zduiesc sec\u021bii de votare vor face cursurile online \u00een perioada 24 - 29 septembrie - Buletin de Bucure\u0219ti<\/title>\n<meta name=\"robots\" content=\"index, follow, max-snippet:-1, max-image-preview:large, max-video-preview:-1\" \/>\n<link rel=\"canonical\" href=\"https:\/\/buletin.de\/bucuresti\/scolile-din-capitala-care-gazduiesc-sectii-de-votare-vor-face-cursurile-online-in-perioada-24-29-septembrie\/\" \/>\n<meta property=\"og:locale\" content=\"en_GB\" \/>\n<meta property=\"og:type\" content=\"article\" \/>\n<meta property=\"og:title\" content=\"\u0218colile din Capital\u0103 care g\u0103zduiesc sec\u021bii de votare vor face cursurile online \u00een perioada 24 - 29 septembrie\" \/>\n<meta property=\"og:description\" content=\"Comitetul Municipiului Bucure\u0219ti pentru Situa\u021bii de Urgen\u021b\u0103 a anun\u021bat vineri c\u0103 timp de 4 zile, \u00een perioada 24-29 septembrie, \u0219colile care g\u0103zduiesc sec\u021bii de votare vor face cursurile integral online. Aceste m\u0103suri vin pentru a preveni \u0219i combate r\u0103sp\u00e2ndirea COVID19. \u021ain\u00e2nd cont de situa\u021bia special\u0103 \u00een care se desf\u0103\u0219oar\u0103 alegerile locale din anul 2020, c\u00e2t [&hellip;]\" \/>\n<meta property=\"og:url\" content=\"https:\/\/buletin.de\/bucuresti\/scolile-din-capitala-care-gazduiesc-sectii-de-votare-vor-face-cursurile-online-in-perioada-24-29-septembrie\/\" \/>\n<meta property=\"og:site_name\" content=\"Buletin de Bucure\u0219ti\" \/>\n<meta property=\"article:publisher\" content=\"https:\/\/www.facebook.com\/buletin.de.buc\" \/>\n<meta property=\"article:published_time\" content=\"2020-09-20T06:18:51+00:00\" \/>\n<meta property=\"article:modified_time\" content=\"2020-09-20T06:21:46+00:00\" \/>\n<meta property=\"og:image\" content=\"https:\/\/buletin.de\/bucuresti\/wp-content\/uploads\/IMG_20200825_223555.jpg\" \/>\n\t<meta property=\"og:image:width\" content=\"1440\" \/>\n\t<meta property=\"og:image:height\" content=\"958\" \/>\n\t<meta property=\"og:image:type\" content=\"image\/jpeg\" \/>\n<meta name=\"author\" content=\"Florin R\u00e2\u0219teiu\" \/>\n<meta name=\"twitter:card\" content=\"summary_large_image\" \/>\n<meta name=\"twitter:label1\" content=\"Written by\" \/>\n\t<meta name=\"twitter:data1\" content=\"Florin R\u00e2\u0219teiu\" \/>\n\t<meta name=\"twitter:label2\" content=\"Estimated reading time\" \/>\n\t<meta name=\"twitter:data2\" content=\"1 minute\" \/>\n<script type=\"application\/ld+json\" class=\"yoast-schema-graph\">{\"@context\":\"https:\\\/\\\/schema.org\",\"@graph\":[{\"@type\":\"Article\",\"@id\":\"https:\\\/\\\/buletin.de\\\/bucuresti\\\/scolile-din-capitala-care-gazduiesc-sectii-de-votare-vor-face-cursurile-online-in-perioada-24-29-septembrie\\\/#article\",\"isPartOf\":{\"@id\":\"https:\\\/\\\/buletin.de\\\/bucuresti\\\/scolile-din-capitala-care-gazduiesc-sectii-de-votare-vor-face-cursurile-online-in-perioada-24-29-septembrie\\\/\"},\"author\":{\"name\":\"Florin R\u00e2\u0219teiu\",\"@id\":\"https:\\\/\\\/buletin.de\\\/bucuresti\\\/#\\\/schema\\\/person\\\/b0686d7a8b666c6afc78239777fd8a89\"},\"headline\":\"\u0218colile din Capital\u0103 care g\u0103zduiesc sec\u021bii de votare vor face cursurile online \u00een perioada 24 &#8211; 29 septembrie\",\"datePublished\":\"2020-09-20T06:18:51+00:00\",\"dateModified\":\"2020-09-20T06:21:46+00:00\",\"mainEntityOfPage\":{\"@id\":\"https:\\\/\\\/buletin.de\\\/bucuresti\\\/scolile-din-capitala-care-gazduiesc-sectii-de-votare-vor-face-cursurile-online-in-perioada-24-29-septembrie\\\/\"},\"wordCount\":150,\"publisher\":{\"@id\":\"https:\\\/\\\/buletin.de\\\/bucuresti\\\/#organization\"},\"image\":{\"@id\":\"https:\\\/\\\/buletin.de\\\/bucuresti\\\/scolile-din-capitala-care-gazduiesc-sectii-de-votare-vor-face-cursurile-online-in-perioada-24-29-septembrie\\\/#primaryimage\"},\"thumbnailUrl\":\"https:\\\/\\\/buletin.de\\\/bucuresti\\\/wp-content\\\/uploads\\\/IMG_20200825_223555.jpg\",\"keywords\":[\"locale 2020\",\"scoala online\"],\"articleSection\":[\"Covid-19\",\"Locale 2020\"],\"inLanguage\":\"en-GB\",\"copyrightYear\":\"2020\",\"copyrightHolder\":{\"@id\":\"https:\\\/\\\/buletin.de\\\/bucuresti\\\/#organization\"}},{\"@type\":\"WebPage\",\"@id\":\"https:\\\/\\\/buletin.de\\\/bucuresti\\\/scolile-din-capitala-care-gazduiesc-sectii-de-votare-vor-face-cursurile-online-in-perioada-24-29-septembrie\\\/\",\"url\":\"https:\\\/\\\/buletin.de\\\/bucuresti\\\/scolile-din-capitala-care-gazduiesc-sectii-de-votare-vor-face-cursurile-online-in-perioada-24-29-septembrie\\\/\",\"name\":\"\u0218colile din Capital\u0103 care g\u0103zduiesc sec\u021bii de votare vor face cursurile online \u00een perioada 24 - 29 septembrie - Buletin de Bucure\u0219ti\",\"isPartOf\":{\"@id\":\"https:\\\/\\\/buletin.de\\\/bucuresti\\\/#website\"},\"primaryImageOfPage\":{\"@id\":\"https:\\\/\\\/buletin.de\\\/bucuresti\\\/scolile-din-capitala-care-gazduiesc-sectii-de-votare-vor-face-cursurile-online-in-perioada-24-29-septembrie\\\/#primaryimage\"},\"image\":{\"@id\":\"https:\\\/\\\/buletin.de\\\/bucuresti\\\/scolile-din-capitala-care-gazduiesc-sectii-de-votare-vor-face-cursurile-online-in-perioada-24-29-septembrie\\\/#primaryimage\"},\"thumbnailUrl\":\"https:\\\/\\\/buletin.de\\\/bucuresti\\\/wp-content\\\/uploads\\\/IMG_20200825_223555.jpg\",\"datePublished\":\"2020-09-20T06:18:51+00:00\",\"dateModified\":\"2020-09-20T06:21:46+00:00\",\"breadcrumb\":{\"@id\":\"https:\\\/\\\/buletin.de\\\/bucuresti\\\/scolile-din-capitala-care-gazduiesc-sectii-de-votare-vor-face-cursurile-online-in-perioada-24-29-septembrie\\\/#breadcrumb\"},\"inLanguage\":\"en-GB\",\"potentialAction\":[{\"@type\":\"ReadAction\",\"target\":[\"https:\\\/\\\/buletin.de\\\/bucuresti\\\/scolile-din-capitala-care-gazduiesc-sectii-de-votare-vor-face-cursurile-online-in-perioada-24-29-septembrie\\\/\"]}]},{\"@type\":\"ImageObject\",\"inLanguage\":\"en-GB\",\"@id\":\"https:\\\/\\\/buletin.de\\\/bucuresti\\\/scolile-din-capitala-care-gazduiesc-sectii-de-votare-vor-face-cursurile-online-in-perioada-24-29-septembrie\\\/#primaryimage\",\"url\":\"https:\\\/\\\/buletin.de\\\/bucuresti\\\/wp-content\\\/uploads\\\/IMG_20200825_223555.jpg\",\"contentUrl\":\"https:\\\/\\\/buletin.de\\\/bucuresti\\\/wp-content\\\/uploads\\\/IMG_20200825_223555.jpg\",\"width\":1440,\"height\":958},{\"@type\":\"BreadcrumbList\",\"@id\":\"https:\\\/\\\/buletin.de\\\/bucuresti\\\/scolile-din-capitala-care-gazduiesc-sectii-de-votare-vor-face-cursurile-online-in-perioada-24-29-septembrie\\\/#breadcrumb\",\"itemListElement\":[{\"@type\":\"ListItem\",\"position\":1,\"name\":\"Acas\u0103\",\"item\":\"https:\\\/\\\/buletin.de\\\/bucuresti\\\/\"},{\"@type\":\"ListItem\",\"position\":2,\"name\":\"\u0218colile din Capital\u0103 care g\u0103zduiesc sec\u021bii de votare vor face cursurile online \u00een perioada 24 &#8211; 29 septembrie\"}]},{\"@type\":\"WebSite\",\"@id\":\"https:\\\/\\\/buletin.de\\\/bucuresti\\\/#website\",\"url\":\"https:\\\/\\\/buletin.de\\\/bucuresti\\\/\",\"name\":\"Buletin de Bucure\u0219ti\",\"description\":\"\u0218tiri \u0219i investiga\u021bii esen\u021biale din capital\u0103\",\"publisher\":{\"@id\":\"https:\\\/\\\/buletin.de\\\/bucuresti\\\/#organization\"},\"potentialAction\":[{\"@type\":\"SearchAction\",\"target\":{\"@type\":\"EntryPoint\",\"urlTemplate\":\"https:\\\/\\\/buletin.de\\\/bucuresti\\\/?s={search_term_string}\"},\"query-input\":{\"@type\":\"PropertyValueSpecification\",\"valueRequired\":true,\"valueName\":\"search_term_string\"}}],\"inLanguage\":\"en-GB\"},{\"@type\":\"Organization\",\"@id\":\"https:\\\/\\\/buletin.de\\\/bucuresti\\\/#organization\",\"name\":\"Buletin de Bucure\u0219ti\",\"url\":\"https:\\\/\\\/buletin.de\\\/bucuresti\\\/\",\"logo\":{\"@type\":\"ImageObject\",\"inLanguage\":\"en-GB\",\"@id\":\"https:\\\/\\\/buletin.de\\\/bucuresti\\\/#\\\/schema\\\/logo\\\/image\\\/\",\"url\":\"https:\\\/\\\/buletin.de\\\/bucuresti\\\/wp-content\\\/uploads\\\/logo-bdb-full-wide-vernil-transparent.png\",\"contentUrl\":\"https:\\\/\\\/buletin.de\\\/bucuresti\\\/wp-content\\\/uploads\\\/logo-bdb-full-wide-vernil-transparent.png\",\"width\":1782,\"height\":626,\"caption\":\"Buletin de Bucure\u0219ti\"},\"image\":{\"@id\":\"https:\\\/\\\/buletin.de\\\/bucuresti\\\/#\\\/schema\\\/logo\\\/image\\\/\"},\"sameAs\":[\"https:\\\/\\\/www.facebook.com\\\/buletin.de.buc\",\"https:\\\/\\\/www.instagram.com\\\/buletinde.bucuresti\\\/\"]},{\"@type\":\"Person\",\"@id\":\"https:\\\/\\\/buletin.de\\\/bucuresti\\\/#\\\/schema\\\/person\\\/b0686d7a8b666c6afc78239777fd8a89\",\"name\":\"Florin R\u00e2\u0219teiu\",\"image\":{\"@type\":\"ImageObject\",\"inLanguage\":\"en-GB\",\"@id\":\"https:\\\/\\\/buletin.de\\\/bucuresti\\\/wp-content\\\/uploads\\\/Florin-Rasteiu-96x96.jpgf0a6fe28453aa12f0a60e4d0a2e3a78c\",\"url\":\"https:\\\/\\\/buletin.de\\\/bucuresti\\\/wp-content\\\/uploads\\\/Florin-Rasteiu-96x96.jpg\",\"contentUrl\":\"https:\\\/\\\/buletin.de\\\/bucuresti\\\/wp-content\\\/uploads\\\/Florin-Rasteiu-96x96.jpg\",\"caption\":\"Florin R\u00e2\u0219teiu\"},\"description\":\"Jurnalist de investiga\u021bie. Lucreaz\u0103 de aproape 6 ani la Buletin de Bucure\u0219ti, unde a publicat articole care scot la suprafa\u021b\u0103 corup\u021bia din Capital\u0103. Analizeaz\u0103 baze de date zilnic \u0219i scoate pove\u0219ti din exceluri pline de cifre. Pune reflectorul pe adev\u0103r cu fiecare ocazie. A c\u00e2\u0219tigat premiul I la categoria Pres\u0103 Local\u0103 \u00een 2025 \u0219i locul al II-lea la aceea\u0219i categorie \u00een 2024 \u00een cadrul Premiilor Superscrieri pentru jurnalism independent.\",\"url\":\"https:\\\/\\\/buletin.de\\\/bucuresti\\\/author\\\/florinrasteiu\\\/\"}]}<\/script>\n<!-- \/ Yoast SEO Premium plugin. -->","yoast_head_json":{"title":"\u0218colile din Capital\u0103 care g\u0103zduiesc sec\u021bii de votare vor face cursurile online \u00een perioada 24 - 29 septembrie - Buletin de Bucure\u0219ti","robots":{"index":"index","follow":"follow","max-snippet":"max-snippet:-1","max-image-preview":"max-image-preview:large","max-video-preview":"max-video-preview:-1"},"canonical":"https:\/\/buletin.de\/bucuresti\/scolile-din-capitala-care-gazduiesc-sectii-de-votare-vor-face-cursurile-online-in-perioada-24-29-septembrie\/","og_locale":"en_GB","og_type":"article","og_title":"\u0218colile din Capital\u0103 care g\u0103zduiesc sec\u021bii de votare vor face cursurile online \u00een perioada 24 - 29 septembrie","og_description":"Comitetul Municipiului Bucure\u0219ti pentru Situa\u021bii de Urgen\u021b\u0103 a anun\u021bat vineri c\u0103 timp de 4 zile, \u00een perioada 24-29 septembrie, \u0219colile care g\u0103zduiesc sec\u021bii de votare vor face cursurile integral online. Aceste m\u0103suri vin pentru a preveni \u0219i combate r\u0103sp\u00e2ndirea COVID19. \u021ain\u00e2nd cont de situa\u021bia special\u0103 \u00een care se desf\u0103\u0219oar\u0103 alegerile locale din anul 2020, c\u00e2t [&hellip;]","og_url":"https:\/\/buletin.de\/bucuresti\/scolile-din-capitala-care-gazduiesc-sectii-de-votare-vor-face-cursurile-online-in-perioada-24-29-septembrie\/","og_site_name":"Buletin de Bucure\u0219ti","article_publisher":"https:\/\/www.facebook.com\/buletin.de.buc","article_published_time":"2020-09-20T06:18:51+00:00","article_modified_time":"2020-09-20T06:21:46+00:00","og_image":[{"width":1440,"height":958,"url":"https:\/\/buletin.de\/bucuresti\/wp-content\/uploads\/IMG_20200825_223555.jpg","type":"image\/jpeg"}],"author":"Florin R\u00e2\u0219teiu","twitter_card":"summary_large_image","twitter_misc":{"Written by":"Florin R\u00e2\u0219teiu","Estimated reading time":"1 minute"},"schema":{"@context":"https:\/\/schema.org","@graph":[{"@type":"Article","@id":"https:\/\/buletin.de\/bucuresti\/scolile-din-capitala-care-gazduiesc-sectii-de-votare-vor-face-cursurile-online-in-perioada-24-29-septembrie\/#article","isPartOf":{"@id":"https:\/\/buletin.de\/bucuresti\/scolile-din-capitala-care-gazduiesc-sectii-de-votare-vor-face-cursurile-online-in-perioada-24-29-septembrie\/"},"author":{"name":"Florin R\u00e2\u0219teiu","@id":"https:\/\/buletin.de\/bucuresti\/#\/schema\/person\/b0686d7a8b666c6afc78239777fd8a89"},"headline":"\u0218colile din Capital\u0103 care g\u0103zduiesc sec\u021bii de votare vor face cursurile online \u00een perioada 24 &#8211; 29 septembrie","datePublished":"2020-09-20T06:18:51+00:00","dateModified":"2020-09-20T06:21:46+00:00","mainEntityOfPage":{"@id":"https:\/\/buletin.de\/bucuresti\/scolile-din-capitala-care-gazduiesc-sectii-de-votare-vor-face-cursurile-online-in-perioada-24-29-septembrie\/"},"wordCount":150,"publisher":{"@id":"https:\/\/buletin.de\/bucuresti\/#organization"},"image":{"@id":"https:\/\/buletin.de\/bucuresti\/scolile-din-capitala-care-gazduiesc-sectii-de-votare-vor-face-cursurile-online-in-perioada-24-29-septembrie\/#primaryimage"},"thumbnailUrl":"https:\/\/buletin.de\/bucuresti\/wp-content\/uploads\/IMG_20200825_223555.jpg","keywords":["locale 2020","scoala online"],"articleSection":["Covid-19","Locale 2020"],"inLanguage":"en-GB","copyrightYear":"2020","copyrightHolder":{"@id":"https:\/\/buletin.de\/bucuresti\/#organization"}},{"@type":"WebPage","@id":"https:\/\/buletin.de\/bucuresti\/scolile-din-capitala-care-gazduiesc-sectii-de-votare-vor-face-cursurile-online-in-perioada-24-29-septembrie\/","url":"https:\/\/buletin.de\/bucuresti\/scolile-din-capitala-care-gazduiesc-sectii-de-votare-vor-face-cursurile-online-in-perioada-24-29-septembrie\/","name":"\u0218colile din Capital\u0103 care g\u0103zduiesc sec\u021bii de votare vor face cursurile online \u00een perioada 24 - 29 septembrie - Buletin de Bucure\u0219ti","isPartOf":{"@id":"https:\/\/buletin.de\/bucuresti\/#website"},"primaryImageOfPage":{"@id":"https:\/\/buletin.de\/bucuresti\/scolile-din-capitala-care-gazduiesc-sectii-de-votare-vor-face-cursurile-online-in-perioada-24-29-septembrie\/#primaryimage"},"image":{"@id":"https:\/\/buletin.de\/bucuresti\/scolile-din-capitala-care-gazduiesc-sectii-de-votare-vor-face-cursurile-online-in-perioada-24-29-septembrie\/#primaryimage"},"thumbnailUrl":"https:\/\/buletin.de\/bucuresti\/wp-content\/uploads\/IMG_20200825_223555.jpg","datePublished":"2020-09-20T06:18:51+00:00","dateModified":"2020-09-20T06:21:46+00:00","breadcrumb":{"@id":"https:\/\/buletin.de\/bucuresti\/scolile-din-capitala-care-gazduiesc-sectii-de-votare-vor-face-cursurile-online-in-perioada-24-29-septembrie\/#breadcrumb"},"inLanguage":"en-GB","potentialAction":[{"@type":"ReadAction","target":["https:\/\/buletin.de\/bucuresti\/scolile-din-capitala-care-gazduiesc-sectii-de-votare-vor-face-cursurile-online-in-perioada-24-29-septembrie\/"]}]},{"@type":"ImageObject","inLanguage":"en-GB","@id":"https:\/\/buletin.de\/bucuresti\/scolile-din-capitala-care-gazduiesc-sectii-de-votare-vor-face-cursurile-online-in-perioada-24-29-septembrie\/#primaryimage","url":"https:\/\/buletin.de\/bucuresti\/wp-content\/uploads\/IMG_20200825_223555.jpg","contentUrl":"https:\/\/buletin.de\/bucuresti\/wp-content\/uploads\/IMG_20200825_223555.jpg","width":1440,"height":958},{"@type":"BreadcrumbList","@id":"https:\/\/buletin.de\/bucuresti\/scolile-din-capitala-care-gazduiesc-sectii-de-votare-vor-face-cursurile-online-in-perioada-24-29-septembrie\/#breadcrumb","itemListElement":[{"@type":"ListItem","position":1,"name":"Acas\u0103","item":"https:\/\/buletin.de\/bucuresti\/"},{"@type":"ListItem","position":2,"name":"\u0218colile din Capital\u0103 care g\u0103zduiesc sec\u021bii de votare vor face cursurile online \u00een perioada 24 &#8211; 29 septembrie"}]},{"@type":"WebSite","@id":"https:\/\/buletin.de\/bucuresti\/#website","url":"https:\/\/buletin.de\/bucuresti\/","name":"Buletin de Bucure\u0219ti","description":"\u0218tiri \u0219i investiga\u021bii esen\u021biale din capital\u0103","publisher":{"@id":"https:\/\/buletin.de\/bucuresti\/#organization"},"potentialAction":[{"@type":"SearchAction","target":{"@type":"EntryPoint","urlTemplate":"https:\/\/buletin.de\/bucuresti\/?s={search_term_string}"},"query-input":{"@type":"PropertyValueSpecification","valueRequired":true,"valueName":"search_term_string"}}],"inLanguage":"en-GB"},{"@type":"Organization","@id":"https:\/\/buletin.de\/bucuresti\/#organization","name":"Buletin de Bucure\u0219ti","url":"https:\/\/buletin.de\/bucuresti\/","logo":{"@type":"ImageObject","inLanguage":"en-GB","@id":"https:\/\/buletin.de\/bucuresti\/#\/schema\/logo\/image\/","url":"https:\/\/buletin.de\/bucuresti\/wp-content\/uploads\/logo-bdb-full-wide-vernil-transparent.png","contentUrl":"https:\/\/buletin.de\/bucuresti\/wp-content\/uploads\/logo-bdb-full-wide-vernil-transparent.png","width":1782,"height":626,"caption":"Buletin de Bucure\u0219ti"},"image":{"@id":"https:\/\/buletin.de\/bucuresti\/#\/schema\/logo\/image\/"},"sameAs":["https:\/\/www.facebook.com\/buletin.de.buc","https:\/\/www.instagram.com\/buletinde.bucuresti\/"]},{"@type":"Person","@id":"https:\/\/buletin.de\/bucuresti\/#\/schema\/person\/b0686d7a8b666c6afc78239777fd8a89","name":"Florin R\u00e2\u0219teiu","image":{"@type":"ImageObject","inLanguage":"en-GB","@id":"https:\/\/buletin.de\/bucuresti\/wp-content\/uploads\/Florin-Rasteiu-96x96.jpgf0a6fe28453aa12f0a60e4d0a2e3a78c","url":"https:\/\/buletin.de\/bucuresti\/wp-content\/uploads\/Florin-Rasteiu-96x96.jpg","contentUrl":"https:\/\/buletin.de\/bucuresti\/wp-content\/uploads\/Florin-Rasteiu-96x96.jpg","caption":"Florin R\u00e2\u0219teiu"},"description":"Jurnalist de investiga\u021bie. Lucreaz\u0103 de aproape 6 ani la Buletin de Bucure\u0219ti, unde a publicat articole care scot la suprafa\u021b\u0103 corup\u021bia din Capital\u0103. Analizeaz\u0103 baze de date zilnic \u0219i scoate pove\u0219ti din exceluri pline de cifre. Pune reflectorul pe adev\u0103r cu fiecare ocazie. A c\u00e2\u0219tigat premiul I la categoria Pres\u0103 Local\u0103 \u00een 2025 \u0219i locul al II-lea la aceea\u0219i categorie \u00een 2024 \u00een cadrul Premiilor Superscrieri pentru jurnalism independent.","url":"https:\/\/buletin.de\/bucuresti\/author\/florinrasteiu\/"}]}},"authors":[{"term_id":22576,"user_id":17,"is_guest":0,"slug":"florinrasteiu","display_name":"Florin R\u00e2\u0219teiu","avatar_url":"https:\/\/buletin.de\/bucuresti\/wp-content\/uploads\/Florin-Rasteiu-96x96.jpg","0":null,"1":"","2":"","3":"","4":"","5":"","6":"","7":"","8":""}],"_links":{"self":[{"href":"https:\/\/buletin.de\/bucuresti\/wp-json\/wp\/v2\/posts\/12170","targetHints":{"allow":["GET"]}}],"collection":[{"href":"https:\/\/buletin.de\/bucuresti\/wp-json\/wp\/v2\/posts"}],"about":[{"href":"https:\/\/buletin.de\/bucuresti\/wp-json\/wp\/v2\/types\/post"}],"author":[{"embeddable":true,"href":"https:\/\/buletin.de\/bucuresti\/wp-json\/wp\/v2\/users\/17"}],"replies":[{"embeddable":true,"href":"https:\/\/buletin.de\/bucuresti\/wp-json\/wp\/v2\/comments?post=12170"}],"version-history":[{"count":2,"href":"https:\/\/buletin.de\/bucuresti\/wp-json\/wp\/v2\/posts\/12170\/revisions"}],"predecessor-version":[{"id":12182,"href":"https:\/\/buletin.de\/bucuresti\/wp-json\/wp\/v2\/posts\/12170\/revisions\/12182"}],"wp:featuredmedia":[{"embeddable":true,"href":"https:\/\/buletin.de\/bucuresti\/wp-json\/wp\/v2\/media\/12171"}],"wp:attachment":[{"href":"https:\/\/buletin.de\/bucuresti\/wp-json\/wp\/v2\/media?parent=12170"}],"wp:term":[{"taxonomy":"category","embeddable":true,"href":"https:\/\/buletin.de\/bucuresti\/wp-json\/wp\/v2\/categories?post=12170"},{"taxonomy":"post_tag","embeddable":true,"href":"https:\/\/buletin.de\/bucuresti\/wp-json\/wp\/v2\/tags?post=12170"},{"taxonomy":"author","embeddable":true,"href":"https:\/\/buletin.de\/bucuresti\/wp-json\/wp\/v2\/ppma_author?post=12170"}],"curies":[{"name":"wp","href":"https:\/\/api.w.org\/{rel}","templated":true}]}}