{"id":121356,"date":"2025-03-06T03:29:00","date_gmt":"2025-03-06T00:29:00","guid":{"rendered":"https:\/\/buletin.de\/bucuresti\/?p=121356"},"modified":"2025-03-06T01:37:55","modified_gmt":"2025-03-05T22:37:55","slug":"bilete-de-tren-online","status":"publish","type":"post","link":"https:\/\/buletin.de\/bucuresti\/bilete-de-tren-online\/","title":{"rendered":"Studen\u021bii vor putea cump\u0103ra, din nou,  bilete de tren online"},"content":{"rendered":"\n<p><strong>Studen\u021bii \u00ee\u0219i vor putea cump\u0103ra bilete de tren online, a anun\u021bat CFR C\u0103l\u0103tori. Ace\u0219tia vor putea utiliza din nou site-ul \u0219i aplica\u021bia CFR C\u0103l\u0103tori, dar \u0219i automatele de v\u00e2nzare kiosk, din sta\u021biile de cale ferat\u0103.<\/strong><\/p>\n\n\n\n<p>Utilizarea acestei facilit\u0103\u021bi este \u00eens\u0103 condi\u021bionat\u0103. Biletele \u0219i abonamentele cu reducere de 90% pentru studen\u021bi se emit pe distan\u021ba ori rutele dintre localitatea de domiciliu \u015fi localitatea \u00een care se afl\u0103 facultatea la care studiaz\u0103. Mai mult, pentru a putea utiliza platforma online ace\u0219tia vor avea nevoie de o legitima\u021bie de c\u0103l\u0103torie, asem\u0103n\u0103toare celei deja emise pentru elevi.<\/p>\n\n\n\n<p>Potrivit  CFR, pentru ob\u021binerea legitima\u021biei, studen\u021bii&nbsp;trebuie s\u0103 se prezinte o singur\u0103 dat\u0103, la orice cas\u0103 de bilete,&nbsp;\u00een timpul programului de lucru. Documentul de c\u0103l\u0103torie se elibereaz\u0103 \u00een baza actului de identitate \u0219i legitima\u0163iei de student pentru reducere la transport.<\/p>\n\n\n\n<p>\u00cen tren, studen\u021bii vor prezenta legitima\u021bia de c\u0103l\u0103torie cu reducere (bilet, abonament) \u0219i legitima\u0163ia de student pentru reducere la transport. <\/p>\n\n\n\n<p><strong>CITE\u0218TE \u0218I:<\/strong> <a href=\"https:\/\/buletin.de\/bucuresti\/apel-la-voluntari-pentru-ecologizarea-malului-dambovitei-pe-14-martie\/\">Apel la voluntari pentru ecologizarea malului D\u00e2mbovi\u021bei<\/a><\/p>\n\n\n\n<div class=\"wp-block-buttons is-content-justification-center is-layout-flex wp-container-core-buttons-is-layout-16018d1d wp-block-buttons-is-layout-flex\">\n<div class=\"wp-block-button has-custom-width wp-block-button__width-100\"><a class=\"wp-block-button__link wp-element-button\" href=\"https:\/\/www.patreon.com\/BuletinDeBucuresti\"><strong>Sus\u021bine Buletin de Bucure\u0219ti pentru investiga\u021bii, reportaje \u0219i \u0219tiri Locale<\/strong><\/a><\/div>\n<\/div>\n\n\n\n<h2 class=\"wp-block-heading\" id=\"h-cum-se-pot-informa-studen\u021bii\">Cum se pot informa studen\u021bii<\/h2>\n\n\n\n<p>De asemenea, pentru mai multe detalii despre reduceri studen\u021bii au la dispozi\u021bie site-ul <a href=\"http:\/\/www.cfrcalatori.ro\/\">CFR C\u0103l\u0103tori<\/a>, unde\u00a0vor g\u0103si ajutor \u00een cadrul sec\u021biunii\u00a0<em>Trafic intern\/ Facilit\u0103\u021bi\/ Reduceri pentru studen\u021bi<\/em>., pentru bilete de tren online. Mai mult, ace\u0219tia se pot adresa \u0219i personalului de la casele de bilete din sta\u021biile de cale ferat\u0103 dar \u0219i la agen\u021biile de voiaj CFR C\u0103l\u0103tori<strong>.<\/strong><\/p>\n\n\n\n<p>Informa\u021biile despre circula\u021bia trenurilor, se pot ob\u021bine \u00een urm\u0103toarele moduri:<\/p>\n\n\n\n<ul class=\"wp-block-list\">\n<li>la telefon 0219521 \u2013 INFO CFR (trafic intern).<\/li>\n\n\n\n<li>la numerele de telefon din sta\u021biile CFR publicate pe&nbsp;<a href=\"http:\/\/www.cfrcalatori.ro\/\">www.cfrcalatori.ro<\/a>&nbsp;la sec\u021biunea INFORMA\u021aII TELEFONICE \u2013&nbsp;<a href=\"https:\/\/www.cfrcalatori.ro\/informatii-telefonice\/\">https:\/\/www.cfrcalatori.ro\/informatii-telefonice\/<\/a><\/li>\n\n\n\n<li>\u00een aplica\u021bia TRENUL MEU (<a href=\"https:\/\/bilete.cfrcalatori.ro\/ro-RO\/Itineraries\">https:\/\/bilete.cfrcalatori.ro\/ro-RO\/Itineraries<\/a>), se introduce num\u0103rul exact al trenului \u00een c\u0103su\u0163a indicat\u0103 \u015fi click pe Informa\u021bii tren. Se ob\u021bin informa\u0163ii \u00een timp real despre opriri, \u00eent\u00e2rzieri, minutele de sta\u0163ionare \u00een urm\u0103toarea gar\u0103 \u015fi timpul estimat de sosire.<\/li>\n\n\n\n<li>pe site-ul companiei&nbsp;<a href=\"http:\/\/www.cfr.ro\/\">www.cfr.ro<\/a>&nbsp;sunt func\u021bionale \u0219i actualizate permanent camerele web din g\u0103rile Bucure\u0219ti Nord, Aeroport Henri Coand\u0103, Timi\u0219oara, Craiova, Bra\u0219ov, Ia\u0219i, Cluj Napoca \u0219i Constan\u021ba care indic\u0103 ora de sosire\/de plecare a trenurilor.<\/li>\n\n\n\n<li>pe site-ul&nbsp;<a href=\"http:\/\/www.cfrcalatori.ro\/\">www.cfrcalatori.ro<\/a>&nbsp;la Mers tren trafic intern.<\/li>\n\n\n\n<li>de la personalul din sta\u0163ii.<\/li>\n<\/ul>\n\n\n\n<p><strong>CITE\u0218TE \u0218I:<\/strong> <a href=\"https:\/\/buletin.de\/bucuresti\/majoritatea-bucurestenilor-se-tem-de-un-nou-cutremur-8-din-10-considera-ca-orasul-nu-este-pregatit\/\">Majoritatea bucure\u0219tenilor se tem de un nou cutremur. 8 din 10 consider\u0103 c\u0103 ora\u0219ul nu este preg\u0103tit<\/a><\/p>\n","protected":false},"excerpt":{"rendered":"<p>Studen\u021bii \u00ee\u0219i vor putea cump\u0103ra bilete de tren online, a anun\u021bat CFR C\u0103l\u0103tori. Ace\u0219tia vor putea utiliza din nou site-ul \u0219i aplica\u021bia CFR C\u0103l\u0103tori, dar \u0219i automatele de v\u00e2nzare kiosk, din sta\u021biile de cale ferat\u0103. Utilizarea acestei facilit\u0103\u021bi este \u00eens\u0103 condi\u021bionat\u0103. Biletele \u0219i abonamentele cu reducere de 90% pentru studen\u021bi se emit pe distan\u021ba ori [&hellip;]<\/p>\n","protected":false},"author":61,"featured_media":121387,"comment_status":"closed","ping_status":"open","sticky":false,"template":"","format":"standard","meta":{"_acf_changed":false,"inline_featured_image":false,"ngg_post_thumbnail":0,"footnotes":""},"categories":[6994,62,650],"tags":[12998,599,5871],"ppma_author":[22577],"class_list":["post-121356","post","type-post","status-publish","format-standard","has-post-thumbnail","hentry","category-stiri-2","category-stiri","category-transport","tag-bilete-online","tag-cfr","tag-cfr-calatori-2"],"acf":[],"yoast_head":"<!-- This site is optimized with the Yoast SEO Premium plugin v25.3 (Yoast SEO v27.4) - https:\/\/yoast.com\/product\/yoast-seo-premium-wordpress\/ -->\n<title>Studen\u021bii vor putea cump\u0103ra, din nou, bilete de tren online - Buletin de Bucure\u0219ti<\/title>\n<meta name=\"description\" content=\"Studen\u021bii \u00ee\u0219i vor putea cump\u0103ra bilete de tren online si vor putea utiliza din nou site-ul \u0219i aplica\u021bia CFR C\u0103l\u0103tori \u0219i automatele kiosk.\" \/>\n<meta name=\"robots\" content=\"index, follow, max-snippet:-1, max-image-preview:large, max-video-preview:-1\" \/>\n<link rel=\"canonical\" href=\"https:\/\/buletin.de\/bucuresti\/bilete-de-tren-online\/\" \/>\n<meta property=\"og:locale\" content=\"en_GB\" \/>\n<meta property=\"og:type\" content=\"article\" \/>\n<meta property=\"og:title\" content=\"Studen\u021bii vor putea cump\u0103ra, din nou, bilete de tren online\" \/>\n<meta property=\"og:description\" content=\"Studen\u021bii \u00ee\u0219i vor putea cump\u0103ra bilete de tren online si vor putea utiliza din nou site-ul \u0219i aplica\u021bia CFR C\u0103l\u0103tori \u0219i automatele kiosk.\" \/>\n<meta property=\"og:url\" content=\"https:\/\/buletin.de\/bucuresti\/bilete-de-tren-online\/\" \/>\n<meta property=\"og:site_name\" content=\"Buletin de Bucure\u0219ti\" \/>\n<meta property=\"article:publisher\" content=\"https:\/\/www.facebook.com\/buletin.de.buc\" \/>\n<meta property=\"article:published_time\" content=\"2025-03-06T00:29:00+00:00\" \/>\n<meta property=\"og:image\" content=\"https:\/\/buletin.de\/bucuresti\/wp-content\/uploads\/case-de-bilete-gara-1.jpeg\" \/>\n\t<meta property=\"og:image:width\" content=\"960\" \/>\n\t<meta property=\"og:image:height\" content=\"540\" \/>\n\t<meta property=\"og:image:type\" content=\"image\/jpeg\" \/>\n<meta name=\"author\" content=\"Alexandru Stan\" \/>\n<meta name=\"twitter:card\" content=\"summary_large_image\" \/>\n<meta name=\"twitter:label1\" content=\"Written by\" \/>\n\t<meta name=\"twitter:data1\" content=\"Alexandru Stan\" \/>\n\t<meta name=\"twitter:label2\" content=\"Estimated reading time\" \/>\n\t<meta name=\"twitter:data2\" content=\"2 minutes\" \/>\n<script type=\"application\/ld+json\" class=\"yoast-schema-graph\">{\"@context\":\"https:\\\/\\\/schema.org\",\"@graph\":[{\"@type\":\"Article\",\"@id\":\"https:\\\/\\\/buletin.de\\\/bucuresti\\\/bilete-de-tren-online\\\/#article\",\"isPartOf\":{\"@id\":\"https:\\\/\\\/buletin.de\\\/bucuresti\\\/bilete-de-tren-online\\\/\"},\"author\":{\"name\":\"Alexandru Stan\",\"@id\":\"https:\\\/\\\/buletin.de\\\/bucuresti\\\/#\\\/schema\\\/person\\\/104a46bbe8be6e336fecf63974383951\"},\"headline\":\"Studen\u021bii vor putea cump\u0103ra, din nou, bilete de tren online\",\"datePublished\":\"2025-03-06T00:29:00+00:00\",\"mainEntityOfPage\":{\"@id\":\"https:\\\/\\\/buletin.de\\\/bucuresti\\\/bilete-de-tren-online\\\/\"},\"wordCount\":488,\"publisher\":{\"@id\":\"https:\\\/\\\/buletin.de\\\/bucuresti\\\/#organization\"},\"image\":{\"@id\":\"https:\\\/\\\/buletin.de\\\/bucuresti\\\/bilete-de-tren-online\\\/#primaryimage\"},\"thumbnailUrl\":\"https:\\\/\\\/buletin.de\\\/bucuresti\\\/wp-content\\\/uploads\\\/case-de-bilete-gara-1.jpeg\",\"keywords\":[\"bilete online\",\"cfr\",\"CFR Calatori\"],\"articleSection\":[\"Articole\",\"\u0218tiri\",\"Transport\"],\"inLanguage\":\"en-GB\",\"copyrightYear\":\"2025\",\"copyrightHolder\":{\"@id\":\"https:\\\/\\\/buletin.de\\\/bucuresti\\\/#organization\"}},{\"@type\":\"WebPage\",\"@id\":\"https:\\\/\\\/buletin.de\\\/bucuresti\\\/bilete-de-tren-online\\\/\",\"url\":\"https:\\\/\\\/buletin.de\\\/bucuresti\\\/bilete-de-tren-online\\\/\",\"name\":\"Studen\u021bii vor putea cump\u0103ra, din nou, bilete de tren online - Buletin de Bucure\u0219ti\",\"isPartOf\":{\"@id\":\"https:\\\/\\\/buletin.de\\\/bucuresti\\\/#website\"},\"primaryImageOfPage\":{\"@id\":\"https:\\\/\\\/buletin.de\\\/bucuresti\\\/bilete-de-tren-online\\\/#primaryimage\"},\"image\":{\"@id\":\"https:\\\/\\\/buletin.de\\\/bucuresti\\\/bilete-de-tren-online\\\/#primaryimage\"},\"thumbnailUrl\":\"https:\\\/\\\/buletin.de\\\/bucuresti\\\/wp-content\\\/uploads\\\/case-de-bilete-gara-1.jpeg\",\"datePublished\":\"2025-03-06T00:29:00+00:00\",\"description\":\"Studen\u021bii \u00ee\u0219i vor putea cump\u0103ra bilete de tren online si vor putea utiliza din nou site-ul \u0219i aplica\u021bia CFR C\u0103l\u0103tori \u0219i automatele kiosk.\",\"breadcrumb\":{\"@id\":\"https:\\\/\\\/buletin.de\\\/bucuresti\\\/bilete-de-tren-online\\\/#breadcrumb\"},\"inLanguage\":\"en-GB\",\"potentialAction\":[{\"@type\":\"ReadAction\",\"target\":[\"https:\\\/\\\/buletin.de\\\/bucuresti\\\/bilete-de-tren-online\\\/\"]}]},{\"@type\":\"ImageObject\",\"inLanguage\":\"en-GB\",\"@id\":\"https:\\\/\\\/buletin.de\\\/bucuresti\\\/bilete-de-tren-online\\\/#primaryimage\",\"url\":\"https:\\\/\\\/buletin.de\\\/bucuresti\\\/wp-content\\\/uploads\\\/case-de-bilete-gara-1.jpeg\",\"contentUrl\":\"https:\\\/\\\/buletin.de\\\/bucuresti\\\/wp-content\\\/uploads\\\/case-de-bilete-gara-1.jpeg\",\"width\":960,\"height\":540,\"caption\":\"Studen\u021bii \u00ee\u0219i vor putea cump\u0103ra, din nou, bilete de tren online. FOTO: Arhiva\"},{\"@type\":\"BreadcrumbList\",\"@id\":\"https:\\\/\\\/buletin.de\\\/bucuresti\\\/bilete-de-tren-online\\\/#breadcrumb\",\"itemListElement\":[{\"@type\":\"ListItem\",\"position\":1,\"name\":\"Acas\u0103\",\"item\":\"https:\\\/\\\/buletin.de\\\/bucuresti\\\/\"},{\"@type\":\"ListItem\",\"position\":2,\"name\":\"Studen\u021bii vor putea cump\u0103ra, din nou, bilete de tren online\"}]},{\"@type\":\"WebSite\",\"@id\":\"https:\\\/\\\/buletin.de\\\/bucuresti\\\/#website\",\"url\":\"https:\\\/\\\/buletin.de\\\/bucuresti\\\/\",\"name\":\"Buletin de Bucure\u0219ti\",\"description\":\"\u0218tiri \u0219i investiga\u021bii esen\u021biale din capital\u0103\",\"publisher\":{\"@id\":\"https:\\\/\\\/buletin.de\\\/bucuresti\\\/#organization\"},\"potentialAction\":[{\"@type\":\"SearchAction\",\"target\":{\"@type\":\"EntryPoint\",\"urlTemplate\":\"https:\\\/\\\/buletin.de\\\/bucuresti\\\/?s={search_term_string}\"},\"query-input\":{\"@type\":\"PropertyValueSpecification\",\"valueRequired\":true,\"valueName\":\"search_term_string\"}}],\"inLanguage\":\"en-GB\"},{\"@type\":\"Organization\",\"@id\":\"https:\\\/\\\/buletin.de\\\/bucuresti\\\/#organization\",\"name\":\"Buletin de Bucure\u0219ti\",\"url\":\"https:\\\/\\\/buletin.de\\\/bucuresti\\\/\",\"logo\":{\"@type\":\"ImageObject\",\"inLanguage\":\"en-GB\",\"@id\":\"https:\\\/\\\/buletin.de\\\/bucuresti\\\/#\\\/schema\\\/logo\\\/image\\\/\",\"url\":\"https:\\\/\\\/buletin.de\\\/bucuresti\\\/wp-content\\\/uploads\\\/logo-bdb-full-wide-vernil-transparent.png\",\"contentUrl\":\"https:\\\/\\\/buletin.de\\\/bucuresti\\\/wp-content\\\/uploads\\\/logo-bdb-full-wide-vernil-transparent.png\",\"width\":1782,\"height\":626,\"caption\":\"Buletin de Bucure\u0219ti\"},\"image\":{\"@id\":\"https:\\\/\\\/buletin.de\\\/bucuresti\\\/#\\\/schema\\\/logo\\\/image\\\/\"},\"sameAs\":[\"https:\\\/\\\/www.facebook.com\\\/buletin.de.buc\",\"https:\\\/\\\/www.instagram.com\\\/buletinde.bucuresti\\\/\"]},{\"@type\":\"Person\",\"@id\":\"https:\\\/\\\/buletin.de\\\/bucuresti\\\/#\\\/schema\\\/person\\\/104a46bbe8be6e336fecf63974383951\",\"name\":\"Alexandru Stan\",\"image\":{\"@type\":\"ImageObject\",\"inLanguage\":\"en-GB\",\"@id\":\"https:\\\/\\\/buletin.de\\\/bucuresti\\\/wp-content\\\/uploads\\\/2025\\\/12\\\/IMG-20251216-WA0045-e1766134343668-96x96.jpgd0ca12809ae3e1d27116a2afe8926544\",\"url\":\"https:\\\/\\\/buletin.de\\\/bucuresti\\\/wp-content\\\/uploads\\\/2025\\\/12\\\/IMG-20251216-WA0045-e1766134343668-96x96.jpg\",\"contentUrl\":\"https:\\\/\\\/buletin.de\\\/bucuresti\\\/wp-content\\\/uploads\\\/2025\\\/12\\\/IMG-20251216-WA0045-e1766134343668-96x96.jpg\",\"caption\":\"Alexandru Stan\"},\"description\":\"Sunt elev la un colegiu de prestigiu din Capital\u0103 \u0219i reporter la Buletin de Bucure\u0219ti. M-am n\u0103scut \u0219i am crescut cu m\u00e2ndrie \u00een Capital\u0103, ora\u0219 al pove\u0219tilor, al tramvaiului tras de cai \u0219i al c\u0103su\u021belor cu porti\u021b\u0103 \u0219i ci\u0219mea. Prin articolele mele, m\u0103 str\u0103duiesc s\u0103 descriu cu acurate\u021be via\u021ba din Bucure\u0219ti pe ecranele cititorilor no\u0219tri \u0219i \u00eencerc totodat\u0103 s\u0103 fac accesibile subiecte de interes general tuturor, de la mic la mare.\",\"url\":\"https:\\\/\\\/buletin.de\\\/bucuresti\\\/author\\\/alexandru-stan\\\/\"}]}<\/script>\n<!-- \/ Yoast SEO Premium plugin. -->","yoast_head_json":{"title":"Studen\u021bii vor putea cump\u0103ra, din nou, bilete de tren online - Buletin de Bucure\u0219ti","description":"Studen\u021bii \u00ee\u0219i vor putea cump\u0103ra bilete de tren online si vor putea utiliza din nou site-ul \u0219i aplica\u021bia CFR C\u0103l\u0103tori \u0219i automatele kiosk.","robots":{"index":"index","follow":"follow","max-snippet":"max-snippet:-1","max-image-preview":"max-image-preview:large","max-video-preview":"max-video-preview:-1"},"canonical":"https:\/\/buletin.de\/bucuresti\/bilete-de-tren-online\/","og_locale":"en_GB","og_type":"article","og_title":"Studen\u021bii vor putea cump\u0103ra, din nou, bilete de tren online","og_description":"Studen\u021bii \u00ee\u0219i vor putea cump\u0103ra bilete de tren online si vor putea utiliza din nou site-ul \u0219i aplica\u021bia CFR C\u0103l\u0103tori \u0219i automatele kiosk.","og_url":"https:\/\/buletin.de\/bucuresti\/bilete-de-tren-online\/","og_site_name":"Buletin de Bucure\u0219ti","article_publisher":"https:\/\/www.facebook.com\/buletin.de.buc","article_published_time":"2025-03-06T00:29:00+00:00","og_image":[{"width":960,"height":540,"url":"https:\/\/buletin.de\/bucuresti\/wp-content\/uploads\/case-de-bilete-gara-1.jpeg","type":"image\/jpeg"}],"author":"Alexandru Stan","twitter_card":"summary_large_image","twitter_misc":{"Written by":"Alexandru Stan","Estimated reading time":"2 minutes"},"schema":{"@context":"https:\/\/schema.org","@graph":[{"@type":"Article","@id":"https:\/\/buletin.de\/bucuresti\/bilete-de-tren-online\/#article","isPartOf":{"@id":"https:\/\/buletin.de\/bucuresti\/bilete-de-tren-online\/"},"author":{"name":"Alexandru Stan","@id":"https:\/\/buletin.de\/bucuresti\/#\/schema\/person\/104a46bbe8be6e336fecf63974383951"},"headline":"Studen\u021bii vor putea cump\u0103ra, din nou, bilete de tren online","datePublished":"2025-03-06T00:29:00+00:00","mainEntityOfPage":{"@id":"https:\/\/buletin.de\/bucuresti\/bilete-de-tren-online\/"},"wordCount":488,"publisher":{"@id":"https:\/\/buletin.de\/bucuresti\/#organization"},"image":{"@id":"https:\/\/buletin.de\/bucuresti\/bilete-de-tren-online\/#primaryimage"},"thumbnailUrl":"https:\/\/buletin.de\/bucuresti\/wp-content\/uploads\/case-de-bilete-gara-1.jpeg","keywords":["bilete online","cfr","CFR Calatori"],"articleSection":["Articole","\u0218tiri","Transport"],"inLanguage":"en-GB","copyrightYear":"2025","copyrightHolder":{"@id":"https:\/\/buletin.de\/bucuresti\/#organization"}},{"@type":"WebPage","@id":"https:\/\/buletin.de\/bucuresti\/bilete-de-tren-online\/","url":"https:\/\/buletin.de\/bucuresti\/bilete-de-tren-online\/","name":"Studen\u021bii vor putea cump\u0103ra, din nou, bilete de tren online - Buletin de Bucure\u0219ti","isPartOf":{"@id":"https:\/\/buletin.de\/bucuresti\/#website"},"primaryImageOfPage":{"@id":"https:\/\/buletin.de\/bucuresti\/bilete-de-tren-online\/#primaryimage"},"image":{"@id":"https:\/\/buletin.de\/bucuresti\/bilete-de-tren-online\/#primaryimage"},"thumbnailUrl":"https:\/\/buletin.de\/bucuresti\/wp-content\/uploads\/case-de-bilete-gara-1.jpeg","datePublished":"2025-03-06T00:29:00+00:00","description":"Studen\u021bii \u00ee\u0219i vor putea cump\u0103ra bilete de tren online si vor putea utiliza din nou site-ul \u0219i aplica\u021bia CFR C\u0103l\u0103tori \u0219i automatele kiosk.","breadcrumb":{"@id":"https:\/\/buletin.de\/bucuresti\/bilete-de-tren-online\/#breadcrumb"},"inLanguage":"en-GB","potentialAction":[{"@type":"ReadAction","target":["https:\/\/buletin.de\/bucuresti\/bilete-de-tren-online\/"]}]},{"@type":"ImageObject","inLanguage":"en-GB","@id":"https:\/\/buletin.de\/bucuresti\/bilete-de-tren-online\/#primaryimage","url":"https:\/\/buletin.de\/bucuresti\/wp-content\/uploads\/case-de-bilete-gara-1.jpeg","contentUrl":"https:\/\/buletin.de\/bucuresti\/wp-content\/uploads\/case-de-bilete-gara-1.jpeg","width":960,"height":540,"caption":"Studen\u021bii \u00ee\u0219i vor putea cump\u0103ra, din nou, bilete de tren online. FOTO: Arhiva"},{"@type":"BreadcrumbList","@id":"https:\/\/buletin.de\/bucuresti\/bilete-de-tren-online\/#breadcrumb","itemListElement":[{"@type":"ListItem","position":1,"name":"Acas\u0103","item":"https:\/\/buletin.de\/bucuresti\/"},{"@type":"ListItem","position":2,"name":"Studen\u021bii vor putea cump\u0103ra, din nou, bilete de tren online"}]},{"@type":"WebSite","@id":"https:\/\/buletin.de\/bucuresti\/#website","url":"https:\/\/buletin.de\/bucuresti\/","name":"Buletin de Bucure\u0219ti","description":"\u0218tiri \u0219i investiga\u021bii esen\u021biale din capital\u0103","publisher":{"@id":"https:\/\/buletin.de\/bucuresti\/#organization"},"potentialAction":[{"@type":"SearchAction","target":{"@type":"EntryPoint","urlTemplate":"https:\/\/buletin.de\/bucuresti\/?s={search_term_string}"},"query-input":{"@type":"PropertyValueSpecification","valueRequired":true,"valueName":"search_term_string"}}],"inLanguage":"en-GB"},{"@type":"Organization","@id":"https:\/\/buletin.de\/bucuresti\/#organization","name":"Buletin de Bucure\u0219ti","url":"https:\/\/buletin.de\/bucuresti\/","logo":{"@type":"ImageObject","inLanguage":"en-GB","@id":"https:\/\/buletin.de\/bucuresti\/#\/schema\/logo\/image\/","url":"https:\/\/buletin.de\/bucuresti\/wp-content\/uploads\/logo-bdb-full-wide-vernil-transparent.png","contentUrl":"https:\/\/buletin.de\/bucuresti\/wp-content\/uploads\/logo-bdb-full-wide-vernil-transparent.png","width":1782,"height":626,"caption":"Buletin de Bucure\u0219ti"},"image":{"@id":"https:\/\/buletin.de\/bucuresti\/#\/schema\/logo\/image\/"},"sameAs":["https:\/\/www.facebook.com\/buletin.de.buc","https:\/\/www.instagram.com\/buletinde.bucuresti\/"]},{"@type":"Person","@id":"https:\/\/buletin.de\/bucuresti\/#\/schema\/person\/104a46bbe8be6e336fecf63974383951","name":"Alexandru Stan","image":{"@type":"ImageObject","inLanguage":"en-GB","@id":"https:\/\/buletin.de\/bucuresti\/wp-content\/uploads\/2025\/12\/IMG-20251216-WA0045-e1766134343668-96x96.jpgd0ca12809ae3e1d27116a2afe8926544","url":"https:\/\/buletin.de\/bucuresti\/wp-content\/uploads\/2025\/12\/IMG-20251216-WA0045-e1766134343668-96x96.jpg","contentUrl":"https:\/\/buletin.de\/bucuresti\/wp-content\/uploads\/2025\/12\/IMG-20251216-WA0045-e1766134343668-96x96.jpg","caption":"Alexandru Stan"},"description":"Sunt elev la un colegiu de prestigiu din Capital\u0103 \u0219i reporter la Buletin de Bucure\u0219ti. M-am n\u0103scut \u0219i am crescut cu m\u00e2ndrie \u00een Capital\u0103, ora\u0219 al pove\u0219tilor, al tramvaiului tras de cai \u0219i al c\u0103su\u021belor cu porti\u021b\u0103 \u0219i ci\u0219mea. Prin articolele mele, m\u0103 str\u0103duiesc s\u0103 descriu cu acurate\u021be via\u021ba din Bucure\u0219ti pe ecranele cititorilor no\u0219tri \u0219i \u00eencerc totodat\u0103 s\u0103 fac accesibile subiecte de interes general tuturor, de la mic la mare.","url":"https:\/\/buletin.de\/bucuresti\/author\/alexandru-stan\/"}]}},"authors":[{"term_id":22577,"user_id":61,"is_guest":0,"slug":"alexandru-stan","display_name":"Alexandru Stan","avatar_url":"https:\/\/buletin.de\/bucuresti\/wp-content\/uploads\/2025\/12\/IMG-20251216-WA0045-e1766134343668-96x96.jpg","0":null,"1":"","2":"","3":"","4":"","5":"","6":"","7":"","8":""}],"_links":{"self":[{"href":"https:\/\/buletin.de\/bucuresti\/wp-json\/wp\/v2\/posts\/121356","targetHints":{"allow":["GET"]}}],"collection":[{"href":"https:\/\/buletin.de\/bucuresti\/wp-json\/wp\/v2\/posts"}],"about":[{"href":"https:\/\/buletin.de\/bucuresti\/wp-json\/wp\/v2\/types\/post"}],"author":[{"embeddable":true,"href":"https:\/\/buletin.de\/bucuresti\/wp-json\/wp\/v2\/users\/61"}],"replies":[{"embeddable":true,"href":"https:\/\/buletin.de\/bucuresti\/wp-json\/wp\/v2\/comments?post=121356"}],"version-history":[{"count":7,"href":"https:\/\/buletin.de\/bucuresti\/wp-json\/wp\/v2\/posts\/121356\/revisions"}],"predecessor-version":[{"id":121389,"href":"https:\/\/buletin.de\/bucuresti\/wp-json\/wp\/v2\/posts\/121356\/revisions\/121389"}],"wp:featuredmedia":[{"embeddable":true,"href":"https:\/\/buletin.de\/bucuresti\/wp-json\/wp\/v2\/media\/121387"}],"wp:attachment":[{"href":"https:\/\/buletin.de\/bucuresti\/wp-json\/wp\/v2\/media?parent=121356"}],"wp:term":[{"taxonomy":"category","embeddable":true,"href":"https:\/\/buletin.de\/bucuresti\/wp-json\/wp\/v2\/categories?post=121356"},{"taxonomy":"post_tag","embeddable":true,"href":"https:\/\/buletin.de\/bucuresti\/wp-json\/wp\/v2\/tags?post=121356"},{"taxonomy":"author","embeddable":true,"href":"https:\/\/buletin.de\/bucuresti\/wp-json\/wp\/v2\/ppma_author?post=121356"}],"curies":[{"name":"wp","href":"https:\/\/api.w.org\/{rel}","templated":true}]}}