{"id":121316,"date":"2025-03-06T04:13:00","date_gmt":"2025-03-06T01:13:00","guid":{"rendered":"https:\/\/buletin.de\/bucuresti\/?p=121316"},"modified":"2025-03-06T01:32:51","modified_gmt":"2025-03-05T22:32:51","slug":"33-de-spatii-comerciale","status":"publish","type":"post","link":"https:\/\/buletin.de\/bucuresti\/33-de-spatii-comerciale\/","title":{"rendered":"Sector 6 | Licita\u021bie public\u0103 pentru 33 de spa\u021bii comerciale, din pie\u021be \u0219i centre comerciale"},"content":{"rendered":"\n<p><strong>33 de spa\u021bii comerciale vor fi scoase la licita\u021bie de prim\u0103ria Sectorului 6. Acestea se afl\u0103 \u00een pie\u021be \u0219i \u00een centrele comerciale din sector.<\/strong><\/p>\n\n\n\n<p>Cele 33 de spa\u021bii comerciale se afla \u00een urm\u0103toarele loca\u021bii:<\/p>\n\n\n\n<ul class=\"wp-block-list\">\n<li>Pia\u0163a Valea Ialomi\u0163ei;<\/li>\n\n\n\n<li>Pia\u0163a Gorjului;<\/li>\n\n\n\n<li>Pia\u0163a Cr\u00e2nga\u015fi;<\/li>\n\n\n\n<li>Complexul Comercial P\u0103cii;<\/li>\n\n\n\n<li>Parcul Cr\u00e2nga\u015fi.<\/li>\n<\/ul>\n\n\n\n<p>Spa\u0163iile au suprafe\u0163e cuprinse \u00eentre 4 \u015fi 59 de metri p\u0103tra\u0163i \u015fi sunt destinate at\u00e2t produselor alimentare, c\u00e2t \u015fi celor nealimentare \u015fi oferirii de servicii. Toate se \u00eenchiriaz\u0103 pe o perioad\u0103 de 5 ani.<\/p>\n\n\n\n<figure class=\"wp-block-image size-large\"><img fetchpriority=\"high\" decoding=\"async\" width=\"900\" height=\"600\" src=\"data:image\/gif;base64,R0lGODlhAQABAAAAACH5BAEKAAEALAAAAAABAAEAAAICTAEAOw==\" data-src=\"https:\/\/buletin.de\/bucuresti\/wp-content\/uploads\/481268873_1050759510415319_2999009206321968652_n-900x600.jpg\" alt=\"\" class=\"wp-image-121320 lazyload\" data-sizes=\"auto\" data-srcset=\"https:\/\/buletin.de\/bucuresti\/wp-content\/uploads\/481268873_1050759510415319_2999009206321968652_n-900x600.jpg 900w, https:\/\/buletin.de\/bucuresti\/wp-content\/uploads\/481268873_1050759510415319_2999009206321968652_n-300x200.jpg 300w, https:\/\/buletin.de\/bucuresti\/wp-content\/uploads\/481268873_1050759510415319_2999009206321968652_n-768x512.jpg 768w, https:\/\/buletin.de\/bucuresti\/wp-content\/uploads\/481268873_1050759510415319_2999009206321968652_n-1100x733.jpg 1100w, https:\/\/buletin.de\/bucuresti\/wp-content\/uploads\/481268873_1050759510415319_2999009206321968652_n-600x400.jpg 600w, https:\/\/buletin.de\/bucuresti\/wp-content\/uploads\/481268873_1050759510415319_2999009206321968652_n-20x13.jpg 20w, https:\/\/buletin.de\/bucuresti\/wp-content\/uploads\/481268873_1050759510415319_2999009206321968652_n.jpg 1440w\" sizes=\"(max-width: 900px) 100vw, 900px\" \/><\/figure>\n\n\n\n<p>Licita\u0163ia va avea loc \u00een data de 26 martie, la ora 09:00, la sediul Administra\u021biei Comerciale Sector 6, din \u015eos. Virtu\u021bii 148, etaj 1.<\/p>\n\n\n\n<p><strong>CITE\u0218TE \u0218I:<\/strong> <a href=\"https:\/\/buletin.de\/bucuresti\/taxele-si-impozitele\/\">Sector 5 | Taxele \u0219i impozitele se pot pl\u0103ti prin recunoa\u0219tere facial\u0103<\/a><\/p>\n\n\n\n<div class=\"wp-block-buttons is-content-justification-center is-layout-flex wp-container-core-buttons-is-layout-16018d1d wp-block-buttons-is-layout-flex\">\n<div class=\"wp-block-button has-custom-width wp-block-button__width-100\"><a class=\"wp-block-button__link wp-element-button\" href=\"https:\/\/www.patreon.com\/BuletinDeBucuresti\"><strong>Sus\u021bine Buletin de Bucure\u0219ti pentru investiga\u021bii, reportaje \u0219i \u0219tiri Locale<\/strong><\/a><\/div>\n<\/div>\n\n\n\n<h2 class=\"wp-block-heading\" id=\"h-inca-120-de-locuri-de-parcare-cu-plata-pe-iuliu-maniu\">\u00cenc\u0103 120 de locuri de parcare cu plat\u0103 pe Iuliu Maniu<\/h2>\n\n\n\n<p><strong>\u00cenc\u0103 120 de locuri de parcare cu plat\u0103 vor fi date \u00een folosin\u0163\u0103 pe 7 martie, anun\u0163\u0103 Prim\u0103ria Sectorului 6. Acestea vor fi amenajate pe Iuliu Maniu, bucata dintre strada Cerni\u015foara \u015fi strada Valea Cascadelor, pe sensul de mers c\u0103tre A1.<\/strong><\/p>\n\n\n\n<p>Aceste 120 de locuri de parcare se adaug\u0103 celor 625 existente tot pe acest bulevard, pe por\u021biunea cuprins\u0103 \u00eentre Bd. Doina Cornea \u2013 Lujerului \u2013 Str. Cerni\u0219oara. Parcarea va fi cu plat\u0103 de vineri, 7 martie, de la ora 14:00.<\/p>\n\n\n\n<p>Tarifele sunt cele stabilite \u00eenc\u0103 de la \u00eenceputul anului:<\/p>\n\n\n\n<ul class=\"wp-block-list\">\n<li>O or\u0103 \u2013 1 leu;<\/li>\n\n\n\n<li>Abonament nenominal pe zi \u2013 7 lei;<\/li>\n\n\n\n<li>Abonament nenominal lunar \u2013 60 de lei.<\/li>\n<\/ul>\n\n\n\n<p>Se achit\u0103 doar pe timpul zilei, \u00eentre orele 08.00 \u0219i 20.00. Pe timpul nop\u021bii, parcarea este gratuit\u0103.<\/p>\n\n\n\n<p><strong>CITE\u0218TE \u0218I:<\/strong> <a href=\"https:\/\/buletin.de\/bucuresti\/harta-primaria-sectorului-3-vrea-sa-amenajeze-peste-1-700-treceri-de-pietoni-suprainaltate-costurile-se-ridica-la-peste-65-milioane-euro\/\">HART\u0102 |&nbsp;Prim\u0103ria Sectorului 3 vrea s\u0103 amenajeze peste 1.700 treceri de pietoni supra\u00een\u0103l\u021bate. Costurile se ridic\u0103 la peste 65 milioane euro<\/a><\/p>\n\n\n\n<p><\/p>\n","protected":false},"excerpt":{"rendered":"<p>33 de spa\u021bii comerciale vor fi scoase la licita\u021bie de prim\u0103ria Sectorului 6. Acestea se afl\u0103 \u00een pie\u021be \u0219i \u00een centrele comerciale din sector. Cele 33 de spa\u021bii comerciale se afla \u00een urm\u0103toarele loca\u021bii: Spa\u0163iile au suprafe\u0163e cuprinse \u00eentre 4 \u015fi 59 de metri p\u0103tra\u0163i \u015fi sunt destinate at\u00e2t produselor alimentare, c\u00e2t \u015fi celor nealimentare [&hellip;]<\/p>\n","protected":false},"author":49,"featured_media":121319,"comment_status":"closed","ping_status":"open","sticky":false,"template":"","format":"standard","meta":{"_acf_changed":false,"inline_featured_image":false,"ngg_post_thumbnail":0,"footnotes":""},"categories":[6994,24,62],"tags":[19625,19626,3659,2292],"ppma_author":[22574],"class_list":["post-121316","post","type-post","status-publish","format-standard","has-post-thumbnail","hentry","category-stiri-2","category-primarie","category-stiri","tag-licitatii-publica","tag-piete-sector-6","tag-ps6","tag-spatii-comerciale"],"acf":[],"yoast_head":"<!-- This site is optimized with the Yoast SEO Premium plugin v25.3 (Yoast SEO v27.4) - https:\/\/yoast.com\/product\/yoast-seo-premium-wordpress\/ -->\n<title>Sector 6 | Licita\u021bie public\u0103 pentru 33 de spa\u021bii comerciale, din pie\u021be \u0219i centre comerciale - Buletin de Bucure\u0219ti<\/title>\n<meta name=\"description\" content=\"33 de spa\u021bii comerciale vor fi scoase la licita\u021bie de prim\u0103ria Sectorului 6. Acestea se afl\u0103 \u00een pie\u021be \u0219i \u00een centrele comerciale din sector.\" \/>\n<meta name=\"robots\" content=\"index, follow, max-snippet:-1, max-image-preview:large, max-video-preview:-1\" \/>\n<link rel=\"canonical\" href=\"https:\/\/buletin.de\/bucuresti\/33-de-spatii-comerciale\/\" \/>\n<meta property=\"og:locale\" content=\"en_GB\" \/>\n<meta property=\"og:type\" content=\"article\" \/>\n<meta property=\"og:title\" content=\"Sector 6 | Licita\u021bie public\u0103 pentru 33 de spa\u021bii comerciale, din pie\u021be \u0219i centre comerciale\" \/>\n<meta property=\"og:description\" content=\"33 de spa\u021bii comerciale vor fi scoase la licita\u021bie de prim\u0103ria Sectorului 6. Acestea se afl\u0103 \u00een pie\u021be \u0219i \u00een centrele comerciale din sector.\" \/>\n<meta property=\"og:url\" content=\"https:\/\/buletin.de\/bucuresti\/33-de-spatii-comerciale\/\" \/>\n<meta property=\"og:site_name\" content=\"Buletin de Bucure\u0219ti\" \/>\n<meta property=\"article:publisher\" content=\"https:\/\/www.facebook.com\/buletin.de.buc\" \/>\n<meta property=\"article:published_time\" content=\"2025-03-06T01:13:00+00:00\" \/>\n<meta property=\"og:image\" content=\"https:\/\/buletin.de\/bucuresti\/wp-content\/uploads\/481295204_1050759557081981_1944959738849522834_n-2.jpg\" \/>\n\t<meta property=\"og:image:width\" content=\"1268\" \/>\n\t<meta property=\"og:image:height\" content=\"960\" \/>\n\t<meta property=\"og:image:type\" content=\"image\/jpeg\" \/>\n<meta name=\"author\" content=\"Diana Matei\" \/>\n<meta name=\"twitter:card\" content=\"summary_large_image\" \/>\n<meta name=\"twitter:label1\" content=\"Written by\" \/>\n\t<meta name=\"twitter:data1\" content=\"Diana Matei\" \/>\n\t<meta name=\"twitter:label2\" content=\"Estimated reading time\" \/>\n\t<meta name=\"twitter:data2\" content=\"2 minutes\" \/>\n<script type=\"application\/ld+json\" class=\"yoast-schema-graph\">{\"@context\":\"https:\\\/\\\/schema.org\",\"@graph\":[{\"@type\":\"Article\",\"@id\":\"https:\\\/\\\/buletin.de\\\/bucuresti\\\/33-de-spatii-comerciale\\\/#article\",\"isPartOf\":{\"@id\":\"https:\\\/\\\/buletin.de\\\/bucuresti\\\/33-de-spatii-comerciale\\\/\"},\"author\":{\"name\":\"Diana Matei\",\"@id\":\"https:\\\/\\\/buletin.de\\\/bucuresti\\\/#\\\/schema\\\/person\\\/7e46040573290777280a0835d81ea4ea\"},\"headline\":\"Sector 6 | Licita\u021bie public\u0103 pentru 33 de spa\u021bii comerciale, din pie\u021be \u0219i centre comerciale\",\"datePublished\":\"2025-03-06T01:13:00+00:00\",\"mainEntityOfPage\":{\"@id\":\"https:\\\/\\\/buletin.de\\\/bucuresti\\\/33-de-spatii-comerciale\\\/\"},\"wordCount\":312,\"publisher\":{\"@id\":\"https:\\\/\\\/buletin.de\\\/bucuresti\\\/#organization\"},\"image\":{\"@id\":\"https:\\\/\\\/buletin.de\\\/bucuresti\\\/33-de-spatii-comerciale\\\/#primaryimage\"},\"thumbnailUrl\":\"https:\\\/\\\/buletin.de\\\/bucuresti\\\/wp-content\\\/uploads\\\/481295204_1050759557081981_1944959738849522834_n-2.jpg\",\"keywords\":[\"licitatii publica\",\"piete Sector 6\",\"PS6\",\"spatii comerciale\"],\"articleSection\":[\"Articole\",\"Prim\u0103rie\",\"\u0218tiri\"],\"inLanguage\":\"en-GB\",\"copyrightYear\":\"2025\",\"copyrightHolder\":{\"@id\":\"https:\\\/\\\/buletin.de\\\/bucuresti\\\/#organization\"}},{\"@type\":\"WebPage\",\"@id\":\"https:\\\/\\\/buletin.de\\\/bucuresti\\\/33-de-spatii-comerciale\\\/\",\"url\":\"https:\\\/\\\/buletin.de\\\/bucuresti\\\/33-de-spatii-comerciale\\\/\",\"name\":\"Sector 6 | Licita\u021bie public\u0103 pentru 33 de spa\u021bii comerciale, din pie\u021be \u0219i centre comerciale - Buletin de Bucure\u0219ti\",\"isPartOf\":{\"@id\":\"https:\\\/\\\/buletin.de\\\/bucuresti\\\/#website\"},\"primaryImageOfPage\":{\"@id\":\"https:\\\/\\\/buletin.de\\\/bucuresti\\\/33-de-spatii-comerciale\\\/#primaryimage\"},\"image\":{\"@id\":\"https:\\\/\\\/buletin.de\\\/bucuresti\\\/33-de-spatii-comerciale\\\/#primaryimage\"},\"thumbnailUrl\":\"https:\\\/\\\/buletin.de\\\/bucuresti\\\/wp-content\\\/uploads\\\/481295204_1050759557081981_1944959738849522834_n-2.jpg\",\"datePublished\":\"2025-03-06T01:13:00+00:00\",\"description\":\"33 de spa\u021bii comerciale vor fi scoase la licita\u021bie de prim\u0103ria Sectorului 6. Acestea se afl\u0103 \u00een pie\u021be \u0219i \u00een centrele comerciale din sector.\",\"breadcrumb\":{\"@id\":\"https:\\\/\\\/buletin.de\\\/bucuresti\\\/33-de-spatii-comerciale\\\/#breadcrumb\"},\"inLanguage\":\"en-GB\",\"potentialAction\":[{\"@type\":\"ReadAction\",\"target\":[\"https:\\\/\\\/buletin.de\\\/bucuresti\\\/33-de-spatii-comerciale\\\/\"]}]},{\"@type\":\"ImageObject\",\"inLanguage\":\"en-GB\",\"@id\":\"https:\\\/\\\/buletin.de\\\/bucuresti\\\/33-de-spatii-comerciale\\\/#primaryimage\",\"url\":\"https:\\\/\\\/buletin.de\\\/bucuresti\\\/wp-content\\\/uploads\\\/481295204_1050759557081981_1944959738849522834_n-2.jpg\",\"contentUrl\":\"https:\\\/\\\/buletin.de\\\/bucuresti\\\/wp-content\\\/uploads\\\/481295204_1050759557081981_1944959738849522834_n-2.jpg\",\"width\":1268,\"height\":960,\"caption\":\"Sector 6 | Licita\u021bie public\u0103 pentru 33 de spa\u021bii comerciale, din pie\u021be \u0219i centre comerciale. FOTO: PS6\"},{\"@type\":\"BreadcrumbList\",\"@id\":\"https:\\\/\\\/buletin.de\\\/bucuresti\\\/33-de-spatii-comerciale\\\/#breadcrumb\",\"itemListElement\":[{\"@type\":\"ListItem\",\"position\":1,\"name\":\"Acas\u0103\",\"item\":\"https:\\\/\\\/buletin.de\\\/bucuresti\\\/\"},{\"@type\":\"ListItem\",\"position\":2,\"name\":\"Sector 6 | Licita\u021bie public\u0103 pentru 33 de spa\u021bii comerciale, din pie\u021be \u0219i centre comerciale\"}]},{\"@type\":\"WebSite\",\"@id\":\"https:\\\/\\\/buletin.de\\\/bucuresti\\\/#website\",\"url\":\"https:\\\/\\\/buletin.de\\\/bucuresti\\\/\",\"name\":\"Buletin de Bucure\u0219ti\",\"description\":\"\u0218tiri \u0219i investiga\u021bii esen\u021biale din capital\u0103\",\"publisher\":{\"@id\":\"https:\\\/\\\/buletin.de\\\/bucuresti\\\/#organization\"},\"potentialAction\":[{\"@type\":\"SearchAction\",\"target\":{\"@type\":\"EntryPoint\",\"urlTemplate\":\"https:\\\/\\\/buletin.de\\\/bucuresti\\\/?s={search_term_string}\"},\"query-input\":{\"@type\":\"PropertyValueSpecification\",\"valueRequired\":true,\"valueName\":\"search_term_string\"}}],\"inLanguage\":\"en-GB\"},{\"@type\":\"Organization\",\"@id\":\"https:\\\/\\\/buletin.de\\\/bucuresti\\\/#organization\",\"name\":\"Buletin de Bucure\u0219ti\",\"url\":\"https:\\\/\\\/buletin.de\\\/bucuresti\\\/\",\"logo\":{\"@type\":\"ImageObject\",\"inLanguage\":\"en-GB\",\"@id\":\"https:\\\/\\\/buletin.de\\\/bucuresti\\\/#\\\/schema\\\/logo\\\/image\\\/\",\"url\":\"https:\\\/\\\/buletin.de\\\/bucuresti\\\/wp-content\\\/uploads\\\/logo-bdb-full-wide-vernil-transparent.png\",\"contentUrl\":\"https:\\\/\\\/buletin.de\\\/bucuresti\\\/wp-content\\\/uploads\\\/logo-bdb-full-wide-vernil-transparent.png\",\"width\":1782,\"height\":626,\"caption\":\"Buletin de Bucure\u0219ti\"},\"image\":{\"@id\":\"https:\\\/\\\/buletin.de\\\/bucuresti\\\/#\\\/schema\\\/logo\\\/image\\\/\"},\"sameAs\":[\"https:\\\/\\\/www.facebook.com\\\/buletin.de.buc\",\"https:\\\/\\\/www.instagram.com\\\/buletinde.bucuresti\\\/\"]},{\"@type\":\"Person\",\"@id\":\"https:\\\/\\\/buletin.de\\\/bucuresti\\\/#\\\/schema\\\/person\\\/7e46040573290777280a0835d81ea4ea\",\"name\":\"Diana Matei\",\"image\":{\"@type\":\"ImageObject\",\"inLanguage\":\"en-GB\",\"@id\":\"https:\\\/\\\/buletin.de\\\/bucuresti\\\/wp-content\\\/uploads\\\/9-2-96x96.jpg1e8590b30871d70e62ebcdaf2eff570c\",\"url\":\"https:\\\/\\\/buletin.de\\\/bucuresti\\\/wp-content\\\/uploads\\\/9-2-96x96.jpg\",\"contentUrl\":\"https:\\\/\\\/buletin.de\\\/bucuresti\\\/wp-content\\\/uploads\\\/9-2-96x96.jpg\",\"caption\":\"Diana Matei\"},\"url\":\"https:\\\/\\\/buletin.de\\\/bucuresti\\\/author\\\/dianamatei\\\/\"}]}<\/script>\n<!-- \/ Yoast SEO Premium plugin. -->","yoast_head_json":{"title":"Sector 6 | Licita\u021bie public\u0103 pentru 33 de spa\u021bii comerciale, din pie\u021be \u0219i centre comerciale - Buletin de Bucure\u0219ti","description":"33 de spa\u021bii comerciale vor fi scoase la licita\u021bie de prim\u0103ria Sectorului 6. Acestea se afl\u0103 \u00een pie\u021be \u0219i \u00een centrele comerciale din sector.","robots":{"index":"index","follow":"follow","max-snippet":"max-snippet:-1","max-image-preview":"max-image-preview:large","max-video-preview":"max-video-preview:-1"},"canonical":"https:\/\/buletin.de\/bucuresti\/33-de-spatii-comerciale\/","og_locale":"en_GB","og_type":"article","og_title":"Sector 6 | Licita\u021bie public\u0103 pentru 33 de spa\u021bii comerciale, din pie\u021be \u0219i centre comerciale","og_description":"33 de spa\u021bii comerciale vor fi scoase la licita\u021bie de prim\u0103ria Sectorului 6. Acestea se afl\u0103 \u00een pie\u021be \u0219i \u00een centrele comerciale din sector.","og_url":"https:\/\/buletin.de\/bucuresti\/33-de-spatii-comerciale\/","og_site_name":"Buletin de Bucure\u0219ti","article_publisher":"https:\/\/www.facebook.com\/buletin.de.buc","article_published_time":"2025-03-06T01:13:00+00:00","og_image":[{"width":1268,"height":960,"url":"https:\/\/buletin.de\/bucuresti\/wp-content\/uploads\/481295204_1050759557081981_1944959738849522834_n-2.jpg","type":"image\/jpeg"}],"author":"Diana Matei","twitter_card":"summary_large_image","twitter_misc":{"Written by":"Diana Matei","Estimated reading time":"2 minutes"},"schema":{"@context":"https:\/\/schema.org","@graph":[{"@type":"Article","@id":"https:\/\/buletin.de\/bucuresti\/33-de-spatii-comerciale\/#article","isPartOf":{"@id":"https:\/\/buletin.de\/bucuresti\/33-de-spatii-comerciale\/"},"author":{"name":"Diana Matei","@id":"https:\/\/buletin.de\/bucuresti\/#\/schema\/person\/7e46040573290777280a0835d81ea4ea"},"headline":"Sector 6 | Licita\u021bie public\u0103 pentru 33 de spa\u021bii comerciale, din pie\u021be \u0219i centre comerciale","datePublished":"2025-03-06T01:13:00+00:00","mainEntityOfPage":{"@id":"https:\/\/buletin.de\/bucuresti\/33-de-spatii-comerciale\/"},"wordCount":312,"publisher":{"@id":"https:\/\/buletin.de\/bucuresti\/#organization"},"image":{"@id":"https:\/\/buletin.de\/bucuresti\/33-de-spatii-comerciale\/#primaryimage"},"thumbnailUrl":"https:\/\/buletin.de\/bucuresti\/wp-content\/uploads\/481295204_1050759557081981_1944959738849522834_n-2.jpg","keywords":["licitatii publica","piete Sector 6","PS6","spatii comerciale"],"articleSection":["Articole","Prim\u0103rie","\u0218tiri"],"inLanguage":"en-GB","copyrightYear":"2025","copyrightHolder":{"@id":"https:\/\/buletin.de\/bucuresti\/#organization"}},{"@type":"WebPage","@id":"https:\/\/buletin.de\/bucuresti\/33-de-spatii-comerciale\/","url":"https:\/\/buletin.de\/bucuresti\/33-de-spatii-comerciale\/","name":"Sector 6 | Licita\u021bie public\u0103 pentru 33 de spa\u021bii comerciale, din pie\u021be \u0219i centre comerciale - Buletin de Bucure\u0219ti","isPartOf":{"@id":"https:\/\/buletin.de\/bucuresti\/#website"},"primaryImageOfPage":{"@id":"https:\/\/buletin.de\/bucuresti\/33-de-spatii-comerciale\/#primaryimage"},"image":{"@id":"https:\/\/buletin.de\/bucuresti\/33-de-spatii-comerciale\/#primaryimage"},"thumbnailUrl":"https:\/\/buletin.de\/bucuresti\/wp-content\/uploads\/481295204_1050759557081981_1944959738849522834_n-2.jpg","datePublished":"2025-03-06T01:13:00+00:00","description":"33 de spa\u021bii comerciale vor fi scoase la licita\u021bie de prim\u0103ria Sectorului 6. Acestea se afl\u0103 \u00een pie\u021be \u0219i \u00een centrele comerciale din sector.","breadcrumb":{"@id":"https:\/\/buletin.de\/bucuresti\/33-de-spatii-comerciale\/#breadcrumb"},"inLanguage":"en-GB","potentialAction":[{"@type":"ReadAction","target":["https:\/\/buletin.de\/bucuresti\/33-de-spatii-comerciale\/"]}]},{"@type":"ImageObject","inLanguage":"en-GB","@id":"https:\/\/buletin.de\/bucuresti\/33-de-spatii-comerciale\/#primaryimage","url":"https:\/\/buletin.de\/bucuresti\/wp-content\/uploads\/481295204_1050759557081981_1944959738849522834_n-2.jpg","contentUrl":"https:\/\/buletin.de\/bucuresti\/wp-content\/uploads\/481295204_1050759557081981_1944959738849522834_n-2.jpg","width":1268,"height":960,"caption":"Sector 6 | Licita\u021bie public\u0103 pentru 33 de spa\u021bii comerciale, din pie\u021be \u0219i centre comerciale. FOTO: PS6"},{"@type":"BreadcrumbList","@id":"https:\/\/buletin.de\/bucuresti\/33-de-spatii-comerciale\/#breadcrumb","itemListElement":[{"@type":"ListItem","position":1,"name":"Acas\u0103","item":"https:\/\/buletin.de\/bucuresti\/"},{"@type":"ListItem","position":2,"name":"Sector 6 | Licita\u021bie public\u0103 pentru 33 de spa\u021bii comerciale, din pie\u021be \u0219i centre comerciale"}]},{"@type":"WebSite","@id":"https:\/\/buletin.de\/bucuresti\/#website","url":"https:\/\/buletin.de\/bucuresti\/","name":"Buletin de Bucure\u0219ti","description":"\u0218tiri \u0219i investiga\u021bii esen\u021biale din capital\u0103","publisher":{"@id":"https:\/\/buletin.de\/bucuresti\/#organization"},"potentialAction":[{"@type":"SearchAction","target":{"@type":"EntryPoint","urlTemplate":"https:\/\/buletin.de\/bucuresti\/?s={search_term_string}"},"query-input":{"@type":"PropertyValueSpecification","valueRequired":true,"valueName":"search_term_string"}}],"inLanguage":"en-GB"},{"@type":"Organization","@id":"https:\/\/buletin.de\/bucuresti\/#organization","name":"Buletin de Bucure\u0219ti","url":"https:\/\/buletin.de\/bucuresti\/","logo":{"@type":"ImageObject","inLanguage":"en-GB","@id":"https:\/\/buletin.de\/bucuresti\/#\/schema\/logo\/image\/","url":"https:\/\/buletin.de\/bucuresti\/wp-content\/uploads\/logo-bdb-full-wide-vernil-transparent.png","contentUrl":"https:\/\/buletin.de\/bucuresti\/wp-content\/uploads\/logo-bdb-full-wide-vernil-transparent.png","width":1782,"height":626,"caption":"Buletin de Bucure\u0219ti"},"image":{"@id":"https:\/\/buletin.de\/bucuresti\/#\/schema\/logo\/image\/"},"sameAs":["https:\/\/www.facebook.com\/buletin.de.buc","https:\/\/www.instagram.com\/buletinde.bucuresti\/"]},{"@type":"Person","@id":"https:\/\/buletin.de\/bucuresti\/#\/schema\/person\/7e46040573290777280a0835d81ea4ea","name":"Diana Matei","image":{"@type":"ImageObject","inLanguage":"en-GB","@id":"https:\/\/buletin.de\/bucuresti\/wp-content\/uploads\/9-2-96x96.jpg1e8590b30871d70e62ebcdaf2eff570c","url":"https:\/\/buletin.de\/bucuresti\/wp-content\/uploads\/9-2-96x96.jpg","contentUrl":"https:\/\/buletin.de\/bucuresti\/wp-content\/uploads\/9-2-96x96.jpg","caption":"Diana Matei"},"url":"https:\/\/buletin.de\/bucuresti\/author\/dianamatei\/"}]}},"authors":[{"term_id":22574,"user_id":49,"is_guest":0,"slug":"dianamatei","display_name":"Diana Matei","avatar_url":"https:\/\/buletin.de\/bucuresti\/wp-content\/uploads\/9-2-96x96.jpg","0":null,"1":"","2":"","3":"","4":"","5":"","6":"","7":"","8":""}],"_links":{"self":[{"href":"https:\/\/buletin.de\/bucuresti\/wp-json\/wp\/v2\/posts\/121316","targetHints":{"allow":["GET"]}}],"collection":[{"href":"https:\/\/buletin.de\/bucuresti\/wp-json\/wp\/v2\/posts"}],"about":[{"href":"https:\/\/buletin.de\/bucuresti\/wp-json\/wp\/v2\/types\/post"}],"author":[{"embeddable":true,"href":"https:\/\/buletin.de\/bucuresti\/wp-json\/wp\/v2\/users\/49"}],"replies":[{"embeddable":true,"href":"https:\/\/buletin.de\/bucuresti\/wp-json\/wp\/v2\/comments?post=121316"}],"version-history":[{"count":2,"href":"https:\/\/buletin.de\/bucuresti\/wp-json\/wp\/v2\/posts\/121316\/revisions"}],"predecessor-version":[{"id":121398,"href":"https:\/\/buletin.de\/bucuresti\/wp-json\/wp\/v2\/posts\/121316\/revisions\/121398"}],"wp:featuredmedia":[{"embeddable":true,"href":"https:\/\/buletin.de\/bucuresti\/wp-json\/wp\/v2\/media\/121319"}],"wp:attachment":[{"href":"https:\/\/buletin.de\/bucuresti\/wp-json\/wp\/v2\/media?parent=121316"}],"wp:term":[{"taxonomy":"category","embeddable":true,"href":"https:\/\/buletin.de\/bucuresti\/wp-json\/wp\/v2\/categories?post=121316"},{"taxonomy":"post_tag","embeddable":true,"href":"https:\/\/buletin.de\/bucuresti\/wp-json\/wp\/v2\/tags?post=121316"},{"taxonomy":"author","embeddable":true,"href":"https:\/\/buletin.de\/bucuresti\/wp-json\/wp\/v2\/ppma_author?post=121316"}],"curies":[{"name":"wp","href":"https:\/\/api.w.org\/{rel}","templated":true}]}}