{"id":121120,"date":"2025-03-04T01:34:39","date_gmt":"2025-03-03T22:34:39","guid":{"rendered":"https:\/\/buletin.de\/bucuresti\/?p=121120"},"modified":"2025-03-04T01:34:40","modified_gmt":"2025-03-03T22:34:40","slug":"incident-la-metrou-pe-m2-trenurile-au-circulat-pe-un-singur-fir-din-cauza-unei-degajari-de-fum","status":"publish","type":"post","link":"https:\/\/buletin.de\/bucuresti\/incident-la-metrou-pe-m2-trenurile-au-circulat-pe-un-singur-fir-din-cauza-unei-degajari-de-fum\/","title":{"rendered":"Incident la metrou. Pe M2, trenurile au circulat pe un singur fir din cauza unei degaj\u0103ri de fum"},"content":{"rendered":"\n<p><strong>O degajare de fum produs\u0103 luni seara \u00een sta\u021bia Pia\u021ba Unirii 2 a perturbat circula\u021bia trenurilor pe Magistrala 2, scrie <\/strong><a href=\"https:\/\/clubferoviar.ro\/degajare-de-fum-la-metrou-2\/\"><strong>clubferoviar.ro<\/strong><\/a><strong>.<\/strong><\/p>\n\n\n\n<p>Pre\u0219edintele sindicatului USLM, Marian Artimon, a declarat c\u0103 incidentul a fost cauzat de arderea unor cabluri de la \u0219ina a treia, conform sursei citate. Dup\u0103 reluarea temporar\u0103 a circula\u021biei, problema a persistat.<\/p>\n\n\n\n<p>Compania Metrorex nu a emis nicio informare oficial\u0103 cu privire la acest incident p\u00e2n\u0103 la momentul public\u0103rii acestei \u0219tiri.<\/p>\n\n\n\n<p><strong>Cite\u0219te mai multe pe <\/strong><a href=\"https:\/\/clubferoviar.ro\/degajare-de-fum-la-metrou-2\/\"><strong>Club Feroviar<\/strong><\/a><strong>.<\/strong><\/p>\n\n\n\n<h2 class=\"wp-block-heading\" id=\"h-incidentele-de-la-metrou-in-2024\"><strong>Incidentele de la metrou \u00een 2024<\/strong><\/h2>\n\n\n\n<p>Anul 2024 nu a fost lipsit de incidente la metrou. Unele dintre acestea puteau avea consecin\u021be grave. Din fericire, nici unul dintre momentele cu probleme nu s-au \u00eencheiat cu victime.<\/p>\n\n\n\n<p>Cel mai grav a avut loc chiar la \u00eenceputul anului, dup\u0103 cum a scris Buletin de Bucure\u0219ti <a href=\"https:\/\/buletin.de\/bucuresti\/incidente-la-metrou-in-2024\/\"><strong>AICI<\/strong><\/a>. Pe 27 februarie, un tren a intrat, din gre\u0219eal\u0103, pe o linie pe care se afla deja o alt\u0103 garnitur\u0103. Mecanicii au fr\u00e2nat, dar cele dou\u0103 trenuri s-au cuplat.<\/p>\n\n\n\n<p>Incidentul a avut loc \u00een sta\u021bia Timpuri Noi, de pe Magistrala 1. <em>\u201eUnul dintre dintre trenuri a intrat pe linia ocupata de alt tren, ceea ce a produs cuplarea celor doua trenuri\u201d<\/em>, a precizat Metrorex, situa\u021bia fiind cunoscut\u0103 \u00een limbajul de specialitate ca \u201etren contra tren\u201d.<\/p>\n\n\n\n<p>Circula\u021bia trenurilor a fost afectat\u0103 at\u00e2t pe Magistrala 1 (Dristor 2- Pantelimon), c\u00e2t \u0219i pe Magistrala 3 (Preciziei-Anghel Saligny), \u00een contextul \u00een care acestea folosesc o linie comun\u0103 \u00eentre Eroilor \u0219i Dristor. Mii de oameni au umplut peroanele sta\u021biilor \u00een a\u0219teptarea trenurilor.<\/p>\n\n\n\n<p>Reac\u021bia companiei a venit cu \u00eent\u00e2rziere. <em>\u201eMetrorex informeaz\u0103 c\u0103 \u00een jurul orei 19:15, \u00een sta\u021bia de metrou Timpuri Noi, s-a efectuat un parcurs eronat la o linie ocupat\u0103 de un alt tren. Din acest motiv, circula\u021bia de metrou a fost reorganizat\u0103 \u00eentre sta\u021biile Mihai Bravu \u0219i Nicolae Grigorescu\u201d<\/em>, a transmis compania.<\/p>\n\n\n\n<p><strong>CITE\u0218TE \u0218I: <\/strong><a href=\"https:\/\/buletin.de\/bucuresti\/incidente-la-metrou-in-2024\/\"><strong>Incidente la metrou \u00een 2024 | \u201eTren contra tren\u201d, u\u0219i deschise \u00een mers \u0219i \u00eenchise \u00een sta\u021bie, \u0219ine rupte<\/strong><\/a><\/p>\n","protected":false},"excerpt":{"rendered":"<p>O degajare de fum produs\u0103 luni seara \u00een sta\u021bia Pia\u021ba Unirii 2 a perturbat circula\u021bia trenurilor pe Magistrala 2, scrie clubferoviar.ro. Pre\u0219edintele sindicatului USLM, Marian Artimon, a declarat c\u0103 incidentul a fost cauzat de arderea unor cabluri de la \u0219ina a treia, conform sursei citate. Dup\u0103 reluarea temporar\u0103 a circula\u021biei, problema a persistat. Compania Metrorex [&hellip;]<\/p>\n","protected":false},"author":1,"featured_media":121121,"comment_status":"closed","ping_status":"open","sticky":false,"template":"","format":"standard","meta":{"_acf_changed":false,"inline_featured_image":false,"ngg_post_thumbnail":0,"footnotes":""},"categories":[6994,9026,62,650],"tags":[9,2054,19578,377,376,3623],"ppma_author":[22583],"class_list":["post-121120","post","type-post","status-publish","format-standard","has-post-thumbnail","hentry","category-stiri-2","category-eveniment","category-stiri","category-transport","tag-bucuresti","tag-capitala","tag-incident-metrorex","tag-metrorex","tag-metrou","tag-piata-unirii"],"acf":[],"yoast_head":"<!-- This site is optimized with the Yoast SEO Premium plugin v25.3 (Yoast SEO v27.4) - https:\/\/yoast.com\/product\/yoast-seo-premium-wordpress\/ -->\n<title>Incident la metrou. Pe M2, trenurile au circulat pe un singur fir din cauza unei degaj\u0103ri de fum - Buletin de Bucure\u0219ti<\/title>\n<meta name=\"description\" content=\"Incident la metrou. Pe Magistrala 2, trenurile circul\u0103 pe un singur fir din cauza unei degaj\u0103ri de fum la Pia\u021ba Unirii 2\" \/>\n<meta name=\"robots\" content=\"index, follow, max-snippet:-1, max-image-preview:large, max-video-preview:-1\" \/>\n<link rel=\"canonical\" href=\"https:\/\/buletin.de\/bucuresti\/incident-la-metrou-pe-m2-trenurile-au-circulat-pe-un-singur-fir-din-cauza-unei-degajari-de-fum\/\" \/>\n<meta property=\"og:locale\" content=\"en_GB\" \/>\n<meta property=\"og:type\" content=\"article\" \/>\n<meta property=\"og:title\" content=\"Incident la metrou. Pe M2, trenurile au circulat pe un singur fir din cauza unei degaj\u0103ri de fum\" \/>\n<meta property=\"og:description\" content=\"Incident la metrou. Pe Magistrala 2, trenurile circul\u0103 pe un singur fir din cauza unei degaj\u0103ri de fum la Pia\u021ba Unirii 2\" \/>\n<meta property=\"og:url\" content=\"https:\/\/buletin.de\/bucuresti\/incident-la-metrou-pe-m2-trenurile-au-circulat-pe-un-singur-fir-din-cauza-unei-degajari-de-fum\/\" \/>\n<meta property=\"og:site_name\" content=\"Buletin de Bucure\u0219ti\" \/>\n<meta property=\"article:publisher\" content=\"https:\/\/www.facebook.com\/buletin.de.buc\" \/>\n<meta property=\"article:published_time\" content=\"2025-03-03T22:34:39+00:00\" \/>\n<meta property=\"article:modified_time\" content=\"2025-03-03T22:34:40+00:00\" \/>\n<meta property=\"og:image\" content=\"https:\/\/buletin.de\/bucuresti\/wp-content\/uploads\/Metrou-tunel-1600x1066-1.jpeg\" \/>\n\t<meta property=\"og:image:width\" content=\"1600\" \/>\n\t<meta property=\"og:image:height\" content=\"1066\" \/>\n\t<meta property=\"og:image:type\" content=\"image\/jpeg\" \/>\n<meta name=\"author\" content=\"Redac\u021bia Buletin de Bucure\u0219ti\" \/>\n<meta name=\"twitter:card\" content=\"summary_large_image\" \/>\n<meta name=\"twitter:label1\" content=\"Written by\" \/>\n\t<meta name=\"twitter:data1\" content=\"Redac\u021bia Buletin de Bucure\u0219ti\" \/>\n\t<meta name=\"twitter:label2\" content=\"Estimated reading time\" \/>\n\t<meta name=\"twitter:data2\" content=\"2 minutes\" \/>\n<script type=\"application\/ld+json\" class=\"yoast-schema-graph\">{\"@context\":\"https:\\\/\\\/schema.org\",\"@graph\":[{\"@type\":\"Article\",\"@id\":\"https:\\\/\\\/buletin.de\\\/bucuresti\\\/incident-la-metrou-pe-m2-trenurile-au-circulat-pe-un-singur-fir-din-cauza-unei-degajari-de-fum\\\/#article\",\"isPartOf\":{\"@id\":\"https:\\\/\\\/buletin.de\\\/bucuresti\\\/incident-la-metrou-pe-m2-trenurile-au-circulat-pe-un-singur-fir-din-cauza-unei-degajari-de-fum\\\/\"},\"author\":{\"name\":\"Redac\u021bia Buletin de Bucure\u0219ti\",\"@id\":\"https:\\\/\\\/buletin.de\\\/bucuresti\\\/#\\\/schema\\\/person\\\/2bbcf854e5f2419a13804af574d06ab1\"},\"headline\":\"Incident la metrou. Pe M2, trenurile au circulat pe un singur fir din cauza unei degaj\u0103ri de fum\",\"datePublished\":\"2025-03-03T22:34:39+00:00\",\"dateModified\":\"2025-03-03T22:34:40+00:00\",\"mainEntityOfPage\":{\"@id\":\"https:\\\/\\\/buletin.de\\\/bucuresti\\\/incident-la-metrou-pe-m2-trenurile-au-circulat-pe-un-singur-fir-din-cauza-unei-degajari-de-fum\\\/\"},\"wordCount\":357,\"publisher\":{\"@id\":\"https:\\\/\\\/buletin.de\\\/bucuresti\\\/#organization\"},\"image\":{\"@id\":\"https:\\\/\\\/buletin.de\\\/bucuresti\\\/incident-la-metrou-pe-m2-trenurile-au-circulat-pe-un-singur-fir-din-cauza-unei-degajari-de-fum\\\/#primaryimage\"},\"thumbnailUrl\":\"https:\\\/\\\/buletin.de\\\/bucuresti\\\/wp-content\\\/uploads\\\/Metrou-tunel-1600x1066-1.jpeg\",\"keywords\":[\"bucuresti\",\"Capitala\",\"incident metrorex\",\"metrorex\",\"metrou\",\"piata unirii\"],\"articleSection\":[\"Articole\",\"Eveniment\",\"\u0218tiri\",\"Transport\"],\"inLanguage\":\"en-GB\",\"copyrightYear\":\"2025\",\"copyrightHolder\":{\"@id\":\"https:\\\/\\\/buletin.de\\\/bucuresti\\\/#organization\"}},{\"@type\":\"WebPage\",\"@id\":\"https:\\\/\\\/buletin.de\\\/bucuresti\\\/incident-la-metrou-pe-m2-trenurile-au-circulat-pe-un-singur-fir-din-cauza-unei-degajari-de-fum\\\/\",\"url\":\"https:\\\/\\\/buletin.de\\\/bucuresti\\\/incident-la-metrou-pe-m2-trenurile-au-circulat-pe-un-singur-fir-din-cauza-unei-degajari-de-fum\\\/\",\"name\":\"Incident la metrou. Pe M2, trenurile au circulat pe un singur fir din cauza unei degaj\u0103ri de fum - Buletin de Bucure\u0219ti\",\"isPartOf\":{\"@id\":\"https:\\\/\\\/buletin.de\\\/bucuresti\\\/#website\"},\"primaryImageOfPage\":{\"@id\":\"https:\\\/\\\/buletin.de\\\/bucuresti\\\/incident-la-metrou-pe-m2-trenurile-au-circulat-pe-un-singur-fir-din-cauza-unei-degajari-de-fum\\\/#primaryimage\"},\"image\":{\"@id\":\"https:\\\/\\\/buletin.de\\\/bucuresti\\\/incident-la-metrou-pe-m2-trenurile-au-circulat-pe-un-singur-fir-din-cauza-unei-degajari-de-fum\\\/#primaryimage\"},\"thumbnailUrl\":\"https:\\\/\\\/buletin.de\\\/bucuresti\\\/wp-content\\\/uploads\\\/Metrou-tunel-1600x1066-1.jpeg\",\"datePublished\":\"2025-03-03T22:34:39+00:00\",\"dateModified\":\"2025-03-03T22:34:40+00:00\",\"description\":\"Incident la metrou. Pe Magistrala 2, trenurile circul\u0103 pe un singur fir din cauza unei degaj\u0103ri de fum la Pia\u021ba Unirii 2\",\"breadcrumb\":{\"@id\":\"https:\\\/\\\/buletin.de\\\/bucuresti\\\/incident-la-metrou-pe-m2-trenurile-au-circulat-pe-un-singur-fir-din-cauza-unei-degajari-de-fum\\\/#breadcrumb\"},\"inLanguage\":\"en-GB\",\"potentialAction\":[{\"@type\":\"ReadAction\",\"target\":[\"https:\\\/\\\/buletin.de\\\/bucuresti\\\/incident-la-metrou-pe-m2-trenurile-au-circulat-pe-un-singur-fir-din-cauza-unei-degajari-de-fum\\\/\"]}]},{\"@type\":\"ImageObject\",\"inLanguage\":\"en-GB\",\"@id\":\"https:\\\/\\\/buletin.de\\\/bucuresti\\\/incident-la-metrou-pe-m2-trenurile-au-circulat-pe-un-singur-fir-din-cauza-unei-degajari-de-fum\\\/#primaryimage\",\"url\":\"https:\\\/\\\/buletin.de\\\/bucuresti\\\/wp-content\\\/uploads\\\/Metrou-tunel-1600x1066-1.jpeg\",\"contentUrl\":\"https:\\\/\\\/buletin.de\\\/bucuresti\\\/wp-content\\\/uploads\\\/Metrou-tunel-1600x1066-1.jpeg\",\"width\":1600,\"height\":1066,\"caption\":\"Incident la metrou. Pe M2, trenurile circul\u0103 pe un singur fir din cauza unei degaj\u0103ri de fum. foto: Inquam Photos \\\/ Octav Ganea\"},{\"@type\":\"BreadcrumbList\",\"@id\":\"https:\\\/\\\/buletin.de\\\/bucuresti\\\/incident-la-metrou-pe-m2-trenurile-au-circulat-pe-un-singur-fir-din-cauza-unei-degajari-de-fum\\\/#breadcrumb\",\"itemListElement\":[{\"@type\":\"ListItem\",\"position\":1,\"name\":\"Acas\u0103\",\"item\":\"https:\\\/\\\/buletin.de\\\/bucuresti\\\/\"},{\"@type\":\"ListItem\",\"position\":2,\"name\":\"Incident la metrou. Pe M2, trenurile au circulat pe un singur fir din cauza unei degaj\u0103ri de fum\"}]},{\"@type\":\"WebSite\",\"@id\":\"https:\\\/\\\/buletin.de\\\/bucuresti\\\/#website\",\"url\":\"https:\\\/\\\/buletin.de\\\/bucuresti\\\/\",\"name\":\"Buletin de Bucure\u0219ti\",\"description\":\"\u0218tiri \u0219i investiga\u021bii esen\u021biale din capital\u0103\",\"publisher\":{\"@id\":\"https:\\\/\\\/buletin.de\\\/bucuresti\\\/#organization\"},\"potentialAction\":[{\"@type\":\"SearchAction\",\"target\":{\"@type\":\"EntryPoint\",\"urlTemplate\":\"https:\\\/\\\/buletin.de\\\/bucuresti\\\/?s={search_term_string}\"},\"query-input\":{\"@type\":\"PropertyValueSpecification\",\"valueRequired\":true,\"valueName\":\"search_term_string\"}}],\"inLanguage\":\"en-GB\"},{\"@type\":\"Organization\",\"@id\":\"https:\\\/\\\/buletin.de\\\/bucuresti\\\/#organization\",\"name\":\"Buletin de Bucure\u0219ti\",\"url\":\"https:\\\/\\\/buletin.de\\\/bucuresti\\\/\",\"logo\":{\"@type\":\"ImageObject\",\"inLanguage\":\"en-GB\",\"@id\":\"https:\\\/\\\/buletin.de\\\/bucuresti\\\/#\\\/schema\\\/logo\\\/image\\\/\",\"url\":\"https:\\\/\\\/buletin.de\\\/bucuresti\\\/wp-content\\\/uploads\\\/logo-bdb-full-wide-vernil-transparent.png\",\"contentUrl\":\"https:\\\/\\\/buletin.de\\\/bucuresti\\\/wp-content\\\/uploads\\\/logo-bdb-full-wide-vernil-transparent.png\",\"width\":1782,\"height\":626,\"caption\":\"Buletin de Bucure\u0219ti\"},\"image\":{\"@id\":\"https:\\\/\\\/buletin.de\\\/bucuresti\\\/#\\\/schema\\\/logo\\\/image\\\/\"},\"sameAs\":[\"https:\\\/\\\/www.facebook.com\\\/buletin.de.buc\",\"https:\\\/\\\/www.instagram.com\\\/buletinde.bucuresti\\\/\"]},{\"@type\":\"Person\",\"@id\":\"https:\\\/\\\/buletin.de\\\/bucuresti\\\/#\\\/schema\\\/person\\\/2bbcf854e5f2419a13804af574d06ab1\",\"name\":\"Redac\u021bia Buletin de Bucure\u0219ti\",\"image\":{\"@type\":\"ImageObject\",\"inLanguage\":\"en-GB\",\"@id\":\"https:\\\/\\\/secure.gravatar.com\\\/avatar\\\/18c5342381ed1a08620e6280424e3e5efc958618f5d67c522c9e44c1bc6f9226?s=96&d=monsterid&r=g60c7cd0ad92c68c049fcd4bb3504d609\",\"url\":\"https:\\\/\\\/secure.gravatar.com\\\/avatar\\\/18c5342381ed1a08620e6280424e3e5efc958618f5d67c522c9e44c1bc6f9226?s=96&d=monsterid&r=g\",\"contentUrl\":\"https:\\\/\\\/secure.gravatar.com\\\/avatar\\\/18c5342381ed1a08620e6280424e3e5efc958618f5d67c522c9e44c1bc6f9226?s=96&d=monsterid&r=g\",\"caption\":\"Redac\u021bia Buletin de Bucure\u0219ti\"},\"description\":\"Buletin de Bucure\u0219ti exist\u0103 din vara anului 2019.\",\"url\":\"https:\\\/\\\/buletin.de\\\/bucuresti\\\/author\\\/adminbuletin\\\/\"}]}<\/script>\n<!-- \/ Yoast SEO Premium plugin. -->","yoast_head_json":{"title":"Incident la metrou. Pe M2, trenurile au circulat pe un singur fir din cauza unei degaj\u0103ri de fum - Buletin de Bucure\u0219ti","description":"Incident la metrou. Pe Magistrala 2, trenurile circul\u0103 pe un singur fir din cauza unei degaj\u0103ri de fum la Pia\u021ba Unirii 2","robots":{"index":"index","follow":"follow","max-snippet":"max-snippet:-1","max-image-preview":"max-image-preview:large","max-video-preview":"max-video-preview:-1"},"canonical":"https:\/\/buletin.de\/bucuresti\/incident-la-metrou-pe-m2-trenurile-au-circulat-pe-un-singur-fir-din-cauza-unei-degajari-de-fum\/","og_locale":"en_GB","og_type":"article","og_title":"Incident la metrou. Pe M2, trenurile au circulat pe un singur fir din cauza unei degaj\u0103ri de fum","og_description":"Incident la metrou. Pe Magistrala 2, trenurile circul\u0103 pe un singur fir din cauza unei degaj\u0103ri de fum la Pia\u021ba Unirii 2","og_url":"https:\/\/buletin.de\/bucuresti\/incident-la-metrou-pe-m2-trenurile-au-circulat-pe-un-singur-fir-din-cauza-unei-degajari-de-fum\/","og_site_name":"Buletin de Bucure\u0219ti","article_publisher":"https:\/\/www.facebook.com\/buletin.de.buc","article_published_time":"2025-03-03T22:34:39+00:00","article_modified_time":"2025-03-03T22:34:40+00:00","og_image":[{"width":1600,"height":1066,"url":"https:\/\/buletin.de\/bucuresti\/wp-content\/uploads\/Metrou-tunel-1600x1066-1.jpeg","type":"image\/jpeg"}],"author":"Redac\u021bia Buletin de Bucure\u0219ti","twitter_card":"summary_large_image","twitter_misc":{"Written by":"Redac\u021bia Buletin de Bucure\u0219ti","Estimated reading time":"2 minutes"},"schema":{"@context":"https:\/\/schema.org","@graph":[{"@type":"Article","@id":"https:\/\/buletin.de\/bucuresti\/incident-la-metrou-pe-m2-trenurile-au-circulat-pe-un-singur-fir-din-cauza-unei-degajari-de-fum\/#article","isPartOf":{"@id":"https:\/\/buletin.de\/bucuresti\/incident-la-metrou-pe-m2-trenurile-au-circulat-pe-un-singur-fir-din-cauza-unei-degajari-de-fum\/"},"author":{"name":"Redac\u021bia Buletin de Bucure\u0219ti","@id":"https:\/\/buletin.de\/bucuresti\/#\/schema\/person\/2bbcf854e5f2419a13804af574d06ab1"},"headline":"Incident la metrou. Pe M2, trenurile au circulat pe un singur fir din cauza unei degaj\u0103ri de fum","datePublished":"2025-03-03T22:34:39+00:00","dateModified":"2025-03-03T22:34:40+00:00","mainEntityOfPage":{"@id":"https:\/\/buletin.de\/bucuresti\/incident-la-metrou-pe-m2-trenurile-au-circulat-pe-un-singur-fir-din-cauza-unei-degajari-de-fum\/"},"wordCount":357,"publisher":{"@id":"https:\/\/buletin.de\/bucuresti\/#organization"},"image":{"@id":"https:\/\/buletin.de\/bucuresti\/incident-la-metrou-pe-m2-trenurile-au-circulat-pe-un-singur-fir-din-cauza-unei-degajari-de-fum\/#primaryimage"},"thumbnailUrl":"https:\/\/buletin.de\/bucuresti\/wp-content\/uploads\/Metrou-tunel-1600x1066-1.jpeg","keywords":["bucuresti","Capitala","incident metrorex","metrorex","metrou","piata unirii"],"articleSection":["Articole","Eveniment","\u0218tiri","Transport"],"inLanguage":"en-GB","copyrightYear":"2025","copyrightHolder":{"@id":"https:\/\/buletin.de\/bucuresti\/#organization"}},{"@type":"WebPage","@id":"https:\/\/buletin.de\/bucuresti\/incident-la-metrou-pe-m2-trenurile-au-circulat-pe-un-singur-fir-din-cauza-unei-degajari-de-fum\/","url":"https:\/\/buletin.de\/bucuresti\/incident-la-metrou-pe-m2-trenurile-au-circulat-pe-un-singur-fir-din-cauza-unei-degajari-de-fum\/","name":"Incident la metrou. Pe M2, trenurile au circulat pe un singur fir din cauza unei degaj\u0103ri de fum - Buletin de Bucure\u0219ti","isPartOf":{"@id":"https:\/\/buletin.de\/bucuresti\/#website"},"primaryImageOfPage":{"@id":"https:\/\/buletin.de\/bucuresti\/incident-la-metrou-pe-m2-trenurile-au-circulat-pe-un-singur-fir-din-cauza-unei-degajari-de-fum\/#primaryimage"},"image":{"@id":"https:\/\/buletin.de\/bucuresti\/incident-la-metrou-pe-m2-trenurile-au-circulat-pe-un-singur-fir-din-cauza-unei-degajari-de-fum\/#primaryimage"},"thumbnailUrl":"https:\/\/buletin.de\/bucuresti\/wp-content\/uploads\/Metrou-tunel-1600x1066-1.jpeg","datePublished":"2025-03-03T22:34:39+00:00","dateModified":"2025-03-03T22:34:40+00:00","description":"Incident la metrou. Pe Magistrala 2, trenurile circul\u0103 pe un singur fir din cauza unei degaj\u0103ri de fum la Pia\u021ba Unirii 2","breadcrumb":{"@id":"https:\/\/buletin.de\/bucuresti\/incident-la-metrou-pe-m2-trenurile-au-circulat-pe-un-singur-fir-din-cauza-unei-degajari-de-fum\/#breadcrumb"},"inLanguage":"en-GB","potentialAction":[{"@type":"ReadAction","target":["https:\/\/buletin.de\/bucuresti\/incident-la-metrou-pe-m2-trenurile-au-circulat-pe-un-singur-fir-din-cauza-unei-degajari-de-fum\/"]}]},{"@type":"ImageObject","inLanguage":"en-GB","@id":"https:\/\/buletin.de\/bucuresti\/incident-la-metrou-pe-m2-trenurile-au-circulat-pe-un-singur-fir-din-cauza-unei-degajari-de-fum\/#primaryimage","url":"https:\/\/buletin.de\/bucuresti\/wp-content\/uploads\/Metrou-tunel-1600x1066-1.jpeg","contentUrl":"https:\/\/buletin.de\/bucuresti\/wp-content\/uploads\/Metrou-tunel-1600x1066-1.jpeg","width":1600,"height":1066,"caption":"Incident la metrou. Pe M2, trenurile circul\u0103 pe un singur fir din cauza unei degaj\u0103ri de fum. foto: Inquam Photos \/ Octav Ganea"},{"@type":"BreadcrumbList","@id":"https:\/\/buletin.de\/bucuresti\/incident-la-metrou-pe-m2-trenurile-au-circulat-pe-un-singur-fir-din-cauza-unei-degajari-de-fum\/#breadcrumb","itemListElement":[{"@type":"ListItem","position":1,"name":"Acas\u0103","item":"https:\/\/buletin.de\/bucuresti\/"},{"@type":"ListItem","position":2,"name":"Incident la metrou. Pe M2, trenurile au circulat pe un singur fir din cauza unei degaj\u0103ri de fum"}]},{"@type":"WebSite","@id":"https:\/\/buletin.de\/bucuresti\/#website","url":"https:\/\/buletin.de\/bucuresti\/","name":"Buletin de Bucure\u0219ti","description":"\u0218tiri \u0219i investiga\u021bii esen\u021biale din capital\u0103","publisher":{"@id":"https:\/\/buletin.de\/bucuresti\/#organization"},"potentialAction":[{"@type":"SearchAction","target":{"@type":"EntryPoint","urlTemplate":"https:\/\/buletin.de\/bucuresti\/?s={search_term_string}"},"query-input":{"@type":"PropertyValueSpecification","valueRequired":true,"valueName":"search_term_string"}}],"inLanguage":"en-GB"},{"@type":"Organization","@id":"https:\/\/buletin.de\/bucuresti\/#organization","name":"Buletin de Bucure\u0219ti","url":"https:\/\/buletin.de\/bucuresti\/","logo":{"@type":"ImageObject","inLanguage":"en-GB","@id":"https:\/\/buletin.de\/bucuresti\/#\/schema\/logo\/image\/","url":"https:\/\/buletin.de\/bucuresti\/wp-content\/uploads\/logo-bdb-full-wide-vernil-transparent.png","contentUrl":"https:\/\/buletin.de\/bucuresti\/wp-content\/uploads\/logo-bdb-full-wide-vernil-transparent.png","width":1782,"height":626,"caption":"Buletin de Bucure\u0219ti"},"image":{"@id":"https:\/\/buletin.de\/bucuresti\/#\/schema\/logo\/image\/"},"sameAs":["https:\/\/www.facebook.com\/buletin.de.buc","https:\/\/www.instagram.com\/buletinde.bucuresti\/"]},{"@type":"Person","@id":"https:\/\/buletin.de\/bucuresti\/#\/schema\/person\/2bbcf854e5f2419a13804af574d06ab1","name":"Redac\u021bia Buletin de Bucure\u0219ti","image":{"@type":"ImageObject","inLanguage":"en-GB","@id":"https:\/\/secure.gravatar.com\/avatar\/18c5342381ed1a08620e6280424e3e5efc958618f5d67c522c9e44c1bc6f9226?s=96&d=monsterid&r=g60c7cd0ad92c68c049fcd4bb3504d609","url":"https:\/\/secure.gravatar.com\/avatar\/18c5342381ed1a08620e6280424e3e5efc958618f5d67c522c9e44c1bc6f9226?s=96&d=monsterid&r=g","contentUrl":"https:\/\/secure.gravatar.com\/avatar\/18c5342381ed1a08620e6280424e3e5efc958618f5d67c522c9e44c1bc6f9226?s=96&d=monsterid&r=g","caption":"Redac\u021bia Buletin de Bucure\u0219ti"},"description":"Buletin de Bucure\u0219ti exist\u0103 din vara anului 2019.","url":"https:\/\/buletin.de\/bucuresti\/author\/adminbuletin\/"}]}},"authors":[{"term_id":22583,"user_id":1,"is_guest":0,"slug":"adminbuletin","display_name":"Redac\u021bia Buletin de Bucure\u0219ti","avatar_url":"https:\/\/secure.gravatar.com\/avatar\/18c5342381ed1a08620e6280424e3e5efc958618f5d67c522c9e44c1bc6f9226?s=96&d=monsterid&r=g","0":null,"1":"","2":"","3":"","4":"","5":"","6":"","7":"","8":""}],"_links":{"self":[{"href":"https:\/\/buletin.de\/bucuresti\/wp-json\/wp\/v2\/posts\/121120","targetHints":{"allow":["GET"]}}],"collection":[{"href":"https:\/\/buletin.de\/bucuresti\/wp-json\/wp\/v2\/posts"}],"about":[{"href":"https:\/\/buletin.de\/bucuresti\/wp-json\/wp\/v2\/types\/post"}],"author":[{"embeddable":true,"href":"https:\/\/buletin.de\/bucuresti\/wp-json\/wp\/v2\/users\/1"}],"replies":[{"embeddable":true,"href":"https:\/\/buletin.de\/bucuresti\/wp-json\/wp\/v2\/comments?post=121120"}],"version-history":[{"count":3,"href":"https:\/\/buletin.de\/bucuresti\/wp-json\/wp\/v2\/posts\/121120\/revisions"}],"predecessor-version":[{"id":121126,"href":"https:\/\/buletin.de\/bucuresti\/wp-json\/wp\/v2\/posts\/121120\/revisions\/121126"}],"wp:featuredmedia":[{"embeddable":true,"href":"https:\/\/buletin.de\/bucuresti\/wp-json\/wp\/v2\/media\/121121"}],"wp:attachment":[{"href":"https:\/\/buletin.de\/bucuresti\/wp-json\/wp\/v2\/media?parent=121120"}],"wp:term":[{"taxonomy":"category","embeddable":true,"href":"https:\/\/buletin.de\/bucuresti\/wp-json\/wp\/v2\/categories?post=121120"},{"taxonomy":"post_tag","embeddable":true,"href":"https:\/\/buletin.de\/bucuresti\/wp-json\/wp\/v2\/tags?post=121120"},{"taxonomy":"author","embeddable":true,"href":"https:\/\/buletin.de\/bucuresti\/wp-json\/wp\/v2\/ppma_author?post=121120"}],"curies":[{"name":"wp","href":"https:\/\/api.w.org\/{rel}","templated":true}]}}