{"id":120938,"date":"2025-03-02T13:00:41","date_gmt":"2025-03-02T10:00:41","guid":{"rendered":"https:\/\/buletin.de\/bucuresti\/?p=120938"},"modified":"2025-03-02T23:23:12","modified_gmt":"2025-03-02T20:23:12","slug":"in-conturile-lui-george-simion-au-aparut-250-000-de-lei-in-zece-zile-pe-21-ianuarie-nu-avea-nici-un-leu-in-banca","status":"publish","type":"post","link":"https:\/\/buletin.de\/bucuresti\/in-conturile-lui-george-simion-au-aparut-250-000-de-lei-in-zece-zile-pe-21-ianuarie-nu-avea-nici-un-leu-in-banca\/","title":{"rendered":"\u00cen conturile lui George Simion au ap\u0103rut 250.000 de lei \u00een zece zile. Deputatul de Bucure\u0219ti nu avea pe 21 ianuarie nici un leu \u00een banc\u0103"},"content":{"rendered":"\n<p><strong>\u00cen conturile lui George Simion, pre\u0219edintele AUR \u0219i deputat de Bucure\u0219ti, a ap\u0103rut \u00een doar zece zile o sum\u0103 consistent\u0103, de 250.000 de lei. Buletin de Bucure\u0219ti l-a c\u0103utat pe politician pentru a explica provenien\u021ba banilor, dar f\u0103r\u0103 succes. <\/strong><\/p>\n\n\n\n<p>George Simion, fost candidat la pre\u0219edin\u021bie \u0219i una dintre cele mai vizibile figuri ale partidelor \u201esuveraniste\u201d, este la al doilea mandat ca deputat de Bucure\u0219ti. <\/p>\n\n\n\n<p>Parlamentarii sunt obliga\u021bi s\u0103 depun\u0103 c\u00e2te o declara\u021bie de avere la \u00eenceputul \u0219i la finalul fiec\u0103rui mandat. <strong>Liderul AUR s-a conformat, numai c\u0103 documentele au scos la iveal\u0103 o situa\u021bie neclar\u0103. <\/strong><\/p>\n\n\n\n<p><strong>CITE\u0218TE \u0218I: <a href=\"https:\/\/buletin.de\/bucuresti\/investigatie-bugetarul-dragos-frasineanu-seful-directiei-pentru-cultura-ascunde-un-apartament-de-lux-intr-o-zona-exclusivista-a-bucurestiului-blocul-ridicat-de-un-fost-lider-pmp-si-de-un-afaceri\/\" target=\"_blank\" rel=\"noreferrer noopener\">INVESTIGA\u0162IE | Bugetarul Drago\u0219 Fr\u0103sineanu, \u0219eful Direc\u021biei pentru Cultur\u0103 care avizeaz\u0103 demol\u0103rile din zonele \u201esensibile\u201d ale Capitalei, ascunde un apartament de lux \u00een \u201ecartierul boga\u021bilor\u201d. Blocul, ridicat de un fost lider PMP \u0219i de un afacerist implicat \u00een retroced\u0103ri controversate<\/a><\/strong><\/p>\n\n\n\n<div class=\"wp-block-buttons is-content-justification-center is-layout-flex wp-container-core-buttons-is-layout-16018d1d wp-block-buttons-is-layout-flex\">\n<div class=\"wp-block-button has-custom-width wp-block-button__width-100\"><a class=\"wp-block-button__link wp-element-button\" href=\"https:\/\/www.patreon.com\/BuletinDeBucuresti\"><strong>Sus\u021bine Buletin de Bucure\u0219ti pentru investiga\u021bii, reportaje \u0219i \u0219tiri Locale<\/strong><\/a><\/div>\n<\/div>\n\n\n\n<h2 class=\"wp-block-heading\" id=\"h-dar-de-botez-60-000-de-euro\">Dar de botez: 60.000 de euro<\/h2>\n\n\n\n<p>Liderul AUR nu este un om bogat, potrivit declara\u021biilor sale de avere. Nu de\u021bine pe numele s\u0103u nici o locuin\u021b\u0103, nici un teren \u0219i nici m\u0103car un autoturism. Anul trecut avea un Ford Fiesta vechi, din 2006, pe care l-a v\u00e2ndut.<\/p>\n\n\n\n<p>Nu are bijuterii \u0219i obiecte de art\u0103 valoroase, nu a \u00eemprumutat pe nimeni \u0219i nu are investi\u021bii financiare. <\/p>\n\n\n\n<p>Singurul s\u0103u venit declarat este cel de deputat, care \u00een anul anterior a fost de <strong><mark style=\"background-color:rgba(0, 0, 0, 0)\" class=\"has-inline-color has-vivid-red-color\">136.988 de lei<\/mark>.<\/strong> \u00cen 2024, a declarat c\u0103 a primit, ca dar de botez, o sum\u0103 total\u0103 de <strong><mark style=\"background-color:rgba(0, 0, 0, 0)\" class=\"has-inline-color has-vivid-red-color\">60.000 de euro<\/mark><\/strong>.<\/p>\n\n\n\n<p>Petrecerea pentru botezarea copilului s\u0103u a avut loc \u00een iulie, iar la eveniment au fost invitate 1.000 de persoane, potrivit <a href=\"https:\/\/adevarul.ro\/politica\/george-simion-botez-cu-1000-de-invitati-4-nasi-2373444.html\" target=\"_blank\" rel=\"noreferrer noopener\">declara\u021biei <\/a>f\u0103cute chiar de c\u0103tre George Simion.<\/p>\n\n\n\n<p><strong>CITE\u0218TE \u0218I: <a href=\"https:\/\/buletin.de\/bucuresti\/un-polonez-a-fost-prins-din-nou-cu-un-cutit-in-multime\/\" target=\"_blank\" rel=\"noreferrer noopener\">Bilan\u021bul dup\u0103 protest: un polonez a fost prins din nou cu un cu\u021bit \u00een mul\u021bime<\/a><\/strong><\/p>\n\n\n\n<h2 class=\"wp-block-heading\" id=\"h-in-conturile-lui-george-simion-au-aparut-250-000-de-lei\">\u00cen conturile lui George Simion au ap\u0103rut 250.000 de lei <\/h2>\n\n\n\n<p>\u00cen <a href=\"https:\/\/cdep.ro\/pls\/parlam\/structura2015.mp?idm=265&amp;leg=2020&amp;cam=2&amp;idl=1&amp;pag=5\" target=\"_blank\" rel=\"noreferrer noopener\">declara\u021bia de avere<\/a> pe care a depus-o la finalul primului s\u0103u mandat ca deputat de Bucure\u0219ti, pe 21 ianuarie 2025, George Simion a declarat c\u0103 nu are nici un cont bancar.<\/p>\n\n\n\n<p>\u00cen schimb, \u00een <a href=\"https:\/\/cdep.ro\/pls\/parlam\/structura2015.mp?idm=279&amp;cam=2&amp;leg=2024&amp;pag=5\">declara\u021bia de avere<\/a> depus\u0103 doar 10 zece zile mai t\u00e2rziu, pe 31 ianuarie, la \u00eenceperea celui de al doilea mandat de parlamentar, \u00een mod surprinz\u0103tor liderul AUR a declarat un cont \u00een care se afl\u0103 suma de <strong><mark style=\"background-color:rgba(0, 0, 0, 0)\" class=\"has-inline-color has-vivid-red-color\">250.050 de lei <\/mark><\/strong>(50.000 de euro).<\/p>\n\n\n\n<figure class=\"wp-block-image size-large\"><img fetchpriority=\"high\" decoding=\"async\" width=\"900\" height=\"411\" src=\"data:image\/gif;base64,R0lGODlhAQABAAAAACH5BAEKAAEALAAAAAABAAEAAAICTAEAOw==\" data-src=\"https:\/\/buletin.de\/bucuresti\/wp-content\/uploads\/contsimion-900x411.png\" alt=\"conturile lui George Simion\" class=\"wp-image-120941 lazyload\" data-sizes=\"auto\" data-srcset=\"https:\/\/buletin.de\/bucuresti\/wp-content\/uploads\/contsimion-900x411.png 900w, https:\/\/buletin.de\/bucuresti\/wp-content\/uploads\/contsimion-300x137.png 300w, https:\/\/buletin.de\/bucuresti\/wp-content\/uploads\/contsimion-768x351.png 768w, https:\/\/buletin.de\/bucuresti\/wp-content\/uploads\/contsimion-1100x502.png 1100w, https:\/\/buletin.de\/bucuresti\/wp-content\/uploads\/contsimion-600x274.png 600w, https:\/\/buletin.de\/bucuresti\/wp-content\/uploads\/contsimion-20x9.png 20w, https:\/\/buletin.de\/bucuresti\/wp-content\/uploads\/contsimion.png 1200w\" sizes=\"(max-width: 900px) 100vw, 900px\" \/><figcaption class=\"wp-element-caption\">\u00cen conturile lui George Simion au ap\u0103rut 250.000 de lei<\/figcaption><\/figure>\n\n\n\n<p><strong>De unde\/de la cine a luat George Simion cei 250.000 de lei, \u00een doar zece zile? <\/strong><\/p>\n\n\n\n<p>Dac\u0103 suma reprezint\u0103 banii de la botez, care au fost ulterior pu\u0219i \u00een banc\u0103, de ce nu apar \u00een declara\u021bia de avere din 21 ianuarie, av\u00e2nd \u00een vedere c\u0103 petrecerea a avut loc \u00een iulie 2024, deci cu \u0219ase luni \u00eenainte?<\/p>\n\n\n\n<p><a href=\"https:\/\/integritate.eu\/wp-content\/uploads\/2024\/03\/001_Brosura-A5-Ghid_de_completare_a_declaratiilor_de_avere_si_de_interese__IAN_2024_modificat_002.pdf\" target=\"_blank\" rel=\"noreferrer noopener\">Legea<\/a> men\u021bioneac\u0103 c\u0103 \u201edeclara\u0163iile de avere se completeaz\u0103 cu datele aferente anului fiscal anterior, \u00een cazul<br>veniturilor, \u015fi <strong><mark style=\"background-color:rgba(0, 0, 0, 0)\" class=\"has-inline-color has-vivid-red-color\">cu informa\u0163iile la data declar\u0103rii pentru celelalte capitole<\/mark><\/strong>\u201d. <\/p>\n\n\n\n<p>A\u0219adar, dac\u0103 de\u021binea bani \u00een cont pe 21 ianuarie 2025, trebuia s\u0103-i declare \u00een documentul depus \u00een acea zi.<\/p>\n\n\n\n<p><strong>Am \u00eencercat s\u0103 \u00eel contact\u0103m pe liderul AUR pentru a l\u0103muri aceast\u0103 situa\u021bie, dar George Simion nu a r\u0103spuns nici la telefon, nici la mesajul trimis pe Whataspp.<\/strong><\/p>\n","protected":false},"excerpt":{"rendered":"<p>\u00cen conturile lui George Simion, pre\u0219edintele AUR \u0219i deputat de Bucure\u0219ti, a ap\u0103rut \u00een doar zece zile o sum\u0103 consistent\u0103, de 250.000 de lei. Buletin de Bucure\u0219ti l-a c\u0103utat pe politician pentru a explica provenien\u021ba banilor, dar f\u0103r\u0103 succes. George Simion, fost candidat la pre\u0219edin\u021bie \u0219i una dintre cele mai vizibile figuri ale partidelor \u201esuveraniste\u201d, [&hellip;]<\/p>\n","protected":false},"author":60,"featured_media":120943,"comment_status":"closed","ping_status":"open","sticky":false,"template":"","format":"standard","meta":{"_acf_changed":false,"inline_featured_image":false,"ngg_post_thumbnail":0,"footnotes":""},"categories":[6994,5762,9025],"tags":[17296,19541,10793,3859,19504],"ppma_author":[22582],"class_list":["post-120938","post","type-post","status-publish","format-standard","has-post-thumbnail","hentry","category-stiri-2","category-main","category-politic","tag-aur-bucuresti","tag-avere-simion","tag-declaratie-de-avere","tag-george-simion","tag-protest-simion"],"acf":[],"yoast_head":"<!-- This site is optimized with the Yoast SEO Premium plugin v25.3 (Yoast SEO v27.5) - https:\/\/yoast.com\/product\/yoast-seo-premium-wordpress\/ -->\n<title>\u00cen conturile lui George Simion au ap\u0103rut 250.000 de lei \u00een zece zile. Deputatul de Bucure\u0219ti nu avea pe 21 ianuarie nici un leu \u00een banc\u0103 - Buletin de Bucure\u0219ti<\/title>\n<meta name=\"description\" content=\"\u00cen conturile lui George Simion au ap\u0103rut 250.000 de lei \u00een zece zile. Pe 21 ianuarie nu avea nici un leu \u00een banc\u0103.\" \/>\n<meta name=\"robots\" content=\"index, follow, max-snippet:-1, max-image-preview:large, max-video-preview:-1\" \/>\n<link rel=\"canonical\" href=\"https:\/\/buletin.de\/bucuresti\/in-conturile-lui-george-simion-au-aparut-250-000-de-lei-in-zece-zile-pe-21-ianuarie-nu-avea-nici-un-leu-in-banca\/\" \/>\n<meta property=\"og:locale\" content=\"en_GB\" \/>\n<meta property=\"og:type\" content=\"article\" \/>\n<meta property=\"og:title\" content=\"\u00cen conturile lui George Simion au ap\u0103rut 250.000 de lei \u00een zece zile. Deputatul de Bucure\u0219ti nu avea pe 21 ianuarie nici un leu \u00een banc\u0103\" \/>\n<meta property=\"og:description\" content=\"\u00cen conturile lui George Simion au ap\u0103rut 250.000 de lei \u00een zece zile. Pe 21 ianuarie nu avea nici un leu \u00een banc\u0103.\" \/>\n<meta property=\"og:url\" content=\"https:\/\/buletin.de\/bucuresti\/in-conturile-lui-george-simion-au-aparut-250-000-de-lei-in-zece-zile-pe-21-ianuarie-nu-avea-nici-un-leu-in-banca\/\" \/>\n<meta property=\"og:site_name\" content=\"Buletin de Bucure\u0219ti\" \/>\n<meta property=\"article:publisher\" content=\"https:\/\/www.facebook.com\/buletin.de.buc\" \/>\n<meta property=\"article:published_time\" content=\"2025-03-02T10:00:41+00:00\" \/>\n<meta property=\"article:modified_time\" content=\"2025-03-02T20:23:12+00:00\" \/>\n<meta property=\"og:image\" content=\"https:\/\/buletin.de\/bucuresti\/wp-content\/uploads\/conturile-lui-George-Simion_INQUAM_Photos_Adriana_Neagoe.jpg\" \/>\n\t<meta property=\"og:image:width\" content=\"1200\" \/>\n\t<meta property=\"og:image:height\" content=\"800\" \/>\n\t<meta property=\"og:image:type\" content=\"image\/jpeg\" \/>\n<meta name=\"author\" content=\"R\u0103zvan Chiru\u021b\u0103\" \/>\n<meta name=\"twitter:card\" content=\"summary_large_image\" \/>\n<meta name=\"twitter:label1\" content=\"Written by\" \/>\n\t<meta name=\"twitter:data1\" content=\"R\u0103zvan Chiru\u021b\u0103\" \/>\n\t<meta name=\"twitter:label2\" content=\"Estimated reading time\" \/>\n\t<meta name=\"twitter:data2\" content=\"1 minute\" \/>\n<script type=\"application\/ld+json\" class=\"yoast-schema-graph\">{\"@context\":\"https:\\\/\\\/schema.org\",\"@graph\":[{\"@type\":\"Article\",\"@id\":\"https:\\\/\\\/buletin.de\\\/bucuresti\\\/in-conturile-lui-george-simion-au-aparut-250-000-de-lei-in-zece-zile-pe-21-ianuarie-nu-avea-nici-un-leu-in-banca\\\/#article\",\"isPartOf\":{\"@id\":\"https:\\\/\\\/buletin.de\\\/bucuresti\\\/in-conturile-lui-george-simion-au-aparut-250-000-de-lei-in-zece-zile-pe-21-ianuarie-nu-avea-nici-un-leu-in-banca\\\/\"},\"author\":{\"name\":\"R\u0103zvan Chiru\u021b\u0103\",\"@id\":\"https:\\\/\\\/buletin.de\\\/bucuresti\\\/#\\\/schema\\\/person\\\/a76df728dfc913795a9d90e346b253bb\"},\"headline\":\"\u00cen conturile lui George Simion au ap\u0103rut 250.000 de lei \u00een zece zile. Deputatul de Bucure\u0219ti nu avea pe 21 ianuarie nici un leu \u00een banc\u0103\",\"datePublished\":\"2025-03-02T10:00:41+00:00\",\"dateModified\":\"2025-03-02T20:23:12+00:00\",\"mainEntityOfPage\":{\"@id\":\"https:\\\/\\\/buletin.de\\\/bucuresti\\\/in-conturile-lui-george-simion-au-aparut-250-000-de-lei-in-zece-zile-pe-21-ianuarie-nu-avea-nici-un-leu-in-banca\\\/\"},\"wordCount\":587,\"publisher\":{\"@id\":\"https:\\\/\\\/buletin.de\\\/bucuresti\\\/#organization\"},\"image\":{\"@id\":\"https:\\\/\\\/buletin.de\\\/bucuresti\\\/in-conturile-lui-george-simion-au-aparut-250-000-de-lei-in-zece-zile-pe-21-ianuarie-nu-avea-nici-un-leu-in-banca\\\/#primaryimage\"},\"thumbnailUrl\":\"https:\\\/\\\/buletin.de\\\/bucuresti\\\/wp-content\\\/uploads\\\/conturile-lui-George-Simion_INQUAM_Photos_Adriana_Neagoe.jpg\",\"keywords\":[\"aur bucuresti\",\"avere simion\",\"declaratie de avere\",\"george simion\",\"protest Simion\"],\"articleSection\":[\"Articole\",\"Main\",\"Politic\"],\"inLanguage\":\"en-GB\",\"copyrightYear\":\"2025\",\"copyrightHolder\":{\"@id\":\"https:\\\/\\\/buletin.de\\\/bucuresti\\\/#organization\"}},{\"@type\":\"WebPage\",\"@id\":\"https:\\\/\\\/buletin.de\\\/bucuresti\\\/in-conturile-lui-george-simion-au-aparut-250-000-de-lei-in-zece-zile-pe-21-ianuarie-nu-avea-nici-un-leu-in-banca\\\/\",\"url\":\"https:\\\/\\\/buletin.de\\\/bucuresti\\\/in-conturile-lui-george-simion-au-aparut-250-000-de-lei-in-zece-zile-pe-21-ianuarie-nu-avea-nici-un-leu-in-banca\\\/\",\"name\":\"\u00cen conturile lui George Simion au ap\u0103rut 250.000 de lei \u00een zece zile. Deputatul de Bucure\u0219ti nu avea pe 21 ianuarie nici un leu \u00een banc\u0103 - Buletin de Bucure\u0219ti\",\"isPartOf\":{\"@id\":\"https:\\\/\\\/buletin.de\\\/bucuresti\\\/#website\"},\"primaryImageOfPage\":{\"@id\":\"https:\\\/\\\/buletin.de\\\/bucuresti\\\/in-conturile-lui-george-simion-au-aparut-250-000-de-lei-in-zece-zile-pe-21-ianuarie-nu-avea-nici-un-leu-in-banca\\\/#primaryimage\"},\"image\":{\"@id\":\"https:\\\/\\\/buletin.de\\\/bucuresti\\\/in-conturile-lui-george-simion-au-aparut-250-000-de-lei-in-zece-zile-pe-21-ianuarie-nu-avea-nici-un-leu-in-banca\\\/#primaryimage\"},\"thumbnailUrl\":\"https:\\\/\\\/buletin.de\\\/bucuresti\\\/wp-content\\\/uploads\\\/conturile-lui-George-Simion_INQUAM_Photos_Adriana_Neagoe.jpg\",\"datePublished\":\"2025-03-02T10:00:41+00:00\",\"dateModified\":\"2025-03-02T20:23:12+00:00\",\"description\":\"\u00cen conturile lui George Simion au ap\u0103rut 250.000 de lei \u00een zece zile. Pe 21 ianuarie nu avea nici un leu \u00een banc\u0103.\",\"breadcrumb\":{\"@id\":\"https:\\\/\\\/buletin.de\\\/bucuresti\\\/in-conturile-lui-george-simion-au-aparut-250-000-de-lei-in-zece-zile-pe-21-ianuarie-nu-avea-nici-un-leu-in-banca\\\/#breadcrumb\"},\"inLanguage\":\"en-GB\",\"potentialAction\":[{\"@type\":\"ReadAction\",\"target\":[\"https:\\\/\\\/buletin.de\\\/bucuresti\\\/in-conturile-lui-george-simion-au-aparut-250-000-de-lei-in-zece-zile-pe-21-ianuarie-nu-avea-nici-un-leu-in-banca\\\/\"]}]},{\"@type\":\"ImageObject\",\"inLanguage\":\"en-GB\",\"@id\":\"https:\\\/\\\/buletin.de\\\/bucuresti\\\/in-conturile-lui-george-simion-au-aparut-250-000-de-lei-in-zece-zile-pe-21-ianuarie-nu-avea-nici-un-leu-in-banca\\\/#primaryimage\",\"url\":\"https:\\\/\\\/buletin.de\\\/bucuresti\\\/wp-content\\\/uploads\\\/conturile-lui-George-Simion_INQUAM_Photos_Adriana_Neagoe.jpg\",\"contentUrl\":\"https:\\\/\\\/buletin.de\\\/bucuresti\\\/wp-content\\\/uploads\\\/conturile-lui-George-Simion_INQUAM_Photos_Adriana_Neagoe.jpg\",\"width\":1200,\"height\":800,\"caption\":\"GGeorge Simion a descoperit 250.000 de lei \u00een 10 zile. Foto: INQUAM_Photos_Adriana_Neagoe\"},{\"@type\":\"BreadcrumbList\",\"@id\":\"https:\\\/\\\/buletin.de\\\/bucuresti\\\/in-conturile-lui-george-simion-au-aparut-250-000-de-lei-in-zece-zile-pe-21-ianuarie-nu-avea-nici-un-leu-in-banca\\\/#breadcrumb\",\"itemListElement\":[{\"@type\":\"ListItem\",\"position\":1,\"name\":\"Acas\u0103\",\"item\":\"https:\\\/\\\/buletin.de\\\/bucuresti\\\/\"},{\"@type\":\"ListItem\",\"position\":2,\"name\":\"\u00cen conturile lui George Simion au ap\u0103rut 250.000 de lei \u00een zece zile. Deputatul de Bucure\u0219ti nu avea pe 21 ianuarie nici un leu \u00een banc\u0103\"}]},{\"@type\":\"WebSite\",\"@id\":\"https:\\\/\\\/buletin.de\\\/bucuresti\\\/#website\",\"url\":\"https:\\\/\\\/buletin.de\\\/bucuresti\\\/\",\"name\":\"Buletin de Bucure\u0219ti\",\"description\":\"\u0218tiri \u0219i investiga\u021bii esen\u021biale din capital\u0103\",\"publisher\":{\"@id\":\"https:\\\/\\\/buletin.de\\\/bucuresti\\\/#organization\"},\"potentialAction\":[{\"@type\":\"SearchAction\",\"target\":{\"@type\":\"EntryPoint\",\"urlTemplate\":\"https:\\\/\\\/buletin.de\\\/bucuresti\\\/?s={search_term_string}\"},\"query-input\":{\"@type\":\"PropertyValueSpecification\",\"valueRequired\":true,\"valueName\":\"search_term_string\"}}],\"inLanguage\":\"en-GB\"},{\"@type\":\"Organization\",\"@id\":\"https:\\\/\\\/buletin.de\\\/bucuresti\\\/#organization\",\"name\":\"Buletin de Bucure\u0219ti\",\"url\":\"https:\\\/\\\/buletin.de\\\/bucuresti\\\/\",\"logo\":{\"@type\":\"ImageObject\",\"inLanguage\":\"en-GB\",\"@id\":\"https:\\\/\\\/buletin.de\\\/bucuresti\\\/#\\\/schema\\\/logo\\\/image\\\/\",\"url\":\"https:\\\/\\\/buletin.de\\\/bucuresti\\\/wp-content\\\/uploads\\\/logo-bdb-full-wide-vernil-transparent.png\",\"contentUrl\":\"https:\\\/\\\/buletin.de\\\/bucuresti\\\/wp-content\\\/uploads\\\/logo-bdb-full-wide-vernil-transparent.png\",\"width\":1782,\"height\":626,\"caption\":\"Buletin de Bucure\u0219ti\"},\"image\":{\"@id\":\"https:\\\/\\\/buletin.de\\\/bucuresti\\\/#\\\/schema\\\/logo\\\/image\\\/\"},\"sameAs\":[\"https:\\\/\\\/www.facebook.com\\\/buletin.de.buc\",\"https:\\\/\\\/www.instagram.com\\\/buletinde.bucuresti\\\/\"]},{\"@type\":\"Person\",\"@id\":\"https:\\\/\\\/buletin.de\\\/bucuresti\\\/#\\\/schema\\\/person\\\/a76df728dfc913795a9d90e346b253bb\",\"name\":\"R\u0103zvan Chiru\u021b\u0103\",\"image\":{\"@type\":\"ImageObject\",\"inLanguage\":\"en-GB\",\"@id\":\"https:\\\/\\\/buletin.de\\\/bucuresti\\\/wp-content\\\/uploads\\\/Razvan-Chiruta-96x96.jpge7143b996fd4241fbd6ee1f6b6b7b267\",\"url\":\"https:\\\/\\\/buletin.de\\\/bucuresti\\\/wp-content\\\/uploads\\\/Razvan-Chiruta-96x96.jpg\",\"contentUrl\":\"https:\\\/\\\/buletin.de\\\/bucuresti\\\/wp-content\\\/uploads\\\/Razvan-Chiruta-96x96.jpg\",\"caption\":\"R\u0103zvan Chiru\u021b\u0103\"},\"description\":\"R\u0103zvan Chiru\u021b\u0103 este redactor-\u0219ef adjunct din iulie 2024. A fost redactor-\u0219ef al PRESShub \u00eentre 2022 \u0219i iunie 2024. Anterior, a fost redactor-\u0219ef al Newsweek Rom\u00e2nia, din 2018 p\u00e2n\u0103 \u00een 2021, \u0219i al cotidianului Rom\u00e2nia liber\u0103, \u00eentre 2015 \u0219i 2017. Este absolvent de Jurnalism, \u00een cadrul Universit\u0103\u021bii \u201eAl.I.Cuza\u201d din Ia\u0219i, \u0219i a urmat un master \u00een Managementul institu\u021biilor mass-media (f\u0103r\u0103 diserta\u021bie) la Facultatea de Jurnalism \u0219i \u0218tiin\u021bele Comunic\u0103rii din cadrul Universit\u0103\u021bii din Bucure\u0219ti. \u0218i-a \u00eenceput cariera la Opinia studen\u021beasc\u0103, cunoscuta \u0219coal\u0103 de pres\u0103 din Ia\u0219i. A lucrat \u00een presa local\u0103, apoi a devenit corespondent pentru Ia\u0219i al cotidianului Evenimentul Zilei. Din 2004, a coordonat pentru \u0219ase luni sec\u021bia de coresponden\u021bi a Evenimentului Zilei. A mai lucrat la s\u0103pt\u0103m\u00e2nalul Prezent \u0219i a colaborat cu revistele Dilema Veche \u0219i Suplimentul de Cultur\u0103. Este co-autor \u00een volumele \u201eMass-media \u0219i democra\u021bia \u00een Rom\u00e2nia post-comunist\u0103\u201d (ed. a II-a), Ed. Institutul European, Ia\u0219i, 2013, \u0219i \u201eCOVID - 19. Dimensiuni ale gestionarii pandemiei\u201d, Editura Junimea, Ia\u0219i, 2020.\",\"url\":\"https:\\\/\\\/buletin.de\\\/bucuresti\\\/author\\\/razvan-chiruta\\\/\"}]}<\/script>\n<!-- \/ Yoast SEO Premium plugin. -->","yoast_head_json":{"title":"\u00cen conturile lui George Simion au ap\u0103rut 250.000 de lei \u00een zece zile. Deputatul de Bucure\u0219ti nu avea pe 21 ianuarie nici un leu \u00een banc\u0103 - Buletin de Bucure\u0219ti","description":"\u00cen conturile lui George Simion au ap\u0103rut 250.000 de lei \u00een zece zile. Pe 21 ianuarie nu avea nici un leu \u00een banc\u0103.","robots":{"index":"index","follow":"follow","max-snippet":"max-snippet:-1","max-image-preview":"max-image-preview:large","max-video-preview":"max-video-preview:-1"},"canonical":"https:\/\/buletin.de\/bucuresti\/in-conturile-lui-george-simion-au-aparut-250-000-de-lei-in-zece-zile-pe-21-ianuarie-nu-avea-nici-un-leu-in-banca\/","og_locale":"en_GB","og_type":"article","og_title":"\u00cen conturile lui George Simion au ap\u0103rut 250.000 de lei \u00een zece zile. Deputatul de Bucure\u0219ti nu avea pe 21 ianuarie nici un leu \u00een banc\u0103","og_description":"\u00cen conturile lui George Simion au ap\u0103rut 250.000 de lei \u00een zece zile. Pe 21 ianuarie nu avea nici un leu \u00een banc\u0103.","og_url":"https:\/\/buletin.de\/bucuresti\/in-conturile-lui-george-simion-au-aparut-250-000-de-lei-in-zece-zile-pe-21-ianuarie-nu-avea-nici-un-leu-in-banca\/","og_site_name":"Buletin de Bucure\u0219ti","article_publisher":"https:\/\/www.facebook.com\/buletin.de.buc","article_published_time":"2025-03-02T10:00:41+00:00","article_modified_time":"2025-03-02T20:23:12+00:00","og_image":[{"width":1200,"height":800,"url":"https:\/\/buletin.de\/bucuresti\/wp-content\/uploads\/conturile-lui-George-Simion_INQUAM_Photos_Adriana_Neagoe.jpg","type":"image\/jpeg"}],"author":"R\u0103zvan Chiru\u021b\u0103","twitter_card":"summary_large_image","twitter_misc":{"Written by":"R\u0103zvan Chiru\u021b\u0103","Estimated reading time":"1 minute"},"schema":{"@context":"https:\/\/schema.org","@graph":[{"@type":"Article","@id":"https:\/\/buletin.de\/bucuresti\/in-conturile-lui-george-simion-au-aparut-250-000-de-lei-in-zece-zile-pe-21-ianuarie-nu-avea-nici-un-leu-in-banca\/#article","isPartOf":{"@id":"https:\/\/buletin.de\/bucuresti\/in-conturile-lui-george-simion-au-aparut-250-000-de-lei-in-zece-zile-pe-21-ianuarie-nu-avea-nici-un-leu-in-banca\/"},"author":{"name":"R\u0103zvan Chiru\u021b\u0103","@id":"https:\/\/buletin.de\/bucuresti\/#\/schema\/person\/a76df728dfc913795a9d90e346b253bb"},"headline":"\u00cen conturile lui George Simion au ap\u0103rut 250.000 de lei \u00een zece zile. Deputatul de Bucure\u0219ti nu avea pe 21 ianuarie nici un leu \u00een banc\u0103","datePublished":"2025-03-02T10:00:41+00:00","dateModified":"2025-03-02T20:23:12+00:00","mainEntityOfPage":{"@id":"https:\/\/buletin.de\/bucuresti\/in-conturile-lui-george-simion-au-aparut-250-000-de-lei-in-zece-zile-pe-21-ianuarie-nu-avea-nici-un-leu-in-banca\/"},"wordCount":587,"publisher":{"@id":"https:\/\/buletin.de\/bucuresti\/#organization"},"image":{"@id":"https:\/\/buletin.de\/bucuresti\/in-conturile-lui-george-simion-au-aparut-250-000-de-lei-in-zece-zile-pe-21-ianuarie-nu-avea-nici-un-leu-in-banca\/#primaryimage"},"thumbnailUrl":"https:\/\/buletin.de\/bucuresti\/wp-content\/uploads\/conturile-lui-George-Simion_INQUAM_Photos_Adriana_Neagoe.jpg","keywords":["aur bucuresti","avere simion","declaratie de avere","george simion","protest Simion"],"articleSection":["Articole","Main","Politic"],"inLanguage":"en-GB","copyrightYear":"2025","copyrightHolder":{"@id":"https:\/\/buletin.de\/bucuresti\/#organization"}},{"@type":"WebPage","@id":"https:\/\/buletin.de\/bucuresti\/in-conturile-lui-george-simion-au-aparut-250-000-de-lei-in-zece-zile-pe-21-ianuarie-nu-avea-nici-un-leu-in-banca\/","url":"https:\/\/buletin.de\/bucuresti\/in-conturile-lui-george-simion-au-aparut-250-000-de-lei-in-zece-zile-pe-21-ianuarie-nu-avea-nici-un-leu-in-banca\/","name":"\u00cen conturile lui George Simion au ap\u0103rut 250.000 de lei \u00een zece zile. Deputatul de Bucure\u0219ti nu avea pe 21 ianuarie nici un leu \u00een banc\u0103 - Buletin de Bucure\u0219ti","isPartOf":{"@id":"https:\/\/buletin.de\/bucuresti\/#website"},"primaryImageOfPage":{"@id":"https:\/\/buletin.de\/bucuresti\/in-conturile-lui-george-simion-au-aparut-250-000-de-lei-in-zece-zile-pe-21-ianuarie-nu-avea-nici-un-leu-in-banca\/#primaryimage"},"image":{"@id":"https:\/\/buletin.de\/bucuresti\/in-conturile-lui-george-simion-au-aparut-250-000-de-lei-in-zece-zile-pe-21-ianuarie-nu-avea-nici-un-leu-in-banca\/#primaryimage"},"thumbnailUrl":"https:\/\/buletin.de\/bucuresti\/wp-content\/uploads\/conturile-lui-George-Simion_INQUAM_Photos_Adriana_Neagoe.jpg","datePublished":"2025-03-02T10:00:41+00:00","dateModified":"2025-03-02T20:23:12+00:00","description":"\u00cen conturile lui George Simion au ap\u0103rut 250.000 de lei \u00een zece zile. Pe 21 ianuarie nu avea nici un leu \u00een banc\u0103.","breadcrumb":{"@id":"https:\/\/buletin.de\/bucuresti\/in-conturile-lui-george-simion-au-aparut-250-000-de-lei-in-zece-zile-pe-21-ianuarie-nu-avea-nici-un-leu-in-banca\/#breadcrumb"},"inLanguage":"en-GB","potentialAction":[{"@type":"ReadAction","target":["https:\/\/buletin.de\/bucuresti\/in-conturile-lui-george-simion-au-aparut-250-000-de-lei-in-zece-zile-pe-21-ianuarie-nu-avea-nici-un-leu-in-banca\/"]}]},{"@type":"ImageObject","inLanguage":"en-GB","@id":"https:\/\/buletin.de\/bucuresti\/in-conturile-lui-george-simion-au-aparut-250-000-de-lei-in-zece-zile-pe-21-ianuarie-nu-avea-nici-un-leu-in-banca\/#primaryimage","url":"https:\/\/buletin.de\/bucuresti\/wp-content\/uploads\/conturile-lui-George-Simion_INQUAM_Photos_Adriana_Neagoe.jpg","contentUrl":"https:\/\/buletin.de\/bucuresti\/wp-content\/uploads\/conturile-lui-George-Simion_INQUAM_Photos_Adriana_Neagoe.jpg","width":1200,"height":800,"caption":"GGeorge Simion a descoperit 250.000 de lei \u00een 10 zile. Foto: INQUAM_Photos_Adriana_Neagoe"},{"@type":"BreadcrumbList","@id":"https:\/\/buletin.de\/bucuresti\/in-conturile-lui-george-simion-au-aparut-250-000-de-lei-in-zece-zile-pe-21-ianuarie-nu-avea-nici-un-leu-in-banca\/#breadcrumb","itemListElement":[{"@type":"ListItem","position":1,"name":"Acas\u0103","item":"https:\/\/buletin.de\/bucuresti\/"},{"@type":"ListItem","position":2,"name":"\u00cen conturile lui George Simion au ap\u0103rut 250.000 de lei \u00een zece zile. Deputatul de Bucure\u0219ti nu avea pe 21 ianuarie nici un leu \u00een banc\u0103"}]},{"@type":"WebSite","@id":"https:\/\/buletin.de\/bucuresti\/#website","url":"https:\/\/buletin.de\/bucuresti\/","name":"Buletin de Bucure\u0219ti","description":"\u0218tiri \u0219i investiga\u021bii esen\u021biale din capital\u0103","publisher":{"@id":"https:\/\/buletin.de\/bucuresti\/#organization"},"potentialAction":[{"@type":"SearchAction","target":{"@type":"EntryPoint","urlTemplate":"https:\/\/buletin.de\/bucuresti\/?s={search_term_string}"},"query-input":{"@type":"PropertyValueSpecification","valueRequired":true,"valueName":"search_term_string"}}],"inLanguage":"en-GB"},{"@type":"Organization","@id":"https:\/\/buletin.de\/bucuresti\/#organization","name":"Buletin de Bucure\u0219ti","url":"https:\/\/buletin.de\/bucuresti\/","logo":{"@type":"ImageObject","inLanguage":"en-GB","@id":"https:\/\/buletin.de\/bucuresti\/#\/schema\/logo\/image\/","url":"https:\/\/buletin.de\/bucuresti\/wp-content\/uploads\/logo-bdb-full-wide-vernil-transparent.png","contentUrl":"https:\/\/buletin.de\/bucuresti\/wp-content\/uploads\/logo-bdb-full-wide-vernil-transparent.png","width":1782,"height":626,"caption":"Buletin de Bucure\u0219ti"},"image":{"@id":"https:\/\/buletin.de\/bucuresti\/#\/schema\/logo\/image\/"},"sameAs":["https:\/\/www.facebook.com\/buletin.de.buc","https:\/\/www.instagram.com\/buletinde.bucuresti\/"]},{"@type":"Person","@id":"https:\/\/buletin.de\/bucuresti\/#\/schema\/person\/a76df728dfc913795a9d90e346b253bb","name":"R\u0103zvan Chiru\u021b\u0103","image":{"@type":"ImageObject","inLanguage":"en-GB","@id":"https:\/\/buletin.de\/bucuresti\/wp-content\/uploads\/Razvan-Chiruta-96x96.jpge7143b996fd4241fbd6ee1f6b6b7b267","url":"https:\/\/buletin.de\/bucuresti\/wp-content\/uploads\/Razvan-Chiruta-96x96.jpg","contentUrl":"https:\/\/buletin.de\/bucuresti\/wp-content\/uploads\/Razvan-Chiruta-96x96.jpg","caption":"R\u0103zvan Chiru\u021b\u0103"},"description":"R\u0103zvan Chiru\u021b\u0103 este redactor-\u0219ef adjunct din iulie 2024. A fost redactor-\u0219ef al PRESShub \u00eentre 2022 \u0219i iunie 2024. Anterior, a fost redactor-\u0219ef al Newsweek Rom\u00e2nia, din 2018 p\u00e2n\u0103 \u00een 2021, \u0219i al cotidianului Rom\u00e2nia liber\u0103, \u00eentre 2015 \u0219i 2017. Este absolvent de Jurnalism, \u00een cadrul Universit\u0103\u021bii \u201eAl.I.Cuza\u201d din Ia\u0219i, \u0219i a urmat un master \u00een Managementul institu\u021biilor mass-media (f\u0103r\u0103 diserta\u021bie) la Facultatea de Jurnalism \u0219i \u0218tiin\u021bele Comunic\u0103rii din cadrul Universit\u0103\u021bii din Bucure\u0219ti. \u0218i-a \u00eenceput cariera la Opinia studen\u021beasc\u0103, cunoscuta \u0219coal\u0103 de pres\u0103 din Ia\u0219i. A lucrat \u00een presa local\u0103, apoi a devenit corespondent pentru Ia\u0219i al cotidianului Evenimentul Zilei. Din 2004, a coordonat pentru \u0219ase luni sec\u021bia de coresponden\u021bi a Evenimentului Zilei. A mai lucrat la s\u0103pt\u0103m\u00e2nalul Prezent \u0219i a colaborat cu revistele Dilema Veche \u0219i Suplimentul de Cultur\u0103. Este co-autor \u00een volumele \u201eMass-media \u0219i democra\u021bia \u00een Rom\u00e2nia post-comunist\u0103\u201d (ed. a II-a), Ed. Institutul European, Ia\u0219i, 2013, \u0219i \u201eCOVID - 19. Dimensiuni ale gestionarii pandemiei\u201d, Editura Junimea, Ia\u0219i, 2020.","url":"https:\/\/buletin.de\/bucuresti\/author\/razvan-chiruta\/"}]}},"authors":[{"term_id":22582,"user_id":60,"is_guest":0,"slug":"razvan-chiruta","display_name":"R\u0103zvan Chiru\u021b\u0103","avatar_url":"https:\/\/buletin.de\/bucuresti\/wp-content\/uploads\/Razvan-Chiruta-96x96.jpg","0":null,"1":"","2":"","3":"","4":"","5":"","6":"","7":"","8":""}],"_links":{"self":[{"href":"https:\/\/buletin.de\/bucuresti\/wp-json\/wp\/v2\/posts\/120938","targetHints":{"allow":["GET"]}}],"collection":[{"href":"https:\/\/buletin.de\/bucuresti\/wp-json\/wp\/v2\/posts"}],"about":[{"href":"https:\/\/buletin.de\/bucuresti\/wp-json\/wp\/v2\/types\/post"}],"author":[{"embeddable":true,"href":"https:\/\/buletin.de\/bucuresti\/wp-json\/wp\/v2\/users\/60"}],"replies":[{"embeddable":true,"href":"https:\/\/buletin.de\/bucuresti\/wp-json\/wp\/v2\/comments?post=120938"}],"version-history":[{"count":6,"href":"https:\/\/buletin.de\/bucuresti\/wp-json\/wp\/v2\/posts\/120938\/revisions"}],"predecessor-version":[{"id":121029,"href":"https:\/\/buletin.de\/bucuresti\/wp-json\/wp\/v2\/posts\/120938\/revisions\/121029"}],"wp:featuredmedia":[{"embeddable":true,"href":"https:\/\/buletin.de\/bucuresti\/wp-json\/wp\/v2\/media\/120943"}],"wp:attachment":[{"href":"https:\/\/buletin.de\/bucuresti\/wp-json\/wp\/v2\/media?parent=120938"}],"wp:term":[{"taxonomy":"category","embeddable":true,"href":"https:\/\/buletin.de\/bucuresti\/wp-json\/wp\/v2\/categories?post=120938"},{"taxonomy":"post_tag","embeddable":true,"href":"https:\/\/buletin.de\/bucuresti\/wp-json\/wp\/v2\/tags?post=120938"},{"taxonomy":"author","embeddable":true,"href":"https:\/\/buletin.de\/bucuresti\/wp-json\/wp\/v2\/ppma_author?post=120938"}],"curies":[{"name":"wp","href":"https:\/\/api.w.org\/{rel}","templated":true}]}}