{"id":120914,"date":"2025-03-02T12:24:50","date_gmt":"2025-03-02T09:24:50","guid":{"rendered":"https:\/\/buletin.de\/bucuresti\/?p=120914"},"modified":"2025-03-02T12:25:11","modified_gmt":"2025-03-02T09:25:11","slug":"maratonul-resuscitarii","status":"publish","type":"post","link":"https:\/\/buletin.de\/bucuresti\/maratonul-resuscitarii\/","title":{"rendered":"Prim ajutor \u00een caz de stop cardiorespirator, la \u201eMaratonul resuscit\u0103rii\u201d"},"content":{"rendered":"\n<p><strong>\u201eMaratonul Resuscit\u0103rii\u201d, edi\u021bia a IV-a, are loc \u00een Capital\u0103, ast<strong>\u0103<\/strong>zi. Evenimentul urm\u0103re\u0219te educarea cet\u0103\u021benilor privind importan\u021ba acord\u0103rii primului ajutor \u00een caz de stop cardiorespirator.<\/strong><\/p>\n\n\n\n<p>Maratonul este organizat  \u00eentre orele 12:00 \u2013 22:00, la ParkLake Shopping Center si face parte din evenimentul \u201eS\u0103pt\u0103m\u00e2na Protec\u021biei Civile 2025\u201d.<\/p>\n\n\n\n<p>\u00cen cadrul evenimentului, \u00eempreun\u0103 cu medici, paramedici, asisten\u021bi, studen\u021bi la medicin\u0103 \u0219i voluntari SMURD, se va exersa pe manechine, \u00een cadrul sta\u021biilor practice, cum recunoa\u0219te\u021bi \u0219i cum trebuie s\u0103 ac\u021biona\u021bi \u00een cazul unui stop cardiorespirator. Cursurile dureaz\u0103 c\u00e2te 30 de minute.<\/p>\n\n\n\n<p><strong>CITE\u0218TE \u0218I: <a href=\"https:\/\/buletin.de\/bucuresti\/meteo-in-bucuresti-martie\/\">METEO \u00ceN BUCURE\u0218TI | Vremea se \u00eenc\u0103lze\u0219te. Maximele termice ajung la 18 grade<\/a><\/strong><\/p>\n\n\n\n<div class=\"wp-block-buttons is-content-justification-center is-layout-flex wp-container-core-buttons-is-layout-16018d1d wp-block-buttons-is-layout-flex\">\n<div class=\"wp-block-button has-custom-width wp-block-button__width-100\"><a class=\"wp-block-button__link wp-element-button\" href=\"https:\/\/www.patreon.com\/BuletinDeBucuresti\"><strong>Sus\u021bine Buletin de Bucure\u0219ti pentru investiga\u021bii, reportaje \u0219i \u0219tiri Locale<\/strong><\/a><\/div>\n<\/div>\n\n\n\n<h2 class=\"wp-block-heading\" id=\"h-de-ce-sa-faci-cursuri-de-prim-ajutor-la-maratonul-resuscitarii\">De ce s\u0103 faci cursuri de prim ajutor la \u201eMaratonul resuscit\u0103rii\u201d<\/h2>\n\n\n\n<p>Medicii atrag aten\u021bia asupta cunoa\u0219terii cursurilor de prim ajutor din mai multe motive.<\/p>\n\n\n\n<p>Statisticile arat\u0103 c\u0103 patru din cinci stopuri cardiorespiratorii se \u00eent\u00e2mpl\u0103 acas\u0103. \u00cen aceste situa\u021bii<br>dac\u0103 p\u00e2n\u0103 la sosirea echipajelor de urgen\u021b\u0103 victima nu beneficiaz\u0103 de manevre de resuscitare din partea celor din jur, \u0219ansele ca aceasta s\u0103 supravie\u021buiasc\u0103 scad cu 10% \u00een fiecare minut care trece.<\/p>\n\n\n\n<p>De asemenea, recunoa\u0219terea rapid\u0103 a stopului cardiorespirator, apelarea serviciilor de urgen\u021b\u0103 prin num\u0103rul unic 112&nbsp;\u0219i aplicarea manevrelor de resuscitare p\u00e2n\u0103 la preluarea victimei de c\u0103tre echipajele medicale de urgen\u021b\u0103 sunt vitale pentru supravie\u021buire \u0219i recuperare cu un deficit neurologic c\u00e2t mai redus.<\/p>\n\n\n\n<p>Tehnicile dob\u0103ndite \u00een cadrul evenimentului, pe l\u00e2ng\u0103 cele referitoare la siguran\u021ba salvatorului, recunoa\u0219terea urgen\u021bei \u0219i activarea sistemului de urgen\u021b\u0103, includ suportul vital de baz\u0103 al adultului cu masajul cardiac extern, ventila\u021biile \u0219i dezobstruc\u021bia c\u0103ilor aeriene, iar dac\u0103 se dore\u0219te, aceste manevre sunt predate \u0219i \u00een ceea ce prive\u0219te suportul vital de baz\u0103 pediatric care difer\u0103 de cel al adultului.<\/p>\n\n\n\n<p>\u201eMaratonul Resuscit\u0103rii\u201d este o ini\u021biativ\u0103 a SMURD Cluj, extins\u0103 na\u021bional de Funda\u021bia pentru SMURD, iar participarea la eveniment este gratuit\u0103.<\/p>\n\n\n\n<p><strong>CITE\u0218TE \u0218I: <a href=\"https:\/\/buletin.de\/bucuresti\/un-polonez-a-fost-prins-din-nou-cu-un-cutit-in-multime\/\">Bilan\u021bul dup\u0103 protest: un polonez a fost prins din nou cu un cu\u021bit \u00een mul\u021bime<\/a><\/strong><\/p>\n","protected":false},"excerpt":{"rendered":"<p>\u201eMaratonul Resuscit\u0103rii\u201d, edi\u021bia a IV-a, are loc \u00een Capital\u0103, ast\u0103zi. Evenimentul urm\u0103re\u0219te educarea cet\u0103\u021benilor privind importan\u021ba acord\u0103rii primului ajutor \u00een caz de stop cardiorespirator. Maratonul este organizat \u00eentre orele 12:00 \u2013 22:00, la ParkLake Shopping Center si face parte din evenimentul \u201eS\u0103pt\u0103m\u00e2na Protec\u021biei Civile 2025\u201d. \u00cen cadrul evenimentului, \u00eempreun\u0103 cu medici, paramedici, asisten\u021bi, studen\u021bi la [&hellip;]<\/p>\n","protected":false},"author":49,"featured_media":120922,"comment_status":"closed","ping_status":"open","sticky":false,"template":"","format":"standard","meta":{"_acf_changed":false,"inline_featured_image":false,"ngg_post_thumbnail":0,"footnotes":""},"categories":[6994,4,62],"tags":[7752,19536,10171],"ppma_author":[22574],"class_list":["post-120914","post","type-post","status-publish","format-standard","has-post-thumbnail","hentry","category-stiri-2","category-sanatate","category-stiri","tag-cursuri-de-prim-ajutor","tag-maratonul-resuscitarii-2","tag-stop-cardiorespirator"],"acf":[],"yoast_head":"<!-- This site is optimized with the Yoast SEO Premium plugin v25.3 (Yoast SEO v27.5) - https:\/\/yoast.com\/product\/yoast-seo-premium-wordpress\/ -->\n<title>Prim ajutor \u00een caz de stop cardiorespirator, la \u201eMaratonul resuscit\u0103rii\u201d - Buletin de Bucure\u0219ti<\/title>\n<meta name=\"description\" content=\"\u201eMaratonul Resuscit\u0103rii\u201d, edi\u021bia a IV-a, are loc \u00een Capital\u0103, ast\u0103zi, \u00eentre orele 12:00 \u2013 22:00, la ParkLake Shopping Center\" \/>\n<meta name=\"robots\" content=\"index, follow, max-snippet:-1, max-image-preview:large, max-video-preview:-1\" \/>\n<link rel=\"canonical\" href=\"https:\/\/buletin.de\/bucuresti\/maratonul-resuscitarii\/\" \/>\n<meta property=\"og:locale\" content=\"en_GB\" \/>\n<meta property=\"og:type\" content=\"article\" \/>\n<meta property=\"og:title\" content=\"Prim ajutor \u00een caz de stop cardiorespirator, la \u201eMaratonul resuscit\u0103rii\u201d\" \/>\n<meta property=\"og:description\" content=\"\u201eMaratonul Resuscit\u0103rii\u201d, edi\u021bia a IV-a, are loc \u00een Capital\u0103, ast\u0103zi, \u00eentre orele 12:00 \u2013 22:00, la ParkLake Shopping Center\" \/>\n<meta property=\"og:url\" content=\"https:\/\/buletin.de\/bucuresti\/maratonul-resuscitarii\/\" \/>\n<meta property=\"og:site_name\" content=\"Buletin de Bucure\u0219ti\" \/>\n<meta property=\"article:publisher\" content=\"https:\/\/www.facebook.com\/buletin.de.buc\" \/>\n<meta property=\"article:published_time\" content=\"2025-03-02T09:24:50+00:00\" \/>\n<meta property=\"article:modified_time\" content=\"2025-03-02T09:25:11+00:00\" \/>\n<meta property=\"og:image\" content=\"https:\/\/buletin.de\/bucuresti\/wp-content\/uploads\/Screenshot-2024-02-28-at-13.31.36-1.png\" \/>\n\t<meta property=\"og:image:width\" content=\"948\" \/>\n\t<meta property=\"og:image:height\" content=\"531\" \/>\n\t<meta property=\"og:image:type\" content=\"image\/png\" \/>\n<meta name=\"author\" content=\"Diana Matei\" \/>\n<meta name=\"twitter:card\" content=\"summary_large_image\" \/>\n<meta name=\"twitter:label1\" content=\"Written by\" \/>\n\t<meta name=\"twitter:data1\" content=\"Diana Matei\" \/>\n\t<meta name=\"twitter:label2\" content=\"Estimated reading time\" \/>\n\t<meta name=\"twitter:data2\" content=\"2 minutes\" \/>\n<script type=\"application\/ld+json\" class=\"yoast-schema-graph\">{\"@context\":\"https:\\\/\\\/schema.org\",\"@graph\":[{\"@type\":\"Article\",\"@id\":\"https:\\\/\\\/buletin.de\\\/bucuresti\\\/maratonul-resuscitarii\\\/#article\",\"isPartOf\":{\"@id\":\"https:\\\/\\\/buletin.de\\\/bucuresti\\\/maratonul-resuscitarii\\\/\"},\"author\":{\"name\":\"Diana Matei\",\"@id\":\"https:\\\/\\\/buletin.de\\\/bucuresti\\\/#\\\/schema\\\/person\\\/7e46040573290777280a0835d81ea4ea\"},\"headline\":\"Prim ajutor \u00een caz de stop cardiorespirator, la \u201eMaratonul resuscit\u0103rii\u201d\",\"datePublished\":\"2025-03-02T09:24:50+00:00\",\"dateModified\":\"2025-03-02T09:25:11+00:00\",\"mainEntityOfPage\":{\"@id\":\"https:\\\/\\\/buletin.de\\\/bucuresti\\\/maratonul-resuscitarii\\\/\"},\"wordCount\":380,\"publisher\":{\"@id\":\"https:\\\/\\\/buletin.de\\\/bucuresti\\\/#organization\"},\"image\":{\"@id\":\"https:\\\/\\\/buletin.de\\\/bucuresti\\\/maratonul-resuscitarii\\\/#primaryimage\"},\"thumbnailUrl\":\"https:\\\/\\\/buletin.de\\\/bucuresti\\\/wp-content\\\/uploads\\\/Screenshot-2024-02-28-at-13.31.36-1.png\",\"keywords\":[\"cursuri de prim ajutor\",\"Maratonul resuscit\u0103rii\",\"stop cardiorespirator\"],\"articleSection\":[\"Articole\",\"S\u0103n\u0103tate\",\"\u0218tiri\"],\"inLanguage\":\"en-GB\",\"copyrightYear\":\"2025\",\"copyrightHolder\":{\"@id\":\"https:\\\/\\\/buletin.de\\\/bucuresti\\\/#organization\"}},{\"@type\":\"WebPage\",\"@id\":\"https:\\\/\\\/buletin.de\\\/bucuresti\\\/maratonul-resuscitarii\\\/\",\"url\":\"https:\\\/\\\/buletin.de\\\/bucuresti\\\/maratonul-resuscitarii\\\/\",\"name\":\"Prim ajutor \u00een caz de stop cardiorespirator, la \u201eMaratonul resuscit\u0103rii\u201d - Buletin de Bucure\u0219ti\",\"isPartOf\":{\"@id\":\"https:\\\/\\\/buletin.de\\\/bucuresti\\\/#website\"},\"primaryImageOfPage\":{\"@id\":\"https:\\\/\\\/buletin.de\\\/bucuresti\\\/maratonul-resuscitarii\\\/#primaryimage\"},\"image\":{\"@id\":\"https:\\\/\\\/buletin.de\\\/bucuresti\\\/maratonul-resuscitarii\\\/#primaryimage\"},\"thumbnailUrl\":\"https:\\\/\\\/buletin.de\\\/bucuresti\\\/wp-content\\\/uploads\\\/Screenshot-2024-02-28-at-13.31.36-1.png\",\"datePublished\":\"2025-03-02T09:24:50+00:00\",\"dateModified\":\"2025-03-02T09:25:11+00:00\",\"description\":\"\u201eMaratonul Resuscit\u0103rii\u201d, edi\u021bia a IV-a, are loc \u00een Capital\u0103, ast\u0103zi, \u00eentre orele 12:00 \u2013 22:00, la ParkLake Shopping Center\",\"breadcrumb\":{\"@id\":\"https:\\\/\\\/buletin.de\\\/bucuresti\\\/maratonul-resuscitarii\\\/#breadcrumb\"},\"inLanguage\":\"en-GB\",\"potentialAction\":[{\"@type\":\"ReadAction\",\"target\":[\"https:\\\/\\\/buletin.de\\\/bucuresti\\\/maratonul-resuscitarii\\\/\"]}]},{\"@type\":\"ImageObject\",\"inLanguage\":\"en-GB\",\"@id\":\"https:\\\/\\\/buletin.de\\\/bucuresti\\\/maratonul-resuscitarii\\\/#primaryimage\",\"url\":\"https:\\\/\\\/buletin.de\\\/bucuresti\\\/wp-content\\\/uploads\\\/Screenshot-2024-02-28-at-13.31.36-1.png\",\"contentUrl\":\"https:\\\/\\\/buletin.de\\\/bucuresti\\\/wp-content\\\/uploads\\\/Screenshot-2024-02-28-at-13.31.36-1.png\",\"width\":948,\"height\":531,\"caption\":\"Prim ajutor \u00een caz de stop cardiorespirator, la \u201eMaratonul resuscit\u0103rii\u201d. FOTO:m Arhiva BdB\"},{\"@type\":\"BreadcrumbList\",\"@id\":\"https:\\\/\\\/buletin.de\\\/bucuresti\\\/maratonul-resuscitarii\\\/#breadcrumb\",\"itemListElement\":[{\"@type\":\"ListItem\",\"position\":1,\"name\":\"Acas\u0103\",\"item\":\"https:\\\/\\\/buletin.de\\\/bucuresti\\\/\"},{\"@type\":\"ListItem\",\"position\":2,\"name\":\"Prim ajutor \u00een caz de stop cardiorespirator, la \u201eMaratonul resuscit\u0103rii\u201d\"}]},{\"@type\":\"WebSite\",\"@id\":\"https:\\\/\\\/buletin.de\\\/bucuresti\\\/#website\",\"url\":\"https:\\\/\\\/buletin.de\\\/bucuresti\\\/\",\"name\":\"Buletin de Bucure\u0219ti\",\"description\":\"\u0218tiri \u0219i investiga\u021bii esen\u021biale din capital\u0103\",\"publisher\":{\"@id\":\"https:\\\/\\\/buletin.de\\\/bucuresti\\\/#organization\"},\"potentialAction\":[{\"@type\":\"SearchAction\",\"target\":{\"@type\":\"EntryPoint\",\"urlTemplate\":\"https:\\\/\\\/buletin.de\\\/bucuresti\\\/?s={search_term_string}\"},\"query-input\":{\"@type\":\"PropertyValueSpecification\",\"valueRequired\":true,\"valueName\":\"search_term_string\"}}],\"inLanguage\":\"en-GB\"},{\"@type\":\"Organization\",\"@id\":\"https:\\\/\\\/buletin.de\\\/bucuresti\\\/#organization\",\"name\":\"Buletin de Bucure\u0219ti\",\"url\":\"https:\\\/\\\/buletin.de\\\/bucuresti\\\/\",\"logo\":{\"@type\":\"ImageObject\",\"inLanguage\":\"en-GB\",\"@id\":\"https:\\\/\\\/buletin.de\\\/bucuresti\\\/#\\\/schema\\\/logo\\\/image\\\/\",\"url\":\"https:\\\/\\\/buletin.de\\\/bucuresti\\\/wp-content\\\/uploads\\\/logo-bdb-full-wide-vernil-transparent.png\",\"contentUrl\":\"https:\\\/\\\/buletin.de\\\/bucuresti\\\/wp-content\\\/uploads\\\/logo-bdb-full-wide-vernil-transparent.png\",\"width\":1782,\"height\":626,\"caption\":\"Buletin de Bucure\u0219ti\"},\"image\":{\"@id\":\"https:\\\/\\\/buletin.de\\\/bucuresti\\\/#\\\/schema\\\/logo\\\/image\\\/\"},\"sameAs\":[\"https:\\\/\\\/www.facebook.com\\\/buletin.de.buc\",\"https:\\\/\\\/www.instagram.com\\\/buletinde.bucuresti\\\/\"]},{\"@type\":\"Person\",\"@id\":\"https:\\\/\\\/buletin.de\\\/bucuresti\\\/#\\\/schema\\\/person\\\/7e46040573290777280a0835d81ea4ea\",\"name\":\"Diana Matei\",\"image\":{\"@type\":\"ImageObject\",\"inLanguage\":\"en-GB\",\"@id\":\"https:\\\/\\\/buletin.de\\\/bucuresti\\\/wp-content\\\/uploads\\\/9-2-96x96.jpg1e8590b30871d70e62ebcdaf2eff570c\",\"url\":\"https:\\\/\\\/buletin.de\\\/bucuresti\\\/wp-content\\\/uploads\\\/9-2-96x96.jpg\",\"contentUrl\":\"https:\\\/\\\/buletin.de\\\/bucuresti\\\/wp-content\\\/uploads\\\/9-2-96x96.jpg\",\"caption\":\"Diana Matei\"},\"url\":\"https:\\\/\\\/buletin.de\\\/bucuresti\\\/author\\\/dianamatei\\\/\"}]}<\/script>\n<!-- \/ Yoast SEO Premium plugin. -->","yoast_head_json":{"title":"Prim ajutor \u00een caz de stop cardiorespirator, la \u201eMaratonul resuscit\u0103rii\u201d - Buletin de Bucure\u0219ti","description":"\u201eMaratonul Resuscit\u0103rii\u201d, edi\u021bia a IV-a, are loc \u00een Capital\u0103, ast\u0103zi, \u00eentre orele 12:00 \u2013 22:00, la ParkLake Shopping Center","robots":{"index":"index","follow":"follow","max-snippet":"max-snippet:-1","max-image-preview":"max-image-preview:large","max-video-preview":"max-video-preview:-1"},"canonical":"https:\/\/buletin.de\/bucuresti\/maratonul-resuscitarii\/","og_locale":"en_GB","og_type":"article","og_title":"Prim ajutor \u00een caz de stop cardiorespirator, la \u201eMaratonul resuscit\u0103rii\u201d","og_description":"\u201eMaratonul Resuscit\u0103rii\u201d, edi\u021bia a IV-a, are loc \u00een Capital\u0103, ast\u0103zi, \u00eentre orele 12:00 \u2013 22:00, la ParkLake Shopping Center","og_url":"https:\/\/buletin.de\/bucuresti\/maratonul-resuscitarii\/","og_site_name":"Buletin de Bucure\u0219ti","article_publisher":"https:\/\/www.facebook.com\/buletin.de.buc","article_published_time":"2025-03-02T09:24:50+00:00","article_modified_time":"2025-03-02T09:25:11+00:00","og_image":[{"width":948,"height":531,"url":"https:\/\/buletin.de\/bucuresti\/wp-content\/uploads\/Screenshot-2024-02-28-at-13.31.36-1.png","type":"image\/png"}],"author":"Diana Matei","twitter_card":"summary_large_image","twitter_misc":{"Written by":"Diana Matei","Estimated reading time":"2 minutes"},"schema":{"@context":"https:\/\/schema.org","@graph":[{"@type":"Article","@id":"https:\/\/buletin.de\/bucuresti\/maratonul-resuscitarii\/#article","isPartOf":{"@id":"https:\/\/buletin.de\/bucuresti\/maratonul-resuscitarii\/"},"author":{"name":"Diana Matei","@id":"https:\/\/buletin.de\/bucuresti\/#\/schema\/person\/7e46040573290777280a0835d81ea4ea"},"headline":"Prim ajutor \u00een caz de stop cardiorespirator, la \u201eMaratonul resuscit\u0103rii\u201d","datePublished":"2025-03-02T09:24:50+00:00","dateModified":"2025-03-02T09:25:11+00:00","mainEntityOfPage":{"@id":"https:\/\/buletin.de\/bucuresti\/maratonul-resuscitarii\/"},"wordCount":380,"publisher":{"@id":"https:\/\/buletin.de\/bucuresti\/#organization"},"image":{"@id":"https:\/\/buletin.de\/bucuresti\/maratonul-resuscitarii\/#primaryimage"},"thumbnailUrl":"https:\/\/buletin.de\/bucuresti\/wp-content\/uploads\/Screenshot-2024-02-28-at-13.31.36-1.png","keywords":["cursuri de prim ajutor","Maratonul resuscit\u0103rii","stop cardiorespirator"],"articleSection":["Articole","S\u0103n\u0103tate","\u0218tiri"],"inLanguage":"en-GB","copyrightYear":"2025","copyrightHolder":{"@id":"https:\/\/buletin.de\/bucuresti\/#organization"}},{"@type":"WebPage","@id":"https:\/\/buletin.de\/bucuresti\/maratonul-resuscitarii\/","url":"https:\/\/buletin.de\/bucuresti\/maratonul-resuscitarii\/","name":"Prim ajutor \u00een caz de stop cardiorespirator, la \u201eMaratonul resuscit\u0103rii\u201d - Buletin de Bucure\u0219ti","isPartOf":{"@id":"https:\/\/buletin.de\/bucuresti\/#website"},"primaryImageOfPage":{"@id":"https:\/\/buletin.de\/bucuresti\/maratonul-resuscitarii\/#primaryimage"},"image":{"@id":"https:\/\/buletin.de\/bucuresti\/maratonul-resuscitarii\/#primaryimage"},"thumbnailUrl":"https:\/\/buletin.de\/bucuresti\/wp-content\/uploads\/Screenshot-2024-02-28-at-13.31.36-1.png","datePublished":"2025-03-02T09:24:50+00:00","dateModified":"2025-03-02T09:25:11+00:00","description":"\u201eMaratonul Resuscit\u0103rii\u201d, edi\u021bia a IV-a, are loc \u00een Capital\u0103, ast\u0103zi, \u00eentre orele 12:00 \u2013 22:00, la ParkLake Shopping Center","breadcrumb":{"@id":"https:\/\/buletin.de\/bucuresti\/maratonul-resuscitarii\/#breadcrumb"},"inLanguage":"en-GB","potentialAction":[{"@type":"ReadAction","target":["https:\/\/buletin.de\/bucuresti\/maratonul-resuscitarii\/"]}]},{"@type":"ImageObject","inLanguage":"en-GB","@id":"https:\/\/buletin.de\/bucuresti\/maratonul-resuscitarii\/#primaryimage","url":"https:\/\/buletin.de\/bucuresti\/wp-content\/uploads\/Screenshot-2024-02-28-at-13.31.36-1.png","contentUrl":"https:\/\/buletin.de\/bucuresti\/wp-content\/uploads\/Screenshot-2024-02-28-at-13.31.36-1.png","width":948,"height":531,"caption":"Prim ajutor \u00een caz de stop cardiorespirator, la \u201eMaratonul resuscit\u0103rii\u201d. FOTO:m Arhiva BdB"},{"@type":"BreadcrumbList","@id":"https:\/\/buletin.de\/bucuresti\/maratonul-resuscitarii\/#breadcrumb","itemListElement":[{"@type":"ListItem","position":1,"name":"Acas\u0103","item":"https:\/\/buletin.de\/bucuresti\/"},{"@type":"ListItem","position":2,"name":"Prim ajutor \u00een caz de stop cardiorespirator, la \u201eMaratonul resuscit\u0103rii\u201d"}]},{"@type":"WebSite","@id":"https:\/\/buletin.de\/bucuresti\/#website","url":"https:\/\/buletin.de\/bucuresti\/","name":"Buletin de Bucure\u0219ti","description":"\u0218tiri \u0219i investiga\u021bii esen\u021biale din capital\u0103","publisher":{"@id":"https:\/\/buletin.de\/bucuresti\/#organization"},"potentialAction":[{"@type":"SearchAction","target":{"@type":"EntryPoint","urlTemplate":"https:\/\/buletin.de\/bucuresti\/?s={search_term_string}"},"query-input":{"@type":"PropertyValueSpecification","valueRequired":true,"valueName":"search_term_string"}}],"inLanguage":"en-GB"},{"@type":"Organization","@id":"https:\/\/buletin.de\/bucuresti\/#organization","name":"Buletin de Bucure\u0219ti","url":"https:\/\/buletin.de\/bucuresti\/","logo":{"@type":"ImageObject","inLanguage":"en-GB","@id":"https:\/\/buletin.de\/bucuresti\/#\/schema\/logo\/image\/","url":"https:\/\/buletin.de\/bucuresti\/wp-content\/uploads\/logo-bdb-full-wide-vernil-transparent.png","contentUrl":"https:\/\/buletin.de\/bucuresti\/wp-content\/uploads\/logo-bdb-full-wide-vernil-transparent.png","width":1782,"height":626,"caption":"Buletin de Bucure\u0219ti"},"image":{"@id":"https:\/\/buletin.de\/bucuresti\/#\/schema\/logo\/image\/"},"sameAs":["https:\/\/www.facebook.com\/buletin.de.buc","https:\/\/www.instagram.com\/buletinde.bucuresti\/"]},{"@type":"Person","@id":"https:\/\/buletin.de\/bucuresti\/#\/schema\/person\/7e46040573290777280a0835d81ea4ea","name":"Diana Matei","image":{"@type":"ImageObject","inLanguage":"en-GB","@id":"https:\/\/buletin.de\/bucuresti\/wp-content\/uploads\/9-2-96x96.jpg1e8590b30871d70e62ebcdaf2eff570c","url":"https:\/\/buletin.de\/bucuresti\/wp-content\/uploads\/9-2-96x96.jpg","contentUrl":"https:\/\/buletin.de\/bucuresti\/wp-content\/uploads\/9-2-96x96.jpg","caption":"Diana Matei"},"url":"https:\/\/buletin.de\/bucuresti\/author\/dianamatei\/"}]}},"authors":[{"term_id":22574,"user_id":49,"is_guest":0,"slug":"dianamatei","display_name":"Diana Matei","avatar_url":"https:\/\/buletin.de\/bucuresti\/wp-content\/uploads\/9-2-96x96.jpg","0":null,"1":"","2":"","3":"","4":"","5":"","6":"","7":"","8":""}],"_links":{"self":[{"href":"https:\/\/buletin.de\/bucuresti\/wp-json\/wp\/v2\/posts\/120914","targetHints":{"allow":["GET"]}}],"collection":[{"href":"https:\/\/buletin.de\/bucuresti\/wp-json\/wp\/v2\/posts"}],"about":[{"href":"https:\/\/buletin.de\/bucuresti\/wp-json\/wp\/v2\/types\/post"}],"author":[{"embeddable":true,"href":"https:\/\/buletin.de\/bucuresti\/wp-json\/wp\/v2\/users\/49"}],"replies":[{"embeddable":true,"href":"https:\/\/buletin.de\/bucuresti\/wp-json\/wp\/v2\/comments?post=120914"}],"version-history":[{"count":2,"href":"https:\/\/buletin.de\/bucuresti\/wp-json\/wp\/v2\/posts\/120914\/revisions"}],"predecessor-version":[{"id":120937,"href":"https:\/\/buletin.de\/bucuresti\/wp-json\/wp\/v2\/posts\/120914\/revisions\/120937"}],"wp:featuredmedia":[{"embeddable":true,"href":"https:\/\/buletin.de\/bucuresti\/wp-json\/wp\/v2\/media\/120922"}],"wp:attachment":[{"href":"https:\/\/buletin.de\/bucuresti\/wp-json\/wp\/v2\/media?parent=120914"}],"wp:term":[{"taxonomy":"category","embeddable":true,"href":"https:\/\/buletin.de\/bucuresti\/wp-json\/wp\/v2\/categories?post=120914"},{"taxonomy":"post_tag","embeddable":true,"href":"https:\/\/buletin.de\/bucuresti\/wp-json\/wp\/v2\/tags?post=120914"},{"taxonomy":"author","embeddable":true,"href":"https:\/\/buletin.de\/bucuresti\/wp-json\/wp\/v2\/ppma_author?post=120914"}],"curies":[{"name":"wp","href":"https:\/\/api.w.org\/{rel}","templated":true}]}}