{"id":12083,"date":"2020-09-16T12:52:17","date_gmt":"2020-09-16T09:52:17","guid":{"rendered":"https:\/\/buletin.de\/bucuresti\/?p=12083"},"modified":"2020-09-16T15:46:29","modified_gmt":"2020-09-16T12:46:29","slug":"buletin-de-candidat-dorin-iancu-bragadiru","status":"publish","type":"post","link":"https:\/\/buletin.de\/bucuresti\/buletin-de-candidat-dorin-iancu-bragadiru\/","title":{"rendered":"Buletin de candidat: Dorin Iancu, Bragadiru"},"content":{"rendered":"\n<figure class=\"wp-block-image size-large\"><img fetchpriority=\"high\" decoding=\"async\" width=\"900\" height=\"841\" src=\"data:image\/gif;base64,R0lGODlhAQABAAAAACH5BAEKAAEALAAAAAABAAEAAAICTAEAOw==\" data-src=\"https:\/\/buletin.de\/bucuresti\/wp-content\/uploads\/WhatsApp-Image-2020-08-20-at-12.08.35-900x841.jpeg\" alt=\"\" class=\"wp-image-12084 lazyload\" data-sizes=\"auto\" data-srcset=\"https:\/\/buletin.de\/bucuresti\/wp-content\/uploads\/WhatsApp-Image-2020-08-20-at-12.08.35-900x841.jpeg 900w, https:\/\/buletin.de\/bucuresti\/wp-content\/uploads\/WhatsApp-Image-2020-08-20-at-12.08.35-300x280.jpeg 300w, https:\/\/buletin.de\/bucuresti\/wp-content\/uploads\/WhatsApp-Image-2020-08-20-at-12.08.35-768x718.jpeg 768w, https:\/\/buletin.de\/bucuresti\/wp-content\/uploads\/WhatsApp-Image-2020-08-20-at-12.08.35-1060x990.jpeg 1060w, https:\/\/buletin.de\/bucuresti\/wp-content\/uploads\/WhatsApp-Image-2020-08-20-at-12.08.35-550x514.jpeg 550w, https:\/\/buletin.de\/bucuresti\/wp-content\/uploads\/WhatsApp-Image-2020-08-20-at-12.08.35-535x500.jpeg 535w, https:\/\/buletin.de\/bucuresti\/wp-content\/uploads\/WhatsApp-Image-2020-08-20-at-12.08.35-1156x1080.jpeg 1156w, https:\/\/buletin.de\/bucuresti\/wp-content\/uploads\/WhatsApp-Image-2020-08-20-at-12.08.35-600x561.jpeg 600w, https:\/\/buletin.de\/bucuresti\/wp-content\/uploads\/WhatsApp-Image-2020-08-20-at-12.08.35.jpeg 1357w\" sizes=\"(max-width: 900px) 100vw, 900px\" \/><\/figure>\n\n\n\n<h3 class=\"wp-block-heading\"><strong>Care este ocupa\u021bia dumneavoastr\u0103 actual\u0103?<\/strong><\/h3>\n\n\n\n<p>Consilier Juridic &#8211; Expert \u00een achizi\u021bii publice<\/p>\n\n\n\n<h3 class=\"wp-block-heading\"><strong>Ce activitate politic\u0103 a\u021bi avut \u00een trecut?<\/strong><\/h3>\n\n\n\n<p>\u00cen perioada 2014 &#8211; 2016 am fost membru al Partidului Ecologist Rom\u00e2n.&nbsp; Tat\u0103l meu m-a \u00eenv\u0103\u021bat c\u0103 f\u0103r\u0103 implicare nu putem schimba nimic, iar de mic am participat la diferite manifesta\u021bii politice, el fiind membru fondator al Partidul Ecologist Rom\u00e2n \u0219i totodat\u0103 cel care mi-a insuflat dorin\u021ba de a crea o noua for\u021b\u0103 politic\u0103.<\/p>\n\n\n\n<h3 class=\"wp-block-heading\"><strong>A\u021bi fost vreodat\u0103 parte a altui partid politic dec\u00e2t cel actual?<\/strong><\/h3>\n\n\n\n<p>Da, Partidul Ecologist Rom\u00e2n<\/p>\n\n\n\n<h3 class=\"wp-block-heading\"><strong>Identifica\u021bi 5 problema majore ale Bucure\u0219tiului actual. (ale localit\u0103\u021bii unde candida\u021bi)<\/strong><\/h3>\n\n\n\n<p>a. Infrastructura rutiera deficitar\u0103, \u00eentruc\u00e2t \u00een majoritatea zonelor lipsesc trotuarele, majoritatea str\u0103zilor au tram\u0103 stradal\u0103 foarte \u00eengust\u0103 (de la 4 metri p\u00e2n\u0103 la 5,5 m), lipsa trecerilor pentru pietoni \u0219i a limitatoarelor de vitez\u0103, iar pistele pentru biciclete nici m\u0103car nu exist\u0103;<\/p>\n\n\n\n<p>b. Calitatea \u0219i presiunea apei furnizate de A.C.I. Ilfov coroborat\u0103 cu pre\u021bul foarte mare al acesteia \u0219i lipsa re\u021belei de canalizare pluvial\u0103;<\/p>\n\n\n\n<p>c. Unit\u0103\u021bile de \u00eenv\u0103\u021b\u0103m\u00e2nt sunt insuficiente, raportat la num\u0103rul de locuitori;<\/p>\n\n\n\n<p>d. Incoeren\u021b\u0103 \u00een dezvoltarea urbanistic\u0103, prin nerespectarea indicatorilor urbanistici prev\u0103zu\u021bi de lege, \u00een special:<\/p>\n\n\n\n<p>e. Construirea de locuin\u021be colective (blocuri) \u00een zone de locuin\u021be individuale (case);<\/p>\n\n\n\n<p>&nbsp;f. Nerespectarea suprafe\u021bei de spa\u021biu verde \u0219i a num\u0103rului de locuri de parcare prev\u0103zute \u00een certificatul de urbanism;<\/p>\n\n\n\n<p>g. Lipsa locurilor de munc\u0103 (\u00een prezent la nivelul ora\u0219ului Bragadiru avem aproximativ 5500 de locuri de munc\u0103, la o popula\u021bie de aproximativ 24000 de locuitori \u00een acte \u0219i aproximativ 60 000 &#8211; 70 000 de locuitori \u00een realitate<\/p>\n\n\n\n<h3 class=\"wp-block-heading\"><strong>Identifica\u021bi 5 aspecte pozitive ale Capitalei. (ale localit\u0103\u021bii unde candida\u021bi).<\/strong><\/h3>\n\n\n\n<ol class=\"wp-block-list\"><li>Distan\u021ba foarte mic\u0103 fa\u021b\u0103 de Bucure\u0219ti;<\/li><li>Faptul c\u0103 spiritul civic al cet\u0103\u021benilor \u00ee\u0219i face din ce \u00een ce mai mult sim\u021bit\u0103 prezen\u021ba, iar oamenii \u00eencep s\u0103 se mobilizeze pentru a rezolva unele probleme stringente (spre exemplu: combaterea P.U.Z. Ilegale, ac\u021biuni colective pentru construirea de noi unit\u0103\u021bi de \u00eenv\u0103\u021b\u0103m\u00e2nt, etc&#8230;);<\/li><li>Parcul central, pentru ca ofer\u0103 foarte multe facilit\u0103\u021bi;<\/li><li>T\u00e2rgul din Bragadiru, unde avem produc\u0103tori locali din zonele \u00eenvecinate \u0219i putem cump\u0103ra produse de la fermierii rom\u00e2ni<\/li><li>Zona veche a ora\u0219ului, care de\u021bine facilit\u0103\u021bile necesare unui ora\u0219, cu mici excep\u021bii;<\/li><\/ol>\n\n\n\n<h3 class=\"wp-block-heading\"><strong>Prezenta\u021bi, pe scurt, principalele 5 proiecte pentru Bucure\u0219ti. (ale localit\u0103\u021bii unde candida\u021bi);<\/strong><\/h3>\n\n\n\n<ol class=\"wp-block-list\"><li>Realizarea interconect\u0103rii cu Bucure\u0219ti \u0219i localit\u0103\u021bile \u00eenvecinate prin infrastructur\u0103 \u0219i transport public;<\/li><li>Extinderea re\u021belelor de utilit\u0103\u021bi, prin atragerea de fonduri externe \u0219i granturi;<\/li><li>Educa\u021bia reprezint\u0103 o prioritate pentru mine \u0219i \u00eemi doresc s\u0103 pun bazele a dou\u0103 centre \u0219colare formate din cre\u0219\u0103, gr\u0103dini\u021b\u0103, scoal\u0103 \u0219i sala de sport, precum \u0219i construirea unui liceu;<\/li><li>Monitorizarea calit\u0103\u021bii aerului \u0219i extinderea spa\u021biilor verzi cu prioritate \u00een zonele unele calitatea aerului este sc\u0103zut\u0103 precum \u0219i amenajarea de parcuri pe terenurile pe care nu se poate construi datoria restric\u021biilor (\u00een general re\u021belelor de utilit\u0103\u021bi) \u0219i care pot fi cump\u0103rate la preturi accesibile, sau luate \u00een administrare;<\/li><li>Armonizarea urbanistic\u0103 \u0219i interzicerea derog\u0103rilor de la Planul Urbanistic General, cu excep\u021bia construirii de unit\u0103\u021bi educa\u021bionale \u0219i medicale (doar \u00een zonele \u00een care regimul de \u00een\u0103l\u021bime este acela\u0219i cu cel al noi construc\u021bii).<\/li><\/ol>\n\n\n\n<h3 class=\"wp-block-heading\"><strong>Care este cel mai de pre\u021b lucru al dumneavoastr\u0103?<\/strong><\/h3>\n\n\n\n<p>Familia, pentru c\u0103 ori de c\u00e2te ori a fost nevoie, au fost l\u00e2ng\u0103 mine \u0219i m-au sus\u021binut.<\/p>\n\n\n\n<h3 class=\"wp-block-heading\"><strong>C\u00e2t aprecia\u021bi c\u0103 ar \u00eensuma (aproximativ) averea dumneavoastr\u0103 exprimat\u0103 \u00een lei?<\/strong><\/h3>\n\n\n\n<p>200.000 lei <\/p>\n\n\n\n<h3 class=\"wp-block-heading\"><strong>Care este hobby-ul dumneavoastr\u0103?<\/strong><\/h3>\n\n\n\n<p>C\u0103l\u0103toriile, sportul, gr\u0103din\u0103rit.<\/p>\n\n\n\n<h3 class=\"wp-block-heading\"><strong>Care este scriitorul preferat al dumneavoastr\u0103?<\/strong><\/h3>\n\n\n\n<p>Niccolo Machiavelli<\/p>\n\n\n\n<h3 class=\"wp-block-heading\"><strong>Ce fel de muzic\u0103 prefera\u021bi?<\/strong><\/h3>\n\n\n\n<p>\u00cen prezent nu au un gen de muzic\u0103 preferat, ascult aproape toate genurile (rock, dance, muzic\u0103 clasic\u0103, popular\u0103 \u0219i muzic\u0103 de petrecere). P\u0103rin\u021bii mei mi-au pus numele Dorin, dup\u0103 celebrul tenor Dorin Teodorescu \u0219i am crescut cu muzic\u0103 clasic\u0103 \u0219i rock (Dorin Teodorescu, Cargo, Iris, Pheonix, Pas\u0103rea Colibri). \u00cen \u0219coala general\u0103 am f\u0103cut dansuri populare \u0219i am prins gustul muzici populare.<\/p>\n\n\n\n<h3 class=\"wp-block-heading\"><strong>Care este filmul dumneavoastr\u0103 preferat? Dar serial?<\/strong><\/h3>\n\n\n\n<p>Filmul meu preferat este 300.<\/p>\n\n\n\n<p>Serialul Preferat Suits (costume), Game of Thrones.<\/p>\n\n\n\n<h3 class=\"wp-block-heading\"><strong>Care este ultima carte pe care a\u021bi citit-o?<\/strong><\/h3>\n\n\n\n<p>Principele de Nicolo Machiavelli<\/p>\n\n\n\n<h3 class=\"wp-block-heading\"><strong>Care este locul preferat din Bucure\u0219ti (din localitatea unde candida\u021bi)? De ce?<\/strong><\/h3>\n\n\n\n<p>Parcul Central, din p\u0103cate singurul, pentru ca are foarte multe facilit\u0103\u021bi, printre care: balta pentru pescuit, terase, terenuri de sport \u0219i o zona pentru plaja \u0219i baie care imit\u0103 marea (Belvedere).<\/p>\n\n\n\n<h3 class=\"wp-block-heading\"><strong>Cu ce v\u0103 deplasa\u021bi \u00een Bucure\u0219ti? Ave\u021bi biciclet\u0103?<\/strong><\/h3>\n\n\n\n<p>\u00cen general cu ma\u0219ina, am \u0219i biciclet\u0103, dar nu o folosesc foarte des \u00eentruc\u00e2t siguran\u021ba bicicli\u0219tilor este pus\u0103 \u00een pericol datorit\u0103 str\u0103zilor foarte \u00eenguste, lipsei trotuarelor \u0219i nu \u00een ultimul r\u00e2nd pistelor pentru biciclete.<\/p>\n\n\n\n<h3 class=\"wp-block-heading\"><strong>Ce lipse\u0219te \u0219colilor din Bucure\u0219ti?<\/strong><\/h3>\n\n\n\n<p>Din p\u0103cate exist\u0103 o singur\u0103 \u0219coal\u0103, care nu poate face fa\u021b\u0103 num\u0103rului de copii din Bragadiru, nu are o sal\u0103 de sport.<\/p>\n\n\n\n<h3 class=\"wp-block-heading\"><strong>Cum ve\u021bi asigura dezbaterile publice pe bugete?<\/strong><\/h3>\n\n\n\n<p>Cu respectarea principiului transparen\u021bei, voi supune dezbaterii publice, iar toate dezbaterile vor fi transmise \u0219i on line.<\/p>\n","protected":false},"excerpt":{"rendered":"<p>Care este ocupa\u021bia dumneavoastr\u0103 actual\u0103? Consilier Juridic &#8211; Expert \u00een achizi\u021bii publice Ce activitate politic\u0103 a\u021bi avut \u00een trecut? \u00cen perioada 2014 &#8211; 2016 am fost membru al Partidului Ecologist Rom\u00e2n.&nbsp; Tat\u0103l meu m-a \u00eenv\u0103\u021bat c\u0103 f\u0103r\u0103 implicare nu putem schimba nimic, iar de mic am participat la diferite manifesta\u021bii politice, el fiind membru fondator [&hellip;]<\/p>\n","protected":false},"author":17,"featured_media":12084,"comment_status":"closed","ping_status":"open","sticky":false,"template":"","format":"standard","meta":{"_acf_changed":false,"inline_featured_image":false,"ngg_post_thumbnail":0,"footnotes":""},"categories":[1113],"tags":[1586,1508],"ppma_author":[22576],"class_list":["post-12083","post","type-post","status-publish","format-standard","has-post-thumbnail","hentry","category-locale-2020","tag-bragadiru","tag-buletin-de-candidat-2"],"acf":[],"yoast_head":"<!-- This site is optimized with the Yoast SEO Premium plugin v25.3 (Yoast SEO v27.4) - https:\/\/yoast.com\/product\/yoast-seo-premium-wordpress\/ -->\n<title>Buletin de candidat: Dorin Iancu, Bragadiru - Buletin de Bucure\u0219ti<\/title>\n<meta name=\"robots\" content=\"index, follow, max-snippet:-1, max-image-preview:large, max-video-preview:-1\" \/>\n<link rel=\"canonical\" href=\"https:\/\/buletin.de\/bucuresti\/buletin-de-candidat-dorin-iancu-bragadiru\/\" \/>\n<meta property=\"og:locale\" content=\"en_GB\" \/>\n<meta property=\"og:type\" content=\"article\" \/>\n<meta property=\"og:title\" content=\"Buletin de candidat: Dorin Iancu, Bragadiru\" \/>\n<meta property=\"og:description\" content=\"Care este ocupa\u021bia dumneavoastr\u0103 actual\u0103? Consilier Juridic &#8211; Expert \u00een achizi\u021bii publice Ce activitate politic\u0103 a\u021bi avut \u00een trecut? \u00cen perioada 2014 &#8211; 2016 am fost membru al Partidului Ecologist Rom\u00e2n.&nbsp; Tat\u0103l meu m-a \u00eenv\u0103\u021bat c\u0103 f\u0103r\u0103 implicare nu putem schimba nimic, iar de mic am participat la diferite manifesta\u021bii politice, el fiind membru fondator [&hellip;]\" \/>\n<meta property=\"og:url\" content=\"https:\/\/buletin.de\/bucuresti\/buletin-de-candidat-dorin-iancu-bragadiru\/\" \/>\n<meta property=\"og:site_name\" content=\"Buletin de Bucure\u0219ti\" \/>\n<meta property=\"article:publisher\" content=\"https:\/\/www.facebook.com\/buletin.de.buc\" \/>\n<meta property=\"article:published_time\" content=\"2020-09-16T09:52:17+00:00\" \/>\n<meta property=\"article:modified_time\" content=\"2020-09-16T12:46:29+00:00\" \/>\n<meta property=\"og:image\" content=\"https:\/\/buletin.de\/bucuresti\/wp-content\/uploads\/WhatsApp-Image-2020-08-20-at-12.08.35.jpeg\" \/>\n\t<meta property=\"og:image:width\" content=\"1357\" \/>\n\t<meta property=\"og:image:height\" content=\"1268\" \/>\n\t<meta property=\"og:image:type\" content=\"image\/jpeg\" \/>\n<meta name=\"author\" content=\"Florin R\u00e2\u0219teiu\" \/>\n<meta name=\"twitter:card\" content=\"summary_large_image\" \/>\n<meta name=\"twitter:label1\" content=\"Written by\" \/>\n\t<meta name=\"twitter:data1\" content=\"Florin R\u00e2\u0219teiu\" \/>\n\t<meta name=\"twitter:label2\" content=\"Estimated reading time\" \/>\n\t<meta name=\"twitter:data2\" content=\"4 minutes\" \/>\n<script type=\"application\/ld+json\" class=\"yoast-schema-graph\">{\"@context\":\"https:\\\/\\\/schema.org\",\"@graph\":[{\"@type\":\"Article\",\"@id\":\"https:\\\/\\\/buletin.de\\\/bucuresti\\\/buletin-de-candidat-dorin-iancu-bragadiru\\\/#article\",\"isPartOf\":{\"@id\":\"https:\\\/\\\/buletin.de\\\/bucuresti\\\/buletin-de-candidat-dorin-iancu-bragadiru\\\/\"},\"author\":{\"name\":\"Florin R\u00e2\u0219teiu\",\"@id\":\"https:\\\/\\\/buletin.de\\\/bucuresti\\\/#\\\/schema\\\/person\\\/b0686d7a8b666c6afc78239777fd8a89\"},\"headline\":\"Buletin de candidat: Dorin Iancu, Bragadiru\",\"datePublished\":\"2020-09-16T09:52:17+00:00\",\"dateModified\":\"2020-09-16T12:46:29+00:00\",\"mainEntityOfPage\":{\"@id\":\"https:\\\/\\\/buletin.de\\\/bucuresti\\\/buletin-de-candidat-dorin-iancu-bragadiru\\\/\"},\"wordCount\":903,\"publisher\":{\"@id\":\"https:\\\/\\\/buletin.de\\\/bucuresti\\\/#organization\"},\"image\":{\"@id\":\"https:\\\/\\\/buletin.de\\\/bucuresti\\\/buletin-de-candidat-dorin-iancu-bragadiru\\\/#primaryimage\"},\"thumbnailUrl\":\"https:\\\/\\\/buletin.de\\\/bucuresti\\\/wp-content\\\/uploads\\\/WhatsApp-Image-2020-08-20-at-12.08.35.jpeg\",\"keywords\":[\"Bragadiru\",\"Buletin de candidat\"],\"articleSection\":[\"Locale 2020\"],\"inLanguage\":\"en-GB\",\"copyrightYear\":\"2020\",\"copyrightHolder\":{\"@id\":\"https:\\\/\\\/buletin.de\\\/bucuresti\\\/#organization\"}},{\"@type\":\"WebPage\",\"@id\":\"https:\\\/\\\/buletin.de\\\/bucuresti\\\/buletin-de-candidat-dorin-iancu-bragadiru\\\/\",\"url\":\"https:\\\/\\\/buletin.de\\\/bucuresti\\\/buletin-de-candidat-dorin-iancu-bragadiru\\\/\",\"name\":\"Buletin de candidat: Dorin Iancu, Bragadiru - Buletin de Bucure\u0219ti\",\"isPartOf\":{\"@id\":\"https:\\\/\\\/buletin.de\\\/bucuresti\\\/#website\"},\"primaryImageOfPage\":{\"@id\":\"https:\\\/\\\/buletin.de\\\/bucuresti\\\/buletin-de-candidat-dorin-iancu-bragadiru\\\/#primaryimage\"},\"image\":{\"@id\":\"https:\\\/\\\/buletin.de\\\/bucuresti\\\/buletin-de-candidat-dorin-iancu-bragadiru\\\/#primaryimage\"},\"thumbnailUrl\":\"https:\\\/\\\/buletin.de\\\/bucuresti\\\/wp-content\\\/uploads\\\/WhatsApp-Image-2020-08-20-at-12.08.35.jpeg\",\"datePublished\":\"2020-09-16T09:52:17+00:00\",\"dateModified\":\"2020-09-16T12:46:29+00:00\",\"breadcrumb\":{\"@id\":\"https:\\\/\\\/buletin.de\\\/bucuresti\\\/buletin-de-candidat-dorin-iancu-bragadiru\\\/#breadcrumb\"},\"inLanguage\":\"en-GB\",\"potentialAction\":[{\"@type\":\"ReadAction\",\"target\":[\"https:\\\/\\\/buletin.de\\\/bucuresti\\\/buletin-de-candidat-dorin-iancu-bragadiru\\\/\"]}]},{\"@type\":\"ImageObject\",\"inLanguage\":\"en-GB\",\"@id\":\"https:\\\/\\\/buletin.de\\\/bucuresti\\\/buletin-de-candidat-dorin-iancu-bragadiru\\\/#primaryimage\",\"url\":\"https:\\\/\\\/buletin.de\\\/bucuresti\\\/wp-content\\\/uploads\\\/WhatsApp-Image-2020-08-20-at-12.08.35.jpeg\",\"contentUrl\":\"https:\\\/\\\/buletin.de\\\/bucuresti\\\/wp-content\\\/uploads\\\/WhatsApp-Image-2020-08-20-at-12.08.35.jpeg\",\"width\":1357,\"height\":1268},{\"@type\":\"BreadcrumbList\",\"@id\":\"https:\\\/\\\/buletin.de\\\/bucuresti\\\/buletin-de-candidat-dorin-iancu-bragadiru\\\/#breadcrumb\",\"itemListElement\":[{\"@type\":\"ListItem\",\"position\":1,\"name\":\"Acas\u0103\",\"item\":\"https:\\\/\\\/buletin.de\\\/bucuresti\\\/\"},{\"@type\":\"ListItem\",\"position\":2,\"name\":\"Buletin de candidat: Dorin Iancu, Bragadiru\"}]},{\"@type\":\"WebSite\",\"@id\":\"https:\\\/\\\/buletin.de\\\/bucuresti\\\/#website\",\"url\":\"https:\\\/\\\/buletin.de\\\/bucuresti\\\/\",\"name\":\"Buletin de Bucure\u0219ti\",\"description\":\"\u0218tiri \u0219i investiga\u021bii esen\u021biale din capital\u0103\",\"publisher\":{\"@id\":\"https:\\\/\\\/buletin.de\\\/bucuresti\\\/#organization\"},\"potentialAction\":[{\"@type\":\"SearchAction\",\"target\":{\"@type\":\"EntryPoint\",\"urlTemplate\":\"https:\\\/\\\/buletin.de\\\/bucuresti\\\/?s={search_term_string}\"},\"query-input\":{\"@type\":\"PropertyValueSpecification\",\"valueRequired\":true,\"valueName\":\"search_term_string\"}}],\"inLanguage\":\"en-GB\"},{\"@type\":\"Organization\",\"@id\":\"https:\\\/\\\/buletin.de\\\/bucuresti\\\/#organization\",\"name\":\"Buletin de Bucure\u0219ti\",\"url\":\"https:\\\/\\\/buletin.de\\\/bucuresti\\\/\",\"logo\":{\"@type\":\"ImageObject\",\"inLanguage\":\"en-GB\",\"@id\":\"https:\\\/\\\/buletin.de\\\/bucuresti\\\/#\\\/schema\\\/logo\\\/image\\\/\",\"url\":\"https:\\\/\\\/buletin.de\\\/bucuresti\\\/wp-content\\\/uploads\\\/logo-bdb-full-wide-vernil-transparent.png\",\"contentUrl\":\"https:\\\/\\\/buletin.de\\\/bucuresti\\\/wp-content\\\/uploads\\\/logo-bdb-full-wide-vernil-transparent.png\",\"width\":1782,\"height\":626,\"caption\":\"Buletin de Bucure\u0219ti\"},\"image\":{\"@id\":\"https:\\\/\\\/buletin.de\\\/bucuresti\\\/#\\\/schema\\\/logo\\\/image\\\/\"},\"sameAs\":[\"https:\\\/\\\/www.facebook.com\\\/buletin.de.buc\",\"https:\\\/\\\/www.instagram.com\\\/buletinde.bucuresti\\\/\"]},{\"@type\":\"Person\",\"@id\":\"https:\\\/\\\/buletin.de\\\/bucuresti\\\/#\\\/schema\\\/person\\\/b0686d7a8b666c6afc78239777fd8a89\",\"name\":\"Florin R\u00e2\u0219teiu\",\"image\":{\"@type\":\"ImageObject\",\"inLanguage\":\"en-GB\",\"@id\":\"https:\\\/\\\/buletin.de\\\/bucuresti\\\/wp-content\\\/uploads\\\/Florin-Rasteiu-96x96.jpgf0a6fe28453aa12f0a60e4d0a2e3a78c\",\"url\":\"https:\\\/\\\/buletin.de\\\/bucuresti\\\/wp-content\\\/uploads\\\/Florin-Rasteiu-96x96.jpg\",\"contentUrl\":\"https:\\\/\\\/buletin.de\\\/bucuresti\\\/wp-content\\\/uploads\\\/Florin-Rasteiu-96x96.jpg\",\"caption\":\"Florin R\u00e2\u0219teiu\"},\"description\":\"Jurnalist de investiga\u021bie. Lucreaz\u0103 de aproape 6 ani la Buletin de Bucure\u0219ti, unde a publicat articole care scot la suprafa\u021b\u0103 corup\u021bia din Capital\u0103. Analizeaz\u0103 baze de date zilnic \u0219i scoate pove\u0219ti din exceluri pline de cifre. Pune reflectorul pe adev\u0103r cu fiecare ocazie. A c\u00e2\u0219tigat premiul I la categoria Pres\u0103 Local\u0103 \u00een 2025 \u0219i locul al II-lea la aceea\u0219i categorie \u00een 2024 \u00een cadrul Premiilor Superscrieri pentru jurnalism independent.\",\"url\":\"https:\\\/\\\/buletin.de\\\/bucuresti\\\/author\\\/florinrasteiu\\\/\"}]}<\/script>\n<!-- \/ Yoast SEO Premium plugin. -->","yoast_head_json":{"title":"Buletin de candidat: Dorin Iancu, Bragadiru - Buletin de Bucure\u0219ti","robots":{"index":"index","follow":"follow","max-snippet":"max-snippet:-1","max-image-preview":"max-image-preview:large","max-video-preview":"max-video-preview:-1"},"canonical":"https:\/\/buletin.de\/bucuresti\/buletin-de-candidat-dorin-iancu-bragadiru\/","og_locale":"en_GB","og_type":"article","og_title":"Buletin de candidat: Dorin Iancu, Bragadiru","og_description":"Care este ocupa\u021bia dumneavoastr\u0103 actual\u0103? Consilier Juridic &#8211; Expert \u00een achizi\u021bii publice Ce activitate politic\u0103 a\u021bi avut \u00een trecut? \u00cen perioada 2014 &#8211; 2016 am fost membru al Partidului Ecologist Rom\u00e2n.&nbsp; Tat\u0103l meu m-a \u00eenv\u0103\u021bat c\u0103 f\u0103r\u0103 implicare nu putem schimba nimic, iar de mic am participat la diferite manifesta\u021bii politice, el fiind membru fondator [&hellip;]","og_url":"https:\/\/buletin.de\/bucuresti\/buletin-de-candidat-dorin-iancu-bragadiru\/","og_site_name":"Buletin de Bucure\u0219ti","article_publisher":"https:\/\/www.facebook.com\/buletin.de.buc","article_published_time":"2020-09-16T09:52:17+00:00","article_modified_time":"2020-09-16T12:46:29+00:00","og_image":[{"width":1357,"height":1268,"url":"https:\/\/buletin.de\/bucuresti\/wp-content\/uploads\/WhatsApp-Image-2020-08-20-at-12.08.35.jpeg","type":"image\/jpeg"}],"author":"Florin R\u00e2\u0219teiu","twitter_card":"summary_large_image","twitter_misc":{"Written by":"Florin R\u00e2\u0219teiu","Estimated reading time":"4 minutes"},"schema":{"@context":"https:\/\/schema.org","@graph":[{"@type":"Article","@id":"https:\/\/buletin.de\/bucuresti\/buletin-de-candidat-dorin-iancu-bragadiru\/#article","isPartOf":{"@id":"https:\/\/buletin.de\/bucuresti\/buletin-de-candidat-dorin-iancu-bragadiru\/"},"author":{"name":"Florin R\u00e2\u0219teiu","@id":"https:\/\/buletin.de\/bucuresti\/#\/schema\/person\/b0686d7a8b666c6afc78239777fd8a89"},"headline":"Buletin de candidat: Dorin Iancu, Bragadiru","datePublished":"2020-09-16T09:52:17+00:00","dateModified":"2020-09-16T12:46:29+00:00","mainEntityOfPage":{"@id":"https:\/\/buletin.de\/bucuresti\/buletin-de-candidat-dorin-iancu-bragadiru\/"},"wordCount":903,"publisher":{"@id":"https:\/\/buletin.de\/bucuresti\/#organization"},"image":{"@id":"https:\/\/buletin.de\/bucuresti\/buletin-de-candidat-dorin-iancu-bragadiru\/#primaryimage"},"thumbnailUrl":"https:\/\/buletin.de\/bucuresti\/wp-content\/uploads\/WhatsApp-Image-2020-08-20-at-12.08.35.jpeg","keywords":["Bragadiru","Buletin de candidat"],"articleSection":["Locale 2020"],"inLanguage":"en-GB","copyrightYear":"2020","copyrightHolder":{"@id":"https:\/\/buletin.de\/bucuresti\/#organization"}},{"@type":"WebPage","@id":"https:\/\/buletin.de\/bucuresti\/buletin-de-candidat-dorin-iancu-bragadiru\/","url":"https:\/\/buletin.de\/bucuresti\/buletin-de-candidat-dorin-iancu-bragadiru\/","name":"Buletin de candidat: Dorin Iancu, Bragadiru - Buletin de Bucure\u0219ti","isPartOf":{"@id":"https:\/\/buletin.de\/bucuresti\/#website"},"primaryImageOfPage":{"@id":"https:\/\/buletin.de\/bucuresti\/buletin-de-candidat-dorin-iancu-bragadiru\/#primaryimage"},"image":{"@id":"https:\/\/buletin.de\/bucuresti\/buletin-de-candidat-dorin-iancu-bragadiru\/#primaryimage"},"thumbnailUrl":"https:\/\/buletin.de\/bucuresti\/wp-content\/uploads\/WhatsApp-Image-2020-08-20-at-12.08.35.jpeg","datePublished":"2020-09-16T09:52:17+00:00","dateModified":"2020-09-16T12:46:29+00:00","breadcrumb":{"@id":"https:\/\/buletin.de\/bucuresti\/buletin-de-candidat-dorin-iancu-bragadiru\/#breadcrumb"},"inLanguage":"en-GB","potentialAction":[{"@type":"ReadAction","target":["https:\/\/buletin.de\/bucuresti\/buletin-de-candidat-dorin-iancu-bragadiru\/"]}]},{"@type":"ImageObject","inLanguage":"en-GB","@id":"https:\/\/buletin.de\/bucuresti\/buletin-de-candidat-dorin-iancu-bragadiru\/#primaryimage","url":"https:\/\/buletin.de\/bucuresti\/wp-content\/uploads\/WhatsApp-Image-2020-08-20-at-12.08.35.jpeg","contentUrl":"https:\/\/buletin.de\/bucuresti\/wp-content\/uploads\/WhatsApp-Image-2020-08-20-at-12.08.35.jpeg","width":1357,"height":1268},{"@type":"BreadcrumbList","@id":"https:\/\/buletin.de\/bucuresti\/buletin-de-candidat-dorin-iancu-bragadiru\/#breadcrumb","itemListElement":[{"@type":"ListItem","position":1,"name":"Acas\u0103","item":"https:\/\/buletin.de\/bucuresti\/"},{"@type":"ListItem","position":2,"name":"Buletin de candidat: Dorin Iancu, Bragadiru"}]},{"@type":"WebSite","@id":"https:\/\/buletin.de\/bucuresti\/#website","url":"https:\/\/buletin.de\/bucuresti\/","name":"Buletin de Bucure\u0219ti","description":"\u0218tiri \u0219i investiga\u021bii esen\u021biale din capital\u0103","publisher":{"@id":"https:\/\/buletin.de\/bucuresti\/#organization"},"potentialAction":[{"@type":"SearchAction","target":{"@type":"EntryPoint","urlTemplate":"https:\/\/buletin.de\/bucuresti\/?s={search_term_string}"},"query-input":{"@type":"PropertyValueSpecification","valueRequired":true,"valueName":"search_term_string"}}],"inLanguage":"en-GB"},{"@type":"Organization","@id":"https:\/\/buletin.de\/bucuresti\/#organization","name":"Buletin de Bucure\u0219ti","url":"https:\/\/buletin.de\/bucuresti\/","logo":{"@type":"ImageObject","inLanguage":"en-GB","@id":"https:\/\/buletin.de\/bucuresti\/#\/schema\/logo\/image\/","url":"https:\/\/buletin.de\/bucuresti\/wp-content\/uploads\/logo-bdb-full-wide-vernil-transparent.png","contentUrl":"https:\/\/buletin.de\/bucuresti\/wp-content\/uploads\/logo-bdb-full-wide-vernil-transparent.png","width":1782,"height":626,"caption":"Buletin de Bucure\u0219ti"},"image":{"@id":"https:\/\/buletin.de\/bucuresti\/#\/schema\/logo\/image\/"},"sameAs":["https:\/\/www.facebook.com\/buletin.de.buc","https:\/\/www.instagram.com\/buletinde.bucuresti\/"]},{"@type":"Person","@id":"https:\/\/buletin.de\/bucuresti\/#\/schema\/person\/b0686d7a8b666c6afc78239777fd8a89","name":"Florin R\u00e2\u0219teiu","image":{"@type":"ImageObject","inLanguage":"en-GB","@id":"https:\/\/buletin.de\/bucuresti\/wp-content\/uploads\/Florin-Rasteiu-96x96.jpgf0a6fe28453aa12f0a60e4d0a2e3a78c","url":"https:\/\/buletin.de\/bucuresti\/wp-content\/uploads\/Florin-Rasteiu-96x96.jpg","contentUrl":"https:\/\/buletin.de\/bucuresti\/wp-content\/uploads\/Florin-Rasteiu-96x96.jpg","caption":"Florin R\u00e2\u0219teiu"},"description":"Jurnalist de investiga\u021bie. Lucreaz\u0103 de aproape 6 ani la Buletin de Bucure\u0219ti, unde a publicat articole care scot la suprafa\u021b\u0103 corup\u021bia din Capital\u0103. Analizeaz\u0103 baze de date zilnic \u0219i scoate pove\u0219ti din exceluri pline de cifre. Pune reflectorul pe adev\u0103r cu fiecare ocazie. A c\u00e2\u0219tigat premiul I la categoria Pres\u0103 Local\u0103 \u00een 2025 \u0219i locul al II-lea la aceea\u0219i categorie \u00een 2024 \u00een cadrul Premiilor Superscrieri pentru jurnalism independent.","url":"https:\/\/buletin.de\/bucuresti\/author\/florinrasteiu\/"}]}},"authors":[{"term_id":22576,"user_id":17,"is_guest":0,"slug":"florinrasteiu","display_name":"Florin R\u00e2\u0219teiu","avatar_url":"https:\/\/buletin.de\/bucuresti\/wp-content\/uploads\/Florin-Rasteiu-96x96.jpg","0":null,"1":"","2":"","3":"","4":"","5":"","6":"","7":"","8":""}],"_links":{"self":[{"href":"https:\/\/buletin.de\/bucuresti\/wp-json\/wp\/v2\/posts\/12083","targetHints":{"allow":["GET"]}}],"collection":[{"href":"https:\/\/buletin.de\/bucuresti\/wp-json\/wp\/v2\/posts"}],"about":[{"href":"https:\/\/buletin.de\/bucuresti\/wp-json\/wp\/v2\/types\/post"}],"author":[{"embeddable":true,"href":"https:\/\/buletin.de\/bucuresti\/wp-json\/wp\/v2\/users\/17"}],"replies":[{"embeddable":true,"href":"https:\/\/buletin.de\/bucuresti\/wp-json\/wp\/v2\/comments?post=12083"}],"version-history":[{"count":4,"href":"https:\/\/buletin.de\/bucuresti\/wp-json\/wp\/v2\/posts\/12083\/revisions"}],"predecessor-version":[{"id":12112,"href":"https:\/\/buletin.de\/bucuresti\/wp-json\/wp\/v2\/posts\/12083\/revisions\/12112"}],"wp:featuredmedia":[{"embeddable":true,"href":"https:\/\/buletin.de\/bucuresti\/wp-json\/wp\/v2\/media\/12084"}],"wp:attachment":[{"href":"https:\/\/buletin.de\/bucuresti\/wp-json\/wp\/v2\/media?parent=12083"}],"wp:term":[{"taxonomy":"category","embeddable":true,"href":"https:\/\/buletin.de\/bucuresti\/wp-json\/wp\/v2\/categories?post=12083"},{"taxonomy":"post_tag","embeddable":true,"href":"https:\/\/buletin.de\/bucuresti\/wp-json\/wp\/v2\/tags?post=12083"},{"taxonomy":"author","embeddable":true,"href":"https:\/\/buletin.de\/bucuresti\/wp-json\/wp\/v2\/ppma_author?post=12083"}],"curies":[{"name":"wp","href":"https:\/\/api.w.org\/{rel}","templated":true}]}}