{"id":120690,"date":"2025-02-28T15:56:14","date_gmt":"2025-02-28T12:56:14","guid":{"rendered":"https:\/\/buletin.de\/bucuresti\/?p=120690"},"modified":"2025-03-01T10:01:25","modified_gmt":"2025-03-01T07:01:25","slug":"brigada-rutiera","status":"publish","type":"post","link":"https:\/\/buletin.de\/bucuresti\/brigada-rutiera\/","title":{"rendered":"Protest de sus\u021binere a lui C\u0103lin Georgescu, m\u00e2ine, \u00een Capital\u0103. Brigada Rutier\u0103 impune restric\u021bii de trafic"},"content":{"rendered":"\n<p><strong>Protestul organizat de George Simion, m\u00e2ine, \u00een Capital\u0103, aduce restric\u021bii de trafic. Acest lucru se va \u00eent\u00e2mpla, \u00een func\u0163ie de num\u0103rul participan\u021bilor, anun\u021b\u0103 Brigada Rutier\u0103.<\/strong><\/p>\n\n\n\n<p>Adunarea public\u0103 are urm\u0103torul program:<\/p>\n\n\n\n<ul class=\"wp-block-list\">\n<li>\u00eentre orele 10:00 \u2013 10:30, adunarea participan\u021bilor pe trotuarul din fa\u021ba parcului Teatrului Na\u021bional Bucure\u0219ti;<\/li>\n\n\n\n<li>\u00eentre orele 10:30 \u2013 13:00, adunare public\u0103 pe trotuarul din fa\u021ba parcului Teatrului Na\u021bional Bucure\u0219ti;<\/li>\n\n\n\n<li>\u00eentre orele 13:00 \u2013 14:00, deplasare pe banda I de circula\u021bie, pe traseul: Bd. Nicolae B\u0103lcescu &#8211; Bd. Gheorghe Magheru &#8211; Pia\u021ba Roman\u0103 &#8211; Bd. Lasc\u0103r Catargiu &#8211; Pia\u021ba Victoriei (alveola central\u0103);<\/li>\n\n\n\n<li> \u00eentre orele 14:00 \u2013 22:30, adunare public\u0103 \u00een Pia\u021ba Victoriei (alveola central\u0103);<\/li>\n\n\n\n<li>\u00eentre orele 22:30 \u2013 23:00, defluirea total\u0103 a participan\u021bilor.<\/li>\n<\/ul>\n\n\n\n<p>\u00cen func\u021bie de num\u0103rul participan\u021bilor,<a href=\"https:\/\/bpr.politiaromana.ro\/\"> <\/a><a href=\"https:\/\/bpr.politiaromana.ro\/ro\/stiri\/informare-adunare-publica-01-martie\">Brigada Rutier\u0103 <\/a>va adopta m\u0103suri de restric\u021bionare a traficul rutier.<\/p>\n\n\n\n<p>Brigada Rutier\u0103 le solicit\u0103 \u0219oferilor s\u0103 circule cu pruden\u021b\u0103, s\u0103 p\u0103streze o distan\u021b\u0103 suficient\u0103 pentru a putea fr\u00e2na \u00een condi\u021bii de siguran\u021b\u0103, s\u0103 nu opreasc\u0103 ori s\u0103 sta\u0163ioneze dec\u00e2t \u00een locurile special amenajate \u0219i s\u0103 respecte<br>semnalele \u0219i indica\u021biile poli\u021bi\u0219tilor rutieri.<\/p>\n\n\n\n<p>Pietonii trebuie s\u0103 se deplaseze doar pe trotuare, traversarea str\u0103zii s\u0103 o realizeze doar prin locurile special amenajate \u0219i la culoarea verde a semaforului electric, dup\u0103 ce s-au asigurat.<\/p>\n\n\n\n<h2 class=\"wp-block-heading\" id=\"h-reguli-pentru-protejarea-jurnalistilor\">Reguli pentru protejarea jurnali\u015ftilor<\/h2>\n\n\n\n<p>\u021ain\u00e2nd cont de atitudinea participan\u021bilor fa\u021b\u0103 de reprezentan\u021bii mass-media de la ultimele manifesta\u021bii publice, Jandarmeria Capitalei va delimita o zon\u0103 de siguran\u021b\u0103.  Jurnali\u0219tii o vor putea folosi, at\u00e2t \u00een Pia\u021ba Universit\u0103\u021bii, c\u00e2t \u0219i \u00een Pia\u021ba Victoriei.<\/p>\n\n\n\n<p>De asemenea, \u00een scopul evit\u0103rii unor eventuale incidente, recomand\u0103m tuturor jurnali\u0219tilor prezen\u021bi s\u0103 solicite jandarmilor prezen\u021bi protec\u021bie, \u00een situa\u021bia p\u0103r\u0103sirii locului special constituit pentru ace\u0219tia.<\/p>\n\n\n\n<p>Jandarmeria precizeaz\u0103 c\u0103, la locurile de desf\u0103\u0219urare a activit\u0103\u021bilor,  va avea echipe de dialog cu veste inscrip\u021bionate, de culoare albastr\u0103, care au rolul de asigura dialogul permanent cu organizatorii \u0219i participan\u021bii la aceste adun\u0103ri publice.<\/p>\n\n\n\n<h2 class=\"wp-block-heading\" id=\"h-amenzi-la-ultimele-manifesta\u021bii\">Amenzi la ultimele manifesta\u021bii<\/h2>\n\n\n\n<p>La ultimele manifesta\u021bii publice, Jandarmeria Capitalei a identificat un num\u0103r de 47 de persoane, dintre care 19 persoane fac obiectul unor sesiz\u0103ri penale, sub aspectul s\u0103v\u00e2r\u0219irii faptelor de ultraj, de\u021binere de substan\u021be interzise, instigare public\u0103, tulburare a ordinii \u0219i lini\u0219tii publice, lovire sau alte violen\u021be, port sau folosire f\u0103r\u0103 drept de obiecte periculoase, distrugere \u0219i de\u021binere de materiale pirotehnice, (dou\u0103 persoane afl\u00e2ndu-se \u00een stare de arest preventiv \u0219i o persoan\u0103 sub control judiciar). <\/p>\n\n\n\n<p>34 de persoane au fost sanc\u021bionate contraven\u021bional, cu amenzi \u00een valoare total\u0103 de 75.000 de lei, pentru nerespectarea de c\u0103tre organizator a traseelor de deplasare sau locului \u0219i perimetrului destinat adun\u0103rii publice, instigarea, ini\u021bierea sau recurgerea la ac\u021biuni violente sau alte manifest\u0103ri, cu inten\u021bia de z\u0103d\u0103rnicire ori tulburare a adun\u0103rilor publice, \u00eempiedicarea for\u021belor de ordine de a-\u0219i \u00eendeplini obliga\u021biile de serviciu privind legitimarea sau conducerea unei persoane la sediul poli\u021biei.<\/p>\n\n\n\n<p><strong>CITE\u0218TE \u0218I:<\/strong> <a href=\"https:\/\/buletin.de\/bucuresti\/91-de-statii-stb\/\">TPBI | 91 de sta\u021bii STB \u00ee\u0219i schimb\u0103 denumirea \u00een perioada 3 martie \u2013 1 mai 2025<\/a><\/p>\n\n\n\n<div class=\"wp-block-buttons is-content-justification-center is-layout-flex wp-container-core-buttons-is-layout-16018d1d wp-block-buttons-is-layout-flex\">\n<div class=\"wp-block-button has-custom-width wp-block-button__width-100\"><a class=\"wp-block-button__link wp-element-button\" href=\"https:\/\/www.patreon.com\/BuletinDeBucuresti\"><strong>Sus\u021bine Buletin de Bucure\u0219ti pentru investiga\u021bii, reportaje \u0219i \u0219tiri Locale<\/strong><\/a><\/div>\n<\/div>\n\n\n\n<p>Pe 18 februarie, liderul AUR, George Simion, a anun\u021bat inten\u021bia de organiza un miting cu un milion de oameni, pe 1 martie, \u00een Bucure\u0219ti. Mitingul este organizat pentru sus\u021binerea fostului candidat la alegerile preziden\u021biale, C\u0103lin Georgescu.<\/p>\n\n\n\n<p>Fostul candidat la alegerile preziden\u0163iale a fost pus sub control judiciar de procurorii de la Parchetul General pe o perioad\u0103 de 60 de zile, el av\u00e2nd mai multe interdic\u0163ii, printre care s\u0103 p\u0103r\u0103seasc\u0103 \u0163ara f\u0103r\u0103 \u00eencuviin\u0163area autorit\u0103\u0163ilor judiciare, \u015fi nu are voie s\u0103 posteze pe re\u0163elele de socializare con\u0163inut cu caracter legionar, fascist, antisemit, rasist sau xenofob.<\/p>\n\n\n\n<p>El este urm\u0103rit penal pentru s\u0103v\u00e2r\u015firea a \u015fase infrac\u0163iuni: instigare la ac\u0163iuni \u00eempotriva ordinii constitu\u0163ionale, \u00een form\u0103 tentat\u0103; comunicarea de informa\u0163ii false; fals \u00een declara\u0163ii \u00een form\u0103 continuat\u0103; ini\u0163ierea sau constituirea unei organiza\u0163ii cu caracter fascist, rasist ori xenofob, aderarea sau sprijinirea, sub orice form\u0103, a unui astfel de grup; promovarea, \u00een public, a cultului persoanelor vinovate de s\u0103v\u00e2r\u015firea unor infrac\u0163iuni de genocid contra umanit\u0103\u0163ii \u015fi de crime de r\u0103zboi, precum \u015fi fapta de a promova, \u00een public, idei, concep\u0163ii sau doctrine fasciste, legionare, rasiste sau xenofobe; ini\u0163ierea sau constituirea unei organiza\u0163ii cu caracter antisemit, aderarea sau sprijinirea, sub orice form\u0103, a unei astfel de organiza\u0163ii.<\/p>\n\n\n\n<p><strong>CITE\u0218TE \u0218I:<\/strong> <a href=\"https:\/\/buletin.de\/bucuresti\/publicrecord-ro-vila-mercenarului-potra-gard-in-gard-cu-sectia-pentru-legatura-cu-fortele-armate-straine-a-mapn\/\">PublicRecord.ro | Vila mercenarului Potra, gard \u00een gard cu Sec\u0163ia pentru Leg\u0103tura cu For\u0163ele Armate Str\u0103ine a MApN<\/a><\/p>\n","protected":false},"excerpt":{"rendered":"<p>Protestul organizat de George Simion, m\u00e2ine, \u00een Capital\u0103, aduce restric\u021bii de trafic. Acest lucru se va \u00eent\u00e2mpla, \u00een func\u0163ie de num\u0103rul participan\u021bilor, anun\u021b\u0103 Brigada Rutier\u0103. Adunarea public\u0103 are urm\u0103torul program: \u00cen func\u021bie de num\u0103rul participan\u021bilor, Brigada Rutier\u0103 va adopta m\u0103suri de restric\u021bionare a traficul rutier. Brigada Rutier\u0103 le solicit\u0103 \u0219oferilor s\u0103 circule cu pruden\u021b\u0103, s\u0103 [&hellip;]<\/p>\n","protected":false},"author":49,"featured_media":39638,"comment_status":"closed","ping_status":"open","sticky":false,"template":"","format":"standard","meta":{"_acf_changed":false,"inline_featured_image":false,"ngg_post_thumbnail":0,"footnotes":""},"categories":[6994,62,650],"tags":[18442,5722,8624,11719,19504],"ppma_author":[22574],"class_list":["post-120690","post","type-post","status-publish","format-standard","has-post-thumbnail","hentry","category-stiri-2","category-stiri","category-transport","tag-bd-gheorghe-magheru","tag-brigada-rutiera-2","tag-piata-universitatii-2","tag-piata-victoriei-3","tag-protest-simion"],"acf":[],"yoast_head":"<!-- This site is optimized with the Yoast SEO Premium plugin v25.3 (Yoast SEO v27.4) - https:\/\/yoast.com\/product\/yoast-seo-premium-wordpress\/ -->\n<title>Protest de sus\u021binere a lui C\u0103lin Georgescu, m\u00e2ine, \u00een Capital\u0103. Brigada Rutier\u0103 impune restric\u021bii de trafic - Buletin de Bucure\u0219ti<\/title>\n<meta name=\"description\" content=\"Protest de sus\u021binere a lui C\u0103lin Georgescu, m\u00e2ine, \u00een Capital\u0103. Brigada Rutier\u0103 impune restric\u021bii de trafic.\" \/>\n<meta name=\"robots\" content=\"index, follow, max-snippet:-1, max-image-preview:large, max-video-preview:-1\" \/>\n<link rel=\"canonical\" href=\"https:\/\/buletin.de\/bucuresti\/brigada-rutiera\/\" \/>\n<meta property=\"og:locale\" content=\"en_GB\" \/>\n<meta property=\"og:type\" content=\"article\" \/>\n<meta property=\"og:title\" content=\"Protest de sus\u021binere a lui C\u0103lin Georgescu, m\u00e2ine, \u00een Capital\u0103. Brigada Rutier\u0103 impune restric\u021bii de trafic\" \/>\n<meta property=\"og:description\" content=\"Protest de sus\u021binere a lui C\u0103lin Georgescu, m\u00e2ine, \u00een Capital\u0103. Brigada Rutier\u0103 impune restric\u021bii de trafic.\" \/>\n<meta property=\"og:url\" content=\"https:\/\/buletin.de\/bucuresti\/brigada-rutiera\/\" \/>\n<meta property=\"og:site_name\" content=\"Buletin de Bucure\u0219ti\" \/>\n<meta property=\"article:publisher\" content=\"https:\/\/www.facebook.com\/buletin.de.buc\" \/>\n<meta property=\"article:published_time\" content=\"2025-02-28T12:56:14+00:00\" \/>\n<meta property=\"article:modified_time\" content=\"2025-03-01T07:01:25+00:00\" \/>\n<meta property=\"og:image\" content=\"https:\/\/buletin.de\/bucuresti\/wp-content\/uploads\/image-2022-02-27-25396032-0-george-simion-ciobanul-ionica.jpg\" \/>\n\t<meta property=\"og:image:width\" content=\"2000\" \/>\n\t<meta property=\"og:image:height\" content=\"1500\" \/>\n\t<meta property=\"og:image:type\" content=\"image\/jpeg\" \/>\n<meta name=\"author\" content=\"Diana Matei\" \/>\n<meta name=\"twitter:card\" content=\"summary_large_image\" \/>\n<meta name=\"twitter:label1\" content=\"Written by\" \/>\n\t<meta name=\"twitter:data1\" content=\"Diana Matei\" \/>\n\t<meta name=\"twitter:label2\" content=\"Estimated reading time\" \/>\n\t<meta name=\"twitter:data2\" content=\"4 minutes\" \/>\n<script type=\"application\/ld+json\" class=\"yoast-schema-graph\">{\"@context\":\"https:\\\/\\\/schema.org\",\"@graph\":[{\"@type\":\"Article\",\"@id\":\"https:\\\/\\\/buletin.de\\\/bucuresti\\\/brigada-rutiera\\\/#article\",\"isPartOf\":{\"@id\":\"https:\\\/\\\/buletin.de\\\/bucuresti\\\/brigada-rutiera\\\/\"},\"author\":{\"name\":\"Diana Matei\",\"@id\":\"https:\\\/\\\/buletin.de\\\/bucuresti\\\/#\\\/schema\\\/person\\\/7e46040573290777280a0835d81ea4ea\"},\"headline\":\"Protest de sus\u021binere a lui C\u0103lin Georgescu, m\u00e2ine, \u00een Capital\u0103. Brigada Rutier\u0103 impune restric\u021bii de trafic\",\"datePublished\":\"2025-02-28T12:56:14+00:00\",\"dateModified\":\"2025-03-01T07:01:25+00:00\",\"mainEntityOfPage\":{\"@id\":\"https:\\\/\\\/buletin.de\\\/bucuresti\\\/brigada-rutiera\\\/\"},\"wordCount\":821,\"publisher\":{\"@id\":\"https:\\\/\\\/buletin.de\\\/bucuresti\\\/#organization\"},\"image\":{\"@id\":\"https:\\\/\\\/buletin.de\\\/bucuresti\\\/brigada-rutiera\\\/#primaryimage\"},\"thumbnailUrl\":\"https:\\\/\\\/buletin.de\\\/bucuresti\\\/wp-content\\\/uploads\\\/image-2022-02-27-25396032-0-george-simion-ciobanul-ionica.jpg\",\"keywords\":[\"Bd. Gheorghe Magheru\",\"brigada rutiera\",\"Pia\u021ba Universit\u0103\u021bii\",\"Pia\u021ba Victoriei\",\"protest Simion\"],\"articleSection\":[\"Articole\",\"\u0218tiri\",\"Transport\"],\"inLanguage\":\"en-GB\",\"copyrightYear\":\"2025\",\"copyrightHolder\":{\"@id\":\"https:\\\/\\\/buletin.de\\\/bucuresti\\\/#organization\"}},{\"@type\":\"WebPage\",\"@id\":\"https:\\\/\\\/buletin.de\\\/bucuresti\\\/brigada-rutiera\\\/\",\"url\":\"https:\\\/\\\/buletin.de\\\/bucuresti\\\/brigada-rutiera\\\/\",\"name\":\"Protest de sus\u021binere a lui C\u0103lin Georgescu, m\u00e2ine, \u00een Capital\u0103. Brigada Rutier\u0103 impune restric\u021bii de trafic - Buletin de Bucure\u0219ti\",\"isPartOf\":{\"@id\":\"https:\\\/\\\/buletin.de\\\/bucuresti\\\/#website\"},\"primaryImageOfPage\":{\"@id\":\"https:\\\/\\\/buletin.de\\\/bucuresti\\\/brigada-rutiera\\\/#primaryimage\"},\"image\":{\"@id\":\"https:\\\/\\\/buletin.de\\\/bucuresti\\\/brigada-rutiera\\\/#primaryimage\"},\"thumbnailUrl\":\"https:\\\/\\\/buletin.de\\\/bucuresti\\\/wp-content\\\/uploads\\\/image-2022-02-27-25396032-0-george-simion-ciobanul-ionica.jpg\",\"datePublished\":\"2025-02-28T12:56:14+00:00\",\"dateModified\":\"2025-03-01T07:01:25+00:00\",\"description\":\"Protest de sus\u021binere a lui C\u0103lin Georgescu, m\u00e2ine, \u00een Capital\u0103. Brigada Rutier\u0103 impune restric\u021bii de trafic.\",\"breadcrumb\":{\"@id\":\"https:\\\/\\\/buletin.de\\\/bucuresti\\\/brigada-rutiera\\\/#breadcrumb\"},\"inLanguage\":\"en-GB\",\"potentialAction\":[{\"@type\":\"ReadAction\",\"target\":[\"https:\\\/\\\/buletin.de\\\/bucuresti\\\/brigada-rutiera\\\/\"]}]},{\"@type\":\"ImageObject\",\"inLanguage\":\"en-GB\",\"@id\":\"https:\\\/\\\/buletin.de\\\/bucuresti\\\/brigada-rutiera\\\/#primaryimage\",\"url\":\"https:\\\/\\\/buletin.de\\\/bucuresti\\\/wp-content\\\/uploads\\\/image-2022-02-27-25396032-0-george-simion-ciobanul-ionica.jpg\",\"contentUrl\":\"https:\\\/\\\/buletin.de\\\/bucuresti\\\/wp-content\\\/uploads\\\/image-2022-02-27-25396032-0-george-simion-ciobanul-ionica.jpg\",\"width\":2000,\"height\":1500,\"caption\":\"Protest de sus\u021binere a lui C\u0103lin Georgescu, m\u00e2ine, \u00een Capital\u0103. Brigada Rutier\u0103 impune restric\u021bii de trafic. FOTO: Arhiva\"},{\"@type\":\"BreadcrumbList\",\"@id\":\"https:\\\/\\\/buletin.de\\\/bucuresti\\\/brigada-rutiera\\\/#breadcrumb\",\"itemListElement\":[{\"@type\":\"ListItem\",\"position\":1,\"name\":\"Acas\u0103\",\"item\":\"https:\\\/\\\/buletin.de\\\/bucuresti\\\/\"},{\"@type\":\"ListItem\",\"position\":2,\"name\":\"Protest de sus\u021binere a lui C\u0103lin Georgescu, m\u00e2ine, \u00een Capital\u0103. Brigada Rutier\u0103 impune restric\u021bii de trafic\"}]},{\"@type\":\"WebSite\",\"@id\":\"https:\\\/\\\/buletin.de\\\/bucuresti\\\/#website\",\"url\":\"https:\\\/\\\/buletin.de\\\/bucuresti\\\/\",\"name\":\"Buletin de Bucure\u0219ti\",\"description\":\"\u0218tiri \u0219i investiga\u021bii esen\u021biale din capital\u0103\",\"publisher\":{\"@id\":\"https:\\\/\\\/buletin.de\\\/bucuresti\\\/#organization\"},\"potentialAction\":[{\"@type\":\"SearchAction\",\"target\":{\"@type\":\"EntryPoint\",\"urlTemplate\":\"https:\\\/\\\/buletin.de\\\/bucuresti\\\/?s={search_term_string}\"},\"query-input\":{\"@type\":\"PropertyValueSpecification\",\"valueRequired\":true,\"valueName\":\"search_term_string\"}}],\"inLanguage\":\"en-GB\"},{\"@type\":\"Organization\",\"@id\":\"https:\\\/\\\/buletin.de\\\/bucuresti\\\/#organization\",\"name\":\"Buletin de Bucure\u0219ti\",\"url\":\"https:\\\/\\\/buletin.de\\\/bucuresti\\\/\",\"logo\":{\"@type\":\"ImageObject\",\"inLanguage\":\"en-GB\",\"@id\":\"https:\\\/\\\/buletin.de\\\/bucuresti\\\/#\\\/schema\\\/logo\\\/image\\\/\",\"url\":\"https:\\\/\\\/buletin.de\\\/bucuresti\\\/wp-content\\\/uploads\\\/logo-bdb-full-wide-vernil-transparent.png\",\"contentUrl\":\"https:\\\/\\\/buletin.de\\\/bucuresti\\\/wp-content\\\/uploads\\\/logo-bdb-full-wide-vernil-transparent.png\",\"width\":1782,\"height\":626,\"caption\":\"Buletin de Bucure\u0219ti\"},\"image\":{\"@id\":\"https:\\\/\\\/buletin.de\\\/bucuresti\\\/#\\\/schema\\\/logo\\\/image\\\/\"},\"sameAs\":[\"https:\\\/\\\/www.facebook.com\\\/buletin.de.buc\",\"https:\\\/\\\/www.instagram.com\\\/buletinde.bucuresti\\\/\"]},{\"@type\":\"Person\",\"@id\":\"https:\\\/\\\/buletin.de\\\/bucuresti\\\/#\\\/schema\\\/person\\\/7e46040573290777280a0835d81ea4ea\",\"name\":\"Diana Matei\",\"image\":{\"@type\":\"ImageObject\",\"inLanguage\":\"en-GB\",\"@id\":\"https:\\\/\\\/buletin.de\\\/bucuresti\\\/wp-content\\\/uploads\\\/9-2-96x96.jpg1e8590b30871d70e62ebcdaf2eff570c\",\"url\":\"https:\\\/\\\/buletin.de\\\/bucuresti\\\/wp-content\\\/uploads\\\/9-2-96x96.jpg\",\"contentUrl\":\"https:\\\/\\\/buletin.de\\\/bucuresti\\\/wp-content\\\/uploads\\\/9-2-96x96.jpg\",\"caption\":\"Diana Matei\"},\"url\":\"https:\\\/\\\/buletin.de\\\/bucuresti\\\/author\\\/dianamatei\\\/\"}]}<\/script>\n<!-- \/ Yoast SEO Premium plugin. -->","yoast_head_json":{"title":"Protest de sus\u021binere a lui C\u0103lin Georgescu, m\u00e2ine, \u00een Capital\u0103. Brigada Rutier\u0103 impune restric\u021bii de trafic - Buletin de Bucure\u0219ti","description":"Protest de sus\u021binere a lui C\u0103lin Georgescu, m\u00e2ine, \u00een Capital\u0103. Brigada Rutier\u0103 impune restric\u021bii de trafic.","robots":{"index":"index","follow":"follow","max-snippet":"max-snippet:-1","max-image-preview":"max-image-preview:large","max-video-preview":"max-video-preview:-1"},"canonical":"https:\/\/buletin.de\/bucuresti\/brigada-rutiera\/","og_locale":"en_GB","og_type":"article","og_title":"Protest de sus\u021binere a lui C\u0103lin Georgescu, m\u00e2ine, \u00een Capital\u0103. Brigada Rutier\u0103 impune restric\u021bii de trafic","og_description":"Protest de sus\u021binere a lui C\u0103lin Georgescu, m\u00e2ine, \u00een Capital\u0103. Brigada Rutier\u0103 impune restric\u021bii de trafic.","og_url":"https:\/\/buletin.de\/bucuresti\/brigada-rutiera\/","og_site_name":"Buletin de Bucure\u0219ti","article_publisher":"https:\/\/www.facebook.com\/buletin.de.buc","article_published_time":"2025-02-28T12:56:14+00:00","article_modified_time":"2025-03-01T07:01:25+00:00","og_image":[{"width":2000,"height":1500,"url":"https:\/\/buletin.de\/bucuresti\/wp-content\/uploads\/image-2022-02-27-25396032-0-george-simion-ciobanul-ionica.jpg","type":"image\/jpeg"}],"author":"Diana Matei","twitter_card":"summary_large_image","twitter_misc":{"Written by":"Diana Matei","Estimated reading time":"4 minutes"},"schema":{"@context":"https:\/\/schema.org","@graph":[{"@type":"Article","@id":"https:\/\/buletin.de\/bucuresti\/brigada-rutiera\/#article","isPartOf":{"@id":"https:\/\/buletin.de\/bucuresti\/brigada-rutiera\/"},"author":{"name":"Diana Matei","@id":"https:\/\/buletin.de\/bucuresti\/#\/schema\/person\/7e46040573290777280a0835d81ea4ea"},"headline":"Protest de sus\u021binere a lui C\u0103lin Georgescu, m\u00e2ine, \u00een Capital\u0103. Brigada Rutier\u0103 impune restric\u021bii de trafic","datePublished":"2025-02-28T12:56:14+00:00","dateModified":"2025-03-01T07:01:25+00:00","mainEntityOfPage":{"@id":"https:\/\/buletin.de\/bucuresti\/brigada-rutiera\/"},"wordCount":821,"publisher":{"@id":"https:\/\/buletin.de\/bucuresti\/#organization"},"image":{"@id":"https:\/\/buletin.de\/bucuresti\/brigada-rutiera\/#primaryimage"},"thumbnailUrl":"https:\/\/buletin.de\/bucuresti\/wp-content\/uploads\/image-2022-02-27-25396032-0-george-simion-ciobanul-ionica.jpg","keywords":["Bd. Gheorghe Magheru","brigada rutiera","Pia\u021ba Universit\u0103\u021bii","Pia\u021ba Victoriei","protest Simion"],"articleSection":["Articole","\u0218tiri","Transport"],"inLanguage":"en-GB","copyrightYear":"2025","copyrightHolder":{"@id":"https:\/\/buletin.de\/bucuresti\/#organization"}},{"@type":"WebPage","@id":"https:\/\/buletin.de\/bucuresti\/brigada-rutiera\/","url":"https:\/\/buletin.de\/bucuresti\/brigada-rutiera\/","name":"Protest de sus\u021binere a lui C\u0103lin Georgescu, m\u00e2ine, \u00een Capital\u0103. Brigada Rutier\u0103 impune restric\u021bii de trafic - Buletin de Bucure\u0219ti","isPartOf":{"@id":"https:\/\/buletin.de\/bucuresti\/#website"},"primaryImageOfPage":{"@id":"https:\/\/buletin.de\/bucuresti\/brigada-rutiera\/#primaryimage"},"image":{"@id":"https:\/\/buletin.de\/bucuresti\/brigada-rutiera\/#primaryimage"},"thumbnailUrl":"https:\/\/buletin.de\/bucuresti\/wp-content\/uploads\/image-2022-02-27-25396032-0-george-simion-ciobanul-ionica.jpg","datePublished":"2025-02-28T12:56:14+00:00","dateModified":"2025-03-01T07:01:25+00:00","description":"Protest de sus\u021binere a lui C\u0103lin Georgescu, m\u00e2ine, \u00een Capital\u0103. Brigada Rutier\u0103 impune restric\u021bii de trafic.","breadcrumb":{"@id":"https:\/\/buletin.de\/bucuresti\/brigada-rutiera\/#breadcrumb"},"inLanguage":"en-GB","potentialAction":[{"@type":"ReadAction","target":["https:\/\/buletin.de\/bucuresti\/brigada-rutiera\/"]}]},{"@type":"ImageObject","inLanguage":"en-GB","@id":"https:\/\/buletin.de\/bucuresti\/brigada-rutiera\/#primaryimage","url":"https:\/\/buletin.de\/bucuresti\/wp-content\/uploads\/image-2022-02-27-25396032-0-george-simion-ciobanul-ionica.jpg","contentUrl":"https:\/\/buletin.de\/bucuresti\/wp-content\/uploads\/image-2022-02-27-25396032-0-george-simion-ciobanul-ionica.jpg","width":2000,"height":1500,"caption":"Protest de sus\u021binere a lui C\u0103lin Georgescu, m\u00e2ine, \u00een Capital\u0103. Brigada Rutier\u0103 impune restric\u021bii de trafic. FOTO: Arhiva"},{"@type":"BreadcrumbList","@id":"https:\/\/buletin.de\/bucuresti\/brigada-rutiera\/#breadcrumb","itemListElement":[{"@type":"ListItem","position":1,"name":"Acas\u0103","item":"https:\/\/buletin.de\/bucuresti\/"},{"@type":"ListItem","position":2,"name":"Protest de sus\u021binere a lui C\u0103lin Georgescu, m\u00e2ine, \u00een Capital\u0103. Brigada Rutier\u0103 impune restric\u021bii de trafic"}]},{"@type":"WebSite","@id":"https:\/\/buletin.de\/bucuresti\/#website","url":"https:\/\/buletin.de\/bucuresti\/","name":"Buletin de Bucure\u0219ti","description":"\u0218tiri \u0219i investiga\u021bii esen\u021biale din capital\u0103","publisher":{"@id":"https:\/\/buletin.de\/bucuresti\/#organization"},"potentialAction":[{"@type":"SearchAction","target":{"@type":"EntryPoint","urlTemplate":"https:\/\/buletin.de\/bucuresti\/?s={search_term_string}"},"query-input":{"@type":"PropertyValueSpecification","valueRequired":true,"valueName":"search_term_string"}}],"inLanguage":"en-GB"},{"@type":"Organization","@id":"https:\/\/buletin.de\/bucuresti\/#organization","name":"Buletin de Bucure\u0219ti","url":"https:\/\/buletin.de\/bucuresti\/","logo":{"@type":"ImageObject","inLanguage":"en-GB","@id":"https:\/\/buletin.de\/bucuresti\/#\/schema\/logo\/image\/","url":"https:\/\/buletin.de\/bucuresti\/wp-content\/uploads\/logo-bdb-full-wide-vernil-transparent.png","contentUrl":"https:\/\/buletin.de\/bucuresti\/wp-content\/uploads\/logo-bdb-full-wide-vernil-transparent.png","width":1782,"height":626,"caption":"Buletin de Bucure\u0219ti"},"image":{"@id":"https:\/\/buletin.de\/bucuresti\/#\/schema\/logo\/image\/"},"sameAs":["https:\/\/www.facebook.com\/buletin.de.buc","https:\/\/www.instagram.com\/buletinde.bucuresti\/"]},{"@type":"Person","@id":"https:\/\/buletin.de\/bucuresti\/#\/schema\/person\/7e46040573290777280a0835d81ea4ea","name":"Diana Matei","image":{"@type":"ImageObject","inLanguage":"en-GB","@id":"https:\/\/buletin.de\/bucuresti\/wp-content\/uploads\/9-2-96x96.jpg1e8590b30871d70e62ebcdaf2eff570c","url":"https:\/\/buletin.de\/bucuresti\/wp-content\/uploads\/9-2-96x96.jpg","contentUrl":"https:\/\/buletin.de\/bucuresti\/wp-content\/uploads\/9-2-96x96.jpg","caption":"Diana Matei"},"url":"https:\/\/buletin.de\/bucuresti\/author\/dianamatei\/"}]}},"authors":[{"term_id":22574,"user_id":49,"is_guest":0,"slug":"dianamatei","display_name":"Diana Matei","avatar_url":"https:\/\/buletin.de\/bucuresti\/wp-content\/uploads\/9-2-96x96.jpg","0":null,"1":"","2":"","3":"","4":"","5":"","6":"","7":"","8":""}],"_links":{"self":[{"href":"https:\/\/buletin.de\/bucuresti\/wp-json\/wp\/v2\/posts\/120690","targetHints":{"allow":["GET"]}}],"collection":[{"href":"https:\/\/buletin.de\/bucuresti\/wp-json\/wp\/v2\/posts"}],"about":[{"href":"https:\/\/buletin.de\/bucuresti\/wp-json\/wp\/v2\/types\/post"}],"author":[{"embeddable":true,"href":"https:\/\/buletin.de\/bucuresti\/wp-json\/wp\/v2\/users\/49"}],"replies":[{"embeddable":true,"href":"https:\/\/buletin.de\/bucuresti\/wp-json\/wp\/v2\/comments?post=120690"}],"version-history":[{"count":4,"href":"https:\/\/buletin.de\/bucuresti\/wp-json\/wp\/v2\/posts\/120690\/revisions"}],"predecessor-version":[{"id":120819,"href":"https:\/\/buletin.de\/bucuresti\/wp-json\/wp\/v2\/posts\/120690\/revisions\/120819"}],"wp:featuredmedia":[{"embeddable":true,"href":"https:\/\/buletin.de\/bucuresti\/wp-json\/wp\/v2\/media\/39638"}],"wp:attachment":[{"href":"https:\/\/buletin.de\/bucuresti\/wp-json\/wp\/v2\/media?parent=120690"}],"wp:term":[{"taxonomy":"category","embeddable":true,"href":"https:\/\/buletin.de\/bucuresti\/wp-json\/wp\/v2\/categories?post=120690"},{"taxonomy":"post_tag","embeddable":true,"href":"https:\/\/buletin.de\/bucuresti\/wp-json\/wp\/v2\/tags?post=120690"},{"taxonomy":"author","embeddable":true,"href":"https:\/\/buletin.de\/bucuresti\/wp-json\/wp\/v2\/ppma_author?post=120690"}],"curies":[{"name":"wp","href":"https:\/\/api.w.org\/{rel}","templated":true}]}}