{"id":120437,"date":"2025-02-27T21:22:14","date_gmt":"2025-02-27T18:22:14","guid":{"rendered":"https:\/\/buletin.de\/bucuresti\/?p=120437"},"modified":"2025-02-27T21:22:15","modified_gmt":"2025-02-27T18:22:15","slug":"bugetul-primariei-sector-3-pus-in-dezbatere-publica","status":"publish","type":"post","link":"https:\/\/buletin.de\/bucuresti\/bugetul-primariei-sector-3-pus-in-dezbatere-publica\/","title":{"rendered":"Sector 3 | Bugetul Prim\u0103riei pus \u00een dezbatere public\u0103. \u00cent\u00e2lnirea are loc pe 12 martie"},"content":{"rendered":"\n<p><strong>Bugetul Prim\u0103riei Sectorului 3, pe anul acesta, se dezbate public, pe 12 martie. \u00cent\u00e2lnirea are loc la sediul din Calea Dude\u0219ti 191.<\/strong><\/p>\n\n\n\n<p>Cet\u0103\u021benii care doresc s\u0103 fie prezen\u021bi la dezbatere, trebuie s\u0103 trimit\u0103 p\u00e2n\u0103 pe 11 martie, la ora 11:00, un e-mail cu datele de contact (nume, prenume, num\u0103r de telefon mobil) la <strong>relatiipublice@primarie3<\/strong>.ro sau s\u0103 fac\u0103 o solicitare direct la registratura Prim\u0103riei.<\/p>\n\n\n\n<p>De asemenea, amendamentele privind bugetul Prim\u0103riei se pot trimite p\u00e2n\u0103 pe 12 martie, la ora 11:00, la aceea\u0219i adres\u0103 de e-mail, cu titlul <strong>\u201eAmendament buget 2025\u201d.<\/strong><\/p>\n\n\n\n<h2 class=\"wp-block-heading\" id=\"h-propunerile-pentru-bugetul-primariei-sunt-urmatoarele\"><strong>Propunerile pentru bugetul Prim\u0103riei sunt urm\u0103toarele:<\/strong><\/h2>\n\n\n\n<figure class=\"wp-block-image size-full\"><img fetchpriority=\"high\" decoding=\"async\" width=\"886\" height=\"628\" src=\"data:image\/gif;base64,R0lGODlhAQABAAAAACH5BAEKAAEALAAAAAABAAEAAAICTAEAOw==\" data-src=\"https:\/\/buletin.de\/bucuresti\/wp-content\/uploads\/Screenshot-2025-02-27-at-11.47.01.png\" alt=\"\" class=\"wp-image-120445 lazyload\" data-sizes=\"auto\" data-srcset=\"https:\/\/buletin.de\/bucuresti\/wp-content\/uploads\/Screenshot-2025-02-27-at-11.47.01.png 886w, https:\/\/buletin.de\/bucuresti\/wp-content\/uploads\/Screenshot-2025-02-27-at-11.47.01-300x213.png 300w, https:\/\/buletin.de\/bucuresti\/wp-content\/uploads\/Screenshot-2025-02-27-at-11.47.01-768x544.png 768w, https:\/\/buletin.de\/bucuresti\/wp-content\/uploads\/Screenshot-2025-02-27-at-11.47.01-600x425.png 600w, https:\/\/buletin.de\/bucuresti\/wp-content\/uploads\/Screenshot-2025-02-27-at-11.47.01-20x14.png 20w\" sizes=\"(max-width: 886px) 100vw, 886px\" \/><\/figure>\n\n\n\n<figure class=\"wp-block-image size-full\"><img decoding=\"async\" width=\"889\" height=\"608\" src=\"data:image\/gif;base64,R0lGODlhAQABAAAAACH5BAEKAAEALAAAAAABAAEAAAICTAEAOw==\" data-src=\"https:\/\/buletin.de\/bucuresti\/wp-content\/uploads\/Screenshot-2025-02-27-at-11.47.21.png\" alt=\"\" class=\"wp-image-120446 lazyload\" data-sizes=\"auto\" data-srcset=\"https:\/\/buletin.de\/bucuresti\/wp-content\/uploads\/Screenshot-2025-02-27-at-11.47.21.png 889w, https:\/\/buletin.de\/bucuresti\/wp-content\/uploads\/Screenshot-2025-02-27-at-11.47.21-300x205.png 300w, https:\/\/buletin.de\/bucuresti\/wp-content\/uploads\/Screenshot-2025-02-27-at-11.47.21-768x525.png 768w, https:\/\/buletin.de\/bucuresti\/wp-content\/uploads\/Screenshot-2025-02-27-at-11.47.21-600x410.png 600w, https:\/\/buletin.de\/bucuresti\/wp-content\/uploads\/Screenshot-2025-02-27-at-11.47.21-20x14.png 20w\" sizes=\"(max-width: 889px) 100vw, 889px\" \/><\/figure>\n\n\n\n<figure class=\"wp-block-image size-full\"><img decoding=\"async\" width=\"891\" height=\"618\" src=\"data:image\/gif;base64,R0lGODlhAQABAAAAACH5BAEKAAEALAAAAAABAAEAAAICTAEAOw==\" data-src=\"https:\/\/buletin.de\/bucuresti\/wp-content\/uploads\/Screenshot-2025-02-27-at-11.47.48.png\" alt=\"\" class=\"wp-image-120447 lazyload\" data-sizes=\"auto\" data-srcset=\"https:\/\/buletin.de\/bucuresti\/wp-content\/uploads\/Screenshot-2025-02-27-at-11.47.48.png 891w, https:\/\/buletin.de\/bucuresti\/wp-content\/uploads\/Screenshot-2025-02-27-at-11.47.48-300x208.png 300w, https:\/\/buletin.de\/bucuresti\/wp-content\/uploads\/Screenshot-2025-02-27-at-11.47.48-768x533.png 768w, https:\/\/buletin.de\/bucuresti\/wp-content\/uploads\/Screenshot-2025-02-27-at-11.47.48-600x416.png 600w, https:\/\/buletin.de\/bucuresti\/wp-content\/uploads\/Screenshot-2025-02-27-at-11.47.48-20x14.png 20w\" sizes=\"(max-width: 891px) 100vw, 891px\" \/><\/figure>\n\n\n\n<p><strong>CITE\u0218TE \u0218I:<\/strong> <a href=\"https:\/\/buletin.de\/bucuresti\/sector-3-pasaj-pietonal-care-sa-lege-gara-titan-statia-de-metrou-republica-si-hala-laminor\/\">Sector 3 | Pasaj pietonal care s\u0103 lege Gara Titan, sta\u0163ia de metrou Republica \u015fi Hala Laminor<\/a><\/p>\n\n\n\n<div class=\"wp-block-buttons is-content-justification-center is-layout-flex wp-container-core-buttons-is-layout-16018d1d wp-block-buttons-is-layout-flex\">\n<div class=\"wp-block-button has-custom-width wp-block-button__width-100\"><a class=\"wp-block-button__link wp-element-button\" href=\"https:\/\/www.patreon.com\/BuletinDeBucuresti\"><strong>Sus\u021bine Buletin de Bucure\u0219ti pentru investiga\u021bii, reportaje \u0219i \u0219tiri Locale<\/strong><\/a><\/div>\n<\/div>\n\n\n\n<h2 class=\"wp-block-heading\" id=\"h-\u0219i-strategia-de-transformare-digitala-a-sectorului-3-pusa-in-dezbatere-publica\">\u0218i strategia de Transformare Digital\u0103 a Sectorului 3, pus\u0103 \u00een dezbatere public\u0103<\/h2>\n\n\n\n<p>\u0218i proiectul <a href=\"https:\/\/www.primarie3.ro\/images\/uploads\/consiliu_local\/DEZBATERE_PUBLICA_05.03.2025%2C_ORA_14_.00_PRIVIND_STRATEGIA_DE_TRANSFORMARE_DIGITALA_A_SEC_3-_PUBLICAT_26_.02.2025.pdf\">Strategia de Transformare Digital\u0103 a Sectorului 3 <\/a>este pus\u0103 \u00een dezbatere public\u0103, anun\u021b\u0103 autoritatea local\u0103.<\/p>\n\n\n\n<p>Prim\u0103ria Sectorului 3 va organiza pe 5 martie, la ora 14:00, o dezbatere public\u0103 referitoare la aprobarea &nbsp;\u201e<em>Strategiei de Transformare Digital\u0103 a Sectorului 3 al Municipiului Bucure\u0219ti<\/em>\u201d. Dezbaterea se va desf\u0103\u0219ura cu participare fizic\u0103, la sediul Prim\u0103riei Sectorului 3, din Calea Dude\u0219ti nr. 191, dar \u0219i online \u00een sistem de video conferin\u021b\u0103.<\/p>\n\n\n\n<p>Persoanele interesate se pot \u00eenscrie la cuv\u00e2nt, p\u00e2n\u0103 cel t\u00e2rziu \u00een data de 05.03.2025, ora 12:00, prin transmiterea unei cereri la adresa\u00a0<a href=\"mailto:consiliu@primarie3.ro\">consiliu@primarie3.ro<\/a>. <\/p>\n\n\n\n<p><strong>Cererea va cuprinde\u00a0 solicitarea de a lua cuv\u00e2ntul, precum \u0219i datele de contact. De asemenea, se pot transmite\u00a0propuneri, sugestii sau opinii la aceea\u0219i adres\u0103 de e-mail.<\/strong><\/p>\n\n\n\n<p>Fiecare participant va avea maximum trei minute, pentru a-\u0219i sus\u021bine punctul de vedere. Participan\u021bii la dezbatere care se \u00eenscriu la cuv\u00e2nt \u00ee\u0219i vor sus\u021bine punctele de vedere, exclusiv pe marginea proiectului de hot\u0103r\u00e2re supus dezbaterii.<\/p>\n\n\n\n<p>Propunerile care vor sta la baza&nbsp;proiectului de hot\u0103r\u00e2re, elaborat \u00een forma final\u0103, vor fi supuse aprob\u0103rii Consiliului Local Sector 3.<\/p>\n\n\n\n<p>Proiectul de hot\u0103r\u00e2re privind&nbsp;aprobarea &nbsp;\u201eStrategiei de Transformare Digital\u0103 a Sectorului 3 al Municipiului Bucure\u0219ti\u201d poate fi consultat pe site-ul institu\u021biei,&nbsp;<a href=\"http:\/\/www.primarie3.ro\/\">www.primarie3.ro<\/a>,&nbsp;la sec\u021biunea&nbsp;\u201e<em>Consiliul Local<\/em>&nbsp;&#8211;&nbsp;<em>Proiecte de hot\u0103r\u00e2ri supuse dezbaterii publice\u201d<\/em>.<\/p>\n\n\n\n<p><strong>CITE\u0218TE \u0218I: <a href=\"https:\/\/buletin.de\/bucuresti\/termoficare-lucrari-urgente-de-reabilitare-in-toate-cele-sase-sectoare-aproape-200-blocuri-raman-fara-apa-calda-si-caldura\/\">TERMOFICARE |\u00a0Lucr\u0103ri urgente de reabilitare \u00een toate cele \u0219ase sectoare. Aproape 200 blocuri r\u0103m\u00e2n f\u0103r\u0103 ap\u0103 cald\u0103 \u0219i c\u0103ldur\u0103<\/a><\/strong><\/p>\n","protected":false},"excerpt":{"rendered":"<p>Bugetul Prim\u0103riei Sectorului 3, pe anul acesta, se dezbate public, pe 12 martie. \u00cent\u00e2lnirea are loc la sediul din Calea Dude\u0219ti 191. Cet\u0103\u021benii care doresc s\u0103 fie prezen\u021bi la dezbatere, trebuie s\u0103 trimit\u0103 p\u00e2n\u0103 pe 11 martie, la ora 11:00, un e-mail cu datele de contact (nume, prenume, num\u0103r de telefon mobil) la relatiipublice@primarie3.ro sau [&hellip;]<\/p>\n","protected":false},"author":49,"featured_media":120470,"comment_status":"closed","ping_status":"open","sticky":false,"template":"","format":"standard","meta":{"_acf_changed":false,"inline_featured_image":false,"ngg_post_thumbnail":0,"footnotes":""},"categories":[6994,24,62],"tags":[19460,19459,440,9194],"ppma_author":[22574],"class_list":["post-120437","post","type-post","status-publish","format-standard","has-post-thumbnail","hentry","category-stiri-2","category-primarie","category-stiri","tag-calea-dudesti-191","tag-dezbatere-publica-buget-s3","tag-sector-3","tag-transparenta-buget-s3"],"acf":[],"yoast_head":"<!-- This site is optimized with the Yoast SEO Premium plugin v25.3 (Yoast SEO v27.5) - https:\/\/yoast.com\/product\/yoast-seo-premium-wordpress\/ -->\n<title>Sector 3 | Bugetul Prim\u0103riei pus \u00een dezbatere public\u0103. \u00cent\u00e2lnirea are loc pe 12 martie - Buletin de Bucure\u0219ti<\/title>\n<meta name=\"description\" content=\"Bugetul Prim\u0103riei Sectorului 3, pe anul acesta, a fost pus \u00een dezbatere public\u0103 p\u00e2n\u0103 pe 12 martie, c\u00e2nd va avea loc \u00eenlt\u00e2lnirea cu public.\" \/>\n<meta name=\"robots\" content=\"index, follow, max-snippet:-1, max-image-preview:large, max-video-preview:-1\" \/>\n<link rel=\"canonical\" href=\"https:\/\/buletin.de\/bucuresti\/bugetul-primariei-sector-3-pus-in-dezbatere-publica\/\" \/>\n<meta property=\"og:locale\" content=\"en_GB\" \/>\n<meta property=\"og:type\" content=\"article\" \/>\n<meta property=\"og:title\" content=\"Sector 3 | Bugetul Prim\u0103riei pus \u00een dezbatere public\u0103. \u00cent\u00e2lnirea are loc pe 12 martie\" \/>\n<meta property=\"og:description\" content=\"Bugetul Prim\u0103riei Sectorului 3, pe anul acesta, a fost pus \u00een dezbatere public\u0103 p\u00e2n\u0103 pe 12 martie, c\u00e2nd va avea loc \u00eenlt\u00e2lnirea cu public.\" \/>\n<meta property=\"og:url\" content=\"https:\/\/buletin.de\/bucuresti\/bugetul-primariei-sector-3-pus-in-dezbatere-publica\/\" \/>\n<meta property=\"og:site_name\" content=\"Buletin de Bucure\u0219ti\" \/>\n<meta property=\"article:publisher\" content=\"https:\/\/www.facebook.com\/buletin.de.buc\" \/>\n<meta property=\"article:published_time\" content=\"2025-02-27T18:22:14+00:00\" \/>\n<meta property=\"article:modified_time\" content=\"2025-02-27T18:22:15+00:00\" \/>\n<meta property=\"og:image\" content=\"https:\/\/buletin.de\/bucuresti\/wp-content\/uploads\/subler_cu_bani.jpg\" \/>\n\t<meta property=\"og:image:width\" content=\"800\" \/>\n\t<meta property=\"og:image:height\" content=\"533\" \/>\n\t<meta property=\"og:image:type\" content=\"image\/jpeg\" \/>\n<meta name=\"author\" content=\"Diana Matei\" \/>\n<meta name=\"twitter:card\" content=\"summary_large_image\" \/>\n<meta name=\"twitter:label1\" content=\"Written by\" \/>\n\t<meta name=\"twitter:data1\" content=\"Diana Matei\" \/>\n\t<meta name=\"twitter:label2\" content=\"Estimated reading time\" \/>\n\t<meta name=\"twitter:data2\" content=\"3 minutes\" \/>\n<script type=\"application\/ld+json\" class=\"yoast-schema-graph\">{\"@context\":\"https:\\\/\\\/schema.org\",\"@graph\":[{\"@type\":\"Article\",\"@id\":\"https:\\\/\\\/buletin.de\\\/bucuresti\\\/bugetul-primariei-sector-3-pus-in-dezbatere-publica\\\/#article\",\"isPartOf\":{\"@id\":\"https:\\\/\\\/buletin.de\\\/bucuresti\\\/bugetul-primariei-sector-3-pus-in-dezbatere-publica\\\/\"},\"author\":{\"name\":\"Diana Matei\",\"@id\":\"https:\\\/\\\/buletin.de\\\/bucuresti\\\/#\\\/schema\\\/person\\\/7e46040573290777280a0835d81ea4ea\"},\"headline\":\"Sector 3 | Bugetul Prim\u0103riei pus \u00een dezbatere public\u0103. \u00cent\u00e2lnirea are loc pe 12 martie\",\"datePublished\":\"2025-02-27T18:22:14+00:00\",\"dateModified\":\"2025-02-27T18:22:15+00:00\",\"mainEntityOfPage\":{\"@id\":\"https:\\\/\\\/buletin.de\\\/bucuresti\\\/bugetul-primariei-sector-3-pus-in-dezbatere-publica\\\/\"},\"wordCount\":422,\"publisher\":{\"@id\":\"https:\\\/\\\/buletin.de\\\/bucuresti\\\/#organization\"},\"image\":{\"@id\":\"https:\\\/\\\/buletin.de\\\/bucuresti\\\/bugetul-primariei-sector-3-pus-in-dezbatere-publica\\\/#primaryimage\"},\"thumbnailUrl\":\"https:\\\/\\\/buletin.de\\\/bucuresti\\\/wp-content\\\/uploads\\\/subler_cu_bani.jpg\",\"keywords\":[\"Calea Dude\u0219ti 191\",\"dezbatere publica buget S3\",\"Sector 3\",\"transparenta buget s3\"],\"articleSection\":[\"Articole\",\"Prim\u0103rie\",\"\u0218tiri\"],\"inLanguage\":\"en-GB\",\"copyrightYear\":\"2025\",\"copyrightHolder\":{\"@id\":\"https:\\\/\\\/buletin.de\\\/bucuresti\\\/#organization\"}},{\"@type\":\"WebPage\",\"@id\":\"https:\\\/\\\/buletin.de\\\/bucuresti\\\/bugetul-primariei-sector-3-pus-in-dezbatere-publica\\\/\",\"url\":\"https:\\\/\\\/buletin.de\\\/bucuresti\\\/bugetul-primariei-sector-3-pus-in-dezbatere-publica\\\/\",\"name\":\"Sector 3 | Bugetul Prim\u0103riei pus \u00een dezbatere public\u0103. \u00cent\u00e2lnirea are loc pe 12 martie - Buletin de Bucure\u0219ti\",\"isPartOf\":{\"@id\":\"https:\\\/\\\/buletin.de\\\/bucuresti\\\/#website\"},\"primaryImageOfPage\":{\"@id\":\"https:\\\/\\\/buletin.de\\\/bucuresti\\\/bugetul-primariei-sector-3-pus-in-dezbatere-publica\\\/#primaryimage\"},\"image\":{\"@id\":\"https:\\\/\\\/buletin.de\\\/bucuresti\\\/bugetul-primariei-sector-3-pus-in-dezbatere-publica\\\/#primaryimage\"},\"thumbnailUrl\":\"https:\\\/\\\/buletin.de\\\/bucuresti\\\/wp-content\\\/uploads\\\/subler_cu_bani.jpg\",\"datePublished\":\"2025-02-27T18:22:14+00:00\",\"dateModified\":\"2025-02-27T18:22:15+00:00\",\"description\":\"Bugetul Prim\u0103riei Sectorului 3, pe anul acesta, a fost pus \u00een dezbatere public\u0103 p\u00e2n\u0103 pe 12 martie, c\u00e2nd va avea loc \u00eenlt\u00e2lnirea cu public.\",\"breadcrumb\":{\"@id\":\"https:\\\/\\\/buletin.de\\\/bucuresti\\\/bugetul-primariei-sector-3-pus-in-dezbatere-publica\\\/#breadcrumb\"},\"inLanguage\":\"en-GB\",\"potentialAction\":[{\"@type\":\"ReadAction\",\"target\":[\"https:\\\/\\\/buletin.de\\\/bucuresti\\\/bugetul-primariei-sector-3-pus-in-dezbatere-publica\\\/\"]}]},{\"@type\":\"ImageObject\",\"inLanguage\":\"en-GB\",\"@id\":\"https:\\\/\\\/buletin.de\\\/bucuresti\\\/bugetul-primariei-sector-3-pus-in-dezbatere-publica\\\/#primaryimage\",\"url\":\"https:\\\/\\\/buletin.de\\\/bucuresti\\\/wp-content\\\/uploads\\\/subler_cu_bani.jpg\",\"contentUrl\":\"https:\\\/\\\/buletin.de\\\/bucuresti\\\/wp-content\\\/uploads\\\/subler_cu_bani.jpg\",\"width\":800,\"height\":533,\"caption\":\"Sector 3 | Bugetul Prim\u0103riei, pus in dezbatere public\u0103. \u00cent\u00e2lnirea are loc pe 12 martie. FOTO: PS3\"},{\"@type\":\"BreadcrumbList\",\"@id\":\"https:\\\/\\\/buletin.de\\\/bucuresti\\\/bugetul-primariei-sector-3-pus-in-dezbatere-publica\\\/#breadcrumb\",\"itemListElement\":[{\"@type\":\"ListItem\",\"position\":1,\"name\":\"Acas\u0103\",\"item\":\"https:\\\/\\\/buletin.de\\\/bucuresti\\\/\"},{\"@type\":\"ListItem\",\"position\":2,\"name\":\"Sector 3 | Bugetul Prim\u0103riei pus \u00een dezbatere public\u0103. \u00cent\u00e2lnirea are loc pe 12 martie\"}]},{\"@type\":\"WebSite\",\"@id\":\"https:\\\/\\\/buletin.de\\\/bucuresti\\\/#website\",\"url\":\"https:\\\/\\\/buletin.de\\\/bucuresti\\\/\",\"name\":\"Buletin de Bucure\u0219ti\",\"description\":\"\u0218tiri \u0219i investiga\u021bii esen\u021biale din capital\u0103\",\"publisher\":{\"@id\":\"https:\\\/\\\/buletin.de\\\/bucuresti\\\/#organization\"},\"potentialAction\":[{\"@type\":\"SearchAction\",\"target\":{\"@type\":\"EntryPoint\",\"urlTemplate\":\"https:\\\/\\\/buletin.de\\\/bucuresti\\\/?s={search_term_string}\"},\"query-input\":{\"@type\":\"PropertyValueSpecification\",\"valueRequired\":true,\"valueName\":\"search_term_string\"}}],\"inLanguage\":\"en-GB\"},{\"@type\":\"Organization\",\"@id\":\"https:\\\/\\\/buletin.de\\\/bucuresti\\\/#organization\",\"name\":\"Buletin de Bucure\u0219ti\",\"url\":\"https:\\\/\\\/buletin.de\\\/bucuresti\\\/\",\"logo\":{\"@type\":\"ImageObject\",\"inLanguage\":\"en-GB\",\"@id\":\"https:\\\/\\\/buletin.de\\\/bucuresti\\\/#\\\/schema\\\/logo\\\/image\\\/\",\"url\":\"https:\\\/\\\/buletin.de\\\/bucuresti\\\/wp-content\\\/uploads\\\/logo-bdb-full-wide-vernil-transparent.png\",\"contentUrl\":\"https:\\\/\\\/buletin.de\\\/bucuresti\\\/wp-content\\\/uploads\\\/logo-bdb-full-wide-vernil-transparent.png\",\"width\":1782,\"height\":626,\"caption\":\"Buletin de Bucure\u0219ti\"},\"image\":{\"@id\":\"https:\\\/\\\/buletin.de\\\/bucuresti\\\/#\\\/schema\\\/logo\\\/image\\\/\"},\"sameAs\":[\"https:\\\/\\\/www.facebook.com\\\/buletin.de.buc\",\"https:\\\/\\\/www.instagram.com\\\/buletinde.bucuresti\\\/\"]},{\"@type\":\"Person\",\"@id\":\"https:\\\/\\\/buletin.de\\\/bucuresti\\\/#\\\/schema\\\/person\\\/7e46040573290777280a0835d81ea4ea\",\"name\":\"Diana Matei\",\"image\":{\"@type\":\"ImageObject\",\"inLanguage\":\"en-GB\",\"@id\":\"https:\\\/\\\/buletin.de\\\/bucuresti\\\/wp-content\\\/uploads\\\/9-2-96x96.jpg1e8590b30871d70e62ebcdaf2eff570c\",\"url\":\"https:\\\/\\\/buletin.de\\\/bucuresti\\\/wp-content\\\/uploads\\\/9-2-96x96.jpg\",\"contentUrl\":\"https:\\\/\\\/buletin.de\\\/bucuresti\\\/wp-content\\\/uploads\\\/9-2-96x96.jpg\",\"caption\":\"Diana Matei\"},\"url\":\"https:\\\/\\\/buletin.de\\\/bucuresti\\\/author\\\/dianamatei\\\/\"}]}<\/script>\n<!-- \/ Yoast SEO Premium plugin. -->","yoast_head_json":{"title":"Sector 3 | Bugetul Prim\u0103riei pus \u00een dezbatere public\u0103. \u00cent\u00e2lnirea are loc pe 12 martie - Buletin de Bucure\u0219ti","description":"Bugetul Prim\u0103riei Sectorului 3, pe anul acesta, a fost pus \u00een dezbatere public\u0103 p\u00e2n\u0103 pe 12 martie, c\u00e2nd va avea loc \u00eenlt\u00e2lnirea cu public.","robots":{"index":"index","follow":"follow","max-snippet":"max-snippet:-1","max-image-preview":"max-image-preview:large","max-video-preview":"max-video-preview:-1"},"canonical":"https:\/\/buletin.de\/bucuresti\/bugetul-primariei-sector-3-pus-in-dezbatere-publica\/","og_locale":"en_GB","og_type":"article","og_title":"Sector 3 | Bugetul Prim\u0103riei pus \u00een dezbatere public\u0103. \u00cent\u00e2lnirea are loc pe 12 martie","og_description":"Bugetul Prim\u0103riei Sectorului 3, pe anul acesta, a fost pus \u00een dezbatere public\u0103 p\u00e2n\u0103 pe 12 martie, c\u00e2nd va avea loc \u00eenlt\u00e2lnirea cu public.","og_url":"https:\/\/buletin.de\/bucuresti\/bugetul-primariei-sector-3-pus-in-dezbatere-publica\/","og_site_name":"Buletin de Bucure\u0219ti","article_publisher":"https:\/\/www.facebook.com\/buletin.de.buc","article_published_time":"2025-02-27T18:22:14+00:00","article_modified_time":"2025-02-27T18:22:15+00:00","og_image":[{"width":800,"height":533,"url":"https:\/\/buletin.de\/bucuresti\/wp-content\/uploads\/subler_cu_bani.jpg","type":"image\/jpeg"}],"author":"Diana Matei","twitter_card":"summary_large_image","twitter_misc":{"Written by":"Diana Matei","Estimated reading time":"3 minutes"},"schema":{"@context":"https:\/\/schema.org","@graph":[{"@type":"Article","@id":"https:\/\/buletin.de\/bucuresti\/bugetul-primariei-sector-3-pus-in-dezbatere-publica\/#article","isPartOf":{"@id":"https:\/\/buletin.de\/bucuresti\/bugetul-primariei-sector-3-pus-in-dezbatere-publica\/"},"author":{"name":"Diana Matei","@id":"https:\/\/buletin.de\/bucuresti\/#\/schema\/person\/7e46040573290777280a0835d81ea4ea"},"headline":"Sector 3 | Bugetul Prim\u0103riei pus \u00een dezbatere public\u0103. \u00cent\u00e2lnirea are loc pe 12 martie","datePublished":"2025-02-27T18:22:14+00:00","dateModified":"2025-02-27T18:22:15+00:00","mainEntityOfPage":{"@id":"https:\/\/buletin.de\/bucuresti\/bugetul-primariei-sector-3-pus-in-dezbatere-publica\/"},"wordCount":422,"publisher":{"@id":"https:\/\/buletin.de\/bucuresti\/#organization"},"image":{"@id":"https:\/\/buletin.de\/bucuresti\/bugetul-primariei-sector-3-pus-in-dezbatere-publica\/#primaryimage"},"thumbnailUrl":"https:\/\/buletin.de\/bucuresti\/wp-content\/uploads\/subler_cu_bani.jpg","keywords":["Calea Dude\u0219ti 191","dezbatere publica buget S3","Sector 3","transparenta buget s3"],"articleSection":["Articole","Prim\u0103rie","\u0218tiri"],"inLanguage":"en-GB","copyrightYear":"2025","copyrightHolder":{"@id":"https:\/\/buletin.de\/bucuresti\/#organization"}},{"@type":"WebPage","@id":"https:\/\/buletin.de\/bucuresti\/bugetul-primariei-sector-3-pus-in-dezbatere-publica\/","url":"https:\/\/buletin.de\/bucuresti\/bugetul-primariei-sector-3-pus-in-dezbatere-publica\/","name":"Sector 3 | Bugetul Prim\u0103riei pus \u00een dezbatere public\u0103. \u00cent\u00e2lnirea are loc pe 12 martie - Buletin de Bucure\u0219ti","isPartOf":{"@id":"https:\/\/buletin.de\/bucuresti\/#website"},"primaryImageOfPage":{"@id":"https:\/\/buletin.de\/bucuresti\/bugetul-primariei-sector-3-pus-in-dezbatere-publica\/#primaryimage"},"image":{"@id":"https:\/\/buletin.de\/bucuresti\/bugetul-primariei-sector-3-pus-in-dezbatere-publica\/#primaryimage"},"thumbnailUrl":"https:\/\/buletin.de\/bucuresti\/wp-content\/uploads\/subler_cu_bani.jpg","datePublished":"2025-02-27T18:22:14+00:00","dateModified":"2025-02-27T18:22:15+00:00","description":"Bugetul Prim\u0103riei Sectorului 3, pe anul acesta, a fost pus \u00een dezbatere public\u0103 p\u00e2n\u0103 pe 12 martie, c\u00e2nd va avea loc \u00eenlt\u00e2lnirea cu public.","breadcrumb":{"@id":"https:\/\/buletin.de\/bucuresti\/bugetul-primariei-sector-3-pus-in-dezbatere-publica\/#breadcrumb"},"inLanguage":"en-GB","potentialAction":[{"@type":"ReadAction","target":["https:\/\/buletin.de\/bucuresti\/bugetul-primariei-sector-3-pus-in-dezbatere-publica\/"]}]},{"@type":"ImageObject","inLanguage":"en-GB","@id":"https:\/\/buletin.de\/bucuresti\/bugetul-primariei-sector-3-pus-in-dezbatere-publica\/#primaryimage","url":"https:\/\/buletin.de\/bucuresti\/wp-content\/uploads\/subler_cu_bani.jpg","contentUrl":"https:\/\/buletin.de\/bucuresti\/wp-content\/uploads\/subler_cu_bani.jpg","width":800,"height":533,"caption":"Sector 3 | Bugetul Prim\u0103riei, pus in dezbatere public\u0103. \u00cent\u00e2lnirea are loc pe 12 martie. FOTO: PS3"},{"@type":"BreadcrumbList","@id":"https:\/\/buletin.de\/bucuresti\/bugetul-primariei-sector-3-pus-in-dezbatere-publica\/#breadcrumb","itemListElement":[{"@type":"ListItem","position":1,"name":"Acas\u0103","item":"https:\/\/buletin.de\/bucuresti\/"},{"@type":"ListItem","position":2,"name":"Sector 3 | Bugetul Prim\u0103riei pus \u00een dezbatere public\u0103. \u00cent\u00e2lnirea are loc pe 12 martie"}]},{"@type":"WebSite","@id":"https:\/\/buletin.de\/bucuresti\/#website","url":"https:\/\/buletin.de\/bucuresti\/","name":"Buletin de Bucure\u0219ti","description":"\u0218tiri \u0219i investiga\u021bii esen\u021biale din capital\u0103","publisher":{"@id":"https:\/\/buletin.de\/bucuresti\/#organization"},"potentialAction":[{"@type":"SearchAction","target":{"@type":"EntryPoint","urlTemplate":"https:\/\/buletin.de\/bucuresti\/?s={search_term_string}"},"query-input":{"@type":"PropertyValueSpecification","valueRequired":true,"valueName":"search_term_string"}}],"inLanguage":"en-GB"},{"@type":"Organization","@id":"https:\/\/buletin.de\/bucuresti\/#organization","name":"Buletin de Bucure\u0219ti","url":"https:\/\/buletin.de\/bucuresti\/","logo":{"@type":"ImageObject","inLanguage":"en-GB","@id":"https:\/\/buletin.de\/bucuresti\/#\/schema\/logo\/image\/","url":"https:\/\/buletin.de\/bucuresti\/wp-content\/uploads\/logo-bdb-full-wide-vernil-transparent.png","contentUrl":"https:\/\/buletin.de\/bucuresti\/wp-content\/uploads\/logo-bdb-full-wide-vernil-transparent.png","width":1782,"height":626,"caption":"Buletin de Bucure\u0219ti"},"image":{"@id":"https:\/\/buletin.de\/bucuresti\/#\/schema\/logo\/image\/"},"sameAs":["https:\/\/www.facebook.com\/buletin.de.buc","https:\/\/www.instagram.com\/buletinde.bucuresti\/"]},{"@type":"Person","@id":"https:\/\/buletin.de\/bucuresti\/#\/schema\/person\/7e46040573290777280a0835d81ea4ea","name":"Diana Matei","image":{"@type":"ImageObject","inLanguage":"en-GB","@id":"https:\/\/buletin.de\/bucuresti\/wp-content\/uploads\/9-2-96x96.jpg1e8590b30871d70e62ebcdaf2eff570c","url":"https:\/\/buletin.de\/bucuresti\/wp-content\/uploads\/9-2-96x96.jpg","contentUrl":"https:\/\/buletin.de\/bucuresti\/wp-content\/uploads\/9-2-96x96.jpg","caption":"Diana Matei"},"url":"https:\/\/buletin.de\/bucuresti\/author\/dianamatei\/"}]}},"authors":[{"term_id":22574,"user_id":49,"is_guest":0,"slug":"dianamatei","display_name":"Diana Matei","avatar_url":"https:\/\/buletin.de\/bucuresti\/wp-content\/uploads\/9-2-96x96.jpg","0":null,"1":"","2":"","3":"","4":"","5":"","6":"","7":"","8":""}],"_links":{"self":[{"href":"https:\/\/buletin.de\/bucuresti\/wp-json\/wp\/v2\/posts\/120437","targetHints":{"allow":["GET"]}}],"collection":[{"href":"https:\/\/buletin.de\/bucuresti\/wp-json\/wp\/v2\/posts"}],"about":[{"href":"https:\/\/buletin.de\/bucuresti\/wp-json\/wp\/v2\/types\/post"}],"author":[{"embeddable":true,"href":"https:\/\/buletin.de\/bucuresti\/wp-json\/wp\/v2\/users\/49"}],"replies":[{"embeddable":true,"href":"https:\/\/buletin.de\/bucuresti\/wp-json\/wp\/v2\/comments?post=120437"}],"version-history":[{"count":3,"href":"https:\/\/buletin.de\/bucuresti\/wp-json\/wp\/v2\/posts\/120437\/revisions"}],"predecessor-version":[{"id":120564,"href":"https:\/\/buletin.de\/bucuresti\/wp-json\/wp\/v2\/posts\/120437\/revisions\/120564"}],"wp:featuredmedia":[{"embeddable":true,"href":"https:\/\/buletin.de\/bucuresti\/wp-json\/wp\/v2\/media\/120470"}],"wp:attachment":[{"href":"https:\/\/buletin.de\/bucuresti\/wp-json\/wp\/v2\/media?parent=120437"}],"wp:term":[{"taxonomy":"category","embeddable":true,"href":"https:\/\/buletin.de\/bucuresti\/wp-json\/wp\/v2\/categories?post=120437"},{"taxonomy":"post_tag","embeddable":true,"href":"https:\/\/buletin.de\/bucuresti\/wp-json\/wp\/v2\/tags?post=120437"},{"taxonomy":"author","embeddable":true,"href":"https:\/\/buletin.de\/bucuresti\/wp-json\/wp\/v2\/ppma_author?post=120437"}],"curies":[{"name":"wp","href":"https:\/\/api.w.org\/{rel}","templated":true}]}}