{"id":120365,"date":"2025-02-26T21:26:14","date_gmt":"2025-02-26T18:26:14","guid":{"rendered":"https:\/\/buletin.de\/bucuresti\/?p=120365"},"modified":"2025-02-26T23:53:45","modified_gmt":"2025-02-26T20:53:45","slug":"cum-a-fost-prins-un-bucurestean-care-a-aruncat-moloz-pe-o-strada-din-sectorul-6","status":"publish","type":"post","link":"https:\/\/buletin.de\/bucuresti\/cum-a-fost-prins-un-bucurestean-care-a-aruncat-moloz-pe-o-strada-din-sectorul-6\/","title":{"rendered":"Cum a fost prins un bucure\u0219tean care a aruncat moloz pe o strad\u0103 din Sectorul 6"},"content":{"rendered":"\n<p><strong>Un bucure\u0219tean care a aruncat moloz \u0219i alte de\u0219euri care i-au r\u0103mas de la o renovare, pe o strad\u0103 din Sectorul 6, a fost identificat cu ajutorul camerelor video.<\/strong><\/p>\n\n\n\n<p>\u201eAvem camere \u0219i echipe dedicate care le urm\u0103resc. Toate informa\u021biile sunt transmise echipajelor din teren, iar amenda este mare!<\/p>\n\n\n\n<p>S-a convins de acest lucru \u0219i un b\u0103rbat care a abandonat o dub\u0103 plin\u0103 cu saci cu moloz \u0219i alte resturi provenite de la o renovare, chiar pe strada Fabricii.<\/p>\n\n\n\n<p>Poli\u021bi\u0219tii locali l-au identificat dup\u0103 num\u0103rul de \u00eenmatriculare\u201d, <a href=\"https:\/\/www.facebook.com\/share\/p\/1DpCkbZL4K\/\" target=\"_blank\" rel=\"noreferrer noopener\">a transmis<\/a> Prim\u0103ria Sectorului 6.<\/p>\n\n\n\n<p><strong>CITE\u0218TE \u0218I:<a href=\"https:\/\/buletin.de\/bucuresti\/calin-georgescu-pus-sub-acuzare-de-procurorii-de-la-bucuresti-instigare-la-actiuni-impotriva-ordinii-constitutionale-si-fals-in-declaratii\/\" target=\"_blank\" rel=\"noreferrer noopener\"> C\u0103lin Georgescu pus sub acuzare de procurorii de la Bucure\u0219ti: instigare la ac\u021biuni \u00eempotriva ordinii constitu\u021bionale \u0219i fals \u00een declara\u021bii<\/a><\/strong><\/p>\n\n\n\n<div class=\"wp-block-buttons is-content-justification-center is-layout-flex wp-container-core-buttons-is-layout-16018d1d wp-block-buttons-is-layout-flex\">\n<div class=\"wp-block-button has-custom-width wp-block-button__width-100\"><a class=\"wp-block-button__link wp-element-button\" href=\"https:\/\/www.patreon.com\/BuletinDeBucuresti\"><strong>Sus\u021bine Buletin de Bucure\u0219ti pentru investiga\u021bii, reportaje \u0219i \u0219tiri Locale<\/strong><\/a><\/div>\n<\/div>\n\n\n\n<h2 class=\"wp-block-heading\" id=\"h-a-aruncat-moloz-\u0219i-a-fost-amendat\">A aruncat moloz \u0219i a fost amendat<\/h2>\n\n\n\n<p><strong>Bucure\u0219teanul care a aruncat moloz a recunoscut fapta \u0219i a primit o amend\u0103 de 5.000 de lei.<\/strong><\/p>\n\n\n\n<p>\u201e\u00cen plus, i s-a pus \u00een vedere s\u0103 \u00eencarce to\u021bi sacii \u015fi pl\u0103cile de rigips \u015fi s\u0103 le duc\u0103 la o groap\u0103 de gunoi autorizat\u0103. Apoi s\u0103 prezinte dovada la <a href=\"https:\/\/www.facebook.com\/politia6?__cft__[0]=AZVv33bLxLoyrTPMgJ3ecGxaBzZeWWlwelBaDitkBkvPee02tzCtIrRKrHiLVzKc98Ll258qnT1xcicvtHM21mnUWJ-ErFGG8pzI6E3Quq1HS2xM5Nmmqgd73x72NlKjI07mr1B87WbgwCUOfPFpvEskyB8wvkQcuT32c7gyow_ouywr2gHoS4LXpcz9ZBsDfpugm-EOORfVy69N0wC3POEx7uqbmL89EFTEy9HVSbXCcg&amp;__tn__=-]K-R\">Poli\u0163ia Local\u0103 Sector 6<\/a>. Altfel, prime\u0219te o nou\u0103 amend\u0103!<\/p>\n\n\n\n<p>\u00cen ultimele s\u0103pt\u0103m\u00e2ni, pentru fapte surprinse pe camerele video, oamenii legii au dat amenzi de peste 38.000 de lei\u201d, a mai ar\u0103tat Prim\u0103ria Sectorului 6.<\/p>\n\n\n\n<p>Poli\u021bia Local\u0103 Sector 6 amendeaz\u0103 frecvent pe cet\u0103\u021benii care arunc\u0103 gunoi pe strad\u0103 \u0219i sunt identifica\u021bi cu ajutorul camerelor de vederi .<\/p>\n\n\n\n<p><strong>\u00cen iulie anul trecut, Buletin de Bucure\u0219ti scria c\u0103 imaginile video sunt analizate la Centrul de Monitorizare al Poli\u021biei Locale, care a dat 24 de sanc\u021biuni \u00een valoare de peste 16.500 de lei \u00een ultima perioad\u0103.<\/strong><\/p>\n\n\n\n<p>\u201ePentru c\u0103 vom ajunge la 3.000 de camere \u00een sector, \u00een viitorul apropiat va fi implementat un sistem de inteligen\u021b\u0103 artificial\u0103, care scoate \u00een eviden\u021b\u0103 cadrele de interes.<\/p>\n\n\n\n<p>Spre exemplu, dac\u0103 cineva arunc\u0103&nbsp;<a href=\"https:\/\/www.facebook.com\/hashtag\/de%C8%99euri?__eep__=6&amp;__cft__[0]=AZXilGp6GHwxPRm9ldirG8aVysLcHY67K-Nxj43LYfNspxHX1M7TtY6CdSLguPYRbvKLeU4QYC3b88Zm6vty-tJ3xe9rfX5LORpl1rTgXgl5DiMSbuA3_OJL7CwkuZsvVqidJRvwJZu2q_tQQnNQTeDj8FwmoyJeRDt2oQzhoqDDNN73usEK79EHEu67ULyrqp4&amp;__tn__=*NK-R\">#de\u0219euri<\/a>&nbsp;pe domeniul public, face scandal, ori vandalizeaz\u0103 un zid, un loc de joac\u0103, imaginea de pe ecran se m\u0103re\u0219te automat.<\/p>\n\n\n\n<p>Tot din dispecerat, este trimis\u0103 instant, \u00een loca\u021bia respectiv\u0103, o echip\u0103 de agen\u021bi de teren\u201d, au men\u021bionat reprezentan\u021bii Prim\u0103riei Sectorului 6.<\/p>\n\n\n\n<p><strong>CITE\u0218TE \u0218I: <a href=\"https:\/\/buletin.de\/bucuresti\/sector-6-au-aruncat-gunoi-pe-spatiul-public-si-au-fost-filmati-ce-amenzi-au-primit\/\" target=\"_blank\" rel=\"noreferrer noopener\">Sector 6 | Au aruncat gunoi pe spa\u021biul public \u0219i au fost filma\u021bi. Ce amenzi au primit<\/a><\/strong><\/p>\n","protected":false},"excerpt":{"rendered":"<p>Un bucure\u0219tean care a aruncat moloz \u0219i alte de\u0219euri care i-au r\u0103mas de la o renovare, pe o strad\u0103 din Sectorul 6, a fost identificat cu ajutorul camerelor video. \u201eAvem camere \u0219i echipe dedicate care le urm\u0103resc. Toate informa\u021biile sunt transmise echipajelor din teren, iar amenda este mare! S-a convins de acest lucru \u0219i un [&hellip;]<\/p>\n","protected":false},"author":1,"featured_media":120366,"comment_status":"closed","ping_status":"open","sticky":false,"template":"","format":"standard","meta":{"_acf_changed":false,"inline_featured_image":false,"ngg_post_thumbnail":0,"footnotes":""},"categories":[6994,24,62],"tags":[179,2335,10905,1948],"ppma_author":[22583],"class_list":["post-120365","post","type-post","status-publish","format-standard","has-post-thumbnail","hentry","category-stiri-2","category-primarie","category-stiri","tag-deseuri","tag-moloz","tag-moloz-amenda-uriasa","tag-sectorul-6"],"acf":[],"yoast_head":"<!-- This site is optimized with the Yoast SEO Premium plugin v25.3 (Yoast SEO v27.4) - https:\/\/yoast.com\/product\/yoast-seo-premium-wordpress\/ -->\n<title>Cum a fost prins un bucure\u0219tean care a aruncat moloz pe o strad\u0103 din Sectorul 6 - Buletin de Bucure\u0219ti<\/title>\n<meta name=\"description\" content=\"Un bucure\u0219tean care a aruncat moloz \u0219i alte de\u0219euri pe o strad\u0103 a fost identificat cu ajutorul camerelor video \u00een Sectorul 6.\" \/>\n<meta name=\"robots\" content=\"index, follow, max-snippet:-1, max-image-preview:large, max-video-preview:-1\" \/>\n<link rel=\"canonical\" href=\"https:\/\/buletin.de\/bucuresti\/cum-a-fost-prins-un-bucurestean-care-a-aruncat-moloz-pe-o-strada-din-sectorul-6\/\" \/>\n<meta property=\"og:locale\" content=\"en_GB\" \/>\n<meta property=\"og:type\" content=\"article\" \/>\n<meta property=\"og:title\" content=\"Cum a fost prins un bucure\u0219tean care a aruncat moloz pe o strad\u0103 din Sectorul 6\" \/>\n<meta property=\"og:description\" content=\"Un bucure\u0219tean care a aruncat moloz \u0219i alte de\u0219euri pe o strad\u0103 a fost identificat cu ajutorul camerelor video \u00een Sectorul 6.\" \/>\n<meta property=\"og:url\" content=\"https:\/\/buletin.de\/bucuresti\/cum-a-fost-prins-un-bucurestean-care-a-aruncat-moloz-pe-o-strada-din-sectorul-6\/\" \/>\n<meta property=\"og:site_name\" content=\"Buletin de Bucure\u0219ti\" \/>\n<meta property=\"article:publisher\" content=\"https:\/\/www.facebook.com\/buletin.de.buc\" \/>\n<meta property=\"article:published_time\" content=\"2025-02-26T18:26:14+00:00\" \/>\n<meta property=\"article:modified_time\" content=\"2025-02-26T20:53:45+00:00\" \/>\n<meta property=\"og:image\" content=\"https:\/\/buletin.de\/bucuresti\/wp-content\/uploads\/amendagunoi.jpg\" \/>\n\t<meta property=\"og:image:width\" content=\"1080\" \/>\n\t<meta property=\"og:image:height\" content=\"733\" \/>\n\t<meta property=\"og:image:type\" content=\"image\/jpeg\" \/>\n<meta name=\"author\" content=\"Redac\u021bia Buletin de Bucure\u0219ti\" \/>\n<meta name=\"twitter:card\" content=\"summary_large_image\" \/>\n<meta name=\"twitter:label1\" content=\"Written by\" \/>\n\t<meta name=\"twitter:data1\" content=\"Redac\u021bia Buletin de Bucure\u0219ti\" \/>\n\t<meta name=\"twitter:label2\" content=\"Estimated reading time\" \/>\n\t<meta name=\"twitter:data2\" content=\"1 minute\" \/>\n<script type=\"application\/ld+json\" class=\"yoast-schema-graph\">{\"@context\":\"https:\\\/\\\/schema.org\",\"@graph\":[{\"@type\":\"Article\",\"@id\":\"https:\\\/\\\/buletin.de\\\/bucuresti\\\/cum-a-fost-prins-un-bucurestean-care-a-aruncat-moloz-pe-o-strada-din-sectorul-6\\\/#article\",\"isPartOf\":{\"@id\":\"https:\\\/\\\/buletin.de\\\/bucuresti\\\/cum-a-fost-prins-un-bucurestean-care-a-aruncat-moloz-pe-o-strada-din-sectorul-6\\\/\"},\"author\":{\"name\":\"Redac\u021bia Buletin de Bucure\u0219ti\",\"@id\":\"https:\\\/\\\/buletin.de\\\/bucuresti\\\/#\\\/schema\\\/person\\\/2bbcf854e5f2419a13804af574d06ab1\"},\"headline\":\"Cum a fost prins un bucure\u0219tean care a aruncat moloz pe o strad\u0103 din Sectorul 6\",\"datePublished\":\"2025-02-26T18:26:14+00:00\",\"dateModified\":\"2025-02-26T20:53:45+00:00\",\"mainEntityOfPage\":{\"@id\":\"https:\\\/\\\/buletin.de\\\/bucuresti\\\/cum-a-fost-prins-un-bucurestean-care-a-aruncat-moloz-pe-o-strada-din-sectorul-6\\\/\"},\"wordCount\":413,\"publisher\":{\"@id\":\"https:\\\/\\\/buletin.de\\\/bucuresti\\\/#organization\"},\"image\":{\"@id\":\"https:\\\/\\\/buletin.de\\\/bucuresti\\\/cum-a-fost-prins-un-bucurestean-care-a-aruncat-moloz-pe-o-strada-din-sectorul-6\\\/#primaryimage\"},\"thumbnailUrl\":\"https:\\\/\\\/buletin.de\\\/bucuresti\\\/wp-content\\\/uploads\\\/amendagunoi.jpg\",\"keywords\":[\"deseuri\",\"moloz\",\"moloz amenda uriasa\",\"sectorul 6\"],\"articleSection\":[\"Articole\",\"Prim\u0103rie\",\"\u0218tiri\"],\"inLanguage\":\"en-GB\",\"copyrightYear\":\"2025\",\"copyrightHolder\":{\"@id\":\"https:\\\/\\\/buletin.de\\\/bucuresti\\\/#organization\"}},{\"@type\":\"WebPage\",\"@id\":\"https:\\\/\\\/buletin.de\\\/bucuresti\\\/cum-a-fost-prins-un-bucurestean-care-a-aruncat-moloz-pe-o-strada-din-sectorul-6\\\/\",\"url\":\"https:\\\/\\\/buletin.de\\\/bucuresti\\\/cum-a-fost-prins-un-bucurestean-care-a-aruncat-moloz-pe-o-strada-din-sectorul-6\\\/\",\"name\":\"Cum a fost prins un bucure\u0219tean care a aruncat moloz pe o strad\u0103 din Sectorul 6 - Buletin de Bucure\u0219ti\",\"isPartOf\":{\"@id\":\"https:\\\/\\\/buletin.de\\\/bucuresti\\\/#website\"},\"primaryImageOfPage\":{\"@id\":\"https:\\\/\\\/buletin.de\\\/bucuresti\\\/cum-a-fost-prins-un-bucurestean-care-a-aruncat-moloz-pe-o-strada-din-sectorul-6\\\/#primaryimage\"},\"image\":{\"@id\":\"https:\\\/\\\/buletin.de\\\/bucuresti\\\/cum-a-fost-prins-un-bucurestean-care-a-aruncat-moloz-pe-o-strada-din-sectorul-6\\\/#primaryimage\"},\"thumbnailUrl\":\"https:\\\/\\\/buletin.de\\\/bucuresti\\\/wp-content\\\/uploads\\\/amendagunoi.jpg\",\"datePublished\":\"2025-02-26T18:26:14+00:00\",\"dateModified\":\"2025-02-26T20:53:45+00:00\",\"description\":\"Un bucure\u0219tean care a aruncat moloz \u0219i alte de\u0219euri pe o strad\u0103 a fost identificat cu ajutorul camerelor video \u00een Sectorul 6.\",\"breadcrumb\":{\"@id\":\"https:\\\/\\\/buletin.de\\\/bucuresti\\\/cum-a-fost-prins-un-bucurestean-care-a-aruncat-moloz-pe-o-strada-din-sectorul-6\\\/#breadcrumb\"},\"inLanguage\":\"en-GB\",\"potentialAction\":[{\"@type\":\"ReadAction\",\"target\":[\"https:\\\/\\\/buletin.de\\\/bucuresti\\\/cum-a-fost-prins-un-bucurestean-care-a-aruncat-moloz-pe-o-strada-din-sectorul-6\\\/\"]}]},{\"@type\":\"ImageObject\",\"inLanguage\":\"en-GB\",\"@id\":\"https:\\\/\\\/buletin.de\\\/bucuresti\\\/cum-a-fost-prins-un-bucurestean-care-a-aruncat-moloz-pe-o-strada-din-sectorul-6\\\/#primaryimage\",\"url\":\"https:\\\/\\\/buletin.de\\\/bucuresti\\\/wp-content\\\/uploads\\\/amendagunoi.jpg\",\"contentUrl\":\"https:\\\/\\\/buletin.de\\\/bucuresti\\\/wp-content\\\/uploads\\\/amendagunoi.jpg\",\"width\":1080,\"height\":733,\"caption\":\"A fost prins pe camerele de supraveghere. Foto PS 6\"},{\"@type\":\"BreadcrumbList\",\"@id\":\"https:\\\/\\\/buletin.de\\\/bucuresti\\\/cum-a-fost-prins-un-bucurestean-care-a-aruncat-moloz-pe-o-strada-din-sectorul-6\\\/#breadcrumb\",\"itemListElement\":[{\"@type\":\"ListItem\",\"position\":1,\"name\":\"Acas\u0103\",\"item\":\"https:\\\/\\\/buletin.de\\\/bucuresti\\\/\"},{\"@type\":\"ListItem\",\"position\":2,\"name\":\"Cum a fost prins un bucure\u0219tean care a aruncat moloz pe o strad\u0103 din Sectorul 6\"}]},{\"@type\":\"WebSite\",\"@id\":\"https:\\\/\\\/buletin.de\\\/bucuresti\\\/#website\",\"url\":\"https:\\\/\\\/buletin.de\\\/bucuresti\\\/\",\"name\":\"Buletin de Bucure\u0219ti\",\"description\":\"\u0218tiri \u0219i investiga\u021bii esen\u021biale din capital\u0103\",\"publisher\":{\"@id\":\"https:\\\/\\\/buletin.de\\\/bucuresti\\\/#organization\"},\"potentialAction\":[{\"@type\":\"SearchAction\",\"target\":{\"@type\":\"EntryPoint\",\"urlTemplate\":\"https:\\\/\\\/buletin.de\\\/bucuresti\\\/?s={search_term_string}\"},\"query-input\":{\"@type\":\"PropertyValueSpecification\",\"valueRequired\":true,\"valueName\":\"search_term_string\"}}],\"inLanguage\":\"en-GB\"},{\"@type\":\"Organization\",\"@id\":\"https:\\\/\\\/buletin.de\\\/bucuresti\\\/#organization\",\"name\":\"Buletin de Bucure\u0219ti\",\"url\":\"https:\\\/\\\/buletin.de\\\/bucuresti\\\/\",\"logo\":{\"@type\":\"ImageObject\",\"inLanguage\":\"en-GB\",\"@id\":\"https:\\\/\\\/buletin.de\\\/bucuresti\\\/#\\\/schema\\\/logo\\\/image\\\/\",\"url\":\"https:\\\/\\\/buletin.de\\\/bucuresti\\\/wp-content\\\/uploads\\\/logo-bdb-full-wide-vernil-transparent.png\",\"contentUrl\":\"https:\\\/\\\/buletin.de\\\/bucuresti\\\/wp-content\\\/uploads\\\/logo-bdb-full-wide-vernil-transparent.png\",\"width\":1782,\"height\":626,\"caption\":\"Buletin de Bucure\u0219ti\"},\"image\":{\"@id\":\"https:\\\/\\\/buletin.de\\\/bucuresti\\\/#\\\/schema\\\/logo\\\/image\\\/\"},\"sameAs\":[\"https:\\\/\\\/www.facebook.com\\\/buletin.de.buc\",\"https:\\\/\\\/www.instagram.com\\\/buletinde.bucuresti\\\/\"]},{\"@type\":\"Person\",\"@id\":\"https:\\\/\\\/buletin.de\\\/bucuresti\\\/#\\\/schema\\\/person\\\/2bbcf854e5f2419a13804af574d06ab1\",\"name\":\"Redac\u021bia Buletin de Bucure\u0219ti\",\"image\":{\"@type\":\"ImageObject\",\"inLanguage\":\"en-GB\",\"@id\":\"https:\\\/\\\/secure.gravatar.com\\\/avatar\\\/18c5342381ed1a08620e6280424e3e5efc958618f5d67c522c9e44c1bc6f9226?s=96&d=monsterid&r=g60c7cd0ad92c68c049fcd4bb3504d609\",\"url\":\"https:\\\/\\\/secure.gravatar.com\\\/avatar\\\/18c5342381ed1a08620e6280424e3e5efc958618f5d67c522c9e44c1bc6f9226?s=96&d=monsterid&r=g\",\"contentUrl\":\"https:\\\/\\\/secure.gravatar.com\\\/avatar\\\/18c5342381ed1a08620e6280424e3e5efc958618f5d67c522c9e44c1bc6f9226?s=96&d=monsterid&r=g\",\"caption\":\"Redac\u021bia Buletin de Bucure\u0219ti\"},\"description\":\"Buletin de Bucure\u0219ti exist\u0103 din vara anului 2019.\",\"url\":\"https:\\\/\\\/buletin.de\\\/bucuresti\\\/author\\\/adminbuletin\\\/\"}]}<\/script>\n<!-- \/ Yoast SEO Premium plugin. -->","yoast_head_json":{"title":"Cum a fost prins un bucure\u0219tean care a aruncat moloz pe o strad\u0103 din Sectorul 6 - Buletin de Bucure\u0219ti","description":"Un bucure\u0219tean care a aruncat moloz \u0219i alte de\u0219euri pe o strad\u0103 a fost identificat cu ajutorul camerelor video \u00een Sectorul 6.","robots":{"index":"index","follow":"follow","max-snippet":"max-snippet:-1","max-image-preview":"max-image-preview:large","max-video-preview":"max-video-preview:-1"},"canonical":"https:\/\/buletin.de\/bucuresti\/cum-a-fost-prins-un-bucurestean-care-a-aruncat-moloz-pe-o-strada-din-sectorul-6\/","og_locale":"en_GB","og_type":"article","og_title":"Cum a fost prins un bucure\u0219tean care a aruncat moloz pe o strad\u0103 din Sectorul 6","og_description":"Un bucure\u0219tean care a aruncat moloz \u0219i alte de\u0219euri pe o strad\u0103 a fost identificat cu ajutorul camerelor video \u00een Sectorul 6.","og_url":"https:\/\/buletin.de\/bucuresti\/cum-a-fost-prins-un-bucurestean-care-a-aruncat-moloz-pe-o-strada-din-sectorul-6\/","og_site_name":"Buletin de Bucure\u0219ti","article_publisher":"https:\/\/www.facebook.com\/buletin.de.buc","article_published_time":"2025-02-26T18:26:14+00:00","article_modified_time":"2025-02-26T20:53:45+00:00","og_image":[{"width":1080,"height":733,"url":"https:\/\/buletin.de\/bucuresti\/wp-content\/uploads\/amendagunoi.jpg","type":"image\/jpeg"}],"author":"Redac\u021bia Buletin de Bucure\u0219ti","twitter_card":"summary_large_image","twitter_misc":{"Written by":"Redac\u021bia Buletin de Bucure\u0219ti","Estimated reading time":"1 minute"},"schema":{"@context":"https:\/\/schema.org","@graph":[{"@type":"Article","@id":"https:\/\/buletin.de\/bucuresti\/cum-a-fost-prins-un-bucurestean-care-a-aruncat-moloz-pe-o-strada-din-sectorul-6\/#article","isPartOf":{"@id":"https:\/\/buletin.de\/bucuresti\/cum-a-fost-prins-un-bucurestean-care-a-aruncat-moloz-pe-o-strada-din-sectorul-6\/"},"author":{"name":"Redac\u021bia Buletin de Bucure\u0219ti","@id":"https:\/\/buletin.de\/bucuresti\/#\/schema\/person\/2bbcf854e5f2419a13804af574d06ab1"},"headline":"Cum a fost prins un bucure\u0219tean care a aruncat moloz pe o strad\u0103 din Sectorul 6","datePublished":"2025-02-26T18:26:14+00:00","dateModified":"2025-02-26T20:53:45+00:00","mainEntityOfPage":{"@id":"https:\/\/buletin.de\/bucuresti\/cum-a-fost-prins-un-bucurestean-care-a-aruncat-moloz-pe-o-strada-din-sectorul-6\/"},"wordCount":413,"publisher":{"@id":"https:\/\/buletin.de\/bucuresti\/#organization"},"image":{"@id":"https:\/\/buletin.de\/bucuresti\/cum-a-fost-prins-un-bucurestean-care-a-aruncat-moloz-pe-o-strada-din-sectorul-6\/#primaryimage"},"thumbnailUrl":"https:\/\/buletin.de\/bucuresti\/wp-content\/uploads\/amendagunoi.jpg","keywords":["deseuri","moloz","moloz amenda uriasa","sectorul 6"],"articleSection":["Articole","Prim\u0103rie","\u0218tiri"],"inLanguage":"en-GB","copyrightYear":"2025","copyrightHolder":{"@id":"https:\/\/buletin.de\/bucuresti\/#organization"}},{"@type":"WebPage","@id":"https:\/\/buletin.de\/bucuresti\/cum-a-fost-prins-un-bucurestean-care-a-aruncat-moloz-pe-o-strada-din-sectorul-6\/","url":"https:\/\/buletin.de\/bucuresti\/cum-a-fost-prins-un-bucurestean-care-a-aruncat-moloz-pe-o-strada-din-sectorul-6\/","name":"Cum a fost prins un bucure\u0219tean care a aruncat moloz pe o strad\u0103 din Sectorul 6 - Buletin de Bucure\u0219ti","isPartOf":{"@id":"https:\/\/buletin.de\/bucuresti\/#website"},"primaryImageOfPage":{"@id":"https:\/\/buletin.de\/bucuresti\/cum-a-fost-prins-un-bucurestean-care-a-aruncat-moloz-pe-o-strada-din-sectorul-6\/#primaryimage"},"image":{"@id":"https:\/\/buletin.de\/bucuresti\/cum-a-fost-prins-un-bucurestean-care-a-aruncat-moloz-pe-o-strada-din-sectorul-6\/#primaryimage"},"thumbnailUrl":"https:\/\/buletin.de\/bucuresti\/wp-content\/uploads\/amendagunoi.jpg","datePublished":"2025-02-26T18:26:14+00:00","dateModified":"2025-02-26T20:53:45+00:00","description":"Un bucure\u0219tean care a aruncat moloz \u0219i alte de\u0219euri pe o strad\u0103 a fost identificat cu ajutorul camerelor video \u00een Sectorul 6.","breadcrumb":{"@id":"https:\/\/buletin.de\/bucuresti\/cum-a-fost-prins-un-bucurestean-care-a-aruncat-moloz-pe-o-strada-din-sectorul-6\/#breadcrumb"},"inLanguage":"en-GB","potentialAction":[{"@type":"ReadAction","target":["https:\/\/buletin.de\/bucuresti\/cum-a-fost-prins-un-bucurestean-care-a-aruncat-moloz-pe-o-strada-din-sectorul-6\/"]}]},{"@type":"ImageObject","inLanguage":"en-GB","@id":"https:\/\/buletin.de\/bucuresti\/cum-a-fost-prins-un-bucurestean-care-a-aruncat-moloz-pe-o-strada-din-sectorul-6\/#primaryimage","url":"https:\/\/buletin.de\/bucuresti\/wp-content\/uploads\/amendagunoi.jpg","contentUrl":"https:\/\/buletin.de\/bucuresti\/wp-content\/uploads\/amendagunoi.jpg","width":1080,"height":733,"caption":"A fost prins pe camerele de supraveghere. Foto PS 6"},{"@type":"BreadcrumbList","@id":"https:\/\/buletin.de\/bucuresti\/cum-a-fost-prins-un-bucurestean-care-a-aruncat-moloz-pe-o-strada-din-sectorul-6\/#breadcrumb","itemListElement":[{"@type":"ListItem","position":1,"name":"Acas\u0103","item":"https:\/\/buletin.de\/bucuresti\/"},{"@type":"ListItem","position":2,"name":"Cum a fost prins un bucure\u0219tean care a aruncat moloz pe o strad\u0103 din Sectorul 6"}]},{"@type":"WebSite","@id":"https:\/\/buletin.de\/bucuresti\/#website","url":"https:\/\/buletin.de\/bucuresti\/","name":"Buletin de Bucure\u0219ti","description":"\u0218tiri \u0219i investiga\u021bii esen\u021biale din capital\u0103","publisher":{"@id":"https:\/\/buletin.de\/bucuresti\/#organization"},"potentialAction":[{"@type":"SearchAction","target":{"@type":"EntryPoint","urlTemplate":"https:\/\/buletin.de\/bucuresti\/?s={search_term_string}"},"query-input":{"@type":"PropertyValueSpecification","valueRequired":true,"valueName":"search_term_string"}}],"inLanguage":"en-GB"},{"@type":"Organization","@id":"https:\/\/buletin.de\/bucuresti\/#organization","name":"Buletin de Bucure\u0219ti","url":"https:\/\/buletin.de\/bucuresti\/","logo":{"@type":"ImageObject","inLanguage":"en-GB","@id":"https:\/\/buletin.de\/bucuresti\/#\/schema\/logo\/image\/","url":"https:\/\/buletin.de\/bucuresti\/wp-content\/uploads\/logo-bdb-full-wide-vernil-transparent.png","contentUrl":"https:\/\/buletin.de\/bucuresti\/wp-content\/uploads\/logo-bdb-full-wide-vernil-transparent.png","width":1782,"height":626,"caption":"Buletin de Bucure\u0219ti"},"image":{"@id":"https:\/\/buletin.de\/bucuresti\/#\/schema\/logo\/image\/"},"sameAs":["https:\/\/www.facebook.com\/buletin.de.buc","https:\/\/www.instagram.com\/buletinde.bucuresti\/"]},{"@type":"Person","@id":"https:\/\/buletin.de\/bucuresti\/#\/schema\/person\/2bbcf854e5f2419a13804af574d06ab1","name":"Redac\u021bia Buletin de Bucure\u0219ti","image":{"@type":"ImageObject","inLanguage":"en-GB","@id":"https:\/\/secure.gravatar.com\/avatar\/18c5342381ed1a08620e6280424e3e5efc958618f5d67c522c9e44c1bc6f9226?s=96&d=monsterid&r=g60c7cd0ad92c68c049fcd4bb3504d609","url":"https:\/\/secure.gravatar.com\/avatar\/18c5342381ed1a08620e6280424e3e5efc958618f5d67c522c9e44c1bc6f9226?s=96&d=monsterid&r=g","contentUrl":"https:\/\/secure.gravatar.com\/avatar\/18c5342381ed1a08620e6280424e3e5efc958618f5d67c522c9e44c1bc6f9226?s=96&d=monsterid&r=g","caption":"Redac\u021bia Buletin de Bucure\u0219ti"},"description":"Buletin de Bucure\u0219ti exist\u0103 din vara anului 2019.","url":"https:\/\/buletin.de\/bucuresti\/author\/adminbuletin\/"}]}},"authors":[{"term_id":22583,"user_id":1,"is_guest":0,"slug":"adminbuletin","display_name":"Redac\u021bia Buletin de Bucure\u0219ti","avatar_url":"https:\/\/secure.gravatar.com\/avatar\/18c5342381ed1a08620e6280424e3e5efc958618f5d67c522c9e44c1bc6f9226?s=96&d=monsterid&r=g","0":null,"1":"","2":"","3":"","4":"","5":"","6":"","7":"","8":""}],"_links":{"self":[{"href":"https:\/\/buletin.de\/bucuresti\/wp-json\/wp\/v2\/posts\/120365","targetHints":{"allow":["GET"]}}],"collection":[{"href":"https:\/\/buletin.de\/bucuresti\/wp-json\/wp\/v2\/posts"}],"about":[{"href":"https:\/\/buletin.de\/bucuresti\/wp-json\/wp\/v2\/types\/post"}],"author":[{"embeddable":true,"href":"https:\/\/buletin.de\/bucuresti\/wp-json\/wp\/v2\/users\/1"}],"replies":[{"embeddable":true,"href":"https:\/\/buletin.de\/bucuresti\/wp-json\/wp\/v2\/comments?post=120365"}],"version-history":[{"count":4,"href":"https:\/\/buletin.de\/bucuresti\/wp-json\/wp\/v2\/posts\/120365\/revisions"}],"predecessor-version":[{"id":120371,"href":"https:\/\/buletin.de\/bucuresti\/wp-json\/wp\/v2\/posts\/120365\/revisions\/120371"}],"wp:featuredmedia":[{"embeddable":true,"href":"https:\/\/buletin.de\/bucuresti\/wp-json\/wp\/v2\/media\/120366"}],"wp:attachment":[{"href":"https:\/\/buletin.de\/bucuresti\/wp-json\/wp\/v2\/media?parent=120365"}],"wp:term":[{"taxonomy":"category","embeddable":true,"href":"https:\/\/buletin.de\/bucuresti\/wp-json\/wp\/v2\/categories?post=120365"},{"taxonomy":"post_tag","embeddable":true,"href":"https:\/\/buletin.de\/bucuresti\/wp-json\/wp\/v2\/tags?post=120365"},{"taxonomy":"author","embeddable":true,"href":"https:\/\/buletin.de\/bucuresti\/wp-json\/wp\/v2\/ppma_author?post=120365"}],"curies":[{"name":"wp","href":"https:\/\/api.w.org\/{rel}","templated":true}]}}