{"id":120357,"date":"2025-02-27T07:23:00","date_gmt":"2025-02-27T04:23:00","guid":{"rendered":"https:\/\/buletin.de\/bucuresti\/?p=120357"},"modified":"2025-02-26T21:50:52","modified_gmt":"2025-02-26T18:50:52","slug":"primele-zile-din-martie","status":"publish","type":"post","link":"https:\/\/buletin.de\/bucuresti\/primele-zile-din-martie\/","title":{"rendered":"Vremea \u00een martie | Temperaturile cresc \u00een primele zile. S\u0103pt\u0103m\u00e2na viitoare maximele ajung la 17 grade"},"content":{"rendered":"\n<p><strong>Vremea \u00een martie: temperaturile cresc, \u00een primele zile. Administra\u021bia Na\u021bional\u0103 de Meteorologie anun\u021b\u0103 maxime termice de p\u00e2n\u0103 la 7 grade. S\u0103pt\u0103m\u00e2na viitoare termometrele vor ar\u0103ta \u0219i 17 grade.<\/strong><\/p>\n\n\n\n<p><strong>Vineri, 28 februarie, <\/strong>vremea se va men\u021bine \u00eenchis\u0103, cu condi\u021bii de cea\u021b\u0103 diminea\u021ba. Trec\u0103tor va ploua slab sau va burni\u021ba, mai ales \u00een a doua parte a intervalului. V\u00e2ntul va sufla slab p\u00e2n\u0103 la moderat. Temperatura maxim\u0103 va fi de 4\u20266 grade, iar cea minim\u0103 de 0\u20262 grade.<\/p>\n\n\n\n<p><strong>S\u00e2mb\u0103t\u0103, 1 martie, <\/strong>vremea va fi \u00een continuare \u00eenchis\u0103 \u0219i temporar va ploua. V\u00e2ntul va sufla \u00een general slab. Temperatura maxim\u0103 va fi de 6\u20267 grade, iar cea minim\u0103 de 1\u20262 grade. Trec\u0103tor, se va putea forma cea\u021b\u0103.<\/p>\n\n\n\n<div class=\"wp-block-buttons is-content-justification-center is-layout-flex wp-container-core-buttons-is-layout-16018d1d wp-block-buttons-is-layout-flex\">\n<div class=\"wp-block-button has-custom-width wp-block-button__width-100\"><a class=\"wp-block-button__link wp-element-button\" href=\"https:\/\/www.patreon.com\/BuletinDeBucuresti\"><strong>Sus\u021bine Buletin de Bucure\u0219ti pentru investiga\u021bii, reportaje \u0219i \u0219tiri Locale<\/strong><\/a><\/div>\n<\/div>\n\n\n\n<h2 class=\"wp-block-heading\" id=\"h-vremea-in-martie-probabilitatea-pentru-precipita\u021bii-va-fi-foarte-redusa\">Vremea \u00een martie. Probabilitatea pentru precipita\u021bii va fi foarte redus\u0103<\/h2>\n\n\n\n<p><strong>Duminic\u0103, 2 martie, <\/strong>Cerul va fi mai mult noros \u0219i trec\u0103tor vor fi posibile ploi slabe. V\u00e2ntul va sufla slab \u0219i moderat. Temperatura maxim\u0103 se va situa \u00een jurul valorii de 7 grade, iar cea minim\u0103 va fi de 0\u20262 grade.<\/p>\n\n\n\n<p>\u00cen perioada urm\u0103toare, valorile termice vor fi apropiate de cele normale, pentru primele zile din martie, maximele fiind \u00een u\u0219oar\u0103 cre\u0219tere de la o zi la alta, potrivit <a href=\"https:\/\/www.meteoromania.ro\/\">ANM.<\/a> <\/p>\n\n\n\n<p>Probabilitatea pentru precipita\u021bii va fi foarte redus\u0103. Temperaturile maxime vor atinge si 17 grade, spre sf\u00e2r\u0219itul s\u0103pt\u0103m\u00e2nii viitoare.<\/p>\n\n\n\n<p><strong>CITE\u0218TE \u0218I: <a href=\"https:\/\/buletin.de\/bucuresti\/iminenta-executarii-silite-a-celor-400-de-autobuzelor-otokar-detinute-de-stb-compania-cere-ajutorul-pmb\/\">Cum se vede Bucure\u0219tiul acoperit de z\u0103pad\u0103, din satelit. O imagine rar\u0103<\/a><\/strong><\/p>\n\n\n\n<p><\/p>\n","protected":false},"excerpt":{"rendered":"<p>Vremea \u00een martie: temperaturile cresc, \u00een primele zile. Administra\u021bia Na\u021bional\u0103 de Meteorologie anun\u021b\u0103 maxime termice de p\u00e2n\u0103 la 7 grade. S\u0103pt\u0103m\u00e2na viitoare termometrele vor ar\u0103ta \u0219i 17 grade. Vineri, 28 februarie, vremea se va men\u021bine \u00eenchis\u0103, cu condi\u021bii de cea\u021b\u0103 diminea\u021ba. Trec\u0103tor va ploua slab sau va burni\u021ba, mai ales \u00een a doua parte a [&hellip;]<\/p>\n","protected":false},"author":49,"featured_media":115413,"comment_status":"closed","ping_status":"open","sticky":false,"template":"","format":"standard","meta":{"_acf_changed":false,"inline_featured_image":false,"ngg_post_thumbnail":0,"footnotes":""},"categories":[6994,1,62],"tags":[4314,5928,10452],"ppma_author":[22574],"class_list":["post-120357","post","type-post","status-publish","format-standard","has-post-thumbnail","hentry","category-stiri-2","category-diverse","category-stiri","tag-anm","tag-anm-prognoza-meteo","tag-temperaturi-bucuresti"],"acf":[],"yoast_head":"<!-- This site is optimized with the Yoast SEO Premium plugin v25.3 (Yoast SEO v27.5) - https:\/\/yoast.com\/product\/yoast-seo-premium-wordpress\/ -->\n<title>Vremea \u00een martie | Temperaturile cresc \u00een primele zile. S\u0103pt\u0103m\u00e2na viitoare maximele ajung la 17 grade - Buletin de Bucure\u0219ti<\/title>\n<meta name=\"description\" content=\"Vremea \u00een martie: temperaturile cresc, \u00een primele zile. Administra\u021bia Na\u021bional\u0103 de Meteorologie anun\u021b\u0103 maxime termice de p\u00e2n\u0103 la 7 grade.\" \/>\n<meta name=\"robots\" content=\"index, follow, max-snippet:-1, max-image-preview:large, max-video-preview:-1\" \/>\n<link rel=\"canonical\" href=\"https:\/\/buletin.de\/bucuresti\/primele-zile-din-martie\/\" \/>\n<meta property=\"og:locale\" content=\"en_GB\" \/>\n<meta property=\"og:type\" content=\"article\" \/>\n<meta property=\"og:title\" content=\"Vremea \u00een martie | Temperaturile cresc \u00een primele zile. S\u0103pt\u0103m\u00e2na viitoare maximele ajung la 17 grade\" \/>\n<meta property=\"og:description\" content=\"Vremea \u00een martie: temperaturile cresc, \u00een primele zile. Administra\u021bia Na\u021bional\u0103 de Meteorologie anun\u021b\u0103 maxime termice de p\u00e2n\u0103 la 7 grade.\" \/>\n<meta property=\"og:url\" content=\"https:\/\/buletin.de\/bucuresti\/primele-zile-din-martie\/\" \/>\n<meta property=\"og:site_name\" content=\"Buletin de Bucure\u0219ti\" \/>\n<meta property=\"article:publisher\" content=\"https:\/\/www.facebook.com\/buletin.de.buc\" \/>\n<meta property=\"article:published_time\" content=\"2025-02-27T04:23:00+00:00\" \/>\n<meta property=\"og:image\" content=\"https:\/\/buletin.de\/bucuresti\/wp-content\/uploads\/meteo-2-1.jpeg\" \/>\n\t<meta property=\"og:image:width\" content=\"1600\" \/>\n\t<meta property=\"og:image:height\" content=\"1067\" \/>\n\t<meta property=\"og:image:type\" content=\"image\/jpeg\" \/>\n<meta name=\"author\" content=\"Diana Matei\" \/>\n<meta name=\"twitter:card\" content=\"summary_large_image\" \/>\n<meta name=\"twitter:label1\" content=\"Written by\" \/>\n\t<meta name=\"twitter:data1\" content=\"Diana Matei\" \/>\n\t<meta name=\"twitter:label2\" content=\"Estimated reading time\" \/>\n\t<meta name=\"twitter:data2\" content=\"2 minutes\" \/>\n<script type=\"application\/ld+json\" class=\"yoast-schema-graph\">{\"@context\":\"https:\\\/\\\/schema.org\",\"@graph\":[{\"@type\":\"Article\",\"@id\":\"https:\\\/\\\/buletin.de\\\/bucuresti\\\/primele-zile-din-martie\\\/#article\",\"isPartOf\":{\"@id\":\"https:\\\/\\\/buletin.de\\\/bucuresti\\\/primele-zile-din-martie\\\/\"},\"author\":{\"name\":\"Diana Matei\",\"@id\":\"https:\\\/\\\/buletin.de\\\/bucuresti\\\/#\\\/schema\\\/person\\\/7e46040573290777280a0835d81ea4ea\"},\"headline\":\"Vremea \u00een martie | Temperaturile cresc \u00een primele zile. S\u0103pt\u0103m\u00e2na viitoare maximele ajung la 17 grade\",\"datePublished\":\"2025-02-27T04:23:00+00:00\",\"mainEntityOfPage\":{\"@id\":\"https:\\\/\\\/buletin.de\\\/bucuresti\\\/primele-zile-din-martie\\\/\"},\"wordCount\":277,\"publisher\":{\"@id\":\"https:\\\/\\\/buletin.de\\\/bucuresti\\\/#organization\"},\"image\":{\"@id\":\"https:\\\/\\\/buletin.de\\\/bucuresti\\\/primele-zile-din-martie\\\/#primaryimage\"},\"thumbnailUrl\":\"https:\\\/\\\/buletin.de\\\/bucuresti\\\/wp-content\\\/uploads\\\/meteo-2-1.jpeg\",\"keywords\":[\"anm\",\"anm prognoza meteo\",\"temperaturi Bucuresti\"],\"articleSection\":[\"Articole\",\"Diverse\",\"\u0218tiri\"],\"inLanguage\":\"en-GB\",\"copyrightYear\":\"2025\",\"copyrightHolder\":{\"@id\":\"https:\\\/\\\/buletin.de\\\/bucuresti\\\/#organization\"}},{\"@type\":\"WebPage\",\"@id\":\"https:\\\/\\\/buletin.de\\\/bucuresti\\\/primele-zile-din-martie\\\/\",\"url\":\"https:\\\/\\\/buletin.de\\\/bucuresti\\\/primele-zile-din-martie\\\/\",\"name\":\"Vremea \u00een martie | Temperaturile cresc \u00een primele zile. S\u0103pt\u0103m\u00e2na viitoare maximele ajung la 17 grade - Buletin de Bucure\u0219ti\",\"isPartOf\":{\"@id\":\"https:\\\/\\\/buletin.de\\\/bucuresti\\\/#website\"},\"primaryImageOfPage\":{\"@id\":\"https:\\\/\\\/buletin.de\\\/bucuresti\\\/primele-zile-din-martie\\\/#primaryimage\"},\"image\":{\"@id\":\"https:\\\/\\\/buletin.de\\\/bucuresti\\\/primele-zile-din-martie\\\/#primaryimage\"},\"thumbnailUrl\":\"https:\\\/\\\/buletin.de\\\/bucuresti\\\/wp-content\\\/uploads\\\/meteo-2-1.jpeg\",\"datePublished\":\"2025-02-27T04:23:00+00:00\",\"description\":\"Vremea \u00een martie: temperaturile cresc, \u00een primele zile. Administra\u021bia Na\u021bional\u0103 de Meteorologie anun\u021b\u0103 maxime termice de p\u00e2n\u0103 la 7 grade.\",\"breadcrumb\":{\"@id\":\"https:\\\/\\\/buletin.de\\\/bucuresti\\\/primele-zile-din-martie\\\/#breadcrumb\"},\"inLanguage\":\"en-GB\",\"potentialAction\":[{\"@type\":\"ReadAction\",\"target\":[\"https:\\\/\\\/buletin.de\\\/bucuresti\\\/primele-zile-din-martie\\\/\"]}]},{\"@type\":\"ImageObject\",\"inLanguage\":\"en-GB\",\"@id\":\"https:\\\/\\\/buletin.de\\\/bucuresti\\\/primele-zile-din-martie\\\/#primaryimage\",\"url\":\"https:\\\/\\\/buletin.de\\\/bucuresti\\\/wp-content\\\/uploads\\\/meteo-2-1.jpeg\",\"contentUrl\":\"https:\\\/\\\/buletin.de\\\/bucuresti\\\/wp-content\\\/uploads\\\/meteo-2-1.jpeg\",\"width\":1600,\"height\":1067,\"caption\":\"METEO | Vremea se va men\u021bine c\u0103lduroas\u0103 \u0219i s\u0103pt\u0103m\u00e2na viitoare, \u00een Capital\u0103. Maxima termic\u0103 urc\u0103 p\u00e2n\u0103 la 32 de grade. FOTO: Arhiva\"},{\"@type\":\"BreadcrumbList\",\"@id\":\"https:\\\/\\\/buletin.de\\\/bucuresti\\\/primele-zile-din-martie\\\/#breadcrumb\",\"itemListElement\":[{\"@type\":\"ListItem\",\"position\":1,\"name\":\"Acas\u0103\",\"item\":\"https:\\\/\\\/buletin.de\\\/bucuresti\\\/\"},{\"@type\":\"ListItem\",\"position\":2,\"name\":\"Vremea \u00een martie | Temperaturile cresc \u00een primele zile. S\u0103pt\u0103m\u00e2na viitoare maximele ajung la 17 grade\"}]},{\"@type\":\"WebSite\",\"@id\":\"https:\\\/\\\/buletin.de\\\/bucuresti\\\/#website\",\"url\":\"https:\\\/\\\/buletin.de\\\/bucuresti\\\/\",\"name\":\"Buletin de Bucure\u0219ti\",\"description\":\"\u0218tiri \u0219i investiga\u021bii esen\u021biale din capital\u0103\",\"publisher\":{\"@id\":\"https:\\\/\\\/buletin.de\\\/bucuresti\\\/#organization\"},\"potentialAction\":[{\"@type\":\"SearchAction\",\"target\":{\"@type\":\"EntryPoint\",\"urlTemplate\":\"https:\\\/\\\/buletin.de\\\/bucuresti\\\/?s={search_term_string}\"},\"query-input\":{\"@type\":\"PropertyValueSpecification\",\"valueRequired\":true,\"valueName\":\"search_term_string\"}}],\"inLanguage\":\"en-GB\"},{\"@type\":\"Organization\",\"@id\":\"https:\\\/\\\/buletin.de\\\/bucuresti\\\/#organization\",\"name\":\"Buletin de Bucure\u0219ti\",\"url\":\"https:\\\/\\\/buletin.de\\\/bucuresti\\\/\",\"logo\":{\"@type\":\"ImageObject\",\"inLanguage\":\"en-GB\",\"@id\":\"https:\\\/\\\/buletin.de\\\/bucuresti\\\/#\\\/schema\\\/logo\\\/image\\\/\",\"url\":\"https:\\\/\\\/buletin.de\\\/bucuresti\\\/wp-content\\\/uploads\\\/logo-bdb-full-wide-vernil-transparent.png\",\"contentUrl\":\"https:\\\/\\\/buletin.de\\\/bucuresti\\\/wp-content\\\/uploads\\\/logo-bdb-full-wide-vernil-transparent.png\",\"width\":1782,\"height\":626,\"caption\":\"Buletin de Bucure\u0219ti\"},\"image\":{\"@id\":\"https:\\\/\\\/buletin.de\\\/bucuresti\\\/#\\\/schema\\\/logo\\\/image\\\/\"},\"sameAs\":[\"https:\\\/\\\/www.facebook.com\\\/buletin.de.buc\",\"https:\\\/\\\/www.instagram.com\\\/buletinde.bucuresti\\\/\"]},{\"@type\":\"Person\",\"@id\":\"https:\\\/\\\/buletin.de\\\/bucuresti\\\/#\\\/schema\\\/person\\\/7e46040573290777280a0835d81ea4ea\",\"name\":\"Diana Matei\",\"image\":{\"@type\":\"ImageObject\",\"inLanguage\":\"en-GB\",\"@id\":\"https:\\\/\\\/buletin.de\\\/bucuresti\\\/wp-content\\\/uploads\\\/9-2-96x96.jpg1e8590b30871d70e62ebcdaf2eff570c\",\"url\":\"https:\\\/\\\/buletin.de\\\/bucuresti\\\/wp-content\\\/uploads\\\/9-2-96x96.jpg\",\"contentUrl\":\"https:\\\/\\\/buletin.de\\\/bucuresti\\\/wp-content\\\/uploads\\\/9-2-96x96.jpg\",\"caption\":\"Diana Matei\"},\"url\":\"https:\\\/\\\/buletin.de\\\/bucuresti\\\/author\\\/dianamatei\\\/\"}]}<\/script>\n<!-- \/ Yoast SEO Premium plugin. -->","yoast_head_json":{"title":"Vremea \u00een martie | Temperaturile cresc \u00een primele zile. S\u0103pt\u0103m\u00e2na viitoare maximele ajung la 17 grade - Buletin de Bucure\u0219ti","description":"Vremea \u00een martie: temperaturile cresc, \u00een primele zile. Administra\u021bia Na\u021bional\u0103 de Meteorologie anun\u021b\u0103 maxime termice de p\u00e2n\u0103 la 7 grade.","robots":{"index":"index","follow":"follow","max-snippet":"max-snippet:-1","max-image-preview":"max-image-preview:large","max-video-preview":"max-video-preview:-1"},"canonical":"https:\/\/buletin.de\/bucuresti\/primele-zile-din-martie\/","og_locale":"en_GB","og_type":"article","og_title":"Vremea \u00een martie | Temperaturile cresc \u00een primele zile. S\u0103pt\u0103m\u00e2na viitoare maximele ajung la 17 grade","og_description":"Vremea \u00een martie: temperaturile cresc, \u00een primele zile. Administra\u021bia Na\u021bional\u0103 de Meteorologie anun\u021b\u0103 maxime termice de p\u00e2n\u0103 la 7 grade.","og_url":"https:\/\/buletin.de\/bucuresti\/primele-zile-din-martie\/","og_site_name":"Buletin de Bucure\u0219ti","article_publisher":"https:\/\/www.facebook.com\/buletin.de.buc","article_published_time":"2025-02-27T04:23:00+00:00","og_image":[{"width":1600,"height":1067,"url":"https:\/\/buletin.de\/bucuresti\/wp-content\/uploads\/meteo-2-1.jpeg","type":"image\/jpeg"}],"author":"Diana Matei","twitter_card":"summary_large_image","twitter_misc":{"Written by":"Diana Matei","Estimated reading time":"2 minutes"},"schema":{"@context":"https:\/\/schema.org","@graph":[{"@type":"Article","@id":"https:\/\/buletin.de\/bucuresti\/primele-zile-din-martie\/#article","isPartOf":{"@id":"https:\/\/buletin.de\/bucuresti\/primele-zile-din-martie\/"},"author":{"name":"Diana Matei","@id":"https:\/\/buletin.de\/bucuresti\/#\/schema\/person\/7e46040573290777280a0835d81ea4ea"},"headline":"Vremea \u00een martie | Temperaturile cresc \u00een primele zile. S\u0103pt\u0103m\u00e2na viitoare maximele ajung la 17 grade","datePublished":"2025-02-27T04:23:00+00:00","mainEntityOfPage":{"@id":"https:\/\/buletin.de\/bucuresti\/primele-zile-din-martie\/"},"wordCount":277,"publisher":{"@id":"https:\/\/buletin.de\/bucuresti\/#organization"},"image":{"@id":"https:\/\/buletin.de\/bucuresti\/primele-zile-din-martie\/#primaryimage"},"thumbnailUrl":"https:\/\/buletin.de\/bucuresti\/wp-content\/uploads\/meteo-2-1.jpeg","keywords":["anm","anm prognoza meteo","temperaturi Bucuresti"],"articleSection":["Articole","Diverse","\u0218tiri"],"inLanguage":"en-GB","copyrightYear":"2025","copyrightHolder":{"@id":"https:\/\/buletin.de\/bucuresti\/#organization"}},{"@type":"WebPage","@id":"https:\/\/buletin.de\/bucuresti\/primele-zile-din-martie\/","url":"https:\/\/buletin.de\/bucuresti\/primele-zile-din-martie\/","name":"Vremea \u00een martie | Temperaturile cresc \u00een primele zile. S\u0103pt\u0103m\u00e2na viitoare maximele ajung la 17 grade - Buletin de Bucure\u0219ti","isPartOf":{"@id":"https:\/\/buletin.de\/bucuresti\/#website"},"primaryImageOfPage":{"@id":"https:\/\/buletin.de\/bucuresti\/primele-zile-din-martie\/#primaryimage"},"image":{"@id":"https:\/\/buletin.de\/bucuresti\/primele-zile-din-martie\/#primaryimage"},"thumbnailUrl":"https:\/\/buletin.de\/bucuresti\/wp-content\/uploads\/meteo-2-1.jpeg","datePublished":"2025-02-27T04:23:00+00:00","description":"Vremea \u00een martie: temperaturile cresc, \u00een primele zile. Administra\u021bia Na\u021bional\u0103 de Meteorologie anun\u021b\u0103 maxime termice de p\u00e2n\u0103 la 7 grade.","breadcrumb":{"@id":"https:\/\/buletin.de\/bucuresti\/primele-zile-din-martie\/#breadcrumb"},"inLanguage":"en-GB","potentialAction":[{"@type":"ReadAction","target":["https:\/\/buletin.de\/bucuresti\/primele-zile-din-martie\/"]}]},{"@type":"ImageObject","inLanguage":"en-GB","@id":"https:\/\/buletin.de\/bucuresti\/primele-zile-din-martie\/#primaryimage","url":"https:\/\/buletin.de\/bucuresti\/wp-content\/uploads\/meteo-2-1.jpeg","contentUrl":"https:\/\/buletin.de\/bucuresti\/wp-content\/uploads\/meteo-2-1.jpeg","width":1600,"height":1067,"caption":"METEO | Vremea se va men\u021bine c\u0103lduroas\u0103 \u0219i s\u0103pt\u0103m\u00e2na viitoare, \u00een Capital\u0103. Maxima termic\u0103 urc\u0103 p\u00e2n\u0103 la 32 de grade. FOTO: Arhiva"},{"@type":"BreadcrumbList","@id":"https:\/\/buletin.de\/bucuresti\/primele-zile-din-martie\/#breadcrumb","itemListElement":[{"@type":"ListItem","position":1,"name":"Acas\u0103","item":"https:\/\/buletin.de\/bucuresti\/"},{"@type":"ListItem","position":2,"name":"Vremea \u00een martie | Temperaturile cresc \u00een primele zile. S\u0103pt\u0103m\u00e2na viitoare maximele ajung la 17 grade"}]},{"@type":"WebSite","@id":"https:\/\/buletin.de\/bucuresti\/#website","url":"https:\/\/buletin.de\/bucuresti\/","name":"Buletin de Bucure\u0219ti","description":"\u0218tiri \u0219i investiga\u021bii esen\u021biale din capital\u0103","publisher":{"@id":"https:\/\/buletin.de\/bucuresti\/#organization"},"potentialAction":[{"@type":"SearchAction","target":{"@type":"EntryPoint","urlTemplate":"https:\/\/buletin.de\/bucuresti\/?s={search_term_string}"},"query-input":{"@type":"PropertyValueSpecification","valueRequired":true,"valueName":"search_term_string"}}],"inLanguage":"en-GB"},{"@type":"Organization","@id":"https:\/\/buletin.de\/bucuresti\/#organization","name":"Buletin de Bucure\u0219ti","url":"https:\/\/buletin.de\/bucuresti\/","logo":{"@type":"ImageObject","inLanguage":"en-GB","@id":"https:\/\/buletin.de\/bucuresti\/#\/schema\/logo\/image\/","url":"https:\/\/buletin.de\/bucuresti\/wp-content\/uploads\/logo-bdb-full-wide-vernil-transparent.png","contentUrl":"https:\/\/buletin.de\/bucuresti\/wp-content\/uploads\/logo-bdb-full-wide-vernil-transparent.png","width":1782,"height":626,"caption":"Buletin de Bucure\u0219ti"},"image":{"@id":"https:\/\/buletin.de\/bucuresti\/#\/schema\/logo\/image\/"},"sameAs":["https:\/\/www.facebook.com\/buletin.de.buc","https:\/\/www.instagram.com\/buletinde.bucuresti\/"]},{"@type":"Person","@id":"https:\/\/buletin.de\/bucuresti\/#\/schema\/person\/7e46040573290777280a0835d81ea4ea","name":"Diana Matei","image":{"@type":"ImageObject","inLanguage":"en-GB","@id":"https:\/\/buletin.de\/bucuresti\/wp-content\/uploads\/9-2-96x96.jpg1e8590b30871d70e62ebcdaf2eff570c","url":"https:\/\/buletin.de\/bucuresti\/wp-content\/uploads\/9-2-96x96.jpg","contentUrl":"https:\/\/buletin.de\/bucuresti\/wp-content\/uploads\/9-2-96x96.jpg","caption":"Diana Matei"},"url":"https:\/\/buletin.de\/bucuresti\/author\/dianamatei\/"}]}},"authors":[{"term_id":22574,"user_id":49,"is_guest":0,"slug":"dianamatei","display_name":"Diana Matei","avatar_url":"https:\/\/buletin.de\/bucuresti\/wp-content\/uploads\/9-2-96x96.jpg","0":null,"1":"","2":"","3":"","4":"","5":"","6":"","7":"","8":""}],"_links":{"self":[{"href":"https:\/\/buletin.de\/bucuresti\/wp-json\/wp\/v2\/posts\/120357","targetHints":{"allow":["GET"]}}],"collection":[{"href":"https:\/\/buletin.de\/bucuresti\/wp-json\/wp\/v2\/posts"}],"about":[{"href":"https:\/\/buletin.de\/bucuresti\/wp-json\/wp\/v2\/types\/post"}],"author":[{"embeddable":true,"href":"https:\/\/buletin.de\/bucuresti\/wp-json\/wp\/v2\/users\/49"}],"replies":[{"embeddable":true,"href":"https:\/\/buletin.de\/bucuresti\/wp-json\/wp\/v2\/comments?post=120357"}],"version-history":[{"count":2,"href":"https:\/\/buletin.de\/bucuresti\/wp-json\/wp\/v2\/posts\/120357\/revisions"}],"predecessor-version":[{"id":120375,"href":"https:\/\/buletin.de\/bucuresti\/wp-json\/wp\/v2\/posts\/120357\/revisions\/120375"}],"wp:featuredmedia":[{"embeddable":true,"href":"https:\/\/buletin.de\/bucuresti\/wp-json\/wp\/v2\/media\/115413"}],"wp:attachment":[{"href":"https:\/\/buletin.de\/bucuresti\/wp-json\/wp\/v2\/media?parent=120357"}],"wp:term":[{"taxonomy":"category","embeddable":true,"href":"https:\/\/buletin.de\/bucuresti\/wp-json\/wp\/v2\/categories?post=120357"},{"taxonomy":"post_tag","embeddable":true,"href":"https:\/\/buletin.de\/bucuresti\/wp-json\/wp\/v2\/tags?post=120357"},{"taxonomy":"author","embeddable":true,"href":"https:\/\/buletin.de\/bucuresti\/wp-json\/wp\/v2\/ppma_author?post=120357"}],"curies":[{"name":"wp","href":"https:\/\/api.w.org\/{rel}","templated":true}]}}