{"id":120327,"date":"2025-03-01T14:03:27","date_gmt":"2025-03-01T11:03:27","guid":{"rendered":"https:\/\/buletin.de\/bucuresti\/?p=120327"},"modified":"2025-03-01T14:03:28","modified_gmt":"2025-03-01T11:03:28","slug":"bucharest-coffee-festival","status":"publish","type":"post","link":"https:\/\/buletin.de\/bucuresti\/bucharest-coffee-festival\/","title":{"rendered":"Bucharest Coffee Festival, pe 21 martie, la Hala Laminor"},"content":{"rendered":"\n<p><strong>Bucharest Coffee Festival&nbsp;are loc \u00eentre 21 \u0219i 23 martie, la Hala Laminor (Bulevardul Basarabia 256). Edi\u021bia 2025 va reuni sute de speciali\u0219ti \u00een cafea, din Rom\u00e2nia \u0219i din str\u0103in\u0103tate (Italia, Grecia, Danemarca).<\/strong><\/p>\n\n\n\n<p>La festivalul desf\u0103\u0219urat pe o suprafa\u021b\u0103 de circa 5000 mp, vor expune peste 250 de produc\u0103tori, procesatori, distribuitori \u0219i importatori na\u021bionali \u0219i interna\u021bionali de cafea, business-uri ce activeaz\u0103 \u00een domeniul HoReCa: cafenele, pr\u0103jitorii artizanale, coffee-shop-uri etc.<\/p>\n\n\n\n<p>Evenimentul, a c\u0103rui prim\u0103 edi\u021bie a avut loc \u00een 2014, este primul festival din domeniu \u0219i are drept scop promovarea cafelei de specialitate.<\/p>\n\n\n\n<h2 class=\"wp-block-heading\" id=\"h-competi\u021biile-na\u021bionale-dedicate-profesioni\u0219tilor-in-cafea\">Competi\u021biile na\u021bionale dedicate profesioni\u0219tilor \u00een cafea<\/h2>\n\n\n\n<p>\u00cen cele trei zile ale Bucharest Coffee Festival vor avea loc cele patru competi\u021bii na\u021bionale dedicate profesioni\u0219tilor \u00een cafea. La acestea vor participa speciali\u0219ti din toat\u0103 \u021bar\u0103, de la cele mai importante companii de cafea de specialitate \u0219i cafenele. Competi\u021biile sunt:<\/p>\n\n\n\n<ul class=\"wp-block-list\">\n<li>Campionatul Na\u021bional de Latte Art;<\/li>\n\n\n\n<li>Campionatul Na\u021bional Coffee in Good Spirits (CIGS);<\/li>\n\n\n\n<li>Campionatul Na\u021bional de Barista;<\/li>\n\n\n\n<li>Campionatul Na\u021bional de Ibric.<\/li>\n<\/ul>\n\n\n\n<p>C\u00e2\u0219tig\u0103torul fiec\u0103rei competi\u021bii va reprezenta Rom\u00e2nia la Campionatele Mondiale care au loc la Geneva, \u00eentre 26 \u0219i 28 iunie 2025 \u0219i la Milano, \u00eentre 17 \u0219i 21 octombrie 2025.<\/p>\n\n\n\n<p><strong>CITE\u0218TE \u0218I:<\/strong> <a href=\"https:\/\/buletin.de\/bucuresti\/salariile-de-la-metrorex-se-maresc-oficial-sindicatul-a-convins-ministerul-finantelor\/\">Salariile de la Metrorex se m\u0103resc oficial. Sindicatul a convins Ministerul Finan\u021belor<\/a><\/p>\n\n\n\n<h2 class=\"wp-block-heading\" id=\"h-degustari-vanzare-de-cafea-\u0219i-accesorii\">Degust\u0103ri, v\u00e2nzare, de cafea \u0219i accesorii<\/h2>\n\n\n\n<p>Cei prezen\u021bi la Bucharest Coffe Festival vor putea degusta \u0219i achizi\u021biona produse pe baz\u0103 de cafea ce presupune modalit\u0103\u021bi diferite de preparare: espresso, cafea la filtru, V60 sau cafea la ibric proasp\u0103t pr\u0103jit\u0103.<\/p>\n\n\n\n<p>At\u00e2t profesioni\u0219tii din industria cafelei, c\u00e2t \u0219i amatorii pasiona\u021bi de acest domeniu vor avea acces la aparate, instrumente de preparare \u0219i servirea a cafelei \u0219i cele mai noi gadget-uri.<\/p>\n\n\n\n<h2 class=\"wp-block-heading\" id=\"h-program-de-vizitare-bucharest-coffee-festival-2025\">Program de vizitare Bucharest Coffee Festival 2025<\/h2>\n\n\n\n<ul class=\"wp-block-list\">\n<li>Vineri \u0219i s\u00e2mb\u0103t\u0103, 21 \u0219i 22 martie: 09:00 \u2013 19:00;<\/li>\n\n\n\n<li>Duminic\u0103, 23 martie: 09:00 \u2013 18:00.<\/li>\n<\/ul>\n\n\n\n<p>Intrarea la festival se face pe baza de bilete \u0219i abonamente, care pot fi achizi\u021bionate de la<br>intrare sau online, de pe:<a href=\"https:\/\/www.more.com\/ro-ro\/tickets\/happenings\/festival\/bucharest-coffee-festival\/\"> https:\/\/www.more.com\/ro-ro\/tickets\/happenings\/festival\/bucharest-coffee-festival\/<\/a><\/p>\n\n\n\n<h2 class=\"wp-block-heading\" id=\"h-pre\u021bul-biletelor\">Pre\u021bul biletelor<\/h2>\n\n\n\n<ul class=\"wp-block-list\">\n<li>Vineri, 21 martie: 20 lei \/persoan\u0103;<\/li>\n\n\n\n<li>S\u00e2mb\u0103t\u0103 \u0219i duminic\u0103, 22 \u0219i 23 martie: 25 lei\/ persoan\u0103;<\/li>\n\n\n\n<li>Pre\u021bul abonamentului pentru toate cele trei zile ale festivalului: 50 lei \/ persoan\u0103.<\/li>\n<\/ul>\n\n\n\n<p><strong>CITE\u0218TE \u0218I:<\/strong> <a href=\"https:\/\/buletin.de\/bucuresti\/iminenta-executarii-silite-a-celor-400-de-autobuzelor-otokar-detinute-de-stb-compania-cere-ajutorul-pmb\/\">Iminen\u021ba execut\u0103rii silite a celor 400 de autobuze Otokar de\u021binute de STB. Compania cere ajutorul Prim\u0103riei Generale<\/a><\/p>\n\n\n\n<p><\/p>\n","protected":false},"excerpt":{"rendered":"<p>Bucharest Coffee Festival&nbsp;are loc \u00eentre 21 \u0219i 23 martie, la Hala Laminor (Bulevardul Basarabia 256). Edi\u021bia 2025 va reuni sute de speciali\u0219ti \u00een cafea, din Rom\u00e2nia \u0219i din str\u0103in\u0103tate (Italia, Grecia, Danemarca). La festivalul desf\u0103\u0219urat pe o suprafa\u021b\u0103 de circa 5000 mp, vor expune peste 250 de produc\u0103tori, procesatori, distribuitori \u0219i importatori na\u021bionali \u0219i interna\u021bionali [&hellip;]<\/p>\n","protected":false},"author":49,"featured_media":120328,"comment_status":"closed","ping_status":"open","sticky":false,"template":"","format":"standard","meta":{"_acf_changed":false,"inline_featured_image":false,"ngg_post_thumbnail":0,"footnotes":""},"categories":[6994,62],"tags":[19455,19456,3396],"ppma_author":[22574],"class_list":["post-120327","post","type-post","status-publish","format-standard","has-post-thumbnail","hentry","category-stiri-2","category-stiri","tag-bucharest-coffee-festival","tag-festival-cafea","tag-hala-laminor"],"acf":[],"yoast_head":"<!-- This site is optimized with the Yoast SEO Premium plugin v25.3 (Yoast SEO v27.4) - https:\/\/yoast.com\/product\/yoast-seo-premium-wordpress\/ -->\n<title>Bucharest Coffee Festival, pe 21 martie, la Hala Laminor - Buletin de Bucure\u0219ti<\/title>\n<meta name=\"description\" content=\"Bucharest Coffee Festival\u00a0are loc \u00eentre 21 \u0219i 23 martie, la Hala Laminor, cu sute de speciali\u0219ti \u00een cafea, din Rom\u00e2nia \u0219i din str\u0103in\u0103tate.\" \/>\n<meta name=\"robots\" content=\"index, follow, max-snippet:-1, max-image-preview:large, max-video-preview:-1\" \/>\n<link rel=\"canonical\" href=\"https:\/\/buletin.de\/bucuresti\/bucharest-coffee-festival\/\" \/>\n<meta property=\"og:locale\" content=\"en_GB\" \/>\n<meta property=\"og:type\" content=\"article\" \/>\n<meta property=\"og:title\" content=\"Bucharest Coffee Festival, pe 21 martie, la Hala Laminor\" \/>\n<meta property=\"og:description\" content=\"Bucharest Coffee Festival\u00a0are loc \u00eentre 21 \u0219i 23 martie, la Hala Laminor, cu sute de speciali\u0219ti \u00een cafea, din Rom\u00e2nia \u0219i din str\u0103in\u0103tate.\" \/>\n<meta property=\"og:url\" content=\"https:\/\/buletin.de\/bucuresti\/bucharest-coffee-festival\/\" \/>\n<meta property=\"og:site_name\" content=\"Buletin de Bucure\u0219ti\" \/>\n<meta property=\"article:publisher\" content=\"https:\/\/www.facebook.com\/buletin.de.buc\" \/>\n<meta property=\"article:published_time\" content=\"2025-03-01T11:03:27+00:00\" \/>\n<meta property=\"article:modified_time\" content=\"2025-03-01T11:03:28+00:00\" \/>\n<meta property=\"og:image\" content=\"https:\/\/buletin.de\/bucuresti\/wp-content\/uploads\/BCF-2022_1.jpg\" \/>\n\t<meta property=\"og:image:width\" content=\"1024\" \/>\n\t<meta property=\"og:image:height\" content=\"683\" \/>\n\t<meta property=\"og:image:type\" content=\"image\/jpeg\" \/>\n<meta name=\"author\" content=\"Diana Matei\" \/>\n<meta name=\"twitter:card\" content=\"summary_large_image\" \/>\n<meta name=\"twitter:label1\" content=\"Written by\" \/>\n\t<meta name=\"twitter:data1\" content=\"Diana Matei\" \/>\n\t<meta name=\"twitter:label2\" content=\"Estimated reading time\" \/>\n\t<meta name=\"twitter:data2\" content=\"2 minutes\" \/>\n<script type=\"application\/ld+json\" class=\"yoast-schema-graph\">{\"@context\":\"https:\\\/\\\/schema.org\",\"@graph\":[{\"@type\":\"Article\",\"@id\":\"https:\\\/\\\/buletin.de\\\/bucuresti\\\/bucharest-coffee-festival\\\/#article\",\"isPartOf\":{\"@id\":\"https:\\\/\\\/buletin.de\\\/bucuresti\\\/bucharest-coffee-festival\\\/\"},\"author\":{\"name\":\"Diana Matei\",\"@id\":\"https:\\\/\\\/buletin.de\\\/bucuresti\\\/#\\\/schema\\\/person\\\/7e46040573290777280a0835d81ea4ea\"},\"headline\":\"Bucharest Coffee Festival, pe 21 martie, la Hala Laminor\",\"datePublished\":\"2025-03-01T11:03:27+00:00\",\"dateModified\":\"2025-03-01T11:03:28+00:00\",\"mainEntityOfPage\":{\"@id\":\"https:\\\/\\\/buletin.de\\\/bucuresti\\\/bucharest-coffee-festival\\\/\"},\"wordCount\":406,\"publisher\":{\"@id\":\"https:\\\/\\\/buletin.de\\\/bucuresti\\\/#organization\"},\"image\":{\"@id\":\"https:\\\/\\\/buletin.de\\\/bucuresti\\\/bucharest-coffee-festival\\\/#primaryimage\"},\"thumbnailUrl\":\"https:\\\/\\\/buletin.de\\\/bucuresti\\\/wp-content\\\/uploads\\\/BCF-2022_1.jpg\",\"keywords\":[\"Bucharest Coffee Festival\",\"festival cafea\",\"Hala Laminor\"],\"articleSection\":[\"Articole\",\"\u0218tiri\"],\"inLanguage\":\"en-GB\",\"copyrightYear\":\"2025\",\"copyrightHolder\":{\"@id\":\"https:\\\/\\\/buletin.de\\\/bucuresti\\\/#organization\"}},{\"@type\":\"WebPage\",\"@id\":\"https:\\\/\\\/buletin.de\\\/bucuresti\\\/bucharest-coffee-festival\\\/\",\"url\":\"https:\\\/\\\/buletin.de\\\/bucuresti\\\/bucharest-coffee-festival\\\/\",\"name\":\"Bucharest Coffee Festival, pe 21 martie, la Hala Laminor - Buletin de Bucure\u0219ti\",\"isPartOf\":{\"@id\":\"https:\\\/\\\/buletin.de\\\/bucuresti\\\/#website\"},\"primaryImageOfPage\":{\"@id\":\"https:\\\/\\\/buletin.de\\\/bucuresti\\\/bucharest-coffee-festival\\\/#primaryimage\"},\"image\":{\"@id\":\"https:\\\/\\\/buletin.de\\\/bucuresti\\\/bucharest-coffee-festival\\\/#primaryimage\"},\"thumbnailUrl\":\"https:\\\/\\\/buletin.de\\\/bucuresti\\\/wp-content\\\/uploads\\\/BCF-2022_1.jpg\",\"datePublished\":\"2025-03-01T11:03:27+00:00\",\"dateModified\":\"2025-03-01T11:03:28+00:00\",\"description\":\"Bucharest Coffee Festival\u00a0are loc \u00eentre 21 \u0219i 23 martie, la Hala Laminor, cu sute de speciali\u0219ti \u00een cafea, din Rom\u00e2nia \u0219i din str\u0103in\u0103tate.\",\"breadcrumb\":{\"@id\":\"https:\\\/\\\/buletin.de\\\/bucuresti\\\/bucharest-coffee-festival\\\/#breadcrumb\"},\"inLanguage\":\"en-GB\",\"potentialAction\":[{\"@type\":\"ReadAction\",\"target\":[\"https:\\\/\\\/buletin.de\\\/bucuresti\\\/bucharest-coffee-festival\\\/\"]}]},{\"@type\":\"ImageObject\",\"inLanguage\":\"en-GB\",\"@id\":\"https:\\\/\\\/buletin.de\\\/bucuresti\\\/bucharest-coffee-festival\\\/#primaryimage\",\"url\":\"https:\\\/\\\/buletin.de\\\/bucuresti\\\/wp-content\\\/uploads\\\/BCF-2022_1.jpg\",\"contentUrl\":\"https:\\\/\\\/buletin.de\\\/bucuresti\\\/wp-content\\\/uploads\\\/BCF-2022_1.jpg\",\"width\":1024,\"height\":683,\"caption\":\"Bucharest Coffee Festival, pe 21 martie, la Hala Laminor. FOTO:Bucharest Coffee Festival\"},{\"@type\":\"BreadcrumbList\",\"@id\":\"https:\\\/\\\/buletin.de\\\/bucuresti\\\/bucharest-coffee-festival\\\/#breadcrumb\",\"itemListElement\":[{\"@type\":\"ListItem\",\"position\":1,\"name\":\"Acas\u0103\",\"item\":\"https:\\\/\\\/buletin.de\\\/bucuresti\\\/\"},{\"@type\":\"ListItem\",\"position\":2,\"name\":\"Bucharest Coffee Festival, pe 21 martie, la Hala Laminor\"}]},{\"@type\":\"WebSite\",\"@id\":\"https:\\\/\\\/buletin.de\\\/bucuresti\\\/#website\",\"url\":\"https:\\\/\\\/buletin.de\\\/bucuresti\\\/\",\"name\":\"Buletin de Bucure\u0219ti\",\"description\":\"\u0218tiri \u0219i investiga\u021bii esen\u021biale din capital\u0103\",\"publisher\":{\"@id\":\"https:\\\/\\\/buletin.de\\\/bucuresti\\\/#organization\"},\"potentialAction\":[{\"@type\":\"SearchAction\",\"target\":{\"@type\":\"EntryPoint\",\"urlTemplate\":\"https:\\\/\\\/buletin.de\\\/bucuresti\\\/?s={search_term_string}\"},\"query-input\":{\"@type\":\"PropertyValueSpecification\",\"valueRequired\":true,\"valueName\":\"search_term_string\"}}],\"inLanguage\":\"en-GB\"},{\"@type\":\"Organization\",\"@id\":\"https:\\\/\\\/buletin.de\\\/bucuresti\\\/#organization\",\"name\":\"Buletin de Bucure\u0219ti\",\"url\":\"https:\\\/\\\/buletin.de\\\/bucuresti\\\/\",\"logo\":{\"@type\":\"ImageObject\",\"inLanguage\":\"en-GB\",\"@id\":\"https:\\\/\\\/buletin.de\\\/bucuresti\\\/#\\\/schema\\\/logo\\\/image\\\/\",\"url\":\"https:\\\/\\\/buletin.de\\\/bucuresti\\\/wp-content\\\/uploads\\\/logo-bdb-full-wide-vernil-transparent.png\",\"contentUrl\":\"https:\\\/\\\/buletin.de\\\/bucuresti\\\/wp-content\\\/uploads\\\/logo-bdb-full-wide-vernil-transparent.png\",\"width\":1782,\"height\":626,\"caption\":\"Buletin de Bucure\u0219ti\"},\"image\":{\"@id\":\"https:\\\/\\\/buletin.de\\\/bucuresti\\\/#\\\/schema\\\/logo\\\/image\\\/\"},\"sameAs\":[\"https:\\\/\\\/www.facebook.com\\\/buletin.de.buc\",\"https:\\\/\\\/www.instagram.com\\\/buletinde.bucuresti\\\/\"]},{\"@type\":\"Person\",\"@id\":\"https:\\\/\\\/buletin.de\\\/bucuresti\\\/#\\\/schema\\\/person\\\/7e46040573290777280a0835d81ea4ea\",\"name\":\"Diana Matei\",\"image\":{\"@type\":\"ImageObject\",\"inLanguage\":\"en-GB\",\"@id\":\"https:\\\/\\\/buletin.de\\\/bucuresti\\\/wp-content\\\/uploads\\\/9-2-96x96.jpg1e8590b30871d70e62ebcdaf2eff570c\",\"url\":\"https:\\\/\\\/buletin.de\\\/bucuresti\\\/wp-content\\\/uploads\\\/9-2-96x96.jpg\",\"contentUrl\":\"https:\\\/\\\/buletin.de\\\/bucuresti\\\/wp-content\\\/uploads\\\/9-2-96x96.jpg\",\"caption\":\"Diana Matei\"},\"url\":\"https:\\\/\\\/buletin.de\\\/bucuresti\\\/author\\\/dianamatei\\\/\"}]}<\/script>\n<!-- \/ Yoast SEO Premium plugin. -->","yoast_head_json":{"title":"Bucharest Coffee Festival, pe 21 martie, la Hala Laminor - Buletin de Bucure\u0219ti","description":"Bucharest Coffee Festival\u00a0are loc \u00eentre 21 \u0219i 23 martie, la Hala Laminor, cu sute de speciali\u0219ti \u00een cafea, din Rom\u00e2nia \u0219i din str\u0103in\u0103tate.","robots":{"index":"index","follow":"follow","max-snippet":"max-snippet:-1","max-image-preview":"max-image-preview:large","max-video-preview":"max-video-preview:-1"},"canonical":"https:\/\/buletin.de\/bucuresti\/bucharest-coffee-festival\/","og_locale":"en_GB","og_type":"article","og_title":"Bucharest Coffee Festival, pe 21 martie, la Hala Laminor","og_description":"Bucharest Coffee Festival\u00a0are loc \u00eentre 21 \u0219i 23 martie, la Hala Laminor, cu sute de speciali\u0219ti \u00een cafea, din Rom\u00e2nia \u0219i din str\u0103in\u0103tate.","og_url":"https:\/\/buletin.de\/bucuresti\/bucharest-coffee-festival\/","og_site_name":"Buletin de Bucure\u0219ti","article_publisher":"https:\/\/www.facebook.com\/buletin.de.buc","article_published_time":"2025-03-01T11:03:27+00:00","article_modified_time":"2025-03-01T11:03:28+00:00","og_image":[{"width":1024,"height":683,"url":"https:\/\/buletin.de\/bucuresti\/wp-content\/uploads\/BCF-2022_1.jpg","type":"image\/jpeg"}],"author":"Diana Matei","twitter_card":"summary_large_image","twitter_misc":{"Written by":"Diana Matei","Estimated reading time":"2 minutes"},"schema":{"@context":"https:\/\/schema.org","@graph":[{"@type":"Article","@id":"https:\/\/buletin.de\/bucuresti\/bucharest-coffee-festival\/#article","isPartOf":{"@id":"https:\/\/buletin.de\/bucuresti\/bucharest-coffee-festival\/"},"author":{"name":"Diana Matei","@id":"https:\/\/buletin.de\/bucuresti\/#\/schema\/person\/7e46040573290777280a0835d81ea4ea"},"headline":"Bucharest Coffee Festival, pe 21 martie, la Hala Laminor","datePublished":"2025-03-01T11:03:27+00:00","dateModified":"2025-03-01T11:03:28+00:00","mainEntityOfPage":{"@id":"https:\/\/buletin.de\/bucuresti\/bucharest-coffee-festival\/"},"wordCount":406,"publisher":{"@id":"https:\/\/buletin.de\/bucuresti\/#organization"},"image":{"@id":"https:\/\/buletin.de\/bucuresti\/bucharest-coffee-festival\/#primaryimage"},"thumbnailUrl":"https:\/\/buletin.de\/bucuresti\/wp-content\/uploads\/BCF-2022_1.jpg","keywords":["Bucharest Coffee Festival","festival cafea","Hala Laminor"],"articleSection":["Articole","\u0218tiri"],"inLanguage":"en-GB","copyrightYear":"2025","copyrightHolder":{"@id":"https:\/\/buletin.de\/bucuresti\/#organization"}},{"@type":"WebPage","@id":"https:\/\/buletin.de\/bucuresti\/bucharest-coffee-festival\/","url":"https:\/\/buletin.de\/bucuresti\/bucharest-coffee-festival\/","name":"Bucharest Coffee Festival, pe 21 martie, la Hala Laminor - Buletin de Bucure\u0219ti","isPartOf":{"@id":"https:\/\/buletin.de\/bucuresti\/#website"},"primaryImageOfPage":{"@id":"https:\/\/buletin.de\/bucuresti\/bucharest-coffee-festival\/#primaryimage"},"image":{"@id":"https:\/\/buletin.de\/bucuresti\/bucharest-coffee-festival\/#primaryimage"},"thumbnailUrl":"https:\/\/buletin.de\/bucuresti\/wp-content\/uploads\/BCF-2022_1.jpg","datePublished":"2025-03-01T11:03:27+00:00","dateModified":"2025-03-01T11:03:28+00:00","description":"Bucharest Coffee Festival\u00a0are loc \u00eentre 21 \u0219i 23 martie, la Hala Laminor, cu sute de speciali\u0219ti \u00een cafea, din Rom\u00e2nia \u0219i din str\u0103in\u0103tate.","breadcrumb":{"@id":"https:\/\/buletin.de\/bucuresti\/bucharest-coffee-festival\/#breadcrumb"},"inLanguage":"en-GB","potentialAction":[{"@type":"ReadAction","target":["https:\/\/buletin.de\/bucuresti\/bucharest-coffee-festival\/"]}]},{"@type":"ImageObject","inLanguage":"en-GB","@id":"https:\/\/buletin.de\/bucuresti\/bucharest-coffee-festival\/#primaryimage","url":"https:\/\/buletin.de\/bucuresti\/wp-content\/uploads\/BCF-2022_1.jpg","contentUrl":"https:\/\/buletin.de\/bucuresti\/wp-content\/uploads\/BCF-2022_1.jpg","width":1024,"height":683,"caption":"Bucharest Coffee Festival, pe 21 martie, la Hala Laminor. FOTO:Bucharest Coffee Festival"},{"@type":"BreadcrumbList","@id":"https:\/\/buletin.de\/bucuresti\/bucharest-coffee-festival\/#breadcrumb","itemListElement":[{"@type":"ListItem","position":1,"name":"Acas\u0103","item":"https:\/\/buletin.de\/bucuresti\/"},{"@type":"ListItem","position":2,"name":"Bucharest Coffee Festival, pe 21 martie, la Hala Laminor"}]},{"@type":"WebSite","@id":"https:\/\/buletin.de\/bucuresti\/#website","url":"https:\/\/buletin.de\/bucuresti\/","name":"Buletin de Bucure\u0219ti","description":"\u0218tiri \u0219i investiga\u021bii esen\u021biale din capital\u0103","publisher":{"@id":"https:\/\/buletin.de\/bucuresti\/#organization"},"potentialAction":[{"@type":"SearchAction","target":{"@type":"EntryPoint","urlTemplate":"https:\/\/buletin.de\/bucuresti\/?s={search_term_string}"},"query-input":{"@type":"PropertyValueSpecification","valueRequired":true,"valueName":"search_term_string"}}],"inLanguage":"en-GB"},{"@type":"Organization","@id":"https:\/\/buletin.de\/bucuresti\/#organization","name":"Buletin de Bucure\u0219ti","url":"https:\/\/buletin.de\/bucuresti\/","logo":{"@type":"ImageObject","inLanguage":"en-GB","@id":"https:\/\/buletin.de\/bucuresti\/#\/schema\/logo\/image\/","url":"https:\/\/buletin.de\/bucuresti\/wp-content\/uploads\/logo-bdb-full-wide-vernil-transparent.png","contentUrl":"https:\/\/buletin.de\/bucuresti\/wp-content\/uploads\/logo-bdb-full-wide-vernil-transparent.png","width":1782,"height":626,"caption":"Buletin de Bucure\u0219ti"},"image":{"@id":"https:\/\/buletin.de\/bucuresti\/#\/schema\/logo\/image\/"},"sameAs":["https:\/\/www.facebook.com\/buletin.de.buc","https:\/\/www.instagram.com\/buletinde.bucuresti\/"]},{"@type":"Person","@id":"https:\/\/buletin.de\/bucuresti\/#\/schema\/person\/7e46040573290777280a0835d81ea4ea","name":"Diana Matei","image":{"@type":"ImageObject","inLanguage":"en-GB","@id":"https:\/\/buletin.de\/bucuresti\/wp-content\/uploads\/9-2-96x96.jpg1e8590b30871d70e62ebcdaf2eff570c","url":"https:\/\/buletin.de\/bucuresti\/wp-content\/uploads\/9-2-96x96.jpg","contentUrl":"https:\/\/buletin.de\/bucuresti\/wp-content\/uploads\/9-2-96x96.jpg","caption":"Diana Matei"},"url":"https:\/\/buletin.de\/bucuresti\/author\/dianamatei\/"}]}},"authors":[{"term_id":22574,"user_id":49,"is_guest":0,"slug":"dianamatei","display_name":"Diana Matei","avatar_url":"https:\/\/buletin.de\/bucuresti\/wp-content\/uploads\/9-2-96x96.jpg","0":null,"1":"","2":"","3":"","4":"","5":"","6":"","7":"","8":""}],"_links":{"self":[{"href":"https:\/\/buletin.de\/bucuresti\/wp-json\/wp\/v2\/posts\/120327","targetHints":{"allow":["GET"]}}],"collection":[{"href":"https:\/\/buletin.de\/bucuresti\/wp-json\/wp\/v2\/posts"}],"about":[{"href":"https:\/\/buletin.de\/bucuresti\/wp-json\/wp\/v2\/types\/post"}],"author":[{"embeddable":true,"href":"https:\/\/buletin.de\/bucuresti\/wp-json\/wp\/v2\/users\/49"}],"replies":[{"embeddable":true,"href":"https:\/\/buletin.de\/bucuresti\/wp-json\/wp\/v2\/comments?post=120327"}],"version-history":[{"count":2,"href":"https:\/\/buletin.de\/bucuresti\/wp-json\/wp\/v2\/posts\/120327\/revisions"}],"predecessor-version":[{"id":120831,"href":"https:\/\/buletin.de\/bucuresti\/wp-json\/wp\/v2\/posts\/120327\/revisions\/120831"}],"wp:featuredmedia":[{"embeddable":true,"href":"https:\/\/buletin.de\/bucuresti\/wp-json\/wp\/v2\/media\/120328"}],"wp:attachment":[{"href":"https:\/\/buletin.de\/bucuresti\/wp-json\/wp\/v2\/media?parent=120327"}],"wp:term":[{"taxonomy":"category","embeddable":true,"href":"https:\/\/buletin.de\/bucuresti\/wp-json\/wp\/v2\/categories?post=120327"},{"taxonomy":"post_tag","embeddable":true,"href":"https:\/\/buletin.de\/bucuresti\/wp-json\/wp\/v2\/tags?post=120327"},{"taxonomy":"author","embeddable":true,"href":"https:\/\/buletin.de\/bucuresti\/wp-json\/wp\/v2\/ppma_author?post=120327"}],"curies":[{"name":"wp","href":"https:\/\/api.w.org\/{rel}","templated":true}]}}