{"id":120277,"date":"2025-02-26T14:11:11","date_gmt":"2025-02-26T11:11:11","guid":{"rendered":"https:\/\/buletin.de\/bucuresti\/?p=120277"},"modified":"2025-02-27T08:02:21","modified_gmt":"2025-02-27T05:02:21","slug":"avarie-majora-la-reteaua-electrica-11-linii-de-tramvai-si-troleibuze-afectate","status":"publish","type":"post","link":"https:\/\/buletin.de\/bucuresti\/avarie-majora-la-reteaua-electrica-11-linii-de-tramvai-si-troleibuze-afectate\/","title":{"rendered":"Avarie major\u0103 la re\u021beaua electric\u0103: 11 linii de tramvai \u0219i troleibuze afectate"},"content":{"rendered":"\n<p><strong>O avarie major\u0103 la re\u021beaua electric\u0103 Enel a provocat perturb\u0103ri majore \u00een traficul public din Bucure\u0219ti\u0219i a afectat mai multe linii de tramvai \u0219i troleibuz. <\/strong><\/p>\n\n\n\n<p><strong>Incidentul avut loc ast\u0103zi, 26 februarie 2025, \u00een jurul orei 12:00 \u0219i a dus la \u00eentreruperi \u00een alimentarea cu energie electric\u0103 a substa\u021biilor Societ\u0103\u021bii de Transport Bucure\u0219ti (STB S.A.).<\/strong><\/p>\n\n\n\n<hr class=\"wp-block-separator has-alpha-channel-opacity\"\/>\n\n\n\n<p><strong>UPDATE: Circula\u021bia tramvaielor \u0219i troleibuzelor a fost reluata\u0306 la ora 13.05, dupa\u0306 65 minute de blocare \u0219i functionare pe&nbsp;trasee&nbsp;deviate.<\/strong><\/p>\n\n\n\n<p>\u201e<em>Echipele de tehnicieni ai Re\u021bele Electrice Rom\u00e2nia au intervenit \u00een cursul zilei de ast\u0103zi pentru reluarea aliment\u0103rii cu energie electric\u0103 \u00een zona Obor-Iancului, afectat\u0103 de un incident \u00een re\u021beaua de distribu\u021bie.<\/em><\/p>\n\n\n\n<p><em>Incidentul a fost remediat la aceast\u0103 or\u0103, iar speciali\u0219tii continu\u0103 s\u0103 lucreze pentru eventuale deranjamente punctuale. Regret\u0103m nepl\u0103cerile resim\u021bite de clien\u021bi<\/em>\u201d, a transmis compania de electricitate.<br><\/p>\n\n\n\n<hr class=\"wp-block-separator has-alpha-channel-opacity\"\/>\n\n\n\n<h2 class=\"wp-block-heading\" id=\"h-avarie-majora-la-re\u021beaua-electrica-transportul-in-comun-afectat\">Avarie major\u0103 la re\u021beaua electric\u0103. Transportul \u00een comun afectat<\/h2>\n\n\n\n<p>Avaria la re\u021beaua electric\u0103 a avut un impact direct asupra circula\u021biei mijloacelor de transport \u00een comun din zonele \u0218oseaua Mihai Bravu, Bulevardul Ferdinand, \u0218oseaua Iancului, \u0218oseaua Colentina \u0219i Strada Baicului.<\/p>\n\n\n\n<p>Conform informa\u021biilor furnizate de STB S.A., avaria a afectat func\u021bionarea liniilor de tramvai 1, 10, 14, 36, 55 \u0219i 21, precum \u0219i a liniilor de troleibuz 66, 69, 70, 79 \u0219i 85. C\u0103l\u0103torii care utilizeaz\u0103 aceste rute trebuie s\u0103 se a\u0219tepte la \u00eent\u00e2rzieri semnificative \u0219i la posibile modific\u0103ri ale traseelor.<\/p>\n\n\n\n<p><strong>M\u0103suri alternative de transport<\/strong><\/p>\n\n\n\n<p>Pentru a minimiza disconfortul c\u0103l\u0103torilor, STB S.A. a introdus dou\u0103 linii navet\u0103 de autobuz:<\/p>\n\n\n\n<ul class=\"wp-block-list\">\n<li>Linia 669: Asigur\u0103 transportul \u00eentre Strada Baicului \u0219i Pia\u021ba Rosetti.<\/li>\n\n\n\n<li>Linia 610: Conecteaz\u0103 Gara Basarab \u0219i Bucur Obor.<\/li>\n<\/ul>\n\n\n\n<p><strong>CITE\u0218TE \u0218I:&nbsp;<a href=\"https:\/\/buletin.de\/bucuresti\/sector-2-reamenajarea-parcului-plumbuita-va-costa-peste-18-milioane-de-euro-detaliile-proiectului\/\" target=\"_blank\" rel=\"noreferrer noopener\">Sector 2 | Reamenajarea Parcului Plumbuita va costa peste 18 milioane de euro. Detaliile proiectului<\/a><\/strong><\/p>\n\n\n\n<div class=\"wp-block-buttons is-content-justification-center is-layout-flex wp-container-core-buttons-is-layout-16018d1d wp-block-buttons-is-layout-flex\">\n<div class=\"wp-block-button has-custom-width wp-block-button__width-100\"><a class=\"wp-block-button__link wp-element-button\" href=\"https:\/\/www.patreon.com\/BuletinDeBucuresti\"><strong>Sus\u021bine Buletin de Bucure\u0219ti pentru investiga\u021bii, reportaje \u0219i \u0219tiri Locale<\/strong><\/a><\/div>\n<\/div>\n\n\n\n<p>Aceste linii navet\u0103 au fost implementate pentru a prelua fluxul de pasageri afecta\u021bi de \u00eentreruperea serviciilor de tramvai \u0219i troleibuz.<\/p>\n\n\n\n<p>STB S.A. recomand\u0103 c\u0103l\u0103torilor s\u0103 utilizeze liniile navet\u0103 de autobuz ca alternativ\u0103 temporar\u0103 \u0219i s\u0103 ia \u00een considerare posibile \u00eent\u00e2rzieri \u00een planificarea c\u0103l\u0103toriilor.<\/p>\n\n\n\n<p><strong>CITE\u0218TE \u0218I <a href=\"https:\/\/buletin.de\/bucuresti\/calin-georgescu-ridicat-de-procurori-in-capitala-si-dus-la-parchetul-general-perchezitii-in-dosarul-potra\/\">C\u0103lin Georgescu ridicat de procurori, \u00een Capital\u0103, \u0219i dus la Parchetul General. Perchezi\u021bii \u00een dosarul Potra<\/a><\/strong><\/p>\n","protected":false},"excerpt":{"rendered":"<p>O avarie major\u0103 la re\u021beaua electric\u0103 Enel a provocat perturb\u0103ri majore \u00een traficul public din Bucure\u0219ti\u0219i a afectat mai multe linii de tramvai \u0219i troleibuz. Incidentul avut loc ast\u0103zi, 26 februarie 2025, \u00een jurul orei 12:00 \u0219i a dus la \u00eentreruperi \u00een alimentarea cu energie electric\u0103 a substa\u021biilor Societ\u0103\u021bii de Transport Bucure\u0219ti (STB S.A.). UPDATE: [&hellip;]<\/p>\n","protected":false},"author":1,"featured_media":120282,"comment_status":"closed","ping_status":"open","sticky":false,"template":"","format":"standard","meta":{"_acf_changed":false,"inline_featured_image":false,"ngg_post_thumbnail":0,"footnotes":""},"categories":[6994,62],"tags":[1982,4532,19449,19446,402,19447],"ppma_author":[22583],"class_list":["post-120277","post","type-post","status-publish","format-standard","has-post-thumbnail","hentry","category-stiri-2","category-stiri","tag-avarie","tag-enel","tag-linii-troleibuze","tag-retea-electrica-2","tag-stb","tag-tramva"],"acf":[],"yoast_head":"<!-- This site is optimized with the Yoast SEO Premium plugin v25.3 (Yoast SEO v27.4) - https:\/\/yoast.com\/product\/yoast-seo-premium-wordpress\/ -->\n<title>Avarie major\u0103 la re\u021beaua electric\u0103: 11 linii de tramvai \u0219i troleibuze afectate - Buletin de Bucure\u0219ti<\/title>\n<meta name=\"description\" content=\"O avarie major\u0103 la re\u021beaua electric\u0103 Enel a provocat perturb\u0103ri majore \u00een traficul mijloacelor de transport public din Bucure\u0219ti.\" \/>\n<meta name=\"robots\" content=\"index, follow, max-snippet:-1, max-image-preview:large, max-video-preview:-1\" \/>\n<link rel=\"canonical\" href=\"https:\/\/buletin.de\/bucuresti\/avarie-majora-la-reteaua-electrica-11-linii-de-tramvai-si-troleibuze-afectate\/\" \/>\n<meta property=\"og:locale\" content=\"en_GB\" \/>\n<meta property=\"og:type\" content=\"article\" \/>\n<meta property=\"og:title\" content=\"Avarie major\u0103 la re\u021beaua electric\u0103: 11 linii de tramvai \u0219i troleibuze afectate\" \/>\n<meta property=\"og:description\" content=\"O avarie major\u0103 la re\u021beaua electric\u0103 Enel a provocat perturb\u0103ri majore \u00een traficul mijloacelor de transport public din Bucure\u0219ti.\" \/>\n<meta property=\"og:url\" content=\"https:\/\/buletin.de\/bucuresti\/avarie-majora-la-reteaua-electrica-11-linii-de-tramvai-si-troleibuze-afectate\/\" \/>\n<meta property=\"og:site_name\" content=\"Buletin de Bucure\u0219ti\" \/>\n<meta property=\"article:publisher\" content=\"https:\/\/www.facebook.com\/buletin.de.buc\" \/>\n<meta property=\"article:published_time\" content=\"2025-02-26T11:11:11+00:00\" \/>\n<meta property=\"article:modified_time\" content=\"2025-02-27T05:02:21+00:00\" \/>\n<meta property=\"og:image\" content=\"https:\/\/buletin.de\/bucuresti\/wp-content\/uploads\/ID278089_INQUAM_Photos_Bogdan_Buda.jpg\" \/>\n\t<meta property=\"og:image:width\" content=\"2000\" \/>\n\t<meta property=\"og:image:height\" content=\"1333\" \/>\n\t<meta property=\"og:image:type\" content=\"image\/jpeg\" \/>\n<meta name=\"author\" content=\"Redac\u021bia Buletin de Bucure\u0219ti\" \/>\n<meta name=\"twitter:card\" content=\"summary_large_image\" \/>\n<meta name=\"twitter:label1\" content=\"Written by\" \/>\n\t<meta name=\"twitter:data1\" content=\"Redac\u021bia Buletin de Bucure\u0219ti\" \/>\n\t<meta name=\"twitter:label2\" content=\"Estimated reading time\" \/>\n\t<meta name=\"twitter:data2\" content=\"2 minutes\" \/>\n<script type=\"application\/ld+json\" class=\"yoast-schema-graph\">{\"@context\":\"https:\\\/\\\/schema.org\",\"@graph\":[{\"@type\":\"Article\",\"@id\":\"https:\\\/\\\/buletin.de\\\/bucuresti\\\/avarie-majora-la-reteaua-electrica-11-linii-de-tramvai-si-troleibuze-afectate\\\/#article\",\"isPartOf\":{\"@id\":\"https:\\\/\\\/buletin.de\\\/bucuresti\\\/avarie-majora-la-reteaua-electrica-11-linii-de-tramvai-si-troleibuze-afectate\\\/\"},\"author\":{\"name\":\"Redac\u021bia Buletin de Bucure\u0219ti\",\"@id\":\"https:\\\/\\\/buletin.de\\\/bucuresti\\\/#\\\/schema\\\/person\\\/2bbcf854e5f2419a13804af574d06ab1\"},\"headline\":\"Avarie major\u0103 la re\u021beaua electric\u0103: 11 linii de tramvai \u0219i troleibuze afectate\",\"datePublished\":\"2025-02-26T11:11:11+00:00\",\"dateModified\":\"2025-02-27T05:02:21+00:00\",\"mainEntityOfPage\":{\"@id\":\"https:\\\/\\\/buletin.de\\\/bucuresti\\\/avarie-majora-la-reteaua-electrica-11-linii-de-tramvai-si-troleibuze-afectate\\\/\"},\"wordCount\":390,\"publisher\":{\"@id\":\"https:\\\/\\\/buletin.de\\\/bucuresti\\\/#organization\"},\"image\":{\"@id\":\"https:\\\/\\\/buletin.de\\\/bucuresti\\\/avarie-majora-la-reteaua-electrica-11-linii-de-tramvai-si-troleibuze-afectate\\\/#primaryimage\"},\"thumbnailUrl\":\"https:\\\/\\\/buletin.de\\\/bucuresti\\\/wp-content\\\/uploads\\\/ID278089_INQUAM_Photos_Bogdan_Buda.jpg\",\"keywords\":[\"avarie\",\"enel\",\"linii troleibuze\",\"retea electrica\",\"stb\",\"tramva\"],\"articleSection\":[\"Articole\",\"\u0218tiri\"],\"inLanguage\":\"en-GB\",\"copyrightYear\":\"2025\",\"copyrightHolder\":{\"@id\":\"https:\\\/\\\/buletin.de\\\/bucuresti\\\/#organization\"}},{\"@type\":\"WebPage\",\"@id\":\"https:\\\/\\\/buletin.de\\\/bucuresti\\\/avarie-majora-la-reteaua-electrica-11-linii-de-tramvai-si-troleibuze-afectate\\\/\",\"url\":\"https:\\\/\\\/buletin.de\\\/bucuresti\\\/avarie-majora-la-reteaua-electrica-11-linii-de-tramvai-si-troleibuze-afectate\\\/\",\"name\":\"Avarie major\u0103 la re\u021beaua electric\u0103: 11 linii de tramvai \u0219i troleibuze afectate - Buletin de Bucure\u0219ti\",\"isPartOf\":{\"@id\":\"https:\\\/\\\/buletin.de\\\/bucuresti\\\/#website\"},\"primaryImageOfPage\":{\"@id\":\"https:\\\/\\\/buletin.de\\\/bucuresti\\\/avarie-majora-la-reteaua-electrica-11-linii-de-tramvai-si-troleibuze-afectate\\\/#primaryimage\"},\"image\":{\"@id\":\"https:\\\/\\\/buletin.de\\\/bucuresti\\\/avarie-majora-la-reteaua-electrica-11-linii-de-tramvai-si-troleibuze-afectate\\\/#primaryimage\"},\"thumbnailUrl\":\"https:\\\/\\\/buletin.de\\\/bucuresti\\\/wp-content\\\/uploads\\\/ID278089_INQUAM_Photos_Bogdan_Buda.jpg\",\"datePublished\":\"2025-02-26T11:11:11+00:00\",\"dateModified\":\"2025-02-27T05:02:21+00:00\",\"description\":\"O avarie major\u0103 la re\u021beaua electric\u0103 Enel a provocat perturb\u0103ri majore \u00een traficul mijloacelor de transport public din Bucure\u0219ti.\",\"breadcrumb\":{\"@id\":\"https:\\\/\\\/buletin.de\\\/bucuresti\\\/avarie-majora-la-reteaua-electrica-11-linii-de-tramvai-si-troleibuze-afectate\\\/#breadcrumb\"},\"inLanguage\":\"en-GB\",\"potentialAction\":[{\"@type\":\"ReadAction\",\"target\":[\"https:\\\/\\\/buletin.de\\\/bucuresti\\\/avarie-majora-la-reteaua-electrica-11-linii-de-tramvai-si-troleibuze-afectate\\\/\"]}]},{\"@type\":\"ImageObject\",\"inLanguage\":\"en-GB\",\"@id\":\"https:\\\/\\\/buletin.de\\\/bucuresti\\\/avarie-majora-la-reteaua-electrica-11-linii-de-tramvai-si-troleibuze-afectate\\\/#primaryimage\",\"url\":\"https:\\\/\\\/buletin.de\\\/bucuresti\\\/wp-content\\\/uploads\\\/ID278089_INQUAM_Photos_Bogdan_Buda.jpg\",\"contentUrl\":\"https:\\\/\\\/buletin.de\\\/bucuresti\\\/wp-content\\\/uploads\\\/ID278089_INQUAM_Photos_Bogdan_Buda.jpg\",\"width\":2000,\"height\":1333,\"caption\":\"Avarie major\u0103 la re\u021beaua electric\u0103: 11 linii de tramvai \u0219i troleibuze afectate. FOTO: Inquam Photos \\\/ Bogdan Buda\"},{\"@type\":\"BreadcrumbList\",\"@id\":\"https:\\\/\\\/buletin.de\\\/bucuresti\\\/avarie-majora-la-reteaua-electrica-11-linii-de-tramvai-si-troleibuze-afectate\\\/#breadcrumb\",\"itemListElement\":[{\"@type\":\"ListItem\",\"position\":1,\"name\":\"Acas\u0103\",\"item\":\"https:\\\/\\\/buletin.de\\\/bucuresti\\\/\"},{\"@type\":\"ListItem\",\"position\":2,\"name\":\"Avarie major\u0103 la re\u021beaua electric\u0103: 11 linii de tramvai \u0219i troleibuze afectate\"}]},{\"@type\":\"WebSite\",\"@id\":\"https:\\\/\\\/buletin.de\\\/bucuresti\\\/#website\",\"url\":\"https:\\\/\\\/buletin.de\\\/bucuresti\\\/\",\"name\":\"Buletin de Bucure\u0219ti\",\"description\":\"\u0218tiri \u0219i investiga\u021bii esen\u021biale din capital\u0103\",\"publisher\":{\"@id\":\"https:\\\/\\\/buletin.de\\\/bucuresti\\\/#organization\"},\"potentialAction\":[{\"@type\":\"SearchAction\",\"target\":{\"@type\":\"EntryPoint\",\"urlTemplate\":\"https:\\\/\\\/buletin.de\\\/bucuresti\\\/?s={search_term_string}\"},\"query-input\":{\"@type\":\"PropertyValueSpecification\",\"valueRequired\":true,\"valueName\":\"search_term_string\"}}],\"inLanguage\":\"en-GB\"},{\"@type\":\"Organization\",\"@id\":\"https:\\\/\\\/buletin.de\\\/bucuresti\\\/#organization\",\"name\":\"Buletin de Bucure\u0219ti\",\"url\":\"https:\\\/\\\/buletin.de\\\/bucuresti\\\/\",\"logo\":{\"@type\":\"ImageObject\",\"inLanguage\":\"en-GB\",\"@id\":\"https:\\\/\\\/buletin.de\\\/bucuresti\\\/#\\\/schema\\\/logo\\\/image\\\/\",\"url\":\"https:\\\/\\\/buletin.de\\\/bucuresti\\\/wp-content\\\/uploads\\\/logo-bdb-full-wide-vernil-transparent.png\",\"contentUrl\":\"https:\\\/\\\/buletin.de\\\/bucuresti\\\/wp-content\\\/uploads\\\/logo-bdb-full-wide-vernil-transparent.png\",\"width\":1782,\"height\":626,\"caption\":\"Buletin de Bucure\u0219ti\"},\"image\":{\"@id\":\"https:\\\/\\\/buletin.de\\\/bucuresti\\\/#\\\/schema\\\/logo\\\/image\\\/\"},\"sameAs\":[\"https:\\\/\\\/www.facebook.com\\\/buletin.de.buc\",\"https:\\\/\\\/www.instagram.com\\\/buletinde.bucuresti\\\/\"]},{\"@type\":\"Person\",\"@id\":\"https:\\\/\\\/buletin.de\\\/bucuresti\\\/#\\\/schema\\\/person\\\/2bbcf854e5f2419a13804af574d06ab1\",\"name\":\"Redac\u021bia Buletin de Bucure\u0219ti\",\"image\":{\"@type\":\"ImageObject\",\"inLanguage\":\"en-GB\",\"@id\":\"https:\\\/\\\/secure.gravatar.com\\\/avatar\\\/18c5342381ed1a08620e6280424e3e5efc958618f5d67c522c9e44c1bc6f9226?s=96&d=monsterid&r=g60c7cd0ad92c68c049fcd4bb3504d609\",\"url\":\"https:\\\/\\\/secure.gravatar.com\\\/avatar\\\/18c5342381ed1a08620e6280424e3e5efc958618f5d67c522c9e44c1bc6f9226?s=96&d=monsterid&r=g\",\"contentUrl\":\"https:\\\/\\\/secure.gravatar.com\\\/avatar\\\/18c5342381ed1a08620e6280424e3e5efc958618f5d67c522c9e44c1bc6f9226?s=96&d=monsterid&r=g\",\"caption\":\"Redac\u021bia Buletin de Bucure\u0219ti\"},\"description\":\"Buletin de Bucure\u0219ti exist\u0103 din vara anului 2019.\",\"url\":\"https:\\\/\\\/buletin.de\\\/bucuresti\\\/author\\\/adminbuletin\\\/\"}]}<\/script>\n<!-- \/ Yoast SEO Premium plugin. -->","yoast_head_json":{"title":"Avarie major\u0103 la re\u021beaua electric\u0103: 11 linii de tramvai \u0219i troleibuze afectate - Buletin de Bucure\u0219ti","description":"O avarie major\u0103 la re\u021beaua electric\u0103 Enel a provocat perturb\u0103ri majore \u00een traficul mijloacelor de transport public din Bucure\u0219ti.","robots":{"index":"index","follow":"follow","max-snippet":"max-snippet:-1","max-image-preview":"max-image-preview:large","max-video-preview":"max-video-preview:-1"},"canonical":"https:\/\/buletin.de\/bucuresti\/avarie-majora-la-reteaua-electrica-11-linii-de-tramvai-si-troleibuze-afectate\/","og_locale":"en_GB","og_type":"article","og_title":"Avarie major\u0103 la re\u021beaua electric\u0103: 11 linii de tramvai \u0219i troleibuze afectate","og_description":"O avarie major\u0103 la re\u021beaua electric\u0103 Enel a provocat perturb\u0103ri majore \u00een traficul mijloacelor de transport public din Bucure\u0219ti.","og_url":"https:\/\/buletin.de\/bucuresti\/avarie-majora-la-reteaua-electrica-11-linii-de-tramvai-si-troleibuze-afectate\/","og_site_name":"Buletin de Bucure\u0219ti","article_publisher":"https:\/\/www.facebook.com\/buletin.de.buc","article_published_time":"2025-02-26T11:11:11+00:00","article_modified_time":"2025-02-27T05:02:21+00:00","og_image":[{"width":2000,"height":1333,"url":"https:\/\/buletin.de\/bucuresti\/wp-content\/uploads\/ID278089_INQUAM_Photos_Bogdan_Buda.jpg","type":"image\/jpeg"}],"author":"Redac\u021bia Buletin de Bucure\u0219ti","twitter_card":"summary_large_image","twitter_misc":{"Written by":"Redac\u021bia Buletin de Bucure\u0219ti","Estimated reading time":"2 minutes"},"schema":{"@context":"https:\/\/schema.org","@graph":[{"@type":"Article","@id":"https:\/\/buletin.de\/bucuresti\/avarie-majora-la-reteaua-electrica-11-linii-de-tramvai-si-troleibuze-afectate\/#article","isPartOf":{"@id":"https:\/\/buletin.de\/bucuresti\/avarie-majora-la-reteaua-electrica-11-linii-de-tramvai-si-troleibuze-afectate\/"},"author":{"name":"Redac\u021bia Buletin de Bucure\u0219ti","@id":"https:\/\/buletin.de\/bucuresti\/#\/schema\/person\/2bbcf854e5f2419a13804af574d06ab1"},"headline":"Avarie major\u0103 la re\u021beaua electric\u0103: 11 linii de tramvai \u0219i troleibuze afectate","datePublished":"2025-02-26T11:11:11+00:00","dateModified":"2025-02-27T05:02:21+00:00","mainEntityOfPage":{"@id":"https:\/\/buletin.de\/bucuresti\/avarie-majora-la-reteaua-electrica-11-linii-de-tramvai-si-troleibuze-afectate\/"},"wordCount":390,"publisher":{"@id":"https:\/\/buletin.de\/bucuresti\/#organization"},"image":{"@id":"https:\/\/buletin.de\/bucuresti\/avarie-majora-la-reteaua-electrica-11-linii-de-tramvai-si-troleibuze-afectate\/#primaryimage"},"thumbnailUrl":"https:\/\/buletin.de\/bucuresti\/wp-content\/uploads\/ID278089_INQUAM_Photos_Bogdan_Buda.jpg","keywords":["avarie","enel","linii troleibuze","retea electrica","stb","tramva"],"articleSection":["Articole","\u0218tiri"],"inLanguage":"en-GB","copyrightYear":"2025","copyrightHolder":{"@id":"https:\/\/buletin.de\/bucuresti\/#organization"}},{"@type":"WebPage","@id":"https:\/\/buletin.de\/bucuresti\/avarie-majora-la-reteaua-electrica-11-linii-de-tramvai-si-troleibuze-afectate\/","url":"https:\/\/buletin.de\/bucuresti\/avarie-majora-la-reteaua-electrica-11-linii-de-tramvai-si-troleibuze-afectate\/","name":"Avarie major\u0103 la re\u021beaua electric\u0103: 11 linii de tramvai \u0219i troleibuze afectate - Buletin de Bucure\u0219ti","isPartOf":{"@id":"https:\/\/buletin.de\/bucuresti\/#website"},"primaryImageOfPage":{"@id":"https:\/\/buletin.de\/bucuresti\/avarie-majora-la-reteaua-electrica-11-linii-de-tramvai-si-troleibuze-afectate\/#primaryimage"},"image":{"@id":"https:\/\/buletin.de\/bucuresti\/avarie-majora-la-reteaua-electrica-11-linii-de-tramvai-si-troleibuze-afectate\/#primaryimage"},"thumbnailUrl":"https:\/\/buletin.de\/bucuresti\/wp-content\/uploads\/ID278089_INQUAM_Photos_Bogdan_Buda.jpg","datePublished":"2025-02-26T11:11:11+00:00","dateModified":"2025-02-27T05:02:21+00:00","description":"O avarie major\u0103 la re\u021beaua electric\u0103 Enel a provocat perturb\u0103ri majore \u00een traficul mijloacelor de transport public din Bucure\u0219ti.","breadcrumb":{"@id":"https:\/\/buletin.de\/bucuresti\/avarie-majora-la-reteaua-electrica-11-linii-de-tramvai-si-troleibuze-afectate\/#breadcrumb"},"inLanguage":"en-GB","potentialAction":[{"@type":"ReadAction","target":["https:\/\/buletin.de\/bucuresti\/avarie-majora-la-reteaua-electrica-11-linii-de-tramvai-si-troleibuze-afectate\/"]}]},{"@type":"ImageObject","inLanguage":"en-GB","@id":"https:\/\/buletin.de\/bucuresti\/avarie-majora-la-reteaua-electrica-11-linii-de-tramvai-si-troleibuze-afectate\/#primaryimage","url":"https:\/\/buletin.de\/bucuresti\/wp-content\/uploads\/ID278089_INQUAM_Photos_Bogdan_Buda.jpg","contentUrl":"https:\/\/buletin.de\/bucuresti\/wp-content\/uploads\/ID278089_INQUAM_Photos_Bogdan_Buda.jpg","width":2000,"height":1333,"caption":"Avarie major\u0103 la re\u021beaua electric\u0103: 11 linii de tramvai \u0219i troleibuze afectate. FOTO: Inquam Photos \/ Bogdan Buda"},{"@type":"BreadcrumbList","@id":"https:\/\/buletin.de\/bucuresti\/avarie-majora-la-reteaua-electrica-11-linii-de-tramvai-si-troleibuze-afectate\/#breadcrumb","itemListElement":[{"@type":"ListItem","position":1,"name":"Acas\u0103","item":"https:\/\/buletin.de\/bucuresti\/"},{"@type":"ListItem","position":2,"name":"Avarie major\u0103 la re\u021beaua electric\u0103: 11 linii de tramvai \u0219i troleibuze afectate"}]},{"@type":"WebSite","@id":"https:\/\/buletin.de\/bucuresti\/#website","url":"https:\/\/buletin.de\/bucuresti\/","name":"Buletin de Bucure\u0219ti","description":"\u0218tiri \u0219i investiga\u021bii esen\u021biale din capital\u0103","publisher":{"@id":"https:\/\/buletin.de\/bucuresti\/#organization"},"potentialAction":[{"@type":"SearchAction","target":{"@type":"EntryPoint","urlTemplate":"https:\/\/buletin.de\/bucuresti\/?s={search_term_string}"},"query-input":{"@type":"PropertyValueSpecification","valueRequired":true,"valueName":"search_term_string"}}],"inLanguage":"en-GB"},{"@type":"Organization","@id":"https:\/\/buletin.de\/bucuresti\/#organization","name":"Buletin de Bucure\u0219ti","url":"https:\/\/buletin.de\/bucuresti\/","logo":{"@type":"ImageObject","inLanguage":"en-GB","@id":"https:\/\/buletin.de\/bucuresti\/#\/schema\/logo\/image\/","url":"https:\/\/buletin.de\/bucuresti\/wp-content\/uploads\/logo-bdb-full-wide-vernil-transparent.png","contentUrl":"https:\/\/buletin.de\/bucuresti\/wp-content\/uploads\/logo-bdb-full-wide-vernil-transparent.png","width":1782,"height":626,"caption":"Buletin de Bucure\u0219ti"},"image":{"@id":"https:\/\/buletin.de\/bucuresti\/#\/schema\/logo\/image\/"},"sameAs":["https:\/\/www.facebook.com\/buletin.de.buc","https:\/\/www.instagram.com\/buletinde.bucuresti\/"]},{"@type":"Person","@id":"https:\/\/buletin.de\/bucuresti\/#\/schema\/person\/2bbcf854e5f2419a13804af574d06ab1","name":"Redac\u021bia Buletin de Bucure\u0219ti","image":{"@type":"ImageObject","inLanguage":"en-GB","@id":"https:\/\/secure.gravatar.com\/avatar\/18c5342381ed1a08620e6280424e3e5efc958618f5d67c522c9e44c1bc6f9226?s=96&d=monsterid&r=g60c7cd0ad92c68c049fcd4bb3504d609","url":"https:\/\/secure.gravatar.com\/avatar\/18c5342381ed1a08620e6280424e3e5efc958618f5d67c522c9e44c1bc6f9226?s=96&d=monsterid&r=g","contentUrl":"https:\/\/secure.gravatar.com\/avatar\/18c5342381ed1a08620e6280424e3e5efc958618f5d67c522c9e44c1bc6f9226?s=96&d=monsterid&r=g","caption":"Redac\u021bia Buletin de Bucure\u0219ti"},"description":"Buletin de Bucure\u0219ti exist\u0103 din vara anului 2019.","url":"https:\/\/buletin.de\/bucuresti\/author\/adminbuletin\/"}]}},"authors":[{"term_id":22583,"user_id":1,"is_guest":0,"slug":"adminbuletin","display_name":"Redac\u021bia Buletin de Bucure\u0219ti","avatar_url":"https:\/\/secure.gravatar.com\/avatar\/18c5342381ed1a08620e6280424e3e5efc958618f5d67c522c9e44c1bc6f9226?s=96&d=monsterid&r=g","0":null,"1":"","2":"","3":"","4":"","5":"","6":"","7":"","8":""}],"_links":{"self":[{"href":"https:\/\/buletin.de\/bucuresti\/wp-json\/wp\/v2\/posts\/120277","targetHints":{"allow":["GET"]}}],"collection":[{"href":"https:\/\/buletin.de\/bucuresti\/wp-json\/wp\/v2\/posts"}],"about":[{"href":"https:\/\/buletin.de\/bucuresti\/wp-json\/wp\/v2\/types\/post"}],"author":[{"embeddable":true,"href":"https:\/\/buletin.de\/bucuresti\/wp-json\/wp\/v2\/users\/1"}],"replies":[{"embeddable":true,"href":"https:\/\/buletin.de\/bucuresti\/wp-json\/wp\/v2\/comments?post=120277"}],"version-history":[{"count":7,"href":"https:\/\/buletin.de\/bucuresti\/wp-json\/wp\/v2\/posts\/120277\/revisions"}],"predecessor-version":[{"id":120389,"href":"https:\/\/buletin.de\/bucuresti\/wp-json\/wp\/v2\/posts\/120277\/revisions\/120389"}],"wp:featuredmedia":[{"embeddable":true,"href":"https:\/\/buletin.de\/bucuresti\/wp-json\/wp\/v2\/media\/120282"}],"wp:attachment":[{"href":"https:\/\/buletin.de\/bucuresti\/wp-json\/wp\/v2\/media?parent=120277"}],"wp:term":[{"taxonomy":"category","embeddable":true,"href":"https:\/\/buletin.de\/bucuresti\/wp-json\/wp\/v2\/categories?post=120277"},{"taxonomy":"post_tag","embeddable":true,"href":"https:\/\/buletin.de\/bucuresti\/wp-json\/wp\/v2\/tags?post=120277"},{"taxonomy":"author","embeddable":true,"href":"https:\/\/buletin.de\/bucuresti\/wp-json\/wp\/v2\/ppma_author?post=120277"}],"curies":[{"name":"wp","href":"https:\/\/api.w.org\/{rel}","templated":true}]}}