{"id":120124,"date":"2025-02-26T04:45:00","date_gmt":"2025-02-26T01:45:00","guid":{"rendered":"https:\/\/buletin.de\/bucuresti\/?p=120124"},"modified":"2025-02-26T16:11:59","modified_gmt":"2025-02-26T13:11:59","slug":"primaria-capitalei-pune-in-dezbatere-tarifele-practicate-de-centrul-cultural-palatele-brancovenesti-de-la-portile-bucurestiului","status":"publish","type":"post","link":"https:\/\/buletin.de\/bucuresti\/primaria-capitalei-pune-in-dezbatere-tarifele-practicate-de-centrul-cultural-palatele-brancovenesti-de-la-portile-bucurestiului\/","title":{"rendered":"Prim\u0103ria Capitalei pune \u00een dezbatere tarifele practicate de Centrul Cultural \u201ePalatele Br\u00e2ncovene\u0219ti de la Por\u021bile Bucure\u0219tiului\u201d"},"content":{"rendered":"\n<p><strong>Tarifele practicate de Centrul de Cultural \u201ePalatele Br\u00e2ncovene\u0219ti de la Por\u021bile Bucure\u0219tiului\u201d au fost puse \u00een dezbatere public\u0103 de Prim\u0103ria Municipiului Bucure\u0219ti. Propunerile, sugestiile \u0219i recomand\u0103rile se pot depune p\u00e2n\u0103 la data de 12.03.2025.<\/strong><\/p>\n\n\n\n<p>Tarifele au fost aprobate  pe 15.10.2024.<\/p>\n\n\n\n<p>Prim\u0103ria General\u0103 propune urm\u0103toarele tarife:<\/p>\n\n\n\n<figure class=\"wp-block-image size-full is-resized\"><img fetchpriority=\"high\" decoding=\"async\" width=\"733\" height=\"631\" src=\"data:image\/gif;base64,R0lGODlhAQABAAAAACH5BAEKAAEALAAAAAABAAEAAAICTAEAOw==\" data-src=\"https:\/\/buletin.de\/bucuresti\/wp-content\/uploads\/Screenshot-2025-02-25-at-18.43.55.png\" alt=\"\" class=\"wp-image-120128 lazyload\" style=\"width:840px;height:auto\" data-sizes=\"auto\" data-srcset=\"https:\/\/buletin.de\/bucuresti\/wp-content\/uploads\/Screenshot-2025-02-25-at-18.43.55.png 733w, https:\/\/buletin.de\/bucuresti\/wp-content\/uploads\/Screenshot-2025-02-25-at-18.43.55-300x258.png 300w\" sizes=\"(max-width: 733px) 100vw, 733px\" \/><\/figure>\n\n\n\n<figure class=\"wp-block-image size-full is-resized\"><img decoding=\"async\" width=\"657\" height=\"341\" src=\"data:image\/gif;base64,R0lGODlhAQABAAAAACH5BAEKAAEALAAAAAABAAEAAAICTAEAOw==\" data-src=\"https:\/\/buletin.de\/bucuresti\/wp-content\/uploads\/Screenshot-2025-02-25-at-18.44.18-2.png\" alt=\"\" class=\"wp-image-120133 lazyload\" style=\"width:840px;height:auto\" data-sizes=\"auto\" data-srcset=\"https:\/\/buletin.de\/bucuresti\/wp-content\/uploads\/Screenshot-2025-02-25-at-18.44.18-2.png 657w, https:\/\/buletin.de\/bucuresti\/wp-content\/uploads\/Screenshot-2025-02-25-at-18.44.18-2-300x156.png 300w, https:\/\/buletin.de\/bucuresti\/wp-content\/uploads\/Screenshot-2025-02-25-at-18.44.18-2-600x311.png 600w, https:\/\/buletin.de\/bucuresti\/wp-content\/uploads\/Screenshot-2025-02-25-at-18.44.18-2-20x10.png 20w\" sizes=\"(max-width: 657px) 100vw, 657px\" \/><\/figure>\n\n\n\n<figure class=\"wp-block-image size-full is-resized\"><img decoding=\"async\" width=\"657\" height=\"287\" src=\"data:image\/gif;base64,R0lGODlhAQABAAAAACH5BAEKAAEALAAAAAABAAEAAAICTAEAOw==\" data-src=\"https:\/\/buletin.de\/bucuresti\/wp-content\/uploads\/Screenshot-2025-02-25-at-18.44.38-1.png\" alt=\"\" class=\"wp-image-120134 lazyload\" style=\"width:840px;height:auto\" data-sizes=\"auto\" data-srcset=\"https:\/\/buletin.de\/bucuresti\/wp-content\/uploads\/Screenshot-2025-02-25-at-18.44.38-1.png 657w, https:\/\/buletin.de\/bucuresti\/wp-content\/uploads\/Screenshot-2025-02-25-at-18.44.38-1-300x131.png 300w, https:\/\/buletin.de\/bucuresti\/wp-content\/uploads\/Screenshot-2025-02-25-at-18.44.38-1-600x262.png 600w, https:\/\/buletin.de\/bucuresti\/wp-content\/uploads\/Screenshot-2025-02-25-at-18.44.38-1-20x9.png 20w\" sizes=\"(max-width: 657px) 100vw, 657px\" \/><\/figure>\n\n\n\n<p>De asemenea, sunt puse in dezbatere publica si tarifele pentru ARCUL DE TRIUMF:<\/p>\n\n\n\n<figure class=\"wp-block-image size-full is-resized\"><img loading=\"lazy\" decoding=\"async\" width=\"656\" height=\"415\" src=\"data:image\/gif;base64,R0lGODlhAQABAAAAACH5BAEKAAEALAAAAAABAAEAAAICTAEAOw==\" data-src=\"https:\/\/buletin.de\/bucuresti\/wp-content\/uploads\/Screenshot-2025-02-25-at-18.46.06.png\" alt=\"\" class=\"wp-image-120136 lazyload\" style=\"width:840px;height:auto\" data-sizes=\"auto\" data-srcset=\"https:\/\/buletin.de\/bucuresti\/wp-content\/uploads\/Screenshot-2025-02-25-at-18.46.06.png 656w, https:\/\/buletin.de\/bucuresti\/wp-content\/uploads\/Screenshot-2025-02-25-at-18.46.06-300x190.png 300w, https:\/\/buletin.de\/bucuresti\/wp-content\/uploads\/Screenshot-2025-02-25-at-18.46.06-600x380.png 600w, https:\/\/buletin.de\/bucuresti\/wp-content\/uploads\/Screenshot-2025-02-25-at-18.46.06-20x13.png 20w\" sizes=\"(max-width: 656px) 100vw, 656px\" \/><\/figure>\n\n\n\n<p>Documenta\u021bia poate fi consultat\u0103:<\/p>\n\n\n\n<p>&#8211;&nbsp;pe pagina de internet a institu\u021biei \u2013&nbsp;<a href=\"http:\/\/www.pmb.ro\/\" target=\"_blank\" rel=\"noreferrer noopener\">www.pmb.ro<\/a>; link:&nbsp;<a href=\"https:\/\/www3.pmb.ro\/institutii\/cgmb\/dezb_publica\/proiecte\" target=\"_blank\" rel=\"noreferrer noopener\">https:\/\/www3.pmb.ro\/institutii\/cgmb\/dezb_publica\/proiecte<\/a>;<\/p>\n\n\n\n<p>&#8211; la sediul Prim\u0103riei Municipiului Bucure\u0219ti, B-dul Regina Elisabeta nr. 47, sector 5.<\/p>\n\n\n\n<p>Proiectul de act normativ se poate ob\u021bine \u00een copie, pe baz\u0103 de cerere depus\u0103 la&nbsp;Registratura P.M.B. (C.I.D.R.C.), la adresa B-dul Regina Elisabeta, nr. 42<strong>,&nbsp;<\/strong>sector 5, \u00een zilele de luni, mar\u0163i, joi \u0219i vineri \u00eentre orele 08:30-16:30, \u0219i \u00een ziua de miercuri, \u00een intervalul orar 8:30-18:30.<\/p>\n\n\n\n<p>Propuneri, sugestii, opinii cu valoare de recomandare privind proiectul de act normativ supus procedurii de transparen\u021b\u0103 decizional\u0103 se pot depune:<\/p>\n\n\n\n<p>&#8211; prin site-ul&nbsp;<a href=\"http:\/\/www.pmb.ro\/\" target=\"_blank\" rel=\"noreferrer noopener\">www.pmb.ro<\/a>,<\/p>\n\n\n\n<p>link:&nbsp;<a href=\"https:\/\/www3.pmb.ro\/institutii\/cgmb\/dezb_publica\/proiecte\" target=\"_blank\" rel=\"noreferrer noopener\">https:\/\/www3.pmb.ro\/institutii\/cgmb\/dezb_publica\/proiecte<\/a>;<\/p>\n\n\n\n<p>-ca mesaj \u00een format electronic pe adresa de e-mail:&nbsp;<a href=\"mailto:relatiipublice@pmb.ro\" target=\"_blank\" rel=\"noreferrer noopener\">relatiipublice@pmb.ro<\/a>\/&nbsp;<a href=\"mailto:proiecte.supuse.dezbaterii.publice@pmb.ro\" target=\"_blank\" rel=\"noreferrer noopener\">proiecte.supuse.dezbaterii.publice@pmb.ro<\/a>;<\/p>\n\n\n\n<p>&#8211; prin po\u015ft\u0103 pe adresa P.M.B. \u2013 B-dul Regina Elisabeta nr. 47, sector 5 \u2013 Direc\u021bia Asisten\u021b\u0103 Tehnic\u0103 \u015fi Juridic\u0103;<\/p>\n\n\n\n<p>&#8211;&nbsp;la Registratura P.M.B. (C.I.D.R.C.), la adresa B-dul Regina Elisabeta, nr. 42, sector 5, \u00een zilele de luni, mar\u0163i, joi \u0219i vineri \u00eentre orele 08.30-16.30, \u0219i \u00een ziua de miercuri, \u00een intervalul orar 8:30-18:30.<\/p>\n\n\n\n<p><strong>CITE\u0218TE \u0218I:<\/strong> <a href=\"https:\/\/buletin.de\/bucuresti\/sector-2-noi-tarife-pentru-salubrizare-crestere-de-mai-bine-de-10-la-suta\/\">Sector 2 | Noi tarife pentru salubrizare. Cre\u0219tere de mai bine de 10 la sut\u0103<\/a><\/p>\n\n\n\n<div class=\"wp-block-buttons is-content-justification-center is-layout-flex wp-container-core-buttons-is-layout-16018d1d wp-block-buttons-is-layout-flex\">\n<div class=\"wp-block-button has-custom-width wp-block-button__width-100\"><a class=\"wp-block-button__link wp-element-button\" href=\"https:\/\/www.patreon.com\/BuletinDeBucuresti\"><strong>Sus\u021bine Buletin de Bucure\u0219ti pentru investiga\u021bii, reportaje \u0219i \u0219tiri Locale<\/strong><\/a><\/div>\n<\/div>\n\n\n\n<h2 class=\"wp-block-heading\" id=\"h-palatele-brancovene\u0219ti-de-la-por\u021bile-bucure\u0219tiului\">\u201ePalatele Br\u00e2ncovene\u0219ti de la Por\u021bile Bucure\u0219tiului\u201d <\/h2>\n\n\n\n<p>Centrul de Cultur\u0103, \u201ePalatele Br\u00e2ncovene\u0219ti de la Por\u021bile Bucure\u0219tiului\u201d este o institu\u021bie public\u0103 de cultur\u0103 de interes local, aflat\u0103 sub autoritatea Consiliului General al Municipiului Bucure\u0219ti.<\/p>\n\n\n\n<p>Monumentul a fost ridicat \u00een perioada domnitorului Constantin Br\u00e2ncoveanu la \u00eenceputul secolului al XVIII-lea \u0219i restaurat de prin\u021besa Martha Bibescu, \u00een primele patru decade ale secolului XX. <\/p>\n\n\n\n<p>Complexul cultural, turistic \u0219i de agrement este compus din Curtea Domneasc\u0103 Br\u00e2ncoveneasc\u0103, parcul vechi, parcul nou englezesc \u0219i gr\u0103dini. Ansamblul Palatului Br\u00e2ncovenesc de la Mogo\u0219oaia a fost decretat monument istoric prin Decret Regal, semnat de Regele Mihai I, \u00een anul 1947. <\/p>\n\n\n\n<p>\u00cen prezent, este clasat \u00een grupa A, monument istoric de interes na\u021bional cu drept de administrare \u00een favoarea Consiliului General al Municipiului Bucure\u0219ti prin Centrul de Cultur\u0103, \u201ePalatele Br\u00e2ncovene\u0219ti de la Por\u021bile Bucure\u0219tiului\u201d.<\/p>\n\n\n\n<p><strong>CITE\u0218TE \u0218I:<\/strong> <a href=\"https:\/\/buletin.de\/bucuresti\/targ-de-adoptii-5\/\">Sector 2 | T\u00e2rg de adop\u0163ii de animale \u00een parcul Obor, organizat de Prim\u0103rie, \u00een iunie<\/a><\/p>\n\n\n\n<p><strong> <\/strong><\/p>\n","protected":false},"excerpt":{"rendered":"<p>Tarifele practicate de Centrul de Cultural \u201ePalatele Br\u00e2ncovene\u0219ti de la Por\u021bile Bucure\u0219tiului\u201d au fost puse \u00een dezbatere public\u0103 de Prim\u0103ria Municipiului Bucure\u0219ti. Propunerile, sugestiile \u0219i recomand\u0103rile se pot depune p\u00e2n\u0103 la data de 12.03.2025. Tarifele au fost aprobate pe 15.10.2024. Prim\u0103ria General\u0103 propune urm\u0103toarele tarife: De asemenea, sunt puse in dezbatere publica si tarifele pentru [&hellip;]<\/p>\n","protected":false},"author":49,"featured_media":120149,"comment_status":"closed","ping_status":"open","sticky":false,"template":"","format":"standard","meta":{"_acf_changed":false,"inline_featured_image":false,"ngg_post_thumbnail":0,"footnotes":""},"categories":[6994,81,24,62],"tags":[1968,11643,10847],"ppma_author":[22574],"class_list":["post-120124","post","type-post","status-publish","format-standard","has-post-thumbnail","hentry","category-stiri-2","category-cultura","category-primarie","category-stiri","tag-arcul-de-triumf","tag-palatele-brancovenesti-de-la-portile-bucurestiului-2","tag-tarife-palatele-brancovenesti"],"acf":[],"yoast_head":"<!-- This site is optimized with the Yoast SEO Premium plugin v25.3 (Yoast SEO v27.5) - https:\/\/yoast.com\/product\/yoast-seo-premium-wordpress\/ -->\n<title>Prim\u0103ria Capitalei pune \u00een dezbatere tarifele practicate de Centrul Cultural \u201ePalatele Br\u00e2ncovene\u0219ti de la Por\u021bile Bucure\u0219tiului\u201d - Buletin de Bucure\u0219ti<\/title>\n<meta name=\"description\" content=\"Tarifele practicate de Centrul de Cultural &quot;Palatele Br\u00e2ncovene\u0219ti de la Por\u021bile Bucure\u0219tiului&quot;, \u00een dezbatere public\u0103 p\u00e2n\u0103 pe 12 martie.\" \/>\n<meta name=\"robots\" content=\"index, follow, max-snippet:-1, max-image-preview:large, max-video-preview:-1\" \/>\n<link rel=\"canonical\" href=\"https:\/\/buletin.de\/bucuresti\/primaria-capitalei-pune-in-dezbatere-tarifele-practicate-de-centrul-cultural-palatele-brancovenesti-de-la-portile-bucurestiului\/\" \/>\n<meta property=\"og:locale\" content=\"en_GB\" \/>\n<meta property=\"og:type\" content=\"article\" \/>\n<meta property=\"og:title\" content=\"Prim\u0103ria Capitalei pune \u00een dezbatere tarifele practicate de Centrul Cultural \u201ePalatele Br\u00e2ncovene\u0219ti de la Por\u021bile Bucure\u0219tiului\u201d\" \/>\n<meta property=\"og:description\" content=\"Tarifele practicate de Centrul de Cultural &quot;Palatele Br\u00e2ncovene\u0219ti de la Por\u021bile Bucure\u0219tiului&quot;, \u00een dezbatere public\u0103 p\u00e2n\u0103 pe 12 martie.\" \/>\n<meta property=\"og:url\" content=\"https:\/\/buletin.de\/bucuresti\/primaria-capitalei-pune-in-dezbatere-tarifele-practicate-de-centrul-cultural-palatele-brancovenesti-de-la-portile-bucurestiului\/\" \/>\n<meta property=\"og:site_name\" content=\"Buletin de Bucure\u0219ti\" \/>\n<meta property=\"article:publisher\" content=\"https:\/\/www.facebook.com\/buletin.de.buc\" \/>\n<meta property=\"article:published_time\" content=\"2025-02-26T01:45:00+00:00\" \/>\n<meta property=\"article:modified_time\" content=\"2025-02-26T13:11:59+00:00\" \/>\n<meta property=\"og:image\" content=\"https:\/\/buletin.de\/bucuresti\/wp-content\/uploads\/11050795_388046214708096_2449836584533736167_o-1.jpg\" \/>\n\t<meta property=\"og:image:width\" content=\"2048\" \/>\n\t<meta property=\"og:image:height\" content=\"1536\" \/>\n\t<meta property=\"og:image:type\" content=\"image\/jpeg\" \/>\n<meta name=\"author\" content=\"Diana Matei\" \/>\n<meta name=\"twitter:card\" content=\"summary_large_image\" \/>\n<meta name=\"twitter:label1\" content=\"Written by\" \/>\n\t<meta name=\"twitter:data1\" content=\"Diana Matei\" \/>\n\t<meta name=\"twitter:label2\" content=\"Estimated reading time\" \/>\n\t<meta name=\"twitter:data2\" content=\"3 minutes\" \/>\n<script type=\"application\/ld+json\" class=\"yoast-schema-graph\">{\"@context\":\"https:\\\/\\\/schema.org\",\"@graph\":[{\"@type\":\"Article\",\"@id\":\"https:\\\/\\\/buletin.de\\\/bucuresti\\\/primaria-capitalei-pune-in-dezbatere-tarifele-practicate-de-centrul-cultural-palatele-brancovenesti-de-la-portile-bucurestiului\\\/#article\",\"isPartOf\":{\"@id\":\"https:\\\/\\\/buletin.de\\\/bucuresti\\\/primaria-capitalei-pune-in-dezbatere-tarifele-practicate-de-centrul-cultural-palatele-brancovenesti-de-la-portile-bucurestiului\\\/\"},\"author\":{\"name\":\"Diana Matei\",\"@id\":\"https:\\\/\\\/buletin.de\\\/bucuresti\\\/#\\\/schema\\\/person\\\/7e46040573290777280a0835d81ea4ea\"},\"headline\":\"Prim\u0103ria Capitalei pune \u00een dezbatere tarifele practicate de Centrul Cultural \u201ePalatele Br\u00e2ncovene\u0219ti de la Por\u021bile Bucure\u0219tiului\u201d\",\"datePublished\":\"2025-02-26T01:45:00+00:00\",\"dateModified\":\"2025-02-26T13:11:59+00:00\",\"mainEntityOfPage\":{\"@id\":\"https:\\\/\\\/buletin.de\\\/bucuresti\\\/primaria-capitalei-pune-in-dezbatere-tarifele-practicate-de-centrul-cultural-palatele-brancovenesti-de-la-portile-bucurestiului\\\/\"},\"wordCount\":505,\"publisher\":{\"@id\":\"https:\\\/\\\/buletin.de\\\/bucuresti\\\/#organization\"},\"image\":{\"@id\":\"https:\\\/\\\/buletin.de\\\/bucuresti\\\/primaria-capitalei-pune-in-dezbatere-tarifele-practicate-de-centrul-cultural-palatele-brancovenesti-de-la-portile-bucurestiului\\\/#primaryimage\"},\"thumbnailUrl\":\"https:\\\/\\\/buletin.de\\\/bucuresti\\\/wp-content\\\/uploads\\\/11050795_388046214708096_2449836584533736167_o-1.jpg\",\"keywords\":[\"arcul de triumf\",\"palatele brancovenesti de la portile bucurestiului\",\"tarife palatele brancovenesti\"],\"articleSection\":[\"Articole\",\"Cultur\u0103\",\"Prim\u0103rie\",\"\u0218tiri\"],\"inLanguage\":\"en-GB\",\"copyrightYear\":\"2025\",\"copyrightHolder\":{\"@id\":\"https:\\\/\\\/buletin.de\\\/bucuresti\\\/#organization\"}},{\"@type\":\"WebPage\",\"@id\":\"https:\\\/\\\/buletin.de\\\/bucuresti\\\/primaria-capitalei-pune-in-dezbatere-tarifele-practicate-de-centrul-cultural-palatele-brancovenesti-de-la-portile-bucurestiului\\\/\",\"url\":\"https:\\\/\\\/buletin.de\\\/bucuresti\\\/primaria-capitalei-pune-in-dezbatere-tarifele-practicate-de-centrul-cultural-palatele-brancovenesti-de-la-portile-bucurestiului\\\/\",\"name\":\"Prim\u0103ria Capitalei pune \u00een dezbatere tarifele practicate de Centrul Cultural \u201ePalatele Br\u00e2ncovene\u0219ti de la Por\u021bile Bucure\u0219tiului\u201d - Buletin de Bucure\u0219ti\",\"isPartOf\":{\"@id\":\"https:\\\/\\\/buletin.de\\\/bucuresti\\\/#website\"},\"primaryImageOfPage\":{\"@id\":\"https:\\\/\\\/buletin.de\\\/bucuresti\\\/primaria-capitalei-pune-in-dezbatere-tarifele-practicate-de-centrul-cultural-palatele-brancovenesti-de-la-portile-bucurestiului\\\/#primaryimage\"},\"image\":{\"@id\":\"https:\\\/\\\/buletin.de\\\/bucuresti\\\/primaria-capitalei-pune-in-dezbatere-tarifele-practicate-de-centrul-cultural-palatele-brancovenesti-de-la-portile-bucurestiului\\\/#primaryimage\"},\"thumbnailUrl\":\"https:\\\/\\\/buletin.de\\\/bucuresti\\\/wp-content\\\/uploads\\\/11050795_388046214708096_2449836584533736167_o-1.jpg\",\"datePublished\":\"2025-02-26T01:45:00+00:00\",\"dateModified\":\"2025-02-26T13:11:59+00:00\",\"description\":\"Tarifele practicate de Centrul de Cultural \\\"Palatele Br\u00e2ncovene\u0219ti de la Por\u021bile Bucure\u0219tiului\\\", \u00een dezbatere public\u0103 p\u00e2n\u0103 pe 12 martie.\",\"breadcrumb\":{\"@id\":\"https:\\\/\\\/buletin.de\\\/bucuresti\\\/primaria-capitalei-pune-in-dezbatere-tarifele-practicate-de-centrul-cultural-palatele-brancovenesti-de-la-portile-bucurestiului\\\/#breadcrumb\"},\"inLanguage\":\"en-GB\",\"potentialAction\":[{\"@type\":\"ReadAction\",\"target\":[\"https:\\\/\\\/buletin.de\\\/bucuresti\\\/primaria-capitalei-pune-in-dezbatere-tarifele-practicate-de-centrul-cultural-palatele-brancovenesti-de-la-portile-bucurestiului\\\/\"]}]},{\"@type\":\"ImageObject\",\"inLanguage\":\"en-GB\",\"@id\":\"https:\\\/\\\/buletin.de\\\/bucuresti\\\/primaria-capitalei-pune-in-dezbatere-tarifele-practicate-de-centrul-cultural-palatele-brancovenesti-de-la-portile-bucurestiului\\\/#primaryimage\",\"url\":\"https:\\\/\\\/buletin.de\\\/bucuresti\\\/wp-content\\\/uploads\\\/11050795_388046214708096_2449836584533736167_o-1.jpg\",\"contentUrl\":\"https:\\\/\\\/buletin.de\\\/bucuresti\\\/wp-content\\\/uploads\\\/11050795_388046214708096_2449836584533736167_o-1.jpg\",\"width\":2048,\"height\":1536,\"caption\":\"Prim\u0103ria Capitalei pune \u00een dezbatere tarifele practicate de Centrul de Cultural \\\"Palatele Br\u00e2ncovene\u0219ti de la Por\u021bile Bucure\u0219tiului\\\". FOTO: Arhiva\"},{\"@type\":\"BreadcrumbList\",\"@id\":\"https:\\\/\\\/buletin.de\\\/bucuresti\\\/primaria-capitalei-pune-in-dezbatere-tarifele-practicate-de-centrul-cultural-palatele-brancovenesti-de-la-portile-bucurestiului\\\/#breadcrumb\",\"itemListElement\":[{\"@type\":\"ListItem\",\"position\":1,\"name\":\"Acas\u0103\",\"item\":\"https:\\\/\\\/buletin.de\\\/bucuresti\\\/\"},{\"@type\":\"ListItem\",\"position\":2,\"name\":\"Prim\u0103ria Capitalei pune \u00een dezbatere tarifele practicate de Centrul Cultural \u201ePalatele Br\u00e2ncovene\u0219ti de la Por\u021bile Bucure\u0219tiului\u201d\"}]},{\"@type\":\"WebSite\",\"@id\":\"https:\\\/\\\/buletin.de\\\/bucuresti\\\/#website\",\"url\":\"https:\\\/\\\/buletin.de\\\/bucuresti\\\/\",\"name\":\"Buletin de Bucure\u0219ti\",\"description\":\"\u0218tiri \u0219i investiga\u021bii esen\u021biale din capital\u0103\",\"publisher\":{\"@id\":\"https:\\\/\\\/buletin.de\\\/bucuresti\\\/#organization\"},\"potentialAction\":[{\"@type\":\"SearchAction\",\"target\":{\"@type\":\"EntryPoint\",\"urlTemplate\":\"https:\\\/\\\/buletin.de\\\/bucuresti\\\/?s={search_term_string}\"},\"query-input\":{\"@type\":\"PropertyValueSpecification\",\"valueRequired\":true,\"valueName\":\"search_term_string\"}}],\"inLanguage\":\"en-GB\"},{\"@type\":\"Organization\",\"@id\":\"https:\\\/\\\/buletin.de\\\/bucuresti\\\/#organization\",\"name\":\"Buletin de Bucure\u0219ti\",\"url\":\"https:\\\/\\\/buletin.de\\\/bucuresti\\\/\",\"logo\":{\"@type\":\"ImageObject\",\"inLanguage\":\"en-GB\",\"@id\":\"https:\\\/\\\/buletin.de\\\/bucuresti\\\/#\\\/schema\\\/logo\\\/image\\\/\",\"url\":\"https:\\\/\\\/buletin.de\\\/bucuresti\\\/wp-content\\\/uploads\\\/logo-bdb-full-wide-vernil-transparent.png\",\"contentUrl\":\"https:\\\/\\\/buletin.de\\\/bucuresti\\\/wp-content\\\/uploads\\\/logo-bdb-full-wide-vernil-transparent.png\",\"width\":1782,\"height\":626,\"caption\":\"Buletin de Bucure\u0219ti\"},\"image\":{\"@id\":\"https:\\\/\\\/buletin.de\\\/bucuresti\\\/#\\\/schema\\\/logo\\\/image\\\/\"},\"sameAs\":[\"https:\\\/\\\/www.facebook.com\\\/buletin.de.buc\",\"https:\\\/\\\/www.instagram.com\\\/buletinde.bucuresti\\\/\"]},{\"@type\":\"Person\",\"@id\":\"https:\\\/\\\/buletin.de\\\/bucuresti\\\/#\\\/schema\\\/person\\\/7e46040573290777280a0835d81ea4ea\",\"name\":\"Diana Matei\",\"image\":{\"@type\":\"ImageObject\",\"inLanguage\":\"en-GB\",\"@id\":\"https:\\\/\\\/buletin.de\\\/bucuresti\\\/wp-content\\\/uploads\\\/9-2-96x96.jpg1e8590b30871d70e62ebcdaf2eff570c\",\"url\":\"https:\\\/\\\/buletin.de\\\/bucuresti\\\/wp-content\\\/uploads\\\/9-2-96x96.jpg\",\"contentUrl\":\"https:\\\/\\\/buletin.de\\\/bucuresti\\\/wp-content\\\/uploads\\\/9-2-96x96.jpg\",\"caption\":\"Diana Matei\"},\"url\":\"https:\\\/\\\/buletin.de\\\/bucuresti\\\/author\\\/dianamatei\\\/\"}]}<\/script>\n<!-- \/ Yoast SEO Premium plugin. -->","yoast_head_json":{"title":"Prim\u0103ria Capitalei pune \u00een dezbatere tarifele practicate de Centrul Cultural \u201ePalatele Br\u00e2ncovene\u0219ti de la Por\u021bile Bucure\u0219tiului\u201d - Buletin de Bucure\u0219ti","description":"Tarifele practicate de Centrul de Cultural \"Palatele Br\u00e2ncovene\u0219ti de la Por\u021bile Bucure\u0219tiului\", \u00een dezbatere public\u0103 p\u00e2n\u0103 pe 12 martie.","robots":{"index":"index","follow":"follow","max-snippet":"max-snippet:-1","max-image-preview":"max-image-preview:large","max-video-preview":"max-video-preview:-1"},"canonical":"https:\/\/buletin.de\/bucuresti\/primaria-capitalei-pune-in-dezbatere-tarifele-practicate-de-centrul-cultural-palatele-brancovenesti-de-la-portile-bucurestiului\/","og_locale":"en_GB","og_type":"article","og_title":"Prim\u0103ria Capitalei pune \u00een dezbatere tarifele practicate de Centrul Cultural \u201ePalatele Br\u00e2ncovene\u0219ti de la Por\u021bile Bucure\u0219tiului\u201d","og_description":"Tarifele practicate de Centrul de Cultural \"Palatele Br\u00e2ncovene\u0219ti de la Por\u021bile Bucure\u0219tiului\", \u00een dezbatere public\u0103 p\u00e2n\u0103 pe 12 martie.","og_url":"https:\/\/buletin.de\/bucuresti\/primaria-capitalei-pune-in-dezbatere-tarifele-practicate-de-centrul-cultural-palatele-brancovenesti-de-la-portile-bucurestiului\/","og_site_name":"Buletin de Bucure\u0219ti","article_publisher":"https:\/\/www.facebook.com\/buletin.de.buc","article_published_time":"2025-02-26T01:45:00+00:00","article_modified_time":"2025-02-26T13:11:59+00:00","og_image":[{"width":2048,"height":1536,"url":"https:\/\/buletin.de\/bucuresti\/wp-content\/uploads\/11050795_388046214708096_2449836584533736167_o-1.jpg","type":"image\/jpeg"}],"author":"Diana Matei","twitter_card":"summary_large_image","twitter_misc":{"Written by":"Diana Matei","Estimated reading time":"3 minutes"},"schema":{"@context":"https:\/\/schema.org","@graph":[{"@type":"Article","@id":"https:\/\/buletin.de\/bucuresti\/primaria-capitalei-pune-in-dezbatere-tarifele-practicate-de-centrul-cultural-palatele-brancovenesti-de-la-portile-bucurestiului\/#article","isPartOf":{"@id":"https:\/\/buletin.de\/bucuresti\/primaria-capitalei-pune-in-dezbatere-tarifele-practicate-de-centrul-cultural-palatele-brancovenesti-de-la-portile-bucurestiului\/"},"author":{"name":"Diana Matei","@id":"https:\/\/buletin.de\/bucuresti\/#\/schema\/person\/7e46040573290777280a0835d81ea4ea"},"headline":"Prim\u0103ria Capitalei pune \u00een dezbatere tarifele practicate de Centrul Cultural \u201ePalatele Br\u00e2ncovene\u0219ti de la Por\u021bile Bucure\u0219tiului\u201d","datePublished":"2025-02-26T01:45:00+00:00","dateModified":"2025-02-26T13:11:59+00:00","mainEntityOfPage":{"@id":"https:\/\/buletin.de\/bucuresti\/primaria-capitalei-pune-in-dezbatere-tarifele-practicate-de-centrul-cultural-palatele-brancovenesti-de-la-portile-bucurestiului\/"},"wordCount":505,"publisher":{"@id":"https:\/\/buletin.de\/bucuresti\/#organization"},"image":{"@id":"https:\/\/buletin.de\/bucuresti\/primaria-capitalei-pune-in-dezbatere-tarifele-practicate-de-centrul-cultural-palatele-brancovenesti-de-la-portile-bucurestiului\/#primaryimage"},"thumbnailUrl":"https:\/\/buletin.de\/bucuresti\/wp-content\/uploads\/11050795_388046214708096_2449836584533736167_o-1.jpg","keywords":["arcul de triumf","palatele brancovenesti de la portile bucurestiului","tarife palatele brancovenesti"],"articleSection":["Articole","Cultur\u0103","Prim\u0103rie","\u0218tiri"],"inLanguage":"en-GB","copyrightYear":"2025","copyrightHolder":{"@id":"https:\/\/buletin.de\/bucuresti\/#organization"}},{"@type":"WebPage","@id":"https:\/\/buletin.de\/bucuresti\/primaria-capitalei-pune-in-dezbatere-tarifele-practicate-de-centrul-cultural-palatele-brancovenesti-de-la-portile-bucurestiului\/","url":"https:\/\/buletin.de\/bucuresti\/primaria-capitalei-pune-in-dezbatere-tarifele-practicate-de-centrul-cultural-palatele-brancovenesti-de-la-portile-bucurestiului\/","name":"Prim\u0103ria Capitalei pune \u00een dezbatere tarifele practicate de Centrul Cultural \u201ePalatele Br\u00e2ncovene\u0219ti de la Por\u021bile Bucure\u0219tiului\u201d - Buletin de Bucure\u0219ti","isPartOf":{"@id":"https:\/\/buletin.de\/bucuresti\/#website"},"primaryImageOfPage":{"@id":"https:\/\/buletin.de\/bucuresti\/primaria-capitalei-pune-in-dezbatere-tarifele-practicate-de-centrul-cultural-palatele-brancovenesti-de-la-portile-bucurestiului\/#primaryimage"},"image":{"@id":"https:\/\/buletin.de\/bucuresti\/primaria-capitalei-pune-in-dezbatere-tarifele-practicate-de-centrul-cultural-palatele-brancovenesti-de-la-portile-bucurestiului\/#primaryimage"},"thumbnailUrl":"https:\/\/buletin.de\/bucuresti\/wp-content\/uploads\/11050795_388046214708096_2449836584533736167_o-1.jpg","datePublished":"2025-02-26T01:45:00+00:00","dateModified":"2025-02-26T13:11:59+00:00","description":"Tarifele practicate de Centrul de Cultural \"Palatele Br\u00e2ncovene\u0219ti de la Por\u021bile Bucure\u0219tiului\", \u00een dezbatere public\u0103 p\u00e2n\u0103 pe 12 martie.","breadcrumb":{"@id":"https:\/\/buletin.de\/bucuresti\/primaria-capitalei-pune-in-dezbatere-tarifele-practicate-de-centrul-cultural-palatele-brancovenesti-de-la-portile-bucurestiului\/#breadcrumb"},"inLanguage":"en-GB","potentialAction":[{"@type":"ReadAction","target":["https:\/\/buletin.de\/bucuresti\/primaria-capitalei-pune-in-dezbatere-tarifele-practicate-de-centrul-cultural-palatele-brancovenesti-de-la-portile-bucurestiului\/"]}]},{"@type":"ImageObject","inLanguage":"en-GB","@id":"https:\/\/buletin.de\/bucuresti\/primaria-capitalei-pune-in-dezbatere-tarifele-practicate-de-centrul-cultural-palatele-brancovenesti-de-la-portile-bucurestiului\/#primaryimage","url":"https:\/\/buletin.de\/bucuresti\/wp-content\/uploads\/11050795_388046214708096_2449836584533736167_o-1.jpg","contentUrl":"https:\/\/buletin.de\/bucuresti\/wp-content\/uploads\/11050795_388046214708096_2449836584533736167_o-1.jpg","width":2048,"height":1536,"caption":"Prim\u0103ria Capitalei pune \u00een dezbatere tarifele practicate de Centrul de Cultural \"Palatele Br\u00e2ncovene\u0219ti de la Por\u021bile Bucure\u0219tiului\". FOTO: Arhiva"},{"@type":"BreadcrumbList","@id":"https:\/\/buletin.de\/bucuresti\/primaria-capitalei-pune-in-dezbatere-tarifele-practicate-de-centrul-cultural-palatele-brancovenesti-de-la-portile-bucurestiului\/#breadcrumb","itemListElement":[{"@type":"ListItem","position":1,"name":"Acas\u0103","item":"https:\/\/buletin.de\/bucuresti\/"},{"@type":"ListItem","position":2,"name":"Prim\u0103ria Capitalei pune \u00een dezbatere tarifele practicate de Centrul Cultural \u201ePalatele Br\u00e2ncovene\u0219ti de la Por\u021bile Bucure\u0219tiului\u201d"}]},{"@type":"WebSite","@id":"https:\/\/buletin.de\/bucuresti\/#website","url":"https:\/\/buletin.de\/bucuresti\/","name":"Buletin de Bucure\u0219ti","description":"\u0218tiri \u0219i investiga\u021bii esen\u021biale din capital\u0103","publisher":{"@id":"https:\/\/buletin.de\/bucuresti\/#organization"},"potentialAction":[{"@type":"SearchAction","target":{"@type":"EntryPoint","urlTemplate":"https:\/\/buletin.de\/bucuresti\/?s={search_term_string}"},"query-input":{"@type":"PropertyValueSpecification","valueRequired":true,"valueName":"search_term_string"}}],"inLanguage":"en-GB"},{"@type":"Organization","@id":"https:\/\/buletin.de\/bucuresti\/#organization","name":"Buletin de Bucure\u0219ti","url":"https:\/\/buletin.de\/bucuresti\/","logo":{"@type":"ImageObject","inLanguage":"en-GB","@id":"https:\/\/buletin.de\/bucuresti\/#\/schema\/logo\/image\/","url":"https:\/\/buletin.de\/bucuresti\/wp-content\/uploads\/logo-bdb-full-wide-vernil-transparent.png","contentUrl":"https:\/\/buletin.de\/bucuresti\/wp-content\/uploads\/logo-bdb-full-wide-vernil-transparent.png","width":1782,"height":626,"caption":"Buletin de Bucure\u0219ti"},"image":{"@id":"https:\/\/buletin.de\/bucuresti\/#\/schema\/logo\/image\/"},"sameAs":["https:\/\/www.facebook.com\/buletin.de.buc","https:\/\/www.instagram.com\/buletinde.bucuresti\/"]},{"@type":"Person","@id":"https:\/\/buletin.de\/bucuresti\/#\/schema\/person\/7e46040573290777280a0835d81ea4ea","name":"Diana Matei","image":{"@type":"ImageObject","inLanguage":"en-GB","@id":"https:\/\/buletin.de\/bucuresti\/wp-content\/uploads\/9-2-96x96.jpg1e8590b30871d70e62ebcdaf2eff570c","url":"https:\/\/buletin.de\/bucuresti\/wp-content\/uploads\/9-2-96x96.jpg","contentUrl":"https:\/\/buletin.de\/bucuresti\/wp-content\/uploads\/9-2-96x96.jpg","caption":"Diana Matei"},"url":"https:\/\/buletin.de\/bucuresti\/author\/dianamatei\/"}]}},"authors":[{"term_id":22574,"user_id":49,"is_guest":0,"slug":"dianamatei","display_name":"Diana Matei","avatar_url":"https:\/\/buletin.de\/bucuresti\/wp-content\/uploads\/9-2-96x96.jpg","0":null,"1":"","2":"","3":"","4":"","5":"","6":"","7":"","8":""}],"_links":{"self":[{"href":"https:\/\/buletin.de\/bucuresti\/wp-json\/wp\/v2\/posts\/120124","targetHints":{"allow":["GET"]}}],"collection":[{"href":"https:\/\/buletin.de\/bucuresti\/wp-json\/wp\/v2\/posts"}],"about":[{"href":"https:\/\/buletin.de\/bucuresti\/wp-json\/wp\/v2\/types\/post"}],"author":[{"embeddable":true,"href":"https:\/\/buletin.de\/bucuresti\/wp-json\/wp\/v2\/users\/49"}],"replies":[{"embeddable":true,"href":"https:\/\/buletin.de\/bucuresti\/wp-json\/wp\/v2\/comments?post=120124"}],"version-history":[{"count":3,"href":"https:\/\/buletin.de\/bucuresti\/wp-json\/wp\/v2\/posts\/120124\/revisions"}],"predecessor-version":[{"id":120173,"href":"https:\/\/buletin.de\/bucuresti\/wp-json\/wp\/v2\/posts\/120124\/revisions\/120173"}],"wp:featuredmedia":[{"embeddable":true,"href":"https:\/\/buletin.de\/bucuresti\/wp-json\/wp\/v2\/media\/120149"}],"wp:attachment":[{"href":"https:\/\/buletin.de\/bucuresti\/wp-json\/wp\/v2\/media?parent=120124"}],"wp:term":[{"taxonomy":"category","embeddable":true,"href":"https:\/\/buletin.de\/bucuresti\/wp-json\/wp\/v2\/categories?post=120124"},{"taxonomy":"post_tag","embeddable":true,"href":"https:\/\/buletin.de\/bucuresti\/wp-json\/wp\/v2\/tags?post=120124"},{"taxonomy":"author","embeddable":true,"href":"https:\/\/buletin.de\/bucuresti\/wp-json\/wp\/v2\/ppma_author?post=120124"}],"curies":[{"name":"wp","href":"https:\/\/api.w.org\/{rel}","templated":true}]}}