{"id":120106,"date":"2025-02-25T19:05:48","date_gmt":"2025-02-25T16:05:48","guid":{"rendered":"https:\/\/buletin.de\/bucuresti\/?p=120106"},"modified":"2025-02-27T21:55:34","modified_gmt":"2025-02-27T18:55:34","slug":"sector-2-noi-tarife-pentru-salubrizare-crestere-de-mai-bine-de-10-la-suta","status":"publish","type":"post","link":"https:\/\/buletin.de\/bucuresti\/sector-2-noi-tarife-pentru-salubrizare-crestere-de-mai-bine-de-10-la-suta\/","title":{"rendered":"Sector 2 | Noi tarife pentru salubrizare. Cre\u0219tere de mai bine de 10 la sut\u0103"},"content":{"rendered":"\n<p><strong>UPDATE: Proiectul de hot\u0103r\u00e2re a trecut cu 18 voturi pentru \u0219i nou\u0103 \u00eempotriv\u0103.<\/strong><\/p>\n\n\n\n<p><strong>Noi tarife pentru salubrizare \u00een Sectorul 2. Consiliul Local va vota \u00een \u0219edin\u021ba de joi, 27 februarie, aprobarea unei hot\u0103r\u00e2ri prin care vor fi ajustate tarifele pentru salubrizare. Ele vor fi indexate conform indicelui total al pre\u021burilor de consum comunicat de Institutul Na\u021bional de Statistic\u0103 (INS) pentru perioada ianuarie 2023 &#8211; noiembrie 2024.<\/strong><\/p>\n\n\n\n<p><strong>Indicele este de 111,38%, ceea ce corespunde unei cre\u0219teri de 11,38%.<\/strong><\/p>\n\n\n\n<p><strong>CITE\u0218TE \u0218I: <\/strong><a href=\"https:\/\/buletin.de\/bucuresti\/dosar-penal-dupa-moartea-suspecta-a-unei-batrane-internate-intr-un-azil-ilegal-din-voluntari\/\"><strong>Dosar penal dup\u0103 moartea suspect\u0103 a unei b\u0103tr\u00e2ne internate \u00eentr-un azil ilegal din Voluntari<\/strong><\/a><\/p>\n\n\n\n<h2 class=\"wp-block-heading\" id=\"h-tarifele-pentru-salubrizare-cresc-cu-11-38\"><strong>Tarifele pentru salubrizare cresc cu 11,38%<\/strong><\/h2>\n\n\n\n<p>Principalele tarife care vor fi votate \u00een \u0219edin\u021ba de joi vizeaz\u0103 ajustarea pre\u021burilor pentru serviciile de salubrizare din Sectorul 2, at\u00e2t pentru persoane fizice, c\u00e2t \u0219i pentru persoane juridice, \u00een conformitate cu indicele total al pre\u021burilor de consum de 111,38%.<\/p>\n\n\n\n<p><strong>Astfel, conform documenta\u021biei, pentru persoane fizice \u0219i membrii asocia\u021biilor de proprietari:<\/strong><\/p>\n\n\n\n<ul class=\"wp-block-list\">\n<li>Colectarea separat\u0103 \u0219i transportul de de\u0219euri reciclabile (h\u00e2rtie, metal, plastic, sticl\u0103): 689,44 lei\/ton\u0103 f\u0103r\u0103 TVA (4,19 lei\/persoan\u0103\/lun\u0103 f\u0103r\u0103 TVA).<\/li>\n\n\n\n<li>Colectare separat\u0103 \u0219i transport de\u0219euri reziduale: 354,33 lei\/ton\u0103 f\u0103r\u0103 TVA (6,47 lei\/persoan\u0103\/lun\u0103 f\u0103r\u0103 TVA).<\/li>\n<\/ul>\n\n\n\n<p>Pentru colectarea separat\u0103, transport, sortare \u015fi depozitare reziduuri la de\u015feurile reciclabile, persoanele fizice \u0219i membrii asocia\u0163iilor de proprietari vor pl\u0103ti \u0219i 0,50 lei\/ton\u0103 f\u0103r\u0103 TVA. Acest tarif este subven\u021bionat par\u021bial din bugetul local.<\/p>\n\n\n\n<p><strong>Pentru persoane juridice:<\/strong><\/p>\n\n\n\n<ul class=\"wp-block-list\">\n<li>De\u0219euri reciclabile similare: 339,97 lei\/ton\u0103 f\u0103r\u0103 TVA, respectiv 67,99 lei\/mc f\u0103r\u0103 TVA.<\/li>\n\n\n\n<li>De\u0219euri reziduale similare: 331,72 lei\/ton\u0103 f\u0103r\u0103 TVA, respectiv 116,10 lei\/mc f\u0103r\u0103 TVA.<\/li>\n<\/ul>\n\n\n\n<p><strong>At\u00e2t pentru persoanele fizice c\u00e2t \u0219i juridice:<\/strong><\/p>\n\n\n\n<ul class=\"wp-block-list\">\n<li>Colectare \u0219i transport de\u0219euri voluminoase la cerere: 165,83 lei\/ton\u0103 f\u0103r\u0103 TVA, respectiv 66,33 lei\/mc f\u0103r\u0103 TVA.<\/li>\n\n\n\n<li>De\u0219euri abandonate (altele dec\u00e2t cele din construc\u021bii \u0219i demol\u0103ri): 209,28 lei\/ton\u0103 f\u0103r\u0103 TVA, respectiv 73,25 lei\/mc f\u0103r\u0103 TVA.<\/li>\n\n\n\n<li>De\u0219euri abandonate din construc\u021bii \u0219i demol\u0103ri: 209,28 lei\/ton\u0103 f\u0103r\u0103 TVA, respectiv 125,57\/mc f\u0103r\u0103 TVA.<\/li>\n\n\n\n<li>De\u0219euri din construc\u021bii \u0219i demol\u0103ri, colectate la cerere: 169,46 lei\/ton\u0103 f\u0103r\u0103 TVA, respectiv 101,68 lei\/mc f\u0103r\u0103 TVA.<\/li>\n\n\n\n<li>De\u0219euri periculoase colectate la cerere: 526,27 lei\/ton\u0103 f\u0103r\u0103 TVA.<\/li>\n\n\n\n<li>De\u0219euri voluminoase colectate la cerere: 165,83 lei\/ton\u0103 f\u0103r\u0103 TVA, respectiv 66,33 lei\/mc f\u0103r\u0103 TVA.<\/li>\n<\/ul>\n\n\n\n<p>Utilizatorii trebuie s\u0103 predea de\u0219eurile conform regulilor stabilite. \u00cen caz contrar, operatorul poate refuza colectarea sau reclasifica tipul de de\u0219euri.<\/p>\n\n\n\n<p><em>\u201eObiectivul propus este acela de a asigura la nivelul Sectorului 2 al Municipiului Bucure\u0219ti, conform legisla\u021biei \u00een vigoare, un serviciu de salubrizare eficient, reformat, adaptat cerin\u021belor europene \u0219i strategiei na\u021bionale \u0219i locale, pentru a nu aduce prejudicii protec\u021biei s\u0103n\u0103t\u0103\u021bii publice, precum \u0219i pentru asigurarea igienei \u0219i s\u0103n\u0103t\u0103\u021bii popula\u021biei\u201d, se arat\u0103 \u00een <\/em><a href=\"https:\/\/public.ps2.ro\/Administratie%20Publica%20Locala\/Proiecte%20CLS2\/2025\/2025-02-27%20SEDINTA%20ORDINARA%20ORA%2015.00\/14%20ph%20tarife%20salubrizare%20pers.%20fizice%20si%20juridice.pdf\"><em>document<\/em><\/a><em>.<\/em><\/p>\n\n\n\n<p><strong>Pentru gestionarea serviciilor de salubrizare, pe l\u00e2ng\u0103 tarifele men\u021bionate, se adaug\u0103 costurile cu sortarea, tratarea \u0219i depozitarea de\u0219eurilor, precum \u0219i contribu\u021bia pentru economia circular\u0103.<\/strong><\/p>\n\n\n\n<div class=\"wp-block-buttons is-content-justification-center is-layout-flex wp-container-core-buttons-is-layout-16018d1d wp-block-buttons-is-layout-flex\">\n<div class=\"wp-block-button has-custom-width wp-block-button__width-100\"><a class=\"wp-block-button__link wp-element-button\" href=\"https:\/\/www.patreon.com\/BuletinDeBucuresti\"><strong>Sus\u021bine Buletin de Bucure\u0219ti pentru investiga\u021bii, reportaje \u0219i \u0219tiri Locale<\/strong><\/a><\/div>\n<\/div>\n\n\n\n<h2 class=\"wp-block-heading\" id=\"h-taxa-de-salubrizare-de-21-27-lei-luna-pentru-ceta\u021benii-care-nu-incheie-contract-cu-supercom\"><strong>Tax\u0103 de salubrizare de 21,27 lei\/lun\u0103 pentru cet\u0103\u021benii care nu \u00eencheie contract cu Supercom<\/strong><\/h2>\n\n\n\n<p>\u00cen 2021, Consiliul Local al Sectorului 2 a adoptat o hot\u0103r\u00e2re \u00een februarie prin care locuitorii Sectorului 2 care nu au \u00eencheiate contracte colectare a de\u0219eurilor cu Supercom s\u0103 pl\u0103teasc\u0103 o tax\u0103 special\u0103 de salubrizare.<\/p>\n\n\n\n<p>Hot\u0103r\u00e2rea prevedea ca din martie \u0219i p\u00e2n\u0103 \u00een iunie 2021, taxa special\u0103 de salubrizare s\u0103 fie de 10 lei\/persoan\u0103\/lun\u0103, urm\u00e2nd s\u0103 se scumpeasc\u0103 la 21,50 lei\/persoan\u0103\/lun\u0103, dup\u0103 cum a scris Buletin de Bucure\u0219ti <a href=\"https:\/\/buletin.de\/bucuresti\/sector-2-contract-cu-supercom-sau-taxa-speciala-de-2127-lei-luna\/\"><strong>AICI<\/strong><\/a>.<\/p>\n\n\n\n<p>Dou\u0103 luni mai t\u00e2rziu, dublarea taxei speciale a fost am\u00e2nat\u0103 printr-o alt\u0103 hot\u0103r\u00e2re p\u00e2n\u0103 la finalul lunii iulie din cauza ne\u00een\u021belegerilor dintre Prim\u0103ria Sector 2 \u0219i Supercom pe subiectul tarifului de salubrizare.<\/p>\n\n\n\n<p>\u00cen acela\u0219i an, Supercom a fost acuzat c\u0103 a \u00eencheiat peste 1.000 de contracte ilegale, care sunt \u00een defavoarea asocia\u021biilor de proprietari \u0219i a locuitorilor, iar fostul primar, Radu Mihaiu, declarase c\u0103 a reclamat compania la Protec\u021bia Consumatorului.<\/p>\n\n\n\n<p>El spunea atunci c\u0103 tarifele la de\u0219euri sunt duble fa\u021b\u0103 de ce aprobase Consiliul Local.<\/p>\n\n\n\n<h2 class=\"wp-block-heading\" id=\"h-care-este-primaria-care-a-alocat-cei-mai-mul\u021bi-bani-pentru-salubrizare-\u0219i-deszapezire-in-2024\"><strong>Care este prim\u0103ria care a alocat cei mai mul\u021bi bani pentru salubrizare \u0219i desz\u0103pezire \u00een 2024<\/strong><\/h2>\n\n\n\n<p>Prim\u0103ria Sectorului 4 a alocat cei mai mul\u021bi bani pentru salubrizare \u0219i desz\u0103pezire \u00een anul 2024, potrivit unui bilan\u021b publicat de Nicu\u0219or Dan. Pe locul al doilea se afl\u0103 Prim\u0103ria Sectorului 1.<\/p>\n\n\n\n<p>Prim\u0103ria Sectorului 4 a alocat peste 277 de milioane de lei, bani pentru serviciile de salubrizare prestate de un operator privat, care includ \u0219i ac\u021biunile de desz\u0103pezire din aceast\u0103 iarn\u0103.<\/p>\n\n\n\n<p>Prim\u0103ria Sectorului 1 a alocat peste 227 de milioane de lei. Urmeaz\u0103 pe al treilea loc, la capitolul cheltuieli cu str\u00e2ngerea de\u0219eurilor \u0219i desz\u0103pezirea, Prim\u0103ria Sectorului 2, cu 199,9 milioane de lei.<\/p>\n\n\n\n<p>Cel mai \u201ezg\u00e2rcit\u201d a fost Sectorul 6, cu o alocare de 128 de milioane de lei.<\/p>\n\n\n\n<p><strong>CITE\u0218TE \u0218I: <\/strong><a href=\"https:\/\/buletin.de\/bucuresti\/pe-linia-de-tramva\/\"><strong>F\u0103r\u0103 autobuze pe linia de tramvai. M\u0103sura a fost prelungit\u0103, pe termen nedefinit<\/strong><\/a><\/p>\n\n\n\n<p><\/p>\n","protected":false},"excerpt":{"rendered":"<p>UPDATE: Proiectul de hot\u0103r\u00e2re a trecut cu 18 voturi pentru \u0219i nou\u0103 \u00eempotriv\u0103. Noi tarife pentru salubrizare \u00een Sectorul 2. Consiliul Local va vota \u00een \u0219edin\u021ba de joi, 27 februarie, aprobarea unei hot\u0103r\u00e2ri prin care vor fi ajustate tarifele pentru salubrizare. Ele vor fi indexate conform indicelui total al pre\u021burilor de consum comunicat de Institutul [&hellip;]<\/p>\n","protected":false},"author":59,"featured_media":120113,"comment_status":"closed","ping_status":"open","sticky":false,"template":"","format":"standard","meta":{"_acf_changed":false,"inline_featured_image":false,"ngg_post_thumbnail":0,"footnotes":""},"categories":[6994,5762,24],"tags":[9,2054,3782,179,231,229,430],"ppma_author":[22572],"class_list":["post-120106","post","type-post","status-publish","format-standard","has-post-thumbnail","hentry","category-stiri-2","category-main","category-primarie","tag-bucuresti","tag-capitala","tag-colectare","tag-deseuri","tag-salubrizare","tag-sector-2","tag-supercom"],"acf":[],"yoast_head":"<!-- This site is optimized with the Yoast SEO Premium plugin v25.3 (Yoast SEO v27.5) - https:\/\/yoast.com\/product\/yoast-seo-premium-wordpress\/ -->\n<title>Sector 2 | Noi tarife pentru salubrizare. Cre\u0219tere de mai bine de 10 la sut\u0103 - Buletin de Bucure\u0219ti<\/title>\n<meta name=\"description\" content=\"Noi tarife pentru salubrizare. Acestea sunt indexate conform indicelui total al pre\u021burilor de consum comunicat de INS.\" \/>\n<meta name=\"robots\" content=\"index, follow, max-snippet:-1, max-image-preview:large, max-video-preview:-1\" \/>\n<link rel=\"canonical\" href=\"https:\/\/buletin.de\/bucuresti\/sector-2-noi-tarife-pentru-salubrizare-crestere-de-mai-bine-de-10-la-suta\/\" \/>\n<meta property=\"og:locale\" content=\"en_GB\" \/>\n<meta property=\"og:type\" content=\"article\" \/>\n<meta property=\"og:title\" content=\"Sector 2 | Noi tarife pentru salubrizare. Cre\u0219tere de mai bine de 10 la sut\u0103\" \/>\n<meta property=\"og:description\" content=\"Noi tarife pentru salubrizare. Acestea sunt indexate conform indicelui total al pre\u021burilor de consum comunicat de INS.\" \/>\n<meta property=\"og:url\" content=\"https:\/\/buletin.de\/bucuresti\/sector-2-noi-tarife-pentru-salubrizare-crestere-de-mai-bine-de-10-la-suta\/\" \/>\n<meta property=\"og:site_name\" content=\"Buletin de Bucure\u0219ti\" \/>\n<meta property=\"article:publisher\" content=\"https:\/\/www.facebook.com\/buletin.de.buc\" \/>\n<meta property=\"article:published_time\" content=\"2025-02-25T16:05:48+00:00\" \/>\n<meta property=\"article:modified_time\" content=\"2025-02-27T18:55:34+00:00\" \/>\n<meta property=\"og:image\" content=\"https:\/\/buletin.de\/bucuresti\/wp-content\/uploads\/supercom-1-2.jpg\" \/>\n\t<meta property=\"og:image:width\" content=\"2000\" \/>\n\t<meta property=\"og:image:height\" content=\"1333\" \/>\n\t<meta property=\"og:image:type\" content=\"image\/jpeg\" \/>\n<meta name=\"author\" content=\"C\u0103t\u0103lin Anghel-Dimache\" \/>\n<meta name=\"twitter:card\" content=\"summary_large_image\" \/>\n<meta name=\"twitter:label1\" content=\"Written by\" \/>\n\t<meta name=\"twitter:data1\" content=\"C\u0103t\u0103lin Anghel-Dimache\" \/>\n\t<meta name=\"twitter:label2\" content=\"Estimated reading time\" \/>\n\t<meta name=\"twitter:data2\" content=\"4 minutes\" \/>\n<script type=\"application\/ld+json\" class=\"yoast-schema-graph\">{\"@context\":\"https:\\\/\\\/schema.org\",\"@graph\":[{\"@type\":\"Article\",\"@id\":\"https:\\\/\\\/buletin.de\\\/bucuresti\\\/sector-2-noi-tarife-pentru-salubrizare-crestere-de-mai-bine-de-10-la-suta\\\/#article\",\"isPartOf\":{\"@id\":\"https:\\\/\\\/buletin.de\\\/bucuresti\\\/sector-2-noi-tarife-pentru-salubrizare-crestere-de-mai-bine-de-10-la-suta\\\/\"},\"author\":{\"name\":\"C\u0103t\u0103lin Anghel-Dimache\",\"@id\":\"https:\\\/\\\/buletin.de\\\/bucuresti\\\/#\\\/schema\\\/person\\\/0ac9db30080482be87c7386a30f98796\"},\"headline\":\"Sector 2 | Noi tarife pentru salubrizare. Cre\u0219tere de mai bine de 10 la sut\u0103\",\"datePublished\":\"2025-02-25T16:05:48+00:00\",\"dateModified\":\"2025-02-27T18:55:34+00:00\",\"mainEntityOfPage\":{\"@id\":\"https:\\\/\\\/buletin.de\\\/bucuresti\\\/sector-2-noi-tarife-pentru-salubrizare-crestere-de-mai-bine-de-10-la-suta\\\/\"},\"wordCount\":867,\"publisher\":{\"@id\":\"https:\\\/\\\/buletin.de\\\/bucuresti\\\/#organization\"},\"image\":{\"@id\":\"https:\\\/\\\/buletin.de\\\/bucuresti\\\/sector-2-noi-tarife-pentru-salubrizare-crestere-de-mai-bine-de-10-la-suta\\\/#primaryimage\"},\"thumbnailUrl\":\"https:\\\/\\\/buletin.de\\\/bucuresti\\\/wp-content\\\/uploads\\\/supercom-1-2.jpg\",\"keywords\":[\"bucuresti\",\"Capitala\",\"Colectare\",\"deseuri\",\"salubrizare\",\"Sector 2\",\"supercom\"],\"articleSection\":[\"Articole\",\"Main\",\"Prim\u0103rie\"],\"inLanguage\":\"en-GB\",\"copyrightYear\":\"2025\",\"copyrightHolder\":{\"@id\":\"https:\\\/\\\/buletin.de\\\/bucuresti\\\/#organization\"}},{\"@type\":\"WebPage\",\"@id\":\"https:\\\/\\\/buletin.de\\\/bucuresti\\\/sector-2-noi-tarife-pentru-salubrizare-crestere-de-mai-bine-de-10-la-suta\\\/\",\"url\":\"https:\\\/\\\/buletin.de\\\/bucuresti\\\/sector-2-noi-tarife-pentru-salubrizare-crestere-de-mai-bine-de-10-la-suta\\\/\",\"name\":\"Sector 2 | Noi tarife pentru salubrizare. Cre\u0219tere de mai bine de 10 la sut\u0103 - Buletin de Bucure\u0219ti\",\"isPartOf\":{\"@id\":\"https:\\\/\\\/buletin.de\\\/bucuresti\\\/#website\"},\"primaryImageOfPage\":{\"@id\":\"https:\\\/\\\/buletin.de\\\/bucuresti\\\/sector-2-noi-tarife-pentru-salubrizare-crestere-de-mai-bine-de-10-la-suta\\\/#primaryimage\"},\"image\":{\"@id\":\"https:\\\/\\\/buletin.de\\\/bucuresti\\\/sector-2-noi-tarife-pentru-salubrizare-crestere-de-mai-bine-de-10-la-suta\\\/#primaryimage\"},\"thumbnailUrl\":\"https:\\\/\\\/buletin.de\\\/bucuresti\\\/wp-content\\\/uploads\\\/supercom-1-2.jpg\",\"datePublished\":\"2025-02-25T16:05:48+00:00\",\"dateModified\":\"2025-02-27T18:55:34+00:00\",\"description\":\"Noi tarife pentru salubrizare. Acestea sunt indexate conform indicelui total al pre\u021burilor de consum comunicat de INS.\",\"breadcrumb\":{\"@id\":\"https:\\\/\\\/buletin.de\\\/bucuresti\\\/sector-2-noi-tarife-pentru-salubrizare-crestere-de-mai-bine-de-10-la-suta\\\/#breadcrumb\"},\"inLanguage\":\"en-GB\",\"potentialAction\":[{\"@type\":\"ReadAction\",\"target\":[\"https:\\\/\\\/buletin.de\\\/bucuresti\\\/sector-2-noi-tarife-pentru-salubrizare-crestere-de-mai-bine-de-10-la-suta\\\/\"]}]},{\"@type\":\"ImageObject\",\"inLanguage\":\"en-GB\",\"@id\":\"https:\\\/\\\/buletin.de\\\/bucuresti\\\/sector-2-noi-tarife-pentru-salubrizare-crestere-de-mai-bine-de-10-la-suta\\\/#primaryimage\",\"url\":\"https:\\\/\\\/buletin.de\\\/bucuresti\\\/wp-content\\\/uploads\\\/supercom-1-2.jpg\",\"contentUrl\":\"https:\\\/\\\/buletin.de\\\/bucuresti\\\/wp-content\\\/uploads\\\/supercom-1-2.jpg\",\"width\":2000,\"height\":1333,\"caption\":\"Noi tarife pentru salubrizare. Cre\u0219tere de 11,38%. Foto: Facebook \\\/ Primaria Sectorului 2\"},{\"@type\":\"BreadcrumbList\",\"@id\":\"https:\\\/\\\/buletin.de\\\/bucuresti\\\/sector-2-noi-tarife-pentru-salubrizare-crestere-de-mai-bine-de-10-la-suta\\\/#breadcrumb\",\"itemListElement\":[{\"@type\":\"ListItem\",\"position\":1,\"name\":\"Acas\u0103\",\"item\":\"https:\\\/\\\/buletin.de\\\/bucuresti\\\/\"},{\"@type\":\"ListItem\",\"position\":2,\"name\":\"Sector 2 | Noi tarife pentru salubrizare. Cre\u0219tere de mai bine de 10 la sut\u0103\"}]},{\"@type\":\"WebSite\",\"@id\":\"https:\\\/\\\/buletin.de\\\/bucuresti\\\/#website\",\"url\":\"https:\\\/\\\/buletin.de\\\/bucuresti\\\/\",\"name\":\"Buletin de Bucure\u0219ti\",\"description\":\"\u0218tiri \u0219i investiga\u021bii esen\u021biale din capital\u0103\",\"publisher\":{\"@id\":\"https:\\\/\\\/buletin.de\\\/bucuresti\\\/#organization\"},\"potentialAction\":[{\"@type\":\"SearchAction\",\"target\":{\"@type\":\"EntryPoint\",\"urlTemplate\":\"https:\\\/\\\/buletin.de\\\/bucuresti\\\/?s={search_term_string}\"},\"query-input\":{\"@type\":\"PropertyValueSpecification\",\"valueRequired\":true,\"valueName\":\"search_term_string\"}}],\"inLanguage\":\"en-GB\"},{\"@type\":\"Organization\",\"@id\":\"https:\\\/\\\/buletin.de\\\/bucuresti\\\/#organization\",\"name\":\"Buletin de Bucure\u0219ti\",\"url\":\"https:\\\/\\\/buletin.de\\\/bucuresti\\\/\",\"logo\":{\"@type\":\"ImageObject\",\"inLanguage\":\"en-GB\",\"@id\":\"https:\\\/\\\/buletin.de\\\/bucuresti\\\/#\\\/schema\\\/logo\\\/image\\\/\",\"url\":\"https:\\\/\\\/buletin.de\\\/bucuresti\\\/wp-content\\\/uploads\\\/logo-bdb-full-wide-vernil-transparent.png\",\"contentUrl\":\"https:\\\/\\\/buletin.de\\\/bucuresti\\\/wp-content\\\/uploads\\\/logo-bdb-full-wide-vernil-transparent.png\",\"width\":1782,\"height\":626,\"caption\":\"Buletin de Bucure\u0219ti\"},\"image\":{\"@id\":\"https:\\\/\\\/buletin.de\\\/bucuresti\\\/#\\\/schema\\\/logo\\\/image\\\/\"},\"sameAs\":[\"https:\\\/\\\/www.facebook.com\\\/buletin.de.buc\",\"https:\\\/\\\/www.instagram.com\\\/buletinde.bucuresti\\\/\"]},{\"@type\":\"Person\",\"@id\":\"https:\\\/\\\/buletin.de\\\/bucuresti\\\/#\\\/schema\\\/person\\\/0ac9db30080482be87c7386a30f98796\",\"name\":\"C\u0103t\u0103lin Anghel-Dimache\",\"image\":{\"@type\":\"ImageObject\",\"inLanguage\":\"en-GB\",\"@id\":\"https:\\\/\\\/buletin.de\\\/bucuresti\\\/wp-content\\\/uploads\\\/Catalin-Anghel-Dimache-96x96.jpgbd9e43c5b25186d5b8e917ac61ad86c4\",\"url\":\"https:\\\/\\\/buletin.de\\\/bucuresti\\\/wp-content\\\/uploads\\\/Catalin-Anghel-Dimache-96x96.jpg\",\"contentUrl\":\"https:\\\/\\\/buletin.de\\\/bucuresti\\\/wp-content\\\/uploads\\\/Catalin-Anghel-Dimache-96x96.jpg\",\"caption\":\"C\u0103t\u0103lin Anghel-Dimache\"},\"description\":\"A absolvit Facultatea de Jurnalism \u0219i \u0218tiin\u021bele Comunic\u0103rii a Universit\u0103\u021bii din Bucure\u0219ti \u00een 2024. Scrie despre mediu \u0219i teme sociale, dar \u0219i despre cum se reflect\u0103 ele \u00een via\u021ba cotidian\u0103 a bucure\u0219tenilor, cu un ochi atent la pove\u0219tile personale din spatele titlurilor. N\u0103scut \u0219i crescut \u00een Bucure\u0219ti, a f\u0103cut un pas c\u0103tre presa local\u0103, din pasiune pentru ora\u0219ul s\u0103u \u0219i oamenii din el.\",\"url\":\"https:\\\/\\\/buletin.de\\\/bucuresti\\\/author\\\/catalin-anghel-dimache\\\/\"}]}<\/script>\n<!-- \/ Yoast SEO Premium plugin. -->","yoast_head_json":{"title":"Sector 2 | Noi tarife pentru salubrizare. Cre\u0219tere de mai bine de 10 la sut\u0103 - Buletin de Bucure\u0219ti","description":"Noi tarife pentru salubrizare. Acestea sunt indexate conform indicelui total al pre\u021burilor de consum comunicat de INS.","robots":{"index":"index","follow":"follow","max-snippet":"max-snippet:-1","max-image-preview":"max-image-preview:large","max-video-preview":"max-video-preview:-1"},"canonical":"https:\/\/buletin.de\/bucuresti\/sector-2-noi-tarife-pentru-salubrizare-crestere-de-mai-bine-de-10-la-suta\/","og_locale":"en_GB","og_type":"article","og_title":"Sector 2 | Noi tarife pentru salubrizare. Cre\u0219tere de mai bine de 10 la sut\u0103","og_description":"Noi tarife pentru salubrizare. Acestea sunt indexate conform indicelui total al pre\u021burilor de consum comunicat de INS.","og_url":"https:\/\/buletin.de\/bucuresti\/sector-2-noi-tarife-pentru-salubrizare-crestere-de-mai-bine-de-10-la-suta\/","og_site_name":"Buletin de Bucure\u0219ti","article_publisher":"https:\/\/www.facebook.com\/buletin.de.buc","article_published_time":"2025-02-25T16:05:48+00:00","article_modified_time":"2025-02-27T18:55:34+00:00","og_image":[{"width":2000,"height":1333,"url":"https:\/\/buletin.de\/bucuresti\/wp-content\/uploads\/supercom-1-2.jpg","type":"image\/jpeg"}],"author":"C\u0103t\u0103lin Anghel-Dimache","twitter_card":"summary_large_image","twitter_misc":{"Written by":"C\u0103t\u0103lin Anghel-Dimache","Estimated reading time":"4 minutes"},"schema":{"@context":"https:\/\/schema.org","@graph":[{"@type":"Article","@id":"https:\/\/buletin.de\/bucuresti\/sector-2-noi-tarife-pentru-salubrizare-crestere-de-mai-bine-de-10-la-suta\/#article","isPartOf":{"@id":"https:\/\/buletin.de\/bucuresti\/sector-2-noi-tarife-pentru-salubrizare-crestere-de-mai-bine-de-10-la-suta\/"},"author":{"name":"C\u0103t\u0103lin Anghel-Dimache","@id":"https:\/\/buletin.de\/bucuresti\/#\/schema\/person\/0ac9db30080482be87c7386a30f98796"},"headline":"Sector 2 | Noi tarife pentru salubrizare. Cre\u0219tere de mai bine de 10 la sut\u0103","datePublished":"2025-02-25T16:05:48+00:00","dateModified":"2025-02-27T18:55:34+00:00","mainEntityOfPage":{"@id":"https:\/\/buletin.de\/bucuresti\/sector-2-noi-tarife-pentru-salubrizare-crestere-de-mai-bine-de-10-la-suta\/"},"wordCount":867,"publisher":{"@id":"https:\/\/buletin.de\/bucuresti\/#organization"},"image":{"@id":"https:\/\/buletin.de\/bucuresti\/sector-2-noi-tarife-pentru-salubrizare-crestere-de-mai-bine-de-10-la-suta\/#primaryimage"},"thumbnailUrl":"https:\/\/buletin.de\/bucuresti\/wp-content\/uploads\/supercom-1-2.jpg","keywords":["bucuresti","Capitala","Colectare","deseuri","salubrizare","Sector 2","supercom"],"articleSection":["Articole","Main","Prim\u0103rie"],"inLanguage":"en-GB","copyrightYear":"2025","copyrightHolder":{"@id":"https:\/\/buletin.de\/bucuresti\/#organization"}},{"@type":"WebPage","@id":"https:\/\/buletin.de\/bucuresti\/sector-2-noi-tarife-pentru-salubrizare-crestere-de-mai-bine-de-10-la-suta\/","url":"https:\/\/buletin.de\/bucuresti\/sector-2-noi-tarife-pentru-salubrizare-crestere-de-mai-bine-de-10-la-suta\/","name":"Sector 2 | Noi tarife pentru salubrizare. Cre\u0219tere de mai bine de 10 la sut\u0103 - Buletin de Bucure\u0219ti","isPartOf":{"@id":"https:\/\/buletin.de\/bucuresti\/#website"},"primaryImageOfPage":{"@id":"https:\/\/buletin.de\/bucuresti\/sector-2-noi-tarife-pentru-salubrizare-crestere-de-mai-bine-de-10-la-suta\/#primaryimage"},"image":{"@id":"https:\/\/buletin.de\/bucuresti\/sector-2-noi-tarife-pentru-salubrizare-crestere-de-mai-bine-de-10-la-suta\/#primaryimage"},"thumbnailUrl":"https:\/\/buletin.de\/bucuresti\/wp-content\/uploads\/supercom-1-2.jpg","datePublished":"2025-02-25T16:05:48+00:00","dateModified":"2025-02-27T18:55:34+00:00","description":"Noi tarife pentru salubrizare. Acestea sunt indexate conform indicelui total al pre\u021burilor de consum comunicat de INS.","breadcrumb":{"@id":"https:\/\/buletin.de\/bucuresti\/sector-2-noi-tarife-pentru-salubrizare-crestere-de-mai-bine-de-10-la-suta\/#breadcrumb"},"inLanguage":"en-GB","potentialAction":[{"@type":"ReadAction","target":["https:\/\/buletin.de\/bucuresti\/sector-2-noi-tarife-pentru-salubrizare-crestere-de-mai-bine-de-10-la-suta\/"]}]},{"@type":"ImageObject","inLanguage":"en-GB","@id":"https:\/\/buletin.de\/bucuresti\/sector-2-noi-tarife-pentru-salubrizare-crestere-de-mai-bine-de-10-la-suta\/#primaryimage","url":"https:\/\/buletin.de\/bucuresti\/wp-content\/uploads\/supercom-1-2.jpg","contentUrl":"https:\/\/buletin.de\/bucuresti\/wp-content\/uploads\/supercom-1-2.jpg","width":2000,"height":1333,"caption":"Noi tarife pentru salubrizare. Cre\u0219tere de 11,38%. Foto: Facebook \/ Primaria Sectorului 2"},{"@type":"BreadcrumbList","@id":"https:\/\/buletin.de\/bucuresti\/sector-2-noi-tarife-pentru-salubrizare-crestere-de-mai-bine-de-10-la-suta\/#breadcrumb","itemListElement":[{"@type":"ListItem","position":1,"name":"Acas\u0103","item":"https:\/\/buletin.de\/bucuresti\/"},{"@type":"ListItem","position":2,"name":"Sector 2 | Noi tarife pentru salubrizare. Cre\u0219tere de mai bine de 10 la sut\u0103"}]},{"@type":"WebSite","@id":"https:\/\/buletin.de\/bucuresti\/#website","url":"https:\/\/buletin.de\/bucuresti\/","name":"Buletin de Bucure\u0219ti","description":"\u0218tiri \u0219i investiga\u021bii esen\u021biale din capital\u0103","publisher":{"@id":"https:\/\/buletin.de\/bucuresti\/#organization"},"potentialAction":[{"@type":"SearchAction","target":{"@type":"EntryPoint","urlTemplate":"https:\/\/buletin.de\/bucuresti\/?s={search_term_string}"},"query-input":{"@type":"PropertyValueSpecification","valueRequired":true,"valueName":"search_term_string"}}],"inLanguage":"en-GB"},{"@type":"Organization","@id":"https:\/\/buletin.de\/bucuresti\/#organization","name":"Buletin de Bucure\u0219ti","url":"https:\/\/buletin.de\/bucuresti\/","logo":{"@type":"ImageObject","inLanguage":"en-GB","@id":"https:\/\/buletin.de\/bucuresti\/#\/schema\/logo\/image\/","url":"https:\/\/buletin.de\/bucuresti\/wp-content\/uploads\/logo-bdb-full-wide-vernil-transparent.png","contentUrl":"https:\/\/buletin.de\/bucuresti\/wp-content\/uploads\/logo-bdb-full-wide-vernil-transparent.png","width":1782,"height":626,"caption":"Buletin de Bucure\u0219ti"},"image":{"@id":"https:\/\/buletin.de\/bucuresti\/#\/schema\/logo\/image\/"},"sameAs":["https:\/\/www.facebook.com\/buletin.de.buc","https:\/\/www.instagram.com\/buletinde.bucuresti\/"]},{"@type":"Person","@id":"https:\/\/buletin.de\/bucuresti\/#\/schema\/person\/0ac9db30080482be87c7386a30f98796","name":"C\u0103t\u0103lin Anghel-Dimache","image":{"@type":"ImageObject","inLanguage":"en-GB","@id":"https:\/\/buletin.de\/bucuresti\/wp-content\/uploads\/Catalin-Anghel-Dimache-96x96.jpgbd9e43c5b25186d5b8e917ac61ad86c4","url":"https:\/\/buletin.de\/bucuresti\/wp-content\/uploads\/Catalin-Anghel-Dimache-96x96.jpg","contentUrl":"https:\/\/buletin.de\/bucuresti\/wp-content\/uploads\/Catalin-Anghel-Dimache-96x96.jpg","caption":"C\u0103t\u0103lin Anghel-Dimache"},"description":"A absolvit Facultatea de Jurnalism \u0219i \u0218tiin\u021bele Comunic\u0103rii a Universit\u0103\u021bii din Bucure\u0219ti \u00een 2024. Scrie despre mediu \u0219i teme sociale, dar \u0219i despre cum se reflect\u0103 ele \u00een via\u021ba cotidian\u0103 a bucure\u0219tenilor, cu un ochi atent la pove\u0219tile personale din spatele titlurilor. N\u0103scut \u0219i crescut \u00een Bucure\u0219ti, a f\u0103cut un pas c\u0103tre presa local\u0103, din pasiune pentru ora\u0219ul s\u0103u \u0219i oamenii din el.","url":"https:\/\/buletin.de\/bucuresti\/author\/catalin-anghel-dimache\/"}]}},"authors":[{"term_id":22572,"user_id":59,"is_guest":0,"slug":"catalin-anghel-dimache","display_name":"C\u0103t\u0103lin Anghel-Dimache","avatar_url":"https:\/\/buletin.de\/bucuresti\/wp-content\/uploads\/Catalin-Anghel-Dimache-96x96.jpg","0":null,"1":"","2":"","3":"","4":"","5":"","6":"","7":"","8":""}],"_links":{"self":[{"href":"https:\/\/buletin.de\/bucuresti\/wp-json\/wp\/v2\/posts\/120106","targetHints":{"allow":["GET"]}}],"collection":[{"href":"https:\/\/buletin.de\/bucuresti\/wp-json\/wp\/v2\/posts"}],"about":[{"href":"https:\/\/buletin.de\/bucuresti\/wp-json\/wp\/v2\/types\/post"}],"author":[{"embeddable":true,"href":"https:\/\/buletin.de\/bucuresti\/wp-json\/wp\/v2\/users\/59"}],"replies":[{"embeddable":true,"href":"https:\/\/buletin.de\/bucuresti\/wp-json\/wp\/v2\/comments?post=120106"}],"version-history":[{"count":3,"href":"https:\/\/buletin.de\/bucuresti\/wp-json\/wp\/v2\/posts\/120106\/revisions"}],"predecessor-version":[{"id":120566,"href":"https:\/\/buletin.de\/bucuresti\/wp-json\/wp\/v2\/posts\/120106\/revisions\/120566"}],"wp:featuredmedia":[{"embeddable":true,"href":"https:\/\/buletin.de\/bucuresti\/wp-json\/wp\/v2\/media\/120113"}],"wp:attachment":[{"href":"https:\/\/buletin.de\/bucuresti\/wp-json\/wp\/v2\/media?parent=120106"}],"wp:term":[{"taxonomy":"category","embeddable":true,"href":"https:\/\/buletin.de\/bucuresti\/wp-json\/wp\/v2\/categories?post=120106"},{"taxonomy":"post_tag","embeddable":true,"href":"https:\/\/buletin.de\/bucuresti\/wp-json\/wp\/v2\/tags?post=120106"},{"taxonomy":"author","embeddable":true,"href":"https:\/\/buletin.de\/bucuresti\/wp-json\/wp\/v2\/ppma_author?post=120106"}],"curies":[{"name":"wp","href":"https:\/\/api.w.org\/{rel}","templated":true}]}}