{"id":120069,"date":"2025-02-26T05:51:00","date_gmt":"2025-02-26T02:51:00","guid":{"rendered":"https:\/\/buletin.de\/bucuresti\/?p=120069"},"modified":"2025-02-25T18:54:03","modified_gmt":"2025-02-25T15:54:03","slug":"hainele-vechi-si-incaltamintea","status":"publish","type":"post","link":"https:\/\/buletin.de\/bucuresti\/hainele-vechi-si-incaltamintea\/","title":{"rendered":"Sector 4 | Hainele vechi \u0219i \u00eenc\u0103l\u021b\u0103mintea nu se arunc\u0103 la gunoi. Prim\u0103ria a pus containere pentru colectare, \u00een mai multe zone"},"content":{"rendered":"\n<p><strong>Hainele vechi \u0219i<\/strong> <strong>\u00eenc\u0103l\u021b\u0103mintea care nu mai pot fi purtate sau orice alt fel de material textil uzat, pot fi reciclate \u0219i folosite din nou. Prim\u0103ria Sectorului 4 a \u00eenfiin\u021bat containere unde acestea pot fi duse.<\/strong><\/p>\n\n\n\n<p>Dupa ce vor fi puse \u00een containere, hainele vor fi preluate \u0219i transportate c\u0103tre centrele de reciclare destinate unor astfel de tipuri de de\u0219euri.<\/p>\n\n\n\n<figure class=\"wp-block-gallery has-nested-images columns-default is-cropped wp-block-gallery-1 is-layout-flex wp-block-gallery-is-layout-flex\">\n<figure class=\"wp-block-image size-large\"><img fetchpriority=\"high\" decoding=\"async\" width=\"647\" height=\"900\" data-id=\"120074\" src=\"data:image\/gif;base64,R0lGODlhAQABAAAAACH5BAEKAAEALAAAAAABAAEAAAICTAEAOw==\" data-src=\"https:\/\/buletin.de\/bucuresti\/wp-content\/uploads\/480576172_1197778885045107_1833166331250503279_n-647x900.jpg\" alt=\"\" class=\"wp-image-120074 lazyload\" data-sizes=\"auto\" data-srcset=\"https:\/\/buletin.de\/bucuresti\/wp-content\/uploads\/480576172_1197778885045107_1833166331250503279_n-647x900.jpg 647w, https:\/\/buletin.de\/bucuresti\/wp-content\/uploads\/480576172_1197778885045107_1833166331250503279_n-216x300.jpg 216w, https:\/\/buletin.de\/bucuresti\/wp-content\/uploads\/480576172_1197778885045107_1833166331250503279_n-768x1068.jpg 768w, https:\/\/buletin.de\/bucuresti\/wp-content\/uploads\/480576172_1197778885045107_1833166331250503279_n-1104x1536.jpg 1104w, https:\/\/buletin.de\/bucuresti\/wp-content\/uploads\/480576172_1197778885045107_1833166331250503279_n-1100x1530.jpg 1100w, https:\/\/buletin.de\/bucuresti\/wp-content\/uploads\/480576172_1197778885045107_1833166331250503279_n-600x834.jpg 600w, https:\/\/buletin.de\/bucuresti\/wp-content\/uploads\/480576172_1197778885045107_1833166331250503279_n-20x28.jpg 20w, https:\/\/buletin.de\/bucuresti\/wp-content\/uploads\/480576172_1197778885045107_1833166331250503279_n.jpg 1438w\" sizes=\"(max-width: 647px) 100vw, 647px\" \/><\/figure>\n\n\n\n<figure class=\"wp-block-image size-large\"><img decoding=\"async\" width=\"507\" height=\"900\" data-id=\"120073\" src=\"data:image\/gif;base64,R0lGODlhAQABAAAAACH5BAEKAAEALAAAAAABAAEAAAICTAEAOw==\" data-src=\"https:\/\/buletin.de\/bucuresti\/wp-content\/uploads\/480194954_1197778858378443_1292612713553374204_n-507x900.jpg\" alt=\"\" class=\"wp-image-120073 lazyload\" data-sizes=\"auto\" data-srcset=\"https:\/\/buletin.de\/bucuresti\/wp-content\/uploads\/480194954_1197778858378443_1292612713553374204_n-507x900.jpg 507w, https:\/\/buletin.de\/bucuresti\/wp-content\/uploads\/480194954_1197778858378443_1292612713553374204_n-169x300.jpg 169w, https:\/\/buletin.de\/bucuresti\/wp-content\/uploads\/480194954_1197778858378443_1292612713553374204_n-768x1364.jpg 768w, https:\/\/buletin.de\/bucuresti\/wp-content\/uploads\/480194954_1197778858378443_1292612713553374204_n-865x1536.jpg 865w, https:\/\/buletin.de\/bucuresti\/wp-content\/uploads\/480194954_1197778858378443_1292612713553374204_n-1100x1954.jpg 1100w, https:\/\/buletin.de\/bucuresti\/wp-content\/uploads\/480194954_1197778858378443_1292612713553374204_n-600x1066.jpg 600w, https:\/\/buletin.de\/bucuresti\/wp-content\/uploads\/480194954_1197778858378443_1292612713553374204_n-20x36.jpg 20w, https:\/\/buletin.de\/bucuresti\/wp-content\/uploads\/480194954_1197778858378443_1292612713553374204_n.jpg 1126w\" sizes=\"(max-width: 507px) 100vw, 507px\" \/><\/figure>\n<\/figure>\n\n\n\n<p>Containerele din <a href=\"https:\/\/www.facebook.com\/danielbalutaprimar\">Sectorul 4<\/a>, unde se depoziteaz\u0103 hainele vechi \u0219i \u00eenc\u0103l\u021b\u0103mintea, pot fi g\u0103site \u00een urm\u0103toarele zone:<\/p>\n\n\n\n<p>1. Intersec\u021bia str. T\u00e2rnava Mic\u0103 \u0219i Bd. Alexandru Obregia;<\/p>\n\n\n\n<p>2. Intersec\u021bia Bd. Constantin Brancoveanu \u0219i Str. Secuilor;<\/p>\n\n\n\n<p>3. Intersec\u021bia Bd. Tineretului \u0219i Bd. Gh. Sincai;<\/p>\n\n\n\n<p>4. Intersec\u021bia Str. Pridvorului \u0219i Str. Costache Stamate;<\/p>\n\n\n\n<p>5. Intersec\u021bia \u0218os. Berceni \u0219i Drumul Cre\u021be\u0219tilor;<\/p>\n\n\n\n<p>6. Intersec\u021bia Bd. Constantin Br\u00e2ncoveanu \u0219i Str. Huedin;<\/p>\n\n\n\n<p>7. Intersec\u021bia \u0218oseaua Giurgiului \u0219i Drumul G\u0103zarului;<\/p>\n\n\n\n<p>8. Intersec\u021bia Bd. \u0218erban Vod\u0103 \u0219i Str. Mitropolit Grigore<\/p>\n\n\n\n<p>9. Intersec\u021bia Bd. Dimitrie Cantemir \u0219i Bd. M\u0103r\u0103\u0219e\u0219ti;<\/p>\n\n\n\n<p>10. I,tersec\u021bia \u0218os. Olteni\u021bei \u0219i \u0218os Sergent Ion Iriceanu;<\/p>\n\n\n\n<p>11. Intersec\u021bia Bd. Tineretului \u0219i Str. Piscului;<\/p>\n\n\n\n<p>12. Intersec\u021bia Str. Luic\u0103 \u0219i Str. Resita;<\/p>\n\n\n\n<p>13. Intersec\u021bia Bd. Alexandru Obregia \u0219i Str. Turnu M\u0103gurele;<\/p>\n\n\n\n<p>14. Intersec\u021bia Bd. Constantin Br\u00e2ncoveanu \u0219i Str. Turnu M\u0103gurele;<\/p>\n\n\n\n<p>15. Intersec\u021bia \u0218os. Berceni nr. 12 \u0219i Aleea Tome\u0219ti.<\/p>\n\n\n\n<div class=\"wp-block-buttons is-content-justification-center is-layout-flex wp-container-core-buttons-is-layout-16018d1d wp-block-buttons-is-layout-flex\">\n<div class=\"wp-block-button has-custom-width wp-block-button__width-100\"><a class=\"wp-block-button__link wp-element-button\" href=\"https:\/\/www.patreon.com\/BuletinDeBucuresti\"><strong>Sus\u021bine Buletin de Bucure\u0219ti pentru investiga\u021bii, reportaje \u0219i \u0219tiri Locale<\/strong><\/a><\/div>\n<\/div>\n\n\n\n<p><strong>CITE\u0218TE \u0218I:<\/strong> <a href=\"https:\/\/buletin.de\/bucuresti\/pe-linia-de-tramva\/\">F\u0103r\u0103 autobuze pe linia de tramvai. M\u0103sura a fost prelungit\u0103, pe termen nedefinit<\/a><\/p>\n\n\n\n<h2 class=\"wp-block-heading\" id=\"h-558-de-containere-de-textile-montate-in-sectorul-3-din-bucure\u0219ti\">558 de containere de textile, montate \u00een sectorul 3 din Bucure\u0219ti<\/h2>\n\n\n\n<p><br>\u0218i Prim\u0103ria Sectorului 3 din Bucure\u0219ti a anun\u021bat c\u0103 va amplasa peste 500 de containere pe str\u0103zi, unde locuitorii pot duce doar materiale textile pe care nu le mai folosesc.<\/p>\n\n\n\n<p>\u00cen prezent, \u00een sectorul 3 din Bucure\u0219ti exist\u0103 deja 1.144 de containere pentru de\u0219euri reciclabile, 719 pentru sticl\u0103 \u0219i 1.224 de recipiente \u00eengropate.<\/p>\n\n\n\n<h2 class=\"wp-block-heading\" id=\"h-in-sectorul-6-sunt-12-puncte-cu-containere-de-colectare-selectiva-a-textilelor\">\u00cen Sectorul 6 sunt 12 puncte cu containere de colectare selectiv\u0103 a textilelor <\/h2>\n\n\n\n<figure class=\"wp-block-gallery has-nested-images columns-default is-cropped wp-block-gallery-2 is-layout-flex wp-block-gallery-is-layout-flex\">\n<figure class=\"wp-block-image size-large\"><img decoding=\"async\" width=\"838\" height=\"900\" data-id=\"120084\" src=\"data:image\/gif;base64,R0lGODlhAQABAAAAACH5BAEKAAEALAAAAAABAAEAAAICTAEAOw==\" data-src=\"https:\/\/buletin.de\/bucuresti\/wp-content\/uploads\/450534846_881824687308803_7345548829465775312_n-2-838x900.jpg\" alt=\"\" class=\"wp-image-120084 lazyload\" data-sizes=\"auto\" data-srcset=\"https:\/\/buletin.de\/bucuresti\/wp-content\/uploads\/450534846_881824687308803_7345548829465775312_n-2-838x900.jpg 838w, https:\/\/buletin.de\/bucuresti\/wp-content\/uploads\/450534846_881824687308803_7345548829465775312_n-2-279x300.jpg 279w, https:\/\/buletin.de\/bucuresti\/wp-content\/uploads\/450534846_881824687308803_7345548829465775312_n-2-768x825.jpg 768w, https:\/\/buletin.de\/bucuresti\/wp-content\/uploads\/450534846_881824687308803_7345548829465775312_n-2-600x644.jpg 600w, https:\/\/buletin.de\/bucuresti\/wp-content\/uploads\/450534846_881824687308803_7345548829465775312_n-2-20x21.jpg 20w, https:\/\/buletin.de\/bucuresti\/wp-content\/uploads\/450534846_881824687308803_7345548829465775312_n-2.jpg 1001w\" sizes=\"(max-width: 838px) 100vw, 838px\" \/><\/figure>\n\n\n\n<figure class=\"wp-block-image size-large\"><img loading=\"lazy\" decoding=\"async\" width=\"900\" height=\"628\" data-id=\"120085\" src=\"data:image\/gif;base64,R0lGODlhAQABAAAAACH5BAEKAAEALAAAAAABAAEAAAICTAEAOw==\" data-src=\"https:\/\/buletin.de\/bucuresti\/wp-content\/uploads\/450541110_881824653975473_3513793919510166033_n-3-900x628.jpg\" alt=\"\" class=\"wp-image-120085 lazyload\" data-sizes=\"auto\" data-srcset=\"https:\/\/buletin.de\/bucuresti\/wp-content\/uploads\/450541110_881824653975473_3513793919510166033_n-3-900x628.jpg 900w, https:\/\/buletin.de\/bucuresti\/wp-content\/uploads\/450541110_881824653975473_3513793919510166033_n-3-300x209.jpg 300w, https:\/\/buletin.de\/bucuresti\/wp-content\/uploads\/450541110_881824653975473_3513793919510166033_n-3-768x536.jpg 768w, https:\/\/buletin.de\/bucuresti\/wp-content\/uploads\/450541110_881824653975473_3513793919510166033_n-3-600x419.jpg 600w, https:\/\/buletin.de\/bucuresti\/wp-content\/uploads\/450541110_881824653975473_3513793919510166033_n-3-20x14.jpg 20w, https:\/\/buletin.de\/bucuresti\/wp-content\/uploads\/450541110_881824653975473_3513793919510166033_n-3.jpg 1080w\" sizes=\"(max-width: 900px) 100vw, 900px\" \/><\/figure>\n<\/figure>\n\n\n\n<p>Cele 12 puncte de reciclare a textilelor se afl\u0103 \u00een urm\u0103toarele loca\u021bii:<\/p>\n\n\n\n<ul class=\"wp-block-list\">\n<li>Poarta S\u0103rutului \u2013 intersec\u021bie Valea Ialomi\u021bei (ANL);<\/li>\n\n\n\n<li>Pas\u0103rea \u00een V\u0103zduh \u2013 intersec\u021bie Pup\u0103za cu Mo\u021b (ANL);<\/li>\n\n\n\n<li>Bd. 1 Mai nr. 49 (l\u00e2ng\u0103 centrul comercial Auchan);<\/li>\n\n\n\n<li>Calea Giule\u0219ti nr. 252 (vizavi de Institutul Pasteur);<\/li>\n\n\n\n<li>Strada Fabricii \u2013 intersec\u021bie cu strada Apeductului<\/li>\n\n\n\n<li>Valea Arge\u0219ului \u2013 intersec\u021bie Valea Oltului;<\/li>\n\n\n\n<li>Bd. Timi\u0219oara nr. 35;<\/li>\n\n\n\n<li>Pia\u021ba Cr\u00e2nga\u0219i;<\/li>\n\n\n\n<li>Strada Liniei \u2013 intersec\u021bie strada Timonierului;<\/li>\n\n\n\n<li>Strada Performan\u021bei nr. 45;<\/li>\n\n\n\n<li>Bd. Drumul Taberei \u2013 intersec\u021bie strada T\u00e2rgu Neam\u021b;<\/li>\n\n\n\n<li>Apusului 27.<\/li>\n<\/ul>\n\n\n\n<p><strong>CITE\u0218TE \u0218I:<\/strong> <a href=\"https:\/\/buletin.de\/bucuresti\/nivel-ridicat-de-poluare-in-capitala-dupa-reinceperea-scolii-senzori-rosii-chiar-si-la-ora-pranzului\/\">S-au pus \u00een v\u00e2nzare biletele la partida FCSB \u2013 Olympique Lyon din Europa League. Meciul se joac\u0103 pe Arena Na\u021bional\u0103, pe 6 martie<\/a><\/p>\n","protected":false},"excerpt":{"rendered":"<p>Hainele vechi \u0219i \u00eenc\u0103l\u021b\u0103mintea care nu mai pot fi purtate sau orice alt fel de material textil uzat, pot fi reciclate \u0219i folosite din nou. Prim\u0103ria Sectorului 4 a \u00eenfiin\u021bat containere unde acestea pot fi duse. Dupa ce vor fi puse \u00een containere, hainele vor fi preluate \u0219i transportate c\u0103tre centrele de reciclare destinate unor [&hellip;]<\/p>\n","protected":false},"author":49,"featured_media":120070,"comment_status":"closed","ping_status":"open","sticky":false,"template":"","format":"standard","meta":{"_acf_changed":false,"inline_featured_image":false,"ngg_post_thumbnail":0,"footnotes":""},"categories":[6994,24,62],"tags":[19421,4898,19422],"ppma_author":[22574],"class_list":["post-120069","post","type-post","status-publish","format-standard","has-post-thumbnail","hentry","category-stiri-2","category-primarie","category-stiri","tag-containere-textile","tag-ps4","tag-reciclare-textile"],"acf":[],"yoast_head":"<!-- This site is optimized with the Yoast SEO Premium plugin v25.3 (Yoast SEO v27.4) - https:\/\/yoast.com\/product\/yoast-seo-premium-wordpress\/ -->\n<title>Sector 4 | Hainele vechi \u0219i \u00eenc\u0103l\u021b\u0103mintea nu se arunc\u0103 la gunoi. Prim\u0103ria a pus containere pentru colectare, \u00een mai multe zone - Buletin de Bucure\u0219ti<\/title>\n<meta name=\"description\" content=\"Hainele vechi \u0219i \u00eenc\u0103l\u021b\u0103mintea care nu mai pot fi purtate sunt reciclate \u0219i folosite din nou, in containere speciale.\" \/>\n<meta name=\"robots\" content=\"index, follow, max-snippet:-1, max-image-preview:large, max-video-preview:-1\" \/>\n<link rel=\"canonical\" href=\"https:\/\/buletin.de\/bucuresti\/hainele-vechi-si-incaltamintea\/\" \/>\n<meta property=\"og:locale\" content=\"en_GB\" \/>\n<meta property=\"og:type\" content=\"article\" \/>\n<meta property=\"og:title\" content=\"Sector 4 | Hainele vechi \u0219i \u00eenc\u0103l\u021b\u0103mintea nu se arunc\u0103 la gunoi. Prim\u0103ria a pus containere pentru colectare, \u00een mai multe zone\" \/>\n<meta property=\"og:description\" content=\"Hainele vechi \u0219i \u00eenc\u0103l\u021b\u0103mintea care nu mai pot fi purtate sunt reciclate \u0219i folosite din nou, in containere speciale.\" \/>\n<meta property=\"og:url\" content=\"https:\/\/buletin.de\/bucuresti\/hainele-vechi-si-incaltamintea\/\" \/>\n<meta property=\"og:site_name\" content=\"Buletin de Bucure\u0219ti\" \/>\n<meta property=\"article:publisher\" content=\"https:\/\/www.facebook.com\/buletin.de.buc\" \/>\n<meta property=\"article:published_time\" content=\"2025-02-26T02:51:00+00:00\" \/>\n<meta property=\"og:image\" content=\"https:\/\/buletin.de\/bucuresti\/wp-content\/uploads\/480498909_1197778861711776_4945082645532472089_n.jpg\" \/>\n\t<meta property=\"og:image:width\" content=\"1420\" \/>\n\t<meta property=\"og:image:height\" content=\"2000\" \/>\n\t<meta property=\"og:image:type\" content=\"image\/jpeg\" \/>\n<meta name=\"author\" content=\"Diana Matei\" \/>\n<meta name=\"twitter:card\" content=\"summary_large_image\" \/>\n<meta name=\"twitter:label1\" content=\"Written by\" \/>\n\t<meta name=\"twitter:data1\" content=\"Diana Matei\" \/>\n\t<meta name=\"twitter:label2\" content=\"Estimated reading time\" \/>\n\t<meta name=\"twitter:data2\" content=\"3 minutes\" \/>\n<script type=\"application\/ld+json\" class=\"yoast-schema-graph\">{\"@context\":\"https:\\\/\\\/schema.org\",\"@graph\":[{\"@type\":\"Article\",\"@id\":\"https:\\\/\\\/buletin.de\\\/bucuresti\\\/hainele-vechi-si-incaltamintea\\\/#article\",\"isPartOf\":{\"@id\":\"https:\\\/\\\/buletin.de\\\/bucuresti\\\/hainele-vechi-si-incaltamintea\\\/\"},\"author\":{\"name\":\"Diana Matei\",\"@id\":\"https:\\\/\\\/buletin.de\\\/bucuresti\\\/#\\\/schema\\\/person\\\/7e46040573290777280a0835d81ea4ea\"},\"headline\":\"Sector 4 | Hainele vechi \u0219i \u00eenc\u0103l\u021b\u0103mintea nu se arunc\u0103 la gunoi. Prim\u0103ria a pus containere pentru colectare, \u00een mai multe zone\",\"datePublished\":\"2025-02-26T02:51:00+00:00\",\"mainEntityOfPage\":{\"@id\":\"https:\\\/\\\/buletin.de\\\/bucuresti\\\/hainele-vechi-si-incaltamintea\\\/\"},\"wordCount\":467,\"publisher\":{\"@id\":\"https:\\\/\\\/buletin.de\\\/bucuresti\\\/#organization\"},\"image\":{\"@id\":\"https:\\\/\\\/buletin.de\\\/bucuresti\\\/hainele-vechi-si-incaltamintea\\\/#primaryimage\"},\"thumbnailUrl\":\"https:\\\/\\\/buletin.de\\\/bucuresti\\\/wp-content\\\/uploads\\\/480498909_1197778861711776_4945082645532472089_n.jpg\",\"keywords\":[\"containere textile\",\"ps4\",\"reciclare textile\"],\"articleSection\":[\"Articole\",\"Prim\u0103rie\",\"\u0218tiri\"],\"inLanguage\":\"en-GB\",\"copyrightYear\":\"2025\",\"copyrightHolder\":{\"@id\":\"https:\\\/\\\/buletin.de\\\/bucuresti\\\/#organization\"}},{\"@type\":\"WebPage\",\"@id\":\"https:\\\/\\\/buletin.de\\\/bucuresti\\\/hainele-vechi-si-incaltamintea\\\/\",\"url\":\"https:\\\/\\\/buletin.de\\\/bucuresti\\\/hainele-vechi-si-incaltamintea\\\/\",\"name\":\"Sector 4 | Hainele vechi \u0219i \u00eenc\u0103l\u021b\u0103mintea nu se arunc\u0103 la gunoi. Prim\u0103ria a pus containere pentru colectare, \u00een mai multe zone - Buletin de Bucure\u0219ti\",\"isPartOf\":{\"@id\":\"https:\\\/\\\/buletin.de\\\/bucuresti\\\/#website\"},\"primaryImageOfPage\":{\"@id\":\"https:\\\/\\\/buletin.de\\\/bucuresti\\\/hainele-vechi-si-incaltamintea\\\/#primaryimage\"},\"image\":{\"@id\":\"https:\\\/\\\/buletin.de\\\/bucuresti\\\/hainele-vechi-si-incaltamintea\\\/#primaryimage\"},\"thumbnailUrl\":\"https:\\\/\\\/buletin.de\\\/bucuresti\\\/wp-content\\\/uploads\\\/480498909_1197778861711776_4945082645532472089_n.jpg\",\"datePublished\":\"2025-02-26T02:51:00+00:00\",\"description\":\"Hainele vechi \u0219i \u00eenc\u0103l\u021b\u0103mintea care nu mai pot fi purtate sunt reciclate \u0219i folosite din nou, in containere speciale.\",\"breadcrumb\":{\"@id\":\"https:\\\/\\\/buletin.de\\\/bucuresti\\\/hainele-vechi-si-incaltamintea\\\/#breadcrumb\"},\"inLanguage\":\"en-GB\",\"potentialAction\":[{\"@type\":\"ReadAction\",\"target\":[\"https:\\\/\\\/buletin.de\\\/bucuresti\\\/hainele-vechi-si-incaltamintea\\\/\"]}]},{\"@type\":\"ImageObject\",\"inLanguage\":\"en-GB\",\"@id\":\"https:\\\/\\\/buletin.de\\\/bucuresti\\\/hainele-vechi-si-incaltamintea\\\/#primaryimage\",\"url\":\"https:\\\/\\\/buletin.de\\\/bucuresti\\\/wp-content\\\/uploads\\\/480498909_1197778861711776_4945082645532472089_n.jpg\",\"contentUrl\":\"https:\\\/\\\/buletin.de\\\/bucuresti\\\/wp-content\\\/uploads\\\/480498909_1197778861711776_4945082645532472089_n.jpg\",\"width\":1420,\"height\":2000,\"caption\":\"Sector 4 | Hainele vechi \u0219i \u00eenc\u0103l\u021b\u0103mintea nu se arunc\u0103 la gunoi. Prim\u0103ria a pus containere pentru colectare, \u00een mai multe zone. FOTO: PS4\"},{\"@type\":\"BreadcrumbList\",\"@id\":\"https:\\\/\\\/buletin.de\\\/bucuresti\\\/hainele-vechi-si-incaltamintea\\\/#breadcrumb\",\"itemListElement\":[{\"@type\":\"ListItem\",\"position\":1,\"name\":\"Acas\u0103\",\"item\":\"https:\\\/\\\/buletin.de\\\/bucuresti\\\/\"},{\"@type\":\"ListItem\",\"position\":2,\"name\":\"Sector 4 | Hainele vechi \u0219i \u00eenc\u0103l\u021b\u0103mintea nu se arunc\u0103 la gunoi. Prim\u0103ria a pus containere pentru colectare, \u00een mai multe zone\"}]},{\"@type\":\"WebSite\",\"@id\":\"https:\\\/\\\/buletin.de\\\/bucuresti\\\/#website\",\"url\":\"https:\\\/\\\/buletin.de\\\/bucuresti\\\/\",\"name\":\"Buletin de Bucure\u0219ti\",\"description\":\"\u0218tiri \u0219i investiga\u021bii esen\u021biale din capital\u0103\",\"publisher\":{\"@id\":\"https:\\\/\\\/buletin.de\\\/bucuresti\\\/#organization\"},\"potentialAction\":[{\"@type\":\"SearchAction\",\"target\":{\"@type\":\"EntryPoint\",\"urlTemplate\":\"https:\\\/\\\/buletin.de\\\/bucuresti\\\/?s={search_term_string}\"},\"query-input\":{\"@type\":\"PropertyValueSpecification\",\"valueRequired\":true,\"valueName\":\"search_term_string\"}}],\"inLanguage\":\"en-GB\"},{\"@type\":\"Organization\",\"@id\":\"https:\\\/\\\/buletin.de\\\/bucuresti\\\/#organization\",\"name\":\"Buletin de Bucure\u0219ti\",\"url\":\"https:\\\/\\\/buletin.de\\\/bucuresti\\\/\",\"logo\":{\"@type\":\"ImageObject\",\"inLanguage\":\"en-GB\",\"@id\":\"https:\\\/\\\/buletin.de\\\/bucuresti\\\/#\\\/schema\\\/logo\\\/image\\\/\",\"url\":\"https:\\\/\\\/buletin.de\\\/bucuresti\\\/wp-content\\\/uploads\\\/logo-bdb-full-wide-vernil-transparent.png\",\"contentUrl\":\"https:\\\/\\\/buletin.de\\\/bucuresti\\\/wp-content\\\/uploads\\\/logo-bdb-full-wide-vernil-transparent.png\",\"width\":1782,\"height\":626,\"caption\":\"Buletin de Bucure\u0219ti\"},\"image\":{\"@id\":\"https:\\\/\\\/buletin.de\\\/bucuresti\\\/#\\\/schema\\\/logo\\\/image\\\/\"},\"sameAs\":[\"https:\\\/\\\/www.facebook.com\\\/buletin.de.buc\",\"https:\\\/\\\/www.instagram.com\\\/buletinde.bucuresti\\\/\"]},{\"@type\":\"Person\",\"@id\":\"https:\\\/\\\/buletin.de\\\/bucuresti\\\/#\\\/schema\\\/person\\\/7e46040573290777280a0835d81ea4ea\",\"name\":\"Diana Matei\",\"image\":{\"@type\":\"ImageObject\",\"inLanguage\":\"en-GB\",\"@id\":\"https:\\\/\\\/buletin.de\\\/bucuresti\\\/wp-content\\\/uploads\\\/9-2-96x96.jpg1e8590b30871d70e62ebcdaf2eff570c\",\"url\":\"https:\\\/\\\/buletin.de\\\/bucuresti\\\/wp-content\\\/uploads\\\/9-2-96x96.jpg\",\"contentUrl\":\"https:\\\/\\\/buletin.de\\\/bucuresti\\\/wp-content\\\/uploads\\\/9-2-96x96.jpg\",\"caption\":\"Diana Matei\"},\"url\":\"https:\\\/\\\/buletin.de\\\/bucuresti\\\/author\\\/dianamatei\\\/\"}]}<\/script>\n<!-- \/ Yoast SEO Premium plugin. -->","yoast_head_json":{"title":"Sector 4 | Hainele vechi \u0219i \u00eenc\u0103l\u021b\u0103mintea nu se arunc\u0103 la gunoi. Prim\u0103ria a pus containere pentru colectare, \u00een mai multe zone - Buletin de Bucure\u0219ti","description":"Hainele vechi \u0219i \u00eenc\u0103l\u021b\u0103mintea care nu mai pot fi purtate sunt reciclate \u0219i folosite din nou, in containere speciale.","robots":{"index":"index","follow":"follow","max-snippet":"max-snippet:-1","max-image-preview":"max-image-preview:large","max-video-preview":"max-video-preview:-1"},"canonical":"https:\/\/buletin.de\/bucuresti\/hainele-vechi-si-incaltamintea\/","og_locale":"en_GB","og_type":"article","og_title":"Sector 4 | Hainele vechi \u0219i \u00eenc\u0103l\u021b\u0103mintea nu se arunc\u0103 la gunoi. Prim\u0103ria a pus containere pentru colectare, \u00een mai multe zone","og_description":"Hainele vechi \u0219i \u00eenc\u0103l\u021b\u0103mintea care nu mai pot fi purtate sunt reciclate \u0219i folosite din nou, in containere speciale.","og_url":"https:\/\/buletin.de\/bucuresti\/hainele-vechi-si-incaltamintea\/","og_site_name":"Buletin de Bucure\u0219ti","article_publisher":"https:\/\/www.facebook.com\/buletin.de.buc","article_published_time":"2025-02-26T02:51:00+00:00","og_image":[{"width":1420,"height":2000,"url":"https:\/\/buletin.de\/bucuresti\/wp-content\/uploads\/480498909_1197778861711776_4945082645532472089_n.jpg","type":"image\/jpeg"}],"author":"Diana Matei","twitter_card":"summary_large_image","twitter_misc":{"Written by":"Diana Matei","Estimated reading time":"3 minutes"},"schema":{"@context":"https:\/\/schema.org","@graph":[{"@type":"Article","@id":"https:\/\/buletin.de\/bucuresti\/hainele-vechi-si-incaltamintea\/#article","isPartOf":{"@id":"https:\/\/buletin.de\/bucuresti\/hainele-vechi-si-incaltamintea\/"},"author":{"name":"Diana Matei","@id":"https:\/\/buletin.de\/bucuresti\/#\/schema\/person\/7e46040573290777280a0835d81ea4ea"},"headline":"Sector 4 | Hainele vechi \u0219i \u00eenc\u0103l\u021b\u0103mintea nu se arunc\u0103 la gunoi. Prim\u0103ria a pus containere pentru colectare, \u00een mai multe zone","datePublished":"2025-02-26T02:51:00+00:00","mainEntityOfPage":{"@id":"https:\/\/buletin.de\/bucuresti\/hainele-vechi-si-incaltamintea\/"},"wordCount":467,"publisher":{"@id":"https:\/\/buletin.de\/bucuresti\/#organization"},"image":{"@id":"https:\/\/buletin.de\/bucuresti\/hainele-vechi-si-incaltamintea\/#primaryimage"},"thumbnailUrl":"https:\/\/buletin.de\/bucuresti\/wp-content\/uploads\/480498909_1197778861711776_4945082645532472089_n.jpg","keywords":["containere textile","ps4","reciclare textile"],"articleSection":["Articole","Prim\u0103rie","\u0218tiri"],"inLanguage":"en-GB","copyrightYear":"2025","copyrightHolder":{"@id":"https:\/\/buletin.de\/bucuresti\/#organization"}},{"@type":"WebPage","@id":"https:\/\/buletin.de\/bucuresti\/hainele-vechi-si-incaltamintea\/","url":"https:\/\/buletin.de\/bucuresti\/hainele-vechi-si-incaltamintea\/","name":"Sector 4 | Hainele vechi \u0219i \u00eenc\u0103l\u021b\u0103mintea nu se arunc\u0103 la gunoi. Prim\u0103ria a pus containere pentru colectare, \u00een mai multe zone - Buletin de Bucure\u0219ti","isPartOf":{"@id":"https:\/\/buletin.de\/bucuresti\/#website"},"primaryImageOfPage":{"@id":"https:\/\/buletin.de\/bucuresti\/hainele-vechi-si-incaltamintea\/#primaryimage"},"image":{"@id":"https:\/\/buletin.de\/bucuresti\/hainele-vechi-si-incaltamintea\/#primaryimage"},"thumbnailUrl":"https:\/\/buletin.de\/bucuresti\/wp-content\/uploads\/480498909_1197778861711776_4945082645532472089_n.jpg","datePublished":"2025-02-26T02:51:00+00:00","description":"Hainele vechi \u0219i \u00eenc\u0103l\u021b\u0103mintea care nu mai pot fi purtate sunt reciclate \u0219i folosite din nou, in containere speciale.","breadcrumb":{"@id":"https:\/\/buletin.de\/bucuresti\/hainele-vechi-si-incaltamintea\/#breadcrumb"},"inLanguage":"en-GB","potentialAction":[{"@type":"ReadAction","target":["https:\/\/buletin.de\/bucuresti\/hainele-vechi-si-incaltamintea\/"]}]},{"@type":"ImageObject","inLanguage":"en-GB","@id":"https:\/\/buletin.de\/bucuresti\/hainele-vechi-si-incaltamintea\/#primaryimage","url":"https:\/\/buletin.de\/bucuresti\/wp-content\/uploads\/480498909_1197778861711776_4945082645532472089_n.jpg","contentUrl":"https:\/\/buletin.de\/bucuresti\/wp-content\/uploads\/480498909_1197778861711776_4945082645532472089_n.jpg","width":1420,"height":2000,"caption":"Sector 4 | Hainele vechi \u0219i \u00eenc\u0103l\u021b\u0103mintea nu se arunc\u0103 la gunoi. Prim\u0103ria a pus containere pentru colectare, \u00een mai multe zone. FOTO: PS4"},{"@type":"BreadcrumbList","@id":"https:\/\/buletin.de\/bucuresti\/hainele-vechi-si-incaltamintea\/#breadcrumb","itemListElement":[{"@type":"ListItem","position":1,"name":"Acas\u0103","item":"https:\/\/buletin.de\/bucuresti\/"},{"@type":"ListItem","position":2,"name":"Sector 4 | Hainele vechi \u0219i \u00eenc\u0103l\u021b\u0103mintea nu se arunc\u0103 la gunoi. Prim\u0103ria a pus containere pentru colectare, \u00een mai multe zone"}]},{"@type":"WebSite","@id":"https:\/\/buletin.de\/bucuresti\/#website","url":"https:\/\/buletin.de\/bucuresti\/","name":"Buletin de Bucure\u0219ti","description":"\u0218tiri \u0219i investiga\u021bii esen\u021biale din capital\u0103","publisher":{"@id":"https:\/\/buletin.de\/bucuresti\/#organization"},"potentialAction":[{"@type":"SearchAction","target":{"@type":"EntryPoint","urlTemplate":"https:\/\/buletin.de\/bucuresti\/?s={search_term_string}"},"query-input":{"@type":"PropertyValueSpecification","valueRequired":true,"valueName":"search_term_string"}}],"inLanguage":"en-GB"},{"@type":"Organization","@id":"https:\/\/buletin.de\/bucuresti\/#organization","name":"Buletin de Bucure\u0219ti","url":"https:\/\/buletin.de\/bucuresti\/","logo":{"@type":"ImageObject","inLanguage":"en-GB","@id":"https:\/\/buletin.de\/bucuresti\/#\/schema\/logo\/image\/","url":"https:\/\/buletin.de\/bucuresti\/wp-content\/uploads\/logo-bdb-full-wide-vernil-transparent.png","contentUrl":"https:\/\/buletin.de\/bucuresti\/wp-content\/uploads\/logo-bdb-full-wide-vernil-transparent.png","width":1782,"height":626,"caption":"Buletin de Bucure\u0219ti"},"image":{"@id":"https:\/\/buletin.de\/bucuresti\/#\/schema\/logo\/image\/"},"sameAs":["https:\/\/www.facebook.com\/buletin.de.buc","https:\/\/www.instagram.com\/buletinde.bucuresti\/"]},{"@type":"Person","@id":"https:\/\/buletin.de\/bucuresti\/#\/schema\/person\/7e46040573290777280a0835d81ea4ea","name":"Diana Matei","image":{"@type":"ImageObject","inLanguage":"en-GB","@id":"https:\/\/buletin.de\/bucuresti\/wp-content\/uploads\/9-2-96x96.jpg1e8590b30871d70e62ebcdaf2eff570c","url":"https:\/\/buletin.de\/bucuresti\/wp-content\/uploads\/9-2-96x96.jpg","contentUrl":"https:\/\/buletin.de\/bucuresti\/wp-content\/uploads\/9-2-96x96.jpg","caption":"Diana Matei"},"url":"https:\/\/buletin.de\/bucuresti\/author\/dianamatei\/"}]}},"authors":[{"term_id":22574,"user_id":49,"is_guest":0,"slug":"dianamatei","display_name":"Diana Matei","avatar_url":"https:\/\/buletin.de\/bucuresti\/wp-content\/uploads\/9-2-96x96.jpg","0":null,"1":"","2":"","3":"","4":"","5":"","6":"","7":"","8":""}],"_links":{"self":[{"href":"https:\/\/buletin.de\/bucuresti\/wp-json\/wp\/v2\/posts\/120069","targetHints":{"allow":["GET"]}}],"collection":[{"href":"https:\/\/buletin.de\/bucuresti\/wp-json\/wp\/v2\/posts"}],"about":[{"href":"https:\/\/buletin.de\/bucuresti\/wp-json\/wp\/v2\/types\/post"}],"author":[{"embeddable":true,"href":"https:\/\/buletin.de\/bucuresti\/wp-json\/wp\/v2\/users\/49"}],"replies":[{"embeddable":true,"href":"https:\/\/buletin.de\/bucuresti\/wp-json\/wp\/v2\/comments?post=120069"}],"version-history":[{"count":2,"href":"https:\/\/buletin.de\/bucuresti\/wp-json\/wp\/v2\/posts\/120069\/revisions"}],"predecessor-version":[{"id":120104,"href":"https:\/\/buletin.de\/bucuresti\/wp-json\/wp\/v2\/posts\/120069\/revisions\/120104"}],"wp:featuredmedia":[{"embeddable":true,"href":"https:\/\/buletin.de\/bucuresti\/wp-json\/wp\/v2\/media\/120070"}],"wp:attachment":[{"href":"https:\/\/buletin.de\/bucuresti\/wp-json\/wp\/v2\/media?parent=120069"}],"wp:term":[{"taxonomy":"category","embeddable":true,"href":"https:\/\/buletin.de\/bucuresti\/wp-json\/wp\/v2\/categories?post=120069"},{"taxonomy":"post_tag","embeddable":true,"href":"https:\/\/buletin.de\/bucuresti\/wp-json\/wp\/v2\/tags?post=120069"},{"taxonomy":"author","embeddable":true,"href":"https:\/\/buletin.de\/bucuresti\/wp-json\/wp\/v2\/ppma_author?post=120069"}],"curies":[{"name":"wp","href":"https:\/\/api.w.org\/{rel}","templated":true}]}}