{"id":120025,"date":"2025-02-25T12:54:49","date_gmt":"2025-02-25T09:54:49","guid":{"rendered":"https:\/\/buletin.de\/bucuresti\/?p=120025"},"modified":"2025-02-25T13:31:38","modified_gmt":"2025-02-25T10:31:38","slug":"dosar-penal-dupa-moartea-suspecta-a-unei-batrane-internate-intr-un-azil-ilegal-din-voluntari","status":"publish","type":"post","link":"https:\/\/buletin.de\/bucuresti\/dosar-penal-dupa-moartea-suspecta-a-unei-batrane-internate-intr-un-azil-ilegal-din-voluntari\/","title":{"rendered":"Dosar penal dup\u0103 moartea suspect\u0103 a unei b\u0103tr\u00e2ne internate \u00eentr-un azil ilegal din Voluntari"},"content":{"rendered":"\n<p><strong>Un dosar penal pentru ucidere din culp\u0103 a fost deschis de poli\u0163i\u015ftii ilfoveni, dup\u0103 ce o b\u0103tr\u00e2n\u0103 internat\u0103 \u00eentr-un azil ilegal din Voluntari a murit \u00een timp ce era transportat\u0103 la spital. Femeia de 76 de ani a murit pe 24 februarie, \u00een jurul orei 14:00. Autoritatea Na\u0163ional\u0103 pentru Protec\u0163ia Consumatorului (ANPC) dispusese relocarea ei \u015fi a altor zece b\u0103tr\u00e2ni interna\u0163i, care erau \u0163inu\u0163i \u00een condi\u0163ii improprii \u015fi primeau medicamente expirate de trei-patru ani. <\/strong><\/p>\n\n\n\n<p>Totul a \u00eenceput cu un control al ANPC f\u0103cut pe data de 15 februarie la azilul respectiv din Voluntari. Patronul a fost extrem de recalcitrant \u015fi a fost nevoie de prezen\u0163a Poli\u0163iei. <\/p>\n\n\n\n<p>De altfel, \u00eenc\u0103 de atunci, poli\u0163i\u015ftii din cadrul Serviciului de Investiga\u021bii Criminalit\u0103\u021bii Economice au deschis un dosar penal pentru <strong>evaziune fiscal\u0103 \u015fi exercitarea f\u0103r\u0103 drept a unei activit\u0103\u021bi pentru care legea prevede autoriza\u021bie de func\u021bionare<\/strong>. <\/p>\n\n\n\n<p>Pentru c\u0103 afacerea f\u0103cut\u0103 pe s\u0103n\u0103tatea unor b\u0103tr\u00e2ni era ilegal\u0103 \u015fi \u00eei punea \u00een pericol, ANPC a dispus relocarea lor. Cristian Popescu Piedone a transmis, la <a href=\"https:\/\/www.digi24.ro\/stiri\/actualitate\/ancheta-dupa-ce-un-varstic-de-la-un-azil-ilegal-a-murit-in-drum-spre-spital-piedone-primeau-medicamente-expirate-de-3-4-ani-3134103\">Digi24<\/a>, c\u0103 \u201eacel personaj, c\u0103 nu are cum s\u0103 se numeasc\u0103 om, i-a relocat pe resurse proprii \u0219i i-a adus nu \u0219tiu exact unde, dar ieri, la apelul la 112, salvarea s-a deplasat pentru c\u0103 unui b\u0103tr\u00e2ni s-a f\u0103cut r\u0103u, l-a luat iar \u00een drum spre spre spital a decedat\u201d.<\/p>\n\n\n\n<p>A fost momentul \u00een care poli\u0163i\u015ftii ilfoveni au \u00eentocmit \u00eenc\u0103 un dosar penal, de data aceasta pentru <strong>ucidere din culp\u0103<\/strong>. IPJ Ilfov transmite, printr-un comunicat, c\u0103 femeia de 76 de ani care a murit era cunoscut\u0103 cu probleme de s\u0103n\u0103tate.<\/p>\n\n\n\n<div class=\"wp-block-buttons is-content-justification-center is-layout-flex wp-container-core-buttons-is-layout-16018d1d wp-block-buttons-is-layout-flex\">\n<div class=\"wp-block-button has-custom-width wp-block-button__width-100\"><a class=\"wp-block-button__link wp-element-button\" href=\"https:\/\/www.patreon.com\/BuletinDeBucuresti\"><strong>Sus\u021bine Buletin de Bucure\u0219ti pentru investiga\u021bii, reportaje \u0219i \u0219tiri Locale<\/strong><\/a><\/div>\n<\/div>\n\n\n\n<h2 class=\"wp-block-heading\" id=\"h-dosar-penal-dupa-controlul-anpc-ce-au-gasit-comisarii\">Dosar penal dup\u0103 controlul ANPC. Ce au g\u0103sit comisarii<\/h2>\n\n\n\n<p>\u00cen ultimele zile, peste 250 de azile pentru persoane v\u00e2rstnice, persoane cu dizabilit\u0103\u0163i \u015fi minori au fost verificate de comisarii de la Protec\u0163ia Consumatorului. <\/p>\n\n\n\n<p>Principalele nereguli constatate au fost:<br>\u2022 Buc\u0103t\u0103rii mizerabile: frigidere murdare, cu chedere rupte, vase nesp\u0103late, ustensile neconforme, alimente f\u0103r\u0103 termen de valabilitate \u0219i f\u0103r\u0103 elemente de identificare.<br>\u2022 Dormitoare inadecvate: paturi deteriorate, saltele neigienizate, perne f\u0103r\u0103 huse \u0219i mobilier \u00een stare deplorabil\u0103.<br>\u2022 B\u0103i neigienizate: mucegai, obiecte sanitare nefunc\u021bionale, prize defecte.<br>\u2022 Alimente p\u0103strate incorect: nerespectarea temperaturilor de p\u0103strare a produselor alimentare (carne, ciocolat\u0103, ketchup, maionez\u0103).<br>\u2022 Produse expirate: suplimente alimentare \u0219i materii prime cu DDM dep\u0103\u0219it\u0103.<\/p>\n\n\n\n<p>Printre aceste azile, este \u015fi cel din Voluntari, acolo unde au fost g\u0103si\u0163i 11 v\u00e2rstnici, \u00een \u201econdi\u0163ii de \u00eengrijire extrem de precare\u201d, transmite ANPC.<\/p>\n\n\n\n<p>\u00cen ciuda solicit\u0103rilor autorit\u0103\u021bilor, nu au fost prezentate documente care s\u0103 ateste legalitatea func\u021bion\u0103rii spa\u021biului.<\/p>\n\n\n\n<blockquote class=\"wp-block-quote is-layout-flow wp-block-quote-is-layout-flow\">\n<p>Este extrem de grav faptul c\u0103 \u0218ub\u0103 Sorin <strong>a relocat ilegal 7 dintre cei 11 v\u00e2rstnici<\/strong>, nerespect\u00e2nd deciziile autorit\u0103\u021bilor \u0219i standardele minime de \u00eengrijire. <strong>Unul dintre ace\u0219ti pacien\u021bi a decedat \u00een drum spre spital<\/strong>, dup\u0103 ce a fost apelat\u0103 ambulan\u021ba, iar decesul a fost raportat autorit\u0103\u021bilor, ceea ce a dus la o anchet\u0103 \u00een desf\u0103\u0219urare.<\/p>\n<cite>comunicat ANPC<\/cite><\/blockquote>\n\n\n\n<p>De asemenea, autorit\u0103\u021bile competente au dispus relocarea urgent\u0103 a celor 11 pacien\u021bi \u00eenc\u0103 din 15 februarie, dar nerespectarea acestor m\u0103suri a condus la tragedii. \u00cen urma verific\u0103rilor, a fost confirmat faptul c\u0103 activitatea de \u00eengrijire a persoanelor v\u00e2rstnice din aceast\u0103 loca\u021bie era ilegal\u0103, iar normele de siguran\u021b\u0103 \u0219i igien\u0103 au fost \u00eenc\u0103lcate flagrant, mai transmite ANPC.<\/p>\n\n\n\n<p>Cristian Popescu Piedone a mai spus la Digi24 c\u0103 \u201epentru a fenta pu\u021bin legea, b\u0103tr\u00e2nilor le f\u0103ceau domicilii \u00een loca\u021bia respectiv\u0103, domiciliu flotant, \u0219i spuneau c\u0103 ei sunt caza\u021bi aici c\u0103 a\u0219a vor\u201d. El a ad\u0103ugat c\u0103 beneficiarii azilului primeau medicamente de expirate: \u201eAm descoperit \u00een podul \u00een podul casei un<strong> microdepozit cu medicamente expirate de minim 3 ani de zile<\/strong>\u201d.<\/p>\n\n\n\n<figure class=\"wp-block-gallery has-nested-images columns-default is-cropped wp-block-gallery-1 is-layout-flex wp-block-gallery-is-layout-flex\">\n<figure class=\"wp-block-image size-large\"><a href=\"https:\/\/buletin.de\/bucuresti\/wp-content\/uploads\/WhatsApp-Image-2025-02-25-at-06.06.50-1-2.jpeg\"><img decoding=\"async\" data-id=\"120037\" src=\"data:image\/gif;base64,R0lGODlhAQABAAAAACH5BAEKAAEALAAAAAABAAEAAAICTAEAOw==\" data-src=\"https:\/\/buletin.de\/bucuresti\/wp-content\/uploads\/WhatsApp-Image-2025-02-25-at-06.06.50-1-2.jpeg\" alt=\"\" class=\"wp-image-120037 lazyload\"\/><\/a><\/figure>\n\n\n\n<figure class=\"wp-block-image size-large\"><a href=\"https:\/\/buletin.de\/bucuresti\/wp-content\/uploads\/WhatsApp-Image-2025-02-25-at-06.06.51-3.jpeg\"><img decoding=\"async\" data-id=\"120036\" src=\"data:image\/gif;base64,R0lGODlhAQABAAAAACH5BAEKAAEALAAAAAABAAEAAAICTAEAOw==\" data-src=\"https:\/\/buletin.de\/bucuresti\/wp-content\/uploads\/WhatsApp-Image-2025-02-25-at-06.06.51-3.jpeg\" alt=\"\" class=\"wp-image-120036 lazyload\"\/><\/a><\/figure>\n\n\n\n<figure class=\"wp-block-image size-large\"><a href=\"https:\/\/buletin.de\/bucuresti\/wp-content\/uploads\/WhatsApp-Image-2025-02-25-at-06.06.51-1-1.jpeg\"><img fetchpriority=\"high\" decoding=\"async\" width=\"675\" height=\"900\" data-id=\"120035\" src=\"data:image\/gif;base64,R0lGODlhAQABAAAAACH5BAEKAAEALAAAAAABAAEAAAICTAEAOw==\" data-src=\"https:\/\/buletin.de\/bucuresti\/wp-content\/uploads\/WhatsApp-Image-2025-02-25-at-06.06.51-1-1-675x900.jpeg\" alt=\"\" class=\"wp-image-120035 lazyload\" data-sizes=\"auto\" data-srcset=\"https:\/\/buletin.de\/bucuresti\/wp-content\/uploads\/WhatsApp-Image-2025-02-25-at-06.06.51-1-1-675x900.jpeg 675w, https:\/\/buletin.de\/bucuresti\/wp-content\/uploads\/WhatsApp-Image-2025-02-25-at-06.06.51-1-1-225x300.jpeg 225w, https:\/\/buletin.de\/bucuresti\/wp-content\/uploads\/WhatsApp-Image-2025-02-25-at-06.06.51-1-1-768x1024.jpeg 768w, https:\/\/buletin.de\/bucuresti\/wp-content\/uploads\/WhatsApp-Image-2025-02-25-at-06.06.51-1-1-1152x1536.jpeg 1152w, https:\/\/buletin.de\/bucuresti\/wp-content\/uploads\/WhatsApp-Image-2025-02-25-at-06.06.51-1-1.jpeg 1200w\" sizes=\"(max-width: 675px) 100vw, 675px\" \/><\/a><\/figure>\n\n\n\n<figure class=\"wp-block-image size-large\"><a href=\"https:\/\/buletin.de\/bucuresti\/wp-content\/uploads\/WhatsApp-Image-2025-02-25-at-06.06.51-2-1.jpeg\"><img decoding=\"async\" width=\"675\" height=\"900\" data-id=\"120034\" src=\"data:image\/gif;base64,R0lGODlhAQABAAAAACH5BAEKAAEALAAAAAABAAEAAAICTAEAOw==\" data-src=\"https:\/\/buletin.de\/bucuresti\/wp-content\/uploads\/WhatsApp-Image-2025-02-25-at-06.06.51-2-1-675x900.jpeg\" alt=\"\" class=\"wp-image-120034 lazyload\" data-sizes=\"auto\" data-srcset=\"https:\/\/buletin.de\/bucuresti\/wp-content\/uploads\/WhatsApp-Image-2025-02-25-at-06.06.51-2-1-675x900.jpeg 675w, https:\/\/buletin.de\/bucuresti\/wp-content\/uploads\/WhatsApp-Image-2025-02-25-at-06.06.51-2-1-225x300.jpeg 225w, https:\/\/buletin.de\/bucuresti\/wp-content\/uploads\/WhatsApp-Image-2025-02-25-at-06.06.51-2-1-768x1024.jpeg 768w, https:\/\/buletin.de\/bucuresti\/wp-content\/uploads\/WhatsApp-Image-2025-02-25-at-06.06.51-2-1-1152x1536.jpeg 1152w, https:\/\/buletin.de\/bucuresti\/wp-content\/uploads\/WhatsApp-Image-2025-02-25-at-06.06.51-2-1.jpeg 1200w\" sizes=\"(max-width: 675px) 100vw, 675px\" \/><\/a><\/figure>\n\n\n\n<figure class=\"wp-block-image size-large\"><a href=\"https:\/\/buletin.de\/bucuresti\/wp-content\/uploads\/WhatsApp-Image-2025-02-25-at-06.06.52-1-1.jpeg\"><img decoding=\"async\" width=\"900\" height=\"675\" data-id=\"120033\" src=\"data:image\/gif;base64,R0lGODlhAQABAAAAACH5BAEKAAEALAAAAAABAAEAAAICTAEAOw==\" data-src=\"https:\/\/buletin.de\/bucuresti\/wp-content\/uploads\/WhatsApp-Image-2025-02-25-at-06.06.52-1-1-900x675.jpeg\" alt=\"\" class=\"wp-image-120033 lazyload\" data-sizes=\"auto\" data-srcset=\"https:\/\/buletin.de\/bucuresti\/wp-content\/uploads\/WhatsApp-Image-2025-02-25-at-06.06.52-1-1-900x675.jpeg 900w, https:\/\/buletin.de\/bucuresti\/wp-content\/uploads\/WhatsApp-Image-2025-02-25-at-06.06.52-1-1-300x225.jpeg 300w, https:\/\/buletin.de\/bucuresti\/wp-content\/uploads\/WhatsApp-Image-2025-02-25-at-06.06.52-1-1-768x576.jpeg 768w, https:\/\/buletin.de\/bucuresti\/wp-content\/uploads\/WhatsApp-Image-2025-02-25-at-06.06.52-1-1-1536x1152.jpeg 1536w, https:\/\/buletin.de\/bucuresti\/wp-content\/uploads\/WhatsApp-Image-2025-02-25-at-06.06.52-1-1-1100x825.jpeg 1100w, https:\/\/buletin.de\/bucuresti\/wp-content\/uploads\/WhatsApp-Image-2025-02-25-at-06.06.52-1-1.jpeg 1600w\" sizes=\"(max-width: 900px) 100vw, 900px\" \/><\/a><\/figure>\n\n\n\n<figure class=\"wp-block-image size-large\"><a href=\"https:\/\/buletin.de\/bucuresti\/wp-content\/uploads\/WhatsApp-Image-2025-02-25-at-06.06.52-2.jpeg\"><img loading=\"lazy\" decoding=\"async\" width=\"675\" height=\"900\" data-id=\"120032\" src=\"data:image\/gif;base64,R0lGODlhAQABAAAAACH5BAEKAAEALAAAAAABAAEAAAICTAEAOw==\" data-src=\"https:\/\/buletin.de\/bucuresti\/wp-content\/uploads\/WhatsApp-Image-2025-02-25-at-06.06.52-2-675x900.jpeg\" alt=\"\" class=\"wp-image-120032 lazyload\" data-sizes=\"auto\" data-srcset=\"https:\/\/buletin.de\/bucuresti\/wp-content\/uploads\/WhatsApp-Image-2025-02-25-at-06.06.52-2-675x900.jpeg 675w, https:\/\/buletin.de\/bucuresti\/wp-content\/uploads\/WhatsApp-Image-2025-02-25-at-06.06.52-2-225x300.jpeg 225w, https:\/\/buletin.de\/bucuresti\/wp-content\/uploads\/WhatsApp-Image-2025-02-25-at-06.06.52-2-768x1024.jpeg 768w, https:\/\/buletin.de\/bucuresti\/wp-content\/uploads\/WhatsApp-Image-2025-02-25-at-06.06.52-2-1152x1536.jpeg 1152w, https:\/\/buletin.de\/bucuresti\/wp-content\/uploads\/WhatsApp-Image-2025-02-25-at-06.06.52-2.jpeg 1200w\" sizes=\"(max-width: 675px) 100vw, 675px\" \/><\/a><\/figure>\n<figcaption class=\"blocks-gallery-caption wp-element-caption\">foto: ANPC<\/figcaption><\/figure>\n\n\n\n<p><strong>CITE\u015eTE \u015eI: <\/strong><a href=\"https:\/\/buletin.de\/bucuresti\/piedone-admonestat-pentru-controalele-din-spitale-intr-un-comunicat-trimis-de-ministerul-condus-de-rafila\/\">Piedone, \u201eadmonestat\u201d pentru controalele din spitale, \u00eentr-un comunicat trimis de ministerul condus de Rafila<\/a><br><\/p>\n\n\n\n<p><\/p>\n","protected":false},"excerpt":{"rendered":"<p>Un dosar penal pentru ucidere din culp\u0103 a fost deschis de poli\u0163i\u015ftii ilfoveni, dup\u0103 ce o b\u0103tr\u00e2n\u0103 internat\u0103 \u00eentr-un azil ilegal din Voluntari a murit \u00een timp ce era transportat\u0103 la spital. Femeia de 76 de ani a murit pe 24 februarie, \u00een jurul orei 14:00. Autoritatea Na\u0163ional\u0103 pentru Protec\u0163ia Consumatorului (ANPC) dispusese relocarea ei [&hellip;]<\/p>\n","protected":false},"author":8,"featured_media":120046,"comment_status":"closed","ping_status":"open","sticky":false,"template":"","format":"standard","meta":{"_acf_changed":false,"inline_featured_image":false,"ngg_post_thumbnail":0,"footnotes":""},"categories":[6994,9026,5762,4],"tags":[3410,19409,1905,2051],"ppma_author":[22586],"class_list":["post-120025","post","type-post","status-publish","format-standard","has-post-thumbnail","hentry","category-stiri-2","category-eveniment","category-main","category-sanatate","tag-anpc","tag-azil-ilegal-voluntari","tag-cristian-popescu-piedone","tag-ipj-ilfov"],"acf":[],"yoast_head":"<!-- This site is optimized with the Yoast SEO Premium plugin v25.3 (Yoast SEO v27.4) - https:\/\/yoast.com\/product\/yoast-seo-premium-wordpress\/ -->\n<title>Dosar penal dup\u0103 moartea suspect\u0103 a unei b\u0103tr\u00e2ne internate \u00eentr-un azil ilegal din Voluntari - Buletin de Bucure\u0219ti<\/title>\n<meta name=\"description\" content=\"Un dosar penal a fost deschis de poli\u0163i\u015ftii ilfoveni, dup\u0103 ce o b\u0103tr\u00e2n\u0103 internat\u0103 \u00eentr-un azil ilegal din Voluntari a murit\" \/>\n<meta name=\"robots\" content=\"index, follow, max-snippet:-1, max-image-preview:large, max-video-preview:-1\" \/>\n<link rel=\"canonical\" href=\"https:\/\/buletin.de\/bucuresti\/dosar-penal-dupa-moartea-suspecta-a-unei-batrane-internate-intr-un-azil-ilegal-din-voluntari\/\" \/>\n<meta property=\"og:locale\" content=\"en_GB\" \/>\n<meta property=\"og:type\" content=\"article\" \/>\n<meta property=\"og:title\" content=\"Dosar penal dup\u0103 moartea suspect\u0103 a unei b\u0103tr\u00e2ne internate \u00eentr-un azil ilegal din Voluntari\" \/>\n<meta property=\"og:description\" content=\"Un dosar penal a fost deschis de poli\u0163i\u015ftii ilfoveni, dup\u0103 ce o b\u0103tr\u00e2n\u0103 internat\u0103 \u00eentr-un azil ilegal din Voluntari a murit\" \/>\n<meta property=\"og:url\" content=\"https:\/\/buletin.de\/bucuresti\/dosar-penal-dupa-moartea-suspecta-a-unei-batrane-internate-intr-un-azil-ilegal-din-voluntari\/\" \/>\n<meta property=\"og:site_name\" content=\"Buletin de Bucure\u0219ti\" \/>\n<meta property=\"article:publisher\" content=\"https:\/\/www.facebook.com\/buletin.de.buc\" \/>\n<meta property=\"article:published_time\" content=\"2025-02-25T09:54:49+00:00\" \/>\n<meta property=\"article:modified_time\" content=\"2025-02-25T10:31:38+00:00\" \/>\n<meta property=\"og:image\" content=\"https:\/\/buletin.de\/bucuresti\/wp-content\/uploads\/ambulanta-azil-voluntari.jpg\" \/>\n\t<meta property=\"og:image:width\" content=\"1600\" \/>\n\t<meta property=\"og:image:height\" content=\"900\" \/>\n\t<meta property=\"og:image:type\" content=\"image\/jpeg\" \/>\n<meta name=\"author\" content=\"Ionu\u021b Lepa\" \/>\n<meta name=\"twitter:card\" content=\"summary_large_image\" \/>\n<meta name=\"twitter:label1\" content=\"Written by\" \/>\n\t<meta name=\"twitter:data1\" content=\"Ionu\u021b Lepa\" \/>\n\t<meta name=\"twitter:label2\" content=\"Estimated reading time\" \/>\n\t<meta name=\"twitter:data2\" content=\"4 minutes\" \/>\n<script type=\"application\/ld+json\" class=\"yoast-schema-graph\">{\"@context\":\"https:\\\/\\\/schema.org\",\"@graph\":[{\"@type\":\"Article\",\"@id\":\"https:\\\/\\\/buletin.de\\\/bucuresti\\\/dosar-penal-dupa-moartea-suspecta-a-unei-batrane-internate-intr-un-azil-ilegal-din-voluntari\\\/#article\",\"isPartOf\":{\"@id\":\"https:\\\/\\\/buletin.de\\\/bucuresti\\\/dosar-penal-dupa-moartea-suspecta-a-unei-batrane-internate-intr-un-azil-ilegal-din-voluntari\\\/\"},\"author\":{\"name\":\"Ionu\u021b Lepa\",\"@id\":\"https:\\\/\\\/buletin.de\\\/bucuresti\\\/#\\\/schema\\\/person\\\/5272b8a057b33890940b57b837fc4ce6\"},\"headline\":\"Dosar penal dup\u0103 moartea suspect\u0103 a unei b\u0103tr\u00e2ne internate \u00eentr-un azil ilegal din Voluntari\",\"datePublished\":\"2025-02-25T09:54:49+00:00\",\"dateModified\":\"2025-02-25T10:31:38+00:00\",\"mainEntityOfPage\":{\"@id\":\"https:\\\/\\\/buletin.de\\\/bucuresti\\\/dosar-penal-dupa-moartea-suspecta-a-unei-batrane-internate-intr-un-azil-ilegal-din-voluntari\\\/\"},\"wordCount\":692,\"publisher\":{\"@id\":\"https:\\\/\\\/buletin.de\\\/bucuresti\\\/#organization\"},\"image\":{\"@id\":\"https:\\\/\\\/buletin.de\\\/bucuresti\\\/dosar-penal-dupa-moartea-suspecta-a-unei-batrane-internate-intr-un-azil-ilegal-din-voluntari\\\/#primaryimage\"},\"thumbnailUrl\":\"https:\\\/\\\/buletin.de\\\/bucuresti\\\/wp-content\\\/uploads\\\/ambulanta-azil-voluntari.jpg\",\"keywords\":[\"anpc\",\"azil ilegal voluntari\",\"Cristian Popescu Piedone\",\"IPJ Ilfov\"],\"articleSection\":[\"Articole\",\"Eveniment\",\"Main\",\"S\u0103n\u0103tate\"],\"inLanguage\":\"en-GB\",\"copyrightYear\":\"2025\",\"copyrightHolder\":{\"@id\":\"https:\\\/\\\/buletin.de\\\/bucuresti\\\/#organization\"}},{\"@type\":\"WebPage\",\"@id\":\"https:\\\/\\\/buletin.de\\\/bucuresti\\\/dosar-penal-dupa-moartea-suspecta-a-unei-batrane-internate-intr-un-azil-ilegal-din-voluntari\\\/\",\"url\":\"https:\\\/\\\/buletin.de\\\/bucuresti\\\/dosar-penal-dupa-moartea-suspecta-a-unei-batrane-internate-intr-un-azil-ilegal-din-voluntari\\\/\",\"name\":\"Dosar penal dup\u0103 moartea suspect\u0103 a unei b\u0103tr\u00e2ne internate \u00eentr-un azil ilegal din Voluntari - Buletin de Bucure\u0219ti\",\"isPartOf\":{\"@id\":\"https:\\\/\\\/buletin.de\\\/bucuresti\\\/#website\"},\"primaryImageOfPage\":{\"@id\":\"https:\\\/\\\/buletin.de\\\/bucuresti\\\/dosar-penal-dupa-moartea-suspecta-a-unei-batrane-internate-intr-un-azil-ilegal-din-voluntari\\\/#primaryimage\"},\"image\":{\"@id\":\"https:\\\/\\\/buletin.de\\\/bucuresti\\\/dosar-penal-dupa-moartea-suspecta-a-unei-batrane-internate-intr-un-azil-ilegal-din-voluntari\\\/#primaryimage\"},\"thumbnailUrl\":\"https:\\\/\\\/buletin.de\\\/bucuresti\\\/wp-content\\\/uploads\\\/ambulanta-azil-voluntari.jpg\",\"datePublished\":\"2025-02-25T09:54:49+00:00\",\"dateModified\":\"2025-02-25T10:31:38+00:00\",\"description\":\"Un dosar penal a fost deschis de poli\u0163i\u015ftii ilfoveni, dup\u0103 ce o b\u0103tr\u00e2n\u0103 internat\u0103 \u00eentr-un azil ilegal din Voluntari a murit\",\"breadcrumb\":{\"@id\":\"https:\\\/\\\/buletin.de\\\/bucuresti\\\/dosar-penal-dupa-moartea-suspecta-a-unei-batrane-internate-intr-un-azil-ilegal-din-voluntari\\\/#breadcrumb\"},\"inLanguage\":\"en-GB\",\"potentialAction\":[{\"@type\":\"ReadAction\",\"target\":[\"https:\\\/\\\/buletin.de\\\/bucuresti\\\/dosar-penal-dupa-moartea-suspecta-a-unei-batrane-internate-intr-un-azil-ilegal-din-voluntari\\\/\"]}]},{\"@type\":\"ImageObject\",\"inLanguage\":\"en-GB\",\"@id\":\"https:\\\/\\\/buletin.de\\\/bucuresti\\\/dosar-penal-dupa-moartea-suspecta-a-unei-batrane-internate-intr-un-azil-ilegal-din-voluntari\\\/#primaryimage\",\"url\":\"https:\\\/\\\/buletin.de\\\/bucuresti\\\/wp-content\\\/uploads\\\/ambulanta-azil-voluntari.jpg\",\"contentUrl\":\"https:\\\/\\\/buletin.de\\\/bucuresti\\\/wp-content\\\/uploads\\\/ambulanta-azil-voluntari.jpg\",\"width\":1600,\"height\":900,\"caption\":\"Dosar penal \u00een cazul unui azil ilegal din Voluntari. FOTO: ANPC\"},{\"@type\":\"BreadcrumbList\",\"@id\":\"https:\\\/\\\/buletin.de\\\/bucuresti\\\/dosar-penal-dupa-moartea-suspecta-a-unei-batrane-internate-intr-un-azil-ilegal-din-voluntari\\\/#breadcrumb\",\"itemListElement\":[{\"@type\":\"ListItem\",\"position\":1,\"name\":\"Acas\u0103\",\"item\":\"https:\\\/\\\/buletin.de\\\/bucuresti\\\/\"},{\"@type\":\"ListItem\",\"position\":2,\"name\":\"Dosar penal dup\u0103 moartea suspect\u0103 a unei b\u0103tr\u00e2ne internate \u00eentr-un azil ilegal din Voluntari\"}]},{\"@type\":\"WebSite\",\"@id\":\"https:\\\/\\\/buletin.de\\\/bucuresti\\\/#website\",\"url\":\"https:\\\/\\\/buletin.de\\\/bucuresti\\\/\",\"name\":\"Buletin de Bucure\u0219ti\",\"description\":\"\u0218tiri \u0219i investiga\u021bii esen\u021biale din capital\u0103\",\"publisher\":{\"@id\":\"https:\\\/\\\/buletin.de\\\/bucuresti\\\/#organization\"},\"potentialAction\":[{\"@type\":\"SearchAction\",\"target\":{\"@type\":\"EntryPoint\",\"urlTemplate\":\"https:\\\/\\\/buletin.de\\\/bucuresti\\\/?s={search_term_string}\"},\"query-input\":{\"@type\":\"PropertyValueSpecification\",\"valueRequired\":true,\"valueName\":\"search_term_string\"}}],\"inLanguage\":\"en-GB\"},{\"@type\":\"Organization\",\"@id\":\"https:\\\/\\\/buletin.de\\\/bucuresti\\\/#organization\",\"name\":\"Buletin de Bucure\u0219ti\",\"url\":\"https:\\\/\\\/buletin.de\\\/bucuresti\\\/\",\"logo\":{\"@type\":\"ImageObject\",\"inLanguage\":\"en-GB\",\"@id\":\"https:\\\/\\\/buletin.de\\\/bucuresti\\\/#\\\/schema\\\/logo\\\/image\\\/\",\"url\":\"https:\\\/\\\/buletin.de\\\/bucuresti\\\/wp-content\\\/uploads\\\/logo-bdb-full-wide-vernil-transparent.png\",\"contentUrl\":\"https:\\\/\\\/buletin.de\\\/bucuresti\\\/wp-content\\\/uploads\\\/logo-bdb-full-wide-vernil-transparent.png\",\"width\":1782,\"height\":626,\"caption\":\"Buletin de Bucure\u0219ti\"},\"image\":{\"@id\":\"https:\\\/\\\/buletin.de\\\/bucuresti\\\/#\\\/schema\\\/logo\\\/image\\\/\"},\"sameAs\":[\"https:\\\/\\\/www.facebook.com\\\/buletin.de.buc\",\"https:\\\/\\\/www.instagram.com\\\/buletinde.bucuresti\\\/\"]},{\"@type\":\"Person\",\"@id\":\"https:\\\/\\\/buletin.de\\\/bucuresti\\\/#\\\/schema\\\/person\\\/5272b8a057b33890940b57b837fc4ce6\",\"name\":\"Ionu\u021b Lepa\",\"image\":{\"@type\":\"ImageObject\",\"inLanguage\":\"en-GB\",\"@id\":\"https:\\\/\\\/buletin.de\\\/bucuresti\\\/wp-content\\\/uploads\\\/Ionut-Lepa-96x96.jpg5c4e4d9e049808799a8821652d2410a4\",\"url\":\"https:\\\/\\\/buletin.de\\\/bucuresti\\\/wp-content\\\/uploads\\\/Ionut-Lepa-96x96.jpg\",\"contentUrl\":\"https:\\\/\\\/buletin.de\\\/bucuresti\\\/wp-content\\\/uploads\\\/Ionut-Lepa-96x96.jpg\",\"caption\":\"Ionu\u021b Lepa\"},\"url\":\"https:\\\/\\\/buletin.de\\\/bucuresti\\\/author\\\/ionutlepa\\\/\"}]}<\/script>\n<!-- \/ Yoast SEO Premium plugin. -->","yoast_head_json":{"title":"Dosar penal dup\u0103 moartea suspect\u0103 a unei b\u0103tr\u00e2ne internate \u00eentr-un azil ilegal din Voluntari - Buletin de Bucure\u0219ti","description":"Un dosar penal a fost deschis de poli\u0163i\u015ftii ilfoveni, dup\u0103 ce o b\u0103tr\u00e2n\u0103 internat\u0103 \u00eentr-un azil ilegal din Voluntari a murit","robots":{"index":"index","follow":"follow","max-snippet":"max-snippet:-1","max-image-preview":"max-image-preview:large","max-video-preview":"max-video-preview:-1"},"canonical":"https:\/\/buletin.de\/bucuresti\/dosar-penal-dupa-moartea-suspecta-a-unei-batrane-internate-intr-un-azil-ilegal-din-voluntari\/","og_locale":"en_GB","og_type":"article","og_title":"Dosar penal dup\u0103 moartea suspect\u0103 a unei b\u0103tr\u00e2ne internate \u00eentr-un azil ilegal din Voluntari","og_description":"Un dosar penal a fost deschis de poli\u0163i\u015ftii ilfoveni, dup\u0103 ce o b\u0103tr\u00e2n\u0103 internat\u0103 \u00eentr-un azil ilegal din Voluntari a murit","og_url":"https:\/\/buletin.de\/bucuresti\/dosar-penal-dupa-moartea-suspecta-a-unei-batrane-internate-intr-un-azil-ilegal-din-voluntari\/","og_site_name":"Buletin de Bucure\u0219ti","article_publisher":"https:\/\/www.facebook.com\/buletin.de.buc","article_published_time":"2025-02-25T09:54:49+00:00","article_modified_time":"2025-02-25T10:31:38+00:00","og_image":[{"width":1600,"height":900,"url":"https:\/\/buletin.de\/bucuresti\/wp-content\/uploads\/ambulanta-azil-voluntari.jpg","type":"image\/jpeg"}],"author":"Ionu\u021b Lepa","twitter_card":"summary_large_image","twitter_misc":{"Written by":"Ionu\u021b Lepa","Estimated reading time":"4 minutes"},"schema":{"@context":"https:\/\/schema.org","@graph":[{"@type":"Article","@id":"https:\/\/buletin.de\/bucuresti\/dosar-penal-dupa-moartea-suspecta-a-unei-batrane-internate-intr-un-azil-ilegal-din-voluntari\/#article","isPartOf":{"@id":"https:\/\/buletin.de\/bucuresti\/dosar-penal-dupa-moartea-suspecta-a-unei-batrane-internate-intr-un-azil-ilegal-din-voluntari\/"},"author":{"name":"Ionu\u021b Lepa","@id":"https:\/\/buletin.de\/bucuresti\/#\/schema\/person\/5272b8a057b33890940b57b837fc4ce6"},"headline":"Dosar penal dup\u0103 moartea suspect\u0103 a unei b\u0103tr\u00e2ne internate \u00eentr-un azil ilegal din Voluntari","datePublished":"2025-02-25T09:54:49+00:00","dateModified":"2025-02-25T10:31:38+00:00","mainEntityOfPage":{"@id":"https:\/\/buletin.de\/bucuresti\/dosar-penal-dupa-moartea-suspecta-a-unei-batrane-internate-intr-un-azil-ilegal-din-voluntari\/"},"wordCount":692,"publisher":{"@id":"https:\/\/buletin.de\/bucuresti\/#organization"},"image":{"@id":"https:\/\/buletin.de\/bucuresti\/dosar-penal-dupa-moartea-suspecta-a-unei-batrane-internate-intr-un-azil-ilegal-din-voluntari\/#primaryimage"},"thumbnailUrl":"https:\/\/buletin.de\/bucuresti\/wp-content\/uploads\/ambulanta-azil-voluntari.jpg","keywords":["anpc","azil ilegal voluntari","Cristian Popescu Piedone","IPJ Ilfov"],"articleSection":["Articole","Eveniment","Main","S\u0103n\u0103tate"],"inLanguage":"en-GB","copyrightYear":"2025","copyrightHolder":{"@id":"https:\/\/buletin.de\/bucuresti\/#organization"}},{"@type":"WebPage","@id":"https:\/\/buletin.de\/bucuresti\/dosar-penal-dupa-moartea-suspecta-a-unei-batrane-internate-intr-un-azil-ilegal-din-voluntari\/","url":"https:\/\/buletin.de\/bucuresti\/dosar-penal-dupa-moartea-suspecta-a-unei-batrane-internate-intr-un-azil-ilegal-din-voluntari\/","name":"Dosar penal dup\u0103 moartea suspect\u0103 a unei b\u0103tr\u00e2ne internate \u00eentr-un azil ilegal din Voluntari - Buletin de Bucure\u0219ti","isPartOf":{"@id":"https:\/\/buletin.de\/bucuresti\/#website"},"primaryImageOfPage":{"@id":"https:\/\/buletin.de\/bucuresti\/dosar-penal-dupa-moartea-suspecta-a-unei-batrane-internate-intr-un-azil-ilegal-din-voluntari\/#primaryimage"},"image":{"@id":"https:\/\/buletin.de\/bucuresti\/dosar-penal-dupa-moartea-suspecta-a-unei-batrane-internate-intr-un-azil-ilegal-din-voluntari\/#primaryimage"},"thumbnailUrl":"https:\/\/buletin.de\/bucuresti\/wp-content\/uploads\/ambulanta-azil-voluntari.jpg","datePublished":"2025-02-25T09:54:49+00:00","dateModified":"2025-02-25T10:31:38+00:00","description":"Un dosar penal a fost deschis de poli\u0163i\u015ftii ilfoveni, dup\u0103 ce o b\u0103tr\u00e2n\u0103 internat\u0103 \u00eentr-un azil ilegal din Voluntari a murit","breadcrumb":{"@id":"https:\/\/buletin.de\/bucuresti\/dosar-penal-dupa-moartea-suspecta-a-unei-batrane-internate-intr-un-azil-ilegal-din-voluntari\/#breadcrumb"},"inLanguage":"en-GB","potentialAction":[{"@type":"ReadAction","target":["https:\/\/buletin.de\/bucuresti\/dosar-penal-dupa-moartea-suspecta-a-unei-batrane-internate-intr-un-azil-ilegal-din-voluntari\/"]}]},{"@type":"ImageObject","inLanguage":"en-GB","@id":"https:\/\/buletin.de\/bucuresti\/dosar-penal-dupa-moartea-suspecta-a-unei-batrane-internate-intr-un-azil-ilegal-din-voluntari\/#primaryimage","url":"https:\/\/buletin.de\/bucuresti\/wp-content\/uploads\/ambulanta-azil-voluntari.jpg","contentUrl":"https:\/\/buletin.de\/bucuresti\/wp-content\/uploads\/ambulanta-azil-voluntari.jpg","width":1600,"height":900,"caption":"Dosar penal \u00een cazul unui azil ilegal din Voluntari. FOTO: ANPC"},{"@type":"BreadcrumbList","@id":"https:\/\/buletin.de\/bucuresti\/dosar-penal-dupa-moartea-suspecta-a-unei-batrane-internate-intr-un-azil-ilegal-din-voluntari\/#breadcrumb","itemListElement":[{"@type":"ListItem","position":1,"name":"Acas\u0103","item":"https:\/\/buletin.de\/bucuresti\/"},{"@type":"ListItem","position":2,"name":"Dosar penal dup\u0103 moartea suspect\u0103 a unei b\u0103tr\u00e2ne internate \u00eentr-un azil ilegal din Voluntari"}]},{"@type":"WebSite","@id":"https:\/\/buletin.de\/bucuresti\/#website","url":"https:\/\/buletin.de\/bucuresti\/","name":"Buletin de Bucure\u0219ti","description":"\u0218tiri \u0219i investiga\u021bii esen\u021biale din capital\u0103","publisher":{"@id":"https:\/\/buletin.de\/bucuresti\/#organization"},"potentialAction":[{"@type":"SearchAction","target":{"@type":"EntryPoint","urlTemplate":"https:\/\/buletin.de\/bucuresti\/?s={search_term_string}"},"query-input":{"@type":"PropertyValueSpecification","valueRequired":true,"valueName":"search_term_string"}}],"inLanguage":"en-GB"},{"@type":"Organization","@id":"https:\/\/buletin.de\/bucuresti\/#organization","name":"Buletin de Bucure\u0219ti","url":"https:\/\/buletin.de\/bucuresti\/","logo":{"@type":"ImageObject","inLanguage":"en-GB","@id":"https:\/\/buletin.de\/bucuresti\/#\/schema\/logo\/image\/","url":"https:\/\/buletin.de\/bucuresti\/wp-content\/uploads\/logo-bdb-full-wide-vernil-transparent.png","contentUrl":"https:\/\/buletin.de\/bucuresti\/wp-content\/uploads\/logo-bdb-full-wide-vernil-transparent.png","width":1782,"height":626,"caption":"Buletin de Bucure\u0219ti"},"image":{"@id":"https:\/\/buletin.de\/bucuresti\/#\/schema\/logo\/image\/"},"sameAs":["https:\/\/www.facebook.com\/buletin.de.buc","https:\/\/www.instagram.com\/buletinde.bucuresti\/"]},{"@type":"Person","@id":"https:\/\/buletin.de\/bucuresti\/#\/schema\/person\/5272b8a057b33890940b57b837fc4ce6","name":"Ionu\u021b Lepa","image":{"@type":"ImageObject","inLanguage":"en-GB","@id":"https:\/\/buletin.de\/bucuresti\/wp-content\/uploads\/Ionut-Lepa-96x96.jpg5c4e4d9e049808799a8821652d2410a4","url":"https:\/\/buletin.de\/bucuresti\/wp-content\/uploads\/Ionut-Lepa-96x96.jpg","contentUrl":"https:\/\/buletin.de\/bucuresti\/wp-content\/uploads\/Ionut-Lepa-96x96.jpg","caption":"Ionu\u021b Lepa"},"url":"https:\/\/buletin.de\/bucuresti\/author\/ionutlepa\/"}]}},"authors":[{"term_id":22586,"user_id":8,"is_guest":0,"slug":"ionutlepa","display_name":"Ionu\u021b Lepa","avatar_url":"https:\/\/buletin.de\/bucuresti\/wp-content\/uploads\/Ionut-Lepa-96x96.jpg","0":null,"1":"","2":"","3":"","4":"","5":"","6":"","7":"","8":""}],"_links":{"self":[{"href":"https:\/\/buletin.de\/bucuresti\/wp-json\/wp\/v2\/posts\/120025","targetHints":{"allow":["GET"]}}],"collection":[{"href":"https:\/\/buletin.de\/bucuresti\/wp-json\/wp\/v2\/posts"}],"about":[{"href":"https:\/\/buletin.de\/bucuresti\/wp-json\/wp\/v2\/types\/post"}],"author":[{"embeddable":true,"href":"https:\/\/buletin.de\/bucuresti\/wp-json\/wp\/v2\/users\/8"}],"replies":[{"embeddable":true,"href":"https:\/\/buletin.de\/bucuresti\/wp-json\/wp\/v2\/comments?post=120025"}],"version-history":[{"count":4,"href":"https:\/\/buletin.de\/bucuresti\/wp-json\/wp\/v2\/posts\/120025\/revisions"}],"predecessor-version":[{"id":120042,"href":"https:\/\/buletin.de\/bucuresti\/wp-json\/wp\/v2\/posts\/120025\/revisions\/120042"}],"wp:featuredmedia":[{"embeddable":true,"href":"https:\/\/buletin.de\/bucuresti\/wp-json\/wp\/v2\/media\/120046"}],"wp:attachment":[{"href":"https:\/\/buletin.de\/bucuresti\/wp-json\/wp\/v2\/media?parent=120025"}],"wp:term":[{"taxonomy":"category","embeddable":true,"href":"https:\/\/buletin.de\/bucuresti\/wp-json\/wp\/v2\/categories?post=120025"},{"taxonomy":"post_tag","embeddable":true,"href":"https:\/\/buletin.de\/bucuresti\/wp-json\/wp\/v2\/tags?post=120025"},{"taxonomy":"author","embeddable":true,"href":"https:\/\/buletin.de\/bucuresti\/wp-json\/wp\/v2\/ppma_author?post=120025"}],"curies":[{"name":"wp","href":"https:\/\/api.w.org\/{rel}","templated":true}]}}