{"id":120014,"date":"2025-02-25T14:24:43","date_gmt":"2025-02-25T11:24:43","guid":{"rendered":"https:\/\/buletin.de\/bucuresti\/?p=120014"},"modified":"2025-04-05T12:17:54","modified_gmt":"2025-04-05T09:17:54","slug":"sector-3-pasaj-pietonal-care-sa-lege-gara-titan-statia-de-metrou-republica-si-hala-laminor","status":"publish","type":"post","link":"https:\/\/buletin.de\/bucuresti\/sector-3-pasaj-pietonal-care-sa-lege-gara-titan-statia-de-metrou-republica-si-hala-laminor\/","title":{"rendered":"Sector 3 | Pasaj pietonal care s\u0103 lege Gara Titan, sta\u0163ia de metrou Republica \u015fi Hala Laminor"},"content":{"rendered":"\n<p><strong>Robert Negoi\u0163\u0103 continu\u0103 \u015firul investi\u0163iilor din bani publici \u00een zona Halei Laminor, de data asta cu un pasaj pietonal. Totu\u015fi, pentru a face proiectul, are nevoie ca Prim\u0103ria General\u0103 s\u0103 \u00eei dea \u00een folosin\u0163\u0103 o bucat\u0103 din bulevardul Basarabia. Drept urmare, a introdus pe ordinea de zi a Consiliului Local al Sectorului 3 un proiect de hot\u0103r\u00e2re cu aceast\u0103 cerere. <\/strong><\/p>\n\n\n\n<hr class=\"wp-block-separator has-alpha-channel-opacity\"\/>\n\n\n\n<p><strong><mark style=\"background-color:rgba(0, 0, 0, 0)\" class=\"has-inline-color has-vivid-red-color\">Update 27 februarie: <\/mark><\/strong>Proiectul a trecut cu 22 voturi pentru, 3 \u00eempotriv\u0103 \u0219i 6 ab\u021bineri. Consilierul C\u0103t\u0103lin Moldovanu a declarat c\u0103 grupul PNL nu va vota proiectul, acuz\u00e2nd consilierii USR de o alian\u021b\u0103 cu social-democra\u021bii.<\/p>\n\n\n\n<p>Drept r\u0103spuns, consilierii USR au argumentat c\u0103 nu sus\u021bin investi\u021biile din zona Halei Laminor, \u00eens\u0103 consider\u0103 c\u0103 pasajul pietonal va fi necesar dup\u0103 ce, anul trecut, consilierii PNL \u0219i PSD au decis ca <a href=\"https:\/\/buletin.de\/bucuresti\/sector-3-primaria-se-muta-in-hala-laminor-birourile-institutiei-vor-ocupa-11-000-mp\/\">Prim\u0103ria Sectorului 3 s\u0103 se mute \u00een hala istoric\u0103<\/a>.<\/p>\n\n\n\n<hr class=\"wp-block-separator has-alpha-channel-opacity\"\/>\n\n\n\n<p><a href=\"https:\/\/www.primarie3.ro\/images\/uploads\/consiliu_local\/HCLS3_nr.70_din_27_.02.2025.pdf\" target=\"_blank\" rel=\"noreferrer noopener\">Conform proiectului<\/a>, \u201ese solicit\u0103 Consiliului General al Municipiului Bucure\u015fti adoptarea unei hot\u0103r\u00e2ri privind transmiterea Bulevardului Basarabia, <strong>tronsonul cuprins \u00eentre Pia\u0163a Republica \u015fi Hala Laminor, \u00een suprafa\u0163\u0103 de 9965,30 mp<\/strong> (\u2026) din administrarea Consiliului General al Municipiului Bucure\u015fti &#8211; Administra\u0163ia Str\u0103zilor \u00een administrarea Consiliului Local al Sectorului 3, \u00een scopul realiz\u0103rii unui obiectiv de investi\u0163ii privind construirea unui pasaj pietonal subteran care s\u0103 conexeze sta\u0163ia de metrou Republica, Gara Titan, Hala Laminor, \u00een vederea \u00eembun\u0103t\u0103\u0163irii siguran\u0163ei \u015fi confortului pietonilor care tranziteaz\u0103 zona\u201d.<\/p>\n\n\n\n<div class=\"wp-block-buttons is-content-justification-center is-layout-flex wp-container-core-buttons-is-layout-16018d1d wp-block-buttons-is-layout-flex\">\n<div class=\"wp-block-button has-custom-width wp-block-button__width-100\"><a class=\"wp-block-button__link wp-element-button\" href=\"https:\/\/www.patreon.com\/BuletinDeBucuresti\"><strong>Sus\u021bine Buletin de Bucure\u0219ti pentru investiga\u021bii, reportaje \u0219i \u0219tiri Locale<\/strong><\/a><\/div>\n<\/div>\n\n\n\n<p>Proiectan\u0163ii noteaz\u0103 c\u0103:<\/p>\n\n\n\n<ul class=\"wp-block-list\">\n<li>\u00cen\u0103l\u0163imea liber\u0103 a pasajului este variabil\u0103, aceasta av\u00e2nd 3.66 metri \u00een zona ie\u015firii din proximitatea Halei Laminor \u015fi 5.21 metri la leg\u0103tura cu Pasajul Metroului Republica.<\/li>\n<\/ul>\n\n\n\n<ul class=\"wp-block-list\">\n<li>Dup\u0103 finalizarea lucr\u0103rilor, circula\u0163iile carosabile nu vor suferi modific\u0103ri.<\/li>\n<\/ul>\n\n\n\n<ul class=\"wp-block-list\">\n<li>Pasajul leag\u0103 pia\u0163eta din fa\u0163a Halei Laminor cu pasajul existent aferent sta\u0163iei de Metrou Republica.<\/li>\n<\/ul>\n\n\n\n<ul class=\"wp-block-list\">\n<li>Acest proiect are ca scop strict construirea pasajului pietonal. Elementele de la suprafa\u0163\u0103 care nu sunt \u00een limita pasajului pietonal subteran, nu fac parte din acest proiect, acestea f\u0103c\u00e2nd parte dintr-un proiect complementar.<\/li>\n<\/ul>\n\n\n\n<p><strong>CITE\u015eTE \u015eI:<\/strong> <a href=\"https:\/\/buletin.de\/bucuresti\/primaria-sectorului-3-costurile-defalcate-facute-cu-targul-de-craciun-de-la-hala-laminor-sunt-secret-comercial\/\">Prim\u0103ria Sectorului 3: Costurile defalcate pentru T\u00e2rgul de Cr\u0103ciun de la Hala Laminor sunt \u201esecret comercial\u201d<\/a><\/p>\n\n\n\n<figure class=\"wp-block-image size-large\"><img fetchpriority=\"high\" decoding=\"async\" width=\"900\" height=\"630\" src=\"data:image\/gif;base64,R0lGODlhAQABAAAAACH5BAEKAAEALAAAAAABAAEAAAICTAEAOw==\" data-src=\"https:\/\/buletin.de\/bucuresti\/wp-content\/uploads\/macheta-pasaj-900x630.png\" alt=\"\" class=\"wp-image-120054 lazyload\" data-sizes=\"auto\" data-srcset=\"https:\/\/buletin.de\/bucuresti\/wp-content\/uploads\/macheta-pasaj-900x630.png 900w, https:\/\/buletin.de\/bucuresti\/wp-content\/uploads\/macheta-pasaj-300x210.png 300w, https:\/\/buletin.de\/bucuresti\/wp-content\/uploads\/macheta-pasaj-768x538.png 768w, https:\/\/buletin.de\/bucuresti\/wp-content\/uploads\/macheta-pasaj-1100x771.png 1100w, https:\/\/buletin.de\/bucuresti\/wp-content\/uploads\/macheta-pasaj-600x420.png 600w, https:\/\/buletin.de\/bucuresti\/wp-content\/uploads\/macheta-pasaj-20x14.png 20w, https:\/\/buletin.de\/bucuresti\/wp-content\/uploads\/macheta-pasaj.png 1192w\" sizes=\"(max-width: 900px) 100vw, 900px\" \/><figcaption class=\"wp-element-caption\">sursa: <a href=\"https:\/\/www.primarie3.ro\/images\/uploads\/consiliu_local\/Punctul_4_din_27.02.2025.pdf\">PHCL<\/a><\/figcaption><\/figure>\n\n\n\n<p>Prim\u0103ria Sectorului 3 pl\u0103nuie\u015fte ca, \u00een aceea\u015fi zon\u0103, s\u0103 ridice parcarea de 115 milioane de euro despre care Buletin de Bucure\u015fti a scris \u00eenc\u0103 din mai 2024. <\/p>\n\n\n\n<p><strong>CITE\u015eTE \u015eI:<\/strong> <a href=\"https:\/\/buletin.de\/bucuresti\/sector-3-proiect-pentru-construirea-unei-parcari-uriase-care-ar-costa-114-milioane-de-euro-la-doi-pasi-de-hala-laminor\/\">Sector 3 | Parcare de opt etaje, la un pre\u021b de 44.000 de euro per loc, l\u00e2ng\u0103 Hala Laminor<\/a><br><\/p>\n","protected":false},"excerpt":{"rendered":"<p>Robert Negoi\u0163\u0103 continu\u0103 \u015firul investi\u0163iilor din bani publici \u00een zona Halei Laminor, de data asta cu un pasaj pietonal. Totu\u015fi, pentru a face proiectul, are nevoie ca Prim\u0103ria General\u0103 s\u0103 \u00eei dea \u00een folosin\u0163\u0103 o bucat\u0103 din bulevardul Basarabia. Drept urmare, a introdus pe ordinea de zi a Consiliului Local al Sectorului 3 un proiect [&hellip;]<\/p>\n","protected":false},"author":8,"featured_media":120052,"comment_status":"closed","ping_status":"open","sticky":false,"template":"","format":"standard","meta":{"_acf_changed":false,"inline_featured_image":false,"ngg_post_thumbnail":0,"footnotes":""},"categories":[6994,5762,24,650],"tags":[19411,3174,220,440],"ppma_author":[22586],"class_list":["post-120014","post","type-post","status-publish","format-standard","has-post-thumbnail","hentry","category-stiri-2","category-main","category-primarie","category-transport","tag-pasaj-pietonal-zona-republica","tag-primaria-sectorului-3","tag-robert-negoita","tag-sector-3"],"acf":[],"yoast_head":"<!-- This site is optimized with the Yoast SEO Premium plugin v25.3 (Yoast SEO v27.5) - https:\/\/yoast.com\/product\/yoast-seo-premium-wordpress\/ -->\n<title>Sector 3 | Pasaj pietonal care s\u0103 lege Gara Titan, sta\u0163ia de metrou Republica \u015fi Hala Laminor - Buletin de Bucure\u0219ti<\/title>\n<meta name=\"description\" content=\"Robert Negoi\u0163\u0103 continu\u0103 \u015firul investi\u0163iilor din bani publici \u00een zona Halei Laminor, de data asta cu un pasaj pietonal.\" \/>\n<meta name=\"robots\" content=\"index, follow, max-snippet:-1, max-image-preview:large, max-video-preview:-1\" \/>\n<link rel=\"canonical\" href=\"https:\/\/buletin.de\/bucuresti\/sector-3-pasaj-pietonal-care-sa-lege-gara-titan-statia-de-metrou-republica-si-hala-laminor\/\" \/>\n<meta property=\"og:locale\" content=\"en_GB\" \/>\n<meta property=\"og:type\" content=\"article\" \/>\n<meta property=\"og:title\" content=\"Sector 3 | Pasaj pietonal care s\u0103 lege Gara Titan, sta\u0163ia de metrou Republica \u015fi Hala Laminor\" \/>\n<meta property=\"og:description\" content=\"Robert Negoi\u0163\u0103 continu\u0103 \u015firul investi\u0163iilor din bani publici \u00een zona Halei Laminor, de data asta cu un pasaj pietonal.\" \/>\n<meta property=\"og:url\" content=\"https:\/\/buletin.de\/bucuresti\/sector-3-pasaj-pietonal-care-sa-lege-gara-titan-statia-de-metrou-republica-si-hala-laminor\/\" \/>\n<meta property=\"og:site_name\" content=\"Buletin de Bucure\u0219ti\" \/>\n<meta property=\"article:publisher\" content=\"https:\/\/www.facebook.com\/buletin.de.buc\" \/>\n<meta property=\"article:published_time\" content=\"2025-02-25T11:24:43+00:00\" \/>\n<meta property=\"article:modified_time\" content=\"2025-04-05T09:17:54+00:00\" \/>\n<meta property=\"og:image\" content=\"https:\/\/buletin.de\/bucuresti\/wp-content\/uploads\/pasaj-pietonal-laminor-republica-900x603.png\" \/>\n\t<meta property=\"og:image:width\" content=\"900\" \/>\n\t<meta property=\"og:image:height\" content=\"603\" \/>\n\t<meta property=\"og:image:type\" content=\"image\/png\" \/>\n<meta name=\"author\" content=\"Ionu\u021b Lepa\" \/>\n<meta name=\"twitter:card\" content=\"summary_large_image\" \/>\n<meta name=\"twitter:label1\" content=\"Written by\" \/>\n\t<meta name=\"twitter:data1\" content=\"Ionu\u021b Lepa\" \/>\n\t<meta name=\"twitter:label2\" content=\"Estimated reading time\" \/>\n\t<meta name=\"twitter:data2\" content=\"3 minutes\" \/>\n<script type=\"application\/ld+json\" class=\"yoast-schema-graph\">{\"@context\":\"https:\\\/\\\/schema.org\",\"@graph\":[{\"@type\":\"Article\",\"@id\":\"https:\\\/\\\/buletin.de\\\/bucuresti\\\/sector-3-pasaj-pietonal-care-sa-lege-gara-titan-statia-de-metrou-republica-si-hala-laminor\\\/#article\",\"isPartOf\":{\"@id\":\"https:\\\/\\\/buletin.de\\\/bucuresti\\\/sector-3-pasaj-pietonal-care-sa-lege-gara-titan-statia-de-metrou-republica-si-hala-laminor\\\/\"},\"author\":{\"name\":\"Ionu\u021b Lepa\",\"@id\":\"https:\\\/\\\/buletin.de\\\/bucuresti\\\/#\\\/schema\\\/person\\\/5272b8a057b33890940b57b837fc4ce6\"},\"headline\":\"Sector 3 | Pasaj pietonal care s\u0103 lege Gara Titan, sta\u0163ia de metrou Republica \u015fi Hala Laminor\",\"datePublished\":\"2025-02-25T11:24:43+00:00\",\"dateModified\":\"2025-04-05T09:17:54+00:00\",\"mainEntityOfPage\":{\"@id\":\"https:\\\/\\\/buletin.de\\\/bucuresti\\\/sector-3-pasaj-pietonal-care-sa-lege-gara-titan-statia-de-metrou-republica-si-hala-laminor\\\/\"},\"wordCount\":435,\"publisher\":{\"@id\":\"https:\\\/\\\/buletin.de\\\/bucuresti\\\/#organization\"},\"image\":{\"@id\":\"https:\\\/\\\/buletin.de\\\/bucuresti\\\/sector-3-pasaj-pietonal-care-sa-lege-gara-titan-statia-de-metrou-republica-si-hala-laminor\\\/#primaryimage\"},\"thumbnailUrl\":\"https:\\\/\\\/buletin.de\\\/bucuresti\\\/wp-content\\\/uploads\\\/pasaj-pietonal-laminor-republica.png\",\"keywords\":[\"pasaj pietonal zona republica\",\"primaria sectorului 3\",\"robert negoita\",\"Sector 3\"],\"articleSection\":[\"Articole\",\"Main\",\"Prim\u0103rie\",\"Transport\"],\"inLanguage\":\"en-GB\",\"copyrightYear\":\"2025\",\"copyrightHolder\":{\"@id\":\"https:\\\/\\\/buletin.de\\\/bucuresti\\\/#organization\"}},{\"@type\":\"WebPage\",\"@id\":\"https:\\\/\\\/buletin.de\\\/bucuresti\\\/sector-3-pasaj-pietonal-care-sa-lege-gara-titan-statia-de-metrou-republica-si-hala-laminor\\\/\",\"url\":\"https:\\\/\\\/buletin.de\\\/bucuresti\\\/sector-3-pasaj-pietonal-care-sa-lege-gara-titan-statia-de-metrou-republica-si-hala-laminor\\\/\",\"name\":\"Sector 3 | Pasaj pietonal care s\u0103 lege Gara Titan, sta\u0163ia de metrou Republica \u015fi Hala Laminor - Buletin de Bucure\u0219ti\",\"isPartOf\":{\"@id\":\"https:\\\/\\\/buletin.de\\\/bucuresti\\\/#website\"},\"primaryImageOfPage\":{\"@id\":\"https:\\\/\\\/buletin.de\\\/bucuresti\\\/sector-3-pasaj-pietonal-care-sa-lege-gara-titan-statia-de-metrou-republica-si-hala-laminor\\\/#primaryimage\"},\"image\":{\"@id\":\"https:\\\/\\\/buletin.de\\\/bucuresti\\\/sector-3-pasaj-pietonal-care-sa-lege-gara-titan-statia-de-metrou-republica-si-hala-laminor\\\/#primaryimage\"},\"thumbnailUrl\":\"https:\\\/\\\/buletin.de\\\/bucuresti\\\/wp-content\\\/uploads\\\/pasaj-pietonal-laminor-republica.png\",\"datePublished\":\"2025-02-25T11:24:43+00:00\",\"dateModified\":\"2025-04-05T09:17:54+00:00\",\"description\":\"Robert Negoi\u0163\u0103 continu\u0103 \u015firul investi\u0163iilor din bani publici \u00een zona Halei Laminor, de data asta cu un pasaj pietonal.\",\"breadcrumb\":{\"@id\":\"https:\\\/\\\/buletin.de\\\/bucuresti\\\/sector-3-pasaj-pietonal-care-sa-lege-gara-titan-statia-de-metrou-republica-si-hala-laminor\\\/#breadcrumb\"},\"inLanguage\":\"en-GB\",\"potentialAction\":[{\"@type\":\"ReadAction\",\"target\":[\"https:\\\/\\\/buletin.de\\\/bucuresti\\\/sector-3-pasaj-pietonal-care-sa-lege-gara-titan-statia-de-metrou-republica-si-hala-laminor\\\/\"]}]},{\"@type\":\"ImageObject\",\"inLanguage\":\"en-GB\",\"@id\":\"https:\\\/\\\/buletin.de\\\/bucuresti\\\/sector-3-pasaj-pietonal-care-sa-lege-gara-titan-statia-de-metrou-republica-si-hala-laminor\\\/#primaryimage\",\"url\":\"https:\\\/\\\/buletin.de\\\/bucuresti\\\/wp-content\\\/uploads\\\/pasaj-pietonal-laminor-republica.png\",\"contentUrl\":\"https:\\\/\\\/buletin.de\\\/bucuresti\\\/wp-content\\\/uploads\\\/pasaj-pietonal-laminor-republica.png\",\"width\":1064,\"height\":713,\"caption\":\"PS3 vrea pasaj pietonal \u00eentre gara Titan, metrou Republica \u015fi hala Laminor. FOTO: Google Satellite View\"},{\"@type\":\"BreadcrumbList\",\"@id\":\"https:\\\/\\\/buletin.de\\\/bucuresti\\\/sector-3-pasaj-pietonal-care-sa-lege-gara-titan-statia-de-metrou-republica-si-hala-laminor\\\/#breadcrumb\",\"itemListElement\":[{\"@type\":\"ListItem\",\"position\":1,\"name\":\"Acas\u0103\",\"item\":\"https:\\\/\\\/buletin.de\\\/bucuresti\\\/\"},{\"@type\":\"ListItem\",\"position\":2,\"name\":\"Sector 3 | Pasaj pietonal care s\u0103 lege Gara Titan, sta\u0163ia de metrou Republica \u015fi Hala Laminor\"}]},{\"@type\":\"WebSite\",\"@id\":\"https:\\\/\\\/buletin.de\\\/bucuresti\\\/#website\",\"url\":\"https:\\\/\\\/buletin.de\\\/bucuresti\\\/\",\"name\":\"Buletin de Bucure\u0219ti\",\"description\":\"\u0218tiri \u0219i investiga\u021bii esen\u021biale din capital\u0103\",\"publisher\":{\"@id\":\"https:\\\/\\\/buletin.de\\\/bucuresti\\\/#organization\"},\"potentialAction\":[{\"@type\":\"SearchAction\",\"target\":{\"@type\":\"EntryPoint\",\"urlTemplate\":\"https:\\\/\\\/buletin.de\\\/bucuresti\\\/?s={search_term_string}\"},\"query-input\":{\"@type\":\"PropertyValueSpecification\",\"valueRequired\":true,\"valueName\":\"search_term_string\"}}],\"inLanguage\":\"en-GB\"},{\"@type\":\"Organization\",\"@id\":\"https:\\\/\\\/buletin.de\\\/bucuresti\\\/#organization\",\"name\":\"Buletin de Bucure\u0219ti\",\"url\":\"https:\\\/\\\/buletin.de\\\/bucuresti\\\/\",\"logo\":{\"@type\":\"ImageObject\",\"inLanguage\":\"en-GB\",\"@id\":\"https:\\\/\\\/buletin.de\\\/bucuresti\\\/#\\\/schema\\\/logo\\\/image\\\/\",\"url\":\"https:\\\/\\\/buletin.de\\\/bucuresti\\\/wp-content\\\/uploads\\\/logo-bdb-full-wide-vernil-transparent.png\",\"contentUrl\":\"https:\\\/\\\/buletin.de\\\/bucuresti\\\/wp-content\\\/uploads\\\/logo-bdb-full-wide-vernil-transparent.png\",\"width\":1782,\"height\":626,\"caption\":\"Buletin de Bucure\u0219ti\"},\"image\":{\"@id\":\"https:\\\/\\\/buletin.de\\\/bucuresti\\\/#\\\/schema\\\/logo\\\/image\\\/\"},\"sameAs\":[\"https:\\\/\\\/www.facebook.com\\\/buletin.de.buc\",\"https:\\\/\\\/www.instagram.com\\\/buletinde.bucuresti\\\/\"]},{\"@type\":\"Person\",\"@id\":\"https:\\\/\\\/buletin.de\\\/bucuresti\\\/#\\\/schema\\\/person\\\/5272b8a057b33890940b57b837fc4ce6\",\"name\":\"Ionu\u021b Lepa\",\"image\":{\"@type\":\"ImageObject\",\"inLanguage\":\"en-GB\",\"@id\":\"https:\\\/\\\/buletin.de\\\/bucuresti\\\/wp-content\\\/uploads\\\/Ionut-Lepa-96x96.jpg5c4e4d9e049808799a8821652d2410a4\",\"url\":\"https:\\\/\\\/buletin.de\\\/bucuresti\\\/wp-content\\\/uploads\\\/Ionut-Lepa-96x96.jpg\",\"contentUrl\":\"https:\\\/\\\/buletin.de\\\/bucuresti\\\/wp-content\\\/uploads\\\/Ionut-Lepa-96x96.jpg\",\"caption\":\"Ionu\u021b Lepa\"},\"url\":\"https:\\\/\\\/buletin.de\\\/bucuresti\\\/author\\\/ionutlepa\\\/\"}]}<\/script>\n<!-- \/ Yoast SEO Premium plugin. -->","yoast_head_json":{"title":"Sector 3 | Pasaj pietonal care s\u0103 lege Gara Titan, sta\u0163ia de metrou Republica \u015fi Hala Laminor - Buletin de Bucure\u0219ti","description":"Robert Negoi\u0163\u0103 continu\u0103 \u015firul investi\u0163iilor din bani publici \u00een zona Halei Laminor, de data asta cu un pasaj pietonal.","robots":{"index":"index","follow":"follow","max-snippet":"max-snippet:-1","max-image-preview":"max-image-preview:large","max-video-preview":"max-video-preview:-1"},"canonical":"https:\/\/buletin.de\/bucuresti\/sector-3-pasaj-pietonal-care-sa-lege-gara-titan-statia-de-metrou-republica-si-hala-laminor\/","og_locale":"en_GB","og_type":"article","og_title":"Sector 3 | Pasaj pietonal care s\u0103 lege Gara Titan, sta\u0163ia de metrou Republica \u015fi Hala Laminor","og_description":"Robert Negoi\u0163\u0103 continu\u0103 \u015firul investi\u0163iilor din bani publici \u00een zona Halei Laminor, de data asta cu un pasaj pietonal.","og_url":"https:\/\/buletin.de\/bucuresti\/sector-3-pasaj-pietonal-care-sa-lege-gara-titan-statia-de-metrou-republica-si-hala-laminor\/","og_site_name":"Buletin de Bucure\u0219ti","article_publisher":"https:\/\/www.facebook.com\/buletin.de.buc","article_published_time":"2025-02-25T11:24:43+00:00","article_modified_time":"2025-04-05T09:17:54+00:00","og_image":[{"width":900,"height":603,"url":"https:\/\/buletin.de\/bucuresti\/wp-content\/uploads\/pasaj-pietonal-laminor-republica-900x603.png","type":"image\/png"}],"author":"Ionu\u021b Lepa","twitter_card":"summary_large_image","twitter_misc":{"Written by":"Ionu\u021b Lepa","Estimated reading time":"3 minutes"},"schema":{"@context":"https:\/\/schema.org","@graph":[{"@type":"Article","@id":"https:\/\/buletin.de\/bucuresti\/sector-3-pasaj-pietonal-care-sa-lege-gara-titan-statia-de-metrou-republica-si-hala-laminor\/#article","isPartOf":{"@id":"https:\/\/buletin.de\/bucuresti\/sector-3-pasaj-pietonal-care-sa-lege-gara-titan-statia-de-metrou-republica-si-hala-laminor\/"},"author":{"name":"Ionu\u021b Lepa","@id":"https:\/\/buletin.de\/bucuresti\/#\/schema\/person\/5272b8a057b33890940b57b837fc4ce6"},"headline":"Sector 3 | Pasaj pietonal care s\u0103 lege Gara Titan, sta\u0163ia de metrou Republica \u015fi Hala Laminor","datePublished":"2025-02-25T11:24:43+00:00","dateModified":"2025-04-05T09:17:54+00:00","mainEntityOfPage":{"@id":"https:\/\/buletin.de\/bucuresti\/sector-3-pasaj-pietonal-care-sa-lege-gara-titan-statia-de-metrou-republica-si-hala-laminor\/"},"wordCount":435,"publisher":{"@id":"https:\/\/buletin.de\/bucuresti\/#organization"},"image":{"@id":"https:\/\/buletin.de\/bucuresti\/sector-3-pasaj-pietonal-care-sa-lege-gara-titan-statia-de-metrou-republica-si-hala-laminor\/#primaryimage"},"thumbnailUrl":"https:\/\/buletin.de\/bucuresti\/wp-content\/uploads\/pasaj-pietonal-laminor-republica.png","keywords":["pasaj pietonal zona republica","primaria sectorului 3","robert negoita","Sector 3"],"articleSection":["Articole","Main","Prim\u0103rie","Transport"],"inLanguage":"en-GB","copyrightYear":"2025","copyrightHolder":{"@id":"https:\/\/buletin.de\/bucuresti\/#organization"}},{"@type":"WebPage","@id":"https:\/\/buletin.de\/bucuresti\/sector-3-pasaj-pietonal-care-sa-lege-gara-titan-statia-de-metrou-republica-si-hala-laminor\/","url":"https:\/\/buletin.de\/bucuresti\/sector-3-pasaj-pietonal-care-sa-lege-gara-titan-statia-de-metrou-republica-si-hala-laminor\/","name":"Sector 3 | Pasaj pietonal care s\u0103 lege Gara Titan, sta\u0163ia de metrou Republica \u015fi Hala Laminor - Buletin de Bucure\u0219ti","isPartOf":{"@id":"https:\/\/buletin.de\/bucuresti\/#website"},"primaryImageOfPage":{"@id":"https:\/\/buletin.de\/bucuresti\/sector-3-pasaj-pietonal-care-sa-lege-gara-titan-statia-de-metrou-republica-si-hala-laminor\/#primaryimage"},"image":{"@id":"https:\/\/buletin.de\/bucuresti\/sector-3-pasaj-pietonal-care-sa-lege-gara-titan-statia-de-metrou-republica-si-hala-laminor\/#primaryimage"},"thumbnailUrl":"https:\/\/buletin.de\/bucuresti\/wp-content\/uploads\/pasaj-pietonal-laminor-republica.png","datePublished":"2025-02-25T11:24:43+00:00","dateModified":"2025-04-05T09:17:54+00:00","description":"Robert Negoi\u0163\u0103 continu\u0103 \u015firul investi\u0163iilor din bani publici \u00een zona Halei Laminor, de data asta cu un pasaj pietonal.","breadcrumb":{"@id":"https:\/\/buletin.de\/bucuresti\/sector-3-pasaj-pietonal-care-sa-lege-gara-titan-statia-de-metrou-republica-si-hala-laminor\/#breadcrumb"},"inLanguage":"en-GB","potentialAction":[{"@type":"ReadAction","target":["https:\/\/buletin.de\/bucuresti\/sector-3-pasaj-pietonal-care-sa-lege-gara-titan-statia-de-metrou-republica-si-hala-laminor\/"]}]},{"@type":"ImageObject","inLanguage":"en-GB","@id":"https:\/\/buletin.de\/bucuresti\/sector-3-pasaj-pietonal-care-sa-lege-gara-titan-statia-de-metrou-republica-si-hala-laminor\/#primaryimage","url":"https:\/\/buletin.de\/bucuresti\/wp-content\/uploads\/pasaj-pietonal-laminor-republica.png","contentUrl":"https:\/\/buletin.de\/bucuresti\/wp-content\/uploads\/pasaj-pietonal-laminor-republica.png","width":1064,"height":713,"caption":"PS3 vrea pasaj pietonal \u00eentre gara Titan, metrou Republica \u015fi hala Laminor. FOTO: Google Satellite View"},{"@type":"BreadcrumbList","@id":"https:\/\/buletin.de\/bucuresti\/sector-3-pasaj-pietonal-care-sa-lege-gara-titan-statia-de-metrou-republica-si-hala-laminor\/#breadcrumb","itemListElement":[{"@type":"ListItem","position":1,"name":"Acas\u0103","item":"https:\/\/buletin.de\/bucuresti\/"},{"@type":"ListItem","position":2,"name":"Sector 3 | Pasaj pietonal care s\u0103 lege Gara Titan, sta\u0163ia de metrou Republica \u015fi Hala Laminor"}]},{"@type":"WebSite","@id":"https:\/\/buletin.de\/bucuresti\/#website","url":"https:\/\/buletin.de\/bucuresti\/","name":"Buletin de Bucure\u0219ti","description":"\u0218tiri \u0219i investiga\u021bii esen\u021biale din capital\u0103","publisher":{"@id":"https:\/\/buletin.de\/bucuresti\/#organization"},"potentialAction":[{"@type":"SearchAction","target":{"@type":"EntryPoint","urlTemplate":"https:\/\/buletin.de\/bucuresti\/?s={search_term_string}"},"query-input":{"@type":"PropertyValueSpecification","valueRequired":true,"valueName":"search_term_string"}}],"inLanguage":"en-GB"},{"@type":"Organization","@id":"https:\/\/buletin.de\/bucuresti\/#organization","name":"Buletin de Bucure\u0219ti","url":"https:\/\/buletin.de\/bucuresti\/","logo":{"@type":"ImageObject","inLanguage":"en-GB","@id":"https:\/\/buletin.de\/bucuresti\/#\/schema\/logo\/image\/","url":"https:\/\/buletin.de\/bucuresti\/wp-content\/uploads\/logo-bdb-full-wide-vernil-transparent.png","contentUrl":"https:\/\/buletin.de\/bucuresti\/wp-content\/uploads\/logo-bdb-full-wide-vernil-transparent.png","width":1782,"height":626,"caption":"Buletin de Bucure\u0219ti"},"image":{"@id":"https:\/\/buletin.de\/bucuresti\/#\/schema\/logo\/image\/"},"sameAs":["https:\/\/www.facebook.com\/buletin.de.buc","https:\/\/www.instagram.com\/buletinde.bucuresti\/"]},{"@type":"Person","@id":"https:\/\/buletin.de\/bucuresti\/#\/schema\/person\/5272b8a057b33890940b57b837fc4ce6","name":"Ionu\u021b Lepa","image":{"@type":"ImageObject","inLanguage":"en-GB","@id":"https:\/\/buletin.de\/bucuresti\/wp-content\/uploads\/Ionut-Lepa-96x96.jpg5c4e4d9e049808799a8821652d2410a4","url":"https:\/\/buletin.de\/bucuresti\/wp-content\/uploads\/Ionut-Lepa-96x96.jpg","contentUrl":"https:\/\/buletin.de\/bucuresti\/wp-content\/uploads\/Ionut-Lepa-96x96.jpg","caption":"Ionu\u021b Lepa"},"url":"https:\/\/buletin.de\/bucuresti\/author\/ionutlepa\/"}]}},"authors":[{"term_id":22586,"user_id":8,"is_guest":0,"slug":"ionutlepa","display_name":"Ionu\u021b Lepa","avatar_url":"https:\/\/buletin.de\/bucuresti\/wp-content\/uploads\/Ionut-Lepa-96x96.jpg","0":null,"1":"","2":"","3":"","4":"","5":"","6":"","7":"","8":""}],"_links":{"self":[{"href":"https:\/\/buletin.de\/bucuresti\/wp-json\/wp\/v2\/posts\/120014","targetHints":{"allow":["GET"]}}],"collection":[{"href":"https:\/\/buletin.de\/bucuresti\/wp-json\/wp\/v2\/posts"}],"about":[{"href":"https:\/\/buletin.de\/bucuresti\/wp-json\/wp\/v2\/types\/post"}],"author":[{"embeddable":true,"href":"https:\/\/buletin.de\/bucuresti\/wp-json\/wp\/v2\/users\/8"}],"replies":[{"embeddable":true,"href":"https:\/\/buletin.de\/bucuresti\/wp-json\/wp\/v2\/comments?post=120014"}],"version-history":[{"count":5,"href":"https:\/\/buletin.de\/bucuresti\/wp-json\/wp\/v2\/posts\/120014\/revisions"}],"predecessor-version":[{"id":125369,"href":"https:\/\/buletin.de\/bucuresti\/wp-json\/wp\/v2\/posts\/120014\/revisions\/125369"}],"wp:featuredmedia":[{"embeddable":true,"href":"https:\/\/buletin.de\/bucuresti\/wp-json\/wp\/v2\/media\/120052"}],"wp:attachment":[{"href":"https:\/\/buletin.de\/bucuresti\/wp-json\/wp\/v2\/media?parent=120014"}],"wp:term":[{"taxonomy":"category","embeddable":true,"href":"https:\/\/buletin.de\/bucuresti\/wp-json\/wp\/v2\/categories?post=120014"},{"taxonomy":"post_tag","embeddable":true,"href":"https:\/\/buletin.de\/bucuresti\/wp-json\/wp\/v2\/tags?post=120014"},{"taxonomy":"author","embeddable":true,"href":"https:\/\/buletin.de\/bucuresti\/wp-json\/wp\/v2\/ppma_author?post=120014"}],"curies":[{"name":"wp","href":"https:\/\/api.w.org\/{rel}","templated":true}]}}