{"id":119995,"date":"2025-02-25T11:19:14","date_gmt":"2025-02-25T08:19:14","guid":{"rendered":"https:\/\/buletin.de\/bucuresti\/?p=119995"},"modified":"2025-02-25T11:19:15","modified_gmt":"2025-02-25T08:19:15","slug":"sector-6-sucursala-bancara-de-la-lujerului-vandalizata-de-un-cetatean-grec","status":"publish","type":"post","link":"https:\/\/buletin.de\/bucuresti\/sector-6-sucursala-bancara-de-la-lujerului-vandalizata-de-un-cetatean-grec\/","title":{"rendered":"Sector 6 | Sucursal\u0103 bancar\u0103 de la Lujerului, vandalizat\u0103 de un cet\u0103\u0163ean grec"},"content":{"rendered":"\n<p><strong>Un b\u0103rbat a provocat pagube \u00eentr-o sucursal\u0103 bancar\u0103 de la Lujerului, f\u0103r\u0103 un motiv clar \u00een acest moment. Potrivit Poli\u0163iei, acesta a p\u0103truns doar \u00een zona bancomatelor, nu a intrat \u015fi unde sunt birourile. <\/strong><\/p>\n\n\n\n<p>Totul s-a \u00eent\u00e2mplat \u00een aceast\u0103 diminea\u0163\u0103, 25 februarie. Poli\u0163i\u015ftii de la<a href=\"https:\/\/b.politiaromana.ro\/ro\/structura\/politia-sectorului-6\/sectia-20-politie\"> sec\u0163ia 20 <\/a>au intervenit dup\u0103 un apel la 112. Ace\u015ftia au fost informa\u0163i c\u0103 \u00een interiorul b\u0103ncii se afl\u0103 \u201eo persoan\u0103 recalcitrant\u0103\u201d. <\/p>\n\n\n\n<p>Au mers la fa\u0163a locului \u015fi au g\u0103sit un b\u0103rbat care avea, \u00eentr-adev\u0103r, un comportament violent. L-au re\u0163inut \u015fi l-au luat la sec\u0163ie, pentru interogatoriu.<\/p>\n\n\n\n<figure class=\"wp-block-image size-full\"><img decoding=\"async\" src=\"data:image\/gif;base64,R0lGODlhAQABAAAAACH5BAEKAAEALAAAAAABAAEAAAICTAEAOw==\" data-src=\"https:\/\/buletin.de\/bucuresti\/wp-content\/uploads\/WhatsApp-Image-2025-02-25-at-09.39.59-1.jpeg\" alt=\"\" class=\"wp-image-120002 lazyload\"\/><figcaption class=\"wp-element-caption\">foto amator<\/figcaption><\/figure>\n\n\n\n<p>Sucursal\u0103 bancar\u0103 vandalizat\u0103. B\u0103rbatul a distrus tot ce a v\u0103zut \u00een cale, dup\u0103 cum reiese din imagini.<\/p>\n\n\n\n<figure class=\"wp-block-gallery has-nested-images columns-default is-cropped wp-block-gallery-1 is-layout-flex wp-block-gallery-is-layout-flex\">\n<figure class=\"wp-block-image size-large\"><img fetchpriority=\"high\" decoding=\"async\" width=\"675\" height=\"900\" data-id=\"120007\" src=\"data:image\/gif;base64,R0lGODlhAQABAAAAACH5BAEKAAEALAAAAAABAAEAAAICTAEAOw==\" data-src=\"https:\/\/buletin.de\/bucuresti\/wp-content\/uploads\/WhatsApp-Image-2025-02-25-at-09.40.00-1-1-675x900.jpeg\" alt=\"\" class=\"wp-image-120007 lazyload\" data-sizes=\"auto\" data-srcset=\"https:\/\/buletin.de\/bucuresti\/wp-content\/uploads\/WhatsApp-Image-2025-02-25-at-09.40.00-1-1-675x900.jpeg 675w, https:\/\/buletin.de\/bucuresti\/wp-content\/uploads\/WhatsApp-Image-2025-02-25-at-09.40.00-1-1-225x300.jpeg 225w, https:\/\/buletin.de\/bucuresti\/wp-content\/uploads\/WhatsApp-Image-2025-02-25-at-09.40.00-1-1-768x1024.jpeg 768w, https:\/\/buletin.de\/bucuresti\/wp-content\/uploads\/WhatsApp-Image-2025-02-25-at-09.40.00-1-1-1152x1536.jpeg 1152w, https:\/\/buletin.de\/bucuresti\/wp-content\/uploads\/WhatsApp-Image-2025-02-25-at-09.40.00-1-1-1100x1467.jpeg 1100w, https:\/\/buletin.de\/bucuresti\/wp-content\/uploads\/WhatsApp-Image-2025-02-25-at-09.40.00-1-1-600x800.jpeg 600w, https:\/\/buletin.de\/bucuresti\/wp-content\/uploads\/WhatsApp-Image-2025-02-25-at-09.40.00-1-1-20x27.jpeg 20w, https:\/\/buletin.de\/bucuresti\/wp-content\/uploads\/WhatsApp-Image-2025-02-25-at-09.40.00-1-1.jpeg 1536w\" sizes=\"(max-width: 675px) 100vw, 675px\" \/><\/figure>\n\n\n\n<figure class=\"wp-block-image size-large\"><img decoding=\"async\" width=\"675\" height=\"900\" data-id=\"120008\" src=\"data:image\/gif;base64,R0lGODlhAQABAAAAACH5BAEKAAEALAAAAAABAAEAAAICTAEAOw==\" data-src=\"https:\/\/buletin.de\/bucuresti\/wp-content\/uploads\/WhatsApp-Image-2025-02-25-at-09.40.00-2-675x900.jpeg\" alt=\"\" class=\"wp-image-120008 lazyload\" data-sizes=\"auto\" data-srcset=\"https:\/\/buletin.de\/bucuresti\/wp-content\/uploads\/WhatsApp-Image-2025-02-25-at-09.40.00-2-675x900.jpeg 675w, https:\/\/buletin.de\/bucuresti\/wp-content\/uploads\/WhatsApp-Image-2025-02-25-at-09.40.00-2-225x300.jpeg 225w, https:\/\/buletin.de\/bucuresti\/wp-content\/uploads\/WhatsApp-Image-2025-02-25-at-09.40.00-2-768x1024.jpeg 768w, https:\/\/buletin.de\/bucuresti\/wp-content\/uploads\/WhatsApp-Image-2025-02-25-at-09.40.00-2-1152x1536.jpeg 1152w, https:\/\/buletin.de\/bucuresti\/wp-content\/uploads\/WhatsApp-Image-2025-02-25-at-09.40.00-2-1100x1467.jpeg 1100w, https:\/\/buletin.de\/bucuresti\/wp-content\/uploads\/WhatsApp-Image-2025-02-25-at-09.40.00-2-600x800.jpeg 600w, https:\/\/buletin.de\/bucuresti\/wp-content\/uploads\/WhatsApp-Image-2025-02-25-at-09.40.00-2-20x27.jpeg 20w, https:\/\/buletin.de\/bucuresti\/wp-content\/uploads\/WhatsApp-Image-2025-02-25-at-09.40.00-2.jpeg 1536w\" sizes=\"(max-width: 675px) 100vw, 675px\" \/><\/figure>\n\n\n\n<figure class=\"wp-block-image size-large\"><img decoding=\"async\" width=\"506\" height=\"900\" data-id=\"120009\" src=\"data:image\/gif;base64,R0lGODlhAQABAAAAACH5BAEKAAEALAAAAAABAAEAAAICTAEAOw==\" data-src=\"https:\/\/buletin.de\/bucuresti\/wp-content\/uploads\/WhatsApp-Image-2025-02-25-at-09.39.59-1-2-506x900.jpeg\" alt=\"\" class=\"wp-image-120009 lazyload\" data-sizes=\"auto\" data-srcset=\"https:\/\/buletin.de\/bucuresti\/wp-content\/uploads\/WhatsApp-Image-2025-02-25-at-09.39.59-1-2-506x900.jpeg 506w, https:\/\/buletin.de\/bucuresti\/wp-content\/uploads\/WhatsApp-Image-2025-02-25-at-09.39.59-1-2-169x300.jpeg 169w, https:\/\/buletin.de\/bucuresti\/wp-content\/uploads\/WhatsApp-Image-2025-02-25-at-09.39.59-1-2-768x1365.jpeg 768w, https:\/\/buletin.de\/bucuresti\/wp-content\/uploads\/WhatsApp-Image-2025-02-25-at-09.39.59-1-2-864x1536.jpeg 864w, https:\/\/buletin.de\/bucuresti\/wp-content\/uploads\/WhatsApp-Image-2025-02-25-at-09.39.59-1-2-1100x1956.jpeg 1100w, https:\/\/buletin.de\/bucuresti\/wp-content\/uploads\/WhatsApp-Image-2025-02-25-at-09.39.59-1-2-600x1067.jpeg 600w, https:\/\/buletin.de\/bucuresti\/wp-content\/uploads\/WhatsApp-Image-2025-02-25-at-09.39.59-1-2-20x36.jpeg 20w, https:\/\/buletin.de\/bucuresti\/wp-content\/uploads\/WhatsApp-Image-2025-02-25-at-09.39.59-1-2.jpeg 1152w\" sizes=\"(max-width: 506px) 100vw, 506px\" \/><\/figure>\n<figcaption class=\"blocks-gallery-caption wp-element-caption\">foto amator<\/figcaption><\/figure>\n\n\n\n<figure class=\"wp-block-image size-large\"><img loading=\"lazy\" decoding=\"async\" width=\"900\" height=\"675\" src=\"data:image\/gif;base64,R0lGODlhAQABAAAAACH5BAEKAAEALAAAAAABAAEAAAICTAEAOw==\" data-src=\"https:\/\/buletin.de\/bucuresti\/wp-content\/uploads\/WhatsApp-Image-2025-02-25-at-08.15.06-900x675.jpeg\" alt=\"\" class=\"wp-image-120010 lazyload\" data-sizes=\"auto\" data-srcset=\"https:\/\/buletin.de\/bucuresti\/wp-content\/uploads\/WhatsApp-Image-2025-02-25-at-08.15.06-900x675.jpeg 900w, https:\/\/buletin.de\/bucuresti\/wp-content\/uploads\/WhatsApp-Image-2025-02-25-at-08.15.06-300x225.jpeg 300w, https:\/\/buletin.de\/bucuresti\/wp-content\/uploads\/WhatsApp-Image-2025-02-25-at-08.15.06-768x576.jpeg 768w, https:\/\/buletin.de\/bucuresti\/wp-content\/uploads\/WhatsApp-Image-2025-02-25-at-08.15.06-1536x1152.jpeg 1536w, https:\/\/buletin.de\/bucuresti\/wp-content\/uploads\/WhatsApp-Image-2025-02-25-at-08.15.06-1600x1200.jpeg 1600w, https:\/\/buletin.de\/bucuresti\/wp-content\/uploads\/WhatsApp-Image-2025-02-25-at-08.15.06-1100x825.jpeg 1100w, https:\/\/buletin.de\/bucuresti\/wp-content\/uploads\/WhatsApp-Image-2025-02-25-at-08.15.06-600x450.jpeg 600w, https:\/\/buletin.de\/bucuresti\/wp-content\/uploads\/WhatsApp-Image-2025-02-25-at-08.15.06-20x15.jpeg 20w, https:\/\/buletin.de\/bucuresti\/wp-content\/uploads\/WhatsApp-Image-2025-02-25-at-08.15.06.jpeg 2000w\" sizes=\"(max-width: 900px) 100vw, 900px\" \/><figcaption class=\"wp-element-caption\">foto: Ana Anghel-Dimache<\/figcaption><\/figure>\n\n\n\n<p>Verific\u0103rile sunt continuate de c\u0103tre poli\u021bi\u0219tii Sec\u021biei 20 Poli\u021bie, \u00een vederea stabilirii situa\u021biei de fapt \u0219i lu\u0103rii m\u0103surilor legale ce se impun, transmite Poli\u0163ia Capitalei, \u00eentr-un comunicat.<\/p>\n\n\n\n<p><strong>CITE\u015eTE \u015eI:<\/strong> <a href=\"https:\/\/buletin.de\/bucuresti\/atacul-hackerilor-asupra-sectorului-5-piedone-jr-angajeaza-o-firma-pentru-a-afla-impactul-furtului-datelor-personale-contractul-atribuit-dupa-investigatia-buletin-de-bucuresti-si-snoop\/\">Atacul hackerilor asupra Sectorului 5 | Piedone Jr. angajeaz\u0103 o firm\u0103 pentru a afla impactul furtului datelor personale. Contractul, atribuit dup\u0103 investiga\u021bia Buletin de Bucure\u0219ti \u0219i Snoop<\/a><br><\/p>\n\n\n\n<p><\/p>\n","protected":false},"excerpt":{"rendered":"<p>Un b\u0103rbat a provocat pagube \u00eentr-o sucursal\u0103 bancar\u0103 de la Lujerului, f\u0103r\u0103 un motiv clar \u00een acest moment. Potrivit Poli\u0163iei, acesta a p\u0103truns doar \u00een zona bancomatelor, nu a intrat \u015fi unde sunt birourile. Totul s-a \u00eent\u00e2mplat \u00een aceast\u0103 diminea\u0163\u0103, 25 februarie. Poli\u0163i\u015ftii de la sec\u0163ia 20 au intervenit dup\u0103 un apel la 112. Ace\u015ftia [&hellip;]<\/p>\n","protected":false},"author":8,"featured_media":119997,"comment_status":"closed","ping_status":"open","sticky":false,"template":"","format":"standard","meta":{"_acf_changed":false,"inline_featured_image":false,"ngg_post_thumbnail":0,"footnotes":""},"categories":[6994,9026,62],"tags":[19408,19407],"ppma_author":[22586],"class_list":["post-119995","post","type-post","status-publish","format-standard","has-post-thumbnail","hentry","category-stiri-2","category-eveniment","category-stiri","tag-bcr-lujerului","tag-bcr-sector-6"],"acf":[],"yoast_head":"<!-- This site is optimized with the Yoast SEO Premium plugin v25.3 (Yoast SEO v27.4) - https:\/\/yoast.com\/product\/yoast-seo-premium-wordpress\/ -->\n<title>Sector 6 | Sucursal\u0103 bancar\u0103 de la Lujerului, vandalizat\u0103 de un cet\u0103\u0163ean grec - Buletin de Bucure\u0219ti<\/title>\n<meta name=\"description\" content=\"Un b\u0103rbat a provocat pagube \u00eentr-o sucursal\u0103 bancar\u0103 de la Lujerului. A intrat \u00een zona bancomatelor \u015fi a distrus tot ce i-a ie\u015fit \u00een cale\" \/>\n<meta name=\"robots\" content=\"index, follow, max-snippet:-1, max-image-preview:large, max-video-preview:-1\" \/>\n<link rel=\"canonical\" href=\"https:\/\/buletin.de\/bucuresti\/sector-6-sucursala-bancara-de-la-lujerului-vandalizata-de-un-cetatean-grec\/\" \/>\n<meta property=\"og:locale\" content=\"en_GB\" \/>\n<meta property=\"og:type\" content=\"article\" \/>\n<meta property=\"og:title\" content=\"Sector 6 | Sucursal\u0103 bancar\u0103 de la Lujerului, vandalizat\u0103 de un cet\u0103\u0163ean grec\" \/>\n<meta property=\"og:description\" content=\"Un b\u0103rbat a provocat pagube \u00eentr-o sucursal\u0103 bancar\u0103 de la Lujerului. A intrat \u00een zona bancomatelor \u015fi a distrus tot ce i-a ie\u015fit \u00een cale\" \/>\n<meta property=\"og:url\" content=\"https:\/\/buletin.de\/bucuresti\/sector-6-sucursala-bancara-de-la-lujerului-vandalizata-de-un-cetatean-grec\/\" \/>\n<meta property=\"og:site_name\" content=\"Buletin de Bucure\u0219ti\" \/>\n<meta property=\"article:publisher\" content=\"https:\/\/www.facebook.com\/buletin.de.buc\" \/>\n<meta property=\"article:published_time\" content=\"2025-02-25T08:19:14+00:00\" \/>\n<meta property=\"article:modified_time\" content=\"2025-02-25T08:19:15+00:00\" \/>\n<meta property=\"og:image\" content=\"https:\/\/buletin.de\/bucuresti\/wp-content\/uploads\/bcr-lujerului-vandalizat.jpeg\" \/>\n\t<meta property=\"og:image:width\" content=\"2000\" \/>\n\t<meta property=\"og:image:height\" content=\"1500\" \/>\n\t<meta property=\"og:image:type\" content=\"image\/jpeg\" \/>\n<meta name=\"author\" content=\"Ionu\u021b Lepa\" \/>\n<meta name=\"twitter:card\" content=\"summary_large_image\" \/>\n<meta name=\"twitter:label1\" content=\"Written by\" \/>\n\t<meta name=\"twitter:data1\" content=\"Ionu\u021b Lepa\" \/>\n\t<meta name=\"twitter:label2\" content=\"Estimated reading time\" \/>\n\t<meta name=\"twitter:data2\" content=\"2 minutes\" \/>\n<script type=\"application\/ld+json\" class=\"yoast-schema-graph\">{\"@context\":\"https:\\\/\\\/schema.org\",\"@graph\":[{\"@type\":\"Article\",\"@id\":\"https:\\\/\\\/buletin.de\\\/bucuresti\\\/sector-6-sucursala-bancara-de-la-lujerului-vandalizata-de-un-cetatean-grec\\\/#article\",\"isPartOf\":{\"@id\":\"https:\\\/\\\/buletin.de\\\/bucuresti\\\/sector-6-sucursala-bancara-de-la-lujerului-vandalizata-de-un-cetatean-grec\\\/\"},\"author\":{\"name\":\"Ionu\u021b Lepa\",\"@id\":\"https:\\\/\\\/buletin.de\\\/bucuresti\\\/#\\\/schema\\\/person\\\/5272b8a057b33890940b57b837fc4ce6\"},\"headline\":\"Sector 6 | Sucursal\u0103 bancar\u0103 de la Lujerului, vandalizat\u0103 de un cet\u0103\u0163ean grec\",\"datePublished\":\"2025-02-25T08:19:14+00:00\",\"dateModified\":\"2025-02-25T08:19:15+00:00\",\"mainEntityOfPage\":{\"@id\":\"https:\\\/\\\/buletin.de\\\/bucuresti\\\/sector-6-sucursala-bancara-de-la-lujerului-vandalizata-de-un-cetatean-grec\\\/\"},\"wordCount\":210,\"publisher\":{\"@id\":\"https:\\\/\\\/buletin.de\\\/bucuresti\\\/#organization\"},\"image\":{\"@id\":\"https:\\\/\\\/buletin.de\\\/bucuresti\\\/sector-6-sucursala-bancara-de-la-lujerului-vandalizata-de-un-cetatean-grec\\\/#primaryimage\"},\"thumbnailUrl\":\"https:\\\/\\\/buletin.de\\\/bucuresti\\\/wp-content\\\/uploads\\\/bcr-lujerului-vandalizat.jpeg\",\"keywords\":[\"bcr lujerului\",\"bcr sector 6\"],\"articleSection\":[\"Articole\",\"Eveniment\",\"\u0218tiri\"],\"inLanguage\":\"en-GB\",\"copyrightYear\":\"2025\",\"copyrightHolder\":{\"@id\":\"https:\\\/\\\/buletin.de\\\/bucuresti\\\/#organization\"}},{\"@type\":\"WebPage\",\"@id\":\"https:\\\/\\\/buletin.de\\\/bucuresti\\\/sector-6-sucursala-bancara-de-la-lujerului-vandalizata-de-un-cetatean-grec\\\/\",\"url\":\"https:\\\/\\\/buletin.de\\\/bucuresti\\\/sector-6-sucursala-bancara-de-la-lujerului-vandalizata-de-un-cetatean-grec\\\/\",\"name\":\"Sector 6 | Sucursal\u0103 bancar\u0103 de la Lujerului, vandalizat\u0103 de un cet\u0103\u0163ean grec - Buletin de Bucure\u0219ti\",\"isPartOf\":{\"@id\":\"https:\\\/\\\/buletin.de\\\/bucuresti\\\/#website\"},\"primaryImageOfPage\":{\"@id\":\"https:\\\/\\\/buletin.de\\\/bucuresti\\\/sector-6-sucursala-bancara-de-la-lujerului-vandalizata-de-un-cetatean-grec\\\/#primaryimage\"},\"image\":{\"@id\":\"https:\\\/\\\/buletin.de\\\/bucuresti\\\/sector-6-sucursala-bancara-de-la-lujerului-vandalizata-de-un-cetatean-grec\\\/#primaryimage\"},\"thumbnailUrl\":\"https:\\\/\\\/buletin.de\\\/bucuresti\\\/wp-content\\\/uploads\\\/bcr-lujerului-vandalizat.jpeg\",\"datePublished\":\"2025-02-25T08:19:14+00:00\",\"dateModified\":\"2025-02-25T08:19:15+00:00\",\"description\":\"Un b\u0103rbat a provocat pagube \u00eentr-o sucursal\u0103 bancar\u0103 de la Lujerului. A intrat \u00een zona bancomatelor \u015fi a distrus tot ce i-a ie\u015fit \u00een cale\",\"breadcrumb\":{\"@id\":\"https:\\\/\\\/buletin.de\\\/bucuresti\\\/sector-6-sucursala-bancara-de-la-lujerului-vandalizata-de-un-cetatean-grec\\\/#breadcrumb\"},\"inLanguage\":\"en-GB\",\"potentialAction\":[{\"@type\":\"ReadAction\",\"target\":[\"https:\\\/\\\/buletin.de\\\/bucuresti\\\/sector-6-sucursala-bancara-de-la-lujerului-vandalizata-de-un-cetatean-grec\\\/\"]}]},{\"@type\":\"ImageObject\",\"inLanguage\":\"en-GB\",\"@id\":\"https:\\\/\\\/buletin.de\\\/bucuresti\\\/sector-6-sucursala-bancara-de-la-lujerului-vandalizata-de-un-cetatean-grec\\\/#primaryimage\",\"url\":\"https:\\\/\\\/buletin.de\\\/bucuresti\\\/wp-content\\\/uploads\\\/bcr-lujerului-vandalizat.jpeg\",\"contentUrl\":\"https:\\\/\\\/buletin.de\\\/bucuresti\\\/wp-content\\\/uploads\\\/bcr-lujerului-vandalizat.jpeg\",\"width\":2000,\"height\":1500,\"caption\":\"Sucursal\u0103 bancar\u0103 vandalizat\u0103. FOTO: Ana Anghel-Dimache\"},{\"@type\":\"BreadcrumbList\",\"@id\":\"https:\\\/\\\/buletin.de\\\/bucuresti\\\/sector-6-sucursala-bancara-de-la-lujerului-vandalizata-de-un-cetatean-grec\\\/#breadcrumb\",\"itemListElement\":[{\"@type\":\"ListItem\",\"position\":1,\"name\":\"Acas\u0103\",\"item\":\"https:\\\/\\\/buletin.de\\\/bucuresti\\\/\"},{\"@type\":\"ListItem\",\"position\":2,\"name\":\"Sector 6 | Sucursal\u0103 bancar\u0103 de la Lujerului, vandalizat\u0103 de un cet\u0103\u0163ean grec\"}]},{\"@type\":\"WebSite\",\"@id\":\"https:\\\/\\\/buletin.de\\\/bucuresti\\\/#website\",\"url\":\"https:\\\/\\\/buletin.de\\\/bucuresti\\\/\",\"name\":\"Buletin de Bucure\u0219ti\",\"description\":\"\u0218tiri \u0219i investiga\u021bii esen\u021biale din capital\u0103\",\"publisher\":{\"@id\":\"https:\\\/\\\/buletin.de\\\/bucuresti\\\/#organization\"},\"potentialAction\":[{\"@type\":\"SearchAction\",\"target\":{\"@type\":\"EntryPoint\",\"urlTemplate\":\"https:\\\/\\\/buletin.de\\\/bucuresti\\\/?s={search_term_string}\"},\"query-input\":{\"@type\":\"PropertyValueSpecification\",\"valueRequired\":true,\"valueName\":\"search_term_string\"}}],\"inLanguage\":\"en-GB\"},{\"@type\":\"Organization\",\"@id\":\"https:\\\/\\\/buletin.de\\\/bucuresti\\\/#organization\",\"name\":\"Buletin de Bucure\u0219ti\",\"url\":\"https:\\\/\\\/buletin.de\\\/bucuresti\\\/\",\"logo\":{\"@type\":\"ImageObject\",\"inLanguage\":\"en-GB\",\"@id\":\"https:\\\/\\\/buletin.de\\\/bucuresti\\\/#\\\/schema\\\/logo\\\/image\\\/\",\"url\":\"https:\\\/\\\/buletin.de\\\/bucuresti\\\/wp-content\\\/uploads\\\/logo-bdb-full-wide-vernil-transparent.png\",\"contentUrl\":\"https:\\\/\\\/buletin.de\\\/bucuresti\\\/wp-content\\\/uploads\\\/logo-bdb-full-wide-vernil-transparent.png\",\"width\":1782,\"height\":626,\"caption\":\"Buletin de Bucure\u0219ti\"},\"image\":{\"@id\":\"https:\\\/\\\/buletin.de\\\/bucuresti\\\/#\\\/schema\\\/logo\\\/image\\\/\"},\"sameAs\":[\"https:\\\/\\\/www.facebook.com\\\/buletin.de.buc\",\"https:\\\/\\\/www.instagram.com\\\/buletinde.bucuresti\\\/\"]},{\"@type\":\"Person\",\"@id\":\"https:\\\/\\\/buletin.de\\\/bucuresti\\\/#\\\/schema\\\/person\\\/5272b8a057b33890940b57b837fc4ce6\",\"name\":\"Ionu\u021b Lepa\",\"image\":{\"@type\":\"ImageObject\",\"inLanguage\":\"en-GB\",\"@id\":\"https:\\\/\\\/buletin.de\\\/bucuresti\\\/wp-content\\\/uploads\\\/Ionut-Lepa-96x96.jpg5c4e4d9e049808799a8821652d2410a4\",\"url\":\"https:\\\/\\\/buletin.de\\\/bucuresti\\\/wp-content\\\/uploads\\\/Ionut-Lepa-96x96.jpg\",\"contentUrl\":\"https:\\\/\\\/buletin.de\\\/bucuresti\\\/wp-content\\\/uploads\\\/Ionut-Lepa-96x96.jpg\",\"caption\":\"Ionu\u021b Lepa\"},\"url\":\"https:\\\/\\\/buletin.de\\\/bucuresti\\\/author\\\/ionutlepa\\\/\"}]}<\/script>\n<!-- \/ Yoast SEO Premium plugin. -->","yoast_head_json":{"title":"Sector 6 | Sucursal\u0103 bancar\u0103 de la Lujerului, vandalizat\u0103 de un cet\u0103\u0163ean grec - Buletin de Bucure\u0219ti","description":"Un b\u0103rbat a provocat pagube \u00eentr-o sucursal\u0103 bancar\u0103 de la Lujerului. A intrat \u00een zona bancomatelor \u015fi a distrus tot ce i-a ie\u015fit \u00een cale","robots":{"index":"index","follow":"follow","max-snippet":"max-snippet:-1","max-image-preview":"max-image-preview:large","max-video-preview":"max-video-preview:-1"},"canonical":"https:\/\/buletin.de\/bucuresti\/sector-6-sucursala-bancara-de-la-lujerului-vandalizata-de-un-cetatean-grec\/","og_locale":"en_GB","og_type":"article","og_title":"Sector 6 | Sucursal\u0103 bancar\u0103 de la Lujerului, vandalizat\u0103 de un cet\u0103\u0163ean grec","og_description":"Un b\u0103rbat a provocat pagube \u00eentr-o sucursal\u0103 bancar\u0103 de la Lujerului. A intrat \u00een zona bancomatelor \u015fi a distrus tot ce i-a ie\u015fit \u00een cale","og_url":"https:\/\/buletin.de\/bucuresti\/sector-6-sucursala-bancara-de-la-lujerului-vandalizata-de-un-cetatean-grec\/","og_site_name":"Buletin de Bucure\u0219ti","article_publisher":"https:\/\/www.facebook.com\/buletin.de.buc","article_published_time":"2025-02-25T08:19:14+00:00","article_modified_time":"2025-02-25T08:19:15+00:00","og_image":[{"width":2000,"height":1500,"url":"https:\/\/buletin.de\/bucuresti\/wp-content\/uploads\/bcr-lujerului-vandalizat.jpeg","type":"image\/jpeg"}],"author":"Ionu\u021b Lepa","twitter_card":"summary_large_image","twitter_misc":{"Written by":"Ionu\u021b Lepa","Estimated reading time":"2 minutes"},"schema":{"@context":"https:\/\/schema.org","@graph":[{"@type":"Article","@id":"https:\/\/buletin.de\/bucuresti\/sector-6-sucursala-bancara-de-la-lujerului-vandalizata-de-un-cetatean-grec\/#article","isPartOf":{"@id":"https:\/\/buletin.de\/bucuresti\/sector-6-sucursala-bancara-de-la-lujerului-vandalizata-de-un-cetatean-grec\/"},"author":{"name":"Ionu\u021b Lepa","@id":"https:\/\/buletin.de\/bucuresti\/#\/schema\/person\/5272b8a057b33890940b57b837fc4ce6"},"headline":"Sector 6 | Sucursal\u0103 bancar\u0103 de la Lujerului, vandalizat\u0103 de un cet\u0103\u0163ean grec","datePublished":"2025-02-25T08:19:14+00:00","dateModified":"2025-02-25T08:19:15+00:00","mainEntityOfPage":{"@id":"https:\/\/buletin.de\/bucuresti\/sector-6-sucursala-bancara-de-la-lujerului-vandalizata-de-un-cetatean-grec\/"},"wordCount":210,"publisher":{"@id":"https:\/\/buletin.de\/bucuresti\/#organization"},"image":{"@id":"https:\/\/buletin.de\/bucuresti\/sector-6-sucursala-bancara-de-la-lujerului-vandalizata-de-un-cetatean-grec\/#primaryimage"},"thumbnailUrl":"https:\/\/buletin.de\/bucuresti\/wp-content\/uploads\/bcr-lujerului-vandalizat.jpeg","keywords":["bcr lujerului","bcr sector 6"],"articleSection":["Articole","Eveniment","\u0218tiri"],"inLanguage":"en-GB","copyrightYear":"2025","copyrightHolder":{"@id":"https:\/\/buletin.de\/bucuresti\/#organization"}},{"@type":"WebPage","@id":"https:\/\/buletin.de\/bucuresti\/sector-6-sucursala-bancara-de-la-lujerului-vandalizata-de-un-cetatean-grec\/","url":"https:\/\/buletin.de\/bucuresti\/sector-6-sucursala-bancara-de-la-lujerului-vandalizata-de-un-cetatean-grec\/","name":"Sector 6 | Sucursal\u0103 bancar\u0103 de la Lujerului, vandalizat\u0103 de un cet\u0103\u0163ean grec - Buletin de Bucure\u0219ti","isPartOf":{"@id":"https:\/\/buletin.de\/bucuresti\/#website"},"primaryImageOfPage":{"@id":"https:\/\/buletin.de\/bucuresti\/sector-6-sucursala-bancara-de-la-lujerului-vandalizata-de-un-cetatean-grec\/#primaryimage"},"image":{"@id":"https:\/\/buletin.de\/bucuresti\/sector-6-sucursala-bancara-de-la-lujerului-vandalizata-de-un-cetatean-grec\/#primaryimage"},"thumbnailUrl":"https:\/\/buletin.de\/bucuresti\/wp-content\/uploads\/bcr-lujerului-vandalizat.jpeg","datePublished":"2025-02-25T08:19:14+00:00","dateModified":"2025-02-25T08:19:15+00:00","description":"Un b\u0103rbat a provocat pagube \u00eentr-o sucursal\u0103 bancar\u0103 de la Lujerului. A intrat \u00een zona bancomatelor \u015fi a distrus tot ce i-a ie\u015fit \u00een cale","breadcrumb":{"@id":"https:\/\/buletin.de\/bucuresti\/sector-6-sucursala-bancara-de-la-lujerului-vandalizata-de-un-cetatean-grec\/#breadcrumb"},"inLanguage":"en-GB","potentialAction":[{"@type":"ReadAction","target":["https:\/\/buletin.de\/bucuresti\/sector-6-sucursala-bancara-de-la-lujerului-vandalizata-de-un-cetatean-grec\/"]}]},{"@type":"ImageObject","inLanguage":"en-GB","@id":"https:\/\/buletin.de\/bucuresti\/sector-6-sucursala-bancara-de-la-lujerului-vandalizata-de-un-cetatean-grec\/#primaryimage","url":"https:\/\/buletin.de\/bucuresti\/wp-content\/uploads\/bcr-lujerului-vandalizat.jpeg","contentUrl":"https:\/\/buletin.de\/bucuresti\/wp-content\/uploads\/bcr-lujerului-vandalizat.jpeg","width":2000,"height":1500,"caption":"Sucursal\u0103 bancar\u0103 vandalizat\u0103. FOTO: Ana Anghel-Dimache"},{"@type":"BreadcrumbList","@id":"https:\/\/buletin.de\/bucuresti\/sector-6-sucursala-bancara-de-la-lujerului-vandalizata-de-un-cetatean-grec\/#breadcrumb","itemListElement":[{"@type":"ListItem","position":1,"name":"Acas\u0103","item":"https:\/\/buletin.de\/bucuresti\/"},{"@type":"ListItem","position":2,"name":"Sector 6 | Sucursal\u0103 bancar\u0103 de la Lujerului, vandalizat\u0103 de un cet\u0103\u0163ean grec"}]},{"@type":"WebSite","@id":"https:\/\/buletin.de\/bucuresti\/#website","url":"https:\/\/buletin.de\/bucuresti\/","name":"Buletin de Bucure\u0219ti","description":"\u0218tiri \u0219i investiga\u021bii esen\u021biale din capital\u0103","publisher":{"@id":"https:\/\/buletin.de\/bucuresti\/#organization"},"potentialAction":[{"@type":"SearchAction","target":{"@type":"EntryPoint","urlTemplate":"https:\/\/buletin.de\/bucuresti\/?s={search_term_string}"},"query-input":{"@type":"PropertyValueSpecification","valueRequired":true,"valueName":"search_term_string"}}],"inLanguage":"en-GB"},{"@type":"Organization","@id":"https:\/\/buletin.de\/bucuresti\/#organization","name":"Buletin de Bucure\u0219ti","url":"https:\/\/buletin.de\/bucuresti\/","logo":{"@type":"ImageObject","inLanguage":"en-GB","@id":"https:\/\/buletin.de\/bucuresti\/#\/schema\/logo\/image\/","url":"https:\/\/buletin.de\/bucuresti\/wp-content\/uploads\/logo-bdb-full-wide-vernil-transparent.png","contentUrl":"https:\/\/buletin.de\/bucuresti\/wp-content\/uploads\/logo-bdb-full-wide-vernil-transparent.png","width":1782,"height":626,"caption":"Buletin de Bucure\u0219ti"},"image":{"@id":"https:\/\/buletin.de\/bucuresti\/#\/schema\/logo\/image\/"},"sameAs":["https:\/\/www.facebook.com\/buletin.de.buc","https:\/\/www.instagram.com\/buletinde.bucuresti\/"]},{"@type":"Person","@id":"https:\/\/buletin.de\/bucuresti\/#\/schema\/person\/5272b8a057b33890940b57b837fc4ce6","name":"Ionu\u021b Lepa","image":{"@type":"ImageObject","inLanguage":"en-GB","@id":"https:\/\/buletin.de\/bucuresti\/wp-content\/uploads\/Ionut-Lepa-96x96.jpg5c4e4d9e049808799a8821652d2410a4","url":"https:\/\/buletin.de\/bucuresti\/wp-content\/uploads\/Ionut-Lepa-96x96.jpg","contentUrl":"https:\/\/buletin.de\/bucuresti\/wp-content\/uploads\/Ionut-Lepa-96x96.jpg","caption":"Ionu\u021b Lepa"},"url":"https:\/\/buletin.de\/bucuresti\/author\/ionutlepa\/"}]}},"authors":[{"term_id":22586,"user_id":8,"is_guest":0,"slug":"ionutlepa","display_name":"Ionu\u021b Lepa","avatar_url":"https:\/\/buletin.de\/bucuresti\/wp-content\/uploads\/Ionut-Lepa-96x96.jpg","0":null,"1":"","2":"","3":"","4":"","5":"","6":"","7":"","8":""}],"_links":{"self":[{"href":"https:\/\/buletin.de\/bucuresti\/wp-json\/wp\/v2\/posts\/119995","targetHints":{"allow":["GET"]}}],"collection":[{"href":"https:\/\/buletin.de\/bucuresti\/wp-json\/wp\/v2\/posts"}],"about":[{"href":"https:\/\/buletin.de\/bucuresti\/wp-json\/wp\/v2\/types\/post"}],"author":[{"embeddable":true,"href":"https:\/\/buletin.de\/bucuresti\/wp-json\/wp\/v2\/users\/8"}],"replies":[{"embeddable":true,"href":"https:\/\/buletin.de\/bucuresti\/wp-json\/wp\/v2\/comments?post=119995"}],"version-history":[{"count":2,"href":"https:\/\/buletin.de\/bucuresti\/wp-json\/wp\/v2\/posts\/119995\/revisions"}],"predecessor-version":[{"id":120013,"href":"https:\/\/buletin.de\/bucuresti\/wp-json\/wp\/v2\/posts\/119995\/revisions\/120013"}],"wp:featuredmedia":[{"embeddable":true,"href":"https:\/\/buletin.de\/bucuresti\/wp-json\/wp\/v2\/media\/119997"}],"wp:attachment":[{"href":"https:\/\/buletin.de\/bucuresti\/wp-json\/wp\/v2\/media?parent=119995"}],"wp:term":[{"taxonomy":"category","embeddable":true,"href":"https:\/\/buletin.de\/bucuresti\/wp-json\/wp\/v2\/categories?post=119995"},{"taxonomy":"post_tag","embeddable":true,"href":"https:\/\/buletin.de\/bucuresti\/wp-json\/wp\/v2\/tags?post=119995"},{"taxonomy":"author","embeddable":true,"href":"https:\/\/buletin.de\/bucuresti\/wp-json\/wp\/v2\/ppma_author?post=119995"}],"curies":[{"name":"wp","href":"https:\/\/api.w.org\/{rel}","templated":true}]}}