{"id":119984,"date":"2025-02-25T10:52:05","date_gmt":"2025-02-25T07:52:05","guid":{"rendered":"https:\/\/buletin.de\/bucuresti\/?p=119984"},"modified":"2025-02-25T11:54:16","modified_gmt":"2025-02-25T08:54:16","slug":"elcen-ia-in-considerare-alimentarea-sistemului-de-incalzire-cu-energie-fotovoltaica-si-eoliana-cat-ar-costa","status":"publish","type":"post","link":"https:\/\/buletin.de\/bucuresti\/elcen-ia-in-considerare-alimentarea-sistemului-de-incalzire-cu-energie-fotovoltaica-si-eoliana-cat-ar-costa\/","title":{"rendered":"ELCEN ia \u00een considerare alimentarea sistemului de \u00eenc\u0103lzire cu energie fotovoltaic\u0103 \u0219i eolian\u0103. C\u00e2t ar costa"},"content":{"rendered":"\n<p><strong>Sistemul centralizat de \u00eenc\u0103lzire din Capital\u0103 ar putea fi alimentat \u00een viitor \u0219i cu agent termic produs din energie electric\u0103 fotovoltaic\u0103 \u0219i eolian\u0103. Costurile investi\u021biei pot ajunge p\u00e2n\u0103 la 25 milioane euro, scrie<a href=\"https:\/\/www.profit.ro\/povesti-cu-profit\/energie\/incalzire-centralizata-si-cu-energie-de-la-soare-si-vant-in-bucuresti-cat-ar-costa-21944759\"> Profit.ro<\/a>.<\/strong><\/p>\n\n\n\n<p>Scenariul este analizat \u00eentr-un studiu de fezabilitate, finan\u021bat din fonduri nerambursabile norvegiene, realizat prin colaborarea dintre produc\u0103torul Electrocentrale Bucure\u0219ti (ELCEN), compania norvegian\u0103 de consultan\u021b\u0103 Norski \u0219i firma rom\u00e2neasc\u0103 Audit IT&amp;C SRL.<\/p>\n\n\n\n<h2 class=\"wp-block-heading\" id=\"h-incalzire-centralizata-cu-energie-fotovoltaica-\u0219i-eoliana-scenariul-analizat\">\u00cenc\u0103lzire centralizat\u0103 cu energie fotovoltaic\u0103 \u0219i eolian\u0103. Scenariul analizat<\/h2>\n\n\n\n<p>Mai precis, ELCEN ia \u00een considerare construirea unui ansamblu hibrid de instala\u021bii la CET Sud. Acesta ar urma s\u0103 fie compus dintr-<strong>un parc fotovoltaic cu putere nominal\u0103 de 1,98 MW<\/strong>, construit pe un amplasament de dou\u0103 hectare \u0219i <strong>zece turbine eoliene cu putere total\u0103 de 50 kW<\/strong>, montate pe unul dintre turnurile de r\u0103cire ale CET-ului, potrivit datelor preliminare citate de <a href=\"https:\/\/www.profit.ro\/povesti-cu-profit\/energie\/incalzire-centralizata-si-cu-energie-de-la-soare-si-vant-in-bucuresti-cat-ar-costa-21944759\">Profit.ro<\/a>.<\/p>\n\n\n\n<p>Construc\u021bia ar urma s\u0103 fie dotat\u0103 \u0219i cu un sistem de stocare a energiei regenerabile, cu capacitate de 22,5 MW, trei boilere electrice a c\u00e2te 15 MWt \u0219i un sistem de stocare a c\u0103ldurii cu capacitate de \u00eenmagazinare de 60 MWt.<\/p>\n\n\n\n<p>Valoarea investi\u021biei ini\u021biale este estimat\u0103 \u00eentre 19,05 \u0219i 25,68 milioane euro, potrivit scenariilor analizate. Proiectul ar putea fi implementat \u00een circa doi ani, de la proiectare la punere \u00een func\u021biune.<\/p>\n\n\n\n<p><strong><a href=\"https:\/\/www.profit.ro\/povesti-cu-profit\/energie\/incalzire-centralizata-si-cu-energie-de-la-soare-si-vant-in-bucuresti-cat-ar-costa-21944759\">Cite\u0219te mai multe detalii pe Profit.ro.<\/a><\/strong><\/p>\n\n\n\n<h2 class=\"wp-block-heading\" id=\"h-studiu-de-fezabilitate-\u0219i-pentru-incalzirea-cu-apa-termala\">Studiu de fezabilitate \u0219i pentru \u00eenc\u0103lzirea cu ap\u0103 termal\u0103<\/h2>\n\n\n\n<p><strong>ELCEN analizeaz\u0103 \u0219i varianta \u00eenc\u0103lzirii cu ap\u0103 termal\u0103, potrivit unui memorandum semnat de compania de\u021binut\u0103 de Ministerul Energiei cu firma american\u0103 SAGE Geosystems.<\/strong><\/p>\n\n\n\n<p>Prin acest document, ELCEN \u0219i SAGE au \u00een vedere realizarea unui studiu de fezabilitate privind implementarea unor tehnologii de utilizare a resurselor geotermale \u00een cadrul sistemului de \u00eenc\u0103lzire centralizat\u0103 din Capital\u0103, a\u0219a cum a scris Buletin de Bucure\u0219ti <a href=\"https:\/\/buletin.de\/bucuresti\/bucurestiul-va-fi-incalzit-cu-apa-termala-memorandum-semnat-de-elcen\/\">aici<\/a>.<\/p>\n\n\n\n<p>ELCEN va facilita accesul la date relevante \u0219i la infrastructura necesar\u0103 \u00een vederea realiz\u0103rii studiului de fezabilitate, va contribui cu expertiza tehnic\u0103 \u0219i cuno\u0219tin\u021be opera\u021bionale specifice sistemului de \u00eenc\u0103lzire centralizat\u0103 la nivelul Municipiului Bucure\u0219ti.<\/p>\n\n\n\n<p>Sage Geosystems va realiza analiza tehnic\u0103 \u0219i geologic\u0103 \u0219i studiul de fezabilitate privind solu\u021bia de utilizare a energiei geotermale, potrivit unui comunicat al Electrocentrale Bucure\u0219ti.<\/p>\n\n\n\n<p><strong>CITE\u0218TE \u0218I: <a href=\"https:\/\/buletin.de\/bucuresti\/interviu-se-poate-incalzi-bucurestiul-cu-apa-termala-investitia-initiala-este-de-minimum-300-de-milioane-de-euro\/\">INTERVIU | Se poate \u00eenc\u0103lzi Bucure\u0219tiul cu ap\u0103 termal\u0103? Investi\u021bia ini\u021bial\u0103 este de minimum 300 de milioane de euro<\/a><\/strong><\/p>\n","protected":false},"excerpt":{"rendered":"<p>Sistemul centralizat de \u00eenc\u0103lzire din Capital\u0103 ar putea fi alimentat \u00een viitor \u0219i cu agent termic produs din energie electric\u0103 fotovoltaic\u0103 \u0219i eolian\u0103. Costurile investi\u021biei pot ajunge p\u00e2n\u0103 la 25 milioane euro, scrie Profit.ro. Scenariul este analizat \u00eentr-un studiu de fezabilitate, finan\u021bat din fonduri nerambursabile norvegiene, realizat prin colaborarea dintre produc\u0103torul Electrocentrale Bucure\u0219ti (ELCEN), compania [&hellip;]<\/p>\n","protected":false},"author":1,"featured_media":120019,"comment_status":"closed","ping_status":"open","sticky":false,"template":"","format":"standard","meta":{"_acf_changed":false,"inline_featured_image":false,"ngg_post_thumbnail":0,"footnotes":""},"categories":[6994,5762,6214],"tags":[15572,19406,1961,237,19404,19405,19403],"ppma_author":[22583],"class_list":["post-119984","post","type-post","status-publish","format-standard","has-post-thumbnail","hentry","category-stiri-2","category-main","category-termo","tag-apa-calda-bucuresti","tag-apa-termala-2","tag-cet-sud","tag-elcen","tag-energie-eoliana","tag-energie-fotovoltaica","tag-incalzire-centralizata"],"acf":[],"yoast_head":"<!-- This site is optimized with the Yoast SEO Premium plugin v25.3 (Yoast SEO v27.4) - https:\/\/yoast.com\/product\/yoast-seo-premium-wordpress\/ -->\n<title>ELCEN ia \u00een considerare alimentarea sistemului de \u00eenc\u0103lzire cu energie fotovoltaic\u0103 \u0219i eolian\u0103. C\u00e2t ar costa - Buletin de Bucure\u0219ti<\/title>\n<meta name=\"description\" content=\"Sistemul centralizat de \u00eenc\u0103lzire ar putea fi alimentat \u00een viitor \u0219i cu agent termic produs din energie electric\u0103 fotovoltaic\u0103 \u0219i eolian\u0103.\" \/>\n<meta name=\"robots\" content=\"index, follow, max-snippet:-1, max-image-preview:large, max-video-preview:-1\" \/>\n<link rel=\"canonical\" href=\"https:\/\/buletin.de\/bucuresti\/elcen-ia-in-considerare-alimentarea-sistemului-de-incalzire-cu-energie-fotovoltaica-si-eoliana-cat-ar-costa\/\" \/>\n<meta property=\"og:locale\" content=\"en_GB\" \/>\n<meta property=\"og:type\" content=\"article\" \/>\n<meta property=\"og:title\" content=\"ELCEN ia \u00een considerare alimentarea sistemului de \u00eenc\u0103lzire cu energie fotovoltaic\u0103 \u0219i eolian\u0103. C\u00e2t ar costa\" \/>\n<meta property=\"og:description\" content=\"Sistemul centralizat de \u00eenc\u0103lzire ar putea fi alimentat \u00een viitor \u0219i cu agent termic produs din energie electric\u0103 fotovoltaic\u0103 \u0219i eolian\u0103.\" \/>\n<meta property=\"og:url\" content=\"https:\/\/buletin.de\/bucuresti\/elcen-ia-in-considerare-alimentarea-sistemului-de-incalzire-cu-energie-fotovoltaica-si-eoliana-cat-ar-costa\/\" \/>\n<meta property=\"og:site_name\" content=\"Buletin de Bucure\u0219ti\" \/>\n<meta property=\"article:publisher\" content=\"https:\/\/www.facebook.com\/buletin.de.buc\" \/>\n<meta property=\"article:published_time\" content=\"2025-02-25T07:52:05+00:00\" \/>\n<meta property=\"article:modified_time\" content=\"2025-02-25T08:54:16+00:00\" \/>\n<meta property=\"og:image\" content=\"https:\/\/buletin.de\/bucuresti\/wp-content\/uploads\/elcen-termocentrala.jpg\" \/>\n\t<meta property=\"og:image:width\" content=\"1020\" \/>\n\t<meta property=\"og:image:height\" content=\"574\" \/>\n\t<meta property=\"og:image:type\" content=\"image\/jpeg\" \/>\n<meta name=\"author\" content=\"Redac\u021bia Buletin de Bucure\u0219ti\" \/>\n<meta name=\"twitter:card\" content=\"summary_large_image\" \/>\n<meta name=\"twitter:label1\" content=\"Written by\" \/>\n\t<meta name=\"twitter:data1\" content=\"Redac\u021bia Buletin de Bucure\u0219ti\" \/>\n\t<meta name=\"twitter:label2\" content=\"Estimated reading time\" \/>\n\t<meta name=\"twitter:data2\" content=\"2 minutes\" \/>\n<script type=\"application\/ld+json\" class=\"yoast-schema-graph\">{\"@context\":\"https:\\\/\\\/schema.org\",\"@graph\":[{\"@type\":\"Article\",\"@id\":\"https:\\\/\\\/buletin.de\\\/bucuresti\\\/elcen-ia-in-considerare-alimentarea-sistemului-de-incalzire-cu-energie-fotovoltaica-si-eoliana-cat-ar-costa\\\/#article\",\"isPartOf\":{\"@id\":\"https:\\\/\\\/buletin.de\\\/bucuresti\\\/elcen-ia-in-considerare-alimentarea-sistemului-de-incalzire-cu-energie-fotovoltaica-si-eoliana-cat-ar-costa\\\/\"},\"author\":{\"name\":\"Redac\u021bia Buletin de Bucure\u0219ti\",\"@id\":\"https:\\\/\\\/buletin.de\\\/bucuresti\\\/#\\\/schema\\\/person\\\/2bbcf854e5f2419a13804af574d06ab1\"},\"headline\":\"ELCEN ia \u00een considerare alimentarea sistemului de \u00eenc\u0103lzire cu energie fotovoltaic\u0103 \u0219i eolian\u0103. C\u00e2t ar costa\",\"datePublished\":\"2025-02-25T07:52:05+00:00\",\"dateModified\":\"2025-02-25T08:54:16+00:00\",\"mainEntityOfPage\":{\"@id\":\"https:\\\/\\\/buletin.de\\\/bucuresti\\\/elcen-ia-in-considerare-alimentarea-sistemului-de-incalzire-cu-energie-fotovoltaica-si-eoliana-cat-ar-costa\\\/\"},\"wordCount\":413,\"publisher\":{\"@id\":\"https:\\\/\\\/buletin.de\\\/bucuresti\\\/#organization\"},\"image\":{\"@id\":\"https:\\\/\\\/buletin.de\\\/bucuresti\\\/elcen-ia-in-considerare-alimentarea-sistemului-de-incalzire-cu-energie-fotovoltaica-si-eoliana-cat-ar-costa\\\/#primaryimage\"},\"thumbnailUrl\":\"https:\\\/\\\/buletin.de\\\/bucuresti\\\/wp-content\\\/uploads\\\/elcen-termocentrala.jpg\",\"keywords\":[\"apa calda bucuresti\",\"apa termala\",\"cet sud\",\"elcen\",\"energie eoliana\",\"energie fotovoltaica\",\"incalzire centralizata\"],\"articleSection\":[\"Articole\",\"Main\",\"Termoficare\"],\"inLanguage\":\"en-GB\",\"copyrightYear\":\"2025\",\"copyrightHolder\":{\"@id\":\"https:\\\/\\\/buletin.de\\\/bucuresti\\\/#organization\"}},{\"@type\":\"WebPage\",\"@id\":\"https:\\\/\\\/buletin.de\\\/bucuresti\\\/elcen-ia-in-considerare-alimentarea-sistemului-de-incalzire-cu-energie-fotovoltaica-si-eoliana-cat-ar-costa\\\/\",\"url\":\"https:\\\/\\\/buletin.de\\\/bucuresti\\\/elcen-ia-in-considerare-alimentarea-sistemului-de-incalzire-cu-energie-fotovoltaica-si-eoliana-cat-ar-costa\\\/\",\"name\":\"ELCEN ia \u00een considerare alimentarea sistemului de \u00eenc\u0103lzire cu energie fotovoltaic\u0103 \u0219i eolian\u0103. C\u00e2t ar costa - Buletin de Bucure\u0219ti\",\"isPartOf\":{\"@id\":\"https:\\\/\\\/buletin.de\\\/bucuresti\\\/#website\"},\"primaryImageOfPage\":{\"@id\":\"https:\\\/\\\/buletin.de\\\/bucuresti\\\/elcen-ia-in-considerare-alimentarea-sistemului-de-incalzire-cu-energie-fotovoltaica-si-eoliana-cat-ar-costa\\\/#primaryimage\"},\"image\":{\"@id\":\"https:\\\/\\\/buletin.de\\\/bucuresti\\\/elcen-ia-in-considerare-alimentarea-sistemului-de-incalzire-cu-energie-fotovoltaica-si-eoliana-cat-ar-costa\\\/#primaryimage\"},\"thumbnailUrl\":\"https:\\\/\\\/buletin.de\\\/bucuresti\\\/wp-content\\\/uploads\\\/elcen-termocentrala.jpg\",\"datePublished\":\"2025-02-25T07:52:05+00:00\",\"dateModified\":\"2025-02-25T08:54:16+00:00\",\"description\":\"Sistemul centralizat de \u00eenc\u0103lzire ar putea fi alimentat \u00een viitor \u0219i cu agent termic produs din energie electric\u0103 fotovoltaic\u0103 \u0219i eolian\u0103.\",\"breadcrumb\":{\"@id\":\"https:\\\/\\\/buletin.de\\\/bucuresti\\\/elcen-ia-in-considerare-alimentarea-sistemului-de-incalzire-cu-energie-fotovoltaica-si-eoliana-cat-ar-costa\\\/#breadcrumb\"},\"inLanguage\":\"en-GB\",\"potentialAction\":[{\"@type\":\"ReadAction\",\"target\":[\"https:\\\/\\\/buletin.de\\\/bucuresti\\\/elcen-ia-in-considerare-alimentarea-sistemului-de-incalzire-cu-energie-fotovoltaica-si-eoliana-cat-ar-costa\\\/\"]}]},{\"@type\":\"ImageObject\",\"inLanguage\":\"en-GB\",\"@id\":\"https:\\\/\\\/buletin.de\\\/bucuresti\\\/elcen-ia-in-considerare-alimentarea-sistemului-de-incalzire-cu-energie-fotovoltaica-si-eoliana-cat-ar-costa\\\/#primaryimage\",\"url\":\"https:\\\/\\\/buletin.de\\\/bucuresti\\\/wp-content\\\/uploads\\\/elcen-termocentrala.jpg\",\"contentUrl\":\"https:\\\/\\\/buletin.de\\\/bucuresti\\\/wp-content\\\/uploads\\\/elcen-termocentrala.jpg\",\"width\":1020,\"height\":574,\"caption\":\"Sistemul centralizat de \u00eenc\u0103lzire din Capital\u0103 ar putea fi alimentat \u00een viitor \u0219i cu agent termic produs din energie electric\u0103 fotovoltaic\u0103 \u0219i eolian\u0103. FOTO: arhiv\u0103\\\/ ELCEN\"},{\"@type\":\"BreadcrumbList\",\"@id\":\"https:\\\/\\\/buletin.de\\\/bucuresti\\\/elcen-ia-in-considerare-alimentarea-sistemului-de-incalzire-cu-energie-fotovoltaica-si-eoliana-cat-ar-costa\\\/#breadcrumb\",\"itemListElement\":[{\"@type\":\"ListItem\",\"position\":1,\"name\":\"Acas\u0103\",\"item\":\"https:\\\/\\\/buletin.de\\\/bucuresti\\\/\"},{\"@type\":\"ListItem\",\"position\":2,\"name\":\"ELCEN ia \u00een considerare alimentarea sistemului de \u00eenc\u0103lzire cu energie fotovoltaic\u0103 \u0219i eolian\u0103. C\u00e2t ar costa\"}]},{\"@type\":\"WebSite\",\"@id\":\"https:\\\/\\\/buletin.de\\\/bucuresti\\\/#website\",\"url\":\"https:\\\/\\\/buletin.de\\\/bucuresti\\\/\",\"name\":\"Buletin de Bucure\u0219ti\",\"description\":\"\u0218tiri \u0219i investiga\u021bii esen\u021biale din capital\u0103\",\"publisher\":{\"@id\":\"https:\\\/\\\/buletin.de\\\/bucuresti\\\/#organization\"},\"potentialAction\":[{\"@type\":\"SearchAction\",\"target\":{\"@type\":\"EntryPoint\",\"urlTemplate\":\"https:\\\/\\\/buletin.de\\\/bucuresti\\\/?s={search_term_string}\"},\"query-input\":{\"@type\":\"PropertyValueSpecification\",\"valueRequired\":true,\"valueName\":\"search_term_string\"}}],\"inLanguage\":\"en-GB\"},{\"@type\":\"Organization\",\"@id\":\"https:\\\/\\\/buletin.de\\\/bucuresti\\\/#organization\",\"name\":\"Buletin de Bucure\u0219ti\",\"url\":\"https:\\\/\\\/buletin.de\\\/bucuresti\\\/\",\"logo\":{\"@type\":\"ImageObject\",\"inLanguage\":\"en-GB\",\"@id\":\"https:\\\/\\\/buletin.de\\\/bucuresti\\\/#\\\/schema\\\/logo\\\/image\\\/\",\"url\":\"https:\\\/\\\/buletin.de\\\/bucuresti\\\/wp-content\\\/uploads\\\/logo-bdb-full-wide-vernil-transparent.png\",\"contentUrl\":\"https:\\\/\\\/buletin.de\\\/bucuresti\\\/wp-content\\\/uploads\\\/logo-bdb-full-wide-vernil-transparent.png\",\"width\":1782,\"height\":626,\"caption\":\"Buletin de Bucure\u0219ti\"},\"image\":{\"@id\":\"https:\\\/\\\/buletin.de\\\/bucuresti\\\/#\\\/schema\\\/logo\\\/image\\\/\"},\"sameAs\":[\"https:\\\/\\\/www.facebook.com\\\/buletin.de.buc\",\"https:\\\/\\\/www.instagram.com\\\/buletinde.bucuresti\\\/\"]},{\"@type\":\"Person\",\"@id\":\"https:\\\/\\\/buletin.de\\\/bucuresti\\\/#\\\/schema\\\/person\\\/2bbcf854e5f2419a13804af574d06ab1\",\"name\":\"Redac\u021bia Buletin de Bucure\u0219ti\",\"image\":{\"@type\":\"ImageObject\",\"inLanguage\":\"en-GB\",\"@id\":\"https:\\\/\\\/secure.gravatar.com\\\/avatar\\\/18c5342381ed1a08620e6280424e3e5efc958618f5d67c522c9e44c1bc6f9226?s=96&d=monsterid&r=g60c7cd0ad92c68c049fcd4bb3504d609\",\"url\":\"https:\\\/\\\/secure.gravatar.com\\\/avatar\\\/18c5342381ed1a08620e6280424e3e5efc958618f5d67c522c9e44c1bc6f9226?s=96&d=monsterid&r=g\",\"contentUrl\":\"https:\\\/\\\/secure.gravatar.com\\\/avatar\\\/18c5342381ed1a08620e6280424e3e5efc958618f5d67c522c9e44c1bc6f9226?s=96&d=monsterid&r=g\",\"caption\":\"Redac\u021bia Buletin de Bucure\u0219ti\"},\"description\":\"Buletin de Bucure\u0219ti exist\u0103 din vara anului 2019.\",\"url\":\"https:\\\/\\\/buletin.de\\\/bucuresti\\\/author\\\/adminbuletin\\\/\"}]}<\/script>\n<!-- \/ Yoast SEO Premium plugin. -->","yoast_head_json":{"title":"ELCEN ia \u00een considerare alimentarea sistemului de \u00eenc\u0103lzire cu energie fotovoltaic\u0103 \u0219i eolian\u0103. C\u00e2t ar costa - Buletin de Bucure\u0219ti","description":"Sistemul centralizat de \u00eenc\u0103lzire ar putea fi alimentat \u00een viitor \u0219i cu agent termic produs din energie electric\u0103 fotovoltaic\u0103 \u0219i eolian\u0103.","robots":{"index":"index","follow":"follow","max-snippet":"max-snippet:-1","max-image-preview":"max-image-preview:large","max-video-preview":"max-video-preview:-1"},"canonical":"https:\/\/buletin.de\/bucuresti\/elcen-ia-in-considerare-alimentarea-sistemului-de-incalzire-cu-energie-fotovoltaica-si-eoliana-cat-ar-costa\/","og_locale":"en_GB","og_type":"article","og_title":"ELCEN ia \u00een considerare alimentarea sistemului de \u00eenc\u0103lzire cu energie fotovoltaic\u0103 \u0219i eolian\u0103. C\u00e2t ar costa","og_description":"Sistemul centralizat de \u00eenc\u0103lzire ar putea fi alimentat \u00een viitor \u0219i cu agent termic produs din energie electric\u0103 fotovoltaic\u0103 \u0219i eolian\u0103.","og_url":"https:\/\/buletin.de\/bucuresti\/elcen-ia-in-considerare-alimentarea-sistemului-de-incalzire-cu-energie-fotovoltaica-si-eoliana-cat-ar-costa\/","og_site_name":"Buletin de Bucure\u0219ti","article_publisher":"https:\/\/www.facebook.com\/buletin.de.buc","article_published_time":"2025-02-25T07:52:05+00:00","article_modified_time":"2025-02-25T08:54:16+00:00","og_image":[{"width":1020,"height":574,"url":"https:\/\/buletin.de\/bucuresti\/wp-content\/uploads\/elcen-termocentrala.jpg","type":"image\/jpeg"}],"author":"Redac\u021bia Buletin de Bucure\u0219ti","twitter_card":"summary_large_image","twitter_misc":{"Written by":"Redac\u021bia Buletin de Bucure\u0219ti","Estimated reading time":"2 minutes"},"schema":{"@context":"https:\/\/schema.org","@graph":[{"@type":"Article","@id":"https:\/\/buletin.de\/bucuresti\/elcen-ia-in-considerare-alimentarea-sistemului-de-incalzire-cu-energie-fotovoltaica-si-eoliana-cat-ar-costa\/#article","isPartOf":{"@id":"https:\/\/buletin.de\/bucuresti\/elcen-ia-in-considerare-alimentarea-sistemului-de-incalzire-cu-energie-fotovoltaica-si-eoliana-cat-ar-costa\/"},"author":{"name":"Redac\u021bia Buletin de Bucure\u0219ti","@id":"https:\/\/buletin.de\/bucuresti\/#\/schema\/person\/2bbcf854e5f2419a13804af574d06ab1"},"headline":"ELCEN ia \u00een considerare alimentarea sistemului de \u00eenc\u0103lzire cu energie fotovoltaic\u0103 \u0219i eolian\u0103. C\u00e2t ar costa","datePublished":"2025-02-25T07:52:05+00:00","dateModified":"2025-02-25T08:54:16+00:00","mainEntityOfPage":{"@id":"https:\/\/buletin.de\/bucuresti\/elcen-ia-in-considerare-alimentarea-sistemului-de-incalzire-cu-energie-fotovoltaica-si-eoliana-cat-ar-costa\/"},"wordCount":413,"publisher":{"@id":"https:\/\/buletin.de\/bucuresti\/#organization"},"image":{"@id":"https:\/\/buletin.de\/bucuresti\/elcen-ia-in-considerare-alimentarea-sistemului-de-incalzire-cu-energie-fotovoltaica-si-eoliana-cat-ar-costa\/#primaryimage"},"thumbnailUrl":"https:\/\/buletin.de\/bucuresti\/wp-content\/uploads\/elcen-termocentrala.jpg","keywords":["apa calda bucuresti","apa termala","cet sud","elcen","energie eoliana","energie fotovoltaica","incalzire centralizata"],"articleSection":["Articole","Main","Termoficare"],"inLanguage":"en-GB","copyrightYear":"2025","copyrightHolder":{"@id":"https:\/\/buletin.de\/bucuresti\/#organization"}},{"@type":"WebPage","@id":"https:\/\/buletin.de\/bucuresti\/elcen-ia-in-considerare-alimentarea-sistemului-de-incalzire-cu-energie-fotovoltaica-si-eoliana-cat-ar-costa\/","url":"https:\/\/buletin.de\/bucuresti\/elcen-ia-in-considerare-alimentarea-sistemului-de-incalzire-cu-energie-fotovoltaica-si-eoliana-cat-ar-costa\/","name":"ELCEN ia \u00een considerare alimentarea sistemului de \u00eenc\u0103lzire cu energie fotovoltaic\u0103 \u0219i eolian\u0103. C\u00e2t ar costa - Buletin de Bucure\u0219ti","isPartOf":{"@id":"https:\/\/buletin.de\/bucuresti\/#website"},"primaryImageOfPage":{"@id":"https:\/\/buletin.de\/bucuresti\/elcen-ia-in-considerare-alimentarea-sistemului-de-incalzire-cu-energie-fotovoltaica-si-eoliana-cat-ar-costa\/#primaryimage"},"image":{"@id":"https:\/\/buletin.de\/bucuresti\/elcen-ia-in-considerare-alimentarea-sistemului-de-incalzire-cu-energie-fotovoltaica-si-eoliana-cat-ar-costa\/#primaryimage"},"thumbnailUrl":"https:\/\/buletin.de\/bucuresti\/wp-content\/uploads\/elcen-termocentrala.jpg","datePublished":"2025-02-25T07:52:05+00:00","dateModified":"2025-02-25T08:54:16+00:00","description":"Sistemul centralizat de \u00eenc\u0103lzire ar putea fi alimentat \u00een viitor \u0219i cu agent termic produs din energie electric\u0103 fotovoltaic\u0103 \u0219i eolian\u0103.","breadcrumb":{"@id":"https:\/\/buletin.de\/bucuresti\/elcen-ia-in-considerare-alimentarea-sistemului-de-incalzire-cu-energie-fotovoltaica-si-eoliana-cat-ar-costa\/#breadcrumb"},"inLanguage":"en-GB","potentialAction":[{"@type":"ReadAction","target":["https:\/\/buletin.de\/bucuresti\/elcen-ia-in-considerare-alimentarea-sistemului-de-incalzire-cu-energie-fotovoltaica-si-eoliana-cat-ar-costa\/"]}]},{"@type":"ImageObject","inLanguage":"en-GB","@id":"https:\/\/buletin.de\/bucuresti\/elcen-ia-in-considerare-alimentarea-sistemului-de-incalzire-cu-energie-fotovoltaica-si-eoliana-cat-ar-costa\/#primaryimage","url":"https:\/\/buletin.de\/bucuresti\/wp-content\/uploads\/elcen-termocentrala.jpg","contentUrl":"https:\/\/buletin.de\/bucuresti\/wp-content\/uploads\/elcen-termocentrala.jpg","width":1020,"height":574,"caption":"Sistemul centralizat de \u00eenc\u0103lzire din Capital\u0103 ar putea fi alimentat \u00een viitor \u0219i cu agent termic produs din energie electric\u0103 fotovoltaic\u0103 \u0219i eolian\u0103. FOTO: arhiv\u0103\/ ELCEN"},{"@type":"BreadcrumbList","@id":"https:\/\/buletin.de\/bucuresti\/elcen-ia-in-considerare-alimentarea-sistemului-de-incalzire-cu-energie-fotovoltaica-si-eoliana-cat-ar-costa\/#breadcrumb","itemListElement":[{"@type":"ListItem","position":1,"name":"Acas\u0103","item":"https:\/\/buletin.de\/bucuresti\/"},{"@type":"ListItem","position":2,"name":"ELCEN ia \u00een considerare alimentarea sistemului de \u00eenc\u0103lzire cu energie fotovoltaic\u0103 \u0219i eolian\u0103. C\u00e2t ar costa"}]},{"@type":"WebSite","@id":"https:\/\/buletin.de\/bucuresti\/#website","url":"https:\/\/buletin.de\/bucuresti\/","name":"Buletin de Bucure\u0219ti","description":"\u0218tiri \u0219i investiga\u021bii esen\u021biale din capital\u0103","publisher":{"@id":"https:\/\/buletin.de\/bucuresti\/#organization"},"potentialAction":[{"@type":"SearchAction","target":{"@type":"EntryPoint","urlTemplate":"https:\/\/buletin.de\/bucuresti\/?s={search_term_string}"},"query-input":{"@type":"PropertyValueSpecification","valueRequired":true,"valueName":"search_term_string"}}],"inLanguage":"en-GB"},{"@type":"Organization","@id":"https:\/\/buletin.de\/bucuresti\/#organization","name":"Buletin de Bucure\u0219ti","url":"https:\/\/buletin.de\/bucuresti\/","logo":{"@type":"ImageObject","inLanguage":"en-GB","@id":"https:\/\/buletin.de\/bucuresti\/#\/schema\/logo\/image\/","url":"https:\/\/buletin.de\/bucuresti\/wp-content\/uploads\/logo-bdb-full-wide-vernil-transparent.png","contentUrl":"https:\/\/buletin.de\/bucuresti\/wp-content\/uploads\/logo-bdb-full-wide-vernil-transparent.png","width":1782,"height":626,"caption":"Buletin de Bucure\u0219ti"},"image":{"@id":"https:\/\/buletin.de\/bucuresti\/#\/schema\/logo\/image\/"},"sameAs":["https:\/\/www.facebook.com\/buletin.de.buc","https:\/\/www.instagram.com\/buletinde.bucuresti\/"]},{"@type":"Person","@id":"https:\/\/buletin.de\/bucuresti\/#\/schema\/person\/2bbcf854e5f2419a13804af574d06ab1","name":"Redac\u021bia Buletin de Bucure\u0219ti","image":{"@type":"ImageObject","inLanguage":"en-GB","@id":"https:\/\/secure.gravatar.com\/avatar\/18c5342381ed1a08620e6280424e3e5efc958618f5d67c522c9e44c1bc6f9226?s=96&d=monsterid&r=g60c7cd0ad92c68c049fcd4bb3504d609","url":"https:\/\/secure.gravatar.com\/avatar\/18c5342381ed1a08620e6280424e3e5efc958618f5d67c522c9e44c1bc6f9226?s=96&d=monsterid&r=g","contentUrl":"https:\/\/secure.gravatar.com\/avatar\/18c5342381ed1a08620e6280424e3e5efc958618f5d67c522c9e44c1bc6f9226?s=96&d=monsterid&r=g","caption":"Redac\u021bia Buletin de Bucure\u0219ti"},"description":"Buletin de Bucure\u0219ti exist\u0103 din vara anului 2019.","url":"https:\/\/buletin.de\/bucuresti\/author\/adminbuletin\/"}]}},"authors":[{"term_id":22583,"user_id":1,"is_guest":0,"slug":"adminbuletin","display_name":"Redac\u021bia Buletin de Bucure\u0219ti","avatar_url":"https:\/\/secure.gravatar.com\/avatar\/18c5342381ed1a08620e6280424e3e5efc958618f5d67c522c9e44c1bc6f9226?s=96&d=monsterid&r=g","0":null,"1":"","2":"","3":"","4":"","5":"","6":"","7":"","8":""}],"_links":{"self":[{"href":"https:\/\/buletin.de\/bucuresti\/wp-json\/wp\/v2\/posts\/119984","targetHints":{"allow":["GET"]}}],"collection":[{"href":"https:\/\/buletin.de\/bucuresti\/wp-json\/wp\/v2\/posts"}],"about":[{"href":"https:\/\/buletin.de\/bucuresti\/wp-json\/wp\/v2\/types\/post"}],"author":[{"embeddable":true,"href":"https:\/\/buletin.de\/bucuresti\/wp-json\/wp\/v2\/users\/1"}],"replies":[{"embeddable":true,"href":"https:\/\/buletin.de\/bucuresti\/wp-json\/wp\/v2\/comments?post=119984"}],"version-history":[{"count":10,"href":"https:\/\/buletin.de\/bucuresti\/wp-json\/wp\/v2\/posts\/119984\/revisions"}],"predecessor-version":[{"id":119998,"href":"https:\/\/buletin.de\/bucuresti\/wp-json\/wp\/v2\/posts\/119984\/revisions\/119998"}],"wp:featuredmedia":[{"embeddable":true,"href":"https:\/\/buletin.de\/bucuresti\/wp-json\/wp\/v2\/media\/120019"}],"wp:attachment":[{"href":"https:\/\/buletin.de\/bucuresti\/wp-json\/wp\/v2\/media?parent=119984"}],"wp:term":[{"taxonomy":"category","embeddable":true,"href":"https:\/\/buletin.de\/bucuresti\/wp-json\/wp\/v2\/categories?post=119984"},{"taxonomy":"post_tag","embeddable":true,"href":"https:\/\/buletin.de\/bucuresti\/wp-json\/wp\/v2\/tags?post=119984"},{"taxonomy":"author","embeddable":true,"href":"https:\/\/buletin.de\/bucuresti\/wp-json\/wp\/v2\/ppma_author?post=119984"}],"curies":[{"name":"wp","href":"https:\/\/api.w.org\/{rel}","templated":true}]}}