{"id":119968,"date":"2025-02-25T09:19:14","date_gmt":"2025-02-25T06:19:14","guid":{"rendered":"https:\/\/buletin.de\/bucuresti\/?p=119968"},"modified":"2025-02-25T09:19:14","modified_gmt":"2025-02-25T06:19:14","slug":"trenul-metropolitan-ocoleste-glina-si-cernica-ministerul-transporturilor-amana-solutia-de-aproape-un-an","status":"publish","type":"post","link":"https:\/\/buletin.de\/bucuresti\/trenul-metropolitan-ocoleste-glina-si-cernica-ministerul-transporturilor-amana-solutia-de-aproape-un-an\/","title":{"rendered":"Trenul metropolitan ocole\u0219te Glina \u0219i Cernica. Ministerul Transporturilor am\u00e2n\u0103 solu\u021bia de aproape un an"},"content":{"rendered":"\n<p><strong>La aproape un an de la intrarea \u00een vigoare a actului normativ care reglementeaz\u0103 traseele trenului metropolitan \u00een Bucure\u0219ti \u0219i Ilfov, locuitorii din Glina \u0219i Cernica r\u0103m\u00e2n exclu\u0219i din acest sistem, scrie <\/strong><a href=\"https:\/\/clubferoviar.ro\/glina-cernica-traseele-de-tren-metropolitan\/\"><strong>ClubFeroviar.ro<\/strong><\/a><strong>. Abonamentul cu care po\u021bi circula cu trenul la pre\u021b redus \u00een Bucure\u0219ti \u0219i jude\u021bul Ilfov nu este valabil \u0219i pentru sec\u021bia 801 Titan Sud-Olteni\u021ba.<\/strong><\/p>\n\n\n\n<p>Pe 30 aprilie 2024, a intrat \u00een vigoare Ordinul ministrului Transporturilor \u0219i Infrastructurii nr. 1039 privind aprobarea tarifelor care pot fi percepute de operatorii de servicii publice pentru serviciile de transport feroviar public de c\u0103l\u0103tori care fac obiectul obliga\u021biei de serviciu public. \u00cen actul normativ erau stabilite, printre altele, \u0219i traseele de tren metropolitan din jurul marilor ora\u0219e din Rom\u00e2nia.<\/p>\n\n\n\n<p><strong>CITE\u0218TE \u0218I:<\/strong> <a href=\"https:\/\/buletin.de\/bucuresti\/raspunsul-anpc-dupa-comunicatul-ministerului-sanatatii-s-a-facut-dosar-penal\/\"><strong>R\u0103spunsul ANPC dup\u0103 comunicatul Ministerului S\u0103n\u0103t\u0103\u021bii: \u201eS-a f\u0103cut dosar penal\u201d<\/strong><\/a><\/p>\n\n\n\n<h2 class=\"wp-block-heading\" id=\"h-trenul-metropolitan-ocole\u0219te-glina-\u0219i-cernica\"><strong>Trenul metropolitan ocole\u0219te Glina \u0219i Cernica<\/strong><\/h2>\n\n\n\n<p>\u00cen cazul regiunii Bucure\u0219ti-Ilfov, traseele \u0219i tarifele pentru o c\u0103l\u0103torie sunt urm\u0103toarele:<\/p>\n\n\n\n<p>Linia 1. Bucure\u0219ti Nord-Scrovi\u0219tea &nbsp; &nbsp; &nbsp; &nbsp; &nbsp; &nbsp; &nbsp; &nbsp; &nbsp; &nbsp; &nbsp; &nbsp; &nbsp; 6 lei<\/p>\n\n\n\n<p>Linia 2. Bucure\u0219ti Nord-Bucure\u0219ti Obor-Islaz&nbsp; &nbsp; &nbsp; &nbsp; &nbsp; 6 lei<\/p>\n\n\n\n<p>Linia 3. Bucure\u0219ti Nord-Domne\u0219tii de Sus hc&nbsp; &nbsp; &nbsp; &nbsp; &nbsp; 7 lei<\/p>\n\n\n\n<p>Linia 4. Bucure\u0219ti Nord-Greci&nbsp; &nbsp; &nbsp; &nbsp; &nbsp; &nbsp; &nbsp; &nbsp; &nbsp; &nbsp; &nbsp; &nbsp; &nbsp; &nbsp; &nbsp; &nbsp; &nbsp; 7 lei<\/p>\n\n\n\n<p>Linia 5. Bucure\u0219ti Nord-Aeroport Henri Coand\u0103 &nbsp; &nbsp; 5,5 lei<\/p>\n\n\n\n<p>Linia 6. Bucure\u0219ti Nord-Bucure\u0219ti Progresu-Vidra &nbsp; 7 lei.<\/p>\n\n\n\n<p>Biletele la aceste tarife \u0219i abonamentele valabile \u00een toat\u0103 zona metropolitan\u0103 Bucure\u0219ti-Ilfov (pentru trei ore, o zi, trei zile, \u0219apte zile, 15 zile sau o lun\u0103) pot fi cump\u0103rate doar de pe site-ul special dedicat al Autorit\u0103\u021bii pentru Reform\u0103 Feroviar\u0103 (ARF).<\/p>\n\n\n\n<p>\u00cenc\u0103 din vara anului trecut, ARF promitea c\u0103 va remedia aceast\u0103 omisiune \u201e\u00een cel mai scurt timp posibil\u201d. Fostul pre\u0219edinte al institu\u021biei, \u0218tefan Ro\u0219eanu, anun\u021ba atunci c\u0103 se va propune introducerea liniei Titan Sud \u2013 Cernica \u2013 T\u00e2nganu \u00een zona metropolitan\u0103. \u00centre timp, Ro\u0219eanu a p\u0103r\u0103sit conducerea ARF, iar aproape 11 luni mai t\u00e2rziu situa\u021bia r\u0103m\u00e2ne neschimbat\u0103, mai scrie sursa citat\u0103.<\/p>\n\n\n\n<p>Noua conducere a ARF, prin directorul general Ilie C\u00eerceag, sus\u021bine c\u0103 propunerea de includere a acestei linii a fost transmis\u0103 Ministerului Transporturilor \u0219i se afl\u0103 \u00een proces de aprobare. Totu\u0219i, \u00een proiectul recent postat pe site-ul ministerului nu apare nicio men\u021biune despre linia Titan Sud \u2013 T\u00e2nganu.<\/p>\n\n\n\n<p><strong>Cite\u0219te mai multe pe <\/strong><a href=\"https:\/\/clubferoviar.ro\/glina-cernica-traseele-de-tren-metropolitan\/\"><strong>clubferoviar.ro<\/strong><\/a><\/p>\n","protected":false},"excerpt":{"rendered":"<p>La aproape un an de la intrarea \u00een vigoare a actului normativ care reglementeaz\u0103 traseele trenului metropolitan \u00een Bucure\u0219ti \u0219i Ilfov, locuitorii din Glina \u0219i Cernica r\u0103m\u00e2n exclu\u0219i din acest sistem, scrie ClubFeroviar.ro. Abonamentul cu care po\u021bi circula cu trenul la pre\u021b redus \u00een Bucure\u0219ti \u0219i jude\u021bul Ilfov nu este valabil \u0219i pentru sec\u021bia 801 [&hellip;]<\/p>\n","protected":false},"author":1,"featured_media":119969,"comment_status":"closed","ping_status":"open","sticky":false,"template":"","format":"standard","meta":{"_acf_changed":false,"inline_featured_image":false,"ngg_post_thumbnail":0,"footnotes":""},"categories":[6994,62,650],"tags":[9,2054,3274,630],"ppma_author":[22583],"class_list":["post-119968","post","type-post","status-publish","format-standard","has-post-thumbnail","hentry","category-stiri-2","category-stiri","category-transport","tag-bucuresti","tag-capitala","tag-tren-metropolitan","tag-urban"],"acf":[],"yoast_head":"<!-- This site is optimized with the Yoast SEO Premium plugin v25.3 (Yoast SEO v27.5) - https:\/\/yoast.com\/product\/yoast-seo-premium-wordpress\/ -->\n<title>Trenul metropolitan ocole\u0219te Glina \u0219i Cernica. Ministerul Transporturilor am\u00e2n\u0103 solu\u021bia de aproape un an - Buletin de Bucure\u0219ti<\/title>\n<meta name=\"description\" content=\"Trenul metropolitan ocole\u0219te Glina \u0219i Cernica. Ministerul Transporturilor am\u00e2n\u0103 solu\u021bia de aproape un an de la intrarea \u00een vigoare.\" \/>\n<meta name=\"robots\" content=\"index, follow, max-snippet:-1, max-image-preview:large, max-video-preview:-1\" \/>\n<link rel=\"canonical\" href=\"https:\/\/buletin.de\/bucuresti\/trenul-metropolitan-ocoleste-glina-si-cernica-ministerul-transporturilor-amana-solutia-de-aproape-un-an\/\" \/>\n<meta property=\"og:locale\" content=\"en_GB\" \/>\n<meta property=\"og:type\" content=\"article\" \/>\n<meta property=\"og:title\" content=\"Trenul metropolitan ocole\u0219te Glina \u0219i Cernica. Ministerul Transporturilor am\u00e2n\u0103 solu\u021bia de aproape un an\" \/>\n<meta property=\"og:description\" content=\"Trenul metropolitan ocole\u0219te Glina \u0219i Cernica. Ministerul Transporturilor am\u00e2n\u0103 solu\u021bia de aproape un an de la intrarea \u00een vigoare.\" \/>\n<meta property=\"og:url\" content=\"https:\/\/buletin.de\/bucuresti\/trenul-metropolitan-ocoleste-glina-si-cernica-ministerul-transporturilor-amana-solutia-de-aproape-un-an\/\" \/>\n<meta property=\"og:site_name\" content=\"Buletin de Bucure\u0219ti\" \/>\n<meta property=\"article:publisher\" content=\"https:\/\/www.facebook.com\/buletin.de.buc\" \/>\n<meta property=\"article:published_time\" content=\"2025-02-25T06:19:14+00:00\" \/>\n<meta property=\"og:image\" content=\"https:\/\/buletin.de\/bucuresti\/wp-content\/uploads\/1-17-1.jpg\" \/>\n\t<meta property=\"og:image:width\" content=\"1794\" \/>\n\t<meta property=\"og:image:height\" content=\"1010\" \/>\n\t<meta property=\"og:image:type\" content=\"image\/jpeg\" \/>\n<meta name=\"author\" content=\"Redac\u021bia Buletin de Bucure\u0219ti\" \/>\n<meta name=\"twitter:card\" content=\"summary_large_image\" \/>\n<meta name=\"twitter:label1\" content=\"Written by\" \/>\n\t<meta name=\"twitter:data1\" content=\"Redac\u021bia Buletin de Bucure\u0219ti\" \/>\n\t<meta name=\"twitter:label2\" content=\"Estimated reading time\" \/>\n\t<meta name=\"twitter:data2\" content=\"2 minutes\" \/>\n<script type=\"application\/ld+json\" class=\"yoast-schema-graph\">{\"@context\":\"https:\\\/\\\/schema.org\",\"@graph\":[{\"@type\":\"Article\",\"@id\":\"https:\\\/\\\/buletin.de\\\/bucuresti\\\/trenul-metropolitan-ocoleste-glina-si-cernica-ministerul-transporturilor-amana-solutia-de-aproape-un-an\\\/#article\",\"isPartOf\":{\"@id\":\"https:\\\/\\\/buletin.de\\\/bucuresti\\\/trenul-metropolitan-ocoleste-glina-si-cernica-ministerul-transporturilor-amana-solutia-de-aproape-un-an\\\/\"},\"author\":{\"name\":\"Redac\u021bia Buletin de Bucure\u0219ti\",\"@id\":\"https:\\\/\\\/buletin.de\\\/bucuresti\\\/#\\\/schema\\\/person\\\/2bbcf854e5f2419a13804af574d06ab1\"},\"headline\":\"Trenul metropolitan ocole\u0219te Glina \u0219i Cernica. Ministerul Transporturilor am\u00e2n\u0103 solu\u021bia de aproape un an\",\"datePublished\":\"2025-02-25T06:19:14+00:00\",\"mainEntityOfPage\":{\"@id\":\"https:\\\/\\\/buletin.de\\\/bucuresti\\\/trenul-metropolitan-ocoleste-glina-si-cernica-ministerul-transporturilor-amana-solutia-de-aproape-un-an\\\/\"},\"wordCount\":441,\"publisher\":{\"@id\":\"https:\\\/\\\/buletin.de\\\/bucuresti\\\/#organization\"},\"image\":{\"@id\":\"https:\\\/\\\/buletin.de\\\/bucuresti\\\/trenul-metropolitan-ocoleste-glina-si-cernica-ministerul-transporturilor-amana-solutia-de-aproape-un-an\\\/#primaryimage\"},\"thumbnailUrl\":\"https:\\\/\\\/buletin.de\\\/bucuresti\\\/wp-content\\\/uploads\\\/1-17-1.jpg\",\"keywords\":[\"bucuresti\",\"Capitala\",\"tren metropolitan\",\"urban\"],\"articleSection\":[\"Articole\",\"\u0218tiri\",\"Transport\"],\"inLanguage\":\"en-GB\",\"copyrightYear\":\"2025\",\"copyrightHolder\":{\"@id\":\"https:\\\/\\\/buletin.de\\\/bucuresti\\\/#organization\"}},{\"@type\":\"WebPage\",\"@id\":\"https:\\\/\\\/buletin.de\\\/bucuresti\\\/trenul-metropolitan-ocoleste-glina-si-cernica-ministerul-transporturilor-amana-solutia-de-aproape-un-an\\\/\",\"url\":\"https:\\\/\\\/buletin.de\\\/bucuresti\\\/trenul-metropolitan-ocoleste-glina-si-cernica-ministerul-transporturilor-amana-solutia-de-aproape-un-an\\\/\",\"name\":\"Trenul metropolitan ocole\u0219te Glina \u0219i Cernica. Ministerul Transporturilor am\u00e2n\u0103 solu\u021bia de aproape un an - Buletin de Bucure\u0219ti\",\"isPartOf\":{\"@id\":\"https:\\\/\\\/buletin.de\\\/bucuresti\\\/#website\"},\"primaryImageOfPage\":{\"@id\":\"https:\\\/\\\/buletin.de\\\/bucuresti\\\/trenul-metropolitan-ocoleste-glina-si-cernica-ministerul-transporturilor-amana-solutia-de-aproape-un-an\\\/#primaryimage\"},\"image\":{\"@id\":\"https:\\\/\\\/buletin.de\\\/bucuresti\\\/trenul-metropolitan-ocoleste-glina-si-cernica-ministerul-transporturilor-amana-solutia-de-aproape-un-an\\\/#primaryimage\"},\"thumbnailUrl\":\"https:\\\/\\\/buletin.de\\\/bucuresti\\\/wp-content\\\/uploads\\\/1-17-1.jpg\",\"datePublished\":\"2025-02-25T06:19:14+00:00\",\"description\":\"Trenul metropolitan ocole\u0219te Glina \u0219i Cernica. Ministerul Transporturilor am\u00e2n\u0103 solu\u021bia de aproape un an de la intrarea \u00een vigoare.\",\"breadcrumb\":{\"@id\":\"https:\\\/\\\/buletin.de\\\/bucuresti\\\/trenul-metropolitan-ocoleste-glina-si-cernica-ministerul-transporturilor-amana-solutia-de-aproape-un-an\\\/#breadcrumb\"},\"inLanguage\":\"en-GB\",\"potentialAction\":[{\"@type\":\"ReadAction\",\"target\":[\"https:\\\/\\\/buletin.de\\\/bucuresti\\\/trenul-metropolitan-ocoleste-glina-si-cernica-ministerul-transporturilor-amana-solutia-de-aproape-un-an\\\/\"]}]},{\"@type\":\"ImageObject\",\"inLanguage\":\"en-GB\",\"@id\":\"https:\\\/\\\/buletin.de\\\/bucuresti\\\/trenul-metropolitan-ocoleste-glina-si-cernica-ministerul-transporturilor-amana-solutia-de-aproape-un-an\\\/#primaryimage\",\"url\":\"https:\\\/\\\/buletin.de\\\/bucuresti\\\/wp-content\\\/uploads\\\/1-17-1.jpg\",\"contentUrl\":\"https:\\\/\\\/buletin.de\\\/bucuresti\\\/wp-content\\\/uploads\\\/1-17-1.jpg\",\"width\":1794,\"height\":1010,\"caption\":\"Trenul metropolitan ocole\u0219te Glina \u0219i Cernica. Ministerul Transporturilor am\u00e2n\u0103 solu\u021bia de aproape un an. Foto: arhiv\u0103\"},{\"@type\":\"BreadcrumbList\",\"@id\":\"https:\\\/\\\/buletin.de\\\/bucuresti\\\/trenul-metropolitan-ocoleste-glina-si-cernica-ministerul-transporturilor-amana-solutia-de-aproape-un-an\\\/#breadcrumb\",\"itemListElement\":[{\"@type\":\"ListItem\",\"position\":1,\"name\":\"Acas\u0103\",\"item\":\"https:\\\/\\\/buletin.de\\\/bucuresti\\\/\"},{\"@type\":\"ListItem\",\"position\":2,\"name\":\"Trenul metropolitan ocole\u0219te Glina \u0219i Cernica. Ministerul Transporturilor am\u00e2n\u0103 solu\u021bia de aproape un an\"}]},{\"@type\":\"WebSite\",\"@id\":\"https:\\\/\\\/buletin.de\\\/bucuresti\\\/#website\",\"url\":\"https:\\\/\\\/buletin.de\\\/bucuresti\\\/\",\"name\":\"Buletin de Bucure\u0219ti\",\"description\":\"\u0218tiri \u0219i investiga\u021bii esen\u021biale din capital\u0103\",\"publisher\":{\"@id\":\"https:\\\/\\\/buletin.de\\\/bucuresti\\\/#organization\"},\"potentialAction\":[{\"@type\":\"SearchAction\",\"target\":{\"@type\":\"EntryPoint\",\"urlTemplate\":\"https:\\\/\\\/buletin.de\\\/bucuresti\\\/?s={search_term_string}\"},\"query-input\":{\"@type\":\"PropertyValueSpecification\",\"valueRequired\":true,\"valueName\":\"search_term_string\"}}],\"inLanguage\":\"en-GB\"},{\"@type\":\"Organization\",\"@id\":\"https:\\\/\\\/buletin.de\\\/bucuresti\\\/#organization\",\"name\":\"Buletin de Bucure\u0219ti\",\"url\":\"https:\\\/\\\/buletin.de\\\/bucuresti\\\/\",\"logo\":{\"@type\":\"ImageObject\",\"inLanguage\":\"en-GB\",\"@id\":\"https:\\\/\\\/buletin.de\\\/bucuresti\\\/#\\\/schema\\\/logo\\\/image\\\/\",\"url\":\"https:\\\/\\\/buletin.de\\\/bucuresti\\\/wp-content\\\/uploads\\\/logo-bdb-full-wide-vernil-transparent.png\",\"contentUrl\":\"https:\\\/\\\/buletin.de\\\/bucuresti\\\/wp-content\\\/uploads\\\/logo-bdb-full-wide-vernil-transparent.png\",\"width\":1782,\"height\":626,\"caption\":\"Buletin de Bucure\u0219ti\"},\"image\":{\"@id\":\"https:\\\/\\\/buletin.de\\\/bucuresti\\\/#\\\/schema\\\/logo\\\/image\\\/\"},\"sameAs\":[\"https:\\\/\\\/www.facebook.com\\\/buletin.de.buc\",\"https:\\\/\\\/www.instagram.com\\\/buletinde.bucuresti\\\/\"]},{\"@type\":\"Person\",\"@id\":\"https:\\\/\\\/buletin.de\\\/bucuresti\\\/#\\\/schema\\\/person\\\/2bbcf854e5f2419a13804af574d06ab1\",\"name\":\"Redac\u021bia Buletin de Bucure\u0219ti\",\"image\":{\"@type\":\"ImageObject\",\"inLanguage\":\"en-GB\",\"@id\":\"https:\\\/\\\/secure.gravatar.com\\\/avatar\\\/18c5342381ed1a08620e6280424e3e5efc958618f5d67c522c9e44c1bc6f9226?s=96&d=monsterid&r=g60c7cd0ad92c68c049fcd4bb3504d609\",\"url\":\"https:\\\/\\\/secure.gravatar.com\\\/avatar\\\/18c5342381ed1a08620e6280424e3e5efc958618f5d67c522c9e44c1bc6f9226?s=96&d=monsterid&r=g\",\"contentUrl\":\"https:\\\/\\\/secure.gravatar.com\\\/avatar\\\/18c5342381ed1a08620e6280424e3e5efc958618f5d67c522c9e44c1bc6f9226?s=96&d=monsterid&r=g\",\"caption\":\"Redac\u021bia Buletin de Bucure\u0219ti\"},\"description\":\"Buletin de Bucure\u0219ti exist\u0103 din vara anului 2019.\",\"url\":\"https:\\\/\\\/buletin.de\\\/bucuresti\\\/author\\\/adminbuletin\\\/\"}]}<\/script>\n<!-- \/ Yoast SEO Premium plugin. -->","yoast_head_json":{"title":"Trenul metropolitan ocole\u0219te Glina \u0219i Cernica. Ministerul Transporturilor am\u00e2n\u0103 solu\u021bia de aproape un an - Buletin de Bucure\u0219ti","description":"Trenul metropolitan ocole\u0219te Glina \u0219i Cernica. Ministerul Transporturilor am\u00e2n\u0103 solu\u021bia de aproape un an de la intrarea \u00een vigoare.","robots":{"index":"index","follow":"follow","max-snippet":"max-snippet:-1","max-image-preview":"max-image-preview:large","max-video-preview":"max-video-preview:-1"},"canonical":"https:\/\/buletin.de\/bucuresti\/trenul-metropolitan-ocoleste-glina-si-cernica-ministerul-transporturilor-amana-solutia-de-aproape-un-an\/","og_locale":"en_GB","og_type":"article","og_title":"Trenul metropolitan ocole\u0219te Glina \u0219i Cernica. Ministerul Transporturilor am\u00e2n\u0103 solu\u021bia de aproape un an","og_description":"Trenul metropolitan ocole\u0219te Glina \u0219i Cernica. Ministerul Transporturilor am\u00e2n\u0103 solu\u021bia de aproape un an de la intrarea \u00een vigoare.","og_url":"https:\/\/buletin.de\/bucuresti\/trenul-metropolitan-ocoleste-glina-si-cernica-ministerul-transporturilor-amana-solutia-de-aproape-un-an\/","og_site_name":"Buletin de Bucure\u0219ti","article_publisher":"https:\/\/www.facebook.com\/buletin.de.buc","article_published_time":"2025-02-25T06:19:14+00:00","og_image":[{"width":1794,"height":1010,"url":"https:\/\/buletin.de\/bucuresti\/wp-content\/uploads\/1-17-1.jpg","type":"image\/jpeg"}],"author":"Redac\u021bia Buletin de Bucure\u0219ti","twitter_card":"summary_large_image","twitter_misc":{"Written by":"Redac\u021bia Buletin de Bucure\u0219ti","Estimated reading time":"2 minutes"},"schema":{"@context":"https:\/\/schema.org","@graph":[{"@type":"Article","@id":"https:\/\/buletin.de\/bucuresti\/trenul-metropolitan-ocoleste-glina-si-cernica-ministerul-transporturilor-amana-solutia-de-aproape-un-an\/#article","isPartOf":{"@id":"https:\/\/buletin.de\/bucuresti\/trenul-metropolitan-ocoleste-glina-si-cernica-ministerul-transporturilor-amana-solutia-de-aproape-un-an\/"},"author":{"name":"Redac\u021bia Buletin de Bucure\u0219ti","@id":"https:\/\/buletin.de\/bucuresti\/#\/schema\/person\/2bbcf854e5f2419a13804af574d06ab1"},"headline":"Trenul metropolitan ocole\u0219te Glina \u0219i Cernica. Ministerul Transporturilor am\u00e2n\u0103 solu\u021bia de aproape un an","datePublished":"2025-02-25T06:19:14+00:00","mainEntityOfPage":{"@id":"https:\/\/buletin.de\/bucuresti\/trenul-metropolitan-ocoleste-glina-si-cernica-ministerul-transporturilor-amana-solutia-de-aproape-un-an\/"},"wordCount":441,"publisher":{"@id":"https:\/\/buletin.de\/bucuresti\/#organization"},"image":{"@id":"https:\/\/buletin.de\/bucuresti\/trenul-metropolitan-ocoleste-glina-si-cernica-ministerul-transporturilor-amana-solutia-de-aproape-un-an\/#primaryimage"},"thumbnailUrl":"https:\/\/buletin.de\/bucuresti\/wp-content\/uploads\/1-17-1.jpg","keywords":["bucuresti","Capitala","tren metropolitan","urban"],"articleSection":["Articole","\u0218tiri","Transport"],"inLanguage":"en-GB","copyrightYear":"2025","copyrightHolder":{"@id":"https:\/\/buletin.de\/bucuresti\/#organization"}},{"@type":"WebPage","@id":"https:\/\/buletin.de\/bucuresti\/trenul-metropolitan-ocoleste-glina-si-cernica-ministerul-transporturilor-amana-solutia-de-aproape-un-an\/","url":"https:\/\/buletin.de\/bucuresti\/trenul-metropolitan-ocoleste-glina-si-cernica-ministerul-transporturilor-amana-solutia-de-aproape-un-an\/","name":"Trenul metropolitan ocole\u0219te Glina \u0219i Cernica. Ministerul Transporturilor am\u00e2n\u0103 solu\u021bia de aproape un an - Buletin de Bucure\u0219ti","isPartOf":{"@id":"https:\/\/buletin.de\/bucuresti\/#website"},"primaryImageOfPage":{"@id":"https:\/\/buletin.de\/bucuresti\/trenul-metropolitan-ocoleste-glina-si-cernica-ministerul-transporturilor-amana-solutia-de-aproape-un-an\/#primaryimage"},"image":{"@id":"https:\/\/buletin.de\/bucuresti\/trenul-metropolitan-ocoleste-glina-si-cernica-ministerul-transporturilor-amana-solutia-de-aproape-un-an\/#primaryimage"},"thumbnailUrl":"https:\/\/buletin.de\/bucuresti\/wp-content\/uploads\/1-17-1.jpg","datePublished":"2025-02-25T06:19:14+00:00","description":"Trenul metropolitan ocole\u0219te Glina \u0219i Cernica. Ministerul Transporturilor am\u00e2n\u0103 solu\u021bia de aproape un an de la intrarea \u00een vigoare.","breadcrumb":{"@id":"https:\/\/buletin.de\/bucuresti\/trenul-metropolitan-ocoleste-glina-si-cernica-ministerul-transporturilor-amana-solutia-de-aproape-un-an\/#breadcrumb"},"inLanguage":"en-GB","potentialAction":[{"@type":"ReadAction","target":["https:\/\/buletin.de\/bucuresti\/trenul-metropolitan-ocoleste-glina-si-cernica-ministerul-transporturilor-amana-solutia-de-aproape-un-an\/"]}]},{"@type":"ImageObject","inLanguage":"en-GB","@id":"https:\/\/buletin.de\/bucuresti\/trenul-metropolitan-ocoleste-glina-si-cernica-ministerul-transporturilor-amana-solutia-de-aproape-un-an\/#primaryimage","url":"https:\/\/buletin.de\/bucuresti\/wp-content\/uploads\/1-17-1.jpg","contentUrl":"https:\/\/buletin.de\/bucuresti\/wp-content\/uploads\/1-17-1.jpg","width":1794,"height":1010,"caption":"Trenul metropolitan ocole\u0219te Glina \u0219i Cernica. Ministerul Transporturilor am\u00e2n\u0103 solu\u021bia de aproape un an. Foto: arhiv\u0103"},{"@type":"BreadcrumbList","@id":"https:\/\/buletin.de\/bucuresti\/trenul-metropolitan-ocoleste-glina-si-cernica-ministerul-transporturilor-amana-solutia-de-aproape-un-an\/#breadcrumb","itemListElement":[{"@type":"ListItem","position":1,"name":"Acas\u0103","item":"https:\/\/buletin.de\/bucuresti\/"},{"@type":"ListItem","position":2,"name":"Trenul metropolitan ocole\u0219te Glina \u0219i Cernica. Ministerul Transporturilor am\u00e2n\u0103 solu\u021bia de aproape un an"}]},{"@type":"WebSite","@id":"https:\/\/buletin.de\/bucuresti\/#website","url":"https:\/\/buletin.de\/bucuresti\/","name":"Buletin de Bucure\u0219ti","description":"\u0218tiri \u0219i investiga\u021bii esen\u021biale din capital\u0103","publisher":{"@id":"https:\/\/buletin.de\/bucuresti\/#organization"},"potentialAction":[{"@type":"SearchAction","target":{"@type":"EntryPoint","urlTemplate":"https:\/\/buletin.de\/bucuresti\/?s={search_term_string}"},"query-input":{"@type":"PropertyValueSpecification","valueRequired":true,"valueName":"search_term_string"}}],"inLanguage":"en-GB"},{"@type":"Organization","@id":"https:\/\/buletin.de\/bucuresti\/#organization","name":"Buletin de Bucure\u0219ti","url":"https:\/\/buletin.de\/bucuresti\/","logo":{"@type":"ImageObject","inLanguage":"en-GB","@id":"https:\/\/buletin.de\/bucuresti\/#\/schema\/logo\/image\/","url":"https:\/\/buletin.de\/bucuresti\/wp-content\/uploads\/logo-bdb-full-wide-vernil-transparent.png","contentUrl":"https:\/\/buletin.de\/bucuresti\/wp-content\/uploads\/logo-bdb-full-wide-vernil-transparent.png","width":1782,"height":626,"caption":"Buletin de Bucure\u0219ti"},"image":{"@id":"https:\/\/buletin.de\/bucuresti\/#\/schema\/logo\/image\/"},"sameAs":["https:\/\/www.facebook.com\/buletin.de.buc","https:\/\/www.instagram.com\/buletinde.bucuresti\/"]},{"@type":"Person","@id":"https:\/\/buletin.de\/bucuresti\/#\/schema\/person\/2bbcf854e5f2419a13804af574d06ab1","name":"Redac\u021bia Buletin de Bucure\u0219ti","image":{"@type":"ImageObject","inLanguage":"en-GB","@id":"https:\/\/secure.gravatar.com\/avatar\/18c5342381ed1a08620e6280424e3e5efc958618f5d67c522c9e44c1bc6f9226?s=96&d=monsterid&r=g60c7cd0ad92c68c049fcd4bb3504d609","url":"https:\/\/secure.gravatar.com\/avatar\/18c5342381ed1a08620e6280424e3e5efc958618f5d67c522c9e44c1bc6f9226?s=96&d=monsterid&r=g","contentUrl":"https:\/\/secure.gravatar.com\/avatar\/18c5342381ed1a08620e6280424e3e5efc958618f5d67c522c9e44c1bc6f9226?s=96&d=monsterid&r=g","caption":"Redac\u021bia Buletin de Bucure\u0219ti"},"description":"Buletin de Bucure\u0219ti exist\u0103 din vara anului 2019.","url":"https:\/\/buletin.de\/bucuresti\/author\/adminbuletin\/"}]}},"authors":[{"term_id":22583,"user_id":1,"is_guest":0,"slug":"adminbuletin","display_name":"Redac\u021bia Buletin de Bucure\u0219ti","avatar_url":"https:\/\/secure.gravatar.com\/avatar\/18c5342381ed1a08620e6280424e3e5efc958618f5d67c522c9e44c1bc6f9226?s=96&d=monsterid&r=g","0":null,"1":"","2":"","3":"","4":"","5":"","6":"","7":"","8":""}],"_links":{"self":[{"href":"https:\/\/buletin.de\/bucuresti\/wp-json\/wp\/v2\/posts\/119968","targetHints":{"allow":["GET"]}}],"collection":[{"href":"https:\/\/buletin.de\/bucuresti\/wp-json\/wp\/v2\/posts"}],"about":[{"href":"https:\/\/buletin.de\/bucuresti\/wp-json\/wp\/v2\/types\/post"}],"author":[{"embeddable":true,"href":"https:\/\/buletin.de\/bucuresti\/wp-json\/wp\/v2\/users\/1"}],"replies":[{"embeddable":true,"href":"https:\/\/buletin.de\/bucuresti\/wp-json\/wp\/v2\/comments?post=119968"}],"version-history":[{"count":1,"href":"https:\/\/buletin.de\/bucuresti\/wp-json\/wp\/v2\/posts\/119968\/revisions"}],"predecessor-version":[{"id":119970,"href":"https:\/\/buletin.de\/bucuresti\/wp-json\/wp\/v2\/posts\/119968\/revisions\/119970"}],"wp:featuredmedia":[{"embeddable":true,"href":"https:\/\/buletin.de\/bucuresti\/wp-json\/wp\/v2\/media\/119969"}],"wp:attachment":[{"href":"https:\/\/buletin.de\/bucuresti\/wp-json\/wp\/v2\/media?parent=119968"}],"wp:term":[{"taxonomy":"category","embeddable":true,"href":"https:\/\/buletin.de\/bucuresti\/wp-json\/wp\/v2\/categories?post=119968"},{"taxonomy":"post_tag","embeddable":true,"href":"https:\/\/buletin.de\/bucuresti\/wp-json\/wp\/v2\/tags?post=119968"},{"taxonomy":"author","embeddable":true,"href":"https:\/\/buletin.de\/bucuresti\/wp-json\/wp\/v2\/ppma_author?post=119968"}],"curies":[{"name":"wp","href":"https:\/\/api.w.org\/{rel}","templated":true}]}}