{"id":119942,"date":"2025-02-24T19:06:49","date_gmt":"2025-02-24T16:06:49","guid":{"rendered":"https:\/\/buletin.de\/bucuresti\/?p=119942"},"modified":"2025-02-24T21:43:11","modified_gmt":"2025-02-24T18:43:11","slug":"raspunsul-anpc-dupa-comunicatul-ministerului-sanatatii-s-a-facut-dosar-penal","status":"publish","type":"post","link":"https:\/\/buletin.de\/bucuresti\/raspunsul-anpc-dupa-comunicatul-ministerului-sanatatii-s-a-facut-dosar-penal\/","title":{"rendered":"R\u0103spunsul ANPC dup\u0103 comunicatul Ministerului S\u0103n\u0103t\u0103\u021bii: \u201eS-a f\u0103cut dosar penal\u201d"},"content":{"rendered":"\n<p><strong>Autoritatea Na\u021bional\u0103 pentru Protec\u021bia Consumatorilor (ANPC) a reac\u021bionat dup\u0103 comunicatul Ministerului S\u0103n\u0103t\u0103\u021bii, care a contestat controalele f\u0103cute de institu\u021bia condus\u0103 de Piedone \u00een spitale. ANPC a argumentat c\u0103 are temei legal pentru verific\u0103rile sale \u0219i c\u0103 \u201eunit\u0103\u021bile spitalice\u0219ti\u201d nu sunt exceptate de la astfel de controale.<\/strong><\/p>\n\n\n\n<p><strong>De asemenea, Piedone a transmis c\u0103 \u201es-a \u00eentocmit deja dosar penal pentru sechestrare persoane\u201d dup\u0103 ce, \u00een timpul unui control la Spitalul Municipal Adjud, oficialii ANPC ar fi fost \u021binu\u021bi \u00een incinta spitalului p\u00e2n\u0103 la sosirea Poli\u021biei.<\/strong><\/p>\n\n\n\n<p><strong>CITE\u0218TE \u0218I: <\/strong><a href=\"https:\/\/buletin.de\/bucuresti\/piedone-admonestat-pentru-controalele-din-spitale-intr-un-comunicat-trimis-de-ministerul-condus-de-rafila\/\"><strong>Piedone, \u201eadmonestat\u201d pentru controalele din spitale, \u00eentr-un comunicat trimis de ministerul condus de Rafila<\/strong><\/a><\/p>\n\n\n\n<h2 class=\"wp-block-heading\" id=\"h-raspunsul-anpc-s-a-facut-dosar-penal\">R\u0103spunsul ANPC: \u201eS-a f\u0103cut dosar penal\u201d<\/h2>\n\n\n\n<p><em>\u201eUnit\u0103\u021bile spitalice\u0219ti nu sunt exceptate de la aplicarea cadrului legal privind protec\u021bia consumatorilor\u201d<\/em>, se arat\u0103 \u00een comunicatul ANPC, care citeaz\u0103 Ordonan\u021ba Guvernului nr. 21\/1992.&nbsp;<\/p>\n\n\n\n<p>\u00cen plus, autoritatea men\u021bioneaz\u0103 c\u0103 poate verifica at\u00e2t serviciile de alimenta\u021bie public\u0103, c\u00e2t \u0219i depozitarea alimentelor \u00een spitale.<\/p>\n\n\n\n<p>Un incident a avut loc \u00een timpul unui control la Spitalul Municipal Adjud, unde echipa de control a fost \u00eempiedicat\u0103 s\u0103 \u00ee\u0219i desf\u0103\u0219oare activitatea. Conform ANPC, managerul unit\u0103\u021bii a oprit verific\u0103rile, invoc\u00e2nd \u201eordine de sus\u201d, iar accesul echipei de control a fost blocat p\u00e2n\u0103 la sosirea poli\u021biei.<\/p>\n\n\n\n<p>\u00cen urma acestui incident, a fost deschis un dosar penal, a spus Piedone.<\/p>\n\n\n\n<div class=\"wp-block-buttons is-content-justification-center is-layout-flex wp-container-core-buttons-is-layout-16018d1d wp-block-buttons-is-layout-flex\">\n<div class=\"wp-block-button has-custom-width wp-block-button__width-100\"><a class=\"wp-block-button__link wp-element-button\" href=\"https:\/\/www.patreon.com\/BuletinDeBucuresti\"><strong>Sus\u021bine Buletin de Bucure\u0219ti pentru investiga\u021bii, reportaje \u0219i \u0219tiri Locale<\/strong><\/a><\/div>\n<\/div>\n\n\n\n<p><em>\u201eU\u0219ile spitalului au fost blocate pentru a \u00eempiedica echipa de control s\u0103 p\u0103r\u0103seasc\u0103 incinta, p\u00e2n\u0103 la sosirea poli\u021biei. U\u0219ile au fost deschise ulterior de un angajat al spitalului, atunci c\u00e2nd unui membru al echipei de control i s-a f\u0103cut r\u0103u din cauza unor antecedente cardiace\u201d<\/em>, precizeaz\u0103 ANPC.&nbsp;<\/p>\n\n\n\n<p>Chiar \u0219i \u00een timpul celor c\u00e2teva minute de control efectiv, inspectorii ANPC au declarat c\u0103 au descoperit nereguli precum:<\/p>\n\n\n\n<ul class=\"wp-block-list\">\n<li>Materii prime &#8211; produse din carne de pas\u0103re cu termen de valabilitate expirat (05.02.2025 \u0219i 21.02.2025).<\/li>\n\n\n\n<li>Carne de porc neetichetat\u0103.<\/li>\n\n\n\n<li>Probe alimentare neetichetate.<\/li>\n\n\n\n<li>Condi\u021bii de depozitare necorespunz\u0103toare.<\/li>\n<\/ul>\n\n\n\n<p><em>\u201e\u00cen concluzie, Autoritatea Na\u021bional\u0103 pentru Protec\u021bia Consumatorilor continu\u0103 s\u0103 exercite controale riguroase \u0219i s\u0103 protejeze drepturile consumatorilor, f\u0103r\u0103 nicio discriminare \u00eentre operatorii economici, asigur\u00e2ndu-se c\u0103 toate serviciile \u0219i produsele destinate acestora respect\u0103 normele legale \u00een vigoare\u201d<\/em>, a mai transmis institu\u021bia.<\/p>\n\n\n\n<h1 class=\"wp-block-heading\" id=\"h-piedone-admonestat-pentru-controalele-din-spitale\"><strong>Piedone, \u201eadmonestat\u201d pentru controalele din spitale<\/strong><\/h1>\n\n\n\n<p><strong>R\u0103spunsul ANPC vine \u00een contextul \u00een care Ministerul S\u0103n\u0103t\u0103\u021bii a transmis anterior c\u0103 doar Inspec\u021bia Sanitar\u0103 de Stat are dreptul de a efectua controale \u00een spitale, dup\u0103 cum a scris Buletin de Bucure\u0219ti <a href=\"https:\/\/buletin.de\/bucuresti\/piedone-admonestat-pentru-controalele-din-spitale-intr-un-comunicat-trimis-de-ministerul-condus-de-rafila\/\">AICI<\/a>. Mesajul a venit dup\u0103 inspec\u021biile recente coordonate de \u0219eful ANPC, Cristian Popescu Piedone, la Spitalul Elias \u0219i Spitalul Universitar din Bucure\u0219ti.<\/strong><\/p>\n\n\n\n<p>De asemenea, ministerul a precizat c\u0103 verific\u0103rile ANPC asupra alimentelor din spitale ar putea avea loc doar \u00een baza unui acord oficial \u00eentre Ministerul S\u0103n\u0103t\u0103\u021bii \u0219i ANPC, lucru care nu s-a \u00eent\u00e2mplat p\u00e2n\u0103 acum.<\/p>\n\n\n\n<p><em>\u201eMinisterul S\u0103n\u0103t\u0103\u021bii se arat\u0103 deschis la colaborare, \u00eens\u0103 continuarea acestei ac\u021biuni este posibil\u0103 numai dup\u0103 stabilirea cadrului legal care s\u0103 permit\u0103 ANPC s\u0103 participe la controale comune exclusiv \u00een domeniul alimentelor \u00een unit\u0103\u021bile sanitare\u201d<\/em>, se arat\u0103 \u00een comunicatul ministerului condus de Alexandru Rafila.<\/p>\n\n\n\n<p>Ministerul S\u0103n\u0103t\u0103\u021bii a men\u021bionat \u0219i c\u0103 \u201enu trebuie s\u0103 existe abuzuri \u00een serviciu\u201d \u00een urma controalelor ANPC.<\/p>\n\n\n\n<p>\u201eAsigurarea hranei corespunz\u0103toare pentru pacien\u021bi este o preocupare constant\u0103 a MS, care a dublat \u00een 2023 suma alocat\u0103 acestora, iar orice sprijin legal din partea ANPC este binevenit\u201d, se mai arat\u0103 \u00een comunicat.<\/p>\n\n\n\n<p><strong>CITE\u0218TE \u0218I: <a href=\"https:\/\/buletin.de\/bucuresti\/editorial-la-anpc-se-umbla-cu-barba-vopsita-descinde-piedone-in-piata-lui-nicky-scorpion\/\">EDITORIAL | La ANPC se umbl\u0103 cu barba vopsit\u0103. Descinde Piedone \u00een pia\u021ba lui Nicky Scorpion?<\/a><\/strong><\/p>\n\n\n\n<h2 class=\"wp-block-heading\" id=\"h-neregulile-gasite-la-spitalul-elias-alimente-expirate-strat-grosier-de-praf-ustensile-uzate\"><strong>Neregulile g\u0103site la Spitalul Elias: alimente expirate, strat \u201egrosier\u201d de praf, ustensile uzate<\/strong><\/h2>\n\n\n\n<p>ANPC a descoperit mai multe nereguli la Spitalul Elias, inclusiv por\u021bii de m\u00e2ncare mai mici dec\u00e2t cele trecute \u00een meniuri, alimente expirate \u0219i ustensile de buc\u0103t\u0103rie uzate.<\/p>\n\n\n\n<p><a href=\"https:\/\/anpc.ro\/wp-content\/uploads\/2025\/02\/CONTROL-SPITALE.mp4?_=1\">Inspectorii ANPC, condu\u0219i chiar de pre\u0219edintele institu\u021biei, Cristian Popescu Piedone<\/a>, au verificat prin c\u00e2nt\u0103rire un num\u0103r de 20 por\u021bii de m\u00e2ncare, care aveau un gramaj cuprins \u00eentre max 40 \u0219i 50 de grame, contrar meniului \u0219i fi\u0219ei tehnice, unde se men\u021bioneaz\u0103 un gramaj de 70 grame per por\u021bie, rezult\u00e2nd o lips\u0103 de aproximativ 20-30 de grame la fiecare por\u021bie.<\/p>\n\n\n\n<p>De asemenea, Piedone a fost criticat \u0219i de directorul Spitalului Universitar, C\u0103t\u0103lin C\u00eerstoiu, care a numit \u201enejustificat\u201d controlul f\u0103cut de ANPC.<\/p>\n\n\n\n<p><strong>Directorului Spitalului Universitar din Bucure\u0219ti a acuzat Autoritatea pentru Protec\u021bia Consumatorului (ANPC) c\u0103 a f\u0103cut un control ilegal \u00een unitatea medical\u0103. C\u0103t\u0103lin C\u00eerstoiu \u0219i-a exprimat \u00een scris nemul\u021bumirea cu privire la modul \u00een care spitalul a fost controlat de Piedone.<\/strong><\/p>\n\n\n\n<p>Nu au g\u0103sit mari probleme, afirm\u0103 C\u0103t\u0103lin C\u00eerstoiu, care a men\u021bionat c\u0103 a fost felicitat personal chiar de c\u0103tre fostul primar al Sectorului 5. Totu\u0219i, directorul a contestat modul \u00een care spitalul a fost controlat de Piedone.<\/p>\n\n\n\n<p><strong>CITE\u0218TE \u0218I: <a href=\"https:\/\/buletin.de\/bucuresti\/neregulile-gasite-la-spitalul-elias-de-catre-anpc-alimente-expirate-strat-grosier-de-praf-ustensile-uzate\/\">Neregulile g\u0103site la Spitalul Elias, de c\u0103tre ANPC: alimente expirate, strat \u201egrosier\u201d de praf, ustensile uzate<\/a><\/strong><\/p>\n","protected":false},"excerpt":{"rendered":"<p>Autoritatea Na\u021bional\u0103 pentru Protec\u021bia Consumatorilor (ANPC) a reac\u021bionat dup\u0103 comunicatul Ministerului S\u0103n\u0103t\u0103\u021bii, care a contestat controalele f\u0103cute de institu\u021bia condus\u0103 de Piedone \u00een spitale. ANPC a argumentat c\u0103 are temei legal pentru verific\u0103rile sale \u0219i c\u0103 \u201eunit\u0103\u021bile spitalice\u0219ti\u201d nu sunt exceptate de la astfel de controale. De asemenea, Piedone a transmis c\u0103 \u201es-a \u00eentocmit deja [&hellip;]<\/p>\n","protected":false},"author":59,"featured_media":119944,"comment_status":"closed","ping_status":"open","sticky":false,"template":"","format":"standard","meta":{"_acf_changed":false,"inline_featured_image":false,"ngg_post_thumbnail":0,"footnotes":""},"categories":[6994,9026,4,62],"tags":[3410,9,2054,2241,2337,561,3948,4538],"ppma_author":[22572],"class_list":["post-119942","post","type-post","status-publish","format-standard","has-post-thumbnail","hentry","category-stiri-2","category-eveniment","category-sanatate","category-stiri","tag-anpc","tag-bucuresti","tag-capitala","tag-comunicat","tag-control","tag-ministerul-sanatatii","tag-protectia-consumatorului","tag-raspuns"],"acf":[],"yoast_head":"<!-- This site is optimized with the Yoast SEO Premium plugin v25.3 (Yoast SEO v27.5) - https:\/\/yoast.com\/product\/yoast-seo-premium-wordpress\/ -->\n<title>R\u0103spunsul ANPC dup\u0103 comunicatul Ministerului S\u0103n\u0103t\u0103\u021bii: \u201eS-a f\u0103cut dosar penal\u201d - Buletin de Bucure\u0219ti<\/title>\n<meta name=\"description\" content=\"R\u0103spunsul ANPC dup\u0103 comunicatul Ministerului S\u0103n\u0103t\u0103\u021bii: \u201eS-a f\u0103cut dosar penal\u201d. A argumentat c\u0103 are temei legal pentru verific\u0103rile sale\" \/>\n<meta name=\"robots\" content=\"index, follow, max-snippet:-1, max-image-preview:large, max-video-preview:-1\" \/>\n<link rel=\"canonical\" href=\"https:\/\/buletin.de\/bucuresti\/raspunsul-anpc-dupa-comunicatul-ministerului-sanatatii-s-a-facut-dosar-penal\/\" \/>\n<meta property=\"og:locale\" content=\"en_GB\" \/>\n<meta property=\"og:type\" content=\"article\" \/>\n<meta property=\"og:title\" content=\"R\u0103spunsul ANPC dup\u0103 comunicatul Ministerului S\u0103n\u0103t\u0103\u021bii: \u201eS-a f\u0103cut dosar penal\u201d\" \/>\n<meta property=\"og:description\" content=\"R\u0103spunsul ANPC dup\u0103 comunicatul Ministerului S\u0103n\u0103t\u0103\u021bii: \u201eS-a f\u0103cut dosar penal\u201d. A argumentat c\u0103 are temei legal pentru verific\u0103rile sale\" \/>\n<meta property=\"og:url\" content=\"https:\/\/buletin.de\/bucuresti\/raspunsul-anpc-dupa-comunicatul-ministerului-sanatatii-s-a-facut-dosar-penal\/\" \/>\n<meta property=\"og:site_name\" content=\"Buletin de Bucure\u0219ti\" \/>\n<meta property=\"article:publisher\" content=\"https:\/\/www.facebook.com\/buletin.de.buc\" \/>\n<meta property=\"article:published_time\" content=\"2025-02-24T16:06:49+00:00\" \/>\n<meta property=\"article:modified_time\" content=\"2025-02-24T18:43:11+00:00\" \/>\n<meta property=\"og:image\" content=\"https:\/\/buletin.de\/bucuresti\/wp-content\/uploads\/Raspunsul-ANPC.jpeg\" \/>\n\t<meta property=\"og:image:width\" content=\"2000\" \/>\n\t<meta property=\"og:image:height\" content=\"1538\" \/>\n\t<meta property=\"og:image:type\" content=\"image\/jpeg\" \/>\n<meta name=\"author\" content=\"C\u0103t\u0103lin Anghel-Dimache\" \/>\n<meta name=\"twitter:card\" content=\"summary_large_image\" \/>\n<meta name=\"twitter:label1\" content=\"Written by\" \/>\n\t<meta name=\"twitter:data1\" content=\"C\u0103t\u0103lin Anghel-Dimache\" \/>\n\t<meta name=\"twitter:label2\" content=\"Estimated reading time\" \/>\n\t<meta name=\"twitter:data2\" content=\"4 minutes\" \/>\n<script type=\"application\/ld+json\" class=\"yoast-schema-graph\">{\"@context\":\"https:\\\/\\\/schema.org\",\"@graph\":[{\"@type\":\"Article\",\"@id\":\"https:\\\/\\\/buletin.de\\\/bucuresti\\\/raspunsul-anpc-dupa-comunicatul-ministerului-sanatatii-s-a-facut-dosar-penal\\\/#article\",\"isPartOf\":{\"@id\":\"https:\\\/\\\/buletin.de\\\/bucuresti\\\/raspunsul-anpc-dupa-comunicatul-ministerului-sanatatii-s-a-facut-dosar-penal\\\/\"},\"author\":{\"name\":\"C\u0103t\u0103lin Anghel-Dimache\",\"@id\":\"https:\\\/\\\/buletin.de\\\/bucuresti\\\/#\\\/schema\\\/person\\\/0ac9db30080482be87c7386a30f98796\"},\"headline\":\"R\u0103spunsul ANPC dup\u0103 comunicatul Ministerului S\u0103n\u0103t\u0103\u021bii: \u201eS-a f\u0103cut dosar penal\u201d\",\"datePublished\":\"2025-02-24T16:06:49+00:00\",\"dateModified\":\"2025-02-24T18:43:11+00:00\",\"mainEntityOfPage\":{\"@id\":\"https:\\\/\\\/buletin.de\\\/bucuresti\\\/raspunsul-anpc-dupa-comunicatul-ministerului-sanatatii-s-a-facut-dosar-penal\\\/\"},\"wordCount\":897,\"publisher\":{\"@id\":\"https:\\\/\\\/buletin.de\\\/bucuresti\\\/#organization\"},\"image\":{\"@id\":\"https:\\\/\\\/buletin.de\\\/bucuresti\\\/raspunsul-anpc-dupa-comunicatul-ministerului-sanatatii-s-a-facut-dosar-penal\\\/#primaryimage\"},\"thumbnailUrl\":\"https:\\\/\\\/buletin.de\\\/bucuresti\\\/wp-content\\\/uploads\\\/Raspunsul-ANPC.jpeg\",\"keywords\":[\"anpc\",\"bucuresti\",\"Capitala\",\"comunicat\",\"control\",\"ministerul sanatatii\",\"protectia consumatorului\",\"raspuns\"],\"articleSection\":[\"Articole\",\"Eveniment\",\"S\u0103n\u0103tate\",\"\u0218tiri\"],\"inLanguage\":\"en-GB\",\"copyrightYear\":\"2025\",\"copyrightHolder\":{\"@id\":\"https:\\\/\\\/buletin.de\\\/bucuresti\\\/#organization\"}},{\"@type\":\"WebPage\",\"@id\":\"https:\\\/\\\/buletin.de\\\/bucuresti\\\/raspunsul-anpc-dupa-comunicatul-ministerului-sanatatii-s-a-facut-dosar-penal\\\/\",\"url\":\"https:\\\/\\\/buletin.de\\\/bucuresti\\\/raspunsul-anpc-dupa-comunicatul-ministerului-sanatatii-s-a-facut-dosar-penal\\\/\",\"name\":\"R\u0103spunsul ANPC dup\u0103 comunicatul Ministerului S\u0103n\u0103t\u0103\u021bii: \u201eS-a f\u0103cut dosar penal\u201d - Buletin de Bucure\u0219ti\",\"isPartOf\":{\"@id\":\"https:\\\/\\\/buletin.de\\\/bucuresti\\\/#website\"},\"primaryImageOfPage\":{\"@id\":\"https:\\\/\\\/buletin.de\\\/bucuresti\\\/raspunsul-anpc-dupa-comunicatul-ministerului-sanatatii-s-a-facut-dosar-penal\\\/#primaryimage\"},\"image\":{\"@id\":\"https:\\\/\\\/buletin.de\\\/bucuresti\\\/raspunsul-anpc-dupa-comunicatul-ministerului-sanatatii-s-a-facut-dosar-penal\\\/#primaryimage\"},\"thumbnailUrl\":\"https:\\\/\\\/buletin.de\\\/bucuresti\\\/wp-content\\\/uploads\\\/Raspunsul-ANPC.jpeg\",\"datePublished\":\"2025-02-24T16:06:49+00:00\",\"dateModified\":\"2025-02-24T18:43:11+00:00\",\"description\":\"R\u0103spunsul ANPC dup\u0103 comunicatul Ministerului S\u0103n\u0103t\u0103\u021bii: \u201eS-a f\u0103cut dosar penal\u201d. A argumentat c\u0103 are temei legal pentru verific\u0103rile sale\",\"breadcrumb\":{\"@id\":\"https:\\\/\\\/buletin.de\\\/bucuresti\\\/raspunsul-anpc-dupa-comunicatul-ministerului-sanatatii-s-a-facut-dosar-penal\\\/#breadcrumb\"},\"inLanguage\":\"en-GB\",\"potentialAction\":[{\"@type\":\"ReadAction\",\"target\":[\"https:\\\/\\\/buletin.de\\\/bucuresti\\\/raspunsul-anpc-dupa-comunicatul-ministerului-sanatatii-s-a-facut-dosar-penal\\\/\"]}]},{\"@type\":\"ImageObject\",\"inLanguage\":\"en-GB\",\"@id\":\"https:\\\/\\\/buletin.de\\\/bucuresti\\\/raspunsul-anpc-dupa-comunicatul-ministerului-sanatatii-s-a-facut-dosar-penal\\\/#primaryimage\",\"url\":\"https:\\\/\\\/buletin.de\\\/bucuresti\\\/wp-content\\\/uploads\\\/Raspunsul-ANPC.jpeg\",\"contentUrl\":\"https:\\\/\\\/buletin.de\\\/bucuresti\\\/wp-content\\\/uploads\\\/Raspunsul-ANPC.jpeg\",\"width\":2000,\"height\":1538,\"caption\":\"R\u0103spunsul ANPC dup\u0103 comunicatul Ministerului S\u0103n\u0103t\u0103\u021bii: \u201eS-a f\u0103cut dosar penal\u201d. FOTO: BdB \\\/ C\u0103t\u0103lin Anghel-Dimache\"},{\"@type\":\"BreadcrumbList\",\"@id\":\"https:\\\/\\\/buletin.de\\\/bucuresti\\\/raspunsul-anpc-dupa-comunicatul-ministerului-sanatatii-s-a-facut-dosar-penal\\\/#breadcrumb\",\"itemListElement\":[{\"@type\":\"ListItem\",\"position\":1,\"name\":\"Acas\u0103\",\"item\":\"https:\\\/\\\/buletin.de\\\/bucuresti\\\/\"},{\"@type\":\"ListItem\",\"position\":2,\"name\":\"R\u0103spunsul ANPC dup\u0103 comunicatul Ministerului S\u0103n\u0103t\u0103\u021bii: \u201eS-a f\u0103cut dosar penal\u201d\"}]},{\"@type\":\"WebSite\",\"@id\":\"https:\\\/\\\/buletin.de\\\/bucuresti\\\/#website\",\"url\":\"https:\\\/\\\/buletin.de\\\/bucuresti\\\/\",\"name\":\"Buletin de Bucure\u0219ti\",\"description\":\"\u0218tiri \u0219i investiga\u021bii esen\u021biale din capital\u0103\",\"publisher\":{\"@id\":\"https:\\\/\\\/buletin.de\\\/bucuresti\\\/#organization\"},\"potentialAction\":[{\"@type\":\"SearchAction\",\"target\":{\"@type\":\"EntryPoint\",\"urlTemplate\":\"https:\\\/\\\/buletin.de\\\/bucuresti\\\/?s={search_term_string}\"},\"query-input\":{\"@type\":\"PropertyValueSpecification\",\"valueRequired\":true,\"valueName\":\"search_term_string\"}}],\"inLanguage\":\"en-GB\"},{\"@type\":\"Organization\",\"@id\":\"https:\\\/\\\/buletin.de\\\/bucuresti\\\/#organization\",\"name\":\"Buletin de Bucure\u0219ti\",\"url\":\"https:\\\/\\\/buletin.de\\\/bucuresti\\\/\",\"logo\":{\"@type\":\"ImageObject\",\"inLanguage\":\"en-GB\",\"@id\":\"https:\\\/\\\/buletin.de\\\/bucuresti\\\/#\\\/schema\\\/logo\\\/image\\\/\",\"url\":\"https:\\\/\\\/buletin.de\\\/bucuresti\\\/wp-content\\\/uploads\\\/logo-bdb-full-wide-vernil-transparent.png\",\"contentUrl\":\"https:\\\/\\\/buletin.de\\\/bucuresti\\\/wp-content\\\/uploads\\\/logo-bdb-full-wide-vernil-transparent.png\",\"width\":1782,\"height\":626,\"caption\":\"Buletin de Bucure\u0219ti\"},\"image\":{\"@id\":\"https:\\\/\\\/buletin.de\\\/bucuresti\\\/#\\\/schema\\\/logo\\\/image\\\/\"},\"sameAs\":[\"https:\\\/\\\/www.facebook.com\\\/buletin.de.buc\",\"https:\\\/\\\/www.instagram.com\\\/buletinde.bucuresti\\\/\"]},{\"@type\":\"Person\",\"@id\":\"https:\\\/\\\/buletin.de\\\/bucuresti\\\/#\\\/schema\\\/person\\\/0ac9db30080482be87c7386a30f98796\",\"name\":\"C\u0103t\u0103lin Anghel-Dimache\",\"image\":{\"@type\":\"ImageObject\",\"inLanguage\":\"en-GB\",\"@id\":\"https:\\\/\\\/buletin.de\\\/bucuresti\\\/wp-content\\\/uploads\\\/Catalin-Anghel-Dimache-96x96.jpgbd9e43c5b25186d5b8e917ac61ad86c4\",\"url\":\"https:\\\/\\\/buletin.de\\\/bucuresti\\\/wp-content\\\/uploads\\\/Catalin-Anghel-Dimache-96x96.jpg\",\"contentUrl\":\"https:\\\/\\\/buletin.de\\\/bucuresti\\\/wp-content\\\/uploads\\\/Catalin-Anghel-Dimache-96x96.jpg\",\"caption\":\"C\u0103t\u0103lin Anghel-Dimache\"},\"description\":\"A absolvit Facultatea de Jurnalism \u0219i \u0218tiin\u021bele Comunic\u0103rii a Universit\u0103\u021bii din Bucure\u0219ti \u00een 2024. Scrie despre mediu \u0219i teme sociale, dar \u0219i despre cum se reflect\u0103 ele \u00een via\u021ba cotidian\u0103 a bucure\u0219tenilor, cu un ochi atent la pove\u0219tile personale din spatele titlurilor. N\u0103scut \u0219i crescut \u00een Bucure\u0219ti, a f\u0103cut un pas c\u0103tre presa local\u0103, din pasiune pentru ora\u0219ul s\u0103u \u0219i oamenii din el.\",\"url\":\"https:\\\/\\\/buletin.de\\\/bucuresti\\\/author\\\/catalin-anghel-dimache\\\/\"}]}<\/script>\n<!-- \/ Yoast SEO Premium plugin. -->","yoast_head_json":{"title":"R\u0103spunsul ANPC dup\u0103 comunicatul Ministerului S\u0103n\u0103t\u0103\u021bii: \u201eS-a f\u0103cut dosar penal\u201d - Buletin de Bucure\u0219ti","description":"R\u0103spunsul ANPC dup\u0103 comunicatul Ministerului S\u0103n\u0103t\u0103\u021bii: \u201eS-a f\u0103cut dosar penal\u201d. A argumentat c\u0103 are temei legal pentru verific\u0103rile sale","robots":{"index":"index","follow":"follow","max-snippet":"max-snippet:-1","max-image-preview":"max-image-preview:large","max-video-preview":"max-video-preview:-1"},"canonical":"https:\/\/buletin.de\/bucuresti\/raspunsul-anpc-dupa-comunicatul-ministerului-sanatatii-s-a-facut-dosar-penal\/","og_locale":"en_GB","og_type":"article","og_title":"R\u0103spunsul ANPC dup\u0103 comunicatul Ministerului S\u0103n\u0103t\u0103\u021bii: \u201eS-a f\u0103cut dosar penal\u201d","og_description":"R\u0103spunsul ANPC dup\u0103 comunicatul Ministerului S\u0103n\u0103t\u0103\u021bii: \u201eS-a f\u0103cut dosar penal\u201d. A argumentat c\u0103 are temei legal pentru verific\u0103rile sale","og_url":"https:\/\/buletin.de\/bucuresti\/raspunsul-anpc-dupa-comunicatul-ministerului-sanatatii-s-a-facut-dosar-penal\/","og_site_name":"Buletin de Bucure\u0219ti","article_publisher":"https:\/\/www.facebook.com\/buletin.de.buc","article_published_time":"2025-02-24T16:06:49+00:00","article_modified_time":"2025-02-24T18:43:11+00:00","og_image":[{"width":2000,"height":1538,"url":"https:\/\/buletin.de\/bucuresti\/wp-content\/uploads\/Raspunsul-ANPC.jpeg","type":"image\/jpeg"}],"author":"C\u0103t\u0103lin Anghel-Dimache","twitter_card":"summary_large_image","twitter_misc":{"Written by":"C\u0103t\u0103lin Anghel-Dimache","Estimated reading time":"4 minutes"},"schema":{"@context":"https:\/\/schema.org","@graph":[{"@type":"Article","@id":"https:\/\/buletin.de\/bucuresti\/raspunsul-anpc-dupa-comunicatul-ministerului-sanatatii-s-a-facut-dosar-penal\/#article","isPartOf":{"@id":"https:\/\/buletin.de\/bucuresti\/raspunsul-anpc-dupa-comunicatul-ministerului-sanatatii-s-a-facut-dosar-penal\/"},"author":{"name":"C\u0103t\u0103lin Anghel-Dimache","@id":"https:\/\/buletin.de\/bucuresti\/#\/schema\/person\/0ac9db30080482be87c7386a30f98796"},"headline":"R\u0103spunsul ANPC dup\u0103 comunicatul Ministerului S\u0103n\u0103t\u0103\u021bii: \u201eS-a f\u0103cut dosar penal\u201d","datePublished":"2025-02-24T16:06:49+00:00","dateModified":"2025-02-24T18:43:11+00:00","mainEntityOfPage":{"@id":"https:\/\/buletin.de\/bucuresti\/raspunsul-anpc-dupa-comunicatul-ministerului-sanatatii-s-a-facut-dosar-penal\/"},"wordCount":897,"publisher":{"@id":"https:\/\/buletin.de\/bucuresti\/#organization"},"image":{"@id":"https:\/\/buletin.de\/bucuresti\/raspunsul-anpc-dupa-comunicatul-ministerului-sanatatii-s-a-facut-dosar-penal\/#primaryimage"},"thumbnailUrl":"https:\/\/buletin.de\/bucuresti\/wp-content\/uploads\/Raspunsul-ANPC.jpeg","keywords":["anpc","bucuresti","Capitala","comunicat","control","ministerul sanatatii","protectia consumatorului","raspuns"],"articleSection":["Articole","Eveniment","S\u0103n\u0103tate","\u0218tiri"],"inLanguage":"en-GB","copyrightYear":"2025","copyrightHolder":{"@id":"https:\/\/buletin.de\/bucuresti\/#organization"}},{"@type":"WebPage","@id":"https:\/\/buletin.de\/bucuresti\/raspunsul-anpc-dupa-comunicatul-ministerului-sanatatii-s-a-facut-dosar-penal\/","url":"https:\/\/buletin.de\/bucuresti\/raspunsul-anpc-dupa-comunicatul-ministerului-sanatatii-s-a-facut-dosar-penal\/","name":"R\u0103spunsul ANPC dup\u0103 comunicatul Ministerului S\u0103n\u0103t\u0103\u021bii: \u201eS-a f\u0103cut dosar penal\u201d - Buletin de Bucure\u0219ti","isPartOf":{"@id":"https:\/\/buletin.de\/bucuresti\/#website"},"primaryImageOfPage":{"@id":"https:\/\/buletin.de\/bucuresti\/raspunsul-anpc-dupa-comunicatul-ministerului-sanatatii-s-a-facut-dosar-penal\/#primaryimage"},"image":{"@id":"https:\/\/buletin.de\/bucuresti\/raspunsul-anpc-dupa-comunicatul-ministerului-sanatatii-s-a-facut-dosar-penal\/#primaryimage"},"thumbnailUrl":"https:\/\/buletin.de\/bucuresti\/wp-content\/uploads\/Raspunsul-ANPC.jpeg","datePublished":"2025-02-24T16:06:49+00:00","dateModified":"2025-02-24T18:43:11+00:00","description":"R\u0103spunsul ANPC dup\u0103 comunicatul Ministerului S\u0103n\u0103t\u0103\u021bii: \u201eS-a f\u0103cut dosar penal\u201d. A argumentat c\u0103 are temei legal pentru verific\u0103rile sale","breadcrumb":{"@id":"https:\/\/buletin.de\/bucuresti\/raspunsul-anpc-dupa-comunicatul-ministerului-sanatatii-s-a-facut-dosar-penal\/#breadcrumb"},"inLanguage":"en-GB","potentialAction":[{"@type":"ReadAction","target":["https:\/\/buletin.de\/bucuresti\/raspunsul-anpc-dupa-comunicatul-ministerului-sanatatii-s-a-facut-dosar-penal\/"]}]},{"@type":"ImageObject","inLanguage":"en-GB","@id":"https:\/\/buletin.de\/bucuresti\/raspunsul-anpc-dupa-comunicatul-ministerului-sanatatii-s-a-facut-dosar-penal\/#primaryimage","url":"https:\/\/buletin.de\/bucuresti\/wp-content\/uploads\/Raspunsul-ANPC.jpeg","contentUrl":"https:\/\/buletin.de\/bucuresti\/wp-content\/uploads\/Raspunsul-ANPC.jpeg","width":2000,"height":1538,"caption":"R\u0103spunsul ANPC dup\u0103 comunicatul Ministerului S\u0103n\u0103t\u0103\u021bii: \u201eS-a f\u0103cut dosar penal\u201d. FOTO: BdB \/ C\u0103t\u0103lin Anghel-Dimache"},{"@type":"BreadcrumbList","@id":"https:\/\/buletin.de\/bucuresti\/raspunsul-anpc-dupa-comunicatul-ministerului-sanatatii-s-a-facut-dosar-penal\/#breadcrumb","itemListElement":[{"@type":"ListItem","position":1,"name":"Acas\u0103","item":"https:\/\/buletin.de\/bucuresti\/"},{"@type":"ListItem","position":2,"name":"R\u0103spunsul ANPC dup\u0103 comunicatul Ministerului S\u0103n\u0103t\u0103\u021bii: \u201eS-a f\u0103cut dosar penal\u201d"}]},{"@type":"WebSite","@id":"https:\/\/buletin.de\/bucuresti\/#website","url":"https:\/\/buletin.de\/bucuresti\/","name":"Buletin de Bucure\u0219ti","description":"\u0218tiri \u0219i investiga\u021bii esen\u021biale din capital\u0103","publisher":{"@id":"https:\/\/buletin.de\/bucuresti\/#organization"},"potentialAction":[{"@type":"SearchAction","target":{"@type":"EntryPoint","urlTemplate":"https:\/\/buletin.de\/bucuresti\/?s={search_term_string}"},"query-input":{"@type":"PropertyValueSpecification","valueRequired":true,"valueName":"search_term_string"}}],"inLanguage":"en-GB"},{"@type":"Organization","@id":"https:\/\/buletin.de\/bucuresti\/#organization","name":"Buletin de Bucure\u0219ti","url":"https:\/\/buletin.de\/bucuresti\/","logo":{"@type":"ImageObject","inLanguage":"en-GB","@id":"https:\/\/buletin.de\/bucuresti\/#\/schema\/logo\/image\/","url":"https:\/\/buletin.de\/bucuresti\/wp-content\/uploads\/logo-bdb-full-wide-vernil-transparent.png","contentUrl":"https:\/\/buletin.de\/bucuresti\/wp-content\/uploads\/logo-bdb-full-wide-vernil-transparent.png","width":1782,"height":626,"caption":"Buletin de Bucure\u0219ti"},"image":{"@id":"https:\/\/buletin.de\/bucuresti\/#\/schema\/logo\/image\/"},"sameAs":["https:\/\/www.facebook.com\/buletin.de.buc","https:\/\/www.instagram.com\/buletinde.bucuresti\/"]},{"@type":"Person","@id":"https:\/\/buletin.de\/bucuresti\/#\/schema\/person\/0ac9db30080482be87c7386a30f98796","name":"C\u0103t\u0103lin Anghel-Dimache","image":{"@type":"ImageObject","inLanguage":"en-GB","@id":"https:\/\/buletin.de\/bucuresti\/wp-content\/uploads\/Catalin-Anghel-Dimache-96x96.jpgbd9e43c5b25186d5b8e917ac61ad86c4","url":"https:\/\/buletin.de\/bucuresti\/wp-content\/uploads\/Catalin-Anghel-Dimache-96x96.jpg","contentUrl":"https:\/\/buletin.de\/bucuresti\/wp-content\/uploads\/Catalin-Anghel-Dimache-96x96.jpg","caption":"C\u0103t\u0103lin Anghel-Dimache"},"description":"A absolvit Facultatea de Jurnalism \u0219i \u0218tiin\u021bele Comunic\u0103rii a Universit\u0103\u021bii din Bucure\u0219ti \u00een 2024. Scrie despre mediu \u0219i teme sociale, dar \u0219i despre cum se reflect\u0103 ele \u00een via\u021ba cotidian\u0103 a bucure\u0219tenilor, cu un ochi atent la pove\u0219tile personale din spatele titlurilor. N\u0103scut \u0219i crescut \u00een Bucure\u0219ti, a f\u0103cut un pas c\u0103tre presa local\u0103, din pasiune pentru ora\u0219ul s\u0103u \u0219i oamenii din el.","url":"https:\/\/buletin.de\/bucuresti\/author\/catalin-anghel-dimache\/"}]}},"authors":[{"term_id":22572,"user_id":59,"is_guest":0,"slug":"catalin-anghel-dimache","display_name":"C\u0103t\u0103lin Anghel-Dimache","avatar_url":"https:\/\/buletin.de\/bucuresti\/wp-content\/uploads\/Catalin-Anghel-Dimache-96x96.jpg","0":null,"1":"","2":"","3":"","4":"","5":"","6":"","7":"","8":""}],"_links":{"self":[{"href":"https:\/\/buletin.de\/bucuresti\/wp-json\/wp\/v2\/posts\/119942","targetHints":{"allow":["GET"]}}],"collection":[{"href":"https:\/\/buletin.de\/bucuresti\/wp-json\/wp\/v2\/posts"}],"about":[{"href":"https:\/\/buletin.de\/bucuresti\/wp-json\/wp\/v2\/types\/post"}],"author":[{"embeddable":true,"href":"https:\/\/buletin.de\/bucuresti\/wp-json\/wp\/v2\/users\/59"}],"replies":[{"embeddable":true,"href":"https:\/\/buletin.de\/bucuresti\/wp-json\/wp\/v2\/comments?post=119942"}],"version-history":[{"count":3,"href":"https:\/\/buletin.de\/bucuresti\/wp-json\/wp\/v2\/posts\/119942\/revisions"}],"predecessor-version":[{"id":119961,"href":"https:\/\/buletin.de\/bucuresti\/wp-json\/wp\/v2\/posts\/119942\/revisions\/119961"}],"wp:featuredmedia":[{"embeddable":true,"href":"https:\/\/buletin.de\/bucuresti\/wp-json\/wp\/v2\/media\/119944"}],"wp:attachment":[{"href":"https:\/\/buletin.de\/bucuresti\/wp-json\/wp\/v2\/media?parent=119942"}],"wp:term":[{"taxonomy":"category","embeddable":true,"href":"https:\/\/buletin.de\/bucuresti\/wp-json\/wp\/v2\/categories?post=119942"},{"taxonomy":"post_tag","embeddable":true,"href":"https:\/\/buletin.de\/bucuresti\/wp-json\/wp\/v2\/tags?post=119942"},{"taxonomy":"author","embeddable":true,"href":"https:\/\/buletin.de\/bucuresti\/wp-json\/wp\/v2\/ppma_author?post=119942"}],"curies":[{"name":"wp","href":"https:\/\/api.w.org\/{rel}","templated":true}]}}