{"id":119797,"date":"2025-02-23T18:21:23","date_gmt":"2025-02-23T15:21:23","guid":{"rendered":"https:\/\/buletin.de\/bucuresti\/?p=119797"},"modified":"2025-02-24T10:49:10","modified_gmt":"2025-02-24T07:49:10","slug":"trei-ani-de-razboi-extins-refugiatii-ucraineni-si-bucuresteni-au-marcat-momentul-printr-o-protest-in-capitala","status":"publish","type":"post","link":"https:\/\/buletin.de\/bucuresti\/trei-ani-de-razboi-extins-refugiatii-ucraineni-si-bucuresteni-au-marcat-momentul-printr-o-protest-in-capitala\/","title":{"rendered":"Trei ani de r\u0103zboi extins. Refugia\u021bii ucraineni \u0219i bucure\u0219teni au marcat momentul printr-un protest \u00een Capital\u0103"},"content":{"rendered":"\n<p><strong>Aproximativ 150 de persoane, majoritatea refugia\u021bi din Ucraina, au participat duminic\u0103 la un protest organizat \u00een Bucure\u0219ti, prin care s-au marcat 11 ani de agresiune rus\u0103 \u0219i trei ani de r\u0103zboi extins \u00een \u021bara vecin\u0103.<\/strong><\/p>\n\n\n\n<p>Participan\u021bii s-au adunat \u00een jurul orei 12,00 \u00een fa\u021ba ambasadei Ucrainei la Bucure\u0219ti. Au venit cu steaguri ale Ucrainei \u0219i ale Rom\u00e2niei, precum \u0219i cu pancarte cu mesaje \u00eempotriva r\u0103zboiului declan\u0219at de Rusia \u0219i \u00eempotriva pre\u0219edintelui Federa\u021biei Ruse, Vladimir Putin, potrivit <a href=\"https:\/\/agerpres.ro\/social\/2025\/02\/23\/ucraina-trei-ani-de-r-zboi-protest-al-refugiatilor-ucraineni-la-bucuresti-pentru-marcarea-a-trei-ani--1424940\">Agerpres<\/a>.<\/p>\n\n\n\n<figure class=\"wp-block-image size-large\"><img fetchpriority=\"high\" decoding=\"async\" width=\"900\" height=\"600\" src=\"data:image\/gif;base64,R0lGODlhAQABAAAAACH5BAEKAAEALAAAAAABAAEAAAICTAEAOw==\" data-src=\"https:\/\/buletin.de\/bucuresti\/wp-content\/uploads\/ID294489_INQUAM_Photos_Octav_Ganea-900x600.jpg\" alt=\"trei ani de r\u0103zboi\" class=\"wp-image-119802 lazyload\" data-sizes=\"auto\" data-srcset=\"https:\/\/buletin.de\/bucuresti\/wp-content\/uploads\/ID294489_INQUAM_Photos_Octav_Ganea-900x600.jpg 900w, https:\/\/buletin.de\/bucuresti\/wp-content\/uploads\/ID294489_INQUAM_Photos_Octav_Ganea-300x200.jpg 300w, https:\/\/buletin.de\/bucuresti\/wp-content\/uploads\/ID294489_INQUAM_Photos_Octav_Ganea-768x512.jpg 768w, https:\/\/buletin.de\/bucuresti\/wp-content\/uploads\/ID294489_INQUAM_Photos_Octav_Ganea-1100x733.jpg 1100w, https:\/\/buletin.de\/bucuresti\/wp-content\/uploads\/ID294489_INQUAM_Photos_Octav_Ganea-600x400.jpg 600w, https:\/\/buletin.de\/bucuresti\/wp-content\/uploads\/ID294489_INQUAM_Photos_Octav_Ganea-20x13.jpg 20w, https:\/\/buletin.de\/bucuresti\/wp-content\/uploads\/ID294489_INQUAM_Photos_Octav_Ganea.jpg 1200w\" sizes=\"(max-width: 900px) 100vw, 900px\" \/><figcaption class=\"wp-element-caption\">Protestatarii l-au criticat \u0219i pe Elon Musk. Foto: INQUAM_Photos_Octav_Ganea<\/figcaption><\/figure>\n\n\n\n<p>\u201e\u021ai-ai l\u0103sa copiii s\u0103 tr\u0103iasc\u0103 sub bombe?\u201c, \u201eStop Putin\u201d, \u201eRusia este un stat terorist\u201d, \u201eNe vom aminti orice casa pierdut\u0103, orice via\u021b\u0103 luat\u0103. Vom lupta\u201d, \u201ePacea nu este doar pentru ucraineni\u201d sunt c\u00e2teva dintre mesajele scrise pe pancarte.<\/p>\n\n\n\n<p>La protest a fost prezent \u0219i ambasadorul Ucrainei la Bucure\u0219ti.<\/p>\n\n\n\n<figure class=\"wp-block-image size-large\"><img decoding=\"async\" width=\"900\" height=\"600\" src=\"data:image\/gif;base64,R0lGODlhAQABAAAAACH5BAEKAAEALAAAAAABAAEAAAICTAEAOw==\" data-src=\"https:\/\/buletin.de\/bucuresti\/wp-content\/uploads\/ID294491_INQUAM_Photos_Octav_Ganea-900x600.jpg\" alt=\"trei ani de r\u0103zboi\" class=\"wp-image-119803 lazyload\" data-sizes=\"auto\" data-srcset=\"https:\/\/buletin.de\/bucuresti\/wp-content\/uploads\/ID294491_INQUAM_Photos_Octav_Ganea-900x600.jpg 900w, https:\/\/buletin.de\/bucuresti\/wp-content\/uploads\/ID294491_INQUAM_Photos_Octav_Ganea-300x200.jpg 300w, https:\/\/buletin.de\/bucuresti\/wp-content\/uploads\/ID294491_INQUAM_Photos_Octav_Ganea-768x512.jpg 768w, https:\/\/buletin.de\/bucuresti\/wp-content\/uploads\/ID294491_INQUAM_Photos_Octav_Ganea-1100x733.jpg 1100w, https:\/\/buletin.de\/bucuresti\/wp-content\/uploads\/ID294491_INQUAM_Photos_Octav_Ganea-600x400.jpg 600w, https:\/\/buletin.de\/bucuresti\/wp-content\/uploads\/ID294491_INQUAM_Photos_Octav_Ganea-20x13.jpg 20w, https:\/\/buletin.de\/bucuresti\/wp-content\/uploads\/ID294491_INQUAM_Photos_Octav_Ganea.jpg 1200w\" sizes=\"(max-width: 900px) 100vw, 900px\" \/><figcaption class=\"wp-element-caption\">Trei ani de r\u0103zboi extins \u00een Ucraina. Foto: INQUAM_Photos_Octav_Ganea<\/figcaption><\/figure>\n\n\n\n<p>\u00cen fa\u021ba ambasadei au fost sus\u021binute \u0219i o serie de alocu\u021biuni, urmate, \u00een jurul orei 12,45, de un mar\u0219 spre ambasada Rusiei de la Bucure\u0219ti. Pe traseu au fost scandate lozinci pro Ucraina \u0219i contra Rusiei, dar \u0219i lozinci \u00een care au mul\u021bumit Rom\u00e2niei.<\/p>\n\n\n\n<p>Protestatarii au mers \u0219i \u00een fa\u021ba ambasadei Rusiei, unde au fost sus\u021binute, de asemenea, o seam\u0103 de discursuri pe seama continu\u0103rii conflictului.<\/p>\n\n\n\n<div class=\"wp-block-buttons is-content-justification-center is-layout-flex wp-container-core-buttons-is-layout-16018d1d wp-block-buttons-is-layout-flex\">\n<div class=\"wp-block-button has-custom-width wp-block-button__width-100\"><a class=\"wp-block-button__link wp-element-button\" href=\"https:\/\/www.patreon.com\/BuletinDeBucuresti\"><strong>Sus\u021bine Buletin de Bucure\u0219ti pentru investiga\u021bii, reportaje \u0219i \u0219tiri Locale<\/strong><\/a><\/div>\n<\/div>\n\n\n\n<h2 class=\"wp-block-heading\" id=\"h-trei-ani-de-razboi-extins-peste-un-milion-de-mor\u021bi-\u0219i-rani\u021bi\">Trei ani de r\u0103zboi extins. Peste un milion de mor\u021bi \u0219i r\u0103ni\u021bi<\/h2>\n\n\n\n<p>Dup\u0103 protestul din fa\u021ba ambasadei Rusiei, participan\u021bii au plecat \u00een mar\u0219 spre Pia\u021ba Universit\u0103\u021bii, pentru a aprinde lum\u00e2n\u0103ri pentru cei care \u0219i-au pierdut via\u021ba \u00een r\u0103zboi.<\/p>\n\n\n\n<p>Peste 46.000 de solda\u0163i ucraineni au murit pe c\u00e2mpul de lupt\u0103 de la \u00eenceputul invaziei ruse din februarie 2022, a declarat pre\u015fedintele Ucrainei, Volodimir Zelenski, la \u00eenceputul acestei s\u0103pt\u0103m\u00e2ni.<\/p>\n\n\n\n<p>\u00cen acela\u015fi timp, aproape 380.000 de solda\u0163i ucraineni au fost r\u0103ni\u0163i de la declan\u015farea r\u0103zboiului. \u201eZeci de mii&#8221; de trupe ucrainene sunt \u00een prezent disp\u0103rute \u00een ac\u0163iune sau \u0163inute \u00een captivitate rus\u0103, a explicat pre\u015fedintele ucrainean pentru re\u0163eaua american\u0103. <\/p>\n\n\n\n<p>Potrivit estim\u0103rilor Statului Major ucrainean, Rusia a pierdut un total de 859.920 de militari de la \u00eenceputul r\u0103zboiului. Cifrele nu specific\u0103 mor\u0163i sau r\u0103ni\u0163i, de\u015fi consensul general este c\u0103 includ decese, r\u0103ni\u0163i, disp\u0103ru\u0163i \u015fi captura\u0163i, noteaz\u0103 EFE.<\/p>\n\n\n\n<p><strong>CITE\u0218TE \u0218I: <a href=\"https:\/\/buletin.de\/bucuresti\/stb-sfideaza-gerul-cu-o-armada-de-autobuze-poluante-vehiculele-euro-3-si-4-raman-pornite-pe-timpul-noptii-iar-cele-ecologice-sunt-trase-pe-dreapta\/\" target=\"_blank\" rel=\"noreferrer noopener\">STB sfideaz\u0103 gerul cu o \u201earmad\u0103\u201d de autobuze poluante. Vehiculele Euro 3 \u0219i 4 r\u0103m\u00e2n pornite pe timpul nop\u021bii, iar cele ecologice sunt trase pe dreapta<br><\/a><\/strong><\/p>\n","protected":false},"excerpt":{"rendered":"<p>Aproximativ 150 de persoane, majoritatea refugia\u021bi din Ucraina, au participat duminic\u0103 la un protest organizat \u00een Bucure\u0219ti, prin care s-au marcat 11 ani de agresiune rus\u0103 \u0219i trei ani de r\u0103zboi extins \u00een \u021bara vecin\u0103. Participan\u021bii s-au adunat \u00een jurul orei 12,00 \u00een fa\u021ba ambasadei Ucrainei la Bucure\u0219ti. Au venit cu steaguri ale Ucrainei \u0219i [&hellip;]<\/p>\n","protected":false},"author":1,"featured_media":119799,"comment_status":"closed","ping_status":"open","sticky":false,"template":"","format":"standard","meta":{"_acf_changed":false,"inline_featured_image":false,"ngg_post_thumbnail":0,"footnotes":""},"categories":[6994,9026,5762],"tags":[5683,4023,4028,4003],"ppma_author":[22583],"class_list":["post-119797","post","type-post","status-publish","format-standard","has-post-thumbnail","hentry","category-stiri-2","category-eveniment","category-main","tag-copii-ucraina","tag-razboi-ucraina","tag-refugiati-ucraina","tag-ucraina"],"acf":[],"yoast_head":"<!-- This site is optimized with the Yoast SEO Premium plugin v25.3 (Yoast SEO v27.5) - https:\/\/yoast.com\/product\/yoast-seo-premium-wordpress\/ -->\n<title>Trei ani de r\u0103zboi extins. Refugia\u021bii ucraineni \u0219i bucure\u0219teni au marcat momentul printr-un protest \u00een Capital\u0103 - Buletin de Bucure\u0219ti<\/title>\n<meta name=\"description\" content=\"Trei ani de r\u0103zboi extins. Refugia\u021bii ucraineni \u0219i bucure\u0219teni au marcat momentul printr-o protest \u00een Capital\u0103.\" \/>\n<meta name=\"robots\" content=\"index, follow, max-snippet:-1, max-image-preview:large, max-video-preview:-1\" \/>\n<link rel=\"canonical\" href=\"https:\/\/buletin.de\/bucuresti\/trei-ani-de-razboi-extins-refugiatii-ucraineni-si-bucuresteni-au-marcat-momentul-printr-o-protest-in-capitala\/\" \/>\n<meta property=\"og:locale\" content=\"en_GB\" \/>\n<meta property=\"og:type\" content=\"article\" \/>\n<meta property=\"og:title\" content=\"Trei ani de r\u0103zboi extins. Refugia\u021bii ucraineni \u0219i bucure\u0219teni au marcat momentul printr-un protest \u00een Capital\u0103\" \/>\n<meta property=\"og:description\" content=\"Trei ani de r\u0103zboi extins. Refugia\u021bii ucraineni \u0219i bucure\u0219teni au marcat momentul printr-o protest \u00een Capital\u0103.\" \/>\n<meta property=\"og:url\" content=\"https:\/\/buletin.de\/bucuresti\/trei-ani-de-razboi-extins-refugiatii-ucraineni-si-bucuresteni-au-marcat-momentul-printr-o-protest-in-capitala\/\" \/>\n<meta property=\"og:site_name\" content=\"Buletin de Bucure\u0219ti\" \/>\n<meta property=\"article:publisher\" content=\"https:\/\/www.facebook.com\/buletin.de.buc\" \/>\n<meta property=\"article:published_time\" content=\"2025-02-23T15:21:23+00:00\" \/>\n<meta property=\"article:modified_time\" content=\"2025-02-24T07:49:10+00:00\" \/>\n<meta property=\"og:image\" content=\"https:\/\/buletin.de\/bucuresti\/wp-content\/uploads\/treianidetazboi_INQUAM_Photos_Octav_Ganea.jpg\" \/>\n\t<meta property=\"og:image:width\" content=\"1200\" \/>\n\t<meta property=\"og:image:height\" content=\"800\" \/>\n\t<meta property=\"og:image:type\" content=\"image\/jpeg\" \/>\n<meta name=\"author\" content=\"Redac\u021bia Buletin de Bucure\u0219ti\" \/>\n<meta name=\"twitter:card\" content=\"summary_large_image\" \/>\n<meta name=\"twitter:label1\" content=\"Written by\" \/>\n\t<meta name=\"twitter:data1\" content=\"Redac\u021bia Buletin de Bucure\u0219ti\" \/>\n\t<meta name=\"twitter:label2\" content=\"Estimated reading time\" \/>\n\t<meta name=\"twitter:data2\" content=\"3 minutes\" \/>\n<script type=\"application\/ld+json\" class=\"yoast-schema-graph\">{\"@context\":\"https:\\\/\\\/schema.org\",\"@graph\":[{\"@type\":\"Article\",\"@id\":\"https:\\\/\\\/buletin.de\\\/bucuresti\\\/trei-ani-de-razboi-extins-refugiatii-ucraineni-si-bucuresteni-au-marcat-momentul-printr-o-protest-in-capitala\\\/#article\",\"isPartOf\":{\"@id\":\"https:\\\/\\\/buletin.de\\\/bucuresti\\\/trei-ani-de-razboi-extins-refugiatii-ucraineni-si-bucuresteni-au-marcat-momentul-printr-o-protest-in-capitala\\\/\"},\"author\":{\"name\":\"Redac\u021bia Buletin de Bucure\u0219ti\",\"@id\":\"https:\\\/\\\/buletin.de\\\/bucuresti\\\/#\\\/schema\\\/person\\\/2bbcf854e5f2419a13804af574d06ab1\"},\"headline\":\"Trei ani de r\u0103zboi extins. Refugia\u021bii ucraineni \u0219i bucure\u0219teni au marcat momentul printr-un protest \u00een Capital\u0103\",\"datePublished\":\"2025-02-23T15:21:23+00:00\",\"dateModified\":\"2025-02-24T07:49:10+00:00\",\"mainEntityOfPage\":{\"@id\":\"https:\\\/\\\/buletin.de\\\/bucuresti\\\/trei-ani-de-razboi-extins-refugiatii-ucraineni-si-bucuresteni-au-marcat-momentul-printr-o-protest-in-capitala\\\/\"},\"wordCount\":476,\"publisher\":{\"@id\":\"https:\\\/\\\/buletin.de\\\/bucuresti\\\/#organization\"},\"image\":{\"@id\":\"https:\\\/\\\/buletin.de\\\/bucuresti\\\/trei-ani-de-razboi-extins-refugiatii-ucraineni-si-bucuresteni-au-marcat-momentul-printr-o-protest-in-capitala\\\/#primaryimage\"},\"thumbnailUrl\":\"https:\\\/\\\/buletin.de\\\/bucuresti\\\/wp-content\\\/uploads\\\/treianidetazboi_INQUAM_Photos_Octav_Ganea.jpg\",\"keywords\":[\"Copii ucraina\",\"razboi ucraina\",\"refugiati ucraina\",\"ucraina\"],\"articleSection\":[\"Articole\",\"Eveniment\",\"Main\"],\"inLanguage\":\"en-GB\",\"copyrightYear\":\"2025\",\"copyrightHolder\":{\"@id\":\"https:\\\/\\\/buletin.de\\\/bucuresti\\\/#organization\"}},{\"@type\":\"WebPage\",\"@id\":\"https:\\\/\\\/buletin.de\\\/bucuresti\\\/trei-ani-de-razboi-extins-refugiatii-ucraineni-si-bucuresteni-au-marcat-momentul-printr-o-protest-in-capitala\\\/\",\"url\":\"https:\\\/\\\/buletin.de\\\/bucuresti\\\/trei-ani-de-razboi-extins-refugiatii-ucraineni-si-bucuresteni-au-marcat-momentul-printr-o-protest-in-capitala\\\/\",\"name\":\"Trei ani de r\u0103zboi extins. Refugia\u021bii ucraineni \u0219i bucure\u0219teni au marcat momentul printr-un protest \u00een Capital\u0103 - Buletin de Bucure\u0219ti\",\"isPartOf\":{\"@id\":\"https:\\\/\\\/buletin.de\\\/bucuresti\\\/#website\"},\"primaryImageOfPage\":{\"@id\":\"https:\\\/\\\/buletin.de\\\/bucuresti\\\/trei-ani-de-razboi-extins-refugiatii-ucraineni-si-bucuresteni-au-marcat-momentul-printr-o-protest-in-capitala\\\/#primaryimage\"},\"image\":{\"@id\":\"https:\\\/\\\/buletin.de\\\/bucuresti\\\/trei-ani-de-razboi-extins-refugiatii-ucraineni-si-bucuresteni-au-marcat-momentul-printr-o-protest-in-capitala\\\/#primaryimage\"},\"thumbnailUrl\":\"https:\\\/\\\/buletin.de\\\/bucuresti\\\/wp-content\\\/uploads\\\/treianidetazboi_INQUAM_Photos_Octav_Ganea.jpg\",\"datePublished\":\"2025-02-23T15:21:23+00:00\",\"dateModified\":\"2025-02-24T07:49:10+00:00\",\"description\":\"Trei ani de r\u0103zboi extins. Refugia\u021bii ucraineni \u0219i bucure\u0219teni au marcat momentul printr-o protest \u00een Capital\u0103.\",\"breadcrumb\":{\"@id\":\"https:\\\/\\\/buletin.de\\\/bucuresti\\\/trei-ani-de-razboi-extins-refugiatii-ucraineni-si-bucuresteni-au-marcat-momentul-printr-o-protest-in-capitala\\\/#breadcrumb\"},\"inLanguage\":\"en-GB\",\"potentialAction\":[{\"@type\":\"ReadAction\",\"target\":[\"https:\\\/\\\/buletin.de\\\/bucuresti\\\/trei-ani-de-razboi-extins-refugiatii-ucraineni-si-bucuresteni-au-marcat-momentul-printr-o-protest-in-capitala\\\/\"]}]},{\"@type\":\"ImageObject\",\"inLanguage\":\"en-GB\",\"@id\":\"https:\\\/\\\/buletin.de\\\/bucuresti\\\/trei-ani-de-razboi-extins-refugiatii-ucraineni-si-bucuresteni-au-marcat-momentul-printr-o-protest-in-capitala\\\/#primaryimage\",\"url\":\"https:\\\/\\\/buletin.de\\\/bucuresti\\\/wp-content\\\/uploads\\\/treianidetazboi_INQUAM_Photos_Octav_Ganea.jpg\",\"contentUrl\":\"https:\\\/\\\/buletin.de\\\/bucuresti\\\/wp-content\\\/uploads\\\/treianidetazboi_INQUAM_Photos_Octav_Ganea.jpg\",\"width\":1200,\"height\":800,\"caption\":\"Protest de marcare a Trei ani de r\u0103zboi, la Bucure\u0219ti. Foto: INQUAM_Photos_Octav_Ganea\"},{\"@type\":\"BreadcrumbList\",\"@id\":\"https:\\\/\\\/buletin.de\\\/bucuresti\\\/trei-ani-de-razboi-extins-refugiatii-ucraineni-si-bucuresteni-au-marcat-momentul-printr-o-protest-in-capitala\\\/#breadcrumb\",\"itemListElement\":[{\"@type\":\"ListItem\",\"position\":1,\"name\":\"Acas\u0103\",\"item\":\"https:\\\/\\\/buletin.de\\\/bucuresti\\\/\"},{\"@type\":\"ListItem\",\"position\":2,\"name\":\"Trei ani de r\u0103zboi extins. Refugia\u021bii ucraineni \u0219i bucure\u0219teni au marcat momentul printr-un protest \u00een Capital\u0103\"}]},{\"@type\":\"WebSite\",\"@id\":\"https:\\\/\\\/buletin.de\\\/bucuresti\\\/#website\",\"url\":\"https:\\\/\\\/buletin.de\\\/bucuresti\\\/\",\"name\":\"Buletin de Bucure\u0219ti\",\"description\":\"\u0218tiri \u0219i investiga\u021bii esen\u021biale din capital\u0103\",\"publisher\":{\"@id\":\"https:\\\/\\\/buletin.de\\\/bucuresti\\\/#organization\"},\"potentialAction\":[{\"@type\":\"SearchAction\",\"target\":{\"@type\":\"EntryPoint\",\"urlTemplate\":\"https:\\\/\\\/buletin.de\\\/bucuresti\\\/?s={search_term_string}\"},\"query-input\":{\"@type\":\"PropertyValueSpecification\",\"valueRequired\":true,\"valueName\":\"search_term_string\"}}],\"inLanguage\":\"en-GB\"},{\"@type\":\"Organization\",\"@id\":\"https:\\\/\\\/buletin.de\\\/bucuresti\\\/#organization\",\"name\":\"Buletin de Bucure\u0219ti\",\"url\":\"https:\\\/\\\/buletin.de\\\/bucuresti\\\/\",\"logo\":{\"@type\":\"ImageObject\",\"inLanguage\":\"en-GB\",\"@id\":\"https:\\\/\\\/buletin.de\\\/bucuresti\\\/#\\\/schema\\\/logo\\\/image\\\/\",\"url\":\"https:\\\/\\\/buletin.de\\\/bucuresti\\\/wp-content\\\/uploads\\\/logo-bdb-full-wide-vernil-transparent.png\",\"contentUrl\":\"https:\\\/\\\/buletin.de\\\/bucuresti\\\/wp-content\\\/uploads\\\/logo-bdb-full-wide-vernil-transparent.png\",\"width\":1782,\"height\":626,\"caption\":\"Buletin de Bucure\u0219ti\"},\"image\":{\"@id\":\"https:\\\/\\\/buletin.de\\\/bucuresti\\\/#\\\/schema\\\/logo\\\/image\\\/\"},\"sameAs\":[\"https:\\\/\\\/www.facebook.com\\\/buletin.de.buc\",\"https:\\\/\\\/www.instagram.com\\\/buletinde.bucuresti\\\/\"]},{\"@type\":\"Person\",\"@id\":\"https:\\\/\\\/buletin.de\\\/bucuresti\\\/#\\\/schema\\\/person\\\/2bbcf854e5f2419a13804af574d06ab1\",\"name\":\"Redac\u021bia Buletin de Bucure\u0219ti\",\"image\":{\"@type\":\"ImageObject\",\"inLanguage\":\"en-GB\",\"@id\":\"https:\\\/\\\/secure.gravatar.com\\\/avatar\\\/18c5342381ed1a08620e6280424e3e5efc958618f5d67c522c9e44c1bc6f9226?s=96&d=monsterid&r=g60c7cd0ad92c68c049fcd4bb3504d609\",\"url\":\"https:\\\/\\\/secure.gravatar.com\\\/avatar\\\/18c5342381ed1a08620e6280424e3e5efc958618f5d67c522c9e44c1bc6f9226?s=96&d=monsterid&r=g\",\"contentUrl\":\"https:\\\/\\\/secure.gravatar.com\\\/avatar\\\/18c5342381ed1a08620e6280424e3e5efc958618f5d67c522c9e44c1bc6f9226?s=96&d=monsterid&r=g\",\"caption\":\"Redac\u021bia Buletin de Bucure\u0219ti\"},\"description\":\"Buletin de Bucure\u0219ti exist\u0103 din vara anului 2019.\",\"url\":\"https:\\\/\\\/buletin.de\\\/bucuresti\\\/author\\\/adminbuletin\\\/\"}]}<\/script>\n<!-- \/ Yoast SEO Premium plugin. -->","yoast_head_json":{"title":"Trei ani de r\u0103zboi extins. Refugia\u021bii ucraineni \u0219i bucure\u0219teni au marcat momentul printr-un protest \u00een Capital\u0103 - Buletin de Bucure\u0219ti","description":"Trei ani de r\u0103zboi extins. Refugia\u021bii ucraineni \u0219i bucure\u0219teni au marcat momentul printr-o protest \u00een Capital\u0103.","robots":{"index":"index","follow":"follow","max-snippet":"max-snippet:-1","max-image-preview":"max-image-preview:large","max-video-preview":"max-video-preview:-1"},"canonical":"https:\/\/buletin.de\/bucuresti\/trei-ani-de-razboi-extins-refugiatii-ucraineni-si-bucuresteni-au-marcat-momentul-printr-o-protest-in-capitala\/","og_locale":"en_GB","og_type":"article","og_title":"Trei ani de r\u0103zboi extins. Refugia\u021bii ucraineni \u0219i bucure\u0219teni au marcat momentul printr-un protest \u00een Capital\u0103","og_description":"Trei ani de r\u0103zboi extins. Refugia\u021bii ucraineni \u0219i bucure\u0219teni au marcat momentul printr-o protest \u00een Capital\u0103.","og_url":"https:\/\/buletin.de\/bucuresti\/trei-ani-de-razboi-extins-refugiatii-ucraineni-si-bucuresteni-au-marcat-momentul-printr-o-protest-in-capitala\/","og_site_name":"Buletin de Bucure\u0219ti","article_publisher":"https:\/\/www.facebook.com\/buletin.de.buc","article_published_time":"2025-02-23T15:21:23+00:00","article_modified_time":"2025-02-24T07:49:10+00:00","og_image":[{"width":1200,"height":800,"url":"https:\/\/buletin.de\/bucuresti\/wp-content\/uploads\/treianidetazboi_INQUAM_Photos_Octav_Ganea.jpg","type":"image\/jpeg"}],"author":"Redac\u021bia Buletin de Bucure\u0219ti","twitter_card":"summary_large_image","twitter_misc":{"Written by":"Redac\u021bia Buletin de Bucure\u0219ti","Estimated reading time":"3 minutes"},"schema":{"@context":"https:\/\/schema.org","@graph":[{"@type":"Article","@id":"https:\/\/buletin.de\/bucuresti\/trei-ani-de-razboi-extins-refugiatii-ucraineni-si-bucuresteni-au-marcat-momentul-printr-o-protest-in-capitala\/#article","isPartOf":{"@id":"https:\/\/buletin.de\/bucuresti\/trei-ani-de-razboi-extins-refugiatii-ucraineni-si-bucuresteni-au-marcat-momentul-printr-o-protest-in-capitala\/"},"author":{"name":"Redac\u021bia Buletin de Bucure\u0219ti","@id":"https:\/\/buletin.de\/bucuresti\/#\/schema\/person\/2bbcf854e5f2419a13804af574d06ab1"},"headline":"Trei ani de r\u0103zboi extins. Refugia\u021bii ucraineni \u0219i bucure\u0219teni au marcat momentul printr-un protest \u00een Capital\u0103","datePublished":"2025-02-23T15:21:23+00:00","dateModified":"2025-02-24T07:49:10+00:00","mainEntityOfPage":{"@id":"https:\/\/buletin.de\/bucuresti\/trei-ani-de-razboi-extins-refugiatii-ucraineni-si-bucuresteni-au-marcat-momentul-printr-o-protest-in-capitala\/"},"wordCount":476,"publisher":{"@id":"https:\/\/buletin.de\/bucuresti\/#organization"},"image":{"@id":"https:\/\/buletin.de\/bucuresti\/trei-ani-de-razboi-extins-refugiatii-ucraineni-si-bucuresteni-au-marcat-momentul-printr-o-protest-in-capitala\/#primaryimage"},"thumbnailUrl":"https:\/\/buletin.de\/bucuresti\/wp-content\/uploads\/treianidetazboi_INQUAM_Photos_Octav_Ganea.jpg","keywords":["Copii ucraina","razboi ucraina","refugiati ucraina","ucraina"],"articleSection":["Articole","Eveniment","Main"],"inLanguage":"en-GB","copyrightYear":"2025","copyrightHolder":{"@id":"https:\/\/buletin.de\/bucuresti\/#organization"}},{"@type":"WebPage","@id":"https:\/\/buletin.de\/bucuresti\/trei-ani-de-razboi-extins-refugiatii-ucraineni-si-bucuresteni-au-marcat-momentul-printr-o-protest-in-capitala\/","url":"https:\/\/buletin.de\/bucuresti\/trei-ani-de-razboi-extins-refugiatii-ucraineni-si-bucuresteni-au-marcat-momentul-printr-o-protest-in-capitala\/","name":"Trei ani de r\u0103zboi extins. Refugia\u021bii ucraineni \u0219i bucure\u0219teni au marcat momentul printr-un protest \u00een Capital\u0103 - Buletin de Bucure\u0219ti","isPartOf":{"@id":"https:\/\/buletin.de\/bucuresti\/#website"},"primaryImageOfPage":{"@id":"https:\/\/buletin.de\/bucuresti\/trei-ani-de-razboi-extins-refugiatii-ucraineni-si-bucuresteni-au-marcat-momentul-printr-o-protest-in-capitala\/#primaryimage"},"image":{"@id":"https:\/\/buletin.de\/bucuresti\/trei-ani-de-razboi-extins-refugiatii-ucraineni-si-bucuresteni-au-marcat-momentul-printr-o-protest-in-capitala\/#primaryimage"},"thumbnailUrl":"https:\/\/buletin.de\/bucuresti\/wp-content\/uploads\/treianidetazboi_INQUAM_Photos_Octav_Ganea.jpg","datePublished":"2025-02-23T15:21:23+00:00","dateModified":"2025-02-24T07:49:10+00:00","description":"Trei ani de r\u0103zboi extins. Refugia\u021bii ucraineni \u0219i bucure\u0219teni au marcat momentul printr-o protest \u00een Capital\u0103.","breadcrumb":{"@id":"https:\/\/buletin.de\/bucuresti\/trei-ani-de-razboi-extins-refugiatii-ucraineni-si-bucuresteni-au-marcat-momentul-printr-o-protest-in-capitala\/#breadcrumb"},"inLanguage":"en-GB","potentialAction":[{"@type":"ReadAction","target":["https:\/\/buletin.de\/bucuresti\/trei-ani-de-razboi-extins-refugiatii-ucraineni-si-bucuresteni-au-marcat-momentul-printr-o-protest-in-capitala\/"]}]},{"@type":"ImageObject","inLanguage":"en-GB","@id":"https:\/\/buletin.de\/bucuresti\/trei-ani-de-razboi-extins-refugiatii-ucraineni-si-bucuresteni-au-marcat-momentul-printr-o-protest-in-capitala\/#primaryimage","url":"https:\/\/buletin.de\/bucuresti\/wp-content\/uploads\/treianidetazboi_INQUAM_Photos_Octav_Ganea.jpg","contentUrl":"https:\/\/buletin.de\/bucuresti\/wp-content\/uploads\/treianidetazboi_INQUAM_Photos_Octav_Ganea.jpg","width":1200,"height":800,"caption":"Protest de marcare a Trei ani de r\u0103zboi, la Bucure\u0219ti. Foto: INQUAM_Photos_Octav_Ganea"},{"@type":"BreadcrumbList","@id":"https:\/\/buletin.de\/bucuresti\/trei-ani-de-razboi-extins-refugiatii-ucraineni-si-bucuresteni-au-marcat-momentul-printr-o-protest-in-capitala\/#breadcrumb","itemListElement":[{"@type":"ListItem","position":1,"name":"Acas\u0103","item":"https:\/\/buletin.de\/bucuresti\/"},{"@type":"ListItem","position":2,"name":"Trei ani de r\u0103zboi extins. Refugia\u021bii ucraineni \u0219i bucure\u0219teni au marcat momentul printr-un protest \u00een Capital\u0103"}]},{"@type":"WebSite","@id":"https:\/\/buletin.de\/bucuresti\/#website","url":"https:\/\/buletin.de\/bucuresti\/","name":"Buletin de Bucure\u0219ti","description":"\u0218tiri \u0219i investiga\u021bii esen\u021biale din capital\u0103","publisher":{"@id":"https:\/\/buletin.de\/bucuresti\/#organization"},"potentialAction":[{"@type":"SearchAction","target":{"@type":"EntryPoint","urlTemplate":"https:\/\/buletin.de\/bucuresti\/?s={search_term_string}"},"query-input":{"@type":"PropertyValueSpecification","valueRequired":true,"valueName":"search_term_string"}}],"inLanguage":"en-GB"},{"@type":"Organization","@id":"https:\/\/buletin.de\/bucuresti\/#organization","name":"Buletin de Bucure\u0219ti","url":"https:\/\/buletin.de\/bucuresti\/","logo":{"@type":"ImageObject","inLanguage":"en-GB","@id":"https:\/\/buletin.de\/bucuresti\/#\/schema\/logo\/image\/","url":"https:\/\/buletin.de\/bucuresti\/wp-content\/uploads\/logo-bdb-full-wide-vernil-transparent.png","contentUrl":"https:\/\/buletin.de\/bucuresti\/wp-content\/uploads\/logo-bdb-full-wide-vernil-transparent.png","width":1782,"height":626,"caption":"Buletin de Bucure\u0219ti"},"image":{"@id":"https:\/\/buletin.de\/bucuresti\/#\/schema\/logo\/image\/"},"sameAs":["https:\/\/www.facebook.com\/buletin.de.buc","https:\/\/www.instagram.com\/buletinde.bucuresti\/"]},{"@type":"Person","@id":"https:\/\/buletin.de\/bucuresti\/#\/schema\/person\/2bbcf854e5f2419a13804af574d06ab1","name":"Redac\u021bia Buletin de Bucure\u0219ti","image":{"@type":"ImageObject","inLanguage":"en-GB","@id":"https:\/\/secure.gravatar.com\/avatar\/18c5342381ed1a08620e6280424e3e5efc958618f5d67c522c9e44c1bc6f9226?s=96&d=monsterid&r=g60c7cd0ad92c68c049fcd4bb3504d609","url":"https:\/\/secure.gravatar.com\/avatar\/18c5342381ed1a08620e6280424e3e5efc958618f5d67c522c9e44c1bc6f9226?s=96&d=monsterid&r=g","contentUrl":"https:\/\/secure.gravatar.com\/avatar\/18c5342381ed1a08620e6280424e3e5efc958618f5d67c522c9e44c1bc6f9226?s=96&d=monsterid&r=g","caption":"Redac\u021bia Buletin de Bucure\u0219ti"},"description":"Buletin de Bucure\u0219ti exist\u0103 din vara anului 2019.","url":"https:\/\/buletin.de\/bucuresti\/author\/adminbuletin\/"}]}},"authors":[{"term_id":22583,"user_id":1,"is_guest":0,"slug":"adminbuletin","display_name":"Redac\u021bia Buletin de Bucure\u0219ti","avatar_url":"https:\/\/secure.gravatar.com\/avatar\/18c5342381ed1a08620e6280424e3e5efc958618f5d67c522c9e44c1bc6f9226?s=96&d=monsterid&r=g","0":null,"1":"","2":"","3":"","4":"","5":"","6":"","7":"","8":""}],"_links":{"self":[{"href":"https:\/\/buletin.de\/bucuresti\/wp-json\/wp\/v2\/posts\/119797","targetHints":{"allow":["GET"]}}],"collection":[{"href":"https:\/\/buletin.de\/bucuresti\/wp-json\/wp\/v2\/posts"}],"about":[{"href":"https:\/\/buletin.de\/bucuresti\/wp-json\/wp\/v2\/types\/post"}],"author":[{"embeddable":true,"href":"https:\/\/buletin.de\/bucuresti\/wp-json\/wp\/v2\/users\/1"}],"replies":[{"embeddable":true,"href":"https:\/\/buletin.de\/bucuresti\/wp-json\/wp\/v2\/comments?post=119797"}],"version-history":[{"count":7,"href":"https:\/\/buletin.de\/bucuresti\/wp-json\/wp\/v2\/posts\/119797\/revisions"}],"predecessor-version":[{"id":119856,"href":"https:\/\/buletin.de\/bucuresti\/wp-json\/wp\/v2\/posts\/119797\/revisions\/119856"}],"wp:featuredmedia":[{"embeddable":true,"href":"https:\/\/buletin.de\/bucuresti\/wp-json\/wp\/v2\/media\/119799"}],"wp:attachment":[{"href":"https:\/\/buletin.de\/bucuresti\/wp-json\/wp\/v2\/media?parent=119797"}],"wp:term":[{"taxonomy":"category","embeddable":true,"href":"https:\/\/buletin.de\/bucuresti\/wp-json\/wp\/v2\/categories?post=119797"},{"taxonomy":"post_tag","embeddable":true,"href":"https:\/\/buletin.de\/bucuresti\/wp-json\/wp\/v2\/tags?post=119797"},{"taxonomy":"author","embeddable":true,"href":"https:\/\/buletin.de\/bucuresti\/wp-json\/wp\/v2\/ppma_author?post=119797"}],"curies":[{"name":"wp","href":"https:\/\/api.w.org\/{rel}","templated":true}]}}