{"id":119793,"date":"2025-02-23T13:55:26","date_gmt":"2025-02-23T10:55:26","guid":{"rendered":"https:\/\/buletin.de\/bucuresti\/?p=119793"},"modified":"2025-02-23T13:57:14","modified_gmt":"2025-02-23T10:57:14","slug":"se-prelungeste-interdictia-pentru-autobuze-pe-linia-de-tramvai-care-sunt-efectele","status":"publish","type":"post","link":"https:\/\/buletin.de\/bucuresti\/se-prelungeste-interdictia-pentru-autobuze-pe-linia-de-tramvai-care-sunt-efectele\/","title":{"rendered":"Se prelunge\u0219te interdic\u021bia pentru autobuze pe linia de tramvai. Care sunt efectele"},"content":{"rendered":"\n<p><strong>Interdic\u021bia pentru autobuze de a circula pe linia de tramvai, introdus\u0103 pe 17 februarie, o dat\u0103 cu ninsorile masive care au c\u0103zut \u00een Bucure\u0219ti, se prelunge\u0219te p\u00e2n\u0103 pe 25 februarie, a anun\u021bat STB.<\/strong><\/p>\n\n\n\n<p>Decizia a fost luat\u0103 din cauza prognozei meteo privind temperaturile sc\u0103zute, gerul men\u021bin\u00e2ndu-se \u00een Capital\u0103 cel pu\u021bin p\u00e2n\u0103 la 1 martie.<\/p>\n\n\n\n<p>\u201eAutobuzele care circulau pe calea de rulare a tramvaielor vor continua s\u0103 circule pe banda \u00eent\u00e2i \u0219i vor efectua opriri \u00een sta\u021biile amplasate la trotuar p\u00e2n\u0103 pe 25.02.2025, inclusiv. <\/p>\n\n\n\n<p>Pentru informa\u021bii actualizate, v\u0103 rug\u0103m s\u0103 consulta\u021bi paginile oficiale ale STB SA\u201d, se arat\u0103 \u00eentr-un <a href=\"https:\/\/x.com\/Clienti_stbsa\/status\/1893595463376335108\" target=\"_blank\" rel=\"noreferrer noopener\">anun\u021b<\/a> al Societ\u0103\u021bii de Transport Bucure\u0219ti.<\/p>\n\n\n\n<p><strong>CITE\u0218TE \u0218I<a href=\"https:\/\/buletin.de\/bucuresti\/exclusiv-culisele-grevei-de-la-stb-supraconsumuri-record-de-motorina-in-autobaze-furnizori-suspecti-achizitii-inutile-de-piese-si-facturi-umflate\/\"> <\/a><a href=\"https:\/\/buletin.de\/bucuresti\/stb-cresc-timpii-de-asteptare-in-statie-autobuzele-nu-mai-circula-pe-liniile-de-tramvai\/\" target=\"_blank\" rel=\"noreferrer noopener\">STB | Cresc timpii de a\u0219teptare \u00een sta\u021bie. Autobuzele nu mai circul\u0103 pe liniile de tramvai<\/a><\/strong><\/p>\n\n\n\n<div class=\"wp-block-buttons is-content-justification-center is-layout-flex wp-container-core-buttons-is-layout-16018d1d wp-block-buttons-is-layout-flex\">\n<div class=\"wp-block-button has-custom-width wp-block-button__width-100\"><a class=\"wp-block-button__link wp-element-button\" href=\"https:\/\/www.patreon.com\/BuletinDeBucuresti\"><strong>Sus\u021bine Buletin de Bucure\u0219ti pentru investiga\u021bii, reportaje \u0219i \u0219tiri Locale<\/strong><\/a><\/div>\n<\/div>\n\n\n\n<h2 class=\"wp-block-heading\" id=\"h-care-sunt-efectele-interdic\u021biei-pentru-autobuze-pe-linia-de-tramvai\">Care sunt efectele interdic\u021biei pentru autobuze pe linia de tramvai<\/h2>\n\n\n\n<p>M\u0103sura de a interzice circula\u021bia pentru autobuze pe linia de tramvai a fost introdus\u0103 \u00een urm\u0103 cu o s\u0103pt\u0103m\u00e2n\u0103, \u00een contextul ninsorii consistente din Capital\u0103, care a durat patru zile.<\/p>\n\n\n\n<p>\u00cen acest context, STB a decis ca autobuzele <strong>s\u0103 circule pe carosabil \u0219i vor opri \u00een sta\u021biile de autobuz de la bordur\u0103<\/strong>.<\/p>\n\n\n\n<p><strong>Noua decizie va duce la cre\u0219terea timpilor de a\u0219teptare \u00een sta\u021bie<\/strong>, deoarece \u00een Bucure\u0219ti exist\u0103 doar circa 17 kilometri de band\u0103 special\u0103 pentru autobuze. Pe linia de tramvai, acestea aveau cale liber\u0103<\/p>\n\n\n\n<p>\u201eAceast\u0103 decizie a fost luat\u0103 pentru a preveni dificult\u0103\u021bile la fr\u00e2nare cauzate de alunecare pe \u0219inele de tramvai, asigur\u00e2nd astfel un transport public mai sigur.<\/p>\n\n\n\n<p>M\u0103sura este temporar\u0103 \u0219i va fi valabil\u0103 p\u00e2n\u0103 miercuri, 19 februarie, fiind adoptat\u0103 pentru cre\u0219terea siguran\u021bei rutiere\u201d, se arat\u0103 \u00een comunicatul&nbsp;STB din 17 februarie.<\/p>\n\n\n\n<p><strong>Buletin de Bucure\u0219ti a scris c\u0103, \u00een contextul \u00een care capitala a intrat \u00een cele mai geroase nop\u021bi din aceast\u0103 iarn\u0103, STB a anun\u021bat m\u0103suri surprinz\u0103toare pentru a men\u021bine transportul \u00een comun func\u021bional. <\/strong><\/p>\n\n\n\n<p>\u00cen loc s\u0103 utilizeze autobuze hibrid, Euro 6 \u0219i electrice, considerate mai eficiente \u0219i mai pu\u021bin poluante, conducerea companiei a ales s\u0103 mobilizeze masiv autobuzele Euro 3 \u0219i Euro 4, pe motorin\u0103.<\/p>\n\n\n\n<p>Decizia de a scoate la traseu \u00een principal autobuzele Euro 3 \u0219i Euro 4, de\u0219i sunt disponibile \u0219i alte modele mai ecologice, apare \u00eentr-o comunicare intern\u0103, ob\u021binut\u0103 de Buletin de Bucure\u0219ti, cu privire la codul galben de ger anun\u021bat p\u00e2n\u0103 pe 24 februarie. Temperaturile ar urma s\u0103 scad\u0103 p\u00e2n\u0103 la -12 grade.<\/p>\n\n\n\n<p><strong>CITE\u0218TE \u0218I: <a href=\"https:\/\/buletin.de\/bucuresti\/stb-sfideaza-gerul-cu-o-armada-de-autobuze-poluante-vehiculele-euro-3-si-4-raman-pornite-pe-timpul-noptii-iar-cele-ecologice-sunt-trase-pe-dreapta\/\" target=\"_blank\" rel=\"noreferrer noopener\">STB sfideaz\u0103 gerul cu o \u201earmad\u0103\u201d de autobuze poluante. Vehiculele Euro 3 \u0219i 4 r\u0103m\u00e2n pornite pe timpul nop\u021bii, iar cele ecologice sunt trase pe dreapta<\/a><\/strong><\/p>\n\n\n\n<p><a href=\"https:\/\/x.com\/Clienti_stbsa\/status\/1893595463376335108\"><\/a><\/p>\n","protected":false},"excerpt":{"rendered":"<p>Interdic\u021bia pentru autobuze de a circula pe linia de tramvai, introdus\u0103 pe 17 februarie, o dat\u0103 cu ninsorile masive care au c\u0103zut \u00een Bucure\u0219ti, se prelunge\u0219te p\u00e2n\u0103 pe 25 februarie, a anun\u021bat STB. Decizia a fost luat\u0103 din cauza prognozei meteo privind temperaturile sc\u0103zute, gerul men\u021bin\u00e2ndu-se \u00een Capital\u0103 cel pu\u021bin p\u00e2n\u0103 la 1 martie. \u201eAutobuzele [&hellip;]<\/p>\n","protected":false},"author":1,"featured_media":119795,"comment_status":"closed","ping_status":"open","sticky":false,"template":"","format":"standard","meta":{"_acf_changed":false,"inline_featured_image":false,"ngg_post_thumbnail":0,"footnotes":""},"categories":[6994,5762,650],"tags":[130,19366,19367,19372,19373,132,402,3736],"ppma_author":[22583],"class_list":["post-119793","post","type-post","status-publish","format-standard","has-post-thumbnail","hentry","category-stiri-2","category-main","category-transport","tag-autobuze","tag-euro-3","tag-euro-4","tag-ger","tag-ger-in-bucuresti","tag-poluare","tag-stb","tag-transport-in-comun"],"acf":[],"yoast_head":"<!-- This site is optimized with the Yoast SEO Premium plugin v25.3 (Yoast SEO v27.4) - https:\/\/yoast.com\/product\/yoast-seo-premium-wordpress\/ -->\n<title>Se prelunge\u0219te interdic\u021bia pentru autobuze pe linia de tramvai. Care sunt efectele - Buletin de Bucure\u0219ti<\/title>\n<meta name=\"description\" content=\"Interdic\u021bia pentru autobuze de a circula pe linia de tramvai, introdus\u0103 pe 17 februarie, se prelunge\u0219te p\u00e2n\u0103 pe 25 februarie, a anun\u021bat STB.\" \/>\n<meta name=\"robots\" content=\"index, follow, max-snippet:-1, max-image-preview:large, max-video-preview:-1\" \/>\n<link rel=\"canonical\" href=\"https:\/\/buletin.de\/bucuresti\/se-prelungeste-interdictia-pentru-autobuze-pe-linia-de-tramvai-care-sunt-efectele\/\" \/>\n<meta property=\"og:locale\" content=\"en_GB\" \/>\n<meta property=\"og:type\" content=\"article\" \/>\n<meta property=\"og:title\" content=\"Se prelunge\u0219te interdic\u021bia pentru autobuze pe linia de tramvai. Care sunt efectele\" \/>\n<meta property=\"og:description\" content=\"Interdic\u021bia pentru autobuze de a circula pe linia de tramvai, introdus\u0103 pe 17 februarie, se prelunge\u0219te p\u00e2n\u0103 pe 25 februarie, a anun\u021bat STB.\" \/>\n<meta property=\"og:url\" content=\"https:\/\/buletin.de\/bucuresti\/se-prelungeste-interdictia-pentru-autobuze-pe-linia-de-tramvai-care-sunt-efectele\/\" \/>\n<meta property=\"og:site_name\" content=\"Buletin de Bucure\u0219ti\" \/>\n<meta property=\"article:publisher\" content=\"https:\/\/www.facebook.com\/buletin.de.buc\" \/>\n<meta property=\"article:published_time\" content=\"2025-02-23T10:55:26+00:00\" \/>\n<meta property=\"article:modified_time\" content=\"2025-02-23T10:57:14+00:00\" \/>\n<meta property=\"og:image\" content=\"https:\/\/buletin.de\/bucuresti\/wp-content\/uploads\/autobuziarna.webp\" \/>\n\t<meta property=\"og:image:width\" content=\"1157\" \/>\n\t<meta property=\"og:image:height\" content=\"750\" \/>\n\t<meta property=\"og:image:type\" content=\"image\/webp\" \/>\n<meta name=\"author\" content=\"Redac\u021bia Buletin de Bucure\u0219ti\" \/>\n<meta name=\"twitter:card\" content=\"summary_large_image\" \/>\n<meta name=\"twitter:label1\" content=\"Written by\" \/>\n\t<meta name=\"twitter:data1\" content=\"Redac\u021bia Buletin de Bucure\u0219ti\" \/>\n\t<meta name=\"twitter:label2\" content=\"Estimated reading time\" \/>\n\t<meta name=\"twitter:data2\" content=\"3 minutes\" \/>\n<script type=\"application\/ld+json\" class=\"yoast-schema-graph\">{\"@context\":\"https:\\\/\\\/schema.org\",\"@graph\":[{\"@type\":\"Article\",\"@id\":\"https:\\\/\\\/buletin.de\\\/bucuresti\\\/se-prelungeste-interdictia-pentru-autobuze-pe-linia-de-tramvai-care-sunt-efectele\\\/#article\",\"isPartOf\":{\"@id\":\"https:\\\/\\\/buletin.de\\\/bucuresti\\\/se-prelungeste-interdictia-pentru-autobuze-pe-linia-de-tramvai-care-sunt-efectele\\\/\"},\"author\":{\"name\":\"Redac\u021bia Buletin de Bucure\u0219ti\",\"@id\":\"https:\\\/\\\/buletin.de\\\/bucuresti\\\/#\\\/schema\\\/person\\\/2bbcf854e5f2419a13804af574d06ab1\"},\"headline\":\"Se prelunge\u0219te interdic\u021bia pentru autobuze pe linia de tramvai. Care sunt efectele\",\"datePublished\":\"2025-02-23T10:55:26+00:00\",\"dateModified\":\"2025-02-23T10:57:14+00:00\",\"mainEntityOfPage\":{\"@id\":\"https:\\\/\\\/buletin.de\\\/bucuresti\\\/se-prelungeste-interdictia-pentru-autobuze-pe-linia-de-tramvai-care-sunt-efectele\\\/\"},\"wordCount\":481,\"publisher\":{\"@id\":\"https:\\\/\\\/buletin.de\\\/bucuresti\\\/#organization\"},\"image\":{\"@id\":\"https:\\\/\\\/buletin.de\\\/bucuresti\\\/se-prelungeste-interdictia-pentru-autobuze-pe-linia-de-tramvai-care-sunt-efectele\\\/#primaryimage\"},\"thumbnailUrl\":\"https:\\\/\\\/buletin.de\\\/bucuresti\\\/wp-content\\\/uploads\\\/autobuziarna.webp\",\"keywords\":[\"autobuze\",\"euro 3\",\"euro 4\",\"ger\",\"ger in bucuresti\",\"poluare\",\"stb\",\"Transport \u00een comun\"],\"articleSection\":[\"Articole\",\"Main\",\"Transport\"],\"inLanguage\":\"en-GB\",\"copyrightYear\":\"2025\",\"copyrightHolder\":{\"@id\":\"https:\\\/\\\/buletin.de\\\/bucuresti\\\/#organization\"}},{\"@type\":\"WebPage\",\"@id\":\"https:\\\/\\\/buletin.de\\\/bucuresti\\\/se-prelungeste-interdictia-pentru-autobuze-pe-linia-de-tramvai-care-sunt-efectele\\\/\",\"url\":\"https:\\\/\\\/buletin.de\\\/bucuresti\\\/se-prelungeste-interdictia-pentru-autobuze-pe-linia-de-tramvai-care-sunt-efectele\\\/\",\"name\":\"Se prelunge\u0219te interdic\u021bia pentru autobuze pe linia de tramvai. Care sunt efectele - Buletin de Bucure\u0219ti\",\"isPartOf\":{\"@id\":\"https:\\\/\\\/buletin.de\\\/bucuresti\\\/#website\"},\"primaryImageOfPage\":{\"@id\":\"https:\\\/\\\/buletin.de\\\/bucuresti\\\/se-prelungeste-interdictia-pentru-autobuze-pe-linia-de-tramvai-care-sunt-efectele\\\/#primaryimage\"},\"image\":{\"@id\":\"https:\\\/\\\/buletin.de\\\/bucuresti\\\/se-prelungeste-interdictia-pentru-autobuze-pe-linia-de-tramvai-care-sunt-efectele\\\/#primaryimage\"},\"thumbnailUrl\":\"https:\\\/\\\/buletin.de\\\/bucuresti\\\/wp-content\\\/uploads\\\/autobuziarna.webp\",\"datePublished\":\"2025-02-23T10:55:26+00:00\",\"dateModified\":\"2025-02-23T10:57:14+00:00\",\"description\":\"Interdic\u021bia pentru autobuze de a circula pe linia de tramvai, introdus\u0103 pe 17 februarie, se prelunge\u0219te p\u00e2n\u0103 pe 25 februarie, a anun\u021bat STB.\",\"breadcrumb\":{\"@id\":\"https:\\\/\\\/buletin.de\\\/bucuresti\\\/se-prelungeste-interdictia-pentru-autobuze-pe-linia-de-tramvai-care-sunt-efectele\\\/#breadcrumb\"},\"inLanguage\":\"en-GB\",\"potentialAction\":[{\"@type\":\"ReadAction\",\"target\":[\"https:\\\/\\\/buletin.de\\\/bucuresti\\\/se-prelungeste-interdictia-pentru-autobuze-pe-linia-de-tramvai-care-sunt-efectele\\\/\"]}]},{\"@type\":\"ImageObject\",\"inLanguage\":\"en-GB\",\"@id\":\"https:\\\/\\\/buletin.de\\\/bucuresti\\\/se-prelungeste-interdictia-pentru-autobuze-pe-linia-de-tramvai-care-sunt-efectele\\\/#primaryimage\",\"url\":\"https:\\\/\\\/buletin.de\\\/bucuresti\\\/wp-content\\\/uploads\\\/autobuziarna.webp\",\"contentUrl\":\"https:\\\/\\\/buletin.de\\\/bucuresti\\\/wp-content\\\/uploads\\\/autobuziarna.webp\",\"width\":1157,\"height\":750,\"caption\":\"Autobuzele circul\u0103 greu iarna: Foto: Mijloacele de transport circul\u0103 greu FOTO: Facebook\"},{\"@type\":\"BreadcrumbList\",\"@id\":\"https:\\\/\\\/buletin.de\\\/bucuresti\\\/se-prelungeste-interdictia-pentru-autobuze-pe-linia-de-tramvai-care-sunt-efectele\\\/#breadcrumb\",\"itemListElement\":[{\"@type\":\"ListItem\",\"position\":1,\"name\":\"Acas\u0103\",\"item\":\"https:\\\/\\\/buletin.de\\\/bucuresti\\\/\"},{\"@type\":\"ListItem\",\"position\":2,\"name\":\"Se prelunge\u0219te interdic\u021bia pentru autobuze pe linia de tramvai. Care sunt efectele\"}]},{\"@type\":\"WebSite\",\"@id\":\"https:\\\/\\\/buletin.de\\\/bucuresti\\\/#website\",\"url\":\"https:\\\/\\\/buletin.de\\\/bucuresti\\\/\",\"name\":\"Buletin de Bucure\u0219ti\",\"description\":\"\u0218tiri \u0219i investiga\u021bii esen\u021biale din capital\u0103\",\"publisher\":{\"@id\":\"https:\\\/\\\/buletin.de\\\/bucuresti\\\/#organization\"},\"potentialAction\":[{\"@type\":\"SearchAction\",\"target\":{\"@type\":\"EntryPoint\",\"urlTemplate\":\"https:\\\/\\\/buletin.de\\\/bucuresti\\\/?s={search_term_string}\"},\"query-input\":{\"@type\":\"PropertyValueSpecification\",\"valueRequired\":true,\"valueName\":\"search_term_string\"}}],\"inLanguage\":\"en-GB\"},{\"@type\":\"Organization\",\"@id\":\"https:\\\/\\\/buletin.de\\\/bucuresti\\\/#organization\",\"name\":\"Buletin de Bucure\u0219ti\",\"url\":\"https:\\\/\\\/buletin.de\\\/bucuresti\\\/\",\"logo\":{\"@type\":\"ImageObject\",\"inLanguage\":\"en-GB\",\"@id\":\"https:\\\/\\\/buletin.de\\\/bucuresti\\\/#\\\/schema\\\/logo\\\/image\\\/\",\"url\":\"https:\\\/\\\/buletin.de\\\/bucuresti\\\/wp-content\\\/uploads\\\/logo-bdb-full-wide-vernil-transparent.png\",\"contentUrl\":\"https:\\\/\\\/buletin.de\\\/bucuresti\\\/wp-content\\\/uploads\\\/logo-bdb-full-wide-vernil-transparent.png\",\"width\":1782,\"height\":626,\"caption\":\"Buletin de Bucure\u0219ti\"},\"image\":{\"@id\":\"https:\\\/\\\/buletin.de\\\/bucuresti\\\/#\\\/schema\\\/logo\\\/image\\\/\"},\"sameAs\":[\"https:\\\/\\\/www.facebook.com\\\/buletin.de.buc\",\"https:\\\/\\\/www.instagram.com\\\/buletinde.bucuresti\\\/\"]},{\"@type\":\"Person\",\"@id\":\"https:\\\/\\\/buletin.de\\\/bucuresti\\\/#\\\/schema\\\/person\\\/2bbcf854e5f2419a13804af574d06ab1\",\"name\":\"Redac\u021bia Buletin de Bucure\u0219ti\",\"image\":{\"@type\":\"ImageObject\",\"inLanguage\":\"en-GB\",\"@id\":\"https:\\\/\\\/secure.gravatar.com\\\/avatar\\\/18c5342381ed1a08620e6280424e3e5efc958618f5d67c522c9e44c1bc6f9226?s=96&d=monsterid&r=g60c7cd0ad92c68c049fcd4bb3504d609\",\"url\":\"https:\\\/\\\/secure.gravatar.com\\\/avatar\\\/18c5342381ed1a08620e6280424e3e5efc958618f5d67c522c9e44c1bc6f9226?s=96&d=monsterid&r=g\",\"contentUrl\":\"https:\\\/\\\/secure.gravatar.com\\\/avatar\\\/18c5342381ed1a08620e6280424e3e5efc958618f5d67c522c9e44c1bc6f9226?s=96&d=monsterid&r=g\",\"caption\":\"Redac\u021bia Buletin de Bucure\u0219ti\"},\"description\":\"Buletin de Bucure\u0219ti exist\u0103 din vara anului 2019.\",\"url\":\"https:\\\/\\\/buletin.de\\\/bucuresti\\\/author\\\/adminbuletin\\\/\"}]}<\/script>\n<!-- \/ Yoast SEO Premium plugin. -->","yoast_head_json":{"title":"Se prelunge\u0219te interdic\u021bia pentru autobuze pe linia de tramvai. Care sunt efectele - Buletin de Bucure\u0219ti","description":"Interdic\u021bia pentru autobuze de a circula pe linia de tramvai, introdus\u0103 pe 17 februarie, se prelunge\u0219te p\u00e2n\u0103 pe 25 februarie, a anun\u021bat STB.","robots":{"index":"index","follow":"follow","max-snippet":"max-snippet:-1","max-image-preview":"max-image-preview:large","max-video-preview":"max-video-preview:-1"},"canonical":"https:\/\/buletin.de\/bucuresti\/se-prelungeste-interdictia-pentru-autobuze-pe-linia-de-tramvai-care-sunt-efectele\/","og_locale":"en_GB","og_type":"article","og_title":"Se prelunge\u0219te interdic\u021bia pentru autobuze pe linia de tramvai. Care sunt efectele","og_description":"Interdic\u021bia pentru autobuze de a circula pe linia de tramvai, introdus\u0103 pe 17 februarie, se prelunge\u0219te p\u00e2n\u0103 pe 25 februarie, a anun\u021bat STB.","og_url":"https:\/\/buletin.de\/bucuresti\/se-prelungeste-interdictia-pentru-autobuze-pe-linia-de-tramvai-care-sunt-efectele\/","og_site_name":"Buletin de Bucure\u0219ti","article_publisher":"https:\/\/www.facebook.com\/buletin.de.buc","article_published_time":"2025-02-23T10:55:26+00:00","article_modified_time":"2025-02-23T10:57:14+00:00","og_image":[{"width":1157,"height":750,"url":"https:\/\/buletin.de\/bucuresti\/wp-content\/uploads\/autobuziarna.webp","type":"image\/webp"}],"author":"Redac\u021bia Buletin de Bucure\u0219ti","twitter_card":"summary_large_image","twitter_misc":{"Written by":"Redac\u021bia Buletin de Bucure\u0219ti","Estimated reading time":"3 minutes"},"schema":{"@context":"https:\/\/schema.org","@graph":[{"@type":"Article","@id":"https:\/\/buletin.de\/bucuresti\/se-prelungeste-interdictia-pentru-autobuze-pe-linia-de-tramvai-care-sunt-efectele\/#article","isPartOf":{"@id":"https:\/\/buletin.de\/bucuresti\/se-prelungeste-interdictia-pentru-autobuze-pe-linia-de-tramvai-care-sunt-efectele\/"},"author":{"name":"Redac\u021bia Buletin de Bucure\u0219ti","@id":"https:\/\/buletin.de\/bucuresti\/#\/schema\/person\/2bbcf854e5f2419a13804af574d06ab1"},"headline":"Se prelunge\u0219te interdic\u021bia pentru autobuze pe linia de tramvai. Care sunt efectele","datePublished":"2025-02-23T10:55:26+00:00","dateModified":"2025-02-23T10:57:14+00:00","mainEntityOfPage":{"@id":"https:\/\/buletin.de\/bucuresti\/se-prelungeste-interdictia-pentru-autobuze-pe-linia-de-tramvai-care-sunt-efectele\/"},"wordCount":481,"publisher":{"@id":"https:\/\/buletin.de\/bucuresti\/#organization"},"image":{"@id":"https:\/\/buletin.de\/bucuresti\/se-prelungeste-interdictia-pentru-autobuze-pe-linia-de-tramvai-care-sunt-efectele\/#primaryimage"},"thumbnailUrl":"https:\/\/buletin.de\/bucuresti\/wp-content\/uploads\/autobuziarna.webp","keywords":["autobuze","euro 3","euro 4","ger","ger in bucuresti","poluare","stb","Transport \u00een comun"],"articleSection":["Articole","Main","Transport"],"inLanguage":"en-GB","copyrightYear":"2025","copyrightHolder":{"@id":"https:\/\/buletin.de\/bucuresti\/#organization"}},{"@type":"WebPage","@id":"https:\/\/buletin.de\/bucuresti\/se-prelungeste-interdictia-pentru-autobuze-pe-linia-de-tramvai-care-sunt-efectele\/","url":"https:\/\/buletin.de\/bucuresti\/se-prelungeste-interdictia-pentru-autobuze-pe-linia-de-tramvai-care-sunt-efectele\/","name":"Se prelunge\u0219te interdic\u021bia pentru autobuze pe linia de tramvai. Care sunt efectele - Buletin de Bucure\u0219ti","isPartOf":{"@id":"https:\/\/buletin.de\/bucuresti\/#website"},"primaryImageOfPage":{"@id":"https:\/\/buletin.de\/bucuresti\/se-prelungeste-interdictia-pentru-autobuze-pe-linia-de-tramvai-care-sunt-efectele\/#primaryimage"},"image":{"@id":"https:\/\/buletin.de\/bucuresti\/se-prelungeste-interdictia-pentru-autobuze-pe-linia-de-tramvai-care-sunt-efectele\/#primaryimage"},"thumbnailUrl":"https:\/\/buletin.de\/bucuresti\/wp-content\/uploads\/autobuziarna.webp","datePublished":"2025-02-23T10:55:26+00:00","dateModified":"2025-02-23T10:57:14+00:00","description":"Interdic\u021bia pentru autobuze de a circula pe linia de tramvai, introdus\u0103 pe 17 februarie, se prelunge\u0219te p\u00e2n\u0103 pe 25 februarie, a anun\u021bat STB.","breadcrumb":{"@id":"https:\/\/buletin.de\/bucuresti\/se-prelungeste-interdictia-pentru-autobuze-pe-linia-de-tramvai-care-sunt-efectele\/#breadcrumb"},"inLanguage":"en-GB","potentialAction":[{"@type":"ReadAction","target":["https:\/\/buletin.de\/bucuresti\/se-prelungeste-interdictia-pentru-autobuze-pe-linia-de-tramvai-care-sunt-efectele\/"]}]},{"@type":"ImageObject","inLanguage":"en-GB","@id":"https:\/\/buletin.de\/bucuresti\/se-prelungeste-interdictia-pentru-autobuze-pe-linia-de-tramvai-care-sunt-efectele\/#primaryimage","url":"https:\/\/buletin.de\/bucuresti\/wp-content\/uploads\/autobuziarna.webp","contentUrl":"https:\/\/buletin.de\/bucuresti\/wp-content\/uploads\/autobuziarna.webp","width":1157,"height":750,"caption":"Autobuzele circul\u0103 greu iarna: Foto: Mijloacele de transport circul\u0103 greu FOTO: Facebook"},{"@type":"BreadcrumbList","@id":"https:\/\/buletin.de\/bucuresti\/se-prelungeste-interdictia-pentru-autobuze-pe-linia-de-tramvai-care-sunt-efectele\/#breadcrumb","itemListElement":[{"@type":"ListItem","position":1,"name":"Acas\u0103","item":"https:\/\/buletin.de\/bucuresti\/"},{"@type":"ListItem","position":2,"name":"Se prelunge\u0219te interdic\u021bia pentru autobuze pe linia de tramvai. Care sunt efectele"}]},{"@type":"WebSite","@id":"https:\/\/buletin.de\/bucuresti\/#website","url":"https:\/\/buletin.de\/bucuresti\/","name":"Buletin de Bucure\u0219ti","description":"\u0218tiri \u0219i investiga\u021bii esen\u021biale din capital\u0103","publisher":{"@id":"https:\/\/buletin.de\/bucuresti\/#organization"},"potentialAction":[{"@type":"SearchAction","target":{"@type":"EntryPoint","urlTemplate":"https:\/\/buletin.de\/bucuresti\/?s={search_term_string}"},"query-input":{"@type":"PropertyValueSpecification","valueRequired":true,"valueName":"search_term_string"}}],"inLanguage":"en-GB"},{"@type":"Organization","@id":"https:\/\/buletin.de\/bucuresti\/#organization","name":"Buletin de Bucure\u0219ti","url":"https:\/\/buletin.de\/bucuresti\/","logo":{"@type":"ImageObject","inLanguage":"en-GB","@id":"https:\/\/buletin.de\/bucuresti\/#\/schema\/logo\/image\/","url":"https:\/\/buletin.de\/bucuresti\/wp-content\/uploads\/logo-bdb-full-wide-vernil-transparent.png","contentUrl":"https:\/\/buletin.de\/bucuresti\/wp-content\/uploads\/logo-bdb-full-wide-vernil-transparent.png","width":1782,"height":626,"caption":"Buletin de Bucure\u0219ti"},"image":{"@id":"https:\/\/buletin.de\/bucuresti\/#\/schema\/logo\/image\/"},"sameAs":["https:\/\/www.facebook.com\/buletin.de.buc","https:\/\/www.instagram.com\/buletinde.bucuresti\/"]},{"@type":"Person","@id":"https:\/\/buletin.de\/bucuresti\/#\/schema\/person\/2bbcf854e5f2419a13804af574d06ab1","name":"Redac\u021bia Buletin de Bucure\u0219ti","image":{"@type":"ImageObject","inLanguage":"en-GB","@id":"https:\/\/secure.gravatar.com\/avatar\/18c5342381ed1a08620e6280424e3e5efc958618f5d67c522c9e44c1bc6f9226?s=96&d=monsterid&r=g60c7cd0ad92c68c049fcd4bb3504d609","url":"https:\/\/secure.gravatar.com\/avatar\/18c5342381ed1a08620e6280424e3e5efc958618f5d67c522c9e44c1bc6f9226?s=96&d=monsterid&r=g","contentUrl":"https:\/\/secure.gravatar.com\/avatar\/18c5342381ed1a08620e6280424e3e5efc958618f5d67c522c9e44c1bc6f9226?s=96&d=monsterid&r=g","caption":"Redac\u021bia Buletin de Bucure\u0219ti"},"description":"Buletin de Bucure\u0219ti exist\u0103 din vara anului 2019.","url":"https:\/\/buletin.de\/bucuresti\/author\/adminbuletin\/"}]}},"authors":[{"term_id":22583,"user_id":1,"is_guest":0,"slug":"adminbuletin","display_name":"Redac\u021bia Buletin de Bucure\u0219ti","avatar_url":"https:\/\/secure.gravatar.com\/avatar\/18c5342381ed1a08620e6280424e3e5efc958618f5d67c522c9e44c1bc6f9226?s=96&d=monsterid&r=g","0":null,"1":"","2":"","3":"","4":"","5":"","6":"","7":"","8":""}],"_links":{"self":[{"href":"https:\/\/buletin.de\/bucuresti\/wp-json\/wp\/v2\/posts\/119793","targetHints":{"allow":["GET"]}}],"collection":[{"href":"https:\/\/buletin.de\/bucuresti\/wp-json\/wp\/v2\/posts"}],"about":[{"href":"https:\/\/buletin.de\/bucuresti\/wp-json\/wp\/v2\/types\/post"}],"author":[{"embeddable":true,"href":"https:\/\/buletin.de\/bucuresti\/wp-json\/wp\/v2\/users\/1"}],"replies":[{"embeddable":true,"href":"https:\/\/buletin.de\/bucuresti\/wp-json\/wp\/v2\/comments?post=119793"}],"version-history":[{"count":2,"href":"https:\/\/buletin.de\/bucuresti\/wp-json\/wp\/v2\/posts\/119793\/revisions"}],"predecessor-version":[{"id":119796,"href":"https:\/\/buletin.de\/bucuresti\/wp-json\/wp\/v2\/posts\/119793\/revisions\/119796"}],"wp:featuredmedia":[{"embeddable":true,"href":"https:\/\/buletin.de\/bucuresti\/wp-json\/wp\/v2\/media\/119795"}],"wp:attachment":[{"href":"https:\/\/buletin.de\/bucuresti\/wp-json\/wp\/v2\/media?parent=119793"}],"wp:term":[{"taxonomy":"category","embeddable":true,"href":"https:\/\/buletin.de\/bucuresti\/wp-json\/wp\/v2\/categories?post=119793"},{"taxonomy":"post_tag","embeddable":true,"href":"https:\/\/buletin.de\/bucuresti\/wp-json\/wp\/v2\/tags?post=119793"},{"taxonomy":"author","embeddable":true,"href":"https:\/\/buletin.de\/bucuresti\/wp-json\/wp\/v2\/ppma_author?post=119793"}],"curies":[{"name":"wp","href":"https:\/\/api.w.org\/{rel}","templated":true}]}}