{"id":119685,"date":"2025-02-22T10:53:42","date_gmt":"2025-02-22T07:53:42","guid":{"rendered":"https:\/\/buletin.de\/bucuresti\/?p=119685"},"modified":"2025-02-22T10:53:42","modified_gmt":"2025-02-22T07:53:42","slug":"editorial-la-anpc-se-umbla-cu-barba-vopsita-descinde-piedone-in-piata-lui-nicky-scorpion","status":"publish","type":"post","link":"https:\/\/buletin.de\/bucuresti\/editorial-la-anpc-se-umbla-cu-barba-vopsita-descinde-piedone-in-piata-lui-nicky-scorpion\/","title":{"rendered":"EDITORIAL | La ANPC se umbl\u0103 cu barba vopsit\u0103. Descinde Piedone \u00een pia\u021ba lui Nicky Scorpion?"},"content":{"rendered":"\n<p><strong>Retr\u0103im cumva vremurile de glorie c\u00e2nd cu o legitima\u021bie de ONG pentru protec\u021bia consumatorilor, cu nume similar al autorit\u0103\u021bii \u00een cauz\u0103, se r\u0103sturnau tarabe prin pie\u021be \u0219i se d\u0103dea cu pui congela\u021bi de p\u0103m\u00e2nt c\u00e2t s\u0103 se ciobeasc\u0103 gresia din alimentare. Descinde Piedone<\/strong>. <strong>Totul \u00een prime time, la fel ca acum. Doar c\u0103 tehnica a ajuns s\u0103 fie mult mai rafinat\u0103, <a href=\"https:\/\/buletin.de\/bucuresti\/cristian-popescu-piedone-a-transformat-contul-in-care-se-promova-politic-pe-tiktok-in-cont-al-anpc-si-a-urat-singur-la-multi-ani\/\">are patin\u0103 de secol 21, via TikTok.<\/a><\/strong><\/p>\n\n\n\n<p>Nu cred c\u0103 este om s\u0103n\u0103tos la cap care s\u0103 nu \u00een\u021beleag\u0103 c\u0103 sunt probleme cu igiena si calitatea produselor peste tot, mai mici, mai mari sau de-a dreptul flagrante. Pentru c\u0103 d-aia avem autorit\u0103\u021bi pl\u0103tite din banii de taxe \u0219i impozite care s\u0103 se asigure c\u0103 nu plesne\u0219te salmonela \u00een noi dup\u0103 ciorb\u0103 la restaurant sau c\u0103 nu le\u0219in\u0103m pe WC de la enterocolit\u0103 dup\u0103 o felie de pizza livrat\u0103 sau cump\u0103rat\u0103 la col\u021b de strad\u0103. \u00a0<\/p>\n\n\n\n<p><strong>Dar ce facem c\u00e2nd acest\u0103 protec\u021bie se transform\u0103 \u00eentr-un circ mediatic? <\/strong>C\u00e2nd \u00eensu\u0219i \u0219eful unei structuri cu mii de angaja\u021bi se duce \u00een buricul t\u00e2rgului cu camerele dup\u0103 el \u0219i cu conturile personale de social media \u0219i ne arat\u0103 cum se face treaba?<\/p>\n\n\n\n<p><strong>CITE\u0218TE \u0218I: <a href=\"https:\/\/buletin.de\/bucuresti\/cristian-popescu-piedone-a-transformat-contul-in-care-se-promova-politic-pe-tiktok-in-cont-al-anpc-si-a-urat-singur-la-multi-ani\/\">Cristian Popescu Piedone a transformat contul \u00een care se promova politic pe TikTok \u00een cont al ANPC. \u0218i-a urat singur \u201eLa mul\u021bi ani\u201d<\/a><\/strong><\/p>\n\n\n\n<p>Aceast\u0103 goan\u0103 dup\u0103 vr\u0103jitoare ar putea avea efecte benefice, al\u021bi comercian\u021bi de rea-credin\u021b\u0103 sau pur \u0219i simplu afla\u021bi \u00een culp\u0103 din ne\u0219tiin\u021b\u0103 ar putea trage \u00eenv\u0103\u021b\u0103mine \u0219i s-ar pune la ad\u0103post<strong>.<\/strong><\/p>\n\n\n\n<div class=\"wp-block-buttons is-content-justification-center is-layout-flex wp-container-core-buttons-is-layout-16018d1d wp-block-buttons-is-layout-flex\">\n<div class=\"wp-block-button has-custom-width wp-block-button__width-100\"><a class=\"wp-block-button__link wp-element-button\" href=\"https:\/\/www.patreon.com\/BuletinDeBucuresti\"><strong>Sus\u021bine Buletin de Bucure\u0219ti pentru investiga\u021bii, reportaje \u0219i \u0219tiri Locale<\/strong><\/a><\/div>\n<\/div>\n\n\n\n<h2 class=\"wp-block-heading\" id=\"h-dar-oare-chiar-to\u021bi-sau-unii-doar-se-amuza\"><strong>Dar oare chiar to\u021bi? <\/strong><strong>Sau unii doar se amuz\u0103?<\/strong><\/h2>\n\n\n\n<p>P\u00e2n\u0103 de cur\u00e2nd, ANPC era condus\u0103 de un ins numit tot din pixul premierului, <a href=\"https:\/\/atacdeconstanta.com\/legile-lui-constantinescu-angajatul-harnic-din-primaria-constanta\/\" target=\"_blank\" rel=\"noreferrer noopener\">care n-a fost \u00een stare s\u0103 ia un concurs la Prim\u0103ria Constan\u021ba.<\/a><\/p>\n\n\n\n<p><strong><a href=\"https:\/\/www.google.com\/search?q=panama+horia+constantinescu&amp;sca_esv=9a8b494ebc885c97&amp;sxsrf=AHTn8zr6iMJa-mCtGuEZugUMJO1DWfQ1fw%3A1740206308202&amp;ei=5HC5Z4r5C9mAi-gPgOj50AU&amp;ved=0ahUKEwiK-9fW1daLAxVZwAIHHQB0HloQ4dUDCBA&amp;uact=5&amp;oq=panama+horia+constantinescu&amp;gs_lp=Egxnd3Mtd2l6LXNlcnAiG3BhbmFtYSBob3JpYSBjb25zdGFudGluZXNjdTIGEAAYCBgeMgsQABiABBiGAxiKBTILEAAYgAQYhgMYigUyCxAAGIAEGIYDGIoFMgsQABiABBiGAxiKBTIFEAAY7wUyCBAAGIAEGKIEMgUQABjvBTIFEAAY7wVI5glQAFi0BHAAeACQAQCYAVmgAekDqgEBNrgBA8gBAPgBAZgCBaACpAPCAgYQABgHGB7CAggQABgHGAoYHsICCBAAGAcYCBgewgIIEAAYogQYiQWYAwCSBwE1oAe6Gw&amp;sclient=gws-wiz-serp\" target=\"_blank\" rel=\"noreferrer noopener\">Despre el se \u0219tia la un moment dat c\u0103 \u201ea \u021binut\/\u021bine\u201d afacerile familiei N\u0103stase<\/a>, cu \u201eaplecare\u201d c\u0103tre restaurante \u0219i cluburi de fi\u021be de la mare, de la munte \u0219i chiar din Her\u0103str\u0103u.<\/strong> R\u0103spunsul la \u00eentrebarea dac\u0103 au fost c\u0103lcate acestea de comisarii de la protec\u021bia consumatorilor \u00een toat\u0103 aceast\u0103 perioad\u0103 e de la sine \u00een\u021beles.<\/p>\n\n\n\n<h2 class=\"wp-block-heading\" id=\"h-descinde-piedone-in-pia\u021ba-lui-nicky-scorpion\"><strong>Descinde Piedone \u00een pia\u021ba lui Nicky Scorpion?<\/strong><\/h2>\n\n\n\n<p>\u00cen acest context, o alt\u0103 \u00eentrebare fireasc\u0103 este dac\u0103 aceste controale \u201ecu artificii\u201d vor continua \u0219i \u00een alte zone, cum ar fi pia\u021ba lui Nicky Scorpion, din Rahova, un loc cunoscut pentru problemele sale legate de igien\u0103 \u0219i siguran\u021b\u0103 alimentar\u0103.<\/p>\n\n\n\n<p><strong>Pentru cine nu \u0219tie, pia\u021ba de pe linia tramvaiului 32 este controlat\u0103 de Nicolae P\u0103un, politician, aliat \u0219i fost coleg de restaurant cu Cristian Popescu Piedone \u00eenainte de \u201c89, c\u00e2nd unul era \u201epe buc\u0103t\u0103rie\u201d \u00a0iar cel\u0103lalt \u201epe sal\u0103\u201d.<\/strong><\/p>\n\n\n\n<p>At\u00e2t de aliat \u00eenc\u00e2t Piedone \u0219i-a permis \u0219i ni\u0219te glume care nu s-ar c\u0103dea nici m\u0103car la \u0219pri\u021b, de la tribuna Congresului Reprezentan\u0163ilor Comunit\u0103\u0163ilor de Romi din noiembrie 2023.<\/p>\n\n\n\n<p>\u201e\u00cei\u00a0mul\u021bumesc prietenului \u0219i fratelui meu. Dac\u0103 nu ne-am desp\u0103r\u021bit 39 de ani, chiar dac\u0103 am avut plafoane de zbor separate, tu fiind dotat din na\u0219tere cu aripi, eu ce s\u0103 fac, sunt un avion mic de v\u00e2n\u0103toare\u201d, <a href=\"https:\/\/buletin.de\/bucuresti\/piedone-catre-liderul-partidei-romilor-nicolae-paun-esti-dotat-din-nastere-cu-aripi\/\" target=\"_blank\" rel=\"noreferrer noopener\">a spus atunci Cristian Popescu Piedone.<\/a><\/p>\n\n\n\n<p><strong>CITE\u0218TE \u0218I: <a href=\"https:\/\/buletin.de\/bucuresti\/piedone-catre-liderul-partidei-romilor-nicolae-paun-esti-dotat-din-nastere-cu-aripi\/\">DERAPAJ | Piedone, c\u0103tre liderul Partidei Romilor, Nicolae P\u0103un: \u201eE\u0219ti dotat din na\u0219tere cu aripi\u201c<\/a><\/strong><\/p>\n\n\n\n<p>Mai jos, o compara\u021bie de fotografii care demonstreaz\u0103 f\u0103r\u0103 echivoc componenta de imagine a ultimelor ac\u021biuni ale ANPC.<\/p>\n\n\n\n<p><strong> \u00cen st\u00e2nga, declara\u021bii de la sediul PUSL \u00een campania din vara lui 2024, \u00een dreapta, prima conferin\u021b\u0103 de pres\u0103 a lui Cristian Popescu Piedone ca \u201enou\u201d \u0219ef al ANPC. Men\u021bion\u0103m c\u0103 imaginile nu au fost prelucrate.<\/strong><\/p>\n\n\n\n<figure class=\"wp-block-image size-large\"><img fetchpriority=\"high\" decoding=\"async\" width=\"900\" height=\"545\" src=\"data:image\/gif;base64,R0lGODlhAQABAAAAACH5BAEKAAEALAAAAAABAAEAAAICTAEAOw==\" data-src=\"https:\/\/buletin.de\/bucuresti\/wp-content\/uploads\/piedone-barba-vopsita-1-900x545.jpg\" alt=\"Descinde Piedone\" class=\"wp-image-119687 lazyload\" data-sizes=\"auto\" data-srcset=\"https:\/\/buletin.de\/bucuresti\/wp-content\/uploads\/piedone-barba-vopsita-1-900x545.jpg 900w, https:\/\/buletin.de\/bucuresti\/wp-content\/uploads\/piedone-barba-vopsita-1-300x182.jpg 300w, https:\/\/buletin.de\/bucuresti\/wp-content\/uploads\/piedone-barba-vopsita-1-768x465.jpg 768w, https:\/\/buletin.de\/bucuresti\/wp-content\/uploads\/piedone-barba-vopsita-1-1536x931.jpg 1536w, https:\/\/buletin.de\/bucuresti\/wp-content\/uploads\/piedone-barba-vopsita-1-1600x970.jpg 1600w, https:\/\/buletin.de\/bucuresti\/wp-content\/uploads\/piedone-barba-vopsita-1-1100x667.jpg 1100w, https:\/\/buletin.de\/bucuresti\/wp-content\/uploads\/piedone-barba-vopsita-1-600x364.jpg 600w, https:\/\/buletin.de\/bucuresti\/wp-content\/uploads\/piedone-barba-vopsita-1-20x12.jpg 20w, https:\/\/buletin.de\/bucuresti\/wp-content\/uploads\/piedone-barba-vopsita-1.jpg 2000w\" sizes=\"(max-width: 900px) 100vw, 900px\" \/><figcaption class=\"wp-element-caption\">Descinde Piedone, \u201edacul\u201d de la ANPC, \u0219i la prietenii lui? FOTO: Inquam Photos \/\u00a0<a href=\"https:\/\/inquamphotos.com\/users\/malinanorocea\">Malina\u00a0Norocea<\/a> (st\u00e2nga)\/C\u0103t\u0103lin Anghel-Dimache (dreapta)<\/figcaption><\/figure>\n\n\n\n<p><strong>CITE\u0218TE \u0218I: <a href=\"https:\/\/buletin.de\/bucuresti\/cafeneaua-bdb-10-ani-de-teatru-atipic-in-bucuresti-replika-o-capcana-artistica-pentru-problemele-comunitatii\/\" target=\"_blank\" rel=\"noreferrer noopener\">Cafeneaua BdB | 10 ani de teatru atipic \u00een Bucure\u0219ti: \u201eReplika, o capcan\u0103 artistic\u0103 pentru problemele comunit\u0103\u021bii\u201d<\/a><\/strong><\/p>\n","protected":false},"excerpt":{"rendered":"<p>Retr\u0103im cumva vremurile de glorie c\u00e2nd cu o legitima\u021bie de ONG pentru protec\u021bia consumatorilor, cu nume similar al autorit\u0103\u021bii \u00een cauz\u0103, se r\u0103sturnau tarabe prin pie\u021be \u0219i se d\u0103dea cu pui congela\u021bi de p\u0103m\u00e2nt c\u00e2t s\u0103 se ciobeasc\u0103 gresia din alimentare. Descinde Piedone. Totul \u00een prime time, la fel ca acum. Doar c\u0103 tehnica a [&hellip;]<\/p>\n","protected":false},"author":10,"featured_media":119689,"comment_status":"closed","ping_status":"open","sticky":false,"template":"","format":"standard","meta":{"_acf_changed":false,"inline_featured_image":false,"ngg_post_thumbnail":0,"footnotes":""},"categories":[6994,41,5762],"tags":[3410,19357,2188,2638,3744,19358,1103],"ppma_author":[22575],"class_list":["post-119685","post","type-post","status-publish","format-standard","has-post-thumbnail","hentry","category-stiri-2","category-editorial","category-main","tag-anpc","tag-barba","tag-controale","tag-coruptie","tag-imagine","tag-nicky-scoprpion","tag-piedone"],"acf":[],"yoast_head":"<!-- This site is optimized with the Yoast SEO Premium plugin v25.3 (Yoast SEO v27.5) - https:\/\/yoast.com\/product\/yoast-seo-premium-wordpress\/ -->\n<title>EDITORIAL | La ANPC se umbl\u0103 cu barba vopsit\u0103. Descinde Piedone \u00een pia\u021ba lui Nicky Scorpion? - Buletin de Bucure\u0219ti<\/title>\n<meta name=\"description\" content=\"La ANPC se umbl\u0103 cu barba vopsit\u0103. Descinde Piedone \u00een pia\u021ba lui Nicky Scorpion? Despre protec\u021bia consumatorului \u0219i spectacol.\" \/>\n<meta name=\"robots\" content=\"index, follow, max-snippet:-1, max-image-preview:large, max-video-preview:-1\" \/>\n<link rel=\"canonical\" href=\"https:\/\/buletin.de\/bucuresti\/editorial-la-anpc-se-umbla-cu-barba-vopsita-descinde-piedone-in-piata-lui-nicky-scorpion\/\" \/>\n<meta property=\"og:locale\" content=\"en_GB\" \/>\n<meta property=\"og:type\" content=\"article\" \/>\n<meta property=\"og:title\" content=\"EDITORIAL | La ANPC se umbl\u0103 cu barba vopsit\u0103. Descinde Piedone \u00een pia\u021ba lui Nicky Scorpion?\" \/>\n<meta property=\"og:description\" content=\"La ANPC se umbl\u0103 cu barba vopsit\u0103. Descinde Piedone \u00een pia\u021ba lui Nicky Scorpion? Despre protec\u021bia consumatorului \u0219i spectacol.\" \/>\n<meta property=\"og:url\" content=\"https:\/\/buletin.de\/bucuresti\/editorial-la-anpc-se-umbla-cu-barba-vopsita-descinde-piedone-in-piata-lui-nicky-scorpion\/\" \/>\n<meta property=\"og:site_name\" content=\"Buletin de Bucure\u0219ti\" \/>\n<meta property=\"article:publisher\" content=\"https:\/\/www.facebook.com\/buletin.de.buc\" \/>\n<meta property=\"article:published_time\" content=\"2025-02-22T07:53:42+00:00\" \/>\n<meta property=\"og:image\" content=\"https:\/\/buletin.de\/bucuresti\/wp-content\/uploads\/piedone-captura.jpg\" \/>\n\t<meta property=\"og:image:width\" content=\"2000\" \/>\n\t<meta property=\"og:image:height\" content=\"1093\" \/>\n\t<meta property=\"og:image:type\" content=\"image\/jpeg\" \/>\n<meta name=\"author\" content=\"C\u0103t\u0103lin Dosca\u0219\" \/>\n<meta name=\"twitter:card\" content=\"summary_large_image\" \/>\n<meta name=\"twitter:label1\" content=\"Written by\" \/>\n\t<meta name=\"twitter:data1\" content=\"C\u0103t\u0103lin Dosca\u0219\" \/>\n\t<meta name=\"twitter:label2\" content=\"Estimated reading time\" \/>\n\t<meta name=\"twitter:data2\" content=\"4 minutes\" \/>\n<script type=\"application\/ld+json\" class=\"yoast-schema-graph\">{\"@context\":\"https:\\\/\\\/schema.org\",\"@graph\":[{\"@type\":\"Article\",\"@id\":\"https:\\\/\\\/buletin.de\\\/bucuresti\\\/editorial-la-anpc-se-umbla-cu-barba-vopsita-descinde-piedone-in-piata-lui-nicky-scorpion\\\/#article\",\"isPartOf\":{\"@id\":\"https:\\\/\\\/buletin.de\\\/bucuresti\\\/editorial-la-anpc-se-umbla-cu-barba-vopsita-descinde-piedone-in-piata-lui-nicky-scorpion\\\/\"},\"author\":{\"name\":\"C\u0103t\u0103lin Dosca\u0219\",\"@id\":\"https:\\\/\\\/buletin.de\\\/bucuresti\\\/#\\\/schema\\\/person\\\/31117187ed4d0bdb0a4c7d6acc79d0f8\"},\"headline\":\"EDITORIAL | La ANPC se umbl\u0103 cu barba vopsit\u0103. Descinde Piedone \u00een pia\u021ba lui Nicky Scorpion?\",\"datePublished\":\"2025-02-22T07:53:42+00:00\",\"mainEntityOfPage\":{\"@id\":\"https:\\\/\\\/buletin.de\\\/bucuresti\\\/editorial-la-anpc-se-umbla-cu-barba-vopsita-descinde-piedone-in-piata-lui-nicky-scorpion\\\/\"},\"wordCount\":711,\"publisher\":{\"@id\":\"https:\\\/\\\/buletin.de\\\/bucuresti\\\/#organization\"},\"image\":{\"@id\":\"https:\\\/\\\/buletin.de\\\/bucuresti\\\/editorial-la-anpc-se-umbla-cu-barba-vopsita-descinde-piedone-in-piata-lui-nicky-scorpion\\\/#primaryimage\"},\"thumbnailUrl\":\"https:\\\/\\\/buletin.de\\\/bucuresti\\\/wp-content\\\/uploads\\\/piedone-captura.jpg\",\"keywords\":[\"anpc\",\"barba\",\"controale\",\"coruptie\",\"imagine\",\"nicky scoprpion\",\"piedone\"],\"articleSection\":[\"Articole\",\"Editorial\",\"Main\"],\"inLanguage\":\"en-GB\",\"copyrightYear\":\"2025\",\"copyrightHolder\":{\"@id\":\"https:\\\/\\\/buletin.de\\\/bucuresti\\\/#organization\"}},{\"@type\":\"WebPage\",\"@id\":\"https:\\\/\\\/buletin.de\\\/bucuresti\\\/editorial-la-anpc-se-umbla-cu-barba-vopsita-descinde-piedone-in-piata-lui-nicky-scorpion\\\/\",\"url\":\"https:\\\/\\\/buletin.de\\\/bucuresti\\\/editorial-la-anpc-se-umbla-cu-barba-vopsita-descinde-piedone-in-piata-lui-nicky-scorpion\\\/\",\"name\":\"EDITORIAL | La ANPC se umbl\u0103 cu barba vopsit\u0103. Descinde Piedone \u00een pia\u021ba lui Nicky Scorpion? - Buletin de Bucure\u0219ti\",\"isPartOf\":{\"@id\":\"https:\\\/\\\/buletin.de\\\/bucuresti\\\/#website\"},\"primaryImageOfPage\":{\"@id\":\"https:\\\/\\\/buletin.de\\\/bucuresti\\\/editorial-la-anpc-se-umbla-cu-barba-vopsita-descinde-piedone-in-piata-lui-nicky-scorpion\\\/#primaryimage\"},\"image\":{\"@id\":\"https:\\\/\\\/buletin.de\\\/bucuresti\\\/editorial-la-anpc-se-umbla-cu-barba-vopsita-descinde-piedone-in-piata-lui-nicky-scorpion\\\/#primaryimage\"},\"thumbnailUrl\":\"https:\\\/\\\/buletin.de\\\/bucuresti\\\/wp-content\\\/uploads\\\/piedone-captura.jpg\",\"datePublished\":\"2025-02-22T07:53:42+00:00\",\"description\":\"La ANPC se umbl\u0103 cu barba vopsit\u0103. Descinde Piedone \u00een pia\u021ba lui Nicky Scorpion? Despre protec\u021bia consumatorului \u0219i spectacol.\",\"breadcrumb\":{\"@id\":\"https:\\\/\\\/buletin.de\\\/bucuresti\\\/editorial-la-anpc-se-umbla-cu-barba-vopsita-descinde-piedone-in-piata-lui-nicky-scorpion\\\/#breadcrumb\"},\"inLanguage\":\"en-GB\",\"potentialAction\":[{\"@type\":\"ReadAction\",\"target\":[\"https:\\\/\\\/buletin.de\\\/bucuresti\\\/editorial-la-anpc-se-umbla-cu-barba-vopsita-descinde-piedone-in-piata-lui-nicky-scorpion\\\/\"]}]},{\"@type\":\"ImageObject\",\"inLanguage\":\"en-GB\",\"@id\":\"https:\\\/\\\/buletin.de\\\/bucuresti\\\/editorial-la-anpc-se-umbla-cu-barba-vopsita-descinde-piedone-in-piata-lui-nicky-scorpion\\\/#primaryimage\",\"url\":\"https:\\\/\\\/buletin.de\\\/bucuresti\\\/wp-content\\\/uploads\\\/piedone-captura.jpg\",\"contentUrl\":\"https:\\\/\\\/buletin.de\\\/bucuresti\\\/wp-content\\\/uploads\\\/piedone-captura.jpg\",\"width\":2000,\"height\":1093,\"caption\":\"La ANPC se umbl\u0103 cu barba vopsit\u0103. FOTO: FB\\\/Piedone\"},{\"@type\":\"BreadcrumbList\",\"@id\":\"https:\\\/\\\/buletin.de\\\/bucuresti\\\/editorial-la-anpc-se-umbla-cu-barba-vopsita-descinde-piedone-in-piata-lui-nicky-scorpion\\\/#breadcrumb\",\"itemListElement\":[{\"@type\":\"ListItem\",\"position\":1,\"name\":\"Acas\u0103\",\"item\":\"https:\\\/\\\/buletin.de\\\/bucuresti\\\/\"},{\"@type\":\"ListItem\",\"position\":2,\"name\":\"EDITORIAL | La ANPC se umbl\u0103 cu barba vopsit\u0103. Descinde Piedone \u00een pia\u021ba lui Nicky Scorpion?\"}]},{\"@type\":\"WebSite\",\"@id\":\"https:\\\/\\\/buletin.de\\\/bucuresti\\\/#website\",\"url\":\"https:\\\/\\\/buletin.de\\\/bucuresti\\\/\",\"name\":\"Buletin de Bucure\u0219ti\",\"description\":\"\u0218tiri \u0219i investiga\u021bii esen\u021biale din capital\u0103\",\"publisher\":{\"@id\":\"https:\\\/\\\/buletin.de\\\/bucuresti\\\/#organization\"},\"potentialAction\":[{\"@type\":\"SearchAction\",\"target\":{\"@type\":\"EntryPoint\",\"urlTemplate\":\"https:\\\/\\\/buletin.de\\\/bucuresti\\\/?s={search_term_string}\"},\"query-input\":{\"@type\":\"PropertyValueSpecification\",\"valueRequired\":true,\"valueName\":\"search_term_string\"}}],\"inLanguage\":\"en-GB\"},{\"@type\":\"Organization\",\"@id\":\"https:\\\/\\\/buletin.de\\\/bucuresti\\\/#organization\",\"name\":\"Buletin de Bucure\u0219ti\",\"url\":\"https:\\\/\\\/buletin.de\\\/bucuresti\\\/\",\"logo\":{\"@type\":\"ImageObject\",\"inLanguage\":\"en-GB\",\"@id\":\"https:\\\/\\\/buletin.de\\\/bucuresti\\\/#\\\/schema\\\/logo\\\/image\\\/\",\"url\":\"https:\\\/\\\/buletin.de\\\/bucuresti\\\/wp-content\\\/uploads\\\/logo-bdb-full-wide-vernil-transparent.png\",\"contentUrl\":\"https:\\\/\\\/buletin.de\\\/bucuresti\\\/wp-content\\\/uploads\\\/logo-bdb-full-wide-vernil-transparent.png\",\"width\":1782,\"height\":626,\"caption\":\"Buletin de Bucure\u0219ti\"},\"image\":{\"@id\":\"https:\\\/\\\/buletin.de\\\/bucuresti\\\/#\\\/schema\\\/logo\\\/image\\\/\"},\"sameAs\":[\"https:\\\/\\\/www.facebook.com\\\/buletin.de.buc\",\"https:\\\/\\\/www.instagram.com\\\/buletinde.bucuresti\\\/\"]},{\"@type\":\"Person\",\"@id\":\"https:\\\/\\\/buletin.de\\\/bucuresti\\\/#\\\/schema\\\/person\\\/31117187ed4d0bdb0a4c7d6acc79d0f8\",\"name\":\"C\u0103t\u0103lin Dosca\u0219\",\"image\":{\"@type\":\"ImageObject\",\"inLanguage\":\"en-GB\",\"@id\":\"https:\\\/\\\/buletin.de\\\/bucuresti\\\/wp-content\\\/uploads\\\/Catalin-Doscas-e1732731064764-96x96.jpga93e2943bb3b1c1f9ead823df6e6317a\",\"url\":\"https:\\\/\\\/buletin.de\\\/bucuresti\\\/wp-content\\\/uploads\\\/Catalin-Doscas-e1732731064764-96x96.jpg\",\"contentUrl\":\"https:\\\/\\\/buletin.de\\\/bucuresti\\\/wp-content\\\/uploads\\\/Catalin-Doscas-e1732731064764-96x96.jpg\",\"caption\":\"C\u0103t\u0103lin Dosca\u0219\"},\"description\":\"Reporter \u0219i redactor-\u0219ef Buletin de Bucure\u0219ti. Lucreaz\u0103 \u00een mass-media de la v\u00e2rsta de 15 ani, c\u00e2nd a publicat primele articole \u00een presa local\u0103 din Tecuci. \u00cen Bucure\u0219ti a lucrat \u00een redac\u021bii radio ca reporter, redactor \u0219i prezentator (StudentFM, Na\u021bionalFM, Radio Total, Smart FM), unde a acoperit domeniile politic, economic, social \u0219i externe. Ulterior, a fost editor-coordonator al postului Realitatea FM. Experien\u021ba \u00een jurnalismul online a dob\u00e2ndit-o la portalul B365.ro, unde a fost editor. \u00cen 2012 s-a angajat \u00een televiziune. La Realitatea TV a fost, pe r\u00e2nd, reporter la sec\u021bia Social, reporter special la emisiunea de reportaje \u0219i anchete \u201eReporterii Realit\u0103\u021bii\u201d, dar \u0219i editor al jurnalelor de \u0219tiri. Ulterior, a f\u0103cut parte din sec\u021bia de Investiga\u021bii de la Digi24 \u0219i a lucrat la campania \u201eRom\u00e2nia furat\u0103\u201d. A revenit \u00een presa scris\u0103 \u00een 2017, ca reporter special, \u00een cadrul unui proiect de repozi\u021bionare a tabloidului Libertatea \u00een cotidian generalist. Este jurnalist Buletin de Bucure\u0219ti din 2019.\",\"url\":\"https:\\\/\\\/buletin.de\\\/bucuresti\\\/author\\\/catalin\\\/\"}]}<\/script>\n<!-- \/ Yoast SEO Premium plugin. -->","yoast_head_json":{"title":"EDITORIAL | La ANPC se umbl\u0103 cu barba vopsit\u0103. Descinde Piedone \u00een pia\u021ba lui Nicky Scorpion? - Buletin de Bucure\u0219ti","description":"La ANPC se umbl\u0103 cu barba vopsit\u0103. Descinde Piedone \u00een pia\u021ba lui Nicky Scorpion? Despre protec\u021bia consumatorului \u0219i spectacol.","robots":{"index":"index","follow":"follow","max-snippet":"max-snippet:-1","max-image-preview":"max-image-preview:large","max-video-preview":"max-video-preview:-1"},"canonical":"https:\/\/buletin.de\/bucuresti\/editorial-la-anpc-se-umbla-cu-barba-vopsita-descinde-piedone-in-piata-lui-nicky-scorpion\/","og_locale":"en_GB","og_type":"article","og_title":"EDITORIAL | La ANPC se umbl\u0103 cu barba vopsit\u0103. Descinde Piedone \u00een pia\u021ba lui Nicky Scorpion?","og_description":"La ANPC se umbl\u0103 cu barba vopsit\u0103. Descinde Piedone \u00een pia\u021ba lui Nicky Scorpion? Despre protec\u021bia consumatorului \u0219i spectacol.","og_url":"https:\/\/buletin.de\/bucuresti\/editorial-la-anpc-se-umbla-cu-barba-vopsita-descinde-piedone-in-piata-lui-nicky-scorpion\/","og_site_name":"Buletin de Bucure\u0219ti","article_publisher":"https:\/\/www.facebook.com\/buletin.de.buc","article_published_time":"2025-02-22T07:53:42+00:00","og_image":[{"width":2000,"height":1093,"url":"https:\/\/buletin.de\/bucuresti\/wp-content\/uploads\/piedone-captura.jpg","type":"image\/jpeg"}],"author":"C\u0103t\u0103lin Dosca\u0219","twitter_card":"summary_large_image","twitter_misc":{"Written by":"C\u0103t\u0103lin Dosca\u0219","Estimated reading time":"4 minutes"},"schema":{"@context":"https:\/\/schema.org","@graph":[{"@type":"Article","@id":"https:\/\/buletin.de\/bucuresti\/editorial-la-anpc-se-umbla-cu-barba-vopsita-descinde-piedone-in-piata-lui-nicky-scorpion\/#article","isPartOf":{"@id":"https:\/\/buletin.de\/bucuresti\/editorial-la-anpc-se-umbla-cu-barba-vopsita-descinde-piedone-in-piata-lui-nicky-scorpion\/"},"author":{"name":"C\u0103t\u0103lin Dosca\u0219","@id":"https:\/\/buletin.de\/bucuresti\/#\/schema\/person\/31117187ed4d0bdb0a4c7d6acc79d0f8"},"headline":"EDITORIAL | La ANPC se umbl\u0103 cu barba vopsit\u0103. Descinde Piedone \u00een pia\u021ba lui Nicky Scorpion?","datePublished":"2025-02-22T07:53:42+00:00","mainEntityOfPage":{"@id":"https:\/\/buletin.de\/bucuresti\/editorial-la-anpc-se-umbla-cu-barba-vopsita-descinde-piedone-in-piata-lui-nicky-scorpion\/"},"wordCount":711,"publisher":{"@id":"https:\/\/buletin.de\/bucuresti\/#organization"},"image":{"@id":"https:\/\/buletin.de\/bucuresti\/editorial-la-anpc-se-umbla-cu-barba-vopsita-descinde-piedone-in-piata-lui-nicky-scorpion\/#primaryimage"},"thumbnailUrl":"https:\/\/buletin.de\/bucuresti\/wp-content\/uploads\/piedone-captura.jpg","keywords":["anpc","barba","controale","coruptie","imagine","nicky scoprpion","piedone"],"articleSection":["Articole","Editorial","Main"],"inLanguage":"en-GB","copyrightYear":"2025","copyrightHolder":{"@id":"https:\/\/buletin.de\/bucuresti\/#organization"}},{"@type":"WebPage","@id":"https:\/\/buletin.de\/bucuresti\/editorial-la-anpc-se-umbla-cu-barba-vopsita-descinde-piedone-in-piata-lui-nicky-scorpion\/","url":"https:\/\/buletin.de\/bucuresti\/editorial-la-anpc-se-umbla-cu-barba-vopsita-descinde-piedone-in-piata-lui-nicky-scorpion\/","name":"EDITORIAL | La ANPC se umbl\u0103 cu barba vopsit\u0103. Descinde Piedone \u00een pia\u021ba lui Nicky Scorpion? - Buletin de Bucure\u0219ti","isPartOf":{"@id":"https:\/\/buletin.de\/bucuresti\/#website"},"primaryImageOfPage":{"@id":"https:\/\/buletin.de\/bucuresti\/editorial-la-anpc-se-umbla-cu-barba-vopsita-descinde-piedone-in-piata-lui-nicky-scorpion\/#primaryimage"},"image":{"@id":"https:\/\/buletin.de\/bucuresti\/editorial-la-anpc-se-umbla-cu-barba-vopsita-descinde-piedone-in-piata-lui-nicky-scorpion\/#primaryimage"},"thumbnailUrl":"https:\/\/buletin.de\/bucuresti\/wp-content\/uploads\/piedone-captura.jpg","datePublished":"2025-02-22T07:53:42+00:00","description":"La ANPC se umbl\u0103 cu barba vopsit\u0103. Descinde Piedone \u00een pia\u021ba lui Nicky Scorpion? Despre protec\u021bia consumatorului \u0219i spectacol.","breadcrumb":{"@id":"https:\/\/buletin.de\/bucuresti\/editorial-la-anpc-se-umbla-cu-barba-vopsita-descinde-piedone-in-piata-lui-nicky-scorpion\/#breadcrumb"},"inLanguage":"en-GB","potentialAction":[{"@type":"ReadAction","target":["https:\/\/buletin.de\/bucuresti\/editorial-la-anpc-se-umbla-cu-barba-vopsita-descinde-piedone-in-piata-lui-nicky-scorpion\/"]}]},{"@type":"ImageObject","inLanguage":"en-GB","@id":"https:\/\/buletin.de\/bucuresti\/editorial-la-anpc-se-umbla-cu-barba-vopsita-descinde-piedone-in-piata-lui-nicky-scorpion\/#primaryimage","url":"https:\/\/buletin.de\/bucuresti\/wp-content\/uploads\/piedone-captura.jpg","contentUrl":"https:\/\/buletin.de\/bucuresti\/wp-content\/uploads\/piedone-captura.jpg","width":2000,"height":1093,"caption":"La ANPC se umbl\u0103 cu barba vopsit\u0103. FOTO: FB\/Piedone"},{"@type":"BreadcrumbList","@id":"https:\/\/buletin.de\/bucuresti\/editorial-la-anpc-se-umbla-cu-barba-vopsita-descinde-piedone-in-piata-lui-nicky-scorpion\/#breadcrumb","itemListElement":[{"@type":"ListItem","position":1,"name":"Acas\u0103","item":"https:\/\/buletin.de\/bucuresti\/"},{"@type":"ListItem","position":2,"name":"EDITORIAL | La ANPC se umbl\u0103 cu barba vopsit\u0103. Descinde Piedone \u00een pia\u021ba lui Nicky Scorpion?"}]},{"@type":"WebSite","@id":"https:\/\/buletin.de\/bucuresti\/#website","url":"https:\/\/buletin.de\/bucuresti\/","name":"Buletin de Bucure\u0219ti","description":"\u0218tiri \u0219i investiga\u021bii esen\u021biale din capital\u0103","publisher":{"@id":"https:\/\/buletin.de\/bucuresti\/#organization"},"potentialAction":[{"@type":"SearchAction","target":{"@type":"EntryPoint","urlTemplate":"https:\/\/buletin.de\/bucuresti\/?s={search_term_string}"},"query-input":{"@type":"PropertyValueSpecification","valueRequired":true,"valueName":"search_term_string"}}],"inLanguage":"en-GB"},{"@type":"Organization","@id":"https:\/\/buletin.de\/bucuresti\/#organization","name":"Buletin de Bucure\u0219ti","url":"https:\/\/buletin.de\/bucuresti\/","logo":{"@type":"ImageObject","inLanguage":"en-GB","@id":"https:\/\/buletin.de\/bucuresti\/#\/schema\/logo\/image\/","url":"https:\/\/buletin.de\/bucuresti\/wp-content\/uploads\/logo-bdb-full-wide-vernil-transparent.png","contentUrl":"https:\/\/buletin.de\/bucuresti\/wp-content\/uploads\/logo-bdb-full-wide-vernil-transparent.png","width":1782,"height":626,"caption":"Buletin de Bucure\u0219ti"},"image":{"@id":"https:\/\/buletin.de\/bucuresti\/#\/schema\/logo\/image\/"},"sameAs":["https:\/\/www.facebook.com\/buletin.de.buc","https:\/\/www.instagram.com\/buletinde.bucuresti\/"]},{"@type":"Person","@id":"https:\/\/buletin.de\/bucuresti\/#\/schema\/person\/31117187ed4d0bdb0a4c7d6acc79d0f8","name":"C\u0103t\u0103lin Dosca\u0219","image":{"@type":"ImageObject","inLanguage":"en-GB","@id":"https:\/\/buletin.de\/bucuresti\/wp-content\/uploads\/Catalin-Doscas-e1732731064764-96x96.jpga93e2943bb3b1c1f9ead823df6e6317a","url":"https:\/\/buletin.de\/bucuresti\/wp-content\/uploads\/Catalin-Doscas-e1732731064764-96x96.jpg","contentUrl":"https:\/\/buletin.de\/bucuresti\/wp-content\/uploads\/Catalin-Doscas-e1732731064764-96x96.jpg","caption":"C\u0103t\u0103lin Dosca\u0219"},"description":"Reporter \u0219i redactor-\u0219ef Buletin de Bucure\u0219ti. Lucreaz\u0103 \u00een mass-media de la v\u00e2rsta de 15 ani, c\u00e2nd a publicat primele articole \u00een presa local\u0103 din Tecuci. \u00cen Bucure\u0219ti a lucrat \u00een redac\u021bii radio ca reporter, redactor \u0219i prezentator (StudentFM, Na\u021bionalFM, Radio Total, Smart FM), unde a acoperit domeniile politic, economic, social \u0219i externe. Ulterior, a fost editor-coordonator al postului Realitatea FM. Experien\u021ba \u00een jurnalismul online a dob\u00e2ndit-o la portalul B365.ro, unde a fost editor. \u00cen 2012 s-a angajat \u00een televiziune. La Realitatea TV a fost, pe r\u00e2nd, reporter la sec\u021bia Social, reporter special la emisiunea de reportaje \u0219i anchete \u201eReporterii Realit\u0103\u021bii\u201d, dar \u0219i editor al jurnalelor de \u0219tiri. Ulterior, a f\u0103cut parte din sec\u021bia de Investiga\u021bii de la Digi24 \u0219i a lucrat la campania \u201eRom\u00e2nia furat\u0103\u201d. A revenit \u00een presa scris\u0103 \u00een 2017, ca reporter special, \u00een cadrul unui proiect de repozi\u021bionare a tabloidului Libertatea \u00een cotidian generalist. Este jurnalist Buletin de Bucure\u0219ti din 2019.","url":"https:\/\/buletin.de\/bucuresti\/author\/catalin\/"}]}},"authors":[{"term_id":22575,"user_id":10,"is_guest":0,"slug":"catalin","display_name":"C\u0103t\u0103lin Dosca\u0219","avatar_url":"https:\/\/buletin.de\/bucuresti\/wp-content\/uploads\/Catalin-Doscas-e1732731064764-96x96.jpg","0":null,"1":"","2":"","3":"","4":"","5":"","6":"","7":"","8":""}],"_links":{"self":[{"href":"https:\/\/buletin.de\/bucuresti\/wp-json\/wp\/v2\/posts\/119685","targetHints":{"allow":["GET"]}}],"collection":[{"href":"https:\/\/buletin.de\/bucuresti\/wp-json\/wp\/v2\/posts"}],"about":[{"href":"https:\/\/buletin.de\/bucuresti\/wp-json\/wp\/v2\/types\/post"}],"author":[{"embeddable":true,"href":"https:\/\/buletin.de\/bucuresti\/wp-json\/wp\/v2\/users\/10"}],"replies":[{"embeddable":true,"href":"https:\/\/buletin.de\/bucuresti\/wp-json\/wp\/v2\/comments?post=119685"}],"version-history":[{"count":2,"href":"https:\/\/buletin.de\/bucuresti\/wp-json\/wp\/v2\/posts\/119685\/revisions"}],"predecessor-version":[{"id":119693,"href":"https:\/\/buletin.de\/bucuresti\/wp-json\/wp\/v2\/posts\/119685\/revisions\/119693"}],"wp:featuredmedia":[{"embeddable":true,"href":"https:\/\/buletin.de\/bucuresti\/wp-json\/wp\/v2\/media\/119689"}],"wp:attachment":[{"href":"https:\/\/buletin.de\/bucuresti\/wp-json\/wp\/v2\/media?parent=119685"}],"wp:term":[{"taxonomy":"category","embeddable":true,"href":"https:\/\/buletin.de\/bucuresti\/wp-json\/wp\/v2\/categories?post=119685"},{"taxonomy":"post_tag","embeddable":true,"href":"https:\/\/buletin.de\/bucuresti\/wp-json\/wp\/v2\/tags?post=119685"},{"taxonomy":"author","embeddable":true,"href":"https:\/\/buletin.de\/bucuresti\/wp-json\/wp\/v2\/ppma_author?post=119685"}],"curies":[{"name":"wp","href":"https:\/\/api.w.org\/{rel}","templated":true}]}}