{"id":11964,"date":"2020-09-15T10:09:28","date_gmt":"2020-09-15T07:09:28","guid":{"rendered":"https:\/\/buletin.de\/bucuresti\/?p=11964"},"modified":"2020-09-15T10:09:29","modified_gmt":"2020-09-15T07:09:29","slug":"in-plina-campanie-electorala-florentin-pandele-se-filmeaza-in-scoli-impartind-tablete-elevilor-sacosele-si-cutiile-dispozitivelor-poarta-numele-edilului-aflat-in-functie-de-20-de-ani","status":"publish","type":"post","link":"https:\/\/buletin.de\/bucuresti\/in-plina-campanie-electorala-florentin-pandele-se-filmeaza-in-scoli-impartind-tablete-elevilor-sacosele-si-cutiile-dispozitivelor-poarta-numele-edilului-aflat-in-functie-de-20-de-ani\/","title":{"rendered":"\u00cen plin\u0103 campanie electoral\u0103, Florentin Pandele se filmeaz\u0103 \u00een \u0219coli \u00eemp\u0103r\u021bind tablete elevilor. Saco\u0219ele \u0219i cutiile dispozitivelor poart\u0103 numele edilului aflat \u00een func\u021bie de 20 de ani"},"content":{"rendered":"\n<p><strong>Un spot publicat pe pagina de facebook a prim\u0103riei \u00eel arat\u0103 pe primarul Florentin Pandele \u00eemp\u0103r\u021bind tablete mai multor elevi \u00eentr-o \u0219coal\u0103 din Voluntari.<\/strong><\/p>\n\n\n\n<p>Echipat cu lavalier\u0103 \u0219i \u00eenso\u021bit de o echipa a televiziunii Metropola TV, controlat\u0103 de Consiliul Local Voluntari, primarul Florentin Pandele este surpins \u00eemp\u0103r\u021bind mai multe saco\u0219e, inscrip\u021bionate cu numele s\u0103u, \u00eentr-o sal\u0103 de clas\u0103.<\/p>\n\n\n\n<iframe src=\"https:\/\/www.facebook.com\/plugins\/video.php?href=https%3A%2F%2Fwww.facebook.com%2FPrimaria.orasului.Voluntari%2Fvideos%2F350030813069723%2F&amp;show_text=1&amp;width=560\" width=\"560\" height=\"469\" style=\"border:none;overflow:hidden\" scrolling=\"no\" frameborder=\"0\" allowtransparency=\"true\" allow=\"encrypted-media\" allowfullscreen=\"true\"><\/iframe>\n\n\n\n<p>Pe l\u00e2ng\u0103 faptul c\u0103 este filmat din mai multe unghiuri f\u0103c\u00e2nd acest gest, camera surprinde capacul unei cutii de tablet\u0103 pe care a fost aplicat un ab\u021bibild de pe care se poate distinge cu u\u0219urin\u021b\u0103 \u201cInstitu\u021bia Primarului din Voluntari\u201d \u0219i \u201cFlorentin Costel Pandele\u201d.<\/p>\n\n\n\n<figure class=\"wp-block-image size-large\"><img fetchpriority=\"high\" decoding=\"async\" width=\"900\" height=\"459\" src=\"data:image\/gif;base64,R0lGODlhAQABAAAAACH5BAEKAAEALAAAAAABAAEAAAICTAEAOw==\" data-src=\"https:\/\/buletin.de\/bucuresti\/wp-content\/uploads\/2-3-900x459.jpg\" alt=\"\" class=\"wp-image-11965 lazyload\" data-sizes=\"auto\" data-srcset=\"https:\/\/buletin.de\/bucuresti\/wp-content\/uploads\/2-3-900x459.jpg 900w, https:\/\/buletin.de\/bucuresti\/wp-content\/uploads\/2-3-300x153.jpg 300w, https:\/\/buletin.de\/bucuresti\/wp-content\/uploads\/2-3-768x391.jpg 768w, https:\/\/buletin.de\/bucuresti\/wp-content\/uploads\/2-3-1536x783.jpg 1536w, https:\/\/buletin.de\/bucuresti\/wp-content\/uploads\/2-3-2048x1044.jpg 2048w, https:\/\/buletin.de\/bucuresti\/wp-content\/uploads\/2-3-1060x540.jpg 1060w, https:\/\/buletin.de\/bucuresti\/wp-content\/uploads\/2-3-550x280.jpg 550w, https:\/\/buletin.de\/bucuresti\/wp-content\/uploads\/2-3-981x500.jpg 981w, https:\/\/buletin.de\/bucuresti\/wp-content\/uploads\/2-3-1920x979.jpg 1920w, https:\/\/buletin.de\/bucuresti\/wp-content\/uploads\/2-3-600x306.jpg 600w\" sizes=\"(max-width: 900px) 100vw, 900px\" \/><figcaption>Capacul de carton al cutiei care con\u021bine tabletele oferite de Florentin Pandele are aplicat un autocolant care con\u021bine numele s\u0103u. (Sursa: https:\/\/www.facebook.com\/Primaria.orasului.Voluntari)<\/figcaption><\/figure>\n\n\n\n<p>Clipul a fost postat pe pagina institu\u021biei s\u00e2mb\u0103t\u0103 diminea\u021b\u0103 la ora 10:04, ceea ce ar putea \u00eensemna c\u0103 ac\u021biunea a fost filmat\u0103 vineri, cu trei zile de \u00eenceputul oficial al anului \u0219coalar.<\/p>\n\n\n\n<p>Dincolo de imaginile video, postarea care a fost distribuit\u0103 aproape 600 de ori, inclusiv de paginile oficiale ale companiilor din subordinea Consiliului Local, con\u021bine sintagme precum \u201c\u00cen ora\u0219ul Voluntari, la ini\u021biativa domnului primar Florentin Costel Pandele, autorit\u0103\u021bile locale au decis demararea achizi\u021biei de tablete\u201d \u0219i hastag-ul #acelasiOm.<\/p>\n","protected":false},"excerpt":{"rendered":"<p>Un spot publicat pe pagina de facebook a prim\u0103riei \u00eel arat\u0103 pe primarul Florentin Pandele \u00eemp\u0103r\u021bind tablete mai multor elevi \u00eentr-o \u0219coal\u0103 din Voluntari. Echipat cu lavalier\u0103 \u0219i \u00eenso\u021bit de o echipa a televiziunii Metropola TV, controlat\u0103 de Consiliul Local Voluntari, primarul Florentin Pandele este surpins \u00eemp\u0103r\u021bind mai multe saco\u0219e, inscrip\u021bionate cu numele s\u0103u, \u00eentr-o [&hellip;]<\/p>\n","protected":false},"author":10,"featured_media":11968,"comment_status":"closed","ping_status":"open","sticky":false,"template":"","format":"standard","meta":{"_acf_changed":false,"inline_featured_image":false,"ngg_post_thumbnail":0,"footnotes":""},"categories":[1432],"tags":[],"ppma_author":[22575],"class_list":["post-11964","post","type-post","status-publish","format-standard","has-post-thumbnail","hentry","category-buletin-de-ilfov"],"acf":[],"yoast_head":"<!-- This site is optimized with the Yoast SEO Premium plugin v25.3 (Yoast SEO v27.4) - https:\/\/yoast.com\/product\/yoast-seo-premium-wordpress\/ -->\n<title>\u00cen plin\u0103 campanie electoral\u0103, Florentin Pandele se filmeaz\u0103 \u00een \u0219coli \u00eemp\u0103r\u021bind tablete elevilor. Saco\u0219ele \u0219i cutiile dispozitivelor poart\u0103 numele edilului aflat \u00een func\u021bie de 20 de ani - Buletin de Bucure\u0219ti<\/title>\n<meta name=\"robots\" content=\"index, follow, max-snippet:-1, max-image-preview:large, max-video-preview:-1\" \/>\n<link rel=\"canonical\" href=\"https:\/\/buletin.de\/bucuresti\/in-plina-campanie-electorala-florentin-pandele-se-filmeaza-in-scoli-impartind-tablete-elevilor-sacosele-si-cutiile-dispozitivelor-poarta-numele-edilului-aflat-in-functie-de-20-de-ani\/\" \/>\n<meta property=\"og:locale\" content=\"en_GB\" \/>\n<meta property=\"og:type\" content=\"article\" \/>\n<meta property=\"og:title\" content=\"\u00cen plin\u0103 campanie electoral\u0103, Florentin Pandele se filmeaz\u0103 \u00een \u0219coli \u00eemp\u0103r\u021bind tablete elevilor. Saco\u0219ele \u0219i cutiile dispozitivelor poart\u0103 numele edilului aflat \u00een func\u021bie de 20 de ani\" \/>\n<meta property=\"og:description\" content=\"Un spot publicat pe pagina de facebook a prim\u0103riei \u00eel arat\u0103 pe primarul Florentin Pandele \u00eemp\u0103r\u021bind tablete mai multor elevi \u00eentr-o \u0219coal\u0103 din Voluntari. Echipat cu lavalier\u0103 \u0219i \u00eenso\u021bit de o echipa a televiziunii Metropola TV, controlat\u0103 de Consiliul Local Voluntari, primarul Florentin Pandele este surpins \u00eemp\u0103r\u021bind mai multe saco\u0219e, inscrip\u021bionate cu numele s\u0103u, \u00eentr-o [&hellip;]\" \/>\n<meta property=\"og:url\" content=\"https:\/\/buletin.de\/bucuresti\/in-plina-campanie-electorala-florentin-pandele-se-filmeaza-in-scoli-impartind-tablete-elevilor-sacosele-si-cutiile-dispozitivelor-poarta-numele-edilului-aflat-in-functie-de-20-de-ani\/\" \/>\n<meta property=\"og:site_name\" content=\"Buletin de Bucure\u0219ti\" \/>\n<meta property=\"article:publisher\" content=\"https:\/\/www.facebook.com\/buletin.de.buc\" \/>\n<meta property=\"article:published_time\" content=\"2020-09-15T07:09:28+00:00\" \/>\n<meta property=\"article:modified_time\" content=\"2020-09-15T07:09:29+00:00\" \/>\n<meta property=\"og:image\" content=\"https:\/\/buletin.de\/bucuresti\/wp-content\/uploads\/1-5.jpg\" \/>\n\t<meta property=\"og:image:width\" content=\"2499\" \/>\n\t<meta property=\"og:image:height\" content=\"1342\" \/>\n\t<meta property=\"og:image:type\" content=\"image\/jpeg\" \/>\n<meta name=\"author\" content=\"C\u0103t\u0103lin Dosca\u0219\" \/>\n<meta name=\"twitter:card\" content=\"summary_large_image\" \/>\n<meta name=\"twitter:label1\" content=\"Written by\" \/>\n\t<meta name=\"twitter:data1\" content=\"C\u0103t\u0103lin Dosca\u0219\" \/>\n\t<meta name=\"twitter:label2\" content=\"Estimated reading time\" \/>\n\t<meta name=\"twitter:data2\" content=\"1 minute\" \/>\n<script type=\"application\/ld+json\" class=\"yoast-schema-graph\">{\"@context\":\"https:\\\/\\\/schema.org\",\"@graph\":[{\"@type\":\"Article\",\"@id\":\"https:\\\/\\\/buletin.de\\\/bucuresti\\\/in-plina-campanie-electorala-florentin-pandele-se-filmeaza-in-scoli-impartind-tablete-elevilor-sacosele-si-cutiile-dispozitivelor-poarta-numele-edilului-aflat-in-functie-de-20-de-ani\\\/#article\",\"isPartOf\":{\"@id\":\"https:\\\/\\\/buletin.de\\\/bucuresti\\\/in-plina-campanie-electorala-florentin-pandele-se-filmeaza-in-scoli-impartind-tablete-elevilor-sacosele-si-cutiile-dispozitivelor-poarta-numele-edilului-aflat-in-functie-de-20-de-ani\\\/\"},\"author\":{\"name\":\"C\u0103t\u0103lin Dosca\u0219\",\"@id\":\"https:\\\/\\\/buletin.de\\\/bucuresti\\\/#\\\/schema\\\/person\\\/31117187ed4d0bdb0a4c7d6acc79d0f8\"},\"headline\":\"\u00cen plin\u0103 campanie electoral\u0103, Florentin Pandele se filmeaz\u0103 \u00een \u0219coli \u00eemp\u0103r\u021bind tablete elevilor. Saco\u0219ele \u0219i cutiile dispozitivelor poart\u0103 numele edilului aflat \u00een func\u021bie de 20 de ani\",\"datePublished\":\"2020-09-15T07:09:28+00:00\",\"dateModified\":\"2020-09-15T07:09:29+00:00\",\"mainEntityOfPage\":{\"@id\":\"https:\\\/\\\/buletin.de\\\/bucuresti\\\/in-plina-campanie-electorala-florentin-pandele-se-filmeaza-in-scoli-impartind-tablete-elevilor-sacosele-si-cutiile-dispozitivelor-poarta-numele-edilului-aflat-in-functie-de-20-de-ani\\\/\"},\"wordCount\":263,\"publisher\":{\"@id\":\"https:\\\/\\\/buletin.de\\\/bucuresti\\\/#organization\"},\"image\":{\"@id\":\"https:\\\/\\\/buletin.de\\\/bucuresti\\\/in-plina-campanie-electorala-florentin-pandele-se-filmeaza-in-scoli-impartind-tablete-elevilor-sacosele-si-cutiile-dispozitivelor-poarta-numele-edilului-aflat-in-functie-de-20-de-ani\\\/#primaryimage\"},\"thumbnailUrl\":\"https:\\\/\\\/buletin.de\\\/bucuresti\\\/wp-content\\\/uploads\\\/1-5.jpg\",\"articleSection\":[\"Buletin de Ilfov\"],\"inLanguage\":\"en-GB\",\"copyrightYear\":\"2020\",\"copyrightHolder\":{\"@id\":\"https:\\\/\\\/buletin.de\\\/bucuresti\\\/#organization\"}},{\"@type\":\"WebPage\",\"@id\":\"https:\\\/\\\/buletin.de\\\/bucuresti\\\/in-plina-campanie-electorala-florentin-pandele-se-filmeaza-in-scoli-impartind-tablete-elevilor-sacosele-si-cutiile-dispozitivelor-poarta-numele-edilului-aflat-in-functie-de-20-de-ani\\\/\",\"url\":\"https:\\\/\\\/buletin.de\\\/bucuresti\\\/in-plina-campanie-electorala-florentin-pandele-se-filmeaza-in-scoli-impartind-tablete-elevilor-sacosele-si-cutiile-dispozitivelor-poarta-numele-edilului-aflat-in-functie-de-20-de-ani\\\/\",\"name\":\"\u00cen plin\u0103 campanie electoral\u0103, Florentin Pandele se filmeaz\u0103 \u00een \u0219coli \u00eemp\u0103r\u021bind tablete elevilor. Saco\u0219ele \u0219i cutiile dispozitivelor poart\u0103 numele edilului aflat \u00een func\u021bie de 20 de ani - Buletin de Bucure\u0219ti\",\"isPartOf\":{\"@id\":\"https:\\\/\\\/buletin.de\\\/bucuresti\\\/#website\"},\"primaryImageOfPage\":{\"@id\":\"https:\\\/\\\/buletin.de\\\/bucuresti\\\/in-plina-campanie-electorala-florentin-pandele-se-filmeaza-in-scoli-impartind-tablete-elevilor-sacosele-si-cutiile-dispozitivelor-poarta-numele-edilului-aflat-in-functie-de-20-de-ani\\\/#primaryimage\"},\"image\":{\"@id\":\"https:\\\/\\\/buletin.de\\\/bucuresti\\\/in-plina-campanie-electorala-florentin-pandele-se-filmeaza-in-scoli-impartind-tablete-elevilor-sacosele-si-cutiile-dispozitivelor-poarta-numele-edilului-aflat-in-functie-de-20-de-ani\\\/#primaryimage\"},\"thumbnailUrl\":\"https:\\\/\\\/buletin.de\\\/bucuresti\\\/wp-content\\\/uploads\\\/1-5.jpg\",\"datePublished\":\"2020-09-15T07:09:28+00:00\",\"dateModified\":\"2020-09-15T07:09:29+00:00\",\"breadcrumb\":{\"@id\":\"https:\\\/\\\/buletin.de\\\/bucuresti\\\/in-plina-campanie-electorala-florentin-pandele-se-filmeaza-in-scoli-impartind-tablete-elevilor-sacosele-si-cutiile-dispozitivelor-poarta-numele-edilului-aflat-in-functie-de-20-de-ani\\\/#breadcrumb\"},\"inLanguage\":\"en-GB\",\"potentialAction\":[{\"@type\":\"ReadAction\",\"target\":[\"https:\\\/\\\/buletin.de\\\/bucuresti\\\/in-plina-campanie-electorala-florentin-pandele-se-filmeaza-in-scoli-impartind-tablete-elevilor-sacosele-si-cutiile-dispozitivelor-poarta-numele-edilului-aflat-in-functie-de-20-de-ani\\\/\"]}]},{\"@type\":\"ImageObject\",\"inLanguage\":\"en-GB\",\"@id\":\"https:\\\/\\\/buletin.de\\\/bucuresti\\\/in-plina-campanie-electorala-florentin-pandele-se-filmeaza-in-scoli-impartind-tablete-elevilor-sacosele-si-cutiile-dispozitivelor-poarta-numele-edilului-aflat-in-functie-de-20-de-ani\\\/#primaryimage\",\"url\":\"https:\\\/\\\/buletin.de\\\/bucuresti\\\/wp-content\\\/uploads\\\/1-5.jpg\",\"contentUrl\":\"https:\\\/\\\/buletin.de\\\/bucuresti\\\/wp-content\\\/uploads\\\/1-5.jpg\",\"width\":2499,\"height\":1342},{\"@type\":\"BreadcrumbList\",\"@id\":\"https:\\\/\\\/buletin.de\\\/bucuresti\\\/in-plina-campanie-electorala-florentin-pandele-se-filmeaza-in-scoli-impartind-tablete-elevilor-sacosele-si-cutiile-dispozitivelor-poarta-numele-edilului-aflat-in-functie-de-20-de-ani\\\/#breadcrumb\",\"itemListElement\":[{\"@type\":\"ListItem\",\"position\":1,\"name\":\"Acas\u0103\",\"item\":\"https:\\\/\\\/buletin.de\\\/bucuresti\\\/\"},{\"@type\":\"ListItem\",\"position\":2,\"name\":\"\u00cen plin\u0103 campanie electoral\u0103, Florentin Pandele se filmeaz\u0103 \u00een \u0219coli \u00eemp\u0103r\u021bind tablete elevilor. Saco\u0219ele \u0219i cutiile dispozitivelor poart\u0103 numele edilului aflat \u00een func\u021bie de 20 de ani\"}]},{\"@type\":\"WebSite\",\"@id\":\"https:\\\/\\\/buletin.de\\\/bucuresti\\\/#website\",\"url\":\"https:\\\/\\\/buletin.de\\\/bucuresti\\\/\",\"name\":\"Buletin de Bucure\u0219ti\",\"description\":\"\u0218tiri \u0219i investiga\u021bii esen\u021biale din capital\u0103\",\"publisher\":{\"@id\":\"https:\\\/\\\/buletin.de\\\/bucuresti\\\/#organization\"},\"potentialAction\":[{\"@type\":\"SearchAction\",\"target\":{\"@type\":\"EntryPoint\",\"urlTemplate\":\"https:\\\/\\\/buletin.de\\\/bucuresti\\\/?s={search_term_string}\"},\"query-input\":{\"@type\":\"PropertyValueSpecification\",\"valueRequired\":true,\"valueName\":\"search_term_string\"}}],\"inLanguage\":\"en-GB\"},{\"@type\":\"Organization\",\"@id\":\"https:\\\/\\\/buletin.de\\\/bucuresti\\\/#organization\",\"name\":\"Buletin de Bucure\u0219ti\",\"url\":\"https:\\\/\\\/buletin.de\\\/bucuresti\\\/\",\"logo\":{\"@type\":\"ImageObject\",\"inLanguage\":\"en-GB\",\"@id\":\"https:\\\/\\\/buletin.de\\\/bucuresti\\\/#\\\/schema\\\/logo\\\/image\\\/\",\"url\":\"https:\\\/\\\/buletin.de\\\/bucuresti\\\/wp-content\\\/uploads\\\/logo-bdb-full-wide-vernil-transparent.png\",\"contentUrl\":\"https:\\\/\\\/buletin.de\\\/bucuresti\\\/wp-content\\\/uploads\\\/logo-bdb-full-wide-vernil-transparent.png\",\"width\":1782,\"height\":626,\"caption\":\"Buletin de Bucure\u0219ti\"},\"image\":{\"@id\":\"https:\\\/\\\/buletin.de\\\/bucuresti\\\/#\\\/schema\\\/logo\\\/image\\\/\"},\"sameAs\":[\"https:\\\/\\\/www.facebook.com\\\/buletin.de.buc\",\"https:\\\/\\\/www.instagram.com\\\/buletinde.bucuresti\\\/\"]},{\"@type\":\"Person\",\"@id\":\"https:\\\/\\\/buletin.de\\\/bucuresti\\\/#\\\/schema\\\/person\\\/31117187ed4d0bdb0a4c7d6acc79d0f8\",\"name\":\"C\u0103t\u0103lin Dosca\u0219\",\"image\":{\"@type\":\"ImageObject\",\"inLanguage\":\"en-GB\",\"@id\":\"https:\\\/\\\/buletin.de\\\/bucuresti\\\/wp-content\\\/uploads\\\/Catalin-Doscas-e1732731064764-96x96.jpga93e2943bb3b1c1f9ead823df6e6317a\",\"url\":\"https:\\\/\\\/buletin.de\\\/bucuresti\\\/wp-content\\\/uploads\\\/Catalin-Doscas-e1732731064764-96x96.jpg\",\"contentUrl\":\"https:\\\/\\\/buletin.de\\\/bucuresti\\\/wp-content\\\/uploads\\\/Catalin-Doscas-e1732731064764-96x96.jpg\",\"caption\":\"C\u0103t\u0103lin Dosca\u0219\"},\"description\":\"Reporter \u0219i redactor-\u0219ef Buletin de Bucure\u0219ti. Lucreaz\u0103 \u00een mass-media de la v\u00e2rsta de 15 ani, c\u00e2nd a publicat primele articole \u00een presa local\u0103 din Tecuci. \u00cen Bucure\u0219ti a lucrat \u00een redac\u021bii radio ca reporter, redactor \u0219i prezentator (StudentFM, Na\u021bionalFM, Radio Total, Smart FM), unde a acoperit domeniile politic, economic, social \u0219i externe. Ulterior, a fost editor-coordonator al postului Realitatea FM. Experien\u021ba \u00een jurnalismul online a dob\u00e2ndit-o la portalul B365.ro, unde a fost editor. \u00cen 2012 s-a angajat \u00een televiziune. La Realitatea TV a fost, pe r\u00e2nd, reporter la sec\u021bia Social, reporter special la emisiunea de reportaje \u0219i anchete \u201eReporterii Realit\u0103\u021bii\u201d, dar \u0219i editor al jurnalelor de \u0219tiri. Ulterior, a f\u0103cut parte din sec\u021bia de Investiga\u021bii de la Digi24 \u0219i a lucrat la campania \u201eRom\u00e2nia furat\u0103\u201d. A revenit \u00een presa scris\u0103 \u00een 2017, ca reporter special, \u00een cadrul unui proiect de repozi\u021bionare a tabloidului Libertatea \u00een cotidian generalist. Este jurnalist Buletin de Bucure\u0219ti din 2019.\",\"url\":\"https:\\\/\\\/buletin.de\\\/bucuresti\\\/author\\\/catalin\\\/\"}]}<\/script>\n<!-- \/ Yoast SEO Premium plugin. -->","yoast_head_json":{"title":"\u00cen plin\u0103 campanie electoral\u0103, Florentin Pandele se filmeaz\u0103 \u00een \u0219coli \u00eemp\u0103r\u021bind tablete elevilor. Saco\u0219ele \u0219i cutiile dispozitivelor poart\u0103 numele edilului aflat \u00een func\u021bie de 20 de ani - Buletin de Bucure\u0219ti","robots":{"index":"index","follow":"follow","max-snippet":"max-snippet:-1","max-image-preview":"max-image-preview:large","max-video-preview":"max-video-preview:-1"},"canonical":"https:\/\/buletin.de\/bucuresti\/in-plina-campanie-electorala-florentin-pandele-se-filmeaza-in-scoli-impartind-tablete-elevilor-sacosele-si-cutiile-dispozitivelor-poarta-numele-edilului-aflat-in-functie-de-20-de-ani\/","og_locale":"en_GB","og_type":"article","og_title":"\u00cen plin\u0103 campanie electoral\u0103, Florentin Pandele se filmeaz\u0103 \u00een \u0219coli \u00eemp\u0103r\u021bind tablete elevilor. Saco\u0219ele \u0219i cutiile dispozitivelor poart\u0103 numele edilului aflat \u00een func\u021bie de 20 de ani","og_description":"Un spot publicat pe pagina de facebook a prim\u0103riei \u00eel arat\u0103 pe primarul Florentin Pandele \u00eemp\u0103r\u021bind tablete mai multor elevi \u00eentr-o \u0219coal\u0103 din Voluntari. Echipat cu lavalier\u0103 \u0219i \u00eenso\u021bit de o echipa a televiziunii Metropola TV, controlat\u0103 de Consiliul Local Voluntari, primarul Florentin Pandele este surpins \u00eemp\u0103r\u021bind mai multe saco\u0219e, inscrip\u021bionate cu numele s\u0103u, \u00eentr-o [&hellip;]","og_url":"https:\/\/buletin.de\/bucuresti\/in-plina-campanie-electorala-florentin-pandele-se-filmeaza-in-scoli-impartind-tablete-elevilor-sacosele-si-cutiile-dispozitivelor-poarta-numele-edilului-aflat-in-functie-de-20-de-ani\/","og_site_name":"Buletin de Bucure\u0219ti","article_publisher":"https:\/\/www.facebook.com\/buletin.de.buc","article_published_time":"2020-09-15T07:09:28+00:00","article_modified_time":"2020-09-15T07:09:29+00:00","og_image":[{"width":2499,"height":1342,"url":"https:\/\/buletin.de\/bucuresti\/wp-content\/uploads\/1-5.jpg","type":"image\/jpeg"}],"author":"C\u0103t\u0103lin Dosca\u0219","twitter_card":"summary_large_image","twitter_misc":{"Written by":"C\u0103t\u0103lin Dosca\u0219","Estimated reading time":"1 minute"},"schema":{"@context":"https:\/\/schema.org","@graph":[{"@type":"Article","@id":"https:\/\/buletin.de\/bucuresti\/in-plina-campanie-electorala-florentin-pandele-se-filmeaza-in-scoli-impartind-tablete-elevilor-sacosele-si-cutiile-dispozitivelor-poarta-numele-edilului-aflat-in-functie-de-20-de-ani\/#article","isPartOf":{"@id":"https:\/\/buletin.de\/bucuresti\/in-plina-campanie-electorala-florentin-pandele-se-filmeaza-in-scoli-impartind-tablete-elevilor-sacosele-si-cutiile-dispozitivelor-poarta-numele-edilului-aflat-in-functie-de-20-de-ani\/"},"author":{"name":"C\u0103t\u0103lin Dosca\u0219","@id":"https:\/\/buletin.de\/bucuresti\/#\/schema\/person\/31117187ed4d0bdb0a4c7d6acc79d0f8"},"headline":"\u00cen plin\u0103 campanie electoral\u0103, Florentin Pandele se filmeaz\u0103 \u00een \u0219coli \u00eemp\u0103r\u021bind tablete elevilor. Saco\u0219ele \u0219i cutiile dispozitivelor poart\u0103 numele edilului aflat \u00een func\u021bie de 20 de ani","datePublished":"2020-09-15T07:09:28+00:00","dateModified":"2020-09-15T07:09:29+00:00","mainEntityOfPage":{"@id":"https:\/\/buletin.de\/bucuresti\/in-plina-campanie-electorala-florentin-pandele-se-filmeaza-in-scoli-impartind-tablete-elevilor-sacosele-si-cutiile-dispozitivelor-poarta-numele-edilului-aflat-in-functie-de-20-de-ani\/"},"wordCount":263,"publisher":{"@id":"https:\/\/buletin.de\/bucuresti\/#organization"},"image":{"@id":"https:\/\/buletin.de\/bucuresti\/in-plina-campanie-electorala-florentin-pandele-se-filmeaza-in-scoli-impartind-tablete-elevilor-sacosele-si-cutiile-dispozitivelor-poarta-numele-edilului-aflat-in-functie-de-20-de-ani\/#primaryimage"},"thumbnailUrl":"https:\/\/buletin.de\/bucuresti\/wp-content\/uploads\/1-5.jpg","articleSection":["Buletin de Ilfov"],"inLanguage":"en-GB","copyrightYear":"2020","copyrightHolder":{"@id":"https:\/\/buletin.de\/bucuresti\/#organization"}},{"@type":"WebPage","@id":"https:\/\/buletin.de\/bucuresti\/in-plina-campanie-electorala-florentin-pandele-se-filmeaza-in-scoli-impartind-tablete-elevilor-sacosele-si-cutiile-dispozitivelor-poarta-numele-edilului-aflat-in-functie-de-20-de-ani\/","url":"https:\/\/buletin.de\/bucuresti\/in-plina-campanie-electorala-florentin-pandele-se-filmeaza-in-scoli-impartind-tablete-elevilor-sacosele-si-cutiile-dispozitivelor-poarta-numele-edilului-aflat-in-functie-de-20-de-ani\/","name":"\u00cen plin\u0103 campanie electoral\u0103, Florentin Pandele se filmeaz\u0103 \u00een \u0219coli \u00eemp\u0103r\u021bind tablete elevilor. Saco\u0219ele \u0219i cutiile dispozitivelor poart\u0103 numele edilului aflat \u00een func\u021bie de 20 de ani - Buletin de Bucure\u0219ti","isPartOf":{"@id":"https:\/\/buletin.de\/bucuresti\/#website"},"primaryImageOfPage":{"@id":"https:\/\/buletin.de\/bucuresti\/in-plina-campanie-electorala-florentin-pandele-se-filmeaza-in-scoli-impartind-tablete-elevilor-sacosele-si-cutiile-dispozitivelor-poarta-numele-edilului-aflat-in-functie-de-20-de-ani\/#primaryimage"},"image":{"@id":"https:\/\/buletin.de\/bucuresti\/in-plina-campanie-electorala-florentin-pandele-se-filmeaza-in-scoli-impartind-tablete-elevilor-sacosele-si-cutiile-dispozitivelor-poarta-numele-edilului-aflat-in-functie-de-20-de-ani\/#primaryimage"},"thumbnailUrl":"https:\/\/buletin.de\/bucuresti\/wp-content\/uploads\/1-5.jpg","datePublished":"2020-09-15T07:09:28+00:00","dateModified":"2020-09-15T07:09:29+00:00","breadcrumb":{"@id":"https:\/\/buletin.de\/bucuresti\/in-plina-campanie-electorala-florentin-pandele-se-filmeaza-in-scoli-impartind-tablete-elevilor-sacosele-si-cutiile-dispozitivelor-poarta-numele-edilului-aflat-in-functie-de-20-de-ani\/#breadcrumb"},"inLanguage":"en-GB","potentialAction":[{"@type":"ReadAction","target":["https:\/\/buletin.de\/bucuresti\/in-plina-campanie-electorala-florentin-pandele-se-filmeaza-in-scoli-impartind-tablete-elevilor-sacosele-si-cutiile-dispozitivelor-poarta-numele-edilului-aflat-in-functie-de-20-de-ani\/"]}]},{"@type":"ImageObject","inLanguage":"en-GB","@id":"https:\/\/buletin.de\/bucuresti\/in-plina-campanie-electorala-florentin-pandele-se-filmeaza-in-scoli-impartind-tablete-elevilor-sacosele-si-cutiile-dispozitivelor-poarta-numele-edilului-aflat-in-functie-de-20-de-ani\/#primaryimage","url":"https:\/\/buletin.de\/bucuresti\/wp-content\/uploads\/1-5.jpg","contentUrl":"https:\/\/buletin.de\/bucuresti\/wp-content\/uploads\/1-5.jpg","width":2499,"height":1342},{"@type":"BreadcrumbList","@id":"https:\/\/buletin.de\/bucuresti\/in-plina-campanie-electorala-florentin-pandele-se-filmeaza-in-scoli-impartind-tablete-elevilor-sacosele-si-cutiile-dispozitivelor-poarta-numele-edilului-aflat-in-functie-de-20-de-ani\/#breadcrumb","itemListElement":[{"@type":"ListItem","position":1,"name":"Acas\u0103","item":"https:\/\/buletin.de\/bucuresti\/"},{"@type":"ListItem","position":2,"name":"\u00cen plin\u0103 campanie electoral\u0103, Florentin Pandele se filmeaz\u0103 \u00een \u0219coli \u00eemp\u0103r\u021bind tablete elevilor. Saco\u0219ele \u0219i cutiile dispozitivelor poart\u0103 numele edilului aflat \u00een func\u021bie de 20 de ani"}]},{"@type":"WebSite","@id":"https:\/\/buletin.de\/bucuresti\/#website","url":"https:\/\/buletin.de\/bucuresti\/","name":"Buletin de Bucure\u0219ti","description":"\u0218tiri \u0219i investiga\u021bii esen\u021biale din capital\u0103","publisher":{"@id":"https:\/\/buletin.de\/bucuresti\/#organization"},"potentialAction":[{"@type":"SearchAction","target":{"@type":"EntryPoint","urlTemplate":"https:\/\/buletin.de\/bucuresti\/?s={search_term_string}"},"query-input":{"@type":"PropertyValueSpecification","valueRequired":true,"valueName":"search_term_string"}}],"inLanguage":"en-GB"},{"@type":"Organization","@id":"https:\/\/buletin.de\/bucuresti\/#organization","name":"Buletin de Bucure\u0219ti","url":"https:\/\/buletin.de\/bucuresti\/","logo":{"@type":"ImageObject","inLanguage":"en-GB","@id":"https:\/\/buletin.de\/bucuresti\/#\/schema\/logo\/image\/","url":"https:\/\/buletin.de\/bucuresti\/wp-content\/uploads\/logo-bdb-full-wide-vernil-transparent.png","contentUrl":"https:\/\/buletin.de\/bucuresti\/wp-content\/uploads\/logo-bdb-full-wide-vernil-transparent.png","width":1782,"height":626,"caption":"Buletin de Bucure\u0219ti"},"image":{"@id":"https:\/\/buletin.de\/bucuresti\/#\/schema\/logo\/image\/"},"sameAs":["https:\/\/www.facebook.com\/buletin.de.buc","https:\/\/www.instagram.com\/buletinde.bucuresti\/"]},{"@type":"Person","@id":"https:\/\/buletin.de\/bucuresti\/#\/schema\/person\/31117187ed4d0bdb0a4c7d6acc79d0f8","name":"C\u0103t\u0103lin Dosca\u0219","image":{"@type":"ImageObject","inLanguage":"en-GB","@id":"https:\/\/buletin.de\/bucuresti\/wp-content\/uploads\/Catalin-Doscas-e1732731064764-96x96.jpga93e2943bb3b1c1f9ead823df6e6317a","url":"https:\/\/buletin.de\/bucuresti\/wp-content\/uploads\/Catalin-Doscas-e1732731064764-96x96.jpg","contentUrl":"https:\/\/buletin.de\/bucuresti\/wp-content\/uploads\/Catalin-Doscas-e1732731064764-96x96.jpg","caption":"C\u0103t\u0103lin Dosca\u0219"},"description":"Reporter \u0219i redactor-\u0219ef Buletin de Bucure\u0219ti. Lucreaz\u0103 \u00een mass-media de la v\u00e2rsta de 15 ani, c\u00e2nd a publicat primele articole \u00een presa local\u0103 din Tecuci. \u00cen Bucure\u0219ti a lucrat \u00een redac\u021bii radio ca reporter, redactor \u0219i prezentator (StudentFM, Na\u021bionalFM, Radio Total, Smart FM), unde a acoperit domeniile politic, economic, social \u0219i externe. Ulterior, a fost editor-coordonator al postului Realitatea FM. Experien\u021ba \u00een jurnalismul online a dob\u00e2ndit-o la portalul B365.ro, unde a fost editor. \u00cen 2012 s-a angajat \u00een televiziune. La Realitatea TV a fost, pe r\u00e2nd, reporter la sec\u021bia Social, reporter special la emisiunea de reportaje \u0219i anchete \u201eReporterii Realit\u0103\u021bii\u201d, dar \u0219i editor al jurnalelor de \u0219tiri. Ulterior, a f\u0103cut parte din sec\u021bia de Investiga\u021bii de la Digi24 \u0219i a lucrat la campania \u201eRom\u00e2nia furat\u0103\u201d. A revenit \u00een presa scris\u0103 \u00een 2017, ca reporter special, \u00een cadrul unui proiect de repozi\u021bionare a tabloidului Libertatea \u00een cotidian generalist. Este jurnalist Buletin de Bucure\u0219ti din 2019.","url":"https:\/\/buletin.de\/bucuresti\/author\/catalin\/"}]}},"authors":[{"term_id":22575,"user_id":10,"is_guest":0,"slug":"catalin","display_name":"C\u0103t\u0103lin Dosca\u0219","avatar_url":"https:\/\/buletin.de\/bucuresti\/wp-content\/uploads\/Catalin-Doscas-e1732731064764-96x96.jpg","0":null,"1":"","2":"","3":"","4":"","5":"","6":"","7":"","8":""}],"_links":{"self":[{"href":"https:\/\/buletin.de\/bucuresti\/wp-json\/wp\/v2\/posts\/11964","targetHints":{"allow":["GET"]}}],"collection":[{"href":"https:\/\/buletin.de\/bucuresti\/wp-json\/wp\/v2\/posts"}],"about":[{"href":"https:\/\/buletin.de\/bucuresti\/wp-json\/wp\/v2\/types\/post"}],"author":[{"embeddable":true,"href":"https:\/\/buletin.de\/bucuresti\/wp-json\/wp\/v2\/users\/10"}],"replies":[{"embeddable":true,"href":"https:\/\/buletin.de\/bucuresti\/wp-json\/wp\/v2\/comments?post=11964"}],"version-history":[{"count":3,"href":"https:\/\/buletin.de\/bucuresti\/wp-json\/wp\/v2\/posts\/11964\/revisions"}],"predecessor-version":[{"id":11972,"href":"https:\/\/buletin.de\/bucuresti\/wp-json\/wp\/v2\/posts\/11964\/revisions\/11972"}],"wp:featuredmedia":[{"embeddable":true,"href":"https:\/\/buletin.de\/bucuresti\/wp-json\/wp\/v2\/media\/11968"}],"wp:attachment":[{"href":"https:\/\/buletin.de\/bucuresti\/wp-json\/wp\/v2\/media?parent=11964"}],"wp:term":[{"taxonomy":"category","embeddable":true,"href":"https:\/\/buletin.de\/bucuresti\/wp-json\/wp\/v2\/categories?post=11964"},{"taxonomy":"post_tag","embeddable":true,"href":"https:\/\/buletin.de\/bucuresti\/wp-json\/wp\/v2\/tags?post=11964"},{"taxonomy":"author","embeddable":true,"href":"https:\/\/buletin.de\/bucuresti\/wp-json\/wp\/v2\/ppma_author?post=11964"}],"curies":[{"name":"wp","href":"https:\/\/api.w.org\/{rel}","templated":true}]}}