{"id":119492,"date":"2025-02-21T18:10:12","date_gmt":"2025-02-21T15:10:12","guid":{"rendered":"https:\/\/buletin.de\/bucuresti\/?p=119492"},"modified":"2025-02-21T21:04:55","modified_gmt":"2025-02-21T18:04:55","slug":"meciul-fcsb-dinamo-ar-putea-devia-patru-linii-stb-duminica-seara","status":"publish","type":"post","link":"https:\/\/buletin.de\/bucuresti\/meciul-fcsb-dinamo-ar-putea-devia-patru-linii-stb-duminica-seara\/","title":{"rendered":"Meciul FCSB \u2013 Dinamo ar putea devia patru linii STB, duminic\u0103 sear\u0103"},"content":{"rendered":"\n<p><strong>Brigada Rutier\u0103 anun\u021b\u0103 c\u0103 patru linii STB ar putea fi deviate duminic\u0103, 23 februarie, pentru meciul FCSB &#8211; Dinamo. Partida se disput\u0103 de la ora 20:00, pe Aren\u0103 Na\u021bional\u0103.<\/strong><\/p>\n\n\n\n<p>Astfel, pentru a permite accesul \u00een siguran\u021b\u0103 al publicului <strong><em>dac\u0103 situa\u021bia o va impune<\/em>, la dispozi\u021bia Brig\u0103zii Rutiere de Poli\u021bie<\/strong>, vehiculele&nbsp;<strong>liniilor 86, 90 \u0219i 143<\/strong>&nbsp;nu vor mai \u00eentoarce la \u201eArena Na\u021bional\u0103\u201d, iar cele ale&nbsp;<strong>liniei 104<\/strong>&nbsp;vor fi deviate pe \u0218oseaua Iancului.<\/p>\n\n\n\n<h2 class=\"wp-block-heading\" id=\"h-daca-masura-va-fi-luata-circula\u021bia-se-va-desfa\u0219ura-astfel\">Dac\u0103 m\u0103sur\u0103 va fi luat\u0103, circula\u021bia se va desf\u0103\u0219ura astfel:<\/h2>\n\n\n\n<p><strong>Liniile de troleibuz 86 \u0219i 90<\/strong>&nbsp;vor func\u021biona pe traseele de baz\u0103 \u00eentre terminalele&nbsp;<strong>\u201eCl\u0103bucet<\/strong>\u201d, respectiv&nbsp;<strong>\u201eSem\u0103n\u0103toarea\u201d&nbsp;<\/strong>\u0219i intersec\u021bia Str. Vatra Luminoas\u0103\/ Str. Tony Bulandra, apoi pe un traseu modificat \u00een ambele sensuri pe Str. Tony Bulandra, cu \u00eentoarcere \u00een Depoul Vatra Luminoas\u0103.<\/p>\n\n\n\n<p><strong>Linia de autobuz 104<\/strong>&nbsp;va func\u021biona pe traseul de baz\u0103 \u00eentre terminalul \u201eComplex Comercial Pantelimon\u201d \u0219i intersec\u021bia \u0218os. Iancului\/ Bd. Pierre de Coubertin, apoi pe un traseu modificat \u00een ambele sensuri pe \u0218os. Iancului, \u0218os. Mihai Bravu, Bd. Decebal, apoi traseul actual, potrivit <strong>TPBI.<\/strong><\/p>\n\n\n\n<p><strong>Linia de autobuz 143<\/strong>&nbsp;va func\u021biona pe traseul de baz\u0103 \u00eentre terminalul \u201eBucur Obor\u201d \u0219i intersec\u021bia Str.&nbsp;Baicului\/ \u0218os. Pantelimon, apoi pe un traseu modificat pe \u0218os. Pantelimon, Bd.&nbsp;Ferdinand, Bd. G\u0103rii Obor, p\u00e2n\u0103 la terminalul&nbsp; \u201eBaicului\u201d (cap\u0103tul liniilor 69, 85 \u0219i 382), cu \u00eentoarcere pe Str. Baicului, Str. Paharnicul Turturea, Str. Dumitru Slugeru, apoi traseul actual.<\/p>\n\n\n\n<p><strong>CITE\u0218TE \u0218I: <a href=\"https:\/\/buletin.de\/bucuresti\/cetatenii-din-sectorul-3-care-lupta-pentru-salvarea-ior-cer-majorarea-amenzilor-pentru-defrisarile-ilegale\/\">Cet\u0103\u021benii din Sectorul 3 care lupt\u0103 pentru salvarea IOR cer majorarea amenzilor pentru defri\u0219\u0103rile ilegale<\/a><\/strong><\/p>\n\n\n\n<div class=\"wp-block-buttons is-content-justification-center is-layout-flex wp-container-core-buttons-is-layout-16018d1d wp-block-buttons-is-layout-flex\">\n<div class=\"wp-block-button has-custom-width wp-block-button__width-100\"><a class=\"wp-block-button__link wp-element-button\" href=\"https:\/\/www.patreon.com\/BuletinDeBucuresti\"><strong>Sus\u021bine Buletin de Bucure\u0219ti pentru investiga\u021bii, reportaje \u0219i \u0219tiri Locale<\/strong><\/a><\/div>\n<\/div>\n\n\n\n<h2 class=\"wp-block-heading\" id=\"h-masuri-de-siguran\u021ba-la-meciul-fcsb-dinamo\">M\u0103suri de siguran\u021b\u0103 la meciul FCSB &#8211; Dinamo<\/h2>\n\n\n\n<p><strong>Spectatorii vor avea acces \u00een stadion \u00eencep\u00e2nd cu ora 18:00, doar pe baza biletelor sau invita\u021biilor puse la dispozi\u021bie de organizator, al\u0103turi de un document de identitate \u00een format fizic sau electronic.<\/strong><\/p>\n\n\n\n<p>Accesul suporterilor echipei FCSB \u00een complexul sportiv se va face prin bd. Basarabia \u0219i str. Maior Ion Coravu, pentru Tribuna I, Tribuna II \u0219i pentru Peluza II Sud, \u00een timp ce accesul suporterilor echipei FC DINAMO 1948 BUCURE\u0218TI se va face prin bd. Pierre de Coubertin, pentru Peluza I Nord.<\/p>\n\n\n\n<p>Accesul suporterilor se va realiza sub \u00eendrumarea for\u021belor de ordine, dup\u0103 efectuarea unui control de c\u0103tre Jandarmerie \u0219i societatea specializat\u0103 de protec\u021bie \u0219i paz\u0103.<\/p>\n\n\n\n<p>Jandarmeria recomand\u0103 suporterilor oaspe\u021bi s\u0103 nu poarte \u0219i s\u0103 nu afi\u0219eze \u00eensemne ale echipei FC DINAMO 1948 BUCURE\u0218TI \u00een alte zone ale stadionului, dec\u00e2t cea din Peluza I Nord, care este special destinat\u0103 acestora.<\/p>\n\n\n\n<p><strong>ATENTIE! 38 de suporteri gazd\u0103 \u0219i 51 de suporteri oaspe\u021bi se afl\u0103 sub interdic\u021bia particip\u0103rii la meciurile de fotbal. Dac\u0103 vor \u00eencerca s\u0103 intre la meci, se va considera infrac\u021biune.<\/strong><\/p>\n\n\n\n<p><strong>CITE\u0218TE \u0218I: <a href=\"https:\/\/buletin.de\/bucuresti\/cfr-calatori-anuleaza-alte-cinci-trenuri-intre-bucuresti-craiova\/\">CFR C\u0103l\u0103tori anuleaz\u0103 alte cinci trenuri \u00eentre Bucure\u0219ti-Craiova<\/a><\/strong><\/p>\n","protected":false},"excerpt":{"rendered":"<p>Brigada Rutier\u0103 anun\u021b\u0103 c\u0103 patru linii STB ar putea fi deviate duminic\u0103, 23 februarie, pentru meciul FCSB &#8211; Dinamo. Partida se disput\u0103 de la ora 20:00, pe Aren\u0103 Na\u021bional\u0103. Astfel, pentru a permite accesul \u00een siguran\u021b\u0103 al publicului dac\u0103 situa\u021bia o va impune, la dispozi\u021bia Brig\u0103zii Rutiere de Poli\u021bie, vehiculele&nbsp;liniilor 86, 90 \u0219i 143&nbsp;nu vor [&hellip;]<\/p>\n","protected":false},"author":49,"featured_media":116964,"comment_status":"closed","ping_status":"open","sticky":false,"template":"","format":"standard","meta":{"_acf_changed":false,"inline_featured_image":false,"ngg_post_thumbnail":0,"footnotes":""},"categories":[6994,62,650],"tags":[19342,402,2842],"ppma_author":[22574],"class_list":["post-119492","post","type-post","status-publish","format-standard","has-post-thumbnail","hentry","category-stiri-2","category-stiri","category-transport","tag-fcsb-dinamo","tag-stb","tag-tpbi"],"acf":[],"yoast_head":"<!-- This site is optimized with the Yoast SEO Premium plugin v25.3 (Yoast SEO v27.4) - https:\/\/yoast.com\/product\/yoast-seo-premium-wordpress\/ -->\n<title>Meciul FCSB \u2013 Dinamo ar putea devia patru linii STB, duminic\u0103 sear\u0103 - Buletin de Bucure\u0219ti<\/title>\n<meta name=\"description\" content=\"Brigada Rutier\u0103 anun\u021b\u0103 c\u0103 patru linii STB ar putea fi deviate duminica, 23 februarie, pentru meciul FCSB - Dinamo, de pe Arena Na\u021bional\u0103.\" \/>\n<meta name=\"robots\" content=\"index, follow, max-snippet:-1, max-image-preview:large, max-video-preview:-1\" \/>\n<link rel=\"canonical\" href=\"https:\/\/buletin.de\/bucuresti\/meciul-fcsb-dinamo-ar-putea-devia-patru-linii-stb-duminica-seara\/\" \/>\n<meta property=\"og:locale\" content=\"en_GB\" \/>\n<meta property=\"og:type\" content=\"article\" \/>\n<meta property=\"og:title\" content=\"Meciul FCSB \u2013 Dinamo ar putea devia patru linii STB, duminic\u0103 sear\u0103\" \/>\n<meta property=\"og:description\" content=\"Brigada Rutier\u0103 anun\u021b\u0103 c\u0103 patru linii STB ar putea fi deviate duminica, 23 februarie, pentru meciul FCSB - Dinamo, de pe Arena Na\u021bional\u0103.\" \/>\n<meta property=\"og:url\" content=\"https:\/\/buletin.de\/bucuresti\/meciul-fcsb-dinamo-ar-putea-devia-patru-linii-stb-duminica-seara\/\" \/>\n<meta property=\"og:site_name\" content=\"Buletin de Bucure\u0219ti\" \/>\n<meta property=\"article:publisher\" content=\"https:\/\/www.facebook.com\/buletin.de.buc\" \/>\n<meta property=\"article:published_time\" content=\"2025-02-21T15:10:12+00:00\" \/>\n<meta property=\"article:modified_time\" content=\"2025-02-21T18:04:55+00:00\" \/>\n<meta property=\"og:image\" content=\"https:\/\/buletin.de\/bucuresti\/wp-content\/uploads\/arena-1-1-1-1.jpg\" \/>\n\t<meta property=\"og:image:width\" content=\"1214\" \/>\n\t<meta property=\"og:image:height\" content=\"640\" \/>\n\t<meta property=\"og:image:type\" content=\"image\/jpeg\" \/>\n<meta name=\"author\" content=\"Diana Matei\" \/>\n<meta name=\"twitter:card\" content=\"summary_large_image\" \/>\n<meta name=\"twitter:label1\" content=\"Written by\" \/>\n\t<meta name=\"twitter:data1\" content=\"Diana Matei\" \/>\n\t<meta name=\"twitter:label2\" content=\"Estimated reading time\" \/>\n\t<meta name=\"twitter:data2\" content=\"3 minutes\" \/>\n<script type=\"application\/ld+json\" class=\"yoast-schema-graph\">{\"@context\":\"https:\\\/\\\/schema.org\",\"@graph\":[{\"@type\":\"Article\",\"@id\":\"https:\\\/\\\/buletin.de\\\/bucuresti\\\/meciul-fcsb-dinamo-ar-putea-devia-patru-linii-stb-duminica-seara\\\/#article\",\"isPartOf\":{\"@id\":\"https:\\\/\\\/buletin.de\\\/bucuresti\\\/meciul-fcsb-dinamo-ar-putea-devia-patru-linii-stb-duminica-seara\\\/\"},\"author\":{\"name\":\"Diana Matei\",\"@id\":\"https:\\\/\\\/buletin.de\\\/bucuresti\\\/#\\\/schema\\\/person\\\/7e46040573290777280a0835d81ea4ea\"},\"headline\":\"Meciul FCSB \u2013 Dinamo ar putea devia patru linii STB, duminic\u0103 sear\u0103\",\"datePublished\":\"2025-02-21T15:10:12+00:00\",\"dateModified\":\"2025-02-21T18:04:55+00:00\",\"mainEntityOfPage\":{\"@id\":\"https:\\\/\\\/buletin.de\\\/bucuresti\\\/meciul-fcsb-dinamo-ar-putea-devia-patru-linii-stb-duminica-seara\\\/\"},\"wordCount\":495,\"publisher\":{\"@id\":\"https:\\\/\\\/buletin.de\\\/bucuresti\\\/#organization\"},\"image\":{\"@id\":\"https:\\\/\\\/buletin.de\\\/bucuresti\\\/meciul-fcsb-dinamo-ar-putea-devia-patru-linii-stb-duminica-seara\\\/#primaryimage\"},\"thumbnailUrl\":\"https:\\\/\\\/buletin.de\\\/bucuresti\\\/wp-content\\\/uploads\\\/arena-1-1-1-1.jpg\",\"keywords\":[\"FCSB-Dinamo\",\"stb\",\"tpbi\"],\"articleSection\":[\"Articole\",\"\u0218tiri\",\"Transport\"],\"inLanguage\":\"en-GB\",\"copyrightYear\":\"2025\",\"copyrightHolder\":{\"@id\":\"https:\\\/\\\/buletin.de\\\/bucuresti\\\/#organization\"}},{\"@type\":\"WebPage\",\"@id\":\"https:\\\/\\\/buletin.de\\\/bucuresti\\\/meciul-fcsb-dinamo-ar-putea-devia-patru-linii-stb-duminica-seara\\\/\",\"url\":\"https:\\\/\\\/buletin.de\\\/bucuresti\\\/meciul-fcsb-dinamo-ar-putea-devia-patru-linii-stb-duminica-seara\\\/\",\"name\":\"Meciul FCSB \u2013 Dinamo ar putea devia patru linii STB, duminic\u0103 sear\u0103 - Buletin de Bucure\u0219ti\",\"isPartOf\":{\"@id\":\"https:\\\/\\\/buletin.de\\\/bucuresti\\\/#website\"},\"primaryImageOfPage\":{\"@id\":\"https:\\\/\\\/buletin.de\\\/bucuresti\\\/meciul-fcsb-dinamo-ar-putea-devia-patru-linii-stb-duminica-seara\\\/#primaryimage\"},\"image\":{\"@id\":\"https:\\\/\\\/buletin.de\\\/bucuresti\\\/meciul-fcsb-dinamo-ar-putea-devia-patru-linii-stb-duminica-seara\\\/#primaryimage\"},\"thumbnailUrl\":\"https:\\\/\\\/buletin.de\\\/bucuresti\\\/wp-content\\\/uploads\\\/arena-1-1-1-1.jpg\",\"datePublished\":\"2025-02-21T15:10:12+00:00\",\"dateModified\":\"2025-02-21T18:04:55+00:00\",\"description\":\"Brigada Rutier\u0103 anun\u021b\u0103 c\u0103 patru linii STB ar putea fi deviate duminica, 23 februarie, pentru meciul FCSB - Dinamo, de pe Arena Na\u021bional\u0103.\",\"breadcrumb\":{\"@id\":\"https:\\\/\\\/buletin.de\\\/bucuresti\\\/meciul-fcsb-dinamo-ar-putea-devia-patru-linii-stb-duminica-seara\\\/#breadcrumb\"},\"inLanguage\":\"en-GB\",\"potentialAction\":[{\"@type\":\"ReadAction\",\"target\":[\"https:\\\/\\\/buletin.de\\\/bucuresti\\\/meciul-fcsb-dinamo-ar-putea-devia-patru-linii-stb-duminica-seara\\\/\"]}]},{\"@type\":\"ImageObject\",\"inLanguage\":\"en-GB\",\"@id\":\"https:\\\/\\\/buletin.de\\\/bucuresti\\\/meciul-fcsb-dinamo-ar-putea-devia-patru-linii-stb-duminica-seara\\\/#primaryimage\",\"url\":\"https:\\\/\\\/buletin.de\\\/bucuresti\\\/wp-content\\\/uploads\\\/arena-1-1-1-1.jpg\",\"contentUrl\":\"https:\\\/\\\/buletin.de\\\/bucuresti\\\/wp-content\\\/uploads\\\/arena-1-1-1-1.jpg\",\"width\":1214,\"height\":640,\"caption\":\"Meciul FCSB \u2013 Dinamo ar putea devia patru linii STB, duminic\u0103 sear\u0103: FOTO: Arhiva\"},{\"@type\":\"BreadcrumbList\",\"@id\":\"https:\\\/\\\/buletin.de\\\/bucuresti\\\/meciul-fcsb-dinamo-ar-putea-devia-patru-linii-stb-duminica-seara\\\/#breadcrumb\",\"itemListElement\":[{\"@type\":\"ListItem\",\"position\":1,\"name\":\"Acas\u0103\",\"item\":\"https:\\\/\\\/buletin.de\\\/bucuresti\\\/\"},{\"@type\":\"ListItem\",\"position\":2,\"name\":\"Meciul FCSB \u2013 Dinamo ar putea devia patru linii STB, duminic\u0103 sear\u0103\"}]},{\"@type\":\"WebSite\",\"@id\":\"https:\\\/\\\/buletin.de\\\/bucuresti\\\/#website\",\"url\":\"https:\\\/\\\/buletin.de\\\/bucuresti\\\/\",\"name\":\"Buletin de Bucure\u0219ti\",\"description\":\"\u0218tiri \u0219i investiga\u021bii esen\u021biale din capital\u0103\",\"publisher\":{\"@id\":\"https:\\\/\\\/buletin.de\\\/bucuresti\\\/#organization\"},\"potentialAction\":[{\"@type\":\"SearchAction\",\"target\":{\"@type\":\"EntryPoint\",\"urlTemplate\":\"https:\\\/\\\/buletin.de\\\/bucuresti\\\/?s={search_term_string}\"},\"query-input\":{\"@type\":\"PropertyValueSpecification\",\"valueRequired\":true,\"valueName\":\"search_term_string\"}}],\"inLanguage\":\"en-GB\"},{\"@type\":\"Organization\",\"@id\":\"https:\\\/\\\/buletin.de\\\/bucuresti\\\/#organization\",\"name\":\"Buletin de Bucure\u0219ti\",\"url\":\"https:\\\/\\\/buletin.de\\\/bucuresti\\\/\",\"logo\":{\"@type\":\"ImageObject\",\"inLanguage\":\"en-GB\",\"@id\":\"https:\\\/\\\/buletin.de\\\/bucuresti\\\/#\\\/schema\\\/logo\\\/image\\\/\",\"url\":\"https:\\\/\\\/buletin.de\\\/bucuresti\\\/wp-content\\\/uploads\\\/logo-bdb-full-wide-vernil-transparent.png\",\"contentUrl\":\"https:\\\/\\\/buletin.de\\\/bucuresti\\\/wp-content\\\/uploads\\\/logo-bdb-full-wide-vernil-transparent.png\",\"width\":1782,\"height\":626,\"caption\":\"Buletin de Bucure\u0219ti\"},\"image\":{\"@id\":\"https:\\\/\\\/buletin.de\\\/bucuresti\\\/#\\\/schema\\\/logo\\\/image\\\/\"},\"sameAs\":[\"https:\\\/\\\/www.facebook.com\\\/buletin.de.buc\",\"https:\\\/\\\/www.instagram.com\\\/buletinde.bucuresti\\\/\"]},{\"@type\":\"Person\",\"@id\":\"https:\\\/\\\/buletin.de\\\/bucuresti\\\/#\\\/schema\\\/person\\\/7e46040573290777280a0835d81ea4ea\",\"name\":\"Diana Matei\",\"image\":{\"@type\":\"ImageObject\",\"inLanguage\":\"en-GB\",\"@id\":\"https:\\\/\\\/buletin.de\\\/bucuresti\\\/wp-content\\\/uploads\\\/9-2-96x96.jpg1e8590b30871d70e62ebcdaf2eff570c\",\"url\":\"https:\\\/\\\/buletin.de\\\/bucuresti\\\/wp-content\\\/uploads\\\/9-2-96x96.jpg\",\"contentUrl\":\"https:\\\/\\\/buletin.de\\\/bucuresti\\\/wp-content\\\/uploads\\\/9-2-96x96.jpg\",\"caption\":\"Diana Matei\"},\"url\":\"https:\\\/\\\/buletin.de\\\/bucuresti\\\/author\\\/dianamatei\\\/\"}]}<\/script>\n<!-- \/ Yoast SEO Premium plugin. -->","yoast_head_json":{"title":"Meciul FCSB \u2013 Dinamo ar putea devia patru linii STB, duminic\u0103 sear\u0103 - Buletin de Bucure\u0219ti","description":"Brigada Rutier\u0103 anun\u021b\u0103 c\u0103 patru linii STB ar putea fi deviate duminica, 23 februarie, pentru meciul FCSB - Dinamo, de pe Arena Na\u021bional\u0103.","robots":{"index":"index","follow":"follow","max-snippet":"max-snippet:-1","max-image-preview":"max-image-preview:large","max-video-preview":"max-video-preview:-1"},"canonical":"https:\/\/buletin.de\/bucuresti\/meciul-fcsb-dinamo-ar-putea-devia-patru-linii-stb-duminica-seara\/","og_locale":"en_GB","og_type":"article","og_title":"Meciul FCSB \u2013 Dinamo ar putea devia patru linii STB, duminic\u0103 sear\u0103","og_description":"Brigada Rutier\u0103 anun\u021b\u0103 c\u0103 patru linii STB ar putea fi deviate duminica, 23 februarie, pentru meciul FCSB - Dinamo, de pe Arena Na\u021bional\u0103.","og_url":"https:\/\/buletin.de\/bucuresti\/meciul-fcsb-dinamo-ar-putea-devia-patru-linii-stb-duminica-seara\/","og_site_name":"Buletin de Bucure\u0219ti","article_publisher":"https:\/\/www.facebook.com\/buletin.de.buc","article_published_time":"2025-02-21T15:10:12+00:00","article_modified_time":"2025-02-21T18:04:55+00:00","og_image":[{"width":1214,"height":640,"url":"https:\/\/buletin.de\/bucuresti\/wp-content\/uploads\/arena-1-1-1-1.jpg","type":"image\/jpeg"}],"author":"Diana Matei","twitter_card":"summary_large_image","twitter_misc":{"Written by":"Diana Matei","Estimated reading time":"3 minutes"},"schema":{"@context":"https:\/\/schema.org","@graph":[{"@type":"Article","@id":"https:\/\/buletin.de\/bucuresti\/meciul-fcsb-dinamo-ar-putea-devia-patru-linii-stb-duminica-seara\/#article","isPartOf":{"@id":"https:\/\/buletin.de\/bucuresti\/meciul-fcsb-dinamo-ar-putea-devia-patru-linii-stb-duminica-seara\/"},"author":{"name":"Diana Matei","@id":"https:\/\/buletin.de\/bucuresti\/#\/schema\/person\/7e46040573290777280a0835d81ea4ea"},"headline":"Meciul FCSB \u2013 Dinamo ar putea devia patru linii STB, duminic\u0103 sear\u0103","datePublished":"2025-02-21T15:10:12+00:00","dateModified":"2025-02-21T18:04:55+00:00","mainEntityOfPage":{"@id":"https:\/\/buletin.de\/bucuresti\/meciul-fcsb-dinamo-ar-putea-devia-patru-linii-stb-duminica-seara\/"},"wordCount":495,"publisher":{"@id":"https:\/\/buletin.de\/bucuresti\/#organization"},"image":{"@id":"https:\/\/buletin.de\/bucuresti\/meciul-fcsb-dinamo-ar-putea-devia-patru-linii-stb-duminica-seara\/#primaryimage"},"thumbnailUrl":"https:\/\/buletin.de\/bucuresti\/wp-content\/uploads\/arena-1-1-1-1.jpg","keywords":["FCSB-Dinamo","stb","tpbi"],"articleSection":["Articole","\u0218tiri","Transport"],"inLanguage":"en-GB","copyrightYear":"2025","copyrightHolder":{"@id":"https:\/\/buletin.de\/bucuresti\/#organization"}},{"@type":"WebPage","@id":"https:\/\/buletin.de\/bucuresti\/meciul-fcsb-dinamo-ar-putea-devia-patru-linii-stb-duminica-seara\/","url":"https:\/\/buletin.de\/bucuresti\/meciul-fcsb-dinamo-ar-putea-devia-patru-linii-stb-duminica-seara\/","name":"Meciul FCSB \u2013 Dinamo ar putea devia patru linii STB, duminic\u0103 sear\u0103 - Buletin de Bucure\u0219ti","isPartOf":{"@id":"https:\/\/buletin.de\/bucuresti\/#website"},"primaryImageOfPage":{"@id":"https:\/\/buletin.de\/bucuresti\/meciul-fcsb-dinamo-ar-putea-devia-patru-linii-stb-duminica-seara\/#primaryimage"},"image":{"@id":"https:\/\/buletin.de\/bucuresti\/meciul-fcsb-dinamo-ar-putea-devia-patru-linii-stb-duminica-seara\/#primaryimage"},"thumbnailUrl":"https:\/\/buletin.de\/bucuresti\/wp-content\/uploads\/arena-1-1-1-1.jpg","datePublished":"2025-02-21T15:10:12+00:00","dateModified":"2025-02-21T18:04:55+00:00","description":"Brigada Rutier\u0103 anun\u021b\u0103 c\u0103 patru linii STB ar putea fi deviate duminica, 23 februarie, pentru meciul FCSB - Dinamo, de pe Arena Na\u021bional\u0103.","breadcrumb":{"@id":"https:\/\/buletin.de\/bucuresti\/meciul-fcsb-dinamo-ar-putea-devia-patru-linii-stb-duminica-seara\/#breadcrumb"},"inLanguage":"en-GB","potentialAction":[{"@type":"ReadAction","target":["https:\/\/buletin.de\/bucuresti\/meciul-fcsb-dinamo-ar-putea-devia-patru-linii-stb-duminica-seara\/"]}]},{"@type":"ImageObject","inLanguage":"en-GB","@id":"https:\/\/buletin.de\/bucuresti\/meciul-fcsb-dinamo-ar-putea-devia-patru-linii-stb-duminica-seara\/#primaryimage","url":"https:\/\/buletin.de\/bucuresti\/wp-content\/uploads\/arena-1-1-1-1.jpg","contentUrl":"https:\/\/buletin.de\/bucuresti\/wp-content\/uploads\/arena-1-1-1-1.jpg","width":1214,"height":640,"caption":"Meciul FCSB \u2013 Dinamo ar putea devia patru linii STB, duminic\u0103 sear\u0103: FOTO: Arhiva"},{"@type":"BreadcrumbList","@id":"https:\/\/buletin.de\/bucuresti\/meciul-fcsb-dinamo-ar-putea-devia-patru-linii-stb-duminica-seara\/#breadcrumb","itemListElement":[{"@type":"ListItem","position":1,"name":"Acas\u0103","item":"https:\/\/buletin.de\/bucuresti\/"},{"@type":"ListItem","position":2,"name":"Meciul FCSB \u2013 Dinamo ar putea devia patru linii STB, duminic\u0103 sear\u0103"}]},{"@type":"WebSite","@id":"https:\/\/buletin.de\/bucuresti\/#website","url":"https:\/\/buletin.de\/bucuresti\/","name":"Buletin de Bucure\u0219ti","description":"\u0218tiri \u0219i investiga\u021bii esen\u021biale din capital\u0103","publisher":{"@id":"https:\/\/buletin.de\/bucuresti\/#organization"},"potentialAction":[{"@type":"SearchAction","target":{"@type":"EntryPoint","urlTemplate":"https:\/\/buletin.de\/bucuresti\/?s={search_term_string}"},"query-input":{"@type":"PropertyValueSpecification","valueRequired":true,"valueName":"search_term_string"}}],"inLanguage":"en-GB"},{"@type":"Organization","@id":"https:\/\/buletin.de\/bucuresti\/#organization","name":"Buletin de Bucure\u0219ti","url":"https:\/\/buletin.de\/bucuresti\/","logo":{"@type":"ImageObject","inLanguage":"en-GB","@id":"https:\/\/buletin.de\/bucuresti\/#\/schema\/logo\/image\/","url":"https:\/\/buletin.de\/bucuresti\/wp-content\/uploads\/logo-bdb-full-wide-vernil-transparent.png","contentUrl":"https:\/\/buletin.de\/bucuresti\/wp-content\/uploads\/logo-bdb-full-wide-vernil-transparent.png","width":1782,"height":626,"caption":"Buletin de Bucure\u0219ti"},"image":{"@id":"https:\/\/buletin.de\/bucuresti\/#\/schema\/logo\/image\/"},"sameAs":["https:\/\/www.facebook.com\/buletin.de.buc","https:\/\/www.instagram.com\/buletinde.bucuresti\/"]},{"@type":"Person","@id":"https:\/\/buletin.de\/bucuresti\/#\/schema\/person\/7e46040573290777280a0835d81ea4ea","name":"Diana Matei","image":{"@type":"ImageObject","inLanguage":"en-GB","@id":"https:\/\/buletin.de\/bucuresti\/wp-content\/uploads\/9-2-96x96.jpg1e8590b30871d70e62ebcdaf2eff570c","url":"https:\/\/buletin.de\/bucuresti\/wp-content\/uploads\/9-2-96x96.jpg","contentUrl":"https:\/\/buletin.de\/bucuresti\/wp-content\/uploads\/9-2-96x96.jpg","caption":"Diana Matei"},"url":"https:\/\/buletin.de\/bucuresti\/author\/dianamatei\/"}]}},"authors":[{"term_id":22574,"user_id":49,"is_guest":0,"slug":"dianamatei","display_name":"Diana Matei","avatar_url":"https:\/\/buletin.de\/bucuresti\/wp-content\/uploads\/9-2-96x96.jpg","0":null,"1":"","2":"","3":"","4":"","5":"","6":"","7":"","8":""}],"_links":{"self":[{"href":"https:\/\/buletin.de\/bucuresti\/wp-json\/wp\/v2\/posts\/119492","targetHints":{"allow":["GET"]}}],"collection":[{"href":"https:\/\/buletin.de\/bucuresti\/wp-json\/wp\/v2\/posts"}],"about":[{"href":"https:\/\/buletin.de\/bucuresti\/wp-json\/wp\/v2\/types\/post"}],"author":[{"embeddable":true,"href":"https:\/\/buletin.de\/bucuresti\/wp-json\/wp\/v2\/users\/49"}],"replies":[{"embeddable":true,"href":"https:\/\/buletin.de\/bucuresti\/wp-json\/wp\/v2\/comments?post=119492"}],"version-history":[{"count":6,"href":"https:\/\/buletin.de\/bucuresti\/wp-json\/wp\/v2\/posts\/119492\/revisions"}],"predecessor-version":[{"id":119590,"href":"https:\/\/buletin.de\/bucuresti\/wp-json\/wp\/v2\/posts\/119492\/revisions\/119590"}],"wp:featuredmedia":[{"embeddable":true,"href":"https:\/\/buletin.de\/bucuresti\/wp-json\/wp\/v2\/media\/116964"}],"wp:attachment":[{"href":"https:\/\/buletin.de\/bucuresti\/wp-json\/wp\/v2\/media?parent=119492"}],"wp:term":[{"taxonomy":"category","embeddable":true,"href":"https:\/\/buletin.de\/bucuresti\/wp-json\/wp\/v2\/categories?post=119492"},{"taxonomy":"post_tag","embeddable":true,"href":"https:\/\/buletin.de\/bucuresti\/wp-json\/wp\/v2\/tags?post=119492"},{"taxonomy":"author","embeddable":true,"href":"https:\/\/buletin.de\/bucuresti\/wp-json\/wp\/v2\/ppma_author?post=119492"}],"curies":[{"name":"wp","href":"https:\/\/api.w.org\/{rel}","templated":true}]}}