{"id":119438,"date":"2025-02-21T11:09:35","date_gmt":"2025-02-21T08:09:35","guid":{"rendered":"https:\/\/buletin.de\/bucuresti\/?p=119438"},"modified":"2025-02-21T12:02:31","modified_gmt":"2025-02-21T09:02:31","slug":"ce-faci-vineri-seara-in-bucuresti-trei-concerte-cu-irina-rimes-alina-eremia-si-alternofera","status":"publish","type":"post","link":"https:\/\/buletin.de\/bucuresti\/ce-faci-vineri-seara-in-bucuresti-trei-concerte-cu-irina-rimes-alina-eremia-si-alternofera\/","title":{"rendered":"Ce faci vineri seara \u00een Bucure\u0219ti: trei concerte cu Irina Rimes, Alina Eremia \u0219i Alternosfera"},"content":{"rendered":"\n<p><strong>Irina Rimes, la Sala Palatului, Alina Eremia, la Sala Luceaf\u0103rul, \u0219i forma\u021bia Alternosfera, la Arenele Romane, sunt cele trei concerte de vineri seara \u00een Bucure\u0219ti.<\/strong><\/p>\n\n\n\n<p>Irina Rimes revine la Sala Palatului cu conceptul ei muzical \u201eSufrageria Irinei\u201d, \u00een care va prezenta unele dintre cele mai apreciate melodii din discografia sa.<\/p>\n\n\n\n<p>\u201e\u00cencepe s\u0103 devin\u0103 deja o tradi\u021bie \u0219i abia a\u0219tept s\u0103 v\u0103 primesc \u00een Sufrageria mea, pe 21 februarie. De aceast\u0103 dat\u0103 descoperim \u00eempreun\u0103 o atmosfer\u0103 mai vie, mai verde, mai teatral\u0103 &#8211; dar la fel de intim\u0103 \u0219i personal\u0103. Sufrageria e un spa\u021biu unde pove\u0219tile mele devin pove\u0219tile noastre. \u0218i le vom c\u00e2nt\u0103 \u00eempreun\u0103&#8217;, a transmis artista, potrivit <a href=\"https:\/\/agerpres.ro\/cultura-media\/2025\/02\/21\/irina-rimes-alina-eremia-si-trupa-alternosfera-concerteaza-vineri-in-capitala--1424445\" target=\"_blank\" rel=\"noreferrer noopener\">Agerpres<\/a>.<\/p>\n\n\n\n<p><strong>CITE\u0218TE \u0218I: <a href=\"https:\/\/buletin.de\/bucuresti\/angajatii-din-baneasa-care-veneau-la-serviciu-cu-trenul-afectati-de-noile-decizii-ale-cfr-calatori\/\" target=\"_blank\" rel=\"noreferrer noopener\">Angaja\u021bii din B\u0103neasa care veneau la serviciu cu trenul, afecta\u021bi de noile decizii ale CFR C\u0103l\u0103tori<\/a><\/strong><\/p>\n\n\n\n<div class=\"wp-block-buttons is-content-justification-center is-layout-flex wp-container-core-buttons-is-layout-16018d1d wp-block-buttons-is-layout-flex\">\n<div class=\"wp-block-button has-custom-width wp-block-button__width-100\"><a class=\"wp-block-button__link wp-element-button\" href=\"https:\/\/www.patreon.com\/BuletinDeBucuresti\"><strong>Sus\u021bine Buletin de Bucure\u0219ti pentru investiga\u021bii, reportaje \u0219i \u0219tiri Locale<\/strong><\/a><\/div>\n<\/div>\n\n\n\n<h2 class=\"wp-block-heading\" id=\"h-vineri-seara-in-bucure\u0219ti-alina-eremia-\u0219i-altenosfera\">Vineri seara \u00een Bucure\u0219ti: Alina Eremia \u0219i Altenosfera<\/h2>\n\n\n\n<p>Alina Eremia va prezenta la Sala Luceaf\u0103rul din Bucure\u0219ti, \u00een cadrul unui concert special, noul s\u0103u EP \u201eAntifragil&#8221;.<\/p>\n\n\n\n<p>\u201eNu prea \u00eemi place mie s\u0103 povestesc ce fac \u00eenainte, \u00eemi place s\u0103 tac \u0219i s\u0103 fac mai mult. F\u0103r\u0103 prea mult\u0103 introducere, v\u0103 spun c\u0103 EP-ul meu &#8216;Antifragil&#8217; e disponibil pe toate platformele digitale. Este proiectul cel mai aproape de sufletul meu, pe care l-am proiectat \u0219i de care am avut grij\u0103 ca de ceva nepre\u021buit. <\/p>\n\n\n\n<p>Mi-a\u021bi face cea mai mare bucurie s\u0103-l asculta\u021bi. &#8216;Antifragil&#8217; \u00eenseamn\u0103 c\u0103 devii mai puternic \u00een fa\u021ba incertitudinii, a stresului \u0219i a schimb\u0103rilor. \u00cen lumea de azi, poate e mai bine ca oric\u00e2nd s\u0103 fii antifragil. V\u0103 \u00eendemn s\u0103 asculta\u021bi EP-ul \u0103sta\u201d, a scris Alina, pe\u00a0<a href=\"https:\/\/www.facebook.com\/profile.php?id=100044571903355\" target=\"_blank\" rel=\"noreferrer noopener\">pagina ei<\/a>\u00a0de Facebook.<\/p>\n\n\n\n<p>Vineri \u0219i s\u00e2mb\u0103t\u0103, trupa Alternosfera va urca pe scena Arenelor Romane cu show-uri ce s\u0103rb\u0103toresc noul album de studio &#8211; \u201eSteaguri f\u0103r\u0103 culori\u201d.<\/p>\n\n\n\n<p>\u201eSteaguri f\u0103r\u0103 culori\u2019 este numele celui de-al \u0219aptelea album Alternosfera \u0219i aduce \u00een prim plan modul \u00een care manipularea, propaganda, minciuna \u0219i teama se \u00eembin\u0103, iar rezultatul este o puternic\u0103 lovitur\u0103 dat\u0103 adev\u0103rului, care ajunge s\u0103 se piard\u0103 asemenea culorilor dintr-un steag sp\u0103lat\u201d, a transmis forma\u021bia.<\/p>\n\n\n\n<p>\u00cen deschiderea show-ului va concerta trupa Denorm din Republica Moldova.<\/p>\n\n\n\n<p><strong>CITE\u0218TE \u0218I: <a href=\"https:\/\/buletin.de\/bucuresti\/amenzi-de-aproape-400-000-de-lei-in-urma-controlului-anpc-din-sun-plaza\/\" target=\"_blank\" rel=\"noreferrer noopener\">Amenzi de aproape 400.000 de lei \u00een urma controlului ANPC \u00een Sun Plaza<\/a><\/strong><\/p>\n","protected":false},"excerpt":{"rendered":"<p>Irina Rimes, la Sala Palatului, Alina Eremia, la Sala Luceaf\u0103rul, \u0219i forma\u021bia Alternosfera, la Arenele Romane, sunt cele trei concerte de vineri seara \u00een Bucure\u0219ti. Irina Rimes revine la Sala Palatului cu conceptul ei muzical \u201eSufrageria Irinei\u201d, \u00een care va prezenta unele dintre cele mai apreciate melodii din discografia sa. \u201e\u00cencepe s\u0103 devin\u0103 deja o [&hellip;]<\/p>\n","protected":false},"author":1,"featured_media":119440,"comment_status":"closed","ping_status":"open","sticky":false,"template":"","format":"standard","meta":{"_acf_changed":false,"inline_featured_image":false,"ngg_post_thumbnail":0,"footnotes":""},"categories":[6994,1,62],"tags":[19337,19338,8762,19336,7414],"ppma_author":[22583],"class_list":["post-119438","post","type-post","status-publish","format-standard","has-post-thumbnail","hentry","category-stiri-2","category-diverse","category-stiri","tag-alina-eremia","tag-alternosfera","tag-arenele-romane","tag-irina-rimes","tag-sala-palatului"],"acf":[],"yoast_head":"<!-- This site is optimized with the Yoast SEO Premium plugin v25.3 (Yoast SEO v27.5) - https:\/\/yoast.com\/product\/yoast-seo-premium-wordpress\/ -->\n<title>Ce faci vineri seara \u00een Bucure\u0219ti: trei concerte cu Irina Rimes, Alina Eremia \u0219i Alternosfera - Buletin de Bucure\u0219ti<\/title>\n<meta name=\"description\" content=\"Irina Rimes, Alina Eremia \u0219i forma\u021bia Alternosfera sunt cele trei concerte de vineri seara \u00een Bucure\u0219ti. Ce po\u021bi vedea.\" \/>\n<meta name=\"robots\" content=\"index, follow, max-snippet:-1, max-image-preview:large, max-video-preview:-1\" \/>\n<link rel=\"canonical\" href=\"https:\/\/buletin.de\/bucuresti\/ce-faci-vineri-seara-in-bucuresti-trei-concerte-cu-irina-rimes-alina-eremia-si-alternofera\/\" \/>\n<meta property=\"og:locale\" content=\"en_GB\" \/>\n<meta property=\"og:type\" content=\"article\" \/>\n<meta property=\"og:title\" content=\"Ce faci vineri seara \u00een Bucure\u0219ti: trei concerte cu Irina Rimes, Alina Eremia \u0219i Alternosfera\" \/>\n<meta property=\"og:description\" content=\"Irina Rimes, Alina Eremia \u0219i forma\u021bia Alternosfera sunt cele trei concerte de vineri seara \u00een Bucure\u0219ti. Ce po\u021bi vedea.\" \/>\n<meta property=\"og:url\" content=\"https:\/\/buletin.de\/bucuresti\/ce-faci-vineri-seara-in-bucuresti-trei-concerte-cu-irina-rimes-alina-eremia-si-alternofera\/\" \/>\n<meta property=\"og:site_name\" content=\"Buletin de Bucure\u0219ti\" \/>\n<meta property=\"article:publisher\" content=\"https:\/\/www.facebook.com\/buletin.de.buc\" \/>\n<meta property=\"article:published_time\" content=\"2025-02-21T08:09:35+00:00\" \/>\n<meta property=\"article:modified_time\" content=\"2025-02-21T09:02:31+00:00\" \/>\n<meta property=\"og:image\" content=\"https:\/\/buletin.de\/bucuresti\/wp-content\/uploads\/Sufrageria-Irinei.webp\" \/>\n\t<meta property=\"og:image:width\" content=\"800\" \/>\n\t<meta property=\"og:image:height\" content=\"534\" \/>\n\t<meta property=\"og:image:type\" content=\"image\/webp\" \/>\n<meta name=\"author\" content=\"Redac\u021bia Buletin de Bucure\u0219ti\" \/>\n<meta name=\"twitter:card\" content=\"summary_large_image\" \/>\n<meta name=\"twitter:label1\" content=\"Written by\" \/>\n\t<meta name=\"twitter:data1\" content=\"Redac\u021bia Buletin de Bucure\u0219ti\" \/>\n\t<meta name=\"twitter:label2\" content=\"Estimated reading time\" \/>\n\t<meta name=\"twitter:data2\" content=\"2 minutes\" \/>\n<script type=\"application\/ld+json\" class=\"yoast-schema-graph\">{\"@context\":\"https:\\\/\\\/schema.org\",\"@graph\":[{\"@type\":\"Article\",\"@id\":\"https:\\\/\\\/buletin.de\\\/bucuresti\\\/ce-faci-vineri-seara-in-bucuresti-trei-concerte-cu-irina-rimes-alina-eremia-si-alternofera\\\/#article\",\"isPartOf\":{\"@id\":\"https:\\\/\\\/buletin.de\\\/bucuresti\\\/ce-faci-vineri-seara-in-bucuresti-trei-concerte-cu-irina-rimes-alina-eremia-si-alternofera\\\/\"},\"author\":{\"name\":\"Redac\u021bia Buletin de Bucure\u0219ti\",\"@id\":\"https:\\\/\\\/buletin.de\\\/bucuresti\\\/#\\\/schema\\\/person\\\/2bbcf854e5f2419a13804af574d06ab1\"},\"headline\":\"Ce faci vineri seara \u00een Bucure\u0219ti: trei concerte cu Irina Rimes, Alina Eremia \u0219i Alternosfera\",\"datePublished\":\"2025-02-21T08:09:35+00:00\",\"dateModified\":\"2025-02-21T09:02:31+00:00\",\"mainEntityOfPage\":{\"@id\":\"https:\\\/\\\/buletin.de\\\/bucuresti\\\/ce-faci-vineri-seara-in-bucuresti-trei-concerte-cu-irina-rimes-alina-eremia-si-alternofera\\\/\"},\"wordCount\":418,\"publisher\":{\"@id\":\"https:\\\/\\\/buletin.de\\\/bucuresti\\\/#organization\"},\"image\":{\"@id\":\"https:\\\/\\\/buletin.de\\\/bucuresti\\\/ce-faci-vineri-seara-in-bucuresti-trei-concerte-cu-irina-rimes-alina-eremia-si-alternofera\\\/#primaryimage\"},\"thumbnailUrl\":\"https:\\\/\\\/buletin.de\\\/bucuresti\\\/wp-content\\\/uploads\\\/Sufrageria-Irinei.webp\",\"keywords\":[\"alina eremia\",\"alternosfera\",\"Arenele Romane\",\"irina rimes\",\"Sala Palatului\"],\"articleSection\":[\"Articole\",\"Diverse\",\"\u0218tiri\"],\"inLanguage\":\"en-GB\",\"copyrightYear\":\"2025\",\"copyrightHolder\":{\"@id\":\"https:\\\/\\\/buletin.de\\\/bucuresti\\\/#organization\"}},{\"@type\":\"WebPage\",\"@id\":\"https:\\\/\\\/buletin.de\\\/bucuresti\\\/ce-faci-vineri-seara-in-bucuresti-trei-concerte-cu-irina-rimes-alina-eremia-si-alternofera\\\/\",\"url\":\"https:\\\/\\\/buletin.de\\\/bucuresti\\\/ce-faci-vineri-seara-in-bucuresti-trei-concerte-cu-irina-rimes-alina-eremia-si-alternofera\\\/\",\"name\":\"Ce faci vineri seara \u00een Bucure\u0219ti: trei concerte cu Irina Rimes, Alina Eremia \u0219i Alternosfera - Buletin de Bucure\u0219ti\",\"isPartOf\":{\"@id\":\"https:\\\/\\\/buletin.de\\\/bucuresti\\\/#website\"},\"primaryImageOfPage\":{\"@id\":\"https:\\\/\\\/buletin.de\\\/bucuresti\\\/ce-faci-vineri-seara-in-bucuresti-trei-concerte-cu-irina-rimes-alina-eremia-si-alternofera\\\/#primaryimage\"},\"image\":{\"@id\":\"https:\\\/\\\/buletin.de\\\/bucuresti\\\/ce-faci-vineri-seara-in-bucuresti-trei-concerte-cu-irina-rimes-alina-eremia-si-alternofera\\\/#primaryimage\"},\"thumbnailUrl\":\"https:\\\/\\\/buletin.de\\\/bucuresti\\\/wp-content\\\/uploads\\\/Sufrageria-Irinei.webp\",\"datePublished\":\"2025-02-21T08:09:35+00:00\",\"dateModified\":\"2025-02-21T09:02:31+00:00\",\"description\":\"Irina Rimes, Alina Eremia \u0219i forma\u021bia Alternosfera sunt cele trei concerte de vineri seara \u00een Bucure\u0219ti. Ce po\u021bi vedea.\",\"breadcrumb\":{\"@id\":\"https:\\\/\\\/buletin.de\\\/bucuresti\\\/ce-faci-vineri-seara-in-bucuresti-trei-concerte-cu-irina-rimes-alina-eremia-si-alternofera\\\/#breadcrumb\"},\"inLanguage\":\"en-GB\",\"potentialAction\":[{\"@type\":\"ReadAction\",\"target\":[\"https:\\\/\\\/buletin.de\\\/bucuresti\\\/ce-faci-vineri-seara-in-bucuresti-trei-concerte-cu-irina-rimes-alina-eremia-si-alternofera\\\/\"]}]},{\"@type\":\"ImageObject\",\"inLanguage\":\"en-GB\",\"@id\":\"https:\\\/\\\/buletin.de\\\/bucuresti\\\/ce-faci-vineri-seara-in-bucuresti-trei-concerte-cu-irina-rimes-alina-eremia-si-alternofera\\\/#primaryimage\",\"url\":\"https:\\\/\\\/buletin.de\\\/bucuresti\\\/wp-content\\\/uploads\\\/Sufrageria-Irinei.webp\",\"contentUrl\":\"https:\\\/\\\/buletin.de\\\/bucuresti\\\/wp-content\\\/uploads\\\/Sufrageria-Irinei.webp\",\"width\":800,\"height\":534,\"caption\":\"Sufrageria Irinei, vineri seara \u00een Bucure\u0219ti\"},{\"@type\":\"BreadcrumbList\",\"@id\":\"https:\\\/\\\/buletin.de\\\/bucuresti\\\/ce-faci-vineri-seara-in-bucuresti-trei-concerte-cu-irina-rimes-alina-eremia-si-alternofera\\\/#breadcrumb\",\"itemListElement\":[{\"@type\":\"ListItem\",\"position\":1,\"name\":\"Acas\u0103\",\"item\":\"https:\\\/\\\/buletin.de\\\/bucuresti\\\/\"},{\"@type\":\"ListItem\",\"position\":2,\"name\":\"Ce faci vineri seara \u00een Bucure\u0219ti: trei concerte cu Irina Rimes, Alina Eremia \u0219i Alternosfera\"}]},{\"@type\":\"WebSite\",\"@id\":\"https:\\\/\\\/buletin.de\\\/bucuresti\\\/#website\",\"url\":\"https:\\\/\\\/buletin.de\\\/bucuresti\\\/\",\"name\":\"Buletin de Bucure\u0219ti\",\"description\":\"\u0218tiri \u0219i investiga\u021bii esen\u021biale din capital\u0103\",\"publisher\":{\"@id\":\"https:\\\/\\\/buletin.de\\\/bucuresti\\\/#organization\"},\"potentialAction\":[{\"@type\":\"SearchAction\",\"target\":{\"@type\":\"EntryPoint\",\"urlTemplate\":\"https:\\\/\\\/buletin.de\\\/bucuresti\\\/?s={search_term_string}\"},\"query-input\":{\"@type\":\"PropertyValueSpecification\",\"valueRequired\":true,\"valueName\":\"search_term_string\"}}],\"inLanguage\":\"en-GB\"},{\"@type\":\"Organization\",\"@id\":\"https:\\\/\\\/buletin.de\\\/bucuresti\\\/#organization\",\"name\":\"Buletin de Bucure\u0219ti\",\"url\":\"https:\\\/\\\/buletin.de\\\/bucuresti\\\/\",\"logo\":{\"@type\":\"ImageObject\",\"inLanguage\":\"en-GB\",\"@id\":\"https:\\\/\\\/buletin.de\\\/bucuresti\\\/#\\\/schema\\\/logo\\\/image\\\/\",\"url\":\"https:\\\/\\\/buletin.de\\\/bucuresti\\\/wp-content\\\/uploads\\\/logo-bdb-full-wide-vernil-transparent.png\",\"contentUrl\":\"https:\\\/\\\/buletin.de\\\/bucuresti\\\/wp-content\\\/uploads\\\/logo-bdb-full-wide-vernil-transparent.png\",\"width\":1782,\"height\":626,\"caption\":\"Buletin de Bucure\u0219ti\"},\"image\":{\"@id\":\"https:\\\/\\\/buletin.de\\\/bucuresti\\\/#\\\/schema\\\/logo\\\/image\\\/\"},\"sameAs\":[\"https:\\\/\\\/www.facebook.com\\\/buletin.de.buc\",\"https:\\\/\\\/www.instagram.com\\\/buletinde.bucuresti\\\/\"]},{\"@type\":\"Person\",\"@id\":\"https:\\\/\\\/buletin.de\\\/bucuresti\\\/#\\\/schema\\\/person\\\/2bbcf854e5f2419a13804af574d06ab1\",\"name\":\"Redac\u021bia Buletin de Bucure\u0219ti\",\"image\":{\"@type\":\"ImageObject\",\"inLanguage\":\"en-GB\",\"@id\":\"https:\\\/\\\/secure.gravatar.com\\\/avatar\\\/18c5342381ed1a08620e6280424e3e5efc958618f5d67c522c9e44c1bc6f9226?s=96&d=monsterid&r=g60c7cd0ad92c68c049fcd4bb3504d609\",\"url\":\"https:\\\/\\\/secure.gravatar.com\\\/avatar\\\/18c5342381ed1a08620e6280424e3e5efc958618f5d67c522c9e44c1bc6f9226?s=96&d=monsterid&r=g\",\"contentUrl\":\"https:\\\/\\\/secure.gravatar.com\\\/avatar\\\/18c5342381ed1a08620e6280424e3e5efc958618f5d67c522c9e44c1bc6f9226?s=96&d=monsterid&r=g\",\"caption\":\"Redac\u021bia Buletin de Bucure\u0219ti\"},\"description\":\"Buletin de Bucure\u0219ti exist\u0103 din vara anului 2019.\",\"url\":\"https:\\\/\\\/buletin.de\\\/bucuresti\\\/author\\\/adminbuletin\\\/\"}]}<\/script>\n<!-- \/ Yoast SEO Premium plugin. -->","yoast_head_json":{"title":"Ce faci vineri seara \u00een Bucure\u0219ti: trei concerte cu Irina Rimes, Alina Eremia \u0219i Alternosfera - Buletin de Bucure\u0219ti","description":"Irina Rimes, Alina Eremia \u0219i forma\u021bia Alternosfera sunt cele trei concerte de vineri seara \u00een Bucure\u0219ti. Ce po\u021bi vedea.","robots":{"index":"index","follow":"follow","max-snippet":"max-snippet:-1","max-image-preview":"max-image-preview:large","max-video-preview":"max-video-preview:-1"},"canonical":"https:\/\/buletin.de\/bucuresti\/ce-faci-vineri-seara-in-bucuresti-trei-concerte-cu-irina-rimes-alina-eremia-si-alternofera\/","og_locale":"en_GB","og_type":"article","og_title":"Ce faci vineri seara \u00een Bucure\u0219ti: trei concerte cu Irina Rimes, Alina Eremia \u0219i Alternosfera","og_description":"Irina Rimes, Alina Eremia \u0219i forma\u021bia Alternosfera sunt cele trei concerte de vineri seara \u00een Bucure\u0219ti. Ce po\u021bi vedea.","og_url":"https:\/\/buletin.de\/bucuresti\/ce-faci-vineri-seara-in-bucuresti-trei-concerte-cu-irina-rimes-alina-eremia-si-alternofera\/","og_site_name":"Buletin de Bucure\u0219ti","article_publisher":"https:\/\/www.facebook.com\/buletin.de.buc","article_published_time":"2025-02-21T08:09:35+00:00","article_modified_time":"2025-02-21T09:02:31+00:00","og_image":[{"width":800,"height":534,"url":"https:\/\/buletin.de\/bucuresti\/wp-content\/uploads\/Sufrageria-Irinei.webp","type":"image\/webp"}],"author":"Redac\u021bia Buletin de Bucure\u0219ti","twitter_card":"summary_large_image","twitter_misc":{"Written by":"Redac\u021bia Buletin de Bucure\u0219ti","Estimated reading time":"2 minutes"},"schema":{"@context":"https:\/\/schema.org","@graph":[{"@type":"Article","@id":"https:\/\/buletin.de\/bucuresti\/ce-faci-vineri-seara-in-bucuresti-trei-concerte-cu-irina-rimes-alina-eremia-si-alternofera\/#article","isPartOf":{"@id":"https:\/\/buletin.de\/bucuresti\/ce-faci-vineri-seara-in-bucuresti-trei-concerte-cu-irina-rimes-alina-eremia-si-alternofera\/"},"author":{"name":"Redac\u021bia Buletin de Bucure\u0219ti","@id":"https:\/\/buletin.de\/bucuresti\/#\/schema\/person\/2bbcf854e5f2419a13804af574d06ab1"},"headline":"Ce faci vineri seara \u00een Bucure\u0219ti: trei concerte cu Irina Rimes, Alina Eremia \u0219i Alternosfera","datePublished":"2025-02-21T08:09:35+00:00","dateModified":"2025-02-21T09:02:31+00:00","mainEntityOfPage":{"@id":"https:\/\/buletin.de\/bucuresti\/ce-faci-vineri-seara-in-bucuresti-trei-concerte-cu-irina-rimes-alina-eremia-si-alternofera\/"},"wordCount":418,"publisher":{"@id":"https:\/\/buletin.de\/bucuresti\/#organization"},"image":{"@id":"https:\/\/buletin.de\/bucuresti\/ce-faci-vineri-seara-in-bucuresti-trei-concerte-cu-irina-rimes-alina-eremia-si-alternofera\/#primaryimage"},"thumbnailUrl":"https:\/\/buletin.de\/bucuresti\/wp-content\/uploads\/Sufrageria-Irinei.webp","keywords":["alina eremia","alternosfera","Arenele Romane","irina rimes","Sala Palatului"],"articleSection":["Articole","Diverse","\u0218tiri"],"inLanguage":"en-GB","copyrightYear":"2025","copyrightHolder":{"@id":"https:\/\/buletin.de\/bucuresti\/#organization"}},{"@type":"WebPage","@id":"https:\/\/buletin.de\/bucuresti\/ce-faci-vineri-seara-in-bucuresti-trei-concerte-cu-irina-rimes-alina-eremia-si-alternofera\/","url":"https:\/\/buletin.de\/bucuresti\/ce-faci-vineri-seara-in-bucuresti-trei-concerte-cu-irina-rimes-alina-eremia-si-alternofera\/","name":"Ce faci vineri seara \u00een Bucure\u0219ti: trei concerte cu Irina Rimes, Alina Eremia \u0219i Alternosfera - Buletin de Bucure\u0219ti","isPartOf":{"@id":"https:\/\/buletin.de\/bucuresti\/#website"},"primaryImageOfPage":{"@id":"https:\/\/buletin.de\/bucuresti\/ce-faci-vineri-seara-in-bucuresti-trei-concerte-cu-irina-rimes-alina-eremia-si-alternofera\/#primaryimage"},"image":{"@id":"https:\/\/buletin.de\/bucuresti\/ce-faci-vineri-seara-in-bucuresti-trei-concerte-cu-irina-rimes-alina-eremia-si-alternofera\/#primaryimage"},"thumbnailUrl":"https:\/\/buletin.de\/bucuresti\/wp-content\/uploads\/Sufrageria-Irinei.webp","datePublished":"2025-02-21T08:09:35+00:00","dateModified":"2025-02-21T09:02:31+00:00","description":"Irina Rimes, Alina Eremia \u0219i forma\u021bia Alternosfera sunt cele trei concerte de vineri seara \u00een Bucure\u0219ti. Ce po\u021bi vedea.","breadcrumb":{"@id":"https:\/\/buletin.de\/bucuresti\/ce-faci-vineri-seara-in-bucuresti-trei-concerte-cu-irina-rimes-alina-eremia-si-alternofera\/#breadcrumb"},"inLanguage":"en-GB","potentialAction":[{"@type":"ReadAction","target":["https:\/\/buletin.de\/bucuresti\/ce-faci-vineri-seara-in-bucuresti-trei-concerte-cu-irina-rimes-alina-eremia-si-alternofera\/"]}]},{"@type":"ImageObject","inLanguage":"en-GB","@id":"https:\/\/buletin.de\/bucuresti\/ce-faci-vineri-seara-in-bucuresti-trei-concerte-cu-irina-rimes-alina-eremia-si-alternofera\/#primaryimage","url":"https:\/\/buletin.de\/bucuresti\/wp-content\/uploads\/Sufrageria-Irinei.webp","contentUrl":"https:\/\/buletin.de\/bucuresti\/wp-content\/uploads\/Sufrageria-Irinei.webp","width":800,"height":534,"caption":"Sufrageria Irinei, vineri seara \u00een Bucure\u0219ti"},{"@type":"BreadcrumbList","@id":"https:\/\/buletin.de\/bucuresti\/ce-faci-vineri-seara-in-bucuresti-trei-concerte-cu-irina-rimes-alina-eremia-si-alternofera\/#breadcrumb","itemListElement":[{"@type":"ListItem","position":1,"name":"Acas\u0103","item":"https:\/\/buletin.de\/bucuresti\/"},{"@type":"ListItem","position":2,"name":"Ce faci vineri seara \u00een Bucure\u0219ti: trei concerte cu Irina Rimes, Alina Eremia \u0219i Alternosfera"}]},{"@type":"WebSite","@id":"https:\/\/buletin.de\/bucuresti\/#website","url":"https:\/\/buletin.de\/bucuresti\/","name":"Buletin de Bucure\u0219ti","description":"\u0218tiri \u0219i investiga\u021bii esen\u021biale din capital\u0103","publisher":{"@id":"https:\/\/buletin.de\/bucuresti\/#organization"},"potentialAction":[{"@type":"SearchAction","target":{"@type":"EntryPoint","urlTemplate":"https:\/\/buletin.de\/bucuresti\/?s={search_term_string}"},"query-input":{"@type":"PropertyValueSpecification","valueRequired":true,"valueName":"search_term_string"}}],"inLanguage":"en-GB"},{"@type":"Organization","@id":"https:\/\/buletin.de\/bucuresti\/#organization","name":"Buletin de Bucure\u0219ti","url":"https:\/\/buletin.de\/bucuresti\/","logo":{"@type":"ImageObject","inLanguage":"en-GB","@id":"https:\/\/buletin.de\/bucuresti\/#\/schema\/logo\/image\/","url":"https:\/\/buletin.de\/bucuresti\/wp-content\/uploads\/logo-bdb-full-wide-vernil-transparent.png","contentUrl":"https:\/\/buletin.de\/bucuresti\/wp-content\/uploads\/logo-bdb-full-wide-vernil-transparent.png","width":1782,"height":626,"caption":"Buletin de Bucure\u0219ti"},"image":{"@id":"https:\/\/buletin.de\/bucuresti\/#\/schema\/logo\/image\/"},"sameAs":["https:\/\/www.facebook.com\/buletin.de.buc","https:\/\/www.instagram.com\/buletinde.bucuresti\/"]},{"@type":"Person","@id":"https:\/\/buletin.de\/bucuresti\/#\/schema\/person\/2bbcf854e5f2419a13804af574d06ab1","name":"Redac\u021bia Buletin de Bucure\u0219ti","image":{"@type":"ImageObject","inLanguage":"en-GB","@id":"https:\/\/secure.gravatar.com\/avatar\/18c5342381ed1a08620e6280424e3e5efc958618f5d67c522c9e44c1bc6f9226?s=96&d=monsterid&r=g60c7cd0ad92c68c049fcd4bb3504d609","url":"https:\/\/secure.gravatar.com\/avatar\/18c5342381ed1a08620e6280424e3e5efc958618f5d67c522c9e44c1bc6f9226?s=96&d=monsterid&r=g","contentUrl":"https:\/\/secure.gravatar.com\/avatar\/18c5342381ed1a08620e6280424e3e5efc958618f5d67c522c9e44c1bc6f9226?s=96&d=monsterid&r=g","caption":"Redac\u021bia Buletin de Bucure\u0219ti"},"description":"Buletin de Bucure\u0219ti exist\u0103 din vara anului 2019.","url":"https:\/\/buletin.de\/bucuresti\/author\/adminbuletin\/"}]}},"authors":[{"term_id":22583,"user_id":1,"is_guest":0,"slug":"adminbuletin","display_name":"Redac\u021bia Buletin de Bucure\u0219ti","avatar_url":"https:\/\/secure.gravatar.com\/avatar\/18c5342381ed1a08620e6280424e3e5efc958618f5d67c522c9e44c1bc6f9226?s=96&d=monsterid&r=g","0":null,"1":"","2":"","3":"","4":"","5":"","6":"","7":"","8":""}],"_links":{"self":[{"href":"https:\/\/buletin.de\/bucuresti\/wp-json\/wp\/v2\/posts\/119438","targetHints":{"allow":["GET"]}}],"collection":[{"href":"https:\/\/buletin.de\/bucuresti\/wp-json\/wp\/v2\/posts"}],"about":[{"href":"https:\/\/buletin.de\/bucuresti\/wp-json\/wp\/v2\/types\/post"}],"author":[{"embeddable":true,"href":"https:\/\/buletin.de\/bucuresti\/wp-json\/wp\/v2\/users\/1"}],"replies":[{"embeddable":true,"href":"https:\/\/buletin.de\/bucuresti\/wp-json\/wp\/v2\/comments?post=119438"}],"version-history":[{"count":5,"href":"https:\/\/buletin.de\/bucuresti\/wp-json\/wp\/v2\/posts\/119438\/revisions"}],"predecessor-version":[{"id":119461,"href":"https:\/\/buletin.de\/bucuresti\/wp-json\/wp\/v2\/posts\/119438\/revisions\/119461"}],"wp:featuredmedia":[{"embeddable":true,"href":"https:\/\/buletin.de\/bucuresti\/wp-json\/wp\/v2\/media\/119440"}],"wp:attachment":[{"href":"https:\/\/buletin.de\/bucuresti\/wp-json\/wp\/v2\/media?parent=119438"}],"wp:term":[{"taxonomy":"category","embeddable":true,"href":"https:\/\/buletin.de\/bucuresti\/wp-json\/wp\/v2\/categories?post=119438"},{"taxonomy":"post_tag","embeddable":true,"href":"https:\/\/buletin.de\/bucuresti\/wp-json\/wp\/v2\/tags?post=119438"},{"taxonomy":"author","embeddable":true,"href":"https:\/\/buletin.de\/bucuresti\/wp-json\/wp\/v2\/ppma_author?post=119438"}],"curies":[{"name":"wp","href":"https:\/\/api.w.org\/{rel}","templated":true}]}}