{"id":119345,"date":"2025-02-22T08:40:32","date_gmt":"2025-02-22T05:40:32","guid":{"rendered":"https:\/\/buletin.de\/bucuresti\/?p=119345"},"modified":"2025-02-22T10:56:29","modified_gmt":"2025-02-22T07:56:29","slug":"lucrarile-de-reabilitare-de-la-maternitatea-polizu-sunt-aproape-gata","status":"publish","type":"post","link":"https:\/\/buletin.de\/bucuresti\/lucrarile-de-reabilitare-de-la-maternitatea-polizu-sunt-aproape-gata\/","title":{"rendered":"Lucr\u0103rile de reabilitare de la Maternitatea Polizu sunt aproape gata"},"content":{"rendered":"\n<p><strong>Lucr\u0103rile de reabilitare \u0219i dotare de la Maternitatea Polizu sunt aproape gata. Asocia\u021bia Salva\u021bi Copiii anun\u021b\u0103 c\u0103 a investit peste 3 milioane de euro \u00een modernizarea \u0219i dotarea Sec\u021biei de Terapie Intensiv\u0103, a Blocului Operator \u0219i a Sec\u021biei Obstetric\u0103-Ginecologie 4.<\/strong><\/p>\n\n\n\n<p>\u00cen urma lucr\u0103rilor, de aparatur\u0103 medical\u0103 nou\u0103 va beneficia \u0219i sec\u021bia de neonatologie din cadrul institu\u021biei, se arat\u0103 \u00eentr-un comunicat al <a href=\"https:\/\/www.facebook.com\/SalvatiCopiiiRomania\/posts\/1054992936665737?ref=embed_post\">Salva\u021bi Copiii Rom\u00e2nia<\/a>.<\/p>\n\n\n\n<p>Potrivit reprezentan\u021bilor asocia\u021biei, lucr\u0103rile au vizat refacerea instala\u021biilor electrice, termice \u0219i sanitare, dar \u0219i sistemele de ventila\u021bie, \u0219i climatizare. Mai mult, s\u0103lile de opera\u021bie au fost modernizare, iar echipamentele medicale au fost \u00eenlocuite cu dispozitive de ultim\u0103 genera\u021bie.<\/p>\n\n\n\n<p><strong>Lucr\u0103rile de refacere de la Maternitatea Polizu au venit ca r\u0103spuns dup\u0103 ce \u00een ultimii 40 de ani Blocul Operator \u0219i sec\u021bia de Anestezie \u0219i Terapie Intensiv\u0103 nu au mai beneficiat de investi\u021bii.<\/strong><\/p>\n\n\n\n<div class=\"wp-block-buttons is-content-justification-center is-layout-flex wp-container-core-buttons-is-layout-16018d1d wp-block-buttons-is-layout-flex\">\n<div class=\"wp-block-button has-custom-width wp-block-button__width-100\"><a class=\"wp-block-button__link wp-element-button\" href=\"https:\/\/www.patreon.com\/BuletinDeBucuresti\"><strong>Sus\u021bine Buletin de Bucure\u0219ti pentru investiga\u021bii, reportaje \u0219i \u0219tiri Locale<\/strong><\/a><\/div>\n<\/div>\n\n\n\n<p>De asemenea, \u00een timpul lucr\u0103rilor, pentru a garanta siguran\u021ba \u0219i confortul at\u00e2t al mamelor c\u00e2t \u0219i al micilor pacien\u021bi sala de opera\u021bii din cadrul Centrului de Excelen\u021b\u0103 al Maternit\u0103\u021bii Polizu \u0219i Unitatea de Transfuzii Sanguine au fost relocate. <\/p>\n\n\n\n<p>Ambele sec\u021bii c\u00e2t \u0219i pacien\u021bii urmeaz\u0103 s\u0103 se \u00eentoarc\u0103 \u00een amplasamentul ini\u021bial, din Str. Gheorghe Polizu, imediat ce lucr\u0103rile de renovare vor fi finalizate.<\/p>\n\n\n\n<h2 class=\"wp-block-heading\" id=\"h-cum-po\u021bi-contribui-pentru-maternitatea-polizu-\u0219i-alte-spitale\">Cum po\u021bi contribui pentru Maternitatea Polizu \u0219i alte spitale<\/h2>\n\n\n\n<p>Eforturile pentru utilarea spitalelor continu\u0103, dup\u0103 ce anul trecut \u0219ase spitale din Capital\u0103 au primit echipamente pentru nou-n\u0103scu\u021bi. Printre acestea se num\u0103r\u0103 Spitalul Clinic de Urgen\u021b\u0103 pentru Copii Marie Sklodowska Curie dar \u0219i Spitalul Clinic \u201eFilantropia\u201d.<\/p>\n\n\n\n<p>Cei care \u00ee\u0219i doresc s\u0103 contribuie la activitatea Asocia\u021biei Salva\u021bi Copiii de reducere a mortalit\u0103\u021bii infantile pot redirec\u021biona 3,5% din impozitul pe venit c\u0103tre organiza\u021bie. Banii str\u00e2n\u0219i vor fi utiliza\u021bi pentru dotarea \u0219i modernizarea unit\u0103\u021bilor medicale.<\/p>\n\n\n\n<p>De asemenea, doritorii au la dispozi\u021bie \u0219i dona\u021bia lunar\u0103 prin SMS la num\u0103rul 8844 cu textul SALVEZ, dar \u0219i dona\u021bia prin transfer bancar. Mai mult, Salva\u021bi Copiii organizeaz\u0103 \u0219i activit\u0103\u021bi de voluntariat la care particip\u0103 deja peste 2500 de voluntari din toat\u0103 \u021bara.<\/p>\n\n\n\n<p>CITE\u0218TE \u0218I <a href=\"https:\/\/buletin.de\/bucuresti\/ancheta-dna-in-bucuresti-si-constanta-impreuna-cu-ncis-ul-american\/\">Anchet\u0103 DNA \u00een Bucure\u0219ti \u0219i Constan\u021ba, \u00eempreun\u0103 cu NCIS-ul american<\/a><\/p>\n","protected":false},"excerpt":{"rendered":"<p>Lucr\u0103rile de reabilitare \u0219i dotare de la Maternitatea Polizu sunt aproape gata. Asocia\u021bia Salva\u021bi Copiii anun\u021b\u0103 c\u0103 a investit peste 3 milioane de euro \u00een modernizarea \u0219i dotarea Sec\u021biei de Terapie Intensiv\u0103, a Blocului Operator \u0219i a Sec\u021biei Obstetric\u0103-Ginecologie 4. \u00cen urma lucr\u0103rilor, de aparatur\u0103 medical\u0103 nou\u0103 va beneficia \u0219i sec\u021bia de neonatologie din cadrul [&hellip;]<\/p>\n","protected":false},"author":61,"featured_media":119646,"comment_status":"closed","ping_status":"open","sticky":false,"template":"","format":"standard","meta":{"_acf_changed":false,"inline_featured_image":false,"ngg_post_thumbnail":0,"footnotes":""},"categories":[6994,4,62],"tags":[1001,439,9490,5694,1402],"ppma_author":[22577],"class_list":["post-119345","post","type-post","status-publish","format-standard","has-post-thumbnail","hentry","category-stiri-2","category-sanatate","category-stiri","tag-finalizare","tag-lucrari","tag-maternitate","tag-polizu","tag-reabilitare"],"acf":[],"yoast_head":"<!-- This site is optimized with the Yoast SEO Premium plugin v25.3 (Yoast SEO v27.4) - https:\/\/yoast.com\/product\/yoast-seo-premium-wordpress\/ -->\n<title>Lucr\u0103rile de reabilitare de la Maternitatea Polizu sunt aproape gata - Buletin de Bucure\u0219ti<\/title>\n<meta name=\"description\" content=\"Lucr\u0103rile de reabilitare \u0219i dotare de la Maternitatea Polizu sunt aproape gata. S-au investit peste 3 milioane de euro.\" \/>\n<meta name=\"robots\" content=\"index, follow, max-snippet:-1, max-image-preview:large, max-video-preview:-1\" \/>\n<link rel=\"canonical\" href=\"https:\/\/buletin.de\/bucuresti\/lucrarile-de-reabilitare-de-la-maternitatea-polizu-sunt-aproape-gata\/\" \/>\n<meta property=\"og:locale\" content=\"en_GB\" \/>\n<meta property=\"og:type\" content=\"article\" \/>\n<meta property=\"og:title\" content=\"Lucr\u0103rile de reabilitare de la Maternitatea Polizu sunt aproape gata\" \/>\n<meta property=\"og:description\" content=\"Lucr\u0103rile de reabilitare \u0219i dotare de la Maternitatea Polizu sunt aproape gata. S-au investit peste 3 milioane de euro.\" \/>\n<meta property=\"og:url\" content=\"https:\/\/buletin.de\/bucuresti\/lucrarile-de-reabilitare-de-la-maternitatea-polizu-sunt-aproape-gata\/\" \/>\n<meta property=\"og:site_name\" content=\"Buletin de Bucure\u0219ti\" \/>\n<meta property=\"article:publisher\" content=\"https:\/\/www.facebook.com\/buletin.de.buc\" \/>\n<meta property=\"article:published_time\" content=\"2025-02-22T05:40:32+00:00\" \/>\n<meta property=\"article:modified_time\" content=\"2025-02-22T07:56:29+00:00\" \/>\n<meta property=\"og:image\" content=\"https:\/\/buletin.de\/bucuresti\/wp-content\/uploads\/2018-03-02.jpg\" \/>\n\t<meta property=\"og:image:width\" content=\"963\" \/>\n\t<meta property=\"og:image:height\" content=\"716\" \/>\n\t<meta property=\"og:image:type\" content=\"image\/jpeg\" \/>\n<meta name=\"author\" content=\"Alexandru Stan\" \/>\n<meta name=\"twitter:card\" content=\"summary_large_image\" \/>\n<meta name=\"twitter:label1\" content=\"Written by\" \/>\n\t<meta name=\"twitter:data1\" content=\"Alexandru Stan\" \/>\n\t<meta name=\"twitter:label2\" content=\"Estimated reading time\" \/>\n\t<meta name=\"twitter:data2\" content=\"2 minutes\" \/>\n<script type=\"application\/ld+json\" class=\"yoast-schema-graph\">{\"@context\":\"https:\\\/\\\/schema.org\",\"@graph\":[{\"@type\":\"Article\",\"@id\":\"https:\\\/\\\/buletin.de\\\/bucuresti\\\/lucrarile-de-reabilitare-de-la-maternitatea-polizu-sunt-aproape-gata\\\/#article\",\"isPartOf\":{\"@id\":\"https:\\\/\\\/buletin.de\\\/bucuresti\\\/lucrarile-de-reabilitare-de-la-maternitatea-polizu-sunt-aproape-gata\\\/\"},\"author\":{\"name\":\"Alexandru Stan\",\"@id\":\"https:\\\/\\\/buletin.de\\\/bucuresti\\\/#\\\/schema\\\/person\\\/104a46bbe8be6e336fecf63974383951\"},\"headline\":\"Lucr\u0103rile de reabilitare de la Maternitatea Polizu sunt aproape gata\",\"datePublished\":\"2025-02-22T05:40:32+00:00\",\"dateModified\":\"2025-02-22T07:56:29+00:00\",\"mainEntityOfPage\":{\"@id\":\"https:\\\/\\\/buletin.de\\\/bucuresti\\\/lucrarile-de-reabilitare-de-la-maternitatea-polizu-sunt-aproape-gata\\\/\"},\"wordCount\":409,\"publisher\":{\"@id\":\"https:\\\/\\\/buletin.de\\\/bucuresti\\\/#organization\"},\"image\":{\"@id\":\"https:\\\/\\\/buletin.de\\\/bucuresti\\\/lucrarile-de-reabilitare-de-la-maternitatea-polizu-sunt-aproape-gata\\\/#primaryimage\"},\"thumbnailUrl\":\"https:\\\/\\\/buletin.de\\\/bucuresti\\\/wp-content\\\/uploads\\\/2018-03-02.jpg\",\"keywords\":[\"finalizare\",\"lucrari\",\"Maternitate\",\"polizu\",\"reabilitare\"],\"articleSection\":[\"Articole\",\"S\u0103n\u0103tate\",\"\u0218tiri\"],\"inLanguage\":\"en-GB\",\"copyrightYear\":\"2025\",\"copyrightHolder\":{\"@id\":\"https:\\\/\\\/buletin.de\\\/bucuresti\\\/#organization\"}},{\"@type\":\"WebPage\",\"@id\":\"https:\\\/\\\/buletin.de\\\/bucuresti\\\/lucrarile-de-reabilitare-de-la-maternitatea-polizu-sunt-aproape-gata\\\/\",\"url\":\"https:\\\/\\\/buletin.de\\\/bucuresti\\\/lucrarile-de-reabilitare-de-la-maternitatea-polizu-sunt-aproape-gata\\\/\",\"name\":\"Lucr\u0103rile de reabilitare de la Maternitatea Polizu sunt aproape gata - Buletin de Bucure\u0219ti\",\"isPartOf\":{\"@id\":\"https:\\\/\\\/buletin.de\\\/bucuresti\\\/#website\"},\"primaryImageOfPage\":{\"@id\":\"https:\\\/\\\/buletin.de\\\/bucuresti\\\/lucrarile-de-reabilitare-de-la-maternitatea-polizu-sunt-aproape-gata\\\/#primaryimage\"},\"image\":{\"@id\":\"https:\\\/\\\/buletin.de\\\/bucuresti\\\/lucrarile-de-reabilitare-de-la-maternitatea-polizu-sunt-aproape-gata\\\/#primaryimage\"},\"thumbnailUrl\":\"https:\\\/\\\/buletin.de\\\/bucuresti\\\/wp-content\\\/uploads\\\/2018-03-02.jpg\",\"datePublished\":\"2025-02-22T05:40:32+00:00\",\"dateModified\":\"2025-02-22T07:56:29+00:00\",\"description\":\"Lucr\u0103rile de reabilitare \u0219i dotare de la Maternitatea Polizu sunt aproape gata. S-au investit peste 3 milioane de euro.\",\"breadcrumb\":{\"@id\":\"https:\\\/\\\/buletin.de\\\/bucuresti\\\/lucrarile-de-reabilitare-de-la-maternitatea-polizu-sunt-aproape-gata\\\/#breadcrumb\"},\"inLanguage\":\"en-GB\",\"potentialAction\":[{\"@type\":\"ReadAction\",\"target\":[\"https:\\\/\\\/buletin.de\\\/bucuresti\\\/lucrarile-de-reabilitare-de-la-maternitatea-polizu-sunt-aproape-gata\\\/\"]}]},{\"@type\":\"ImageObject\",\"inLanguage\":\"en-GB\",\"@id\":\"https:\\\/\\\/buletin.de\\\/bucuresti\\\/lucrarile-de-reabilitare-de-la-maternitatea-polizu-sunt-aproape-gata\\\/#primaryimage\",\"url\":\"https:\\\/\\\/buletin.de\\\/bucuresti\\\/wp-content\\\/uploads\\\/2018-03-02.jpg\",\"contentUrl\":\"https:\\\/\\\/buletin.de\\\/bucuresti\\\/wp-content\\\/uploads\\\/2018-03-02.jpg\",\"width\":963,\"height\":716,\"caption\":\"Lucr\u0103rile de reabilitare de la Maternitatea Polizu sunt aproape gata. FOTO: insmc.ro\"},{\"@type\":\"BreadcrumbList\",\"@id\":\"https:\\\/\\\/buletin.de\\\/bucuresti\\\/lucrarile-de-reabilitare-de-la-maternitatea-polizu-sunt-aproape-gata\\\/#breadcrumb\",\"itemListElement\":[{\"@type\":\"ListItem\",\"position\":1,\"name\":\"Acas\u0103\",\"item\":\"https:\\\/\\\/buletin.de\\\/bucuresti\\\/\"},{\"@type\":\"ListItem\",\"position\":2,\"name\":\"Lucr\u0103rile de reabilitare de la Maternitatea Polizu sunt aproape gata\"}]},{\"@type\":\"WebSite\",\"@id\":\"https:\\\/\\\/buletin.de\\\/bucuresti\\\/#website\",\"url\":\"https:\\\/\\\/buletin.de\\\/bucuresti\\\/\",\"name\":\"Buletin de Bucure\u0219ti\",\"description\":\"\u0218tiri \u0219i investiga\u021bii esen\u021biale din capital\u0103\",\"publisher\":{\"@id\":\"https:\\\/\\\/buletin.de\\\/bucuresti\\\/#organization\"},\"potentialAction\":[{\"@type\":\"SearchAction\",\"target\":{\"@type\":\"EntryPoint\",\"urlTemplate\":\"https:\\\/\\\/buletin.de\\\/bucuresti\\\/?s={search_term_string}\"},\"query-input\":{\"@type\":\"PropertyValueSpecification\",\"valueRequired\":true,\"valueName\":\"search_term_string\"}}],\"inLanguage\":\"en-GB\"},{\"@type\":\"Organization\",\"@id\":\"https:\\\/\\\/buletin.de\\\/bucuresti\\\/#organization\",\"name\":\"Buletin de Bucure\u0219ti\",\"url\":\"https:\\\/\\\/buletin.de\\\/bucuresti\\\/\",\"logo\":{\"@type\":\"ImageObject\",\"inLanguage\":\"en-GB\",\"@id\":\"https:\\\/\\\/buletin.de\\\/bucuresti\\\/#\\\/schema\\\/logo\\\/image\\\/\",\"url\":\"https:\\\/\\\/buletin.de\\\/bucuresti\\\/wp-content\\\/uploads\\\/logo-bdb-full-wide-vernil-transparent.png\",\"contentUrl\":\"https:\\\/\\\/buletin.de\\\/bucuresti\\\/wp-content\\\/uploads\\\/logo-bdb-full-wide-vernil-transparent.png\",\"width\":1782,\"height\":626,\"caption\":\"Buletin de Bucure\u0219ti\"},\"image\":{\"@id\":\"https:\\\/\\\/buletin.de\\\/bucuresti\\\/#\\\/schema\\\/logo\\\/image\\\/\"},\"sameAs\":[\"https:\\\/\\\/www.facebook.com\\\/buletin.de.buc\",\"https:\\\/\\\/www.instagram.com\\\/buletinde.bucuresti\\\/\"]},{\"@type\":\"Person\",\"@id\":\"https:\\\/\\\/buletin.de\\\/bucuresti\\\/#\\\/schema\\\/person\\\/104a46bbe8be6e336fecf63974383951\",\"name\":\"Alexandru Stan\",\"image\":{\"@type\":\"ImageObject\",\"inLanguage\":\"en-GB\",\"@id\":\"https:\\\/\\\/buletin.de\\\/bucuresti\\\/wp-content\\\/uploads\\\/2025\\\/12\\\/IMG-20251216-WA0045-e1766134343668-96x96.jpgd0ca12809ae3e1d27116a2afe8926544\",\"url\":\"https:\\\/\\\/buletin.de\\\/bucuresti\\\/wp-content\\\/uploads\\\/2025\\\/12\\\/IMG-20251216-WA0045-e1766134343668-96x96.jpg\",\"contentUrl\":\"https:\\\/\\\/buletin.de\\\/bucuresti\\\/wp-content\\\/uploads\\\/2025\\\/12\\\/IMG-20251216-WA0045-e1766134343668-96x96.jpg\",\"caption\":\"Alexandru Stan\"},\"description\":\"Sunt elev la un colegiu de prestigiu din Capital\u0103 \u0219i reporter la Buletin de Bucure\u0219ti. M-am n\u0103scut \u0219i am crescut cu m\u00e2ndrie \u00een Capital\u0103, ora\u0219 al pove\u0219tilor, al tramvaiului tras de cai \u0219i al c\u0103su\u021belor cu porti\u021b\u0103 \u0219i ci\u0219mea. Prin articolele mele, m\u0103 str\u0103duiesc s\u0103 descriu cu acurate\u021be via\u021ba din Bucure\u0219ti pe ecranele cititorilor no\u0219tri \u0219i \u00eencerc totodat\u0103 s\u0103 fac accesibile subiecte de interes general tuturor, de la mic la mare.\",\"url\":\"https:\\\/\\\/buletin.de\\\/bucuresti\\\/author\\\/alexandru-stan\\\/\"}]}<\/script>\n<!-- \/ Yoast SEO Premium plugin. -->","yoast_head_json":{"title":"Lucr\u0103rile de reabilitare de la Maternitatea Polizu sunt aproape gata - Buletin de Bucure\u0219ti","description":"Lucr\u0103rile de reabilitare \u0219i dotare de la Maternitatea Polizu sunt aproape gata. S-au investit peste 3 milioane de euro.","robots":{"index":"index","follow":"follow","max-snippet":"max-snippet:-1","max-image-preview":"max-image-preview:large","max-video-preview":"max-video-preview:-1"},"canonical":"https:\/\/buletin.de\/bucuresti\/lucrarile-de-reabilitare-de-la-maternitatea-polizu-sunt-aproape-gata\/","og_locale":"en_GB","og_type":"article","og_title":"Lucr\u0103rile de reabilitare de la Maternitatea Polizu sunt aproape gata","og_description":"Lucr\u0103rile de reabilitare \u0219i dotare de la Maternitatea Polizu sunt aproape gata. S-au investit peste 3 milioane de euro.","og_url":"https:\/\/buletin.de\/bucuresti\/lucrarile-de-reabilitare-de-la-maternitatea-polizu-sunt-aproape-gata\/","og_site_name":"Buletin de Bucure\u0219ti","article_publisher":"https:\/\/www.facebook.com\/buletin.de.buc","article_published_time":"2025-02-22T05:40:32+00:00","article_modified_time":"2025-02-22T07:56:29+00:00","og_image":[{"width":963,"height":716,"url":"https:\/\/buletin.de\/bucuresti\/wp-content\/uploads\/2018-03-02.jpg","type":"image\/jpeg"}],"author":"Alexandru Stan","twitter_card":"summary_large_image","twitter_misc":{"Written by":"Alexandru Stan","Estimated reading time":"2 minutes"},"schema":{"@context":"https:\/\/schema.org","@graph":[{"@type":"Article","@id":"https:\/\/buletin.de\/bucuresti\/lucrarile-de-reabilitare-de-la-maternitatea-polizu-sunt-aproape-gata\/#article","isPartOf":{"@id":"https:\/\/buletin.de\/bucuresti\/lucrarile-de-reabilitare-de-la-maternitatea-polizu-sunt-aproape-gata\/"},"author":{"name":"Alexandru Stan","@id":"https:\/\/buletin.de\/bucuresti\/#\/schema\/person\/104a46bbe8be6e336fecf63974383951"},"headline":"Lucr\u0103rile de reabilitare de la Maternitatea Polizu sunt aproape gata","datePublished":"2025-02-22T05:40:32+00:00","dateModified":"2025-02-22T07:56:29+00:00","mainEntityOfPage":{"@id":"https:\/\/buletin.de\/bucuresti\/lucrarile-de-reabilitare-de-la-maternitatea-polizu-sunt-aproape-gata\/"},"wordCount":409,"publisher":{"@id":"https:\/\/buletin.de\/bucuresti\/#organization"},"image":{"@id":"https:\/\/buletin.de\/bucuresti\/lucrarile-de-reabilitare-de-la-maternitatea-polizu-sunt-aproape-gata\/#primaryimage"},"thumbnailUrl":"https:\/\/buletin.de\/bucuresti\/wp-content\/uploads\/2018-03-02.jpg","keywords":["finalizare","lucrari","Maternitate","polizu","reabilitare"],"articleSection":["Articole","S\u0103n\u0103tate","\u0218tiri"],"inLanguage":"en-GB","copyrightYear":"2025","copyrightHolder":{"@id":"https:\/\/buletin.de\/bucuresti\/#organization"}},{"@type":"WebPage","@id":"https:\/\/buletin.de\/bucuresti\/lucrarile-de-reabilitare-de-la-maternitatea-polizu-sunt-aproape-gata\/","url":"https:\/\/buletin.de\/bucuresti\/lucrarile-de-reabilitare-de-la-maternitatea-polizu-sunt-aproape-gata\/","name":"Lucr\u0103rile de reabilitare de la Maternitatea Polizu sunt aproape gata - Buletin de Bucure\u0219ti","isPartOf":{"@id":"https:\/\/buletin.de\/bucuresti\/#website"},"primaryImageOfPage":{"@id":"https:\/\/buletin.de\/bucuresti\/lucrarile-de-reabilitare-de-la-maternitatea-polizu-sunt-aproape-gata\/#primaryimage"},"image":{"@id":"https:\/\/buletin.de\/bucuresti\/lucrarile-de-reabilitare-de-la-maternitatea-polizu-sunt-aproape-gata\/#primaryimage"},"thumbnailUrl":"https:\/\/buletin.de\/bucuresti\/wp-content\/uploads\/2018-03-02.jpg","datePublished":"2025-02-22T05:40:32+00:00","dateModified":"2025-02-22T07:56:29+00:00","description":"Lucr\u0103rile de reabilitare \u0219i dotare de la Maternitatea Polizu sunt aproape gata. S-au investit peste 3 milioane de euro.","breadcrumb":{"@id":"https:\/\/buletin.de\/bucuresti\/lucrarile-de-reabilitare-de-la-maternitatea-polizu-sunt-aproape-gata\/#breadcrumb"},"inLanguage":"en-GB","potentialAction":[{"@type":"ReadAction","target":["https:\/\/buletin.de\/bucuresti\/lucrarile-de-reabilitare-de-la-maternitatea-polizu-sunt-aproape-gata\/"]}]},{"@type":"ImageObject","inLanguage":"en-GB","@id":"https:\/\/buletin.de\/bucuresti\/lucrarile-de-reabilitare-de-la-maternitatea-polizu-sunt-aproape-gata\/#primaryimage","url":"https:\/\/buletin.de\/bucuresti\/wp-content\/uploads\/2018-03-02.jpg","contentUrl":"https:\/\/buletin.de\/bucuresti\/wp-content\/uploads\/2018-03-02.jpg","width":963,"height":716,"caption":"Lucr\u0103rile de reabilitare de la Maternitatea Polizu sunt aproape gata. FOTO: insmc.ro"},{"@type":"BreadcrumbList","@id":"https:\/\/buletin.de\/bucuresti\/lucrarile-de-reabilitare-de-la-maternitatea-polizu-sunt-aproape-gata\/#breadcrumb","itemListElement":[{"@type":"ListItem","position":1,"name":"Acas\u0103","item":"https:\/\/buletin.de\/bucuresti\/"},{"@type":"ListItem","position":2,"name":"Lucr\u0103rile de reabilitare de la Maternitatea Polizu sunt aproape gata"}]},{"@type":"WebSite","@id":"https:\/\/buletin.de\/bucuresti\/#website","url":"https:\/\/buletin.de\/bucuresti\/","name":"Buletin de Bucure\u0219ti","description":"\u0218tiri \u0219i investiga\u021bii esen\u021biale din capital\u0103","publisher":{"@id":"https:\/\/buletin.de\/bucuresti\/#organization"},"potentialAction":[{"@type":"SearchAction","target":{"@type":"EntryPoint","urlTemplate":"https:\/\/buletin.de\/bucuresti\/?s={search_term_string}"},"query-input":{"@type":"PropertyValueSpecification","valueRequired":true,"valueName":"search_term_string"}}],"inLanguage":"en-GB"},{"@type":"Organization","@id":"https:\/\/buletin.de\/bucuresti\/#organization","name":"Buletin de Bucure\u0219ti","url":"https:\/\/buletin.de\/bucuresti\/","logo":{"@type":"ImageObject","inLanguage":"en-GB","@id":"https:\/\/buletin.de\/bucuresti\/#\/schema\/logo\/image\/","url":"https:\/\/buletin.de\/bucuresti\/wp-content\/uploads\/logo-bdb-full-wide-vernil-transparent.png","contentUrl":"https:\/\/buletin.de\/bucuresti\/wp-content\/uploads\/logo-bdb-full-wide-vernil-transparent.png","width":1782,"height":626,"caption":"Buletin de Bucure\u0219ti"},"image":{"@id":"https:\/\/buletin.de\/bucuresti\/#\/schema\/logo\/image\/"},"sameAs":["https:\/\/www.facebook.com\/buletin.de.buc","https:\/\/www.instagram.com\/buletinde.bucuresti\/"]},{"@type":"Person","@id":"https:\/\/buletin.de\/bucuresti\/#\/schema\/person\/104a46bbe8be6e336fecf63974383951","name":"Alexandru Stan","image":{"@type":"ImageObject","inLanguage":"en-GB","@id":"https:\/\/buletin.de\/bucuresti\/wp-content\/uploads\/2025\/12\/IMG-20251216-WA0045-e1766134343668-96x96.jpgd0ca12809ae3e1d27116a2afe8926544","url":"https:\/\/buletin.de\/bucuresti\/wp-content\/uploads\/2025\/12\/IMG-20251216-WA0045-e1766134343668-96x96.jpg","contentUrl":"https:\/\/buletin.de\/bucuresti\/wp-content\/uploads\/2025\/12\/IMG-20251216-WA0045-e1766134343668-96x96.jpg","caption":"Alexandru Stan"},"description":"Sunt elev la un colegiu de prestigiu din Capital\u0103 \u0219i reporter la Buletin de Bucure\u0219ti. M-am n\u0103scut \u0219i am crescut cu m\u00e2ndrie \u00een Capital\u0103, ora\u0219 al pove\u0219tilor, al tramvaiului tras de cai \u0219i al c\u0103su\u021belor cu porti\u021b\u0103 \u0219i ci\u0219mea. Prin articolele mele, m\u0103 str\u0103duiesc s\u0103 descriu cu acurate\u021be via\u021ba din Bucure\u0219ti pe ecranele cititorilor no\u0219tri \u0219i \u00eencerc totodat\u0103 s\u0103 fac accesibile subiecte de interes general tuturor, de la mic la mare.","url":"https:\/\/buletin.de\/bucuresti\/author\/alexandru-stan\/"}]}},"authors":[{"term_id":22577,"user_id":61,"is_guest":0,"slug":"alexandru-stan","display_name":"Alexandru Stan","avatar_url":"https:\/\/buletin.de\/bucuresti\/wp-content\/uploads\/2025\/12\/IMG-20251216-WA0045-e1766134343668-96x96.jpg","0":null,"1":"","2":"","3":"","4":"","5":"","6":"","7":"","8":""}],"_links":{"self":[{"href":"https:\/\/buletin.de\/bucuresti\/wp-json\/wp\/v2\/posts\/119345","targetHints":{"allow":["GET"]}}],"collection":[{"href":"https:\/\/buletin.de\/bucuresti\/wp-json\/wp\/v2\/posts"}],"about":[{"href":"https:\/\/buletin.de\/bucuresti\/wp-json\/wp\/v2\/types\/post"}],"author":[{"embeddable":true,"href":"https:\/\/buletin.de\/bucuresti\/wp-json\/wp\/v2\/users\/61"}],"replies":[{"embeddable":true,"href":"https:\/\/buletin.de\/bucuresti\/wp-json\/wp\/v2\/comments?post=119345"}],"version-history":[{"count":3,"href":"https:\/\/buletin.de\/bucuresti\/wp-json\/wp\/v2\/posts\/119345\/revisions"}],"predecessor-version":[{"id":119695,"href":"https:\/\/buletin.de\/bucuresti\/wp-json\/wp\/v2\/posts\/119345\/revisions\/119695"}],"wp:featuredmedia":[{"embeddable":true,"href":"https:\/\/buletin.de\/bucuresti\/wp-json\/wp\/v2\/media\/119646"}],"wp:attachment":[{"href":"https:\/\/buletin.de\/bucuresti\/wp-json\/wp\/v2\/media?parent=119345"}],"wp:term":[{"taxonomy":"category","embeddable":true,"href":"https:\/\/buletin.de\/bucuresti\/wp-json\/wp\/v2\/categories?post=119345"},{"taxonomy":"post_tag","embeddable":true,"href":"https:\/\/buletin.de\/bucuresti\/wp-json\/wp\/v2\/tags?post=119345"},{"taxonomy":"author","embeddable":true,"href":"https:\/\/buletin.de\/bucuresti\/wp-json\/wp\/v2\/ppma_author?post=119345"}],"curies":[{"name":"wp","href":"https:\/\/api.w.org\/{rel}","templated":true}]}}