{"id":119326,"date":"2025-02-20T12:54:21","date_gmt":"2025-02-20T09:54:21","guid":{"rendered":"https:\/\/buletin.de\/bucuresti\/?p=119326"},"modified":"2025-02-20T12:54:41","modified_gmt":"2025-02-20T09:54:41","slug":"trei-trenuri-care-pleaca-din-gara-de-nord-anulate-de-cfr-calatori","status":"publish","type":"post","link":"https:\/\/buletin.de\/bucuresti\/trei-trenuri-care-pleaca-din-gara-de-nord-anulate-de-cfr-calatori\/","title":{"rendered":"Trei trenuri care pleac\u0103 din Gara de Nord c\u0103tre Craiova, anulate de CFR C\u0103l\u0103tori"},"content":{"rendered":"\n<p class=\"wp-block-paragraph\">Trei trenuri care urmeaz\u0103 s\u0103 plece din Bucure\u0219ti c\u0103tre Craiova au fost anulate de CFR C\u0103l\u0103tori \u0219i nu vor circula ast\u0103zi, 20 ianuarie. M\u0103sura a fost dispus\u0103 dup\u0103 ce miercuri, 19 februarie un tren de marf\u0103 a deraiat pe tronsonul Ro\u0219iori Nord-Caracal.<\/p>\n\n\n\n<p class=\"wp-block-paragraph\">Trenurile anulate sunt dup\u0103 cum urmeaz\u0103:<\/p>\n\n\n\n<ul class=\"wp-block-list\">\n<li><strong>RE 9907<\/strong> Bucure\u0219ti Nord \u2013 Craiova<\/li>\n\n\n\n<li><strong>RE 9918 <\/strong>Craiova \u2013 Bucure\u0219ti Nord<\/li>\n\n\n\n<li><strong>RE 9900<\/strong> Craiova \u2013 Bucure\u0219ti Nord este anulat pe distanta Craiova \u2013 Ro\u0219iori Nord \u0219i circul\u0103 conform graficului pe distan\u021ba Ro\u0219iori Nord \u2013 Bucure\u0219ti Nord.<\/li>\n<\/ul>\n\n\n\n<p class=\"wp-block-paragraph\">De asemenea, alte \u0219apte trenuri au suferit modific\u0103ri, c\u0103l\u0103torii fiind transborda\u021bi cu ajutorul autobuzelor pe distan\u021ba Ro\u0219iori Nord \u2013 Caracal. Trenurile afectate de aceast\u0103 m\u0103sur\u0103 sunt:<\/p>\n\n\n\n<ul class=\"wp-block-list\">\n<li><strong>IR 1594<\/strong> Craiova \u2013 Bucure\u0219ti Nord<\/li>\n\n\n\n<li><strong>IR 1591<\/strong> Bucure\u0219ti Nord \u2013 Craiova<\/li>\n\n\n\n<li><strong>R 9014<\/strong> Craiova \u2013 Ro\u0219iori Nord \u2013 Bucure\u0219ti Basarab<\/li>\n\n\n\n<li><strong>IR 1823<\/strong> Bucure\u0219ti Nord \u2013 Deva<\/li>\n\n\n\n<li><strong>IR 1824<\/strong> Deva \u2013 Bucure\u0219ti Nord<\/li>\n\n\n\n<li><strong>IR 1691<\/strong> Bucure\u0219ti Nord \u2013 Timisoara Nord<\/li>\n\n\n\n<li><strong>IR 1692<\/strong> Timisoara Nord \u2013 Bucure\u0219ti Nord<\/li>\n<\/ul>\n\n\n\n<h2 class=\"wp-block-heading\" id=\"h-contravaloarea-biletelor-va-fi-restituita\">Contravaloarea biletelor va fi restituit\u0103<\/h2>\n\n\n\n<p class=\"wp-block-paragraph\">C\u0103l\u0103torii care au bilete la cele 13 trenuri care au suferit modific\u0103ri pot opta pentru restituirea contravalorii biletelor. Valoarea poate fi restituit\u0103 fie pentru \u00eentreaga rut\u0103, \u00een cazul \u00een care acestea nu au fost utilizate, fie pentru distan\u021ba neefectuat\u0103, \u00een conformitate cu regulamentele \u00een vigoare, se arat\u0103 \u00een comunicatul remis redac\u0163iei.<\/p>\n\n\n\n<p class=\"wp-block-paragraph\">De asemenea, pentru mai multe informa\u021bii despre circula\u021bia trenurilor, pasagerii au la dispozi\u021bie urm\u0103toarele mijloace:<\/p>\n\n\n\n<ul class=\"wp-block-list\">\n<li>apel telefonic, la num\u0103rul 021 9521 sau la <a href=\"https:\/\/www.cfrcalatori.ro\/informatii-telefonice\/\">numerele de telefon<\/a> din sta\u021biile CFR, publicate pe site-ul operatorului.<\/li>\n\n\n\n<li>\u00een aplica\u021bia Trenul Meu, unde se pot ob\u021bine informa\u021bii \u00een timp real despre opriri, \u00eent\u00e2rzieri, minutele de sta\u021bionare, \u0219i urm\u0103toarele sta\u021bii<\/li>\n\n\n\n<li>pe site-ul companiei de transport, prin intermediul camerelor web din sta\u021biile Bucure\u0219ti Nord \u0219i Craiova care indic\u0103 ora de sosire \u0219i ora de \u00eendrumare \u00een circula\u021bie a trenurilor<\/li>\n\n\n\n<li>pe site-ul CFR C\u0103l\u0103tori, la sec\u021biunea trafic intern<\/li>\n\n\n\n<li>de la agen\u021bii de circula\u021bie prezen\u021bi \u00een sta\u021bii<\/li>\n<\/ul>\n\n\n\n<p class=\"wp-block-paragraph\">CITE\u015eTE \u015eI <a href=\"https:\/\/buletin.de\/bucuresti\/din-cauza-zapezii\/\">STB | Nu toate autobuzele mai ajung la cap\u0103t de linie, din cauza z\u0103pezii. Trei sta\u021bii desfiin\u021bate temporar<\/a><\/p>\n\n\n\n<p class=\"wp-block-paragraph\"><\/p>\n","protected":false},"excerpt":{"rendered":"<p>Trei trenuri care urmeaz\u0103 s\u0103 plece din Bucure\u0219ti c\u0103tre Craiova au fost anulate de CFR C\u0103l\u0103tori \u0219i nu vor circula ast\u0103zi, 20 ianuarie. M\u0103sura a fost dispus\u0103 dup\u0103 ce miercuri, 19 februarie un tren de marf\u0103 a deraiat pe tronsonul Ro\u0219iori Nord-Caracal. Trenurile anulate sunt dup\u0103 cum urmeaz\u0103: De asemenea, alte \u0219apte trenuri au suferit [&hellip;]<\/p>\n","protected":false},"author":61,"featured_media":59875,"comment_status":"closed","ping_status":"open","sticky":false,"template":"","format":"standard","meta":{"_acf_changed":false,"inline_featured_image":false,"ngg_post_thumbnail":0,"footnotes":""},"categories":[6994,62],"tags":[1100,4054,5548,2440],"ppma_author":[22577],"class_list":["post-119326","post","type-post","status-publish","format-standard","has-post-thumbnail","hentry","category-stiri-2","category-stiri","tag-accident","tag-anulare","tag-craiova","tag-trenuri"],"acf":[],"a3_pvc":{"activated":false,"total_views":0,"today_views":0},"yoast_head":"<!-- This site is optimized with the Yoast SEO Premium plugin v28.0 (Yoast SEO v28.3) - https:\/\/yoast.com\/product\/yoast-seo-premium-wordpress\/ -->\n<title>Trei trenuri care pleac\u0103 din Gara de Nord c\u0103tre Craiova, anulate de CFR C\u0103l\u0103tori - Buletin de Bucure\u0219ti<\/title>\n<meta name=\"description\" content=\"Trei trenuri care urmeaz\u0103 s\u0103 plece din Bucure\u0219ti c\u0103tre Craiova au fost anulate de CFR C\u0103l\u0103tori \u0219i nu vor circula ast\u0103zi, 20 ianuarie.\" \/>\n<meta name=\"robots\" content=\"index, follow, max-snippet:-1, max-image-preview:large, max-video-preview:-1\" \/>\n<link rel=\"canonical\" href=\"https:\/\/buletin.de\/bucuresti\/trei-trenuri-care-pleaca-din-gara-de-nord-anulate-de-cfr-calatori\/\" \/>\n<meta property=\"og:locale\" content=\"en_GB\" \/>\n<meta property=\"og:type\" content=\"article\" \/>\n<meta property=\"og:title\" content=\"Trei trenuri care pleac\u0103 din Gara de Nord c\u0103tre Craiova, anulate de CFR C\u0103l\u0103tori\" \/>\n<meta property=\"og:description\" content=\"Trei trenuri care urmeaz\u0103 s\u0103 plece din Bucure\u0219ti c\u0103tre Craiova au fost anulate de CFR C\u0103l\u0103tori \u0219i nu vor circula ast\u0103zi, 20 ianuarie.\" \/>\n<meta property=\"og:url\" content=\"https:\/\/buletin.de\/bucuresti\/trei-trenuri-care-pleaca-din-gara-de-nord-anulate-de-cfr-calatori\/\" \/>\n<meta property=\"og:site_name\" content=\"Buletin de Bucure\u0219ti\" \/>\n<meta property=\"article:publisher\" content=\"https:\/\/www.facebook.com\/buletin.de.buc\" \/>\n<meta property=\"article:published_time\" content=\"2025-02-20T09:54:21+00:00\" \/>\n<meta property=\"article:modified_time\" content=\"2025-02-20T09:54:41+00:00\" \/>\n<meta property=\"og:image\" content=\"https:\/\/buletin.de\/bucuresti\/wp-content\/uploads\/gara-de-nord.jpg\" \/>\n\t<meta property=\"og:image:width\" content=\"2000\" \/>\n\t<meta property=\"og:image:height\" content=\"1041\" \/>\n\t<meta property=\"og:image:type\" content=\"image\/jpeg\" \/>\n<meta name=\"author\" content=\"Alexandru Stan\" \/>\n<meta name=\"twitter:card\" content=\"summary_large_image\" \/>\n<meta name=\"twitter:label1\" content=\"Written by\" \/>\n\t<meta name=\"twitter:data1\" content=\"Alexandru Stan\" \/>\n\t<meta name=\"twitter:label2\" content=\"Estimated reading time\" \/>\n\t<meta name=\"twitter:data2\" content=\"2 minutes\" \/>\n<script type=\"application\/ld+json\" class=\"yoast-schema-graph\">{\"@context\":\"https:\\\/\\\/schema.org\",\"@graph\":[{\"@type\":\"Article\",\"@id\":\"https:\\\/\\\/buletin.de\\\/bucuresti\\\/trei-trenuri-care-pleaca-din-gara-de-nord-anulate-de-cfr-calatori\\\/#article\",\"isPartOf\":{\"@id\":\"https:\\\/\\\/buletin.de\\\/bucuresti\\\/trei-trenuri-care-pleaca-din-gara-de-nord-anulate-de-cfr-calatori\\\/\"},\"author\":{\"name\":\"Alexandru Stan\",\"@id\":\"https:\\\/\\\/buletin.de\\\/bucuresti\\\/#\\\/schema\\\/person\\\/104a46bbe8be6e336fecf63974383951\"},\"headline\":\"Trei trenuri care pleac\u0103 din Gara de Nord c\u0103tre Craiova, anulate de CFR C\u0103l\u0103tori\",\"datePublished\":\"2025-02-20T09:54:21+00:00\",\"dateModified\":\"2025-02-20T09:54:41+00:00\",\"mainEntityOfPage\":{\"@id\":\"https:\\\/\\\/buletin.de\\\/bucuresti\\\/trei-trenuri-care-pleaca-din-gara-de-nord-anulate-de-cfr-calatori\\\/\"},\"wordCount\":381,\"publisher\":{\"@id\":\"https:\\\/\\\/buletin.de\\\/bucuresti\\\/#organization\"},\"image\":{\"@id\":\"https:\\\/\\\/buletin.de\\\/bucuresti\\\/trei-trenuri-care-pleaca-din-gara-de-nord-anulate-de-cfr-calatori\\\/#primaryimage\"},\"thumbnailUrl\":\"https:\\\/\\\/buletin.de\\\/bucuresti\\\/wp-content\\\/uploads\\\/gara-de-nord.jpg\",\"keywords\":[\"accident\",\"anulare\",\"craiova\",\"trenuri\"],\"articleSection\":[\"Articole\",\"\u0218tiri\"],\"inLanguage\":\"en-GB\",\"copyrightYear\":\"2025\",\"copyrightHolder\":{\"@id\":\"https:\\\/\\\/buletin.de\\\/bucuresti\\\/#organization\"}},{\"@type\":\"WebPage\",\"@id\":\"https:\\\/\\\/buletin.de\\\/bucuresti\\\/trei-trenuri-care-pleaca-din-gara-de-nord-anulate-de-cfr-calatori\\\/\",\"url\":\"https:\\\/\\\/buletin.de\\\/bucuresti\\\/trei-trenuri-care-pleaca-din-gara-de-nord-anulate-de-cfr-calatori\\\/\",\"name\":\"Trei trenuri care pleac\u0103 din Gara de Nord c\u0103tre Craiova, anulate de CFR C\u0103l\u0103tori - Buletin de Bucure\u0219ti\",\"isPartOf\":{\"@id\":\"https:\\\/\\\/buletin.de\\\/bucuresti\\\/#website\"},\"primaryImageOfPage\":{\"@id\":\"https:\\\/\\\/buletin.de\\\/bucuresti\\\/trei-trenuri-care-pleaca-din-gara-de-nord-anulate-de-cfr-calatori\\\/#primaryimage\"},\"image\":{\"@id\":\"https:\\\/\\\/buletin.de\\\/bucuresti\\\/trei-trenuri-care-pleaca-din-gara-de-nord-anulate-de-cfr-calatori\\\/#primaryimage\"},\"thumbnailUrl\":\"https:\\\/\\\/buletin.de\\\/bucuresti\\\/wp-content\\\/uploads\\\/gara-de-nord.jpg\",\"datePublished\":\"2025-02-20T09:54:21+00:00\",\"dateModified\":\"2025-02-20T09:54:41+00:00\",\"description\":\"Trei trenuri care urmeaz\u0103 s\u0103 plece din Bucure\u0219ti c\u0103tre Craiova au fost anulate de CFR C\u0103l\u0103tori \u0219i nu vor circula ast\u0103zi, 20 ianuarie.\",\"breadcrumb\":{\"@id\":\"https:\\\/\\\/buletin.de\\\/bucuresti\\\/trei-trenuri-care-pleaca-din-gara-de-nord-anulate-de-cfr-calatori\\\/#breadcrumb\"},\"inLanguage\":\"en-GB\",\"potentialAction\":[{\"@type\":\"ReadAction\",\"target\":[\"https:\\\/\\\/buletin.de\\\/bucuresti\\\/trei-trenuri-care-pleaca-din-gara-de-nord-anulate-de-cfr-calatori\\\/\"]}]},{\"@type\":\"ImageObject\",\"inLanguage\":\"en-GB\",\"@id\":\"https:\\\/\\\/buletin.de\\\/bucuresti\\\/trei-trenuri-care-pleaca-din-gara-de-nord-anulate-de-cfr-calatori\\\/#primaryimage\",\"url\":\"https:\\\/\\\/buletin.de\\\/bucuresti\\\/wp-content\\\/uploads\\\/gara-de-nord.jpg\",\"contentUrl\":\"https:\\\/\\\/buletin.de\\\/bucuresti\\\/wp-content\\\/uploads\\\/gara-de-nord.jpg\",\"width\":2000,\"height\":1041,\"caption\":\"Trenurile Soarelui | 18 perechi de trenuri vor asigura leg\u0103tua \u00eentre Bucure\u0219ti \u0219i Constan\u021ba pe parcursul verii | FOTO: C\u0103t\u0103lin Dosca\u0219\"},{\"@type\":\"BreadcrumbList\",\"@id\":\"https:\\\/\\\/buletin.de\\\/bucuresti\\\/trei-trenuri-care-pleaca-din-gara-de-nord-anulate-de-cfr-calatori\\\/#breadcrumb\",\"itemListElement\":[{\"@type\":\"ListItem\",\"position\":1,\"name\":\"Acas\u0103\",\"item\":\"https:\\\/\\\/buletin.de\\\/bucuresti\\\/\"},{\"@type\":\"ListItem\",\"position\":2,\"name\":\"Trei trenuri care pleac\u0103 din Gara de Nord c\u0103tre Craiova, anulate de CFR C\u0103l\u0103tori\"}]},{\"@type\":\"WebSite\",\"@id\":\"https:\\\/\\\/buletin.de\\\/bucuresti\\\/#website\",\"url\":\"https:\\\/\\\/buletin.de\\\/bucuresti\\\/\",\"name\":\"Buletin de Bucure\u0219ti\",\"description\":\"\u0218tiri \u0219i investiga\u021bii esen\u021biale din capital\u0103\",\"publisher\":{\"@id\":\"https:\\\/\\\/buletin.de\\\/bucuresti\\\/#organization\"},\"potentialAction\":[{\"@type\":\"SearchAction\",\"target\":{\"@type\":\"EntryPoint\",\"urlTemplate\":\"https:\\\/\\\/buletin.de\\\/bucuresti\\\/?s={search_term_string}\"},\"query-input\":{\"@type\":\"PropertyValueSpecification\",\"valueRequired\":true,\"valueName\":\"search_term_string\"}}],\"inLanguage\":\"en-GB\"},{\"@type\":\"Organization\",\"@id\":\"https:\\\/\\\/buletin.de\\\/bucuresti\\\/#organization\",\"name\":\"Buletin de Bucure\u0219ti\",\"url\":\"https:\\\/\\\/buletin.de\\\/bucuresti\\\/\",\"logo\":{\"@type\":\"ImageObject\",\"inLanguage\":\"en-GB\",\"@id\":\"https:\\\/\\\/buletin.de\\\/bucuresti\\\/#\\\/schema\\\/logo\\\/image\\\/\",\"url\":\"https:\\\/\\\/buletin.de\\\/bucuresti\\\/wp-content\\\/uploads\\\/logo-bdb-full-wide-vernil-transparent.png\",\"contentUrl\":\"https:\\\/\\\/buletin.de\\\/bucuresti\\\/wp-content\\\/uploads\\\/logo-bdb-full-wide-vernil-transparent.png\",\"width\":1782,\"height\":626,\"caption\":\"Buletin de Bucure\u0219ti\"},\"image\":{\"@id\":\"https:\\\/\\\/buletin.de\\\/bucuresti\\\/#\\\/schema\\\/logo\\\/image\\\/\"},\"sameAs\":[\"https:\\\/\\\/www.facebook.com\\\/buletin.de.buc\",\"https:\\\/\\\/www.instagram.com\\\/buletinde.bucuresti\\\/\"]},{\"@type\":\"Person\",\"@id\":\"https:\\\/\\\/buletin.de\\\/bucuresti\\\/#\\\/schema\\\/person\\\/104a46bbe8be6e336fecf63974383951\",\"name\":\"Alexandru Stan\",\"image\":{\"@type\":\"ImageObject\",\"inLanguage\":\"en-GB\",\"@id\":\"https:\\\/\\\/buletin.de\\\/bucuresti\\\/wp-content\\\/uploads\\\/2026\\\/07\\\/BDB_Alexandru-4-96x96.jpga3c299c77690d3b1ab5def97e8de4c6c\",\"url\":\"https:\\\/\\\/buletin.de\\\/bucuresti\\\/wp-content\\\/uploads\\\/2026\\\/07\\\/BDB_Alexandru-4-96x96.jpg\",\"contentUrl\":\"https:\\\/\\\/buletin.de\\\/bucuresti\\\/wp-content\\\/uploads\\\/2026\\\/07\\\/BDB_Alexandru-4-96x96.jpg\",\"caption\":\"Alexandru Stan\"},\"description\":\"Absolvent al Colegiului Na\u021bional \u201eMihai Eminescu\u201d \u0219i student la Politehnica. Lucrez la Buletin de Bucure\u0219ti ca reporter de la v\u00e2rsta de 17 ani. M-am n\u0103scut \u0219i am crescut cu m\u00e2ndrie \u00een Bucure\u0219ti, ora\u0219ul pove\u0219tilor \u0219i al c\u0103su\u021belor cu porti\u021b\u0103 \u0219i ci\u0219mea. Cred \u00een jurnalismul f\u0103cut de cet\u0103\u021beni pentru cet\u0103\u021beni \u0219i \u00een faptul c\u0103 presa este a patra putere \u00een stat. M\u0103 str\u0103duiesc s\u0103 v\u0103 aduc, pe ecrane, tot ce \u201emi\u0219c\u0103\u201d prin Bucure\u0219ti, de la proiecte de consiliu local \u0219i interviuri p\u00e2n\u0103 la pove\u0219ti de weekend \u0219i reportaje.\",\"url\":\"https:\\\/\\\/buletin.de\\\/bucuresti\\\/author\\\/alexandru-stan\\\/\"}]}<\/script>\n<!-- \/ Yoast SEO Premium plugin. -->","yoast_head_json":{"title":"Trei trenuri care pleac\u0103 din Gara de Nord c\u0103tre Craiova, anulate de CFR C\u0103l\u0103tori - Buletin de Bucure\u0219ti","description":"Trei trenuri care urmeaz\u0103 s\u0103 plece din Bucure\u0219ti c\u0103tre Craiova au fost anulate de CFR C\u0103l\u0103tori \u0219i nu vor circula ast\u0103zi, 20 ianuarie.","robots":{"index":"index","follow":"follow","max-snippet":"max-snippet:-1","max-image-preview":"max-image-preview:large","max-video-preview":"max-video-preview:-1"},"canonical":"https:\/\/buletin.de\/bucuresti\/trei-trenuri-care-pleaca-din-gara-de-nord-anulate-de-cfr-calatori\/","og_locale":"en_GB","og_type":"article","og_title":"Trei trenuri care pleac\u0103 din Gara de Nord c\u0103tre Craiova, anulate de CFR C\u0103l\u0103tori","og_description":"Trei trenuri care urmeaz\u0103 s\u0103 plece din Bucure\u0219ti c\u0103tre Craiova au fost anulate de CFR C\u0103l\u0103tori \u0219i nu vor circula ast\u0103zi, 20 ianuarie.","og_url":"https:\/\/buletin.de\/bucuresti\/trei-trenuri-care-pleaca-din-gara-de-nord-anulate-de-cfr-calatori\/","og_site_name":"Buletin de Bucure\u0219ti","article_publisher":"https:\/\/www.facebook.com\/buletin.de.buc","article_published_time":"2025-02-20T09:54:21+00:00","article_modified_time":"2025-02-20T09:54:41+00:00","og_image":[{"width":2000,"height":1041,"url":"https:\/\/buletin.de\/bucuresti\/wp-content\/uploads\/gara-de-nord.jpg","type":"image\/jpeg"}],"author":"Alexandru Stan","twitter_card":"summary_large_image","twitter_misc":{"Written by":"Alexandru Stan","Estimated reading time":"2 minutes"},"schema":{"@context":"https:\/\/schema.org","@graph":[{"@type":"Article","@id":"https:\/\/buletin.de\/bucuresti\/trei-trenuri-care-pleaca-din-gara-de-nord-anulate-de-cfr-calatori\/#article","isPartOf":{"@id":"https:\/\/buletin.de\/bucuresti\/trei-trenuri-care-pleaca-din-gara-de-nord-anulate-de-cfr-calatori\/"},"author":{"name":"Alexandru Stan","@id":"https:\/\/buletin.de\/bucuresti\/#\/schema\/person\/104a46bbe8be6e336fecf63974383951"},"headline":"Trei trenuri care pleac\u0103 din Gara de Nord c\u0103tre Craiova, anulate de CFR C\u0103l\u0103tori","datePublished":"2025-02-20T09:54:21+00:00","dateModified":"2025-02-20T09:54:41+00:00","mainEntityOfPage":{"@id":"https:\/\/buletin.de\/bucuresti\/trei-trenuri-care-pleaca-din-gara-de-nord-anulate-de-cfr-calatori\/"},"wordCount":381,"publisher":{"@id":"https:\/\/buletin.de\/bucuresti\/#organization"},"image":{"@id":"https:\/\/buletin.de\/bucuresti\/trei-trenuri-care-pleaca-din-gara-de-nord-anulate-de-cfr-calatori\/#primaryimage"},"thumbnailUrl":"https:\/\/buletin.de\/bucuresti\/wp-content\/uploads\/gara-de-nord.jpg","keywords":["accident","anulare","craiova","trenuri"],"articleSection":["Articole","\u0218tiri"],"inLanguage":"en-GB","copyrightYear":"2025","copyrightHolder":{"@id":"https:\/\/buletin.de\/bucuresti\/#organization"}},{"@type":"WebPage","@id":"https:\/\/buletin.de\/bucuresti\/trei-trenuri-care-pleaca-din-gara-de-nord-anulate-de-cfr-calatori\/","url":"https:\/\/buletin.de\/bucuresti\/trei-trenuri-care-pleaca-din-gara-de-nord-anulate-de-cfr-calatori\/","name":"Trei trenuri care pleac\u0103 din Gara de Nord c\u0103tre Craiova, anulate de CFR C\u0103l\u0103tori - Buletin de Bucure\u0219ti","isPartOf":{"@id":"https:\/\/buletin.de\/bucuresti\/#website"},"primaryImageOfPage":{"@id":"https:\/\/buletin.de\/bucuresti\/trei-trenuri-care-pleaca-din-gara-de-nord-anulate-de-cfr-calatori\/#primaryimage"},"image":{"@id":"https:\/\/buletin.de\/bucuresti\/trei-trenuri-care-pleaca-din-gara-de-nord-anulate-de-cfr-calatori\/#primaryimage"},"thumbnailUrl":"https:\/\/buletin.de\/bucuresti\/wp-content\/uploads\/gara-de-nord.jpg","datePublished":"2025-02-20T09:54:21+00:00","dateModified":"2025-02-20T09:54:41+00:00","description":"Trei trenuri care urmeaz\u0103 s\u0103 plece din Bucure\u0219ti c\u0103tre Craiova au fost anulate de CFR C\u0103l\u0103tori \u0219i nu vor circula ast\u0103zi, 20 ianuarie.","breadcrumb":{"@id":"https:\/\/buletin.de\/bucuresti\/trei-trenuri-care-pleaca-din-gara-de-nord-anulate-de-cfr-calatori\/#breadcrumb"},"inLanguage":"en-GB","potentialAction":[{"@type":"ReadAction","target":["https:\/\/buletin.de\/bucuresti\/trei-trenuri-care-pleaca-din-gara-de-nord-anulate-de-cfr-calatori\/"]}]},{"@type":"ImageObject","inLanguage":"en-GB","@id":"https:\/\/buletin.de\/bucuresti\/trei-trenuri-care-pleaca-din-gara-de-nord-anulate-de-cfr-calatori\/#primaryimage","url":"https:\/\/buletin.de\/bucuresti\/wp-content\/uploads\/gara-de-nord.jpg","contentUrl":"https:\/\/buletin.de\/bucuresti\/wp-content\/uploads\/gara-de-nord.jpg","width":2000,"height":1041,"caption":"Trenurile Soarelui | 18 perechi de trenuri vor asigura leg\u0103tua \u00eentre Bucure\u0219ti \u0219i Constan\u021ba pe parcursul verii | FOTO: C\u0103t\u0103lin Dosca\u0219"},{"@type":"BreadcrumbList","@id":"https:\/\/buletin.de\/bucuresti\/trei-trenuri-care-pleaca-din-gara-de-nord-anulate-de-cfr-calatori\/#breadcrumb","itemListElement":[{"@type":"ListItem","position":1,"name":"Acas\u0103","item":"https:\/\/buletin.de\/bucuresti\/"},{"@type":"ListItem","position":2,"name":"Trei trenuri care pleac\u0103 din Gara de Nord c\u0103tre Craiova, anulate de CFR C\u0103l\u0103tori"}]},{"@type":"WebSite","@id":"https:\/\/buletin.de\/bucuresti\/#website","url":"https:\/\/buletin.de\/bucuresti\/","name":"Buletin de Bucure\u0219ti","description":"\u0218tiri \u0219i investiga\u021bii esen\u021biale din capital\u0103","publisher":{"@id":"https:\/\/buletin.de\/bucuresti\/#organization"},"potentialAction":[{"@type":"SearchAction","target":{"@type":"EntryPoint","urlTemplate":"https:\/\/buletin.de\/bucuresti\/?s={search_term_string}"},"query-input":{"@type":"PropertyValueSpecification","valueRequired":true,"valueName":"search_term_string"}}],"inLanguage":"en-GB"},{"@type":"Organization","@id":"https:\/\/buletin.de\/bucuresti\/#organization","name":"Buletin de Bucure\u0219ti","url":"https:\/\/buletin.de\/bucuresti\/","logo":{"@type":"ImageObject","inLanguage":"en-GB","@id":"https:\/\/buletin.de\/bucuresti\/#\/schema\/logo\/image\/","url":"https:\/\/buletin.de\/bucuresti\/wp-content\/uploads\/logo-bdb-full-wide-vernil-transparent.png","contentUrl":"https:\/\/buletin.de\/bucuresti\/wp-content\/uploads\/logo-bdb-full-wide-vernil-transparent.png","width":1782,"height":626,"caption":"Buletin de Bucure\u0219ti"},"image":{"@id":"https:\/\/buletin.de\/bucuresti\/#\/schema\/logo\/image\/"},"sameAs":["https:\/\/www.facebook.com\/buletin.de.buc","https:\/\/www.instagram.com\/buletinde.bucuresti\/"]},{"@type":"Person","@id":"https:\/\/buletin.de\/bucuresti\/#\/schema\/person\/104a46bbe8be6e336fecf63974383951","name":"Alexandru Stan","image":{"@type":"ImageObject","inLanguage":"en-GB","@id":"https:\/\/buletin.de\/bucuresti\/wp-content\/uploads\/2026\/07\/BDB_Alexandru-4-96x96.jpga3c299c77690d3b1ab5def97e8de4c6c","url":"https:\/\/buletin.de\/bucuresti\/wp-content\/uploads\/2026\/07\/BDB_Alexandru-4-96x96.jpg","contentUrl":"https:\/\/buletin.de\/bucuresti\/wp-content\/uploads\/2026\/07\/BDB_Alexandru-4-96x96.jpg","caption":"Alexandru Stan"},"description":"Absolvent al Colegiului Na\u021bional \u201eMihai Eminescu\u201d \u0219i student la Politehnica. Lucrez la Buletin de Bucure\u0219ti ca reporter de la v\u00e2rsta de 17 ani. M-am n\u0103scut \u0219i am crescut cu m\u00e2ndrie \u00een Bucure\u0219ti, ora\u0219ul pove\u0219tilor \u0219i al c\u0103su\u021belor cu porti\u021b\u0103 \u0219i ci\u0219mea. Cred \u00een jurnalismul f\u0103cut de cet\u0103\u021beni pentru cet\u0103\u021beni \u0219i \u00een faptul c\u0103 presa este a patra putere \u00een stat. M\u0103 str\u0103duiesc s\u0103 v\u0103 aduc, pe ecrane, tot ce \u201emi\u0219c\u0103\u201d prin Bucure\u0219ti, de la proiecte de consiliu local \u0219i interviuri p\u00e2n\u0103 la pove\u0219ti de weekend \u0219i reportaje.","url":"https:\/\/buletin.de\/bucuresti\/author\/alexandru-stan\/"}]}},"authors":[{"term_id":22577,"user_id":61,"is_guest":0,"slug":"alexandru-stan","display_name":"Alexandru Stan","avatar_url":"https:\/\/buletin.de\/bucuresti\/wp-content\/uploads\/2026\/07\/BDB_Alexandru-4-96x96.jpg","author_category":"","first_name":"Alexandru","last_name":"Stan","user_url":"","job_title":"","description":"Absolvent al Colegiului Na\u021bional \u201eMihai Eminescu\u201d \u0219i student la Politehnica. Lucrez la Buletin de Bucure\u0219ti ca reporter de la v\u00e2rsta de 17 ani. M-am n\u0103scut \u0219i am crescut cu m\u00e2ndrie \u00een Bucure\u0219ti, ora\u0219ul pove\u0219tilor \u0219i al c\u0103su\u021belor cu porti\u021b\u0103 \u0219i ci\u0219mea.\r\n\r\nCred \u00een jurnalismul f\u0103cut de cet\u0103\u021beni pentru cet\u0103\u021beni \u0219i \u00een faptul c\u0103 presa este a patra putere \u00een stat. M\u0103 str\u0103duiesc s\u0103 v\u0103 aduc, pe ecrane, tot ce \u201emi\u0219c\u0103\u201d prin Bucure\u0219ti, de la proiecte de consiliu local \u0219i interviuri p\u00e2n\u0103 la pove\u0219ti de weekend \u0219i reportaje."}],"_links":{"self":[{"href":"https:\/\/buletin.de\/bucuresti\/wp-json\/wp\/v2\/posts\/119326","targetHints":{"allow":["GET"]}}],"collection":[{"href":"https:\/\/buletin.de\/bucuresti\/wp-json\/wp\/v2\/posts"}],"about":[{"href":"https:\/\/buletin.de\/bucuresti\/wp-json\/wp\/v2\/types\/post"}],"author":[{"embeddable":true,"href":"https:\/\/buletin.de\/bucuresti\/wp-json\/wp\/v2\/users\/61"}],"replies":[{"embeddable":true,"href":"https:\/\/buletin.de\/bucuresti\/wp-json\/wp\/v2\/comments?post=119326"}],"version-history":[{"count":4,"href":"https:\/\/buletin.de\/bucuresti\/wp-json\/wp\/v2\/posts\/119326\/revisions"}],"predecessor-version":[{"id":119407,"href":"https:\/\/buletin.de\/bucuresti\/wp-json\/wp\/v2\/posts\/119326\/revisions\/119407"}],"wp:featuredmedia":[{"embeddable":true,"href":"https:\/\/buletin.de\/bucuresti\/wp-json\/wp\/v2\/media\/59875"}],"wp:attachment":[{"href":"https:\/\/buletin.de\/bucuresti\/wp-json\/wp\/v2\/media?parent=119326"}],"wp:term":[{"taxonomy":"category","embeddable":true,"href":"https:\/\/buletin.de\/bucuresti\/wp-json\/wp\/v2\/categories?post=119326"},{"taxonomy":"post_tag","embeddable":true,"href":"https:\/\/buletin.de\/bucuresti\/wp-json\/wp\/v2\/tags?post=119326"},{"taxonomy":"author","embeddable":true,"href":"https:\/\/buletin.de\/bucuresti\/wp-json\/wp\/v2\/ppma_author?post=119326"}],"curies":[{"name":"wp","href":"https:\/\/api.w.org\/{rel}","templated":true}]}}