{"id":119222,"date":"2025-02-19T19:28:05","date_gmt":"2025-02-19T16:28:05","guid":{"rendered":"https:\/\/buletin.de\/bucuresti\/?p=119222"},"modified":"2025-02-20T08:40:07","modified_gmt":"2025-02-20T05:40:07","slug":"nicusor-dan-vizita-de-lucru-la-termoenergetica-in-prag-de-zile-geroase-speram-sa-nu-mai-apara-avarii-la-centrale","status":"publish","type":"post","link":"https:\/\/buletin.de\/bucuresti\/nicusor-dan-vizita-de-lucru-la-termoenergetica-in-prag-de-zile-geroase-speram-sa-nu-mai-apara-avarii-la-centrale\/","title":{"rendered":"Nicu\u015for Dan, vizit\u0103 de lucru la Termoenergetica, \u00een prag de zile geroase. \u201eSper\u0103m s\u0103 nu mai apar\u0103 avarii la centrale\u201d"},"content":{"rendered":"\n<p><strong>Nicu\u015for Dan a f\u0103cut o vizit\u0103 de lucru la compania municipal\u0103 Termoenergetica pentru a verifica dac\u0103 totul este pus la punct pentru urm\u0103toarele zile, care se anun\u0163\u0103 geroase. Personalul l-a asigurat c\u0103 totul este \u00een regul\u0103 \u015fi primarul a spus c\u0103 sper\u0103 c\u0103 nu se vor mai ivi avarii la cele patru CET-uri care alimenteaz\u0103 Bucure\u015ftiul. <\/strong><\/p>\n\n\n\n<p>Nicu\u015for Dan a fost atacat \u00een repetate r\u00e2nduri \u00een ultimele zile \u00een ceea ce prive\u015fte desz\u0103pezirea \u015fi problemele cu termoficarea. \u015ei, cum este \u00een precampanie, a \u00eencercat s\u0103 arate c\u0103 producerea agentului termic \u015fi desz\u0103pezirea nu sunt \u00een atribu\u0163iile Prim\u0103riei Generale. Drept urmare, a f\u0103cut \u015fi aceast\u0103 vizit\u0103 la Termoenergetica, pentru a demonstra c\u0103, \u00een ceea ce prive\u015fte institu\u0163iile pe care le gestioneaz\u0103, totul este \u00een regul\u0103.<\/p>\n\n\n\n<figure class=\"wp-block-gallery has-nested-images columns-default is-cropped wp-block-gallery-1 is-layout-flex wp-block-gallery-is-layout-flex\">\n<figure class=\"wp-block-image size-large\"><img fetchpriority=\"high\" decoding=\"async\" width=\"900\" height=\"600\" data-id=\"119232\" src=\"data:image\/gif;base64,R0lGODlhAQABAAAAACH5BAEKAAEALAAAAAABAAEAAAICTAEAOw==\" data-src=\"https:\/\/buletin.de\/bucuresti\/wp-content\/uploads\/nicusor-dan-termoenergetica-1-900x600.jpg\" alt=\"\" class=\"wp-image-119232 lazyload\" data-sizes=\"auto\" data-srcset=\"https:\/\/buletin.de\/bucuresti\/wp-content\/uploads\/nicusor-dan-termoenergetica-1-900x600.jpg 900w, https:\/\/buletin.de\/bucuresti\/wp-content\/uploads\/nicusor-dan-termoenergetica-1-300x200.jpg 300w, https:\/\/buletin.de\/bucuresti\/wp-content\/uploads\/nicusor-dan-termoenergetica-1-768x512.jpg 768w, https:\/\/buletin.de\/bucuresti\/wp-content\/uploads\/nicusor-dan-termoenergetica-1-1536x1023.jpg 1536w, https:\/\/buletin.de\/bucuresti\/wp-content\/uploads\/nicusor-dan-termoenergetica-1-1100x733.jpg 1100w, https:\/\/buletin.de\/bucuresti\/wp-content\/uploads\/nicusor-dan-termoenergetica-1-600x400.jpg 600w, https:\/\/buletin.de\/bucuresti\/wp-content\/uploads\/nicusor-dan-termoenergetica-1-20x13.jpg 20w, https:\/\/buletin.de\/bucuresti\/wp-content\/uploads\/nicusor-dan-termoenergetica-1.jpg 1600w\" sizes=\"(max-width: 900px) 100vw, 900px\" \/><\/figure>\n\n\n\n<figure class=\"wp-block-image size-large\"><img decoding=\"async\" width=\"900\" height=\"600\" data-id=\"119230\" src=\"data:image\/gif;base64,R0lGODlhAQABAAAAACH5BAEKAAEALAAAAAABAAEAAAICTAEAOw==\" data-src=\"https:\/\/buletin.de\/bucuresti\/wp-content\/uploads\/nicusor-dan-termoenergetica-2-900x600.jpg\" alt=\"\" class=\"wp-image-119230 lazyload\" data-sizes=\"auto\" data-srcset=\"https:\/\/buletin.de\/bucuresti\/wp-content\/uploads\/nicusor-dan-termoenergetica-2-900x600.jpg 900w, https:\/\/buletin.de\/bucuresti\/wp-content\/uploads\/nicusor-dan-termoenergetica-2-300x200.jpg 300w, https:\/\/buletin.de\/bucuresti\/wp-content\/uploads\/nicusor-dan-termoenergetica-2-768x512.jpg 768w, https:\/\/buletin.de\/bucuresti\/wp-content\/uploads\/nicusor-dan-termoenergetica-2-1536x1023.jpg 1536w, https:\/\/buletin.de\/bucuresti\/wp-content\/uploads\/nicusor-dan-termoenergetica-2-1100x733.jpg 1100w, https:\/\/buletin.de\/bucuresti\/wp-content\/uploads\/nicusor-dan-termoenergetica-2-600x400.jpg 600w, https:\/\/buletin.de\/bucuresti\/wp-content\/uploads\/nicusor-dan-termoenergetica-2-20x13.jpg 20w, https:\/\/buletin.de\/bucuresti\/wp-content\/uploads\/nicusor-dan-termoenergetica-2.jpg 1600w\" sizes=\"(max-width: 900px) 100vw, 900px\" \/><\/figure>\n\n\n\n<figure class=\"wp-block-image size-large\"><img decoding=\"async\" width=\"900\" height=\"600\" data-id=\"119233\" src=\"data:image\/gif;base64,R0lGODlhAQABAAAAACH5BAEKAAEALAAAAAABAAEAAAICTAEAOw==\" data-src=\"https:\/\/buletin.de\/bucuresti\/wp-content\/uploads\/nicusor-dan-termoenergetica-3-900x600.jpg\" alt=\"\" class=\"wp-image-119233 lazyload\" data-sizes=\"auto\" data-srcset=\"https:\/\/buletin.de\/bucuresti\/wp-content\/uploads\/nicusor-dan-termoenergetica-3-900x600.jpg 900w, https:\/\/buletin.de\/bucuresti\/wp-content\/uploads\/nicusor-dan-termoenergetica-3-300x200.jpg 300w, https:\/\/buletin.de\/bucuresti\/wp-content\/uploads\/nicusor-dan-termoenergetica-3-768x512.jpg 768w, https:\/\/buletin.de\/bucuresti\/wp-content\/uploads\/nicusor-dan-termoenergetica-3-1536x1023.jpg 1536w, https:\/\/buletin.de\/bucuresti\/wp-content\/uploads\/nicusor-dan-termoenergetica-3-1100x733.jpg 1100w, https:\/\/buletin.de\/bucuresti\/wp-content\/uploads\/nicusor-dan-termoenergetica-3-600x400.jpg 600w, https:\/\/buletin.de\/bucuresti\/wp-content\/uploads\/nicusor-dan-termoenergetica-3-20x13.jpg 20w, https:\/\/buletin.de\/bucuresti\/wp-content\/uploads\/nicusor-dan-termoenergetica-3.jpg 1600w\" sizes=\"(max-width: 900px) 100vw, 900px\" \/><\/figure>\n\n\n\n<figure class=\"wp-block-image size-large\"><img loading=\"lazy\" decoding=\"async\" width=\"900\" height=\"600\" data-id=\"119231\" src=\"data:image\/gif;base64,R0lGODlhAQABAAAAACH5BAEKAAEALAAAAAABAAEAAAICTAEAOw==\" data-src=\"https:\/\/buletin.de\/bucuresti\/wp-content\/uploads\/nicusor-dan-termoenergetica-4-900x600.jpg\" alt=\"\" class=\"wp-image-119231 lazyload\" data-sizes=\"auto\" data-srcset=\"https:\/\/buletin.de\/bucuresti\/wp-content\/uploads\/nicusor-dan-termoenergetica-4-900x600.jpg 900w, https:\/\/buletin.de\/bucuresti\/wp-content\/uploads\/nicusor-dan-termoenergetica-4-300x200.jpg 300w, https:\/\/buletin.de\/bucuresti\/wp-content\/uploads\/nicusor-dan-termoenergetica-4-768x512.jpg 768w, https:\/\/buletin.de\/bucuresti\/wp-content\/uploads\/nicusor-dan-termoenergetica-4-1536x1023.jpg 1536w, https:\/\/buletin.de\/bucuresti\/wp-content\/uploads\/nicusor-dan-termoenergetica-4-1100x733.jpg 1100w, https:\/\/buletin.de\/bucuresti\/wp-content\/uploads\/nicusor-dan-termoenergetica-4-600x400.jpg 600w, https:\/\/buletin.de\/bucuresti\/wp-content\/uploads\/nicusor-dan-termoenergetica-4-20x13.jpg 20w, https:\/\/buletin.de\/bucuresti\/wp-content\/uploads\/nicusor-dan-termoenergetica-4.jpg 1600w\" sizes=\"(max-width: 900px) 100vw, 900px\" \/><\/figure>\n<figcaption class=\"blocks-gallery-caption wp-element-caption\">FOTO: FB \/ CMTEB<\/figcaption><\/figure>\n\n\n\n<p>\u201eAm primit asigur\u0103ri c\u0103 sistemul de termoficare func\u021bioneaz\u0103 corespunz\u0103tor, iar personalul tehnic asigur\u0103 permanen\u021ba, \u00een cazul \u00een care este nevoie de interven\u021bii prompte. Depunem toate eforturile pentru ca bucure\u0219tenii s\u0103 nu sufere din cauza lipsei c\u0103ldurii \u00een aceast\u0103 perioad\u0103. (&#8230;) Noi vom am\u00e2na repara\u021bia unor conducte pentru a nu afecta \u00een aceast\u0103 perioada furnizarea apei calde \u0219i a c\u0103ldurii.\u201d<\/p>\n\n\n\n<h2 class=\"wp-block-heading\" id=\"h-nicusor-dan-vizita-de-lucru-la-termoenergetica-dupa-atacurile-reciproce-cu-elcen\">Nicu\u015for Dan, vizit\u0103 de lucru la Termoenergetica, dup\u0103 atacurile reciproce cu ELCEN<\/h2>\n\n\n\n<p>Nicu\u015for Dan nu a pierdut ocazia s\u0103 loveasc\u0103 din nou \u00een Ministerul Energiei, condus de liberalul Sebastian Burduja, \u00een subordinea c\u0103ruia se afl\u0103 ELCEN. <\/p>\n\n\n\n<p>\u201eAvem acelea\u0219i a\u0219tept\u0103ri \u0219i din partea Ministerului Energiei, sper\u0103m c\u0103 nu vor ap\u0103rea avarii \u00een centralele de produc\u021bie a agentului termic\u201d.<\/p>\n\n\n<p><iframe src=\"https:\/\/www.facebook.com\/plugins\/video.php?height=314&#038;href=https%3A%2F%2Fwww.facebook.com%2FNicusorDan.ro%2Fvideos%2F903285021710803%2F&#038;show_text=false&#038;width=560&#038;t=0\" width=\"560\" height=\"314\" style=\"border:none;overflow:hidden\" scrolling=\"no\" frameborder=\"0\" allowfullscreen=\"true\" allow=\"autoplay; clipboard-write; encrypted-media; picture-in-picture; web-share\" allowFullScreen=\"true\"><\/iframe><\/p>\n\n\n\n<p>Nu este prima oar\u0103 \u00een ultimele zile c\u00e2nd se poart\u0103 aceast\u0103 lupt\u0103 Prim\u0103rie &#8211; Minister (cu declinarea Termoenergetica &#8211; ELCEN). Reprezentan\u0163ii companiei municipale au subliniat c\u0103 problemele cu \u00eenc\u0103lzirea din Sectorul 6 au fost generate de <a href=\"https:\/\/buletin.de\/bucuresti\/termoficare-avaria-de-la-cet-vest-a-fost-remediata-caldura-revine-la-normal-in-sectorul-6\/\">o avarie la CET Vest<\/a>.<\/p>\n\n\n\n<div class=\"wp-block-buttons is-content-justification-center is-layout-flex wp-container-core-buttons-is-layout-16018d1d wp-block-buttons-is-layout-flex\">\n<div class=\"wp-block-button has-custom-width wp-block-button__width-50\"><a class=\"wp-block-button__link wp-element-button\" href=\"https:\/\/www.patreon.com\/BuletinDeBucuresti\"><strong>Sus\u021bine Buletin de Bucure\u0219ti pentru investiga\u021bii, reportaje \u0219i \u0219tiri Locale<\/strong><\/a><\/div>\n<\/div>\n\n\n\n<p><strong>CITE\u015eTE \u015eI: <\/strong><a href=\"https:\/\/buletin.de\/bucuresti\/contre-intre-elcen-si-nicusor-dan-primarul-degeaba-schimbam-conductele-elcen-nu-putem-fi-facuti-responsabili-de-starea-proasta-a-conductelor\/\">Contre \u00eentre ELCEN \u0219i Nicu\u0219or Dan. Primarul: \u201eDegeaba schimb\u0103m conductele\u201d. ELCEN: \u201eNu putem fi f\u0103cu\u021bi responsabili de starea proast\u0103 a conductelor\u201d<\/a><\/p>\n\n\n\n<p>\u00cen urm\u0103 cu pu\u0163in timp, ELCEN a dat asigur\u0103ri c\u0103 toate cele patru CET-uri func\u0163ioneaz\u0103 normal, f\u0103r\u0103 sincope. Potrivit companiei, agentul termic este \u00een parametrii comanda\u0163i de Termoenergetica, dup\u0103 cum urmeaz\u0103:<\/p>\n\n\n\n<p>\u25cf <a><\/a>CET Bucure\u0219ti Vest: 96 grade C<\/p>\n\n\n\n<p>\u25cf CET Groz\u0103ve\u0219ti: 96 grade C<\/p>\n\n\n\n<p>\u25cf CET Progresu: 95 grade C<\/p>\n\n\n\n<p>\u25cf CET Bucure\u0219ti Sud: 96 grade C<\/p>\n\n\n\n<blockquote class=\"wp-block-quote is-layout-flow wp-block-quote-is-layout-flow\">\n<p>ELCEN asigur\u0103 locuitorii Capitalei racorda\u021bi la sistemul centralizat de \u00eenc\u0103lzire c\u0103, \u00een ciuda st\u0103rii tehnice \u00eemb\u0103tr\u00e2nite a instala\u021biilor, depune toate eforturile necesare de furnizare a agentului termic, \u00een condi\u021bii optime, c\u0103tre Termoenergetica. Pentru o comunicare c\u00e2t mai transparent\u0103, subliniem c\u0103 ELCEN nu are rela\u021bii contractuale cu consumatorii casnici, ci cu Termoenergetica, \u00een sensul c\u0103 ELCEN produce \u0219i furnizeaz\u0103 agentul termic c\u0103tre Termoenergetica, iar Termoenergetica asigur\u0103 alimentarea cu ap\u0103 cald\u0103 \u0219i c\u0103ldur\u0103 a consumatorilor.<\/p>\n<cite><a href=\"https:\/\/www.elcen.ro\/\">ELCEN<\/a><\/cite><\/blockquote>\n\n\n\n<p><strong>CITE\u015eTE \u015eI:<\/strong> <a href=\"https:\/\/buletin.de\/bucuresti\/necazul-deszapezirii-din-sectorul-1-tuta-pune-tunurile-pe-romprest-dupa-ani-intregi-de-acuze-ca-firma-a-fost-protejata-pnl\/\">\u201eNecazul\u201d desz\u0103pezirii din Sectorul 1. Tu\u0163\u0103 pune tunurile pe Romprest, dup\u0103 ani \u00eentregi de acuze c\u0103 firma a fost \u201eprotejata\u201d PNL<\/a><br><\/p>\n\n\n\n<p><\/p>\n","protected":false},"excerpt":{"rendered":"<p>Nicu\u015for Dan a f\u0103cut o vizit\u0103 de lucru la compania municipal\u0103 Termoenergetica pentru a verifica dac\u0103 totul este pus la punct pentru urm\u0103toarele zile, care se anun\u0163\u0103 geroase. Personalul l-a asigurat c\u0103 totul este \u00een regul\u0103 \u015fi primarul a spus c\u0103 sper\u0103 c\u0103 nu se vor mai ivi avarii la cele patru CET-uri care alimenteaz\u0103 [&hellip;]<\/p>\n","protected":false},"author":8,"featured_media":119223,"comment_status":"closed","ping_status":"open","sticky":false,"template":"","format":"standard","meta":{"_acf_changed":false,"inline_featured_image":false,"ngg_post_thumbnail":0,"footnotes":""},"categories":[6994,9025,24,6214],"tags":[19295,19296,237,19294,223,533,423],"ppma_author":[22586],"class_list":["post-119222","post","type-post","status-publish","format-standard","has-post-thumbnail","hentry","category-stiri-2","category-politic","category-primarie","category-termo","tag-avarii-cet","tag-avarii-sistem-termoficare","tag-elcen","tag-ger-bucuresti-termoficare","tag-nicusor-dan","tag-termoenergetica","tag-termoficare-bucuresti"],"acf":[],"yoast_head":"<!-- This site is optimized with the Yoast SEO Premium plugin v25.3 (Yoast SEO v27.4) - https:\/\/yoast.com\/product\/yoast-seo-premium-wordpress\/ -->\n<title>Nicu\u015for Dan, vizit\u0103 de lucru la Termoenergetica, \u00een prag de zile geroase. \u201eSper\u0103m s\u0103 nu mai apar\u0103 avarii la centrale\u201d - Buletin de Bucure\u0219ti<\/title>\n<meta name=\"description\" content=\"Nicu\u015for Dan a f\u0103cut o vizit\u0103 de lucru la compania municipal\u0103 Termoenergetica pentru a verifica dac\u0103 totul este pus la punct\" \/>\n<meta name=\"robots\" content=\"index, follow, max-snippet:-1, max-image-preview:large, max-video-preview:-1\" \/>\n<link rel=\"canonical\" href=\"https:\/\/buletin.de\/bucuresti\/nicusor-dan-vizita-de-lucru-la-termoenergetica-in-prag-de-zile-geroase-speram-sa-nu-mai-apara-avarii-la-centrale\/\" \/>\n<meta property=\"og:locale\" content=\"en_GB\" \/>\n<meta property=\"og:type\" content=\"article\" \/>\n<meta property=\"og:title\" content=\"Nicu\u015for Dan, vizit\u0103 de lucru la Termoenergetica, \u00een prag de zile geroase. \u201eSper\u0103m s\u0103 nu mai apar\u0103 avarii la centrale\u201d\" \/>\n<meta property=\"og:description\" content=\"Nicu\u015for Dan a f\u0103cut o vizit\u0103 de lucru la compania municipal\u0103 Termoenergetica pentru a verifica dac\u0103 totul este pus la punct\" \/>\n<meta property=\"og:url\" content=\"https:\/\/buletin.de\/bucuresti\/nicusor-dan-vizita-de-lucru-la-termoenergetica-in-prag-de-zile-geroase-speram-sa-nu-mai-apara-avarii-la-centrale\/\" \/>\n<meta property=\"og:site_name\" content=\"Buletin de Bucure\u0219ti\" \/>\n<meta property=\"article:publisher\" content=\"https:\/\/www.facebook.com\/buletin.de.buc\" \/>\n<meta property=\"article:published_time\" content=\"2025-02-19T16:28:05+00:00\" \/>\n<meta property=\"article:modified_time\" content=\"2025-02-20T05:40:07+00:00\" \/>\n<meta property=\"og:image\" content=\"https:\/\/buletin.de\/bucuresti\/wp-content\/uploads\/monitor-termoenergetica.png\" \/>\n\t<meta property=\"og:image:width\" content=\"1533\" \/>\n\t<meta property=\"og:image:height\" content=\"633\" \/>\n\t<meta property=\"og:image:type\" content=\"image\/png\" \/>\n<meta name=\"author\" content=\"Ionu\u021b Lepa\" \/>\n<meta name=\"twitter:card\" content=\"summary_large_image\" \/>\n<meta name=\"twitter:label1\" content=\"Written by\" \/>\n\t<meta name=\"twitter:data1\" content=\"Ionu\u021b Lepa\" \/>\n\t<meta name=\"twitter:label2\" content=\"Estimated reading time\" \/>\n\t<meta name=\"twitter:data2\" content=\"3 minutes\" \/>\n<script type=\"application\/ld+json\" class=\"yoast-schema-graph\">{\"@context\":\"https:\\\/\\\/schema.org\",\"@graph\":[{\"@type\":\"Article\",\"@id\":\"https:\\\/\\\/buletin.de\\\/bucuresti\\\/nicusor-dan-vizita-de-lucru-la-termoenergetica-in-prag-de-zile-geroase-speram-sa-nu-mai-apara-avarii-la-centrale\\\/#article\",\"isPartOf\":{\"@id\":\"https:\\\/\\\/buletin.de\\\/bucuresti\\\/nicusor-dan-vizita-de-lucru-la-termoenergetica-in-prag-de-zile-geroase-speram-sa-nu-mai-apara-avarii-la-centrale\\\/\"},\"author\":{\"name\":\"Ionu\u021b Lepa\",\"@id\":\"https:\\\/\\\/buletin.de\\\/bucuresti\\\/#\\\/schema\\\/person\\\/5272b8a057b33890940b57b837fc4ce6\"},\"headline\":\"Nicu\u015for Dan, vizit\u0103 de lucru la Termoenergetica, \u00een prag de zile geroase. \u201eSper\u0103m s\u0103 nu mai apar\u0103 avarii la centrale\u201d\",\"datePublished\":\"2025-02-19T16:28:05+00:00\",\"dateModified\":\"2025-02-20T05:40:07+00:00\",\"mainEntityOfPage\":{\"@id\":\"https:\\\/\\\/buletin.de\\\/bucuresti\\\/nicusor-dan-vizita-de-lucru-la-termoenergetica-in-prag-de-zile-geroase-speram-sa-nu-mai-apara-avarii-la-centrale\\\/\"},\"wordCount\":549,\"publisher\":{\"@id\":\"https:\\\/\\\/buletin.de\\\/bucuresti\\\/#organization\"},\"image\":{\"@id\":\"https:\\\/\\\/buletin.de\\\/bucuresti\\\/nicusor-dan-vizita-de-lucru-la-termoenergetica-in-prag-de-zile-geroase-speram-sa-nu-mai-apara-avarii-la-centrale\\\/#primaryimage\"},\"thumbnailUrl\":\"https:\\\/\\\/buletin.de\\\/bucuresti\\\/wp-content\\\/uploads\\\/monitor-termoenergetica.png\",\"keywords\":[\"avarii cet\",\"avarii sistem termoficare\",\"elcen\",\"ger bucuresti termoficare\",\"nicusor dan\",\"termoenergetica\",\"termoficare bucuresti\"],\"articleSection\":[\"Articole\",\"Politic\",\"Prim\u0103rie\",\"Termoficare\"],\"inLanguage\":\"en-GB\",\"copyrightYear\":\"2025\",\"copyrightHolder\":{\"@id\":\"https:\\\/\\\/buletin.de\\\/bucuresti\\\/#organization\"}},{\"@type\":\"WebPage\",\"@id\":\"https:\\\/\\\/buletin.de\\\/bucuresti\\\/nicusor-dan-vizita-de-lucru-la-termoenergetica-in-prag-de-zile-geroase-speram-sa-nu-mai-apara-avarii-la-centrale\\\/\",\"url\":\"https:\\\/\\\/buletin.de\\\/bucuresti\\\/nicusor-dan-vizita-de-lucru-la-termoenergetica-in-prag-de-zile-geroase-speram-sa-nu-mai-apara-avarii-la-centrale\\\/\",\"name\":\"Nicu\u015for Dan, vizit\u0103 de lucru la Termoenergetica, \u00een prag de zile geroase. \u201eSper\u0103m s\u0103 nu mai apar\u0103 avarii la centrale\u201d - Buletin de Bucure\u0219ti\",\"isPartOf\":{\"@id\":\"https:\\\/\\\/buletin.de\\\/bucuresti\\\/#website\"},\"primaryImageOfPage\":{\"@id\":\"https:\\\/\\\/buletin.de\\\/bucuresti\\\/nicusor-dan-vizita-de-lucru-la-termoenergetica-in-prag-de-zile-geroase-speram-sa-nu-mai-apara-avarii-la-centrale\\\/#primaryimage\"},\"image\":{\"@id\":\"https:\\\/\\\/buletin.de\\\/bucuresti\\\/nicusor-dan-vizita-de-lucru-la-termoenergetica-in-prag-de-zile-geroase-speram-sa-nu-mai-apara-avarii-la-centrale\\\/#primaryimage\"},\"thumbnailUrl\":\"https:\\\/\\\/buletin.de\\\/bucuresti\\\/wp-content\\\/uploads\\\/monitor-termoenergetica.png\",\"datePublished\":\"2025-02-19T16:28:05+00:00\",\"dateModified\":\"2025-02-20T05:40:07+00:00\",\"description\":\"Nicu\u015for Dan a f\u0103cut o vizit\u0103 de lucru la compania municipal\u0103 Termoenergetica pentru a verifica dac\u0103 totul este pus la punct\",\"breadcrumb\":{\"@id\":\"https:\\\/\\\/buletin.de\\\/bucuresti\\\/nicusor-dan-vizita-de-lucru-la-termoenergetica-in-prag-de-zile-geroase-speram-sa-nu-mai-apara-avarii-la-centrale\\\/#breadcrumb\"},\"inLanguage\":\"en-GB\",\"potentialAction\":[{\"@type\":\"ReadAction\",\"target\":[\"https:\\\/\\\/buletin.de\\\/bucuresti\\\/nicusor-dan-vizita-de-lucru-la-termoenergetica-in-prag-de-zile-geroase-speram-sa-nu-mai-apara-avarii-la-centrale\\\/\"]}]},{\"@type\":\"ImageObject\",\"inLanguage\":\"en-GB\",\"@id\":\"https:\\\/\\\/buletin.de\\\/bucuresti\\\/nicusor-dan-vizita-de-lucru-la-termoenergetica-in-prag-de-zile-geroase-speram-sa-nu-mai-apara-avarii-la-centrale\\\/#primaryimage\",\"url\":\"https:\\\/\\\/buletin.de\\\/bucuresti\\\/wp-content\\\/uploads\\\/monitor-termoenergetica.png\",\"contentUrl\":\"https:\\\/\\\/buletin.de\\\/bucuresti\\\/wp-content\\\/uploads\\\/monitor-termoenergetica.png\",\"width\":1533,\"height\":633},{\"@type\":\"BreadcrumbList\",\"@id\":\"https:\\\/\\\/buletin.de\\\/bucuresti\\\/nicusor-dan-vizita-de-lucru-la-termoenergetica-in-prag-de-zile-geroase-speram-sa-nu-mai-apara-avarii-la-centrale\\\/#breadcrumb\",\"itemListElement\":[{\"@type\":\"ListItem\",\"position\":1,\"name\":\"Acas\u0103\",\"item\":\"https:\\\/\\\/buletin.de\\\/bucuresti\\\/\"},{\"@type\":\"ListItem\",\"position\":2,\"name\":\"Nicu\u015for Dan, vizit\u0103 de lucru la Termoenergetica, \u00een prag de zile geroase. \u201eSper\u0103m s\u0103 nu mai apar\u0103 avarii la centrale\u201d\"}]},{\"@type\":\"WebSite\",\"@id\":\"https:\\\/\\\/buletin.de\\\/bucuresti\\\/#website\",\"url\":\"https:\\\/\\\/buletin.de\\\/bucuresti\\\/\",\"name\":\"Buletin de Bucure\u0219ti\",\"description\":\"\u0218tiri \u0219i investiga\u021bii esen\u021biale din capital\u0103\",\"publisher\":{\"@id\":\"https:\\\/\\\/buletin.de\\\/bucuresti\\\/#organization\"},\"potentialAction\":[{\"@type\":\"SearchAction\",\"target\":{\"@type\":\"EntryPoint\",\"urlTemplate\":\"https:\\\/\\\/buletin.de\\\/bucuresti\\\/?s={search_term_string}\"},\"query-input\":{\"@type\":\"PropertyValueSpecification\",\"valueRequired\":true,\"valueName\":\"search_term_string\"}}],\"inLanguage\":\"en-GB\"},{\"@type\":\"Organization\",\"@id\":\"https:\\\/\\\/buletin.de\\\/bucuresti\\\/#organization\",\"name\":\"Buletin de Bucure\u0219ti\",\"url\":\"https:\\\/\\\/buletin.de\\\/bucuresti\\\/\",\"logo\":{\"@type\":\"ImageObject\",\"inLanguage\":\"en-GB\",\"@id\":\"https:\\\/\\\/buletin.de\\\/bucuresti\\\/#\\\/schema\\\/logo\\\/image\\\/\",\"url\":\"https:\\\/\\\/buletin.de\\\/bucuresti\\\/wp-content\\\/uploads\\\/logo-bdb-full-wide-vernil-transparent.png\",\"contentUrl\":\"https:\\\/\\\/buletin.de\\\/bucuresti\\\/wp-content\\\/uploads\\\/logo-bdb-full-wide-vernil-transparent.png\",\"width\":1782,\"height\":626,\"caption\":\"Buletin de Bucure\u0219ti\"},\"image\":{\"@id\":\"https:\\\/\\\/buletin.de\\\/bucuresti\\\/#\\\/schema\\\/logo\\\/image\\\/\"},\"sameAs\":[\"https:\\\/\\\/www.facebook.com\\\/buletin.de.buc\",\"https:\\\/\\\/www.instagram.com\\\/buletinde.bucuresti\\\/\"]},{\"@type\":\"Person\",\"@id\":\"https:\\\/\\\/buletin.de\\\/bucuresti\\\/#\\\/schema\\\/person\\\/5272b8a057b33890940b57b837fc4ce6\",\"name\":\"Ionu\u021b Lepa\",\"image\":{\"@type\":\"ImageObject\",\"inLanguage\":\"en-GB\",\"@id\":\"https:\\\/\\\/buletin.de\\\/bucuresti\\\/wp-content\\\/uploads\\\/Ionut-Lepa-96x96.jpg5c4e4d9e049808799a8821652d2410a4\",\"url\":\"https:\\\/\\\/buletin.de\\\/bucuresti\\\/wp-content\\\/uploads\\\/Ionut-Lepa-96x96.jpg\",\"contentUrl\":\"https:\\\/\\\/buletin.de\\\/bucuresti\\\/wp-content\\\/uploads\\\/Ionut-Lepa-96x96.jpg\",\"caption\":\"Ionu\u021b Lepa\"},\"url\":\"https:\\\/\\\/buletin.de\\\/bucuresti\\\/author\\\/ionutlepa\\\/\"}]}<\/script>\n<!-- \/ Yoast SEO Premium plugin. -->","yoast_head_json":{"title":"Nicu\u015for Dan, vizit\u0103 de lucru la Termoenergetica, \u00een prag de zile geroase. \u201eSper\u0103m s\u0103 nu mai apar\u0103 avarii la centrale\u201d - Buletin de Bucure\u0219ti","description":"Nicu\u015for Dan a f\u0103cut o vizit\u0103 de lucru la compania municipal\u0103 Termoenergetica pentru a verifica dac\u0103 totul este pus la punct","robots":{"index":"index","follow":"follow","max-snippet":"max-snippet:-1","max-image-preview":"max-image-preview:large","max-video-preview":"max-video-preview:-1"},"canonical":"https:\/\/buletin.de\/bucuresti\/nicusor-dan-vizita-de-lucru-la-termoenergetica-in-prag-de-zile-geroase-speram-sa-nu-mai-apara-avarii-la-centrale\/","og_locale":"en_GB","og_type":"article","og_title":"Nicu\u015for Dan, vizit\u0103 de lucru la Termoenergetica, \u00een prag de zile geroase. \u201eSper\u0103m s\u0103 nu mai apar\u0103 avarii la centrale\u201d","og_description":"Nicu\u015for Dan a f\u0103cut o vizit\u0103 de lucru la compania municipal\u0103 Termoenergetica pentru a verifica dac\u0103 totul este pus la punct","og_url":"https:\/\/buletin.de\/bucuresti\/nicusor-dan-vizita-de-lucru-la-termoenergetica-in-prag-de-zile-geroase-speram-sa-nu-mai-apara-avarii-la-centrale\/","og_site_name":"Buletin de Bucure\u0219ti","article_publisher":"https:\/\/www.facebook.com\/buletin.de.buc","article_published_time":"2025-02-19T16:28:05+00:00","article_modified_time":"2025-02-20T05:40:07+00:00","og_image":[{"width":1533,"height":633,"url":"https:\/\/buletin.de\/bucuresti\/wp-content\/uploads\/monitor-termoenergetica.png","type":"image\/png"}],"author":"Ionu\u021b Lepa","twitter_card":"summary_large_image","twitter_misc":{"Written by":"Ionu\u021b Lepa","Estimated reading time":"3 minutes"},"schema":{"@context":"https:\/\/schema.org","@graph":[{"@type":"Article","@id":"https:\/\/buletin.de\/bucuresti\/nicusor-dan-vizita-de-lucru-la-termoenergetica-in-prag-de-zile-geroase-speram-sa-nu-mai-apara-avarii-la-centrale\/#article","isPartOf":{"@id":"https:\/\/buletin.de\/bucuresti\/nicusor-dan-vizita-de-lucru-la-termoenergetica-in-prag-de-zile-geroase-speram-sa-nu-mai-apara-avarii-la-centrale\/"},"author":{"name":"Ionu\u021b Lepa","@id":"https:\/\/buletin.de\/bucuresti\/#\/schema\/person\/5272b8a057b33890940b57b837fc4ce6"},"headline":"Nicu\u015for Dan, vizit\u0103 de lucru la Termoenergetica, \u00een prag de zile geroase. \u201eSper\u0103m s\u0103 nu mai apar\u0103 avarii la centrale\u201d","datePublished":"2025-02-19T16:28:05+00:00","dateModified":"2025-02-20T05:40:07+00:00","mainEntityOfPage":{"@id":"https:\/\/buletin.de\/bucuresti\/nicusor-dan-vizita-de-lucru-la-termoenergetica-in-prag-de-zile-geroase-speram-sa-nu-mai-apara-avarii-la-centrale\/"},"wordCount":549,"publisher":{"@id":"https:\/\/buletin.de\/bucuresti\/#organization"},"image":{"@id":"https:\/\/buletin.de\/bucuresti\/nicusor-dan-vizita-de-lucru-la-termoenergetica-in-prag-de-zile-geroase-speram-sa-nu-mai-apara-avarii-la-centrale\/#primaryimage"},"thumbnailUrl":"https:\/\/buletin.de\/bucuresti\/wp-content\/uploads\/monitor-termoenergetica.png","keywords":["avarii cet","avarii sistem termoficare","elcen","ger bucuresti termoficare","nicusor dan","termoenergetica","termoficare bucuresti"],"articleSection":["Articole","Politic","Prim\u0103rie","Termoficare"],"inLanguage":"en-GB","copyrightYear":"2025","copyrightHolder":{"@id":"https:\/\/buletin.de\/bucuresti\/#organization"}},{"@type":"WebPage","@id":"https:\/\/buletin.de\/bucuresti\/nicusor-dan-vizita-de-lucru-la-termoenergetica-in-prag-de-zile-geroase-speram-sa-nu-mai-apara-avarii-la-centrale\/","url":"https:\/\/buletin.de\/bucuresti\/nicusor-dan-vizita-de-lucru-la-termoenergetica-in-prag-de-zile-geroase-speram-sa-nu-mai-apara-avarii-la-centrale\/","name":"Nicu\u015for Dan, vizit\u0103 de lucru la Termoenergetica, \u00een prag de zile geroase. \u201eSper\u0103m s\u0103 nu mai apar\u0103 avarii la centrale\u201d - Buletin de Bucure\u0219ti","isPartOf":{"@id":"https:\/\/buletin.de\/bucuresti\/#website"},"primaryImageOfPage":{"@id":"https:\/\/buletin.de\/bucuresti\/nicusor-dan-vizita-de-lucru-la-termoenergetica-in-prag-de-zile-geroase-speram-sa-nu-mai-apara-avarii-la-centrale\/#primaryimage"},"image":{"@id":"https:\/\/buletin.de\/bucuresti\/nicusor-dan-vizita-de-lucru-la-termoenergetica-in-prag-de-zile-geroase-speram-sa-nu-mai-apara-avarii-la-centrale\/#primaryimage"},"thumbnailUrl":"https:\/\/buletin.de\/bucuresti\/wp-content\/uploads\/monitor-termoenergetica.png","datePublished":"2025-02-19T16:28:05+00:00","dateModified":"2025-02-20T05:40:07+00:00","description":"Nicu\u015for Dan a f\u0103cut o vizit\u0103 de lucru la compania municipal\u0103 Termoenergetica pentru a verifica dac\u0103 totul este pus la punct","breadcrumb":{"@id":"https:\/\/buletin.de\/bucuresti\/nicusor-dan-vizita-de-lucru-la-termoenergetica-in-prag-de-zile-geroase-speram-sa-nu-mai-apara-avarii-la-centrale\/#breadcrumb"},"inLanguage":"en-GB","potentialAction":[{"@type":"ReadAction","target":["https:\/\/buletin.de\/bucuresti\/nicusor-dan-vizita-de-lucru-la-termoenergetica-in-prag-de-zile-geroase-speram-sa-nu-mai-apara-avarii-la-centrale\/"]}]},{"@type":"ImageObject","inLanguage":"en-GB","@id":"https:\/\/buletin.de\/bucuresti\/nicusor-dan-vizita-de-lucru-la-termoenergetica-in-prag-de-zile-geroase-speram-sa-nu-mai-apara-avarii-la-centrale\/#primaryimage","url":"https:\/\/buletin.de\/bucuresti\/wp-content\/uploads\/monitor-termoenergetica.png","contentUrl":"https:\/\/buletin.de\/bucuresti\/wp-content\/uploads\/monitor-termoenergetica.png","width":1533,"height":633},{"@type":"BreadcrumbList","@id":"https:\/\/buletin.de\/bucuresti\/nicusor-dan-vizita-de-lucru-la-termoenergetica-in-prag-de-zile-geroase-speram-sa-nu-mai-apara-avarii-la-centrale\/#breadcrumb","itemListElement":[{"@type":"ListItem","position":1,"name":"Acas\u0103","item":"https:\/\/buletin.de\/bucuresti\/"},{"@type":"ListItem","position":2,"name":"Nicu\u015for Dan, vizit\u0103 de lucru la Termoenergetica, \u00een prag de zile geroase. \u201eSper\u0103m s\u0103 nu mai apar\u0103 avarii la centrale\u201d"}]},{"@type":"WebSite","@id":"https:\/\/buletin.de\/bucuresti\/#website","url":"https:\/\/buletin.de\/bucuresti\/","name":"Buletin de Bucure\u0219ti","description":"\u0218tiri \u0219i investiga\u021bii esen\u021biale din capital\u0103","publisher":{"@id":"https:\/\/buletin.de\/bucuresti\/#organization"},"potentialAction":[{"@type":"SearchAction","target":{"@type":"EntryPoint","urlTemplate":"https:\/\/buletin.de\/bucuresti\/?s={search_term_string}"},"query-input":{"@type":"PropertyValueSpecification","valueRequired":true,"valueName":"search_term_string"}}],"inLanguage":"en-GB"},{"@type":"Organization","@id":"https:\/\/buletin.de\/bucuresti\/#organization","name":"Buletin de Bucure\u0219ti","url":"https:\/\/buletin.de\/bucuresti\/","logo":{"@type":"ImageObject","inLanguage":"en-GB","@id":"https:\/\/buletin.de\/bucuresti\/#\/schema\/logo\/image\/","url":"https:\/\/buletin.de\/bucuresti\/wp-content\/uploads\/logo-bdb-full-wide-vernil-transparent.png","contentUrl":"https:\/\/buletin.de\/bucuresti\/wp-content\/uploads\/logo-bdb-full-wide-vernil-transparent.png","width":1782,"height":626,"caption":"Buletin de Bucure\u0219ti"},"image":{"@id":"https:\/\/buletin.de\/bucuresti\/#\/schema\/logo\/image\/"},"sameAs":["https:\/\/www.facebook.com\/buletin.de.buc","https:\/\/www.instagram.com\/buletinde.bucuresti\/"]},{"@type":"Person","@id":"https:\/\/buletin.de\/bucuresti\/#\/schema\/person\/5272b8a057b33890940b57b837fc4ce6","name":"Ionu\u021b Lepa","image":{"@type":"ImageObject","inLanguage":"en-GB","@id":"https:\/\/buletin.de\/bucuresti\/wp-content\/uploads\/Ionut-Lepa-96x96.jpg5c4e4d9e049808799a8821652d2410a4","url":"https:\/\/buletin.de\/bucuresti\/wp-content\/uploads\/Ionut-Lepa-96x96.jpg","contentUrl":"https:\/\/buletin.de\/bucuresti\/wp-content\/uploads\/Ionut-Lepa-96x96.jpg","caption":"Ionu\u021b Lepa"},"url":"https:\/\/buletin.de\/bucuresti\/author\/ionutlepa\/"}]}},"authors":[{"term_id":22586,"user_id":8,"is_guest":0,"slug":"ionutlepa","display_name":"Ionu\u021b Lepa","avatar_url":"https:\/\/buletin.de\/bucuresti\/wp-content\/uploads\/Ionut-Lepa-96x96.jpg","0":null,"1":"","2":"","3":"","4":"","5":"","6":"","7":"","8":""}],"_links":{"self":[{"href":"https:\/\/buletin.de\/bucuresti\/wp-json\/wp\/v2\/posts\/119222","targetHints":{"allow":["GET"]}}],"collection":[{"href":"https:\/\/buletin.de\/bucuresti\/wp-json\/wp\/v2\/posts"}],"about":[{"href":"https:\/\/buletin.de\/bucuresti\/wp-json\/wp\/v2\/types\/post"}],"author":[{"embeddable":true,"href":"https:\/\/buletin.de\/bucuresti\/wp-json\/wp\/v2\/users\/8"}],"replies":[{"embeddable":true,"href":"https:\/\/buletin.de\/bucuresti\/wp-json\/wp\/v2\/comments?post=119222"}],"version-history":[{"count":2,"href":"https:\/\/buletin.de\/bucuresti\/wp-json\/wp\/v2\/posts\/119222\/revisions"}],"predecessor-version":[{"id":119234,"href":"https:\/\/buletin.de\/bucuresti\/wp-json\/wp\/v2\/posts\/119222\/revisions\/119234"}],"wp:featuredmedia":[{"embeddable":true,"href":"https:\/\/buletin.de\/bucuresti\/wp-json\/wp\/v2\/media\/119223"}],"wp:attachment":[{"href":"https:\/\/buletin.de\/bucuresti\/wp-json\/wp\/v2\/media?parent=119222"}],"wp:term":[{"taxonomy":"category","embeddable":true,"href":"https:\/\/buletin.de\/bucuresti\/wp-json\/wp\/v2\/categories?post=119222"},{"taxonomy":"post_tag","embeddable":true,"href":"https:\/\/buletin.de\/bucuresti\/wp-json\/wp\/v2\/tags?post=119222"},{"taxonomy":"author","embeddable":true,"href":"https:\/\/buletin.de\/bucuresti\/wp-json\/wp\/v2\/ppma_author?post=119222"}],"curies":[{"name":"wp","href":"https:\/\/api.w.org\/{rel}","templated":true}]}}